{"id":509957,"date":"2020-05-04T17:16:00","date_gmt":"2020-05-04T20:16:00","guid":{"rendered":"https:\/\/www.estrategiaconcursos.com.br\/blog\/?p=509957"},"modified":"2020-11-19T18:35:42","modified_gmt":"2020-11-19T21:35:42","slug":"concurso-delegado-pr-edital-retificado","status":"publish","type":"post","link":"https:\/\/www.estrategiaconcursos.com.br\/blog\/concurso-delegado-pr-edital-retificado\/","title":{"rendered":"Concurso Delegado PR: edital retificado! tire d\u00favidas e eleve sua prepara\u00e7\u00e3o"},"content":{"rendered":"\n<p>Fala guerreiros, tudo bem?<\/p>\n\n\n\n<p>Como voc\u00eas sabem o edital do concurso Delegado PR foi publicado com oferta de 50 vagas para a carreira. Mas hoje foram publicadas algumas retifica\u00e7\u00f5es que alteraram alguns pontos no edital.<\/p>\n\n\n\n<p>Como de costume vamos abordar detalhadamente todas as retifica\u00e7\u00f5es numa aula ao vivo e gratuita, nesta segunda-feira, 04 de maio, \u00e0s 18:30, atrav\u00e9s do canal do Estrat\u00e9gia Concursos no Youtube.<\/p>\n\n\n\n<p>Voc\u00ea n\u00e3o pode perder a aula, pois vamos mostrar todas as retifica\u00e7\u00f5es e como elas modificaram o edital e consequentemente os estudos dos concurseiros. <\/p>\n\n\n\n<p class=\"has-text-align-center has-luminous-vivid-amber-background-color has-background has-medium-font-size\"><a href=\"https:\/\/www.youtube.com\/channel\/UClbMGuYbj2Mh1m3w144ETWQ\/videos?view=2&amp;flow=grid\" target=\"_blank\" rel=\"noreferrer noopener\"><strong>Clique aqui para assistir<\/strong><\/a><\/p>\n\n\n\n<p class=\"has-text-align-center has-very-light-gray-background-color has-background has-medium-font-size\"><strong>Mais informa\u00e7\u00f5es: <a href=\"https:\/\/www.estrategiaconcursos.com.br\/blog\/edital-delegado-pr\/\" target=\"_blank\" rel=\"noreferrer noopener\">concurso Delegado PR<\/a><\/strong><\/p>\n\n\n\n<h2 class=\"has-text-align-center wp-block-heading\" id=\"cursos\">Quer se preparar para o concurso Delegado PR?<\/h2>\n\n\n\n<p class=\"has-text-align-center has-luminous-vivid-amber-background-color has-background has-medium-font-size\"><a href=\"https:\/\/www.estrategiaconcursos.com.br\/cursosPorConcurso\/pc-pr-policia-civil-do-parana-delegado\/\" target=\"_blank\" rel=\"noreferrer noopener\">CURSO DELEGADO PR<\/a><\/p>\n\n\n\n<p class=\"has-text-align-center\"><strong><em>Fique por dentro dos concursos vigentes:<\/em><\/strong><\/p>\n\n\n\n<p class=\"has-text-align-center has-pale-cyan-blue-background-color has-background has-medium-font-size\"><strong><a href=\"https:\/\/www.estrategiaconcursos.com.br\/blog\/concursos-abertos\/\" target=\"_blank\" rel=\"noreferrer noopener\">CONCURSOS ABERTOS<\/a><\/strong><\/p>\n\n\n\n<p class=\"has-text-align-center has-pale-cyan-blue-background-color has-background has-medium-font-size\"><strong><a href=\"https:\/\/www.estrategiaconcursos.com.br\/blog\/concursos-2020\/\" target=\"_blank\" rel=\"noreferrer noopener\">CONCURSOS&nbsp;2020<\/a><\/strong><\/p>\n\n\n\n<p class=\"has-text-align-center has-pale-cyan-blue-background-color has-background has-medium-font-size\"><strong><a href=\"https:\/\/www.estrategiaconcursos.com.br\/blog\/concursos-de-direito\/\" target=\"_blank\" rel=\"noreferrer noopener\">CONCURSOS&nbsp;DE DIREITO<\/a><\/strong><\/p>\n","protected":false},"excerpt":{"rendered":"<p>Fala guerreiros, tudo bem? Como voc\u00eas sabem o edital do concurso Delegado PR foi publicado com oferta de 50 vagas para a carreira. Mas hoje foram publicadas algumas retifica\u00e7\u00f5es que alteraram alguns pontos no edital. Como de costume vamos abordar detalhadamente todas as retifica\u00e7\u00f5es numa aula ao vivo e gratuita, nesta segunda-feira, 04 de maio, [&hellip;]<\/p>\n","protected":false},"author":1482,"featured_media":154422,"comment_status":"open","ping_status":"closed","sticky":false,"template":"","format":"standard","meta":{"post_tipo":"article","footnotes":""},"categories":[1],"tags":[],"tax_estado":[],"class_list":["post-509957","post","type-post","status-publish","format-standard","has-post-thumbnail","hentry","category-cursos-e-concursos"],"acf":[],"yoast_head":"<!-- This site is optimized with the Yoast SEO Premium plugin v27.2 (Yoast SEO v27.2) - https:\/\/yoast.com\/product\/yoast-seo-premium-wordpress\/ -->\n<title>Concurso Delegado PR: edital retificado! tire d\u00favidas e eleve sua prepara\u00e7\u00e3o<\/title>\n<meta name=\"robots\" content=\"index, follow, max-snippet:-1, max-image-preview:large, max-video-preview:-1\" \/>\n<link rel=\"canonical\" href=\"https:\/\/www.estrategiaconcursos.com.br\/blog\/concurso-delegado-pr-edital-retificado\/\" \/>\n<meta property=\"og:locale\" content=\"pt_BR\" \/>\n<meta property=\"og:type\" content=\"article\" \/>\n<meta property=\"og:title\" content=\"Concurso Delegado PR: edital retificado! tire d\u00favidas e eleve sua prepara\u00e7\u00e3o\" \/>\n<meta property=\"og:description\" content=\"Fala guerreiros, tudo bem? Como voc\u00eas sabem o edital do concurso Delegado PR foi publicado com oferta de 50 vagas para a carreira. Mas hoje foram publicadas algumas retifica\u00e7\u00f5es que alteraram alguns pontos no edital. Como de costume vamos abordar detalhadamente todas as retifica\u00e7\u00f5es numa aula ao vivo e gratuita, nesta segunda-feira, 04 de maio, [&hellip;]\" \/>\n<meta property=\"og:url\" content=\"https:\/\/www.estrategiaconcursos.com.br\/blog\/concurso-delegado-pr-edital-retificado\/\" \/>\n<meta property=\"og:site_name\" content=\"Estrat\u00e9gia Concursos\" \/>\n<meta property=\"article:published_time\" content=\"2020-05-04T20:16:00+00:00\" \/>\n<meta property=\"article:modified_time\" content=\"2020-11-19T21:35:42+00:00\" \/>\n<meta property=\"og:image\" content=\"https:\/\/dhg1h5j42swfq.cloudfront.net\/2018\/12\/05081501\/concurso-delegado-pr1-e1544008520801.jpg\" \/>\n\t<meta property=\"og:image:width\" content=\"400\" \/>\n\t<meta property=\"og:image:height\" content=\"209\" \/>\n\t<meta property=\"og:image:type\" content=\"image\/jpeg\" \/>\n<meta name=\"author\" content=\"Diego Cerqueira\" \/>\n<meta name=\"twitter:card\" content=\"summary_large_image\" \/>\n<meta name=\"twitter:creator\" content=\"@EstratConcursos\" \/>\n<meta name=\"twitter:site\" content=\"@EstratConcursos\" \/>\n<meta name=\"twitter:label1\" content=\"Escrito por\" \/>\n\t<meta name=\"twitter:data1\" content=\"Diego Cerqueira\" \/>\n\t<meta name=\"twitter:label2\" content=\"Est. tempo de leitura\" \/>\n\t<meta name=\"twitter:data2\" content=\"1 minuto\" \/>\n<script type=\"application\/ld+json\" class=\"yoast-schema-graph\">{\"@context\":\"https:\/\/schema.org\",\"@graph\":[{\"@type\":\"NewsArticle\",\"@id\":\"https:\/\/www.estrategiaconcursos.com.br\/blog\/concurso-delegado-pr-edital-retificado\/#article\",\"isPartOf\":{\"@id\":\"https:\/\/www.estrategiaconcursos.com.br\/blog\/concurso-delegado-pr-edital-retificado\/\"},\"author\":{\"name\":\"Diego Cerqueira\",\"@id\":\"https:\/\/www.estrategiaconcursos.com.br\/blog\/#\/schema\/person\/dd9f6d98671a3ac63bf25b40baf6f2e2\"},\"headline\":\"Concurso Delegado PR: edital retificado! tire d\u00favidas e eleve sua prepara\u00e7\u00e3o\",\"datePublished\":\"2020-05-04T20:16:00+00:00\",\"dateModified\":\"2020-11-19T21:35:42+00:00\",\"mainEntityOfPage\":{\"@id\":\"https:\/\/www.estrategiaconcursos.com.br\/blog\/concurso-delegado-pr-edital-retificado\/\"},\"wordCount\":141,\"commentCount\":0,\"publisher\":{\"@id\":\"https:\/\/www.estrategiaconcursos.com.br\/blog\/#organization\"},\"image\":{\"@id\":\"https:\/\/www.estrategiaconcursos.com.br\/blog\/concurso-delegado-pr-edital-retificado\/#primaryimage\"},\"thumbnailUrl\":\"https:\/\/dhg1h5j42swfq.cloudfront.net\/2018\/12\/05081501\/concurso-delegado-pr1-e1544008520801.jpg\",\"articleSection\":[\"Concursos P\u00fablicos\"],\"inLanguage\":\"pt-BR\",\"potentialAction\":[{\"@type\":\"CommentAction\",\"name\":\"Comment\",\"target\":[\"https:\/\/www.estrategiaconcursos.com.br\/blog\/concurso-delegado-pr-edital-retificado\/#respond\"]}],\"copyrightYear\":\"2020\",\"copyrightHolder\":{\"@id\":\"https:\/\/www.estrategiaconcursos.com.br\/blog\/#organization\"}},{\"@type\":\"WebPage\",\"@id\":\"https:\/\/www.estrategiaconcursos.com.br\/blog\/concurso-delegado-pr-edital-retificado\/\",\"url\":\"https:\/\/www.estrategiaconcursos.com.br\/blog\/concurso-delegado-pr-edital-retificado\/\",\"name\":\"Concurso Delegado PR: edital retificado! tire d\u00favidas e eleve sua prepara\u00e7\u00e3o\",\"isPartOf\":{\"@id\":\"https:\/\/www.estrategiaconcursos.com.br\/blog\/#website\"},\"primaryImageOfPage\":{\"@id\":\"https:\/\/www.estrategiaconcursos.com.br\/blog\/concurso-delegado-pr-edital-retificado\/#primaryimage\"},\"image\":{\"@id\":\"https:\/\/www.estrategiaconcursos.com.br\/blog\/concurso-delegado-pr-edital-retificado\/#primaryimage\"},\"thumbnailUrl\":\"https:\/\/dhg1h5j42swfq.cloudfront.net\/2018\/12\/05081501\/concurso-delegado-pr1-e1544008520801.jpg\",\"datePublished\":\"2020-05-04T20:16:00+00:00\",\"dateModified\":\"2020-11-19T21:35:42+00:00\",\"breadcrumb\":{\"@id\":\"https:\/\/www.estrategiaconcursos.com.br\/blog\/concurso-delegado-pr-edital-retificado\/#breadcrumb\"},\"inLanguage\":\"pt-BR\",\"potentialAction\":[{\"@type\":\"ReadAction\",\"target\":[\"https:\/\/www.estrategiaconcursos.com.br\/blog\/concurso-delegado-pr-edital-retificado\/\"]}]},{\"@type\":\"ImageObject\",\"inLanguage\":\"pt-BR\",\"@id\":\"https:\/\/www.estrategiaconcursos.com.br\/blog\/concurso-delegado-pr-edital-retificado\/#primaryimage\",\"url\":\"https:\/\/dhg1h5j42swfq.cloudfront.net\/2018\/12\/05081501\/concurso-delegado-pr1-e1544008520801.jpg\",\"contentUrl\":\"https:\/\/dhg1h5j42swfq.cloudfront.net\/2018\/12\/05081501\/concurso-delegado-pr1-e1544008520801.jpg\",\"width\":400,\"height\":209,\"caption\":\"concurso delegado pr autorizado\"},{\"@type\":\"BreadcrumbList\",\"@id\":\"https:\/\/www.estrategiaconcursos.com.br\/blog\/concurso-delegado-pr-edital-retificado\/#breadcrumb\",\"itemListElement\":[{\"@type\":\"ListItem\",\"position\":1,\"name\":\"In\u00edcio\",\"item\":\"https:\/\/www.estrategiaconcursos.com.br\/blog\/\"},{\"@type\":\"ListItem\",\"position\":2,\"name\":\"Concurso Delegado PR: edital retificado! tire d\u00favidas e eleve sua prepara\u00e7\u00e3o\"}]},{\"@type\":\"WebSite\",\"@id\":\"https:\/\/www.estrategiaconcursos.com.br\/blog\/#website\",\"url\":\"https:\/\/www.estrategiaconcursos.com.br\/blog\/\",\"name\":\"Estrat\u00e9gia Concursos\",\"description\":\"O blog da Estrat\u00e9gia Concursos traz not\u00edcias sobre concursos e artigos de professores oferecendo cursos para concursos (pdf + videaulas) no site.\",\"publisher\":{\"@id\":\"https:\/\/www.estrategiaconcursos.com.br\/blog\/#organization\"},\"potentialAction\":[{\"@type\":\"SearchAction\",\"target\":{\"@type\":\"EntryPoint\",\"urlTemplate\":\"https:\/\/www.estrategiaconcursos.com.br\/blog\/?s={search_term_string}\"},\"query-input\":{\"@type\":\"PropertyValueSpecification\",\"valueRequired\":true,\"valueName\":\"search_term_string\"}}],\"inLanguage\":\"pt-BR\"},{\"@type\":\"Organization\",\"@id\":\"https:\/\/www.estrategiaconcursos.com.br\/blog\/#organization\",\"name\":\"Estrat\u00e9gia Concursos\",\"url\":\"https:\/\/www.estrategiaconcursos.com.br\/blog\/\",\"logo\":{\"@type\":\"ImageObject\",\"inLanguage\":\"pt-BR\",\"@id\":\"https:\/\/www.estrategiaconcursos.com.br\/blog\/#\/schema\/logo\/image\/\",\"url\":\"https:\/\/dhg1h5j42swfq.cloudfront.net\/2025\/06\/03203428\/logo_concursos-1.jpg\",\"contentUrl\":\"https:\/\/dhg1h5j42swfq.cloudfront.net\/2025\/06\/03203428\/logo_concursos-1.jpg\",\"width\":230,\"height\":60,\"caption\":\"Estrat\u00e9gia Concursos\"},\"image\":{\"@id\":\"https:\/\/www.estrategiaconcursos.com.br\/blog\/#\/schema\/logo\/image\/\"},\"sameAs\":[\"https:\/\/x.com\/EstratConcursos\"]},{\"@type\":\"Person\",\"@id\":\"https:\/\/www.estrategiaconcursos.com.br\/blog\/#\/schema\/person\/dd9f6d98671a3ac63bf25b40baf6f2e2\",\"name\":\"Diego Cerqueira\",\"image\":{\"@type\":\"ImageObject\",\"inLanguage\":\"pt-BR\",\"@id\":\"https:\/\/secure.gravatar.com\/avatar\/93f5bbe4c5469a613830caa67379a40ab60d82fa495e4fbb9e4039bce737c0cc?s=96&d=mm&r=g\",\"url\":\"https:\/\/secure.gravatar.com\/avatar\/93f5bbe4c5469a613830caa67379a40ab60d82fa495e4fbb9e4039bce737c0cc?s=96&d=mm&r=g\",\"contentUrl\":\"https:\/\/secure.gravatar.com\/avatar\/93f5bbe4c5469a613830caa67379a40ab60d82fa495e4fbb9e4039bce737c0cc?s=96&d=mm&r=g\",\"caption\":\"Diego Cerqueira\"},\"url\":\"https:\/\/www.estrategiaconcursos.com.br\/blog\/author\/diegocerqueiraestrategiaconcursos-com-br-2\/\"}]}<\/script>\n<!-- \/ Yoast SEO Premium plugin. -->","yoast_head_json":{"title":"Concurso Delegado PR: edital retificado! tire d\u00favidas e eleve sua prepara\u00e7\u00e3o","robots":{"index":"index","follow":"follow","max-snippet":"max-snippet:-1","max-image-preview":"max-image-preview:large","max-video-preview":"max-video-preview:-1"},"canonical":"https:\/\/www.estrategiaconcursos.com.br\/blog\/concurso-delegado-pr-edital-retificado\/","og_locale":"pt_BR","og_type":"article","og_title":"Concurso Delegado PR: edital retificado! tire d\u00favidas e eleve sua prepara\u00e7\u00e3o","og_description":"Fala guerreiros, tudo bem? Como voc\u00eas sabem o edital do concurso Delegado PR foi publicado com oferta de 50 vagas para a carreira. Mas hoje foram publicadas algumas retifica\u00e7\u00f5es que alteraram alguns pontos no edital. Como de costume vamos abordar detalhadamente todas as retifica\u00e7\u00f5es numa aula ao vivo e gratuita, nesta segunda-feira, 04 de maio, [&hellip;]","og_url":"https:\/\/www.estrategiaconcursos.com.br\/blog\/concurso-delegado-pr-edital-retificado\/","og_site_name":"Estrat\u00e9gia Concursos","article_published_time":"2020-05-04T20:16:00+00:00","article_modified_time":"2020-11-19T21:35:42+00:00","og_image":[{"width":400,"height":209,"url":"https:\/\/dhg1h5j42swfq.cloudfront.net\/2018\/12\/05081501\/concurso-delegado-pr1-e1544008520801.jpg","type":"image\/jpeg"}],"author":"Diego Cerqueira","twitter_card":"summary_large_image","twitter_creator":"@EstratConcursos","twitter_site":"@EstratConcursos","twitter_misc":{"Escrito por":"Diego Cerqueira","Est. tempo de leitura":"1 minuto"},"schema":{"@context":"https:\/\/schema.org","@graph":[{"@type":"NewsArticle","@id":"https:\/\/www.estrategiaconcursos.com.br\/blog\/concurso-delegado-pr-edital-retificado\/#article","isPartOf":{"@id":"https:\/\/www.estrategiaconcursos.com.br\/blog\/concurso-delegado-pr-edital-retificado\/"},"author":{"name":"Diego Cerqueira","@id":"https:\/\/www.estrategiaconcursos.com.br\/blog\/#\/schema\/person\/dd9f6d98671a3ac63bf25b40baf6f2e2"},"headline":"Concurso Delegado PR: edital retificado! tire d\u00favidas e eleve sua prepara\u00e7\u00e3o","datePublished":"2020-05-04T20:16:00+00:00","dateModified":"2020-11-19T21:35:42+00:00","mainEntityOfPage":{"@id":"https:\/\/www.estrategiaconcursos.com.br\/blog\/concurso-delegado-pr-edital-retificado\/"},"wordCount":141,"commentCount":0,"publisher":{"@id":"https:\/\/www.estrategiaconcursos.com.br\/blog\/#organization"},"image":{"@id":"https:\/\/www.estrategiaconcursos.com.br\/blog\/concurso-delegado-pr-edital-retificado\/#primaryimage"},"thumbnailUrl":"https:\/\/dhg1h5j42swfq.cloudfront.net\/2018\/12\/05081501\/concurso-delegado-pr1-e1544008520801.jpg","articleSection":["Concursos P\u00fablicos"],"inLanguage":"pt-BR","potentialAction":[{"@type":"CommentAction","name":"Comment","target":["https:\/\/www.estrategiaconcursos.com.br\/blog\/concurso-delegado-pr-edital-retificado\/#respond"]}],"copyrightYear":"2020","copyrightHolder":{"@id":"https:\/\/www.estrategiaconcursos.com.br\/blog\/#organization"}},{"@type":"WebPage","@id":"https:\/\/www.estrategiaconcursos.com.br\/blog\/concurso-delegado-pr-edital-retificado\/","url":"https:\/\/www.estrategiaconcursos.com.br\/blog\/concurso-delegado-pr-edital-retificado\/","name":"Concurso Delegado PR: edital retificado! tire d\u00favidas e eleve sua prepara\u00e7\u00e3o","isPartOf":{"@id":"https:\/\/www.estrategiaconcursos.com.br\/blog\/#website"},"primaryImageOfPage":{"@id":"https:\/\/www.estrategiaconcursos.com.br\/blog\/concurso-delegado-pr-edital-retificado\/#primaryimage"},"image":{"@id":"https:\/\/www.estrategiaconcursos.com.br\/blog\/concurso-delegado-pr-edital-retificado\/#primaryimage"},"thumbnailUrl":"https:\/\/dhg1h5j42swfq.cloudfront.net\/2018\/12\/05081501\/concurso-delegado-pr1-e1544008520801.jpg","datePublished":"2020-05-04T20:16:00+00:00","dateModified":"2020-11-19T21:35:42+00:00","breadcrumb":{"@id":"https:\/\/www.estrategiaconcursos.com.br\/blog\/concurso-delegado-pr-edital-retificado\/#breadcrumb"},"inLanguage":"pt-BR","potentialAction":[{"@type":"ReadAction","target":["https:\/\/www.estrategiaconcursos.com.br\/blog\/concurso-delegado-pr-edital-retificado\/"]}]},{"@type":"ImageObject","inLanguage":"pt-BR","@id":"https:\/\/www.estrategiaconcursos.com.br\/blog\/concurso-delegado-pr-edital-retificado\/#primaryimage","url":"https:\/\/dhg1h5j42swfq.cloudfront.net\/2018\/12\/05081501\/concurso-delegado-pr1-e1544008520801.jpg","contentUrl":"https:\/\/dhg1h5j42swfq.cloudfront.net\/2018\/12\/05081501\/concurso-delegado-pr1-e1544008520801.jpg","width":400,"height":209,"caption":"concurso delegado pr autorizado"},{"@type":"BreadcrumbList","@id":"https:\/\/www.estrategiaconcursos.com.br\/blog\/concurso-delegado-pr-edital-retificado\/#breadcrumb","itemListElement":[{"@type":"ListItem","position":1,"name":"In\u00edcio","item":"https:\/\/www.estrategiaconcursos.com.br\/blog\/"},{"@type":"ListItem","position":2,"name":"Concurso Delegado PR: edital retificado! tire d\u00favidas e eleve sua prepara\u00e7\u00e3o"}]},{"@type":"WebSite","@id":"https:\/\/www.estrategiaconcursos.com.br\/blog\/#website","url":"https:\/\/www.estrategiaconcursos.com.br\/blog\/","name":"Estrat\u00e9gia Concursos","description":"O blog da Estrat\u00e9gia Concursos traz not\u00edcias sobre concursos e artigos de professores oferecendo cursos para concursos (pdf + videaulas) no site.","publisher":{"@id":"https:\/\/www.estrategiaconcursos.com.br\/blog\/#organization"},"potentialAction":[{"@type":"SearchAction","target":{"@type":"EntryPoint","urlTemplate":"https:\/\/www.estrategiaconcursos.com.br\/blog\/?s={search_term_string}"},"query-input":{"@type":"PropertyValueSpecification","valueRequired":true,"valueName":"search_term_string"}}],"inLanguage":"pt-BR"},{"@type":"Organization","@id":"https:\/\/www.estrategiaconcursos.com.br\/blog\/#organization","name":"Estrat\u00e9gia Concursos","url":"https:\/\/www.estrategiaconcursos.com.br\/blog\/","logo":{"@type":"ImageObject","inLanguage":"pt-BR","@id":"https:\/\/www.estrategiaconcursos.com.br\/blog\/#\/schema\/logo\/image\/","url":"https:\/\/dhg1h5j42swfq.cloudfront.net\/2025\/06\/03203428\/logo_concursos-1.jpg","contentUrl":"https:\/\/dhg1h5j42swfq.cloudfront.net\/2025\/06\/03203428\/logo_concursos-1.jpg","width":230,"height":60,"caption":"Estrat\u00e9gia Concursos"},"image":{"@id":"https:\/\/www.estrategiaconcursos.com.br\/blog\/#\/schema\/logo\/image\/"},"sameAs":["https:\/\/x.com\/EstratConcursos"]},{"@type":"Person","@id":"https:\/\/www.estrategiaconcursos.com.br\/blog\/#\/schema\/person\/dd9f6d98671a3ac63bf25b40baf6f2e2","name":"Diego Cerqueira","image":{"@type":"ImageObject","inLanguage":"pt-BR","@id":"https:\/\/secure.gravatar.com\/avatar\/93f5bbe4c5469a613830caa67379a40ab60d82fa495e4fbb9e4039bce737c0cc?s=96&d=mm&r=g","url":"https:\/\/secure.gravatar.com\/avatar\/93f5bbe4c5469a613830caa67379a40ab60d82fa495e4fbb9e4039bce737c0cc?s=96&d=mm&r=g","contentUrl":"https:\/\/secure.gravatar.com\/avatar\/93f5bbe4c5469a613830caa67379a40ab60d82fa495e4fbb9e4039bce737c0cc?s=96&d=mm&r=g","caption":"Diego Cerqueira"},"url":"https:\/\/www.estrategiaconcursos.com.br\/blog\/author\/diegocerqueiraestrategiaconcursos-com-br-2\/"}]}},"_links":{"self":[{"href":"https:\/\/www.estrategiaconcursos.com.br\/blog\/wp-json\/wp\/v2\/posts\/509957","targetHints":{"allow":["GET"]}}],"collection":[{"href":"https:\/\/www.estrategiaconcursos.com.br\/blog\/wp-json\/wp\/v2\/posts"}],"about":[{"href":"https:\/\/www.estrategiaconcursos.com.br\/blog\/wp-json\/wp\/v2\/types\/post"}],"author":[{"embeddable":true,"href":"https:\/\/www.estrategiaconcursos.com.br\/blog\/wp-json\/wp\/v2\/users\/1482"}],"replies":[{"embeddable":true,"href":"https:\/\/www.estrategiaconcursos.com.br\/blog\/wp-json\/wp\/v2\/comments?post=509957"}],"version-history":[{"count":5,"href":"https:\/\/www.estrategiaconcursos.com.br\/blog\/wp-json\/wp\/v2\/posts\/509957\/revisions"}],"predecessor-version":[{"id":613745,"href":"https:\/\/www.estrategiaconcursos.com.br\/blog\/wp-json\/wp\/v2\/posts\/509957\/revisions\/613745"}],"wp:featuredmedia":[{"embeddable":true,"href":"https:\/\/www.estrategiaconcursos.com.br\/blog\/wp-json\/wp\/v2\/media\/154422"}],"wp:attachment":[{"href":"https:\/\/www.estrategiaconcursos.com.br\/blog\/wp-json\/wp\/v2\/media?parent=509957"}],"wp:term":[{"taxonomy":"category","embeddable":true,"href":"https:\/\/www.estrategiaconcursos.com.br\/blog\/wp-json\/wp\/v2\/categories?post=509957"},{"taxonomy":"post_tag","embeddable":true,"href":"https:\/\/www.estrategiaconcursos.com.br\/blog\/wp-json\/wp\/v2\/tags?post=509957"},{"taxonomy":"tax_estado","embeddable":true,"href":"https:\/\/www.estrategiaconcursos.com.br\/blog\/wp-json\/wp\/v2\/tax_estado?post=509957"}],"curies":[{"name":"wp","href":"https:\/\/api.w.org\/{rel}","templated":true}]}}