{"id":509836,"date":"2020-05-03T19:35:35","date_gmt":"2020-05-03T22:35:35","guid":{"rendered":"https:\/\/www.estrategiaconcursos.com.br\/blog\/?p=509836"},"modified":"2023-01-03T11:29:20","modified_gmt":"2023-01-03T14:29:20","slug":"caminho-das-pedras-dia-1","status":"publish","type":"post","link":"https:\/\/www.estrategiaconcursos.com.br\/blog\/caminho-das-pedras-dia-1\/","title":{"rendered":"DIA 1 da 1\u00aa Semana do Caminho das Pedras: O que \u00e9 concurso p\u00fablico? Quais as suas fases?"},"content":{"rendered":"\n<p><strong>1\u00aa Semana do Caminho das Pedras:<\/strong> inicie os estudos com Estrat\u00e9gia!<\/p>\n\n\n\n<p><strong>DIA 1 da 1\u00aa Semana do Caminho das Pedras:<\/strong> O que \u00e9 concurso p\u00fablico? Quais as suas fases?<\/p>\n\n\n\n<p>Fala, pessoal!<\/p>\n\n\n\n<p>Quando pensei em iniciar os meus estudos para concurso, procurei na internet informa\u00e7\u00f5es sobre a \u00e1rea e fiquei perdido com a grande quantidade de material dispon\u00edvel.<\/p>\n\n\n\n<p>Quem n\u00e3o tem aquele amigo que quer come\u00e7ar, mas n\u00e3o sabe por onde?<\/p>\n\n\n\n<p>Ou aquele conhecido que assiste a alguns v\u00eddeos, arruma um material qualquer [que por muitas vezes n\u00e3o \u00e9 o mais adequado \u00e0 sua \u00e1rea de concurso], e na primeira, segunda semana termina desistindo?<\/p>\n\n\n\n<p>H\u00e1 tamb\u00e9m aqueles que estudam h\u00e1 mais tempo, est\u00e3o um pouco perdidos, come\u00e7am a assistir v\u00eddeos de aprovados\/t\u00e9cnicas de estudo, ficam ainda mais perdidos e se sentem desmotivados.<\/p>\n\n\n\n<p>S\u00e3o milhares de v\u00eddeos de aprovados [o que \u00e9 um bom fato, pois demonstra que \u00e9 poss\u00edvel ser aprovado] e dezenas de m\u00e9todos de estudo: h\u00e1 quem estudou por 1 m\u00eas e foi aprovado e h\u00e1 quem estudou por 5 anos e foi aprovado, h\u00e1 quem estudou por curso em pdf e h\u00e1 quem estudou apenas por quest\u00f5es, h\u00e1 quem fez resumo e h\u00e1 quem n\u00e3o fez, h\u00e1 quem fez revis\u00f5es por grifos e h\u00e1 quem nem fez revis\u00f5es, etc.<\/p>\n\n\n\n<p><strong>N\u00c3O H\u00c1 UMA RECEITA DE BOLO!<\/strong><\/p>\n\n\n\n<p>Mas h\u00e1 algumas informa\u00e7\u00f5es que voc\u00ea, como concurseiro, precisa saber: o que \u00e9 concurso, quais as suas fases, para quais \u00e1reas pode prestar, quais as particularidades de cada \u00e1rea, quais os pr\u00f3s e contras de cada t\u00e9cnica e m\u00e9todo de estudo, como fazer um bom planejamento de estudos, como seguir o planejamento, por qual material estudar e como vencer as dificuldades que todo concurseiro encontra em seu caminho.<\/p>\n\n\n\n<p>Repito: n\u00e3o h\u00e1 uma receita de bolo!<\/p>\n\n\n\n<figure class=\"wp-block-image size-large\"><img loading=\"lazy\" decoding=\"async\" width=\"680\" height=\"1024\" src=\"https:\/\/dhg1h5j42swfq.cloudfront.net\/2020\/05\/03192830\/alina-karpenko-Lr-KZKYzaj8-unsplash-680x1024.jpg\" alt=\"\" class=\"wp-image-509837\" srcset=\"https:\/\/dhg1h5j42swfq.cloudfront.net\/2020\/05\/03192830\/alina-karpenko-Lr-KZKYzaj8-unsplash-680x1024.jpg 680w, https:\/\/dhg1h5j42swfq.cloudfront.net\/2020\/05\/03192830\/alina-karpenko-Lr-KZKYzaj8-unsplash-199x300.jpg 199w, https:\/\/dhg1h5j42swfq.cloudfront.net\/2020\/05\/03192830\/alina-karpenko-Lr-KZKYzaj8-unsplash-768x1156.jpg 768w, https:\/\/dhg1h5j42swfq.cloudfront.net\/2020\/05\/03192830\/alina-karpenko-Lr-KZKYzaj8-unsplash-1020x1536.jpg 1020w, https:\/\/dhg1h5j42swfq.cloudfront.net\/2020\/05\/03192830\/alina-karpenko-Lr-KZKYzaj8-unsplash-1360x2048.jpg 1360w, https:\/\/dhg1h5j42swfq.cloudfront.net\/2020\/05\/03192830\/alina-karpenko-Lr-KZKYzaj8-unsplash-610x918.jpg 610w, https:\/\/dhg1h5j42swfq.cloudfront.net\/2020\/05\/03192830\/alina-karpenko-Lr-KZKYzaj8-unsplash-scaled.jpg 1700w\" sizes=\"auto, (max-width: 680px) 100vw, 680px\" \/><\/figure>\n\n\n\n<p>Entretanto, <strong>H\u00c1 UM CAMINHO DAS PEDRAS<\/strong>: h\u00e1 diversas pedras e voc\u00ea precisa saber em quais pode pisar para n\u00e3o cair no rio da desmotiva\u00e7\u00e3o e dos sonhos jogados fora.<\/p>\n\n\n\n<figure class=\"wp-block-image size-large\"><img loading=\"lazy\" decoding=\"async\" width=\"1024\" height=\"678\" src=\"https:\/\/dhg1h5j42swfq.cloudfront.net\/2020\/05\/03192855\/daniil-silantev-SDoMyyylpnc-unsplash-1024x678.jpg\" alt=\"\" class=\"wp-image-509838\" srcset=\"https:\/\/dhg1h5j42swfq.cloudfront.net\/2020\/05\/03192855\/daniil-silantev-SDoMyyylpnc-unsplash-1024x678.jpg 1024w, https:\/\/dhg1h5j42swfq.cloudfront.net\/2020\/05\/03192855\/daniil-silantev-SDoMyyylpnc-unsplash-300x199.jpg 300w, https:\/\/dhg1h5j42swfq.cloudfront.net\/2020\/05\/03192855\/daniil-silantev-SDoMyyylpnc-unsplash-768x509.jpg 768w, https:\/\/dhg1h5j42swfq.cloudfront.net\/2020\/05\/03192855\/daniil-silantev-SDoMyyylpnc-unsplash-1536x1018.jpg 1536w, https:\/\/dhg1h5j42swfq.cloudfront.net\/2020\/05\/03192855\/daniil-silantev-SDoMyyylpnc-unsplash-2048x1357.jpg 2048w, https:\/\/dhg1h5j42swfq.cloudfront.net\/2020\/05\/03192855\/daniil-silantev-SDoMyyylpnc-unsplash-610x404.jpg 610w\" sizes=\"auto, (max-width: 1024px) 100vw, 1024px\" \/><\/figure>\n\n\n\n<p>Voc\u00ea se identificou com alguma das situa\u00e7\u00f5es apresentadas e quer conhecer esse caminho?<\/p>\n\n\n\n<p>Convido-o(a) a seguir uma jornada durante 7 dias em que vou te apresentar as pedras certas, aquelas que v\u00e3o te ajudar a alcan\u00e7ar o outro lado do rio: o lado da aprova\u00e7\u00e3o!<\/p>\n\n\n\n<p>A cada dia vou te dar uma s\u00e9rie de tarefas do que fazer: entenda-as como quais pedras voc\u00ea deve pisar no in\u00edcio da sua travessia!<\/p>\n\n\n\n<p><em>\u201cMas, Rodolfo, apenas fazendo essas poucas tarefas durante os pr\u00f3ximos dias eu vou aprender esse caminho das pedras? Eu j\u00e1 assisti a diversos v\u00eddeos e li bastante coisa, mas estou perdido. Por que dessa vez ser\u00e1 diferente?\u201d<\/em><\/p>\n\n\n\n<p>Porque dessa vez, caro aluno, voc\u00ea vai ver esse material de forma <strong>ESTRUTURADA<\/strong> e <strong>EFICIENTE<\/strong>.<\/p>\n\n\n\n<p>Vou te passar a ordem em que voc\u00ea deve l\u00ea-lo\/utiliz\u00e1-lo para tirar o m\u00e1ximo de proveito, bem como apresentar apenas os materiais necess\u00e1rios, de forma que n\u00e3o precise rever informa\u00e7\u00f5es diversas vezes.<\/p>\n\n\n\n<p>Al\u00e9m disso voc\u00ea vai colocar a <strong>M\u00c3O NA MASSA<\/strong> e elaborar o seu pr\u00f3prio <strong>PLANEJAMENTO<\/strong> com base nas informa\u00e7\u00f5es passadas e utilizando como modelo uma planilha parecida com a que eu utilizei quando comecei os meus estudos.<\/p>\n\n\n\n<p><em>Qualquer pequeno resultado \u00e9 muito melhor que qualquer grande inten\u00e7\u00e3o!<\/em><\/p>\n\n\n\n<p><strong>DIA 1:<\/strong> O que \u00e9 concurso p\u00fablico? Quais as suas fases?<\/p>\n\n\n\n<figure class=\"wp-block-image size-large\"><img loading=\"lazy\" decoding=\"async\" width=\"1024\" height=\"683\" src=\"https:\/\/dhg1h5j42swfq.cloudfront.net\/2020\/05\/03193021\/juan-rumimpunu-nLXOatvTaLo-unsplash-1024x683.jpg\" alt=\"\" class=\"wp-image-509839\" srcset=\"https:\/\/dhg1h5j42swfq.cloudfront.net\/2020\/05\/03193021\/juan-rumimpunu-nLXOatvTaLo-unsplash-1024x683.jpg 1024w, https:\/\/dhg1h5j42swfq.cloudfront.net\/2020\/05\/03193021\/juan-rumimpunu-nLXOatvTaLo-unsplash-300x200.jpg 300w, https:\/\/dhg1h5j42swfq.cloudfront.net\/2020\/05\/03193021\/juan-rumimpunu-nLXOatvTaLo-unsplash-768x512.jpg 768w, https:\/\/dhg1h5j42swfq.cloudfront.net\/2020\/05\/03193021\/juan-rumimpunu-nLXOatvTaLo-unsplash-1536x1024.jpg 1536w, https:\/\/dhg1h5j42swfq.cloudfront.net\/2020\/05\/03193021\/juan-rumimpunu-nLXOatvTaLo-unsplash-2048x1365.jpg 2048w, https:\/\/dhg1h5j42swfq.cloudfront.net\/2020\/05\/03193021\/juan-rumimpunu-nLXOatvTaLo-unsplash-610x407.jpg 610w\" sizes=\"auto, (max-width: 1024px) 100vw, 1024px\" \/><\/figure>\n\n\n\n<p>Nesse primeiro dia aprenderemos sobre o que \u00e9 concurso e por quais fases voc\u00ea ir\u00e1 passar durante os seus estudos.<\/p>\n\n\n\n<p>Sendo assim, seguem as tarefas:<\/p>\n\n\n\n<p><strong>Tarefa 1:<\/strong> Assistir a playlist \u201cFases do ESTUDO!\u201d<\/p>\n\n\n\n<p><em>DECIDINDO ESTUDAR<\/em><\/p>\n\n\n\n<p>Falo sobre a decis\u00e3o de come\u00e7ar a estudar para concurso: o que levei em considera\u00e7\u00e3o, por que tomei essa decis\u00e3o e como voc\u00ea pode tomar uma decis\u00e3o embasada!<\/p>\n\n\n\n<p><em>DECIDIDO ESTUDAR<\/em><\/p>\n\n\n\n<p>Falo sobre a fase em que voc\u00ea, decidido a estudar pra concurso, elabora o planejamento, busca o material, contrata um coach e senta a bunda na cadeira!<\/p>\n\n\n\n<p><em>REPLANEJANDO<\/em><\/p>\n\n\n\n<p>Falo sobre a fase em que replanejei os meus estudos e como voc\u00ea tamb\u00e9m pode (e deve) fazer!<\/p>\n\n\n\n<p><em>P\u00d3S-EDITAL<\/em><\/p>\n\n\n\n<p>Falo sobre o estudo p\u00f3s-edital!<\/p>\n\n\n\n<p><em>A PROVA<\/em><\/p>\n\n\n\n<p>Falo sobre a t\u00e3o temida prova!<\/p>\n\n\n\n<p><em>P\u00d3S PROVA + RECURSOS<\/em><\/p>\n\n\n\n<p>Falo sobre o p\u00f3s-prova e a fase recursal!<\/p>\n\n\n\n<p><em>CURSO DE FORMA\u00c7\u00c3O<\/em><\/p>\n\n\n\n<p>Falo sobre o curso de forma\u00e7\u00e3o!<\/p>\n\n\n\n<p><em>NOMEA\u00c7\u00c3O E POSSE<\/em><\/p>\n\n\n\n<p>Falo sobre a nomea\u00e7\u00e3o e a posse!<\/p>\n\n\n\n<p><em>ENTRAR EM EXERC\u00cdCIO<\/em><\/p>\n\n\n\n<p>Falo sobre entrar em exerc\u00edcio!<\/p>\n\n\n\n<p><strong>Tarefa 2:<\/strong> Seguir o perfil <a href=\"https:\/\/www.instagram.com\/prof.rodolfoqueiroz\/\" target=\"_blank\" rel=\"noreferrer noopener\">@prof.rodolfoqueiroz<\/a> e assistir aos seguintes v\u00eddeos<\/p>\n\n\n\n<p>0:53 <strong>O que \u00e9 concurso p\u00fablico?<\/strong><\/p>\n\n\n\n<p>0:59 <strong>Como funciona o concurso p\u00fablico?<\/strong><\/p>\n\n\n\n<p>0:59 <strong>O famigerado edital<\/strong><\/p>\n\n\n\n<p>1:28 <strong>A estabilidade<\/strong><\/p>\n\n\n\n<p>1:26 <strong>Cargo p\u00fablico<\/strong><\/p>\n\n\n\n<figure class=\"wp-block-image size-large\"><img loading=\"lazy\" decoding=\"async\" width=\"828\" height=\"549\" src=\"https:\/\/dhg1h5j42swfq.cloudfront.net\/2020\/05\/03193245\/IMG_1132.jpg\" alt=\"\" class=\"wp-image-509840\" srcset=\"https:\/\/dhg1h5j42swfq.cloudfront.net\/2020\/05\/03193245\/IMG_1132.jpg 828w, https:\/\/dhg1h5j42swfq.cloudfront.net\/2020\/05\/03193245\/IMG_1132-300x199.jpg 300w, https:\/\/dhg1h5j42swfq.cloudfront.net\/2020\/05\/03193245\/IMG_1132-768x509.jpg 768w, https:\/\/dhg1h5j42swfq.cloudfront.net\/2020\/05\/03193245\/IMG_1132-610x404.jpg 610w\" sizes=\"auto, (max-width: 828px) 100vw, 828px\" \/><\/figure>\n\n\n\n<p><em>(S\u00e3o v\u00eddeos t\u00e9cnicos, mas assista mesmo sem entender tudo \u2013 voc\u00ea vai entender melhor depois!)<\/em><\/p>\n\n\n\n<p>Por hoje, \u00e9 s\u00f3!<\/p>\n\n\n\n<p>Qualquer d\u00favida, manda um <strong><em>direct<\/em><\/strong>.<\/p>\n\n\n\n<p>Amanh\u00e3 tem mais!<\/p>\n\n\n\n<p>Espero que tenham gostado.<\/p>\n\n\n\n<p><strong>Rodolfo Queiroz<\/strong><\/p>\n\n\n\n<p>J\u00e1 terminou o 1\u00ba dia? Vai para o <a href=\"https:\/\/www.estrategiaconcursos.com.br\/blog\/caminho-das-pedras-dia-2\/\">DIA 2 da 1\u00aa Semana do Caminho das Pedras: Escolha a sua \u00e1rea!<\/a><\/p>\n","protected":false},"excerpt":{"rendered":"<p>1\u00aa Semana do Caminho das Pedras: inicie os estudos com Estrat\u00e9gia! DIA 1 da 1\u00aa Semana do Caminho das Pedras: O que \u00e9 concurso p\u00fablico? Quais as suas fases? Fala, pessoal! Quando pensei em iniciar os meus estudos para concurso, procurei na internet informa\u00e7\u00f5es sobre a \u00e1rea e fiquei perdido com a grande quantidade de [&hellip;]<\/p>\n","protected":false},"author":1084,"featured_media":0,"comment_status":"open","ping_status":"closed","sticky":false,"template":"","format":"standard","meta":{"post_tipo":"article","footnotes":""},"categories":[1],"tags":[],"tax_estado":[],"class_list":["post-509836","post","type-post","status-publish","format-standard","hentry","category-cursos-e-concursos"],"acf":[],"yoast_head":"<!-- This site is optimized with the Yoast SEO Premium plugin v27.2 (Yoast SEO v27.2) - https:\/\/yoast.com\/product\/yoast-seo-premium-wordpress\/ -->\n<title>DIA 1 da 1\u00aa Semana do Caminho das Pedras: O que \u00e9 concurso p\u00fablico? Quais as suas fases?<\/title>\n<meta name=\"description\" content=\"Nesse primeiro dia aprenderemos sobre o que \u00e9 concurso e por quais fases voc\u00ea ir\u00e1 passar durante os seus estudos.\" \/>\n<meta name=\"robots\" content=\"index, follow, max-snippet:-1, max-image-preview:large, max-video-preview:-1\" \/>\n<link rel=\"canonical\" href=\"https:\/\/www.estrategiaconcursos.com.br\/blog\/caminho-das-pedras-dia-1\/\" \/>\n<meta property=\"og:locale\" content=\"pt_BR\" \/>\n<meta property=\"og:type\" content=\"article\" \/>\n<meta property=\"og:title\" content=\"DIA 1 da 1\u00aa Semana do Caminho das Pedras: O que \u00e9 concurso p\u00fablico? Quais as suas fases?\" \/>\n<meta property=\"og:description\" content=\"Nesse primeiro dia aprenderemos sobre o que \u00e9 concurso e por quais fases voc\u00ea ir\u00e1 passar durante os seus estudos.\" \/>\n<meta property=\"og:url\" content=\"https:\/\/www.estrategiaconcursos.com.br\/blog\/caminho-das-pedras-dia-1\/\" \/>\n<meta property=\"og:site_name\" content=\"Estrat\u00e9gia Concursos\" \/>\n<meta property=\"article:published_time\" content=\"2020-05-03T22:35:35+00:00\" \/>\n<meta property=\"article:modified_time\" content=\"2023-01-03T14:29:20+00:00\" \/>\n<meta property=\"og:image\" content=\"https:\/\/www.estrategiaconcursos.com.br\/blog\/wp-content\/uploads\/2020\/05\/alina-karpenko-Lr-KZKYzaj8-unsplash-680x1024.jpg\" \/>\n<meta name=\"author\" content=\"Rodolfo Queiroz\" \/>\n<meta name=\"twitter:card\" content=\"summary_large_image\" \/>\n<meta name=\"twitter:creator\" content=\"@EstratConcursos\" \/>\n<meta name=\"twitter:site\" content=\"@EstratConcursos\" \/>\n<meta name=\"twitter:label1\" content=\"Escrito por\" \/>\n\t<meta name=\"twitter:data1\" content=\"Rodolfo Queiroz\" \/>\n\t<meta name=\"twitter:label2\" content=\"Est. tempo de leitura\" \/>\n\t<meta name=\"twitter:data2\" content=\"4 minutos\" \/>\n<script type=\"application\/ld+json\" class=\"yoast-schema-graph\">{\"@context\":\"https:\/\/schema.org\",\"@graph\":[{\"@type\":\"NewsArticle\",\"@id\":\"https:\/\/www.estrategiaconcursos.com.br\/blog\/caminho-das-pedras-dia-1\/#article\",\"isPartOf\":{\"@id\":\"https:\/\/www.estrategiaconcursos.com.br\/blog\/caminho-das-pedras-dia-1\/\"},\"author\":{\"name\":\"Rodolfo Queiroz\",\"@id\":\"https:\/\/www.estrategiaconcursos.com.br\/blog\/#\/schema\/person\/71c6849b8bf28e03aabb82ca72a794a5\"},\"headline\":\"DIA 1 da 1\u00aa Semana do Caminho das Pedras: O que \u00e9 concurso p\u00fablico? Quais as suas fases?\",\"datePublished\":\"2020-05-03T22:35:35+00:00\",\"dateModified\":\"2023-01-03T14:29:20+00:00\",\"mainEntityOfPage\":{\"@id\":\"https:\/\/www.estrategiaconcursos.com.br\/blog\/caminho-das-pedras-dia-1\/\"},\"wordCount\":850,\"commentCount\":0,\"publisher\":{\"@id\":\"https:\/\/www.estrategiaconcursos.com.br\/blog\/#organization\"},\"image\":{\"@id\":\"https:\/\/www.estrategiaconcursos.com.br\/blog\/caminho-das-pedras-dia-1\/#primaryimage\"},\"thumbnailUrl\":\"https:\/\/www.estrategiaconcursos.com.br\/blog\/wp-content\/uploads\/2020\/05\/alina-karpenko-Lr-KZKYzaj8-unsplash-680x1024.jpg\",\"articleSection\":[\"Concursos P\u00fablicos\"],\"inLanguage\":\"pt-BR\",\"potentialAction\":[{\"@type\":\"CommentAction\",\"name\":\"Comment\",\"target\":[\"https:\/\/www.estrategiaconcursos.com.br\/blog\/caminho-das-pedras-dia-1\/#respond\"]}],\"copyrightYear\":\"2020\",\"copyrightHolder\":{\"@id\":\"https:\/\/www.estrategiaconcursos.com.br\/blog\/#organization\"}},{\"@type\":\"WebPage\",\"@id\":\"https:\/\/www.estrategiaconcursos.com.br\/blog\/caminho-das-pedras-dia-1\/\",\"url\":\"https:\/\/www.estrategiaconcursos.com.br\/blog\/caminho-das-pedras-dia-1\/\",\"name\":\"DIA 1 da 1\u00aa Semana do Caminho das Pedras: O que \u00e9 concurso p\u00fablico? Quais as suas fases?\",\"isPartOf\":{\"@id\":\"https:\/\/www.estrategiaconcursos.com.br\/blog\/#website\"},\"primaryImageOfPage\":{\"@id\":\"https:\/\/www.estrategiaconcursos.com.br\/blog\/caminho-das-pedras-dia-1\/#primaryimage\"},\"image\":{\"@id\":\"https:\/\/www.estrategiaconcursos.com.br\/blog\/caminho-das-pedras-dia-1\/#primaryimage\"},\"thumbnailUrl\":\"https:\/\/www.estrategiaconcursos.com.br\/blog\/wp-content\/uploads\/2020\/05\/alina-karpenko-Lr-KZKYzaj8-unsplash-680x1024.jpg\",\"datePublished\":\"2020-05-03T22:35:35+00:00\",\"dateModified\":\"2023-01-03T14:29:20+00:00\",\"description\":\"Nesse primeiro dia aprenderemos sobre o que \u00e9 concurso e por quais fases voc\u00ea ir\u00e1 passar durante os seus estudos.\",\"breadcrumb\":{\"@id\":\"https:\/\/www.estrategiaconcursos.com.br\/blog\/caminho-das-pedras-dia-1\/#breadcrumb\"},\"inLanguage\":\"pt-BR\",\"potentialAction\":[{\"@type\":\"ReadAction\",\"target\":[\"https:\/\/www.estrategiaconcursos.com.br\/blog\/caminho-das-pedras-dia-1\/\"]}]},{\"@type\":\"ImageObject\",\"inLanguage\":\"pt-BR\",\"@id\":\"https:\/\/www.estrategiaconcursos.com.br\/blog\/caminho-das-pedras-dia-1\/#primaryimage\",\"url\":\"https:\/\/dhg1h5j42swfq.cloudfront.net\/2020\/05\/03192830\/alina-karpenko-Lr-KZKYzaj8-unsplash-scaled.jpg\",\"contentUrl\":\"https:\/\/dhg1h5j42swfq.cloudfront.net\/2020\/05\/03192830\/alina-karpenko-Lr-KZKYzaj8-unsplash-scaled.jpg\",\"width\":1700,\"height\":2560},{\"@type\":\"BreadcrumbList\",\"@id\":\"https:\/\/www.estrategiaconcursos.com.br\/blog\/caminho-das-pedras-dia-1\/#breadcrumb\",\"itemListElement\":[{\"@type\":\"ListItem\",\"position\":1,\"name\":\"In\u00edcio\",\"item\":\"https:\/\/www.estrategiaconcursos.com.br\/blog\/\"},{\"@type\":\"ListItem\",\"position\":2,\"name\":\"DIA 1 da 1\u00aa Semana do Caminho das Pedras: O que \u00e9 concurso p\u00fablico? Quais as suas fases?\"}]},{\"@type\":\"WebSite\",\"@id\":\"https:\/\/www.estrategiaconcursos.com.br\/blog\/#website\",\"url\":\"https:\/\/www.estrategiaconcursos.com.br\/blog\/\",\"name\":\"Estrat\u00e9gia Concursos\",\"description\":\"O blog da Estrat\u00e9gia Concursos traz not\u00edcias sobre concursos e artigos de professores oferecendo cursos para concursos (pdf + videaulas) no site.\",\"publisher\":{\"@id\":\"https:\/\/www.estrategiaconcursos.com.br\/blog\/#organization\"},\"potentialAction\":[{\"@type\":\"SearchAction\",\"target\":{\"@type\":\"EntryPoint\",\"urlTemplate\":\"https:\/\/www.estrategiaconcursos.com.br\/blog\/?s={search_term_string}\"},\"query-input\":{\"@type\":\"PropertyValueSpecification\",\"valueRequired\":true,\"valueName\":\"search_term_string\"}}],\"inLanguage\":\"pt-BR\"},{\"@type\":\"Organization\",\"@id\":\"https:\/\/www.estrategiaconcursos.com.br\/blog\/#organization\",\"name\":\"Estrat\u00e9gia Concursos\",\"url\":\"https:\/\/www.estrategiaconcursos.com.br\/blog\/\",\"logo\":{\"@type\":\"ImageObject\",\"inLanguage\":\"pt-BR\",\"@id\":\"https:\/\/www.estrategiaconcursos.com.br\/blog\/#\/schema\/logo\/image\/\",\"url\":\"https:\/\/dhg1h5j42swfq.cloudfront.net\/2025\/06\/03203428\/logo_concursos-1.jpg\",\"contentUrl\":\"https:\/\/dhg1h5j42swfq.cloudfront.net\/2025\/06\/03203428\/logo_concursos-1.jpg\",\"width\":230,\"height\":60,\"caption\":\"Estrat\u00e9gia Concursos\"},\"image\":{\"@id\":\"https:\/\/www.estrategiaconcursos.com.br\/blog\/#\/schema\/logo\/image\/\"},\"sameAs\":[\"https:\/\/x.com\/EstratConcursos\"]},{\"@type\":\"Person\",\"@id\":\"https:\/\/www.estrategiaconcursos.com.br\/blog\/#\/schema\/person\/71c6849b8bf28e03aabb82ca72a794a5\",\"name\":\"Rodolfo Queiroz\",\"image\":{\"@type\":\"ImageObject\",\"inLanguage\":\"pt-BR\",\"@id\":\"https:\/\/secure.gravatar.com\/avatar\/5f08a279f12fef20e95e2592261b86004f5c49356bef3034af370d317393c44f?s=96&d=mm&r=g\",\"url\":\"https:\/\/secure.gravatar.com\/avatar\/5f08a279f12fef20e95e2592261b86004f5c49356bef3034af370d317393c44f?s=96&d=mm&r=g\",\"contentUrl\":\"https:\/\/secure.gravatar.com\/avatar\/5f08a279f12fef20e95e2592261b86004f5c49356bef3034af370d317393c44f?s=96&d=mm&r=g\",\"caption\":\"Rodolfo Queiroz\"},\"url\":\"https:\/\/www.estrategiaconcursos.com.br\/blog\/author\/rodolfo-f-c-l-qgmail-com\/\"}]}<\/script>\n<!-- \/ Yoast SEO Premium plugin. -->","yoast_head_json":{"title":"DIA 1 da 1\u00aa Semana do Caminho das Pedras: O que \u00e9 concurso p\u00fablico? Quais as suas fases?","description":"Nesse primeiro dia aprenderemos sobre o que \u00e9 concurso e por quais fases voc\u00ea ir\u00e1 passar durante os seus estudos.","robots":{"index":"index","follow":"follow","max-snippet":"max-snippet:-1","max-image-preview":"max-image-preview:large","max-video-preview":"max-video-preview:-1"},"canonical":"https:\/\/www.estrategiaconcursos.com.br\/blog\/caminho-das-pedras-dia-1\/","og_locale":"pt_BR","og_type":"article","og_title":"DIA 1 da 1\u00aa Semana do Caminho das Pedras: O que \u00e9 concurso p\u00fablico? Quais as suas fases?","og_description":"Nesse primeiro dia aprenderemos sobre o que \u00e9 concurso e por quais fases voc\u00ea ir\u00e1 passar durante os seus estudos.","og_url":"https:\/\/www.estrategiaconcursos.com.br\/blog\/caminho-das-pedras-dia-1\/","og_site_name":"Estrat\u00e9gia Concursos","article_published_time":"2020-05-03T22:35:35+00:00","article_modified_time":"2023-01-03T14:29:20+00:00","og_image":[{"url":"https:\/\/www.estrategiaconcursos.com.br\/blog\/wp-content\/uploads\/2020\/05\/alina-karpenko-Lr-KZKYzaj8-unsplash-680x1024.jpg","type":"","width":"","height":""}],"author":"Rodolfo Queiroz","twitter_card":"summary_large_image","twitter_creator":"@EstratConcursos","twitter_site":"@EstratConcursos","twitter_misc":{"Escrito por":"Rodolfo Queiroz","Est. tempo de leitura":"4 minutos"},"schema":{"@context":"https:\/\/schema.org","@graph":[{"@type":"NewsArticle","@id":"https:\/\/www.estrategiaconcursos.com.br\/blog\/caminho-das-pedras-dia-1\/#article","isPartOf":{"@id":"https:\/\/www.estrategiaconcursos.com.br\/blog\/caminho-das-pedras-dia-1\/"},"author":{"name":"Rodolfo Queiroz","@id":"https:\/\/www.estrategiaconcursos.com.br\/blog\/#\/schema\/person\/71c6849b8bf28e03aabb82ca72a794a5"},"headline":"DIA 1 da 1\u00aa Semana do Caminho das Pedras: O que \u00e9 concurso p\u00fablico? Quais as suas fases?","datePublished":"2020-05-03T22:35:35+00:00","dateModified":"2023-01-03T14:29:20+00:00","mainEntityOfPage":{"@id":"https:\/\/www.estrategiaconcursos.com.br\/blog\/caminho-das-pedras-dia-1\/"},"wordCount":850,"commentCount":0,"publisher":{"@id":"https:\/\/www.estrategiaconcursos.com.br\/blog\/#organization"},"image":{"@id":"https:\/\/www.estrategiaconcursos.com.br\/blog\/caminho-das-pedras-dia-1\/#primaryimage"},"thumbnailUrl":"https:\/\/www.estrategiaconcursos.com.br\/blog\/wp-content\/uploads\/2020\/05\/alina-karpenko-Lr-KZKYzaj8-unsplash-680x1024.jpg","articleSection":["Concursos P\u00fablicos"],"inLanguage":"pt-BR","potentialAction":[{"@type":"CommentAction","name":"Comment","target":["https:\/\/www.estrategiaconcursos.com.br\/blog\/caminho-das-pedras-dia-1\/#respond"]}],"copyrightYear":"2020","copyrightHolder":{"@id":"https:\/\/www.estrategiaconcursos.com.br\/blog\/#organization"}},{"@type":"WebPage","@id":"https:\/\/www.estrategiaconcursos.com.br\/blog\/caminho-das-pedras-dia-1\/","url":"https:\/\/www.estrategiaconcursos.com.br\/blog\/caminho-das-pedras-dia-1\/","name":"DIA 1 da 1\u00aa Semana do Caminho das Pedras: O que \u00e9 concurso p\u00fablico? Quais as suas fases?","isPartOf":{"@id":"https:\/\/www.estrategiaconcursos.com.br\/blog\/#website"},"primaryImageOfPage":{"@id":"https:\/\/www.estrategiaconcursos.com.br\/blog\/caminho-das-pedras-dia-1\/#primaryimage"},"image":{"@id":"https:\/\/www.estrategiaconcursos.com.br\/blog\/caminho-das-pedras-dia-1\/#primaryimage"},"thumbnailUrl":"https:\/\/www.estrategiaconcursos.com.br\/blog\/wp-content\/uploads\/2020\/05\/alina-karpenko-Lr-KZKYzaj8-unsplash-680x1024.jpg","datePublished":"2020-05-03T22:35:35+00:00","dateModified":"2023-01-03T14:29:20+00:00","description":"Nesse primeiro dia aprenderemos sobre o que \u00e9 concurso e por quais fases voc\u00ea ir\u00e1 passar durante os seus estudos.","breadcrumb":{"@id":"https:\/\/www.estrategiaconcursos.com.br\/blog\/caminho-das-pedras-dia-1\/#breadcrumb"},"inLanguage":"pt-BR","potentialAction":[{"@type":"ReadAction","target":["https:\/\/www.estrategiaconcursos.com.br\/blog\/caminho-das-pedras-dia-1\/"]}]},{"@type":"ImageObject","inLanguage":"pt-BR","@id":"https:\/\/www.estrategiaconcursos.com.br\/blog\/caminho-das-pedras-dia-1\/#primaryimage","url":"https:\/\/dhg1h5j42swfq.cloudfront.net\/2020\/05\/03192830\/alina-karpenko-Lr-KZKYzaj8-unsplash-scaled.jpg","contentUrl":"https:\/\/dhg1h5j42swfq.cloudfront.net\/2020\/05\/03192830\/alina-karpenko-Lr-KZKYzaj8-unsplash-scaled.jpg","width":1700,"height":2560},{"@type":"BreadcrumbList","@id":"https:\/\/www.estrategiaconcursos.com.br\/blog\/caminho-das-pedras-dia-1\/#breadcrumb","itemListElement":[{"@type":"ListItem","position":1,"name":"In\u00edcio","item":"https:\/\/www.estrategiaconcursos.com.br\/blog\/"},{"@type":"ListItem","position":2,"name":"DIA 1 da 1\u00aa Semana do Caminho das Pedras: O que \u00e9 concurso p\u00fablico? Quais as suas fases?"}]},{"@type":"WebSite","@id":"https:\/\/www.estrategiaconcursos.com.br\/blog\/#website","url":"https:\/\/www.estrategiaconcursos.com.br\/blog\/","name":"Estrat\u00e9gia Concursos","description":"O blog da Estrat\u00e9gia Concursos traz not\u00edcias sobre concursos e artigos de professores oferecendo cursos para concursos (pdf + videaulas) no site.","publisher":{"@id":"https:\/\/www.estrategiaconcursos.com.br\/blog\/#organization"},"potentialAction":[{"@type":"SearchAction","target":{"@type":"EntryPoint","urlTemplate":"https:\/\/www.estrategiaconcursos.com.br\/blog\/?s={search_term_string}"},"query-input":{"@type":"PropertyValueSpecification","valueRequired":true,"valueName":"search_term_string"}}],"inLanguage":"pt-BR"},{"@type":"Organization","@id":"https:\/\/www.estrategiaconcursos.com.br\/blog\/#organization","name":"Estrat\u00e9gia Concursos","url":"https:\/\/www.estrategiaconcursos.com.br\/blog\/","logo":{"@type":"ImageObject","inLanguage":"pt-BR","@id":"https:\/\/www.estrategiaconcursos.com.br\/blog\/#\/schema\/logo\/image\/","url":"https:\/\/dhg1h5j42swfq.cloudfront.net\/2025\/06\/03203428\/logo_concursos-1.jpg","contentUrl":"https:\/\/dhg1h5j42swfq.cloudfront.net\/2025\/06\/03203428\/logo_concursos-1.jpg","width":230,"height":60,"caption":"Estrat\u00e9gia Concursos"},"image":{"@id":"https:\/\/www.estrategiaconcursos.com.br\/blog\/#\/schema\/logo\/image\/"},"sameAs":["https:\/\/x.com\/EstratConcursos"]},{"@type":"Person","@id":"https:\/\/www.estrategiaconcursos.com.br\/blog\/#\/schema\/person\/71c6849b8bf28e03aabb82ca72a794a5","name":"Rodolfo Queiroz","image":{"@type":"ImageObject","inLanguage":"pt-BR","@id":"https:\/\/secure.gravatar.com\/avatar\/5f08a279f12fef20e95e2592261b86004f5c49356bef3034af370d317393c44f?s=96&d=mm&r=g","url":"https:\/\/secure.gravatar.com\/avatar\/5f08a279f12fef20e95e2592261b86004f5c49356bef3034af370d317393c44f?s=96&d=mm&r=g","contentUrl":"https:\/\/secure.gravatar.com\/avatar\/5f08a279f12fef20e95e2592261b86004f5c49356bef3034af370d317393c44f?s=96&d=mm&r=g","caption":"Rodolfo Queiroz"},"url":"https:\/\/www.estrategiaconcursos.com.br\/blog\/author\/rodolfo-f-c-l-qgmail-com\/"}]}},"_links":{"self":[{"href":"https:\/\/www.estrategiaconcursos.com.br\/blog\/wp-json\/wp\/v2\/posts\/509836","targetHints":{"allow":["GET"]}}],"collection":[{"href":"https:\/\/www.estrategiaconcursos.com.br\/blog\/wp-json\/wp\/v2\/posts"}],"about":[{"href":"https:\/\/www.estrategiaconcursos.com.br\/blog\/wp-json\/wp\/v2\/types\/post"}],"author":[{"embeddable":true,"href":"https:\/\/www.estrategiaconcursos.com.br\/blog\/wp-json\/wp\/v2\/users\/1084"}],"replies":[{"embeddable":true,"href":"https:\/\/www.estrategiaconcursos.com.br\/blog\/wp-json\/wp\/v2\/comments?post=509836"}],"version-history":[{"count":4,"href":"https:\/\/www.estrategiaconcursos.com.br\/blog\/wp-json\/wp\/v2\/posts\/509836\/revisions"}],"predecessor-version":[{"id":1146449,"href":"https:\/\/www.estrategiaconcursos.com.br\/blog\/wp-json\/wp\/v2\/posts\/509836\/revisions\/1146449"}],"wp:attachment":[{"href":"https:\/\/www.estrategiaconcursos.com.br\/blog\/wp-json\/wp\/v2\/media?parent=509836"}],"wp:term":[{"taxonomy":"category","embeddable":true,"href":"https:\/\/www.estrategiaconcursos.com.br\/blog\/wp-json\/wp\/v2\/categories?post=509836"},{"taxonomy":"post_tag","embeddable":true,"href":"https:\/\/www.estrategiaconcursos.com.br\/blog\/wp-json\/wp\/v2\/tags?post=509836"},{"taxonomy":"tax_estado","embeddable":true,"href":"https:\/\/www.estrategiaconcursos.com.br\/blog\/wp-json\/wp\/v2\/tax_estado?post=509836"}],"curies":[{"name":"wp","href":"https:\/\/api.w.org\/{rel}","templated":true}]}}