{"id":509702,"date":"2020-05-03T00:09:49","date_gmt":"2020-05-03T03:09:49","guid":{"rendered":"https:\/\/www.estrategiaconcursos.com.br\/blog\/?p=509702"},"modified":"2020-07-06T22:54:44","modified_gmt":"2020-07-07T01:54:44","slug":"da-escola-publica-no-interior-do-piaui-ao-cargo-de-auditor-fiscal","status":"publish","type":"post","link":"https:\/\/www.estrategiaconcursos.com.br\/blog\/da-escola-publica-no-interior-do-piaui-ao-cargo-de-auditor-fiscal\/","title":{"rendered":"Da escola p\u00fablica no interior do Piau\u00ed ao cargo de Auditor Fiscal."},"content":{"rendered":"\n<p>Ol\u00e1, Pessoal!<\/p>\n\n\n\n<p>Acabo de ingressar na equipe de&nbsp;<strong>Coaching<\/strong>&nbsp;do Estrat\u00e9gia Concursos e estou passando por aqui para compartilhar um breve relato da minha hist\u00f3ria e das minhas aprova\u00e7\u00f5es.<\/p>\n\n\n\n<p>Meu nome \u00e9 <strong>Andrety Bruno<\/strong>, tenho 33 anos, moro em Teresina-PI, formado em Com\u00e9rcio Exterior e P\u00f3s graduado em Direito Tribut\u00e1rio. Sou servidor p\u00fablico h\u00e1 exatos 10 anos.<\/p>\n\n\n\n<p>Seguem minhas aprova\u00e7\u00f5es:<\/p>\n\n\n\n<ul class=\"wp-block-list\"><li><strong>09\u00ba<\/strong> colocado para <strong>Auditor Fiscal<\/strong> da Secretaria de Fazenda de Alagoas <strong>(SEFAZ\/AL).<\/strong><\/li><li><strong>62\u00ba<\/strong> colocado para <strong>Auditor Fiscal<\/strong> da Secretaria de Fazenda de Goi\u00e1s <strong>(SEFAZ\/GO).<\/strong><\/li><li><strong>02\u00ba<\/strong> colocado para <strong>T\u00e9cnico Administrativo<\/strong> do Minist\u00e9rio P\u00fablico do Maranh\u00e3o <strong>(MPE\/MA).<\/strong><\/li><li><strong>24\u00ba<\/strong> colocado para <strong>T\u00e9cnico Judici\u00e1rio<\/strong> do Tribunal de Justi\u00e7a do Piau\u00ed <strong>(TJ\/PI).<\/strong><\/li><\/ul>\n\n\n\n<p><\/p>\n\n\n\n<p>Tudo come\u00e7ou em 2010, quando fui aprovado e nomeado no cargo de T\u00e9cnico Judici\u00e1rio do TJ\/PI. Este foi <strong>meu primeiro concurso p\u00fablico e, em 4 meses de estudo<\/strong>, tive a gra\u00e7a de ser <strong>aprovado<\/strong>. Passei alguns anos acomodado, at\u00e9 resolver estudar para o cargo de Auditor Fiscal.<\/p>\n\n\n\n<p>Desde ent\u00e3o, tive algumas reprova\u00e7\u00f5es, algumas batidas em trave, at\u00e9 chegar ao 8\u00ba lugar na SEFAZ\/AL.<\/p>\n\n\n\n<p>Para voc\u00ea entender a import\u00e2ncia das aprova\u00e7\u00f5es em minha vida, remoto \u00e0s minhas origens. <strong>Nasci e vivi at\u00e9 meus&nbsp; 14 anos em duas cidades de pouco mais de 4 mil habitantes no interior do Piau\u00ed<\/strong> (Landri Sales e Marcos Parente). <strong>Estudei todo o ensino fundamental em escola p\u00fablica<\/strong>. E por que ressalto isso? Pra voc\u00ea, que n\u00e3o teve uma boa base escolar, saber que tamb\u00e9m pode ser aprovado.<\/p>\n\n\n\n<p>Muitas pessoas t\u00eam a falsa ilus\u00e3o de pensar que a maioria dos aprovados s\u00e3o dotados de uma intelig\u00eancia superior. E digo pra voc\u00ea: <strong>a grande maioria s\u00e3o pessoas normais, que tiveram uma determina\u00e7\u00e3o acima da m\u00e9dia, e superaram v\u00e1rias dificuldades at\u00e9 conseguirem a t\u00e3o sonhada aprova\u00e7\u00e3o.<\/strong><\/p>\n\n\n\n<p>Agora estou na equipe de <strong>coaching <\/strong>do maior site de concursos p\u00fablicos do pa\u00eds, pronto para ajud\u00e1-lo a chegar no lado de c\u00e1.<\/p>\n\n\n\n<p>Caso queira saber mais sobre minha trajet\u00f3ria, seguem os links com minhas entrevistas ao Estrat\u00e9gia:<\/p>\n\n\n\n<p><\/p>\n\n\n\n<div class=\"wp-block-group\"><div class=\"wp-block-group__inner-container is-layout-flow wp-block-group-is-layout-flow\">\n<p style=\"margin-left: 36.0pt; text-indent: -18.0pt; mso-list: l0 level1 lfo1;\"><!-- [if !supportLists]--><span style=\"font-family: Symbol; mso-fareast-font-family: Symbol; mso-bidi-font-family: Symbol;\"><span style=\"mso-list: Ignore;\">\u00b7<span style=\"font: 7.0pt 'Times New Roman';\"> &nbsp;&nbsp;&nbsp;&nbsp;&nbsp;&nbsp;&nbsp;<\/span><\/span><\/span><strong>Entrevista em v\u00eddeo<\/strong>: <a href=\"https:\/\/www.youtube.com\/watch?v=crbiNLqOMmE&amp;t=1023s\">https:\/\/www.youtube.com\/watch?v=crbiNLqOMmE&amp;t=1023s<\/a><\/p>\n<p><\/p>\n\n\n\n<p style=\"margin-left: 36.0pt; text-indent: -18.0pt; mso-list: l0 level1 lfo1;\"><!-- [if !supportLists]--><span style=\"font-family: Symbol; mso-fareast-font-family: Symbol; mso-bidi-font-family: Symbol;\"><span style=\"mso-list: Ignore;\">\u00b7<span style=\"font: 7.0pt 'Times New Roman';\"> \u00a0\u00a0\u00a0\u00a0\u00a0\u00a0\u00a0<\/span><\/span><\/span><strong>Entrevista escrita:<\/strong> <a href=\"https:\/\/www.estrategiaconcursos.com.br\/blog\/depoimento\/entrevista-andrety-bruno-teixeira-aprovado-em-8o-lugar-no-concurso-sefaz-al-no-cargo-de-auditor-fiscal\/\">https:\/\/www.estrategiaconcursos.com.br\/blog\/depoimento\/entrevista-andrety-bruno-teixeira-aprovado-em-8o-lugar-no-concurso-sefaz-al-no-cargo-de-auditor-fiscal\/<\/a><\/p>\n<p>\n<\/p><\/div><\/div>\n\n\n<p><!-- \/wp:post-content --><\/p>\n<p><!-- wp:group --><\/p>\n<div class=\"wp-block-group\">\n<div class=\"wp-block-group__inner-container\"><!-- wp:paragraph --><p><\/p>\n<p>Para acompanhar as dicas de estudo que postarei, <strong>me siga no Instagram:<\/strong> <a href=\"https:\/\/www.instagram.com\/andretybruno\/\">https:\/\/www.instagram.com\/andretybruno\/<\/a><\/p>\n<p><!-- \/wp:paragraph --><\/p>\n<\/div>\n<\/div>\n<p><!-- \/wp:group --><\/p>\n<p><!-- wp:paragraph --><\/p>\n<p><em><strong>&#8221;O cavalo prepara-se para o dia da batalha, mas do Senhor vem a vit\u00f3ria.&#8221; <\/strong><\/em>(Prov\u00e9rbios 21:31) &nbsp; &nbsp;<\/p>\n<p><!-- \/wp:paragraph --><\/p>","protected":false},"excerpt":{"rendered":"<p>Ol\u00e1, Pessoal! Acabo de ingressar na equipe de&nbsp;Coaching&nbsp;do Estrat\u00e9gia Concursos e estou passando por aqui para compartilhar um breve relato da minha hist\u00f3ria e das minhas aprova\u00e7\u00f5es. Meu nome \u00e9 Andrety Bruno, tenho 33 anos, moro em Teresina-PI, formado em Com\u00e9rcio Exterior e P\u00f3s graduado em Direito Tribut\u00e1rio. Sou servidor p\u00fablico h\u00e1 exatos 10 anos. [&hellip;]<\/p>\n","protected":false},"author":1683,"featured_media":0,"comment_status":"open","ping_status":"closed","sticky":false,"template":"","format":"standard","meta":{"post_tipo":"article","footnotes":""},"categories":[1],"tags":[647,629,1693,1449],"tax_estado":[],"class_list":["post-509702","post","type-post","status-publish","format-standard","hentry","category-cursos-e-concursos","tag-aprovacao","tag-auditor-fiscal","tag-coaching-para-concursos","tag-concurso-auditor-fiscal"],"acf":[],"yoast_head":"<!-- This site is optimized with the Yoast SEO Premium plugin v27.2 (Yoast SEO v27.2) - https:\/\/yoast.com\/product\/yoast-seo-premium-wordpress\/ -->\n<title>Da escola p\u00fablica no interior do Piau\u00ed ao cargo de Auditor Fiscal.<\/title>\n<meta name=\"robots\" content=\"index, follow, max-snippet:-1, max-image-preview:large, max-video-preview:-1\" \/>\n<link rel=\"canonical\" href=\"https:\/\/www.estrategiaconcursos.com.br\/blog\/da-escola-publica-no-interior-do-piaui-ao-cargo-de-auditor-fiscal\/\" \/>\n<meta property=\"og:locale\" content=\"pt_BR\" \/>\n<meta property=\"og:type\" content=\"article\" \/>\n<meta property=\"og:title\" content=\"Da escola p\u00fablica no interior do Piau\u00ed ao cargo de Auditor Fiscal.\" \/>\n<meta property=\"og:description\" content=\"Ol\u00e1, Pessoal! Acabo de ingressar na equipe de&nbsp;Coaching&nbsp;do Estrat\u00e9gia Concursos e estou passando por aqui para compartilhar um breve relato da minha hist\u00f3ria e das minhas aprova\u00e7\u00f5es. Meu nome \u00e9 Andrety Bruno, tenho 33 anos, moro em Teresina-PI, formado em Com\u00e9rcio Exterior e P\u00f3s graduado em Direito Tribut\u00e1rio. Sou servidor p\u00fablico h\u00e1 exatos 10 anos. [&hellip;]\" \/>\n<meta property=\"og:url\" content=\"https:\/\/www.estrategiaconcursos.com.br\/blog\/da-escola-publica-no-interior-do-piaui-ao-cargo-de-auditor-fiscal\/\" \/>\n<meta property=\"og:site_name\" content=\"Estrat\u00e9gia Concursos\" \/>\n<meta property=\"article:published_time\" content=\"2020-05-03T03:09:49+00:00\" \/>\n<meta property=\"article:modified_time\" content=\"2020-07-07T01:54:44+00:00\" \/>\n<meta name=\"author\" content=\"Andrety Bruno Elias Teixeira\" \/>\n<meta name=\"twitter:card\" content=\"summary_large_image\" \/>\n<meta name=\"twitter:creator\" content=\"@EstratConcursos\" \/>\n<meta name=\"twitter:site\" content=\"@EstratConcursos\" \/>\n<meta name=\"twitter:label1\" content=\"Escrito por\" \/>\n\t<meta name=\"twitter:data1\" content=\"Andrety Bruno Elias Teixeira\" \/>\n\t<meta name=\"twitter:label2\" content=\"Est. tempo de leitura\" \/>\n\t<meta name=\"twitter:data2\" content=\"2 minutos\" \/>\n<script type=\"application\/ld+json\" class=\"yoast-schema-graph\">{\"@context\":\"https:\/\/schema.org\",\"@graph\":[{\"@type\":\"NewsArticle\",\"@id\":\"https:\/\/www.estrategiaconcursos.com.br\/blog\/da-escola-publica-no-interior-do-piaui-ao-cargo-de-auditor-fiscal\/#article\",\"isPartOf\":{\"@id\":\"https:\/\/www.estrategiaconcursos.com.br\/blog\/da-escola-publica-no-interior-do-piaui-ao-cargo-de-auditor-fiscal\/\"},\"author\":{\"name\":\"Andrety Bruno Elias Teixeira\",\"@id\":\"https:\/\/www.estrategiaconcursos.com.br\/blog\/#\/schema\/person\/1d7dc5e4f40733a3e0269c785eb2b560\"},\"headline\":\"Da escola p\u00fablica no interior do Piau\u00ed ao cargo de Auditor Fiscal.\",\"datePublished\":\"2020-05-03T03:09:49+00:00\",\"dateModified\":\"2020-07-07T01:54:44+00:00\",\"mainEntityOfPage\":{\"@id\":\"https:\/\/www.estrategiaconcursos.com.br\/blog\/da-escola-publica-no-interior-do-piaui-ao-cargo-de-auditor-fiscal\/\"},\"wordCount\":443,\"commentCount\":4,\"publisher\":{\"@id\":\"https:\/\/www.estrategiaconcursos.com.br\/blog\/#organization\"},\"keywords\":[\"aprova\u00e7\u00e3o\",\"Auditor-Fiscal\",\"coaching para concursos\",\"concurso auditor-fiscal\"],\"articleSection\":[\"Concursos P\u00fablicos\"],\"inLanguage\":\"pt-BR\",\"potentialAction\":[{\"@type\":\"CommentAction\",\"name\":\"Comment\",\"target\":[\"https:\/\/www.estrategiaconcursos.com.br\/blog\/da-escola-publica-no-interior-do-piaui-ao-cargo-de-auditor-fiscal\/#respond\"]}],\"copyrightYear\":\"2020\",\"copyrightHolder\":{\"@id\":\"https:\/\/www.estrategiaconcursos.com.br\/blog\/#organization\"}},{\"@type\":\"WebPage\",\"@id\":\"https:\/\/www.estrategiaconcursos.com.br\/blog\/da-escola-publica-no-interior-do-piaui-ao-cargo-de-auditor-fiscal\/\",\"url\":\"https:\/\/www.estrategiaconcursos.com.br\/blog\/da-escola-publica-no-interior-do-piaui-ao-cargo-de-auditor-fiscal\/\",\"name\":\"Da escola p\u00fablica no interior do Piau\u00ed ao cargo de Auditor Fiscal.\",\"isPartOf\":{\"@id\":\"https:\/\/www.estrategiaconcursos.com.br\/blog\/#website\"},\"datePublished\":\"2020-05-03T03:09:49+00:00\",\"dateModified\":\"2020-07-07T01:54:44+00:00\",\"breadcrumb\":{\"@id\":\"https:\/\/www.estrategiaconcursos.com.br\/blog\/da-escola-publica-no-interior-do-piaui-ao-cargo-de-auditor-fiscal\/#breadcrumb\"},\"inLanguage\":\"pt-BR\",\"potentialAction\":[{\"@type\":\"ReadAction\",\"target\":[\"https:\/\/www.estrategiaconcursos.com.br\/blog\/da-escola-publica-no-interior-do-piaui-ao-cargo-de-auditor-fiscal\/\"]}]},{\"@type\":\"BreadcrumbList\",\"@id\":\"https:\/\/www.estrategiaconcursos.com.br\/blog\/da-escola-publica-no-interior-do-piaui-ao-cargo-de-auditor-fiscal\/#breadcrumb\",\"itemListElement\":[{\"@type\":\"ListItem\",\"position\":1,\"name\":\"In\u00edcio\",\"item\":\"https:\/\/www.estrategiaconcursos.com.br\/blog\/\"},{\"@type\":\"ListItem\",\"position\":2,\"name\":\"Da escola p\u00fablica no interior do Piau\u00ed ao cargo de Auditor Fiscal.\"}]},{\"@type\":\"WebSite\",\"@id\":\"https:\/\/www.estrategiaconcursos.com.br\/blog\/#website\",\"url\":\"https:\/\/www.estrategiaconcursos.com.br\/blog\/\",\"name\":\"Estrat\u00e9gia Concursos\",\"description\":\"O blog da Estrat\u00e9gia Concursos traz not\u00edcias sobre concursos e artigos de professores oferecendo cursos para concursos (pdf + videaulas) no site.\",\"publisher\":{\"@id\":\"https:\/\/www.estrategiaconcursos.com.br\/blog\/#organization\"},\"potentialAction\":[{\"@type\":\"SearchAction\",\"target\":{\"@type\":\"EntryPoint\",\"urlTemplate\":\"https:\/\/www.estrategiaconcursos.com.br\/blog\/?s={search_term_string}\"},\"query-input\":{\"@type\":\"PropertyValueSpecification\",\"valueRequired\":true,\"valueName\":\"search_term_string\"}}],\"inLanguage\":\"pt-BR\"},{\"@type\":\"Organization\",\"@id\":\"https:\/\/www.estrategiaconcursos.com.br\/blog\/#organization\",\"name\":\"Estrat\u00e9gia Concursos\",\"url\":\"https:\/\/www.estrategiaconcursos.com.br\/blog\/\",\"logo\":{\"@type\":\"ImageObject\",\"inLanguage\":\"pt-BR\",\"@id\":\"https:\/\/www.estrategiaconcursos.com.br\/blog\/#\/schema\/logo\/image\/\",\"url\":\"https:\/\/dhg1h5j42swfq.cloudfront.net\/2025\/06\/03203428\/logo_concursos-1.jpg\",\"contentUrl\":\"https:\/\/dhg1h5j42swfq.cloudfront.net\/2025\/06\/03203428\/logo_concursos-1.jpg\",\"width\":230,\"height\":60,\"caption\":\"Estrat\u00e9gia Concursos\"},\"image\":{\"@id\":\"https:\/\/www.estrategiaconcursos.com.br\/blog\/#\/schema\/logo\/image\/\"},\"sameAs\":[\"https:\/\/x.com\/EstratConcursos\"]},{\"@type\":\"Person\",\"@id\":\"https:\/\/www.estrategiaconcursos.com.br\/blog\/#\/schema\/person\/1d7dc5e4f40733a3e0269c785eb2b560\",\"name\":\"Andrety Bruno Elias Teixeira\",\"image\":{\"@type\":\"ImageObject\",\"inLanguage\":\"pt-BR\",\"@id\":\"https:\/\/secure.gravatar.com\/avatar\/48951da82974a458554921d63d638aaeff6ed2c7dc473c1ea854a37ab5aaaee6?s=96&d=mm&r=g\",\"url\":\"https:\/\/secure.gravatar.com\/avatar\/48951da82974a458554921d63d638aaeff6ed2c7dc473c1ea854a37ab5aaaee6?s=96&d=mm&r=g\",\"contentUrl\":\"https:\/\/secure.gravatar.com\/avatar\/48951da82974a458554921d63d638aaeff6ed2c7dc473c1ea854a37ab5aaaee6?s=96&d=mm&r=g\",\"caption\":\"Andrety Bruno Elias Teixeira\"},\"url\":\"https:\/\/www.estrategiaconcursos.com.br\/blog\/author\/andretybrunogmail-com\/\"}]}<\/script>\n<!-- \/ Yoast SEO Premium plugin. -->","yoast_head_json":{"title":"Da escola p\u00fablica no interior do Piau\u00ed ao cargo de Auditor Fiscal.","robots":{"index":"index","follow":"follow","max-snippet":"max-snippet:-1","max-image-preview":"max-image-preview:large","max-video-preview":"max-video-preview:-1"},"canonical":"https:\/\/www.estrategiaconcursos.com.br\/blog\/da-escola-publica-no-interior-do-piaui-ao-cargo-de-auditor-fiscal\/","og_locale":"pt_BR","og_type":"article","og_title":"Da escola p\u00fablica no interior do Piau\u00ed ao cargo de Auditor Fiscal.","og_description":"Ol\u00e1, Pessoal! Acabo de ingressar na equipe de&nbsp;Coaching&nbsp;do Estrat\u00e9gia Concursos e estou passando por aqui para compartilhar um breve relato da minha hist\u00f3ria e das minhas aprova\u00e7\u00f5es. Meu nome \u00e9 Andrety Bruno, tenho 33 anos, moro em Teresina-PI, formado em Com\u00e9rcio Exterior e P\u00f3s graduado em Direito Tribut\u00e1rio. Sou servidor p\u00fablico h\u00e1 exatos 10 anos. [&hellip;]","og_url":"https:\/\/www.estrategiaconcursos.com.br\/blog\/da-escola-publica-no-interior-do-piaui-ao-cargo-de-auditor-fiscal\/","og_site_name":"Estrat\u00e9gia Concursos","article_published_time":"2020-05-03T03:09:49+00:00","article_modified_time":"2020-07-07T01:54:44+00:00","author":"Andrety Bruno Elias Teixeira","twitter_card":"summary_large_image","twitter_creator":"@EstratConcursos","twitter_site":"@EstratConcursos","twitter_misc":{"Escrito por":"Andrety Bruno Elias Teixeira","Est. tempo de leitura":"2 minutos"},"schema":{"@context":"https:\/\/schema.org","@graph":[{"@type":"NewsArticle","@id":"https:\/\/www.estrategiaconcursos.com.br\/blog\/da-escola-publica-no-interior-do-piaui-ao-cargo-de-auditor-fiscal\/#article","isPartOf":{"@id":"https:\/\/www.estrategiaconcursos.com.br\/blog\/da-escola-publica-no-interior-do-piaui-ao-cargo-de-auditor-fiscal\/"},"author":{"name":"Andrety Bruno Elias Teixeira","@id":"https:\/\/www.estrategiaconcursos.com.br\/blog\/#\/schema\/person\/1d7dc5e4f40733a3e0269c785eb2b560"},"headline":"Da escola p\u00fablica no interior do Piau\u00ed ao cargo de Auditor Fiscal.","datePublished":"2020-05-03T03:09:49+00:00","dateModified":"2020-07-07T01:54:44+00:00","mainEntityOfPage":{"@id":"https:\/\/www.estrategiaconcursos.com.br\/blog\/da-escola-publica-no-interior-do-piaui-ao-cargo-de-auditor-fiscal\/"},"wordCount":443,"commentCount":4,"publisher":{"@id":"https:\/\/www.estrategiaconcursos.com.br\/blog\/#organization"},"keywords":["aprova\u00e7\u00e3o","Auditor-Fiscal","coaching para concursos","concurso auditor-fiscal"],"articleSection":["Concursos P\u00fablicos"],"inLanguage":"pt-BR","potentialAction":[{"@type":"CommentAction","name":"Comment","target":["https:\/\/www.estrategiaconcursos.com.br\/blog\/da-escola-publica-no-interior-do-piaui-ao-cargo-de-auditor-fiscal\/#respond"]}],"copyrightYear":"2020","copyrightHolder":{"@id":"https:\/\/www.estrategiaconcursos.com.br\/blog\/#organization"}},{"@type":"WebPage","@id":"https:\/\/www.estrategiaconcursos.com.br\/blog\/da-escola-publica-no-interior-do-piaui-ao-cargo-de-auditor-fiscal\/","url":"https:\/\/www.estrategiaconcursos.com.br\/blog\/da-escola-publica-no-interior-do-piaui-ao-cargo-de-auditor-fiscal\/","name":"Da escola p\u00fablica no interior do Piau\u00ed ao cargo de Auditor Fiscal.","isPartOf":{"@id":"https:\/\/www.estrategiaconcursos.com.br\/blog\/#website"},"datePublished":"2020-05-03T03:09:49+00:00","dateModified":"2020-07-07T01:54:44+00:00","breadcrumb":{"@id":"https:\/\/www.estrategiaconcursos.com.br\/blog\/da-escola-publica-no-interior-do-piaui-ao-cargo-de-auditor-fiscal\/#breadcrumb"},"inLanguage":"pt-BR","potentialAction":[{"@type":"ReadAction","target":["https:\/\/www.estrategiaconcursos.com.br\/blog\/da-escola-publica-no-interior-do-piaui-ao-cargo-de-auditor-fiscal\/"]}]},{"@type":"BreadcrumbList","@id":"https:\/\/www.estrategiaconcursos.com.br\/blog\/da-escola-publica-no-interior-do-piaui-ao-cargo-de-auditor-fiscal\/#breadcrumb","itemListElement":[{"@type":"ListItem","position":1,"name":"In\u00edcio","item":"https:\/\/www.estrategiaconcursos.com.br\/blog\/"},{"@type":"ListItem","position":2,"name":"Da escola p\u00fablica no interior do Piau\u00ed ao cargo de Auditor Fiscal."}]},{"@type":"WebSite","@id":"https:\/\/www.estrategiaconcursos.com.br\/blog\/#website","url":"https:\/\/www.estrategiaconcursos.com.br\/blog\/","name":"Estrat\u00e9gia Concursos","description":"O blog da Estrat\u00e9gia Concursos traz not\u00edcias sobre concursos e artigos de professores oferecendo cursos para concursos (pdf + videaulas) no site.","publisher":{"@id":"https:\/\/www.estrategiaconcursos.com.br\/blog\/#organization"},"potentialAction":[{"@type":"SearchAction","target":{"@type":"EntryPoint","urlTemplate":"https:\/\/www.estrategiaconcursos.com.br\/blog\/?s={search_term_string}"},"query-input":{"@type":"PropertyValueSpecification","valueRequired":true,"valueName":"search_term_string"}}],"inLanguage":"pt-BR"},{"@type":"Organization","@id":"https:\/\/www.estrategiaconcursos.com.br\/blog\/#organization","name":"Estrat\u00e9gia Concursos","url":"https:\/\/www.estrategiaconcursos.com.br\/blog\/","logo":{"@type":"ImageObject","inLanguage":"pt-BR","@id":"https:\/\/www.estrategiaconcursos.com.br\/blog\/#\/schema\/logo\/image\/","url":"https:\/\/dhg1h5j42swfq.cloudfront.net\/2025\/06\/03203428\/logo_concursos-1.jpg","contentUrl":"https:\/\/dhg1h5j42swfq.cloudfront.net\/2025\/06\/03203428\/logo_concursos-1.jpg","width":230,"height":60,"caption":"Estrat\u00e9gia Concursos"},"image":{"@id":"https:\/\/www.estrategiaconcursos.com.br\/blog\/#\/schema\/logo\/image\/"},"sameAs":["https:\/\/x.com\/EstratConcursos"]},{"@type":"Person","@id":"https:\/\/www.estrategiaconcursos.com.br\/blog\/#\/schema\/person\/1d7dc5e4f40733a3e0269c785eb2b560","name":"Andrety Bruno Elias Teixeira","image":{"@type":"ImageObject","inLanguage":"pt-BR","@id":"https:\/\/secure.gravatar.com\/avatar\/48951da82974a458554921d63d638aaeff6ed2c7dc473c1ea854a37ab5aaaee6?s=96&d=mm&r=g","url":"https:\/\/secure.gravatar.com\/avatar\/48951da82974a458554921d63d638aaeff6ed2c7dc473c1ea854a37ab5aaaee6?s=96&d=mm&r=g","contentUrl":"https:\/\/secure.gravatar.com\/avatar\/48951da82974a458554921d63d638aaeff6ed2c7dc473c1ea854a37ab5aaaee6?s=96&d=mm&r=g","caption":"Andrety Bruno Elias Teixeira"},"url":"https:\/\/www.estrategiaconcursos.com.br\/blog\/author\/andretybrunogmail-com\/"}]}},"_links":{"self":[{"href":"https:\/\/www.estrategiaconcursos.com.br\/blog\/wp-json\/wp\/v2\/posts\/509702","targetHints":{"allow":["GET"]}}],"collection":[{"href":"https:\/\/www.estrategiaconcursos.com.br\/blog\/wp-json\/wp\/v2\/posts"}],"about":[{"href":"https:\/\/www.estrategiaconcursos.com.br\/blog\/wp-json\/wp\/v2\/types\/post"}],"author":[{"embeddable":true,"href":"https:\/\/www.estrategiaconcursos.com.br\/blog\/wp-json\/wp\/v2\/users\/1683"}],"replies":[{"embeddable":true,"href":"https:\/\/www.estrategiaconcursos.com.br\/blog\/wp-json\/wp\/v2\/comments?post=509702"}],"version-history":[{"count":54,"href":"https:\/\/www.estrategiaconcursos.com.br\/blog\/wp-json\/wp\/v2\/posts\/509702\/revisions"}],"predecessor-version":[{"id":538569,"href":"https:\/\/www.estrategiaconcursos.com.br\/blog\/wp-json\/wp\/v2\/posts\/509702\/revisions\/538569"}],"wp:attachment":[{"href":"https:\/\/www.estrategiaconcursos.com.br\/blog\/wp-json\/wp\/v2\/media?parent=509702"}],"wp:term":[{"taxonomy":"category","embeddable":true,"href":"https:\/\/www.estrategiaconcursos.com.br\/blog\/wp-json\/wp\/v2\/categories?post=509702"},{"taxonomy":"post_tag","embeddable":true,"href":"https:\/\/www.estrategiaconcursos.com.br\/blog\/wp-json\/wp\/v2\/tags?post=509702"},{"taxonomy":"tax_estado","embeddable":true,"href":"https:\/\/www.estrategiaconcursos.com.br\/blog\/wp-json\/wp\/v2\/tax_estado?post=509702"}],"curies":[{"name":"wp","href":"https:\/\/api.w.org\/{rel}","templated":true}]}}