{"id":509670,"date":"2020-05-05T11:38:09","date_gmt":"2020-05-05T14:38:09","guid":{"rendered":"https:\/\/www.estrategiaconcursos.com.br\/blog\/?p=509670"},"modified":"2020-05-06T12:15:14","modified_gmt":"2020-05-06T15:15:14","slug":"lockdown-em-sao-luis","status":"publish","type":"post","link":"https:\/\/www.estrategiaconcursos.com.br\/blog\/lockdown-em-sao-luis\/","title":{"rendered":"Entenda o Lockdown em S\u00e3o Lu\u00eds &#8211; MA: marco de refer\u00eancia para outros Estados?"},"content":{"rendered":"\n<p class=\"has-medium-font-size\"><em>Como o <strong>lockdown em S\u00e3o Lu\u00eds<\/strong> afetar\u00e1 a vida dos maranhenses, e poder\u00e1 servir de refer\u00eancia para outros estados<\/em><\/p>\n\n\n\n<div class=\"wp-block-image\"><figure class=\"aligncenter size-medium\"><img loading=\"lazy\" decoding=\"async\" width=\"300\" height=\"200\" src=\"https:\/\/dhg1h5j42swfq.cloudfront.net\/2020\/05\/02115635\/Lockdown-AdobeStock_129796635-300x200.jpeg\" alt=\"lockdown em s\u00e3o lu\u00eds\" class=\"wp-image-509675\" srcset=\"https:\/\/dhg1h5j42swfq.cloudfront.net\/2020\/05\/02115635\/Lockdown-AdobeStock_129796635-300x200.jpeg 300w, https:\/\/dhg1h5j42swfq.cloudfront.net\/2020\/05\/02115635\/Lockdown-AdobeStock_129796635-768x512.jpeg 768w, https:\/\/dhg1h5j42swfq.cloudfront.net\/2020\/05\/02115635\/Lockdown-AdobeStock_129796635-610x407.jpeg 610w, https:\/\/dhg1h5j42swfq.cloudfront.net\/2020\/05\/02115635\/Lockdown-AdobeStock_129796635.jpeg 1024w\" sizes=\"auto, (max-width: 300px) 100vw, 300px\" \/><figcaption>Lockdown no Maranh\u00e3o<\/figcaption><\/figure><\/div>\n\n\n\n<p>Ol\u00e1 pessoal, tudo bem? Eu espero que sim!<\/p>\n\n\n\n<p>Na \u00faltima quinta-feira (30\/04\/2020), a Justi\u00e7a determinou ao Estado do Maranh\u00e3o, a pedido do Minist\u00e9rio P\u00fablico, que aplique o <strong><em>lockdown<\/em> em S\u00e3o Lu\u00eds<\/strong> e em outras 3 cidades. Nas palavras da decis\u00e3o, ser\u00e3o suspensas<strong> \u201ctodas as atividades n\u00e3o essenciais \u00e0 manuten\u00e7\u00e3o da vida e da sa\u00fade<\/strong>, trazendo rol exaustivo das atividades essenciais que ficariam excepcionadas dessa suspens\u00e3o, bem como limita\u00e7\u00e3o adequada das reuni\u00f5es de pessoas em espa\u00e7os p\u00fablicos, al\u00e9m da regulamenta\u00e7\u00e3o do funcionamento dos servi\u00e7os p\u00fablicos e atividades essenciais, prescrevendo-se lota\u00e7\u00e3o m\u00e1xima excepcional nesses ambientes, na forma estabelecida pelo Boletim Epidemiol\u00f3gico do Minist\u00e9rio da Sa\u00fade, de modo que a <strong>restri\u00e7\u00e3o do conv\u00edvio social atinja, no m\u00ednimo, 60% da popula\u00e7\u00e3o<\/strong>\u201d.<\/p>\n\n\n\n<p>Ademais, o Governador Fl\u00e1vio Dino informou que ir\u00e1 seguir a medida.<\/p>\n\n\n\n<h2 class=\"wp-block-heading\">O que \u00e9 <em>Lockdown<\/em>?<\/h2>\n\n\n\n<p>S\u00e3o v\u00e1rias as formas de se tentar combater uma pandemia. Todavia, quando n\u00e3o se tem vacinas testadas e regulamentadas, nem medicamentos com efeitos comprovados, torna-se dif\u00edcil o enfrentamento direito contra o v\u00edrus. Nesses casos, o melhor a se fazer \u00e9 combater a dissemina\u00e7\u00e3o, a partir de medidas de distanciamento social.<\/p>\n\n\n\n<p>Dentre as medidas de isolamento, o lockdown \u00e9 a mais severa de todas. Enquanto que no isolamento social \u00e9 <strong>recomendado<\/strong> a perman\u00eancia em casa e que se evite aglomera\u00e7\u00f5es, no <em>lockdown<\/em> ficam <strong>proibidos<\/strong> a entrada e sa\u00edda de ve\u00edculos nas cidades afetadas, aglomera\u00e7\u00f5es de pessoas, servi\u00e7os n\u00e3o essenciais. Em outras palavras, \u00e9 permitido, basicamente, sair de casa apenas para comprar alimenta\u00e7\u00e3o e rem\u00e9dio, e, eventualmente, ir \u00e0s unidades de sa\u00fade.<\/p>\n\n\n\n<h2 class=\"wp-block-heading\">Como ser\u00e1 o <em>lockdown<\/em> em S\u00e3o Lu\u00eds<\/h2>\n\n\n\n<p>De acordo com a decis\u00e3o (<a href=\"https:\/\/www.conjur.com.br\/dl\/justica-ordena-lockdown-maranhao-sao.pdf\">processo: 0813507-41.2020.8.10.0001<\/a>), o<em> <strong>lockdown<\/strong><\/em><strong> em S\u00e3o Lu\u00eds <\/strong>do Maranh\u00e3o ter\u00e1 dura\u00e7\u00e3o de 10 dias, a iniciar dia 05\/05\/2020. As seguintes atividades ficar\u00e3o proibidas ou regulamentadas, durante este prazo:<\/p>\n\n\n\n<ul class=\"wp-block-list\"><li>A <strong>suspens\u00e3o expressa de todas as atividades n\u00e3o essenciais<\/strong> \u00e0 manuten\u00e7\u00e3o da vida e da sa\u00fade, trazendo rol exaustivo das atividades essenciais que ficariam excepcionadas dessa suspens\u00e3o, tais como <strong>alimenta\u00e7\u00e3o<\/strong>, <strong>medicamentos<\/strong> e servi\u00e7os obrigatoriamente ininterruptos (portos e ind\u00fastrias que trabalhem em turnos de 24h);<\/li><li>Limita\u00e7\u00e3o adequada das reuni\u00f5es de pessoas em espa\u00e7os p\u00fablicos ou abertos ao p\u00fablico;<\/li><li>Regulamenta\u00e7\u00e3o do funcionamento dos servi\u00e7os p\u00fablicos e atividades essenciais, tais como bancos e lot\u00e9ricas <strong>exclusivamente para pagamento de renda b\u00e1sica emergencial, sal\u00e1rios e benef\u00edcios sociais<\/strong>, prescrevendo-se lota\u00e7\u00e3o m\u00e1xima excepcional nesses ambientes e organiza\u00e7\u00e3o de filas;<\/li><li><strong>Veda\u00e7\u00e3o de circula\u00e7\u00e3o de ve\u00edculos particulares<\/strong>, salvo para compra de alimentos ou medicamentos, para transporte de pessoas para atendimento de sa\u00fade ou desempenho de atividades de seguran\u00e7a ou no itiner\u00e1rio de servi\u00e7os considerados como essenciais por Decreto Estadual;<\/li><li><strong>Veda\u00e7\u00e3o de entrada\/sa\u00edda de ve\u00edculos da Ilha, por 10 dias<\/strong>, salvo caminh\u00f5es, ambul\u00e2ncias, ve\u00edculos transportando pessoas para atendimento de sa\u00fade, ve\u00edculos no desempenho de atividades de seguran\u00e7a ou no itiner\u00e1rio de servi\u00e7os considerados essenciais por Decreto Estadual;<\/li><li>A ado\u00e7\u00e3o de medidas de orienta\u00e7\u00e3o e de <strong>san\u00e7\u00e3o administrativa<\/strong> quando houver infra\u00e7\u00e3o \u00e0s medidas de restri\u00e7\u00e3o social, como o <strong>n\u00e3o uso de m\u00e1scaras <\/strong>em locais de acesso ao p\u00fablico, conduta an\u00e1loga aos crimes de infra\u00e7\u00e3o de medida sanit\u00e1ria preventiva (art. 268 do CP);<\/li><li>A extens\u00e3o da <strong>suspens\u00e3o das aulas da rede privada<\/strong> nos munic\u00edpios de S\u00e3o Lu\u00eds, Pa\u00e7o do Lumiar, S\u00e3o Jos\u00e9 de Ribamar e Raposa, segundo os par\u00e2metros adotados para a rede estadual;<\/li><\/ul>\n\n\n\n<p>Dessa forma, fica o p\u00fablico obrigado ao uso de m\u00e1scaras em locais abertos.<\/p>\n\n\n\n<h2 class=\"wp-block-heading\">Decis\u00e3o<\/h2>\n\n\n\n<p>Segundo o <a href=\"https:\/\/g1.globo.com\/\">portal de not\u00edcias G1<\/a>, o juiz Douglas de Melo Martins, respons\u00e1vel pela decis\u00e3o que decretou o lockdown em S\u00e3o Lu\u00eds, S\u00e3o Jos\u00e9 de Ribamar, Pa\u00e7o do Lumiar e Raposa, afirmou que tomou esta decis\u00e3o porque \u201c<strong>as pessoas est\u00e3o brincando e outras est\u00e3o morrendo<\/strong>\u201d.<\/p>\n\n\n\n<h2 class=\"wp-block-heading\">Casos de COVID-19 em S\u00e3o Lu\u00eds do Maranh\u00e3o<\/h2>\n\n\n\n<p>A Fiocruz afirmou que o Maranh\u00e3o \u00e9 o estado que apresenta maior taxa de crescimento de mortos por COVID-19 no Brasil.<\/p>\n\n\n\n<p>Al\u00e9m disso, de acordo com o BOLETIM EPIDEMIOL\u00d3GICO COVID-19 de 28\/04\/2020, <strong>100% dos leitos de UTI exclusivos para a COVID-19<\/strong>, na rede p\u00fablica de S\u00e3o Lu\u00eds, <strong>est\u00e3o ocupados.<\/strong> Afirma, ainda, o juiz Douglas Martins, que os hospitais privados j\u00e1 notificam que a capacidade m\u00e1xima de seus leitos para pacientes com COVID-19 foi atingida.<\/p>\n\n\n\n<p>Torna-se o lockdown em S\u00e3o Lu\u00eds, portanto, a medida mais efetiva e respons\u00e1vel no combate \u00e0 pandemia.<\/p>\n\n\n\n<h2 class=\"wp-block-heading\">Hospitais de Campanha no Maranh\u00e3o<\/h2>\n\n\n\n<p>O Estado do Maranh\u00e3o j\u00e1 divulgou a constru\u00e7\u00e3o emergencial de hospital da campanha em S\u00e3o Lu\u00eds que contar\u00e1 com 200 novos leitos, que, no entanto, somente ser\u00e1 conclu\u00edda em 45 dias.<\/p>\n\n\n\n<h2 class=\"wp-block-heading\">Como o Lockdown em S\u00e3o Lu\u00eds poder\u00e1 influenciar outros Estados<\/h2>\n\n\n\n<p>A lista de pa\u00edses que j\u00e1 adotaram essa medida n\u00e3o \u00e9 t\u00e3o pequena assim. O primeiro pa\u00eds a estabelecer o <em>lockdown<\/em> foi a China (ber\u00e7o da doen\u00e7a), quando teve a maior parte de seus voos para o exterior suspensos, em meados de fevereiro. Com o passar das semanas, vimos outros pa\u00edses que tamb\u00e9m adotaram posicionamentos semelhantes: It\u00e1lia, Fran\u00e7a, Espanha.<\/p>\n\n\n\n<p>Quando n\u00e3o se sabe exatamente o que fazer, recorremos \u00e0 famosa frase: \u201c\u00e9 melhor prevenir do que remediar\u201d. Como acompanhamos nos jornais, alguns Estados j\u00e1 est\u00e3o com suas capacidades m\u00e1ximas hospitalares praticamente atingidas, dentre eles: Amazonas, S\u00e3o Paulo e Rio de Janeiro.<\/p>\n\n\n\n<p>Assim sendo, caso a situa\u00e7\u00e3o saia de controle nas capitais destes estados, n\u00e3o seria surpresa que os governadores, ou at\u00e9 mesmo a justi\u00e7a destes entes da federa\u00e7\u00e3o, determinem a medida m\u00e1xima de isolamento social.<\/p>\n\n\n\n<p>Um forte abra\u00e7o<\/p>\n\n\n\n<p>Leandro Ricardo M. Silveira<\/p>\n\n\n\n<p><strong>Instagram: <\/strong><a href=\"https:\/\/www.instagram.com\/leandro.rms12\/\">https:\/\/www.instagram.com\/leandro.rms12\/<\/a><\/p>\n\n\n\n<p class=\"has-text-align-center has-medium-font-size\"><em><strong>Assinatura Anual Ilimitada*<\/strong><\/em><\/p>\n\n\n\n<p class=\"has-text-align-center\"><em>Prepare-se com o melhor material e com quem mais aprova em Concursos P\u00fablicos em todo o pa\u00eds. Assine agora a nossa Assinatura Anual e tenha acesso ilimitado* a todos os nossos cursos.<\/em><\/p>\n\n\n\n<p style=\"font-size:22px\" class=\"has-background has-text-align-center has-luminous-vivid-amber-background-color\"><strong>ASSINE AGORA<\/strong>&nbsp;\u2013&nbsp;<a rel=\"noreferrer noopener\" href=\"https:\/\/www.estrategiaconcursos.com.br\/assinaturas\" target=\"_blank\"><strong>Assinatura Ilimitada<\/strong><\/a><\/p>\n\n\n\n<p class=\"has-text-align-center has-medium-font-size\"><em><strong>Fique por dentro de todos os concursos<\/strong><\/em>:<\/p>\n\n\n\n<p style=\"font-size:22px\" class=\"has-background has-text-align-center has-pale-cyan-blue-background-color\"><a rel=\"noreferrer noopener\" href=\"https:\/\/www.estrategiaconcursos.com.br\/blog\/concursos-abertos\/\" target=\"_blank\"><strong>Concursos abertos<\/strong><\/a><\/p>\n\n\n\n<p style=\"font-size:22px\" class=\"has-background has-text-align-center has-pale-cyan-blue-background-color\"><a rel=\"noreferrer noopener\" href=\"https:\/\/www.estrategiaconcursos.com.br\/blog\/concursos-2020\/\" target=\"_blank\"><strong>Concursos 2020<\/strong><\/a><\/p>\n","protected":false},"excerpt":{"rendered":"<p>Como o lockdown em S\u00e3o Lu\u00eds afetar\u00e1 a vida dos maranhenses, e poder\u00e1 servir de refer\u00eancia para outros estados Ol\u00e1 pessoal, tudo bem? Eu espero que sim! Na \u00faltima quinta-feira (30\/04\/2020), a Justi\u00e7a determinou ao Estado do Maranh\u00e3o, a pedido do Minist\u00e9rio P\u00fablico, que aplique o lockdown em S\u00e3o Lu\u00eds e em outras 3 cidades. [&hellip;]<\/p>\n","protected":false},"author":1668,"featured_media":509675,"comment_status":"open","ping_status":"closed","sticky":false,"template":"","format":"standard","meta":{"post_tipo":"article","footnotes":""},"categories":[1],"tags":[184869,1277,10797],"tax_estado":[],"class_list":["post-509670","post","type-post","status-publish","format-standard","has-post-thumbnail","hentry","category-cursos-e-concursos","tag-lockdown","tag-maranhao","tag-sao-luis"],"acf":[],"yoast_head":"<!-- This site is optimized with the Yoast SEO Premium plugin v27.2 (Yoast SEO v27.2) - https:\/\/yoast.com\/product\/yoast-seo-premium-wordpress\/ -->\n<title>Lockdown em S\u00e3o Lu\u00eds: marco de refer\u00eancia para outros Estados?<\/title>\n<meta name=\"description\" content=\"Entenda as medidas de lockdown em s\u00e3o lu\u00eds, e como esta decis\u00e3o poder\u00e1, inclusive, influenciar outros estados a adotarem medidas semelhantes.\" \/>\n<meta name=\"robots\" content=\"index, follow, max-snippet:-1, max-image-preview:large, max-video-preview:-1\" \/>\n<link rel=\"canonical\" href=\"https:\/\/www.estrategiaconcursos.com.br\/blog\/lockdown-em-sao-luis\/\" \/>\n<meta property=\"og:locale\" content=\"pt_BR\" \/>\n<meta property=\"og:type\" content=\"article\" \/>\n<meta property=\"og:title\" content=\"Entenda o Lockdown em S\u00e3o Lu\u00eds - MA: marco de refer\u00eancia para outros Estados?\" \/>\n<meta property=\"og:description\" content=\"Entenda as medidas de lockdown em s\u00e3o lu\u00eds, e como esta decis\u00e3o poder\u00e1, inclusive, influenciar outros estados a adotarem medidas semelhantes.\" \/>\n<meta property=\"og:url\" content=\"https:\/\/www.estrategiaconcursos.com.br\/blog\/lockdown-em-sao-luis\/\" \/>\n<meta property=\"og:site_name\" content=\"Estrat\u00e9gia Concursos\" \/>\n<meta property=\"article:published_time\" content=\"2020-05-05T14:38:09+00:00\" \/>\n<meta property=\"article:modified_time\" content=\"2020-05-06T15:15:14+00:00\" \/>\n<meta property=\"og:image\" content=\"https:\/\/dhg1h5j42swfq.cloudfront.net\/2020\/05\/02115635\/Lockdown-AdobeStock_129796635.jpeg\" \/>\n\t<meta property=\"og:image:width\" content=\"1024\" \/>\n\t<meta property=\"og:image:height\" content=\"683\" \/>\n\t<meta property=\"og:image:type\" content=\"image\/jpeg\" \/>\n<meta name=\"author\" content=\"Leandro Ricardo Machado da Silveira\" \/>\n<meta name=\"twitter:card\" content=\"summary_large_image\" \/>\n<meta name=\"twitter:creator\" content=\"@EstratConcursos\" \/>\n<meta name=\"twitter:site\" content=\"@EstratConcursos\" \/>\n<meta name=\"twitter:label1\" content=\"Escrito por\" \/>\n\t<meta name=\"twitter:data1\" content=\"Leandro Ricardo Machado da Silveira\" \/>\n\t<meta name=\"twitter:label2\" content=\"Est. tempo de leitura\" \/>\n\t<meta name=\"twitter:data2\" content=\"6 minutos\" \/>\n<script type=\"application\/ld+json\" class=\"yoast-schema-graph\">{\"@context\":\"https:\/\/schema.org\",\"@graph\":[{\"@type\":\"NewsArticle\",\"@id\":\"https:\/\/www.estrategiaconcursos.com.br\/blog\/lockdown-em-sao-luis\/#article\",\"isPartOf\":{\"@id\":\"https:\/\/www.estrategiaconcursos.com.br\/blog\/lockdown-em-sao-luis\/\"},\"author\":{\"name\":\"Leandro Ricardo Machado da Silveira\",\"@id\":\"https:\/\/www.estrategiaconcursos.com.br\/blog\/#\/schema\/person\/c666a44fbce7e2e70009a9c13549267a\"},\"headline\":\"Entenda o Lockdown em S\u00e3o Lu\u00eds &#8211; MA: marco de refer\u00eancia para outros Estados?\",\"datePublished\":\"2020-05-05T14:38:09+00:00\",\"dateModified\":\"2020-05-06T15:15:14+00:00\",\"mainEntityOfPage\":{\"@id\":\"https:\/\/www.estrategiaconcursos.com.br\/blog\/lockdown-em-sao-luis\/\"},\"wordCount\":1130,\"commentCount\":1,\"publisher\":{\"@id\":\"https:\/\/www.estrategiaconcursos.com.br\/blog\/#organization\"},\"image\":{\"@id\":\"https:\/\/www.estrategiaconcursos.com.br\/blog\/lockdown-em-sao-luis\/#primaryimage\"},\"thumbnailUrl\":\"https:\/\/dhg1h5j42swfq.cloudfront.net\/2020\/05\/02115635\/Lockdown-AdobeStock_129796635.jpeg\",\"keywords\":[\"lockdown\",\"Maranh\u00e3o\",\"S\u00e3o Lu\u00eds\"],\"articleSection\":[\"Concursos P\u00fablicos\"],\"inLanguage\":\"pt-BR\",\"potentialAction\":[{\"@type\":\"CommentAction\",\"name\":\"Comment\",\"target\":[\"https:\/\/www.estrategiaconcursos.com.br\/blog\/lockdown-em-sao-luis\/#respond\"]}],\"copyrightYear\":\"2020\",\"copyrightHolder\":{\"@id\":\"https:\/\/www.estrategiaconcursos.com.br\/blog\/#organization\"}},{\"@type\":\"WebPage\",\"@id\":\"https:\/\/www.estrategiaconcursos.com.br\/blog\/lockdown-em-sao-luis\/\",\"url\":\"https:\/\/www.estrategiaconcursos.com.br\/blog\/lockdown-em-sao-luis\/\",\"name\":\"Lockdown em S\u00e3o Lu\u00eds: marco de refer\u00eancia para outros Estados?\",\"isPartOf\":{\"@id\":\"https:\/\/www.estrategiaconcursos.com.br\/blog\/#website\"},\"primaryImageOfPage\":{\"@id\":\"https:\/\/www.estrategiaconcursos.com.br\/blog\/lockdown-em-sao-luis\/#primaryimage\"},\"image\":{\"@id\":\"https:\/\/www.estrategiaconcursos.com.br\/blog\/lockdown-em-sao-luis\/#primaryimage\"},\"thumbnailUrl\":\"https:\/\/dhg1h5j42swfq.cloudfront.net\/2020\/05\/02115635\/Lockdown-AdobeStock_129796635.jpeg\",\"datePublished\":\"2020-05-05T14:38:09+00:00\",\"dateModified\":\"2020-05-06T15:15:14+00:00\",\"description\":\"Entenda as medidas de lockdown em s\u00e3o lu\u00eds, e como esta decis\u00e3o poder\u00e1, inclusive, influenciar outros estados a adotarem medidas semelhantes.\",\"breadcrumb\":{\"@id\":\"https:\/\/www.estrategiaconcursos.com.br\/blog\/lockdown-em-sao-luis\/#breadcrumb\"},\"inLanguage\":\"pt-BR\",\"potentialAction\":[{\"@type\":\"ReadAction\",\"target\":[\"https:\/\/www.estrategiaconcursos.com.br\/blog\/lockdown-em-sao-luis\/\"]}]},{\"@type\":\"ImageObject\",\"inLanguage\":\"pt-BR\",\"@id\":\"https:\/\/www.estrategiaconcursos.com.br\/blog\/lockdown-em-sao-luis\/#primaryimage\",\"url\":\"https:\/\/dhg1h5j42swfq.cloudfront.net\/2020\/05\/02115635\/Lockdown-AdobeStock_129796635.jpeg\",\"contentUrl\":\"https:\/\/dhg1h5j42swfq.cloudfront.net\/2020\/05\/02115635\/Lockdown-AdobeStock_129796635.jpeg\",\"width\":1024,\"height\":683,\"caption\":\"lockdown stencil print on the grunge white brick wall\"},{\"@type\":\"BreadcrumbList\",\"@id\":\"https:\/\/www.estrategiaconcursos.com.br\/blog\/lockdown-em-sao-luis\/#breadcrumb\",\"itemListElement\":[{\"@type\":\"ListItem\",\"position\":1,\"name\":\"In\u00edcio\",\"item\":\"https:\/\/www.estrategiaconcursos.com.br\/blog\/\"},{\"@type\":\"ListItem\",\"position\":2,\"name\":\"Entenda o Lockdown em S\u00e3o Lu\u00eds &#8211; MA: marco de refer\u00eancia para outros Estados?\"}]},{\"@type\":\"WebSite\",\"@id\":\"https:\/\/www.estrategiaconcursos.com.br\/blog\/#website\",\"url\":\"https:\/\/www.estrategiaconcursos.com.br\/blog\/\",\"name\":\"Estrat\u00e9gia Concursos\",\"description\":\"O blog da Estrat\u00e9gia Concursos traz not\u00edcias sobre concursos e artigos de professores oferecendo cursos para concursos (pdf + videaulas) no site.\",\"publisher\":{\"@id\":\"https:\/\/www.estrategiaconcursos.com.br\/blog\/#organization\"},\"potentialAction\":[{\"@type\":\"SearchAction\",\"target\":{\"@type\":\"EntryPoint\",\"urlTemplate\":\"https:\/\/www.estrategiaconcursos.com.br\/blog\/?s={search_term_string}\"},\"query-input\":{\"@type\":\"PropertyValueSpecification\",\"valueRequired\":true,\"valueName\":\"search_term_string\"}}],\"inLanguage\":\"pt-BR\"},{\"@type\":\"Organization\",\"@id\":\"https:\/\/www.estrategiaconcursos.com.br\/blog\/#organization\",\"name\":\"Estrat\u00e9gia Concursos\",\"url\":\"https:\/\/www.estrategiaconcursos.com.br\/blog\/\",\"logo\":{\"@type\":\"ImageObject\",\"inLanguage\":\"pt-BR\",\"@id\":\"https:\/\/www.estrategiaconcursos.com.br\/blog\/#\/schema\/logo\/image\/\",\"url\":\"https:\/\/dhg1h5j42swfq.cloudfront.net\/2025\/06\/03203428\/logo_concursos-1.jpg\",\"contentUrl\":\"https:\/\/dhg1h5j42swfq.cloudfront.net\/2025\/06\/03203428\/logo_concursos-1.jpg\",\"width\":230,\"height\":60,\"caption\":\"Estrat\u00e9gia Concursos\"},\"image\":{\"@id\":\"https:\/\/www.estrategiaconcursos.com.br\/blog\/#\/schema\/logo\/image\/\"},\"sameAs\":[\"https:\/\/x.com\/EstratConcursos\"]},{\"@type\":\"Person\",\"@id\":\"https:\/\/www.estrategiaconcursos.com.br\/blog\/#\/schema\/person\/c666a44fbce7e2e70009a9c13549267a\",\"name\":\"Leandro Ricardo Machado da Silveira\",\"image\":{\"@type\":\"ImageObject\",\"inLanguage\":\"pt-BR\",\"@id\":\"https:\/\/secure.gravatar.com\/avatar\/6fb25994d16b9649838400aa459b16c1c83f558e0fd6ebebd16da0473908b291?s=96&d=mm&r=g\",\"url\":\"https:\/\/secure.gravatar.com\/avatar\/6fb25994d16b9649838400aa459b16c1c83f558e0fd6ebebd16da0473908b291?s=96&d=mm&r=g\",\"contentUrl\":\"https:\/\/secure.gravatar.com\/avatar\/6fb25994d16b9649838400aa459b16c1c83f558e0fd6ebebd16da0473908b291?s=96&d=mm&r=g\",\"caption\":\"Leandro Ricardo Machado da Silveira\"},\"description\":\"Engenheiro Aeron\u00e1utico, formado pela Universidade Federal de Uberl\u00e2ndia, possui MBA em Administra\u00e7\u00e3o e Finan\u00e7as Corporativas e aprovado nos concursos de Auditor Fiscal SEFAZ-SC e SEFAZ-GO.\",\"url\":\"https:\/\/www.estrategiaconcursos.com.br\/blog\/author\/leandro_vzthotmail-com\/\"}]}<\/script>\n<!-- \/ Yoast SEO Premium plugin. -->","yoast_head_json":{"title":"Lockdown em S\u00e3o Lu\u00eds: marco de refer\u00eancia para outros Estados?","description":"Entenda as medidas de lockdown em s\u00e3o lu\u00eds, e como esta decis\u00e3o poder\u00e1, inclusive, influenciar outros estados a adotarem medidas semelhantes.","robots":{"index":"index","follow":"follow","max-snippet":"max-snippet:-1","max-image-preview":"max-image-preview:large","max-video-preview":"max-video-preview:-1"},"canonical":"https:\/\/www.estrategiaconcursos.com.br\/blog\/lockdown-em-sao-luis\/","og_locale":"pt_BR","og_type":"article","og_title":"Entenda o Lockdown em S\u00e3o Lu\u00eds - MA: marco de refer\u00eancia para outros Estados?","og_description":"Entenda as medidas de lockdown em s\u00e3o lu\u00eds, e como esta decis\u00e3o poder\u00e1, inclusive, influenciar outros estados a adotarem medidas semelhantes.","og_url":"https:\/\/www.estrategiaconcursos.com.br\/blog\/lockdown-em-sao-luis\/","og_site_name":"Estrat\u00e9gia Concursos","article_published_time":"2020-05-05T14:38:09+00:00","article_modified_time":"2020-05-06T15:15:14+00:00","og_image":[{"width":1024,"height":683,"url":"https:\/\/dhg1h5j42swfq.cloudfront.net\/2020\/05\/02115635\/Lockdown-AdobeStock_129796635.jpeg","type":"image\/jpeg"}],"author":"Leandro Ricardo Machado da Silveira","twitter_card":"summary_large_image","twitter_creator":"@EstratConcursos","twitter_site":"@EstratConcursos","twitter_misc":{"Escrito por":"Leandro Ricardo Machado da Silveira","Est. tempo de leitura":"6 minutos"},"schema":{"@context":"https:\/\/schema.org","@graph":[{"@type":"NewsArticle","@id":"https:\/\/www.estrategiaconcursos.com.br\/blog\/lockdown-em-sao-luis\/#article","isPartOf":{"@id":"https:\/\/www.estrategiaconcursos.com.br\/blog\/lockdown-em-sao-luis\/"},"author":{"name":"Leandro Ricardo Machado da Silveira","@id":"https:\/\/www.estrategiaconcursos.com.br\/blog\/#\/schema\/person\/c666a44fbce7e2e70009a9c13549267a"},"headline":"Entenda o Lockdown em S\u00e3o Lu\u00eds &#8211; MA: marco de refer\u00eancia para outros Estados?","datePublished":"2020-05-05T14:38:09+00:00","dateModified":"2020-05-06T15:15:14+00:00","mainEntityOfPage":{"@id":"https:\/\/www.estrategiaconcursos.com.br\/blog\/lockdown-em-sao-luis\/"},"wordCount":1130,"commentCount":1,"publisher":{"@id":"https:\/\/www.estrategiaconcursos.com.br\/blog\/#organization"},"image":{"@id":"https:\/\/www.estrategiaconcursos.com.br\/blog\/lockdown-em-sao-luis\/#primaryimage"},"thumbnailUrl":"https:\/\/dhg1h5j42swfq.cloudfront.net\/2020\/05\/02115635\/Lockdown-AdobeStock_129796635.jpeg","keywords":["lockdown","Maranh\u00e3o","S\u00e3o Lu\u00eds"],"articleSection":["Concursos P\u00fablicos"],"inLanguage":"pt-BR","potentialAction":[{"@type":"CommentAction","name":"Comment","target":["https:\/\/www.estrategiaconcursos.com.br\/blog\/lockdown-em-sao-luis\/#respond"]}],"copyrightYear":"2020","copyrightHolder":{"@id":"https:\/\/www.estrategiaconcursos.com.br\/blog\/#organization"}},{"@type":"WebPage","@id":"https:\/\/www.estrategiaconcursos.com.br\/blog\/lockdown-em-sao-luis\/","url":"https:\/\/www.estrategiaconcursos.com.br\/blog\/lockdown-em-sao-luis\/","name":"Lockdown em S\u00e3o Lu\u00eds: marco de refer\u00eancia para outros Estados?","isPartOf":{"@id":"https:\/\/www.estrategiaconcursos.com.br\/blog\/#website"},"primaryImageOfPage":{"@id":"https:\/\/www.estrategiaconcursos.com.br\/blog\/lockdown-em-sao-luis\/#primaryimage"},"image":{"@id":"https:\/\/www.estrategiaconcursos.com.br\/blog\/lockdown-em-sao-luis\/#primaryimage"},"thumbnailUrl":"https:\/\/dhg1h5j42swfq.cloudfront.net\/2020\/05\/02115635\/Lockdown-AdobeStock_129796635.jpeg","datePublished":"2020-05-05T14:38:09+00:00","dateModified":"2020-05-06T15:15:14+00:00","description":"Entenda as medidas de lockdown em s\u00e3o lu\u00eds, e como esta decis\u00e3o poder\u00e1, inclusive, influenciar outros estados a adotarem medidas semelhantes.","breadcrumb":{"@id":"https:\/\/www.estrategiaconcursos.com.br\/blog\/lockdown-em-sao-luis\/#breadcrumb"},"inLanguage":"pt-BR","potentialAction":[{"@type":"ReadAction","target":["https:\/\/www.estrategiaconcursos.com.br\/blog\/lockdown-em-sao-luis\/"]}]},{"@type":"ImageObject","inLanguage":"pt-BR","@id":"https:\/\/www.estrategiaconcursos.com.br\/blog\/lockdown-em-sao-luis\/#primaryimage","url":"https:\/\/dhg1h5j42swfq.cloudfront.net\/2020\/05\/02115635\/Lockdown-AdobeStock_129796635.jpeg","contentUrl":"https:\/\/dhg1h5j42swfq.cloudfront.net\/2020\/05\/02115635\/Lockdown-AdobeStock_129796635.jpeg","width":1024,"height":683,"caption":"lockdown stencil print on the grunge white brick wall"},{"@type":"BreadcrumbList","@id":"https:\/\/www.estrategiaconcursos.com.br\/blog\/lockdown-em-sao-luis\/#breadcrumb","itemListElement":[{"@type":"ListItem","position":1,"name":"In\u00edcio","item":"https:\/\/www.estrategiaconcursos.com.br\/blog\/"},{"@type":"ListItem","position":2,"name":"Entenda o Lockdown em S\u00e3o Lu\u00eds &#8211; MA: marco de refer\u00eancia para outros Estados?"}]},{"@type":"WebSite","@id":"https:\/\/www.estrategiaconcursos.com.br\/blog\/#website","url":"https:\/\/www.estrategiaconcursos.com.br\/blog\/","name":"Estrat\u00e9gia Concursos","description":"O blog da Estrat\u00e9gia Concursos traz not\u00edcias sobre concursos e artigos de professores oferecendo cursos para concursos (pdf + videaulas) no site.","publisher":{"@id":"https:\/\/www.estrategiaconcursos.com.br\/blog\/#organization"},"potentialAction":[{"@type":"SearchAction","target":{"@type":"EntryPoint","urlTemplate":"https:\/\/www.estrategiaconcursos.com.br\/blog\/?s={search_term_string}"},"query-input":{"@type":"PropertyValueSpecification","valueRequired":true,"valueName":"search_term_string"}}],"inLanguage":"pt-BR"},{"@type":"Organization","@id":"https:\/\/www.estrategiaconcursos.com.br\/blog\/#organization","name":"Estrat\u00e9gia Concursos","url":"https:\/\/www.estrategiaconcursos.com.br\/blog\/","logo":{"@type":"ImageObject","inLanguage":"pt-BR","@id":"https:\/\/www.estrategiaconcursos.com.br\/blog\/#\/schema\/logo\/image\/","url":"https:\/\/dhg1h5j42swfq.cloudfront.net\/2025\/06\/03203428\/logo_concursos-1.jpg","contentUrl":"https:\/\/dhg1h5j42swfq.cloudfront.net\/2025\/06\/03203428\/logo_concursos-1.jpg","width":230,"height":60,"caption":"Estrat\u00e9gia Concursos"},"image":{"@id":"https:\/\/www.estrategiaconcursos.com.br\/blog\/#\/schema\/logo\/image\/"},"sameAs":["https:\/\/x.com\/EstratConcursos"]},{"@type":"Person","@id":"https:\/\/www.estrategiaconcursos.com.br\/blog\/#\/schema\/person\/c666a44fbce7e2e70009a9c13549267a","name":"Leandro Ricardo Machado da Silveira","image":{"@type":"ImageObject","inLanguage":"pt-BR","@id":"https:\/\/secure.gravatar.com\/avatar\/6fb25994d16b9649838400aa459b16c1c83f558e0fd6ebebd16da0473908b291?s=96&d=mm&r=g","url":"https:\/\/secure.gravatar.com\/avatar\/6fb25994d16b9649838400aa459b16c1c83f558e0fd6ebebd16da0473908b291?s=96&d=mm&r=g","contentUrl":"https:\/\/secure.gravatar.com\/avatar\/6fb25994d16b9649838400aa459b16c1c83f558e0fd6ebebd16da0473908b291?s=96&d=mm&r=g","caption":"Leandro Ricardo Machado da Silveira"},"description":"Engenheiro Aeron\u00e1utico, formado pela Universidade Federal de Uberl\u00e2ndia, possui MBA em Administra\u00e7\u00e3o e Finan\u00e7as Corporativas e aprovado nos concursos de Auditor Fiscal SEFAZ-SC e SEFAZ-GO.","url":"https:\/\/www.estrategiaconcursos.com.br\/blog\/author\/leandro_vzthotmail-com\/"}]}},"_links":{"self":[{"href":"https:\/\/www.estrategiaconcursos.com.br\/blog\/wp-json\/wp\/v2\/posts\/509670","targetHints":{"allow":["GET"]}}],"collection":[{"href":"https:\/\/www.estrategiaconcursos.com.br\/blog\/wp-json\/wp\/v2\/posts"}],"about":[{"href":"https:\/\/www.estrategiaconcursos.com.br\/blog\/wp-json\/wp\/v2\/types\/post"}],"author":[{"embeddable":true,"href":"https:\/\/www.estrategiaconcursos.com.br\/blog\/wp-json\/wp\/v2\/users\/1668"}],"replies":[{"embeddable":true,"href":"https:\/\/www.estrategiaconcursos.com.br\/blog\/wp-json\/wp\/v2\/comments?post=509670"}],"version-history":[{"count":9,"href":"https:\/\/www.estrategiaconcursos.com.br\/blog\/wp-json\/wp\/v2\/posts\/509670\/revisions"}],"predecessor-version":[{"id":510881,"href":"https:\/\/www.estrategiaconcursos.com.br\/blog\/wp-json\/wp\/v2\/posts\/509670\/revisions\/510881"}],"wp:featuredmedia":[{"embeddable":true,"href":"https:\/\/www.estrategiaconcursos.com.br\/blog\/wp-json\/wp\/v2\/media\/509675"}],"wp:attachment":[{"href":"https:\/\/www.estrategiaconcursos.com.br\/blog\/wp-json\/wp\/v2\/media?parent=509670"}],"wp:term":[{"taxonomy":"category","embeddable":true,"href":"https:\/\/www.estrategiaconcursos.com.br\/blog\/wp-json\/wp\/v2\/categories?post=509670"},{"taxonomy":"post_tag","embeddable":true,"href":"https:\/\/www.estrategiaconcursos.com.br\/blog\/wp-json\/wp\/v2\/tags?post=509670"},{"taxonomy":"tax_estado","embeddable":true,"href":"https:\/\/www.estrategiaconcursos.com.br\/blog\/wp-json\/wp\/v2\/tax_estado?post=509670"}],"curies":[{"name":"wp","href":"https:\/\/api.w.org\/{rel}","templated":true}]}}