{"id":508512,"date":"2020-04-29T10:22:31","date_gmt":"2020-04-29T13:22:31","guid":{"rendered":"https:\/\/www.estrategiaconcursos.com.br\/blog\/?p=508512"},"modified":"2020-05-05T13:10:05","modified_gmt":"2020-05-05T16:10:05","slug":"concurso-ipremu-uberlandia-cronograma-alterado","status":"publish","type":"post","link":"https:\/\/www.estrategiaconcursos.com.br\/blog\/concurso-ipremu-uberlandia-cronograma-alterado\/","title":{"rendered":"Alterado cronograma do concurso IPREMU Uberl\u00e2ndia; confira!"},"content":{"rendered":"\n<h2 class=\"wp-block-heading\"><em>Inscri\u00e7\u00f5es prorrogadas at\u00e9 agosto e provas adiadas para setembro!<\/em><\/h2>\n\n\n\n<p>Foi publicado no site da banca organizadora, <strong>Fundep<\/strong>, a retifica\u00e7\u00e3o n\u00ba03 que altera algumas informa\u00e7\u00f5es referentes ao cronograma do concurso do Instituto de Previd\u00eancia dos Servidores P\u00fablicos do Munic\u00edpio de Uberl\u00e2ndia.<\/p>\n\n\n\n<p>A primeira mudan\u00e7a no cronograma do certame foi em rela\u00e7\u00e3o ao per\u00edodo de inscri\u00e7\u00f5es, o qual foi prorrogado at\u00e9 a data do dia <strong>20 de agosto de 2020<\/strong>. Os candidatos ainda interessados em participar devem pagar a taxa fixada at\u00e9 o dia 21 de agosto.<\/p>\n\n\n\n<p>Lembrando que todo o processo de inscri\u00e7\u00e3o do concurso IPREMU Uberl\u00e2ndia deve ser feito atrav\u00e9s do site da banca organizadora, Fundep-Gest\u00e3o de Consursos.<\/p>\n\n\n\n<p>Al\u00e9m disso, outra mudan\u00e7a bastante importante foi na altera\u00e7\u00e3o da data de aplica\u00e7\u00e3o da Prova Objetiva, que agora ocorrer\u00e1 no dia <strong>27 de setembro de 2020. <\/strong><\/p>\n\n\n\n<p>O exame ser\u00e1 realizado no Munic\u00edpio de Uberl\u00e2ndia, sendo 3 horas de prova para os cargos de n\u00edvel fundamental e 4 horas de prova para os<br \/>cargos de n\u00edvel m\u00e9dio e superior.<\/p>\n\n\n\n<p>As demais informa\u00e7\u00f5es a respeito do cronograma permanecem inalteradas at\u00e9 o presente momento. Fique atento ao nosso site para ficar sempre bem atualizado e informado sobre o concurso IPREMU Uberl\u00e2ndia. <\/p>\n\n\n\n<p class=\"has-text-align-center\"><em><span><b>Quer saber mais informa\u00e7\u00f5es a respeito do concurso IPREMU <\/b><\/span><strong>Uberl\u00e2ndia? N\u00e3o perca tempo, veja tudo na \u00edntegra acessando o link abaixo!<\/strong><\/em><\/p>\n\n\n\n<p style=\"font-size:22px\" class=\"has-background has-text-align-center has-very-light-gray-background-color\"><strong>Saiba mais:<a href=\"https:\/\/www.estrategiaconcursos.com.br\/blog\/concurso-ipremu-uberlandia\/\" target=\"_blank\" rel=\"noreferrer noopener\"> Concurso IPREMU Uberl\u00e2ndia <\/a><\/strong><\/p>\n\n\n\n<h2 class=\"has-text-align-center wp-block-heading\" id=\"cursos-assinatura\">Quer estudar para o concurso IPREMU <strong>Uberl\u00e2ndia<\/strong>?<\/h2>\n\n\n\n<p class=\"has-text-align-center\"><em>Gostou desta oportunidade e deseja come\u00e7ar se preparar agora mesmo? Ent\u00e3o, confira os nossos cursos e comece a estudar:<\/em><\/p>\n\n\n\n<p style=\"font-size:22px\" class=\"has-background has-text-align-center has-luminous-vivid-amber-background-color\"><strong><a href=\"https:\/\/www.estrategiaconcursos.com.br\/cursosPorConcurso\/instituto-de-previdencia-dos-servidores-publicos-do-municipio-de-uberlandia-ipremu-uberlandia\/\" target=\"_blank\" rel=\"noreferrer noopener\">CURSO IPREMU UBERL\u00c2NDIA<\/a><\/strong><\/p>\n\n\n\n<p class=\"has-text-align-center\"><em><strong>Fique por dentro de todos os concursos<\/strong><\/em>:<\/p>\n\n\n\n<p style=\"font-size:22px\" class=\"has-background has-text-align-center has-pale-cyan-blue-background-color\"><a rel=\"noreferrer noopener\" href=\"https:\/\/www.estrategiaconcursos.com.br\/blog\/concursos-abertos\/\" target=\"_blank\"><strong>Concursos abertos<\/strong><\/a><\/p>\n\n\n\n<p style=\"font-size:22px\" class=\"has-background has-text-align-center has-pale-cyan-blue-background-color\"><a rel=\"noreferrer noopener\" href=\"https:\/\/www.estrategiaconcursos.com.br\/blog\/concursos-2020\/\" target=\"_blank\"><strong>Concursos 2020<\/strong><\/a><\/p>\n","protected":false},"excerpt":{"rendered":"<p>Inscri\u00e7\u00f5es prorrogadas at\u00e9 agosto e provas adiadas para setembro! Foi publicado no site da banca organizadora, Fundep, a retifica\u00e7\u00e3o n\u00ba03 que altera algumas informa\u00e7\u00f5es referentes ao cronograma do concurso do Instituto de Previd\u00eancia dos Servidores P\u00fablicos do Munic\u00edpio de Uberl\u00e2ndia. A primeira mudan\u00e7a no cronograma do certame foi em rela\u00e7\u00e3o ao per\u00edodo de inscri\u00e7\u00f5es, o [&hellip;]<\/p>\n","protected":false},"author":129,"featured_media":450321,"comment_status":"open","ping_status":"closed","sticky":false,"template":"","format":"standard","meta":{"post_tipo":"article","footnotes":""},"categories":[1],"tags":[],"tax_estado":[],"class_list":["post-508512","post","type-post","status-publish","format-standard","has-post-thumbnail","hentry","category-cursos-e-concursos"],"acf":[],"yoast_head":"<!-- This site is optimized with the Yoast SEO Premium plugin v27.2 (Yoast SEO v27.2) - https:\/\/yoast.com\/product\/yoast-seo-premium-wordpress\/ -->\n<title>Alterado cronograma do concurso IPREMU Uberl\u00e2ndia; confira!<\/title>\n<meta name=\"description\" content=\"Cronograma do concurso p\u00fablico IPREMU Uberl\u00e2ndia \u00e9 alterado e novas datas s\u00e3o oficialmente divulgadas. Confira AQUI o que mudou!\" \/>\n<meta name=\"robots\" content=\"index, follow, max-snippet:-1, max-image-preview:large, max-video-preview:-1\" \/>\n<link rel=\"canonical\" href=\"https:\/\/www.estrategiaconcursos.com.br\/blog\/concurso-ipremu-uberlandia-cronograma-alterado\/\" \/>\n<meta property=\"og:locale\" content=\"pt_BR\" \/>\n<meta property=\"og:type\" content=\"article\" \/>\n<meta property=\"og:title\" content=\"Alterado cronograma do concurso IPREMU Uberl\u00e2ndia; confira!\" \/>\n<meta property=\"og:description\" content=\"Cronograma do concurso p\u00fablico IPREMU Uberl\u00e2ndia \u00e9 alterado e novas datas s\u00e3o oficialmente divulgadas. Confira AQUI o que mudou!\" \/>\n<meta property=\"og:url\" content=\"https:\/\/www.estrategiaconcursos.com.br\/blog\/concurso-ipremu-uberlandia-cronograma-alterado\/\" \/>\n<meta property=\"og:site_name\" content=\"Estrat\u00e9gia Concursos\" \/>\n<meta property=\"article:published_time\" content=\"2020-04-29T13:22:31+00:00\" \/>\n<meta property=\"article:modified_time\" content=\"2020-05-05T16:10:05+00:00\" \/>\n<meta property=\"og:image\" content=\"https:\/\/dhg1h5j42swfq.cloudfront.net\/2019\/11\/22092917\/IPREMU-Uberlandia.png\" \/>\n\t<meta property=\"og:image:width\" content=\"1200\" \/>\n\t<meta property=\"og:image:height\" content=\"628\" \/>\n\t<meta property=\"og:image:type\" content=\"image\/png\" \/>\n<meta name=\"author\" content=\"Herbert Almeida\" \/>\n<meta name=\"twitter:card\" content=\"summary_large_image\" \/>\n<meta name=\"twitter:creator\" content=\"@EstratConcursos\" \/>\n<meta name=\"twitter:site\" content=\"@EstratConcursos\" \/>\n<meta name=\"twitter:label1\" content=\"Escrito por\" \/>\n\t<meta name=\"twitter:data1\" content=\"Herbert Almeida\" \/>\n\t<meta name=\"twitter:label2\" content=\"Est. tempo de leitura\" \/>\n\t<meta name=\"twitter:data2\" content=\"1 minuto\" \/>\n<script type=\"application\/ld+json\" class=\"yoast-schema-graph\">{\"@context\":\"https:\/\/schema.org\",\"@graph\":[{\"@type\":\"NewsArticle\",\"@id\":\"https:\/\/www.estrategiaconcursos.com.br\/blog\/concurso-ipremu-uberlandia-cronograma-alterado\/#article\",\"isPartOf\":{\"@id\":\"https:\/\/www.estrategiaconcursos.com.br\/blog\/concurso-ipremu-uberlandia-cronograma-alterado\/\"},\"author\":{\"name\":\"Herbert Almeida\",\"@id\":\"https:\/\/www.estrategiaconcursos.com.br\/blog\/#\/schema\/person\/59717c75350fa01aa0fd68a52a8d02e0\"},\"headline\":\"Alterado cronograma do concurso IPREMU Uberl\u00e2ndia; confira!\",\"datePublished\":\"2020-04-29T13:22:31+00:00\",\"dateModified\":\"2020-05-05T16:10:05+00:00\",\"mainEntityOfPage\":{\"@id\":\"https:\/\/www.estrategiaconcursos.com.br\/blog\/concurso-ipremu-uberlandia-cronograma-alterado\/\"},\"wordCount\":295,\"commentCount\":0,\"publisher\":{\"@id\":\"https:\/\/www.estrategiaconcursos.com.br\/blog\/#organization\"},\"image\":{\"@id\":\"https:\/\/www.estrategiaconcursos.com.br\/blog\/concurso-ipremu-uberlandia-cronograma-alterado\/#primaryimage\"},\"thumbnailUrl\":\"https:\/\/dhg1h5j42swfq.cloudfront.net\/2019\/11\/22092917\/IPREMU-Uberlandia.png\",\"articleSection\":[\"Concursos P\u00fablicos\"],\"inLanguage\":\"pt-BR\",\"potentialAction\":[{\"@type\":\"CommentAction\",\"name\":\"Comment\",\"target\":[\"https:\/\/www.estrategiaconcursos.com.br\/blog\/concurso-ipremu-uberlandia-cronograma-alterado\/#respond\"]}],\"copyrightYear\":\"2020\",\"copyrightHolder\":{\"@id\":\"https:\/\/www.estrategiaconcursos.com.br\/blog\/#organization\"}},{\"@type\":\"WebPage\",\"@id\":\"https:\/\/www.estrategiaconcursos.com.br\/blog\/concurso-ipremu-uberlandia-cronograma-alterado\/\",\"url\":\"https:\/\/www.estrategiaconcursos.com.br\/blog\/concurso-ipremu-uberlandia-cronograma-alterado\/\",\"name\":\"Alterado cronograma do concurso IPREMU Uberl\u00e2ndia; confira!\",\"isPartOf\":{\"@id\":\"https:\/\/www.estrategiaconcursos.com.br\/blog\/#website\"},\"primaryImageOfPage\":{\"@id\":\"https:\/\/www.estrategiaconcursos.com.br\/blog\/concurso-ipremu-uberlandia-cronograma-alterado\/#primaryimage\"},\"image\":{\"@id\":\"https:\/\/www.estrategiaconcursos.com.br\/blog\/concurso-ipremu-uberlandia-cronograma-alterado\/#primaryimage\"},\"thumbnailUrl\":\"https:\/\/dhg1h5j42swfq.cloudfront.net\/2019\/11\/22092917\/IPREMU-Uberlandia.png\",\"datePublished\":\"2020-04-29T13:22:31+00:00\",\"dateModified\":\"2020-05-05T16:10:05+00:00\",\"description\":\"Cronograma do concurso p\u00fablico IPREMU Uberl\u00e2ndia \u00e9 alterado e novas datas s\u00e3o oficialmente divulgadas. Confira AQUI o que mudou!\",\"breadcrumb\":{\"@id\":\"https:\/\/www.estrategiaconcursos.com.br\/blog\/concurso-ipremu-uberlandia-cronograma-alterado\/#breadcrumb\"},\"inLanguage\":\"pt-BR\",\"potentialAction\":[{\"@type\":\"ReadAction\",\"target\":[\"https:\/\/www.estrategiaconcursos.com.br\/blog\/concurso-ipremu-uberlandia-cronograma-alterado\/\"]}]},{\"@type\":\"ImageObject\",\"inLanguage\":\"pt-BR\",\"@id\":\"https:\/\/www.estrategiaconcursos.com.br\/blog\/concurso-ipremu-uberlandia-cronograma-alterado\/#primaryimage\",\"url\":\"https:\/\/dhg1h5j42swfq.cloudfront.net\/2019\/11\/22092917\/IPREMU-Uberlandia.png\",\"contentUrl\":\"https:\/\/dhg1h5j42swfq.cloudfront.net\/2019\/11\/22092917\/IPREMU-Uberlandia.png\",\"width\":1200,\"height\":628,\"caption\":\"ipremu uberlandia\"},{\"@type\":\"BreadcrumbList\",\"@id\":\"https:\/\/www.estrategiaconcursos.com.br\/blog\/concurso-ipremu-uberlandia-cronograma-alterado\/#breadcrumb\",\"itemListElement\":[{\"@type\":\"ListItem\",\"position\":1,\"name\":\"In\u00edcio\",\"item\":\"https:\/\/www.estrategiaconcursos.com.br\/blog\/\"},{\"@type\":\"ListItem\",\"position\":2,\"name\":\"Alterado cronograma do concurso IPREMU Uberl\u00e2ndia; confira!\"}]},{\"@type\":\"WebSite\",\"@id\":\"https:\/\/www.estrategiaconcursos.com.br\/blog\/#website\",\"url\":\"https:\/\/www.estrategiaconcursos.com.br\/blog\/\",\"name\":\"Estrat\u00e9gia Concursos\",\"description\":\"O blog da Estrat\u00e9gia Concursos traz not\u00edcias sobre concursos e artigos de professores oferecendo cursos para concursos (pdf + videaulas) no site.\",\"publisher\":{\"@id\":\"https:\/\/www.estrategiaconcursos.com.br\/blog\/#organization\"},\"potentialAction\":[{\"@type\":\"SearchAction\",\"target\":{\"@type\":\"EntryPoint\",\"urlTemplate\":\"https:\/\/www.estrategiaconcursos.com.br\/blog\/?s={search_term_string}\"},\"query-input\":{\"@type\":\"PropertyValueSpecification\",\"valueRequired\":true,\"valueName\":\"search_term_string\"}}],\"inLanguage\":\"pt-BR\"},{\"@type\":\"Organization\",\"@id\":\"https:\/\/www.estrategiaconcursos.com.br\/blog\/#organization\",\"name\":\"Estrat\u00e9gia Concursos\",\"url\":\"https:\/\/www.estrategiaconcursos.com.br\/blog\/\",\"logo\":{\"@type\":\"ImageObject\",\"inLanguage\":\"pt-BR\",\"@id\":\"https:\/\/www.estrategiaconcursos.com.br\/blog\/#\/schema\/logo\/image\/\",\"url\":\"https:\/\/dhg1h5j42swfq.cloudfront.net\/2025\/06\/03203428\/logo_concursos-1.jpg\",\"contentUrl\":\"https:\/\/dhg1h5j42swfq.cloudfront.net\/2025\/06\/03203428\/logo_concursos-1.jpg\",\"width\":230,\"height\":60,\"caption\":\"Estrat\u00e9gia Concursos\"},\"image\":{\"@id\":\"https:\/\/www.estrategiaconcursos.com.br\/blog\/#\/schema\/logo\/image\/\"},\"sameAs\":[\"https:\/\/x.com\/EstratConcursos\"]},{\"@type\":\"Person\",\"@id\":\"https:\/\/www.estrategiaconcursos.com.br\/blog\/#\/schema\/person\/59717c75350fa01aa0fd68a52a8d02e0\",\"name\":\"Herbert Almeida\",\"image\":{\"@type\":\"ImageObject\",\"inLanguage\":\"pt-BR\",\"@id\":\"https:\/\/secure.gravatar.com\/avatar\/b6461a43893c24d5fc91efc433971ffec025c84c0341129f4578034d77f9a536?s=96&d=mm&r=g\",\"url\":\"https:\/\/secure.gravatar.com\/avatar\/b6461a43893c24d5fc91efc433971ffec025c84c0341129f4578034d77f9a536?s=96&d=mm&r=g\",\"contentUrl\":\"https:\/\/secure.gravatar.com\/avatar\/b6461a43893c24d5fc91efc433971ffec025c84c0341129f4578034d77f9a536?s=96&d=mm&r=g\",\"caption\":\"Herbert Almeida\"},\"url\":\"https:\/\/www.estrategiaconcursos.com.br\/blog\/author\/herbertestrategiaconcursos-com-br\/\"}]}<\/script>\n<!-- \/ Yoast SEO Premium plugin. -->","yoast_head_json":{"title":"Alterado cronograma do concurso IPREMU Uberl\u00e2ndia; confira!","description":"Cronograma do concurso p\u00fablico IPREMU Uberl\u00e2ndia \u00e9 alterado e novas datas s\u00e3o oficialmente divulgadas. Confira AQUI o que mudou!","robots":{"index":"index","follow":"follow","max-snippet":"max-snippet:-1","max-image-preview":"max-image-preview:large","max-video-preview":"max-video-preview:-1"},"canonical":"https:\/\/www.estrategiaconcursos.com.br\/blog\/concurso-ipremu-uberlandia-cronograma-alterado\/","og_locale":"pt_BR","og_type":"article","og_title":"Alterado cronograma do concurso IPREMU Uberl\u00e2ndia; confira!","og_description":"Cronograma do concurso p\u00fablico IPREMU Uberl\u00e2ndia \u00e9 alterado e novas datas s\u00e3o oficialmente divulgadas. Confira AQUI o que mudou!","og_url":"https:\/\/www.estrategiaconcursos.com.br\/blog\/concurso-ipremu-uberlandia-cronograma-alterado\/","og_site_name":"Estrat\u00e9gia Concursos","article_published_time":"2020-04-29T13:22:31+00:00","article_modified_time":"2020-05-05T16:10:05+00:00","og_image":[{"width":1200,"height":628,"url":"https:\/\/dhg1h5j42swfq.cloudfront.net\/2019\/11\/22092917\/IPREMU-Uberlandia.png","type":"image\/png"}],"author":"Herbert Almeida","twitter_card":"summary_large_image","twitter_creator":"@EstratConcursos","twitter_site":"@EstratConcursos","twitter_misc":{"Escrito por":"Herbert Almeida","Est. tempo de leitura":"1 minuto"},"schema":{"@context":"https:\/\/schema.org","@graph":[{"@type":"NewsArticle","@id":"https:\/\/www.estrategiaconcursos.com.br\/blog\/concurso-ipremu-uberlandia-cronograma-alterado\/#article","isPartOf":{"@id":"https:\/\/www.estrategiaconcursos.com.br\/blog\/concurso-ipremu-uberlandia-cronograma-alterado\/"},"author":{"name":"Herbert Almeida","@id":"https:\/\/www.estrategiaconcursos.com.br\/blog\/#\/schema\/person\/59717c75350fa01aa0fd68a52a8d02e0"},"headline":"Alterado cronograma do concurso IPREMU Uberl\u00e2ndia; confira!","datePublished":"2020-04-29T13:22:31+00:00","dateModified":"2020-05-05T16:10:05+00:00","mainEntityOfPage":{"@id":"https:\/\/www.estrategiaconcursos.com.br\/blog\/concurso-ipremu-uberlandia-cronograma-alterado\/"},"wordCount":295,"commentCount":0,"publisher":{"@id":"https:\/\/www.estrategiaconcursos.com.br\/blog\/#organization"},"image":{"@id":"https:\/\/www.estrategiaconcursos.com.br\/blog\/concurso-ipremu-uberlandia-cronograma-alterado\/#primaryimage"},"thumbnailUrl":"https:\/\/dhg1h5j42swfq.cloudfront.net\/2019\/11\/22092917\/IPREMU-Uberlandia.png","articleSection":["Concursos P\u00fablicos"],"inLanguage":"pt-BR","potentialAction":[{"@type":"CommentAction","name":"Comment","target":["https:\/\/www.estrategiaconcursos.com.br\/blog\/concurso-ipremu-uberlandia-cronograma-alterado\/#respond"]}],"copyrightYear":"2020","copyrightHolder":{"@id":"https:\/\/www.estrategiaconcursos.com.br\/blog\/#organization"}},{"@type":"WebPage","@id":"https:\/\/www.estrategiaconcursos.com.br\/blog\/concurso-ipremu-uberlandia-cronograma-alterado\/","url":"https:\/\/www.estrategiaconcursos.com.br\/blog\/concurso-ipremu-uberlandia-cronograma-alterado\/","name":"Alterado cronograma do concurso IPREMU Uberl\u00e2ndia; confira!","isPartOf":{"@id":"https:\/\/www.estrategiaconcursos.com.br\/blog\/#website"},"primaryImageOfPage":{"@id":"https:\/\/www.estrategiaconcursos.com.br\/blog\/concurso-ipremu-uberlandia-cronograma-alterado\/#primaryimage"},"image":{"@id":"https:\/\/www.estrategiaconcursos.com.br\/blog\/concurso-ipremu-uberlandia-cronograma-alterado\/#primaryimage"},"thumbnailUrl":"https:\/\/dhg1h5j42swfq.cloudfront.net\/2019\/11\/22092917\/IPREMU-Uberlandia.png","datePublished":"2020-04-29T13:22:31+00:00","dateModified":"2020-05-05T16:10:05+00:00","description":"Cronograma do concurso p\u00fablico IPREMU Uberl\u00e2ndia \u00e9 alterado e novas datas s\u00e3o oficialmente divulgadas. Confira AQUI o que mudou!","breadcrumb":{"@id":"https:\/\/www.estrategiaconcursos.com.br\/blog\/concurso-ipremu-uberlandia-cronograma-alterado\/#breadcrumb"},"inLanguage":"pt-BR","potentialAction":[{"@type":"ReadAction","target":["https:\/\/www.estrategiaconcursos.com.br\/blog\/concurso-ipremu-uberlandia-cronograma-alterado\/"]}]},{"@type":"ImageObject","inLanguage":"pt-BR","@id":"https:\/\/www.estrategiaconcursos.com.br\/blog\/concurso-ipremu-uberlandia-cronograma-alterado\/#primaryimage","url":"https:\/\/dhg1h5j42swfq.cloudfront.net\/2019\/11\/22092917\/IPREMU-Uberlandia.png","contentUrl":"https:\/\/dhg1h5j42swfq.cloudfront.net\/2019\/11\/22092917\/IPREMU-Uberlandia.png","width":1200,"height":628,"caption":"ipremu uberlandia"},{"@type":"BreadcrumbList","@id":"https:\/\/www.estrategiaconcursos.com.br\/blog\/concurso-ipremu-uberlandia-cronograma-alterado\/#breadcrumb","itemListElement":[{"@type":"ListItem","position":1,"name":"In\u00edcio","item":"https:\/\/www.estrategiaconcursos.com.br\/blog\/"},{"@type":"ListItem","position":2,"name":"Alterado cronograma do concurso IPREMU Uberl\u00e2ndia; confira!"}]},{"@type":"WebSite","@id":"https:\/\/www.estrategiaconcursos.com.br\/blog\/#website","url":"https:\/\/www.estrategiaconcursos.com.br\/blog\/","name":"Estrat\u00e9gia Concursos","description":"O blog da Estrat\u00e9gia Concursos traz not\u00edcias sobre concursos e artigos de professores oferecendo cursos para concursos (pdf + videaulas) no site.","publisher":{"@id":"https:\/\/www.estrategiaconcursos.com.br\/blog\/#organization"},"potentialAction":[{"@type":"SearchAction","target":{"@type":"EntryPoint","urlTemplate":"https:\/\/www.estrategiaconcursos.com.br\/blog\/?s={search_term_string}"},"query-input":{"@type":"PropertyValueSpecification","valueRequired":true,"valueName":"search_term_string"}}],"inLanguage":"pt-BR"},{"@type":"Organization","@id":"https:\/\/www.estrategiaconcursos.com.br\/blog\/#organization","name":"Estrat\u00e9gia Concursos","url":"https:\/\/www.estrategiaconcursos.com.br\/blog\/","logo":{"@type":"ImageObject","inLanguage":"pt-BR","@id":"https:\/\/www.estrategiaconcursos.com.br\/blog\/#\/schema\/logo\/image\/","url":"https:\/\/dhg1h5j42swfq.cloudfront.net\/2025\/06\/03203428\/logo_concursos-1.jpg","contentUrl":"https:\/\/dhg1h5j42swfq.cloudfront.net\/2025\/06\/03203428\/logo_concursos-1.jpg","width":230,"height":60,"caption":"Estrat\u00e9gia Concursos"},"image":{"@id":"https:\/\/www.estrategiaconcursos.com.br\/blog\/#\/schema\/logo\/image\/"},"sameAs":["https:\/\/x.com\/EstratConcursos"]},{"@type":"Person","@id":"https:\/\/www.estrategiaconcursos.com.br\/blog\/#\/schema\/person\/59717c75350fa01aa0fd68a52a8d02e0","name":"Herbert Almeida","image":{"@type":"ImageObject","inLanguage":"pt-BR","@id":"https:\/\/secure.gravatar.com\/avatar\/b6461a43893c24d5fc91efc433971ffec025c84c0341129f4578034d77f9a536?s=96&d=mm&r=g","url":"https:\/\/secure.gravatar.com\/avatar\/b6461a43893c24d5fc91efc433971ffec025c84c0341129f4578034d77f9a536?s=96&d=mm&r=g","contentUrl":"https:\/\/secure.gravatar.com\/avatar\/b6461a43893c24d5fc91efc433971ffec025c84c0341129f4578034d77f9a536?s=96&d=mm&r=g","caption":"Herbert Almeida"},"url":"https:\/\/www.estrategiaconcursos.com.br\/blog\/author\/herbertestrategiaconcursos-com-br\/"}]}},"_links":{"self":[{"href":"https:\/\/www.estrategiaconcursos.com.br\/blog\/wp-json\/wp\/v2\/posts\/508512","targetHints":{"allow":["GET"]}}],"collection":[{"href":"https:\/\/www.estrategiaconcursos.com.br\/blog\/wp-json\/wp\/v2\/posts"}],"about":[{"href":"https:\/\/www.estrategiaconcursos.com.br\/blog\/wp-json\/wp\/v2\/types\/post"}],"author":[{"embeddable":true,"href":"https:\/\/www.estrategiaconcursos.com.br\/blog\/wp-json\/wp\/v2\/users\/129"}],"replies":[{"embeddable":true,"href":"https:\/\/www.estrategiaconcursos.com.br\/blog\/wp-json\/wp\/v2\/comments?post=508512"}],"version-history":[{"count":3,"href":"https:\/\/www.estrategiaconcursos.com.br\/blog\/wp-json\/wp\/v2\/posts\/508512\/revisions"}],"predecessor-version":[{"id":510713,"href":"https:\/\/www.estrategiaconcursos.com.br\/blog\/wp-json\/wp\/v2\/posts\/508512\/revisions\/510713"}],"wp:featuredmedia":[{"embeddable":true,"href":"https:\/\/www.estrategiaconcursos.com.br\/blog\/wp-json\/wp\/v2\/media\/450321"}],"wp:attachment":[{"href":"https:\/\/www.estrategiaconcursos.com.br\/blog\/wp-json\/wp\/v2\/media?parent=508512"}],"wp:term":[{"taxonomy":"category","embeddable":true,"href":"https:\/\/www.estrategiaconcursos.com.br\/blog\/wp-json\/wp\/v2\/categories?post=508512"},{"taxonomy":"post_tag","embeddable":true,"href":"https:\/\/www.estrategiaconcursos.com.br\/blog\/wp-json\/wp\/v2\/tags?post=508512"},{"taxonomy":"tax_estado","embeddable":true,"href":"https:\/\/www.estrategiaconcursos.com.br\/blog\/wp-json\/wp\/v2\/tax_estado?post=508512"}],"curies":[{"name":"wp","href":"https:\/\/api.w.org\/{rel}","templated":true}]}}