{"id":508033,"date":"2020-04-28T11:02:51","date_gmt":"2020-04-28T14:02:51","guid":{"rendered":"https:\/\/www.estrategiaconcursos.com.br\/blog\/?p=508033"},"modified":"2023-07-03T15:58:40","modified_gmt":"2023-07-03T18:58:40","slug":"prazo-de-validade-concurso-celesc-2018","status":"publish","type":"post","link":"https:\/\/www.estrategiaconcursos.com.br\/blog\/prazo-de-validade-concurso-celesc-2018\/","title":{"rendered":"Prazo de validade do Concurso Celesc 2018 \u00e9 prorrogado at\u00e9 2022"},"content":{"rendered":"\n<p>Foi publicada a prorroga\u00e7\u00e3o do prazo de validade do concurso da&nbsp;Companhia de Energia El\u00e9trica de Santa Catarina realizado no ano de 2018. Segundo o documento, o prazo ser\u00e1 estendido at\u00e9 08 de maio de 2022.<\/p>\n\n\n\n<p>Na ocasi\u00e3o foram ofertadas 49 vagas efetivas para candidatos de n\u00edveis m\u00e9dio, m\u00e9dio\/t\u00e9cnico e superior e forma\u00e7\u00e3o em cadastro de reserva. O certame foi organizado pela Fepese.<\/p>\n\n\n\n<p>Os inscritos no certame foram submetidos a uma prova objetiva nas cidades de Chapec\u00f3, Crici\u00fama, Grande Florian\u00f3polis, Joinville e Lages.<\/p>\n\n\n\n<p>Vale ressaltar que ap\u00f3s esse concurso, realizado no ano de 2018, outro edital com oferta de vagas em cadastro de reserva para os cargos de Eletricista e T\u00e9cnico Industrial \u2013 Eletrot\u00e9cnica foi divulgado, ano passado.<\/p>\n\n\n\n<p><strong>Confira abaixo o documento de prorroga\u00e7\u00e3o do prazo de validade do concurso realizado em 2018:<\/strong><\/p>\n\n\n\n<figure class=\"wp-block-image aligncenter size-large\"><img loading=\"lazy\" decoding=\"async\" width=\"360\" height=\"78\" src=\"https:\/\/dhg1h5j42swfq.cloudfront.net\/2020\/04\/28105755\/1.png\" alt=\"\" class=\"wp-image-508048\" srcset=\"https:\/\/dhg1h5j42swfq.cloudfront.net\/2020\/04\/28105755\/1.png 360w, https:\/\/dhg1h5j42swfq.cloudfront.net\/2020\/04\/28105755\/1-300x65.png 300w\" sizes=\"auto, (max-width: 360px) 100vw, 360px\" \/><\/figure>\n\n\n\n<figure class=\"wp-block-image aligncenter size-large\"><img loading=\"lazy\" decoding=\"async\" width=\"353\" height=\"109\" src=\"https:\/\/dhg1h5j42swfq.cloudfront.net\/2020\/04\/28105759\/2.png\" alt=\"\" class=\"wp-image-508049\" srcset=\"https:\/\/dhg1h5j42swfq.cloudfront.net\/2020\/04\/28105759\/2.png 353w, https:\/\/dhg1h5j42swfq.cloudfront.net\/2020\/04\/28105759\/2-300x93.png 300w\" sizes=\"auto, (max-width: 353px) 100vw, 353px\" \/><\/figure>\n\n\n\n<p class=\"has-text-align-center\"><em><strong>Assinatura Anual Ilimitada*<\/strong><\/em><\/p>\n\n\n\n<p class=\"has-text-align-center\"><em>Prepare-se com o melhor material e com quem mais aprova em&nbsp;Concursos P\u00fablicos de todo o pa\u00eds. Assine agora a nossa Assinatura Anual e tenha acesso ilimitado* a todos os nossos cursos.<\/em><\/p>\n\n\n\n<p class=\"has-text-align-center has-light-green-cyan-background-color has-background\" style=\"font-size:clamp(14.642px, 0.915rem + ((1vw - 3.2px) * 0.721), 22px);px\"><strong>ASSINE AGORA<\/strong>&nbsp;\u2013&nbsp;<strong><a rel=\"noreferrer noopener\" href=\"https:\/\/www.estrategiaconcursos.com.br\/assinaturas\" target=\"_blank\">Assinatura Ilimitada<\/a><\/strong><\/p>\n\n\n\n<p class=\"has-text-align-center\"><strong><em>Fique por dentro de todos os concursos<\/em><\/strong><\/p>\n\n\n\n<p class=\"has-text-align-center has-pale-cyan-blue-background-color has-background\" style=\"font-size:clamp(14.642px, 0.915rem + ((1vw - 3.2px) * 0.721), 22px);px\"><strong><a href=\"https:\/\/www.estrategiaconcursos.com.br\/blog\/concursos-sc\/\" target=\"_blank\" rel=\"noreferrer noopener\">CONCURSOS SC<\/a><\/strong><\/p>\n\n\n\n<p class=\"has-text-align-center has-pale-cyan-blue-background-color has-background\" style=\"font-size:clamp(14.642px, 0.915rem + ((1vw - 3.2px) * 0.721), 22px);px\"><a href=\"https:\/\/www.estrategiaconcursos.com.br\/blog\/concursos-abertos\/\" target=\"_blank\" rel=\"noreferrer noopener\"><strong>CONCURSOS ABERTOS<\/strong><\/a><\/p>\n","protected":false},"excerpt":{"rendered":"<p>Foi publicada a prorroga\u00e7\u00e3o do prazo de validade do concurso da&nbsp;Companhia de Energia El\u00e9trica de Santa Catarina realizado no ano de 2018. Segundo o documento, o prazo ser\u00e1 estendido at\u00e9 08 de maio de 2022. Na ocasi\u00e3o foram ofertadas 49 vagas efetivas para candidatos de n\u00edveis m\u00e9dio, m\u00e9dio\/t\u00e9cnico e superior e forma\u00e7\u00e3o em cadastro de [&hellip;]<\/p>\n","protected":false},"author":147,"featured_media":432570,"comment_status":"open","ping_status":"closed","sticky":false,"template":"","format":"standard","meta":{"post_tipo":"article","footnotes":""},"categories":[1],"tags":[],"tax_estado":[],"class_list":["post-508033","post","type-post","status-publish","format-standard","has-post-thumbnail","hentry","category-cursos-e-concursos"],"acf":[],"yoast_head":"<!-- This site is optimized with the Yoast SEO Premium plugin v27.2 (Yoast SEO v27.2) - https:\/\/yoast.com\/product\/yoast-seo-premium-wordpress\/ -->\n<title>Prazo de validade do Concurso Celesc 2018 \u00e9 prorrogado at\u00e9 2022<\/title>\n<meta name=\"description\" content=\"Prazo de validade do concurso da Companhia de Energia El\u00e9trica de Santa Catarina realizado no ano de 2018 \u00e9 prorrogado at\u00e9 08 de maio de 2022. Confira!\" \/>\n<meta name=\"robots\" content=\"index, follow, max-snippet:-1, max-image-preview:large, max-video-preview:-1\" \/>\n<link rel=\"canonical\" href=\"https:\/\/www.estrategiaconcursos.com.br\/blog\/prazo-de-validade-concurso-celesc-2018\/\" \/>\n<meta property=\"og:locale\" content=\"pt_BR\" \/>\n<meta property=\"og:type\" content=\"article\" \/>\n<meta property=\"og:title\" content=\"Prazo de validade do Concurso Celesc 2018 \u00e9 prorrogado at\u00e9 2022\" \/>\n<meta property=\"og:description\" content=\"Prazo de validade do concurso da Companhia de Energia El\u00e9trica de Santa Catarina realizado no ano de 2018 \u00e9 prorrogado at\u00e9 08 de maio de 2022. Confira!\" \/>\n<meta property=\"og:url\" content=\"https:\/\/www.estrategiaconcursos.com.br\/blog\/prazo-de-validade-concurso-celesc-2018\/\" \/>\n<meta property=\"og:site_name\" content=\"Estrat\u00e9gia Concursos\" \/>\n<meta property=\"article:published_time\" content=\"2020-04-28T14:02:51+00:00\" \/>\n<meta property=\"article:modified_time\" content=\"2023-07-03T18:58:40+00:00\" \/>\n<meta property=\"og:image\" content=\"https:\/\/dhg1h5j42swfq.cloudfront.net\/2019\/09\/10101731\/CELESC.jpg\" \/>\n\t<meta property=\"og:image:width\" content=\"1200\" \/>\n\t<meta property=\"og:image:height\" content=\"628\" \/>\n\t<meta property=\"og:image:type\" content=\"image\/jpeg\" \/>\n<meta name=\"author\" content=\"Gilmar Possati\" \/>\n<meta name=\"twitter:card\" content=\"summary_large_image\" \/>\n<meta name=\"twitter:creator\" content=\"@EstratConcursos\" \/>\n<meta name=\"twitter:site\" content=\"@EstratConcursos\" \/>\n<meta name=\"twitter:label1\" content=\"Escrito por\" \/>\n\t<meta name=\"twitter:data1\" content=\"Gilmar Possati\" \/>\n\t<meta name=\"twitter:label2\" content=\"Est. tempo de leitura\" \/>\n\t<meta name=\"twitter:data2\" content=\"1 minuto\" \/>\n<script type=\"application\/ld+json\" class=\"yoast-schema-graph\">{\"@context\":\"https:\/\/schema.org\",\"@graph\":[{\"@type\":\"NewsArticle\",\"@id\":\"https:\/\/www.estrategiaconcursos.com.br\/blog\/prazo-de-validade-concurso-celesc-2018\/#article\",\"isPartOf\":{\"@id\":\"https:\/\/www.estrategiaconcursos.com.br\/blog\/prazo-de-validade-concurso-celesc-2018\/\"},\"author\":{\"name\":\"Gilmar Possati\",\"@id\":\"https:\/\/www.estrategiaconcursos.com.br\/blog\/#\/schema\/person\/9660a35d48e0e0be2d64dd4af75e4bc0\"},\"headline\":\"Prazo de validade do Concurso Celesc 2018 \u00e9 prorrogado at\u00e9 2022\",\"datePublished\":\"2020-04-28T14:02:51+00:00\",\"dateModified\":\"2023-07-03T18:58:40+00:00\",\"mainEntityOfPage\":{\"@id\":\"https:\/\/www.estrategiaconcursos.com.br\/blog\/prazo-de-validade-concurso-celesc-2018\/\"},\"wordCount\":205,\"commentCount\":0,\"publisher\":{\"@id\":\"https:\/\/www.estrategiaconcursos.com.br\/blog\/#organization\"},\"image\":{\"@id\":\"https:\/\/www.estrategiaconcursos.com.br\/blog\/prazo-de-validade-concurso-celesc-2018\/#primaryimage\"},\"thumbnailUrl\":\"https:\/\/dhg1h5j42swfq.cloudfront.net\/2019\/09\/10101731\/CELESC.jpg\",\"articleSection\":[\"Concursos P\u00fablicos\"],\"inLanguage\":\"pt-BR\",\"potentialAction\":[{\"@type\":\"CommentAction\",\"name\":\"Comment\",\"target\":[\"https:\/\/www.estrategiaconcursos.com.br\/blog\/prazo-de-validade-concurso-celesc-2018\/#respond\"]}],\"copyrightYear\":\"2020\",\"copyrightHolder\":{\"@id\":\"https:\/\/www.estrategiaconcursos.com.br\/blog\/#organization\"}},{\"@type\":\"WebPage\",\"@id\":\"https:\/\/www.estrategiaconcursos.com.br\/blog\/prazo-de-validade-concurso-celesc-2018\/\",\"url\":\"https:\/\/www.estrategiaconcursos.com.br\/blog\/prazo-de-validade-concurso-celesc-2018\/\",\"name\":\"Prazo de validade do Concurso Celesc 2018 \u00e9 prorrogado at\u00e9 2022\",\"isPartOf\":{\"@id\":\"https:\/\/www.estrategiaconcursos.com.br\/blog\/#website\"},\"primaryImageOfPage\":{\"@id\":\"https:\/\/www.estrategiaconcursos.com.br\/blog\/prazo-de-validade-concurso-celesc-2018\/#primaryimage\"},\"image\":{\"@id\":\"https:\/\/www.estrategiaconcursos.com.br\/blog\/prazo-de-validade-concurso-celesc-2018\/#primaryimage\"},\"thumbnailUrl\":\"https:\/\/dhg1h5j42swfq.cloudfront.net\/2019\/09\/10101731\/CELESC.jpg\",\"datePublished\":\"2020-04-28T14:02:51+00:00\",\"dateModified\":\"2023-07-03T18:58:40+00:00\",\"description\":\"Prazo de validade do concurso da Companhia de Energia El\u00e9trica de Santa Catarina realizado no ano de 2018 \u00e9 prorrogado at\u00e9 08 de maio de 2022. Confira!\",\"breadcrumb\":{\"@id\":\"https:\/\/www.estrategiaconcursos.com.br\/blog\/prazo-de-validade-concurso-celesc-2018\/#breadcrumb\"},\"inLanguage\":\"pt-BR\",\"potentialAction\":[{\"@type\":\"ReadAction\",\"target\":[\"https:\/\/www.estrategiaconcursos.com.br\/blog\/prazo-de-validade-concurso-celesc-2018\/\"]}]},{\"@type\":\"ImageObject\",\"inLanguage\":\"pt-BR\",\"@id\":\"https:\/\/www.estrategiaconcursos.com.br\/blog\/prazo-de-validade-concurso-celesc-2018\/#primaryimage\",\"url\":\"https:\/\/dhg1h5j42swfq.cloudfront.net\/2019\/09\/10101731\/CELESC.jpg\",\"contentUrl\":\"https:\/\/dhg1h5j42swfq.cloudfront.net\/2019\/09\/10101731\/CELESC.jpg\",\"width\":1200,\"height\":628},{\"@type\":\"BreadcrumbList\",\"@id\":\"https:\/\/www.estrategiaconcursos.com.br\/blog\/prazo-de-validade-concurso-celesc-2018\/#breadcrumb\",\"itemListElement\":[{\"@type\":\"ListItem\",\"position\":1,\"name\":\"In\u00edcio\",\"item\":\"https:\/\/www.estrategiaconcursos.com.br\/blog\/\"},{\"@type\":\"ListItem\",\"position\":2,\"name\":\"Prazo de validade do Concurso Celesc 2018 \u00e9 prorrogado at\u00e9 2022\"}]},{\"@type\":\"WebSite\",\"@id\":\"https:\/\/www.estrategiaconcursos.com.br\/blog\/#website\",\"url\":\"https:\/\/www.estrategiaconcursos.com.br\/blog\/\",\"name\":\"Estrat\u00e9gia Concursos\",\"description\":\"O blog da Estrat\u00e9gia Concursos traz not\u00edcias sobre concursos e artigos de professores oferecendo cursos para concursos (pdf + videaulas) no site.\",\"publisher\":{\"@id\":\"https:\/\/www.estrategiaconcursos.com.br\/blog\/#organization\"},\"potentialAction\":[{\"@type\":\"SearchAction\",\"target\":{\"@type\":\"EntryPoint\",\"urlTemplate\":\"https:\/\/www.estrategiaconcursos.com.br\/blog\/?s={search_term_string}\"},\"query-input\":{\"@type\":\"PropertyValueSpecification\",\"valueRequired\":true,\"valueName\":\"search_term_string\"}}],\"inLanguage\":\"pt-BR\"},{\"@type\":\"Organization\",\"@id\":\"https:\/\/www.estrategiaconcursos.com.br\/blog\/#organization\",\"name\":\"Estrat\u00e9gia Concursos\",\"url\":\"https:\/\/www.estrategiaconcursos.com.br\/blog\/\",\"logo\":{\"@type\":\"ImageObject\",\"inLanguage\":\"pt-BR\",\"@id\":\"https:\/\/www.estrategiaconcursos.com.br\/blog\/#\/schema\/logo\/image\/\",\"url\":\"https:\/\/dhg1h5j42swfq.cloudfront.net\/2025\/06\/03203428\/logo_concursos-1.jpg\",\"contentUrl\":\"https:\/\/dhg1h5j42swfq.cloudfront.net\/2025\/06\/03203428\/logo_concursos-1.jpg\",\"width\":230,\"height\":60,\"caption\":\"Estrat\u00e9gia Concursos\"},\"image\":{\"@id\":\"https:\/\/www.estrategiaconcursos.com.br\/blog\/#\/schema\/logo\/image\/\"},\"sameAs\":[\"https:\/\/x.com\/EstratConcursos\"]},{\"@type\":\"Person\",\"@id\":\"https:\/\/www.estrategiaconcursos.com.br\/blog\/#\/schema\/person\/9660a35d48e0e0be2d64dd4af75e4bc0\",\"name\":\"Gilmar Possati\",\"image\":{\"@type\":\"ImageObject\",\"inLanguage\":\"pt-BR\",\"@id\":\"https:\/\/secure.gravatar.com\/avatar\/e9ab3ac77ba7f458bfef2113ea7deb36e4cbb955307f2f888d0dac0cafa0e752?s=96&d=mm&r=g\",\"url\":\"https:\/\/secure.gravatar.com\/avatar\/e9ab3ac77ba7f458bfef2113ea7deb36e4cbb955307f2f888d0dac0cafa0e752?s=96&d=mm&r=g\",\"contentUrl\":\"https:\/\/secure.gravatar.com\/avatar\/e9ab3ac77ba7f458bfef2113ea7deb36e4cbb955307f2f888d0dac0cafa0e752?s=96&d=mm&r=g\",\"caption\":\"Gilmar Possati\"},\"url\":\"https:\/\/www.estrategiaconcursos.com.br\/blog\/author\/gilmarpossatiestrategiaconcursos-com-br\/\"}]}<\/script>\n<!-- \/ Yoast SEO Premium plugin. -->","yoast_head_json":{"title":"Prazo de validade do Concurso Celesc 2018 \u00e9 prorrogado at\u00e9 2022","description":"Prazo de validade do concurso da Companhia de Energia El\u00e9trica de Santa Catarina realizado no ano de 2018 \u00e9 prorrogado at\u00e9 08 de maio de 2022. Confira!","robots":{"index":"index","follow":"follow","max-snippet":"max-snippet:-1","max-image-preview":"max-image-preview:large","max-video-preview":"max-video-preview:-1"},"canonical":"https:\/\/www.estrategiaconcursos.com.br\/blog\/prazo-de-validade-concurso-celesc-2018\/","og_locale":"pt_BR","og_type":"article","og_title":"Prazo de validade do Concurso Celesc 2018 \u00e9 prorrogado at\u00e9 2022","og_description":"Prazo de validade do concurso da Companhia de Energia El\u00e9trica de Santa Catarina realizado no ano de 2018 \u00e9 prorrogado at\u00e9 08 de maio de 2022. Confira!","og_url":"https:\/\/www.estrategiaconcursos.com.br\/blog\/prazo-de-validade-concurso-celesc-2018\/","og_site_name":"Estrat\u00e9gia Concursos","article_published_time":"2020-04-28T14:02:51+00:00","article_modified_time":"2023-07-03T18:58:40+00:00","og_image":[{"width":1200,"height":628,"url":"https:\/\/dhg1h5j42swfq.cloudfront.net\/2019\/09\/10101731\/CELESC.jpg","type":"image\/jpeg"}],"author":"Gilmar Possati","twitter_card":"summary_large_image","twitter_creator":"@EstratConcursos","twitter_site":"@EstratConcursos","twitter_misc":{"Escrito por":"Gilmar Possati","Est. tempo de leitura":"1 minuto"},"schema":{"@context":"https:\/\/schema.org","@graph":[{"@type":"NewsArticle","@id":"https:\/\/www.estrategiaconcursos.com.br\/blog\/prazo-de-validade-concurso-celesc-2018\/#article","isPartOf":{"@id":"https:\/\/www.estrategiaconcursos.com.br\/blog\/prazo-de-validade-concurso-celesc-2018\/"},"author":{"name":"Gilmar Possati","@id":"https:\/\/www.estrategiaconcursos.com.br\/blog\/#\/schema\/person\/9660a35d48e0e0be2d64dd4af75e4bc0"},"headline":"Prazo de validade do Concurso Celesc 2018 \u00e9 prorrogado at\u00e9 2022","datePublished":"2020-04-28T14:02:51+00:00","dateModified":"2023-07-03T18:58:40+00:00","mainEntityOfPage":{"@id":"https:\/\/www.estrategiaconcursos.com.br\/blog\/prazo-de-validade-concurso-celesc-2018\/"},"wordCount":205,"commentCount":0,"publisher":{"@id":"https:\/\/www.estrategiaconcursos.com.br\/blog\/#organization"},"image":{"@id":"https:\/\/www.estrategiaconcursos.com.br\/blog\/prazo-de-validade-concurso-celesc-2018\/#primaryimage"},"thumbnailUrl":"https:\/\/dhg1h5j42swfq.cloudfront.net\/2019\/09\/10101731\/CELESC.jpg","articleSection":["Concursos P\u00fablicos"],"inLanguage":"pt-BR","potentialAction":[{"@type":"CommentAction","name":"Comment","target":["https:\/\/www.estrategiaconcursos.com.br\/blog\/prazo-de-validade-concurso-celesc-2018\/#respond"]}],"copyrightYear":"2020","copyrightHolder":{"@id":"https:\/\/www.estrategiaconcursos.com.br\/blog\/#organization"}},{"@type":"WebPage","@id":"https:\/\/www.estrategiaconcursos.com.br\/blog\/prazo-de-validade-concurso-celesc-2018\/","url":"https:\/\/www.estrategiaconcursos.com.br\/blog\/prazo-de-validade-concurso-celesc-2018\/","name":"Prazo de validade do Concurso Celesc 2018 \u00e9 prorrogado at\u00e9 2022","isPartOf":{"@id":"https:\/\/www.estrategiaconcursos.com.br\/blog\/#website"},"primaryImageOfPage":{"@id":"https:\/\/www.estrategiaconcursos.com.br\/blog\/prazo-de-validade-concurso-celesc-2018\/#primaryimage"},"image":{"@id":"https:\/\/www.estrategiaconcursos.com.br\/blog\/prazo-de-validade-concurso-celesc-2018\/#primaryimage"},"thumbnailUrl":"https:\/\/dhg1h5j42swfq.cloudfront.net\/2019\/09\/10101731\/CELESC.jpg","datePublished":"2020-04-28T14:02:51+00:00","dateModified":"2023-07-03T18:58:40+00:00","description":"Prazo de validade do concurso da Companhia de Energia El\u00e9trica de Santa Catarina realizado no ano de 2018 \u00e9 prorrogado at\u00e9 08 de maio de 2022. Confira!","breadcrumb":{"@id":"https:\/\/www.estrategiaconcursos.com.br\/blog\/prazo-de-validade-concurso-celesc-2018\/#breadcrumb"},"inLanguage":"pt-BR","potentialAction":[{"@type":"ReadAction","target":["https:\/\/www.estrategiaconcursos.com.br\/blog\/prazo-de-validade-concurso-celesc-2018\/"]}]},{"@type":"ImageObject","inLanguage":"pt-BR","@id":"https:\/\/www.estrategiaconcursos.com.br\/blog\/prazo-de-validade-concurso-celesc-2018\/#primaryimage","url":"https:\/\/dhg1h5j42swfq.cloudfront.net\/2019\/09\/10101731\/CELESC.jpg","contentUrl":"https:\/\/dhg1h5j42swfq.cloudfront.net\/2019\/09\/10101731\/CELESC.jpg","width":1200,"height":628},{"@type":"BreadcrumbList","@id":"https:\/\/www.estrategiaconcursos.com.br\/blog\/prazo-de-validade-concurso-celesc-2018\/#breadcrumb","itemListElement":[{"@type":"ListItem","position":1,"name":"In\u00edcio","item":"https:\/\/www.estrategiaconcursos.com.br\/blog\/"},{"@type":"ListItem","position":2,"name":"Prazo de validade do Concurso Celesc 2018 \u00e9 prorrogado at\u00e9 2022"}]},{"@type":"WebSite","@id":"https:\/\/www.estrategiaconcursos.com.br\/blog\/#website","url":"https:\/\/www.estrategiaconcursos.com.br\/blog\/","name":"Estrat\u00e9gia Concursos","description":"O blog da Estrat\u00e9gia Concursos traz not\u00edcias sobre concursos e artigos de professores oferecendo cursos para concursos (pdf + videaulas) no site.","publisher":{"@id":"https:\/\/www.estrategiaconcursos.com.br\/blog\/#organization"},"potentialAction":[{"@type":"SearchAction","target":{"@type":"EntryPoint","urlTemplate":"https:\/\/www.estrategiaconcursos.com.br\/blog\/?s={search_term_string}"},"query-input":{"@type":"PropertyValueSpecification","valueRequired":true,"valueName":"search_term_string"}}],"inLanguage":"pt-BR"},{"@type":"Organization","@id":"https:\/\/www.estrategiaconcursos.com.br\/blog\/#organization","name":"Estrat\u00e9gia Concursos","url":"https:\/\/www.estrategiaconcursos.com.br\/blog\/","logo":{"@type":"ImageObject","inLanguage":"pt-BR","@id":"https:\/\/www.estrategiaconcursos.com.br\/blog\/#\/schema\/logo\/image\/","url":"https:\/\/dhg1h5j42swfq.cloudfront.net\/2025\/06\/03203428\/logo_concursos-1.jpg","contentUrl":"https:\/\/dhg1h5j42swfq.cloudfront.net\/2025\/06\/03203428\/logo_concursos-1.jpg","width":230,"height":60,"caption":"Estrat\u00e9gia Concursos"},"image":{"@id":"https:\/\/www.estrategiaconcursos.com.br\/blog\/#\/schema\/logo\/image\/"},"sameAs":["https:\/\/x.com\/EstratConcursos"]},{"@type":"Person","@id":"https:\/\/www.estrategiaconcursos.com.br\/blog\/#\/schema\/person\/9660a35d48e0e0be2d64dd4af75e4bc0","name":"Gilmar Possati","image":{"@type":"ImageObject","inLanguage":"pt-BR","@id":"https:\/\/secure.gravatar.com\/avatar\/e9ab3ac77ba7f458bfef2113ea7deb36e4cbb955307f2f888d0dac0cafa0e752?s=96&d=mm&r=g","url":"https:\/\/secure.gravatar.com\/avatar\/e9ab3ac77ba7f458bfef2113ea7deb36e4cbb955307f2f888d0dac0cafa0e752?s=96&d=mm&r=g","contentUrl":"https:\/\/secure.gravatar.com\/avatar\/e9ab3ac77ba7f458bfef2113ea7deb36e4cbb955307f2f888d0dac0cafa0e752?s=96&d=mm&r=g","caption":"Gilmar Possati"},"url":"https:\/\/www.estrategiaconcursos.com.br\/blog\/author\/gilmarpossatiestrategiaconcursos-com-br\/"}]}},"_links":{"self":[{"href":"https:\/\/www.estrategiaconcursos.com.br\/blog\/wp-json\/wp\/v2\/posts\/508033","targetHints":{"allow":["GET"]}}],"collection":[{"href":"https:\/\/www.estrategiaconcursos.com.br\/blog\/wp-json\/wp\/v2\/posts"}],"about":[{"href":"https:\/\/www.estrategiaconcursos.com.br\/blog\/wp-json\/wp\/v2\/types\/post"}],"author":[{"embeddable":true,"href":"https:\/\/www.estrategiaconcursos.com.br\/blog\/wp-json\/wp\/v2\/users\/147"}],"replies":[{"embeddable":true,"href":"https:\/\/www.estrategiaconcursos.com.br\/blog\/wp-json\/wp\/v2\/comments?post=508033"}],"version-history":[{"count":5,"href":"https:\/\/www.estrategiaconcursos.com.br\/blog\/wp-json\/wp\/v2\/posts\/508033\/revisions"}],"predecessor-version":[{"id":1242648,"href":"https:\/\/www.estrategiaconcursos.com.br\/blog\/wp-json\/wp\/v2\/posts\/508033\/revisions\/1242648"}],"wp:featuredmedia":[{"embeddable":true,"href":"https:\/\/www.estrategiaconcursos.com.br\/blog\/wp-json\/wp\/v2\/media\/432570"}],"wp:attachment":[{"href":"https:\/\/www.estrategiaconcursos.com.br\/blog\/wp-json\/wp\/v2\/media?parent=508033"}],"wp:term":[{"taxonomy":"category","embeddable":true,"href":"https:\/\/www.estrategiaconcursos.com.br\/blog\/wp-json\/wp\/v2\/categories?post=508033"},{"taxonomy":"post_tag","embeddable":true,"href":"https:\/\/www.estrategiaconcursos.com.br\/blog\/wp-json\/wp\/v2\/tags?post=508033"},{"taxonomy":"tax_estado","embeddable":true,"href":"https:\/\/www.estrategiaconcursos.com.br\/blog\/wp-json\/wp\/v2\/tax_estado?post=508033"}],"curies":[{"name":"wp","href":"https:\/\/api.w.org\/{rel}","templated":true}]}}