{"id":50801,"date":"2026-03-20T08:20:00","date_gmt":"2026-03-20T11:20:00","guid":{"rendered":"https:\/\/www.estrategiaconcursos.com.br\/blog\/?p=50801"},"modified":"2026-03-20T08:26:44","modified_gmt":"2026-03-20T11:26:44","slug":"concurso-mp-al","status":"publish","type":"post","link":"https:\/\/www.estrategiaconcursos.com.br\/blog\/concurso-mp-al\/","title":{"rendered":"Concurso MP AL 2026: prova em maio! At\u00e9 R$ 6,2 mil!"},"content":{"rendered":"<p><center><a id=\"cta-icon\" href=\"https:\/\/sndflw.com\/i\/mp-al-grupo\" target=\"_blank\" style=\"background:#29a61a; display:inline-flex; align-items:center; padding:10px 15px; border-radius:6px; color:#fff; text-decoration:none; font-weight:500; font-size:15px;\"><img decoding=\"async\" src=\"https:\/\/dhg1h5j42swfq.cloudfront.net\/2023\/12\/07154107\/whatsapp_13851.png\" alt=\"\" style=\"width:20px; height:20px; margin-right:8px;\"><span>Acesse agora o Grupo de Estudos para o Concurso MP AL<\/span><\/a><\/center><\/p>\n\n\n\n<p>O <strong><a href=\"https:\/\/www.estrategiaconcursos.com.br\/assinaturas\/\" target=\"_blank\" rel=\"noreferrer noopener\">Minist\u00e9rio P\u00fablico do Estado de Alagoas<\/a><\/strong> (MP AL) oferta <strong>27 vagas<\/strong> distribu\u00eddas entre os cargos de t\u00e9cnico e analista, diversas especialidades.<\/p>\n\n\n\n<p>As oportunidades s\u00e3o de n\u00edveis m\u00e9dio e superior e os sal\u00e1rios iniciais s\u00e3o de at\u00e9 <strong>R$ 6.243,37<\/strong>.<\/p>\n\n\n\n<p>Os interessados em participar da sele\u00e7\u00e3o deveriam realizar as <strong>inscri\u00e7\u00f5es<\/strong> no per\u00edodo <strong>de 10h de 02 de fevereiro at\u00e9 23h59 de 19 de mar\u00e7o<\/strong>, no site da banca organizadora &#8211; Funda\u00e7\u00e3o Carlos Chagas (FCC).<\/p>\n\n\n\n<p>A taxa de participa\u00e7\u00e3o variou de R$ 140,00 para cargos de Analista e R$ 120,00 para cargos de T\u00e9cnico J\u00e1 as <strong>provas<\/strong> ser\u00e3o aplicadas em <strong>17 de maio<\/strong>.<\/p>\n\n\n\n<ul class=\"wp-block-list has-very-light-gray-to-cyan-bluish-gray-gradient-background has-background\">\n<li><strong>Concurso MP AL <\/strong><\/li>\n\n\n\n<li><strong>Situa\u00e7\u00e3o: <\/strong>prova 17\/05<\/li>\n\n\n\n<li><strong style=\"background-color: initial; color: initial;\">Banca:<\/strong> <a href=\"http:\/\/www.concursosfcc.com.br\/\" target=\"_blank\" rel=\"noreferrer noopener\">FCC<\/a><\/li>\n\n\n\n<li><strong>Vagas:<\/strong> 27<\/li>\n\n\n\n<li><strong>Cargo<\/strong>: analista e t\u00e9cnico <\/li>\n\n\n\n<li><strong>Sal\u00e1rio inicial:<\/strong> at\u00e9 R$ 6,2 mil<\/li>\n\n\n\n<li><strong>Edital<\/strong>: <a href=\"https:\/\/dhg1h5j42swfq.cloudfront.net\/2026\/01\/23081021\/edital-mp-al.pdf\" target=\"_blank\" rel=\"noreferrer noopener\">MP AL 2026<\/a><\/li>\n<\/ul>\n\n\n\n<p>Prepare-se com o melhor material e com quem mais aprova em Concursos P\u00fablicos em todo o pa\u00eds.<\/p>\n\n\n\n<ul class=\"wp-block-list\">\n<li><strong><a href=\"#resumo-do-concurso\">Resumo do concurso<\/a><\/strong><\/li>\n\n\n\n<li><strong><a href=\"#principais-datas\">Qual o cronograma do concurso MP AL?<\/a><\/strong><\/li>\n\n\n\n<li><strong><a href=\"#cargos-vagas-salarios-e-requisitos\">Quais s\u00e3o os cargos e vagas?<\/a><\/strong><\/li>\n\n\n\n<li><strong><a href=\"#cargos-vagos\">Quantos cargos est\u00e3o vagos?<\/a><\/strong><\/li>\n\n\n\n<li><strong><a href=\"#salarios\">Quanto ganha um servidor do MP Alagoas?<\/a><\/strong><\/li>\n\n\n\n<li><strong><a href=\"#ultimo\">Como foi o \u00faltimo concurso?<\/a><\/strong><\/li>\n\n\n\n<li><strong><a href=\"#cursos\">Cursos e Assinaturas<\/a><\/strong><\/li>\n\n\n\n<li><strong><a href=\"#ficha\">Ficha T\u00e9cnica<\/a><\/strong><\/li>\n<\/ul>\n\n\n\n<div class=\"container\" id=\"boxes\">\n  <div class=\"row\">\n\n    <div class=\"col-sm\">\n      <div class=\"banner-adm\" id=\"box-assinatura\">\n        <h3 class=\"titulo-assinatura\">Curso MP AL<\/h3>\n        <p class=\"subtitulo-assinatura\">Estude conosco<\/p>\n        <div class=\"box-botao\">\n          <a class=\"btn-assinatura\" target=\"_blank\" href=\"https:\/\/www.estrategiaconcursos.com.br\/cursosPorConcurso\/mp-al-ministerio-publico-de-alagoas-servidores\/\" role=\"button\" rel=\"noopener noreferrer\">Conhe\u00e7a os cursos MP AL<\/a>\n        <\/div>\n      <\/div>\n      \n    <\/div>\n\n  <\/div>\n<\/div>\n\n\n\n<h2 class=\"wp-block-heading\" id=\"atual\">Resumo do concurso MP AL<\/h2>\n\n\n\n<ul class=\"wp-block-list\">\n<li><strong>23 de janeiro de 2026 &#8211; <a href=\"https:\/\/www.estrategiaconcursos.com.br\/blog\/concurso-mp-al-2026-edital-publicado\/\" target=\"_blank\" rel=\"noreferrer noopener\">edital publicado<\/a><\/strong>;<\/li>\n\n\n\n<li><strong>19 de janeiro de 2026 &#8211; <a href=\"https:\/\/www.estrategiaconcursos.com.br\/blog\/mp-al-confirma-iminencia-do-edital-do-concurso\/\" target=\"_blank\" rel=\"noreferrer noopener\">publica\u00e7\u00e3o do edital \u00e9 iminente<\/a><\/strong>;<\/li>\n\n\n\n<li><strong>16 de dezembro de 2025 &#8211; <a href=\"https:\/\/www.estrategiaconcursos.com.br\/blog\/concurso-mp-al-edital-sera-publicado-no-dia-23-de-janeiro\/\" target=\"_blank\" rel=\"noreferrer noopener\">data de lan\u00e7amento do edital anunciada<\/a><\/strong>;<\/li>\n\n\n\n<li><strong>15 de dezembro de 2025 &#8211; <a href=\"https:\/\/www.estrategiaconcursos.com.br\/blog\/novo-concurso-mp-al-contrato-fcc\/\" target=\"_blank\" rel=\"noreferrer noopener\">banca definida<\/a><\/strong>;<\/li>\n\n\n\n<li><strong>07 de novembro de 2025 &#8211; <a href=\"https:\/\/dhg1h5j42swfq.cloudfront.net\/2025\/11\/07084754\/mp-al.pdf\" target=\"_blank\" rel=\"noreferrer noopener\">reuni\u00e3o da comiss\u00e3o organizadora<\/a><\/strong>;<\/li>\n\n\n\n<li><strong>20 de maio de 2025 &#8211; <a href=\"https:\/\/www.estrategiaconcursos.com.br\/blog\/concurso-mp-al-comissao-formada\/\" target=\"_blank\" rel=\"noreferrer noopener\">comiss\u00e3o formada<\/a><\/strong>.<\/li>\n<\/ul>\n\n\n\n<h2 class=\"wp-block-heading\" id=\"h-qual-o-cronograma-do-concurso-mp-al\">Qual o cronograma do concurso MP AL?<\/h2>\n\n\n\n<ul class=\"wp-block-list\">\n<li><strong>Inscri\u00e7\u00f5es<\/strong>: 10h do dia 02\/02\/2026 \u00e0s 23h59min do dia 19\/03\/2026<br \/><strong>Isen\u00e7\u00e3o da taxa<\/strong>: 10h do dia 02\/02\/2026 e encerrando \u00e0s 23h59min do dia 06\/02\/2026<br \/><strong>\u00daltimo dia para pagamento<\/strong>: 22h do dia 20\/03\/2026<br \/><strong>Prova<\/strong>: 17\/05\/2026<\/li>\n<\/ul>\n\n\n\n<h2 class=\"wp-block-heading\" id=\"cargos-vagas\">Quais s\u00e3o os cargos e vagas do edital MP AL?<\/h2>\n\n\n\n<h3 class=\"wp-block-heading\" id=\"h-nivel-medio\">N\u00edvel m\u00e9dio<\/h3>\n\n\n\n<figure class=\"wp-block-table is-style-stripes\"><table class=\"has-fixed-layout\"><thead><tr><th class=\"has-text-align-center\" data-align=\"center\">CARGOS<\/th><th class=\"has-text-align-center\" data-align=\"center\">VAGAS<\/th><th class=\"has-text-align-center\" data-align=\"center\">SAL\u00c1RIO<\/th><th>REQUISITOS<\/th><\/tr><\/thead><tbody><tr><td class=\"has-text-align-center\" data-align=\"center\">T\u00e9cnico do<br \/>Minist\u00e9rio<br \/>P\u00fablico<\/td><td class=\"has-text-align-center\" data-align=\"center\">01<br \/>+<br \/>CR<\/td><td class=\"has-text-align-center\" data-align=\"center\">R$ 3.580,72<\/td><td>Certificado de conclus\u00e3o de curso<br \/>de Ensino M\u00e9dio, devidamente<br \/>registrado, expedido por Institui\u00e7\u00e3o<br \/>de Ensino reconhecida pelo<br \/>Minist\u00e9rio da Educa\u00e7\u00e3o.<\/td><\/tr><tr><td class=\"has-text-align-center\" data-align=\"center\">T\u00e9cnico do<br \/>Minist\u00e9rio<br \/>P\u00fablico \u2013<br \/>\u00c1rea de<br \/>Tecnologia da<br \/>Informa\u00e7\u00e3o<\/td><td class=\"has-text-align-center\" data-align=\"center\">03<br \/>+<br \/>CR<\/td><td class=\"has-text-align-center\" data-align=\"center\">R$ 3.580,72<\/td><td>Certificado de conclus\u00e3o de curso<br \/>de Ensino M\u00e9dio, devidamente<br \/>registrado, fornecido por Institui\u00e7\u00e3o<br \/>de Ensino reconhecida pelo<br \/>Minist\u00e9rio da Educa\u00e7\u00e3o, acrescido<br \/>de curso t\u00e9cnico na \u00e1rea de<br \/>tecnologia da informa\u00e7\u00e3o,totalizando, no m\u00ednimo, 1000<br \/>horas\/aulas.<\/td><\/tr><\/tbody><\/table><\/figure>\n\n\n\n<h3 class=\"wp-block-heading\" id=\"h-nivel-superior\">N\u00edvel superior<\/h3>\n\n\n\n<figure class=\"wp-block-table is-style-stripes\"><table class=\"has-fixed-layout\"><thead><tr><th class=\"has-text-align-center\" data-align=\"center\">CARGOS<\/th><th class=\"has-text-align-center\" data-align=\"center\">VAGAS<\/th><th class=\"has-text-align-center\" data-align=\"center\">SAL\u00c1RIO<\/th><th>REQUISITOS<\/th><\/tr><\/thead><tbody><tr><td class=\"has-text-align-center\" data-align=\"center\">Analista do<br \/>Minist\u00e9rio<br \/>P\u00fablico \u2013 \u00c1rea<br \/>Jur\u00eddica<\/td><td class=\"has-text-align-center\" data-align=\"center\">11<br \/>+<br \/>CR<\/td><td class=\"has-text-align-center\" data-align=\"center\">R$ 6.243,37<\/td><td>Diploma ou Certificado de<br \/>Curso Superior em Ci\u00eancias<br \/>Jur\u00eddicas, reconhecido pelo<br \/>Minist\u00e9rio da Educa\u00e7\u00e3o<\/td><\/tr><tr><td class=\"has-text-align-center\" data-align=\"center\">Analista do<br \/>Minist\u00e9rio<br \/>P\u00fablico \u2013 \u00c1rea<br \/>Gest\u00e3o P\u00fablica<\/td><td class=\"has-text-align-center\" data-align=\"center\">01<br \/>+<br \/>CR<\/td><td class=\"has-text-align-center\" data-align=\"center\">R$ 6.243,37<\/td><td>Diploma ou Certificado de<br \/>Curso Superior ou Tecn\u00f3logo<br \/>em qualquer \u00e1rea da forma\u00e7\u00e3o,<br \/>reconhecido pelo Minist\u00e9rio da<br \/>Educa\u00e7\u00e3o<\/td><\/tr><tr><td class=\"has-text-align-center\" data-align=\"center\">Analista do<br \/>Minist\u00e9rio<br \/>P\u00fablico \u2013 \u00c1rea<br \/>Comunica\u00e7\u00e3o<br \/>Social<\/td><td class=\"has-text-align-center\" data-align=\"center\">01<br \/>+<br \/>CR<\/td><td class=\"has-text-align-center\" data-align=\"center\">R$ 6.243,37<\/td><td>Diploma ou Certificado de<br \/>Curso Superior em<br \/>Comunica\u00e7\u00e3o Social,<br \/>reconhecido pelo Minist\u00e9rio da<br \/>Educa\u00e7\u00e3o.<\/td><\/tr><tr><td class=\"has-text-align-center\" data-align=\"center\">Analista do<br \/>Minist\u00e9rio<br \/>P\u00fablico \u2013 \u00c1rea<br \/>de Arquivologia<\/td><td class=\"has-text-align-center\" data-align=\"center\">01<br \/>+<br \/>CR<\/td><td class=\"has-text-align-center\" data-align=\"center\">R$ 6.243,37<\/td><td>Diploma ou Certificado<br \/>(acompanhado do hist\u00f3rico<br \/>escolar) de Curso superior em<br \/>Arquivologia, em n\u00edvel de<br \/>gradua\u00e7\u00e3o, reconhecido pelo<br \/>Minist\u00e9rio da Educa\u00e7\u00e3o.<br \/>Registro no Conselho de<br \/>Classe.<\/td><\/tr><tr><td class=\"has-text-align-center\" data-align=\"center\">Analista do<br \/>Minist\u00e9rio<br \/>P\u00fablico \u2013 \u00c1rea<br \/>de Assist\u00eancia<br \/>Social<\/td><td class=\"has-text-align-center\" data-align=\"center\">01<br \/>+<br \/>CR<\/td><td class=\"has-text-align-center\" data-align=\"center\">R$ 6.243,37<\/td><td>Diploma ou Certificado<br \/>(acompanhado do hist\u00f3rico<br \/>escolar), de Curso Superior em<br \/>Servi\u00e7o Social, em n\u00edvel de<br \/>gradua\u00e7\u00e3o, reconhecido pelo<br \/>Minist\u00e9rio da Educa\u00e7\u00e3o.<br \/>Registro no Conselho de<br \/>Classe<\/td><\/tr><tr><td class=\"has-text-align-center\" data-align=\"center\">Analista do<br \/>Minist\u00e9rio<br \/>P\u00fablico \u2013 \u00c1rea<br \/>de Engenharia<br \/>Civil<\/td><td class=\"has-text-align-center\" data-align=\"center\">01<br \/>+<br \/>CR<\/td><td class=\"has-text-align-center\" data-align=\"center\">R$ 6.243,37<\/td><td>Diploma ou Certificado de<br \/>Curso Superior em Engenharia<br \/>Civil, em n\u00edvel de gradua\u00e7\u00e3o,<br \/>reconhecido pelo Minist\u00e9rio da<br \/>Educa\u00e7\u00e3o. Registro no<br \/>Conselho de Classe<\/td><\/tr><tr><td class=\"has-text-align-center\" data-align=\"center\">Analista do<br \/>Minist\u00e9rio<br \/>P\u00fablico \u2013 \u00c1rea<br \/>de Engenharia<br \/>El\u00e9trica<\/td><td class=\"has-text-align-center\" data-align=\"center\">01<br \/>+<br \/>CR<\/td><td class=\"has-text-align-center\" data-align=\"center\">R$ 6.243,37<\/td><td>Diploma ou Certificado de<br \/>Curso Superior em Engenharia<br \/>El\u00e9trica, em n\u00edvel de<br \/>gradua\u00e7\u00e3o, reconhecido pelo<br \/>Minist\u00e9rio da Educa\u00e7\u00e3o.<br \/>Registro no Conselho de<br \/>Classe<\/td><\/tr><tr><td class=\"has-text-align-center\" data-align=\"center\">Analista do<br \/>Minist\u00e9rio<br \/>P\u00fablico \u2013 \u00c1rea<br \/>de Estat\u00edstica<\/td><td class=\"has-text-align-center\" data-align=\"center\">01<br \/>+<br \/>CR<\/td><td class=\"has-text-align-center\" data-align=\"center\">R$ 6.243,37<\/td><td>Diploma ou Certificado de<br \/>Curso Superior em Estat\u00edstica,<br \/>reconhecido pelo Minist\u00e9rio da<br \/>Educa\u00e7\u00e3o. Registro no<br \/>Conselho de Classe<\/td><\/tr><tr><td class=\"has-text-align-center\" data-align=\"center\">Analista do<br \/>Minist\u00e9rio<br \/>P\u00fablico \u2013 \u00c1rea<br \/>de Pedagogia<\/td><td class=\"has-text-align-center\" data-align=\"center\">01<br \/>+<br \/>CR<\/td><td class=\"has-text-align-center\" data-align=\"center\">R$ 6.243,37<\/td><td>Diploma ou Certificado de<br \/>Curso Superior em Pedagogia,<br \/>reconhecido pelo Minist\u00e9rio da<br \/>Educa\u00e7\u00e3o. Registro no<br \/>Conselho de Classe<\/td><\/tr><tr><td class=\"has-text-align-center\" data-align=\"center\">Analista do<br \/>Minist\u00e9rio<br \/>P\u00fablico \u2013 \u00c1rea Psicologia<\/td><td class=\"has-text-align-center\" data-align=\"center\">01<br \/>+<br \/>CR<\/td><td class=\"has-text-align-center\" data-align=\"center\">R$ 6.243,37<\/td><td>Diploma ou Certificado de<br \/>Curso Superior em Psicologia,<br \/>em n\u00edvel de gradua\u00e7\u00e3o, reconhecido pelo Minist\u00e9rio da<br \/>Educa\u00e7\u00e3o. Registro no<br \/>Conselho de Classe.<\/td><\/tr><tr><td class=\"has-text-align-center\" data-align=\"center\">Analista do<br \/>Minist\u00e9rio<br \/>P\u00fablico \u2013<br \/>Especialidade:<br \/>Administra\u00e7\u00e3o de<br \/>Redes<\/td><td class=\"has-text-align-center\" data-align=\"center\">01<br \/>+<br \/>CR<\/td><td class=\"has-text-align-center\" data-align=\"center\">R$ 6.243,37<\/td><td>Diploma ou Certificado de curso<br \/>superior, inclusive Licenciatura<br \/>Plena e Tecn\u00f3logo,<br \/>devidamente registrado e<br \/>fornecido por Institui\u00e7\u00e3o de<br \/>Ensino Superior reconhecida<br \/>pelo Minist\u00e9rio da Educa\u00e7\u00e3o,<br \/>em ramo de conhecimento<br \/>vinculado \u00e0 Inform\u00e1tica.<\/td><\/tr><tr><td class=\"has-text-align-center\" data-align=\"center\">Analista do<br \/>Minist\u00e9rio<br \/>P\u00fablico \u2013<br \/>Especialidade:<br \/>Administra\u00e7\u00e3o de<br \/>Banco de Dados<\/td><td class=\"has-text-align-center\" data-align=\"center\">01<br \/>+<br \/>CR<\/td><td class=\"has-text-align-center\" data-align=\"center\">R$ 6.243,37<\/td><td>Diploma ou Certificado de curso<br \/>superior, devidamente<br \/>registrado e fornecido por<br \/>Institui\u00e7\u00e3o de Ensino Superior<br \/>reconhecida pelo Minist\u00e9rio da<br \/>Educa\u00e7\u00e3o, em ramo de<br \/>conhecimento vinculado \u00e0<br \/>Inform\u00e1tica<\/td><\/tr><tr><td class=\"has-text-align-center\" data-align=\"center\">Analista do<br \/>Minist\u00e9rio<br \/>P\u00fablico \u2013<br \/>Especialidade:<br \/>Desenvolvimento<br \/>de Sistemas<\/td><td class=\"has-text-align-center\" data-align=\"center\">01<br \/>+<br \/>CR<\/td><td class=\"has-text-align-center\" data-align=\"center\">R$ 6.243,37<\/td><td>Diploma ou Certificado de curso<br \/>superior, inclusive Licenciatura<br \/>Plena e Tecn\u00f3logo,<br \/>devidamente registrado e<br \/>fornecido por Institui\u00e7\u00e3o de<br \/>Ensino Superior reconhecida<br \/>pelo Minist\u00e9rio da Educa\u00e7\u00e3o,<br \/>em ramo de conhecimento<br \/>vinculado \u00e0 Inform\u00e1tica<\/td><\/tr><\/tbody><\/table><\/figure>\n\n\n\n<h2 class=\"wp-block-heading\" id=\"etapas\">Como ser\u00e3o as etapas e provas?<\/h2>\n\n\n\n<p>Sob organiza\u00e7\u00e3o da banca FCC os candidatos inscritos no edital do concurso MP AL ser\u00e3o avaliados por meio da aplica\u00e7\u00e3o da seguinte etapa:<\/p>\n\n\n\n<ul class=\"wp-block-list\">\n<li><strong>Prova Objetiva<\/strong> \u2013 eliminat\u00f3rio e classificat\u00f3rio.<\/li>\n<\/ul>\n\n\n\n<h3 class=\"wp-block-heading\" id=\"objetiva\">Provas Objetivas<\/h3>\n\n\n\n<p>A prova objetiva, de car\u00e1ter eliminat\u00f3rio e classificat\u00f3rio, ser\u00e1 composta de 60 quest\u00f5es de m\u00faltipla escolha, com 5 alternativas, conforme listado abaixo:<\/p>\n\n\n\n<ul class=\"wp-block-list\">\n<li><strong>N\u00edvel M\u00e9dio:<\/strong>\n<ul class=\"wp-block-list\">\n<li>Conhecimentos Gerais<\/li>\n\n\n\n<li>L\u00edngua Portuguesa<\/li>\n\n\n\n<li>No\u00e7\u00f5es de Legisla\u00e7\u00e3o<\/li>\n\n\n\n<li>Conhecimentos Espec\u00edficos<\/li>\n<\/ul>\n<\/li>\n\n\n\n<li><strong>N\u00edvel Superior:<\/strong>\n<ul class=\"wp-block-list\">\n<li>Conhecimentos Gerais<\/li>\n\n\n\n<li>L\u00edngua Portuguesa<\/li>\n\n\n\n<li>No\u00e7\u00f5es de Legisla\u00e7\u00e3o<\/li>\n\n\n\n<li>Conhecimentos Espec\u00edficos<\/li>\n<\/ul>\n<\/li>\n<\/ul>\n\n\n\n<p>As Provas Objetivas ser\u00e3o realizadas na cidade de Macei\u00f3\/AL com previs\u00e3o de aplica\u00e7\u00e3o para o dia 17\/05\/2026, nos seguintes per\u00edodos:<\/p>\n\n\n\n<ul class=\"wp-block-list\">\n<li>no per\u00edodo da MANH\u00c3: para os cargos\/\u00e1reas de T\u00e9cnico do Minist\u00e9rio P\u00fablico;<\/li>\n\n\n\n<li>no per\u00edodo da TARDE: para os cargos\/\u00e1reas de Analista do Minist\u00e9rio P\u00fablico.<\/li>\n<\/ul>\n\n\n\n<h2 class=\"wp-block-heading\" id=\"h-quantos-cargos-estao-vagos-no-mp-al\">Quantos cargos est\u00e3o vagos no MP AL?<\/h2>\n\n\n\n<p>De acordo com o <a href=\"https:\/\/sistemas.mpal.mp.br\/transparencia\/principal\/publicacoes\/48\" target=\"_blank\" rel=\"noreferrer noopener\">Portal da Transpar\u00eancia<\/a> do Minist\u00e9rio P\u00fablico do Estado do Alagoas, o \u00f3rg\u00e3o conta com 89 cargos vagos (dados de dezembro de 2025), confira a divis\u00e3o abaixo:<\/p>\n\n\n\n<figure class=\"wp-block-table is-style-stripes\"><table class=\"has-very-light-gray-to-cyan-bluish-gray-gradient-background has-background has-fixed-layout\"><tbody><tr><td class=\"has-text-align-center\" data-align=\"center\"><strong>Cargos<\/strong><\/td><td class=\"has-text-align-center\" data-align=\"center\"><strong>Vagos<\/strong><\/td><\/tr><tr><td class=\"has-text-align-center\" data-align=\"center\">ANALISTA DO MINIST\u00c9RIO P\u00daBLICO &#8211; \u00c1REA COMUNICA\u00c7\u00c3O SOCIAL<\/td><td class=\"has-text-align-center\" data-align=\"center\">3<\/td><\/tr><tr><td class=\"has-text-align-center\" data-align=\"center\">ANALISTA DO MINIST\u00c9RIO P\u00daBLICO &#8211; \u00c1REA CONT\u00c1BIL<\/td><td class=\"has-text-align-center\" data-align=\"center\">0<\/td><\/tr><tr><td class=\"has-text-align-center\" data-align=\"center\">ANALISTA DO MINIST\u00c9RIO P\u00daBLICO &#8211; ARQUIVOLOGIA<\/td><td class=\"has-text-align-center\" data-align=\"center\">1<\/td><\/tr><tr><td class=\"has-text-align-center\" data-align=\"center\">ANALISTA DO MINIST\u00c9RIO P\u00daBLICO \u2013 \u00c1REA DE ASSIST\u00caNCIA SOCIAL<\/td><td class=\"has-text-align-center\" data-align=\"center\">2<\/td><\/tr><tr><td class=\"has-text-align-center\" data-align=\"center\">ANALISTA DO MINIST\u00c9RIO P\u00daBLICO &#8211; \u00c1REA DE AUDITORIA<\/td><td class=\"has-text-align-center\" data-align=\"center\">0<\/td><\/tr><tr><td class=\"has-text-align-center\" data-align=\"center\">ANALISTA DO MINIST\u00c9RIO P\u00daBLICO &#8211; \u00c1REA DE BIBLIOTECONOMIA<\/td><td class=\"has-text-align-center\" data-align=\"center\">0<\/td><\/tr><tr><td class=\"has-text-align-center\" data-align=\"center\">ANALISTA DO MINIST\u00c9RIO P\u00daBLICO &#8211; \u00c1REA DE ENGENHARIA CIVIL<\/td><td class=\"has-text-align-center\" data-align=\"center\">2<\/td><\/tr><tr><td class=\"has-text-align-center\" data-align=\"center\">ANALISTA DO MINIST\u00c9RIO P\u00daBLICO &#8211; \u00c1REA DE ENGENHARIA EL\u00c9TRICA<\/td><td class=\"has-text-align-center\" data-align=\"center\">1<\/td><\/tr><tr><td class=\"has-text-align-center\" data-align=\"center\">ANALISTA DO MINIST\u00c9RIO P\u00daBLICO &#8211; \u00c1REA DE ESTAT\u00cdSTICA<\/td><td class=\"has-text-align-center\" data-align=\"center\">2<\/td><\/tr><tr><td class=\"has-text-align-center\" data-align=\"center\">ANALISTA DO MINIST\u00c9RIO PUBLICO \u2013 \u00c1REA DE PEDAGOGIA<\/td><td class=\"has-text-align-center\" data-align=\"center\">1<\/td><\/tr><tr><td class=\"has-text-align-center\" data-align=\"center\">ANALISTA DO MINIST\u00c9RIO PUBLICO \u2013 \u00c1REA DE PSICOLOGIA<\/td><td class=\"has-text-align-center\" data-align=\"center\">2<\/td><\/tr><tr><td class=\"has-text-align-center\" data-align=\"center\">ANALISTA DO MINIST\u00c9RIO P\u00daBLICO &#8211; \u00c1REA GEST\u00c3O P\u00daBLICA<\/td><td class=\"has-text-align-center\" data-align=\"center\">12<\/td><\/tr><tr><td class=\"has-text-align-center\" data-align=\"center\">ANALISTA DO MINIST\u00c9RIO P\u00daBLICO &#8211; \u00c1REA JUR\u00cdDICA<\/td><td class=\"has-text-align-center\" data-align=\"center\">54<\/td><\/tr><tr><td class=\"has-text-align-center\" data-align=\"center\">ANALISTA DO MINIST\u00c9RIO P\u00daBLICO &#8211; ESPECIALIDADE ADMINISTRA\u00c7\u00c3O DE REDES<\/td><td class=\"has-text-align-center\" data-align=\"center\">1<\/td><\/tr><tr><td class=\"has-text-align-center\" data-align=\"center\">ANALISTA DO MINIST\u00c9RIO P\u00daBLICO &#8211; ESPECIALIDADE: ADMINISTRA\u00c7\u00c3O DE BANCO DE DADOS<\/td><td class=\"has-text-align-center\" data-align=\"center\">1<\/td><\/tr><tr><td class=\"has-text-align-center\" data-align=\"center\">ANALISTA DO MINIST\u00c9RIO P\u00daBLICO &#8211; ESPECIALIDADE: DESENVOLVIMENTO DE SISTEMAS<\/td><td class=\"has-text-align-center\" data-align=\"center\">3<\/td><\/tr><tr><td class=\"has-text-align-center\" data-align=\"center\">T\u00c9CNICO DO MINIST\u00c9RIO P\u00daBLICO<\/td><td class=\"has-text-align-center\" data-align=\"center\">1<\/td><\/tr><tr><td class=\"has-text-align-center\" data-align=\"center\">T\u00c9CNICO DO MINIST\u00c9RIO P\u00daBLICO \u2013 \u00c1REA DE TRANSPORTE**<\/td><td class=\"has-text-align-center\" data-align=\"center\">0<\/td><\/tr><tr><td class=\"has-text-align-center\" data-align=\"center\">T\u00c9CNICO DO MINIST\u00c9RIO P\u00daBLICO &#8211; \u00c1REA DE TECNOLOGIA DA INFORMA\u00c7\u00c3O<\/td><td class=\"has-text-align-center\" data-align=\"center\">3<\/td><\/tr><tr><td class=\"has-text-align-center\" data-align=\"center\">T\u00c9CNICO DO MINIST\u00c9RIO P\u00daBLICO \u2013 TELEFONISTA***<\/td><td class=\"has-text-align-center\" data-align=\"center\">0<\/td><\/tr><tr><td class=\"has-text-align-center\" data-align=\"center\">TOTAL<\/td><td class=\"has-text-align-center\" data-align=\"center\">89<\/td><\/tr><\/tbody><\/table><\/figure>\n\n\n\n<h2 class=\"wp-block-heading\" id=\"h-quanto-ganha-o-servidor-do-mp-alagoas\">Quanto ganha o servidor do MP Alagoas?<\/h2>\n\n\n\n<p><strong>Analistas<\/strong><\/p>\n\n\n\n<p>A estrutura remunerat\u00f3ria dos Analistas (PGJ-C) inclui Classes (C, B, A, Especial) e N\u00edveis, baseados no tempo de servi\u00e7o e na progress\u00e3o funcional. A tabela de Analistas possui refer\u00eancias salariais que correspondem a PGJ C1, PGJ C2 (P\u00f3s-gradua\u00e7\u00e3o, 11%), PGJ C3 (Mestrado, 15%) e PGJ C4 (Doutorado, 19%).<\/p>\n\n\n\n<figure class=\"wp-block-table is-style-stripes\"><table class=\"has-fixed-layout\"><tbody><tr><td>N\u00cdVEL<\/td><td>TEMPO DE SERVI\u00c7O<\/td><td>R$\/PGJ (Base\/C1)<\/td><td>R$\/PGJ C2 (P\u00d3S 11%)<\/td><td>R$\/PGJ C3 (MESTRADO 15%)<\/td><td>R$\/PGJ C4 (DOUTORADO 19%)<\/td><\/tr><tr><td>I<\/td><td>AT\u00c9 3 ANOS<\/td><td><strong>R$ 6.243,37<\/strong><\/td><td><strong>R$ 6.243,37<\/strong><\/td><td><strong>R$ 6.243,37<\/strong><\/td><td><strong>R$ 6.243,37<\/strong><\/td><\/tr><tr><td>II<\/td><td>A PARTIR DE 3 ANOS<\/td><td>R$ 6.617,97<\/td><td>R$ 7.345,95<\/td><td>R$ 7.610,67<\/td><td>R$ 7.875,39<\/td><\/tr><tr><td>III<\/td><td>A PARTIR DE 4 ANOS<\/td><td>R$ 7.015,05<\/td><td>R$ 7.786,71<\/td><td>R$ 8.067,31<\/td><td>R$ 8.347,91<\/td><\/tr><tr><td>IV<\/td><td>A PARTIR DE 5 ANOS<\/td><td>R$ 7.435,95<\/td><td>R$ 8.253,91<\/td><td>R$ 8.551,35<\/td><td>R$ 8.848,79<\/td><\/tr><tr><td>V<\/td><td>A PARTIR DE 6 ANOS<\/td><td>R$ 7.882,11<\/td><td>R$ 8.749,14<\/td><td>R$ 9.064,43<\/td><td>R$ 9.379,71<\/td><\/tr><tr><td>I<\/td><td>A PARTIR DE 8 ANOS<\/td><td>R$ 8.827,97<\/td><td>R$ 9.799,04<\/td><td>R$ 10.152,16<\/td><td>R$ 10.505,28<\/td><\/tr><tr><td>II<\/td><td>A PARTIR DE 9 ANOS<\/td><td>R$ 9.357,64<\/td><td>R$ 10.386,98<\/td><td>R$ 10.761,29<\/td><td>R$ 11.135,60<\/td><\/tr><tr><td>III<\/td><td>A PARTIR DE 10 ANOS<\/td><td>R$ 9.919,10<\/td><td>R$ 11.010,20<\/td><td>R$ 11.406,97<\/td><td>R$ 11.803,73<\/td><\/tr><tr><td>IV<\/td><td>A PARTIR DE 11 ANOS<\/td><td>R$ 10.514,25<\/td><td>R$ 11.670,82<\/td><td>R$ 12.091,38<\/td><td>R$ 12.511,95<\/td><\/tr><tr><td>V<\/td><td>A PARTIR DE 12 ANOS<\/td><td>R$ 11.145,10<\/td><td>R$ 12.371,06<\/td><td>R$ 12.816,87<\/td><td>R$ 13.262,67<\/td><\/tr><tr><td>I<\/td><td>A PARTIR DE 14 ANOS<\/td><td>R$ 12.482,51<\/td><td>R$ 13.855,59<\/td><td>R$ 14.354,89<\/td><td>R$ 14.854,19<\/td><\/tr><tr><td>II<\/td><td>A PARTIR DE 15 ANOS<\/td><td>R$ 13.231,47<\/td><td>R$ 14.686,93<\/td><td>R$ 15.216,19<\/td><td>R$ 15.745,44<\/td><\/tr><tr><td>III<\/td><td>A PARTIR DE 16 ANOS<\/td><td>R$ 14.025,35<\/td><td>R$ 15.568,14<\/td><td>R$ 16.129,16<\/td><td>R$ 16.690,17<\/td><\/tr><tr><td>IV<\/td><td>A PARTIR DE 17 ANOS<\/td><td>R$ 14.866,88<\/td><td>R$ 16.502,23<\/td><td>R$ 17.096,91<\/td><td>R$ 17.691,58<\/td><\/tr><tr><td>V<\/td><td>A PARTIR DE 18 ANOS<\/td><td>R$ 15.758,89<\/td><td>R$ 17.492,37<\/td><td>R$ 18.122,72<\/td><td>R$ 18.753,08<\/td><\/tr><tr><td>I<\/td><td>A PARTIR DE 20 ANOS<\/td><td>R$ 17.649,95<\/td><td>R$ 19.591,45<\/td><td>R$ 20.297,45<\/td><td>R$ 21.003,45<\/td><\/tr><tr><td>II<\/td><td>A PARTIR DE 21 ANOS<\/td><td>R$ 18.708,95<\/td><td>R$ 20.766,94<\/td><td>R$ 21.515,29<\/td><td>R$ 22.263,65<\/td><\/tr><\/tbody><\/table><\/figure>\n\n\n\n<p><strong>TABELA DOS T\u00c9CNICOS DO MP-AL \u2013 PGJ-B (N\u00edvel M\u00e9dio)<\/strong><\/p>\n\n\n\n<p>A estrutura remunerat\u00f3ria dos T\u00e9cnicos (PGJ-B) inclui Classes (C, B, A, Especial) e N\u00edveis, baseados no tempo de servi\u00e7o e na progress\u00e3o funcional. A tabela de T\u00e9cnicos possui refer\u00eancias salariais que correspondem a PGJ B1, PGJ B2 (Gradua\u00e7\u00e3o, 7%), PGJ B3 (P\u00f3s-gradua\u00e7\u00e3o, 11%), PGJ B4 (Mestrado, 15%) e PGJ B5 (Doutorado, 19%).<\/p>\n\n\n\n<figure class=\"wp-block-table is-style-stripes\"><table class=\"has-fixed-layout\"><tbody><tr><td>N\u00cdVEL<\/td><td>TEMPO DE SERVI\u00c7O<\/td><td>R$\/PGJ<\/td><td>R$\/B1<\/td><td>R$\/PGJ B2 (GRAD 7%)<\/td><td>R$\/PGJ B3 (P\u00d3S 11%)<\/td><td>R$\/PGJ B4 (MESTRADO 15%)<\/td><td>R$\/PGJ B5 (DOUTORADO 19%)<\/td><\/tr><tr><td>I<\/td><td>At\u00e9 3 anos<\/td><td><strong>R$ 3.580,72<\/strong><\/td><td><strong>R$ 3.415,74<\/strong><\/td><td><strong>R$ 3.415,74<\/strong><\/td><td><strong>R$ 3.415,74<\/strong><\/td><td><strong>R$ 3.415,74<\/strong><\/td><td><strong>R$ 3.415,74<\/strong><\/td><\/tr><tr><td>II<\/td><td>a partir de 3 anos<\/td><td>R$ 3.795,57<\/td><td>R$ 4.061,26<\/td><td>R$ 4.213,08<\/td><td>R$ 4.364,90<\/td><td>R$ 4.516,73<\/td><td>N\/D<\/td><\/tr><tr><td>III<\/td><td>a partir de 4 anos<\/td><td>R$ 4.023,30<\/td><td>R$ 4.304,93<\/td><td>R$ 4.465,87<\/td><td>R$ 4.626,80<\/td><td>R$ 4.787,73<\/td><td>N\/D<\/td><\/tr><tr><td>IV<\/td><td>a partir de 5 anos<\/td><td>R$ 4.264,70<\/td><td>R$ 4.563,23<\/td><td>R$ 4.733,82<\/td><td>R$ 4.904,41<\/td><td>R$ 5.074,99<\/td><td>N\/D<\/td><\/tr><tr><td>V<\/td><td>a partir de 6 anos<\/td><td>R$ 4.520,58<\/td><td>R$ 4.837,02<\/td><td>R$ 5.017,85<\/td><td>R$ 5.198,67<\/td><td>R$ 5.379,49<\/td><td>N\/D<\/td><\/tr><tr><td>I<\/td><td>a partir de 8 anos<\/td><td>R$ 5.063,05<\/td><td>R$ 5.417,47<\/td><td>R$ 5.619,99<\/td><td>R$ 5.822,51<\/td><td>R$ 6.025,03<\/td><td>N\/D<\/td><\/tr><tr><td>II<\/td><td>a partir de 9 anos<\/td><td>R$ 5.366,84<\/td><td>R$ 5.742,51<\/td><td>R$ 5.957,19<\/td><td>R$ 6.171,86<\/td><td>R$ 6.386,53<\/td><td>N\/D<\/td><\/tr><tr><td>III<\/td><td>a partir de 10 anos<\/td><td>R$ 5.688,85<\/td><td>R$ 6.087,06<\/td><td>R$ 6.314,62<\/td><td>R$ 6.542,17<\/td><td>R$ 6.769,73<\/td><td>N\/D<\/td><\/tr><tr><td>IV<\/td><td>a partir de 11 anos<\/td><td>R$ 6.030,18<\/td><td>R$ 6.452,29<\/td><td>R$ 6.693,50<\/td><td>R$ 6.934,70<\/td><td>R$ 7.175,91<\/td><td>N\/D<\/td><\/tr><tr><td>V<\/td><td>a partir de 12 anos<\/td><td>R$ 6.391,99<\/td><td>R$ 6.839,43<\/td><td>R$ 7.095,11<\/td><td>R$ 7.350,78<\/td><td>R$ 7.606,46<\/td><td>N\/D<\/td><\/tr><tr><td>I<\/td><td>a partir de 14 anos<\/td><td>R$ 7.159,03<\/td><td>R$ 7.660,16<\/td><td>R$ 7.946,52<\/td><td>R$ 8.232,88<\/td><td>R$ 8.519,24<\/td><td>N\/D<\/td><\/tr><tr><td>II<\/td><td>a partir de 15 anos<\/td><td>R$ 7.588,57<\/td><td>R$ 8.119,77<\/td><td>R$ 8.423,31<\/td><td>R$ 8.726,85<\/td><td>R$ 9.030,39<\/td><td>N\/D<\/td><\/tr><tr><td>III<\/td><td>a partir de 16 anos<\/td><td>R$ 8.043,88<\/td><td>R$ 8.606,95<\/td><td>R$ 8.928,71<\/td><td>R$ 9.250,46<\/td><td>R$ 9.572,22<\/td><td>N\/D<\/td><\/tr><tr><td>IV<\/td><td>a partir de 17 anos<\/td><td>R$ 8.526,51<\/td><td>R$ 9.123,37<\/td><td>R$ 9.464,43<\/td><td>R$ 9.805,49<\/td><td>R$ 10.146,55<\/td><td>N\/D<\/td><\/tr><tr><td>V<\/td><td>a partir de 18 anos<\/td><td>R$ 9.038,10<\/td><td>R$ 9.670,77<\/td><td>R$ 10.032,30<\/td><td>R$ 10.393,82<\/td><td>R$ 10.755,34<\/td><td>N\/D<\/td><\/tr><tr><td>I<\/td><td>a partir de 20 anos<\/td><td>R$ 10.122,68<\/td><td>R$ 10.831,26<\/td><td>R$ 11.236,17<\/td><td>R$ 11.641,08<\/td><td>R$ 12.045,99<\/td><td>N\/D<\/td><\/tr><tr><td>II<\/td><td>a partir de 21 anos<\/td><td>R$ 10.730,04<\/td><td>R$ 11.481,14<\/td><td>R$ 11.910,34<\/td><td>R$ 12.339,54<\/td><td>R$ 12.768,74<\/td><td>N\/D<\/td><\/tr><\/tbody><\/table><\/figure>\n\n\n\n<p>&#8212;&#8212;&#8212;&#8212;&#8212;&#8212;&#8212;&#8212;&#8212;&#8212;&#8212;&#8212;&#8212;&#8212;&#8212;&#8212;&#8212;&#8212;&#8212;&#8212;&#8212;&#8212;&#8212;&#8212;&#8212;&#8212;&#8211;<\/p>\n\n\n\n<p><strong>Informa\u00e7\u00f5es Adicionais sobre a Remunera\u00e7\u00e3o (T\u00e9cnicos e Analistas):<\/strong><\/p>\n\n\n\n<p>\u2022 A todos os cargos (efetivos e comissionados) \u00e9 pago <strong>aux\u00edlio-alimenta\u00e7\u00e3o<\/strong> no valor de <strong>R$ 1.210,66<\/strong> (um mil, duzentos e dez reais e sessenta e seis centavos).<\/p>\n\n\n\n<p>\u2022 Foi institu\u00eddo <strong>aux\u00edlio-sa\u00fade<\/strong> para servidores, sendo o valor definido como 13% do subs\u00eddio do T\u00e9cnico do Minist\u00e9rio P\u00fablico em in\u00edcio de carreira.<\/p>\n\n\n\n<p>\u2022 Os Analistas e T\u00e9cnicos, por serem cargos efetivos, gozam do direito de desenvolvimento de carreira, conforme determina\u00e7\u00e3o legal.<\/p>\n\n\n\n<hr class=\"wp-block-separator has-alpha-channel-opacity\"\/>\n\n\n\n<h2 class=\"wp-block-heading\" id=\"ultimo\">Como foi o \u00faltimo concurso MP AL?<\/h2>\n\n\n\n<p>O edital do concurso foi publicado em <strong>2018<\/strong>, oferecendo 15 vagas imediatas para os cargos de&nbsp; T\u00e9cnico Ministerial (N\u00edvel M\u00e9dio) e Analista do Minist\u00e9rio P\u00fablico, este exigindo diploma de n\u00edvel superior em v\u00e1rias \u00e1reas.<\/p>\n\n\n\n<h3 class=\"wp-block-heading\" id=\"cargos\">Quais cargos foram ofertados no edital de 2018?<\/h3>\n\n\n\n<p>Os cargos de n\u00edvel superior \u2013 Analista \u2013&nbsp; se dividiram nas seguintes \u00e1reas:<\/p>\n\n\n\n<ul class=\"wp-block-list\">\n<li>Administrador de Rede \u2013&nbsp;01+CR<\/li>\n\n\n\n<li>Comunica\u00e7\u00e3o Social \u2013 01+CR<\/li>\n\n\n\n<li>\u00c1rea Jur\u00eddica \u2013 04+CR<\/li>\n\n\n\n<li>Desenvolvimento de Sistemas \u2013 01+CR<br \/>Administra\u00e7\u00e3o\/Gest\u00e3o P\u00fablica \u2013 01+CR<\/li>\n\n\n\n<li>Assistente Social \u2013 01+CR<\/li>\n\n\n\n<li>Administrador de Banco de dados \u2013 CR<\/li>\n\n\n\n<li>Auditor do MP \u2013 01+CR<\/li>\n\n\n\n<li>Contador do MP \u2013 CR<\/li>\n\n\n\n<li>Engenheiro Civil \u2013 01+CR<\/li>\n\n\n\n<li>Psic\u00f3logo \u2013 01+CR<\/li>\n\n\n\n<li>Biblioteconomista \u2013 CR<\/li>\n<\/ul>\n\n\n\n<p>Para os candidatos de N\u00edvel M\u00e9dio<\/p>\n\n\n\n<ul class=\"wp-block-list\">\n<li>Tecnologia da Informa\u00e7\u00e3o \u2013 1 + CR<\/li>\n\n\n\n<li>Geral \u2013 2 + CR<\/li>\n<\/ul>\n\n\n\n<h3 class=\"wp-block-heading\" id=\"a-prova\">Como foram as provas?<\/h3>\n\n\n\n<p>Os candidatos aos cargos de Analista do Minist\u00e9rio P\u00fablico e aos&nbsp;cargos de T\u00e9cnico do Minist\u00e9rio P\u00fablico fizeram uma \u00fanica prova escrita&nbsp;objetiva:<\/p>\n\n\n\n<p><strong>Analista \u2013 Todos as \u00e1reas<\/strong><\/p>\n\n\n\n<ol class=\"wp-block-list\">\n<li>foi composta por&nbsp;80 (oitenta) quest\u00f5es de m\u00faltipla escolha, numeradas sequencialmente, com 05 (cinco) op\u00e7\u00f5es e apenas uma resposta correta.<\/li>\n\n\n\n<li>&nbsp;L\u00edngua Portuguesa \u2013 15 quest\u00f5es<\/li>\n\n\n\n<li>No\u00e7\u00f5es de Direito Administrativo e Constitucional \u2013 10 quest\u00f5es<\/li>\n\n\n\n<li>Legisla\u00e7\u00e3o Espec\u00edfica \u2013 05 quest\u00f5es<\/li>\n\n\n\n<li>Conhecimentos Espec\u00edficos \u2013 50 quest\u00f5es<\/li>\n<\/ol>\n\n\n\n<p><strong>Analista \u2013 \u00e1rea jur\u00eddica<\/strong><\/p>\n\n\n\n<ol class=\"wp-block-list\">\n<li>L\u00edngua Portuguesa \u2013 15 quest\u00f5es<\/li>\n\n\n\n<li>Legisla\u00e7\u00e3o Espec\u00edfica \u2013 05 quest\u00f5es<\/li>\n\n\n\n<li>Direito Administrativo \u2013 10 quest\u00f5es<\/li>\n\n\n\n<li>Direito Civil e Processual Civil \u2013 10 quest\u00f5es<\/li>\n\n\n\n<li>Direito Constitucional \u2013 10 quest\u00f5es<\/li>\n\n\n\n<li>Direito Penal e Processual Penal \u2013 10 quest\u00f5es<\/li>\n\n\n\n<li>Direito Tribut\u00e1rio \u2013 05 quest\u00f5es<\/li>\n\n\n\n<li>Direito Ambiental \u2013 05 quest\u00f5es<\/li>\n\n\n\n<li>Direito do Consumidor \u2013 05 quest\u00f5es<\/li>\n\n\n\n<li>Direito Eleitoral \u2013 05 quest\u00f5es<\/li>\n<\/ol>\n\n\n\n<p><strong>T\u00e9cnico \u2013 Geral<\/strong><\/p>\n\n\n\n<ol class=\"wp-block-list\">\n<li>foi composta por 80&nbsp;(oitenta) quest\u00f5es de m\u00faltipla escolha, numeradas sequencialmente, com 05&nbsp;(cinco) op\u00e7\u00f5es e apenas uma resposta correta.<\/li>\n\n\n\n<li>L\u00edngua Portuguesa \u2013 15 quest\u00f5es<\/li>\n\n\n\n<li>No\u00e7\u00f5es de Inform\u00e1tica \u2013 10 quest\u00f5es<\/li>\n\n\n\n<li>Legisla\u00e7\u00e3o Espec\u00edfica \u2013 05 quest\u00f5es<\/li>\n\n\n\n<li>No\u00e7\u00f5es de Direito Administrativo e Constitucional&nbsp; \u2013 25 quest\u00f5es<\/li>\n\n\n\n<li>No\u00e7\u00f5es de Administra\u00e7\u00e3o Geral e P\u00fablica \u2013 25 quest\u00f5es<\/li>\n<\/ol>\n\n\n\n<p><strong>T\u00e9cnico \u2013 Inform\u00e1tica<\/strong><\/p>\n\n\n\n<ol class=\"wp-block-list\">\n<li>L\u00edngua Portuguesa \u2013 15 quest\u00f5es<\/li>\n\n\n\n<li>Racioc\u00ednio L\u00f3gico-Matem\u00e1tico \u2013 10 quest\u00f5es<\/li>\n\n\n\n<li>No\u00e7\u00f5es de Administra\u00e7\u00e3o Geral e P\u00fablica \u2013 10 quest\u00f5es<\/li>\n\n\n\n<li>Legisla\u00e7\u00e3o Espec\u00edfica \u2013 05 quest\u00f5es<\/li>\n\n\n\n<li>No\u00e7\u00f5es de Inform\u00e1tica \u2013 40 quest\u00f5es<\/li>\n<\/ol>\n\n\n\n<hr class=\"wp-block-separator has-alpha-channel-opacity\"\/>\n\n\n\n<h2 class=\"wp-block-heading has-text-align-center\" id=\"h-quer-saber-tudo-sobre-concursos-previstos-confira-nossos-artigos\">Quer saber tudo sobre concursos previstos?<br \/>Confira nossos artigos!<\/h2>\n\n\n\n<ul class=\"wp-block-list\">\n<li><a href=\"https:\/\/www.estrategiaconcursos.com.br\/blog\/concursos-abertos\/\" target=\"_blank\" rel=\"noreferrer noopener\">Concursos abertos<\/a><\/li>\n\n\n\n<li><a href=\"https:\/\/www.estrategiaconcursos.com.br\/blog\/concursos-mp\/\">Concursos MP<\/a><\/li>\n\n\n\n<li><a href=\"https:\/\/www.estrategiaconcursos.com.br\/blog\/concursos-2026\/\" target=\"_blank\" rel=\"noreferrer noopener\">Concursos 2026<\/a><\/li>\n<\/ul>\n\n\n\n<h2 class=\"wp-block-heading has-text-align-center\" id=\"quer-estudar-para-o-mp-al-2023\"><em>Quer estudar para o concurso do MP AL?<\/em><\/h2>\n\n\n\n<div class=\"container\" id=\"boxes\">\n  <div class=\"row\">\n\n    <div class=\"col-sm\">\n      <div class=\"banner-adm\" id=\"box-assinatura\">\n        <h3 class=\"titulo-assinatura\">Curso MP AL<\/h3>\n        <p class=\"subtitulo-assinatura\">Estude conosco<\/p>\n        <div class=\"box-botao\">\n          <a class=\"btn-assinatura\" target=\"_blank\" href=\"https:\/\/www.estrategiaconcursos.com.br\/cursosPorConcurso\/mp-al-ministerio-publico-de-alagoas-servidores\/\" role=\"button\" rel=\"noopener noreferrer\">Conhe\u00e7a os cursos MP AL<\/a>\n        <\/div>\n      <\/div>\n      \n    <\/div>\n\n  <\/div>\n<\/div>\n\n\n\n<figure class=\"wp-block-image is-resized\"><img loading=\"lazy\" decoding=\"async\" width=\"1024\" height=\"632\" src=\"https:\/\/dhg1h5j42swfq.cloudfront.net\/2021\/05\/10160632\/ficha-tecnica-1-1024x632-1-7.png\" alt=\"Ficha t\u00e9cnica do concurso MP AL\" class=\"wp-image-736402\" style=\"width:290px;height:179px\" srcset=\"https:\/\/dhg1h5j42swfq.cloudfront.net\/2021\/05\/10160632\/ficha-tecnica-1-1024x632-1-7.png 1024w, https:\/\/dhg1h5j42swfq.cloudfront.net\/2021\/05\/10160632\/ficha-tecnica-1-1024x632-1-7-300x185.png 300w, https:\/\/dhg1h5j42swfq.cloudfront.net\/2021\/05\/10160632\/ficha-tecnica-1-1024x632-1-7-768x474.png 768w, https:\/\/dhg1h5j42swfq.cloudfront.net\/2021\/05\/10160632\/ficha-tecnica-1-1024x632-1-7-610x376.png 610w\" sizes=\"auto, (max-width: 1024px) 100vw, 1024px\" \/><\/figure>\n\n\n\n<p><strong>Informa\u00e7\u00f5es do concurso MP AL&nbsp;2026<br \/><\/strong>\u25ba<strong>Vagas:&nbsp;<\/strong>27&nbsp;<br \/>\u25ba<strong>Lota\u00e7\u00f5es:<\/strong>&nbsp;Alagoas&nbsp;<br \/>\u25ba<strong>Banca:<\/strong>&nbsp;FCC<br \/>\u25ba<strong>Escolaridade:&nbsp;<\/strong>N\u00edvel M\u00e9dio e&nbsp;Superior<\/p>\n","protected":false},"excerpt":{"rendered":"<p>O Minist\u00e9rio P\u00fablico do Estado de Alagoas (MP AL) oferta 27 vagas distribu\u00eddas entre os cargos de t\u00e9cnico e analista, diversas especialidades. As oportunidades s\u00e3o de n\u00edveis m\u00e9dio e superior e os sal\u00e1rios iniciais s\u00e3o de at\u00e9 R$ 6.243,37. Os interessados em participar da sele\u00e7\u00e3o deveriam realizar as inscri\u00e7\u00f5es no per\u00edodo de 10h de 02 [&hellip;]<\/p>\n","protected":false},"author":2319,"featured_media":1644802,"comment_status":"open","ping_status":"open","sticky":false,"template":"","format":"standard","meta":{"post_tipo":"news_page","footnotes":""},"categories":[1984,220219],"tags":[3666],"tax_estado":[219965],"class_list":["post-50801","post","type-post","status-publish","format-standard","has-post-thumbnail","hentry","category-tribunais","category-noticias","tag-mp-al","tax_estado-al"],"acf":[],"yoast_head":"<!-- This site is optimized with the Yoast SEO Premium plugin v27.2 (Yoast SEO v27.2) - https:\/\/yoast.com\/product\/yoast-seo-premium-wordpress\/ -->\n<title>Concurso MP AL 2026: prova em maio! At\u00e9 R$ 6,2 mil!<\/title>\n<meta name=\"description\" content=\"Concurso MP AL: novo edital oferta 27 vagas para cargos de T\u00e9cnico e Analista. Inscri\u00e7\u00f5es abertas at\u00e9 19\/03! Participe!\" \/>\n<meta name=\"robots\" content=\"index, follow, max-snippet:-1, max-image-preview:large, max-video-preview:-1\" \/>\n<link rel=\"canonical\" href=\"https:\/\/www.estrategiaconcursos.com.br\/blog\/concurso-mp-al\/\" \/>\n<meta property=\"og:locale\" content=\"pt_BR\" \/>\n<meta property=\"og:type\" content=\"article\" \/>\n<meta property=\"og:title\" content=\"Concurso MP AL 2026: prova em maio! At\u00e9 R$ 6,2 mil!\" \/>\n<meta property=\"og:description\" content=\"Concurso MP AL: novo edital oferta 27 vagas para cargos de T\u00e9cnico e Analista. Inscri\u00e7\u00f5es abertas at\u00e9 19\/03! Participe!\" \/>\n<meta property=\"og:url\" content=\"https:\/\/www.estrategiaconcursos.com.br\/blog\/concurso-mp-al\/\" \/>\n<meta property=\"og:site_name\" content=\"Estrat\u00e9gia Concursos\" \/>\n<meta property=\"article:published_time\" content=\"2026-03-20T11:20:00+00:00\" \/>\n<meta property=\"article:modified_time\" content=\"2026-03-20T11:26:44+00:00\" \/>\n<meta property=\"og:image\" content=\"https:\/\/dhg1h5j42swfq.cloudfront.net\/2025\/09\/25121132\/concurso-mp-al-1.jpg\" \/>\n\t<meta property=\"og:image:width\" content=\"768\" \/>\n\t<meta property=\"og:image:height\" content=\"432\" \/>\n\t<meta property=\"og:image:type\" content=\"image\/jpeg\" \/>\n<meta name=\"author\" content=\"Let\u00edcia Teixeira\" \/>\n<meta name=\"twitter:card\" content=\"summary_large_image\" \/>\n<meta name=\"twitter:creator\" content=\"@EstratConcursos\" \/>\n<meta name=\"twitter:site\" content=\"@EstratConcursos\" \/>\n<meta name=\"twitter:label1\" content=\"Escrito por\" \/>\n\t<meta name=\"twitter:data1\" content=\"Let\u00edcia Teixeira\" \/>\n\t<meta name=\"twitter:label2\" content=\"Est. tempo de leitura\" \/>\n\t<meta name=\"twitter:data2\" content=\"5 minutos\" \/>\n<script type=\"application\/ld+json\" class=\"yoast-schema-graph\">{\"@context\":\"https:\/\/schema.org\",\"@graph\":[{\"@type\":\"NewsArticle\",\"@id\":\"https:\/\/www.estrategiaconcursos.com.br\/blog\/concurso-mp-al\/#article\",\"isPartOf\":{\"@id\":\"https:\/\/www.estrategiaconcursos.com.br\/blog\/concurso-mp-al\/\"},\"author\":{\"name\":\"Let\u00edcia Teixeira\",\"@id\":\"https:\/\/www.estrategiaconcursos.com.br\/blog\/#\/schema\/person\/9b94727dcf4410f4a7931c83966c843b\"},\"headline\":\"Concurso MP AL 2026: prova em maio! At\u00e9 R$ 6,2 mil!\",\"datePublished\":\"2026-03-20T11:20:00+00:00\",\"dateModified\":\"2026-03-20T11:26:44+00:00\",\"mainEntityOfPage\":{\"@id\":\"https:\/\/www.estrategiaconcursos.com.br\/blog\/concurso-mp-al\/\"},\"wordCount\":2312,\"commentCount\":1,\"publisher\":{\"@id\":\"https:\/\/www.estrategiaconcursos.com.br\/blog\/#organization\"},\"image\":{\"@id\":\"https:\/\/www.estrategiaconcursos.com.br\/blog\/concurso-mp-al\/#primaryimage\"},\"thumbnailUrl\":\"https:\/\/dhg1h5j42swfq.cloudfront.net\/2025\/09\/25121132\/concurso-mp-al-1.jpg\",\"keywords\":[\"MP AL\"],\"articleSection\":[\"Tribunais\",\"\u00daltimas not\u00edcias\"],\"inLanguage\":\"pt-BR\",\"potentialAction\":[{\"@type\":\"CommentAction\",\"name\":\"Comment\",\"target\":[\"https:\/\/www.estrategiaconcursos.com.br\/blog\/concurso-mp-al\/#respond\"]}],\"copyrightYear\":\"2026\",\"copyrightHolder\":{\"@id\":\"https:\/\/www.estrategiaconcursos.com.br\/blog\/#organization\"}},{\"@type\":\"WebPage\",\"@id\":\"https:\/\/www.estrategiaconcursos.com.br\/blog\/concurso-mp-al\/\",\"url\":\"https:\/\/www.estrategiaconcursos.com.br\/blog\/concurso-mp-al\/\",\"name\":\"Concurso MP AL 2026: prova em maio! At\u00e9 R$ 6,2 mil!\",\"isPartOf\":{\"@id\":\"https:\/\/www.estrategiaconcursos.com.br\/blog\/#website\"},\"primaryImageOfPage\":{\"@id\":\"https:\/\/www.estrategiaconcursos.com.br\/blog\/concurso-mp-al\/#primaryimage\"},\"image\":{\"@id\":\"https:\/\/www.estrategiaconcursos.com.br\/blog\/concurso-mp-al\/#primaryimage\"},\"thumbnailUrl\":\"https:\/\/dhg1h5j42swfq.cloudfront.net\/2025\/09\/25121132\/concurso-mp-al-1.jpg\",\"datePublished\":\"2026-03-20T11:20:00+00:00\",\"dateModified\":\"2026-03-20T11:26:44+00:00\",\"description\":\"Concurso MP AL: novo edital oferta 27 vagas para cargos de T\u00e9cnico e Analista. Inscri\u00e7\u00f5es abertas at\u00e9 19\/03! Participe!\",\"breadcrumb\":{\"@id\":\"https:\/\/www.estrategiaconcursos.com.br\/blog\/concurso-mp-al\/#breadcrumb\"},\"inLanguage\":\"pt-BR\",\"potentialAction\":[{\"@type\":\"ReadAction\",\"target\":[\"https:\/\/www.estrategiaconcursos.com.br\/blog\/concurso-mp-al\/\"]}]},{\"@type\":\"ImageObject\",\"inLanguage\":\"pt-BR\",\"@id\":\"https:\/\/www.estrategiaconcursos.com.br\/blog\/concurso-mp-al\/#primaryimage\",\"url\":\"https:\/\/dhg1h5j42swfq.cloudfront.net\/2025\/09\/25121132\/concurso-mp-al-1.jpg\",\"contentUrl\":\"https:\/\/dhg1h5j42swfq.cloudfront.net\/2025\/09\/25121132\/concurso-mp-al-1.jpg\",\"width\":768,\"height\":432,\"caption\":\"requisitos e atribui\u00e7\u00f5es do concurso MP AL\"},{\"@type\":\"BreadcrumbList\",\"@id\":\"https:\/\/www.estrategiaconcursos.com.br\/blog\/concurso-mp-al\/#breadcrumb\",\"itemListElement\":[{\"@type\":\"ListItem\",\"position\":1,\"name\":\"In\u00edcio\",\"item\":\"https:\/\/www.estrategiaconcursos.com.br\/blog\/\"},{\"@type\":\"ListItem\",\"position\":2,\"name\":\"Concurso MP AL 2026: prova em maio! At\u00e9 R$ 6,2 mil!\"}]},{\"@type\":\"WebSite\",\"@id\":\"https:\/\/www.estrategiaconcursos.com.br\/blog\/#website\",\"url\":\"https:\/\/www.estrategiaconcursos.com.br\/blog\/\",\"name\":\"Estrat\u00e9gia Concursos\",\"description\":\"O blog da Estrat\u00e9gia Concursos traz not\u00edcias sobre concursos e artigos de professores oferecendo cursos para concursos (pdf + videaulas) no site.\",\"publisher\":{\"@id\":\"https:\/\/www.estrategiaconcursos.com.br\/blog\/#organization\"},\"potentialAction\":[{\"@type\":\"SearchAction\",\"target\":{\"@type\":\"EntryPoint\",\"urlTemplate\":\"https:\/\/www.estrategiaconcursos.com.br\/blog\/?s={search_term_string}\"},\"query-input\":{\"@type\":\"PropertyValueSpecification\",\"valueRequired\":true,\"valueName\":\"search_term_string\"}}],\"inLanguage\":\"pt-BR\"},{\"@type\":\"Organization\",\"@id\":\"https:\/\/www.estrategiaconcursos.com.br\/blog\/#organization\",\"name\":\"Estrat\u00e9gia Concursos\",\"url\":\"https:\/\/www.estrategiaconcursos.com.br\/blog\/\",\"logo\":{\"@type\":\"ImageObject\",\"inLanguage\":\"pt-BR\",\"@id\":\"https:\/\/www.estrategiaconcursos.com.br\/blog\/#\/schema\/logo\/image\/\",\"url\":\"https:\/\/dhg1h5j42swfq.cloudfront.net\/2025\/06\/03203428\/logo_concursos-1.jpg\",\"contentUrl\":\"https:\/\/dhg1h5j42swfq.cloudfront.net\/2025\/06\/03203428\/logo_concursos-1.jpg\",\"width\":230,\"height\":60,\"caption\":\"Estrat\u00e9gia Concursos\"},\"image\":{\"@id\":\"https:\/\/www.estrategiaconcursos.com.br\/blog\/#\/schema\/logo\/image\/\"},\"sameAs\":[\"https:\/\/x.com\/EstratConcursos\"]},{\"@type\":\"Person\",\"@id\":\"https:\/\/www.estrategiaconcursos.com.br\/blog\/#\/schema\/person\/9b94727dcf4410f4a7931c83966c843b\",\"name\":\"Let\u00edcia Teixeira\",\"image\":{\"@type\":\"ImageObject\",\"inLanguage\":\"pt-BR\",\"@id\":\"https:\/\/secure.gravatar.com\/avatar\/fb589b06b881e20b676d08f9d03226d1e3291ba2f90e751ddc9ccb21abf0244d?s=96&d=mm&r=g\",\"url\":\"https:\/\/secure.gravatar.com\/avatar\/fb589b06b881e20b676d08f9d03226d1e3291ba2f90e751ddc9ccb21abf0244d?s=96&d=mm&r=g\",\"contentUrl\":\"https:\/\/secure.gravatar.com\/avatar\/fb589b06b881e20b676d08f9d03226d1e3291ba2f90e751ddc9ccb21abf0244d?s=96&d=mm&r=g\",\"caption\":\"Let\u00edcia Teixeira\"},\"description\":\"Jornalista com experi\u00eancia de mais de quatro anos no segmento de concursos p\u00fablicos. Especializada em Narrativa Transm\u00eddia e Storytelling pela Universidade Cat\u00f3lica de Bras\u00edlia, com atua\u00e7\u00e3o nas \u00e1reas de SEO, conte\u00fado, Webwriting e Copywriting.\",\"url\":\"https:\/\/www.estrategiaconcursos.com.br\/blog\/author\/leticia-teixeiraestrategia-com\/\"}]}<\/script>\n<!-- \/ Yoast SEO Premium plugin. -->","yoast_head_json":{"title":"Concurso MP AL 2026: prova em maio! At\u00e9 R$ 6,2 mil!","description":"Concurso MP AL: novo edital oferta 27 vagas para cargos de T\u00e9cnico e Analista. Inscri\u00e7\u00f5es abertas at\u00e9 19\/03! Participe!","robots":{"index":"index","follow":"follow","max-snippet":"max-snippet:-1","max-image-preview":"max-image-preview:large","max-video-preview":"max-video-preview:-1"},"canonical":"https:\/\/www.estrategiaconcursos.com.br\/blog\/concurso-mp-al\/","og_locale":"pt_BR","og_type":"article","og_title":"Concurso MP AL 2026: prova em maio! At\u00e9 R$ 6,2 mil!","og_description":"Concurso MP AL: novo edital oferta 27 vagas para cargos de T\u00e9cnico e Analista. Inscri\u00e7\u00f5es abertas at\u00e9 19\/03! Participe!","og_url":"https:\/\/www.estrategiaconcursos.com.br\/blog\/concurso-mp-al\/","og_site_name":"Estrat\u00e9gia Concursos","article_published_time":"2026-03-20T11:20:00+00:00","article_modified_time":"2026-03-20T11:26:44+00:00","og_image":[{"width":768,"height":432,"url":"https:\/\/dhg1h5j42swfq.cloudfront.net\/2025\/09\/25121132\/concurso-mp-al-1.jpg","type":"image\/jpeg"}],"author":"Let\u00edcia Teixeira","twitter_card":"summary_large_image","twitter_creator":"@EstratConcursos","twitter_site":"@EstratConcursos","twitter_misc":{"Escrito por":"Let\u00edcia Teixeira","Est. tempo de leitura":"5 minutos"},"schema":{"@context":"https:\/\/schema.org","@graph":[{"@type":"NewsArticle","@id":"https:\/\/www.estrategiaconcursos.com.br\/blog\/concurso-mp-al\/#article","isPartOf":{"@id":"https:\/\/www.estrategiaconcursos.com.br\/blog\/concurso-mp-al\/"},"author":{"name":"Let\u00edcia Teixeira","@id":"https:\/\/www.estrategiaconcursos.com.br\/blog\/#\/schema\/person\/9b94727dcf4410f4a7931c83966c843b"},"headline":"Concurso MP AL 2026: prova em maio! At\u00e9 R$ 6,2 mil!","datePublished":"2026-03-20T11:20:00+00:00","dateModified":"2026-03-20T11:26:44+00:00","mainEntityOfPage":{"@id":"https:\/\/www.estrategiaconcursos.com.br\/blog\/concurso-mp-al\/"},"wordCount":2312,"commentCount":1,"publisher":{"@id":"https:\/\/www.estrategiaconcursos.com.br\/blog\/#organization"},"image":{"@id":"https:\/\/www.estrategiaconcursos.com.br\/blog\/concurso-mp-al\/#primaryimage"},"thumbnailUrl":"https:\/\/dhg1h5j42swfq.cloudfront.net\/2025\/09\/25121132\/concurso-mp-al-1.jpg","keywords":["MP AL"],"articleSection":["Tribunais","\u00daltimas not\u00edcias"],"inLanguage":"pt-BR","potentialAction":[{"@type":"CommentAction","name":"Comment","target":["https:\/\/www.estrategiaconcursos.com.br\/blog\/concurso-mp-al\/#respond"]}],"copyrightYear":"2026","copyrightHolder":{"@id":"https:\/\/www.estrategiaconcursos.com.br\/blog\/#organization"}},{"@type":"WebPage","@id":"https:\/\/www.estrategiaconcursos.com.br\/blog\/concurso-mp-al\/","url":"https:\/\/www.estrategiaconcursos.com.br\/blog\/concurso-mp-al\/","name":"Concurso MP AL 2026: prova em maio! At\u00e9 R$ 6,2 mil!","isPartOf":{"@id":"https:\/\/www.estrategiaconcursos.com.br\/blog\/#website"},"primaryImageOfPage":{"@id":"https:\/\/www.estrategiaconcursos.com.br\/blog\/concurso-mp-al\/#primaryimage"},"image":{"@id":"https:\/\/www.estrategiaconcursos.com.br\/blog\/concurso-mp-al\/#primaryimage"},"thumbnailUrl":"https:\/\/dhg1h5j42swfq.cloudfront.net\/2025\/09\/25121132\/concurso-mp-al-1.jpg","datePublished":"2026-03-20T11:20:00+00:00","dateModified":"2026-03-20T11:26:44+00:00","description":"Concurso MP AL: novo edital oferta 27 vagas para cargos de T\u00e9cnico e Analista. Inscri\u00e7\u00f5es abertas at\u00e9 19\/03! Participe!","breadcrumb":{"@id":"https:\/\/www.estrategiaconcursos.com.br\/blog\/concurso-mp-al\/#breadcrumb"},"inLanguage":"pt-BR","potentialAction":[{"@type":"ReadAction","target":["https:\/\/www.estrategiaconcursos.com.br\/blog\/concurso-mp-al\/"]}]},{"@type":"ImageObject","inLanguage":"pt-BR","@id":"https:\/\/www.estrategiaconcursos.com.br\/blog\/concurso-mp-al\/#primaryimage","url":"https:\/\/dhg1h5j42swfq.cloudfront.net\/2025\/09\/25121132\/concurso-mp-al-1.jpg","contentUrl":"https:\/\/dhg1h5j42swfq.cloudfront.net\/2025\/09\/25121132\/concurso-mp-al-1.jpg","width":768,"height":432,"caption":"requisitos e atribui\u00e7\u00f5es do concurso MP AL"},{"@type":"BreadcrumbList","@id":"https:\/\/www.estrategiaconcursos.com.br\/blog\/concurso-mp-al\/#breadcrumb","itemListElement":[{"@type":"ListItem","position":1,"name":"In\u00edcio","item":"https:\/\/www.estrategiaconcursos.com.br\/blog\/"},{"@type":"ListItem","position":2,"name":"Concurso MP AL 2026: prova em maio! At\u00e9 R$ 6,2 mil!"}]},{"@type":"WebSite","@id":"https:\/\/www.estrategiaconcursos.com.br\/blog\/#website","url":"https:\/\/www.estrategiaconcursos.com.br\/blog\/","name":"Estrat\u00e9gia Concursos","description":"O blog da Estrat\u00e9gia Concursos traz not\u00edcias sobre concursos e artigos de professores oferecendo cursos para concursos (pdf + videaulas) no site.","publisher":{"@id":"https:\/\/www.estrategiaconcursos.com.br\/blog\/#organization"},"potentialAction":[{"@type":"SearchAction","target":{"@type":"EntryPoint","urlTemplate":"https:\/\/www.estrategiaconcursos.com.br\/blog\/?s={search_term_string}"},"query-input":{"@type":"PropertyValueSpecification","valueRequired":true,"valueName":"search_term_string"}}],"inLanguage":"pt-BR"},{"@type":"Organization","@id":"https:\/\/www.estrategiaconcursos.com.br\/blog\/#organization","name":"Estrat\u00e9gia Concursos","url":"https:\/\/www.estrategiaconcursos.com.br\/blog\/","logo":{"@type":"ImageObject","inLanguage":"pt-BR","@id":"https:\/\/www.estrategiaconcursos.com.br\/blog\/#\/schema\/logo\/image\/","url":"https:\/\/dhg1h5j42swfq.cloudfront.net\/2025\/06\/03203428\/logo_concursos-1.jpg","contentUrl":"https:\/\/dhg1h5j42swfq.cloudfront.net\/2025\/06\/03203428\/logo_concursos-1.jpg","width":230,"height":60,"caption":"Estrat\u00e9gia Concursos"},"image":{"@id":"https:\/\/www.estrategiaconcursos.com.br\/blog\/#\/schema\/logo\/image\/"},"sameAs":["https:\/\/x.com\/EstratConcursos"]},{"@type":"Person","@id":"https:\/\/www.estrategiaconcursos.com.br\/blog\/#\/schema\/person\/9b94727dcf4410f4a7931c83966c843b","name":"Let\u00edcia Teixeira","image":{"@type":"ImageObject","inLanguage":"pt-BR","@id":"https:\/\/secure.gravatar.com\/avatar\/fb589b06b881e20b676d08f9d03226d1e3291ba2f90e751ddc9ccb21abf0244d?s=96&d=mm&r=g","url":"https:\/\/secure.gravatar.com\/avatar\/fb589b06b881e20b676d08f9d03226d1e3291ba2f90e751ddc9ccb21abf0244d?s=96&d=mm&r=g","contentUrl":"https:\/\/secure.gravatar.com\/avatar\/fb589b06b881e20b676d08f9d03226d1e3291ba2f90e751ddc9ccb21abf0244d?s=96&d=mm&r=g","caption":"Let\u00edcia Teixeira"},"description":"Jornalista com experi\u00eancia de mais de quatro anos no segmento de concursos p\u00fablicos. Especializada em Narrativa Transm\u00eddia e Storytelling pela Universidade Cat\u00f3lica de Bras\u00edlia, com atua\u00e7\u00e3o nas \u00e1reas de SEO, conte\u00fado, Webwriting e Copywriting.","url":"https:\/\/www.estrategiaconcursos.com.br\/blog\/author\/leticia-teixeiraestrategia-com\/"}]}},"_links":{"self":[{"href":"https:\/\/www.estrategiaconcursos.com.br\/blog\/wp-json\/wp\/v2\/posts\/50801","targetHints":{"allow":["GET"]}}],"collection":[{"href":"https:\/\/www.estrategiaconcursos.com.br\/blog\/wp-json\/wp\/v2\/posts"}],"about":[{"href":"https:\/\/www.estrategiaconcursos.com.br\/blog\/wp-json\/wp\/v2\/types\/post"}],"author":[{"embeddable":true,"href":"https:\/\/www.estrategiaconcursos.com.br\/blog\/wp-json\/wp\/v2\/users\/2319"}],"replies":[{"embeddable":true,"href":"https:\/\/www.estrategiaconcursos.com.br\/blog\/wp-json\/wp\/v2\/comments?post=50801"}],"version-history":[{"count":131,"href":"https:\/\/www.estrategiaconcursos.com.br\/blog\/wp-json\/wp\/v2\/posts\/50801\/revisions"}],"predecessor-version":[{"id":1740638,"href":"https:\/\/www.estrategiaconcursos.com.br\/blog\/wp-json\/wp\/v2\/posts\/50801\/revisions\/1740638"}],"wp:featuredmedia":[{"embeddable":true,"href":"https:\/\/www.estrategiaconcursos.com.br\/blog\/wp-json\/wp\/v2\/media\/1644802"}],"wp:attachment":[{"href":"https:\/\/www.estrategiaconcursos.com.br\/blog\/wp-json\/wp\/v2\/media?parent=50801"}],"wp:term":[{"taxonomy":"category","embeddable":true,"href":"https:\/\/www.estrategiaconcursos.com.br\/blog\/wp-json\/wp\/v2\/categories?post=50801"},{"taxonomy":"post_tag","embeddable":true,"href":"https:\/\/www.estrategiaconcursos.com.br\/blog\/wp-json\/wp\/v2\/tags?post=50801"},{"taxonomy":"tax_estado","embeddable":true,"href":"https:\/\/www.estrategiaconcursos.com.br\/blog\/wp-json\/wp\/v2\/tax_estado?post=50801"}],"curies":[{"name":"wp","href":"https:\/\/api.w.org\/{rel}","templated":true}]}}