{"id":507895,"date":"2020-04-28T08:00:13","date_gmt":"2020-04-28T11:00:13","guid":{"rendered":"https:\/\/www.estrategiaconcursos.com.br\/blog\/?p=507895"},"modified":"2020-05-07T07:50:16","modified_gmt":"2020-05-07T10:50:16","slug":"concursos-abertos-para-fisioterapeutas-durante-a-pandemia","status":"publish","type":"post","link":"https:\/\/www.estrategiaconcursos.com.br\/blog\/concursos-abertos-para-fisioterapeutas-durante-a-pandemia\/","title":{"rendered":"Concursos abertos para fisioterapeutas durante a pandemia"},"content":{"rendered":"\n<p>Ol\u00e1, pessoal! Tudo bem? Vamos falar dos concursos abertos para fisioterapeutas durante a pandemia. Apesar dos problemas em torno da pandemia, temos concursos com inscri\u00e7\u00f5es para fisioterapeuta. Alguns est\u00e3o com a data da prova em aberto, por\u00e9m com as inscri\u00e7\u00f5es abertas. <\/p>\n\n\n\n<p>Pessoal, durante esse per\u00edodo de quarentena aproveitem para organizar o seu tempo, planejar os estudos, tra\u00e7ar metas e, \u00e9 claro, ESTUDAR. Se o seu concurso n\u00e3o for nenhum que esteja com as inscri\u00e7\u00f5es abertas, prepare-se com anteced\u00eancia. Os concursos da nossa \u00e1rea sempre est\u00e3o saindo e, agora com o tratamento do COVID-19, a nossa profiss\u00e3o est\u00e1 em foco, elevando as possibilidades de concursos. Ent\u00e3o, estejam preparados!<\/p>\n\n\n\n<p>Sem mais enrola\u00e7\u00e3o, vamos ver os concursos atrav\u00e9s da tabela abaixo:<\/p>\n\n\n\n<figure class=\"wp-block-table is-style-stripes\"><table class=\"has-subtle-pale-blue-background-color has-background\"><tbody><tr><td><strong><span class=\"has-inline-color has-vivid-red-color\">CONCURSO<\/span><\/strong><\/td><td><strong><span class=\"has-inline-color has-vivid-red-color\">VAGAS<\/span><\/strong><\/td><td><strong><span class=\"has-inline-color has-vivid-red-color\">SAL\u00c1RIO<\/span><\/strong><\/td><td><strong><span class=\"has-inline-color has-vivid-red-color\">DATA DA PROVA<\/span><\/strong><\/td><td><strong><span class=\"has-inline-color has-vivid-red-color\">INSCRI\u00c7\u00d5ES<\/span><\/strong><\/td><td><strong><span class=\"has-inline-color has-vivid-red-color\">BANCA<\/span><\/strong><\/td><\/tr><tr><td><strong>Prefeitura Municipal de Porto Alegre &#8211; RS<\/strong><\/td><td><strong>1 (30h)<\/strong><\/td><td><strong>3.273,75<\/strong><\/td><td><strong>31\/05\/20<\/strong><\/td><td><strong>at\u00e9 04\/05\/2020<\/strong><\/td><td><strong>FUNDATEC<\/strong><\/td><\/tr><tr><td><strong>Prefeitura Municipal de Est\u00e2ncia Velha-RS<\/strong><\/td><td><strong>CR (30h)<\/strong><\/td><td><strong>4.267,45<\/strong><\/td><td><strong>07\/06\/2020<\/strong><\/td><td><strong>at\u00e9 30\/04\/2020<\/strong><\/td><td><strong>FUNDATEC<\/strong><\/td><\/tr><tr><td><strong>Prefeitura de Cerro Branco &#8211; RS<\/strong><\/td><td><strong>CR (20h)<\/strong><\/td><td><strong>2195,26<\/strong><\/td><td><strong>a definir<\/strong><\/td><td><strong>at\u00e9 17\/05\/2020<\/strong><\/td><td><strong>Legalle<\/strong><\/td><\/tr><tr><td><strong>Prefeitura de Rio Fortuna-SC<\/strong><\/td><td><strong>CR (40h)<\/strong><\/td><td><strong>2.201,62<\/strong><\/td><td><strong>17\/05\/2020<\/strong><\/td><td><strong>at\u00e9&nbsp; 30\/04\/2020<\/strong><\/td><td><strong>UNIBAVE<\/strong><\/td><\/tr><tr><td><strong>Prefeitura de Medianeira &#8211; PR<\/strong><\/td><td><strong>1(30h)<\/strong><\/td><td><strong>2.606,22<\/strong><\/td><td><strong>28\/06\/2020<\/strong><\/td><td><strong>at\u00e9 06\/05\/2020<\/strong><\/td><td><strong>Funda\u00e7\u00e3o UNESPAR<\/strong><\/td><\/tr><tr><td><strong>Prefeitura de Terra Rica &#8211; PR<\/strong><\/td><td><strong>CR (30h)<\/strong><\/td><td><strong>2726,82<\/strong><\/td><td><strong>07\/06\/2020<\/strong><\/td><td><strong>at\u00e9 18\/05\/2020<\/strong><\/td><td><strong>Ippec<\/strong><\/td><\/tr><tr><td><strong>Prefeitura de G\u00e1lia-SP<\/strong><\/td><td><strong>1 (20h)<\/strong><\/td><td><strong>2.374,16&nbsp;<\/strong><\/td><td><strong>Adiada&nbsp;<\/strong><\/td><td><strong>at\u00e9 26\/04\/2020<\/strong><\/td><td><strong>Prime<\/strong><\/td><\/tr><tr><td><strong>Prefeitura Municipal de J\u00falio Mesquita &#8211; SP<\/strong><\/td><td><strong>1 (20h)<\/strong><\/td><td><strong>2.108,13<\/strong><\/td><td><strong>Adiada<\/strong><\/td><td><strong>at\u00e9 06\/05\/2020<\/strong><\/td><td><strong>SPB<\/strong><\/td><\/tr><tr><td><strong>Prefeitura de Bambu\u00ed-MG<\/strong><\/td><td><strong>2 (20h)<\/strong><\/td><td><strong>1.412,99<\/strong><\/td><td><strong>16\/08\/2020<\/strong><\/td><td><strong>17\/06 &#8211; 17\/07\/2020<\/strong><\/td><td><strong>IBGP Concursos<\/strong><\/td><\/tr><tr><td><strong>Prefeitura Municipal de Bias Fortes-MG<\/strong><\/td><td><strong>2 (30h)<\/strong><\/td><td><strong>2.201,29<\/strong><\/td><td><strong>25\/10\/2020<\/strong><\/td><td><strong>22\/06 &#8211; 22\/07\/2020<\/strong><\/td><td><strong>Cabral e Oliveira<\/strong><\/td><\/tr><tr><td><strong>Prefeitura de Bom Jardim de Minas-MG<\/strong><\/td><td><strong>1 (20h)<\/strong><\/td><td><strong>2.358,84<\/strong><\/td><td><strong>24\/05\/2020<\/strong><\/td><td><strong>at\u00e9 30\/04\/2020<\/strong><\/td><td><strong>IBGP<\/strong><\/td><\/tr><tr><td><strong>Prefeitura Municipal de Campo Belo-MG<\/strong><\/td><td><strong>5 (Geral) + 1(Sa\u00fade da Mulher) (30h)<\/strong><\/td><td><strong>2.075,00<\/strong><\/td><td><strong>02\/08\/2020<\/strong><\/td><td><strong>01\/06 &#8211; 02\/07\/2020<\/strong><\/td><td><strong>IBGP<\/strong><\/td><\/tr><tr><td><strong>Prefeitura de Lagoa Formosa &#8211; MG<\/strong><\/td><td><strong>5 (30h)<\/strong><\/td><td><strong>1.685,72<\/strong><\/td><td><strong>18\/10\/20<\/strong><\/td><td><strong>27\/04 &#8211; 27\/05\/20<\/strong><\/td><td><strong>Cabral e Oliveira<\/strong><\/td><\/tr><tr><td><strong>Prefeitura Carmo da Mata-MG<\/strong><\/td><td><strong>1 (20h)<\/strong><\/td><td><strong>2.525,52<\/strong><\/td><td><strong>31\/05\/20<\/strong><\/td><td><strong>17\/04 &#8211; 18\/05\/20<\/strong><\/td><td><strong>Conscam<\/strong><\/td><\/tr><tr><td><strong>Prefeitura de Mantena-MG<\/strong><\/td><td><strong>2 (20h)<\/strong><\/td><td><strong>2.393,47<\/strong><\/td><td><strong>07\/06\/20<\/strong><\/td><td><strong>at\u00e9 29\/04\/20<\/strong><\/td><td><strong>Exame Auditores e Consultores<\/strong><\/td><\/tr><tr><td><strong>Prefeitura de Monte Santo de Minas &#8211; MG<\/strong><\/td><td><strong>3 (30h)<\/strong><\/td><td><strong>1.889,49 + aux\u00edlio alimenta\u00e7\u00e3o at\u00e9 R$275,11<\/strong><\/td><td><strong>15\/08\/20<\/strong><\/td><td><strong>13\/05 &#8211; 15\/06\/20<\/strong><\/td><td><strong>IMAM<\/strong><\/td><\/tr><tr><td><strong>Prefeitura Municipal de Paracatu &#8211; MG<\/strong><\/td><td><strong>2 (30h)<\/strong><\/td><td><strong>3.598,13<\/strong><\/td><td><strong>28\/06\/2020<\/strong><\/td><td><strong>de 23\/04\/20 a 28\/05\/20<\/strong><\/td><td><strong>FADENOR<\/strong><\/td><\/tr><tr><td><strong>Prefeitura Municipal de Palma-MG<\/strong><\/td><td><strong>1 (30h)<\/strong><\/td><td><strong>1.331,83&nbsp;<\/strong><\/td><td><strong>31\/05\/20<\/strong><\/td><td><strong>at\u00e9 07\/05\/20<\/strong><\/td><td><strong>Instituto Nacional de Concurso P\u00fablico<\/strong><\/td><\/tr><tr><td><strong>Prefeitura Municipal de Santa Rosa da Serra &#8211; MG<\/strong><\/td><td><strong>2 (20h)<\/strong><\/td><td><strong>1.314,85&nbsp;<\/strong><\/td><td><strong>01\/11\/20<\/strong><\/td><td><strong>08\/06 &#8211; 08\/07\/20<\/strong><\/td><td><strong>Cabral e Oliveira&nbsp;<\/strong><\/td><\/tr><tr><td><strong>Prefeitura Municipal de Santana do Manhua\u00e7u- MG<\/strong><\/td><td><strong>CR (20h)<\/strong><\/td><td><strong>1.200,00<\/strong><\/td><td><strong>17\/05\/20<\/strong><\/td><td><strong>at\u00e9 29\/05\/20<\/strong><\/td><td><strong>W2 Auditoria e Consultoria<\/strong><\/td><\/tr><tr><td><strong>Prefeitura de Mundo Novo-GO<\/strong><\/td><td><strong>2 + 2 CR (20h)<\/strong><\/td><td><strong>2.500,00<\/strong><\/td><td><strong>07\/06\/20<\/strong><\/td><td><strong>at\u00e9 16\/05\/20<\/strong><\/td><td><strong>ITEC<\/strong><\/td><\/tr><tr><td><strong>Prefeitura de S\u00e3o Gabriel do Oeste-MS<\/strong><\/td><td><strong>CR (30h)<\/strong><\/td><td><strong>3.861,01<\/strong><\/td><td><strong>17\/05\/20<\/strong><\/td><td><strong>at\u00e9 04\/05\/20<\/strong><\/td><td><strong>FAPEC<\/strong><\/td><\/tr><tr><td><strong>Prefeitura de Paulo Afonso-BA<\/strong><\/td><td><strong>6 (40h)<\/strong><\/td><td><strong>3.500,00<\/strong><\/td><td><strong>06 e 07\/06\/20<\/strong><\/td><td><strong>at\u00e9 05\/05\/20<\/strong><\/td><td><strong>Consulpam<\/strong><\/td><\/tr><tr><td><strong>Prefeitura Municipal de Barra dos Coqueiros &#8211; SE<\/strong><\/td><td><strong>2 + CR<\/strong><strong>(30h)<\/strong><\/td><td><strong>2.528,90<\/strong><\/td><td><strong>30\/08\/20<\/strong><\/td><td><strong>18\/05\/20 a 16\/06\/20<\/strong><\/td><td><strong>CEBRASPE<\/strong><\/td><\/tr><tr><td><strong>Prefeituras e C\u00e2maras do Agreste Potiguar-RN<\/strong><\/td><td><strong>3 (30h)<\/strong><\/td><td><strong>1.500,00<\/strong><\/td><td><strong>28\/06\/20<\/strong><\/td><td><strong>at\u00e9 08\/06\/20<\/strong><\/td><td><strong>FUNCERN<\/strong><\/td><\/tr><tr><td><strong>Prefeitura Municipal de Gravat\u00e1 &#8211; PE<\/strong><\/td><td><strong>4 (30H)<\/strong><\/td><td><strong>1.500,00<\/strong><\/td><td><strong>26\/07\/2020<\/strong><\/td><td><strong>at\u00e9 31\/05\/20<\/strong><\/td><td><strong>ADM&amp;TEC<\/strong><\/td><\/tr><tr><td><strong>Prefeitura de Breves-PA<\/strong><\/td><td><strong>2 (40h)<\/strong><\/td><td><strong>1.400,00+<\/strong><strong>gratifica\u00e7\u00e3o<\/strong><\/td><td><strong>19\/07\/20<\/strong><\/td><td><strong>at\u00e9 08\/06\/20<\/strong><\/td><td><strong>CETAP<\/strong><\/td><\/tr><tr><td><strong>Prefeitura de Xinguara-PA<\/strong><\/td><td><strong>2 (40 h)<\/strong><\/td><td><strong>4.690,35<\/strong><\/td><td><strong>21\/06\/2020<\/strong><\/td><td><strong>at\u00e9 11\/05\/2020<\/strong><\/td><td><strong>IDIB<\/strong><\/td><\/tr><tr><td><strong>Prefeitura de Delmiro Gouveia-AL<\/strong><\/td><td><strong>1 (30h)<\/strong><\/td><td><strong>1.443,00<\/strong><\/td><td><strong>A definir<\/strong><\/td><td><strong>at\u00e9 30\/04\/2020<\/strong><\/td><td><strong>ADM&amp;TEC<\/strong><\/td><\/tr><tr><td><strong>Prefeitura de S\u00e3o Vicente F\u00e9rrer-MA<\/strong><\/td><td><strong>1 (20h)<\/strong><\/td><td><strong>1.800,00<\/strong><\/td><td><strong>17\/05\/20<\/strong><\/td><td><strong>at\u00e9 27\/04\/20<\/strong><\/td><td><strong>Insituto Legatus<\/strong><\/td><\/tr><tr><td><strong>Prefeitura de Rio Crespo-RO<\/strong><\/td><td><strong>1 (40h)<\/strong><\/td><td><strong>2386,80<\/strong><\/td><td><strong>31\/05\/20<\/strong><\/td><td><strong>at\u00e9 dia 04\/05\/20<\/strong><\/td><td><strong>Nosso Rumo<\/strong><\/td><\/tr><tr><td><strong>Prefeitura de Mirante de Serra &#8211; RO<\/strong><\/td><td><\/td><td><\/td><td><strong>&#8211;<\/strong><\/td><td><strong>27 a 30\/04\/20<\/strong><\/td><td><strong>por e-mail<\/strong><strong>seletivosemsau-ms1@hotmail.com<\/strong><\/td><\/tr><tr><td><strong>Prefeitura de Santa Luiza d\u2019Oeste-RO<\/strong><\/td><td><strong>CR (40h)<\/strong><\/td><td><strong>1.500,00<\/strong><\/td><td><strong>07\/06\/2020<\/strong><\/td><td><strong>at\u00e9 11\/05\/20<\/strong><\/td><td><strong>Ibade<\/strong><\/td><\/tr><tr><td><strong>Prefeitura de Rolim de Moura-RO<\/strong><\/td><td><strong>5 + 8CR (40h)<\/strong><\/td><td><strong>2.539,38<\/strong><\/td><td><strong>24\/05\/20<\/strong><\/td><td><strong>at\u00e9 06\/05\/20<\/strong><\/td><td><strong>Ibade<\/strong><\/td><\/tr><tr><td><strong>Prefeitura de Groiaras-CE<\/strong><\/td><td><strong>1+5CR (30h)<\/strong><\/td><td><strong>1.800,00<\/strong><\/td><td><strong>05\/07\/20<\/strong><\/td><td><strong>at\u00e9 17\/05<\/strong><\/td><td><strong>IDIB<\/strong><\/td><\/tr><tr><td><strong>Prefeitura de Capim-PB<\/strong><\/td><td><strong>1 (40 h)<\/strong><\/td><td><strong>1.790,00<\/strong><\/td><td><strong>30\/08\/20<\/strong><\/td><td><strong>at\u00e9 19\/06\/20<\/strong><\/td><td><strong>FACET<\/strong><\/td><\/tr><tr><td><strong>Prefeitura de Barra dos Coqueiros-SE<\/strong><\/td><td><strong>2 (20h)<\/strong><\/td><td><strong>2.528,90<\/strong><\/td><td><strong>30\/08\/20<\/strong><\/td><td><strong>at\u00e9 16\/06\/20<\/strong><\/td><td><strong>CEBRASPE<\/strong><\/td><\/tr><\/tbody><\/table><figcaption>Concursos com Edital Aberto<\/figcaption><\/figure>\n\n\n\n<p><span class=\"has-inline-color has-very-dark-gray-color\"><strong>Al\u00e9m disso, temos alguns previstos:<\/strong><\/span><\/p>\n\n\n\n<figure class=\"wp-block-table\"><table><tbody><tr><td><strong>CONCURSO<\/strong><\/td><td><strong>BANCA<\/strong><\/td><td><strong>SAL\u00c1RIO \/ VAGAS \/ CH<\/strong><\/td><td><strong>DATA DA PROVA<\/strong><\/td><\/tr><tr><td><strong>Exame de Admiss\u00e3o ao Est\u00e1gio de Adapta\u00e7\u00e3o de Oficiais de Apoio da Aeron\u00e1utica &#8211; EAOP 2021<\/strong><\/td><td><strong>Pr\u00f3pria<\/strong><\/td><td><strong>8.500,00 (1 Ten)<\/strong><\/td><td><strong>2021<\/strong><\/td><\/tr><tr><td><strong>Prefeitura Municipal de Belo Horizonte<\/strong><\/td><td><strong>Processo de Contrata\u00e7\u00e3o da Banca<\/strong><\/td><td><strong>8 vagas<\/strong><\/td><td><\/td><\/tr><tr><td><strong>Secretaria Municipal de Sa\u00fade de Manaus<\/strong><\/td><td><strong>Banca Definida &#8211; IBFC<\/strong><\/td><td><\/td><td><\/td><\/tr><tr><td><strong>Prefeitura Municipal de Reden\u00e7\u00e3o &#8211; PA<\/strong><\/td><td><strong>Processo de Contrata\u00e7\u00e3o de Banca<\/strong><\/td><td><strong>4.416,00<\/strong><\/td><td><\/td><\/tr><tr><td><strong>Prefeitura Municipal de Paulo Afonso &#8211; BA<\/strong><\/td><td><strong>Banca Definida &#8211; Consulpam<\/strong><\/td><td><strong>6 vagas (20h)<\/strong><\/td><td><\/td><\/tr><tr><td><strong>Prefeitura Municipal de Nil\u00f3polis &#8211; RJ<\/strong><\/td><td><strong>Processo de Contrata\u00e7\u00e3o de Banca<\/strong><\/td><td><strong>7 vagas<\/strong><\/td><td><\/td><\/tr><tr><td><strong>Prefeitura Municipal de Cascavel &#8211; PR<\/strong><\/td><td><strong>Banca Definida &#8211; Objetiva Concursos<\/strong><\/td><td><strong>3.228,19<\/strong><\/td><td><\/td><\/tr><tr><td><strong>Prefeitura Municipal de Jo\u00e3o Pessoa &#8211; PB<\/strong><\/td><td><strong>Anunciado<\/strong><\/td><td><strong>14 vagas 1.354,87<\/strong><\/td><td><\/td><\/tr><tr><td><strong>Prefeitura de Sapucaia do Sul &#8211; RS<\/strong><\/td><td><strong>Banca Definida &#8211; IBRASP<\/strong><\/td><td><strong>CR 2.967,50<\/strong><\/td><td><\/td><\/tr><\/tbody><\/table><figcaption>Concursos Previstos<\/figcaption><\/figure>\n\n\n\n<p>Temos diversos cursos para concursos. Alguns cursos espec\u00edficos foram lan\u00e7ados e temos tamb\u00e9m o Curso Regular de Fisioterapia. Conhe\u00e7a atrav\u00e9s do link: <a href=\"https:\/\/www.estrategiaconcursos.com.br\/cursosPorMateria\/fisioterapia-248\/\">https:\/\/www.estrategiaconcursos.com.br\/cursosPorMateria\/fisioterapia-248\/<\/a><\/p>\n\n\n\n<p>Venha estudar conosco! <\/p>\n\n\n\n<p><span class=\"has-inline-color has-vivid-green-cyan-color\"><strong>Abra\u00e7os,<\/strong><\/span><\/p>\n\n\n\n<p><span class=\"has-inline-color has-vivid-green-cyan-color\"><strong>Equipe de Fisioterapia.<\/strong><\/span><\/p>\n\n\n\n<p>@fisio_estrategiaconcursos<\/p>\n\n\n\n<p>@profgislaineholler<\/p>\n\n\n\n<p>@profmararibeiro<\/p>\n\n\n\n<p>@profdeboralima<\/p>\n","protected":false},"excerpt":{"rendered":"<p>Ol\u00e1, pessoal! Tudo bem? Vamos falar dos concursos abertos para fisioterapeutas durante a pandemia. Apesar dos problemas em torno da pandemia, temos concursos com inscri\u00e7\u00f5es para fisioterapeuta. Alguns est\u00e3o com a data da prova em aberto, por\u00e9m com as inscri\u00e7\u00f5es abertas. Pessoal, durante esse per\u00edodo de quarentena aproveitem para organizar o seu tempo, planejar os [&hellip;]<\/p>\n","protected":false},"author":225,"featured_media":0,"comment_status":"open","ping_status":"closed","sticky":false,"template":"","format":"standard","meta":{"post_tipo":"article","footnotes":""},"categories":[1981],"tags":[],"tax_estado":[],"class_list":["post-507895","post","type-post","status-publish","format-standard","hentry","category-saude"],"acf":[],"yoast_head":"<!-- This site is optimized with the Yoast SEO Premium plugin v27.2 (Yoast SEO v27.2) - https:\/\/yoast.com\/product\/yoast-seo-premium-wordpress\/ -->\n<title>Concursos abertos para fisioterapeutas durante a pandemia<\/title>\n<meta name=\"description\" content=\"Lista atualizada de Concursos com inscri\u00e7\u00f5es abertas, assim como concursos previstos para fisioterapeutas durante a pandemia (COVID-19).\" \/>\n<meta name=\"robots\" content=\"index, follow, max-snippet:-1, max-image-preview:large, max-video-preview:-1\" \/>\n<link rel=\"canonical\" href=\"https:\/\/www.estrategiaconcursos.com.br\/blog\/concursos-abertos-para-fisioterapeutas-durante-a-pandemia\/\" \/>\n<meta property=\"og:locale\" content=\"pt_BR\" \/>\n<meta property=\"og:type\" content=\"article\" \/>\n<meta property=\"og:title\" content=\"Concursos abertos para fisioterapeutas durante a pandemia\" \/>\n<meta property=\"og:description\" content=\"Lista atualizada de Concursos com inscri\u00e7\u00f5es abertas, assim como concursos previstos para fisioterapeutas durante a pandemia (COVID-19).\" \/>\n<meta property=\"og:url\" content=\"https:\/\/www.estrategiaconcursos.com.br\/blog\/concursos-abertos-para-fisioterapeutas-durante-a-pandemia\/\" \/>\n<meta property=\"og:site_name\" content=\"Estrat\u00e9gia Concursos\" \/>\n<meta property=\"article:published_time\" content=\"2020-04-28T11:00:13+00:00\" \/>\n<meta property=\"article:modified_time\" content=\"2020-05-07T10:50:16+00:00\" \/>\n<meta name=\"author\" content=\"Gislaine dos Santos Holler\" \/>\n<meta name=\"twitter:card\" content=\"summary_large_image\" \/>\n<meta name=\"twitter:creator\" content=\"@EstratConcursos\" \/>\n<meta name=\"twitter:site\" content=\"@EstratConcursos\" \/>\n<meta name=\"twitter:label1\" content=\"Escrito por\" \/>\n\t<meta name=\"twitter:data1\" content=\"Gislaine dos Santos Holler\" \/>\n\t<meta name=\"twitter:label2\" content=\"Est. tempo de leitura\" \/>\n\t<meta name=\"twitter:data2\" content=\"3 minutos\" \/>\n<script type=\"application\/ld+json\" class=\"yoast-schema-graph\">{\"@context\":\"https:\/\/schema.org\",\"@graph\":[{\"@type\":\"NewsArticle\",\"@id\":\"https:\/\/www.estrategiaconcursos.com.br\/blog\/concursos-abertos-para-fisioterapeutas-durante-a-pandemia\/#article\",\"isPartOf\":{\"@id\":\"https:\/\/www.estrategiaconcursos.com.br\/blog\/concursos-abertos-para-fisioterapeutas-durante-a-pandemia\/\"},\"author\":{\"name\":\"Gislaine dos Santos Holler\",\"@id\":\"https:\/\/www.estrategiaconcursos.com.br\/blog\/#\/schema\/person\/c2e2a830152a30b1ebef5de307f66288\"},\"headline\":\"Concursos abertos para fisioterapeutas durante a pandemia\",\"datePublished\":\"2020-04-28T11:00:13+00:00\",\"dateModified\":\"2020-05-07T10:50:16+00:00\",\"mainEntityOfPage\":{\"@id\":\"https:\/\/www.estrategiaconcursos.com.br\/blog\/concursos-abertos-para-fisioterapeutas-durante-a-pandemia\/\"},\"wordCount\":714,\"commentCount\":0,\"publisher\":{\"@id\":\"https:\/\/www.estrategiaconcursos.com.br\/blog\/#organization\"},\"articleSection\":[\"Sa\u00fade\"],\"inLanguage\":\"pt-BR\",\"potentialAction\":[{\"@type\":\"CommentAction\",\"name\":\"Comment\",\"target\":[\"https:\/\/www.estrategiaconcursos.com.br\/blog\/concursos-abertos-para-fisioterapeutas-durante-a-pandemia\/#respond\"]}],\"copyrightYear\":\"2020\",\"copyrightHolder\":{\"@id\":\"https:\/\/www.estrategiaconcursos.com.br\/blog\/#organization\"}},{\"@type\":\"WebPage\",\"@id\":\"https:\/\/www.estrategiaconcursos.com.br\/blog\/concursos-abertos-para-fisioterapeutas-durante-a-pandemia\/\",\"url\":\"https:\/\/www.estrategiaconcursos.com.br\/blog\/concursos-abertos-para-fisioterapeutas-durante-a-pandemia\/\",\"name\":\"Concursos abertos para fisioterapeutas durante a pandemia\",\"isPartOf\":{\"@id\":\"https:\/\/www.estrategiaconcursos.com.br\/blog\/#website\"},\"datePublished\":\"2020-04-28T11:00:13+00:00\",\"dateModified\":\"2020-05-07T10:50:16+00:00\",\"description\":\"Lista atualizada de Concursos com inscri\u00e7\u00f5es abertas, assim como concursos previstos para fisioterapeutas durante a pandemia (COVID-19).\",\"breadcrumb\":{\"@id\":\"https:\/\/www.estrategiaconcursos.com.br\/blog\/concursos-abertos-para-fisioterapeutas-durante-a-pandemia\/#breadcrumb\"},\"inLanguage\":\"pt-BR\",\"potentialAction\":[{\"@type\":\"ReadAction\",\"target\":[\"https:\/\/www.estrategiaconcursos.com.br\/blog\/concursos-abertos-para-fisioterapeutas-durante-a-pandemia\/\"]}]},{\"@type\":\"BreadcrumbList\",\"@id\":\"https:\/\/www.estrategiaconcursos.com.br\/blog\/concursos-abertos-para-fisioterapeutas-durante-a-pandemia\/#breadcrumb\",\"itemListElement\":[{\"@type\":\"ListItem\",\"position\":1,\"name\":\"In\u00edcio\",\"item\":\"https:\/\/www.estrategiaconcursos.com.br\/blog\/\"},{\"@type\":\"ListItem\",\"position\":2,\"name\":\"Concursos abertos para fisioterapeutas durante a pandemia\"}]},{\"@type\":\"WebSite\",\"@id\":\"https:\/\/www.estrategiaconcursos.com.br\/blog\/#website\",\"url\":\"https:\/\/www.estrategiaconcursos.com.br\/blog\/\",\"name\":\"Estrat\u00e9gia Concursos\",\"description\":\"O blog da Estrat\u00e9gia Concursos traz not\u00edcias sobre concursos e artigos de professores oferecendo cursos para concursos (pdf + videaulas) no site.\",\"publisher\":{\"@id\":\"https:\/\/www.estrategiaconcursos.com.br\/blog\/#organization\"},\"potentialAction\":[{\"@type\":\"SearchAction\",\"target\":{\"@type\":\"EntryPoint\",\"urlTemplate\":\"https:\/\/www.estrategiaconcursos.com.br\/blog\/?s={search_term_string}\"},\"query-input\":{\"@type\":\"PropertyValueSpecification\",\"valueRequired\":true,\"valueName\":\"search_term_string\"}}],\"inLanguage\":\"pt-BR\"},{\"@type\":\"Organization\",\"@id\":\"https:\/\/www.estrategiaconcursos.com.br\/blog\/#organization\",\"name\":\"Estrat\u00e9gia Concursos\",\"url\":\"https:\/\/www.estrategiaconcursos.com.br\/blog\/\",\"logo\":{\"@type\":\"ImageObject\",\"inLanguage\":\"pt-BR\",\"@id\":\"https:\/\/www.estrategiaconcursos.com.br\/blog\/#\/schema\/logo\/image\/\",\"url\":\"https:\/\/dhg1h5j42swfq.cloudfront.net\/2025\/06\/03203428\/logo_concursos-1.jpg\",\"contentUrl\":\"https:\/\/dhg1h5j42swfq.cloudfront.net\/2025\/06\/03203428\/logo_concursos-1.jpg\",\"width\":230,\"height\":60,\"caption\":\"Estrat\u00e9gia Concursos\"},\"image\":{\"@id\":\"https:\/\/www.estrategiaconcursos.com.br\/blog\/#\/schema\/logo\/image\/\"},\"sameAs\":[\"https:\/\/x.com\/EstratConcursos\"]},{\"@type\":\"Person\",\"@id\":\"https:\/\/www.estrategiaconcursos.com.br\/blog\/#\/schema\/person\/c2e2a830152a30b1ebef5de307f66288\",\"name\":\"Gislaine dos Santos Holler\",\"image\":{\"@type\":\"ImageObject\",\"inLanguage\":\"pt-BR\",\"@id\":\"https:\/\/secure.gravatar.com\/avatar\/3201acd8bef125de77611ff9977c7634f44355f2d983396115a45070a69bc57d?s=96&d=mm&r=g\",\"url\":\"https:\/\/secure.gravatar.com\/avatar\/3201acd8bef125de77611ff9977c7634f44355f2d983396115a45070a69bc57d?s=96&d=mm&r=g\",\"contentUrl\":\"https:\/\/secure.gravatar.com\/avatar\/3201acd8bef125de77611ff9977c7634f44355f2d983396115a45070a69bc57d?s=96&d=mm&r=g\",\"caption\":\"Gislaine dos Santos Holler\"},\"url\":\"https:\/\/www.estrategiaconcursos.com.br\/blog\/author\/gislainehollerestrategiaconcursos-com-br\/\"}]}<\/script>\n<!-- \/ Yoast SEO Premium plugin. -->","yoast_head_json":{"title":"Concursos abertos para fisioterapeutas durante a pandemia","description":"Lista atualizada de Concursos com inscri\u00e7\u00f5es abertas, assim como concursos previstos para fisioterapeutas durante a pandemia (COVID-19).","robots":{"index":"index","follow":"follow","max-snippet":"max-snippet:-1","max-image-preview":"max-image-preview:large","max-video-preview":"max-video-preview:-1"},"canonical":"https:\/\/www.estrategiaconcursos.com.br\/blog\/concursos-abertos-para-fisioterapeutas-durante-a-pandemia\/","og_locale":"pt_BR","og_type":"article","og_title":"Concursos abertos para fisioterapeutas durante a pandemia","og_description":"Lista atualizada de Concursos com inscri\u00e7\u00f5es abertas, assim como concursos previstos para fisioterapeutas durante a pandemia (COVID-19).","og_url":"https:\/\/www.estrategiaconcursos.com.br\/blog\/concursos-abertos-para-fisioterapeutas-durante-a-pandemia\/","og_site_name":"Estrat\u00e9gia Concursos","article_published_time":"2020-04-28T11:00:13+00:00","article_modified_time":"2020-05-07T10:50:16+00:00","author":"Gislaine dos Santos Holler","twitter_card":"summary_large_image","twitter_creator":"@EstratConcursos","twitter_site":"@EstratConcursos","twitter_misc":{"Escrito por":"Gislaine dos Santos Holler","Est. tempo de leitura":"3 minutos"},"schema":{"@context":"https:\/\/schema.org","@graph":[{"@type":"NewsArticle","@id":"https:\/\/www.estrategiaconcursos.com.br\/blog\/concursos-abertos-para-fisioterapeutas-durante-a-pandemia\/#article","isPartOf":{"@id":"https:\/\/www.estrategiaconcursos.com.br\/blog\/concursos-abertos-para-fisioterapeutas-durante-a-pandemia\/"},"author":{"name":"Gislaine dos Santos Holler","@id":"https:\/\/www.estrategiaconcursos.com.br\/blog\/#\/schema\/person\/c2e2a830152a30b1ebef5de307f66288"},"headline":"Concursos abertos para fisioterapeutas durante a pandemia","datePublished":"2020-04-28T11:00:13+00:00","dateModified":"2020-05-07T10:50:16+00:00","mainEntityOfPage":{"@id":"https:\/\/www.estrategiaconcursos.com.br\/blog\/concursos-abertos-para-fisioterapeutas-durante-a-pandemia\/"},"wordCount":714,"commentCount":0,"publisher":{"@id":"https:\/\/www.estrategiaconcursos.com.br\/blog\/#organization"},"articleSection":["Sa\u00fade"],"inLanguage":"pt-BR","potentialAction":[{"@type":"CommentAction","name":"Comment","target":["https:\/\/www.estrategiaconcursos.com.br\/blog\/concursos-abertos-para-fisioterapeutas-durante-a-pandemia\/#respond"]}],"copyrightYear":"2020","copyrightHolder":{"@id":"https:\/\/www.estrategiaconcursos.com.br\/blog\/#organization"}},{"@type":"WebPage","@id":"https:\/\/www.estrategiaconcursos.com.br\/blog\/concursos-abertos-para-fisioterapeutas-durante-a-pandemia\/","url":"https:\/\/www.estrategiaconcursos.com.br\/blog\/concursos-abertos-para-fisioterapeutas-durante-a-pandemia\/","name":"Concursos abertos para fisioterapeutas durante a pandemia","isPartOf":{"@id":"https:\/\/www.estrategiaconcursos.com.br\/blog\/#website"},"datePublished":"2020-04-28T11:00:13+00:00","dateModified":"2020-05-07T10:50:16+00:00","description":"Lista atualizada de Concursos com inscri\u00e7\u00f5es abertas, assim como concursos previstos para fisioterapeutas durante a pandemia (COVID-19).","breadcrumb":{"@id":"https:\/\/www.estrategiaconcursos.com.br\/blog\/concursos-abertos-para-fisioterapeutas-durante-a-pandemia\/#breadcrumb"},"inLanguage":"pt-BR","potentialAction":[{"@type":"ReadAction","target":["https:\/\/www.estrategiaconcursos.com.br\/blog\/concursos-abertos-para-fisioterapeutas-durante-a-pandemia\/"]}]},{"@type":"BreadcrumbList","@id":"https:\/\/www.estrategiaconcursos.com.br\/blog\/concursos-abertos-para-fisioterapeutas-durante-a-pandemia\/#breadcrumb","itemListElement":[{"@type":"ListItem","position":1,"name":"In\u00edcio","item":"https:\/\/www.estrategiaconcursos.com.br\/blog\/"},{"@type":"ListItem","position":2,"name":"Concursos abertos para fisioterapeutas durante a pandemia"}]},{"@type":"WebSite","@id":"https:\/\/www.estrategiaconcursos.com.br\/blog\/#website","url":"https:\/\/www.estrategiaconcursos.com.br\/blog\/","name":"Estrat\u00e9gia Concursos","description":"O blog da Estrat\u00e9gia Concursos traz not\u00edcias sobre concursos e artigos de professores oferecendo cursos para concursos (pdf + videaulas) no site.","publisher":{"@id":"https:\/\/www.estrategiaconcursos.com.br\/blog\/#organization"},"potentialAction":[{"@type":"SearchAction","target":{"@type":"EntryPoint","urlTemplate":"https:\/\/www.estrategiaconcursos.com.br\/blog\/?s={search_term_string}"},"query-input":{"@type":"PropertyValueSpecification","valueRequired":true,"valueName":"search_term_string"}}],"inLanguage":"pt-BR"},{"@type":"Organization","@id":"https:\/\/www.estrategiaconcursos.com.br\/blog\/#organization","name":"Estrat\u00e9gia Concursos","url":"https:\/\/www.estrategiaconcursos.com.br\/blog\/","logo":{"@type":"ImageObject","inLanguage":"pt-BR","@id":"https:\/\/www.estrategiaconcursos.com.br\/blog\/#\/schema\/logo\/image\/","url":"https:\/\/dhg1h5j42swfq.cloudfront.net\/2025\/06\/03203428\/logo_concursos-1.jpg","contentUrl":"https:\/\/dhg1h5j42swfq.cloudfront.net\/2025\/06\/03203428\/logo_concursos-1.jpg","width":230,"height":60,"caption":"Estrat\u00e9gia Concursos"},"image":{"@id":"https:\/\/www.estrategiaconcursos.com.br\/blog\/#\/schema\/logo\/image\/"},"sameAs":["https:\/\/x.com\/EstratConcursos"]},{"@type":"Person","@id":"https:\/\/www.estrategiaconcursos.com.br\/blog\/#\/schema\/person\/c2e2a830152a30b1ebef5de307f66288","name":"Gislaine dos Santos Holler","image":{"@type":"ImageObject","inLanguage":"pt-BR","@id":"https:\/\/secure.gravatar.com\/avatar\/3201acd8bef125de77611ff9977c7634f44355f2d983396115a45070a69bc57d?s=96&d=mm&r=g","url":"https:\/\/secure.gravatar.com\/avatar\/3201acd8bef125de77611ff9977c7634f44355f2d983396115a45070a69bc57d?s=96&d=mm&r=g","contentUrl":"https:\/\/secure.gravatar.com\/avatar\/3201acd8bef125de77611ff9977c7634f44355f2d983396115a45070a69bc57d?s=96&d=mm&r=g","caption":"Gislaine dos Santos Holler"},"url":"https:\/\/www.estrategiaconcursos.com.br\/blog\/author\/gislainehollerestrategiaconcursos-com-br\/"}]}},"_links":{"self":[{"href":"https:\/\/www.estrategiaconcursos.com.br\/blog\/wp-json\/wp\/v2\/posts\/507895","targetHints":{"allow":["GET"]}}],"collection":[{"href":"https:\/\/www.estrategiaconcursos.com.br\/blog\/wp-json\/wp\/v2\/posts"}],"about":[{"href":"https:\/\/www.estrategiaconcursos.com.br\/blog\/wp-json\/wp\/v2\/types\/post"}],"author":[{"embeddable":true,"href":"https:\/\/www.estrategiaconcursos.com.br\/blog\/wp-json\/wp\/v2\/users\/225"}],"replies":[{"embeddable":true,"href":"https:\/\/www.estrategiaconcursos.com.br\/blog\/wp-json\/wp\/v2\/comments?post=507895"}],"version-history":[{"count":6,"href":"https:\/\/www.estrategiaconcursos.com.br\/blog\/wp-json\/wp\/v2\/posts\/507895\/revisions"}],"predecessor-version":[{"id":507902,"href":"https:\/\/www.estrategiaconcursos.com.br\/blog\/wp-json\/wp\/v2\/posts\/507895\/revisions\/507902"}],"wp:attachment":[{"href":"https:\/\/www.estrategiaconcursos.com.br\/blog\/wp-json\/wp\/v2\/media?parent=507895"}],"wp:term":[{"taxonomy":"category","embeddable":true,"href":"https:\/\/www.estrategiaconcursos.com.br\/blog\/wp-json\/wp\/v2\/categories?post=507895"},{"taxonomy":"post_tag","embeddable":true,"href":"https:\/\/www.estrategiaconcursos.com.br\/blog\/wp-json\/wp\/v2\/tags?post=507895"},{"taxonomy":"tax_estado","embeddable":true,"href":"https:\/\/www.estrategiaconcursos.com.br\/blog\/wp-json\/wp\/v2\/tax_estado?post=507895"}],"curies":[{"name":"wp","href":"https:\/\/api.w.org\/{rel}","templated":true}]}}