{"id":507820,"date":"2020-04-29T17:54:00","date_gmt":"2020-04-29T20:54:00","guid":{"rendered":"https:\/\/www.estrategiaconcursos.com.br\/blog\/?p=507820"},"modified":"2020-04-27T18:00:31","modified_gmt":"2020-04-27T21:00:31","slug":"aulao-presencial-vespera-pc-pr","status":"publish","type":"post","link":"https:\/\/www.estrategiaconcursos.com.br\/blog\/aulao-presencial-vespera-pc-pr\/","title":{"rendered":"Aul\u00e3o Presencial de V\u00e9spera Delta PC-PR: veja o que te espera! HOJE"},"content":{"rendered":"\n<p>O edital da Pol\u00edcia Civil do Estado do Paran\u00e1 para provimento de <strong>50 vagas<\/strong> <strong>imediatas<\/strong> para a classe inicial do cargo de <strong>Delegado de Pol\u00edcia Civil<\/strong> foi finalmente publicado! <\/p>\n\n\n\n<p>Os candidatos interessados em participar do certame dever\u00e3o acessar o endere\u00e7o eletr\u00f4nico da banca organizadora FUNPAR,, entre os dias <em>04 de maio e 06 de junho<\/em>, preencher o formul\u00e1rio e efetuar pagamento da taxa no valor de R$ 200,00. As provas acontecer\u00e3o no dia <strong>26 de julho de 2020.<\/strong><\/p>\n\n\n\n<p>Para a investidura no cargo, \u00e9 necess\u00e1rio que o candidato possua, na data da posse, a <strong>idade m\u00ednima de&nbsp;21 anos<\/strong>, diploma de <strong>Bacharel em Direito<\/strong> e <strong>Carteira Nacional de Habilita\u00e7\u00e3o (CNH) na categoria &#8220;B&#8221;<\/strong>, no m\u00ednimo.<\/p>\n\n\n\n<p>Para te ajudar com essa prova t\u00e3o aguardada, faremos um <strong><em>Aul\u00e3o presencial de V\u00e9spera<\/em><\/strong> no dia <strong>25 de julho<\/strong> em Curitiba, cujos ingressos, ainda em <strong>lote promocional <\/strong>at\u00e9 o dia 1.\u00ba de maio, j\u00e1 est\u00e3o \u00e0 venda, no valor de <strong>R$ 59,00<\/strong>.<\/p>\n\n\n\n<p class=\"has-background has-very-light-gray-background-color\"><strong><em>As vagas s\u00e3o&nbsp;LIMITADAS! N\u00e3o deixe de garantir seu lugar na nossa revis\u00e3o de v\u00e9spera.<\/em><\/strong><\/p>\n\n\n\n<h2 class=\"wp-block-heading\">Alunos t\u00eam desconto no Aul\u00e3o Presencial PC PR <\/h2>\n\n\n\n<p>Voc\u00ea que \u00e9 Assinante do pacote&nbsp;completo&nbsp;para Delegado da PC-PR ter\u00e1&nbsp;<strong>um desconto especial de 50% no valor do ingresso<\/strong>. Assim que voc\u00ea efetuar a compra do passaporte para o evento,&nbsp;o desconto ser\u00e1 abatido no ato da inscri\u00e7\u00e3o. Corra e garanta j\u00e1 a sua participa\u00e7\u00e3o neste grande evento, pois as&nbsp;<strong>vagas s\u00e3o limitadas!<\/strong><\/p>\n\n\n\n<p><em>Quem n\u00e3o \u00e9 assinante, pode participar?<\/em><\/p>\n\n\n\n<p><em>SIM!! \u00c9 claro! Voc\u00ea ser\u00e1 bem-vindo! Se voc\u00ea n\u00e3o \u00e9 nosso assinante, nem mesmo \u00e9 aluno do Estrat\u00e9gia Concursos, vai poder participar do evento e conhecer nossa equipe de professores de perto. \u00c9 s\u00f3 adquirir o ingresso em nosso site. Os valores podem ser pagos \u00e0 vista ou em at\u00e9 12x no cart\u00e3o.<\/em><\/p>\n\n\n\n<h2 class=\"wp-block-heading\">Dia 25\/07\/2020 \u2013 Aul\u00e3o Presencial PC PR <\/h2>\n\n\n\n<h3 class=\"wp-block-heading\">Lotes<\/h3>\n\n\n\n<ul class=\"wp-block-list\"><li><em><strong>Pre\u00e7o promocional de 1.\u00ba lote: R$ 59,00<\/strong><\/em><\/li><li><em>Ap\u00f3s o dia 01\/05 &#8211; 2.\u00ba lote:&nbsp;R$ 79,00&nbsp;<\/em><\/li><li><em>Ap\u00f3s o dia 01\/06 &#8211;&nbsp;3.\u00ba lote:&nbsp;R$ 99,00&nbsp;<\/em><\/li><\/ul>\n\n\n\n<p style=\"background-color:#c3ff00;font-size:23px\" class=\"has-background has-text-align-center\"> <a rel=\"noreferrer noopener\" href=\"https:\/\/www.estrategiaconcursos.com.br\/curso\/aulao-presencial-de-vespera-para-pc-pr-delegado-25-07-2020\/\" target=\"_blank\"><strong><em>Garanta seu ingresso<\/em><\/strong> &#8211; <em><strong>Aul\u00e3o PC PR<\/strong><\/em><\/a><\/p>\n\n\n\n<p>E o que voc\u00ea deve esperar desse dia completo de revis\u00e3o na v\u00e9spera da prova? Qual ser\u00e1 a programa\u00e7\u00e3o? Para esclarecer essas d\u00favidas e obter mais informa\u00e7\u00f5es, n\u00e3o perca o evento desta<em><strong> quarta-feira, 29 de abril, a partir das 19 horas no canal do Estrat\u00e9gia Carreira Jur\u00eddica no Youtube<\/strong><\/em>: <\/p>\n\n\n<figure class=\"wp-block-embed-youtube wp-block-embed is-type-video is-provider-youtube wp-embed-aspect-16-9 wp-has-aspect-ratio\"><div class=\"lyte-wrapper\" style=\"width:853px;max-width:100%;margin:5px;\"><div class=\"lyMe\" id=\"WYL_UqyW8BPv2nQ\"><div id=\"lyte_UqyW8BPv2nQ\" data-src=\"\/\/i.ytimg.com\/vi\/UqyW8BPv2nQ\/hqdefault.jpg\" class=\"pL\"><div class=\"tC\"><div class=\"tT\"><\/div><\/div><div class=\"play\"><\/div><div class=\"ctrl\"><div class=\"Lctrl\"><\/div><div class=\"Rctrl\"><\/div><\/div><\/div><noscript><a href=\"https:\/\/youtu.be\/UqyW8BPv2nQ\" rel=\"nofollow\"><img loading=\"lazy\" decoding=\"async\" src=\"https:\/\/i.ytimg.com\/vi\/UqyW8BPv2nQ\/0.jpg\" alt=\"YouTube video thumbnail\" width=\"853\" height=\"460\" \/><br \/>Assista a este v\u00eddeo no YouTube<\/a><\/noscript><\/div><\/div><div class=\"lL\" style=\"max-width:100%;width:853px;margin:5px;\"><\/div><figcaption><\/figcaption><\/figure>\n\n\n<h2 class=\"has-text-align-center wp-block-heading\" id=\"cursos\">Prepare-se para o concurso Delegado PR<\/h2>\n\n\n\n<p style=\"font-size:25px\" class=\"has-background has-text-align-center has-luminous-vivid-amber-background-color\"><a rel=\"noreferrer noopener\" aria-label=\"CURSO DELEGADO PR (abre numa nova aba)\" href=\"https:\/\/www.estrategiaconcursos.com.br\/cursosPorConcurso\/pc-pr-policia-civil-do-parana-delegado\/\" target=\"_blank\">CURSO DELEGADO PR<\/a><\/p>\n\n\n\n<p class=\"has-text-align-center\"><strong><em>Fique por dentro dos concursos vigentes:<\/em><\/strong><\/p>\n\n\n\n<p style=\"font-size:23px\" class=\"has-background has-text-align-center has-pale-cyan-blue-background-color\"><strong><a href=\"https:\/\/www.estrategiaconcursos.com.br\/blog\/concursos-abertos\/\" target=\"_blank\" rel=\"noreferrer noopener\">CONCURSOS ABERTOS<\/a><\/strong><\/p>\n\n\n\n<p style=\"font-size:23px\" class=\"has-background has-text-align-center has-pale-cyan-blue-background-color\"><strong><a href=\"https:\/\/www.estrategiaconcursos.com.br\/blog\/concursos-2020\/\" target=\"_blank\" rel=\"noreferrer noopener\">CONCURSOS&nbsp;2020<\/a><\/strong><\/p>\n\n\n\n<p style=\"font-size:23px\" class=\"has-background has-text-align-center has-pale-cyan-blue-background-color\"><strong><a href=\"https:\/\/www.estrategiaconcursos.com.br\/blog\/concursos-de-direito\/\" target=\"_blank\" rel=\"noreferrer noopener\" aria-label=\"CONCURSOS&nbsp;DE DIREITO (abre numa nova aba)\">CONCURSOS&nbsp;DE DIREITO<\/a><\/strong><\/p>\n","protected":false},"excerpt":{"rendered":"<p>O edital da Pol\u00edcia Civil do Estado do Paran\u00e1 para provimento de 50 vagas imediatas para a classe inicial do cargo de Delegado de Pol\u00edcia Civil foi finalmente publicado! Os candidatos interessados em participar do certame dever\u00e3o acessar o endere\u00e7o eletr\u00f4nico da banca organizadora FUNPAR,, entre os dias 04 de maio e 06 de junho, [&hellip;]<\/p>\n","protected":false},"author":492,"featured_media":154419,"comment_status":"open","ping_status":"closed","sticky":false,"template":"","format":"standard","meta":{"post_tipo":"article","footnotes":""},"categories":[1,2185],"tags":[],"tax_estado":[],"class_list":["post-507820","post","type-post","status-publish","format-standard","has-post-thumbnail","hentry","category-cursos-e-concursos","category-carreiras-juridicas"],"acf":[],"yoast_head":"<!-- This site is optimized with the Yoast SEO Premium plugin v27.2 (Yoast SEO v27.2) - https:\/\/yoast.com\/product\/yoast-seo-premium-wordpress\/ -->\n<title>Aul\u00e3o Presencial de V\u00e9spera Delta PC-PR: veja o que te espera! HOJE<\/title>\n<meta name=\"robots\" content=\"index, follow, max-snippet:-1, max-image-preview:large, max-video-preview:-1\" \/>\n<link rel=\"canonical\" href=\"https:\/\/www.estrategiaconcursos.com.br\/blog\/aulao-presencial-vespera-pc-pr\/\" \/>\n<meta property=\"og:locale\" content=\"pt_BR\" \/>\n<meta property=\"og:type\" content=\"article\" \/>\n<meta property=\"og:title\" content=\"Aul\u00e3o Presencial de V\u00e9spera Delta PC-PR: veja o que te espera! HOJE\" \/>\n<meta property=\"og:description\" content=\"O edital da Pol\u00edcia Civil do Estado do Paran\u00e1 para provimento de 50 vagas imediatas para a classe inicial do cargo de Delegado de Pol\u00edcia Civil foi finalmente publicado! Os candidatos interessados em participar do certame dever\u00e3o acessar o endere\u00e7o eletr\u00f4nico da banca organizadora FUNPAR,, entre os dias 04 de maio e 06 de junho, [&hellip;]\" \/>\n<meta property=\"og:url\" content=\"https:\/\/www.estrategiaconcursos.com.br\/blog\/aulao-presencial-vespera-pc-pr\/\" \/>\n<meta property=\"og:site_name\" content=\"Estrat\u00e9gia Concursos\" \/>\n<meta property=\"article:published_time\" content=\"2020-04-29T20:54:00+00:00\" \/>\n<meta property=\"og:image\" content=\"https:\/\/dhg1h5j42swfq.cloudfront.net\/2018\/12\/05075755\/DELEGADO-PR.jpg\" \/>\n\t<meta property=\"og:image:width\" content=\"1200\" \/>\n\t<meta property=\"og:image:height\" content=\"628\" \/>\n\t<meta property=\"og:image:type\" content=\"image\/jpeg\" \/>\n<meta name=\"author\" content=\"Nelma Fontana\" \/>\n<meta name=\"twitter:card\" content=\"summary_large_image\" \/>\n<meta name=\"twitter:creator\" content=\"@EstratConcursos\" \/>\n<meta name=\"twitter:site\" content=\"@EstratConcursos\" \/>\n<meta name=\"twitter:label1\" content=\"Escrito por\" \/>\n\t<meta name=\"twitter:data1\" content=\"Nelma Fontana\" \/>\n\t<meta name=\"twitter:label2\" content=\"Est. tempo de leitura\" \/>\n\t<meta name=\"twitter:data2\" content=\"2 minutos\" \/>\n<script type=\"application\/ld+json\" class=\"yoast-schema-graph\">{\"@context\":\"https:\/\/schema.org\",\"@graph\":[{\"@type\":\"NewsArticle\",\"@id\":\"https:\/\/www.estrategiaconcursos.com.br\/blog\/aulao-presencial-vespera-pc-pr\/#article\",\"isPartOf\":{\"@id\":\"https:\/\/www.estrategiaconcursos.com.br\/blog\/aulao-presencial-vespera-pc-pr\/\"},\"author\":{\"name\":\"Nelma Fontana\",\"@id\":\"https:\/\/www.estrategiaconcursos.com.br\/blog\/#\/schema\/person\/09924ae9dae935885ef15db075a3be15\"},\"headline\":\"Aul\u00e3o Presencial de V\u00e9spera Delta PC-PR: veja o que te espera! HOJE\",\"datePublished\":\"2020-04-29T20:54:00+00:00\",\"mainEntityOfPage\":{\"@id\":\"https:\/\/www.estrategiaconcursos.com.br\/blog\/aulao-presencial-vespera-pc-pr\/\"},\"wordCount\":450,\"commentCount\":0,\"publisher\":{\"@id\":\"https:\/\/www.estrategiaconcursos.com.br\/blog\/#organization\"},\"image\":{\"@id\":\"https:\/\/www.estrategiaconcursos.com.br\/blog\/aulao-presencial-vespera-pc-pr\/#primaryimage\"},\"thumbnailUrl\":\"https:\/\/dhg1h5j42swfq.cloudfront.net\/2018\/12\/05075755\/DELEGADO-PR.jpg\",\"articleSection\":[\"Concursos P\u00fablicos\",\"Jur\u00eddico\"],\"inLanguage\":\"pt-BR\",\"potentialAction\":[{\"@type\":\"CommentAction\",\"name\":\"Comment\",\"target\":[\"https:\/\/www.estrategiaconcursos.com.br\/blog\/aulao-presencial-vespera-pc-pr\/#respond\"]}],\"copyrightYear\":\"2020\",\"copyrightHolder\":{\"@id\":\"https:\/\/www.estrategiaconcursos.com.br\/blog\/#organization\"}},{\"@type\":\"WebPage\",\"@id\":\"https:\/\/www.estrategiaconcursos.com.br\/blog\/aulao-presencial-vespera-pc-pr\/\",\"url\":\"https:\/\/www.estrategiaconcursos.com.br\/blog\/aulao-presencial-vespera-pc-pr\/\",\"name\":\"Aul\u00e3o Presencial de V\u00e9spera Delta PC-PR: veja o que te espera! HOJE\",\"isPartOf\":{\"@id\":\"https:\/\/www.estrategiaconcursos.com.br\/blog\/#website\"},\"primaryImageOfPage\":{\"@id\":\"https:\/\/www.estrategiaconcursos.com.br\/blog\/aulao-presencial-vespera-pc-pr\/#primaryimage\"},\"image\":{\"@id\":\"https:\/\/www.estrategiaconcursos.com.br\/blog\/aulao-presencial-vespera-pc-pr\/#primaryimage\"},\"thumbnailUrl\":\"https:\/\/dhg1h5j42swfq.cloudfront.net\/2018\/12\/05075755\/DELEGADO-PR.jpg\",\"datePublished\":\"2020-04-29T20:54:00+00:00\",\"breadcrumb\":{\"@id\":\"https:\/\/www.estrategiaconcursos.com.br\/blog\/aulao-presencial-vespera-pc-pr\/#breadcrumb\"},\"inLanguage\":\"pt-BR\",\"potentialAction\":[{\"@type\":\"ReadAction\",\"target\":[\"https:\/\/www.estrategiaconcursos.com.br\/blog\/aulao-presencial-vespera-pc-pr\/\"]}]},{\"@type\":\"ImageObject\",\"inLanguage\":\"pt-BR\",\"@id\":\"https:\/\/www.estrategiaconcursos.com.br\/blog\/aulao-presencial-vespera-pc-pr\/#primaryimage\",\"url\":\"https:\/\/dhg1h5j42swfq.cloudfront.net\/2018\/12\/05075755\/DELEGADO-PR.jpg\",\"contentUrl\":\"https:\/\/dhg1h5j42swfq.cloudfront.net\/2018\/12\/05075755\/DELEGADO-PR.jpg\",\"width\":1200,\"height\":628,\"caption\":\"concurso delegado pr\"},{\"@type\":\"BreadcrumbList\",\"@id\":\"https:\/\/www.estrategiaconcursos.com.br\/blog\/aulao-presencial-vespera-pc-pr\/#breadcrumb\",\"itemListElement\":[{\"@type\":\"ListItem\",\"position\":1,\"name\":\"In\u00edcio\",\"item\":\"https:\/\/www.estrategiaconcursos.com.br\/blog\/\"},{\"@type\":\"ListItem\",\"position\":2,\"name\":\"Aul\u00e3o Presencial de V\u00e9spera Delta PC-PR: veja o que te espera! HOJE\"}]},{\"@type\":\"WebSite\",\"@id\":\"https:\/\/www.estrategiaconcursos.com.br\/blog\/#website\",\"url\":\"https:\/\/www.estrategiaconcursos.com.br\/blog\/\",\"name\":\"Estrat\u00e9gia Concursos\",\"description\":\"O blog da Estrat\u00e9gia Concursos traz not\u00edcias sobre concursos e artigos de professores oferecendo cursos para concursos (pdf + videaulas) no site.\",\"publisher\":{\"@id\":\"https:\/\/www.estrategiaconcursos.com.br\/blog\/#organization\"},\"potentialAction\":[{\"@type\":\"SearchAction\",\"target\":{\"@type\":\"EntryPoint\",\"urlTemplate\":\"https:\/\/www.estrategiaconcursos.com.br\/blog\/?s={search_term_string}\"},\"query-input\":{\"@type\":\"PropertyValueSpecification\",\"valueRequired\":true,\"valueName\":\"search_term_string\"}}],\"inLanguage\":\"pt-BR\"},{\"@type\":\"Organization\",\"@id\":\"https:\/\/www.estrategiaconcursos.com.br\/blog\/#organization\",\"name\":\"Estrat\u00e9gia Concursos\",\"url\":\"https:\/\/www.estrategiaconcursos.com.br\/blog\/\",\"logo\":{\"@type\":\"ImageObject\",\"inLanguage\":\"pt-BR\",\"@id\":\"https:\/\/www.estrategiaconcursos.com.br\/blog\/#\/schema\/logo\/image\/\",\"url\":\"https:\/\/dhg1h5j42swfq.cloudfront.net\/2025\/06\/03203428\/logo_concursos-1.jpg\",\"contentUrl\":\"https:\/\/dhg1h5j42swfq.cloudfront.net\/2025\/06\/03203428\/logo_concursos-1.jpg\",\"width\":230,\"height\":60,\"caption\":\"Estrat\u00e9gia Concursos\"},\"image\":{\"@id\":\"https:\/\/www.estrategiaconcursos.com.br\/blog\/#\/schema\/logo\/image\/\"},\"sameAs\":[\"https:\/\/x.com\/EstratConcursos\"]},{\"@type\":\"Person\",\"@id\":\"https:\/\/www.estrategiaconcursos.com.br\/blog\/#\/schema\/person\/09924ae9dae935885ef15db075a3be15\",\"name\":\"Nelma Fontana\",\"image\":{\"@type\":\"ImageObject\",\"inLanguage\":\"pt-BR\",\"@id\":\"https:\/\/secure.gravatar.com\/avatar\/a2b4071a40b0ae857a4dfe2308130289bde3d65cc7674fb758d21a8b645071e5?s=96&d=mm&r=g\",\"url\":\"https:\/\/secure.gravatar.com\/avatar\/a2b4071a40b0ae857a4dfe2308130289bde3d65cc7674fb758d21a8b645071e5?s=96&d=mm&r=g\",\"contentUrl\":\"https:\/\/secure.gravatar.com\/avatar\/a2b4071a40b0ae857a4dfe2308130289bde3d65cc7674fb758d21a8b645071e5?s=96&d=mm&r=g\",\"caption\":\"Nelma Fontana\"},\"url\":\"https:\/\/www.estrategiaconcursos.com.br\/blog\/author\/fontananelmagmail-com\/\"}]}<\/script>\n<!-- \/ Yoast SEO Premium plugin. -->","yoast_head_json":{"title":"Aul\u00e3o Presencial de V\u00e9spera Delta PC-PR: veja o que te espera! HOJE","robots":{"index":"index","follow":"follow","max-snippet":"max-snippet:-1","max-image-preview":"max-image-preview:large","max-video-preview":"max-video-preview:-1"},"canonical":"https:\/\/www.estrategiaconcursos.com.br\/blog\/aulao-presencial-vespera-pc-pr\/","og_locale":"pt_BR","og_type":"article","og_title":"Aul\u00e3o Presencial de V\u00e9spera Delta PC-PR: veja o que te espera! HOJE","og_description":"O edital da Pol\u00edcia Civil do Estado do Paran\u00e1 para provimento de 50 vagas imediatas para a classe inicial do cargo de Delegado de Pol\u00edcia Civil foi finalmente publicado! Os candidatos interessados em participar do certame dever\u00e3o acessar o endere\u00e7o eletr\u00f4nico da banca organizadora FUNPAR,, entre os dias 04 de maio e 06 de junho, [&hellip;]","og_url":"https:\/\/www.estrategiaconcursos.com.br\/blog\/aulao-presencial-vespera-pc-pr\/","og_site_name":"Estrat\u00e9gia Concursos","article_published_time":"2020-04-29T20:54:00+00:00","og_image":[{"width":1200,"height":628,"url":"https:\/\/dhg1h5j42swfq.cloudfront.net\/2018\/12\/05075755\/DELEGADO-PR.jpg","type":"image\/jpeg"}],"author":"Nelma Fontana","twitter_card":"summary_large_image","twitter_creator":"@EstratConcursos","twitter_site":"@EstratConcursos","twitter_misc":{"Escrito por":"Nelma Fontana","Est. tempo de leitura":"2 minutos"},"schema":{"@context":"https:\/\/schema.org","@graph":[{"@type":"NewsArticle","@id":"https:\/\/www.estrategiaconcursos.com.br\/blog\/aulao-presencial-vespera-pc-pr\/#article","isPartOf":{"@id":"https:\/\/www.estrategiaconcursos.com.br\/blog\/aulao-presencial-vespera-pc-pr\/"},"author":{"name":"Nelma Fontana","@id":"https:\/\/www.estrategiaconcursos.com.br\/blog\/#\/schema\/person\/09924ae9dae935885ef15db075a3be15"},"headline":"Aul\u00e3o Presencial de V\u00e9spera Delta PC-PR: veja o que te espera! HOJE","datePublished":"2020-04-29T20:54:00+00:00","mainEntityOfPage":{"@id":"https:\/\/www.estrategiaconcursos.com.br\/blog\/aulao-presencial-vespera-pc-pr\/"},"wordCount":450,"commentCount":0,"publisher":{"@id":"https:\/\/www.estrategiaconcursos.com.br\/blog\/#organization"},"image":{"@id":"https:\/\/www.estrategiaconcursos.com.br\/blog\/aulao-presencial-vespera-pc-pr\/#primaryimage"},"thumbnailUrl":"https:\/\/dhg1h5j42swfq.cloudfront.net\/2018\/12\/05075755\/DELEGADO-PR.jpg","articleSection":["Concursos P\u00fablicos","Jur\u00eddico"],"inLanguage":"pt-BR","potentialAction":[{"@type":"CommentAction","name":"Comment","target":["https:\/\/www.estrategiaconcursos.com.br\/blog\/aulao-presencial-vespera-pc-pr\/#respond"]}],"copyrightYear":"2020","copyrightHolder":{"@id":"https:\/\/www.estrategiaconcursos.com.br\/blog\/#organization"}},{"@type":"WebPage","@id":"https:\/\/www.estrategiaconcursos.com.br\/blog\/aulao-presencial-vespera-pc-pr\/","url":"https:\/\/www.estrategiaconcursos.com.br\/blog\/aulao-presencial-vespera-pc-pr\/","name":"Aul\u00e3o Presencial de V\u00e9spera Delta PC-PR: veja o que te espera! HOJE","isPartOf":{"@id":"https:\/\/www.estrategiaconcursos.com.br\/blog\/#website"},"primaryImageOfPage":{"@id":"https:\/\/www.estrategiaconcursos.com.br\/blog\/aulao-presencial-vespera-pc-pr\/#primaryimage"},"image":{"@id":"https:\/\/www.estrategiaconcursos.com.br\/blog\/aulao-presencial-vespera-pc-pr\/#primaryimage"},"thumbnailUrl":"https:\/\/dhg1h5j42swfq.cloudfront.net\/2018\/12\/05075755\/DELEGADO-PR.jpg","datePublished":"2020-04-29T20:54:00+00:00","breadcrumb":{"@id":"https:\/\/www.estrategiaconcursos.com.br\/blog\/aulao-presencial-vespera-pc-pr\/#breadcrumb"},"inLanguage":"pt-BR","potentialAction":[{"@type":"ReadAction","target":["https:\/\/www.estrategiaconcursos.com.br\/blog\/aulao-presencial-vespera-pc-pr\/"]}]},{"@type":"ImageObject","inLanguage":"pt-BR","@id":"https:\/\/www.estrategiaconcursos.com.br\/blog\/aulao-presencial-vespera-pc-pr\/#primaryimage","url":"https:\/\/dhg1h5j42swfq.cloudfront.net\/2018\/12\/05075755\/DELEGADO-PR.jpg","contentUrl":"https:\/\/dhg1h5j42swfq.cloudfront.net\/2018\/12\/05075755\/DELEGADO-PR.jpg","width":1200,"height":628,"caption":"concurso delegado pr"},{"@type":"BreadcrumbList","@id":"https:\/\/www.estrategiaconcursos.com.br\/blog\/aulao-presencial-vespera-pc-pr\/#breadcrumb","itemListElement":[{"@type":"ListItem","position":1,"name":"In\u00edcio","item":"https:\/\/www.estrategiaconcursos.com.br\/blog\/"},{"@type":"ListItem","position":2,"name":"Aul\u00e3o Presencial de V\u00e9spera Delta PC-PR: veja o que te espera! HOJE"}]},{"@type":"WebSite","@id":"https:\/\/www.estrategiaconcursos.com.br\/blog\/#website","url":"https:\/\/www.estrategiaconcursos.com.br\/blog\/","name":"Estrat\u00e9gia Concursos","description":"O blog da Estrat\u00e9gia Concursos traz not\u00edcias sobre concursos e artigos de professores oferecendo cursos para concursos (pdf + videaulas) no site.","publisher":{"@id":"https:\/\/www.estrategiaconcursos.com.br\/blog\/#organization"},"potentialAction":[{"@type":"SearchAction","target":{"@type":"EntryPoint","urlTemplate":"https:\/\/www.estrategiaconcursos.com.br\/blog\/?s={search_term_string}"},"query-input":{"@type":"PropertyValueSpecification","valueRequired":true,"valueName":"search_term_string"}}],"inLanguage":"pt-BR"},{"@type":"Organization","@id":"https:\/\/www.estrategiaconcursos.com.br\/blog\/#organization","name":"Estrat\u00e9gia Concursos","url":"https:\/\/www.estrategiaconcursos.com.br\/blog\/","logo":{"@type":"ImageObject","inLanguage":"pt-BR","@id":"https:\/\/www.estrategiaconcursos.com.br\/blog\/#\/schema\/logo\/image\/","url":"https:\/\/dhg1h5j42swfq.cloudfront.net\/2025\/06\/03203428\/logo_concursos-1.jpg","contentUrl":"https:\/\/dhg1h5j42swfq.cloudfront.net\/2025\/06\/03203428\/logo_concursos-1.jpg","width":230,"height":60,"caption":"Estrat\u00e9gia Concursos"},"image":{"@id":"https:\/\/www.estrategiaconcursos.com.br\/blog\/#\/schema\/logo\/image\/"},"sameAs":["https:\/\/x.com\/EstratConcursos"]},{"@type":"Person","@id":"https:\/\/www.estrategiaconcursos.com.br\/blog\/#\/schema\/person\/09924ae9dae935885ef15db075a3be15","name":"Nelma Fontana","image":{"@type":"ImageObject","inLanguage":"pt-BR","@id":"https:\/\/secure.gravatar.com\/avatar\/a2b4071a40b0ae857a4dfe2308130289bde3d65cc7674fb758d21a8b645071e5?s=96&d=mm&r=g","url":"https:\/\/secure.gravatar.com\/avatar\/a2b4071a40b0ae857a4dfe2308130289bde3d65cc7674fb758d21a8b645071e5?s=96&d=mm&r=g","contentUrl":"https:\/\/secure.gravatar.com\/avatar\/a2b4071a40b0ae857a4dfe2308130289bde3d65cc7674fb758d21a8b645071e5?s=96&d=mm&r=g","caption":"Nelma Fontana"},"url":"https:\/\/www.estrategiaconcursos.com.br\/blog\/author\/fontananelmagmail-com\/"}]}},"_links":{"self":[{"href":"https:\/\/www.estrategiaconcursos.com.br\/blog\/wp-json\/wp\/v2\/posts\/507820","targetHints":{"allow":["GET"]}}],"collection":[{"href":"https:\/\/www.estrategiaconcursos.com.br\/blog\/wp-json\/wp\/v2\/posts"}],"about":[{"href":"https:\/\/www.estrategiaconcursos.com.br\/blog\/wp-json\/wp\/v2\/types\/post"}],"author":[{"embeddable":true,"href":"https:\/\/www.estrategiaconcursos.com.br\/blog\/wp-json\/wp\/v2\/users\/492"}],"replies":[{"embeddable":true,"href":"https:\/\/www.estrategiaconcursos.com.br\/blog\/wp-json\/wp\/v2\/comments?post=507820"}],"version-history":[{"count":7,"href":"https:\/\/www.estrategiaconcursos.com.br\/blog\/wp-json\/wp\/v2\/posts\/507820\/revisions"}],"predecessor-version":[{"id":507833,"href":"https:\/\/www.estrategiaconcursos.com.br\/blog\/wp-json\/wp\/v2\/posts\/507820\/revisions\/507833"}],"wp:featuredmedia":[{"embeddable":true,"href":"https:\/\/www.estrategiaconcursos.com.br\/blog\/wp-json\/wp\/v2\/media\/154419"}],"wp:attachment":[{"href":"https:\/\/www.estrategiaconcursos.com.br\/blog\/wp-json\/wp\/v2\/media?parent=507820"}],"wp:term":[{"taxonomy":"category","embeddable":true,"href":"https:\/\/www.estrategiaconcursos.com.br\/blog\/wp-json\/wp\/v2\/categories?post=507820"},{"taxonomy":"post_tag","embeddable":true,"href":"https:\/\/www.estrategiaconcursos.com.br\/blog\/wp-json\/wp\/v2\/tags?post=507820"},{"taxonomy":"tax_estado","embeddable":true,"href":"https:\/\/www.estrategiaconcursos.com.br\/blog\/wp-json\/wp\/v2\/tax_estado?post=507820"}],"curies":[{"name":"wp","href":"https:\/\/api.w.org\/{rel}","templated":true}]}}