{"id":507441,"date":"2020-04-28T20:09:10","date_gmt":"2020-04-28T23:09:10","guid":{"rendered":"https:\/\/www.estrategiaconcursos.com.br\/blog\/?p=507441"},"modified":"2020-04-28T20:36:49","modified_gmt":"2020-04-28T23:36:49","slug":"emprestimo-compulsorio-decorrente-de-calamidade-publica","status":"publish","type":"post","link":"https:\/\/www.estrategiaconcursos.com.br\/blog\/emprestimo-compulsorio-decorrente-de-calamidade-publica\/","title":{"rendered":"Empr\u00e9stimo Compuls\u00f3rio decorrente de calamidade p\u00fablica"},"content":{"rendered":"\n<p>Ol\u00e1, meus amigos. No artigo de hoje vamos abordar o tema do Empr\u00e9stimo Compuls\u00f3rio decorrente de calamidade p\u00fablica e entender os pressupostos para instaura\u00e7\u00e3o deste que pode vir a ser um tributo in\u00e9dito em face da Constitui\u00e7\u00e3o Federal (CF) de 1988.<\/p>\n\n\n\n<h2 class=\"wp-block-heading\">Empr\u00e9stimo Compuls\u00f3rio decorrente de calamidade p\u00fablica em face da CF 88<\/h2>\n\n\n\n<p><em>Art. 148. A <strong>Uni\u00e3o<\/strong>, mediante lei complementar, poder\u00e1 instituir <strong>Empr\u00e9stimos Compuls\u00f3rios<\/strong>:<\/em><\/p>\n\n\n\n<p><em>I &#8211; <strong>para atender a despesas extraordin\u00e1rias<\/strong>, <strong>decorrentes de calamidade p\u00fablica<\/strong>, de guerra externa ou sua imin\u00eancia;<\/em><\/p>\n\n\n\n<p><em>II &#8211; no caso de investimento p\u00fablico de car\u00e1ter urgente e de relevante interesse nacional, observado o disposto no art. 150, III, &#8220;b&#8221;.<\/em><\/p>\n\n\n\n<p>Perceba ent\u00e3o que, dentre as possibilidades que permitem a instaura\u00e7\u00e3o desse tributo, analisaremos a primeira parte do inciso I, isto \u00e9, despesas extraordin\u00e1rias decorrentes de calamidade p\u00fablica (a n\u00edvel nacional).<\/p>\n\n\n\n<p>Ent\u00e3o, sempre que nesse artigo for citado \u201cEmpr\u00e9stimo Compuls\u00f3rio\u201d, estaremos tratando do Empr\u00e9stimo destinado a origem de recursos para atender a despesas extraordin\u00e1rias decorrentes de calamidade p\u00fablica.<\/p>\n\n\n\n<p>Com a prolifera\u00e7\u00e3o do Covid-19, o Congresso Nacional aprovou em 20 de Mar\u00e7o de 2020 o&nbsp;pedido de reconhecimento de calamidade p\u00fablica enviado pelo Governo Federal, previsto para durar at\u00e9 31 de Dezembro (DL N\u00ba6). O reconhecimento deste permite&nbsp;que o Executivo gaste mais do que o previsto e desobede\u00e7a \u00e0s metas fiscais para custear a\u00e7\u00f5es de combate \u00e0 pandemia, al\u00e9m de estabelecer uma <strong>permiss\u00e3o f\u00e1tica para a instaura\u00e7\u00e3o de um tributo in\u00e9dito nos termos da Constitui\u00e7\u00e3o Federal de 1988, o Empr\u00e9stimo Compuls\u00f3rio.<\/strong><\/p>\n\n\n\n<figure class=\"wp-block-image size-large\"><img loading=\"lazy\" decoding=\"async\" width=\"1024\" height=\"342\" src=\"https:\/\/dhg1h5j42swfq.cloudfront.net\/2020\/04\/28195806\/CN-1024x342.jpg\" alt=\"Empr\u00e9stimo Compuls\u00f3rio decorrente de calamidade p\u00fablica e o Congresso Nacional\" class=\"wp-image-508396\" srcset=\"https:\/\/dhg1h5j42swfq.cloudfront.net\/2020\/04\/28195806\/CN-1024x342.jpg 1024w, https:\/\/dhg1h5j42swfq.cloudfront.net\/2020\/04\/28195806\/CN-300x100.jpg 300w, https:\/\/dhg1h5j42swfq.cloudfront.net\/2020\/04\/28195806\/CN-768x257.jpg 768w, https:\/\/dhg1h5j42swfq.cloudfront.net\/2020\/04\/28195806\/CN-1536x513.jpg 1536w, https:\/\/dhg1h5j42swfq.cloudfront.net\/2020\/04\/28195806\/CN-610x204.jpg 610w, https:\/\/dhg1h5j42swfq.cloudfront.net\/2020\/04\/28195806\/CN.jpg 2048w\" sizes=\"auto, (max-width: 1024px) 100vw, 1024px\" \/><figcaption>Congresso Nacional &#8211; Bras\u00edlia<\/figcaption><\/figure>\n\n\n\n<p>Nas palavras do Governo, o reconhecimento do estado de calamidade p\u00fablica \u00e9 necess\u00e1rio &#8220;em virtude do monitoramento permanente da pandemia Covid-19, da necessidade de eleva\u00e7\u00e3o dos gastos p\u00fablicos para proteger a sa\u00fade e os empregos dos brasileiros e da perspectiva de queda de arrecada\u00e7\u00e3o&#8221;.<\/p>\n\n\n\n<p>Como dito, este tributo visa a atender as despesas extraordin\u00e1rias decorrentes da calamidade p\u00fablica. Extraordin\u00e1rias s\u00e3o as despesas que objetivam satisfazer necessidades p\u00fablicas acidentais, realizadas em situa\u00e7\u00f5es imprevis\u00edveis, o que demanda, em contrapartida, uma receita extraordin\u00e1ria. Ent\u00e3o, como vivemos em uma crise fiscal, mesmo antes da pandemia, os recursos ordin\u00e1rios certamente ficar\u00e3o escassos e, assim, possibilitaria a institui\u00e7\u00e3o do Empr\u00e9stimo Compuls\u00f3rio.<\/p>\n\n\n\n<h2 class=\"wp-block-heading\">Esp\u00e9cie Normativa apta a instituir o Empr\u00e9stimo Compuls\u00f3rio<\/h2>\n\n\n\n<p>O artigo 148 da CF determina que o Empr\u00e9stimo Compuls\u00f3rio decorrente de calamidade p\u00fablica seja institu\u00eddo mediante <strong>lei complementar<\/strong> e esta, segundo o artigo 69 da Magna Carta, depende de maioria absoluta para sua aprova\u00e7\u00e3o. Vejamos:<\/p>\n\n\n\n<p><em>&nbsp;Art. 69. As leis complementares ser\u00e3o aprovadas por maioria absoluta.<\/em><\/p>\n\n\n\n<p>Maioria absoluta se alcan\u00e7a pelo primeiro n\u00famero inteiro maior que a metade dos representantes da casa legislativa. Como exemplo, 81 senadores representam os Estados e o Distrito Federal, sendo a metade deles igual a 40,5. Logo, o primeiro inteiro maior que 40,5 \u00e9 o n\u00famero 41.<\/p>\n\n\n\n<p>Sendo assim, <strong>para aprova\u00e7\u00e3o da lei instituidora do tributo ser\u00e3o necess\u00e1rios votos de 41 senadores e 257 deputados federais<\/strong>.<\/p>\n\n\n\n<p>D\u00favida que poderia surgir \u00e9 se o Empr\u00e9stimo Compuls\u00f3rio decorrente de calamidade p\u00fablica poderia ser institu\u00eddo atrav\u00e9s de uma lei delegada ou atrav\u00e9s de medida provis\u00f3ria. A resposta \u00e9 que <strong>n\u00e3o poderia por expressa veda\u00e7\u00e3o Constitucional.<\/strong><\/p>\n\n\n\n<p>No artigo 68, \u00a7 1\u00ba, a CF veda expressamente que Lei Delegada verse sobre mat\u00e9ria reservada \u00e0 Lei Complementar.<\/p>\n\n\n\n<p><em>Art. 68. As <strong>leis delegadas<\/strong> ser\u00e3o elaboradas pelo Presidente da Rep\u00fablica, que dever\u00e1 solicitar a delega\u00e7\u00e3o ao Congresso Nacional.<\/em><\/p>\n\n\n\n<p><em>\u00a7 1\u00ba <strong>N\u00e3o ser\u00e3o objeto de delega\u00e7\u00e3o<\/strong> os atos de compet\u00eancia exclusiva do Congresso Nacional, os de compet\u00eancia privativa da C\u00e2mara dos Deputados ou do Senado Federal, <strong>a mat\u00e9ria reservada \u00e0 lei complementar<\/strong> (&#8230;)<\/em><\/p>\n\n\n\n<p>E no artigo 62, a mesma veda\u00e7\u00e3o \u00e9 feita em rela\u00e7\u00e3o \u00e0 medida provis\u00f3ria. Confus\u00e3o pode ser feita pois medida provis\u00f3ria \u00e9 adotada em caso de relev\u00e2ncia e urg\u00eancia, pressupostos estes que se enquadram nos dias atuais, todavia, pelo fato de ser mat\u00e9ria reservada \u00e0 lei complementar, o Empr\u00e9stimo Compuls\u00f3rio n\u00e3o pode ser institu\u00eddo por medida provis\u00f3ria nos termos do artigo 62 da CF.<\/p>\n\n\n\n<p><em>Art. 62. Em caso de <strong>relev\u00e2ncia e urg\u00eancia<\/strong>, o Presidente da Rep\u00fablica poder\u00e1 adotar <strong>medidas provis\u00f3rias, com for\u00e7a de lei<\/strong>, devendo submet\u00ea-las de imediato ao Congresso Nacional.&nbsp;<\/em><\/p>\n\n\n\n<p><em>\u00a7 1\u00ba \u00c9 <strong>vedada a edi\u00e7\u00e3o de medidas provis\u00f3rias<\/strong> sobre mat\u00e9ria:<\/em><\/p>\n\n\n\n<p><em>(&#8230;)<\/em><\/p>\n\n\n\n<p><em>III &#8211; <strong>reservada a lei complementar<\/strong>;&nbsp;&nbsp;<\/em><\/p>\n\n\n\n<p>Ent\u00e3o, <strong>por imperativo Constitucional<\/strong> a <strong>\u00fanica esp\u00e9cie normativa poss\u00edvel para institui\u00e7\u00e3o do Empr\u00e9stimo Compuls\u00f3rio \u00e9 a lei complementar.<\/strong><\/p>\n\n\n\n<h2 class=\"wp-block-heading\">Pressuposto F\u00e1tico e Fato Gerador<\/h2>\n\n\n\n<p>A Magna Carta estabelece o pressuposto f\u00e1tico para a institui\u00e7\u00e3o do Empr\u00e9stimo Compuls\u00f3rio decorrente de calamidade p\u00fablica, mas n\u00e3o traz os elementos essenciais da rela\u00e7\u00e3o jur\u00eddico tribut\u00e1ria do tributo, logo, a CF n\u00e3o aborda qual \u00e9 o fato gerador apto a cobrar a exa\u00e7\u00e3o. N\u00e3o podemos confundir pressuposto f\u00e1tico com fato gerador.<\/p>\n\n\n\n<p>Pressuposto f\u00e1tico \u00e9 a situa\u00e7\u00e3o inafast\u00e1vel que assegura a legitimidade da institui\u00e7\u00e3o deste tributo, isto \u00e9, a calamidade p\u00fablica.<\/p>\n\n\n\n<p>Fato gerador \u00e9 a materializa\u00e7\u00e3o da hip\u00f3tese de incid\u00eancia (abstra\u00e7\u00e3o prevista em lei apta a estabelecer a rela\u00e7\u00e3o jur\u00eddica tribut\u00e1ria). Nas palavras de Geraldo Ataliba: \u201c\u00e9 a materializa\u00e7\u00e3o da hip\u00f3tese de incid\u00eancia, representando o momento concreto de sua realiza\u00e7\u00e3o, que se op\u00f5e \u00e0 abstra\u00e7\u00e3o do paradigma legal que o antecede\u201d.<\/p>\n\n\n\n<p>A CF, como dito acima, estabelece que, o Empr\u00e9stimo Compuls\u00f3rio decorrente de calamidade p\u00fablica pode ser institu\u00eddo por lei complementar. Todavia, <strong>a CF n\u00e3o traz os elementos essenciais do tributo<\/strong>.<strong> Estes aspectos, a Lei instituidora que ir\u00e1 definir<\/strong>.<\/p>\n\n\n\n<p>Ent\u00e3o, a lei complementar, de iniciativa concorrente entre o legislativo e o executivo em face do art. 61, \u00a71\u00ba, II, b da CF, ter\u00e1 a fun\u00e7\u00e3o de definir os elementos indispens\u00e1veis da rela\u00e7\u00e3o jur\u00eddica tribut\u00e1ria. Esta lei federal dever\u00e1 tratar qual ser\u00e1 o fato gerador apto a cobrar o tributo, qual ser\u00e1 a base de c\u00e1lculo, a al\u00edquota e o sujeito passivo.<\/p>\n\n\n\n<p>Portanto, tenha em mente que <strong>o fato gerador n\u00e3o \u00e9 a calamidade p\u00fablica e sim a situa\u00e7\u00e3o abstrata que ser\u00e1 definida em lei complementar que ser\u00e1 capaz de deflagrar a rela\u00e7\u00e3o jur\u00eddica tribut\u00e1ria<\/strong>. &nbsp;<\/p>\n\n\n\n<p>Nas palavras de Eduardo Sabbag \u201cO Empr\u00e9stimo Compuls\u00f3rio \u00e9 a presta\u00e7\u00e3o pecuni\u00e1ria \u2013 imposta pela Uni\u00e3o, por lei complementar \u2013 que, visando atender constitucionais pressupostos autorizativos, alcan\u00e7ar\u00e1, aut\u00f4noma e compulsoriamente, signos presuntivos de riqueza, sob a promessa de ulterior devolu\u00e7\u00e3o do importe mutuado e tributariamente exigido\u201d.<\/p>\n\n\n\n<h2 class=\"wp-block-heading\">Empr\u00e9stimo Compuls\u00f3rio decorrente de calamidade p\u00fablica e os Princ\u00edpios Tribut\u00e1rios<\/h2>\n\n\n\n<p>Apesar do legislador federal possuir certa liberdade nos aspectos materiais da rela\u00e7\u00e3o jur\u00eddica tribut\u00e1ria, assim como para definir o fato gerador do tributo, h\u00e1 de se respeitar os Princ\u00edpios Constitucionais sob pena de inconstitucionalidade da instaura\u00e7\u00e3o do tributo.<\/p>\n\n\n\n<p>O Empr\u00e9stimo Compuls\u00f3rio deve obedecer ao <strong>Princ\u00edpio da Legalidade Tribut\u00e1ria<\/strong> (art. 150, I, da CF), sendo institu\u00eddo apenas por lei complementar como visto anteriormente.<\/p>\n\n\n\n<p>Dever\u00e1 observar tamb\u00e9m o <strong>Princ\u00edpio da Irretroatividade<\/strong> (art. 150, III, a, da CF) sendo vedado \u00e0 Uni\u00e3o instituir o tributo em rela\u00e7\u00e3o a fatos geradores ocorridos antes do in\u00edcio da vig\u00eancia da lei que os houver institu\u00eddo.<\/p>\n\n\n\n<p>O Empr\u00e9stimo Compuls\u00f3rio decorrente de calamidade p\u00fablica deve obedi\u00eancia, ainda, ao <strong>Princ\u00edpio da<\/strong> <strong>Isonomia Tribut\u00e1ria<\/strong> (art. 150, II, da CF) servindo de corol\u00e1rio o <strong>Princ\u00edpio da Capacidade Contributiva<\/strong> (art. 145, \u00a71\u00ba, da CF). Nas palavras de Sacha Calmon Navarro \u201ca capacidade econ\u00f4mica do sujeito passivo pode ser bem aferida, no cotejo com o Empr\u00e9stimo Compuls\u00f3rio, garantindo-se a isen\u00e7\u00e3o aos mais carentes, que merecem passar ao largo do sacrif\u00edcio fiscal que lhes \u00e9 imposto\u201d. O princ\u00edpio da capacidade contributiva, como par\u00e2metro de desigualdade na tributa\u00e7\u00e3o, visa garantir o m\u00ednimo existencial, n\u00e3o sendo plaus\u00edvel pensar que duas pessoas em situa\u00e7\u00f5es econ\u00f4micas distintas sejam tributadas pela mesma carga fiscal.<\/p>\n\n\n\n<p><strong>Exce\u00e7\u00e3o<\/strong> ser\u00e1 feita ao princ\u00edpio da anterioridade tribut\u00e1ria. O Empr\u00e9stimo Compuls\u00f3rio para atender a despesas extraordin\u00e1rias <strong>decorrentes de calamidade p\u00fablica <\/strong>(lembrando que estamos nos referindo apenas a este Empr\u00e9stimo Compuls\u00f3rio) <strong>n\u00e3o se subordina, nem ao princ\u00edpio da anterioridade anual nem ao princ\u00edpio da anterioridade nonagesimal<\/strong> (art. 150, \u00a71\u00ba, da CF). Em face da urgente necessidade de ingresso financeiro, este Empr\u00e9stimo j\u00e1 poder\u00e1 ser exigido no dia seguinte ao da sua institui\u00e7\u00e3o.<\/p>\n\n\n\n<h2 class=\"wp-block-heading\">Destina\u00e7\u00e3o da receita arrecadada e sua devolu\u00e7\u00e3o<\/h2>\n\n\n\n<p>O artigo 148, par\u00e1grafo \u00fanico, assevera que:<\/p>\n\n\n\n<p><strong><em>Art. 148.<\/em><\/strong><em>&nbsp;A Uni\u00e3o, mediante lei complementar, poder\u00e1 instituir empr\u00e9stimos compuls\u00f3rios:<\/em><\/p>\n\n\n\n<p><em>(&#8230;)<\/em><\/p>\n\n\n\n<p><strong><em>Par\u00e1grafo \u00fanico<\/em><\/strong><strong><em>.<\/em><\/strong><em> A <strong>aplica\u00e7\u00e3o dos recursos<\/strong> provenientes de empr\u00e9stimo compuls\u00f3rio ser\u00e1 <strong>vinculada \u00e0 despesa que fundamentou<\/strong> sua institui\u00e7\u00e3o.<\/em><\/p>\n\n\n\n<p>Observe ent\u00e3o que, a vincula\u00e7\u00e3o da receita do Empr\u00e9stimo Compuls\u00f3rio \u00e9 <strong>constitucionalmente atrelada ao pressuposto f\u00e1tico que lhe deu origem, isto \u00e9, vinculada a despesas extraordin\u00e1rias decorrente da calamidade p\u00fablica<\/strong> produzida pela prolifera\u00e7\u00e3o do v\u00edrus Covid-19.<\/p>\n\n\n\n<p>Espera-se que o dinheiro seja destinado a investimentos no setor da sa\u00fade, na recupera\u00e7\u00e3o econ\u00f4mica do pa\u00eds dentre outros pontos sens\u00edveis, nos quais h\u00e1 falta de recursos ordin\u00e1rios, sob pena de responsabiliza\u00e7\u00e3o penal, civil e administrativa dos gestores.<\/p>\n\n\n\n<p>O Supremo Tribunal Federal tem entendimento firmado no sentido de que a <strong>restitui\u00e7\u00e3o<\/strong> do Empr\u00e9stimo Compuls\u00f3rio decorrente de calamidade p\u00fablica dever\u00e1 ser realizada na <strong>mesma esp\u00e9cie<\/strong> em que este foi recolhido. Como o tributo \u00e9 pago em dinheiro, a devolu\u00e7\u00e3o deste tamb\u00e9m o ser\u00e1. Logo, <strong>a Uni\u00e3o dever\u00e1 retornar ao contribuinte o valor da quantia emprestada com todos os acr\u00e9scimos necess\u00e1rios a recomposi\u00e7\u00e3o do valor original compulsoriamente ofertado.<\/strong><\/p>\n\n\n\n<h2 class=\"wp-block-heading\">Haver\u00e1 a institui\u00e7\u00e3o?<\/h2>\n\n\n\n<p>De tudo que foi exposto, <strong>afirma-se que h\u00e1 sim toda a conjuntura prop\u00edcia para a instaura\u00e7\u00e3o deste tributo<\/strong>, por\u00e9m n\u00e3o podemos afirmar categoricamente se haver\u00e1 ou n\u00e3o a cobran\u00e7a de tal exa\u00e7\u00e3o.<\/p>\n\n\n\n<p>H\u00e1 no Congresso Nacional o Projeto de lei complementar 34\/20, de autoria do Deputado Federal Wellington Roberto (PL-PB), que visa instituir o Empr\u00e9stimo Compuls\u00f3rio de empresas domiciliadas no Pa\u00eds com patrim\u00f4nio l\u00edquido igual ou superior a R$ 1 bilh\u00e3o a fim de atender exclusivamente \u00e0s despesas urgentes causadas pela situa\u00e7\u00e3o de calamidade p\u00fablica relacionada ao novo coronav\u00edrus (Covid-19).<\/p>\n\n\n\n<p>Para mais informa\u00e7\u00e3o:<\/p>\n\n\n\n<p><a href=\"https:\/\/www.camara.leg.br\/propostas-legislativas\/2241701\">https:\/\/www.camara.leg.br\/propostas-legislativas\/2241701<\/a><\/p>\n\n\n\n<p>Deixe sua opini\u00e3o. O que voc\u00ea acha sobre a instaura\u00e7\u00e3o?<\/p>\n\n\n\n<p>Um grande abra\u00e7o!<\/p>\n\n\n\n<p>vinicius.veleda@estrategiaconcursos.com.br<\/p>\n\n\n\n<p><a href=\"https:\/\/www.estrategiaconcursos.com.br\/\">https:\/\/www.estrategiaconcursos.com.br\/<\/a><\/p>\n\n\n\n<p class=\"has-text-align-center has-medium-font-size\"><em><strong>Assinatura Anual Ilimitada*<\/strong><\/em><\/p>\n\n\n\n<p class=\"has-text-align-center\"><em>Prepare-se com o melhor material e com quem mais aprova em Concursos P\u00fablicos em todo o pa\u00eds. Assine agora a nossa Assinatura Anual e tenha acesso ilimitado* a todos os nossos cursos.<\/em><\/p>\n\n\n\n<p style=\"font-size:22px\" class=\"has-background has-text-align-center has-luminous-vivid-amber-background-color\"><strong>ASSINE AGORA<\/strong>&nbsp;\u2013&nbsp;<a rel=\"noreferrer noopener\" href=\"https:\/\/www.estrategiaconcursos.com.br\/assinaturas\" target=\"_blank\"><strong>Assinatura Ilimitada<\/strong><\/a><\/p>\n\n\n\n<p class=\"has-text-align-center has-medium-font-size\"><em><strong>Fique por dentro de todos os concursos<\/strong><\/em>:<\/p>\n\n\n\n<p style=\"font-size:24px\" class=\"has-background has-text-align-center has-pale-cyan-blue-background-color\"><a rel=\"noreferrer noopener\" aria-label=\"Concursos abertos (abre numa nova aba)\" href=\"https:\/\/www.estrategiaconcursos.com.br\/blog\/concursos-abertos\/\" target=\"_blank\"><strong>Concursos abertos<\/strong><\/a><\/p>\n\n\n\n<p style=\"font-size:23px\" class=\"has-background has-text-align-center has-pale-cyan-blue-background-color\"><a rel=\"noreferrer noopener\" aria-label=\"Concursos 2020 (abre numa nova aba)\" href=\"https:\/\/www.estrategiaconcursos.com.br\/blog\/concursos-2020\/\" target=\"_blank\"><strong>Concursos 2020<\/strong><\/a><\/p>\n","protected":false},"excerpt":{"rendered":"<p>Ol\u00e1, meus amigos. No artigo de hoje vamos abordar o tema do Empr\u00e9stimo Compuls\u00f3rio decorrente de calamidade p\u00fablica e entender os pressupostos para instaura\u00e7\u00e3o deste que pode vir a ser um tributo in\u00e9dito em face da Constitui\u00e7\u00e3o Federal (CF) de 1988. Empr\u00e9stimo Compuls\u00f3rio decorrente de calamidade p\u00fablica em face da CF 88 Art. 148. A [&hellip;]<\/p>\n","protected":false},"author":1678,"featured_media":147303,"comment_status":"open","ping_status":"closed","sticky":false,"template":"","format":"standard","meta":{"post_tipo":"article","footnotes":""},"categories":[1],"tags":[],"tax_estado":[],"class_list":["post-507441","post","type-post","status-publish","format-standard","has-post-thumbnail","hentry","category-cursos-e-concursos"],"acf":[],"yoast_head":"<!-- This site is optimized with the Yoast SEO Premium plugin v27.2 (Yoast SEO v27.2) - https:\/\/yoast.com\/product\/yoast-seo-premium-wordpress\/ -->\n<title>Empr\u00e9stimo Compuls\u00f3rio decorrente de calamidade p\u00fablica<\/title>\n<meta name=\"description\" content=\"Neste artigo abordaremos o tema do Empr\u00e9stimo Compuls\u00f3rio decorrente de calamidade p\u00fablica e entender os pressupostos para instaura\u00e7\u00e3o deste tributo.\" \/>\n<meta name=\"robots\" content=\"index, follow, max-snippet:-1, max-image-preview:large, max-video-preview:-1\" \/>\n<link rel=\"canonical\" href=\"https:\/\/www.estrategiaconcursos.com.br\/blog\/emprestimo-compulsorio-decorrente-de-calamidade-publica\/\" \/>\n<meta property=\"og:locale\" content=\"pt_BR\" \/>\n<meta property=\"og:type\" content=\"article\" \/>\n<meta property=\"og:title\" content=\"Empr\u00e9stimo Compuls\u00f3rio decorrente de calamidade p\u00fablica\" \/>\n<meta property=\"og:description\" content=\"Neste artigo abordaremos o tema do Empr\u00e9stimo Compuls\u00f3rio decorrente de calamidade p\u00fablica e entender os pressupostos para instaura\u00e7\u00e3o deste tributo.\" \/>\n<meta property=\"og:url\" content=\"https:\/\/www.estrategiaconcursos.com.br\/blog\/emprestimo-compulsorio-decorrente-de-calamidade-publica\/\" \/>\n<meta property=\"og:site_name\" content=\"Estrat\u00e9gia Concursos\" \/>\n<meta property=\"article:published_time\" content=\"2020-04-28T23:09:10+00:00\" \/>\n<meta property=\"article:modified_time\" content=\"2020-04-28T23:36:49+00:00\" \/>\n<meta property=\"og:image\" content=\"https:\/\/dhg1h5j42swfq.cloudfront.net\/2018\/10\/18062014\/crimes-tribut%C3%A1rios-2.jpg\" \/>\n\t<meta property=\"og:image:width\" content=\"578\" \/>\n\t<meta property=\"og:image:height\" content=\"362\" \/>\n\t<meta property=\"og:image:type\" content=\"image\/jpeg\" \/>\n<meta name=\"author\" content=\"Vin\u00edcius Veleda\" \/>\n<meta name=\"twitter:card\" content=\"summary_large_image\" \/>\n<meta name=\"twitter:creator\" content=\"@EstratConcursos\" \/>\n<meta name=\"twitter:site\" content=\"@EstratConcursos\" \/>\n<meta name=\"twitter:label1\" content=\"Escrito por\" \/>\n\t<meta name=\"twitter:data1\" content=\"Vin\u00edcius Veleda\" \/>\n\t<meta name=\"twitter:label2\" content=\"Est. tempo de leitura\" \/>\n\t<meta name=\"twitter:data2\" content=\"9 minutos\" \/>\n<script type=\"application\/ld+json\" class=\"yoast-schema-graph\">{\"@context\":\"https:\/\/schema.org\",\"@graph\":[{\"@type\":\"NewsArticle\",\"@id\":\"https:\/\/www.estrategiaconcursos.com.br\/blog\/emprestimo-compulsorio-decorrente-de-calamidade-publica\/#article\",\"isPartOf\":{\"@id\":\"https:\/\/www.estrategiaconcursos.com.br\/blog\/emprestimo-compulsorio-decorrente-de-calamidade-publica\/\"},\"author\":{\"name\":\"Vin\u00edcius Veleda\",\"@id\":\"https:\/\/www.estrategiaconcursos.com.br\/blog\/#\/schema\/person\/2f89d35837b0c3c30ecaec7c3dfa5d5a\"},\"headline\":\"Empr\u00e9stimo Compuls\u00f3rio decorrente de calamidade p\u00fablica\",\"datePublished\":\"2020-04-28T23:09:10+00:00\",\"dateModified\":\"2020-04-28T23:36:49+00:00\",\"mainEntityOfPage\":{\"@id\":\"https:\/\/www.estrategiaconcursos.com.br\/blog\/emprestimo-compulsorio-decorrente-de-calamidade-publica\/\"},\"wordCount\":1905,\"commentCount\":3,\"publisher\":{\"@id\":\"https:\/\/www.estrategiaconcursos.com.br\/blog\/#organization\"},\"image\":{\"@id\":\"https:\/\/www.estrategiaconcursos.com.br\/blog\/emprestimo-compulsorio-decorrente-de-calamidade-publica\/#primaryimage\"},\"thumbnailUrl\":\"https:\/\/dhg1h5j42swfq.cloudfront.net\/2018\/10\/18062014\/crimes-tribut%C3%A1rios-2.jpg\",\"articleSection\":[\"Concursos P\u00fablicos\"],\"inLanguage\":\"pt-BR\",\"potentialAction\":[{\"@type\":\"CommentAction\",\"name\":\"Comment\",\"target\":[\"https:\/\/www.estrategiaconcursos.com.br\/blog\/emprestimo-compulsorio-decorrente-de-calamidade-publica\/#respond\"]}],\"copyrightYear\":\"2020\",\"copyrightHolder\":{\"@id\":\"https:\/\/www.estrategiaconcursos.com.br\/blog\/#organization\"}},{\"@type\":\"WebPage\",\"@id\":\"https:\/\/www.estrategiaconcursos.com.br\/blog\/emprestimo-compulsorio-decorrente-de-calamidade-publica\/\",\"url\":\"https:\/\/www.estrategiaconcursos.com.br\/blog\/emprestimo-compulsorio-decorrente-de-calamidade-publica\/\",\"name\":\"Empr\u00e9stimo Compuls\u00f3rio decorrente de calamidade p\u00fablica\",\"isPartOf\":{\"@id\":\"https:\/\/www.estrategiaconcursos.com.br\/blog\/#website\"},\"primaryImageOfPage\":{\"@id\":\"https:\/\/www.estrategiaconcursos.com.br\/blog\/emprestimo-compulsorio-decorrente-de-calamidade-publica\/#primaryimage\"},\"image\":{\"@id\":\"https:\/\/www.estrategiaconcursos.com.br\/blog\/emprestimo-compulsorio-decorrente-de-calamidade-publica\/#primaryimage\"},\"thumbnailUrl\":\"https:\/\/dhg1h5j42swfq.cloudfront.net\/2018\/10\/18062014\/crimes-tribut%C3%A1rios-2.jpg\",\"datePublished\":\"2020-04-28T23:09:10+00:00\",\"dateModified\":\"2020-04-28T23:36:49+00:00\",\"description\":\"Neste artigo abordaremos o tema do Empr\u00e9stimo Compuls\u00f3rio decorrente de calamidade p\u00fablica e entender os pressupostos para instaura\u00e7\u00e3o deste tributo.\",\"breadcrumb\":{\"@id\":\"https:\/\/www.estrategiaconcursos.com.br\/blog\/emprestimo-compulsorio-decorrente-de-calamidade-publica\/#breadcrumb\"},\"inLanguage\":\"pt-BR\",\"potentialAction\":[{\"@type\":\"ReadAction\",\"target\":[\"https:\/\/www.estrategiaconcursos.com.br\/blog\/emprestimo-compulsorio-decorrente-de-calamidade-publica\/\"]}]},{\"@type\":\"ImageObject\",\"inLanguage\":\"pt-BR\",\"@id\":\"https:\/\/www.estrategiaconcursos.com.br\/blog\/emprestimo-compulsorio-decorrente-de-calamidade-publica\/#primaryimage\",\"url\":\"https:\/\/dhg1h5j42swfq.cloudfront.net\/2018\/10\/18062014\/crimes-tribut%C3%A1rios-2.jpg\",\"contentUrl\":\"https:\/\/dhg1h5j42swfq.cloudfront.net\/2018\/10\/18062014\/crimes-tribut%C3%A1rios-2.jpg\",\"width\":578,\"height\":362,\"caption\":\"crimes contra ordem tribut\u00e1ria\"},{\"@type\":\"BreadcrumbList\",\"@id\":\"https:\/\/www.estrategiaconcursos.com.br\/blog\/emprestimo-compulsorio-decorrente-de-calamidade-publica\/#breadcrumb\",\"itemListElement\":[{\"@type\":\"ListItem\",\"position\":1,\"name\":\"In\u00edcio\",\"item\":\"https:\/\/www.estrategiaconcursos.com.br\/blog\/\"},{\"@type\":\"ListItem\",\"position\":2,\"name\":\"Empr\u00e9stimo Compuls\u00f3rio decorrente de calamidade p\u00fablica\"}]},{\"@type\":\"WebSite\",\"@id\":\"https:\/\/www.estrategiaconcursos.com.br\/blog\/#website\",\"url\":\"https:\/\/www.estrategiaconcursos.com.br\/blog\/\",\"name\":\"Estrat\u00e9gia Concursos\",\"description\":\"O blog da Estrat\u00e9gia Concursos traz not\u00edcias sobre concursos e artigos de professores oferecendo cursos para concursos (pdf + videaulas) no site.\",\"publisher\":{\"@id\":\"https:\/\/www.estrategiaconcursos.com.br\/blog\/#organization\"},\"potentialAction\":[{\"@type\":\"SearchAction\",\"target\":{\"@type\":\"EntryPoint\",\"urlTemplate\":\"https:\/\/www.estrategiaconcursos.com.br\/blog\/?s={search_term_string}\"},\"query-input\":{\"@type\":\"PropertyValueSpecification\",\"valueRequired\":true,\"valueName\":\"search_term_string\"}}],\"inLanguage\":\"pt-BR\"},{\"@type\":\"Organization\",\"@id\":\"https:\/\/www.estrategiaconcursos.com.br\/blog\/#organization\",\"name\":\"Estrat\u00e9gia Concursos\",\"url\":\"https:\/\/www.estrategiaconcursos.com.br\/blog\/\",\"logo\":{\"@type\":\"ImageObject\",\"inLanguage\":\"pt-BR\",\"@id\":\"https:\/\/www.estrategiaconcursos.com.br\/blog\/#\/schema\/logo\/image\/\",\"url\":\"https:\/\/dhg1h5j42swfq.cloudfront.net\/2025\/06\/03203428\/logo_concursos-1.jpg\",\"contentUrl\":\"https:\/\/dhg1h5j42swfq.cloudfront.net\/2025\/06\/03203428\/logo_concursos-1.jpg\",\"width\":230,\"height\":60,\"caption\":\"Estrat\u00e9gia Concursos\"},\"image\":{\"@id\":\"https:\/\/www.estrategiaconcursos.com.br\/blog\/#\/schema\/logo\/image\/\"},\"sameAs\":[\"https:\/\/x.com\/EstratConcursos\"]},{\"@type\":\"Person\",\"@id\":\"https:\/\/www.estrategiaconcursos.com.br\/blog\/#\/schema\/person\/2f89d35837b0c3c30ecaec7c3dfa5d5a\",\"name\":\"Vin\u00edcius Veleda\",\"image\":{\"@type\":\"ImageObject\",\"inLanguage\":\"pt-BR\",\"@id\":\"https:\/\/secure.gravatar.com\/avatar\/4f2111c7cd519e2130f8a4325d6518378cada3030c46679262bade05efe5b7a6?s=96&d=mm&r=g\",\"url\":\"https:\/\/secure.gravatar.com\/avatar\/4f2111c7cd519e2130f8a4325d6518378cada3030c46679262bade05efe5b7a6?s=96&d=mm&r=g\",\"contentUrl\":\"https:\/\/secure.gravatar.com\/avatar\/4f2111c7cd519e2130f8a4325d6518378cada3030c46679262bade05efe5b7a6?s=96&d=mm&r=g\",\"caption\":\"Vin\u00edcius Veleda\"},\"url\":\"https:\/\/www.estrategiaconcursos.com.br\/blog\/author\/vinicius-veledaestrategiaconcursos-com-br\/\"}]}<\/script>\n<!-- \/ Yoast SEO Premium plugin. -->","yoast_head_json":{"title":"Empr\u00e9stimo Compuls\u00f3rio decorrente de calamidade p\u00fablica","description":"Neste artigo abordaremos o tema do Empr\u00e9stimo Compuls\u00f3rio decorrente de calamidade p\u00fablica e entender os pressupostos para instaura\u00e7\u00e3o deste tributo.","robots":{"index":"index","follow":"follow","max-snippet":"max-snippet:-1","max-image-preview":"max-image-preview:large","max-video-preview":"max-video-preview:-1"},"canonical":"https:\/\/www.estrategiaconcursos.com.br\/blog\/emprestimo-compulsorio-decorrente-de-calamidade-publica\/","og_locale":"pt_BR","og_type":"article","og_title":"Empr\u00e9stimo Compuls\u00f3rio decorrente de calamidade p\u00fablica","og_description":"Neste artigo abordaremos o tema do Empr\u00e9stimo Compuls\u00f3rio decorrente de calamidade p\u00fablica e entender os pressupostos para instaura\u00e7\u00e3o deste tributo.","og_url":"https:\/\/www.estrategiaconcursos.com.br\/blog\/emprestimo-compulsorio-decorrente-de-calamidade-publica\/","og_site_name":"Estrat\u00e9gia Concursos","article_published_time":"2020-04-28T23:09:10+00:00","article_modified_time":"2020-04-28T23:36:49+00:00","og_image":[{"width":578,"height":362,"url":"https:\/\/dhg1h5j42swfq.cloudfront.net\/2018\/10\/18062014\/crimes-tribut%C3%A1rios-2.jpg","type":"image\/jpeg"}],"author":"Vin\u00edcius Veleda","twitter_card":"summary_large_image","twitter_creator":"@EstratConcursos","twitter_site":"@EstratConcursos","twitter_misc":{"Escrito por":"Vin\u00edcius Veleda","Est. tempo de leitura":"9 minutos"},"schema":{"@context":"https:\/\/schema.org","@graph":[{"@type":"NewsArticle","@id":"https:\/\/www.estrategiaconcursos.com.br\/blog\/emprestimo-compulsorio-decorrente-de-calamidade-publica\/#article","isPartOf":{"@id":"https:\/\/www.estrategiaconcursos.com.br\/blog\/emprestimo-compulsorio-decorrente-de-calamidade-publica\/"},"author":{"name":"Vin\u00edcius Veleda","@id":"https:\/\/www.estrategiaconcursos.com.br\/blog\/#\/schema\/person\/2f89d35837b0c3c30ecaec7c3dfa5d5a"},"headline":"Empr\u00e9stimo Compuls\u00f3rio decorrente de calamidade p\u00fablica","datePublished":"2020-04-28T23:09:10+00:00","dateModified":"2020-04-28T23:36:49+00:00","mainEntityOfPage":{"@id":"https:\/\/www.estrategiaconcursos.com.br\/blog\/emprestimo-compulsorio-decorrente-de-calamidade-publica\/"},"wordCount":1905,"commentCount":3,"publisher":{"@id":"https:\/\/www.estrategiaconcursos.com.br\/blog\/#organization"},"image":{"@id":"https:\/\/www.estrategiaconcursos.com.br\/blog\/emprestimo-compulsorio-decorrente-de-calamidade-publica\/#primaryimage"},"thumbnailUrl":"https:\/\/dhg1h5j42swfq.cloudfront.net\/2018\/10\/18062014\/crimes-tribut%C3%A1rios-2.jpg","articleSection":["Concursos P\u00fablicos"],"inLanguage":"pt-BR","potentialAction":[{"@type":"CommentAction","name":"Comment","target":["https:\/\/www.estrategiaconcursos.com.br\/blog\/emprestimo-compulsorio-decorrente-de-calamidade-publica\/#respond"]}],"copyrightYear":"2020","copyrightHolder":{"@id":"https:\/\/www.estrategiaconcursos.com.br\/blog\/#organization"}},{"@type":"WebPage","@id":"https:\/\/www.estrategiaconcursos.com.br\/blog\/emprestimo-compulsorio-decorrente-de-calamidade-publica\/","url":"https:\/\/www.estrategiaconcursos.com.br\/blog\/emprestimo-compulsorio-decorrente-de-calamidade-publica\/","name":"Empr\u00e9stimo Compuls\u00f3rio decorrente de calamidade p\u00fablica","isPartOf":{"@id":"https:\/\/www.estrategiaconcursos.com.br\/blog\/#website"},"primaryImageOfPage":{"@id":"https:\/\/www.estrategiaconcursos.com.br\/blog\/emprestimo-compulsorio-decorrente-de-calamidade-publica\/#primaryimage"},"image":{"@id":"https:\/\/www.estrategiaconcursos.com.br\/blog\/emprestimo-compulsorio-decorrente-de-calamidade-publica\/#primaryimage"},"thumbnailUrl":"https:\/\/dhg1h5j42swfq.cloudfront.net\/2018\/10\/18062014\/crimes-tribut%C3%A1rios-2.jpg","datePublished":"2020-04-28T23:09:10+00:00","dateModified":"2020-04-28T23:36:49+00:00","description":"Neste artigo abordaremos o tema do Empr\u00e9stimo Compuls\u00f3rio decorrente de calamidade p\u00fablica e entender os pressupostos para instaura\u00e7\u00e3o deste tributo.","breadcrumb":{"@id":"https:\/\/www.estrategiaconcursos.com.br\/blog\/emprestimo-compulsorio-decorrente-de-calamidade-publica\/#breadcrumb"},"inLanguage":"pt-BR","potentialAction":[{"@type":"ReadAction","target":["https:\/\/www.estrategiaconcursos.com.br\/blog\/emprestimo-compulsorio-decorrente-de-calamidade-publica\/"]}]},{"@type":"ImageObject","inLanguage":"pt-BR","@id":"https:\/\/www.estrategiaconcursos.com.br\/blog\/emprestimo-compulsorio-decorrente-de-calamidade-publica\/#primaryimage","url":"https:\/\/dhg1h5j42swfq.cloudfront.net\/2018\/10\/18062014\/crimes-tribut%C3%A1rios-2.jpg","contentUrl":"https:\/\/dhg1h5j42swfq.cloudfront.net\/2018\/10\/18062014\/crimes-tribut%C3%A1rios-2.jpg","width":578,"height":362,"caption":"crimes contra ordem tribut\u00e1ria"},{"@type":"BreadcrumbList","@id":"https:\/\/www.estrategiaconcursos.com.br\/blog\/emprestimo-compulsorio-decorrente-de-calamidade-publica\/#breadcrumb","itemListElement":[{"@type":"ListItem","position":1,"name":"In\u00edcio","item":"https:\/\/www.estrategiaconcursos.com.br\/blog\/"},{"@type":"ListItem","position":2,"name":"Empr\u00e9stimo Compuls\u00f3rio decorrente de calamidade p\u00fablica"}]},{"@type":"WebSite","@id":"https:\/\/www.estrategiaconcursos.com.br\/blog\/#website","url":"https:\/\/www.estrategiaconcursos.com.br\/blog\/","name":"Estrat\u00e9gia Concursos","description":"O blog da Estrat\u00e9gia Concursos traz not\u00edcias sobre concursos e artigos de professores oferecendo cursos para concursos (pdf + videaulas) no site.","publisher":{"@id":"https:\/\/www.estrategiaconcursos.com.br\/blog\/#organization"},"potentialAction":[{"@type":"SearchAction","target":{"@type":"EntryPoint","urlTemplate":"https:\/\/www.estrategiaconcursos.com.br\/blog\/?s={search_term_string}"},"query-input":{"@type":"PropertyValueSpecification","valueRequired":true,"valueName":"search_term_string"}}],"inLanguage":"pt-BR"},{"@type":"Organization","@id":"https:\/\/www.estrategiaconcursos.com.br\/blog\/#organization","name":"Estrat\u00e9gia Concursos","url":"https:\/\/www.estrategiaconcursos.com.br\/blog\/","logo":{"@type":"ImageObject","inLanguage":"pt-BR","@id":"https:\/\/www.estrategiaconcursos.com.br\/blog\/#\/schema\/logo\/image\/","url":"https:\/\/dhg1h5j42swfq.cloudfront.net\/2025\/06\/03203428\/logo_concursos-1.jpg","contentUrl":"https:\/\/dhg1h5j42swfq.cloudfront.net\/2025\/06\/03203428\/logo_concursos-1.jpg","width":230,"height":60,"caption":"Estrat\u00e9gia Concursos"},"image":{"@id":"https:\/\/www.estrategiaconcursos.com.br\/blog\/#\/schema\/logo\/image\/"},"sameAs":["https:\/\/x.com\/EstratConcursos"]},{"@type":"Person","@id":"https:\/\/www.estrategiaconcursos.com.br\/blog\/#\/schema\/person\/2f89d35837b0c3c30ecaec7c3dfa5d5a","name":"Vin\u00edcius Veleda","image":{"@type":"ImageObject","inLanguage":"pt-BR","@id":"https:\/\/secure.gravatar.com\/avatar\/4f2111c7cd519e2130f8a4325d6518378cada3030c46679262bade05efe5b7a6?s=96&d=mm&r=g","url":"https:\/\/secure.gravatar.com\/avatar\/4f2111c7cd519e2130f8a4325d6518378cada3030c46679262bade05efe5b7a6?s=96&d=mm&r=g","contentUrl":"https:\/\/secure.gravatar.com\/avatar\/4f2111c7cd519e2130f8a4325d6518378cada3030c46679262bade05efe5b7a6?s=96&d=mm&r=g","caption":"Vin\u00edcius Veleda"},"url":"https:\/\/www.estrategiaconcursos.com.br\/blog\/author\/vinicius-veledaestrategiaconcursos-com-br\/"}]}},"_links":{"self":[{"href":"https:\/\/www.estrategiaconcursos.com.br\/blog\/wp-json\/wp\/v2\/posts\/507441","targetHints":{"allow":["GET"]}}],"collection":[{"href":"https:\/\/www.estrategiaconcursos.com.br\/blog\/wp-json\/wp\/v2\/posts"}],"about":[{"href":"https:\/\/www.estrategiaconcursos.com.br\/blog\/wp-json\/wp\/v2\/types\/post"}],"author":[{"embeddable":true,"href":"https:\/\/www.estrategiaconcursos.com.br\/blog\/wp-json\/wp\/v2\/users\/1678"}],"replies":[{"embeddable":true,"href":"https:\/\/www.estrategiaconcursos.com.br\/blog\/wp-json\/wp\/v2\/comments?post=507441"}],"version-history":[{"count":6,"href":"https:\/\/www.estrategiaconcursos.com.br\/blog\/wp-json\/wp\/v2\/posts\/507441\/revisions"}],"predecessor-version":[{"id":508402,"href":"https:\/\/www.estrategiaconcursos.com.br\/blog\/wp-json\/wp\/v2\/posts\/507441\/revisions\/508402"}],"wp:featuredmedia":[{"embeddable":true,"href":"https:\/\/www.estrategiaconcursos.com.br\/blog\/wp-json\/wp\/v2\/media\/147303"}],"wp:attachment":[{"href":"https:\/\/www.estrategiaconcursos.com.br\/blog\/wp-json\/wp\/v2\/media?parent=507441"}],"wp:term":[{"taxonomy":"category","embeddable":true,"href":"https:\/\/www.estrategiaconcursos.com.br\/blog\/wp-json\/wp\/v2\/categories?post=507441"},{"taxonomy":"post_tag","embeddable":true,"href":"https:\/\/www.estrategiaconcursos.com.br\/blog\/wp-json\/wp\/v2\/tags?post=507441"},{"taxonomy":"tax_estado","embeddable":true,"href":"https:\/\/www.estrategiaconcursos.com.br\/blog\/wp-json\/wp\/v2\/tax_estado?post=507441"}],"curies":[{"name":"wp","href":"https:\/\/api.w.org\/{rel}","templated":true}]}}