{"id":50713,"date":"2016-09-26T19:02:10","date_gmt":"2016-09-26T22:02:10","guid":{"rendered":"https:\/\/www.estrategiaconcursos.com.br\/blog\/?p=50713"},"modified":"2020-07-16T10:53:27","modified_gmt":"2020-07-16T13:53:27","slug":"informativo-stf-838-comentado-informativo-estrategico","status":"publish","type":"post","link":"https:\/\/www.estrategiaconcursos.com.br\/blog\/informativo-stf-838-comentado-informativo-estrategico\/","title":{"rendered":"Informativo STF 838 Comentado &#8211; Informativo Estrat\u00e9gico"},"content":{"rendered":"<h6 style=\"text-align: justify;\"><img loading=\"lazy\" decoding=\"async\" class=\"size-medium wp-image-48159 alignleft\" src=\"https:\/\/dhg1h5j42swfq.cloudfront.net\/2016\/09\/05085422\/Informativo-Estrat%C3%A9gico-e1473076564788.png\" alt=\"Informativo STF Comentado\" width=\"300\" height=\"201\" srcset=\"https:\/\/dhg1h5j42swfq.cloudfront.net\/2016\/09\/05085422\/Informativo-Estrat%C3%A9gico-e1473076564788.png 760w, https:\/\/dhg1h5j42swfq.cloudfront.net\/2016\/09\/05085422\/Informativo-Estrat%C3%A9gico-e1473076564788.png 300w, https:\/\/dhg1h5j42swfq.cloudfront.net\/2016\/09\/05085422\/Informativo-Estrat%C3%A9gico-e1473076564788.png 447w\" sizes=\"auto, (max-width: 300px) 100vw, 300px\" \/>Informativo STF 838 Comentado &#8211; Informativo Estrat\u00e9gico<\/h6>\n<p style=\"text-align: justify;\">Ol\u00e1 pessoal, divulgamos neste artigo os coment\u00e1rios ao Informativo STF 838, mais um dentro do nosso projeto &#8220;Informativos Estrat\u00e9gicos&#8221;.<\/p>\n<p style=\"text-align: justify;\">Se voc\u00ea quiser receber por e-mail esses informativos, <span style=\"color: #ff0000;\"><strong><a style=\"color: #ff0000;\" href=\"https:\/\/www.estrategiaconcursos.com.br\/informativos-estrategicos\/\" target=\"_blank\" rel=\"noopener noreferrer\">INSCREVA-SE AQUI<\/a><\/strong><\/span>!<\/p>\n<p style=\"text-align: justify;\">Este \u00e9 o \u00faltimo informativo veiculado pela Corte e abrange as seguintes \u00e1reas do Direito:<\/p>\n<p style=\"text-align: justify;\"><span style=\"color: #0000ff;\"><strong>a)<\/strong><\/span> <span style=\"text-decoration: underline;\">Direito Constitucional<\/span> &#8211; coment\u00e1rios pelo Prof. Ricardo Vale<\/p>\n<p style=\"text-align: justify;\">Foram dois julgados analisados pelo Professor:<\/p>\n<p style=\"text-align: justify; padding-left: 30px;\"><strong>1\u00ba<\/strong> &#8211; O&nbsp;STF assentou que somente deve interferir em procedimentos legislativos para assegurar o cumprimento da Constitui\u00e7\u00e3o, proteger direitos fundamentais e resguardar os pressupostos de funcionamento da democracia e das institui\u00e7\u00f5es republicanas.<\/p>\n<p style=\"padding-left: 30px;\"><strong>2\u00ba<\/strong> &#8211; O STF declarou a inconstitucionalidade de lei estadual do Mato Grosso do Sul que exigia Certid\u00e3o de Viola\u00e7\u00e3o aos Direitos do Consumidor (CVDC) dos interessados em participar de licita\u00e7\u00f5es e em celebrar contratos com \u00f3rg\u00e3os e entidades estaduais.<\/p>\n<p style=\"text-align: justify;\"><span style=\"color: #0000ff;\"><strong>b)<\/strong><\/span> <span style=\"text-decoration: underline;\">Direito Administrativo<\/span> &#8211; coment\u00e1rios pelo Prof. Erick Alves<\/p>\n<p style=\"text-align: justify;\">Para o Prof. Erick Alves, o&nbsp;STF entendeu que, em aten\u00e7\u00e3o ao princ\u00edpio da seguran\u00e7a jur\u00eddica e da impessoalidade, n\u00e3o \u00e9 poss\u00edvel que a comiss\u00e3o respons\u00e1vel pela condu\u00e7\u00e3o de concurso p\u00fablico modifique os crit\u00e9rios de interpreta\u00e7\u00e3o do edital ao longo do certame.<\/p>\n<p style=\"text-align: justify;\"><span style=\"color: #0000ff;\"><strong>c)<\/strong><\/span> <span style=\"text-decoration: underline;\">Direito Penal<\/span> &#8211; coment\u00e1rios pelo Prof. Renan Ara\u00fajo<\/p>\n<p style=\"text-align: justify;\">Em Direito Penal, tivemos a fixa\u00e7\u00e3o dos seguintes posicionamentos:<\/p>\n<p style=\"text-align: justify; padding-left: 30px;\"><strong>1\u00ba<\/strong> &#8211; A inj\u00faria praticada como resposta a ofensa anterior, quando realizada dentro de um razo\u00e1vel espa\u00e7o de tempo, configura retors\u00e3o imediata e, portanto, gera a necessidade de aplica\u00e7\u00e3o do perd\u00e3o judicial.<\/p>\n<p style=\"text-align: justify; padding-left: 30px;\"><strong>2\u00ba<\/strong> &#8211; O requerimento de extens\u00e3o da extradi\u00e7\u00e3o n\u00e3o \u00e9 causa interruptiva da prescri\u00e7\u00e3o.<\/p>\n<p style=\"text-align: justify; padding-left: 30px;\"><strong>3\u00ba<\/strong> &#8211; N\u00e3o faz jus ao benef\u00edcio da progress\u00e3o de regime o condenado que esteja cumprindo pena em penitenci\u00e1ria federal de seguran\u00e7a m\u00e1xima por motivo de seguran\u00e7a p\u00fablica ou que integre organiza\u00e7\u00e3o criminosa, pois tais circunst\u00e2ncias evidenciam a aus\u00eancia dos requisitos subjetivos para a progress\u00e3o de regime prisional.<\/p>\n<p style=\"text-align: justify;\"><span style=\"color: #0000ff;\"><strong>d)<\/strong><\/span> <span style=\"text-decoration: underline;\">Direito Penal Militar<\/span> &#8211; coment\u00e1rios pelo Prof. Paulo Guimar\u00e3es<\/p>\n<p>Para o Prof. Paulo Guimar\u00e3es, segundo o entendimento do STF, no Processo Penal Militar, o incidente de insanidade mental do acusado pode ser instaurado a pedido do Minist\u00e9rio P\u00fablico Militar, mas apenas quando houver aquiesc\u00eancia da defesa.<\/p>\n<p>Voc\u00ea pode baixar o informativo comentado&nbsp;<span style=\"color: #ff0000;\"><strong><a style=\"color: #ff0000;\" href=\"https:\/\/dhg1h5j42swfq.cloudfront.net\/2016\/09\/26190048\/Informativo-STF-838.pdf\">AQUI<\/a><\/strong><\/span>!<\/p>\n<p>Veja a \u00edntegra dos coment\u00e1rios:<br \/>\n<iframe loading=\"lazy\" style=\"border: 1px solid #CCC; border-width: 1px; margin-bottom: 5px; max-width: 100%;\" src=\"\/\/www.slideshare.net\/slideshow\/embed_code\/key\/s7XoPvCRlfcnen\" width=\"668\" height=\"714\" frameborder=\"0\" marginwidth=\"0\" marginheight=\"0\" scrolling=\"no\" allowfullscreen=\"allowfullscreen\"> <\/iframe><\/p>\n<p style=\"text-align: justify;\">Convido voc\u00ea a curtir a p\u00e1gina do <strong><a href=\"https:\/\/www.facebook.com\/Estrat%C3%A9gia-Carreira-Jur%C3%ADdica-1016014891780524\/\" target=\"_blank\" rel=\"noopener noreferrer\">Estrat\u00e9gia Carreira Jur\u00eddica no Facebook<\/a><\/strong>. Publicamos com frequ\u00eancia informa\u00e7\u00f5es relevantes e conte\u00fados gratuitos. Nos acompanhe no Facebook.<\/p>\n<p style=\"text-align: justify;\">Para consultar os informativos comentados anteriormente acesse:<\/p>\n<p style=\"text-align: justify;\"><span style=\"color: #ff0000;\"><strong><a style=\"color: #ff0000;\" href=\"https:\/\/www.estrategiaconcursos.com.br\/blog\/informativo-stf\/\" target=\"_blank\" rel=\"noopener noreferrer\">INFORMATIVOS STF Comentados<\/a> <\/strong><\/span><\/p>\n<p style=\"text-align: justify;\"><strong><span style=\"color: #ff0000;\"><a style=\"color: #ff0000;\" href=\"https:\/\/www.estrategiaconcursos.com.br\/blog\/informativo-stj\/\" target=\"_blank\" rel=\"noopener noreferrer\">INFORMATIVOS STJ Comentados<\/a><\/span><\/strong><\/p>\n<p style=\"text-align: justify;\">PS. Divulgaremos ainda nesta semana os coment\u00e1rios ao Informativo STJ 588. Continue nos acompanhando. <a href=\"https:\/\/www.estrategiaconcursos.com.br\/informativos-estrategicos\/\" target=\"_blank\" rel=\"noopener noreferrer\">Inscreva-se na nossa lista de e-mails<\/a>.<\/p>\n<p style=\"text-align: justify;\">Excelentes estudos!<\/p>\n<p>&nbsp;<\/p>\n<p>&nbsp;<\/p>\n<p>&nbsp;<\/p>\n","protected":false},"excerpt":{"rendered":"<p>Informativo STF 838 Comentado &#8211; Informativo Estrat\u00e9gico Ol\u00e1 pessoal, divulgamos neste artigo os coment\u00e1rios ao Informativo STF 838, mais um dentro do nosso projeto &#8220;Informativos Estrat\u00e9gicos&#8221;. Se voc\u00ea quiser receber por e-mail esses informativos, INSCREVA-SE AQUI! Este \u00e9 o \u00faltimo informativo veiculado pela Corte e abrange as seguintes \u00e1reas do Direito: a) Direito Constitucional &#8211; [&hellip;]<\/p>\n","protected":false},"author":180,"featured_media":48159,"comment_status":"open","ping_status":"open","sticky":false,"template":"","format":"standard","meta":{"post_tipo":"article","footnotes":""},"categories":[2185],"tags":[2127,2152],"tax_estado":[],"class_list":["post-50713","post","type-post","status-publish","format-standard","has-post-thumbnail","hentry","category-carreiras-juridicas","tag-informativo-estrategico","tag-informativo-stf"],"acf":[],"yoast_head":"<!-- This site is optimized with the Yoast SEO Premium plugin v27.2 (Yoast SEO v27.2) - https:\/\/yoast.com\/product\/yoast-seo-premium-wordpress\/ -->\n<title>Informativo STF 838 Comentado - Informativo Estrat\u00e9gico<\/title>\n<meta name=\"description\" content=\"Informativo STF 838 Comentado - Informativo Estrat\u00e9gico. Mais um Informativo Comentado pelos especialistas do Estrat\u00e9gia Concursos. Leia mais!\" \/>\n<meta name=\"robots\" content=\"index, follow, max-snippet:-1, max-image-preview:large, max-video-preview:-1\" \/>\n<link rel=\"canonical\" href=\"https:\/\/www.estrategiaconcursos.com.br\/blog\/informativo-stf-838-comentado-informativo-estrategico\/\" \/>\n<meta property=\"og:locale\" content=\"pt_BR\" \/>\n<meta property=\"og:type\" content=\"article\" \/>\n<meta property=\"og:title\" content=\"Informativo STF 838 Comentado - Informativo Estrat\u00e9gico\" \/>\n<meta property=\"og:description\" content=\"Informativo STF 838 Comentado - Informativo Estrat\u00e9gico. Mais um Informativo Comentado pelos especialistas do Estrat\u00e9gia Concursos. Leia mais!\" \/>\n<meta property=\"og:url\" content=\"https:\/\/www.estrategiaconcursos.com.br\/blog\/informativo-stf-838-comentado-informativo-estrategico\/\" \/>\n<meta property=\"og:site_name\" content=\"Estrat\u00e9gia Concursos\" \/>\n<meta property=\"article:author\" content=\"https:\/\/www.facebook.com\/ricardo.s.torques\" \/>\n<meta property=\"article:published_time\" content=\"2016-09-26T22:02:10+00:00\" \/>\n<meta property=\"article:modified_time\" content=\"2020-07-16T13:53:27+00:00\" \/>\n<meta property=\"og:image\" content=\"https:\/\/dhg1h5j42swfq.cloudfront.net\/2016\/09\/05085422\/Informativo-Estrat%C3%A9gico-e1473076564788.png\" \/>\n\t<meta property=\"og:image:width\" content=\"760\" \/>\n\t<meta property=\"og:image:height\" content=\"510\" \/>\n\t<meta property=\"og:image:type\" content=\"image\/png\" \/>\n<meta name=\"author\" content=\"Ricardo Torques\" \/>\n<meta name=\"twitter:card\" content=\"summary_large_image\" \/>\n<meta name=\"twitter:creator\" content=\"@EstratConcursos\" \/>\n<meta name=\"twitter:site\" content=\"@EstratConcursos\" \/>\n<meta name=\"twitter:label1\" content=\"Escrito por\" \/>\n\t<meta name=\"twitter:data1\" content=\"Ricardo Torques\" \/>\n\t<meta name=\"twitter:label2\" content=\"Est. tempo de leitura\" \/>\n\t<meta name=\"twitter:data2\" content=\"2 minutos\" \/>\n<script type=\"application\/ld+json\" class=\"yoast-schema-graph\">{\"@context\":\"https:\/\/schema.org\",\"@graph\":[{\"@type\":\"NewsArticle\",\"@id\":\"https:\/\/www.estrategiaconcursos.com.br\/blog\/informativo-stf-838-comentado-informativo-estrategico\/#article\",\"isPartOf\":{\"@id\":\"https:\/\/www.estrategiaconcursos.com.br\/blog\/informativo-stf-838-comentado-informativo-estrategico\/\"},\"author\":{\"name\":\"Ricardo Torques\",\"@id\":\"https:\/\/www.estrategiaconcursos.com.br\/blog\/#\/schema\/person\/aa39cf5ddb518e5bdce27c35788405e2\"},\"headline\":\"Informativo STF 838 Comentado &#8211; Informativo Estrat\u00e9gico\",\"datePublished\":\"2016-09-26T22:02:10+00:00\",\"dateModified\":\"2020-07-16T13:53:27+00:00\",\"mainEntityOfPage\":{\"@id\":\"https:\/\/www.estrategiaconcursos.com.br\/blog\/informativo-stf-838-comentado-informativo-estrategico\/\"},\"wordCount\":484,\"commentCount\":0,\"publisher\":{\"@id\":\"https:\/\/www.estrategiaconcursos.com.br\/blog\/#organization\"},\"image\":{\"@id\":\"https:\/\/www.estrategiaconcursos.com.br\/blog\/informativo-stf-838-comentado-informativo-estrategico\/#primaryimage\"},\"thumbnailUrl\":\"https:\/\/dhg1h5j42swfq.cloudfront.net\/2016\/09\/05085422\/Informativo-Estrat%C3%A9gico-e1473076564788.png\",\"keywords\":[\"Informativo Estrat\u00e9gico\",\"informativo stf\"],\"articleSection\":[\"Jur\u00eddico\"],\"inLanguage\":\"pt-BR\",\"potentialAction\":[{\"@type\":\"CommentAction\",\"name\":\"Comment\",\"target\":[\"https:\/\/www.estrategiaconcursos.com.br\/blog\/informativo-stf-838-comentado-informativo-estrategico\/#respond\"]}],\"copyrightYear\":\"2016\",\"copyrightHolder\":{\"@id\":\"https:\/\/www.estrategiaconcursos.com.br\/blog\/#organization\"}},{\"@type\":\"WebPage\",\"@id\":\"https:\/\/www.estrategiaconcursos.com.br\/blog\/informativo-stf-838-comentado-informativo-estrategico\/\",\"url\":\"https:\/\/www.estrategiaconcursos.com.br\/blog\/informativo-stf-838-comentado-informativo-estrategico\/\",\"name\":\"Informativo STF 838 Comentado - Informativo Estrat\u00e9gico\",\"isPartOf\":{\"@id\":\"https:\/\/www.estrategiaconcursos.com.br\/blog\/#website\"},\"primaryImageOfPage\":{\"@id\":\"https:\/\/www.estrategiaconcursos.com.br\/blog\/informativo-stf-838-comentado-informativo-estrategico\/#primaryimage\"},\"image\":{\"@id\":\"https:\/\/www.estrategiaconcursos.com.br\/blog\/informativo-stf-838-comentado-informativo-estrategico\/#primaryimage\"},\"thumbnailUrl\":\"https:\/\/dhg1h5j42swfq.cloudfront.net\/2016\/09\/05085422\/Informativo-Estrat%C3%A9gico-e1473076564788.png\",\"datePublished\":\"2016-09-26T22:02:10+00:00\",\"dateModified\":\"2020-07-16T13:53:27+00:00\",\"description\":\"Informativo STF 838 Comentado - Informativo Estrat\u00e9gico. Mais um Informativo Comentado pelos especialistas do Estrat\u00e9gia Concursos. Leia mais!\",\"breadcrumb\":{\"@id\":\"https:\/\/www.estrategiaconcursos.com.br\/blog\/informativo-stf-838-comentado-informativo-estrategico\/#breadcrumb\"},\"inLanguage\":\"pt-BR\",\"potentialAction\":[{\"@type\":\"ReadAction\",\"target\":[\"https:\/\/www.estrategiaconcursos.com.br\/blog\/informativo-stf-838-comentado-informativo-estrategico\/\"]}]},{\"@type\":\"ImageObject\",\"inLanguage\":\"pt-BR\",\"@id\":\"https:\/\/www.estrategiaconcursos.com.br\/blog\/informativo-stf-838-comentado-informativo-estrategico\/#primaryimage\",\"url\":\"https:\/\/dhg1h5j42swfq.cloudfront.net\/2016\/09\/05085422\/Informativo-Estrat%C3%A9gico-e1473076564788.png\",\"contentUrl\":\"https:\/\/dhg1h5j42swfq.cloudfront.net\/2016\/09\/05085422\/Informativo-Estrat%C3%A9gico-e1473076564788.png\",\"width\":760,\"height\":510,\"caption\":\"Informativo STF Comentado\"},{\"@type\":\"BreadcrumbList\",\"@id\":\"https:\/\/www.estrategiaconcursos.com.br\/blog\/informativo-stf-838-comentado-informativo-estrategico\/#breadcrumb\",\"itemListElement\":[{\"@type\":\"ListItem\",\"position\":1,\"name\":\"In\u00edcio\",\"item\":\"https:\/\/www.estrategiaconcursos.com.br\/blog\/\"},{\"@type\":\"ListItem\",\"position\":2,\"name\":\"Informativo STF 838 Comentado &#8211; Informativo Estrat\u00e9gico\"}]},{\"@type\":\"WebSite\",\"@id\":\"https:\/\/www.estrategiaconcursos.com.br\/blog\/#website\",\"url\":\"https:\/\/www.estrategiaconcursos.com.br\/blog\/\",\"name\":\"Estrat\u00e9gia Concursos\",\"description\":\"O blog da Estrat\u00e9gia Concursos traz not\u00edcias sobre concursos e artigos de professores oferecendo cursos para concursos (pdf + videaulas) no site.\",\"publisher\":{\"@id\":\"https:\/\/www.estrategiaconcursos.com.br\/blog\/#organization\"},\"potentialAction\":[{\"@type\":\"SearchAction\",\"target\":{\"@type\":\"EntryPoint\",\"urlTemplate\":\"https:\/\/www.estrategiaconcursos.com.br\/blog\/?s={search_term_string}\"},\"query-input\":{\"@type\":\"PropertyValueSpecification\",\"valueRequired\":true,\"valueName\":\"search_term_string\"}}],\"inLanguage\":\"pt-BR\"},{\"@type\":\"Organization\",\"@id\":\"https:\/\/www.estrategiaconcursos.com.br\/blog\/#organization\",\"name\":\"Estrat\u00e9gia Concursos\",\"url\":\"https:\/\/www.estrategiaconcursos.com.br\/blog\/\",\"logo\":{\"@type\":\"ImageObject\",\"inLanguage\":\"pt-BR\",\"@id\":\"https:\/\/www.estrategiaconcursos.com.br\/blog\/#\/schema\/logo\/image\/\",\"url\":\"https:\/\/dhg1h5j42swfq.cloudfront.net\/2025\/06\/03203428\/logo_concursos-1.jpg\",\"contentUrl\":\"https:\/\/dhg1h5j42swfq.cloudfront.net\/2025\/06\/03203428\/logo_concursos-1.jpg\",\"width\":230,\"height\":60,\"caption\":\"Estrat\u00e9gia Concursos\"},\"image\":{\"@id\":\"https:\/\/www.estrategiaconcursos.com.br\/blog\/#\/schema\/logo\/image\/\"},\"sameAs\":[\"https:\/\/x.com\/EstratConcursos\"]},{\"@type\":\"Person\",\"@id\":\"https:\/\/www.estrategiaconcursos.com.br\/blog\/#\/schema\/person\/aa39cf5ddb518e5bdce27c35788405e2\",\"name\":\"Ricardo Torques\",\"image\":{\"@type\":\"ImageObject\",\"inLanguage\":\"pt-BR\",\"@id\":\"https:\/\/secure.gravatar.com\/avatar\/ce9ac6c3cff25fe86d15ed568ebc64d1724baf5c0693133bcb1f6073f712f92a?s=96&d=mm&r=g\",\"url\":\"https:\/\/secure.gravatar.com\/avatar\/ce9ac6c3cff25fe86d15ed568ebc64d1724baf5c0693133bcb1f6073f712f92a?s=96&d=mm&r=g\",\"contentUrl\":\"https:\/\/secure.gravatar.com\/avatar\/ce9ac6c3cff25fe86d15ed568ebc64d1724baf5c0693133bcb1f6073f712f92a?s=96&d=mm&r=g\",\"caption\":\"Ricardo Torques\"},\"sameAs\":[\"https:\/\/www.facebook.com\/ricardo.s.torques\"],\"url\":\"https:\/\/www.estrategiaconcursos.com.br\/blog\/author\/ricardotorquesestrategiaconcursos-com-br\/\"}]}<\/script>\n<!-- \/ Yoast SEO Premium plugin. -->","yoast_head_json":{"title":"Informativo STF 838 Comentado - Informativo Estrat\u00e9gico","description":"Informativo STF 838 Comentado - Informativo Estrat\u00e9gico. Mais um Informativo Comentado pelos especialistas do Estrat\u00e9gia Concursos. Leia mais!","robots":{"index":"index","follow":"follow","max-snippet":"max-snippet:-1","max-image-preview":"max-image-preview:large","max-video-preview":"max-video-preview:-1"},"canonical":"https:\/\/www.estrategiaconcursos.com.br\/blog\/informativo-stf-838-comentado-informativo-estrategico\/","og_locale":"pt_BR","og_type":"article","og_title":"Informativo STF 838 Comentado - Informativo Estrat\u00e9gico","og_description":"Informativo STF 838 Comentado - Informativo Estrat\u00e9gico. Mais um Informativo Comentado pelos especialistas do Estrat\u00e9gia Concursos. Leia mais!","og_url":"https:\/\/www.estrategiaconcursos.com.br\/blog\/informativo-stf-838-comentado-informativo-estrategico\/","og_site_name":"Estrat\u00e9gia Concursos","article_author":"https:\/\/www.facebook.com\/ricardo.s.torques","article_published_time":"2016-09-26T22:02:10+00:00","article_modified_time":"2020-07-16T13:53:27+00:00","og_image":[{"width":760,"height":510,"url":"https:\/\/dhg1h5j42swfq.cloudfront.net\/2016\/09\/05085422\/Informativo-Estrat%C3%A9gico-e1473076564788.png","type":"image\/png"}],"author":"Ricardo Torques","twitter_card":"summary_large_image","twitter_creator":"@EstratConcursos","twitter_site":"@EstratConcursos","twitter_misc":{"Escrito por":"Ricardo Torques","Est. tempo de leitura":"2 minutos"},"schema":{"@context":"https:\/\/schema.org","@graph":[{"@type":"NewsArticle","@id":"https:\/\/www.estrategiaconcursos.com.br\/blog\/informativo-stf-838-comentado-informativo-estrategico\/#article","isPartOf":{"@id":"https:\/\/www.estrategiaconcursos.com.br\/blog\/informativo-stf-838-comentado-informativo-estrategico\/"},"author":{"name":"Ricardo Torques","@id":"https:\/\/www.estrategiaconcursos.com.br\/blog\/#\/schema\/person\/aa39cf5ddb518e5bdce27c35788405e2"},"headline":"Informativo STF 838 Comentado &#8211; Informativo Estrat\u00e9gico","datePublished":"2016-09-26T22:02:10+00:00","dateModified":"2020-07-16T13:53:27+00:00","mainEntityOfPage":{"@id":"https:\/\/www.estrategiaconcursos.com.br\/blog\/informativo-stf-838-comentado-informativo-estrategico\/"},"wordCount":484,"commentCount":0,"publisher":{"@id":"https:\/\/www.estrategiaconcursos.com.br\/blog\/#organization"},"image":{"@id":"https:\/\/www.estrategiaconcursos.com.br\/blog\/informativo-stf-838-comentado-informativo-estrategico\/#primaryimage"},"thumbnailUrl":"https:\/\/dhg1h5j42swfq.cloudfront.net\/2016\/09\/05085422\/Informativo-Estrat%C3%A9gico-e1473076564788.png","keywords":["Informativo Estrat\u00e9gico","informativo stf"],"articleSection":["Jur\u00eddico"],"inLanguage":"pt-BR","potentialAction":[{"@type":"CommentAction","name":"Comment","target":["https:\/\/www.estrategiaconcursos.com.br\/blog\/informativo-stf-838-comentado-informativo-estrategico\/#respond"]}],"copyrightYear":"2016","copyrightHolder":{"@id":"https:\/\/www.estrategiaconcursos.com.br\/blog\/#organization"}},{"@type":"WebPage","@id":"https:\/\/www.estrategiaconcursos.com.br\/blog\/informativo-stf-838-comentado-informativo-estrategico\/","url":"https:\/\/www.estrategiaconcursos.com.br\/blog\/informativo-stf-838-comentado-informativo-estrategico\/","name":"Informativo STF 838 Comentado - Informativo Estrat\u00e9gico","isPartOf":{"@id":"https:\/\/www.estrategiaconcursos.com.br\/blog\/#website"},"primaryImageOfPage":{"@id":"https:\/\/www.estrategiaconcursos.com.br\/blog\/informativo-stf-838-comentado-informativo-estrategico\/#primaryimage"},"image":{"@id":"https:\/\/www.estrategiaconcursos.com.br\/blog\/informativo-stf-838-comentado-informativo-estrategico\/#primaryimage"},"thumbnailUrl":"https:\/\/dhg1h5j42swfq.cloudfront.net\/2016\/09\/05085422\/Informativo-Estrat%C3%A9gico-e1473076564788.png","datePublished":"2016-09-26T22:02:10+00:00","dateModified":"2020-07-16T13:53:27+00:00","description":"Informativo STF 838 Comentado - Informativo Estrat\u00e9gico. Mais um Informativo Comentado pelos especialistas do Estrat\u00e9gia Concursos. Leia mais!","breadcrumb":{"@id":"https:\/\/www.estrategiaconcursos.com.br\/blog\/informativo-stf-838-comentado-informativo-estrategico\/#breadcrumb"},"inLanguage":"pt-BR","potentialAction":[{"@type":"ReadAction","target":["https:\/\/www.estrategiaconcursos.com.br\/blog\/informativo-stf-838-comentado-informativo-estrategico\/"]}]},{"@type":"ImageObject","inLanguage":"pt-BR","@id":"https:\/\/www.estrategiaconcursos.com.br\/blog\/informativo-stf-838-comentado-informativo-estrategico\/#primaryimage","url":"https:\/\/dhg1h5j42swfq.cloudfront.net\/2016\/09\/05085422\/Informativo-Estrat%C3%A9gico-e1473076564788.png","contentUrl":"https:\/\/dhg1h5j42swfq.cloudfront.net\/2016\/09\/05085422\/Informativo-Estrat%C3%A9gico-e1473076564788.png","width":760,"height":510,"caption":"Informativo STF Comentado"},{"@type":"BreadcrumbList","@id":"https:\/\/www.estrategiaconcursos.com.br\/blog\/informativo-stf-838-comentado-informativo-estrategico\/#breadcrumb","itemListElement":[{"@type":"ListItem","position":1,"name":"In\u00edcio","item":"https:\/\/www.estrategiaconcursos.com.br\/blog\/"},{"@type":"ListItem","position":2,"name":"Informativo STF 838 Comentado &#8211; Informativo Estrat\u00e9gico"}]},{"@type":"WebSite","@id":"https:\/\/www.estrategiaconcursos.com.br\/blog\/#website","url":"https:\/\/www.estrategiaconcursos.com.br\/blog\/","name":"Estrat\u00e9gia Concursos","description":"O blog da Estrat\u00e9gia Concursos traz not\u00edcias sobre concursos e artigos de professores oferecendo cursos para concursos (pdf + videaulas) no site.","publisher":{"@id":"https:\/\/www.estrategiaconcursos.com.br\/blog\/#organization"},"potentialAction":[{"@type":"SearchAction","target":{"@type":"EntryPoint","urlTemplate":"https:\/\/www.estrategiaconcursos.com.br\/blog\/?s={search_term_string}"},"query-input":{"@type":"PropertyValueSpecification","valueRequired":true,"valueName":"search_term_string"}}],"inLanguage":"pt-BR"},{"@type":"Organization","@id":"https:\/\/www.estrategiaconcursos.com.br\/blog\/#organization","name":"Estrat\u00e9gia Concursos","url":"https:\/\/www.estrategiaconcursos.com.br\/blog\/","logo":{"@type":"ImageObject","inLanguage":"pt-BR","@id":"https:\/\/www.estrategiaconcursos.com.br\/blog\/#\/schema\/logo\/image\/","url":"https:\/\/dhg1h5j42swfq.cloudfront.net\/2025\/06\/03203428\/logo_concursos-1.jpg","contentUrl":"https:\/\/dhg1h5j42swfq.cloudfront.net\/2025\/06\/03203428\/logo_concursos-1.jpg","width":230,"height":60,"caption":"Estrat\u00e9gia Concursos"},"image":{"@id":"https:\/\/www.estrategiaconcursos.com.br\/blog\/#\/schema\/logo\/image\/"},"sameAs":["https:\/\/x.com\/EstratConcursos"]},{"@type":"Person","@id":"https:\/\/www.estrategiaconcursos.com.br\/blog\/#\/schema\/person\/aa39cf5ddb518e5bdce27c35788405e2","name":"Ricardo Torques","image":{"@type":"ImageObject","inLanguage":"pt-BR","@id":"https:\/\/secure.gravatar.com\/avatar\/ce9ac6c3cff25fe86d15ed568ebc64d1724baf5c0693133bcb1f6073f712f92a?s=96&d=mm&r=g","url":"https:\/\/secure.gravatar.com\/avatar\/ce9ac6c3cff25fe86d15ed568ebc64d1724baf5c0693133bcb1f6073f712f92a?s=96&d=mm&r=g","contentUrl":"https:\/\/secure.gravatar.com\/avatar\/ce9ac6c3cff25fe86d15ed568ebc64d1724baf5c0693133bcb1f6073f712f92a?s=96&d=mm&r=g","caption":"Ricardo Torques"},"sameAs":["https:\/\/www.facebook.com\/ricardo.s.torques"],"url":"https:\/\/www.estrategiaconcursos.com.br\/blog\/author\/ricardotorquesestrategiaconcursos-com-br\/"}]}},"_links":{"self":[{"href":"https:\/\/www.estrategiaconcursos.com.br\/blog\/wp-json\/wp\/v2\/posts\/50713","targetHints":{"allow":["GET"]}}],"collection":[{"href":"https:\/\/www.estrategiaconcursos.com.br\/blog\/wp-json\/wp\/v2\/posts"}],"about":[{"href":"https:\/\/www.estrategiaconcursos.com.br\/blog\/wp-json\/wp\/v2\/types\/post"}],"author":[{"embeddable":true,"href":"https:\/\/www.estrategiaconcursos.com.br\/blog\/wp-json\/wp\/v2\/users\/180"}],"replies":[{"embeddable":true,"href":"https:\/\/www.estrategiaconcursos.com.br\/blog\/wp-json\/wp\/v2\/comments?post=50713"}],"version-history":[{"count":7,"href":"https:\/\/www.estrategiaconcursos.com.br\/blog\/wp-json\/wp\/v2\/posts\/50713\/revisions"}],"predecessor-version":[{"id":542847,"href":"https:\/\/www.estrategiaconcursos.com.br\/blog\/wp-json\/wp\/v2\/posts\/50713\/revisions\/542847"}],"wp:featuredmedia":[{"embeddable":true,"href":"https:\/\/www.estrategiaconcursos.com.br\/blog\/wp-json\/wp\/v2\/media\/48159"}],"wp:attachment":[{"href":"https:\/\/www.estrategiaconcursos.com.br\/blog\/wp-json\/wp\/v2\/media?parent=50713"}],"wp:term":[{"taxonomy":"category","embeddable":true,"href":"https:\/\/www.estrategiaconcursos.com.br\/blog\/wp-json\/wp\/v2\/categories?post=50713"},{"taxonomy":"post_tag","embeddable":true,"href":"https:\/\/www.estrategiaconcursos.com.br\/blog\/wp-json\/wp\/v2\/tags?post=50713"},{"taxonomy":"tax_estado","embeddable":true,"href":"https:\/\/www.estrategiaconcursos.com.br\/blog\/wp-json\/wp\/v2\/tax_estado?post=50713"}],"curies":[{"name":"wp","href":"https:\/\/api.w.org\/{rel}","templated":true}]}}