{"id":506644,"date":"2020-04-23T17:05:57","date_gmt":"2020-04-23T20:05:57","guid":{"rendered":"https:\/\/www.estrategiaconcursos.com.br\/blog\/?p=506644"},"modified":"2020-04-25T11:56:34","modified_gmt":"2020-04-25T14:56:34","slug":"pss-cabo-de-santo-agostinho-saude","status":"publish","type":"post","link":"https:\/\/www.estrategiaconcursos.com.br\/blog\/pss-cabo-de-santo-agostinho-saude\/","title":{"rendered":"PSS Cabo de Santo Agostinho oferta 248 vagas para Sa\u00fade"},"content":{"rendered":"\n<p>O edital do <strong>processo seletivo simplificado da Prefeitura Municipal do Cabo de Santo Agostinho<\/strong>, Estado de Pernambuco, contempla oportunidades para a \u00e1rea da Sa\u00fade. Ao todo, s\u00e3o ofertadas <strong>248 vagas<\/strong> para diversos cargos de n\u00edvel fundamental, m\u00e9dio, m\u00e9dio\/t\u00e9cnico e superior.<\/p>\n\n\n\n<p>Os contratos tempor\u00e1rios decorrentes deste certame ser\u00e3o v\u00e1lidos pelo prazo de 06 meses, a contar da data da sua assinatura, podendo ser prorrogados por igual per\u00edodo a crit\u00e9rio da Secretaria Municipal de Sa\u00fade.<\/p>\n\n\n\n<h2 class=\"wp-block-heading\" id=\"datas\">Principais datas<\/h2>\n\n\n\n<p class=\"has-background has-very-light-gray-background-color\"><strong>Inscri\u00e7\u00f5es e entrega dos documentos<\/strong>: 20 a 24 de abril<br \/><strong>Resultado preliminar da an\u00e1lise de documentos<\/strong>: 29 de abril<br \/><strong>Prazo para recurso do resultado preliminar<\/strong>: 28 e 29 de abril<br \/><strong>Resultado e lista final de aprovados e classificados<\/strong>: 30 de abril<\/p>\n\n\n\n<p>As inscri\u00e7\u00f5es para a Sele\u00e7\u00e3o Simplificada s\u00e3o gratuitas e podem ser realizadas de duas formas: <\/p>\n\n\n\n<ul class=\"wp-block-list\"><li><strong>Presencial<\/strong> &#8211; na Secretaria Municipal de Sa\u00fade, situada na situada na Rodovia PE60, Km 0,5 \u2013 Garapu \u2013 Cabo de Santo Agostinho\/PE, no hor\u00e1rio das 9h \u00e0s 14h<\/li><li><strong>Site da Prefeitura<\/strong> &#8211; enviando os documentos comprobat\u00f3rios, al\u00e9m de preencher e assinar o formul\u00e1rio de inscri\u00e7\u00e3o<\/li><\/ul>\n\n\n\n<h2 class=\"wp-block-heading\" id=\"cargos-vagas\">Cargos e vagas<\/h2>\n\n\n\n<h3 class=\"wp-block-heading\">N\u00edvel fundamental<\/h3>\n\n\n\n<figure class=\"wp-block-table is-style-stripes\"><table class=\"has-subtle-pale-blue-background-color has-fixed-layout has-background\"><tbody><tr><td><strong>CARGO<\/strong><\/td><td><strong>VAGAS<\/strong><\/td><td><strong>REMUNERA\u00c7\u00c3O<\/strong><\/td><\/tr><tr><td>AUXILIAR DE SERVI\u00c7OS GERAIS<\/td><td>20<\/td><td>R$ 1.136,33<\/td><\/tr><tr><td>MAQUEIRO<\/td><td>18<\/td><td>R$ 1.136,33<\/td><\/tr><tr><td>PINTOR DIARISTA<\/td><td>01<\/td><td>R$ 1.136,33<\/td><\/tr><tr><td>LAVADOR DE AMBUL\u00c2NCIA<\/td><td>04<\/td><td>R$ 1.136,33<\/td><\/tr><tr><td>PEDREIRO DIARISTA<\/td><td>01<\/td><td>R$ 1.136,33<\/td><\/tr><\/tbody><\/table><\/figure>\n\n\n\n<h3 class=\"wp-block-heading\">N\u00edvel m\u00e9dio e m\u00e9dio\/t\u00e9cnico<\/h3>\n\n\n\n<figure class=\"wp-block-table is-style-stripes\"><table class=\"has-subtle-pale-blue-background-color has-fixed-layout has-background\"><tbody><tr><td><strong>CARGO<\/strong><\/td><td><strong>VAGAS<\/strong><\/td><td><strong>REMUNERA\u00c7\u00c3O<\/strong><\/td><\/tr><tr><td>T\u00c9CNICO DE ENFERMAGEM<\/td><td>80<\/td><td>R$ 1.136,33<\/td><\/tr><tr><td>AUXILIAR DE FARM\u00c1CIA<\/td><td>12<\/td><td>R$ 1.136,33<\/td><\/tr><tr><td>PORTEIRO<\/td><td>08<\/td><td>R$ 1.136,33<\/td><\/tr><tr><td>AUXILIAR ADMINISTRATIVO<\/td><td>04<\/td><td>R$ 1.136,33<\/td><\/tr><\/tbody><\/table><\/figure>\n\n\n\n<h3 class=\"wp-block-heading\">N\u00edvel superior<\/h3>\n\n\n\n<figure class=\"wp-block-table is-style-stripes\"><table class=\"has-subtle-pale-blue-background-color has-fixed-layout has-background\"><tbody><tr><td><strong>CARGO<\/strong><\/td><td><strong>VAGAS<\/strong><\/td><td><strong>REMUNERA\u00c7\u00c3O<\/strong><\/td><\/tr><tr><td>M\u00c9DICO<\/td><td>21<\/td><td>R$ 8.162,81<\/td><\/tr><tr><td>ENFERMEIRO PLANTONISTA<\/td><td>24<\/td><td>R$ 2.397,93<\/td><\/tr><tr><td>ENFERMEIRO DIARISTA<\/td><td>03<\/td><td>R$ 4.738,38<\/td><\/tr><tr><td>NUTRICIONISTA<\/td><td>04<\/td><td>R$ 2.879,73<\/td><\/tr><tr><td>FARMAC\u00caUTICO<\/td><td>12<\/td><td>R$ 2.879,73<\/td><\/tr><tr><td>FISIOTERAPEUTA<\/td><td>24<\/td><td>R$ 2.798,82<\/td><\/tr><tr><td>ASSISTENTE SOCIAL<\/td><td>12<\/td><td>R$ 2.879,73<\/td><\/tr><\/tbody><\/table><\/figure>\n\n\n\n<h2 class=\"wp-block-heading\" id=\"etapas\">Etapas e provas<\/h2>\n\n\n\n<p>Os candidatos passar\u00e3o pela etapa \u00fanica de <strong>Avalia\u00e7\u00e3o Curricular \u2013 An\u00e1lise de T\u00edtulos<\/strong>, que ter\u00e1 car\u00e1ter eliminat\u00f3rio e classificat\u00f3rio. O valor m\u00e1ximo ser\u00e1 de 100 pontos.<\/p>\n\n\n\n<p>Os inscritos dever\u00e3o, obrigatoriamente, apresentar conforme a fun\u00e7\u00e3o escolhida a Certid\u00e3o\/hist\u00f3rico escolar de conclus\u00e3o do Ensino m\u00e9dio ou Diploma de gradua\u00e7\u00e3o na \u00e1rea exigida.<\/p>\n\n\n\n<p>A experi\u00eancia profissional ser\u00e1 comprovada mediante:<\/p>\n\n\n\n<ul class=\"wp-block-list\"><li><strong>a) <\/strong>Carteira de Trabalho e Previd\u00eancia Social \u2013 CTPS;<\/li><li><strong>b) <\/strong>Certid\u00e3o\/Declara\u00e7\u00e3o de tempo de servi\u00e7o p\u00fablico ou privado, emitida pela unidade de recursos humanos da institui\u00e7\u00e3o em que trabalha ou trabalhou, na qual constem expressamente o cargo\/fun\u00e7\u00e3o e as atividades desenvolvidas;<\/li><li><strong>c) <\/strong>No caso de experi\u00eancia profissional como aut\u00f4nomo, mediante documento oficial, no qual constem expressamente as atividades desenvolvidas;<\/li><li><strong>d) <\/strong>No caso de experi\u00eancia profissional no exterior, mediante certid\u00e3o da institui\u00e7\u00e3o para a qual trabalhou, acompanhada de tradu\u00e7\u00e3o para a l\u00edngua portuguesa, feita por tradutor juramentado, na qual constem expressamente o cargo\/fun\u00e7\u00e3o desempenhado e as atividades desenvolvidas;<\/li><li><strong>e) <\/strong>No caso de experi\u00eancia como cooperativado, mediante declara\u00e7\u00e3o autenticada em cart\u00f3rio, assinada pelo dirigente m\u00e1ximo da entidade \u00e0 qual se vincula ou vinculou, na qual constem expressamente as atividades desenvolvidas.<\/li><\/ul>\n\n\n\n<h3 class=\"wp-block-heading\">Tabelas de pontos<\/h3>\n\n\n\n<p class=\"has-medium-font-size\"><strong>N\u00cdVEL SUPERIOR<\/strong><\/p>\n\n\n\n<figure class=\"wp-block-table is-style-stripes\"><table class=\"has-subtle-pale-blue-background-color has-fixed-layout has-background\"><thead><tr><th class=\"has-text-align-center\" data-align=\"center\"><strong>Indicadores<\/strong><\/th><th class=\"has-text-align-center\" data-align=\"center\"><strong>Pontua\u00e7\u00e3o Unit\u00e1ria<\/strong><\/th><th class=\"has-text-align-center\" data-align=\"center\"><strong>Pontua\u00e7\u00e3o M\u00e1xima<\/strong><\/th><\/tr><\/thead><tbody><tr><td class=\"has-text-align-center\" data-align=\"center\">Certificado\/declara\u00e7\u00e3o de conclus\u00e3o de curso de p\u00f3s-gradua\u00e7\u00e3o <em>lato ou stricto sensu<\/em> com carga m\u00ednima de 360h<\/td><td class=\"has-text-align-center\" data-align=\"center\">30<\/td><td class=\"has-text-align-center\" data-align=\"center\">40 (apenas um certificado)<\/td><\/tr><tr><td class=\"has-text-align-center\" data-align=\"center\">Certificado\/declara\u00e7\u00e3o de conclus\u00e3o de curso de especializa\u00e7\u00e3o <em>stricto sensu<\/em> &#8211; MESTRADO<\/td><td class=\"has-text-align-center\" data-align=\"center\">35<\/td><td class=\"has-text-align-center\" data-align=\"center\">40 (apenas um certificado)<\/td><\/tr><tr><td class=\"has-text-align-center\" data-align=\"center\">Certificado\/declara\u00e7\u00e3o de conclus\u00e3o de curso de especializa\u00e7\u00e3o <em>stricto sensu<\/em> &#8211; DOUTORADO<\/td><td class=\"has-text-align-center\" data-align=\"center\">40<\/td><td class=\"has-text-align-center\" data-align=\"center\">40 (apenas um certificado)<\/td><\/tr><tr><td class=\"has-text-align-center\" data-align=\"center\">Cursos, oficinas, minicursos, semin\u00e1rios e congressos na \u00e1rea escolhida <\/td><td class=\"has-text-align-center\" data-align=\"center\">5 (16 horas a 60 horas)<br \/>10 (De 61 a 80 horas)<br \/>20 (Acima de 81 horas)<\/td><td class=\"has-text-align-center\" data-align=\"center\">20<\/td><\/tr><tr><td class=\"has-text-align-center\" data-align=\"center\">Experi\u00eancia profissional no exerc\u00edcio de cargo, emprego ou fun\u00e7\u00e3o na \u00e1rea escolhida<\/td><td class=\"has-text-align-center\" data-align=\"center\">5 (a cada 6 meses de experi\u00eancia)<\/td><td class=\"has-text-align-center\" data-align=\"center\">40<\/td><\/tr><tr><td class=\"has-text-align-center\" data-align=\"center\"><strong>TOTAL<\/strong><\/td><td class=\"has-text-align-center\" data-align=\"center\"><\/td><td class=\"has-text-align-center\" data-align=\"center\"><strong>100<\/strong><\/td><\/tr><\/tbody><\/table><\/figure>\n\n\n\n<p class=\"has-medium-font-size\"><strong>N\u00cdVEL M\u00c9DIO<\/strong><\/p>\n\n\n\n<figure class=\"wp-block-table is-style-stripes\"><table class=\"has-subtle-pale-blue-background-color has-fixed-layout has-background\"><thead><tr><th class=\"has-text-align-center\" data-align=\"center\"><strong>Indicadores<\/strong><\/th><th class=\"has-text-align-center\" data-align=\"center\"><strong>Pontua\u00e7\u00e3o Unit\u00e1ria<\/strong><\/th><th class=\"has-text-align-center\" data-align=\"center\"><strong>Pontua\u00e7\u00e3o M\u00e1xima<\/strong><\/th><\/tr><\/thead><tbody><tr><td class=\"has-text-align-center\" data-align=\"center\">Cursos, oficinas, minicursos, semin\u00e1rios e congressos na \u00e1rea escolhida <\/td><td class=\"has-text-align-center\" data-align=\"center\">5 (8 horas a 16 horas)<br \/>10 (De 17 a 40 horas)<br \/>15 (De 41 a 60 horas)<br \/>20 (Acima de 81 horas)<\/td><td class=\"has-text-align-center\" data-align=\"center\">40<\/td><\/tr><tr><td class=\"has-text-align-center\" data-align=\"center\">Experi\u00eancia profissional no exerc\u00edcio de cargo, emprego ou fun\u00e7\u00e3o na \u00e1rea escolhida<\/td><td class=\"has-text-align-center\" data-align=\"center\">5 (a cada 6 meses de experi\u00eancia)<\/td><td class=\"has-text-align-center\" data-align=\"center\">60<\/td><\/tr><tr><td class=\"has-text-align-center\" data-align=\"center\"><strong>TOTAL<\/strong><\/td><td class=\"has-text-align-center\" data-align=\"center\"><\/td><td class=\"has-text-align-center\" data-align=\"center\"><strong>100<\/strong><\/td><\/tr><\/tbody><\/table><\/figure>\n\n\n\n<hr class=\"wp-block-separator\"\/>\n\n\n\n<p class=\"has-text-align-center has-medium-font-size\"><em><strong>Assinatura Anual Ilimitada*<\/strong><\/em><\/p>\n\n\n\n<p class=\"has-text-align-center\"><em>Prepare-se com o melhor material e com quem mais aprova em Concursos P\u00fablicos em todo o pa\u00eds. Assine agora a nossa Assinatura Anual e tenha acesso ilimitado* a todos os nossos cursos.<\/em><\/p>\n\n\n\n<p style=\"font-size:22px\" class=\"has-background has-text-align-center has-luminous-vivid-amber-background-color\"><strong>ASSINE AGORA<\/strong>&nbsp;\u2013&nbsp;<strong><a rel=\"noreferrer noopener\" href=\"https:\/\/www.estrategiaconcursos.com.br\/assinaturas\" target=\"_blank\">Assinatura Ilimitada<\/a><\/strong><\/p>\n\n\n\n<p class=\"has-text-align-center has-medium-font-size\"><strong><em>Fique por dentro de todos os concursos<\/em><\/strong><\/p>\n\n\n\n<p style=\"font-size:22px\" class=\"has-background has-text-align-center has-pale-cyan-blue-background-color\"><a rel=\"noreferrer noopener\" href=\"https:\/\/www.estrategiaconcursos.com.br\/blog\/concursos-abertos\/\" target=\"_blank\"><strong>CONCURSOS ABERTOS<\/strong><\/a><\/p>\n\n\n\n<p style=\"font-size:22px\" class=\"has-background has-text-align-center has-pale-cyan-blue-background-color\"><a rel=\"noreferrer noopener\" href=\"https:\/\/www.estrategiaconcursos.com.br\/blog\/concursos-2020\/\" target=\"_blank\"><strong>CONCURSOS&nbsp;2020<\/strong><\/a><\/p>\n\n\n\n<figure class=\"wp-block-image\"><img loading=\"lazy\" decoding=\"async\" width=\"300\" height=\"102\" src=\"https:\/\/dhg1h5j42swfq.cloudfront.net\/2017\/03\/28152500\/coruja-ficha-tecnica-300x102.png\" alt=\"\" class=\"wp-image-68542\"\/><\/figure>\n\n\n\n<p>\u25ba<strong>Vagas<\/strong>: 248<br \/>\u25ba<strong>Cargos<\/strong>: Diversos<br \/>\u25ba<strong>Banca<\/strong>: Prefeitura<br \/>\u25ba<strong>Escolaridade<\/strong>: N\u00edvel fundamental, m\u00e9dio, m\u00e9dio\/t\u00e9cnico e superior<br \/>\u25ba<strong>Edital<\/strong>:&nbsp;<a href=\"https:\/\/dhg1h5j42swfq.cloudfront.net\/2020\/04\/23164729\/Edital-PSS-Cabo-de-Santo-Agostinho.pdf\" target=\"_blank\" rel=\"noreferrer noopener\">PSS Cabo de Santo Agostinho<\/a><\/p>\n\n\n\n<p><em>Ascom Estrat\u00e9gia<\/em><br \/>ascomestrategia@gmail.com<\/p>\n","protected":false},"excerpt":{"rendered":"<p>O edital do processo seletivo simplificado da Prefeitura Municipal do Cabo de Santo Agostinho, Estado de Pernambuco, contempla oportunidades para a \u00e1rea da Sa\u00fade. Ao todo, s\u00e3o ofertadas 248 vagas para diversos cargos de n\u00edvel fundamental, m\u00e9dio, m\u00e9dio\/t\u00e9cnico e superior. Os contratos tempor\u00e1rios decorrentes deste certame ser\u00e3o v\u00e1lidos pelo prazo de 06 meses, a contar [&hellip;]<\/p>\n","protected":false},"author":561,"featured_media":469974,"comment_status":"open","ping_status":"closed","sticky":false,"template":"","format":"standard","meta":{"post_tipo":"article","footnotes":""},"categories":[1],"tags":[],"tax_estado":[],"class_list":["post-506644","post","type-post","status-publish","format-standard","has-post-thumbnail","hentry","category-cursos-e-concursos"],"acf":[],"yoast_head":"<!-- This site is optimized with the Yoast SEO Premium plugin v27.2 (Yoast SEO v27.2) - https:\/\/yoast.com\/product\/yoast-seo-premium-wordpress\/ -->\n<title>PSS Cabo de Santo Agostinho oferta 248 vagas para Sa\u00fade<\/title>\n<meta name=\"description\" content=\"Processo Seletivo Simplificado do Cabo de Santo Agostinho oferta 248 vagas para cargos da Secretaria Municipal da Sa\u00fade. Confira!\" \/>\n<meta name=\"robots\" content=\"index, follow, max-snippet:-1, max-image-preview:large, max-video-preview:-1\" \/>\n<link rel=\"canonical\" href=\"https:\/\/www.estrategiaconcursos.com.br\/blog\/pss-cabo-de-santo-agostinho-saude\/\" \/>\n<meta property=\"og:locale\" content=\"pt_BR\" \/>\n<meta property=\"og:type\" content=\"article\" \/>\n<meta property=\"og:title\" content=\"PSS Cabo de Santo Agostinho oferta 248 vagas para Sa\u00fade\" \/>\n<meta property=\"og:description\" content=\"Processo Seletivo Simplificado do Cabo de Santo Agostinho oferta 248 vagas para cargos da Secretaria Municipal da Sa\u00fade. Confira!\" \/>\n<meta property=\"og:url\" content=\"https:\/\/www.estrategiaconcursos.com.br\/blog\/pss-cabo-de-santo-agostinho-saude\/\" \/>\n<meta property=\"og:site_name\" content=\"Estrat\u00e9gia Concursos\" \/>\n<meta property=\"article:published_time\" content=\"2020-04-23T20:05:57+00:00\" \/>\n<meta property=\"article:modified_time\" content=\"2020-04-25T14:56:34+00:00\" \/>\n<meta property=\"og:image\" content=\"https:\/\/dhg1h5j42swfq.cloudfront.net\/2020\/01\/14161039\/Prefeitura-Cabo-Frio.png\" \/>\n\t<meta property=\"og:image:width\" content=\"1200\" \/>\n\t<meta property=\"og:image:height\" content=\"628\" \/>\n\t<meta property=\"og:image:type\" content=\"image\/png\" \/>\n<meta name=\"author\" content=\"Ligia Carvalheiro Fernandes\" \/>\n<meta name=\"twitter:card\" content=\"summary_large_image\" \/>\n<meta name=\"twitter:creator\" content=\"@EstratConcursos\" \/>\n<meta name=\"twitter:site\" content=\"@EstratConcursos\" \/>\n<meta name=\"twitter:label1\" content=\"Escrito por\" \/>\n\t<meta name=\"twitter:data1\" content=\"Ligia Carvalheiro Fernandes\" \/>\n\t<meta name=\"twitter:label2\" content=\"Est. tempo de leitura\" \/>\n\t<meta name=\"twitter:data2\" content=\"4 minutos\" \/>\n<script type=\"application\/ld+json\" class=\"yoast-schema-graph\">{\"@context\":\"https:\/\/schema.org\",\"@graph\":[{\"@type\":\"NewsArticle\",\"@id\":\"https:\/\/www.estrategiaconcursos.com.br\/blog\/pss-cabo-de-santo-agostinho-saude\/#article\",\"isPartOf\":{\"@id\":\"https:\/\/www.estrategiaconcursos.com.br\/blog\/pss-cabo-de-santo-agostinho-saude\/\"},\"author\":{\"name\":\"Ligia Carvalheiro Fernandes\",\"@id\":\"https:\/\/www.estrategiaconcursos.com.br\/blog\/#\/schema\/person\/cc76e9dac392d5e35e7d00c493eee792\"},\"headline\":\"PSS Cabo de Santo Agostinho oferta 248 vagas para Sa\u00fade\",\"datePublished\":\"2020-04-23T20:05:57+00:00\",\"dateModified\":\"2020-04-25T14:56:34+00:00\",\"mainEntityOfPage\":{\"@id\":\"https:\/\/www.estrategiaconcursos.com.br\/blog\/pss-cabo-de-santo-agostinho-saude\/\"},\"wordCount\":763,\"commentCount\":0,\"publisher\":{\"@id\":\"https:\/\/www.estrategiaconcursos.com.br\/blog\/#organization\"},\"image\":{\"@id\":\"https:\/\/www.estrategiaconcursos.com.br\/blog\/pss-cabo-de-santo-agostinho-saude\/#primaryimage\"},\"thumbnailUrl\":\"https:\/\/dhg1h5j42swfq.cloudfront.net\/2020\/01\/14161039\/Prefeitura-Cabo-Frio.png\",\"articleSection\":[\"Concursos P\u00fablicos\"],\"inLanguage\":\"pt-BR\",\"potentialAction\":[{\"@type\":\"CommentAction\",\"name\":\"Comment\",\"target\":[\"https:\/\/www.estrategiaconcursos.com.br\/blog\/pss-cabo-de-santo-agostinho-saude\/#respond\"]}],\"copyrightYear\":\"2020\",\"copyrightHolder\":{\"@id\":\"https:\/\/www.estrategiaconcursos.com.br\/blog\/#organization\"}},{\"@type\":\"WebPage\",\"@id\":\"https:\/\/www.estrategiaconcursos.com.br\/blog\/pss-cabo-de-santo-agostinho-saude\/\",\"url\":\"https:\/\/www.estrategiaconcursos.com.br\/blog\/pss-cabo-de-santo-agostinho-saude\/\",\"name\":\"PSS Cabo de Santo Agostinho oferta 248 vagas para Sa\u00fade\",\"isPartOf\":{\"@id\":\"https:\/\/www.estrategiaconcursos.com.br\/blog\/#website\"},\"primaryImageOfPage\":{\"@id\":\"https:\/\/www.estrategiaconcursos.com.br\/blog\/pss-cabo-de-santo-agostinho-saude\/#primaryimage\"},\"image\":{\"@id\":\"https:\/\/www.estrategiaconcursos.com.br\/blog\/pss-cabo-de-santo-agostinho-saude\/#primaryimage\"},\"thumbnailUrl\":\"https:\/\/dhg1h5j42swfq.cloudfront.net\/2020\/01\/14161039\/Prefeitura-Cabo-Frio.png\",\"datePublished\":\"2020-04-23T20:05:57+00:00\",\"dateModified\":\"2020-04-25T14:56:34+00:00\",\"description\":\"Processo Seletivo Simplificado do Cabo de Santo Agostinho oferta 248 vagas para cargos da Secretaria Municipal da Sa\u00fade. Confira!\",\"breadcrumb\":{\"@id\":\"https:\/\/www.estrategiaconcursos.com.br\/blog\/pss-cabo-de-santo-agostinho-saude\/#breadcrumb\"},\"inLanguage\":\"pt-BR\",\"potentialAction\":[{\"@type\":\"ReadAction\",\"target\":[\"https:\/\/www.estrategiaconcursos.com.br\/blog\/pss-cabo-de-santo-agostinho-saude\/\"]}]},{\"@type\":\"ImageObject\",\"inLanguage\":\"pt-BR\",\"@id\":\"https:\/\/www.estrategiaconcursos.com.br\/blog\/pss-cabo-de-santo-agostinho-saude\/#primaryimage\",\"url\":\"https:\/\/dhg1h5j42swfq.cloudfront.net\/2020\/01\/14161039\/Prefeitura-Cabo-Frio.png\",\"contentUrl\":\"https:\/\/dhg1h5j42swfq.cloudfront.net\/2020\/01\/14161039\/Prefeitura-Cabo-Frio.png\",\"width\":1200,\"height\":628,\"caption\":\"Concurso de Cabo Frio\"},{\"@type\":\"BreadcrumbList\",\"@id\":\"https:\/\/www.estrategiaconcursos.com.br\/blog\/pss-cabo-de-santo-agostinho-saude\/#breadcrumb\",\"itemListElement\":[{\"@type\":\"ListItem\",\"position\":1,\"name\":\"In\u00edcio\",\"item\":\"https:\/\/www.estrategiaconcursos.com.br\/blog\/\"},{\"@type\":\"ListItem\",\"position\":2,\"name\":\"PSS Cabo de Santo Agostinho oferta 248 vagas para Sa\u00fade\"}]},{\"@type\":\"WebSite\",\"@id\":\"https:\/\/www.estrategiaconcursos.com.br\/blog\/#website\",\"url\":\"https:\/\/www.estrategiaconcursos.com.br\/blog\/\",\"name\":\"Estrat\u00e9gia Concursos\",\"description\":\"O blog da Estrat\u00e9gia Concursos traz not\u00edcias sobre concursos e artigos de professores oferecendo cursos para concursos (pdf + videaulas) no site.\",\"publisher\":{\"@id\":\"https:\/\/www.estrategiaconcursos.com.br\/blog\/#organization\"},\"potentialAction\":[{\"@type\":\"SearchAction\",\"target\":{\"@type\":\"EntryPoint\",\"urlTemplate\":\"https:\/\/www.estrategiaconcursos.com.br\/blog\/?s={search_term_string}\"},\"query-input\":{\"@type\":\"PropertyValueSpecification\",\"valueRequired\":true,\"valueName\":\"search_term_string\"}}],\"inLanguage\":\"pt-BR\"},{\"@type\":\"Organization\",\"@id\":\"https:\/\/www.estrategiaconcursos.com.br\/blog\/#organization\",\"name\":\"Estrat\u00e9gia Concursos\",\"url\":\"https:\/\/www.estrategiaconcursos.com.br\/blog\/\",\"logo\":{\"@type\":\"ImageObject\",\"inLanguage\":\"pt-BR\",\"@id\":\"https:\/\/www.estrategiaconcursos.com.br\/blog\/#\/schema\/logo\/image\/\",\"url\":\"https:\/\/dhg1h5j42swfq.cloudfront.net\/2025\/06\/03203428\/logo_concursos-1.jpg\",\"contentUrl\":\"https:\/\/dhg1h5j42swfq.cloudfront.net\/2025\/06\/03203428\/logo_concursos-1.jpg\",\"width\":230,\"height\":60,\"caption\":\"Estrat\u00e9gia Concursos\"},\"image\":{\"@id\":\"https:\/\/www.estrategiaconcursos.com.br\/blog\/#\/schema\/logo\/image\/\"},\"sameAs\":[\"https:\/\/x.com\/EstratConcursos\"]},{\"@type\":\"Person\",\"@id\":\"https:\/\/www.estrategiaconcursos.com.br\/blog\/#\/schema\/person\/cc76e9dac392d5e35e7d00c493eee792\",\"name\":\"Ligia Carvalheiro Fernandes\",\"image\":{\"@type\":\"ImageObject\",\"inLanguage\":\"pt-BR\",\"@id\":\"https:\/\/secure.gravatar.com\/avatar\/26e4636c44dabc043eaf634f767ecd1d80505b210d3981d4ebd176a3f373e3ec?s=96&d=mm&r=g\",\"url\":\"https:\/\/secure.gravatar.com\/avatar\/26e4636c44dabc043eaf634f767ecd1d80505b210d3981d4ebd176a3f373e3ec?s=96&d=mm&r=g\",\"contentUrl\":\"https:\/\/secure.gravatar.com\/avatar\/26e4636c44dabc043eaf634f767ecd1d80505b210d3981d4ebd176a3f373e3ec?s=96&d=mm&r=g\",\"caption\":\"Ligia Carvalheiro Fernandes\"},\"url\":\"https:\/\/www.estrategiaconcursos.com.br\/blog\/author\/licarfegmail-com\/\"}]}<\/script>\n<!-- \/ Yoast SEO Premium plugin. -->","yoast_head_json":{"title":"PSS Cabo de Santo Agostinho oferta 248 vagas para Sa\u00fade","description":"Processo Seletivo Simplificado do Cabo de Santo Agostinho oferta 248 vagas para cargos da Secretaria Municipal da Sa\u00fade. Confira!","robots":{"index":"index","follow":"follow","max-snippet":"max-snippet:-1","max-image-preview":"max-image-preview:large","max-video-preview":"max-video-preview:-1"},"canonical":"https:\/\/www.estrategiaconcursos.com.br\/blog\/pss-cabo-de-santo-agostinho-saude\/","og_locale":"pt_BR","og_type":"article","og_title":"PSS Cabo de Santo Agostinho oferta 248 vagas para Sa\u00fade","og_description":"Processo Seletivo Simplificado do Cabo de Santo Agostinho oferta 248 vagas para cargos da Secretaria Municipal da Sa\u00fade. Confira!","og_url":"https:\/\/www.estrategiaconcursos.com.br\/blog\/pss-cabo-de-santo-agostinho-saude\/","og_site_name":"Estrat\u00e9gia Concursos","article_published_time":"2020-04-23T20:05:57+00:00","article_modified_time":"2020-04-25T14:56:34+00:00","og_image":[{"width":1200,"height":628,"url":"https:\/\/dhg1h5j42swfq.cloudfront.net\/2020\/01\/14161039\/Prefeitura-Cabo-Frio.png","type":"image\/png"}],"author":"Ligia Carvalheiro Fernandes","twitter_card":"summary_large_image","twitter_creator":"@EstratConcursos","twitter_site":"@EstratConcursos","twitter_misc":{"Escrito por":"Ligia Carvalheiro Fernandes","Est. tempo de leitura":"4 minutos"},"schema":{"@context":"https:\/\/schema.org","@graph":[{"@type":"NewsArticle","@id":"https:\/\/www.estrategiaconcursos.com.br\/blog\/pss-cabo-de-santo-agostinho-saude\/#article","isPartOf":{"@id":"https:\/\/www.estrategiaconcursos.com.br\/blog\/pss-cabo-de-santo-agostinho-saude\/"},"author":{"name":"Ligia Carvalheiro Fernandes","@id":"https:\/\/www.estrategiaconcursos.com.br\/blog\/#\/schema\/person\/cc76e9dac392d5e35e7d00c493eee792"},"headline":"PSS Cabo de Santo Agostinho oferta 248 vagas para Sa\u00fade","datePublished":"2020-04-23T20:05:57+00:00","dateModified":"2020-04-25T14:56:34+00:00","mainEntityOfPage":{"@id":"https:\/\/www.estrategiaconcursos.com.br\/blog\/pss-cabo-de-santo-agostinho-saude\/"},"wordCount":763,"commentCount":0,"publisher":{"@id":"https:\/\/www.estrategiaconcursos.com.br\/blog\/#organization"},"image":{"@id":"https:\/\/www.estrategiaconcursos.com.br\/blog\/pss-cabo-de-santo-agostinho-saude\/#primaryimage"},"thumbnailUrl":"https:\/\/dhg1h5j42swfq.cloudfront.net\/2020\/01\/14161039\/Prefeitura-Cabo-Frio.png","articleSection":["Concursos P\u00fablicos"],"inLanguage":"pt-BR","potentialAction":[{"@type":"CommentAction","name":"Comment","target":["https:\/\/www.estrategiaconcursos.com.br\/blog\/pss-cabo-de-santo-agostinho-saude\/#respond"]}],"copyrightYear":"2020","copyrightHolder":{"@id":"https:\/\/www.estrategiaconcursos.com.br\/blog\/#organization"}},{"@type":"WebPage","@id":"https:\/\/www.estrategiaconcursos.com.br\/blog\/pss-cabo-de-santo-agostinho-saude\/","url":"https:\/\/www.estrategiaconcursos.com.br\/blog\/pss-cabo-de-santo-agostinho-saude\/","name":"PSS Cabo de Santo Agostinho oferta 248 vagas para Sa\u00fade","isPartOf":{"@id":"https:\/\/www.estrategiaconcursos.com.br\/blog\/#website"},"primaryImageOfPage":{"@id":"https:\/\/www.estrategiaconcursos.com.br\/blog\/pss-cabo-de-santo-agostinho-saude\/#primaryimage"},"image":{"@id":"https:\/\/www.estrategiaconcursos.com.br\/blog\/pss-cabo-de-santo-agostinho-saude\/#primaryimage"},"thumbnailUrl":"https:\/\/dhg1h5j42swfq.cloudfront.net\/2020\/01\/14161039\/Prefeitura-Cabo-Frio.png","datePublished":"2020-04-23T20:05:57+00:00","dateModified":"2020-04-25T14:56:34+00:00","description":"Processo Seletivo Simplificado do Cabo de Santo Agostinho oferta 248 vagas para cargos da Secretaria Municipal da Sa\u00fade. Confira!","breadcrumb":{"@id":"https:\/\/www.estrategiaconcursos.com.br\/blog\/pss-cabo-de-santo-agostinho-saude\/#breadcrumb"},"inLanguage":"pt-BR","potentialAction":[{"@type":"ReadAction","target":["https:\/\/www.estrategiaconcursos.com.br\/blog\/pss-cabo-de-santo-agostinho-saude\/"]}]},{"@type":"ImageObject","inLanguage":"pt-BR","@id":"https:\/\/www.estrategiaconcursos.com.br\/blog\/pss-cabo-de-santo-agostinho-saude\/#primaryimage","url":"https:\/\/dhg1h5j42swfq.cloudfront.net\/2020\/01\/14161039\/Prefeitura-Cabo-Frio.png","contentUrl":"https:\/\/dhg1h5j42swfq.cloudfront.net\/2020\/01\/14161039\/Prefeitura-Cabo-Frio.png","width":1200,"height":628,"caption":"Concurso de Cabo Frio"},{"@type":"BreadcrumbList","@id":"https:\/\/www.estrategiaconcursos.com.br\/blog\/pss-cabo-de-santo-agostinho-saude\/#breadcrumb","itemListElement":[{"@type":"ListItem","position":1,"name":"In\u00edcio","item":"https:\/\/www.estrategiaconcursos.com.br\/blog\/"},{"@type":"ListItem","position":2,"name":"PSS Cabo de Santo Agostinho oferta 248 vagas para Sa\u00fade"}]},{"@type":"WebSite","@id":"https:\/\/www.estrategiaconcursos.com.br\/blog\/#website","url":"https:\/\/www.estrategiaconcursos.com.br\/blog\/","name":"Estrat\u00e9gia Concursos","description":"O blog da Estrat\u00e9gia Concursos traz not\u00edcias sobre concursos e artigos de professores oferecendo cursos para concursos (pdf + videaulas) no site.","publisher":{"@id":"https:\/\/www.estrategiaconcursos.com.br\/blog\/#organization"},"potentialAction":[{"@type":"SearchAction","target":{"@type":"EntryPoint","urlTemplate":"https:\/\/www.estrategiaconcursos.com.br\/blog\/?s={search_term_string}"},"query-input":{"@type":"PropertyValueSpecification","valueRequired":true,"valueName":"search_term_string"}}],"inLanguage":"pt-BR"},{"@type":"Organization","@id":"https:\/\/www.estrategiaconcursos.com.br\/blog\/#organization","name":"Estrat\u00e9gia Concursos","url":"https:\/\/www.estrategiaconcursos.com.br\/blog\/","logo":{"@type":"ImageObject","inLanguage":"pt-BR","@id":"https:\/\/www.estrategiaconcursos.com.br\/blog\/#\/schema\/logo\/image\/","url":"https:\/\/dhg1h5j42swfq.cloudfront.net\/2025\/06\/03203428\/logo_concursos-1.jpg","contentUrl":"https:\/\/dhg1h5j42swfq.cloudfront.net\/2025\/06\/03203428\/logo_concursos-1.jpg","width":230,"height":60,"caption":"Estrat\u00e9gia Concursos"},"image":{"@id":"https:\/\/www.estrategiaconcursos.com.br\/blog\/#\/schema\/logo\/image\/"},"sameAs":["https:\/\/x.com\/EstratConcursos"]},{"@type":"Person","@id":"https:\/\/www.estrategiaconcursos.com.br\/blog\/#\/schema\/person\/cc76e9dac392d5e35e7d00c493eee792","name":"Ligia Carvalheiro Fernandes","image":{"@type":"ImageObject","inLanguage":"pt-BR","@id":"https:\/\/secure.gravatar.com\/avatar\/26e4636c44dabc043eaf634f767ecd1d80505b210d3981d4ebd176a3f373e3ec?s=96&d=mm&r=g","url":"https:\/\/secure.gravatar.com\/avatar\/26e4636c44dabc043eaf634f767ecd1d80505b210d3981d4ebd176a3f373e3ec?s=96&d=mm&r=g","contentUrl":"https:\/\/secure.gravatar.com\/avatar\/26e4636c44dabc043eaf634f767ecd1d80505b210d3981d4ebd176a3f373e3ec?s=96&d=mm&r=g","caption":"Ligia Carvalheiro Fernandes"},"url":"https:\/\/www.estrategiaconcursos.com.br\/blog\/author\/licarfegmail-com\/"}]}},"_links":{"self":[{"href":"https:\/\/www.estrategiaconcursos.com.br\/blog\/wp-json\/wp\/v2\/posts\/506644","targetHints":{"allow":["GET"]}}],"collection":[{"href":"https:\/\/www.estrategiaconcursos.com.br\/blog\/wp-json\/wp\/v2\/posts"}],"about":[{"href":"https:\/\/www.estrategiaconcursos.com.br\/blog\/wp-json\/wp\/v2\/types\/post"}],"author":[{"embeddable":true,"href":"https:\/\/www.estrategiaconcursos.com.br\/blog\/wp-json\/wp\/v2\/users\/561"}],"replies":[{"embeddable":true,"href":"https:\/\/www.estrategiaconcursos.com.br\/blog\/wp-json\/wp\/v2\/comments?post=506644"}],"version-history":[{"count":4,"href":"https:\/\/www.estrategiaconcursos.com.br\/blog\/wp-json\/wp\/v2\/posts\/506644\/revisions"}],"predecessor-version":[{"id":507400,"href":"https:\/\/www.estrategiaconcursos.com.br\/blog\/wp-json\/wp\/v2\/posts\/506644\/revisions\/507400"}],"wp:featuredmedia":[{"embeddable":true,"href":"https:\/\/www.estrategiaconcursos.com.br\/blog\/wp-json\/wp\/v2\/media\/469974"}],"wp:attachment":[{"href":"https:\/\/www.estrategiaconcursos.com.br\/blog\/wp-json\/wp\/v2\/media?parent=506644"}],"wp:term":[{"taxonomy":"category","embeddable":true,"href":"https:\/\/www.estrategiaconcursos.com.br\/blog\/wp-json\/wp\/v2\/categories?post=506644"},{"taxonomy":"post_tag","embeddable":true,"href":"https:\/\/www.estrategiaconcursos.com.br\/blog\/wp-json\/wp\/v2\/tags?post=506644"},{"taxonomy":"tax_estado","embeddable":true,"href":"https:\/\/www.estrategiaconcursos.com.br\/blog\/wp-json\/wp\/v2\/tax_estado?post=506644"}],"curies":[{"name":"wp","href":"https:\/\/api.w.org\/{rel}","templated":true}]}}