{"id":506545,"date":"2020-05-22T20:00:00","date_gmt":"2020-05-22T23:00:00","guid":{"rendered":"https:\/\/www.estrategiaconcursos.com.br\/blog\/?p=506545"},"modified":"2020-05-15T14:01:49","modified_gmt":"2020-05-15T17:01:49","slug":"administracao-publica-no-edital-dicas-para-voce-se-diferenciar","status":"publish","type":"post","link":"https:\/\/www.estrategiaconcursos.com.br\/blog\/administracao-publica-no-edital-dicas-para-voce-se-diferenciar\/","title":{"rendered":"Administra\u00e7\u00e3o P\u00fablica no edital: dicas para voc\u00ea se diferenciar."},"content":{"rendered":"\n<p class=\"has-medium-font-size\"><em>Dicas valiosas que podem fazer o diferencial no estudo de <strong>Administra\u00e7\u00e3o P\u00fablica.<\/strong><\/em><\/p>\n\n\n\n<p><\/p>\n\n\n\n<p>Ol\u00e1, tudo bem? O tema de hoje \u00e9 sobre uma disciplina que causa um certo receio nos estudantes para concurso p\u00fablico: a <strong>Administra\u00e7\u00e3o P\u00fablica<\/strong>.<\/p>\n\n\n\n<p>Entre os motivos causadores das dificuldades podemos citar: o conte\u00fado extenso, a subjetividade das quest\u00f5es e as diverg\u00eancias entre os autores. Al\u00e9m disso, para piorar, h\u00e1 a falta de indica\u00e7\u00e3o bibliogr\u00e1fica pelas bancas.<\/p>\n\n\n\n<p>Assim, para aliviar um pouco a tens\u00e3o provocada por essa mat\u00e9ria, seguem algumas dicas valiosas que podem fazer o diferencial nos estudos.<\/p>\n\n\n\n<h3 class=\"wp-block-heading\"><strong>Primeiro ponto: Conhe\u00e7a o seu edital<\/strong> de Administra\u00e7\u00e3o P\u00fablica<\/h3>\n\n\n\n<p>Muitas vezes, os editais cobram o conte\u00fado de certas disciplinas de forma similar, ainda que de bancas diferentes. \u00c9 o caso, por exemplo, da disciplina de Direito Administrativo.<\/p>\n\n\n\n<p>Com a Administra\u00e7\u00e3o P\u00fablica, por\u00e9m, os editais variam muito na cobran\u00e7a de conte\u00fado. Por isso, o primeiro passo a ser dado \u00e9 delimitar os temas cobrados pelo edital para otimizar o aproveitamento nos estudos.<\/p>\n\n\n\n<p>Vale destacar que os editais podem misturar assuntos de Administra\u00e7\u00e3o Geral com Administra\u00e7\u00e3o P\u00fablica e tratar tudo como No\u00e7\u00f5es de Administra\u00e7\u00e3o.<\/p>\n\n\n\n<p>Em rela\u00e7\u00e3o a Administra\u00e7\u00e3o Geral, surgem temas como Planejamento, Organiza\u00e7\u00e3o, Dire\u00e7\u00e3o Controle, Lideran\u00e7a, Cultura Organizacional, etc. J\u00e1 a  Administra\u00e7\u00e3o P\u00fablica est\u00e1 envolvida com assuntos como Modelos de Gest\u00e3o, Reformas Administrativas, Governan\u00e7a, etc.<\/p>\n\n\n\n<p>Al\u00e9m da varia\u00e7\u00e3o de conte\u00fado tamb\u00e9m sabemos que h\u00e1 diferentes divis\u00f5es e nomenclaturas para mat\u00e9ria. Por isso, atente-se aos assuntos abordados no edital. Dessa maneira o planejamento do estudo ser\u00e1 facilitado.<\/p>\n\n\n\n<p>Para exemplificar, observe como o conte\u00fado foi tratado em duas provas para o cargo de Analista Judici\u00e1rio &#8211; \u00c1rea Administrativa pela banca FCC:<\/p>\n\n\n\n<h4 class=\"wp-block-heading\">&nbsp;<strong>TRT 3\u00aa regi\u00e3o (2015):<\/strong><\/h4>\n\n\n\n<figure class=\"wp-block-image size-large is-resized\"><img loading=\"lazy\" decoding=\"async\" src=\"https:\/\/dhg1h5j42swfq.cloudfront.net\/2020\/04\/23144858\/Edital-Administra%C3%A7%C3%A3o-P%C3%BAblica-TRT-2015.png\" alt=\"Mostrar o conte\u00fado cobrado do edital TRT 2015 para cargo Analista Administrativo.\" class=\"wp-image-506551\" width=\"490\" height=\"279\" srcset=\"https:\/\/dhg1h5j42swfq.cloudfront.net\/2020\/04\/23144858\/Edital-Administra%C3%A7%C3%A3o-P%C3%BAblica-TRT-2015.png 413w, https:\/\/dhg1h5j42swfq.cloudfront.net\/2020\/04\/23144858\/Edital-Administra%C3%A7%C3%A3o-P%C3%BAblica-TRT-2015-300x171.png 300w\" sizes=\"auto, (max-width: 490px) 100vw, 490px\" \/><\/figure>\n\n\n\n<figure class=\"wp-block-image size-large is-resized\"><img loading=\"lazy\" decoding=\"async\" src=\"https:\/\/dhg1h5j42swfq.cloudfront.net\/2020\/04\/23145723\/Edital-Administra%C3%A7%C3%A3o-P%C3%BAblica-TRT-2015-segunda-parte.png\" alt=\"Mostrar o conte\u00fado do edital TRT 2015 para cargo Analista Administrativo.\" class=\"wp-image-506558\" width=\"486\" height=\"260\" srcset=\"https:\/\/dhg1h5j42swfq.cloudfront.net\/2020\/04\/23145723\/Edital-Administra%C3%A7%C3%A3o-P%C3%BAblica-TRT-2015-segunda-parte.png 406w, https:\/\/dhg1h5j42swfq.cloudfront.net\/2020\/04\/23145723\/Edital-Administra%C3%A7%C3%A3o-P%C3%BAblica-TRT-2015-segunda-parte-300x160.png 300w\" sizes=\"auto, (max-width: 486px) 100vw, 486px\" \/><figcaption>Conte\u00fado Program\u00e1tico Administra\u00e7\u00e3o P\u00fablica Edital TRT 2015 FCC<br \/><a href=\"http:\/\/www.concursosfcc.com.br\/concursos\/trt3r114\/boletim_final_trt3r114.pdf\">http:\/\/www.concursosfcc.com.br\/concursos\/trt3r114\/boletim_final_trt3r114.pdf<\/a><\/figcaption><\/figure>\n\n\n\n<h4 class=\"wp-block-heading\"><strong>TRT 2\u00ba regi\u00e3o (2018):<\/strong><\/h4>\n\n\n\n<figure class=\"wp-block-image size-large is-resized\"><img loading=\"lazy\" decoding=\"async\" src=\"https:\/\/dhg1h5j42swfq.cloudfront.net\/2020\/04\/23145946\/Edital-A-dministra%C3%A7%C3%A3o-P%C3%BAblica-TRT-2018.png\" alt=\"Mostrar o conte\u00fado cobrado do edital TRT 2018 para cargo Analista Administrativo.\" class=\"wp-image-506563\" width=\"721\" height=\"160\" srcset=\"https:\/\/dhg1h5j42swfq.cloudfront.net\/2020\/04\/23145946\/Edital-A-dministra%C3%A7%C3%A3o-P%C3%BAblica-TRT-2018.png 628w, https:\/\/dhg1h5j42swfq.cloudfront.net\/2020\/04\/23145946\/Edital-A-dministra%C3%A7%C3%A3o-P%C3%BAblica-TRT-2018-300x67.png 300w, https:\/\/dhg1h5j42swfq.cloudfront.net\/2020\/04\/23145946\/Edital-A-dministra%C3%A7%C3%A3o-P%C3%BAblica-TRT-2018-610x136.png 610w\" sizes=\"auto, (max-width: 721px) 100vw, 721px\" \/><\/figure>\n\n\n\n<figure class=\"wp-block-image size-large is-resized\"><img loading=\"lazy\" decoding=\"async\" src=\"https:\/\/dhg1h5j42swfq.cloudfront.net\/2020\/04\/23150142\/Edital-A-dministra%C3%A7%C3%A3o-P%C3%BAblica-TRT-2018-segunda-parte.png\" alt=\"Mostrar o conte\u00fado cobrado de Administra\u00e7\u00e3o P\u00fablica no edital TRT 2018 para cargo Analista Administrativo.\" class=\"wp-image-506565\" width=\"722\" height=\"81\" srcset=\"https:\/\/dhg1h5j42swfq.cloudfront.net\/2020\/04\/23150142\/Edital-A-dministra%C3%A7%C3%A3o-P%C3%BAblica-TRT-2018-segunda-parte.png 629w, https:\/\/dhg1h5j42swfq.cloudfront.net\/2020\/04\/23150142\/Edital-A-dministra%C3%A7%C3%A3o-P%C3%BAblica-TRT-2018-segunda-parte-300x34.png 300w, https:\/\/dhg1h5j42swfq.cloudfront.net\/2020\/04\/23150142\/Edital-A-dministra%C3%A7%C3%A3o-P%C3%BAblica-TRT-2018-segunda-parte-610x69.png 610w\" sizes=\"auto, (max-width: 722px) 100vw, 722px\" \/><figcaption>Conte\u00fado Program\u00e1tico Administra\u00e7\u00e3o P\u00fablica Edital TRT 2018 FCC<br \/><a href=\"https:\/\/www.concursosfcc.com.br\/concursos\/trt2r118\/edital_de_abertura_final_trt2r118_27_4_2018.pdf\">https:\/\/www.concursosfcc.com.br\/concursos\/trt2r118\/edital_de_abertura_final_trt2r118_27_4_2018.pdf<\/a><\/figcaption><\/figure>\n\n\n\n<p>J\u00e1 a banca CEBRASPE, geralmente, inclui o t\u00f3pico Gest\u00e3o de Pessoas no conte\u00fado de Administra\u00e7\u00e3o P\u00fablica. Veja o edital abaixo, tamb\u00e9m para o cargo de Analista Judici\u00e1rio &#8211; \u00c1rea Administrativa:<\/p>\n\n\n\n<h4 class=\"wp-block-heading\"><strong>TRT 8\u00aa regi\u00e3o (2016):<\/strong><\/h4>\n\n\n\n<figure class=\"wp-block-image size-large is-resized\"><img loading=\"lazy\" decoding=\"async\" src=\"https:\/\/dhg1h5j42swfq.cloudfront.net\/2020\/04\/23150358\/Edital-Administra%C3%A7%C3%A3o-P%C3%BAblica-Cespe.png\" alt=\"Mostrar o conte\u00fado cobrado de Administra\u00e7\u00e3o P\u00fablica pela banca CEBRASPE no edital TRT 2018 para cargo Analista Administrativo.\" class=\"wp-image-506567\" width=\"652\" height=\"144\" srcset=\"https:\/\/dhg1h5j42swfq.cloudfront.net\/2020\/04\/23150358\/Edital-Administra%C3%A7%C3%A3o-P%C3%BAblica-Cespe.png 609w, https:\/\/dhg1h5j42swfq.cloudfront.net\/2020\/04\/23150358\/Edital-Administra%C3%A7%C3%A3o-P%C3%BAblica-Cespe-300x67.png 300w\" sizes=\"auto, (max-width: 652px) 100vw, 652px\" \/><figcaption>Conte\u00fado Program\u00e1tico Administra\u00e7\u00e3o P\u00fablica Edital TRT 2018 CEBRASPE<br \/><a href=\"http:\/\/www.cespe.unb.br\/concursos\/TRT8_15\/arquivos\/TRT_8_REGI__O_2016___ED_ABERTURA.PDF\">http:\/\/www.cespe.unb.br\/concursos\/TRT8_15\/arquivos\/TRT_8_REGI__O_2016___ED_ABERTURA.PDF<\/a><\/figcaption><\/figure>\n\n\n\n<p>Esses detalhes de nomenclatura e abordagem pelas bancas organizadoras podem ser complicadores para o planejamento da mat\u00e9ria a ser estudada.  Acima de tudo, para quem est\u00e1 se preparando antes da publica\u00e7\u00e3o do edital, pois o estudo pode se basear em editais anteriores, por isso pode se tornar confuso devido \u00e0s cobran\u00e7as que s\u00e3o feitas de maneiras distintas.<\/p>\n\n\n\n<p>Diante disso, conhe\u00e7a e delimite o edital. Atente-se para as diferentes terminologias utilizadas pelas principais bancas de concurso. E mais, tente agrupar e relacionar os assuntos para facilitar o planejamento e o estudo.<\/p>\n\n\n\n<h3 class=\"wp-block-heading\"><strong>Segundo ponto: Escolha o material<\/strong> para o estudo de Administra\u00e7\u00e3o P\u00fablica<\/h3>\n\n\n\n<p>Como j\u00e1 dito, existem diversos autores na \u00e1rea da Administra\u00e7\u00e3o P\u00fablica que as bancas utilizam para formular a prova. Como n\u00e3o h\u00e1 indica\u00e7\u00e3o bibliogr\u00e1fica por elas, o problema \u00e9 ainda maior.<\/p>\n\n\n\n<p>Assim, a ideia de estudar apenas por um livro n\u00e3o \u00e9 indicada. Al\u00e9m de limitar o conhecimento a apenas um autor, os livros trazem conte\u00fados muito extensos, tornando-se invi\u00e1vel estud\u00e1-los por completo.<\/p>\n\n\n\n<p>A forma de otimizar o estudo desse conte\u00fado \u00e9 buscar materiais de professores experientes no assunto e nas cobran\u00e7as feitas em provas. Estes materiais concentram os principais pontos da mat\u00e9ria. Ademais, eles t\u00eam a vantagem de serem voltados para o aprendizado necess\u00e1rio para fazer provas.<\/p>\n\n\n\n<p>Ent\u00e3o, como indica\u00e7\u00e3o de um bom material de estudo para provas de concurso de Administra\u00e7\u00e3o P\u00fablica, recomendamos os seguintes:<\/p>\n\n\n\n<h4 class=\"wp-block-heading\"><strong>Administra\u00e7\u00e3o e Gest\u00e3o de Pessoas p\/ Concursos &#8211; Curso Regular Complet\u00e3o &#8211; Com Videoaulas &#8211; 2020<\/strong>: <\/h4>\n\n\n\n<p>Trata-se de um curso super completo e atualizado. Em outras palavras, ele abrange os principais assuntos cobrados em prova. Desse modo, esse curso ir\u00e1 beneficiar tanto o aluno que nunca estudou a disciplina, quanto aquele aluno que precisa arrematar o assunto j\u00e1 estudado e, ent\u00e3o, tapar poss\u00edveis brechas de conte\u00fado. Al\u00e9m disso, conta com professor que acompanha as provas de concurso dessa disciplina. Por isso, ele consegue sistematizar o estudo de modo a abranger o conte\u00fado essencial de Administra\u00e7\u00e3o P\u00fablica. O assunto \u00e9 desenvolvido alicer\u00e7ado em diferentes autores, portanto amplia a fonte de conhecimento. Com esse curso, \u00e9 poss\u00edvel formar a base necess\u00e1ria para o entendimento da mat\u00e9ria de forma otimizada e focada para concursos. Sendo assim, aproveite e clique para conhecer esse \u00f3timo curso de Administra\u00e7\u00e3o P\u00fablica para concursos: <a href=\"https:\/\/www.estrategiaconcursos.com.br\/curso\/administracao-e-gestao-de-pessoas-p-concursos-curso-regular-completao-com-videoaulas-2020\/\">https:\/\/www.estrategiaconcursos.com.br\/curso\/administracao-e-gestao-de-pessoas-p-concursos-curso-regular-completao-com-videoaulas-2020\/<\/a><\/p>\n\n\n\n<h4 class=\"wp-block-heading\"><strong>Livro Administra\u00e7\u00e3o geral e p\u00fablica: provas e concursos &#8211; Idalberto Chiavenato:<\/strong> <\/h4>\n\n\n\n<p>Chiavenato \u00e9 um dos autores cl\u00e1ssicos e muito utilizado pelas bancas. Esse livro \u00e9 direcionado ao estudo para concursos, sendo assim, ele pode ser usado como forma de <strong>complementa\u00e7\u00e3o<\/strong> do assunto, juntamente com o curso b\u00e1sico sugerido acima e as quest\u00f5es a serem resolvidas.<\/p>\n\n\n\n<p>Este ponto acerca dos materiais a serem adotados \u00e9 de suma import\u00e2ncia, pois a Administra\u00e7\u00e3o P\u00fablica \u00e9 uma mat\u00e9ria ampla e abrangente. Assim, com essas recomenda\u00e7\u00f5es voc\u00ea ter\u00e1 dispon\u00edvel o fundamental para constru\u00e7\u00e3o de um aprendizado com rendimento, sem desperd\u00edcio de tempo.&nbsp;&nbsp;<\/p>\n\n\n\n<p>E para quem estiver iniciando o estudo dessa disciplina, n\u00e3o desanime! O come\u00e7o desse aprendizado muitas vezes n\u00e3o \u00e9 f\u00e1cil. Por isso, saiba que por se tratar de um assunto por vezes subjetivo, com diferentes classifica\u00e7\u00f5es e vis\u00f5es, \u00e0 primeira vista pode ser bem ca\u00f3tico. Mas, com o tempo e dedica\u00e7\u00e3o \u00e9 plenamente poss\u00edvel absorver o n\u00facleo da mat\u00e9ria e construir o conhecimento necess\u00e1rio para fazer uma boa prova.<\/p>\n\n\n\n<h3 class=\"wp-block-heading\"><strong>Terceiro ponto: Fa\u00e7a quest\u00f5es<\/strong> de Administra\u00e7\u00e3o P\u00fablica<\/h3>\n\n\n\n<p>Para quem j\u00e1 faz parte do universo dos concursos, a import\u00e2ncia de fazer quest\u00f5es j\u00e1 \u00e9 bem conhecida. Pois bem, para essa disciplina, fazer quest\u00f5es \u00e9 vital. Por isso, acompanhe alguns motivos para realizar o m\u00e1ximo de exerc\u00edcios poss\u00edveis:<\/p>\n\n\n\n<ul class=\"wp-block-list\"><li><em>Assimilar e ampliar o conhecimento<\/em>: Por meio das quest\u00f5es conseguimos assimilar o conte\u00fado aprendido. Sendo assim, fazendo muitas quest\u00f5es de administra\u00e7\u00e3o ser\u00e1 poss\u00edvel ampliar o assunto estudado pelo material te\u00f3rico, sempre haver\u00e1 algo novo.<\/li><li><em>Entender como sua banca cobra a tem\u00e1tica<\/em>: Ao fazer muitos exerc\u00edcios da banca respons\u00e1vel pela prova, \u00e9 poss\u00edvel reconhecer a forma que ela cobra os assuntos. Dessa maneira, conseguimos pontuar as principais quest\u00f5es que possivelmente ser\u00e3o exigidas.<\/li><li><em>Identificar qual autor a banca utiliza<\/em>: Conhecer as quest\u00f5es de provas anteriores possibilita identificar qual autor foi mais utilizado pela banca. Assim, podemos direcionar os estudos para buscar, principalmente, os entendimentos deste autor.<\/li><li><em>Concatenar os assuntos de forma a estruturar o aprendizado<\/em>: a leitura do material proporciona o conhecimento do assunto, mas n\u00e3o o verdadeiro aprendizado. Portanto, ao fazer quest\u00f5es, o conhecimento adquirido \u00e9 transformado em aprendizado. Isso ocorre na medida em que correlacionamos os assuntos e formamos um conjunto estruturado e s\u00f3lido de informa\u00e7\u00e3o.<\/li><\/ul>\n\n\n\n<p>Ainda, para a disciplina de Administra\u00e7\u00e3o P\u00fablica \u00e9 <em>extremamente v\u00e1lido executar quest\u00f5es de diferentes bancas<\/em>. Ap\u00f3s um primeiro momento de explora\u00e7\u00e3o e entendimento da sua banca, resolver exerc\u00edcios de outras ir\u00e1 ampliar ainda mais o aprendizado. Assim, como j\u00e1 exposto, a mat\u00e9ria \u00e9 esparsa, por isso captar novas informa\u00e7\u00f5es oriundas das quest\u00f5es \u00e9 muito importante e torna-se um diferencial nos estudos.<\/p>\n\n\n\n<p>N\u00e3o esque\u00e7a de sempre complementar o material te\u00f3rico com as novas informa\u00e7\u00f5es oferecidas pelas quest\u00f5es. Dessa forma, o conte\u00fado estudado ser\u00e1 cada vez mais completo e adequado para as provas de concursos.<\/p>\n\n\n\n<h3 class=\"wp-block-heading\">E lembre-se:<\/h3>\n\n\n\n<p>As dificuldades do estudo da disciplina de Administra\u00e7\u00e3o P\u00fablica n\u00e3o atingem poucos estudantes, elas existem para a maioria. Portanto, cabe a cada um encontrar a melhor forma para facilitar o estudo e identificar as suas peculiaridades.<\/p>\n\n\n\n<p>Esperamos que essas dicas possam ajud\u00e1-lo a encontrar o caminho para um estudo eficiente de Administra\u00e7\u00e3o P\u00fablica para concursos.<\/p>\n\n\n\n<p>Um abra\u00e7o e bons estudos!<\/p>\n\n\n\n<p class=\"has-text-align-center has-medium-font-size\"><em><strong>Assinatura Anual Ilimitada*<\/strong><\/em><\/p>\n\n\n\n<p class=\"has-text-align-center\"><em>Prepare-se com o melhor material e com quem mais aprova em Concursos P\u00fablicos em todo o pa\u00eds. Assine agora a nossa Assinatura Anual e tenha acesso ilimitado* a todos os nossos cursos.<\/em><\/p>\n\n\n\n<p style=\"font-size:22px\" class=\"has-background has-text-align-center has-luminous-vivid-amber-background-color\"><strong>ASSINE AGORA<\/strong>&nbsp;\u2013&nbsp;<a rel=\"noreferrer noopener\" href=\"https:\/\/www.estrategiaconcursos.com.br\/assinaturas\" target=\"_blank\"><strong>Assinatura Ilimitada<\/strong><\/a><\/p>\n\n\n\n<p class=\"has-text-align-center has-medium-font-size\"><em><strong>Fique por dentro de todos os concursos<\/strong><\/em>:<\/p>\n\n\n\n<p style=\"font-size:24px\" class=\"has-background has-text-align-center has-pale-cyan-blue-background-color\"><a rel=\"noreferrer noopener\" aria-label=\"Concursos abertos (abre numa nova aba)\" href=\"https:\/\/www.estrategiaconcursos.com.br\/blog\/concursos-abertos\/\" target=\"_blank\"><strong>Concursos abertos<\/strong><\/a><\/p>\n\n\n\n<p style=\"font-size:23px\" class=\"has-background has-text-align-center has-pale-cyan-blue-background-color\"><a rel=\"noreferrer noopener\" aria-label=\"Concursos 2020 (abre numa nova aba)\" href=\"https:\/\/www.estrategiaconcursos.com.br\/blog\/concursos-2020\/\" target=\"_blank\"><strong>Concursos 2020<\/strong><\/a><\/p>\n","protected":false},"excerpt":{"rendered":"<p>Dicas valiosas que podem fazer o diferencial no estudo de Administra\u00e7\u00e3o P\u00fablica. Ol\u00e1, tudo bem? O tema de hoje \u00e9 sobre uma disciplina que causa um certo receio nos estudantes para concurso p\u00fablico: a Administra\u00e7\u00e3o P\u00fablica. Entre os motivos causadores das dificuldades podemos citar: o conte\u00fado extenso, a subjetividade das quest\u00f5es e as diverg\u00eancias entre [&hellip;]<\/p>\n","protected":false},"author":1729,"featured_media":512331,"comment_status":"open","ping_status":"closed","sticky":false,"template":"","format":"standard","meta":{"post_tipo":"article","footnotes":""},"categories":[],"tags":[],"tax_estado":[],"class_list":["post-506545","post","type-post","status-publish","format-standard","has-post-thumbnail","hentry"],"acf":[],"yoast_head":"<!-- This site is optimized with the Yoast SEO Premium plugin v27.2 (Yoast SEO v27.2) - https:\/\/yoast.com\/product\/yoast-seo-premium-wordpress\/ -->\n<title>Administra\u00e7\u00e3o P\u00fablica no edital: dicas para voc\u00ea se diferenciar.<\/title>\n<meta name=\"description\" content=\"Conhe\u00e7a 3 pontos diferenciais para otimizar o estudo de Administra\u00e7\u00e3o P\u00fablica para concursos. Dicas fundamentais para sair na frente na sua prepara\u00e7\u00e3o.\" \/>\n<meta name=\"robots\" content=\"index, follow, max-snippet:-1, max-image-preview:large, max-video-preview:-1\" \/>\n<link rel=\"canonical\" href=\"https:\/\/www.estrategiaconcursos.com.br\/blog\/administracao-publica-no-edital-dicas-para-voce-se-diferenciar\/\" \/>\n<meta property=\"og:locale\" content=\"pt_BR\" \/>\n<meta property=\"og:type\" content=\"article\" \/>\n<meta property=\"og:title\" content=\"Administra\u00e7\u00e3o P\u00fablica no edital: dicas para voc\u00ea se diferenciar.\" \/>\n<meta property=\"og:description\" content=\"Conhe\u00e7a 3 pontos diferenciais para otimizar o estudo de Administra\u00e7\u00e3o P\u00fablica para concursos. Dicas fundamentais para sair na frente na sua prepara\u00e7\u00e3o.\" \/>\n<meta property=\"og:url\" content=\"https:\/\/www.estrategiaconcursos.com.br\/blog\/administracao-publica-no-edital-dicas-para-voce-se-diferenciar\/\" \/>\n<meta property=\"og:site_name\" content=\"Estrat\u00e9gia Concursos\" \/>\n<meta property=\"article:published_time\" content=\"2020-05-22T23:00:00+00:00\" \/>\n<meta property=\"og:image\" content=\"https:\/\/dhg1h5j42swfq.cloudfront.net\/2020\/05\/07201955\/imagem-artigo.png\" \/>\n\t<meta property=\"og:image:width\" content=\"750\" \/>\n\t<meta property=\"og:image:height\" content=\"423\" \/>\n\t<meta property=\"og:image:type\" content=\"image\/png\" \/>\n<meta name=\"author\" content=\"Fernanda Ferroni\" \/>\n<meta name=\"twitter:card\" content=\"summary_large_image\" \/>\n<meta name=\"twitter:image\" content=\"https:\/\/dhg1h5j42swfq.cloudfront.net\/2020\/05\/07200906\/artigo-imagem-facebook.jpg\" \/>\n<meta name=\"twitter:creator\" content=\"@EstratConcursos\" \/>\n<meta name=\"twitter:site\" content=\"@EstratConcursos\" \/>\n<meta name=\"twitter:label1\" content=\"Escrito por\" \/>\n\t<meta name=\"twitter:data1\" content=\"Fernanda Ferroni\" \/>\n\t<meta name=\"twitter:label2\" content=\"Est. tempo de leitura\" \/>\n\t<meta name=\"twitter:data2\" content=\"7 minutos\" \/>\n<script type=\"application\/ld+json\" class=\"yoast-schema-graph\">{\"@context\":\"https:\/\/schema.org\",\"@graph\":[{\"@type\":\"NewsArticle\",\"@id\":\"https:\/\/www.estrategiaconcursos.com.br\/blog\/administracao-publica-no-edital-dicas-para-voce-se-diferenciar\/#article\",\"isPartOf\":{\"@id\":\"https:\/\/www.estrategiaconcursos.com.br\/blog\/administracao-publica-no-edital-dicas-para-voce-se-diferenciar\/\"},\"author\":{\"name\":\"Fernanda Ferroni\",\"@id\":\"https:\/\/www.estrategiaconcursos.com.br\/blog\/#\/schema\/person\/5acc553abf95ce4ee37d8bcba13f59d8\"},\"headline\":\"Administra\u00e7\u00e3o P\u00fablica no edital: dicas para voc\u00ea se diferenciar.\",\"datePublished\":\"2020-05-22T23:00:00+00:00\",\"mainEntityOfPage\":{\"@id\":\"https:\/\/www.estrategiaconcursos.com.br\/blog\/administracao-publica-no-edital-dicas-para-voce-se-diferenciar\/\"},\"wordCount\":1500,\"commentCount\":5,\"publisher\":{\"@id\":\"https:\/\/www.estrategiaconcursos.com.br\/blog\/#organization\"},\"image\":{\"@id\":\"https:\/\/www.estrategiaconcursos.com.br\/blog\/administracao-publica-no-edital-dicas-para-voce-se-diferenciar\/#primaryimage\"},\"thumbnailUrl\":\"https:\/\/dhg1h5j42swfq.cloudfront.net\/2020\/05\/07201955\/imagem-artigo.png\",\"inLanguage\":\"pt-BR\",\"potentialAction\":[{\"@type\":\"CommentAction\",\"name\":\"Comment\",\"target\":[\"https:\/\/www.estrategiaconcursos.com.br\/blog\/administracao-publica-no-edital-dicas-para-voce-se-diferenciar\/#respond\"]}],\"copyrightYear\":\"2020\",\"copyrightHolder\":{\"@id\":\"https:\/\/www.estrategiaconcursos.com.br\/blog\/#organization\"}},{\"@type\":\"WebPage\",\"@id\":\"https:\/\/www.estrategiaconcursos.com.br\/blog\/administracao-publica-no-edital-dicas-para-voce-se-diferenciar\/\",\"url\":\"https:\/\/www.estrategiaconcursos.com.br\/blog\/administracao-publica-no-edital-dicas-para-voce-se-diferenciar\/\",\"name\":\"Administra\u00e7\u00e3o P\u00fablica no edital: dicas para voc\u00ea se diferenciar.\",\"isPartOf\":{\"@id\":\"https:\/\/www.estrategiaconcursos.com.br\/blog\/#website\"},\"primaryImageOfPage\":{\"@id\":\"https:\/\/www.estrategiaconcursos.com.br\/blog\/administracao-publica-no-edital-dicas-para-voce-se-diferenciar\/#primaryimage\"},\"image\":{\"@id\":\"https:\/\/www.estrategiaconcursos.com.br\/blog\/administracao-publica-no-edital-dicas-para-voce-se-diferenciar\/#primaryimage\"},\"thumbnailUrl\":\"https:\/\/dhg1h5j42swfq.cloudfront.net\/2020\/05\/07201955\/imagem-artigo.png\",\"datePublished\":\"2020-05-22T23:00:00+00:00\",\"description\":\"Conhe\u00e7a 3 pontos diferenciais para otimizar o estudo de Administra\u00e7\u00e3o P\u00fablica para concursos. Dicas fundamentais para sair na frente na sua prepara\u00e7\u00e3o.\",\"breadcrumb\":{\"@id\":\"https:\/\/www.estrategiaconcursos.com.br\/blog\/administracao-publica-no-edital-dicas-para-voce-se-diferenciar\/#breadcrumb\"},\"inLanguage\":\"pt-BR\",\"potentialAction\":[{\"@type\":\"ReadAction\",\"target\":[\"https:\/\/www.estrategiaconcursos.com.br\/blog\/administracao-publica-no-edital-dicas-para-voce-se-diferenciar\/\"]}]},{\"@type\":\"ImageObject\",\"inLanguage\":\"pt-BR\",\"@id\":\"https:\/\/www.estrategiaconcursos.com.br\/blog\/administracao-publica-no-edital-dicas-para-voce-se-diferenciar\/#primaryimage\",\"url\":\"https:\/\/dhg1h5j42swfq.cloudfront.net\/2020\/05\/07201955\/imagem-artigo.png\",\"contentUrl\":\"https:\/\/dhg1h5j42swfq.cloudfront.net\/2020\/05\/07201955\/imagem-artigo.png\",\"width\":750,\"height\":423},{\"@type\":\"BreadcrumbList\",\"@id\":\"https:\/\/www.estrategiaconcursos.com.br\/blog\/administracao-publica-no-edital-dicas-para-voce-se-diferenciar\/#breadcrumb\",\"itemListElement\":[{\"@type\":\"ListItem\",\"position\":1,\"name\":\"In\u00edcio\",\"item\":\"https:\/\/www.estrategiaconcursos.com.br\/blog\/\"},{\"@type\":\"ListItem\",\"position\":2,\"name\":\"Administra\u00e7\u00e3o P\u00fablica no edital: dicas para voc\u00ea se diferenciar.\"}]},{\"@type\":\"WebSite\",\"@id\":\"https:\/\/www.estrategiaconcursos.com.br\/blog\/#website\",\"url\":\"https:\/\/www.estrategiaconcursos.com.br\/blog\/\",\"name\":\"Estrat\u00e9gia Concursos\",\"description\":\"O blog da Estrat\u00e9gia Concursos traz not\u00edcias sobre concursos e artigos de professores oferecendo cursos para concursos (pdf + videaulas) no site.\",\"publisher\":{\"@id\":\"https:\/\/www.estrategiaconcursos.com.br\/blog\/#organization\"},\"potentialAction\":[{\"@type\":\"SearchAction\",\"target\":{\"@type\":\"EntryPoint\",\"urlTemplate\":\"https:\/\/www.estrategiaconcursos.com.br\/blog\/?s={search_term_string}\"},\"query-input\":{\"@type\":\"PropertyValueSpecification\",\"valueRequired\":true,\"valueName\":\"search_term_string\"}}],\"inLanguage\":\"pt-BR\"},{\"@type\":\"Organization\",\"@id\":\"https:\/\/www.estrategiaconcursos.com.br\/blog\/#organization\",\"name\":\"Estrat\u00e9gia Concursos\",\"url\":\"https:\/\/www.estrategiaconcursos.com.br\/blog\/\",\"logo\":{\"@type\":\"ImageObject\",\"inLanguage\":\"pt-BR\",\"@id\":\"https:\/\/www.estrategiaconcursos.com.br\/blog\/#\/schema\/logo\/image\/\",\"url\":\"https:\/\/dhg1h5j42swfq.cloudfront.net\/2025\/06\/03203428\/logo_concursos-1.jpg\",\"contentUrl\":\"https:\/\/dhg1h5j42swfq.cloudfront.net\/2025\/06\/03203428\/logo_concursos-1.jpg\",\"width\":230,\"height\":60,\"caption\":\"Estrat\u00e9gia Concursos\"},\"image\":{\"@id\":\"https:\/\/www.estrategiaconcursos.com.br\/blog\/#\/schema\/logo\/image\/\"},\"sameAs\":[\"https:\/\/x.com\/EstratConcursos\"]},{\"@type\":\"Person\",\"@id\":\"https:\/\/www.estrategiaconcursos.com.br\/blog\/#\/schema\/person\/5acc553abf95ce4ee37d8bcba13f59d8\",\"name\":\"Fernanda Ferroni\",\"image\":{\"@type\":\"ImageObject\",\"inLanguage\":\"pt-BR\",\"@id\":\"https:\/\/secure.gravatar.com\/avatar\/3472db10352a8952b0a24a92a73a9aa1eb245e692f29cb07802282e2e66c0e6e?s=96&d=mm&r=g\",\"url\":\"https:\/\/secure.gravatar.com\/avatar\/3472db10352a8952b0a24a92a73a9aa1eb245e692f29cb07802282e2e66c0e6e?s=96&d=mm&r=g\",\"contentUrl\":\"https:\/\/secure.gravatar.com\/avatar\/3472db10352a8952b0a24a92a73a9aa1eb245e692f29cb07802282e2e66c0e6e?s=96&d=mm&r=g\",\"caption\":\"Fernanda Ferroni\"},\"url\":\"https:\/\/www.estrategiaconcursos.com.br\/blog\/author\/fernandacunhahotmail-com\/\"}]}<\/script>\n<!-- \/ Yoast SEO Premium plugin. -->","yoast_head_json":{"title":"Administra\u00e7\u00e3o P\u00fablica no edital: dicas para voc\u00ea se diferenciar.","description":"Conhe\u00e7a 3 pontos diferenciais para otimizar o estudo de Administra\u00e7\u00e3o P\u00fablica para concursos. Dicas fundamentais para sair na frente na sua prepara\u00e7\u00e3o.","robots":{"index":"index","follow":"follow","max-snippet":"max-snippet:-1","max-image-preview":"max-image-preview:large","max-video-preview":"max-video-preview:-1"},"canonical":"https:\/\/www.estrategiaconcursos.com.br\/blog\/administracao-publica-no-edital-dicas-para-voce-se-diferenciar\/","og_locale":"pt_BR","og_type":"article","og_title":"Administra\u00e7\u00e3o P\u00fablica no edital: dicas para voc\u00ea se diferenciar.","og_description":"Conhe\u00e7a 3 pontos diferenciais para otimizar o estudo de Administra\u00e7\u00e3o P\u00fablica para concursos. Dicas fundamentais para sair na frente na sua prepara\u00e7\u00e3o.","og_url":"https:\/\/www.estrategiaconcursos.com.br\/blog\/administracao-publica-no-edital-dicas-para-voce-se-diferenciar\/","og_site_name":"Estrat\u00e9gia Concursos","article_published_time":"2020-05-22T23:00:00+00:00","og_image":[{"width":750,"height":423,"url":"https:\/\/dhg1h5j42swfq.cloudfront.net\/2020\/05\/07201955\/imagem-artigo.png","type":"image\/png"}],"author":"Fernanda Ferroni","twitter_card":"summary_large_image","twitter_image":"https:\/\/dhg1h5j42swfq.cloudfront.net\/2020\/05\/07200906\/artigo-imagem-facebook.jpg","twitter_creator":"@EstratConcursos","twitter_site":"@EstratConcursos","twitter_misc":{"Escrito por":"Fernanda Ferroni","Est. tempo de leitura":"7 minutos"},"schema":{"@context":"https:\/\/schema.org","@graph":[{"@type":"NewsArticle","@id":"https:\/\/www.estrategiaconcursos.com.br\/blog\/administracao-publica-no-edital-dicas-para-voce-se-diferenciar\/#article","isPartOf":{"@id":"https:\/\/www.estrategiaconcursos.com.br\/blog\/administracao-publica-no-edital-dicas-para-voce-se-diferenciar\/"},"author":{"name":"Fernanda Ferroni","@id":"https:\/\/www.estrategiaconcursos.com.br\/blog\/#\/schema\/person\/5acc553abf95ce4ee37d8bcba13f59d8"},"headline":"Administra\u00e7\u00e3o P\u00fablica no edital: dicas para voc\u00ea se diferenciar.","datePublished":"2020-05-22T23:00:00+00:00","mainEntityOfPage":{"@id":"https:\/\/www.estrategiaconcursos.com.br\/blog\/administracao-publica-no-edital-dicas-para-voce-se-diferenciar\/"},"wordCount":1500,"commentCount":5,"publisher":{"@id":"https:\/\/www.estrategiaconcursos.com.br\/blog\/#organization"},"image":{"@id":"https:\/\/www.estrategiaconcursos.com.br\/blog\/administracao-publica-no-edital-dicas-para-voce-se-diferenciar\/#primaryimage"},"thumbnailUrl":"https:\/\/dhg1h5j42swfq.cloudfront.net\/2020\/05\/07201955\/imagem-artigo.png","inLanguage":"pt-BR","potentialAction":[{"@type":"CommentAction","name":"Comment","target":["https:\/\/www.estrategiaconcursos.com.br\/blog\/administracao-publica-no-edital-dicas-para-voce-se-diferenciar\/#respond"]}],"copyrightYear":"2020","copyrightHolder":{"@id":"https:\/\/www.estrategiaconcursos.com.br\/blog\/#organization"}},{"@type":"WebPage","@id":"https:\/\/www.estrategiaconcursos.com.br\/blog\/administracao-publica-no-edital-dicas-para-voce-se-diferenciar\/","url":"https:\/\/www.estrategiaconcursos.com.br\/blog\/administracao-publica-no-edital-dicas-para-voce-se-diferenciar\/","name":"Administra\u00e7\u00e3o P\u00fablica no edital: dicas para voc\u00ea se diferenciar.","isPartOf":{"@id":"https:\/\/www.estrategiaconcursos.com.br\/blog\/#website"},"primaryImageOfPage":{"@id":"https:\/\/www.estrategiaconcursos.com.br\/blog\/administracao-publica-no-edital-dicas-para-voce-se-diferenciar\/#primaryimage"},"image":{"@id":"https:\/\/www.estrategiaconcursos.com.br\/blog\/administracao-publica-no-edital-dicas-para-voce-se-diferenciar\/#primaryimage"},"thumbnailUrl":"https:\/\/dhg1h5j42swfq.cloudfront.net\/2020\/05\/07201955\/imagem-artigo.png","datePublished":"2020-05-22T23:00:00+00:00","description":"Conhe\u00e7a 3 pontos diferenciais para otimizar o estudo de Administra\u00e7\u00e3o P\u00fablica para concursos. Dicas fundamentais para sair na frente na sua prepara\u00e7\u00e3o.","breadcrumb":{"@id":"https:\/\/www.estrategiaconcursos.com.br\/blog\/administracao-publica-no-edital-dicas-para-voce-se-diferenciar\/#breadcrumb"},"inLanguage":"pt-BR","potentialAction":[{"@type":"ReadAction","target":["https:\/\/www.estrategiaconcursos.com.br\/blog\/administracao-publica-no-edital-dicas-para-voce-se-diferenciar\/"]}]},{"@type":"ImageObject","inLanguage":"pt-BR","@id":"https:\/\/www.estrategiaconcursos.com.br\/blog\/administracao-publica-no-edital-dicas-para-voce-se-diferenciar\/#primaryimage","url":"https:\/\/dhg1h5j42swfq.cloudfront.net\/2020\/05\/07201955\/imagem-artigo.png","contentUrl":"https:\/\/dhg1h5j42swfq.cloudfront.net\/2020\/05\/07201955\/imagem-artigo.png","width":750,"height":423},{"@type":"BreadcrumbList","@id":"https:\/\/www.estrategiaconcursos.com.br\/blog\/administracao-publica-no-edital-dicas-para-voce-se-diferenciar\/#breadcrumb","itemListElement":[{"@type":"ListItem","position":1,"name":"In\u00edcio","item":"https:\/\/www.estrategiaconcursos.com.br\/blog\/"},{"@type":"ListItem","position":2,"name":"Administra\u00e7\u00e3o P\u00fablica no edital: dicas para voc\u00ea se diferenciar."}]},{"@type":"WebSite","@id":"https:\/\/www.estrategiaconcursos.com.br\/blog\/#website","url":"https:\/\/www.estrategiaconcursos.com.br\/blog\/","name":"Estrat\u00e9gia Concursos","description":"O blog da Estrat\u00e9gia Concursos traz not\u00edcias sobre concursos e artigos de professores oferecendo cursos para concursos (pdf + videaulas) no site.","publisher":{"@id":"https:\/\/www.estrategiaconcursos.com.br\/blog\/#organization"},"potentialAction":[{"@type":"SearchAction","target":{"@type":"EntryPoint","urlTemplate":"https:\/\/www.estrategiaconcursos.com.br\/blog\/?s={search_term_string}"},"query-input":{"@type":"PropertyValueSpecification","valueRequired":true,"valueName":"search_term_string"}}],"inLanguage":"pt-BR"},{"@type":"Organization","@id":"https:\/\/www.estrategiaconcursos.com.br\/blog\/#organization","name":"Estrat\u00e9gia Concursos","url":"https:\/\/www.estrategiaconcursos.com.br\/blog\/","logo":{"@type":"ImageObject","inLanguage":"pt-BR","@id":"https:\/\/www.estrategiaconcursos.com.br\/blog\/#\/schema\/logo\/image\/","url":"https:\/\/dhg1h5j42swfq.cloudfront.net\/2025\/06\/03203428\/logo_concursos-1.jpg","contentUrl":"https:\/\/dhg1h5j42swfq.cloudfront.net\/2025\/06\/03203428\/logo_concursos-1.jpg","width":230,"height":60,"caption":"Estrat\u00e9gia Concursos"},"image":{"@id":"https:\/\/www.estrategiaconcursos.com.br\/blog\/#\/schema\/logo\/image\/"},"sameAs":["https:\/\/x.com\/EstratConcursos"]},{"@type":"Person","@id":"https:\/\/www.estrategiaconcursos.com.br\/blog\/#\/schema\/person\/5acc553abf95ce4ee37d8bcba13f59d8","name":"Fernanda Ferroni","image":{"@type":"ImageObject","inLanguage":"pt-BR","@id":"https:\/\/secure.gravatar.com\/avatar\/3472db10352a8952b0a24a92a73a9aa1eb245e692f29cb07802282e2e66c0e6e?s=96&d=mm&r=g","url":"https:\/\/secure.gravatar.com\/avatar\/3472db10352a8952b0a24a92a73a9aa1eb245e692f29cb07802282e2e66c0e6e?s=96&d=mm&r=g","contentUrl":"https:\/\/secure.gravatar.com\/avatar\/3472db10352a8952b0a24a92a73a9aa1eb245e692f29cb07802282e2e66c0e6e?s=96&d=mm&r=g","caption":"Fernanda Ferroni"},"url":"https:\/\/www.estrategiaconcursos.com.br\/blog\/author\/fernandacunhahotmail-com\/"}]}},"_links":{"self":[{"href":"https:\/\/www.estrategiaconcursos.com.br\/blog\/wp-json\/wp\/v2\/posts\/506545","targetHints":{"allow":["GET"]}}],"collection":[{"href":"https:\/\/www.estrategiaconcursos.com.br\/blog\/wp-json\/wp\/v2\/posts"}],"about":[{"href":"https:\/\/www.estrategiaconcursos.com.br\/blog\/wp-json\/wp\/v2\/types\/post"}],"author":[{"embeddable":true,"href":"https:\/\/www.estrategiaconcursos.com.br\/blog\/wp-json\/wp\/v2\/users\/1729"}],"replies":[{"embeddable":true,"href":"https:\/\/www.estrategiaconcursos.com.br\/blog\/wp-json\/wp\/v2\/comments?post=506545"}],"version-history":[{"count":9,"href":"https:\/\/www.estrategiaconcursos.com.br\/blog\/wp-json\/wp\/v2\/posts\/506545\/revisions"}],"predecessor-version":[{"id":515219,"href":"https:\/\/www.estrategiaconcursos.com.br\/blog\/wp-json\/wp\/v2\/posts\/506545\/revisions\/515219"}],"wp:featuredmedia":[{"embeddable":true,"href":"https:\/\/www.estrategiaconcursos.com.br\/blog\/wp-json\/wp\/v2\/media\/512331"}],"wp:attachment":[{"href":"https:\/\/www.estrategiaconcursos.com.br\/blog\/wp-json\/wp\/v2\/media?parent=506545"}],"wp:term":[{"taxonomy":"category","embeddable":true,"href":"https:\/\/www.estrategiaconcursos.com.br\/blog\/wp-json\/wp\/v2\/categories?post=506545"},{"taxonomy":"post_tag","embeddable":true,"href":"https:\/\/www.estrategiaconcursos.com.br\/blog\/wp-json\/wp\/v2\/tags?post=506545"},{"taxonomy":"tax_estado","embeddable":true,"href":"https:\/\/www.estrategiaconcursos.com.br\/blog\/wp-json\/wp\/v2\/tax_estado?post=506545"}],"curies":[{"name":"wp","href":"https:\/\/api.w.org\/{rel}","templated":true}]}}