{"id":506283,"date":"2020-04-23T18:08:00","date_gmt":"2020-04-23T21:08:00","guid":{"rendered":"https:\/\/www.estrategiaconcursos.com.br\/blog\/?p=506283"},"modified":"2023-08-10T10:24:48","modified_gmt":"2023-08-10T13:24:48","slug":"covid-e-a-atuacao-da-advocacia-publica-nesta-quinta-as-19hs","status":"publish","type":"post","link":"https:\/\/www.estrategiaconcursos.com.br\/blog\/covid-e-a-atuacao-da-advocacia-publica-nesta-quinta-as-19hs\/","title":{"rendered":"COVID e a atua\u00e7\u00e3o da Advocacia P\u00fablica: Nesta quinta, \u00e0s 19hs!"},"content":{"rendered":"\n<p>A advocacia p\u00fablica \u00e9 prevista no artigo 131 da Constitui\u00e7\u00e3o Federal de 1988, no cap\u00edtulo das Fun\u00e7\u00f5es Essenciais \u00e0 Justi\u00e7a, e tem como fun\u00e7\u00f5es representar os entes pol\u00edticos, judicial e extrajudicialmente e desempenhar as atividades de consultoria e assessoramento jur\u00eddico do Poder Executivo.<\/p>\n\n\n\n<p>No \u00e2mbito federal, compete \u00e0&nbsp;Advocacia-Geral da Uni\u00e3o&nbsp;representar a Uni\u00e3o internamente e toda a Rep\u00fablica na ordem internacional. J\u00e1 a defesa autarquias e funda\u00e7\u00f5es p\u00fablicas federais compete \u00e0&nbsp;Procuradoria-Geral Federal&nbsp;as fun\u00e7\u00f5es de defesa. <\/p>\n\n\n\n<p>No campo estadual, por sua vez, o exerc\u00edcio da Advocacia P\u00fablica, inclusive para representar autarquias e funda\u00e7\u00f5es se d\u00e1 pelos Procuradores dos Estados e do Distrito Federal. E, no campo dos Munic\u00edpios minimamente organizados existem as Procuradorias-Gerais Municipais. <\/p>\n\n\n\n<p>Assim, todos os entes federativos demandam e requerem um \u00f3rg\u00e3o especialmente voltado \u00e0 defesa de seus interesses enquanto Administra\u00e7\u00e3o P\u00fablica, seja no tocante a quest\u00f5es tribut\u00e1rias, administrativas, or\u00e7ament\u00e1rias, dentre outras. <\/p>\n\n\n\n<p>E neste momento de estado de emerg\u00eancia e calamidade p\u00fablica originados pela pandemia de coronav\u00edrus (Covid-19) pelo qual o pa\u00eds como um todo vem passando, a defesa desses interesses se torna ainda mais importante e delicada. <\/p>\n\n\n\n<p>E para melhor desenvolver este tema, a professora Thais Sousa far\u00e1 parte da transmiss\u00e3o de um evento exclusivo hoje,<strong> <em>quinta-feira, 23 de abril, a partir das 19 horas, diretamente do canal do Estrat\u00e9gia Carreira Jur\u00eddica no Youtube<\/em><\/strong>. <\/p>\n\n\n\n<h2 class=\"wp-block-heading\" id=\"h-quer-estudar-para-concursos\">Quer estudar para concursos?<\/h2>\n\n\n\n<p class=\"has-text-align-center has-very-light-gray-background-color has-background\" style=\"font-size:clamp(14.642px, 0.915rem + ((1vw - 3.2px) * 0.721), 22px);px\"><strong><a href=\"https:\/\/www.estrategiaconcursos.com.br\/cursos\/concurso\/\" target=\"_blank\" rel=\"noreferrer noopener\">CURSOS PARA CONCURSOS<\/a><\/strong> <\/p>\n\n\n\n<p class=\"has-text-align-center\">Gostou desta oportunidade e deseja come\u00e7ar se preparar agora mesmo? Ent\u00e3o, confira os nossos cursos e comece a estudar:<\/p>\n\n\n\n<p class=\"has-text-align-center\"><em><strong>Fique por dentro de todos os concursos<\/strong><\/em>:<\/p>\n\n\n\n<p class=\"has-text-align-center has-pale-cyan-blue-background-color has-background\" style=\"font-size:clamp(15.197px, 0.95rem + ((1vw - 3.2px) * 0.765), 23px);px\"><a href=\"https:\/\/www.estrategiaconcursos.com.br\/blog\/concursos-abertos\/\" target=\"_blank\" rel=\"noreferrer noopener\"><strong>Concursos abertos<\/strong><\/a><\/p>\n\n\n\n<p class=\"has-text-align-center has-pale-cyan-blue-background-color has-background\" style=\"font-size:clamp(15.197px, 0.95rem + ((1vw - 3.2px) * 0.765), 23px);px\"><strong><a href=\"https:\/\/www.estrategiaconcursos.com.br\/blog\/concursos-de-direito\/\" target=\"_blank\" rel=\"noreferrer noopener\" aria-label=\"CONCURSOS&nbsp;DE DIREITO (abre numa nova aba)\">CONCURSOS&nbsp;DE DIREITO<\/a><\/strong><\/p>\n","protected":false},"excerpt":{"rendered":"<p>A advocacia p\u00fablica \u00e9 prevista no artigo 131 da Constitui\u00e7\u00e3o Federal de 1988, no cap\u00edtulo das Fun\u00e7\u00f5es Essenciais \u00e0 Justi\u00e7a, e tem como fun\u00e7\u00f5es representar os entes pol\u00edticos, judicial e extrajudicialmente e desempenhar as atividades de consultoria e assessoramento jur\u00eddico do Poder Executivo. No \u00e2mbito federal, compete \u00e0&nbsp;Advocacia-Geral da Uni\u00e3o&nbsp;representar a Uni\u00e3o internamente e toda [&hellip;]<\/p>\n","protected":false},"author":135,"featured_media":506289,"comment_status":"open","ping_status":"closed","sticky":false,"template":"","format":"standard","meta":{"post_tipo":"article","footnotes":""},"categories":[1],"tags":[],"tax_estado":[],"class_list":["post-506283","post","type-post","status-publish","format-standard","has-post-thumbnail","hentry","category-cursos-e-concursos"],"acf":[],"yoast_head":"<!-- This site is optimized with the Yoast SEO Premium plugin v27.2 (Yoast SEO v27.2) - https:\/\/yoast.com\/product\/yoast-seo-premium-wordpress\/ -->\n<title>COVID e a atua\u00e7\u00e3o da Advocacia P\u00fablica: Nesta quinta, \u00e0s 19hs!<\/title>\n<meta name=\"robots\" content=\"index, follow, max-snippet:-1, max-image-preview:large, max-video-preview:-1\" \/>\n<link rel=\"canonical\" href=\"https:\/\/www.estrategiaconcursos.com.br\/blog\/covid-e-a-atuacao-da-advocacia-publica-nesta-quinta-as-19hs\/\" \/>\n<meta property=\"og:locale\" content=\"pt_BR\" \/>\n<meta property=\"og:type\" content=\"article\" \/>\n<meta property=\"og:title\" content=\"COVID e a atua\u00e7\u00e3o da Advocacia P\u00fablica: Nesta quinta, \u00e0s 19hs!\" \/>\n<meta property=\"og:description\" content=\"A advocacia p\u00fablica \u00e9 prevista no artigo 131 da Constitui\u00e7\u00e3o Federal de 1988, no cap\u00edtulo das Fun\u00e7\u00f5es Essenciais \u00e0 Justi\u00e7a, e tem como fun\u00e7\u00f5es representar os entes pol\u00edticos, judicial e extrajudicialmente e desempenhar as atividades de consultoria e assessoramento jur\u00eddico do Poder Executivo. No \u00e2mbito federal, compete \u00e0&nbsp;Advocacia-Geral da Uni\u00e3o&nbsp;representar a Uni\u00e3o internamente e toda [&hellip;]\" \/>\n<meta property=\"og:url\" content=\"https:\/\/www.estrategiaconcursos.com.br\/blog\/covid-e-a-atuacao-da-advocacia-publica-nesta-quinta-as-19hs\/\" \/>\n<meta property=\"og:site_name\" content=\"Estrat\u00e9gia Concursos\" \/>\n<meta property=\"article:published_time\" content=\"2020-04-23T21:08:00+00:00\" \/>\n<meta property=\"article:modified_time\" content=\"2023-08-10T13:24:48+00:00\" \/>\n<meta property=\"og:image\" content=\"https:\/\/dhg1h5j42swfq.cloudfront.net\/2020\/04\/22181355\/advocacia-p%C3%BAblica.jpg\" \/>\n\t<meta property=\"og:image:width\" content=\"1024\" \/>\n\t<meta property=\"og:image:height\" content=\"767\" \/>\n\t<meta property=\"og:image:type\" content=\"image\/jpeg\" \/>\n<meta name=\"author\" content=\"Antonio Daud\" \/>\n<meta name=\"twitter:card\" content=\"summary_large_image\" \/>\n<meta name=\"twitter:creator\" content=\"@EstratConcursos\" \/>\n<meta name=\"twitter:site\" content=\"@EstratConcursos\" \/>\n<meta name=\"twitter:label1\" content=\"Escrito por\" \/>\n\t<meta name=\"twitter:data1\" content=\"Antonio Daud\" \/>\n\t<meta name=\"twitter:label2\" content=\"Est. tempo de leitura\" \/>\n\t<meta name=\"twitter:data2\" content=\"1 minuto\" \/>\n<script type=\"application\/ld+json\" class=\"yoast-schema-graph\">{\"@context\":\"https:\/\/schema.org\",\"@graph\":[{\"@type\":\"NewsArticle\",\"@id\":\"https:\/\/www.estrategiaconcursos.com.br\/blog\/covid-e-a-atuacao-da-advocacia-publica-nesta-quinta-as-19hs\/#article\",\"isPartOf\":{\"@id\":\"https:\/\/www.estrategiaconcursos.com.br\/blog\/covid-e-a-atuacao-da-advocacia-publica-nesta-quinta-as-19hs\/\"},\"author\":{\"name\":\"Antonio Daud\",\"@id\":\"https:\/\/www.estrategiaconcursos.com.br\/blog\/#\/schema\/person\/90692507130b147bb9128fc093141dad\"},\"headline\":\"COVID e a atua\u00e7\u00e3o da Advocacia P\u00fablica: Nesta quinta, \u00e0s 19hs!\",\"datePublished\":\"2020-04-23T21:08:00+00:00\",\"dateModified\":\"2023-08-10T13:24:48+00:00\",\"mainEntityOfPage\":{\"@id\":\"https:\/\/www.estrategiaconcursos.com.br\/blog\/covid-e-a-atuacao-da-advocacia-publica-nesta-quinta-as-19hs\/\"},\"wordCount\":300,\"commentCount\":0,\"publisher\":{\"@id\":\"https:\/\/www.estrategiaconcursos.com.br\/blog\/#organization\"},\"image\":{\"@id\":\"https:\/\/www.estrategiaconcursos.com.br\/blog\/covid-e-a-atuacao-da-advocacia-publica-nesta-quinta-as-19hs\/#primaryimage\"},\"thumbnailUrl\":\"https:\/\/dhg1h5j42swfq.cloudfront.net\/2020\/04\/22181355\/advocacia-p%C3%BAblica.jpg\",\"articleSection\":[\"Concursos P\u00fablicos\"],\"inLanguage\":\"pt-BR\",\"potentialAction\":[{\"@type\":\"CommentAction\",\"name\":\"Comment\",\"target\":[\"https:\/\/www.estrategiaconcursos.com.br\/blog\/covid-e-a-atuacao-da-advocacia-publica-nesta-quinta-as-19hs\/#respond\"]}],\"copyrightYear\":\"2020\",\"copyrightHolder\":{\"@id\":\"https:\/\/www.estrategiaconcursos.com.br\/blog\/#organization\"}},{\"@type\":\"WebPage\",\"@id\":\"https:\/\/www.estrategiaconcursos.com.br\/blog\/covid-e-a-atuacao-da-advocacia-publica-nesta-quinta-as-19hs\/\",\"url\":\"https:\/\/www.estrategiaconcursos.com.br\/blog\/covid-e-a-atuacao-da-advocacia-publica-nesta-quinta-as-19hs\/\",\"name\":\"COVID e a atua\u00e7\u00e3o da Advocacia P\u00fablica: Nesta quinta, \u00e0s 19hs!\",\"isPartOf\":{\"@id\":\"https:\/\/www.estrategiaconcursos.com.br\/blog\/#website\"},\"primaryImageOfPage\":{\"@id\":\"https:\/\/www.estrategiaconcursos.com.br\/blog\/covid-e-a-atuacao-da-advocacia-publica-nesta-quinta-as-19hs\/#primaryimage\"},\"image\":{\"@id\":\"https:\/\/www.estrategiaconcursos.com.br\/blog\/covid-e-a-atuacao-da-advocacia-publica-nesta-quinta-as-19hs\/#primaryimage\"},\"thumbnailUrl\":\"https:\/\/dhg1h5j42swfq.cloudfront.net\/2020\/04\/22181355\/advocacia-p%C3%BAblica.jpg\",\"datePublished\":\"2020-04-23T21:08:00+00:00\",\"dateModified\":\"2023-08-10T13:24:48+00:00\",\"breadcrumb\":{\"@id\":\"https:\/\/www.estrategiaconcursos.com.br\/blog\/covid-e-a-atuacao-da-advocacia-publica-nesta-quinta-as-19hs\/#breadcrumb\"},\"inLanguage\":\"pt-BR\",\"potentialAction\":[{\"@type\":\"ReadAction\",\"target\":[\"https:\/\/www.estrategiaconcursos.com.br\/blog\/covid-e-a-atuacao-da-advocacia-publica-nesta-quinta-as-19hs\/\"]}]},{\"@type\":\"ImageObject\",\"inLanguage\":\"pt-BR\",\"@id\":\"https:\/\/www.estrategiaconcursos.com.br\/blog\/covid-e-a-atuacao-da-advocacia-publica-nesta-quinta-as-19hs\/#primaryimage\",\"url\":\"https:\/\/dhg1h5j42swfq.cloudfront.net\/2020\/04\/22181355\/advocacia-p%C3%BAblica.jpg\",\"contentUrl\":\"https:\/\/dhg1h5j42swfq.cloudfront.net\/2020\/04\/22181355\/advocacia-p%C3%BAblica.jpg\",\"width\":1024,\"height\":767,\"caption\":\"Advocacia\"},{\"@type\":\"BreadcrumbList\",\"@id\":\"https:\/\/www.estrategiaconcursos.com.br\/blog\/covid-e-a-atuacao-da-advocacia-publica-nesta-quinta-as-19hs\/#breadcrumb\",\"itemListElement\":[{\"@type\":\"ListItem\",\"position\":1,\"name\":\"In\u00edcio\",\"item\":\"https:\/\/www.estrategiaconcursos.com.br\/blog\/\"},{\"@type\":\"ListItem\",\"position\":2,\"name\":\"COVID e a atua\u00e7\u00e3o da Advocacia P\u00fablica: Nesta quinta, \u00e0s 19hs!\"}]},{\"@type\":\"WebSite\",\"@id\":\"https:\/\/www.estrategiaconcursos.com.br\/blog\/#website\",\"url\":\"https:\/\/www.estrategiaconcursos.com.br\/blog\/\",\"name\":\"Estrat\u00e9gia Concursos\",\"description\":\"O blog da Estrat\u00e9gia Concursos traz not\u00edcias sobre concursos e artigos de professores oferecendo cursos para concursos (pdf + videaulas) no site.\",\"publisher\":{\"@id\":\"https:\/\/www.estrategiaconcursos.com.br\/blog\/#organization\"},\"potentialAction\":[{\"@type\":\"SearchAction\",\"target\":{\"@type\":\"EntryPoint\",\"urlTemplate\":\"https:\/\/www.estrategiaconcursos.com.br\/blog\/?s={search_term_string}\"},\"query-input\":{\"@type\":\"PropertyValueSpecification\",\"valueRequired\":true,\"valueName\":\"search_term_string\"}}],\"inLanguage\":\"pt-BR\"},{\"@type\":\"Organization\",\"@id\":\"https:\/\/www.estrategiaconcursos.com.br\/blog\/#organization\",\"name\":\"Estrat\u00e9gia Concursos\",\"url\":\"https:\/\/www.estrategiaconcursos.com.br\/blog\/\",\"logo\":{\"@type\":\"ImageObject\",\"inLanguage\":\"pt-BR\",\"@id\":\"https:\/\/www.estrategiaconcursos.com.br\/blog\/#\/schema\/logo\/image\/\",\"url\":\"https:\/\/dhg1h5j42swfq.cloudfront.net\/2025\/06\/03203428\/logo_concursos-1.jpg\",\"contentUrl\":\"https:\/\/dhg1h5j42swfq.cloudfront.net\/2025\/06\/03203428\/logo_concursos-1.jpg\",\"width\":230,\"height\":60,\"caption\":\"Estrat\u00e9gia Concursos\"},\"image\":{\"@id\":\"https:\/\/www.estrategiaconcursos.com.br\/blog\/#\/schema\/logo\/image\/\"},\"sameAs\":[\"https:\/\/x.com\/EstratConcursos\"]},{\"@type\":\"Person\",\"@id\":\"https:\/\/www.estrategiaconcursos.com.br\/blog\/#\/schema\/person\/90692507130b147bb9128fc093141dad\",\"name\":\"Antonio Daud\",\"image\":{\"@type\":\"ImageObject\",\"inLanguage\":\"pt-BR\",\"@id\":\"https:\/\/secure.gravatar.com\/avatar\/9a6539d0d807c3d7c2aaa709166f9aa9824103126593f30916973bcaedf16896?s=96&d=mm&r=g\",\"url\":\"https:\/\/secure.gravatar.com\/avatar\/9a6539d0d807c3d7c2aaa709166f9aa9824103126593f30916973bcaedf16896?s=96&d=mm&r=g\",\"contentUrl\":\"https:\/\/secure.gravatar.com\/avatar\/9a6539d0d807c3d7c2aaa709166f9aa9824103126593f30916973bcaedf16896?s=96&d=mm&r=g\",\"caption\":\"Antonio Daud\"},\"description\":\"Antonio Daud J\u00fanior \u00e9 bacharel em Engenharia El\u00e9trica e em Direito. Foi Analista de Finan\u00e7as e Controle da Controladoria-Geral da Uni\u00e3o\/Presid\u00eancia da Rep\u00fablica (CGU\/PR), aprovado no concurso de 2008. Atualmente \u00e9 Auditor Federal de Controle Externo (AUFC) do Tribunal de Contas da Uni\u00e3o (TCU), aprovado tamb\u00e9m em 2008.\",\"sameAs\":[\"https:\/\/www.instagram.com\/professordaud\/?hl=en\"],\"url\":\"https:\/\/www.estrategiaconcursos.com.br\/blog\/author\/antoniodaudestrategiaconcursos-com-br\/\"}]}<\/script>\n<!-- \/ Yoast SEO Premium plugin. -->","yoast_head_json":{"title":"COVID e a atua\u00e7\u00e3o da Advocacia P\u00fablica: Nesta quinta, \u00e0s 19hs!","robots":{"index":"index","follow":"follow","max-snippet":"max-snippet:-1","max-image-preview":"max-image-preview:large","max-video-preview":"max-video-preview:-1"},"canonical":"https:\/\/www.estrategiaconcursos.com.br\/blog\/covid-e-a-atuacao-da-advocacia-publica-nesta-quinta-as-19hs\/","og_locale":"pt_BR","og_type":"article","og_title":"COVID e a atua\u00e7\u00e3o da Advocacia P\u00fablica: Nesta quinta, \u00e0s 19hs!","og_description":"A advocacia p\u00fablica \u00e9 prevista no artigo 131 da Constitui\u00e7\u00e3o Federal de 1988, no cap\u00edtulo das Fun\u00e7\u00f5es Essenciais \u00e0 Justi\u00e7a, e tem como fun\u00e7\u00f5es representar os entes pol\u00edticos, judicial e extrajudicialmente e desempenhar as atividades de consultoria e assessoramento jur\u00eddico do Poder Executivo. No \u00e2mbito federal, compete \u00e0&nbsp;Advocacia-Geral da Uni\u00e3o&nbsp;representar a Uni\u00e3o internamente e toda [&hellip;]","og_url":"https:\/\/www.estrategiaconcursos.com.br\/blog\/covid-e-a-atuacao-da-advocacia-publica-nesta-quinta-as-19hs\/","og_site_name":"Estrat\u00e9gia Concursos","article_published_time":"2020-04-23T21:08:00+00:00","article_modified_time":"2023-08-10T13:24:48+00:00","og_image":[{"width":1024,"height":767,"url":"https:\/\/dhg1h5j42swfq.cloudfront.net\/2020\/04\/22181355\/advocacia-p%C3%BAblica.jpg","type":"image\/jpeg"}],"author":"Antonio Daud","twitter_card":"summary_large_image","twitter_creator":"@EstratConcursos","twitter_site":"@EstratConcursos","twitter_misc":{"Escrito por":"Antonio Daud","Est. tempo de leitura":"1 minuto"},"schema":{"@context":"https:\/\/schema.org","@graph":[{"@type":"NewsArticle","@id":"https:\/\/www.estrategiaconcursos.com.br\/blog\/covid-e-a-atuacao-da-advocacia-publica-nesta-quinta-as-19hs\/#article","isPartOf":{"@id":"https:\/\/www.estrategiaconcursos.com.br\/blog\/covid-e-a-atuacao-da-advocacia-publica-nesta-quinta-as-19hs\/"},"author":{"name":"Antonio Daud","@id":"https:\/\/www.estrategiaconcursos.com.br\/blog\/#\/schema\/person\/90692507130b147bb9128fc093141dad"},"headline":"COVID e a atua\u00e7\u00e3o da Advocacia P\u00fablica: Nesta quinta, \u00e0s 19hs!","datePublished":"2020-04-23T21:08:00+00:00","dateModified":"2023-08-10T13:24:48+00:00","mainEntityOfPage":{"@id":"https:\/\/www.estrategiaconcursos.com.br\/blog\/covid-e-a-atuacao-da-advocacia-publica-nesta-quinta-as-19hs\/"},"wordCount":300,"commentCount":0,"publisher":{"@id":"https:\/\/www.estrategiaconcursos.com.br\/blog\/#organization"},"image":{"@id":"https:\/\/www.estrategiaconcursos.com.br\/blog\/covid-e-a-atuacao-da-advocacia-publica-nesta-quinta-as-19hs\/#primaryimage"},"thumbnailUrl":"https:\/\/dhg1h5j42swfq.cloudfront.net\/2020\/04\/22181355\/advocacia-p%C3%BAblica.jpg","articleSection":["Concursos P\u00fablicos"],"inLanguage":"pt-BR","potentialAction":[{"@type":"CommentAction","name":"Comment","target":["https:\/\/www.estrategiaconcursos.com.br\/blog\/covid-e-a-atuacao-da-advocacia-publica-nesta-quinta-as-19hs\/#respond"]}],"copyrightYear":"2020","copyrightHolder":{"@id":"https:\/\/www.estrategiaconcursos.com.br\/blog\/#organization"}},{"@type":"WebPage","@id":"https:\/\/www.estrategiaconcursos.com.br\/blog\/covid-e-a-atuacao-da-advocacia-publica-nesta-quinta-as-19hs\/","url":"https:\/\/www.estrategiaconcursos.com.br\/blog\/covid-e-a-atuacao-da-advocacia-publica-nesta-quinta-as-19hs\/","name":"COVID e a atua\u00e7\u00e3o da Advocacia P\u00fablica: Nesta quinta, \u00e0s 19hs!","isPartOf":{"@id":"https:\/\/www.estrategiaconcursos.com.br\/blog\/#website"},"primaryImageOfPage":{"@id":"https:\/\/www.estrategiaconcursos.com.br\/blog\/covid-e-a-atuacao-da-advocacia-publica-nesta-quinta-as-19hs\/#primaryimage"},"image":{"@id":"https:\/\/www.estrategiaconcursos.com.br\/blog\/covid-e-a-atuacao-da-advocacia-publica-nesta-quinta-as-19hs\/#primaryimage"},"thumbnailUrl":"https:\/\/dhg1h5j42swfq.cloudfront.net\/2020\/04\/22181355\/advocacia-p%C3%BAblica.jpg","datePublished":"2020-04-23T21:08:00+00:00","dateModified":"2023-08-10T13:24:48+00:00","breadcrumb":{"@id":"https:\/\/www.estrategiaconcursos.com.br\/blog\/covid-e-a-atuacao-da-advocacia-publica-nesta-quinta-as-19hs\/#breadcrumb"},"inLanguage":"pt-BR","potentialAction":[{"@type":"ReadAction","target":["https:\/\/www.estrategiaconcursos.com.br\/blog\/covid-e-a-atuacao-da-advocacia-publica-nesta-quinta-as-19hs\/"]}]},{"@type":"ImageObject","inLanguage":"pt-BR","@id":"https:\/\/www.estrategiaconcursos.com.br\/blog\/covid-e-a-atuacao-da-advocacia-publica-nesta-quinta-as-19hs\/#primaryimage","url":"https:\/\/dhg1h5j42swfq.cloudfront.net\/2020\/04\/22181355\/advocacia-p%C3%BAblica.jpg","contentUrl":"https:\/\/dhg1h5j42swfq.cloudfront.net\/2020\/04\/22181355\/advocacia-p%C3%BAblica.jpg","width":1024,"height":767,"caption":"Advocacia"},{"@type":"BreadcrumbList","@id":"https:\/\/www.estrategiaconcursos.com.br\/blog\/covid-e-a-atuacao-da-advocacia-publica-nesta-quinta-as-19hs\/#breadcrumb","itemListElement":[{"@type":"ListItem","position":1,"name":"In\u00edcio","item":"https:\/\/www.estrategiaconcursos.com.br\/blog\/"},{"@type":"ListItem","position":2,"name":"COVID e a atua\u00e7\u00e3o da Advocacia P\u00fablica: Nesta quinta, \u00e0s 19hs!"}]},{"@type":"WebSite","@id":"https:\/\/www.estrategiaconcursos.com.br\/blog\/#website","url":"https:\/\/www.estrategiaconcursos.com.br\/blog\/","name":"Estrat\u00e9gia Concursos","description":"O blog da Estrat\u00e9gia Concursos traz not\u00edcias sobre concursos e artigos de professores oferecendo cursos para concursos (pdf + videaulas) no site.","publisher":{"@id":"https:\/\/www.estrategiaconcursos.com.br\/blog\/#organization"},"potentialAction":[{"@type":"SearchAction","target":{"@type":"EntryPoint","urlTemplate":"https:\/\/www.estrategiaconcursos.com.br\/blog\/?s={search_term_string}"},"query-input":{"@type":"PropertyValueSpecification","valueRequired":true,"valueName":"search_term_string"}}],"inLanguage":"pt-BR"},{"@type":"Organization","@id":"https:\/\/www.estrategiaconcursos.com.br\/blog\/#organization","name":"Estrat\u00e9gia Concursos","url":"https:\/\/www.estrategiaconcursos.com.br\/blog\/","logo":{"@type":"ImageObject","inLanguage":"pt-BR","@id":"https:\/\/www.estrategiaconcursos.com.br\/blog\/#\/schema\/logo\/image\/","url":"https:\/\/dhg1h5j42swfq.cloudfront.net\/2025\/06\/03203428\/logo_concursos-1.jpg","contentUrl":"https:\/\/dhg1h5j42swfq.cloudfront.net\/2025\/06\/03203428\/logo_concursos-1.jpg","width":230,"height":60,"caption":"Estrat\u00e9gia Concursos"},"image":{"@id":"https:\/\/www.estrategiaconcursos.com.br\/blog\/#\/schema\/logo\/image\/"},"sameAs":["https:\/\/x.com\/EstratConcursos"]},{"@type":"Person","@id":"https:\/\/www.estrategiaconcursos.com.br\/blog\/#\/schema\/person\/90692507130b147bb9128fc093141dad","name":"Antonio Daud","image":{"@type":"ImageObject","inLanguage":"pt-BR","@id":"https:\/\/secure.gravatar.com\/avatar\/9a6539d0d807c3d7c2aaa709166f9aa9824103126593f30916973bcaedf16896?s=96&d=mm&r=g","url":"https:\/\/secure.gravatar.com\/avatar\/9a6539d0d807c3d7c2aaa709166f9aa9824103126593f30916973bcaedf16896?s=96&d=mm&r=g","contentUrl":"https:\/\/secure.gravatar.com\/avatar\/9a6539d0d807c3d7c2aaa709166f9aa9824103126593f30916973bcaedf16896?s=96&d=mm&r=g","caption":"Antonio Daud"},"description":"Antonio Daud J\u00fanior \u00e9 bacharel em Engenharia El\u00e9trica e em Direito. Foi Analista de Finan\u00e7as e Controle da Controladoria-Geral da Uni\u00e3o\/Presid\u00eancia da Rep\u00fablica (CGU\/PR), aprovado no concurso de 2008. Atualmente \u00e9 Auditor Federal de Controle Externo (AUFC) do Tribunal de Contas da Uni\u00e3o (TCU), aprovado tamb\u00e9m em 2008.","sameAs":["https:\/\/www.instagram.com\/professordaud\/?hl=en"],"url":"https:\/\/www.estrategiaconcursos.com.br\/blog\/author\/antoniodaudestrategiaconcursos-com-br\/"}]}},"_links":{"self":[{"href":"https:\/\/www.estrategiaconcursos.com.br\/blog\/wp-json\/wp\/v2\/posts\/506283","targetHints":{"allow":["GET"]}}],"collection":[{"href":"https:\/\/www.estrategiaconcursos.com.br\/blog\/wp-json\/wp\/v2\/posts"}],"about":[{"href":"https:\/\/www.estrategiaconcursos.com.br\/blog\/wp-json\/wp\/v2\/types\/post"}],"author":[{"embeddable":true,"href":"https:\/\/www.estrategiaconcursos.com.br\/blog\/wp-json\/wp\/v2\/users\/135"}],"replies":[{"embeddable":true,"href":"https:\/\/www.estrategiaconcursos.com.br\/blog\/wp-json\/wp\/v2\/comments?post=506283"}],"version-history":[{"count":5,"href":"https:\/\/www.estrategiaconcursos.com.br\/blog\/wp-json\/wp\/v2\/posts\/506283\/revisions"}],"predecessor-version":[{"id":1262815,"href":"https:\/\/www.estrategiaconcursos.com.br\/blog\/wp-json\/wp\/v2\/posts\/506283\/revisions\/1262815"}],"wp:featuredmedia":[{"embeddable":true,"href":"https:\/\/www.estrategiaconcursos.com.br\/blog\/wp-json\/wp\/v2\/media\/506289"}],"wp:attachment":[{"href":"https:\/\/www.estrategiaconcursos.com.br\/blog\/wp-json\/wp\/v2\/media?parent=506283"}],"wp:term":[{"taxonomy":"category","embeddable":true,"href":"https:\/\/www.estrategiaconcursos.com.br\/blog\/wp-json\/wp\/v2\/categories?post=506283"},{"taxonomy":"post_tag","embeddable":true,"href":"https:\/\/www.estrategiaconcursos.com.br\/blog\/wp-json\/wp\/v2\/tags?post=506283"},{"taxonomy":"tax_estado","embeddable":true,"href":"https:\/\/www.estrategiaconcursos.com.br\/blog\/wp-json\/wp\/v2\/tax_estado?post=506283"}],"curies":[{"name":"wp","href":"https:\/\/api.w.org\/{rel}","templated":true}]}}