{"id":506179,"date":"2020-04-22T15:09:49","date_gmt":"2020-04-22T18:09:49","guid":{"rendered":"https:\/\/www.estrategiaconcursos.com.br\/blog\/?p=506179"},"modified":"2020-04-28T16:51:56","modified_gmt":"2020-04-28T19:51:56","slug":"concurso-prefeitura-de-eusebio-novas-datas-de-prova","status":"publish","type":"post","link":"https:\/\/www.estrategiaconcursos.com.br\/blog\/concurso-prefeitura-de-eusebio-novas-datas-de-prova\/","title":{"rendered":"Concurso Prefeitura de Eus\u00e9bio: divulgadas novas datas de prova"},"content":{"rendered":"\n<p>Foram divulgadas novas datas de prova para o concurso p\u00fablico da Prefeitura de Eus\u00e9bio, munic\u00edpio do estado do Cear\u00e1. Para os cargos gerais, a prova ser\u00e1 realizada em<strong> 06 de setembro<\/strong>. J\u00e1 para o cargo de Guarda Municipal, na semana seguinte, em <strong>13 de setembro<\/strong>.<\/p>\n\n\n\n<p>A altera\u00e7\u00e3o no cronograma se deu em raz\u00e3o das medidas preventivas para combate ao novo Coronav\u00edrus. Justamente por conta disso, as inscri\u00e7\u00f5es foram prorrogadas e se encerram \u00e0s 23:59h de hoje, 22 de abril. Todo o processo deve ser feito no site da banca, o<strong> Instituto Consulpam<\/strong>.<\/p>\n\n\n\n<p>O edital 01\/2020, da Prefeitura, oferta 53 vagas imediatas mais 49 em cadastro reserva. J\u00e1 o edital 02\/2020, para Guarda, contempla 100 vagas mais 150 em CR.<\/p>\n\n\n\n<p style=\"font-size:18px\">\u25ba<strong><em><a rel=\"noreferrer noopener\" href=\"https:\/\/dhg1h5j42swfq.cloudfront.net\/2020\/04\/22150134\/prefeitura-1.pdf\" target=\"_blank\">Comunicado Prefeitura<\/a><br \/>\u25ba<a rel=\"noreferrer noopener\" href=\"https:\/\/dhg1h5j42swfq.cloudfront.net\/2020\/04\/22150136\/guarda.pdf\" target=\"_blank\">Comunicado Guarda<\/a><\/em><\/strong><br \/><\/p>\n\n\n\n<p class=\"has-background has-text-align-center has-very-light-gray-background-color\"><strong>Mais informa\u00e7\u00f5es: <a rel=\"noreferrer noopener\" href=\"https:\/\/www.estrategiaconcursos.com.br\/blog\/concurso-prefeitura-de-eusebio\/\" target=\"_blank\">Prefeitura de Eus\u00e9bio<\/a> | <a href=\"https:\/\/www.estrategiaconcursos.com.br\/blog\/concurso-iss-eusebio\/\" target=\"_blank\" rel=\"noreferrer noopener\">ISS Eus\u00e9bio<\/a> | <a rel=\"noreferrer noopener\" href=\"https:\/\/www.estrategiaconcursos.com.br\/blog\/concurso-guarda-municipal-de-eusebio-ce\/\" target=\"_blank\">Guarda Municipal Eus\u00e9bio<\/a><\/strong><\/p>\n\n\n\n<p class=\"has-text-align-center\"><em><strong>Assinatura Anual Ilimitada*<\/strong><\/em><\/p>\n\n\n\n<p class=\"has-text-align-center\"><em>Prepare-se com o melhor material e com quem mais aprova em Concursos P\u00fablicos em todo o pa\u00eds. Assine agora a nossa Assinatura Anual e tenha acesso ilimitado* a todos os nossos cursos.<\/em><\/p>\n\n\n\n<p class=\"has-background has-text-align-center has-medium-font-size has-light-green-cyan-background-color\"><strong>ASSINE AGORA<\/strong>&nbsp;\u2013&nbsp;<a rel=\"noreferrer noopener\" href=\"https:\/\/www.estrategiaconcursos.com.br\/assinaturas\/\" target=\"_blank\"><strong>Assinatura Ilimitada<\/strong><\/a><\/p>\n\n\n\n<p class=\"has-background has-text-align-center has-medium-font-size has-pale-cyan-blue-background-color\"><strong><a href=\"https:\/\/www.estrategiaconcursos.com.br\/blog\/concursos-abertos\/\">CONCURSOS ABERTOS<\/a><\/strong><\/p>\n\n\n\n<p class=\"has-background has-text-align-center has-medium-font-size has-pale-cyan-blue-background-color\"><a href=\"https:\/\/www.estrategiaconcursos.com.br\/blog\/concursos-2020\/\"><strong>CONCURSOS<\/strong><\/a><strong><a href=\"https:\/\/www.estrategiaconcursos.com.br\/blog\/concursos-2020\/\">&nbsp;2020<\/a><\/strong><\/p>\n","protected":false},"excerpt":{"rendered":"<p>Foram divulgadas novas datas de prova para o concurso p\u00fablico da Prefeitura de Eus\u00e9bio, munic\u00edpio do estado do Cear\u00e1. Para os cargos gerais, a prova ser\u00e1 realizada em 06 de setembro. J\u00e1 para o cargo de Guarda Municipal, na semana seguinte, em 13 de setembro. A altera\u00e7\u00e3o no cronograma se deu em raz\u00e3o das medidas [&hellip;]<\/p>\n","protected":false},"author":260,"featured_media":492036,"comment_status":"open","ping_status":"closed","sticky":false,"template":"","format":"standard","meta":{"post_tipo":"article","footnotes":""},"categories":[1],"tags":[],"tax_estado":[],"class_list":["post-506179","post","type-post","status-publish","format-standard","has-post-thumbnail","hentry","category-cursos-e-concursos"],"acf":[],"yoast_head":"<!-- This site is optimized with the Yoast SEO Premium plugin v27.2 (Yoast SEO v27.2) - https:\/\/yoast.com\/product\/yoast-seo-premium-wordpress\/ -->\n<title>Concurso Prefeitura de Eus\u00e9bio: divulgadas novas datas de prova<\/title>\n<meta name=\"description\" content=\"Concurso Prefeitura de Eus\u00e9bio - CE passa por nova altera\u00e7\u00e3o em seu cronograma. Provas s\u00e3o adiadas para Setembro. Confira.\" \/>\n<meta name=\"robots\" content=\"index, follow, max-snippet:-1, max-image-preview:large, max-video-preview:-1\" \/>\n<link rel=\"canonical\" href=\"https:\/\/www.estrategiaconcursos.com.br\/blog\/concurso-prefeitura-de-eusebio-novas-datas-de-prova\/\" \/>\n<meta property=\"og:locale\" content=\"pt_BR\" \/>\n<meta property=\"og:type\" content=\"article\" \/>\n<meta property=\"og:title\" content=\"Concurso Prefeitura de Eus\u00e9bio: divulgadas novas datas de prova\" \/>\n<meta property=\"og:description\" content=\"Concurso Prefeitura de Eus\u00e9bio - CE passa por nova altera\u00e7\u00e3o em seu cronograma. Provas s\u00e3o adiadas para Setembro. Confira.\" \/>\n<meta property=\"og:url\" content=\"https:\/\/www.estrategiaconcursos.com.br\/blog\/concurso-prefeitura-de-eusebio-novas-datas-de-prova\/\" \/>\n<meta property=\"og:site_name\" content=\"Estrat\u00e9gia Concursos\" \/>\n<meta property=\"article:published_time\" content=\"2020-04-22T18:09:49+00:00\" \/>\n<meta property=\"article:modified_time\" content=\"2020-04-28T19:51:56+00:00\" \/>\n<meta property=\"og:image\" content=\"https:\/\/dhg1h5j42swfq.cloudfront.net\/2020\/02\/13141857\/Prefeitura-de-Eus%C3%A9bio-1.png\" \/>\n\t<meta property=\"og:image:width\" content=\"1200\" \/>\n\t<meta property=\"og:image:height\" content=\"628\" \/>\n\t<meta property=\"og:image:type\" content=\"image\/png\" \/>\n<meta name=\"author\" content=\"Diego Cerqueira Berbert Vasconcelos\" \/>\n<meta name=\"twitter:card\" content=\"summary_large_image\" \/>\n<meta name=\"twitter:creator\" content=\"@EstratConcursos\" \/>\n<meta name=\"twitter:site\" content=\"@EstratConcursos\" \/>\n<meta name=\"twitter:label1\" content=\"Escrito por\" \/>\n\t<meta name=\"twitter:data1\" content=\"Diego Cerqueira Berbert Vasconcelos\" \/>\n\t<meta name=\"twitter:label2\" content=\"Est. tempo de leitura\" \/>\n\t<meta name=\"twitter:data2\" content=\"1 minuto\" \/>\n<script type=\"application\/ld+json\" class=\"yoast-schema-graph\">{\"@context\":\"https:\/\/schema.org\",\"@graph\":[{\"@type\":\"NewsArticle\",\"@id\":\"https:\/\/www.estrategiaconcursos.com.br\/blog\/concurso-prefeitura-de-eusebio-novas-datas-de-prova\/#article\",\"isPartOf\":{\"@id\":\"https:\/\/www.estrategiaconcursos.com.br\/blog\/concurso-prefeitura-de-eusebio-novas-datas-de-prova\/\"},\"author\":{\"name\":\"Diego Cerqueira Berbert Vasconcelos\",\"@id\":\"https:\/\/www.estrategiaconcursos.com.br\/blog\/#\/schema\/person\/7fbf898fd336f5ce58a961518beff68c\"},\"headline\":\"Concurso Prefeitura de Eus\u00e9bio: divulgadas novas datas de prova\",\"datePublished\":\"2020-04-22T18:09:49+00:00\",\"dateModified\":\"2020-04-28T19:51:56+00:00\",\"mainEntityOfPage\":{\"@id\":\"https:\/\/www.estrategiaconcursos.com.br\/blog\/concurso-prefeitura-de-eusebio-novas-datas-de-prova\/\"},\"wordCount\":192,\"commentCount\":0,\"publisher\":{\"@id\":\"https:\/\/www.estrategiaconcursos.com.br\/blog\/#organization\"},\"image\":{\"@id\":\"https:\/\/www.estrategiaconcursos.com.br\/blog\/concurso-prefeitura-de-eusebio-novas-datas-de-prova\/#primaryimage\"},\"thumbnailUrl\":\"https:\/\/dhg1h5j42swfq.cloudfront.net\/2020\/02\/13141857\/Prefeitura-de-Eus%C3%A9bio-1.png\",\"articleSection\":[\"Concursos P\u00fablicos\"],\"inLanguage\":\"pt-BR\",\"potentialAction\":[{\"@type\":\"CommentAction\",\"name\":\"Comment\",\"target\":[\"https:\/\/www.estrategiaconcursos.com.br\/blog\/concurso-prefeitura-de-eusebio-novas-datas-de-prova\/#respond\"]}],\"copyrightYear\":\"2020\",\"copyrightHolder\":{\"@id\":\"https:\/\/www.estrategiaconcursos.com.br\/blog\/#organization\"}},{\"@type\":\"WebPage\",\"@id\":\"https:\/\/www.estrategiaconcursos.com.br\/blog\/concurso-prefeitura-de-eusebio-novas-datas-de-prova\/\",\"url\":\"https:\/\/www.estrategiaconcursos.com.br\/blog\/concurso-prefeitura-de-eusebio-novas-datas-de-prova\/\",\"name\":\"Concurso Prefeitura de Eus\u00e9bio: divulgadas novas datas de prova\",\"isPartOf\":{\"@id\":\"https:\/\/www.estrategiaconcursos.com.br\/blog\/#website\"},\"primaryImageOfPage\":{\"@id\":\"https:\/\/www.estrategiaconcursos.com.br\/blog\/concurso-prefeitura-de-eusebio-novas-datas-de-prova\/#primaryimage\"},\"image\":{\"@id\":\"https:\/\/www.estrategiaconcursos.com.br\/blog\/concurso-prefeitura-de-eusebio-novas-datas-de-prova\/#primaryimage\"},\"thumbnailUrl\":\"https:\/\/dhg1h5j42swfq.cloudfront.net\/2020\/02\/13141857\/Prefeitura-de-Eus%C3%A9bio-1.png\",\"datePublished\":\"2020-04-22T18:09:49+00:00\",\"dateModified\":\"2020-04-28T19:51:56+00:00\",\"description\":\"Concurso Prefeitura de Eus\u00e9bio - CE passa por nova altera\u00e7\u00e3o em seu cronograma. Provas s\u00e3o adiadas para Setembro. Confira.\",\"breadcrumb\":{\"@id\":\"https:\/\/www.estrategiaconcursos.com.br\/blog\/concurso-prefeitura-de-eusebio-novas-datas-de-prova\/#breadcrumb\"},\"inLanguage\":\"pt-BR\",\"potentialAction\":[{\"@type\":\"ReadAction\",\"target\":[\"https:\/\/www.estrategiaconcursos.com.br\/blog\/concurso-prefeitura-de-eusebio-novas-datas-de-prova\/\"]}]},{\"@type\":\"ImageObject\",\"inLanguage\":\"pt-BR\",\"@id\":\"https:\/\/www.estrategiaconcursos.com.br\/blog\/concurso-prefeitura-de-eusebio-novas-datas-de-prova\/#primaryimage\",\"url\":\"https:\/\/dhg1h5j42swfq.cloudfront.net\/2020\/02\/13141857\/Prefeitura-de-Eus%C3%A9bio-1.png\",\"contentUrl\":\"https:\/\/dhg1h5j42swfq.cloudfront.net\/2020\/02\/13141857\/Prefeitura-de-Eus%C3%A9bio-1.png\",\"width\":1200,\"height\":628,\"caption\":\"Eus\u00e9bio\"},{\"@type\":\"BreadcrumbList\",\"@id\":\"https:\/\/www.estrategiaconcursos.com.br\/blog\/concurso-prefeitura-de-eusebio-novas-datas-de-prova\/#breadcrumb\",\"itemListElement\":[{\"@type\":\"ListItem\",\"position\":1,\"name\":\"In\u00edcio\",\"item\":\"https:\/\/www.estrategiaconcursos.com.br\/blog\/\"},{\"@type\":\"ListItem\",\"position\":2,\"name\":\"Concurso Prefeitura de Eus\u00e9bio: divulgadas novas datas de prova\"}]},{\"@type\":\"WebSite\",\"@id\":\"https:\/\/www.estrategiaconcursos.com.br\/blog\/#website\",\"url\":\"https:\/\/www.estrategiaconcursos.com.br\/blog\/\",\"name\":\"Estrat\u00e9gia Concursos\",\"description\":\"O blog da Estrat\u00e9gia Concursos traz not\u00edcias sobre concursos e artigos de professores oferecendo cursos para concursos (pdf + videaulas) no site.\",\"publisher\":{\"@id\":\"https:\/\/www.estrategiaconcursos.com.br\/blog\/#organization\"},\"potentialAction\":[{\"@type\":\"SearchAction\",\"target\":{\"@type\":\"EntryPoint\",\"urlTemplate\":\"https:\/\/www.estrategiaconcursos.com.br\/blog\/?s={search_term_string}\"},\"query-input\":{\"@type\":\"PropertyValueSpecification\",\"valueRequired\":true,\"valueName\":\"search_term_string\"}}],\"inLanguage\":\"pt-BR\"},{\"@type\":\"Organization\",\"@id\":\"https:\/\/www.estrategiaconcursos.com.br\/blog\/#organization\",\"name\":\"Estrat\u00e9gia Concursos\",\"url\":\"https:\/\/www.estrategiaconcursos.com.br\/blog\/\",\"logo\":{\"@type\":\"ImageObject\",\"inLanguage\":\"pt-BR\",\"@id\":\"https:\/\/www.estrategiaconcursos.com.br\/blog\/#\/schema\/logo\/image\/\",\"url\":\"https:\/\/dhg1h5j42swfq.cloudfront.net\/2025\/06\/03203428\/logo_concursos-1.jpg\",\"contentUrl\":\"https:\/\/dhg1h5j42swfq.cloudfront.net\/2025\/06\/03203428\/logo_concursos-1.jpg\",\"width\":230,\"height\":60,\"caption\":\"Estrat\u00e9gia Concursos\"},\"image\":{\"@id\":\"https:\/\/www.estrategiaconcursos.com.br\/blog\/#\/schema\/logo\/image\/\"},\"sameAs\":[\"https:\/\/x.com\/EstratConcursos\"]},{\"@type\":\"Person\",\"@id\":\"https:\/\/www.estrategiaconcursos.com.br\/blog\/#\/schema\/person\/7fbf898fd336f5ce58a961518beff68c\",\"name\":\"Diego Cerqueira Berbert Vasconcelos\",\"image\":{\"@type\":\"ImageObject\",\"inLanguage\":\"pt-BR\",\"@id\":\"https:\/\/secure.gravatar.com\/avatar\/ed2d045a7390980cad1a92d24dcc39d10ef55b88fcb9fb9c047979bf4ddeb1ce?s=96&d=mm&r=g\",\"url\":\"https:\/\/secure.gravatar.com\/avatar\/ed2d045a7390980cad1a92d24dcc39d10ef55b88fcb9fb9c047979bf4ddeb1ce?s=96&d=mm&r=g\",\"contentUrl\":\"https:\/\/secure.gravatar.com\/avatar\/ed2d045a7390980cad1a92d24dcc39d10ef55b88fcb9fb9c047979bf4ddeb1ce?s=96&d=mm&r=g\",\"caption\":\"Diego Cerqueira Berbert Vasconcelos\"},\"url\":\"https:\/\/www.estrategiaconcursos.com.br\/blog\/author\/diegocerqueiraestrategiaconcursos-com-br\/\"}]}<\/script>\n<!-- \/ Yoast SEO Premium plugin. -->","yoast_head_json":{"title":"Concurso Prefeitura de Eus\u00e9bio: divulgadas novas datas de prova","description":"Concurso Prefeitura de Eus\u00e9bio - CE passa por nova altera\u00e7\u00e3o em seu cronograma. Provas s\u00e3o adiadas para Setembro. Confira.","robots":{"index":"index","follow":"follow","max-snippet":"max-snippet:-1","max-image-preview":"max-image-preview:large","max-video-preview":"max-video-preview:-1"},"canonical":"https:\/\/www.estrategiaconcursos.com.br\/blog\/concurso-prefeitura-de-eusebio-novas-datas-de-prova\/","og_locale":"pt_BR","og_type":"article","og_title":"Concurso Prefeitura de Eus\u00e9bio: divulgadas novas datas de prova","og_description":"Concurso Prefeitura de Eus\u00e9bio - CE passa por nova altera\u00e7\u00e3o em seu cronograma. Provas s\u00e3o adiadas para Setembro. Confira.","og_url":"https:\/\/www.estrategiaconcursos.com.br\/blog\/concurso-prefeitura-de-eusebio-novas-datas-de-prova\/","og_site_name":"Estrat\u00e9gia Concursos","article_published_time":"2020-04-22T18:09:49+00:00","article_modified_time":"2020-04-28T19:51:56+00:00","og_image":[{"width":1200,"height":628,"url":"https:\/\/dhg1h5j42swfq.cloudfront.net\/2020\/02\/13141857\/Prefeitura-de-Eus%C3%A9bio-1.png","type":"image\/png"}],"author":"Diego Cerqueira Berbert Vasconcelos","twitter_card":"summary_large_image","twitter_creator":"@EstratConcursos","twitter_site":"@EstratConcursos","twitter_misc":{"Escrito por":"Diego Cerqueira Berbert Vasconcelos","Est. tempo de leitura":"1 minuto"},"schema":{"@context":"https:\/\/schema.org","@graph":[{"@type":"NewsArticle","@id":"https:\/\/www.estrategiaconcursos.com.br\/blog\/concurso-prefeitura-de-eusebio-novas-datas-de-prova\/#article","isPartOf":{"@id":"https:\/\/www.estrategiaconcursos.com.br\/blog\/concurso-prefeitura-de-eusebio-novas-datas-de-prova\/"},"author":{"name":"Diego Cerqueira Berbert Vasconcelos","@id":"https:\/\/www.estrategiaconcursos.com.br\/blog\/#\/schema\/person\/7fbf898fd336f5ce58a961518beff68c"},"headline":"Concurso Prefeitura de Eus\u00e9bio: divulgadas novas datas de prova","datePublished":"2020-04-22T18:09:49+00:00","dateModified":"2020-04-28T19:51:56+00:00","mainEntityOfPage":{"@id":"https:\/\/www.estrategiaconcursos.com.br\/blog\/concurso-prefeitura-de-eusebio-novas-datas-de-prova\/"},"wordCount":192,"commentCount":0,"publisher":{"@id":"https:\/\/www.estrategiaconcursos.com.br\/blog\/#organization"},"image":{"@id":"https:\/\/www.estrategiaconcursos.com.br\/blog\/concurso-prefeitura-de-eusebio-novas-datas-de-prova\/#primaryimage"},"thumbnailUrl":"https:\/\/dhg1h5j42swfq.cloudfront.net\/2020\/02\/13141857\/Prefeitura-de-Eus%C3%A9bio-1.png","articleSection":["Concursos P\u00fablicos"],"inLanguage":"pt-BR","potentialAction":[{"@type":"CommentAction","name":"Comment","target":["https:\/\/www.estrategiaconcursos.com.br\/blog\/concurso-prefeitura-de-eusebio-novas-datas-de-prova\/#respond"]}],"copyrightYear":"2020","copyrightHolder":{"@id":"https:\/\/www.estrategiaconcursos.com.br\/blog\/#organization"}},{"@type":"WebPage","@id":"https:\/\/www.estrategiaconcursos.com.br\/blog\/concurso-prefeitura-de-eusebio-novas-datas-de-prova\/","url":"https:\/\/www.estrategiaconcursos.com.br\/blog\/concurso-prefeitura-de-eusebio-novas-datas-de-prova\/","name":"Concurso Prefeitura de Eus\u00e9bio: divulgadas novas datas de prova","isPartOf":{"@id":"https:\/\/www.estrategiaconcursos.com.br\/blog\/#website"},"primaryImageOfPage":{"@id":"https:\/\/www.estrategiaconcursos.com.br\/blog\/concurso-prefeitura-de-eusebio-novas-datas-de-prova\/#primaryimage"},"image":{"@id":"https:\/\/www.estrategiaconcursos.com.br\/blog\/concurso-prefeitura-de-eusebio-novas-datas-de-prova\/#primaryimage"},"thumbnailUrl":"https:\/\/dhg1h5j42swfq.cloudfront.net\/2020\/02\/13141857\/Prefeitura-de-Eus%C3%A9bio-1.png","datePublished":"2020-04-22T18:09:49+00:00","dateModified":"2020-04-28T19:51:56+00:00","description":"Concurso Prefeitura de Eus\u00e9bio - CE passa por nova altera\u00e7\u00e3o em seu cronograma. Provas s\u00e3o adiadas para Setembro. Confira.","breadcrumb":{"@id":"https:\/\/www.estrategiaconcursos.com.br\/blog\/concurso-prefeitura-de-eusebio-novas-datas-de-prova\/#breadcrumb"},"inLanguage":"pt-BR","potentialAction":[{"@type":"ReadAction","target":["https:\/\/www.estrategiaconcursos.com.br\/blog\/concurso-prefeitura-de-eusebio-novas-datas-de-prova\/"]}]},{"@type":"ImageObject","inLanguage":"pt-BR","@id":"https:\/\/www.estrategiaconcursos.com.br\/blog\/concurso-prefeitura-de-eusebio-novas-datas-de-prova\/#primaryimage","url":"https:\/\/dhg1h5j42swfq.cloudfront.net\/2020\/02\/13141857\/Prefeitura-de-Eus%C3%A9bio-1.png","contentUrl":"https:\/\/dhg1h5j42swfq.cloudfront.net\/2020\/02\/13141857\/Prefeitura-de-Eus%C3%A9bio-1.png","width":1200,"height":628,"caption":"Eus\u00e9bio"},{"@type":"BreadcrumbList","@id":"https:\/\/www.estrategiaconcursos.com.br\/blog\/concurso-prefeitura-de-eusebio-novas-datas-de-prova\/#breadcrumb","itemListElement":[{"@type":"ListItem","position":1,"name":"In\u00edcio","item":"https:\/\/www.estrategiaconcursos.com.br\/blog\/"},{"@type":"ListItem","position":2,"name":"Concurso Prefeitura de Eus\u00e9bio: divulgadas novas datas de prova"}]},{"@type":"WebSite","@id":"https:\/\/www.estrategiaconcursos.com.br\/blog\/#website","url":"https:\/\/www.estrategiaconcursos.com.br\/blog\/","name":"Estrat\u00e9gia Concursos","description":"O blog da Estrat\u00e9gia Concursos traz not\u00edcias sobre concursos e artigos de professores oferecendo cursos para concursos (pdf + videaulas) no site.","publisher":{"@id":"https:\/\/www.estrategiaconcursos.com.br\/blog\/#organization"},"potentialAction":[{"@type":"SearchAction","target":{"@type":"EntryPoint","urlTemplate":"https:\/\/www.estrategiaconcursos.com.br\/blog\/?s={search_term_string}"},"query-input":{"@type":"PropertyValueSpecification","valueRequired":true,"valueName":"search_term_string"}}],"inLanguage":"pt-BR"},{"@type":"Organization","@id":"https:\/\/www.estrategiaconcursos.com.br\/blog\/#organization","name":"Estrat\u00e9gia Concursos","url":"https:\/\/www.estrategiaconcursos.com.br\/blog\/","logo":{"@type":"ImageObject","inLanguage":"pt-BR","@id":"https:\/\/www.estrategiaconcursos.com.br\/blog\/#\/schema\/logo\/image\/","url":"https:\/\/dhg1h5j42swfq.cloudfront.net\/2025\/06\/03203428\/logo_concursos-1.jpg","contentUrl":"https:\/\/dhg1h5j42swfq.cloudfront.net\/2025\/06\/03203428\/logo_concursos-1.jpg","width":230,"height":60,"caption":"Estrat\u00e9gia Concursos"},"image":{"@id":"https:\/\/www.estrategiaconcursos.com.br\/blog\/#\/schema\/logo\/image\/"},"sameAs":["https:\/\/x.com\/EstratConcursos"]},{"@type":"Person","@id":"https:\/\/www.estrategiaconcursos.com.br\/blog\/#\/schema\/person\/7fbf898fd336f5ce58a961518beff68c","name":"Diego Cerqueira Berbert Vasconcelos","image":{"@type":"ImageObject","inLanguage":"pt-BR","@id":"https:\/\/secure.gravatar.com\/avatar\/ed2d045a7390980cad1a92d24dcc39d10ef55b88fcb9fb9c047979bf4ddeb1ce?s=96&d=mm&r=g","url":"https:\/\/secure.gravatar.com\/avatar\/ed2d045a7390980cad1a92d24dcc39d10ef55b88fcb9fb9c047979bf4ddeb1ce?s=96&d=mm&r=g","contentUrl":"https:\/\/secure.gravatar.com\/avatar\/ed2d045a7390980cad1a92d24dcc39d10ef55b88fcb9fb9c047979bf4ddeb1ce?s=96&d=mm&r=g","caption":"Diego Cerqueira Berbert Vasconcelos"},"url":"https:\/\/www.estrategiaconcursos.com.br\/blog\/author\/diegocerqueiraestrategiaconcursos-com-br\/"}]}},"_links":{"self":[{"href":"https:\/\/www.estrategiaconcursos.com.br\/blog\/wp-json\/wp\/v2\/posts\/506179","targetHints":{"allow":["GET"]}}],"collection":[{"href":"https:\/\/www.estrategiaconcursos.com.br\/blog\/wp-json\/wp\/v2\/posts"}],"about":[{"href":"https:\/\/www.estrategiaconcursos.com.br\/blog\/wp-json\/wp\/v2\/types\/post"}],"author":[{"embeddable":true,"href":"https:\/\/www.estrategiaconcursos.com.br\/blog\/wp-json\/wp\/v2\/users\/260"}],"replies":[{"embeddable":true,"href":"https:\/\/www.estrategiaconcursos.com.br\/blog\/wp-json\/wp\/v2\/comments?post=506179"}],"version-history":[{"count":3,"href":"https:\/\/www.estrategiaconcursos.com.br\/blog\/wp-json\/wp\/v2\/posts\/506179\/revisions"}],"predecessor-version":[{"id":508290,"href":"https:\/\/www.estrategiaconcursos.com.br\/blog\/wp-json\/wp\/v2\/posts\/506179\/revisions\/508290"}],"wp:featuredmedia":[{"embeddable":true,"href":"https:\/\/www.estrategiaconcursos.com.br\/blog\/wp-json\/wp\/v2\/media\/492036"}],"wp:attachment":[{"href":"https:\/\/www.estrategiaconcursos.com.br\/blog\/wp-json\/wp\/v2\/media?parent=506179"}],"wp:term":[{"taxonomy":"category","embeddable":true,"href":"https:\/\/www.estrategiaconcursos.com.br\/blog\/wp-json\/wp\/v2\/categories?post=506179"},{"taxonomy":"post_tag","embeddable":true,"href":"https:\/\/www.estrategiaconcursos.com.br\/blog\/wp-json\/wp\/v2\/tags?post=506179"},{"taxonomy":"tax_estado","embeddable":true,"href":"https:\/\/www.estrategiaconcursos.com.br\/blog\/wp-json\/wp\/v2\/tax_estado?post=506179"}],"curies":[{"name":"wp","href":"https:\/\/api.w.org\/{rel}","templated":true}]}}