{"id":50597,"date":"2016-09-26T06:43:33","date_gmt":"2016-09-26T09:43:33","guid":{"rendered":"https:\/\/www.estrategiaconcursos.com.br\/blog\/?p=50597"},"modified":"2016-09-26T06:45:34","modified_gmt":"2016-09-26T09:45:34","slug":"informativo-stf-838-progressao-regime-requisitos-subjetivos","status":"publish","type":"post","link":"https:\/\/www.estrategiaconcursos.com.br\/blog\/informativo-stf-838-progressao-regime-requisitos-subjetivos\/","title":{"rendered":"Informativo STF 838 &#8211; Progress\u00e3o de regime e transfer\u00eancia para pres\u00eddio federal de seguran\u00e7a m\u00e1xima"},"content":{"rendered":"<p style=\"text-align: justify\"><strong>Informativo STF 838<\/strong><\/p>\n<p style=\"text-align: justify\">Ol\u00e1, pessoal!<\/p>\n<p style=\"text-align: justify\">Pra quem n\u00e3o me conhece ainda, meu nome \u00e9 Renan Araujo e sou professor de Direito Penal e Direito Processual Penal aqui no Estrat\u00e9gia Concursos.<\/p>\n<p style=\"text-align: justify\">Neste artigo vou comentar rapidamente uma decis\u00e3o do STF, proferida no julgamento do\u00a0HC 131.649\/RJ, e disponibilizada no recente Informativo STF 838.<\/p>\n<p style=\"text-align: justify\"><em>&#8220;N\u00e3o faz jus ao benef\u00edcio da progress\u00e3o de regime o condenado que esteja cumprindo pena em penitenci\u00e1ria federal de seguran\u00e7a m\u00e1xima por motivo de seguran\u00e7a p\u00fablica ou que integre organiza\u00e7\u00e3o criminosa, pois tais circunst\u00e2ncias evidenciam a aus\u00eancia dos requisitos subjetivos para a progress\u00e3o de regime prisional.&#8221;<\/em><\/p>\n<p style=\"text-align: justify\">Assim podemos <span style=\"color: #0000ff\"><strong>sintetizar o entendimento do STF, adotado no\u00a0referido julgado.<\/strong><\/span><\/p>\n<p style=\"text-align: justify\">A Segunda Turma do STF entendeu que a progress\u00e3o de regime prisional, durante o cumprimento da pena privativa de liberdade, \u00e9 inadmiss\u00edvel para aqueles condenados que tenham sido transferidos para penitenci\u00e1ria federal de seguran\u00e7a m\u00e1xima por motivo de seguran\u00e7a p\u00fablica.<\/p>\n<p style=\"text-align: justify\">Fa\u00e7amos um breve apanhado sobre o tema.<\/p>\n<p style=\"text-align: justify\">A pena privativa de liberdade \u00e9 executada <strong>SEMPRE do regime mais gravoso para o menos gravoso (Progressividade da pena)<\/strong>, ocorrendo a progress\u00e3o a cada 1\/6 de cumprimento da pena<a href=\"#_ftn1\" name=\"_ftnref1\">[1]<\/a>, no m\u00ednimo, no regime em que se encontra, desde que haja bom comportamento. Vejamos:<\/p>\n<p style=\"text-align: justify\"><em>Art. 112. A pena privativa de liberdade ser\u00e1 executada em forma progressiva com a transfer\u00eancia para regime menos rigoroso, a ser determinada pelo juiz, quando o preso tiver cumprido ao menos um sexto da pena no regime anterior e ostentar bom comportamento carcer\u00e1rio, comprovado pelo diretor do estabelecimento, respeitadas as normas que vedam a progress\u00e3o. <a href=\"http:\/\/www.planalto.gov.br\/ccivil_03\/Leis\/2003\/L10.792.htm#art112\">(Reda\u00e7\u00e3o dada pela Lei n\u00ba 10.792, de 2003)<\/a><\/em><\/p>\n<p style=\"text-align: justify\">H\u00e1, portanto, requisitos objetivos (cumprimento m\u00ednimo de pena) e subjetivos (bom comportamento).<\/p>\n<p style=\"text-align: justify\">A princ\u00edpio, portanto, todos os condenados que possuam bom comportamento e cumpram os requisitos objetivos possuem direito ao benef\u00edcio da progress\u00e3o do regime de cumprimento de pena.<\/p>\n<p style=\"text-align: justify\">Entretanto, o STF decidiu que o condenado que cumpre pena em penitenci\u00e1ria federal de seguran\u00e7a m\u00e1xima <strong>por motivo de seguran\u00e7a p\u00fablica<\/strong> n\u00e3o possui bom comportamento, j\u00e1 que a pr\u00f3pria necessidade de transfer\u00eancia do condenado evidencia isso. Assim, n\u00e3o h\u00e1 possibilidade, neste caso, de progress\u00e3o de regime.<\/p>\n<p style=\"text-align: justify\">Frise-se que isso n\u00e3o significa que todo preso que se encontra em pres\u00eddio federal de seguran\u00e7a m\u00e1xima estar\u00e1 impedido de progredir de regime. Isso s\u00f3 se aplica \u00e0queles que l\u00e1 estejam por motivo de seguran\u00e7a p\u00fablica.<\/p>\n<p style=\"text-align: justify\">A Lei 11.671\/08 trata sobre a <strong>inclus\u00e3o e transfer\u00eancia de presos em estabelecimentos penais federais<\/strong> de seguran\u00e7a m\u00e1xima. Contudo, para l\u00e1 s\u00f3 v\u00e3o <strong>alguns presos<\/strong>, geralmente os mais perigosos ou aqueles que praticaram atos de viol\u00eancia contra agentes penitenci\u00e1rios. Vejamos o art. 3\u00ba da Lei 11.671\/08:<\/p>\n<p style=\"text-align: justify\"><em>Art. 3o\u00a0 Ser\u00e3o recolhidos em estabelecimentos penais federais de seguran\u00e7a m\u00e1xima aqueles cuja medida se justifique no interesse da seguran\u00e7a p\u00fablica ou do pr\u00f3prio preso, condenado ou provis\u00f3rio.\u00a0<\/em><\/p>\n<p style=\"text-align: justify\">Vejam que s\u00e3o <strong>dois requisitos ALTERNATIVOS<\/strong>:<\/p>\n<ul style=\"text-align: justify\">\n<li>Necessidade de se resguardar a <strong>seguran\u00e7a p\u00fablica<\/strong><\/li>\n<li>Necessidade de se resguardar a <strong>seguran\u00e7a do pr\u00f3prio preso<\/strong><\/li>\n<\/ul>\n<p style=\"text-align: justify\">Assim, o que o STF decidiu foi que aqueles presos que tenham sido transferidos por <strong>raz\u00f5es de seguran\u00e7a p\u00fablica<\/strong> n\u00e3o fazem jus ao benef\u00edcio da progress\u00e3o de regime. Por fim, o STF sustentou, ainda, que o condenado seria l\u00edder de uma organiza\u00e7\u00e3o criminosa, o que configura crime, circunst\u00e2ncia que tamb\u00e9m evidencia a aus\u00eancia de condi\u00e7\u00f5es para a progress\u00e3o de regime.<\/p>\n<p style=\"text-align: justify\">___________________<\/p>\n<p style=\"text-align: justify\"><a href=\"#_ftnref1\" name=\"_ftn1\">[1]<\/a> Para os condenados por crimes hediondos, este prazo \u00e9 de 2\/5, se prim\u00e1rios, ou 3\/5, caso reincidentes. Contudo, no caso de crimes hediondos cometidos antes da Lei 11.464\/07, aplica-se o disposto no art. 112 da LEP (cumprimento de 1\/6 da pena).<\/p>\n<p style=\"text-align: justify\"><strong>S\u00daMULA 471 DO STJ<\/strong>: \u201cOs condenados por crimes hediondos ou assemelhados cometidos antes da vig\u00eancia da Lei n. 11.464\/2007 sujeitam-se ao disposto no art. 112 da Lei n. 7.210\/1984 (Lei de Execu\u00e7\u00e3o Penal) para a progress\u00e3o de regime prisional.\u201d<\/p>\n<p style=\"text-align: justify\">Se voc\u00ea gostou dos\u00a0<strong>coment\u00e1rios \u00e0 decis\u00e3o do STF (relativa ao Informativo STF 838)<\/strong>\u00a0e \u00a0quer conhecer mais do meu trabalho aqui no\u00a0<strong>Estrat\u00e9gia Concursos<\/strong>,\u00a0<a href=\"https:\/\/www.estrategiaconcursos.com.br\/cursosPorProfessor\/renan-araujo-3209\/\">clique aqui<\/a>\u00a0e baixe, gratuitamente, as aulas demonstrativas dos meus cursos.<\/p>\n<p style=\"text-align: justify\"><strong>Bons estudos!<\/strong><\/p>\n<p style=\"text-align: justify\"><strong>Prof. Renan Araujo<\/strong><\/p>\n<p style=\"text-align: justify\"><strong>profrenanaraujo@gmail.com<\/strong><\/p>\n<p style=\"text-align: justify\"><strong>PERISCOPE: @profrenanaraujo<\/strong><\/p>\n","protected":false},"excerpt":{"rendered":"<p>Informativo STF 838 Ol\u00e1, pessoal! Pra quem n\u00e3o me conhece ainda, meu nome \u00e9 Renan Araujo e sou professor de Direito Penal e Direito Processual Penal aqui no Estrat\u00e9gia Concursos. Neste artigo vou comentar rapidamente uma decis\u00e3o do STF, proferida no julgamento do\u00a0HC 131.649\/RJ, e disponibilizada no recente Informativo STF 838. &#8220;N\u00e3o faz jus ao [&hellip;]<\/p>\n","protected":false},"author":39,"featured_media":0,"comment_status":"open","ping_status":"open","sticky":false,"template":"","format":"standard","meta":{"post_tipo":"article","footnotes":""},"categories":[1],"tags":[],"tax_estado":[],"class_list":["post-50597","post","type-post","status-publish","format-standard","hentry","category-cursos-e-concursos"],"acf":[],"yoast_head":"<!-- This site is optimized with the Yoast SEO Premium plugin v27.2 (Yoast SEO v27.2) - https:\/\/yoast.com\/product\/yoast-seo-premium-wordpress\/ -->\n<title>Informativo STF 838 - Progress\u00e3o de regime e requisitos subjetivos<\/title>\n<meta name=\"description\" content=\"Coment\u00e1rios do Prof. Renan Araujo \u00e0 decis\u00e3o proferida pelo STF no HC 131.649\/RJ (Informativo STF 838), acerca da progress\u00e3o de regime prisional.\" \/>\n<meta name=\"robots\" content=\"index, follow, max-snippet:-1, max-image-preview:large, max-video-preview:-1\" \/>\n<link rel=\"canonical\" href=\"https:\/\/www.estrategiaconcursos.com.br\/blog\/informativo-stf-838-progressao-regime-requisitos-subjetivos\/\" \/>\n<meta property=\"og:locale\" content=\"pt_BR\" \/>\n<meta property=\"og:type\" content=\"article\" \/>\n<meta property=\"og:title\" content=\"Informativo STF 838 - Progress\u00e3o de regime e transfer\u00eancia para pres\u00eddio federal de seguran\u00e7a m\u00e1xima\" \/>\n<meta property=\"og:description\" content=\"Coment\u00e1rios do Prof. Renan Araujo \u00e0 decis\u00e3o proferida pelo STF no HC 131.649\/RJ (Informativo STF 838), acerca da progress\u00e3o de regime prisional.\" \/>\n<meta property=\"og:url\" content=\"https:\/\/www.estrategiaconcursos.com.br\/blog\/informativo-stf-838-progressao-regime-requisitos-subjetivos\/\" \/>\n<meta property=\"og:site_name\" content=\"Estrat\u00e9gia Concursos\" \/>\n<meta property=\"article:published_time\" content=\"2016-09-26T09:43:33+00:00\" \/>\n<meta property=\"article:modified_time\" content=\"2016-09-26T09:45:34+00:00\" \/>\n<meta name=\"author\" content=\"Renan Araujo\" \/>\n<meta name=\"twitter:card\" content=\"summary_large_image\" \/>\n<meta name=\"twitter:creator\" content=\"@EstratConcursos\" \/>\n<meta name=\"twitter:site\" content=\"@EstratConcursos\" \/>\n<meta name=\"twitter:label1\" content=\"Escrito por\" \/>\n\t<meta name=\"twitter:data1\" content=\"Renan Araujo\" \/>\n\t<meta name=\"twitter:label2\" content=\"Est. tempo de leitura\" \/>\n\t<meta name=\"twitter:data2\" content=\"4 minutos\" \/>\n<script type=\"application\/ld+json\" class=\"yoast-schema-graph\">{\"@context\":\"https:\/\/schema.org\",\"@graph\":[{\"@type\":\"NewsArticle\",\"@id\":\"https:\/\/www.estrategiaconcursos.com.br\/blog\/informativo-stf-838-progressao-regime-requisitos-subjetivos\/#article\",\"isPartOf\":{\"@id\":\"https:\/\/www.estrategiaconcursos.com.br\/blog\/informativo-stf-838-progressao-regime-requisitos-subjetivos\/\"},\"author\":{\"name\":\"Renan Araujo\",\"@id\":\"https:\/\/www.estrategiaconcursos.com.br\/blog\/#\/schema\/person\/1a7a7af72da82939a6308b2ee292162b\"},\"headline\":\"Informativo STF 838 &#8211; Progress\u00e3o de regime e transfer\u00eancia para pres\u00eddio federal de seguran\u00e7a m\u00e1xima\",\"datePublished\":\"2016-09-26T09:43:33+00:00\",\"dateModified\":\"2016-09-26T09:45:34+00:00\",\"mainEntityOfPage\":{\"@id\":\"https:\/\/www.estrategiaconcursos.com.br\/blog\/informativo-stf-838-progressao-regime-requisitos-subjetivos\/\"},\"wordCount\":749,\"commentCount\":0,\"publisher\":{\"@id\":\"https:\/\/www.estrategiaconcursos.com.br\/blog\/#organization\"},\"articleSection\":[\"Concursos P\u00fablicos\"],\"inLanguage\":\"pt-BR\",\"potentialAction\":[{\"@type\":\"CommentAction\",\"name\":\"Comment\",\"target\":[\"https:\/\/www.estrategiaconcursos.com.br\/blog\/informativo-stf-838-progressao-regime-requisitos-subjetivos\/#respond\"]}],\"copyrightYear\":\"2016\",\"copyrightHolder\":{\"@id\":\"https:\/\/www.estrategiaconcursos.com.br\/blog\/#organization\"}},{\"@type\":\"WebPage\",\"@id\":\"https:\/\/www.estrategiaconcursos.com.br\/blog\/informativo-stf-838-progressao-regime-requisitos-subjetivos\/\",\"url\":\"https:\/\/www.estrategiaconcursos.com.br\/blog\/informativo-stf-838-progressao-regime-requisitos-subjetivos\/\",\"name\":\"Informativo STF 838 - Progress\u00e3o de regime e requisitos subjetivos\",\"isPartOf\":{\"@id\":\"https:\/\/www.estrategiaconcursos.com.br\/blog\/#website\"},\"datePublished\":\"2016-09-26T09:43:33+00:00\",\"dateModified\":\"2016-09-26T09:45:34+00:00\",\"description\":\"Coment\u00e1rios do Prof. Renan Araujo \u00e0 decis\u00e3o proferida pelo STF no HC 131.649\/RJ (Informativo STF 838), acerca da progress\u00e3o de regime prisional.\",\"breadcrumb\":{\"@id\":\"https:\/\/www.estrategiaconcursos.com.br\/blog\/informativo-stf-838-progressao-regime-requisitos-subjetivos\/#breadcrumb\"},\"inLanguage\":\"pt-BR\",\"potentialAction\":[{\"@type\":\"ReadAction\",\"target\":[\"https:\/\/www.estrategiaconcursos.com.br\/blog\/informativo-stf-838-progressao-regime-requisitos-subjetivos\/\"]}]},{\"@type\":\"BreadcrumbList\",\"@id\":\"https:\/\/www.estrategiaconcursos.com.br\/blog\/informativo-stf-838-progressao-regime-requisitos-subjetivos\/#breadcrumb\",\"itemListElement\":[{\"@type\":\"ListItem\",\"position\":1,\"name\":\"In\u00edcio\",\"item\":\"https:\/\/www.estrategiaconcursos.com.br\/blog\/\"},{\"@type\":\"ListItem\",\"position\":2,\"name\":\"Informativo STF 838 &#8211; Progress\u00e3o de regime e transfer\u00eancia para pres\u00eddio federal de seguran\u00e7a m\u00e1xima\"}]},{\"@type\":\"WebSite\",\"@id\":\"https:\/\/www.estrategiaconcursos.com.br\/blog\/#website\",\"url\":\"https:\/\/www.estrategiaconcursos.com.br\/blog\/\",\"name\":\"Estrat\u00e9gia Concursos\",\"description\":\"O blog da Estrat\u00e9gia Concursos traz not\u00edcias sobre concursos e artigos de professores oferecendo cursos para concursos (pdf + videaulas) no site.\",\"publisher\":{\"@id\":\"https:\/\/www.estrategiaconcursos.com.br\/blog\/#organization\"},\"potentialAction\":[{\"@type\":\"SearchAction\",\"target\":{\"@type\":\"EntryPoint\",\"urlTemplate\":\"https:\/\/www.estrategiaconcursos.com.br\/blog\/?s={search_term_string}\"},\"query-input\":{\"@type\":\"PropertyValueSpecification\",\"valueRequired\":true,\"valueName\":\"search_term_string\"}}],\"inLanguage\":\"pt-BR\"},{\"@type\":\"Organization\",\"@id\":\"https:\/\/www.estrategiaconcursos.com.br\/blog\/#organization\",\"name\":\"Estrat\u00e9gia Concursos\",\"url\":\"https:\/\/www.estrategiaconcursos.com.br\/blog\/\",\"logo\":{\"@type\":\"ImageObject\",\"inLanguage\":\"pt-BR\",\"@id\":\"https:\/\/www.estrategiaconcursos.com.br\/blog\/#\/schema\/logo\/image\/\",\"url\":\"https:\/\/dhg1h5j42swfq.cloudfront.net\/2025\/06\/03203428\/logo_concursos-1.jpg\",\"contentUrl\":\"https:\/\/dhg1h5j42swfq.cloudfront.net\/2025\/06\/03203428\/logo_concursos-1.jpg\",\"width\":230,\"height\":60,\"caption\":\"Estrat\u00e9gia Concursos\"},\"image\":{\"@id\":\"https:\/\/www.estrategiaconcursos.com.br\/blog\/#\/schema\/logo\/image\/\"},\"sameAs\":[\"https:\/\/x.com\/EstratConcursos\"]},{\"@type\":\"Person\",\"@id\":\"https:\/\/www.estrategiaconcursos.com.br\/blog\/#\/schema\/person\/1a7a7af72da82939a6308b2ee292162b\",\"name\":\"Renan Araujo\",\"image\":{\"@type\":\"ImageObject\",\"inLanguage\":\"pt-BR\",\"@id\":\"https:\/\/secure.gravatar.com\/avatar\/ca6cb9ba5a547fbe93c05c63d6103dff6c2566555a601f1efb8590a69fb9ed76?s=96&d=mm&r=g\",\"url\":\"https:\/\/secure.gravatar.com\/avatar\/ca6cb9ba5a547fbe93c05c63d6103dff6c2566555a601f1efb8590a69fb9ed76?s=96&d=mm&r=g\",\"contentUrl\":\"https:\/\/secure.gravatar.com\/avatar\/ca6cb9ba5a547fbe93c05c63d6103dff6c2566555a601f1efb8590a69fb9ed76?s=96&d=mm&r=g\",\"caption\":\"Renan Araujo\"},\"url\":\"https:\/\/www.estrategiaconcursos.com.br\/blog\/author\/renanaraujoestrategiaconcursos-com-br\/\"}]}<\/script>\n<!-- \/ Yoast SEO Premium plugin. -->","yoast_head_json":{"title":"Informativo STF 838 - Progress\u00e3o de regime e requisitos subjetivos","description":"Coment\u00e1rios do Prof. Renan Araujo \u00e0 decis\u00e3o proferida pelo STF no HC 131.649\/RJ (Informativo STF 838), acerca da progress\u00e3o de regime prisional.","robots":{"index":"index","follow":"follow","max-snippet":"max-snippet:-1","max-image-preview":"max-image-preview:large","max-video-preview":"max-video-preview:-1"},"canonical":"https:\/\/www.estrategiaconcursos.com.br\/blog\/informativo-stf-838-progressao-regime-requisitos-subjetivos\/","og_locale":"pt_BR","og_type":"article","og_title":"Informativo STF 838 - Progress\u00e3o de regime e transfer\u00eancia para pres\u00eddio federal de seguran\u00e7a m\u00e1xima","og_description":"Coment\u00e1rios do Prof. Renan Araujo \u00e0 decis\u00e3o proferida pelo STF no HC 131.649\/RJ (Informativo STF 838), acerca da progress\u00e3o de regime prisional.","og_url":"https:\/\/www.estrategiaconcursos.com.br\/blog\/informativo-stf-838-progressao-regime-requisitos-subjetivos\/","og_site_name":"Estrat\u00e9gia Concursos","article_published_time":"2016-09-26T09:43:33+00:00","article_modified_time":"2016-09-26T09:45:34+00:00","author":"Renan Araujo","twitter_card":"summary_large_image","twitter_creator":"@EstratConcursos","twitter_site":"@EstratConcursos","twitter_misc":{"Escrito por":"Renan Araujo","Est. tempo de leitura":"4 minutos"},"schema":{"@context":"https:\/\/schema.org","@graph":[{"@type":"NewsArticle","@id":"https:\/\/www.estrategiaconcursos.com.br\/blog\/informativo-stf-838-progressao-regime-requisitos-subjetivos\/#article","isPartOf":{"@id":"https:\/\/www.estrategiaconcursos.com.br\/blog\/informativo-stf-838-progressao-regime-requisitos-subjetivos\/"},"author":{"name":"Renan Araujo","@id":"https:\/\/www.estrategiaconcursos.com.br\/blog\/#\/schema\/person\/1a7a7af72da82939a6308b2ee292162b"},"headline":"Informativo STF 838 &#8211; Progress\u00e3o de regime e transfer\u00eancia para pres\u00eddio federal de seguran\u00e7a m\u00e1xima","datePublished":"2016-09-26T09:43:33+00:00","dateModified":"2016-09-26T09:45:34+00:00","mainEntityOfPage":{"@id":"https:\/\/www.estrategiaconcursos.com.br\/blog\/informativo-stf-838-progressao-regime-requisitos-subjetivos\/"},"wordCount":749,"commentCount":0,"publisher":{"@id":"https:\/\/www.estrategiaconcursos.com.br\/blog\/#organization"},"articleSection":["Concursos P\u00fablicos"],"inLanguage":"pt-BR","potentialAction":[{"@type":"CommentAction","name":"Comment","target":["https:\/\/www.estrategiaconcursos.com.br\/blog\/informativo-stf-838-progressao-regime-requisitos-subjetivos\/#respond"]}],"copyrightYear":"2016","copyrightHolder":{"@id":"https:\/\/www.estrategiaconcursos.com.br\/blog\/#organization"}},{"@type":"WebPage","@id":"https:\/\/www.estrategiaconcursos.com.br\/blog\/informativo-stf-838-progressao-regime-requisitos-subjetivos\/","url":"https:\/\/www.estrategiaconcursos.com.br\/blog\/informativo-stf-838-progressao-regime-requisitos-subjetivos\/","name":"Informativo STF 838 - Progress\u00e3o de regime e requisitos subjetivos","isPartOf":{"@id":"https:\/\/www.estrategiaconcursos.com.br\/blog\/#website"},"datePublished":"2016-09-26T09:43:33+00:00","dateModified":"2016-09-26T09:45:34+00:00","description":"Coment\u00e1rios do Prof. Renan Araujo \u00e0 decis\u00e3o proferida pelo STF no HC 131.649\/RJ (Informativo STF 838), acerca da progress\u00e3o de regime prisional.","breadcrumb":{"@id":"https:\/\/www.estrategiaconcursos.com.br\/blog\/informativo-stf-838-progressao-regime-requisitos-subjetivos\/#breadcrumb"},"inLanguage":"pt-BR","potentialAction":[{"@type":"ReadAction","target":["https:\/\/www.estrategiaconcursos.com.br\/blog\/informativo-stf-838-progressao-regime-requisitos-subjetivos\/"]}]},{"@type":"BreadcrumbList","@id":"https:\/\/www.estrategiaconcursos.com.br\/blog\/informativo-stf-838-progressao-regime-requisitos-subjetivos\/#breadcrumb","itemListElement":[{"@type":"ListItem","position":1,"name":"In\u00edcio","item":"https:\/\/www.estrategiaconcursos.com.br\/blog\/"},{"@type":"ListItem","position":2,"name":"Informativo STF 838 &#8211; Progress\u00e3o de regime e transfer\u00eancia para pres\u00eddio federal de seguran\u00e7a m\u00e1xima"}]},{"@type":"WebSite","@id":"https:\/\/www.estrategiaconcursos.com.br\/blog\/#website","url":"https:\/\/www.estrategiaconcursos.com.br\/blog\/","name":"Estrat\u00e9gia Concursos","description":"O blog da Estrat\u00e9gia Concursos traz not\u00edcias sobre concursos e artigos de professores oferecendo cursos para concursos (pdf + videaulas) no site.","publisher":{"@id":"https:\/\/www.estrategiaconcursos.com.br\/blog\/#organization"},"potentialAction":[{"@type":"SearchAction","target":{"@type":"EntryPoint","urlTemplate":"https:\/\/www.estrategiaconcursos.com.br\/blog\/?s={search_term_string}"},"query-input":{"@type":"PropertyValueSpecification","valueRequired":true,"valueName":"search_term_string"}}],"inLanguage":"pt-BR"},{"@type":"Organization","@id":"https:\/\/www.estrategiaconcursos.com.br\/blog\/#organization","name":"Estrat\u00e9gia Concursos","url":"https:\/\/www.estrategiaconcursos.com.br\/blog\/","logo":{"@type":"ImageObject","inLanguage":"pt-BR","@id":"https:\/\/www.estrategiaconcursos.com.br\/blog\/#\/schema\/logo\/image\/","url":"https:\/\/dhg1h5j42swfq.cloudfront.net\/2025\/06\/03203428\/logo_concursos-1.jpg","contentUrl":"https:\/\/dhg1h5j42swfq.cloudfront.net\/2025\/06\/03203428\/logo_concursos-1.jpg","width":230,"height":60,"caption":"Estrat\u00e9gia Concursos"},"image":{"@id":"https:\/\/www.estrategiaconcursos.com.br\/blog\/#\/schema\/logo\/image\/"},"sameAs":["https:\/\/x.com\/EstratConcursos"]},{"@type":"Person","@id":"https:\/\/www.estrategiaconcursos.com.br\/blog\/#\/schema\/person\/1a7a7af72da82939a6308b2ee292162b","name":"Renan Araujo","image":{"@type":"ImageObject","inLanguage":"pt-BR","@id":"https:\/\/secure.gravatar.com\/avatar\/ca6cb9ba5a547fbe93c05c63d6103dff6c2566555a601f1efb8590a69fb9ed76?s=96&d=mm&r=g","url":"https:\/\/secure.gravatar.com\/avatar\/ca6cb9ba5a547fbe93c05c63d6103dff6c2566555a601f1efb8590a69fb9ed76?s=96&d=mm&r=g","contentUrl":"https:\/\/secure.gravatar.com\/avatar\/ca6cb9ba5a547fbe93c05c63d6103dff6c2566555a601f1efb8590a69fb9ed76?s=96&d=mm&r=g","caption":"Renan Araujo"},"url":"https:\/\/www.estrategiaconcursos.com.br\/blog\/author\/renanaraujoestrategiaconcursos-com-br\/"}]}},"_links":{"self":[{"href":"https:\/\/www.estrategiaconcursos.com.br\/blog\/wp-json\/wp\/v2\/posts\/50597","targetHints":{"allow":["GET"]}}],"collection":[{"href":"https:\/\/www.estrategiaconcursos.com.br\/blog\/wp-json\/wp\/v2\/posts"}],"about":[{"href":"https:\/\/www.estrategiaconcursos.com.br\/blog\/wp-json\/wp\/v2\/types\/post"}],"author":[{"embeddable":true,"href":"https:\/\/www.estrategiaconcursos.com.br\/blog\/wp-json\/wp\/v2\/users\/39"}],"replies":[{"embeddable":true,"href":"https:\/\/www.estrategiaconcursos.com.br\/blog\/wp-json\/wp\/v2\/comments?post=50597"}],"version-history":[{"count":4,"href":"https:\/\/www.estrategiaconcursos.com.br\/blog\/wp-json\/wp\/v2\/posts\/50597\/revisions"}],"predecessor-version":[{"id":50601,"href":"https:\/\/www.estrategiaconcursos.com.br\/blog\/wp-json\/wp\/v2\/posts\/50597\/revisions\/50601"}],"wp:attachment":[{"href":"https:\/\/www.estrategiaconcursos.com.br\/blog\/wp-json\/wp\/v2\/media?parent=50597"}],"wp:term":[{"taxonomy":"category","embeddable":true,"href":"https:\/\/www.estrategiaconcursos.com.br\/blog\/wp-json\/wp\/v2\/categories?post=50597"},{"taxonomy":"post_tag","embeddable":true,"href":"https:\/\/www.estrategiaconcursos.com.br\/blog\/wp-json\/wp\/v2\/tags?post=50597"},{"taxonomy":"tax_estado","embeddable":true,"href":"https:\/\/www.estrategiaconcursos.com.br\/blog\/wp-json\/wp\/v2\/tax_estado?post=50597"}],"curies":[{"name":"wp","href":"https:\/\/api.w.org\/{rel}","templated":true}]}}