{"id":505016,"date":"2026-03-30T15:10:18","date_gmt":"2026-03-30T18:10:18","guid":{"rendered":"https:\/\/www.estrategiaconcursos.com.br\/blog\/?p=505016"},"modified":"2026-03-30T15:10:20","modified_gmt":"2026-03-30T18:10:20","slug":"concurso-mpc-sc","status":"publish","type":"post","link":"https:\/\/www.estrategiaconcursos.com.br\/blog\/concurso-mpc-sc\/","title":{"rendered":"Concurso MPC SC: divulgado o resultado da prova discursiva"},"content":{"rendered":"\n<p class=\"has-large-font-size\"><strong><em>\u00daltima edi\u00e7\u00e3o do Concurso MPC SC ocorreu em 2022; foram ofertadas 10 vagas imediatas e 66 em cadastro reserva<\/em><\/strong><\/p>\n\n\n\n<p>O resultado final da prova discursiva do <strong>concurso MPC SC <\/strong>(Minist\u00e9rio P\u00fablico de Contas de Santa Catarina) foi publicado. <\/p>\n\n\n\n<p>Importante lembrar que j\u00e1 havia sido divulgado o <a href=\"https:\/\/dhg1h5j42swfq.cloudfront.net\/2022\/10\/04191935\/mps-sc-resposta-discursiva.pdf\" target=\"_blank\" rel=\"noreferrer noopener nofollow\">padr\u00e3o de resposta da prova discursiva<\/a> do certame, al\u00e9m do <a href=\"https:\/\/dhg1h5j42swfq.cloudfront.net\/2022\/10\/04192530\/ed_5_2022_mpc_sc_servidor_final_obj_prov_discursiva-2.pdf\" target=\"_blank\" rel=\"noreferrer noopener\">resultado final nas provas objetivas<\/a>. <\/p>\n\n\n\n<p>S\u00e3o ofertadas <strong>10 oportunidades<\/strong> imediatas, al\u00e9m de <strong>66 vagas<\/strong> em cadastro de reserva, para cargos de n\u00edveis m\u00e9dio e superior de forma\u00e7\u00e3o. V\u00e1lido lembrar que a sele\u00e7\u00e3o contou com <strong>5.271<\/strong> inscri\u00e7\u00f5es.<\/p>\n\n\n\n<ul class=\"wp-block-list has-cyan-bluish-gray-background-color has-background\">\n<li><strong>Concurso MPC SC <\/strong><\/li>\n\n\n\n<li><strong>Status:<\/strong>&nbsp;justificativas de altera\u00e7\u00f5es nos gabaritos<\/li>\n\n\n\n<li><strong>Banca:&nbsp;<\/strong>Cebraspe<\/li>\n\n\n\n<li><strong>Vagas:&nbsp;<\/strong>10 + 66 CR<\/li>\n\n\n\n<li><strong>Sal\u00e1rio inicial: <\/strong>de R$ 5.633,69 a R$ 8.648,15<\/li>\n\n\n\n<li><strong>Editais<\/strong>: <a href=\"https:\/\/dhg1h5j42swfq.cloudfront.net\/2022\/06\/29094408\/dotc-e2022-06-29-47-71.pdf\" target=\"_blank\" rel=\"noreferrer noopener\">MPC SC<\/a><\/li>\n<\/ul>\n\n\n\n<div class=\"container\" id=\"boxes\">\n  <div class=\"row\">\n\n    <div class=\"col-sm\">\n      <div class=\"banner-tribunal\" id=\"box-assinatura\">\n        <h2 class=\"titulo-assinatura\"><span style=\"color: #ffffff;\">Cursos para MPC SC<\/span><\/h2>\n        <p class=\"subtitulo-assinatura\">Conhe\u00e7a os cursos<\/p>\n        <div class=\"box-botao\">\n          <a class=\"btn-assinatura\" target=\"_blank\" href=\"https:\/\/www.estrategiaconcursos.com.br\/cursosPorConcurso\/ministerio-publico-de-contas-de-santa-catarina-mpc-sc\/\" role=\"button\" rel=\"noopener noreferrer\">Conhe\u00e7a mais<\/a>\n        <\/div>\n      <\/div>\n      <p class=\"texto-auxiliar\">Prepare-se com o melhor material e com quem mais aprova em Concursos P\u00fablicos em todo o pa\u00eds.<\/p>\n    <\/div>\n\n  <\/div>\n<\/div>\n\n\n\n<p>Para conferir os detalhes completos sobre o pr\u00f3ximo concurso MPC SC, bem como da \u00faltima sele\u00e7\u00e3o para o \u00f3rg\u00e3o, acesse o conte\u00fado abaixo!<\/p>\n\n\n\n<ul class=\"wp-block-list\">\n<li><a href=\"#situacao\"><strong>Situa\u00e7\u00e3o atual<\/strong><\/a><\/li>\n\n\n\n<li><strong style=\"color: initial;\"><a href=\"#resultado-final-discursiva\">Resultado final discursiva<\/a><\/strong><\/li>\n\n\n\n<li><strong><a href=\"#resultado-final-objetiva\">Resultado final objetiva<\/a><\/strong><\/li>\n\n\n\n<li><a href=\"#concurso-mpc-sc-cargos-e-vagas\"><strong>Cargos e vagas<\/strong><\/a><\/li>\n\n\n\n<li><a href=\"#h-concurso-mpc-sc-remuneracoes-e-beneficios\"><strong>Remunera\u00e7\u00f5es e benef\u00edcios<\/strong><\/a><\/li>\n\n\n\n<li><a href=\"#h-concurso-mpc-sc-requisitos\"><strong>Requisitos<\/strong><\/a><\/li>\n\n\n\n<li><a href=\"#concurso-mpc-sc-etapas\"><strong>Etapas de prova<\/strong><\/a>\n<ul class=\"wp-block-list\">\n<li><a href=\"#objetiva\"><strong>Objetiva<\/strong><\/a><\/li>\n\n\n\n<li><strong><a href=\"#h-prova-discursiva\">Discursiva<\/a><\/strong><\/li>\n\n\n\n<li><a href=\"#titulos\"><strong>T\u00edtulos <\/strong><\/a><\/li>\n<\/ul>\n<\/li>\n\n\n\n<li><a href=\"#ultimo-mpc\"><strong>\u00daltimo Concurso MPC SC<\/strong><\/a>\n<ul class=\"wp-block-list\">\n<li><a href=\"#cargos-mpc\"><strong>Cargos ofertados no \u00faltimo concurso MPC SC<\/strong><\/a><\/li>\n\n\n\n<li><a href=\"#remuneracao-mpc\"><strong>Remunera\u00e7\u00e3o do \u00faltimo concurso MPC SC<\/strong><\/a><\/li>\n\n\n\n<li><a href=\"#prova-mpc\"><strong>Etapas de provas do \u00faltimo concurso<\/strong><\/a><\/li>\n\n\n\n<li><a href=\"#objetiva\"><strong>Prova objetiva<\/strong><\/a><\/li>\n\n\n\n<li><strong><a href=\"#titulos\">Prova de T\u00edtulos<\/a> <\/strong><\/li>\n<\/ul>\n<\/li>\n\n\n\n<li><a href=\"#cursos-mpc-sc\"><strong>Cursos e assinatura<\/strong><\/a><\/li>\n\n\n\n<li><a href=\"#ficha-tecnica-concurso-mpc-sc\"><strong>Ficha T\u00e9cnica<\/strong><\/a><\/li>\n<\/ul>\n\n\n\n<div class=\"wp-block-group has-pale-ocean-gradient-background has-background has-global-padding is-layout-constrained wp-block-group-is-layout-constrained\">\n<p><em><strong>Leia tamb\u00e9m:<\/strong><\/em><\/p>\n\n\n\n<ul class=\"wp-block-list\">\n<li><a href=\"https:\/\/cj.estrategia.com\/portal\/concurso-mpc-sc-procurador\/\" target=\"_blank\" rel=\"noreferrer noopener\">Concurso MPC SC Procurador: saiba tudo!<\/a><\/li>\n\n\n\n<li><a href=\"https:\/\/www.estrategiaconcursos.com.br\/blog\/concursos-sc\/\" target=\"_blank\" rel=\"noreferrer noopener\">Concursos SC: as sele\u00e7\u00f5es previstas para este ano!<\/a><\/li>\n<\/ul>\n<\/div>\n\n\n\n<h2 class=\"wp-block-heading\" id=\"situacao\">Concurso MPC SC: edital 2022<\/h2>\n\n\n\n<p>Veja as informa\u00e7\u00f5es do Concurso MPC SC 2022:<\/p>\n\n\n\n<h3 class=\"wp-block-heading\" id=\"resultado-final-discursiva\">Edital retificado<\/h3>\n\n\n\n<p>Foi publicado o edital retificado do concurso do <strong>MPC SC<\/strong> que aponta altera\u00e7\u00f5es nos requisitos exigidos para os cargos de Analista de Contas P\u00fablicas na especialidades de Direito, Administra\u00e7\u00e3o, Contabilidade, Economia ou Engenharia.<\/p>\n\n\n\n<p>Tamb\u00e9m houve mudan\u00e7as nos objetos de avalia\u00e7\u00e3o do conte\u00fado program\u00e1tico, e nos subitens dos procedimentos de heteroidentifica\u00e7\u00e3o, avalia\u00e7\u00e3o biopsicossocial, avali\u00e7\u00e3o de t\u00edtulos dentre outros. <\/p>\n\n\n\n<p>Confira abaixo a retifica\u00e7\u00e3o completa!<\/p>\n\n\n\n<ul class=\"wp-block-list\">\n<li><strong><a href=\"https:\/\/dhg1h5j42swfq.cloudfront.net\/2022\/07\/27144506\/ed_2_2022_mpc_sc_servidor_ret_impugnaes.pdf\" target=\"_blank\" rel=\"noreferrer noopener nofollow\">MPC SC: edital retificado<\/a><\/strong><\/li>\n<\/ul>\n\n\n\n<h3 class=\"wp-block-heading\" id=\"concurso-mpc-sc-cargos-e-vagas\">Cargos e vagas<\/h3>\n\n\n\n<p>O Minist\u00e9rio P\u00fablico de Contas de Santa Catarina (MPC SC) ofertou 10 oportunidades, al\u00e9m da forma\u00e7\u00e3o de cadastro de reserva, entre cargos de n\u00edveis m\u00e9dio e superior de forma\u00e7\u00e3o, distribu\u00eddas da seguinte maneira:<\/p>\n\n\n\n<ul class=\"wp-block-list\">\n<li><span style=\"color: initial;\">Analista de Contas P\u00fablicas (direito): 5 vagas + 33 CR;<\/span><\/li>\n\n\n\n<li>Analista de Contas P\u00fablicas (engenharia): 1 vaga + 7 CR;<\/li>\n\n\n\n<li>T\u00e9cnico em Atividades Administrativas: 2 vagas + 13 CR; e<\/li>\n\n\n\n<li>T\u00e9cnico em Contas P\u00fablicas: 2 vagas + 13 CR.<\/li>\n<\/ul>\n\n\n\n<h3 class=\"wp-block-heading\" id=\"h-remuneracoes-e-beneficios\">Remunera\u00e7\u00f5es e benef\u00edcios <\/h3>\n\n\n\n<p>Os aprovados do Concurso MPC SC recebem os seguintes sal\u00e1rios iniciais:<\/p>\n\n\n\n<ul class=\"wp-block-list\">\n<li><strong>Analista de Contas P\u00fablicas <\/strong>(Direito):&nbsp;<strong>R$ 8.648,15<\/strong>&nbsp;(com gratifica\u00e7\u00e3o de desempenho de produtividade de at\u00e9 R$ 6.346,37);<\/li>\n\n\n\n<li><strong>Analista de Contas P\u00fablicas <\/strong>(Administra\u00e7\u00e3o, Contabilidade, Economia ou Engenheira):&nbsp;<strong>R$ 8.648,15<\/strong>&nbsp;(com gratifica\u00e7\u00e3o de desempenho de produtividade de at\u00e9 R$ 6.346,37);<\/li>\n\n\n\n<li><strong>T\u00e9cnico em Atividades Administrativas:&nbsp;R$ 5.633,69<\/strong>&nbsp;(com gratifica\u00e7\u00e3o de desempenho por produtividade de at\u00e9 R$ 5.400,32); e <\/li>\n\n\n\n<li><strong>T\u00e9cnico em Contas P\u00fablicas:<\/strong>&nbsp;<strong>R$ 5.633,69<\/strong>&nbsp;(com gratifica\u00e7\u00e3o de desempenho por produtividade de at\u00e9 R$ 5.400,32). <\/li>\n<\/ul>\n\n\n\n<p>Vale ressaltar que ainda ter\u00e3o direito ao aux\u00edlio-alimenta\u00e7\u00e3o de&nbsp;<strong>R$ 1.768,28<\/strong>&nbsp;e aux\u00edlio-sa\u00fade de at\u00e9&nbsp;<strong>R$ 1.199,14<\/strong>.<\/p>\n\n\n\n<h3 class=\"wp-block-heading\" id=\"h-requisitos\">Requisitos<\/h3>\n\n\n\n<p>O concurso MPC SC exigiu os seguintes requisitos dos candidatos:<\/p>\n\n\n\n<ul class=\"wp-block-list\">\n<li><strong>Analista de Contas P\u00fablicas (Direito)<\/strong>: Diploma, devidamente registrado, de conclus\u00e3o de curso de gradua\u00e7\u00e3o de Bacharel em Direito, fornecido por institui\u00e7\u00e3o de ensino superior reconhecida pelo Minist\u00e9rio da Educa\u00e7\u00e3o (MEC).<\/li>\n\n\n\n<li><strong>Analista de Contas P\u00fablicas (Administra\u00e7\u00e3o, Contabilidade, Economia ou Engenheira)<\/strong>: Diploma, devidamente registrado, de conclus\u00e3o de curso de gradua\u00e7\u00e3o de Bacharel em Administra\u00e7\u00e3o, Contabilidade, Direito, Economia, ou Engenharia, fornecido por institui\u00e7\u00e3o de ensino superior reconhecida pelo MEC.<\/li>\n\n\n\n<li><strong>T\u00e9cnico em Atividades Administrativas<\/strong>: Certificado, devidamente registrado, de conclus\u00e3o de curso de ensino m\u00e9dio, expedido por institui\u00e7\u00e3o de ensino reconhecida pelo \u00f3rg\u00e3o competente.<\/li>\n\n\n\n<li><strong>T\u00e9cnico em Contas P\u00fablicas<\/strong>: Certificado, devidamente registrado, de conclus\u00e3o de curso de ensino m\u00e9dio, expedido por institui\u00e7\u00e3o de ensino reconhecida pelo \u00f3rg\u00e3o competente.<\/li>\n<\/ul>\n\n\n\n<h3 class=\"wp-block-heading\" id=\"concurso-mpc-sc-etapas\">Etapas de prova<\/h3>\n\n\n\n<p>Os candidatos do Concurso MPC SC foram avaliados por meio das seguintes vagas:<\/p>\n\n\n\n<ul class=\"wp-block-list\">\n<li>Prova objetiva, de car\u00e1ter eliminat\u00f3rio e classificat\u00f3rio;<\/li>\n\n\n\n<li>Prova discursiva, de car\u00e1ter eliminat\u00f3rio e classificat\u00f3rio; <\/li>\n\n\n\n<li>Exame de higidez f\u00edsica e mental, de car\u00e1ter eliminat\u00f3rio; e<\/li>\n\n\n\n<li>Avalia\u00e7\u00e3o de t\u00edtulos, de car\u00e1ter classificat\u00f3rio.<\/li>\n<\/ul>\n\n\n\n<p>As provas objetiva e discursiva foram aplicadas no dia&nbsp;<strong>11 de setembro de 2022<\/strong>.<\/p>\n\n\n\n<h4 class=\"wp-block-heading\" id=\"h-prova-objetiva\">Prova objetiva<\/h4>\n\n\n\n<p>A prova objetiva, de car\u00e1ter eliminat\u00f3rio e classificat\u00f3rio, foi composta por 120 quest\u00f5es de CERTO ou ERRADO para os cargos de n\u00edveis m\u00e9dio e superior. <\/p>\n\n\n\n<p>Nos cargos de n\u00edveis m\u00e9dio e superior, a cada resposta correta ser\u00e1 atribu\u00eddo 1 ponto ao candidato. Resposta em desacordo (errada) com o gabarito definitivo ser\u00e1 de 1 ponto negativo.<\/p>\n\n\n\n<p>Ser\u00e1 considerado aprovado o candidato que:<\/p>\n\n\n\n<ul class=\"wp-block-list\">\n<li>a) obtiver nota inferior a 10,00 pontos na prova objetiva de Conhecimentos b\u00e1sicos P1;<\/li>\n\n\n\n<li>b) obtiver nota inferior a 21,00 pontos na prova objetiva de Conhecimentos espec\u00edficos P2;<\/li>\n\n\n\n<li>c) obtiver nota inferior a 36,00 pontos no conjunto das provas objetivas.<\/li>\n<\/ul>\n\n\n\n<h4 class=\"wp-block-heading\" id=\"h-prova-discursiva\">Prova discursiva<\/h4>\n\n\n\n<p>Para os cargos de n\u00edveis m\u00e9dio e superior, a prova discursiva funcionou da seguinte forma:<\/p>\n\n\n\n<ul class=\"wp-block-list\">\n<li>Cargos de n\u00edvel superior: uma avalia\u00e7\u00e3o de conte\u00fado e uma avalia\u00e7\u00e3o para aferir o dom\u00ednio da modalidade escrita da L\u00edngua Portuguesa.<\/li>\n\n\n\n<li>Cargos de n\u00edvel m\u00e9dio: uma avalia\u00e7\u00e3o de conte\u00fado e uma avalia\u00e7\u00e3o para aferir o dom\u00ednio da modalidade escrita da L\u00edngua Portuguesa. <\/li>\n<\/ul>\n\n\n\n<p>A reda\u00e7\u00e3o foi avaliado de 0 a 10 pontos e ser\u00e1 eliminado o candidato que obtiver nota inferior a 5 pontos.<\/p>\n\n\n\n<h4 class=\"wp-block-heading\" id=\"titulos\">Avalia\u00e7\u00e3o de T\u00edtulos<\/h4>\n\n\n\n<p>A avalia\u00e7\u00e3o de t\u00edtulos foi avaliada em 10,00 pontos, para os cargos de n\u00edvel superior e n\u00edvel m\u00e9dio, ainda que a soma dos valores dos t\u00edtulos enviados seja superior a esse valor.<\/p>\n\n\n\n<h3 class=\"wp-block-heading\" id=\"demanda-de-inscritos\">Demanda de inscritos<\/h3>\n\n\n\n<p>O <strong>concurso MPC SC<\/strong> teve sua demanda de inscritos divulgada no dia 06 de setembro.<\/p>\n\n\n\n<p>A informa\u00e7\u00e3o foi disponibilizada no endere\u00e7o eletr\u00f4nico da banca Cebraspe e aponta o total de <strong>5.271<\/strong> candidatos inscritos.<\/p>\n\n\n\n<p>O cargo com maior quantitativo de inscritos foi o de T\u00e9cnico em Contas P\u00fablicas, de n\u00edvel m\u00e9dio de escolaridade, com <strong>1.950<\/strong> <strong>candidatos<\/strong> e a demanda de 130 por vaga.<\/p>\n\n\n\n<p>J\u00e1 o cargo com menor n\u00famero de candidatos foi o de Analista de Contas P\u00fablicas&nbsp;(Administra\u00e7\u00e3o, Contabilidade, Economia ou Engenheira), com um total de <strong>466 inscritos<\/strong> e uma demanda de 58,25 por vaga.<\/p>\n\n\n\n<p>Confira abaixo a demanda na \u00edntegra!<\/p>\n\n\n\n<ul class=\"wp-block-list\">\n<li><strong><a href=\"https:\/\/dhg1h5j42swfq.cloudfront.net\/2023\/03\/23102154\/mpc-sc-demanda-de-candidatos-por-vagas-certame.pdf\" target=\"_blank\" rel=\"noreferrer noopener nofollow\">MPC SC &#8211; demanda de inscritos por vaga<\/a><\/strong><\/li>\n<\/ul>\n\n\n\n<h3 class=\"wp-block-heading\" id=\"gabarito-preliminar\">Gabaritos preliminares<\/h3>\n\n\n\n<p>Foram divulgados os gabaritos preliminares do <strong>concurso MPC SC<\/strong>, e os candidatos podem consultar individualmente o gabarito e o caderno de prova atrav\u00e9s do site da banca organizadora do certame, Cebraspe, mediante apresenta\u00e7\u00e3o de CPF e senha previamente cadastrados.<\/p>\n\n\n\n<p>A etapa de provas ocorreu no dia 11 de setembro de 2022. <\/p>\n\n\n\n<p>Ressalta-se que aqueles que desejarem interpor recursos contra o gabarito preliminar publicado poder\u00e3o faz\u00ea-lo tamb\u00e9m atrav\u00e9s do site da banca nos dias 14 e 15 de setembro, das 10 horas do primeiro dia \u00e0s 18 horas do \u00faltimo dia.<\/p>\n\n\n\n<h3 class=\"wp-block-heading\" id=\"resultado-final-objetiva\">Resultado final da objetiva e o resultado provis\u00f3rio da discursiva<\/h3>\n\n\n\n<p>O resultado final da prova objetiva e o resultado provis\u00f3rio da prova discursiva do concurso MPC SC foram divulgados. Confira as listas nos links abaixo:<\/p>\n\n\n\n<p class=\"has-text-align-center has-pale-ocean-gradient-background has-background\"><a href=\"https:\/\/dhg1h5j42swfq.cloudfront.net\/2022\/10\/04110529\/ed_5_2022_mpc_sc_servidor_final_obj_prov_discursiva-1.pdf\" target=\"_blank\" rel=\"noreferrer noopener nofollow\"><strong>Resultado final da objetiva e provis\u00f3rio da discursiva<\/strong><\/a><\/p>\n\n\n\n<h3 class=\"wp-block-heading\" id=\"resultado-final-discursiva\">Resultado final discursiva <\/h3>\n\n\n\n<p>O resultado final na prova discursiva foi divulgado. Confira os nomes dos aprovados:<\/p>\n\n\n\n<p class=\"has-text-align-center has-pale-ocean-gradient-background has-background\"><strong><a href=\"https:\/\/dhg1h5j42swfq.cloudfront.net\/2023\/03\/23101605\/resultado-final-da-prova-discursiva-mpc.pdf\" target=\"_blank\" rel=\"noreferrer noopener nofollow\">Resultado final da prova discursiva<\/a><\/strong><\/p>\n\n\n\n<h2 class=\"wp-block-heading\" id=\"ultimo-mpc\">\u00daltimo concurso MPC SC <\/h2>\n\n\n\n<p>O \u00faltimo concurso MPC SC  foi realizado no ano de 2014 e contou com a organiza\u00e7\u00e3o da <strong>FEPESE<\/strong>. Foram ofertadas vagas para Analista, T\u00e9cnico e Procurador.<\/p>\n\n\n\n<h3 class=\"wp-block-heading\" id=\"cargos-mpc\">Cargos Ofertados no \u00faltimo concurso MPC SC<\/h3>\n\n\n\n<h4 class=\"wp-block-heading\" id=\"analista-de-contas-publicas-nivel-superior\">Analista de Contas P\u00fablicas &#8211; N\u00edvel Superior<\/h4>\n\n\n\n<figure class=\"wp-block-table is-style-stripes\"><table class=\"has-pale-ocean-gradient-background has-background\"><tbody><tr><td class=\"has-text-align-center\" data-align=\"center\">\u00c1REA<\/td><td class=\"has-text-align-center\" data-align=\"center\">VAGAS<\/td><\/tr><tr><td class=\"has-text-align-center\" data-align=\"center\">Administra\u00e7\u00e3o<\/td><td class=\"has-text-align-center\" data-align=\"center\">1<\/td><\/tr><tr><td class=\"has-text-align-center\" data-align=\"center\">Contabilidade<\/td><td class=\"has-text-align-center\" data-align=\"center\">2<\/td><\/tr><tr><td class=\"has-text-align-center\" data-align=\"center\">Direito<\/td><td class=\"has-text-align-center\" data-align=\"center\">16<\/td><\/tr><tr><td class=\"has-text-align-center\" data-align=\"center\">Economia<\/td><td class=\"has-text-align-center\" data-align=\"center\">1<\/td><\/tr><\/tbody><\/table><figcaption class=\"wp-element-caption\"><em><strong>Cargos ofertados no \u00faltimo concurso MPC SC<\/strong><\/em><\/figcaption><\/figure>\n\n\n\n<h4 class=\"wp-block-heading\" id=\"tecnico-nivel-medio\">T\u00e9cnico &#8211; N\u00edvel M\u00e9dio<\/h4>\n\n\n\n<figure class=\"wp-block-table is-style-stripes\"><table class=\"has-pale-ocean-gradient-background has-background\"><tbody><tr><td class=\"has-text-align-center\" data-align=\"center\">\u00c1REA<\/td><td class=\"has-text-align-center\" data-align=\"center\">VAGAS<\/td><\/tr><tr><td class=\"has-text-align-center\" data-align=\"center\">T\u00e9cnico em Contas P\u00fablicas<\/td><td class=\"has-text-align-center\" data-align=\"center\">2<\/td><\/tr><tr><td class=\"has-text-align-center\" data-align=\"center\">T\u00e9cnico em Atividades Administrativas<\/td><td class=\"has-text-align-center\" data-align=\"center\">1<\/td><\/tr><\/tbody><\/table><figcaption class=\"wp-element-caption\"><em><strong>Cargos ofertados para T\u00e9cnico de N\u00edvel M\u00e9dio MPC SC<\/strong><\/em><\/figcaption><\/figure>\n\n\n\n<h3 class=\"wp-block-heading\" id=\"remuneracao-mpc\">Remunera\u00e7\u00e3o do \u00faltimo concurso MPC SC<\/h3>\n\n\n\n<ul class=\"wp-block-list\">\n<li><strong>N\u00edvel M\u00e9dio &#8211;<\/strong> R$ 8.415,92<\/li>\n\n\n\n<li><strong>N\u00edvel Superior &#8211;<\/strong> R$ 11.018,82<\/li>\n<\/ul>\n\n\n\n<h3 class=\"wp-block-heading\" id=\"prova-mpc\">Etapas de provas do \u00faltimo concurso MPC SC<\/h3>\n\n\n\n<h4 class=\"wp-block-heading\" id=\"objetiva\">Prova Objetiva<\/h4>\n\n\n\n<p>A prova objetiva possuiu car\u00e1ter eliminat\u00f3rio e classificat\u00f3rio. O exame era quest\u00f5es de m\u00faltipla escolha com cinco alternativas de resposta, das quais uma \u00fanica era correta.<\/p>\n\n\n\n<p>Confira abaixo as disciplinas ofertadas para os <strong>cargos de n\u00edvel superior<\/strong>:<\/p>\n\n\n\n<figure class=\"wp-block-table is-style-stripes\"><table class=\"has-pale-ocean-gradient-background has-background\"><thead><tr><th class=\"has-text-align-center\" data-align=\"center\">Disciplinas<\/th><th class=\"has-text-align-center\" data-align=\"center\">Quantidade de Quest\u00f5es<\/th><\/tr><\/thead><tbody><tr><td class=\"has-text-align-center\" data-align=\"center\">Portugu\u00eas<\/td><td class=\"has-text-align-center\" data-align=\"center\">10<\/td><\/tr><tr><td class=\"has-text-align-center\" data-align=\"center\">Controle Externo<\/td><td class=\"has-text-align-center\" data-align=\"center\">5<\/td><\/tr><tr><td class=\"has-text-align-center\" data-align=\"center\">MP Junto ao Tribunal de Contas<\/td><td class=\"has-text-align-center\" data-align=\"center\">5<\/td><\/tr><tr><td class=\"has-text-align-center\" data-align=\"center\">Inform\u00e1tica<\/td><td class=\"has-text-align-center\" data-align=\"center\">5<\/td><\/tr><tr><td class=\"has-text-align-center\" data-align=\"center\">Conhecimentos Espec\u00edficos<\/td><td class=\"has-text-align-center\" data-align=\"center\">40<\/td><\/tr><\/tbody><\/table><figcaption class=\"wp-element-caption\"><em><strong>\u00c1reas de conhecimento para os cargos de n\u00edvel superior de escolaridade<\/strong><\/em><\/figcaption><\/figure>\n\n\n\n<p>Confira abaixo as disciplinas ofertadas para os cargos de n\u00edvel m\u00e9dio:<\/p>\n\n\n\n<figure class=\"wp-block-table is-style-stripes\"><table class=\"has-pale-ocean-gradient-background has-background\"><thead><tr><th class=\"has-text-align-center\" data-align=\"center\">Disciplinas<\/th><th class=\"has-text-align-center\" data-align=\"center\">Quantidade de Quest\u00f5es<\/th><\/tr><\/thead><tbody><tr><td class=\"has-text-align-center\" data-align=\"center\">Portugu\u00eas<\/td><td class=\"has-text-align-center\" data-align=\"center\">10<\/td><\/tr><tr><td class=\"has-text-align-center\" data-align=\"center\">Inform\u00e1tica<\/td><td class=\"has-text-align-center\" data-align=\"center\">10<\/td><\/tr><tr><td class=\"has-text-align-center\" data-align=\"center\">Conhecimentos espec\u00edficos<\/td><td class=\"has-text-align-center\" data-align=\"center\">40<\/td><\/tr><\/tbody><\/table><figcaption class=\"wp-element-caption\"><strong><em>\u00c1reas de conhecimento para os cargos de n\u00edvel m\u00e9dio<\/em><\/strong><\/figcaption><\/figure>\n\n\n\n<h4 class=\"wp-block-heading\" id=\"titulos\">Prova de T\u00edtulos<\/h4>\n\n\n\n<p>A prova de t\u00edtulos foi ofertada especificamente para os cargos de n\u00edvel superior. Confira abaixo os t\u00edtulos exigidos.<\/p>\n\n\n\n<ul class=\"wp-block-list\">\n<li>Diploma de curso de p\u00f3s-gradua\u00e7\u00e3o stricto sensu, em n\u00edvel de doutorado, reconhecido pelo CNE\/MEC; Administra\u00e7\u00e3o para os candidatos ao cargo de Analista de Contas P\u00fablicas \u2013 Administra\u00e7\u00e3o;<\/li>\n\n\n\n<li>Contabilidade para os candidatos ao cargo de Analista de Contas P\u00fablicas \u2013 Contabilidade; Direito para os candidatos ao cargo de Analista de Contas P\u00fablicas \u2013 Direito; Economia para os<br \/>candidatos ao cargo de Analista de Contas P\u00fablicas \u2013 Economia;<\/li>\n\n\n\n<li>Diploma de curso de p\u00f3s-gradua\u00e7\u00e3o stricto sensu, em n\u00edvel de mestrado, reconhecido pelo CNE\/MEC; Administra\u00e7\u00e3o para os candidatos ao cargo de Analista de Contas P\u00fablicas \u2013 Administra\u00e7\u00e3o; Contabilidade para os candidatos ao cargo de Analista de Contas P\u00fablicas \u2013 Contabilidade; Direito para os candidatos ao cargo de Analista de Contas P\u00fablicas \u2013 Direito; Economia para os candidatos ao cargo de Analista de Contas P\u00fablicas \u2013 Economia;<\/li>\n\n\n\n<li>Certificado de curso de p\u00f3s-gradua\u00e7\u00e3o lato sensu em n\u00edvel de especializa\u00e7\u00e3o, emitido por institui\u00e7\u00e3o credenciada pelo \u00f3rg\u00e3o competente; Administra\u00e7\u00e3o para os candidatos ao cargo de Analista de Contas P\u00fablicas \u2013 Administra\u00e7\u00e3o; Contabilidade para os candidatos ao cargo de Analista de Contas P\u00fablicas \u2013 Contabilidade; Direito para os candidatos ao cargo de Analista de Contas P\u00fablicas \u2013 Direito; Economia para os candidatos ao cargo de Analista de Contas P\u00fablicas \u2013 Economia, com a dura\u00e7\u00e3o m\u00ednima de 360 horas, acompanhado do hist\u00f3rico escolar.<\/li>\n<\/ul>\n\n\n\n<p class=\"has-text-align-center has-x-large-font-size\" id=\"h-quer-saber-tudo-sobre-concursos-previstos-confira-nossos-artigos\">Quer saber tudo sobre concursos previstos? <br \/>Confira nossos artigos!<\/p>\n\n\n\n<ul class=\"wp-block-list\">\n<li><a href=\"https:\/\/www.estrategiaconcursos.com.br\/blog\/concursos-abertos\/\" target=\"_blank\" rel=\"noreferrer noopener\">Concursos abertos<\/a><\/li>\n\n\n\n<li><a href=\"https:\/\/www.estrategiaconcursos.com.br\/blog\/concursos-2026\/\" target=\"_blank\" rel=\"noreferrer noopener\">Concursos 2026<\/a><\/li>\n<\/ul>\n\n\n\n<p class=\"has-text-align-center has-x-large-font-size\" id=\"cursos-mpc-sc\">Cursos para o concurso MPC SC <\/p>\n\n\n\n<div class=\"container\" id=\"boxes\">\n  <div class=\"row\">\n\n    <div class=\"col-sm\">\n      <div class=\"banner-tribunal\" id=\"box-assinatura\">\n        <h3 class=\"titulo-assinatura\">Cursos para MPC SC<\/h3>\n        <p class=\"subtitulo-assinatura\">Conhe\u00e7a os cursos<\/p>\n        <div class=\"box-botao\">\n          <a class=\"btn-assinatura\" target=\"_blank\" href=\"https:\/\/www.estrategiaconcursos.com.br\/cursosPorConcurso\/ministerio-publico-de-contas-de-santa-catarina-mpc-sc\/\" role=\"button\" rel=\"noopener noreferrer\">Conhe\u00e7a mais<\/a>\n        <\/div>\n      <\/div>\n      <p class=\"texto-auxiliar\">Prepare-se com o melhor material e com quem mais aprova em Concursos P\u00fablicos em todo o pa\u00eds.<\/p>\n    <\/div>\n\n  <\/div>\n<\/div>\n\n\n\n<div class=\"container\" id=\"boxes\">\n  <div class=\"row\">\n\n    <div class=\"col-sm\">\n      <div class=\"estrategia\" id=\"box-assinatura\">\n        <h3 class=\"titulo-assinatura\">Assinatura Concursos<\/h3>\n        <p class=\"subtitulo-assinatura\">Assinatura de 1 ano ou 2 anos<\/p>\n        <div class=\"box-botao\">\n          <a class=\"btn-assinatura\" target=\"_blank\" href=\"https:\/\/www.estrategiaconcursos.com.br\/assinaturas\/\" role=\"button\" rel=\"noopener noreferrer\">ASSINE AGORA<\/a>\n        <\/div>\n      <\/div>\n     \n    <\/div><\/div><\/div>\n\n\n\n<figure class=\"wp-block-image size-large is-resized\"><img loading=\"lazy\" decoding=\"async\" width=\"1024\" height=\"632\" src=\"https:\/\/dhg1h5j42swfq.cloudfront.net\/2021\/04\/05154617\/ficha-tecnica-12-1024x632.png\" alt=\"concurso MPC SC ficha t\u00e9cnica\" class=\"wp-image-707675\" style=\"width:256px;height:158px\" srcset=\"https:\/\/dhg1h5j42swfq.cloudfront.net\/2021\/04\/05154617\/ficha-tecnica-12-1024x632.png 1024w, https:\/\/dhg1h5j42swfq.cloudfront.net\/2021\/04\/05154617\/ficha-tecnica-12-300x185.png 300w, https:\/\/dhg1h5j42swfq.cloudfront.net\/2021\/04\/05154617\/ficha-tecnica-12-768x474.png 768w, https:\/\/dhg1h5j42swfq.cloudfront.net\/2021\/04\/05154617\/ficha-tecnica-12-1536x948.png 1536w, https:\/\/dhg1h5j42swfq.cloudfront.net\/2021\/04\/05154617\/ficha-tecnica-12-610x377.png 610w, https:\/\/dhg1h5j42swfq.cloudfront.net\/2021\/04\/05154617\/ficha-tecnica-12.png 1571w\" sizes=\"auto, (max-width: 1024px) 100vw, 1024px\" \/><\/figure>\n\n\n\n<p id=\"ficha-tecnica-concurso-mpc-sc\"><strong>Ficha t\u00e9cnica Concurso MPC SC<\/strong><\/p>\n\n\n\n<ul class=\"wp-block-list\">\n<li><strong>Inscri\u00e7\u00f5es<\/strong>: <s>30\/6 a 29\/7\/2022<\/s><\/li>\n\n\n\n<li><strong>Provas<\/strong>: <s>11\/9<\/s><\/li>\n\n\n\n<li><strong>Vagas<\/strong>: 10 + CR<\/li>\n\n\n\n<li><strong>Cargos<\/strong>: diversos <\/li>\n\n\n\n<li><strong>Banca<\/strong>: Cebraspe<\/li>\n\n\n\n<li><strong>Escolaridade<\/strong>: m\u00e9dio e superior <\/li>\n\n\n\n<li><strong>Edital<\/strong>: <a href=\"https:\/\/dhg1h5j42swfq.cloudfront.net\/2022\/06\/29094408\/dotc-e2022-06-29-47-71.pdf\" target=\"_blank\" rel=\"noreferrer noopener nofollow\">MPC SC<\/a><\/li>\n<\/ul>\n","protected":false},"excerpt":{"rendered":"<p>\u00daltima edi\u00e7\u00e3o do Concurso MPC SC ocorreu em 2022; foram ofertadas 10 vagas imediatas e 66 em cadastro reserva O resultado final da prova discursiva do concurso MPC SC (Minist\u00e9rio P\u00fablico de Contas de Santa Catarina) foi publicado. Importante lembrar que j\u00e1 havia sido divulgado o padr\u00e3o de resposta da prova discursiva do certame, al\u00e9m [&hellip;]<\/p>\n","protected":false},"author":1,"featured_media":1007160,"comment_status":"open","ping_status":"closed","sticky":false,"template":"","format":"standard","meta":{"post_tipo":"news_page","footnotes":""},"categories":[1984],"tags":[],"tax_estado":[219987],"class_list":["post-505016","post","type-post","status-publish","format-standard","has-post-thumbnail","hentry","category-tribunais","tax_estado-sc"],"acf":[],"yoast_head":"<!-- This site is optimized with the Yoast SEO Premium plugin v27.2 (Yoast SEO v27.2) - https:\/\/yoast.com\/product\/yoast-seo-premium-wordpress\/ -->\n<title>Concurso MPC SC: divulgado o resultado da prova discursiva<\/title>\n<meta name=\"description\" content=\"Saiba todos os detalhes do certame do Minist\u00e9rio P\u00fablico de Contas de Santa Catarina com o Estrat\u00e9gia Concursos\" \/>\n<meta name=\"robots\" content=\"index, follow, max-snippet:-1, max-image-preview:large, max-video-preview:-1\" \/>\n<link rel=\"canonical\" href=\"https:\/\/www.estrategiaconcursos.com.br\/blog\/concurso-mpc-sc\/\" \/>\n<meta property=\"og:locale\" content=\"pt_BR\" \/>\n<meta property=\"og:type\" content=\"article\" \/>\n<meta property=\"og:title\" content=\"Concurso MPC SC: divulgado o resultado da prova discursiva\" \/>\n<meta property=\"og:description\" content=\"Saiba todos os detalhes do certame do Minist\u00e9rio P\u00fablico de Contas de Santa Catarina com o Estrat\u00e9gia Concursos\" \/>\n<meta property=\"og:url\" content=\"https:\/\/www.estrategiaconcursos.com.br\/blog\/concurso-mpc-sc\/\" \/>\n<meta property=\"og:site_name\" content=\"Estrat\u00e9gia Concursos\" \/>\n<meta property=\"article:author\" content=\"https:\/\/www.facebook.com\/EstrategiaConcursos\" \/>\n<meta property=\"article:published_time\" content=\"2026-03-30T18:10:18+00:00\" \/>\n<meta property=\"article:modified_time\" content=\"2026-03-30T18:10:20+00:00\" \/>\n<meta property=\"og:image\" content=\"https:\/\/dhg1h5j42swfq.cloudfront.net\/2022\/04\/12120012\/concurso_mpc_sc.jpeg\" \/>\n\t<meta property=\"og:image:width\" content=\"768\" \/>\n\t<meta property=\"og:image:height\" content=\"432\" \/>\n\t<meta property=\"og:image:type\" content=\"image\/jpeg\" \/>\n<meta name=\"author\" content=\"Coordena\u00e7\u00e3o\" \/>\n<meta name=\"twitter:card\" content=\"summary_large_image\" \/>\n<meta name=\"twitter:creator\" content=\"@EstratConcursos\" \/>\n<meta name=\"twitter:site\" content=\"@EstratConcursos\" \/>\n<meta name=\"twitter:label1\" content=\"Escrito por\" \/>\n\t<meta name=\"twitter:data1\" content=\"Coordena\u00e7\u00e3o\" \/>\n\t<meta name=\"twitter:label2\" content=\"Est. tempo de leitura\" \/>\n\t<meta name=\"twitter:data2\" content=\"8 minutos\" \/>\n<script type=\"application\/ld+json\" class=\"yoast-schema-graph\">{\"@context\":\"https:\/\/schema.org\",\"@graph\":[{\"@type\":\"NewsArticle\",\"@id\":\"https:\/\/www.estrategiaconcursos.com.br\/blog\/concurso-mpc-sc\/#article\",\"isPartOf\":{\"@id\":\"https:\/\/www.estrategiaconcursos.com.br\/blog\/concurso-mpc-sc\/\"},\"author\":{\"name\":\"Coordena\u00e7\u00e3o\",\"@id\":\"https:\/\/www.estrategiaconcursos.com.br\/blog\/#\/schema\/person\/b4a388c97673c5f483d72185668afa1f\"},\"headline\":\"Concurso MPC SC: divulgado o resultado da prova discursiva\",\"datePublished\":\"2026-03-30T18:10:18+00:00\",\"dateModified\":\"2026-03-30T18:10:20+00:00\",\"mainEntityOfPage\":{\"@id\":\"https:\/\/www.estrategiaconcursos.com.br\/blog\/concurso-mpc-sc\/\"},\"wordCount\":1869,\"commentCount\":0,\"publisher\":{\"@id\":\"https:\/\/www.estrategiaconcursos.com.br\/blog\/#organization\"},\"image\":{\"@id\":\"https:\/\/www.estrategiaconcursos.com.br\/blog\/concurso-mpc-sc\/#primaryimage\"},\"thumbnailUrl\":\"https:\/\/dhg1h5j42swfq.cloudfront.net\/2022\/04\/12120012\/concurso_mpc_sc.jpeg\",\"articleSection\":[\"Tribunais\"],\"inLanguage\":\"pt-BR\",\"potentialAction\":[{\"@type\":\"CommentAction\",\"name\":\"Comment\",\"target\":[\"https:\/\/www.estrategiaconcursos.com.br\/blog\/concurso-mpc-sc\/#respond\"]}],\"copyrightYear\":\"2026\",\"copyrightHolder\":{\"@id\":\"https:\/\/www.estrategiaconcursos.com.br\/blog\/#organization\"}},{\"@type\":\"WebPage\",\"@id\":\"https:\/\/www.estrategiaconcursos.com.br\/blog\/concurso-mpc-sc\/\",\"url\":\"https:\/\/www.estrategiaconcursos.com.br\/blog\/concurso-mpc-sc\/\",\"name\":\"Concurso MPC SC: divulgado o resultado da prova discursiva\",\"isPartOf\":{\"@id\":\"https:\/\/www.estrategiaconcursos.com.br\/blog\/#website\"},\"primaryImageOfPage\":{\"@id\":\"https:\/\/www.estrategiaconcursos.com.br\/blog\/concurso-mpc-sc\/#primaryimage\"},\"image\":{\"@id\":\"https:\/\/www.estrategiaconcursos.com.br\/blog\/concurso-mpc-sc\/#primaryimage\"},\"thumbnailUrl\":\"https:\/\/dhg1h5j42swfq.cloudfront.net\/2022\/04\/12120012\/concurso_mpc_sc.jpeg\",\"datePublished\":\"2026-03-30T18:10:18+00:00\",\"dateModified\":\"2026-03-30T18:10:20+00:00\",\"description\":\"Saiba todos os detalhes do certame do Minist\u00e9rio P\u00fablico de Contas de Santa Catarina com o Estrat\u00e9gia Concursos\",\"breadcrumb\":{\"@id\":\"https:\/\/www.estrategiaconcursos.com.br\/blog\/concurso-mpc-sc\/#breadcrumb\"},\"inLanguage\":\"pt-BR\",\"potentialAction\":[{\"@type\":\"ReadAction\",\"target\":[\"https:\/\/www.estrategiaconcursos.com.br\/blog\/concurso-mpc-sc\/\"]}]},{\"@type\":\"ImageObject\",\"inLanguage\":\"pt-BR\",\"@id\":\"https:\/\/www.estrategiaconcursos.com.br\/blog\/concurso-mpc-sc\/#primaryimage\",\"url\":\"https:\/\/dhg1h5j42swfq.cloudfront.net\/2022\/04\/12120012\/concurso_mpc_sc.jpeg\",\"contentUrl\":\"https:\/\/dhg1h5j42swfq.cloudfront.net\/2022\/04\/12120012\/concurso_mpc_sc.jpeg\",\"width\":768,\"height\":432},{\"@type\":\"BreadcrumbList\",\"@id\":\"https:\/\/www.estrategiaconcursos.com.br\/blog\/concurso-mpc-sc\/#breadcrumb\",\"itemListElement\":[{\"@type\":\"ListItem\",\"position\":1,\"name\":\"In\u00edcio\",\"item\":\"https:\/\/www.estrategiaconcursos.com.br\/blog\/\"},{\"@type\":\"ListItem\",\"position\":2,\"name\":\"Concurso MPC SC: divulgado o resultado da prova discursiva\"}]},{\"@type\":\"WebSite\",\"@id\":\"https:\/\/www.estrategiaconcursos.com.br\/blog\/#website\",\"url\":\"https:\/\/www.estrategiaconcursos.com.br\/blog\/\",\"name\":\"Estrat\u00e9gia Concursos\",\"description\":\"O blog da Estrat\u00e9gia Concursos traz not\u00edcias sobre concursos e artigos de professores oferecendo cursos para concursos (pdf + videaulas) no site.\",\"publisher\":{\"@id\":\"https:\/\/www.estrategiaconcursos.com.br\/blog\/#organization\"},\"potentialAction\":[{\"@type\":\"SearchAction\",\"target\":{\"@type\":\"EntryPoint\",\"urlTemplate\":\"https:\/\/www.estrategiaconcursos.com.br\/blog\/?s={search_term_string}\"},\"query-input\":{\"@type\":\"PropertyValueSpecification\",\"valueRequired\":true,\"valueName\":\"search_term_string\"}}],\"inLanguage\":\"pt-BR\"},{\"@type\":\"Organization\",\"@id\":\"https:\/\/www.estrategiaconcursos.com.br\/blog\/#organization\",\"name\":\"Estrat\u00e9gia Concursos\",\"url\":\"https:\/\/www.estrategiaconcursos.com.br\/blog\/\",\"logo\":{\"@type\":\"ImageObject\",\"inLanguage\":\"pt-BR\",\"@id\":\"https:\/\/www.estrategiaconcursos.com.br\/blog\/#\/schema\/logo\/image\/\",\"url\":\"https:\/\/dhg1h5j42swfq.cloudfront.net\/2025\/06\/03203428\/logo_concursos-1.jpg\",\"contentUrl\":\"https:\/\/dhg1h5j42swfq.cloudfront.net\/2025\/06\/03203428\/logo_concursos-1.jpg\",\"width\":230,\"height\":60,\"caption\":\"Estrat\u00e9gia Concursos\"},\"image\":{\"@id\":\"https:\/\/www.estrategiaconcursos.com.br\/blog\/#\/schema\/logo\/image\/\"},\"sameAs\":[\"https:\/\/x.com\/EstratConcursos\"]},{\"@type\":\"Person\",\"@id\":\"https:\/\/www.estrategiaconcursos.com.br\/blog\/#\/schema\/person\/b4a388c97673c5f483d72185668afa1f\",\"name\":\"Coordena\u00e7\u00e3o\",\"image\":{\"@type\":\"ImageObject\",\"inLanguage\":\"pt-BR\",\"@id\":\"https:\/\/secure.gravatar.com\/avatar\/b720319e4c9a967eb58678d110f4fe35452fc5d5f97b202bac7b8acceb18c6ad?s=96&d=mm&r=g\",\"url\":\"https:\/\/secure.gravatar.com\/avatar\/b720319e4c9a967eb58678d110f4fe35452fc5d5f97b202bac7b8acceb18c6ad?s=96&d=mm&r=g\",\"contentUrl\":\"https:\/\/secure.gravatar.com\/avatar\/b720319e4c9a967eb58678d110f4fe35452fc5d5f97b202bac7b8acceb18c6ad?s=96&d=mm&r=g\",\"caption\":\"Coordena\u00e7\u00e3o\"},\"sameAs\":[\"https:\/\/www.facebook.com\/EstrategiaConcursos\",\"https:\/\/x.com\/EstratConcursos\"],\"url\":\"https:\/\/www.estrategiaconcursos.com.br\/blog\/author\/estrategia2013\/\"}]}<\/script>\n<!-- \/ Yoast SEO Premium plugin. -->","yoast_head_json":{"title":"Concurso MPC SC: divulgado o resultado da prova discursiva","description":"Saiba todos os detalhes do certame do Minist\u00e9rio P\u00fablico de Contas de Santa Catarina com o Estrat\u00e9gia Concursos","robots":{"index":"index","follow":"follow","max-snippet":"max-snippet:-1","max-image-preview":"max-image-preview:large","max-video-preview":"max-video-preview:-1"},"canonical":"https:\/\/www.estrategiaconcursos.com.br\/blog\/concurso-mpc-sc\/","og_locale":"pt_BR","og_type":"article","og_title":"Concurso MPC SC: divulgado o resultado da prova discursiva","og_description":"Saiba todos os detalhes do certame do Minist\u00e9rio P\u00fablico de Contas de Santa Catarina com o Estrat\u00e9gia Concursos","og_url":"https:\/\/www.estrategiaconcursos.com.br\/blog\/concurso-mpc-sc\/","og_site_name":"Estrat\u00e9gia Concursos","article_author":"https:\/\/www.facebook.com\/EstrategiaConcursos","article_published_time":"2026-03-30T18:10:18+00:00","article_modified_time":"2026-03-30T18:10:20+00:00","og_image":[{"width":768,"height":432,"url":"https:\/\/dhg1h5j42swfq.cloudfront.net\/2022\/04\/12120012\/concurso_mpc_sc.jpeg","type":"image\/jpeg"}],"author":"Coordena\u00e7\u00e3o","twitter_card":"summary_large_image","twitter_creator":"@EstratConcursos","twitter_site":"@EstratConcursos","twitter_misc":{"Escrito por":"Coordena\u00e7\u00e3o","Est. tempo de leitura":"8 minutos"},"schema":{"@context":"https:\/\/schema.org","@graph":[{"@type":"NewsArticle","@id":"https:\/\/www.estrategiaconcursos.com.br\/blog\/concurso-mpc-sc\/#article","isPartOf":{"@id":"https:\/\/www.estrategiaconcursos.com.br\/blog\/concurso-mpc-sc\/"},"author":{"name":"Coordena\u00e7\u00e3o","@id":"https:\/\/www.estrategiaconcursos.com.br\/blog\/#\/schema\/person\/b4a388c97673c5f483d72185668afa1f"},"headline":"Concurso MPC SC: divulgado o resultado da prova discursiva","datePublished":"2026-03-30T18:10:18+00:00","dateModified":"2026-03-30T18:10:20+00:00","mainEntityOfPage":{"@id":"https:\/\/www.estrategiaconcursos.com.br\/blog\/concurso-mpc-sc\/"},"wordCount":1869,"commentCount":0,"publisher":{"@id":"https:\/\/www.estrategiaconcursos.com.br\/blog\/#organization"},"image":{"@id":"https:\/\/www.estrategiaconcursos.com.br\/blog\/concurso-mpc-sc\/#primaryimage"},"thumbnailUrl":"https:\/\/dhg1h5j42swfq.cloudfront.net\/2022\/04\/12120012\/concurso_mpc_sc.jpeg","articleSection":["Tribunais"],"inLanguage":"pt-BR","potentialAction":[{"@type":"CommentAction","name":"Comment","target":["https:\/\/www.estrategiaconcursos.com.br\/blog\/concurso-mpc-sc\/#respond"]}],"copyrightYear":"2026","copyrightHolder":{"@id":"https:\/\/www.estrategiaconcursos.com.br\/blog\/#organization"}},{"@type":"WebPage","@id":"https:\/\/www.estrategiaconcursos.com.br\/blog\/concurso-mpc-sc\/","url":"https:\/\/www.estrategiaconcursos.com.br\/blog\/concurso-mpc-sc\/","name":"Concurso MPC SC: divulgado o resultado da prova discursiva","isPartOf":{"@id":"https:\/\/www.estrategiaconcursos.com.br\/blog\/#website"},"primaryImageOfPage":{"@id":"https:\/\/www.estrategiaconcursos.com.br\/blog\/concurso-mpc-sc\/#primaryimage"},"image":{"@id":"https:\/\/www.estrategiaconcursos.com.br\/blog\/concurso-mpc-sc\/#primaryimage"},"thumbnailUrl":"https:\/\/dhg1h5j42swfq.cloudfront.net\/2022\/04\/12120012\/concurso_mpc_sc.jpeg","datePublished":"2026-03-30T18:10:18+00:00","dateModified":"2026-03-30T18:10:20+00:00","description":"Saiba todos os detalhes do certame do Minist\u00e9rio P\u00fablico de Contas de Santa Catarina com o Estrat\u00e9gia Concursos","breadcrumb":{"@id":"https:\/\/www.estrategiaconcursos.com.br\/blog\/concurso-mpc-sc\/#breadcrumb"},"inLanguage":"pt-BR","potentialAction":[{"@type":"ReadAction","target":["https:\/\/www.estrategiaconcursos.com.br\/blog\/concurso-mpc-sc\/"]}]},{"@type":"ImageObject","inLanguage":"pt-BR","@id":"https:\/\/www.estrategiaconcursos.com.br\/blog\/concurso-mpc-sc\/#primaryimage","url":"https:\/\/dhg1h5j42swfq.cloudfront.net\/2022\/04\/12120012\/concurso_mpc_sc.jpeg","contentUrl":"https:\/\/dhg1h5j42swfq.cloudfront.net\/2022\/04\/12120012\/concurso_mpc_sc.jpeg","width":768,"height":432},{"@type":"BreadcrumbList","@id":"https:\/\/www.estrategiaconcursos.com.br\/blog\/concurso-mpc-sc\/#breadcrumb","itemListElement":[{"@type":"ListItem","position":1,"name":"In\u00edcio","item":"https:\/\/www.estrategiaconcursos.com.br\/blog\/"},{"@type":"ListItem","position":2,"name":"Concurso MPC SC: divulgado o resultado da prova discursiva"}]},{"@type":"WebSite","@id":"https:\/\/www.estrategiaconcursos.com.br\/blog\/#website","url":"https:\/\/www.estrategiaconcursos.com.br\/blog\/","name":"Estrat\u00e9gia Concursos","description":"O blog da Estrat\u00e9gia Concursos traz not\u00edcias sobre concursos e artigos de professores oferecendo cursos para concursos (pdf + videaulas) no site.","publisher":{"@id":"https:\/\/www.estrategiaconcursos.com.br\/blog\/#organization"},"potentialAction":[{"@type":"SearchAction","target":{"@type":"EntryPoint","urlTemplate":"https:\/\/www.estrategiaconcursos.com.br\/blog\/?s={search_term_string}"},"query-input":{"@type":"PropertyValueSpecification","valueRequired":true,"valueName":"search_term_string"}}],"inLanguage":"pt-BR"},{"@type":"Organization","@id":"https:\/\/www.estrategiaconcursos.com.br\/blog\/#organization","name":"Estrat\u00e9gia Concursos","url":"https:\/\/www.estrategiaconcursos.com.br\/blog\/","logo":{"@type":"ImageObject","inLanguage":"pt-BR","@id":"https:\/\/www.estrategiaconcursos.com.br\/blog\/#\/schema\/logo\/image\/","url":"https:\/\/dhg1h5j42swfq.cloudfront.net\/2025\/06\/03203428\/logo_concursos-1.jpg","contentUrl":"https:\/\/dhg1h5j42swfq.cloudfront.net\/2025\/06\/03203428\/logo_concursos-1.jpg","width":230,"height":60,"caption":"Estrat\u00e9gia Concursos"},"image":{"@id":"https:\/\/www.estrategiaconcursos.com.br\/blog\/#\/schema\/logo\/image\/"},"sameAs":["https:\/\/x.com\/EstratConcursos"]},{"@type":"Person","@id":"https:\/\/www.estrategiaconcursos.com.br\/blog\/#\/schema\/person\/b4a388c97673c5f483d72185668afa1f","name":"Coordena\u00e7\u00e3o","image":{"@type":"ImageObject","inLanguage":"pt-BR","@id":"https:\/\/secure.gravatar.com\/avatar\/b720319e4c9a967eb58678d110f4fe35452fc5d5f97b202bac7b8acceb18c6ad?s=96&d=mm&r=g","url":"https:\/\/secure.gravatar.com\/avatar\/b720319e4c9a967eb58678d110f4fe35452fc5d5f97b202bac7b8acceb18c6ad?s=96&d=mm&r=g","contentUrl":"https:\/\/secure.gravatar.com\/avatar\/b720319e4c9a967eb58678d110f4fe35452fc5d5f97b202bac7b8acceb18c6ad?s=96&d=mm&r=g","caption":"Coordena\u00e7\u00e3o"},"sameAs":["https:\/\/www.facebook.com\/EstrategiaConcursos","https:\/\/x.com\/EstratConcursos"],"url":"https:\/\/www.estrategiaconcursos.com.br\/blog\/author\/estrategia2013\/"}]}},"_links":{"self":[{"href":"https:\/\/www.estrategiaconcursos.com.br\/blog\/wp-json\/wp\/v2\/posts\/505016","targetHints":{"allow":["GET"]}}],"collection":[{"href":"https:\/\/www.estrategiaconcursos.com.br\/blog\/wp-json\/wp\/v2\/posts"}],"about":[{"href":"https:\/\/www.estrategiaconcursos.com.br\/blog\/wp-json\/wp\/v2\/types\/post"}],"author":[{"embeddable":true,"href":"https:\/\/www.estrategiaconcursos.com.br\/blog\/wp-json\/wp\/v2\/users\/1"}],"replies":[{"embeddable":true,"href":"https:\/\/www.estrategiaconcursos.com.br\/blog\/wp-json\/wp\/v2\/comments?post=505016"}],"version-history":[{"count":98,"href":"https:\/\/www.estrategiaconcursos.com.br\/blog\/wp-json\/wp\/v2\/posts\/505016\/revisions"}],"predecessor-version":[{"id":1745431,"href":"https:\/\/www.estrategiaconcursos.com.br\/blog\/wp-json\/wp\/v2\/posts\/505016\/revisions\/1745431"}],"wp:featuredmedia":[{"embeddable":true,"href":"https:\/\/www.estrategiaconcursos.com.br\/blog\/wp-json\/wp\/v2\/media\/1007160"}],"wp:attachment":[{"href":"https:\/\/www.estrategiaconcursos.com.br\/blog\/wp-json\/wp\/v2\/media?parent=505016"}],"wp:term":[{"taxonomy":"category","embeddable":true,"href":"https:\/\/www.estrategiaconcursos.com.br\/blog\/wp-json\/wp\/v2\/categories?post=505016"},{"taxonomy":"post_tag","embeddable":true,"href":"https:\/\/www.estrategiaconcursos.com.br\/blog\/wp-json\/wp\/v2\/tags?post=505016"},{"taxonomy":"tax_estado","embeddable":true,"href":"https:\/\/www.estrategiaconcursos.com.br\/blog\/wp-json\/wp\/v2\/tax_estado?post=505016"}],"curies":[{"name":"wp","href":"https:\/\/api.w.org\/{rel}","templated":true}]}}