{"id":504953,"date":"2020-04-17T14:52:42","date_gmt":"2020-04-17T17:52:42","guid":{"rendered":"https:\/\/www.estrategiaconcursos.com.br\/blog\/?p=504953"},"modified":"2020-04-17T14:52:44","modified_gmt":"2020-04-17T17:52:44","slug":"concurso-iap-pr-retificacao","status":"publish","type":"post","link":"https:\/\/www.estrategiaconcursos.com.br\/blog\/concurso-iap-pr-retificacao\/","title":{"rendered":"Mesmo suspenso, concurso IAP PR passa por retifica\u00e7\u00e3o"},"content":{"rendered":"\n<p>O concurso p\u00fablico Instituto Ambiental do Paran\u00e1 passou retifica\u00e7\u00f5es em seu conte\u00fado program\u00e1tico. As altera\u00e7\u00f5es se deram tanto nos conhecimentos gerais quanto nos espec\u00edficos, sendo:<\/p>\n\n\n\n<ul class=\"wp-block-list\"><li>Conhecimentos Gerais para os cargos de n\u00edvel superior: Arquiteto, Bi\u00f3logo, Engenheiro Agr\u00f4nomo, Engenheiro Civil, Engenheiro Florestal, Engenheiro Qu\u00edmico, Ge\u00f3grafo, Ge\u00f3logo, Qu\u00edmico, e M\u00e9dico Veterin\u00e1rio.<\/li><\/ul>\n\n\n\n<p><strong>Retifica\u00e7\u00e3o:<\/strong> 1.1. Alterar o texto referente ao Decreto Federal n\u00b0 6.541\/2008 para Decreto Federal n\u00b0 6.514\/2008:<\/p>\n\n\n\n<ul class=\"wp-block-list\"><li>Conhecimentos Espec\u00edficos dos cargos de: T\u00e9cnico de Manejo, Bi\u00f3logo, Engenheiro Qu\u00edmico e Qu\u00edmico.<\/li><\/ul>\n\n\n\n<p><strong>Retifica\u00e7\u00e3o T\u00e9cnico de Manejo e Bi\u00f3logo:<\/strong> 1.2. Alterar o texto referente ao Decreto Estadual n.\u00ba 2.791\/1991 para Decreto Estadual n.\u00ba 2.791\/1996:<\/p>\n\n\n\n<p><strong>Retifica\u00e7\u00e3o Engenheiro Qu\u00edmico e Qu\u00edmico:<\/strong> 13. CADASTRAMENTO DE LABORATORIOS: 1. Resolu\u00e7\u00e3o CEMA n\u00b0 100\/17 &#8211; Estabelece crit\u00e9rios para o cadastramento de Laborat\u00f3rios de Ensaios Ambientais e de equipamentos para medi\u00e7\u00f5es ambientais.14. RECURSOS H\u00cdDRICOS: 1. Decreto Estadual n\u00b0 1.591\/2015 &#8211; PSA: Cap\u00edtulos IV, V, XII, XIII e XIV. 2. Decreto Estadual n\u00b0 2.791\/1996: Arts. 1\u00b0 e 2\u00b0 &#8211; Crit\u00e9rios t\u00e9cnicos para aloca\u00e7\u00e3o de recursos do ICMS Ecol\u00f3gico em \u00e1reas de mananciais de abastecimento p\u00fablico. 3. Decreto Estadual n\u00b0 7.348, de 21\/02\/2013. 4. Decreto Estadual n\u00b0 9.129\/2010 &#8211; Regulamenta o Conselho Estadual de Recursos H\u00eddricos. 5. Decreto Estadual n\u00b0 9.130\/2010 &#8211; Regulamenta a institui\u00e7\u00e3o dos Comit\u00eas de Bacias Hidrogr\u00e1ficas. 6. Lei Estadual n\u00b0 12.726\/99 que institui o Plano Estadual de Recursos H\u00eddricos &#8211; PLERH. 15. BALNEABILIDADE: Resolu\u00e7\u00e3o CONAMA n\u00b0 274\/2000 &#8211; Estabelece crit\u00e9rios para a balneabilidade.<\/p>\n\n\n\n<p>Vale lembrar que o concurso foi temporariamente suspenso por conta das recomenda\u00e7\u00f5es das autoridades em Sa\u00fade, de modo a conter o avan\u00e7o da COVID-19. As provas seriam realizadas no dia 03 de maio, mas seguem sem um novo cronograma de aplica\u00e7\u00e3o.<\/p>\n\n\n\n<p><em>Confira no link a seguir o documento completo de retifica\u00e7\u00e3o: <\/em><a href=\"https:\/\/dhg1h5j42swfq.cloudfront.net\/2020\/04\/17141927\/Retifica%C3%A7%C3%A3o-2.pdf\" target=\"_blank\" rel=\"noreferrer noopener\">Retifica\u00e7\u00e3o IAP PR<\/a><\/p>\n\n\n\n<p class=\"has-background has-text-align-center has-medium-font-size has-very-light-gray-background-color\"><strong>Mais informa\u00e7\u00f5es: <a href=\"https:\/\/www.estrategiaconcursos.com.br\/blog\/concurso-iap-pr\/\" target=\"_blank\" rel=\"noreferrer noopener\">Concurso IAP PR<\/a><\/strong><\/p>\n\n\n\n<h3 class=\"has-text-align-center wp-block-heading\" id=\"cursos-assinatura\">Assinatura Ilimitada*<\/h3>\n\n\n\n<p class=\"has-text-align-center\"><em>Prepare-se com o melhor material e com quem mais aprova em Concursos P\u00fablicos em todo o pa\u00eds. Assine agora a nossa Assinatura Anual e tenha acesso ilimitado* a todos os nossos cursos.<\/em><\/p>\n\n\n\n<p class=\"has-background has-text-align-center has-medium-font-size has-light-green-cyan-background-color\"><strong>ASSINE AGORA<\/strong>&nbsp;\u2013&nbsp;<strong><a rel=\"noreferrer noopener\" href=\"https:\/\/www.estrategiaconcursos.com.br\/assinaturas\" target=\"_blank\">Assinatura Ilimitada<\/a><\/strong><\/p>\n\n\n\n<p class=\"has-text-align-center\"><em><strong>Fique por dentro de todos os concursos<\/strong><\/em>:<\/p>\n\n\n\n<p class=\"has-background has-text-align-center has-medium-font-size has-pale-cyan-blue-background-color\"><a rel=\"noreferrer noopener\" href=\"https:\/\/www.estrategiaconcursos.com.br\/blog\/concursos-abertos\/\" target=\"_blank\"><strong>Concursos abertos<\/strong><\/a><\/p>\n\n\n\n<p class=\"has-background has-text-align-center has-medium-font-size has-pale-cyan-blue-background-color\"><a rel=\"noreferrer noopener\" href=\"https:\/\/www.estrategiaconcursos.com.br\/blog\/concursos-2020\/\" target=\"_blank\"><strong>Concursos 2020<\/strong><\/a><\/p>\n","protected":false},"excerpt":{"rendered":"<p>O concurso p\u00fablico Instituto Ambiental do Paran\u00e1 passou retifica\u00e7\u00f5es em seu conte\u00fado program\u00e1tico. As altera\u00e7\u00f5es se deram tanto nos conhecimentos gerais quanto nos espec\u00edficos, sendo: Conhecimentos Gerais para os cargos de n\u00edvel superior: Arquiteto, Bi\u00f3logo, Engenheiro Agr\u00f4nomo, Engenheiro Civil, Engenheiro Florestal, Engenheiro Qu\u00edmico, Ge\u00f3grafo, Ge\u00f3logo, Qu\u00edmico, e M\u00e9dico Veterin\u00e1rio. Retifica\u00e7\u00e3o: 1.1. Alterar o texto referente [&hellip;]<\/p>\n","protected":false},"author":388,"featured_media":416715,"comment_status":"open","ping_status":"closed","sticky":false,"template":"","format":"standard","meta":{"post_tipo":"article","footnotes":""},"categories":[1],"tags":[],"tax_estado":[],"class_list":["post-504953","post","type-post","status-publish","format-standard","has-post-thumbnail","hentry","category-cursos-e-concursos"],"acf":[],"yoast_head":"<!-- This site is optimized with the Yoast SEO Premium plugin v27.2 (Yoast SEO v27.2) - https:\/\/yoast.com\/product\/yoast-seo-premium-wordpress\/ -->\n<title>Mesmo suspenso, concurso IAP PR passa por retifica\u00e7\u00e3o<\/title>\n<meta name=\"description\" content=\"Concurso IAP PR passa por retifica\u00e7\u00f5es em seu conte\u00fado program\u00e1tico geral e espec\u00edfico! Confira aqui se seu cargo foi afetado.\" \/>\n<meta name=\"robots\" content=\"index, follow, max-snippet:-1, max-image-preview:large, max-video-preview:-1\" \/>\n<link rel=\"canonical\" href=\"https:\/\/www.estrategiaconcursos.com.br\/blog\/concurso-iap-pr-retificacao\/\" \/>\n<meta property=\"og:locale\" content=\"pt_BR\" \/>\n<meta property=\"og:type\" content=\"article\" \/>\n<meta property=\"og:title\" content=\"Mesmo suspenso, concurso IAP PR passa por retifica\u00e7\u00e3o\" \/>\n<meta property=\"og:description\" content=\"Concurso IAP PR passa por retifica\u00e7\u00f5es em seu conte\u00fado program\u00e1tico geral e espec\u00edfico! Confira aqui se seu cargo foi afetado.\" \/>\n<meta property=\"og:url\" content=\"https:\/\/www.estrategiaconcursos.com.br\/blog\/concurso-iap-pr-retificacao\/\" \/>\n<meta property=\"og:site_name\" content=\"Estrat\u00e9gia Concursos\" \/>\n<meta property=\"article:published_time\" content=\"2020-04-17T17:52:42+00:00\" \/>\n<meta property=\"article:modified_time\" content=\"2020-04-17T17:52:44+00:00\" \/>\n<meta property=\"og:image\" content=\"https:\/\/dhg1h5j42swfq.cloudfront.net\/2019\/09\/05090708\/IAP-PR-e1567685241104.jpg\" \/>\n\t<meta property=\"og:image:width\" content=\"400\" \/>\n\t<meta property=\"og:image:height\" content=\"209\" \/>\n\t<meta property=\"og:image:type\" content=\"image\/jpeg\" \/>\n<meta name=\"author\" content=\"Tiago Zanolla\" \/>\n<meta name=\"twitter:card\" content=\"summary_large_image\" \/>\n<meta name=\"twitter:creator\" content=\"@EstratConcursos\" \/>\n<meta name=\"twitter:site\" content=\"@EstratConcursos\" \/>\n<meta name=\"twitter:label1\" content=\"Escrito por\" \/>\n\t<meta name=\"twitter:data1\" content=\"Tiago Zanolla\" \/>\n\t<meta name=\"twitter:label2\" content=\"Est. tempo de leitura\" \/>\n\t<meta name=\"twitter:data2\" content=\"2 minutos\" \/>\n<script type=\"application\/ld+json\" class=\"yoast-schema-graph\">{\"@context\":\"https:\/\/schema.org\",\"@graph\":[{\"@type\":\"NewsArticle\",\"@id\":\"https:\/\/www.estrategiaconcursos.com.br\/blog\/concurso-iap-pr-retificacao\/#article\",\"isPartOf\":{\"@id\":\"https:\/\/www.estrategiaconcursos.com.br\/blog\/concurso-iap-pr-retificacao\/\"},\"author\":{\"name\":\"Tiago Zanolla\",\"@id\":\"https:\/\/www.estrategiaconcursos.com.br\/blog\/#\/schema\/person\/1509739fd92a40c9b52116de04a90310\"},\"headline\":\"Mesmo suspenso, concurso IAP PR passa por retifica\u00e7\u00e3o\",\"datePublished\":\"2020-04-17T17:52:42+00:00\",\"dateModified\":\"2020-04-17T17:52:44+00:00\",\"mainEntityOfPage\":{\"@id\":\"https:\/\/www.estrategiaconcursos.com.br\/blog\/concurso-iap-pr-retificacao\/\"},\"wordCount\":378,\"commentCount\":1,\"publisher\":{\"@id\":\"https:\/\/www.estrategiaconcursos.com.br\/blog\/#organization\"},\"image\":{\"@id\":\"https:\/\/www.estrategiaconcursos.com.br\/blog\/concurso-iap-pr-retificacao\/#primaryimage\"},\"thumbnailUrl\":\"https:\/\/dhg1h5j42swfq.cloudfront.net\/2019\/09\/05090708\/IAP-PR-e1567685241104.jpg\",\"articleSection\":[\"Concursos P\u00fablicos\"],\"inLanguage\":\"pt-BR\",\"potentialAction\":[{\"@type\":\"CommentAction\",\"name\":\"Comment\",\"target\":[\"https:\/\/www.estrategiaconcursos.com.br\/blog\/concurso-iap-pr-retificacao\/#respond\"]}],\"copyrightYear\":\"2020\",\"copyrightHolder\":{\"@id\":\"https:\/\/www.estrategiaconcursos.com.br\/blog\/#organization\"}},{\"@type\":\"WebPage\",\"@id\":\"https:\/\/www.estrategiaconcursos.com.br\/blog\/concurso-iap-pr-retificacao\/\",\"url\":\"https:\/\/www.estrategiaconcursos.com.br\/blog\/concurso-iap-pr-retificacao\/\",\"name\":\"Mesmo suspenso, concurso IAP PR passa por retifica\u00e7\u00e3o\",\"isPartOf\":{\"@id\":\"https:\/\/www.estrategiaconcursos.com.br\/blog\/#website\"},\"primaryImageOfPage\":{\"@id\":\"https:\/\/www.estrategiaconcursos.com.br\/blog\/concurso-iap-pr-retificacao\/#primaryimage\"},\"image\":{\"@id\":\"https:\/\/www.estrategiaconcursos.com.br\/blog\/concurso-iap-pr-retificacao\/#primaryimage\"},\"thumbnailUrl\":\"https:\/\/dhg1h5j42swfq.cloudfront.net\/2019\/09\/05090708\/IAP-PR-e1567685241104.jpg\",\"datePublished\":\"2020-04-17T17:52:42+00:00\",\"dateModified\":\"2020-04-17T17:52:44+00:00\",\"description\":\"Concurso IAP PR passa por retifica\u00e7\u00f5es em seu conte\u00fado program\u00e1tico geral e espec\u00edfico! Confira aqui se seu cargo foi afetado.\",\"breadcrumb\":{\"@id\":\"https:\/\/www.estrategiaconcursos.com.br\/blog\/concurso-iap-pr-retificacao\/#breadcrumb\"},\"inLanguage\":\"pt-BR\",\"potentialAction\":[{\"@type\":\"ReadAction\",\"target\":[\"https:\/\/www.estrategiaconcursos.com.br\/blog\/concurso-iap-pr-retificacao\/\"]}]},{\"@type\":\"ImageObject\",\"inLanguage\":\"pt-BR\",\"@id\":\"https:\/\/www.estrategiaconcursos.com.br\/blog\/concurso-iap-pr-retificacao\/#primaryimage\",\"url\":\"https:\/\/dhg1h5j42swfq.cloudfront.net\/2019\/09\/05090708\/IAP-PR-e1567685241104.jpg\",\"contentUrl\":\"https:\/\/dhg1h5j42swfq.cloudfront.net\/2019\/09\/05090708\/IAP-PR-e1567685241104.jpg\",\"width\":400,\"height\":209,\"caption\":\"RETOMADA IAP PR\"},{\"@type\":\"BreadcrumbList\",\"@id\":\"https:\/\/www.estrategiaconcursos.com.br\/blog\/concurso-iap-pr-retificacao\/#breadcrumb\",\"itemListElement\":[{\"@type\":\"ListItem\",\"position\":1,\"name\":\"In\u00edcio\",\"item\":\"https:\/\/www.estrategiaconcursos.com.br\/blog\/\"},{\"@type\":\"ListItem\",\"position\":2,\"name\":\"Mesmo suspenso, concurso IAP PR passa por retifica\u00e7\u00e3o\"}]},{\"@type\":\"WebSite\",\"@id\":\"https:\/\/www.estrategiaconcursos.com.br\/blog\/#website\",\"url\":\"https:\/\/www.estrategiaconcursos.com.br\/blog\/\",\"name\":\"Estrat\u00e9gia Concursos\",\"description\":\"O blog da Estrat\u00e9gia Concursos traz not\u00edcias sobre concursos e artigos de professores oferecendo cursos para concursos (pdf + videaulas) no site.\",\"publisher\":{\"@id\":\"https:\/\/www.estrategiaconcursos.com.br\/blog\/#organization\"},\"potentialAction\":[{\"@type\":\"SearchAction\",\"target\":{\"@type\":\"EntryPoint\",\"urlTemplate\":\"https:\/\/www.estrategiaconcursos.com.br\/blog\/?s={search_term_string}\"},\"query-input\":{\"@type\":\"PropertyValueSpecification\",\"valueRequired\":true,\"valueName\":\"search_term_string\"}}],\"inLanguage\":\"pt-BR\"},{\"@type\":\"Organization\",\"@id\":\"https:\/\/www.estrategiaconcursos.com.br\/blog\/#organization\",\"name\":\"Estrat\u00e9gia Concursos\",\"url\":\"https:\/\/www.estrategiaconcursos.com.br\/blog\/\",\"logo\":{\"@type\":\"ImageObject\",\"inLanguage\":\"pt-BR\",\"@id\":\"https:\/\/www.estrategiaconcursos.com.br\/blog\/#\/schema\/logo\/image\/\",\"url\":\"https:\/\/dhg1h5j42swfq.cloudfront.net\/2025\/06\/03203428\/logo_concursos-1.jpg\",\"contentUrl\":\"https:\/\/dhg1h5j42swfq.cloudfront.net\/2025\/06\/03203428\/logo_concursos-1.jpg\",\"width\":230,\"height\":60,\"caption\":\"Estrat\u00e9gia Concursos\"},\"image\":{\"@id\":\"https:\/\/www.estrategiaconcursos.com.br\/blog\/#\/schema\/logo\/image\/\"},\"sameAs\":[\"https:\/\/x.com\/EstratConcursos\"]},{\"@type\":\"Person\",\"@id\":\"https:\/\/www.estrategiaconcursos.com.br\/blog\/#\/schema\/person\/1509739fd92a40c9b52116de04a90310\",\"name\":\"Tiago Zanolla\",\"image\":{\"@type\":\"ImageObject\",\"inLanguage\":\"pt-BR\",\"@id\":\"https:\/\/secure.gravatar.com\/avatar\/e647cb200c21008603a1760df42f3f713d32dd977761568b5689c47f0b1747ee?s=96&d=mm&r=g\",\"url\":\"https:\/\/secure.gravatar.com\/avatar\/e647cb200c21008603a1760df42f3f713d32dd977761568b5689c47f0b1747ee?s=96&d=mm&r=g\",\"contentUrl\":\"https:\/\/secure.gravatar.com\/avatar\/e647cb200c21008603a1760df42f3f713d32dd977761568b5689c47f0b1747ee?s=96&d=mm&r=g\",\"caption\":\"Tiago Zanolla\"},\"url\":\"https:\/\/www.estrategiaconcursos.com.br\/blog\/author\/zanolla-estrategiagmail-com\/\"}]}<\/script>\n<!-- \/ Yoast SEO Premium plugin. -->","yoast_head_json":{"title":"Mesmo suspenso, concurso IAP PR passa por retifica\u00e7\u00e3o","description":"Concurso IAP PR passa por retifica\u00e7\u00f5es em seu conte\u00fado program\u00e1tico geral e espec\u00edfico! Confira aqui se seu cargo foi afetado.","robots":{"index":"index","follow":"follow","max-snippet":"max-snippet:-1","max-image-preview":"max-image-preview:large","max-video-preview":"max-video-preview:-1"},"canonical":"https:\/\/www.estrategiaconcursos.com.br\/blog\/concurso-iap-pr-retificacao\/","og_locale":"pt_BR","og_type":"article","og_title":"Mesmo suspenso, concurso IAP PR passa por retifica\u00e7\u00e3o","og_description":"Concurso IAP PR passa por retifica\u00e7\u00f5es em seu conte\u00fado program\u00e1tico geral e espec\u00edfico! Confira aqui se seu cargo foi afetado.","og_url":"https:\/\/www.estrategiaconcursos.com.br\/blog\/concurso-iap-pr-retificacao\/","og_site_name":"Estrat\u00e9gia Concursos","article_published_time":"2020-04-17T17:52:42+00:00","article_modified_time":"2020-04-17T17:52:44+00:00","og_image":[{"width":400,"height":209,"url":"https:\/\/dhg1h5j42swfq.cloudfront.net\/2019\/09\/05090708\/IAP-PR-e1567685241104.jpg","type":"image\/jpeg"}],"author":"Tiago Zanolla","twitter_card":"summary_large_image","twitter_creator":"@EstratConcursos","twitter_site":"@EstratConcursos","twitter_misc":{"Escrito por":"Tiago Zanolla","Est. tempo de leitura":"2 minutos"},"schema":{"@context":"https:\/\/schema.org","@graph":[{"@type":"NewsArticle","@id":"https:\/\/www.estrategiaconcursos.com.br\/blog\/concurso-iap-pr-retificacao\/#article","isPartOf":{"@id":"https:\/\/www.estrategiaconcursos.com.br\/blog\/concurso-iap-pr-retificacao\/"},"author":{"name":"Tiago Zanolla","@id":"https:\/\/www.estrategiaconcursos.com.br\/blog\/#\/schema\/person\/1509739fd92a40c9b52116de04a90310"},"headline":"Mesmo suspenso, concurso IAP PR passa por retifica\u00e7\u00e3o","datePublished":"2020-04-17T17:52:42+00:00","dateModified":"2020-04-17T17:52:44+00:00","mainEntityOfPage":{"@id":"https:\/\/www.estrategiaconcursos.com.br\/blog\/concurso-iap-pr-retificacao\/"},"wordCount":378,"commentCount":1,"publisher":{"@id":"https:\/\/www.estrategiaconcursos.com.br\/blog\/#organization"},"image":{"@id":"https:\/\/www.estrategiaconcursos.com.br\/blog\/concurso-iap-pr-retificacao\/#primaryimage"},"thumbnailUrl":"https:\/\/dhg1h5j42swfq.cloudfront.net\/2019\/09\/05090708\/IAP-PR-e1567685241104.jpg","articleSection":["Concursos P\u00fablicos"],"inLanguage":"pt-BR","potentialAction":[{"@type":"CommentAction","name":"Comment","target":["https:\/\/www.estrategiaconcursos.com.br\/blog\/concurso-iap-pr-retificacao\/#respond"]}],"copyrightYear":"2020","copyrightHolder":{"@id":"https:\/\/www.estrategiaconcursos.com.br\/blog\/#organization"}},{"@type":"WebPage","@id":"https:\/\/www.estrategiaconcursos.com.br\/blog\/concurso-iap-pr-retificacao\/","url":"https:\/\/www.estrategiaconcursos.com.br\/blog\/concurso-iap-pr-retificacao\/","name":"Mesmo suspenso, concurso IAP PR passa por retifica\u00e7\u00e3o","isPartOf":{"@id":"https:\/\/www.estrategiaconcursos.com.br\/blog\/#website"},"primaryImageOfPage":{"@id":"https:\/\/www.estrategiaconcursos.com.br\/blog\/concurso-iap-pr-retificacao\/#primaryimage"},"image":{"@id":"https:\/\/www.estrategiaconcursos.com.br\/blog\/concurso-iap-pr-retificacao\/#primaryimage"},"thumbnailUrl":"https:\/\/dhg1h5j42swfq.cloudfront.net\/2019\/09\/05090708\/IAP-PR-e1567685241104.jpg","datePublished":"2020-04-17T17:52:42+00:00","dateModified":"2020-04-17T17:52:44+00:00","description":"Concurso IAP PR passa por retifica\u00e7\u00f5es em seu conte\u00fado program\u00e1tico geral e espec\u00edfico! Confira aqui se seu cargo foi afetado.","breadcrumb":{"@id":"https:\/\/www.estrategiaconcursos.com.br\/blog\/concurso-iap-pr-retificacao\/#breadcrumb"},"inLanguage":"pt-BR","potentialAction":[{"@type":"ReadAction","target":["https:\/\/www.estrategiaconcursos.com.br\/blog\/concurso-iap-pr-retificacao\/"]}]},{"@type":"ImageObject","inLanguage":"pt-BR","@id":"https:\/\/www.estrategiaconcursos.com.br\/blog\/concurso-iap-pr-retificacao\/#primaryimage","url":"https:\/\/dhg1h5j42swfq.cloudfront.net\/2019\/09\/05090708\/IAP-PR-e1567685241104.jpg","contentUrl":"https:\/\/dhg1h5j42swfq.cloudfront.net\/2019\/09\/05090708\/IAP-PR-e1567685241104.jpg","width":400,"height":209,"caption":"RETOMADA IAP PR"},{"@type":"BreadcrumbList","@id":"https:\/\/www.estrategiaconcursos.com.br\/blog\/concurso-iap-pr-retificacao\/#breadcrumb","itemListElement":[{"@type":"ListItem","position":1,"name":"In\u00edcio","item":"https:\/\/www.estrategiaconcursos.com.br\/blog\/"},{"@type":"ListItem","position":2,"name":"Mesmo suspenso, concurso IAP PR passa por retifica\u00e7\u00e3o"}]},{"@type":"WebSite","@id":"https:\/\/www.estrategiaconcursos.com.br\/blog\/#website","url":"https:\/\/www.estrategiaconcursos.com.br\/blog\/","name":"Estrat\u00e9gia Concursos","description":"O blog da Estrat\u00e9gia Concursos traz not\u00edcias sobre concursos e artigos de professores oferecendo cursos para concursos (pdf + videaulas) no site.","publisher":{"@id":"https:\/\/www.estrategiaconcursos.com.br\/blog\/#organization"},"potentialAction":[{"@type":"SearchAction","target":{"@type":"EntryPoint","urlTemplate":"https:\/\/www.estrategiaconcursos.com.br\/blog\/?s={search_term_string}"},"query-input":{"@type":"PropertyValueSpecification","valueRequired":true,"valueName":"search_term_string"}}],"inLanguage":"pt-BR"},{"@type":"Organization","@id":"https:\/\/www.estrategiaconcursos.com.br\/blog\/#organization","name":"Estrat\u00e9gia Concursos","url":"https:\/\/www.estrategiaconcursos.com.br\/blog\/","logo":{"@type":"ImageObject","inLanguage":"pt-BR","@id":"https:\/\/www.estrategiaconcursos.com.br\/blog\/#\/schema\/logo\/image\/","url":"https:\/\/dhg1h5j42swfq.cloudfront.net\/2025\/06\/03203428\/logo_concursos-1.jpg","contentUrl":"https:\/\/dhg1h5j42swfq.cloudfront.net\/2025\/06\/03203428\/logo_concursos-1.jpg","width":230,"height":60,"caption":"Estrat\u00e9gia Concursos"},"image":{"@id":"https:\/\/www.estrategiaconcursos.com.br\/blog\/#\/schema\/logo\/image\/"},"sameAs":["https:\/\/x.com\/EstratConcursos"]},{"@type":"Person","@id":"https:\/\/www.estrategiaconcursos.com.br\/blog\/#\/schema\/person\/1509739fd92a40c9b52116de04a90310","name":"Tiago Zanolla","image":{"@type":"ImageObject","inLanguage":"pt-BR","@id":"https:\/\/secure.gravatar.com\/avatar\/e647cb200c21008603a1760df42f3f713d32dd977761568b5689c47f0b1747ee?s=96&d=mm&r=g","url":"https:\/\/secure.gravatar.com\/avatar\/e647cb200c21008603a1760df42f3f713d32dd977761568b5689c47f0b1747ee?s=96&d=mm&r=g","contentUrl":"https:\/\/secure.gravatar.com\/avatar\/e647cb200c21008603a1760df42f3f713d32dd977761568b5689c47f0b1747ee?s=96&d=mm&r=g","caption":"Tiago Zanolla"},"url":"https:\/\/www.estrategiaconcursos.com.br\/blog\/author\/zanolla-estrategiagmail-com\/"}]}},"_links":{"self":[{"href":"https:\/\/www.estrategiaconcursos.com.br\/blog\/wp-json\/wp\/v2\/posts\/504953","targetHints":{"allow":["GET"]}}],"collection":[{"href":"https:\/\/www.estrategiaconcursos.com.br\/blog\/wp-json\/wp\/v2\/posts"}],"about":[{"href":"https:\/\/www.estrategiaconcursos.com.br\/blog\/wp-json\/wp\/v2\/types\/post"}],"author":[{"embeddable":true,"href":"https:\/\/www.estrategiaconcursos.com.br\/blog\/wp-json\/wp\/v2\/users\/388"}],"replies":[{"embeddable":true,"href":"https:\/\/www.estrategiaconcursos.com.br\/blog\/wp-json\/wp\/v2\/comments?post=504953"}],"version-history":[{"count":2,"href":"https:\/\/www.estrategiaconcursos.com.br\/blog\/wp-json\/wp\/v2\/posts\/504953\/revisions"}],"predecessor-version":[{"id":504982,"href":"https:\/\/www.estrategiaconcursos.com.br\/blog\/wp-json\/wp\/v2\/posts\/504953\/revisions\/504982"}],"wp:featuredmedia":[{"embeddable":true,"href":"https:\/\/www.estrategiaconcursos.com.br\/blog\/wp-json\/wp\/v2\/media\/416715"}],"wp:attachment":[{"href":"https:\/\/www.estrategiaconcursos.com.br\/blog\/wp-json\/wp\/v2\/media?parent=504953"}],"wp:term":[{"taxonomy":"category","embeddable":true,"href":"https:\/\/www.estrategiaconcursos.com.br\/blog\/wp-json\/wp\/v2\/categories?post=504953"},{"taxonomy":"post_tag","embeddable":true,"href":"https:\/\/www.estrategiaconcursos.com.br\/blog\/wp-json\/wp\/v2\/tags?post=504953"},{"taxonomy":"tax_estado","embeddable":true,"href":"https:\/\/www.estrategiaconcursos.com.br\/blog\/wp-json\/wp\/v2\/tax_estado?post=504953"}],"curies":[{"name":"wp","href":"https:\/\/api.w.org\/{rel}","templated":true}]}}