{"id":504742,"date":"2021-07-28T07:00:00","date_gmt":"2021-07-28T10:00:00","guid":{"rendered":"https:\/\/www.estrategiaconcursos.com.br\/blog\/?p=504742"},"modified":"2024-01-16T15:32:39","modified_gmt":"2024-01-16T18:32:39","slug":"concurso-prefeitura-barra-dos-coqueiros","status":"publish","type":"post","link":"https:\/\/www.estrategiaconcursos.com.br\/blog\/concurso-prefeitura-barra-dos-coqueiros\/","title":{"rendered":"Concurso Barra dos Coqueiros: novas nomea\u00e7\u00f5es anunciadas"},"content":{"rendered":"\n<p>A <strong>Prefeitura de Barra dos Coqueiros<\/strong>, localizada no estado de Sergipe, empossou mais <strong>24 servidores<\/strong> aprovados e nomeados no concurso p\u00fablico realizado em 2020 e homologado em abril de 2021.<\/p>\n\n\n\n<p>Dos novos funcion\u00e1rios p\u00fablicos do mun\u00edcipio, <strong>7 s\u00e3o Assistentes Sociais e os outros 7 s\u00e3o Condutores de Ambul\u00e2ncia<\/strong>. Al\u00e9m disso, a Prefeitura tamb\u00e9m convocou <strong>5 aprovados para<\/strong> <strong>T\u00e9cnico de Enfermagem de Urg\u00eancia e outros 5 para T\u00e9cnico de Enfermagem<\/strong>. A informa\u00e7\u00e3o foi divulgada no site oficial do mun\u00edcipio.<\/p>\n\n\n\n<ul id=\"block-ee678516-e9d1-48bd-b327-7b9acd55f0fd\" class=\"has-background wp-block-list\" style=\"background-color:#dadee2\"><li><strong>Prefeitura de Barra dos Coqueiros SE<\/strong><\/li><li><strong>Status:<\/strong> Concurso finalizado\/Nomea\u00e7\u00f5es em andamento<\/li><li><strong>Banca:&nbsp;<\/strong>Cebraspe<\/li><li><strong>Vagas:&nbsp;<\/strong>586<\/li><li><strong>Sal\u00e1rio inicial:<\/strong>&nbsp;R$ 1.045,00 a R$ 3.232,49<\/li><\/ul>\n\n\n\n<p>At\u00e9 o momento, a Prefeitura <strong>j\u00e1 convocou 105 profissionais aprovados<\/strong>, divididos em diversos cargos. As primeiras nomea\u00e7\u00f5es, inclusive, ocorreram logo ap\u00f3s a homologa\u00e7\u00e3o do concurso, em maio.<\/p>\n\n\n\n<p>O concurso Barra dos Coqueiros registrou, mais de 77 mil pessoas inscritas na sele\u00e7\u00e3o. Ao todo, estavam dispon\u00edveis <strong>586 vagas<\/strong> de n\u00edveis fundamental, m\u00e9dio e superior, al\u00e9m do cadastro de reserva.<\/p>\n\n\n\n<p class=\"has-vivid-red-color has-text-color\"><strong>ATEN\u00c7\u00c3O! <\/strong>Ainda segundo a prefeitura, todos os aprovados nos demais cargos, ser\u00e3o convocados progressivamente, respeitando o prazo legal de validade do concurso p\u00fablico.<\/p>\n\n\n\n<p>Confira neste artigo as principais informa\u00e7\u00f5es e novidades sobre o concurso Barra dos Coqueiros. Acompanhe os t\u00f3picos abaixo e n\u00e3o perca nenhum detalhe:<\/p>\n\n\n\n<ul class=\"wp-block-list\"><li><a href=\"#atual\">Situa\u00e7\u00e3o atual<\/a><ul><li><a href=\"#nomeacoes\">Nomea\u00e7\u00f5es<\/a><\/li><\/ul><\/li><li><a href=\"#cargos-vagas\">Cargos e vagas<\/a><ul><li><a href=\"#fundamental\">Fundamental<\/a><\/li><li><a href=\"#medio-tecnico\">M\u00e9dio e T\u00e9cnico<\/a><\/li><li><a href=\"#superior\">Superior<\/a><\/li><\/ul><\/li><li><a href=\"#etapas\">Etapas e provas<\/a><ul><li><a href=\"#objetiva\">Prova objetiva<\/a><\/li><li><a href=\"#taf\">Teste de aptid\u00e3o<\/a><\/li><li><a href=\"#titulos\">Avalia\u00e7\u00e3o de t\u00edtulos<\/a><\/li><\/ul><\/li><li><a href=\"#edital-estrategico\">Edital estrat\u00e9gico<\/a><\/li><li><a href=\"#cursos-assinatura\">Cursos e assinatura<\/a><\/li><li><a href=\"#ficha\">Ficha t\u00e9cnica<\/a><\/li><\/ul>\n\n\n\n<div class=\"container\" id=\"boxes\">\n  <div class=\"row\">\n\n    <div class=\"col-sm\">\n      <div class=\"banner-estrategia\" id=\"box-assinatura\">\n        <h3 class=\"titulo-assinatura\">Cursos Prefeitura Barra dos Coqueiros<\/h3>\n        <p class=\"subtitulo-assinatura\">Conhe\u00e7a os cursos<\/p>\n        <div class=\"box-botao\">\n          <a class=\"btn-assinatura\" target=\"_blank\" href=\"https:\/\/www.estrategiaconcursos.com.br\/cursosPorConcurso\/prefeitura-municipal-de-barra-dos-coqueiros-se\/\" role=\"button\" rel=\"noopener noreferrer\">Conhe\u00e7a mais<\/a>\n        <\/div>\n      <\/div>\n      \n    <\/div>\n\n  <\/div>\n<\/div>\n\n\n\n<h2 class=\"wp-block-heading\" id=\"atual\">Situa\u00e7\u00e3o atual do concurso Barra dos Coqueiros<\/h2>\n\n\n\n<h3 class=\"wp-block-heading\" id=\"nomeacoes\">Nomea\u00e7\u00f5es<\/h3>\n\n\n\n<ul class=\"wp-block-list\"><li><strong><a href=\"https:\/\/www.barradoscoqueiros.se.gov.br\/Site\/Noticias\/noticia-280520212218301991-PREFEITURA-DE-BARRA-DOS-COQUEIROS-INICIA-A-CONVOCA-O-DOS-APROVADOS-NO-LTI\" target=\"_blank\" rel=\"noreferrer noopener\">1\u00aa nomea\u00e7\u00e3o<\/a> &#8211; 28\/05\/2021: <\/strong>81 aprovados, divididos em 14 cargos diferentes;<\/li><li><strong><a href=\"https:\/\/www.barradoscoqueiros.se.gov.br\/Site\/Noticias\/noticia-270720211251541991-PREFEITURA-DE-BARRA-DOS-COQUEIROS-D-POSSE-A-NOVOS-SERVIDORES-APROVADOS-E-\" target=\"_blank\" rel=\"noreferrer noopener\">2\u00aa nomea\u00e7\u00e3o<\/a><\/strong> <strong>&#8211; 27\/07\/2021<\/strong>:\u00a007 Assistentes Sociais e 07 Condutores de Ambul\u00e2ncia.\u00a0<\/li><li><strong><a href=\"https:\/\/www.barradoscoqueiros.se.gov.br\/Site\/Noticias\/noticia-280720211300521991-PREFEITURA-DE-BARRA-DOS-COQUEIROS-REALIZA-POSSE-DE-10-CONCURSADOS-DA-REA-\" target=\"_blank\" rel=\"noreferrer noopener\">3\u00aa nomea\u00e7\u00e3o<\/a> &#8211; 28\/07\/2021<\/strong>: 05 T\u00e9cnicos de Enfermagem de Urg\u00eancia e 05 T\u00e9cnicos de Enfermagem;<\/li><li><strong><a href=\"https:\/\/www.barradoscoqueiros.se.gov.br\/Site\/Noticias\/noticia-280720211748321991-CRONOGRAMA-DE-POSSE-DOS-APROVADOS-NO-CONCURSO-P-BLICO-DA-PREFEITURA-DE-BA\" target=\"_blank\" rel=\"noreferrer noopener\">4\u00aa nomea\u00e7\u00e3o<\/a> &#8211; 29\/07\/2021<\/strong>: 06 Biom\u00e9dicos, 12 Fisioterapeuta, 15 Nutricionista, 27 Psic\u00f3logos, 09 Enfermeiro, 10 Engenheiro Civil e 1 Arquiteto.<\/li><\/ul>\n\n\n\n<h2 class=\"wp-block-heading\" id=\"cargos-vagas\">Cargos e vagas do concurso Barra dos Coqueiros<\/h2>\n\n\n\n<p>O concurso Barra dos Coqueiros SE ofertou um total de 586 distribu\u00eddas entre cargos de n\u00edveis fundamental, m\u00e9dio, t\u00e9cnico e superior, al\u00e9m de cadastro de reserva. Para conferir todas as oportunidades, basta observar os quadros abaixo:<\/p>\n\n\n\n<h3 class=\"wp-block-heading\" id=\"fundamental\">N\u00edvel fundamental<\/h3>\n\n\n\n<figure class=\"wp-block-table is-style-stripes\"><table class=\"has-subtle-pale-blue-background-color has-fixed-layout has-background\"><tbody><tr><td class=\"has-text-align-center\" data-align=\"center\"><strong>CARGO<\/strong><\/td><td class=\"has-text-align-center\" data-align=\"center\"><strong>VAGAS<\/strong><\/td><\/tr><tr><td class=\"has-text-align-center\" data-align=\"center\">Ajudante de Pedreiro<\/td><td class=\"has-text-align-center\" data-align=\"center\">20+CR<\/td><\/tr><tr><td class=\"has-text-align-center\" data-align=\"center\">Auxiliar de Cozinha&nbsp;<\/td><td class=\"has-text-align-center\" data-align=\"center\">20+CR<\/td><\/tr><tr><td class=\"has-text-align-center\" data-align=\"center\">Encanador&nbsp;<\/td><td class=\"has-text-align-center\" data-align=\"center\">2+CR<\/td><\/tr><tr><td class=\"has-text-align-center\" data-align=\"center\">Merendeira&nbsp;<\/td><td class=\"has-text-align-center\" data-align=\"center\">20+CR<\/td><\/tr><tr><td class=\"has-text-align-center\" data-align=\"center\">Pedreiro&nbsp;<\/td><td class=\"has-text-align-center\" data-align=\"center\">10+CR<\/td><\/tr><tr><td class=\"has-text-align-center\" data-align=\"center\">Porteiro&nbsp;<\/td><td class=\"has-text-align-center\" data-align=\"center\">35+CR<\/td><\/tr><\/tbody><\/table><\/figure>\n\n\n\n<h3 class=\"wp-block-heading\" id=\"medio-tecnico\">N\u00edvel m\u00e9dio\/t\u00e9cnico<\/h3>\n\n\n\n<figure class=\"wp-block-table is-style-stripes\"><table class=\"has-subtle-pale-blue-background-color has-fixed-layout has-background\"><tbody><tr><td class=\"has-text-align-center\" data-align=\"center\"><strong>CARGO<\/strong><\/td><td class=\"has-text-align-center\" data-align=\"center\"><strong>VAGAS<\/strong><\/td><\/tr><tr><td class=\"has-text-align-center\" data-align=\"center\">Agente Comunit\u00e1rio de Sa\u00fade<\/td><td class=\"has-text-align-center\" data-align=\"center\">30+CR<\/td><\/tr><tr><td class=\"has-text-align-center\" data-align=\"center\">Agente de Endemias<\/td><td class=\"has-text-align-center\" data-align=\"center\">18+CR<\/td><\/tr><tr><td class=\"has-text-align-center\" data-align=\"center\">Agente de Tr\u00e2nsito<\/td><td class=\"has-text-align-center\" data-align=\"center\">15+CR<\/td><\/tr><tr><td class=\"has-text-align-center\" data-align=\"center\">Assistente Administrativo<\/td><td class=\"has-text-align-center\" data-align=\"center\">40+CR<\/td><\/tr><tr><td class=\"has-text-align-center\" data-align=\"center\">Auxiliar de Arquivo<\/td><td class=\"has-text-align-center\" data-align=\"center\">1+CR<\/td><\/tr><tr><td class=\"has-text-align-center\" data-align=\"center\">Auxiliar de Biblioteca&nbsp;<\/td><td class=\"has-text-align-center\" data-align=\"center\">1+CR<\/td><\/tr><tr><td class=\"has-text-align-center\" data-align=\"center\">Auxiliar de Creche&nbsp;<\/td><td class=\"has-text-align-center\" data-align=\"center\">75+CR<\/td><\/tr><tr><td class=\"has-text-align-center\" data-align=\"center\">Condutor de Ambul\u00e2ncia<\/td><td class=\"has-text-align-center\" data-align=\"center\">13+CR<\/td><\/tr><tr><td class=\"has-text-align-center\" data-align=\"center\">Cuidador Escola<\/td><td class=\"has-text-align-center\" data-align=\"center\">10+CR<\/td><\/tr><tr><td class=\"has-text-align-center\" data-align=\"center\">Eletricista&nbsp;<\/td><td class=\"has-text-align-center\" data-align=\"center\">4+CR<\/td><\/tr><tr><td class=\"has-text-align-center\" data-align=\"center\">Fiscal da Vigil\u00e2ncia Sanit\u00e1ria<\/td><td class=\"has-text-align-center\" data-align=\"center\">4+CR<\/td><\/tr><tr><td class=\"has-text-align-center\" data-align=\"center\">Fiscal de Tributos<\/td><td class=\"has-text-align-center\" data-align=\"center\">2+CR<\/td><\/tr><tr><td class=\"has-text-align-center\" data-align=\"center\">Guarda Civil Municipal<\/td><td class=\"has-text-align-center\" data-align=\"center\">22+CR <\/td><\/tr><tr><td class=\"has-text-align-center\" data-align=\"center\">Mec\u00e2nico&nbsp;<\/td><td class=\"has-text-align-center\" data-align=\"center\">1+CR<\/td><\/tr><tr><td class=\"has-text-align-center\" data-align=\"center\">Monitor de Transporte Escolar<\/td><td class=\"has-text-align-center\" data-align=\"center\">15+CR<\/td><\/tr><tr><td class=\"has-text-align-center\" data-align=\"center\">Motorista de Transporte Escolar&nbsp;<\/td><td class=\"has-text-align-center\" data-align=\"center\">17+CR<\/td><\/tr><tr><td class=\"has-text-align-center\" data-align=\"center\">Operador Patrol<\/td><td class=\"has-text-align-center\" data-align=\"center\">1+CR<\/td><\/tr><tr><td class=\"has-text-align-center\" data-align=\"center\">Operador Retroescavadeira<\/td><td class=\"has-text-align-center\" data-align=\"center\">2+CR<\/td><\/tr><tr><td class=\"has-text-align-center\" data-align=\"center\">Salva-Vidas<\/td><td class=\"has-text-align-center\" data-align=\"center\">10+CR<\/td><\/tr><tr><td class=\"has-text-align-center\" data-align=\"center\">T\u00e9cnico de Enfermagem&nbsp;<\/td><td class=\"has-text-align-center\" data-align=\"center\">6+CR<\/td><\/tr><tr><td class=\"has-text-align-center\" data-align=\"center\">T\u00e9cnico de Enfermagem Urg\u00eancia<\/td><td class=\"has-text-align-center\" data-align=\"center\">15+CR<\/td><\/tr><tr><td class=\"has-text-align-center\" data-align=\"center\">T\u00e9cnico de Enfermagem da ESF<\/td><td class=\"has-text-align-center\" data-align=\"center\">4+CR<\/td><\/tr><tr><td class=\"has-text-align-center\" data-align=\"center\">T\u00e9cnico em Edifica\u00e7\u00f5es&nbsp;<\/td><td class=\"has-text-align-center\" data-align=\"center\">2+CR<\/td><\/tr><tr><td class=\"has-text-align-center\" data-align=\"center\">T\u00e9cnico em Inform\u00e1tica&nbsp;<\/td><td class=\"has-text-align-center\" data-align=\"center\">5+CR<\/td><\/tr><tr><td class=\"has-text-align-center\" data-align=\"center\">T\u00e9cnico em Nutri\u00e7\u00e3o<\/td><td class=\"has-text-align-center\" data-align=\"center\">2+CR<\/td><\/tr><\/tbody><\/table><\/figure>\n\n\n\n<h3 class=\"wp-block-heading\" id=\"superior\">N\u00edvel superior<\/h3>\n\n\n\n<figure class=\"wp-block-table is-style-stripes\"><table class=\"has-subtle-pale-blue-background-color has-fixed-layout has-background\"><tbody><tr><td class=\"has-text-align-center\" data-align=\"center\"><strong>CARGO<\/strong><\/td><td class=\"has-text-align-center\" data-align=\"center\"><strong>VAGAS<\/strong><\/td><\/tr><tr><td class=\"has-text-align-center\" data-align=\"center\">Arquiteto&nbsp;<\/td><td class=\"has-text-align-center\" data-align=\"center\">4+CR<\/td><\/tr><tr><td class=\"has-text-align-center\" data-align=\"center\">Assistente Social<\/td><td class=\"has-text-align-center\" data-align=\"center\">10+CR<\/td><\/tr><tr><td class=\"has-text-align-center\" data-align=\"center\">Auditor Fiscal&nbsp;<\/td><td class=\"has-text-align-center\" data-align=\"center\">1+CR<\/td><\/tr><tr><td class=\"has-text-align-center\" data-align=\"center\">Bibliotec\u00e1rio&nbsp;<\/td><td class=\"has-text-align-center\" data-align=\"center\">1+CR<\/td><\/tr><tr><td class=\"has-text-align-center\" data-align=\"center\">Bi\u00f3logo&nbsp;<\/td><td class=\"has-text-align-center\" data-align=\"center\">1+CR<\/td><\/tr><tr><td class=\"has-text-align-center\" data-align=\"center\">Biom\u00e9dico&nbsp;<\/td><td class=\"has-text-align-center\" data-align=\"center\">2+CR<\/td><\/tr><tr><td class=\"has-text-align-center\" data-align=\"center\">Educador f\u00edsico&nbsp;<\/td><td class=\"has-text-align-center\" data-align=\"center\">1+CR<\/td><\/tr><tr><td class=\"has-text-align-center\" data-align=\"center\">Educador social&nbsp;<\/td><td class=\"has-text-align-center\" data-align=\"center\">10+CR<\/td><\/tr><tr><td class=\"has-text-align-center\" data-align=\"center\">Enfermeiro&nbsp;<\/td><td class=\"has-text-align-center\" data-align=\"center\">12+CR<\/td><\/tr><tr><td class=\"has-text-align-center\" data-align=\"center\">Engenheiro civil<\/td><td class=\"has-text-align-center\" data-align=\"center\">4+CR<\/td><\/tr><tr><td class=\"has-text-align-center\" data-align=\"center\">Farmac\u00eautico&nbsp;<\/td><td class=\"has-text-align-center\" data-align=\"center\">1+CR<\/td><\/tr><tr><td class=\"has-text-align-center\" data-align=\"center\">Fisioterapeuta&nbsp;<\/td><td class=\"has-text-align-center\" data-align=\"center\">2+CR<\/td><\/tr><tr><td class=\"has-text-align-center\" data-align=\"center\">Fonoaudi\u00f3logo&nbsp;<\/td><td class=\"has-text-align-center\" data-align=\"center\">1+CR<\/td><\/tr><tr><td class=\"has-text-align-center\" data-align=\"center\">M\u00e9dico Veterin\u00e1rio<\/td><td class=\"has-text-align-center\" data-align=\"center\">1+CR<\/td><\/tr><tr><td class=\"has-text-align-center\" data-align=\"center\">Nutricionista&nbsp;<\/td><td class=\"has-text-align-center\" data-align=\"center\">5+CR<\/td><\/tr><tr><td class=\"has-text-align-center\" data-align=\"center\">Professor de Educa\u00e7\u00e3o B\u00e1sica (V\u00e1rios)<\/td><td class=\"has-text-align-center\" data-align=\"center\">101+CR<\/td><\/tr><tr><td class=\"has-text-align-center\" data-align=\"center\">Psic\u00f3logo<\/td><td class=\"has-text-align-center\" data-align=\"center\">6+CR<\/td><\/tr><tr><td class=\"has-text-align-center\" data-align=\"center\">Psicopedagogo&nbsp;<\/td><td class=\"has-text-align-center\" data-align=\"center\">1+CR<\/td><\/tr><\/tbody><\/table><\/figure>\n\n\n\n<h2 class=\"wp-block-heading\" id=\"etapas\">Etapas e provas do concurso Barra dos Coqueiros<\/h2>\n\n\n\n<ol class=\"wp-block-list\"><li><strong>Prova Objetiva<\/strong>, de car\u00e1ter eliminat\u00f3rio e classificat\u00f3rio, para todos os cargos;<\/li><li><strong>Teste de Aptid\u00e3o F\u00edsica<\/strong>, de car\u00e1ter eliminat\u00f3rio, somente para o cargo de Guarda Civil Municipal;<\/li><li><strong>Avalia\u00e7\u00e3o de T\u00edtulos<\/strong>, de car\u00e1ter classificat\u00f3rio, somente para os cargos de n\u00edvel superior.<\/li><\/ol>\n\n\n\n<h3 class=\"wp-block-heading\" id=\"objetiva\">Prova objetiva<\/h3>\n\n\n\n<p>O exame constou com 40 quest\u00f5es de m\u00faltipla escolha, com cinco alternativas de resposta, conforme disposto a seguir:<\/p>\n\n\n\n<p><strong>Cargos de n\u00edvel fundamental<\/strong>:<\/p>\n\n\n\n<ul class=\"wp-block-list\"><li>Conhecimentos Gerais &#8211; 35 quest\u00f5es<\/li><li>Conhecimentos Espec\u00edficos &#8211; 05 quest\u00f5es<\/li><\/ul>\n\n\n\n<p><strong>Demais cargos\/escolaridades<\/strong>:<\/p>\n\n\n\n<ul class=\"wp-block-list\"><li>Conhecimentos Gerais &#8211; 30 quest\u00f5es<\/li><li>Conhecimentos Espec\u00edficos &#8211; 10 quest\u00f5es<\/li><\/ul>\n\n\n\n<p>As provas valeram, para os cargos de n\u00edvel superior, <strong>8,00 pontos<\/strong>, sendo necess\u00e1rio para ser considerado habilitado, alcan\u00e7ar nota igual ou superior a <strong>4,00 pontos<\/strong> (50%).<\/p>\n\n\n\n<p>J\u00e1 para os cargos de n\u00edvel m\u00e9dio e de n\u00edvel fundamental, a etapa valeu <strong>10,00 pontos<\/strong>, sendo reprovado o candidato que obtiver nota inferior a<strong> 5,00 pontos<\/strong> (50%).<\/p>\n\n\n\n<h3 class=\"wp-block-heading\" id=\"taf\">Teste de Aptid\u00e3o F\u00edsica &#8211; TAF<\/h3>\n\n\n\n<p>O teste de aptid\u00e3o f\u00edsica visava avaliar a capacidade do candidato para desempenhar as tarefas t\u00edpicas do cargo de Guarda Civil Municipal. <\/p>\n\n\n\n<p>O TAF submeteu os candidatos aos<strong> testes de barra<\/strong>, de <strong>nata\u00e7\u00e3o <\/strong>e de <strong>corrida de 12 minutos<\/strong>. Os testes de aptid\u00e3o f\u00edsica n\u00e3o ocorreram necessariamente na ordem em que est\u00e3o dispostos no edital, tendo altera\u00e7\u00e3o na ordem de execu\u00e7\u00e3o, a crit\u00e9rio da banca examinadora.<\/p>\n\n\n\n<h3 class=\"wp-block-heading\" id=\"titulos\">Avalia\u00e7\u00e3o de T\u00edtulos do Concurso Barra dos Coqueiros<\/h3>\n\n\n\n<p>A etapa valeu 2,00 pontos, ainda que a soma dos valores dos t\u00edtulos enviados fosse superior a esse valor. Somente foram aceitos os t\u00edtulos abaixo relacionados, expedidos at\u00e9 a data de envio, observados os limites de pontos do quadro a seguir.<\/p>\n\n\n\n<div class=\"wp-block-image\"><figure class=\"aligncenter size-large\"><img loading=\"lazy\" decoding=\"async\" width=\"706\" height=\"486\" src=\"https:\/\/dhg1h5j42swfq.cloudfront.net\/2020\/11\/05095155\/TITULOS.png\" alt=\"\" class=\"wp-image-601768\" srcset=\"https:\/\/dhg1h5j42swfq.cloudfront.net\/2020\/11\/05095155\/TITULOS.png 706w, https:\/\/dhg1h5j42swfq.cloudfront.net\/2020\/11\/05095155\/TITULOS-300x207.png 300w, https:\/\/dhg1h5j42swfq.cloudfront.net\/2020\/11\/05095155\/TITULOS-610x420.png 610w\" sizes=\"auto, (max-width: 706px) 100vw, 706px\" \/><\/figure><\/div>\n\n\n\n<h2 class=\"wp-block-heading\" id=\"edital-estrategico\">Edital Estrat\u00e9gico: baixe gratuitamente<\/h2>\n\n\n\n<p><strong>O que \u00e9 o Edital Estrat\u00e9gico?<\/strong> Trata-se de uma planilha com recursos para ajud\u00e1-los no registro das diferentes tarefas de estudo: teoria, revis\u00e3o e exerc\u00edcios. O registro de cada tarefa ser\u00e1 feito para cada assunto exigido no conte\u00fado program\u00e1tico do edital.<\/p>\n\n\n\n<div class=\"wp-block-columns is-layout-flex wp-container-core-columns-is-layout-28f84493 wp-block-columns-is-layout-flex\">\n<div class=\"wp-block-column is-layout-flow wp-block-column-is-layout-flow\">\n<ul class=\"wp-block-list\"><li><a rel=\"noreferrer noopener\" href=\"https:\/\/drive.google.com\/open?id=1_sxTR69m4uLGisJEbA1a5MhTMFfxdyyJ\" target=\"_blank\">Agente de Tr\u00e2nsito<\/a><\/li><li><a rel=\"noreferrer noopener\" href=\"https:\/\/drive.google.com\/open?id=1KQhqOib8vnez1W2ThRiomCnx9kG8UXK-\" target=\"_blank\">Assistente Administrativo<\/a><\/li><li><a rel=\"noreferrer noopener\" href=\"https:\/\/drive.google.com\/open?id=1RazL-LPoGK61dzMRHV8zqd5dE9Ci6ddp\" target=\"_blank\">Auditor Fiscal<\/a><\/li><\/ul>\n<\/div>\n\n\n\n<div class=\"wp-block-column is-layout-flow wp-block-column-is-layout-flow\">\n<ul class=\"wp-block-list\"><li><a rel=\"noreferrer noopener\" href=\"https:\/\/drive.google.com\/open?id=1aGKM1Q6Xft_oKoexZ6YoCfqgZOu3oN4J\" target=\"_blank\">Fiscal de Tributos<\/a><\/li><li><a rel=\"noreferrer noopener\" href=\"https:\/\/drive.google.com\/open?id=1H0YVw7J_OHvrflh6334eYx3JKDqHR5NN\" target=\"_blank\">Guarda Civil<\/a><\/li><li><a rel=\"noreferrer noopener\" href=\"https:\/\/drive.google.com\/open?id=1yexE-55eFVdibqiMhN842UxabK-qY9sf\" target=\"_blank\">Salva Vidas<\/a><\/li><\/ul>\n<\/div>\n<\/div>\n\n\n\n<hr class=\"wp-block-separator\"\/>\n\n\n\n<h2 class=\"has-text-align-center wp-block-heading\" id=\"cursos-assinatura\">Cursos para o concurso Barra dos Coqueiros<\/h2>\n\n\n\n<div class=\"container\" id=\"boxes\">\n  <div class=\"row\">\n\n    <div class=\"col-sm\">\n      <div class=\"banner-estrategia\" id=\"box-assinatura\">\n        <h3 class=\"titulo-assinatura\">Cursos Prefeitura Barra dos Coqueiros<\/h3>\n        <p class=\"subtitulo-assinatura\">Conhe\u00e7a os cursos<\/p>\n        <div class=\"box-botao\">\n          <a class=\"btn-assinatura\" target=\"_blank\" href=\"https:\/\/www.estrategiaconcursos.com.br\/cursosPorConcurso\/prefeitura-municipal-de-barra-dos-coqueiros-se\/\" role=\"button\" rel=\"noopener noreferrer\">Conhe\u00e7a mais<\/a>\n        <\/div>\n      <\/div>\n      \n    <\/div>\n\n  <\/div>\n<\/div>\n\n\n\n<div class=\"container\" id=\"boxes\">\n  <div class=\"row\">\n\n    <div class=\"col-sm\">\n      <div class=\"estrategia\" id=\"box-assinatura\">\n        <h3 class=\"titulo-assinatura\">Assinatura Concursos<\/h3>\n        <p class=\"subtitulo-assinatura\">Assinatura de 1 ano ou 2 anos<\/p>\n        <div class=\"box-botao\">\n          <a class=\"btn-assinatura\" target=\"_blank\" href=\"https:\/\/www.estrategiaconcursos.com.br\/assinaturas\/\" role=\"button\" rel=\"noopener noreferrer\">ASSINE AGORA<\/a>\n        <\/div>\n      <\/div>\n\n\n\n<div class=\"container\" id=\"boxes\">\n  <div class=\"row\">\n\n    <div class=\"col-sm\" id=\"boxes-concursos\">\n      <div style=\"background-color: #005DAD;\" class=\"conteudo-concursos\" id=\"box-concursos\">\n        <h3 class=\"titulo-assinatura\">Concursos Abertos<\/h3>\n        <p class=\"subtitulo-assinatura\">Confira os editais publicados<\/p>\n        <div class=\"box-botao\">\n          <a class=\"btn-assinatura\" target=\"_blank\" href=\"https:\/\/www.estrategiaconcursos.com.br\/blog\/concursos-abertos\/\" role=\"button\" rel=\"noopener noreferrer\">Conhe\u00e7a Agora<\/a>\n        <\/div>\n      <\/div>\n    <\/div>\n\n    <div class=\"col-sm\" id=\"boxes-concursos\">\n      <div style=\"background-color: #1A7ED5;\" class=\"conteudo-concursos\" id=\"box-concursos\">\n        <h3 class=\"titulo-assinatura\">Concursos 2021<\/h3>\n        <p class=\"subtitulo-assinatura\">As oportunidades previstas<\/p>\n        <div class=\"box-botao\">\n          <a class=\"btn-assinatura\" target=\"_blank\" href=\"https:\/\/www.estrategiaconcursos.com.br\/blog\/concursos-2021\/\" role=\"button\" rel=\"noopener noreferrer\">Conhe\u00e7a Agora<\/a>\n        <\/div>\n      <\/div>\n    <\/div>\n\n    <div class=\"col-sm\" id=\"boxes-concursos\">\n      <div style=\"background-color: #419FF0;\" class=\"conteudo-concursos\" id=\"box-concursos\">\n        <h3 class=\"titulo-assinatura\">Concursos 2022<\/h3>\n        <p class=\"subtitulo-assinatura\">Vagas para o pr\u00f3ximo ano<\/p>\n        <div class=\"box-botao\">\n          <a class=\"btn-assinatura\" target=\"_blank\" href=\"https:\/\/www.estrategiaconcursos.com.br\/blog\/concursos-2022\/\" role=\"button\" rel=\"noopener noreferrer\">Conhe\u00e7a Agora<\/a>\n        <\/div>\n      <\/div>\n    <\/div>\n\n  <\/div>\n<\/div>\n\n\n\n<figure class=\"wp-block-image size-large is-resized\"><img loading=\"lazy\" decoding=\"async\" src=\"https:\/\/dhg1h5j42swfq.cloudfront.net\/2021\/04\/16143008\/ficha-tecnica-141-1024x632.png\" alt=\"Ficha t\u00e9cnica do concurso Barra dos Coqueiros\" class=\"wp-image-715694\" width=\"271\" height=\"167\" srcset=\"https:\/\/dhg1h5j42swfq.cloudfront.net\/2021\/04\/16143008\/ficha-tecnica-141-1024x632.png 1024w, https:\/\/dhg1h5j42swfq.cloudfront.net\/2021\/04\/16143008\/ficha-tecnica-141-300x185.png 300w, https:\/\/dhg1h5j42swfq.cloudfront.net\/2021\/04\/16143008\/ficha-tecnica-141-768x474.png 768w, https:\/\/dhg1h5j42swfq.cloudfront.net\/2021\/04\/16143008\/ficha-tecnica-141-1536x948.png 1536w, https:\/\/dhg1h5j42swfq.cloudfront.net\/2021\/04\/16143008\/ficha-tecnica-141-610x377.png 610w, https:\/\/dhg1h5j42swfq.cloudfront.net\/2021\/04\/16143008\/ficha-tecnica-141.png 1571w\" sizes=\"auto, (max-width: 271px) 100vw, 271px\" \/><\/figure>\n\n\n\n<h3 class=\"wp-block-heading\" id=\"ficha\"><strong>Informa\u00e7\u00f5es do <\/strong>concurso Barra dos Coqueiros- SE<\/h3>\n\n\n\n<ul class=\"wp-block-list\"><li><strong>Ano:<\/strong> 2020<\/li><li><strong>Vagas<\/strong>: 586<\/li><li><strong>Cargos<\/strong>: diversos<\/li><li><strong>Banca<\/strong>: Cebraspe<\/li><li><strong>Escolaridade<\/strong>: N\u00edvel fundamental, m\u00e9dio, t\u00e9cnico e superior<\/li><li><strong>Edital<\/strong>: <a href=\"https:\/\/dhg1h5j42swfq.cloudfront.net\/2020\/04\/17094255\/ED_1_PREF_COQUEIROS_20_ABERTURA-2.pdf\" target=\"_blank\" rel=\"noreferrer noopener nofollow\">Barra dos Coqueiros<\/a> <\/li><li><strong>Retifica\u00e7\u00f5es<\/strong>: <a href=\"https:\/\/dhg1h5j42swfq.cloudfront.net\/2020\/05\/15170114\/ED_2_PREF_COQUEIROS_20_RETIFICACAO.pdf\" target=\"_blank\" rel=\"noreferrer noopener nofollow\">Ret.1<\/a> | <a href=\"https:\/\/dhg1h5j42swfq.cloudfront.net\/2020\/06\/01101730\/ED_4_PREF_COQUEIROS_20_RETIFICACAO.pdf\" target=\"_blank\" rel=\"noreferrer noopener nofollow\">Ret.2<\/a> | <a href=\"https:\/\/dhg1h5j42swfq.cloudfront.net\/2020\/06\/01101733\/ED_5_PREF_COQUEIROS_20_RETIFICACAO.pdf\" target=\"_blank\" rel=\"noreferrer noopener nofollow\">Ret.3<\/a> | <a href=\"https:\/\/dhg1h5j42swfq.cloudfront.net\/2020\/08\/11173759\/ED_7_PREF_COQUEIROS_20_RETIFICACAO_DATAS.pdf\" target=\"_blank\" rel=\"noreferrer noopener nofollow\">Ret.4<\/a> | <a href=\"https:\/\/dhg1h5j42swfq.cloudfront.net\/2020\/11\/18155637\/ed11_pref_coqueiros_20_retificacao.pdf\" target=\"_blank\" rel=\"noreferrer noopener nofollow\">Ret.5<\/a><\/li><\/ul>\n\n\n\n<p><\/p>\n\n\n\n\n<\/div><\/div><\/div>","protected":false},"excerpt":{"rendered":"<p>A Prefeitura de Barra dos Coqueiros, localizada no estado de Sergipe, empossou mais 24 servidores aprovados e nomeados no concurso p\u00fablico realizado em 2020 e homologado em abril de 2021. Dos novos funcion\u00e1rios p\u00fablicos do mun\u00edcipio, 7 s\u00e3o Assistentes Sociais e os outros 7 s\u00e3o Condutores de Ambul\u00e2ncia. Al\u00e9m disso, a Prefeitura tamb\u00e9m convocou 5 [&hellip;]<\/p>\n","protected":false},"author":1,"featured_media":756012,"comment_status":"open","ping_status":"closed","sticky":false,"template":"","format":"standard","meta":{"post_tipo":"news_page","footnotes":""},"categories":[214992],"tags":[],"tax_estado":[219988],"class_list":["post-504742","post","type-post","status-publish","format-standard","has-post-thumbnail","hentry","category-concursos-administrativos","tax_estado-se"],"acf":[],"yoast_head":"<!-- This site is optimized with the Yoast SEO Premium plugin v27.2 (Yoast SEO v27.2) - https:\/\/yoast.com\/product\/yoast-seo-premium-wordpress\/ -->\n<title>Concurso Barra dos Coqueiros: novas nomea\u00e7\u00f5es anunciadas<\/title>\n<meta name=\"description\" content=\"Concurso Barra dos Coqueiros SE: novas nomea\u00e7\u00f5es de candidatos aprovados no certame s\u00e3o anunciadas. Acesse e saiba tudo neste artigo!\" \/>\n<meta name=\"robots\" content=\"index, follow, max-snippet:-1, max-image-preview:large, max-video-preview:-1\" \/>\n<link rel=\"canonical\" href=\"https:\/\/www.estrategiaconcursos.com.br\/blog\/concurso-prefeitura-barra-dos-coqueiros\/\" \/>\n<meta property=\"og:locale\" content=\"pt_BR\" \/>\n<meta property=\"og:type\" content=\"article\" \/>\n<meta property=\"og:title\" content=\"Concurso Barra dos Coqueiros: novas nomea\u00e7\u00f5es anunciadas\" \/>\n<meta property=\"og:description\" content=\"Concurso Barra dos Coqueiros SE: novas nomea\u00e7\u00f5es de candidatos aprovados no certame s\u00e3o anunciadas. Acesse e saiba tudo neste artigo!\" \/>\n<meta property=\"og:url\" content=\"https:\/\/www.estrategiaconcursos.com.br\/blog\/concurso-prefeitura-barra-dos-coqueiros\/\" \/>\n<meta property=\"og:site_name\" content=\"Estrat\u00e9gia Concursos\" \/>\n<meta property=\"article:author\" content=\"https:\/\/www.facebook.com\/EstrategiaConcursos\" \/>\n<meta property=\"article:published_time\" content=\"2021-07-28T10:00:00+00:00\" \/>\n<meta property=\"article:modified_time\" content=\"2024-01-16T18:32:39+00:00\" \/>\n<meta property=\"og:image\" content=\"https:\/\/dhg1h5j42swfq.cloudfront.net\/2021\/05\/31140230\/barra-dos-coqueiros-rs.jpg\" \/>\n\t<meta property=\"og:image:width\" content=\"768\" \/>\n\t<meta property=\"og:image:height\" content=\"432\" \/>\n\t<meta property=\"og:image:type\" content=\"image\/jpeg\" \/>\n<meta name=\"author\" content=\"Coordena\u00e7\u00e3o\" \/>\n<meta name=\"twitter:card\" content=\"summary_large_image\" \/>\n<meta name=\"twitter:creator\" content=\"@EstratConcursos\" \/>\n<meta name=\"twitter:site\" content=\"@EstratConcursos\" \/>\n<meta name=\"twitter:label1\" content=\"Escrito por\" \/>\n\t<meta name=\"twitter:data1\" content=\"Coordena\u00e7\u00e3o\" \/>\n\t<meta name=\"twitter:label2\" content=\"Est. tempo de leitura\" \/>\n\t<meta name=\"twitter:data2\" content=\"5 minutos\" \/>\n<script type=\"application\/ld+json\" class=\"yoast-schema-graph\">{\"@context\":\"https:\/\/schema.org\",\"@graph\":[{\"@type\":\"NewsArticle\",\"@id\":\"https:\/\/www.estrategiaconcursos.com.br\/blog\/concurso-prefeitura-barra-dos-coqueiros\/#article\",\"isPartOf\":{\"@id\":\"https:\/\/www.estrategiaconcursos.com.br\/blog\/concurso-prefeitura-barra-dos-coqueiros\/\"},\"author\":{\"name\":\"Coordena\u00e7\u00e3o\",\"@id\":\"https:\/\/www.estrategiaconcursos.com.br\/blog\/#\/schema\/person\/b4a388c97673c5f483d72185668afa1f\"},\"headline\":\"Concurso Barra dos Coqueiros: novas nomea\u00e7\u00f5es anunciadas\",\"datePublished\":\"2021-07-28T10:00:00+00:00\",\"dateModified\":\"2024-01-16T18:32:39+00:00\",\"mainEntityOfPage\":{\"@id\":\"https:\/\/www.estrategiaconcursos.com.br\/blog\/concurso-prefeitura-barra-dos-coqueiros\/\"},\"wordCount\":1075,\"commentCount\":39,\"publisher\":{\"@id\":\"https:\/\/www.estrategiaconcursos.com.br\/blog\/#organization\"},\"image\":{\"@id\":\"https:\/\/www.estrategiaconcursos.com.br\/blog\/concurso-prefeitura-barra-dos-coqueiros\/#primaryimage\"},\"thumbnailUrl\":\"https:\/\/dhg1h5j42swfq.cloudfront.net\/2021\/05\/31140230\/barra-dos-coqueiros-rs.jpg\",\"articleSection\":[\"Executivo (Administrativa)\"],\"inLanguage\":\"pt-BR\",\"potentialAction\":[{\"@type\":\"CommentAction\",\"name\":\"Comment\",\"target\":[\"https:\/\/www.estrategiaconcursos.com.br\/blog\/concurso-prefeitura-barra-dos-coqueiros\/#respond\"]}],\"copyrightYear\":\"2021\",\"copyrightHolder\":{\"@id\":\"https:\/\/www.estrategiaconcursos.com.br\/blog\/#organization\"}},{\"@type\":\"WebPage\",\"@id\":\"https:\/\/www.estrategiaconcursos.com.br\/blog\/concurso-prefeitura-barra-dos-coqueiros\/\",\"url\":\"https:\/\/www.estrategiaconcursos.com.br\/blog\/concurso-prefeitura-barra-dos-coqueiros\/\",\"name\":\"Concurso Barra dos Coqueiros: novas nomea\u00e7\u00f5es anunciadas\",\"isPartOf\":{\"@id\":\"https:\/\/www.estrategiaconcursos.com.br\/blog\/#website\"},\"primaryImageOfPage\":{\"@id\":\"https:\/\/www.estrategiaconcursos.com.br\/blog\/concurso-prefeitura-barra-dos-coqueiros\/#primaryimage\"},\"image\":{\"@id\":\"https:\/\/www.estrategiaconcursos.com.br\/blog\/concurso-prefeitura-barra-dos-coqueiros\/#primaryimage\"},\"thumbnailUrl\":\"https:\/\/dhg1h5j42swfq.cloudfront.net\/2021\/05\/31140230\/barra-dos-coqueiros-rs.jpg\",\"datePublished\":\"2021-07-28T10:00:00+00:00\",\"dateModified\":\"2024-01-16T18:32:39+00:00\",\"description\":\"Concurso Barra dos Coqueiros SE: novas nomea\u00e7\u00f5es de candidatos aprovados no certame s\u00e3o anunciadas. Acesse e saiba tudo neste artigo!\",\"breadcrumb\":{\"@id\":\"https:\/\/www.estrategiaconcursos.com.br\/blog\/concurso-prefeitura-barra-dos-coqueiros\/#breadcrumb\"},\"inLanguage\":\"pt-BR\",\"potentialAction\":[{\"@type\":\"ReadAction\",\"target\":[\"https:\/\/www.estrategiaconcursos.com.br\/blog\/concurso-prefeitura-barra-dos-coqueiros\/\"]}]},{\"@type\":\"ImageObject\",\"inLanguage\":\"pt-BR\",\"@id\":\"https:\/\/www.estrategiaconcursos.com.br\/blog\/concurso-prefeitura-barra-dos-coqueiros\/#primaryimage\",\"url\":\"https:\/\/dhg1h5j42swfq.cloudfront.net\/2021\/05\/31140230\/barra-dos-coqueiros-rs.jpg\",\"contentUrl\":\"https:\/\/dhg1h5j42swfq.cloudfront.net\/2021\/05\/31140230\/barra-dos-coqueiros-rs.jpg\",\"width\":768,\"height\":432},{\"@type\":\"BreadcrumbList\",\"@id\":\"https:\/\/www.estrategiaconcursos.com.br\/blog\/concurso-prefeitura-barra-dos-coqueiros\/#breadcrumb\",\"itemListElement\":[{\"@type\":\"ListItem\",\"position\":1,\"name\":\"In\u00edcio\",\"item\":\"https:\/\/www.estrategiaconcursos.com.br\/blog\/\"},{\"@type\":\"ListItem\",\"position\":2,\"name\":\"Concurso Barra dos Coqueiros: novas nomea\u00e7\u00f5es anunciadas\"}]},{\"@type\":\"WebSite\",\"@id\":\"https:\/\/www.estrategiaconcursos.com.br\/blog\/#website\",\"url\":\"https:\/\/www.estrategiaconcursos.com.br\/blog\/\",\"name\":\"Estrat\u00e9gia Concursos\",\"description\":\"O blog da Estrat\u00e9gia Concursos traz not\u00edcias sobre concursos e artigos de professores oferecendo cursos para concursos (pdf + videaulas) no site.\",\"publisher\":{\"@id\":\"https:\/\/www.estrategiaconcursos.com.br\/blog\/#organization\"},\"potentialAction\":[{\"@type\":\"SearchAction\",\"target\":{\"@type\":\"EntryPoint\",\"urlTemplate\":\"https:\/\/www.estrategiaconcursos.com.br\/blog\/?s={search_term_string}\"},\"query-input\":{\"@type\":\"PropertyValueSpecification\",\"valueRequired\":true,\"valueName\":\"search_term_string\"}}],\"inLanguage\":\"pt-BR\"},{\"@type\":\"Organization\",\"@id\":\"https:\/\/www.estrategiaconcursos.com.br\/blog\/#organization\",\"name\":\"Estrat\u00e9gia Concursos\",\"url\":\"https:\/\/www.estrategiaconcursos.com.br\/blog\/\",\"logo\":{\"@type\":\"ImageObject\",\"inLanguage\":\"pt-BR\",\"@id\":\"https:\/\/www.estrategiaconcursos.com.br\/blog\/#\/schema\/logo\/image\/\",\"url\":\"https:\/\/dhg1h5j42swfq.cloudfront.net\/2025\/06\/03203428\/logo_concursos-1.jpg\",\"contentUrl\":\"https:\/\/dhg1h5j42swfq.cloudfront.net\/2025\/06\/03203428\/logo_concursos-1.jpg\",\"width\":230,\"height\":60,\"caption\":\"Estrat\u00e9gia Concursos\"},\"image\":{\"@id\":\"https:\/\/www.estrategiaconcursos.com.br\/blog\/#\/schema\/logo\/image\/\"},\"sameAs\":[\"https:\/\/x.com\/EstratConcursos\"]},{\"@type\":\"Person\",\"@id\":\"https:\/\/www.estrategiaconcursos.com.br\/blog\/#\/schema\/person\/b4a388c97673c5f483d72185668afa1f\",\"name\":\"Coordena\u00e7\u00e3o\",\"image\":{\"@type\":\"ImageObject\",\"inLanguage\":\"pt-BR\",\"@id\":\"https:\/\/secure.gravatar.com\/avatar\/b720319e4c9a967eb58678d110f4fe35452fc5d5f97b202bac7b8acceb18c6ad?s=96&d=mm&r=g\",\"url\":\"https:\/\/secure.gravatar.com\/avatar\/b720319e4c9a967eb58678d110f4fe35452fc5d5f97b202bac7b8acceb18c6ad?s=96&d=mm&r=g\",\"contentUrl\":\"https:\/\/secure.gravatar.com\/avatar\/b720319e4c9a967eb58678d110f4fe35452fc5d5f97b202bac7b8acceb18c6ad?s=96&d=mm&r=g\",\"caption\":\"Coordena\u00e7\u00e3o\"},\"sameAs\":[\"https:\/\/www.facebook.com\/EstrategiaConcursos\",\"https:\/\/x.com\/EstratConcursos\"],\"url\":\"https:\/\/www.estrategiaconcursos.com.br\/blog\/author\/estrategia2013\/\"}]}<\/script>\n<!-- \/ Yoast SEO Premium plugin. -->","yoast_head_json":{"title":"Concurso Barra dos Coqueiros: novas nomea\u00e7\u00f5es anunciadas","description":"Concurso Barra dos Coqueiros SE: novas nomea\u00e7\u00f5es de candidatos aprovados no certame s\u00e3o anunciadas. Acesse e saiba tudo neste artigo!","robots":{"index":"index","follow":"follow","max-snippet":"max-snippet:-1","max-image-preview":"max-image-preview:large","max-video-preview":"max-video-preview:-1"},"canonical":"https:\/\/www.estrategiaconcursos.com.br\/blog\/concurso-prefeitura-barra-dos-coqueiros\/","og_locale":"pt_BR","og_type":"article","og_title":"Concurso Barra dos Coqueiros: novas nomea\u00e7\u00f5es anunciadas","og_description":"Concurso Barra dos Coqueiros SE: novas nomea\u00e7\u00f5es de candidatos aprovados no certame s\u00e3o anunciadas. Acesse e saiba tudo neste artigo!","og_url":"https:\/\/www.estrategiaconcursos.com.br\/blog\/concurso-prefeitura-barra-dos-coqueiros\/","og_site_name":"Estrat\u00e9gia Concursos","article_author":"https:\/\/www.facebook.com\/EstrategiaConcursos","article_published_time":"2021-07-28T10:00:00+00:00","article_modified_time":"2024-01-16T18:32:39+00:00","og_image":[{"width":768,"height":432,"url":"https:\/\/dhg1h5j42swfq.cloudfront.net\/2021\/05\/31140230\/barra-dos-coqueiros-rs.jpg","type":"image\/jpeg"}],"author":"Coordena\u00e7\u00e3o","twitter_card":"summary_large_image","twitter_creator":"@EstratConcursos","twitter_site":"@EstratConcursos","twitter_misc":{"Escrito por":"Coordena\u00e7\u00e3o","Est. tempo de leitura":"5 minutos"},"schema":{"@context":"https:\/\/schema.org","@graph":[{"@type":"NewsArticle","@id":"https:\/\/www.estrategiaconcursos.com.br\/blog\/concurso-prefeitura-barra-dos-coqueiros\/#article","isPartOf":{"@id":"https:\/\/www.estrategiaconcursos.com.br\/blog\/concurso-prefeitura-barra-dos-coqueiros\/"},"author":{"name":"Coordena\u00e7\u00e3o","@id":"https:\/\/www.estrategiaconcursos.com.br\/blog\/#\/schema\/person\/b4a388c97673c5f483d72185668afa1f"},"headline":"Concurso Barra dos Coqueiros: novas nomea\u00e7\u00f5es anunciadas","datePublished":"2021-07-28T10:00:00+00:00","dateModified":"2024-01-16T18:32:39+00:00","mainEntityOfPage":{"@id":"https:\/\/www.estrategiaconcursos.com.br\/blog\/concurso-prefeitura-barra-dos-coqueiros\/"},"wordCount":1075,"commentCount":39,"publisher":{"@id":"https:\/\/www.estrategiaconcursos.com.br\/blog\/#organization"},"image":{"@id":"https:\/\/www.estrategiaconcursos.com.br\/blog\/concurso-prefeitura-barra-dos-coqueiros\/#primaryimage"},"thumbnailUrl":"https:\/\/dhg1h5j42swfq.cloudfront.net\/2021\/05\/31140230\/barra-dos-coqueiros-rs.jpg","articleSection":["Executivo (Administrativa)"],"inLanguage":"pt-BR","potentialAction":[{"@type":"CommentAction","name":"Comment","target":["https:\/\/www.estrategiaconcursos.com.br\/blog\/concurso-prefeitura-barra-dos-coqueiros\/#respond"]}],"copyrightYear":"2021","copyrightHolder":{"@id":"https:\/\/www.estrategiaconcursos.com.br\/blog\/#organization"}},{"@type":"WebPage","@id":"https:\/\/www.estrategiaconcursos.com.br\/blog\/concurso-prefeitura-barra-dos-coqueiros\/","url":"https:\/\/www.estrategiaconcursos.com.br\/blog\/concurso-prefeitura-barra-dos-coqueiros\/","name":"Concurso Barra dos Coqueiros: novas nomea\u00e7\u00f5es anunciadas","isPartOf":{"@id":"https:\/\/www.estrategiaconcursos.com.br\/blog\/#website"},"primaryImageOfPage":{"@id":"https:\/\/www.estrategiaconcursos.com.br\/blog\/concurso-prefeitura-barra-dos-coqueiros\/#primaryimage"},"image":{"@id":"https:\/\/www.estrategiaconcursos.com.br\/blog\/concurso-prefeitura-barra-dos-coqueiros\/#primaryimage"},"thumbnailUrl":"https:\/\/dhg1h5j42swfq.cloudfront.net\/2021\/05\/31140230\/barra-dos-coqueiros-rs.jpg","datePublished":"2021-07-28T10:00:00+00:00","dateModified":"2024-01-16T18:32:39+00:00","description":"Concurso Barra dos Coqueiros SE: novas nomea\u00e7\u00f5es de candidatos aprovados no certame s\u00e3o anunciadas. Acesse e saiba tudo neste artigo!","breadcrumb":{"@id":"https:\/\/www.estrategiaconcursos.com.br\/blog\/concurso-prefeitura-barra-dos-coqueiros\/#breadcrumb"},"inLanguage":"pt-BR","potentialAction":[{"@type":"ReadAction","target":["https:\/\/www.estrategiaconcursos.com.br\/blog\/concurso-prefeitura-barra-dos-coqueiros\/"]}]},{"@type":"ImageObject","inLanguage":"pt-BR","@id":"https:\/\/www.estrategiaconcursos.com.br\/blog\/concurso-prefeitura-barra-dos-coqueiros\/#primaryimage","url":"https:\/\/dhg1h5j42swfq.cloudfront.net\/2021\/05\/31140230\/barra-dos-coqueiros-rs.jpg","contentUrl":"https:\/\/dhg1h5j42swfq.cloudfront.net\/2021\/05\/31140230\/barra-dos-coqueiros-rs.jpg","width":768,"height":432},{"@type":"BreadcrumbList","@id":"https:\/\/www.estrategiaconcursos.com.br\/blog\/concurso-prefeitura-barra-dos-coqueiros\/#breadcrumb","itemListElement":[{"@type":"ListItem","position":1,"name":"In\u00edcio","item":"https:\/\/www.estrategiaconcursos.com.br\/blog\/"},{"@type":"ListItem","position":2,"name":"Concurso Barra dos Coqueiros: novas nomea\u00e7\u00f5es anunciadas"}]},{"@type":"WebSite","@id":"https:\/\/www.estrategiaconcursos.com.br\/blog\/#website","url":"https:\/\/www.estrategiaconcursos.com.br\/blog\/","name":"Estrat\u00e9gia Concursos","description":"O blog da Estrat\u00e9gia Concursos traz not\u00edcias sobre concursos e artigos de professores oferecendo cursos para concursos (pdf + videaulas) no site.","publisher":{"@id":"https:\/\/www.estrategiaconcursos.com.br\/blog\/#organization"},"potentialAction":[{"@type":"SearchAction","target":{"@type":"EntryPoint","urlTemplate":"https:\/\/www.estrategiaconcursos.com.br\/blog\/?s={search_term_string}"},"query-input":{"@type":"PropertyValueSpecification","valueRequired":true,"valueName":"search_term_string"}}],"inLanguage":"pt-BR"},{"@type":"Organization","@id":"https:\/\/www.estrategiaconcursos.com.br\/blog\/#organization","name":"Estrat\u00e9gia Concursos","url":"https:\/\/www.estrategiaconcursos.com.br\/blog\/","logo":{"@type":"ImageObject","inLanguage":"pt-BR","@id":"https:\/\/www.estrategiaconcursos.com.br\/blog\/#\/schema\/logo\/image\/","url":"https:\/\/dhg1h5j42swfq.cloudfront.net\/2025\/06\/03203428\/logo_concursos-1.jpg","contentUrl":"https:\/\/dhg1h5j42swfq.cloudfront.net\/2025\/06\/03203428\/logo_concursos-1.jpg","width":230,"height":60,"caption":"Estrat\u00e9gia Concursos"},"image":{"@id":"https:\/\/www.estrategiaconcursos.com.br\/blog\/#\/schema\/logo\/image\/"},"sameAs":["https:\/\/x.com\/EstratConcursos"]},{"@type":"Person","@id":"https:\/\/www.estrategiaconcursos.com.br\/blog\/#\/schema\/person\/b4a388c97673c5f483d72185668afa1f","name":"Coordena\u00e7\u00e3o","image":{"@type":"ImageObject","inLanguage":"pt-BR","@id":"https:\/\/secure.gravatar.com\/avatar\/b720319e4c9a967eb58678d110f4fe35452fc5d5f97b202bac7b8acceb18c6ad?s=96&d=mm&r=g","url":"https:\/\/secure.gravatar.com\/avatar\/b720319e4c9a967eb58678d110f4fe35452fc5d5f97b202bac7b8acceb18c6ad?s=96&d=mm&r=g","contentUrl":"https:\/\/secure.gravatar.com\/avatar\/b720319e4c9a967eb58678d110f4fe35452fc5d5f97b202bac7b8acceb18c6ad?s=96&d=mm&r=g","caption":"Coordena\u00e7\u00e3o"},"sameAs":["https:\/\/www.facebook.com\/EstrategiaConcursos","https:\/\/x.com\/EstratConcursos"],"url":"https:\/\/www.estrategiaconcursos.com.br\/blog\/author\/estrategia2013\/"}]}},"_links":{"self":[{"href":"https:\/\/www.estrategiaconcursos.com.br\/blog\/wp-json\/wp\/v2\/posts\/504742","targetHints":{"allow":["GET"]}}],"collection":[{"href":"https:\/\/www.estrategiaconcursos.com.br\/blog\/wp-json\/wp\/v2\/posts"}],"about":[{"href":"https:\/\/www.estrategiaconcursos.com.br\/blog\/wp-json\/wp\/v2\/types\/post"}],"author":[{"embeddable":true,"href":"https:\/\/www.estrategiaconcursos.com.br\/blog\/wp-json\/wp\/v2\/users\/1"}],"replies":[{"embeddable":true,"href":"https:\/\/www.estrategiaconcursos.com.br\/blog\/wp-json\/wp\/v2\/comments?post=504742"}],"version-history":[{"count":51,"href":"https:\/\/www.estrategiaconcursos.com.br\/blog\/wp-json\/wp\/v2\/posts\/504742\/revisions"}],"predecessor-version":[{"id":825116,"href":"https:\/\/www.estrategiaconcursos.com.br\/blog\/wp-json\/wp\/v2\/posts\/504742\/revisions\/825116"}],"wp:featuredmedia":[{"embeddable":true,"href":"https:\/\/www.estrategiaconcursos.com.br\/blog\/wp-json\/wp\/v2\/media\/756012"}],"wp:attachment":[{"href":"https:\/\/www.estrategiaconcursos.com.br\/blog\/wp-json\/wp\/v2\/media?parent=504742"}],"wp:term":[{"taxonomy":"category","embeddable":true,"href":"https:\/\/www.estrategiaconcursos.com.br\/blog\/wp-json\/wp\/v2\/categories?post=504742"},{"taxonomy":"post_tag","embeddable":true,"href":"https:\/\/www.estrategiaconcursos.com.br\/blog\/wp-json\/wp\/v2\/tags?post=504742"},{"taxonomy":"tax_estado","embeddable":true,"href":"https:\/\/www.estrategiaconcursos.com.br\/blog\/wp-json\/wp\/v2\/tax_estado?post=504742"}],"curies":[{"name":"wp","href":"https:\/\/api.w.org\/{rel}","templated":true}]}}