{"id":504435,"date":"2020-05-05T20:46:00","date_gmt":"2020-05-05T23:46:00","guid":{"rendered":"https:\/\/www.estrategiaconcursos.com.br\/blog\/?p=504435"},"modified":"2020-04-28T07:55:25","modified_gmt":"2020-04-28T10:55:25","slug":"carreira-de-delegado-pc-ou-pf-qual-e-a-melhor-escolha-para-voce","status":"publish","type":"post","link":"https:\/\/www.estrategiaconcursos.com.br\/blog\/carreira-de-delegado-pc-ou-pf-qual-e-a-melhor-escolha-para-voce\/","title":{"rendered":"Carreira de Delegado: PC ou PF, qual \u00e9 a melhor escolha para voc\u00ea?"},"content":{"rendered":"\n<p><strong>Confira nesse artigo alguns pontos a serem considerados na hora de escolher a melhor carreira de Delegado para voc\u00ea.<\/strong><\/p>\n\n\n\n<p>Ol\u00e1, pessoal, tudo bem?<\/p>\n\n\n\n<p>Uma das d\u00favidas mais comuns entre os candidatos da \u00e1rea policial \u00e9 a escolha de qual carreira de Delegado seguir. Nesse artigo, buscaremos ajudar o candidato a ter mais informa\u00e7\u00f5es para que possa tirar suas d\u00favidas, tratando dos seguintes assuntos:<\/p>\n\n\n\n<ol class=\"wp-block-list\" type=\"1\"><li>Atribui\u00e7\u00f5es dos cargos<\/li><li>Requisitos necess\u00e1rios<\/li><li>Local de trabalho<\/li><li>Remunera\u00e7\u00e3o e desenvolvimento da carreira<\/li><li>Disciplinas cobradas<\/li><li>Considera\u00e7\u00f5es finais<\/li><\/ol>\n\n\n\n<h2 class=\"wp-block-heading\">Atribui\u00e7\u00f5es dos cargos<\/h2>\n\n\n\n<p>Conforme dados do Instituto Brasileiro de Geografia e Estat\u00edstica (IBGE), as cinco capitais mais populosas do Brasil em 2019 foram, respectivamente, S\u00e3o Paulo, Rio de Janeiro, Bras\u00edlia, Salvador e Fortaleza. Com base nessa informa\u00e7\u00e3o, os cargos de <strong>Delegado do Distrito Federal e dos estados de S\u00e3o Paulo, Rio de Janeiro, Bahia e Cear\u00e1<\/strong> foram utilizados para fins de compara\u00e7\u00e3o com o cargo de <strong>Delegado da Pol\u00edcia Federal<\/strong>.<\/p>\n\n\n\n<h3 class=\"wp-block-heading\">Pol\u00edcia Civil<\/h3>\n\n\n\n<p>Dado os <strong>limites constitucionais<\/strong> e a <strong>natureza estadual<\/strong> de suas opera\u00e7\u00f5es, as atribui\u00e7\u00f5es, em geral, s\u00e3o <strong>semelhantes<\/strong> entre os estados. Para se ter ideia da atua\u00e7\u00e3o de um Delegado Civil, seguem algumas das <strong>atribui\u00e7\u00f5es dos Delegados da PC-SP<\/strong>:<\/p>\n\n\n\n<p>&#8211; exercer atos inerentes \u00e0 gest\u00e3o dessa atividade;<br \/>&#8211; presidir os atos de pol\u00edcia judici\u00e1ria e a apura\u00e7\u00e3o das infra\u00e7\u00f5es penais, praticar atos de pol\u00edcia administrativa e exercer policiamento preventivo especializado;<br \/>&#8211; presidir a investiga\u00e7\u00e3o criminal e as a\u00e7\u00f5es a ela relacionadas, dentre as quais aquelas previstas no C\u00f3digo de Processo Penal e na legisla\u00e7\u00e3o extravagante;<br \/>&#8211; portar arma e atuar com possibilidade de exposi\u00e7\u00e3o a situa\u00e7\u00f5es de risco;<br \/>&#8211; mediar conflitos.<\/p>\n\n\n\n<h3 class=\"wp-block-heading\">Pol\u00edcia Federal<\/h3>\n\n\n\n<p>Quanto \u00e0s <strong>atribui\u00e7\u00f5es do Delegado da PF<\/strong>, temos o seguinte:<\/p>\n\n\n\n<p>&#8211; instaurar e presidir procedimentos policiais de investiga\u00e7\u00e3o;<br \/>&#8211; orientar e comandar a execu\u00e7\u00e3o de investiga\u00e7\u00f5es relacionadas \u00e0 preven\u00e7\u00e3o e \u00e0 repress\u00e3o de il\u00edcitos penais;<br \/>&#8211; participar do planejamento de opera\u00e7\u00f5es de seguran\u00e7a e investiga\u00e7\u00f5es;<br \/>&#8211; supervisionar e executar miss\u00f5es de car\u00e1ter sigiloso;<br \/>&#8211; participar da execu\u00e7\u00e3o das medidas de seguran\u00e7a org\u00e2nica, bem como desempenhar outras atividades semelhantes ou destinadas a apoiar o \u00f3rg\u00e3o na consecu\u00e7\u00e3o dos seus fins.<\/p>\n\n\n\n<p>No geral, a <strong>PF<\/strong> atua em situa\u00e7\u00f5es de <strong>ordem federal<\/strong>, que afetem diretamente a <strong>Uni\u00e3o<\/strong>. <\/p>\n\n\n\n<h2 class=\"wp-block-heading\">Requisitos necess\u00e1rios<\/h2>\n\n\n\n<p>Em rela\u00e7\u00e3o aos requisitos, segue tabela com informa\u00e7\u00f5es dos \u00faltimos certames dessas Pol\u00edcias:<\/p>\n\n\n\n<div class=\"wp-block-image\"><figure class=\"aligncenter size-large\"><img decoding=\"async\" src=\"https:\/\/dhg1h5j42swfq.cloudfront.net\/2020\/04\/16105234\/Delegao-requisitos-necess%C3%A1rios.png\" alt=\"Quadro comparativo com requisitos para a carreira de Delegado em diversos \u00f3rg\u00e3os.\" class=\"wp-image-504442\"\/><figcaption>Quadro comparativo com os requisitos para a carreira de Delegado em diversos \u00f3rg\u00e3os.<\/figcaption><\/figure><\/div>\n\n\n\n<p>Da tabela acima, pode-se observar que os requisitos, em geral, s\u00e3o bem <strong>parecidos<\/strong>. A <strong>principal diferen\u00e7a<\/strong> \u00e9 a quest\u00e3o da necessidade de <strong>comprova\u00e7\u00e3o de atividade jur\u00eddica e\/ou atividade policial<\/strong>. Portanto, esse deve ser um <strong>fator a ser considerado<\/strong> pelo aluno, pois pode o <strong>favorecer<\/strong> ou o <strong>tornar<\/strong>, momentaneamente, <strong>incapaz<\/strong> para concorrer a certo cargo.<\/p>\n\n\n\n<h2 class=\"wp-block-heading\">Local e jornada de trabalho<\/h2>\n\n\n\n<p>A atua\u00e7\u00e3o de um <strong>Delegado da Pol\u00edcia Civil<\/strong>, tirando situa\u00e7\u00e3o eventuais, <strong>circunscreve-se ao seu estado de lota\u00e7\u00e3o<\/strong>. Em contrapartida, o <strong>Delegado da Pol\u00edcia Federal<\/strong> goza de <strong>maiores possibilidades<\/strong>, podendo atuar em <strong>diferentes estados<\/strong> durante a sua carreira. Assim sendo, esse ponto deve ser estudado e pode <strong>influenciar a escolha<\/strong> por uma carreira de Delegado ou por outra.<\/p>\n\n\n\n<p>Quanto \u00e0 jornada, tirando raras exce\u00e7\u00f5es, <strong>a carga de trabalho \u00e9 de 40 horas semanais<\/strong>. Dentre essas exce\u00e7\u00f5es, a PC-BA, em seu \u00faltimo edital, pedia uma jornada de 30 horas, extens\u00edvel para 40 horas.<\/p>\n\n\n\n<h2 class=\"wp-block-heading\">Remunera\u00e7\u00e3o e desenvolvimento da carreira<\/h2>\n\n\n\n<h3 class=\"wp-block-heading\">Remunera\u00e7\u00e3o<\/h3>\n\n\n\n<p>A seguir, segue um breve comparativo entre as <strong>remunera\u00e7\u00f5es iniciais<\/strong> das carreiras de Delegado sob an\u00e1lise:<\/p>\n\n\n\n<div class=\"wp-block-image\"><figure class=\"aligncenter size-large\"><img decoding=\"async\" src=\"https:\/\/dhg1h5j42swfq.cloudfront.net\/2020\/04\/16105500\/Delegado-remunera%C3%A7%C3%A3o1.png\" alt=\"Quadro comparativo com remunera\u00e7\u00f5es iniciais para a carreira de Delegado em diversos \u00f3rg\u00e3os.\" class=\"wp-image-504443\"\/><figcaption>Quadro comparativo com as remunera\u00e7\u00f5es iniciais para a carreira de Delegado em diversos \u00f3rg\u00e3os.<\/figcaption><\/figure><\/div>\n\n\n\n<p>Desse comparativo, nota-se uma <strong>n\u00edtida diferen\u00e7a entre as remunera\u00e7\u00f5es<\/strong>. O <strong>Delegado da PF<\/strong>, ao ingressar no \u00f3rg\u00e3o, faz jus a um subs\u00eddio de<strong> R$ 23.692,7<\/strong>. Enquanto isso, um rec\u00e9m-ingresso <strong>Delegado da PC-RJ<\/strong> recebe <strong>R$ 18.483,95<\/strong> de remunera\u00e7\u00e3o. Desse modo, no quesito remunera\u00e7\u00e3o, ponto a favor da Pol\u00edcia Federal.<\/p>\n\n\n\n<p>Caso voc\u00ea tenha curiosidade de saber as <strong>remunera\u00e7\u00f5es dos Delegados de todos os estados brasileiros<\/strong>, o Sindicato dos Delegados de Pol\u00edcia do Estado de S\u00e3o Paulo (SINDPESP) realizou uma pesquisa sobre o assunto em 2019, que consta no link a seguir:<\/p>\n\n\n\n<p><a href=\"http:\/\/www.sindpesp.org.br\/noticias_det.asp?nt=2210\">http:\/\/www.sindpesp.org.br\/noticias_det.asp?nt=2210<\/a><\/p>\n\n\n\n<h3 class=\"wp-block-heading\">Desenvolvimento da carreira de Delegado<\/h3>\n\n\n\n<p>Al\u00e9m da remunera\u00e7\u00e3o, outro fator importante a ser analisado \u00e9 o <strong>desenvolvimento da carreira de Delegado<\/strong>. A t\u00edtulo de exemplo, verifiquemos as <strong>progress\u00f5es das carreiras de Delegado da PC-DF e da PC-RJ:<\/strong><\/p>\n\n\n\n<div class=\"wp-block-image\"><figure class=\"aligncenter size-large\"><img loading=\"lazy\" decoding=\"async\" width=\"312\" height=\"127\" src=\"https:\/\/dhg1h5j42swfq.cloudfront.net\/2020\/04\/16105643\/Delegado-Dc1.png\" alt=\"Quadro comparativo com o desenvolvimento da carreira de Delegado na PC-DF e na PC-RJ.\" class=\"wp-image-504444\" srcset=\"https:\/\/dhg1h5j42swfq.cloudfront.net\/2020\/04\/16105643\/Delegado-Dc1.png 312w, https:\/\/dhg1h5j42swfq.cloudfront.net\/2020\/04\/16105643\/Delegado-Dc1-300x122.png 300w\" sizes=\"auto, (max-width: 312px) 100vw, 312px\" \/><figcaption>Quadro comparativo com o desenvolvimento da carreira de Delegado na PC-DF e na PC-RJ.<\/figcaption><\/figure><\/div>\n\n\n\n<p>Nota-se que, embora tenha uma remunera\u00e7\u00e3o inicial menor, a progress\u00e3o da carreira de Delegado da PC-DF \u00e9 mais favor\u00e1vel do que a da PC-RJ. Ademais, h\u00e1 estados que estudam a <strong>equipara\u00e7\u00e3o da carreira<\/strong> de seus Delegados \u00e0 carreira de Delegado da Pol\u00edcia Federal (que ser\u00e1 vista logo adiante). Dessa forma, o <strong>desenvolvimento da carreira de Delegado<\/strong> deve ser um ponto a ser <strong>estudado<\/strong> pelo aluno na hora de escolher os <strong>pr\u00f3ximos passos<\/strong> a serem trilhados.<\/p>\n\n\n\n<p>Quanto aos <strong>Delegados da PF<\/strong>, conforme Lei federal n\u00b013.371\/16, a partir de 2019, o <strong>subs\u00eddio<\/strong> passou a ser o seguinte:<\/p>\n\n\n\n<div class=\"wp-block-image\"><figure class=\"aligncenter size-large\"><img loading=\"lazy\" decoding=\"async\" width=\"228\" height=\"132\" src=\"https:\/\/dhg1h5j42swfq.cloudfront.net\/2020\/04\/16105726\/Delegado-dc-pf.png\" alt=\"Quadro com o desenvolvimento da carreira de Delegado na PF.\" class=\"wp-image-504445\"\/><figcaption>Quadro com o desenvolvimento da carreira de Delegado na PF.<\/figcaption><\/figure><\/div>\n\n\n\n<p>Em rela\u00e7\u00e3o \u00e0 <strong>promo\u00e7\u00e3o<\/strong>, os mesmos <strong>requisitos<\/strong> s\u00e3o pedidos tanto pela <strong>PC-DF<\/strong> como pela <strong>PF<\/strong>:<\/p>\n\n\n\n<ul class=\"wp-block-list\" type=\"I\"><li>Exerc\u00edcio ininterrupto do cargo:<ul><li>1) na terceira classe, <strong>por tr\u00eas anos<\/strong>, para promo\u00e7\u00e3o da terceira para a segunda classe;<\/li><li>2) na segunda classe, <strong>por cinco anos<\/strong>, para promo\u00e7\u00e3o da segunda para a primeira classe;<\/li><li>3) na primeira classe, <strong>por cinco anos<\/strong>, para promo\u00e7\u00e3o da primeira para a classe especial.<\/li><\/ul><\/li><li>Avalia\u00e7\u00e3o de desempenho satisfat\u00f3ria; e<\/li><li>Conclus\u00e3o, com aproveitamento, de curso de aperfei\u00e7oamento.<\/li><\/ul>\n\n\n\n<h2 class=\"wp-block-heading\">Disciplinas cobradas<\/h2>\n\n\n\n<p>Muitos alunos questionam sobre as <strong>disciplinas cobradas<\/strong> na carreira de Delegado da Pol\u00edcia Civil e da Pol\u00edcia Federal. Como podemos ver na tabela adiante, as provas podem <strong>variar bastante<\/strong>:<\/p>\n\n\n\n<div class=\"wp-block-image\"><figure class=\"aligncenter size-large\"><img loading=\"lazy\" decoding=\"async\" width=\"894\" height=\"674\" src=\"https:\/\/dhg1h5j42swfq.cloudfront.net\/2020\/04\/16105938\/Delegado-disciplinas.png\" alt=\"Quadro comparativo com as disciplinas cobradas de provas da carreira de Delegado em diversos \u00f3rg\u00e3os.\" class=\"wp-image-504446\" srcset=\"https:\/\/dhg1h5j42swfq.cloudfront.net\/2020\/04\/16105938\/Delegado-disciplinas.png 894w, https:\/\/dhg1h5j42swfq.cloudfront.net\/2020\/04\/16105938\/Delegado-disciplinas-300x226.png 300w, https:\/\/dhg1h5j42swfq.cloudfront.net\/2020\/04\/16105938\/Delegado-disciplinas-768x579.png 768w, https:\/\/dhg1h5j42swfq.cloudfront.net\/2020\/04\/16105938\/Delegado-disciplinas-610x460.png 610w\" sizes=\"auto, (max-width: 894px) 100vw, 894px\" \/><figcaption>Quadro comparativo com as disciplinas cobradas em provas da carreira de Delegado em diversos \u00f3rg\u00e3os.<\/figcaption><\/figure><\/div>\n\n\n\n<p>A primeira coisa que chama a aten\u00e7\u00e3o \u00e9 a <strong>quantidade de disciplinas<\/strong> presentes em alguns editais, como o da <strong>Pol\u00edcia Civil da Bahia<\/strong>. Al\u00e9m disso, percebe-se que tem um <strong>n\u00facleo<\/strong> que se repete nesses concursos, composto pelo <strong>Direito Administrativo, Constitucional, Civil, Penal e Processual Penal<\/strong>. Ent\u00e3o, se voc\u00ea n\u00e3o sabe ao certo qual carreira de Delegado seguir, estudar essas mat\u00e9rias pode ser um bom come\u00e7o, j\u00e1 que fazem parte de <strong>quase todos os certames para Delegado<\/strong>.<\/p>\n\n\n\n<p>O conhecimento das disciplinas cobradas \u00e9 <strong>fundamental<\/strong> para que o candidato possa <strong>organizar os seus estudos<\/strong>, o que pode pesar na hora da <strong>defini\u00e7\u00e3o da carreira<\/strong> <strong>mais afim<\/strong>.<\/p>\n\n\n\n<h2 class=\"wp-block-heading\">Considera\u00e7\u00f5es finais<\/h2>\n\n\n\n<p>Pessoal, nesse artigo buscamos trazer alguns <strong>pontos pertinentes<\/strong> e que podem ajudar o candidato a <strong>refletir<\/strong> <strong>acerca da carreira<\/strong> que mais se adeque a ele. Um fato a ser destacado \u00e9 a quest\u00e3o da <strong>remunera\u00e7\u00e3o<\/strong> e do <strong>desenvolvimento da carreira<\/strong>. Nesse ponto, a <strong>Pol\u00edcia Federal<\/strong> destaca-se por oferecer a seus Delegados <strong>condi\u00e7\u00f5es bem melhores<\/strong>, quando comparadas \u00e0 Pol\u00edcia Civil.<\/p>\n\n\n\n<p>Em contrapartida, o <strong>\u00faltimo edital da Pol\u00edcia Federa<\/strong>l (2018) trazia o seguinte: \u201c21.2 Para a escolha de lota\u00e7\u00e3o, ser\u00e3o disponibilizadas vagas, preferencialmente, nos estados do <strong>Acre, Amap\u00e1, Amazonas, Mato Grosso, Mato Grosso do Sul, Par\u00e1, Rond\u00f4nia, Roraima e Tocantins e em unidades de fronteira.<\/strong>\u201d<\/p>\n\n\n\n<p>Isso, em geral, \u00e9 um fator que pesa negativamente para a escolha da carreira na <strong>Pol\u00edcia Federal<\/strong>, devido \u00e0s <strong>incertezas do local de lota\u00e7\u00e3o<\/strong>. J\u00e1 para a <strong>Pol\u00edcia Civil<\/strong>, <strong>a lota\u00e7\u00e3o ser\u00e1 no estado do \u00f3rg\u00e3o<\/strong>, o que favorece aqueles que desejem permanecer pr\u00f3ximos \u00e0 fam\u00edlia ou que queiram escolher o lugar onde ir\u00e3o morar.<\/p>\n\n\n\n<p>Para mais informa\u00e7\u00f5es sobre a <strong>carreira de Delegado<\/strong> e sobre um <strong>edital na pra\u00e7a (PC-PR<\/strong>), <a href=\"https:\/\/www.estrategiaconcursos.com.br\/blog\/edital-delegado-pr\/\" target=\"_blank\" rel=\"noreferrer noopener\">acesse o artigo do professor do Estrat\u00e9gia e Delegado da PC-SP Paulo Bilynskyj<\/a>.<\/p>\n\n\n\n<p>Por fim, sabemos que essa decis\u00e3o \u00e9 muito pessoal, mas esperamos que possamos ter ajudado o aluno, trazendo informa\u00e7\u00f5es que sejam relevantes para o seu processo decis\u00f3rio.<\/p>\n\n\n\n<p>Desejo a todos bons estudos, f\u00e9 e determina\u00e7\u00e3o para alcan\u00e7ar os seus sonhos.<br \/><br \/>Um abra\u00e7o!!<\/p>\n","protected":false},"excerpt":{"rendered":"<p>Confira nesse artigo alguns pontos a serem considerados na hora de escolher a melhor carreira de Delegado para voc\u00ea. Ol\u00e1, pessoal, tudo bem? Uma das d\u00favidas mais comuns entre os candidatos da \u00e1rea policial \u00e9 a escolha de qual carreira de Delegado seguir. Nesse artigo, buscaremos ajudar o candidato a ter mais informa\u00e7\u00f5es para que [&hellip;]<\/p>\n","protected":false},"author":1713,"featured_media":149991,"comment_status":"open","ping_status":"closed","sticky":false,"template":"","format":"standard","meta":{"post_tipo":"article","footnotes":""},"categories":[1,1988],"tags":[],"tax_estado":[],"class_list":["post-504435","post","type-post","status-publish","format-standard","has-post-thumbnail","hentry","category-cursos-e-concursos","category-policia"],"acf":[],"yoast_head":"<!-- This site is optimized with the Yoast SEO Premium plugin v27.2 (Yoast SEO v27.2) - https:\/\/yoast.com\/product\/yoast-seo-premium-wordpress\/ -->\n<title>Carreira de Delegado: PC ou PF, qual \u00e9 a melhor escolha para voc\u00ea?<\/title>\n<meta name=\"description\" content=\"Confira nesse artigo alguns pontos a serem considerados na hora de escolher qual \u00e9 a melhor carreira de Delegado para voc\u00ea.\" \/>\n<meta name=\"robots\" content=\"index, follow, max-snippet:-1, max-image-preview:large, max-video-preview:-1\" \/>\n<link rel=\"canonical\" href=\"https:\/\/www.estrategiaconcursos.com.br\/blog\/carreira-de-delegado-pc-ou-pf-qual-e-a-melhor-escolha-para-voce\/\" \/>\n<meta property=\"og:locale\" content=\"pt_BR\" \/>\n<meta property=\"og:type\" content=\"article\" \/>\n<meta property=\"og:title\" content=\"Carreira de Delegado: PC ou PF, qual \u00e9 a melhor escolha para voc\u00ea?\" \/>\n<meta property=\"og:description\" content=\"Confira nesse artigo alguns pontos a serem considerados na hora de escolher qual \u00e9 a melhor carreira de Delegado para voc\u00ea.\" \/>\n<meta property=\"og:url\" content=\"https:\/\/www.estrategiaconcursos.com.br\/blog\/carreira-de-delegado-pc-ou-pf-qual-e-a-melhor-escolha-para-voce\/\" \/>\n<meta property=\"og:site_name\" content=\"Estrat\u00e9gia Concursos\" \/>\n<meta property=\"article:published_time\" content=\"2020-05-05T23:46:00+00:00\" \/>\n<meta property=\"og:image\" content=\"https:\/\/dhg1h5j42swfq.cloudfront.net\/2018\/10\/02174424\/concurso-policia.jpg\" \/>\n\t<meta property=\"og:image:width\" content=\"766\" \/>\n\t<meta property=\"og:image:height\" content=\"444\" \/>\n\t<meta property=\"og:image:type\" content=\"image\/jpeg\" \/>\n<meta name=\"author\" content=\"Rafael Incaua de Sousa Esashika\" \/>\n<meta name=\"twitter:card\" content=\"summary_large_image\" \/>\n<meta name=\"twitter:creator\" content=\"@EstratConcursos\" \/>\n<meta name=\"twitter:site\" content=\"@EstratConcursos\" \/>\n<meta name=\"twitter:label1\" content=\"Escrito por\" \/>\n\t<meta name=\"twitter:data1\" content=\"Rafael Incaua de Sousa Esashika\" \/>\n\t<meta name=\"twitter:label2\" content=\"Est. tempo de leitura\" \/>\n\t<meta name=\"twitter:data2\" content=\"7 minutos\" \/>\n<script type=\"application\/ld+json\" class=\"yoast-schema-graph\">{\"@context\":\"https:\/\/schema.org\",\"@graph\":[{\"@type\":\"NewsArticle\",\"@id\":\"https:\/\/www.estrategiaconcursos.com.br\/blog\/carreira-de-delegado-pc-ou-pf-qual-e-a-melhor-escolha-para-voce\/#article\",\"isPartOf\":{\"@id\":\"https:\/\/www.estrategiaconcursos.com.br\/blog\/carreira-de-delegado-pc-ou-pf-qual-e-a-melhor-escolha-para-voce\/\"},\"author\":{\"name\":\"Rafael Incaua de Sousa Esashika\",\"@id\":\"https:\/\/www.estrategiaconcursos.com.br\/blog\/#\/schema\/person\/ce908383c887b7867397db1c984b98c8\"},\"headline\":\"Carreira de Delegado: PC ou PF, qual \u00e9 a melhor escolha para voc\u00ea?\",\"datePublished\":\"2020-05-05T23:46:00+00:00\",\"mainEntityOfPage\":{\"@id\":\"https:\/\/www.estrategiaconcursos.com.br\/blog\/carreira-de-delegado-pc-ou-pf-qual-e-a-melhor-escolha-para-voce\/\"},\"wordCount\":1415,\"commentCount\":0,\"publisher\":{\"@id\":\"https:\/\/www.estrategiaconcursos.com.br\/blog\/#organization\"},\"image\":{\"@id\":\"https:\/\/www.estrategiaconcursos.com.br\/blog\/carreira-de-delegado-pc-ou-pf-qual-e-a-melhor-escolha-para-voce\/#primaryimage\"},\"thumbnailUrl\":\"https:\/\/dhg1h5j42swfq.cloudfront.net\/2018\/10\/02174424\/concurso-policia.jpg\",\"articleSection\":[\"Concursos P\u00fablicos\",\"Policial (Agente, Escriv\u00e3o e Investigador)\"],\"inLanguage\":\"pt-BR\",\"potentialAction\":[{\"@type\":\"CommentAction\",\"name\":\"Comment\",\"target\":[\"https:\/\/www.estrategiaconcursos.com.br\/blog\/carreira-de-delegado-pc-ou-pf-qual-e-a-melhor-escolha-para-voce\/#respond\"]}],\"copyrightYear\":\"2020\",\"copyrightHolder\":{\"@id\":\"https:\/\/www.estrategiaconcursos.com.br\/blog\/#organization\"}},{\"@type\":\"WebPage\",\"@id\":\"https:\/\/www.estrategiaconcursos.com.br\/blog\/carreira-de-delegado-pc-ou-pf-qual-e-a-melhor-escolha-para-voce\/\",\"url\":\"https:\/\/www.estrategiaconcursos.com.br\/blog\/carreira-de-delegado-pc-ou-pf-qual-e-a-melhor-escolha-para-voce\/\",\"name\":\"Carreira de Delegado: PC ou PF, qual \u00e9 a melhor escolha para voc\u00ea?\",\"isPartOf\":{\"@id\":\"https:\/\/www.estrategiaconcursos.com.br\/blog\/#website\"},\"primaryImageOfPage\":{\"@id\":\"https:\/\/www.estrategiaconcursos.com.br\/blog\/carreira-de-delegado-pc-ou-pf-qual-e-a-melhor-escolha-para-voce\/#primaryimage\"},\"image\":{\"@id\":\"https:\/\/www.estrategiaconcursos.com.br\/blog\/carreira-de-delegado-pc-ou-pf-qual-e-a-melhor-escolha-para-voce\/#primaryimage\"},\"thumbnailUrl\":\"https:\/\/dhg1h5j42swfq.cloudfront.net\/2018\/10\/02174424\/concurso-policia.jpg\",\"datePublished\":\"2020-05-05T23:46:00+00:00\",\"description\":\"Confira nesse artigo alguns pontos a serem considerados na hora de escolher qual \u00e9 a melhor carreira de Delegado para voc\u00ea.\",\"breadcrumb\":{\"@id\":\"https:\/\/www.estrategiaconcursos.com.br\/blog\/carreira-de-delegado-pc-ou-pf-qual-e-a-melhor-escolha-para-voce\/#breadcrumb\"},\"inLanguage\":\"pt-BR\",\"potentialAction\":[{\"@type\":\"ReadAction\",\"target\":[\"https:\/\/www.estrategiaconcursos.com.br\/blog\/carreira-de-delegado-pc-ou-pf-qual-e-a-melhor-escolha-para-voce\/\"]}]},{\"@type\":\"ImageObject\",\"inLanguage\":\"pt-BR\",\"@id\":\"https:\/\/www.estrategiaconcursos.com.br\/blog\/carreira-de-delegado-pc-ou-pf-qual-e-a-melhor-escolha-para-voce\/#primaryimage\",\"url\":\"https:\/\/dhg1h5j42swfq.cloudfront.net\/2018\/10\/02174424\/concurso-policia.jpg\",\"contentUrl\":\"https:\/\/dhg1h5j42swfq.cloudfront.net\/2018\/10\/02174424\/concurso-policia.jpg\",\"width\":766,\"height\":444,\"caption\":\"concurso policia\"},{\"@type\":\"BreadcrumbList\",\"@id\":\"https:\/\/www.estrategiaconcursos.com.br\/blog\/carreira-de-delegado-pc-ou-pf-qual-e-a-melhor-escolha-para-voce\/#breadcrumb\",\"itemListElement\":[{\"@type\":\"ListItem\",\"position\":1,\"name\":\"In\u00edcio\",\"item\":\"https:\/\/www.estrategiaconcursos.com.br\/blog\/\"},{\"@type\":\"ListItem\",\"position\":2,\"name\":\"Carreira de Delegado: PC ou PF, qual \u00e9 a melhor escolha para voc\u00ea?\"}]},{\"@type\":\"WebSite\",\"@id\":\"https:\/\/www.estrategiaconcursos.com.br\/blog\/#website\",\"url\":\"https:\/\/www.estrategiaconcursos.com.br\/blog\/\",\"name\":\"Estrat\u00e9gia Concursos\",\"description\":\"O blog da Estrat\u00e9gia Concursos traz not\u00edcias sobre concursos e artigos de professores oferecendo cursos para concursos (pdf + videaulas) no site.\",\"publisher\":{\"@id\":\"https:\/\/www.estrategiaconcursos.com.br\/blog\/#organization\"},\"potentialAction\":[{\"@type\":\"SearchAction\",\"target\":{\"@type\":\"EntryPoint\",\"urlTemplate\":\"https:\/\/www.estrategiaconcursos.com.br\/blog\/?s={search_term_string}\"},\"query-input\":{\"@type\":\"PropertyValueSpecification\",\"valueRequired\":true,\"valueName\":\"search_term_string\"}}],\"inLanguage\":\"pt-BR\"},{\"@type\":\"Organization\",\"@id\":\"https:\/\/www.estrategiaconcursos.com.br\/blog\/#organization\",\"name\":\"Estrat\u00e9gia Concursos\",\"url\":\"https:\/\/www.estrategiaconcursos.com.br\/blog\/\",\"logo\":{\"@type\":\"ImageObject\",\"inLanguage\":\"pt-BR\",\"@id\":\"https:\/\/www.estrategiaconcursos.com.br\/blog\/#\/schema\/logo\/image\/\",\"url\":\"https:\/\/dhg1h5j42swfq.cloudfront.net\/2025\/06\/03203428\/logo_concursos-1.jpg\",\"contentUrl\":\"https:\/\/dhg1h5j42swfq.cloudfront.net\/2025\/06\/03203428\/logo_concursos-1.jpg\",\"width\":230,\"height\":60,\"caption\":\"Estrat\u00e9gia Concursos\"},\"image\":{\"@id\":\"https:\/\/www.estrategiaconcursos.com.br\/blog\/#\/schema\/logo\/image\/\"},\"sameAs\":[\"https:\/\/x.com\/EstratConcursos\"]},{\"@type\":\"Person\",\"@id\":\"https:\/\/www.estrategiaconcursos.com.br\/blog\/#\/schema\/person\/ce908383c887b7867397db1c984b98c8\",\"name\":\"Rafael Incaua de Sousa Esashika\",\"image\":{\"@type\":\"ImageObject\",\"inLanguage\":\"pt-BR\",\"@id\":\"https:\/\/secure.gravatar.com\/avatar\/0ef7d470539ff3524acfe1d9c43aa9072d28daa1dfb901f8abaa1d0b1364b2d4?s=96&d=mm&r=g\",\"url\":\"https:\/\/secure.gravatar.com\/avatar\/0ef7d470539ff3524acfe1d9c43aa9072d28daa1dfb901f8abaa1d0b1364b2d4?s=96&d=mm&r=g\",\"contentUrl\":\"https:\/\/secure.gravatar.com\/avatar\/0ef7d470539ff3524acfe1d9c43aa9072d28daa1dfb901f8abaa1d0b1364b2d4?s=96&d=mm&r=g\",\"caption\":\"Rafael Incaua de Sousa Esashika\"},\"url\":\"https:\/\/www.estrategiaconcursos.com.br\/blog\/author\/rafael-incauagmail-com\/\"}]}<\/script>\n<!-- \/ Yoast SEO Premium plugin. -->","yoast_head_json":{"title":"Carreira de Delegado: PC ou PF, qual \u00e9 a melhor escolha para voc\u00ea?","description":"Confira nesse artigo alguns pontos a serem considerados na hora de escolher qual \u00e9 a melhor carreira de Delegado para voc\u00ea.","robots":{"index":"index","follow":"follow","max-snippet":"max-snippet:-1","max-image-preview":"max-image-preview:large","max-video-preview":"max-video-preview:-1"},"canonical":"https:\/\/www.estrategiaconcursos.com.br\/blog\/carreira-de-delegado-pc-ou-pf-qual-e-a-melhor-escolha-para-voce\/","og_locale":"pt_BR","og_type":"article","og_title":"Carreira de Delegado: PC ou PF, qual \u00e9 a melhor escolha para voc\u00ea?","og_description":"Confira nesse artigo alguns pontos a serem considerados na hora de escolher qual \u00e9 a melhor carreira de Delegado para voc\u00ea.","og_url":"https:\/\/www.estrategiaconcursos.com.br\/blog\/carreira-de-delegado-pc-ou-pf-qual-e-a-melhor-escolha-para-voce\/","og_site_name":"Estrat\u00e9gia Concursos","article_published_time":"2020-05-05T23:46:00+00:00","og_image":[{"width":766,"height":444,"url":"https:\/\/dhg1h5j42swfq.cloudfront.net\/2018\/10\/02174424\/concurso-policia.jpg","type":"image\/jpeg"}],"author":"Rafael Incaua de Sousa Esashika","twitter_card":"summary_large_image","twitter_creator":"@EstratConcursos","twitter_site":"@EstratConcursos","twitter_misc":{"Escrito por":"Rafael Incaua de Sousa Esashika","Est. tempo de leitura":"7 minutos"},"schema":{"@context":"https:\/\/schema.org","@graph":[{"@type":"NewsArticle","@id":"https:\/\/www.estrategiaconcursos.com.br\/blog\/carreira-de-delegado-pc-ou-pf-qual-e-a-melhor-escolha-para-voce\/#article","isPartOf":{"@id":"https:\/\/www.estrategiaconcursos.com.br\/blog\/carreira-de-delegado-pc-ou-pf-qual-e-a-melhor-escolha-para-voce\/"},"author":{"name":"Rafael Incaua de Sousa Esashika","@id":"https:\/\/www.estrategiaconcursos.com.br\/blog\/#\/schema\/person\/ce908383c887b7867397db1c984b98c8"},"headline":"Carreira de Delegado: PC ou PF, qual \u00e9 a melhor escolha para voc\u00ea?","datePublished":"2020-05-05T23:46:00+00:00","mainEntityOfPage":{"@id":"https:\/\/www.estrategiaconcursos.com.br\/blog\/carreira-de-delegado-pc-ou-pf-qual-e-a-melhor-escolha-para-voce\/"},"wordCount":1415,"commentCount":0,"publisher":{"@id":"https:\/\/www.estrategiaconcursos.com.br\/blog\/#organization"},"image":{"@id":"https:\/\/www.estrategiaconcursos.com.br\/blog\/carreira-de-delegado-pc-ou-pf-qual-e-a-melhor-escolha-para-voce\/#primaryimage"},"thumbnailUrl":"https:\/\/dhg1h5j42swfq.cloudfront.net\/2018\/10\/02174424\/concurso-policia.jpg","articleSection":["Concursos P\u00fablicos","Policial (Agente, Escriv\u00e3o e Investigador)"],"inLanguage":"pt-BR","potentialAction":[{"@type":"CommentAction","name":"Comment","target":["https:\/\/www.estrategiaconcursos.com.br\/blog\/carreira-de-delegado-pc-ou-pf-qual-e-a-melhor-escolha-para-voce\/#respond"]}],"copyrightYear":"2020","copyrightHolder":{"@id":"https:\/\/www.estrategiaconcursos.com.br\/blog\/#organization"}},{"@type":"WebPage","@id":"https:\/\/www.estrategiaconcursos.com.br\/blog\/carreira-de-delegado-pc-ou-pf-qual-e-a-melhor-escolha-para-voce\/","url":"https:\/\/www.estrategiaconcursos.com.br\/blog\/carreira-de-delegado-pc-ou-pf-qual-e-a-melhor-escolha-para-voce\/","name":"Carreira de Delegado: PC ou PF, qual \u00e9 a melhor escolha para voc\u00ea?","isPartOf":{"@id":"https:\/\/www.estrategiaconcursos.com.br\/blog\/#website"},"primaryImageOfPage":{"@id":"https:\/\/www.estrategiaconcursos.com.br\/blog\/carreira-de-delegado-pc-ou-pf-qual-e-a-melhor-escolha-para-voce\/#primaryimage"},"image":{"@id":"https:\/\/www.estrategiaconcursos.com.br\/blog\/carreira-de-delegado-pc-ou-pf-qual-e-a-melhor-escolha-para-voce\/#primaryimage"},"thumbnailUrl":"https:\/\/dhg1h5j42swfq.cloudfront.net\/2018\/10\/02174424\/concurso-policia.jpg","datePublished":"2020-05-05T23:46:00+00:00","description":"Confira nesse artigo alguns pontos a serem considerados na hora de escolher qual \u00e9 a melhor carreira de Delegado para voc\u00ea.","breadcrumb":{"@id":"https:\/\/www.estrategiaconcursos.com.br\/blog\/carreira-de-delegado-pc-ou-pf-qual-e-a-melhor-escolha-para-voce\/#breadcrumb"},"inLanguage":"pt-BR","potentialAction":[{"@type":"ReadAction","target":["https:\/\/www.estrategiaconcursos.com.br\/blog\/carreira-de-delegado-pc-ou-pf-qual-e-a-melhor-escolha-para-voce\/"]}]},{"@type":"ImageObject","inLanguage":"pt-BR","@id":"https:\/\/www.estrategiaconcursos.com.br\/blog\/carreira-de-delegado-pc-ou-pf-qual-e-a-melhor-escolha-para-voce\/#primaryimage","url":"https:\/\/dhg1h5j42swfq.cloudfront.net\/2018\/10\/02174424\/concurso-policia.jpg","contentUrl":"https:\/\/dhg1h5j42swfq.cloudfront.net\/2018\/10\/02174424\/concurso-policia.jpg","width":766,"height":444,"caption":"concurso policia"},{"@type":"BreadcrumbList","@id":"https:\/\/www.estrategiaconcursos.com.br\/blog\/carreira-de-delegado-pc-ou-pf-qual-e-a-melhor-escolha-para-voce\/#breadcrumb","itemListElement":[{"@type":"ListItem","position":1,"name":"In\u00edcio","item":"https:\/\/www.estrategiaconcursos.com.br\/blog\/"},{"@type":"ListItem","position":2,"name":"Carreira de Delegado: PC ou PF, qual \u00e9 a melhor escolha para voc\u00ea?"}]},{"@type":"WebSite","@id":"https:\/\/www.estrategiaconcursos.com.br\/blog\/#website","url":"https:\/\/www.estrategiaconcursos.com.br\/blog\/","name":"Estrat\u00e9gia Concursos","description":"O blog da Estrat\u00e9gia Concursos traz not\u00edcias sobre concursos e artigos de professores oferecendo cursos para concursos (pdf + videaulas) no site.","publisher":{"@id":"https:\/\/www.estrategiaconcursos.com.br\/blog\/#organization"},"potentialAction":[{"@type":"SearchAction","target":{"@type":"EntryPoint","urlTemplate":"https:\/\/www.estrategiaconcursos.com.br\/blog\/?s={search_term_string}"},"query-input":{"@type":"PropertyValueSpecification","valueRequired":true,"valueName":"search_term_string"}}],"inLanguage":"pt-BR"},{"@type":"Organization","@id":"https:\/\/www.estrategiaconcursos.com.br\/blog\/#organization","name":"Estrat\u00e9gia Concursos","url":"https:\/\/www.estrategiaconcursos.com.br\/blog\/","logo":{"@type":"ImageObject","inLanguage":"pt-BR","@id":"https:\/\/www.estrategiaconcursos.com.br\/blog\/#\/schema\/logo\/image\/","url":"https:\/\/dhg1h5j42swfq.cloudfront.net\/2025\/06\/03203428\/logo_concursos-1.jpg","contentUrl":"https:\/\/dhg1h5j42swfq.cloudfront.net\/2025\/06\/03203428\/logo_concursos-1.jpg","width":230,"height":60,"caption":"Estrat\u00e9gia Concursos"},"image":{"@id":"https:\/\/www.estrategiaconcursos.com.br\/blog\/#\/schema\/logo\/image\/"},"sameAs":["https:\/\/x.com\/EstratConcursos"]},{"@type":"Person","@id":"https:\/\/www.estrategiaconcursos.com.br\/blog\/#\/schema\/person\/ce908383c887b7867397db1c984b98c8","name":"Rafael Incaua de Sousa Esashika","image":{"@type":"ImageObject","inLanguage":"pt-BR","@id":"https:\/\/secure.gravatar.com\/avatar\/0ef7d470539ff3524acfe1d9c43aa9072d28daa1dfb901f8abaa1d0b1364b2d4?s=96&d=mm&r=g","url":"https:\/\/secure.gravatar.com\/avatar\/0ef7d470539ff3524acfe1d9c43aa9072d28daa1dfb901f8abaa1d0b1364b2d4?s=96&d=mm&r=g","contentUrl":"https:\/\/secure.gravatar.com\/avatar\/0ef7d470539ff3524acfe1d9c43aa9072d28daa1dfb901f8abaa1d0b1364b2d4?s=96&d=mm&r=g","caption":"Rafael Incaua de Sousa Esashika"},"url":"https:\/\/www.estrategiaconcursos.com.br\/blog\/author\/rafael-incauagmail-com\/"}]}},"_links":{"self":[{"href":"https:\/\/www.estrategiaconcursos.com.br\/blog\/wp-json\/wp\/v2\/posts\/504435","targetHints":{"allow":["GET"]}}],"collection":[{"href":"https:\/\/www.estrategiaconcursos.com.br\/blog\/wp-json\/wp\/v2\/posts"}],"about":[{"href":"https:\/\/www.estrategiaconcursos.com.br\/blog\/wp-json\/wp\/v2\/types\/post"}],"author":[{"embeddable":true,"href":"https:\/\/www.estrategiaconcursos.com.br\/blog\/wp-json\/wp\/v2\/users\/1713"}],"replies":[{"embeddable":true,"href":"https:\/\/www.estrategiaconcursos.com.br\/blog\/wp-json\/wp\/v2\/comments?post=504435"}],"version-history":[{"count":10,"href":"https:\/\/www.estrategiaconcursos.com.br\/blog\/wp-json\/wp\/v2\/posts\/504435\/revisions"}],"predecessor-version":[{"id":507921,"href":"https:\/\/www.estrategiaconcursos.com.br\/blog\/wp-json\/wp\/v2\/posts\/504435\/revisions\/507921"}],"wp:featuredmedia":[{"embeddable":true,"href":"https:\/\/www.estrategiaconcursos.com.br\/blog\/wp-json\/wp\/v2\/media\/149991"}],"wp:attachment":[{"href":"https:\/\/www.estrategiaconcursos.com.br\/blog\/wp-json\/wp\/v2\/media?parent=504435"}],"wp:term":[{"taxonomy":"category","embeddable":true,"href":"https:\/\/www.estrategiaconcursos.com.br\/blog\/wp-json\/wp\/v2\/categories?post=504435"},{"taxonomy":"post_tag","embeddable":true,"href":"https:\/\/www.estrategiaconcursos.com.br\/blog\/wp-json\/wp\/v2\/tags?post=504435"},{"taxonomy":"tax_estado","embeddable":true,"href":"https:\/\/www.estrategiaconcursos.com.br\/blog\/wp-json\/wp\/v2\/tax_estado?post=504435"}],"curies":[{"name":"wp","href":"https:\/\/api.w.org\/{rel}","templated":true}]}}