{"id":504226,"date":"2020-05-04T00:00:00","date_gmt":"2020-05-04T03:00:00","guid":{"rendered":"https:\/\/www.estrategiaconcursos.com.br\/blog\/?p=504226"},"modified":"2020-05-05T08:57:01","modified_gmt":"2020-05-05T11:57:01","slug":"edital-processo-seletivo-seplag-mg","status":"publish","type":"post","link":"https:\/\/www.estrategiaconcursos.com.br\/blog\/edital-processo-seletivo-seplag-mg\/","title":{"rendered":"Inscri\u00e7\u00f5es do processo seletivo Seplag MG est\u00e3o ENCERRADAS!"},"content":{"rendered":"\n<p>J\u00e1 est\u00e1 encerrado o per\u00edodo de inscri\u00e7\u00f5es para o processo seletivo simplificado que ir\u00e1 contratar oito profissionais para atua\u00e7\u00e3o em a\u00e7\u00f5es de repara\u00e7\u00e3o e compensa\u00e7\u00e3o dos danos provocados pelo rompimento da Barragem B1, da mina C\u00f3rrego do Feij\u00e3o, em Brumadinho.<\/p>\n\n\n\n<p>As vagas s\u00e3o tempor\u00e1rias, com exerc\u00edcio de atividades em Belo Horizonte, para analista de pol\u00edticas p\u00fablicas, analista educacional e gestor governamental. <\/p>\n\n\n\n<p>Os interessados em participar da sele\u00e7\u00e3o puderam realizar as inscri\u00e7\u00f5es at\u00e9 o dia<strong> 04 de maio<\/strong>, no site da pr\u00f3pria <strong>Seplag<\/strong>. N\u00e3o foi cobrado nenhum valor a t\u00edtulo de taxa de inscri\u00e7\u00e3o.<\/p>\n\n\n\n<p>Ao todo s\u00e3o ofertadas 08 vagas imediatas para cargos de n\u00edvel superior, distribu\u00eddas entre diferentes secretarias. Vale ressaltar que este \u00e9 o primeiro de seis editais que ainda ser\u00e3o publicados em 2020. <\/p>\n\n\n\n<p>No decorrer do ano, ocorrer\u00e3o sele\u00e7\u00f5es para cerca de <strong>200 vagas tempor\u00e1rias<\/strong> tamb\u00e9m nas secretarias de Desenvolvimento Social (Sedese), Sa\u00fade (SES), Agricultura, Pecu\u00e1ria e Abastecimento (Seapa), Cultura e Turismo (Secult), al\u00e9m do Sistema Estadual de Meio Ambiente e Recursos H\u00eddricos (Sisema) e outras institui\u00e7\u00f5es e funda\u00e7\u00f5es vinculadas ao Estado.<\/p>\n\n\n\n<h2 class=\"wp-block-heading\" id=\"cargos-vagas\">Cargos e vagas<\/h2>\n\n\n\n<p>As vagas ser\u00e3o distribu\u00eddas entre diferentes secretarias. Confira abaixo:<\/p>\n\n\n\n<h4 class=\"wp-block-heading\">Secretaria de Estado de Desenvolvimento Econ\u00f4mico<\/h4>\n\n\n\n<figure class=\"wp-block-table is-style-stripes\"><table class=\"has-subtle-pale-blue-background-color has-fixed-layout has-background\"><tbody><tr><td><strong>CARGO<\/strong><\/td><td><strong>VAGAS<\/strong><\/td><td><strong>REMUNERA\u00c7\u00c3O<\/strong><\/td><\/tr><tr><td>Analista de Gest\u00e3o de<br \/>Pol\u00edticas P\u00fablicas em Desenvolvimento<\/td><td>02<\/td><td>R$3.411,55 + vale alimenta\u00e7\u00e3o de R$47 por dia trabalhado<\/td><\/tr><\/tbody><\/table><\/figure>\n\n\n\n<ul class=\"wp-block-list\"><li><strong>Escolaridade<\/strong>: Curso superior em uma das seguintes \u00e1reas: Administra\u00e7\u00e3o, Administra\u00e7\u00e3o P\u00fablica; Gest\u00e3o P\u00fablica; Economia, Arquitetura e Urbanismo e Engenharia<\/li><li><strong>Carga hor\u00e1ria<\/strong>: 40 horas semanais, cumpridas diariamente<\/li><\/ul>\n\n\n\n<h4 class=\"wp-block-heading\">Secretaria de Estado de Educa\u00e7\u00e3o<\/h4>\n\n\n\n<figure class=\"wp-block-table is-style-stripes\"><table class=\"has-subtle-pale-blue-background-color has-fixed-layout has-background\"><tbody><tr><td><strong>CARGO<\/strong><\/td><td><strong>VAGAS<\/strong><\/td><td><strong>REMUNERA\u00c7\u00c3O<\/strong><\/td><\/tr><tr><td>Analista Educacional<\/td><td>01<\/td><td>R$3.831,34 + vale alimenta\u00e7\u00e3o de R$47 por dia trabalhado<\/td><\/tr><tr><td>Analista de Educa\u00e7\u00e3o<\/td><td>01<\/td><td>R$3.556,68 + vale alimenta\u00e7\u00e3o de R$47 por dia trabalhado<\/td><\/tr><\/tbody><\/table><\/figure>\n\n\n\n<ul class=\"wp-block-list\"><li><strong>Escolaridade<\/strong> (Educacional): Curso superior em uma das seguintes \u00e1reas: Administra\u00e7\u00e3o P\u00fablica; Gest\u00e3o P\u00fablica; Pedagogia (bacharelado ou licenciatura)<\/li><li><strong>Escolaridade <\/strong>(Educa\u00e7\u00e3o): Curso superior em uma das seguintes \u00e1reas: Administra\u00e7\u00e3o P\u00fablica; Gest\u00e3o P\u00fablica; Pedagogia (bacharelado ou licenciatura), Ci\u00eancias do Estado; Direito; Ci\u00eancias Sociais<\/li><li><strong>Carga hor\u00e1ria<\/strong>: 40 horas semanais, cumpridas diariamente<\/li><\/ul>\n\n\n\n<h4 class=\"wp-block-heading\">Secretaria de Estado de Infraestrutura e Mobilidade<\/h4>\n\n\n\n<figure class=\"wp-block-table is-style-stripes\"><table class=\"has-subtle-pale-blue-background-color has-fixed-layout has-background\"><tbody><tr><td><strong>CARGO<\/strong><\/td><td><strong>VAGAS<\/strong><\/td><td><strong>REMUNERA\u00c7\u00c3O<\/strong><\/td><\/tr><tr><td>Analista de Gest\u00e3o de<br \/>Pol\u00edticas P\u00fablicas em Desenvolvimento<\/td><td>01<\/td><td>R$2.292,09 + ajuda de custo de R$90 por dia trabalhado<\/td><\/tr><\/tbody><\/table><\/figure>\n\n\n\n<ul class=\"wp-block-list\"><li><strong>Escolaridade<\/strong>: Curso superior em uma das seguintes \u00e1reas: Administra\u00e7\u00e3o, Administra\u00e7\u00e3o P\u00fablica; Gest\u00e3o P\u00fablica<\/li><li><strong>Carga hor\u00e1ria<\/strong>: 40 horas semanais, cumpridas diariamente<\/li><\/ul>\n\n\n\n<h4 class=\"wp-block-heading\">Secretaria de Estado de Planejamento e Gest\u00e3o<\/h4>\n\n\n\n<figure class=\"wp-block-table is-style-stripes\"><table class=\"has-subtle-pale-blue-background-color has-fixed-layout has-background\"><tbody><tr><td><strong>CARGO<\/strong><\/td><td><strong>VAGAS<\/strong><\/td><td><strong>REMUNERA\u00c7\u00c3O<\/strong><\/td><\/tr><tr><td>Gestor Governamental<\/td><td>03<\/td><td>R$2.292,09 + vale alimenta\u00e7\u00e3o de R$47 por dia trabalhado<\/td><\/tr><\/tbody><\/table><\/figure>\n\n\n\n<ul class=\"wp-block-list\"><li><strong>Escolaridade<\/strong>: Curso superior em uma das seguintes \u00e1reas: Administra\u00e7\u00e3o, Administra\u00e7\u00e3o P\u00fablica; Gest\u00e3o P\u00fablica; Economia, Arquitetura e Urbanismo e Engenharia<\/li><li><strong>Carga hor\u00e1ria<\/strong>: 40 horas semanais, cumpridas diariamente<\/li><li><strong>Atribui\u00e7\u00f5es<\/strong>: Apoio t\u00e9cnico \u00e0 execu\u00e7\u00e3o, acompanhamento, articula\u00e7\u00e3o e gest\u00e3o das a\u00e7\u00f5es da Secretaria no Comit\u00ea Gestor Pr\u00f3-Brumadinho<\/li><\/ul>\n\n\n\n<h2 class=\"wp-block-heading\" id=\"etapas\">Etapas e provas<\/h2>\n\n\n\n<p>O concurso Seplag MG ser\u00e1 constitu\u00eddo de tr\u00eas etapas, sendo elas:<\/p>\n\n\n\n<ol class=\"wp-block-list\"><li><strong>Candidatura e Habilita\u00e7\u00e3o<\/strong><\/li><li><strong>An\u00e1lise de Curr\u00edculo e T\u00edtulos<\/strong><\/li><li><strong>Entrevista<\/strong><\/li><\/ol>\n\n\n\n<h4 class=\"wp-block-heading\">CANDIDATURA E HABILITA\u00c7\u00c3O<\/h4>\n\n\n\n<p>Nessa etapa, o candidato dever\u00e1 preencher as informa\u00e7\u00f5es pessoais e dados curriculares em formul\u00e1rio eletr\u00f4nico e, em seguida, anexar a documenta\u00e7\u00e3o solicitada. Ser\u00e1 realizada a confer\u00eancia da documenta\u00e7\u00e3o apresentada para fins de checagem dos pr\u00e9-requisitos, sendo esta etapa de car\u00e1ter eliminat\u00f3rio.<\/p>\n\n\n\n<p>A an\u00e1lise dos documentos ser\u00e1 realizada pela Comiss\u00e3o do Processo Seletivo que ser\u00e1 composta por 3 servidores p\u00fablicos: um membro da \u00e1rea t\u00e9cnica e outro da unidade setorial de recursos humanos, ambos do \u00f3rg\u00e3o ou entidade contratante, e por \u00faltimo, preferencialmente, um psic\u00f3logo. A comiss\u00e3o conferir\u00e1 se as inscri\u00e7\u00f5es obedecem \u00e0s exig\u00eancias de prazo, condi\u00e7\u00f5es, documentos e itens.<\/p>\n\n\n\n<h4 class=\"wp-block-heading\">AN\u00c1LISE DE CURR\u00cdCULO E T\u00cdTULOS<\/h4>\n\n\n\n<p>Consiste em An\u00e1lise de Curr\u00edculo e T\u00edtulos para verifica\u00e7\u00e3o das informa\u00e7\u00f5es prestadas relativas a experi\u00eancia profissional e acad\u00eamica, sendo esta etapa apenas classificat\u00f3ria. Esta etapa ter\u00e1 como valor m\u00e1ximo 100 pontos.<\/p>\n\n\n\n<p>Ser\u00e3o pontuadas apenas as experi\u00eancias profissionais informadas pelo candidato que sejam compat\u00edveis com as atribui\u00e7\u00f5es da vaga selecionada. N\u00e3o ser\u00e3o consideradas fra\u00e7\u00f5es de ano ou tempo arredondado para efeito de c\u00e1lculo de pontua\u00e7\u00e3o das experi\u00eancias profissionais informadas.<\/p>\n\n\n\n<p>O candidato poder\u00e1 participar do Processo Seletivo P\u00fablico Simplificado mesmo n\u00e3o obtendo pontua\u00e7\u00e3o nas experi\u00eancias profissionais, uma vez atendidos os pr\u00e9-requisitos. Ser\u00e3o classificados para participa\u00e7\u00e3o na pr\u00f3xima etapa os 3 candidatos com maior pontua\u00e7\u00e3o na 2\u00aa etapa, por vaga.<\/p>\n\n\n\n<div class=\"wp-block-image\"><figure class=\"aligncenter size-large is-resized\"><img loading=\"lazy\" decoding=\"async\" src=\"https:\/\/dhg1h5j42swfq.cloudfront.net\/2020\/04\/15173701\/image-171-1024x474.png\" alt=\"\" class=\"wp-image-504261\" width=\"658\" height=\"304\" srcset=\"https:\/\/dhg1h5j42swfq.cloudfront.net\/2020\/04\/15173701\/image-171-1024x474.png 1024w, https:\/\/dhg1h5j42swfq.cloudfront.net\/2020\/04\/15173701\/image-171-300x139.png 300w, https:\/\/dhg1h5j42swfq.cloudfront.net\/2020\/04\/15173701\/image-171-768x356.png 768w, https:\/\/dhg1h5j42swfq.cloudfront.net\/2020\/04\/15173701\/image-171-610x282.png 610w, https:\/\/dhg1h5j42swfq.cloudfront.net\/2020\/04\/15173701\/image-171.png 1082w\" sizes=\"auto, (max-width: 658px) 100vw, 658px\" \/><\/figure><\/div>\n\n\n\n<h4 class=\"wp-block-heading\">ENTREVISTA<\/h4>\n\n\n\n<p>Consiste em realizar a entrevista com os candidatos aptos, em busca de informa\u00e7\u00f5es e evid\u00eancias sobre a trajet\u00f3ria profissional do candidato, para identificar quais comportamentos e resultados obteve, bem como agiu em determinadas situa\u00e7\u00f5es profissionais, sendo esta etapa de car\u00e1ter classificat\u00f3rio e eliminat\u00f3rio.<\/p>\n\n\n\n<div class=\"wp-block-image\"><figure class=\"aligncenter size-large is-resized\"><img loading=\"lazy\" decoding=\"async\" src=\"https:\/\/dhg1h5j42swfq.cloudfront.net\/2020\/04\/15173736\/image-172-1024x128.png\" alt=\"\" class=\"wp-image-504262\" width=\"658\" height=\"82\" srcset=\"https:\/\/dhg1h5j42swfq.cloudfront.net\/2020\/04\/15173736\/image-172-1024x128.png 1024w, https:\/\/dhg1h5j42swfq.cloudfront.net\/2020\/04\/15173736\/image-172-300x37.png 300w, https:\/\/dhg1h5j42swfq.cloudfront.net\/2020\/04\/15173736\/image-172-768x96.png 768w, https:\/\/dhg1h5j42swfq.cloudfront.net\/2020\/04\/15173736\/image-172-610x76.png 610w, https:\/\/dhg1h5j42swfq.cloudfront.net\/2020\/04\/15173736\/image-172.png 1081w\" sizes=\"auto, (max-width: 658px) 100vw, 658px\" \/><\/figure><\/div>\n\n\n\n<hr class=\"wp-block-separator\"\/>\n\n\n\n<p class=\"has-text-align-center has-medium-font-size\"><em><strong>Assinatura Anual Ilimitada*<\/strong><\/em><\/p>\n\n\n\n<p class=\"has-text-align-center\"><em>Prepare-se com o melhor material e com quem mais aprova em Concursos P\u00fablicos em todo o pa\u00eds. Assine agora a nossa Assinatura Anual e tenha acesso ilimitado* a todos os nossos cursos.<\/em><\/p>\n\n\n\n<p style=\"font-size:22px\" class=\"has-background has-text-align-center has-luminous-vivid-amber-background-color\"><strong>ASSINE AGORA<\/strong>&nbsp;\u2013&nbsp;<strong><a rel=\"noreferrer noopener\" href=\"https:\/\/www.estrategiaconcursos.com.br\/assinaturas\" target=\"_blank\">Assinatura Ilimitada<\/a><\/strong><\/p>\n\n\n\n<p class=\"has-text-align-center has-medium-font-size\"><strong><em>Fique por dentro de todos os concursos<\/em><\/strong><\/p>\n\n\n\n<p style=\"font-size:22px\" class=\"has-background has-text-align-center has-pale-cyan-blue-background-color\"><a rel=\"noreferrer noopener\" href=\"https:\/\/www.estrategiaconcursos.com.br\/blog\/concursos-abertos\/\" target=\"_blank\"><strong>CONCURSOS ABERTOS<\/strong><\/a><\/p>\n\n\n\n<p style=\"font-size:22px\" class=\"has-background has-text-align-center has-pale-cyan-blue-background-color\"><a rel=\"noreferrer noopener\" href=\"https:\/\/www.estrategiaconcursos.com.br\/blog\/concursos-2020\/\" target=\"_blank\"><strong>CONCURSOS&nbsp;2020<\/strong><\/a><\/p>\n\n\n\n<figure class=\"wp-block-image\"><img loading=\"lazy\" decoding=\"async\" width=\"300\" height=\"102\" src=\"https:\/\/dhg1h5j42swfq.cloudfront.net\/2017\/03\/28152500\/coruja-ficha-tecnica-300x102.png\" alt=\"\" class=\"wp-image-68542\"\/><\/figure>\n\n\n\n<h3 class=\"wp-block-heading\" id=\"ficha-tecnica\"><strong>Informa\u00e7\u00f5es sobre o PSS Seplag MG<\/strong><\/h3>\n\n\n\n<p>\u25ba<strong>Vagas<\/strong>: 08<br \/>\u25ba<strong>Cargos<\/strong>: V\u00e1rios<br \/>\u25ba<strong>Banca<\/strong>: SEPLAG<br \/>\u25ba<strong>Escolaridade<\/strong>: N\u00edvel superior<br \/>\u25ba<strong>Edital<\/strong>:\u00a0<a rel=\"noreferrer noopener\" href=\"https:\/\/dhg1h5j42swfq.cloudfront.net\/2020\/04\/15172819\/PSS-SEPLAG-MG.pdf\" target=\"_blank\">Edital PSS Seplag MG<\/a><\/p>\n\n\n\n<p><em>Ascom Estrat\u00e9gia<\/em><br \/>ascomestrategia@gmail.com<\/p>\n","protected":false},"excerpt":{"rendered":"<p>J\u00e1 est\u00e1 encerrado o per\u00edodo de inscri\u00e7\u00f5es para o processo seletivo simplificado que ir\u00e1 contratar oito profissionais para atua\u00e7\u00e3o em a\u00e7\u00f5es de repara\u00e7\u00e3o e compensa\u00e7\u00e3o dos danos provocados pelo rompimento da Barragem B1, da mina C\u00f3rrego do Feij\u00e3o, em Brumadinho. As vagas s\u00e3o tempor\u00e1rias, com exerc\u00edcio de atividades em Belo Horizonte, para analista de pol\u00edticas [&hellip;]<\/p>\n","protected":false},"author":1,"featured_media":391659,"comment_status":"open","ping_status":"closed","sticky":false,"template":"","format":"standard","meta":{"post_tipo":"news","footnotes":""},"categories":[1],"tags":[],"tax_estado":[],"class_list":["post-504226","post","type-post","status-publish","format-standard","has-post-thumbnail","hentry","category-cursos-e-concursos"],"acf":[],"yoast_head":"<!-- This site is optimized with the Yoast SEO Premium plugin v27.2 (Yoast SEO v27.2) - https:\/\/yoast.com\/product\/yoast-seo-premium-wordpress\/ -->\n<title>Inscri\u00e7\u00f5es do processo seletivo Seplag MG est\u00e3o ENCERRADAS!<\/title>\n<meta name=\"description\" content=\"Inscri\u00e7\u00f5es do processo seletivo da Secretaria de Estado de Planejamento e Gest\u00e3o de Minas Gerais est\u00e3o encerradas. Edital oferta 08 vagas para superior.\" \/>\n<meta name=\"robots\" content=\"index, follow, max-snippet:-1, max-image-preview:large, max-video-preview:-1\" \/>\n<link rel=\"canonical\" href=\"https:\/\/www.estrategiaconcursos.com.br\/blog\/edital-processo-seletivo-seplag-mg\/\" \/>\n<meta property=\"og:locale\" content=\"pt_BR\" \/>\n<meta property=\"og:type\" content=\"article\" \/>\n<meta property=\"og:title\" content=\"Inscri\u00e7\u00f5es do processo seletivo Seplag MG est\u00e3o ENCERRADAS!\" \/>\n<meta property=\"og:description\" content=\"Inscri\u00e7\u00f5es do processo seletivo da Secretaria de Estado de Planejamento e Gest\u00e3o de Minas Gerais est\u00e3o encerradas. Edital oferta 08 vagas para superior.\" \/>\n<meta property=\"og:url\" content=\"https:\/\/www.estrategiaconcursos.com.br\/blog\/edital-processo-seletivo-seplag-mg\/\" \/>\n<meta property=\"og:site_name\" content=\"Estrat\u00e9gia Concursos\" \/>\n<meta property=\"article:author\" content=\"https:\/\/www.facebook.com\/EstrategiaConcursos\" \/>\n<meta property=\"article:published_time\" content=\"2020-05-04T03:00:00+00:00\" \/>\n<meta property=\"article:modified_time\" content=\"2020-05-05T11:57:01+00:00\" \/>\n<meta property=\"og:image\" content=\"https:\/\/dhg1h5j42swfq.cloudfront.net\/2019\/06\/26085442\/concurso-seplag-e1561552335509.png\" \/>\n\t<meta property=\"og:image:width\" content=\"400\" \/>\n\t<meta property=\"og:image:height\" content=\"209\" \/>\n\t<meta property=\"og:image:type\" content=\"image\/png\" \/>\n<meta name=\"author\" content=\"Coordena\u00e7\u00e3o\" \/>\n<meta name=\"twitter:card\" content=\"summary_large_image\" \/>\n<meta name=\"twitter:creator\" content=\"@EstratConcursos\" \/>\n<meta name=\"twitter:site\" content=\"@EstratConcursos\" \/>\n<meta name=\"twitter:label1\" content=\"Escrito por\" \/>\n\t<meta name=\"twitter:data1\" content=\"Coordena\u00e7\u00e3o\" \/>\n\t<meta name=\"twitter:label2\" content=\"Est. tempo de leitura\" \/>\n\t<meta name=\"twitter:data2\" content=\"5 minutos\" \/>\n<script type=\"application\/ld+json\" class=\"yoast-schema-graph\">{\"@context\":\"https:\/\/schema.org\",\"@graph\":[{\"@type\":\"NewsArticle\",\"@id\":\"https:\/\/www.estrategiaconcursos.com.br\/blog\/edital-processo-seletivo-seplag-mg\/#article\",\"isPartOf\":{\"@id\":\"https:\/\/www.estrategiaconcursos.com.br\/blog\/edital-processo-seletivo-seplag-mg\/\"},\"author\":{\"name\":\"Coordena\u00e7\u00e3o\",\"@id\":\"https:\/\/www.estrategiaconcursos.com.br\/blog\/#\/schema\/person\/b4a388c97673c5f483d72185668afa1f\"},\"headline\":\"Inscri\u00e7\u00f5es do processo seletivo Seplag MG est\u00e3o ENCERRADAS!\",\"datePublished\":\"2020-05-04T03:00:00+00:00\",\"dateModified\":\"2020-05-05T11:57:01+00:00\",\"mainEntityOfPage\":{\"@id\":\"https:\/\/www.estrategiaconcursos.com.br\/blog\/edital-processo-seletivo-seplag-mg\/\"},\"wordCount\":934,\"commentCount\":0,\"publisher\":{\"@id\":\"https:\/\/www.estrategiaconcursos.com.br\/blog\/#organization\"},\"image\":{\"@id\":\"https:\/\/www.estrategiaconcursos.com.br\/blog\/edital-processo-seletivo-seplag-mg\/#primaryimage\"},\"thumbnailUrl\":\"https:\/\/dhg1h5j42swfq.cloudfront.net\/2019\/06\/26085442\/concurso-seplag-e1561552335509.png\",\"articleSection\":[\"Concursos P\u00fablicos\"],\"inLanguage\":\"pt-BR\",\"potentialAction\":[{\"@type\":\"CommentAction\",\"name\":\"Comment\",\"target\":[\"https:\/\/www.estrategiaconcursos.com.br\/blog\/edital-processo-seletivo-seplag-mg\/#respond\"]}],\"copyrightYear\":\"2020\",\"copyrightHolder\":{\"@id\":\"https:\/\/www.estrategiaconcursos.com.br\/blog\/#organization\"}},{\"@type\":\"WebPage\",\"@id\":\"https:\/\/www.estrategiaconcursos.com.br\/blog\/edital-processo-seletivo-seplag-mg\/\",\"url\":\"https:\/\/www.estrategiaconcursos.com.br\/blog\/edital-processo-seletivo-seplag-mg\/\",\"name\":\"Inscri\u00e7\u00f5es do processo seletivo Seplag MG est\u00e3o ENCERRADAS!\",\"isPartOf\":{\"@id\":\"https:\/\/www.estrategiaconcursos.com.br\/blog\/#website\"},\"primaryImageOfPage\":{\"@id\":\"https:\/\/www.estrategiaconcursos.com.br\/blog\/edital-processo-seletivo-seplag-mg\/#primaryimage\"},\"image\":{\"@id\":\"https:\/\/www.estrategiaconcursos.com.br\/blog\/edital-processo-seletivo-seplag-mg\/#primaryimage\"},\"thumbnailUrl\":\"https:\/\/dhg1h5j42swfq.cloudfront.net\/2019\/06\/26085442\/concurso-seplag-e1561552335509.png\",\"datePublished\":\"2020-05-04T03:00:00+00:00\",\"dateModified\":\"2020-05-05T11:57:01+00:00\",\"description\":\"Inscri\u00e7\u00f5es do processo seletivo da Secretaria de Estado de Planejamento e Gest\u00e3o de Minas Gerais est\u00e3o encerradas. Edital oferta 08 vagas para superior.\",\"breadcrumb\":{\"@id\":\"https:\/\/www.estrategiaconcursos.com.br\/blog\/edital-processo-seletivo-seplag-mg\/#breadcrumb\"},\"inLanguage\":\"pt-BR\",\"potentialAction\":[{\"@type\":\"ReadAction\",\"target\":[\"https:\/\/www.estrategiaconcursos.com.br\/blog\/edital-processo-seletivo-seplag-mg\/\"]}]},{\"@type\":\"ImageObject\",\"inLanguage\":\"pt-BR\",\"@id\":\"https:\/\/www.estrategiaconcursos.com.br\/blog\/edital-processo-seletivo-seplag-mg\/#primaryimage\",\"url\":\"https:\/\/dhg1h5j42swfq.cloudfront.net\/2019\/06\/26085442\/concurso-seplag-e1561552335509.png\",\"contentUrl\":\"https:\/\/dhg1h5j42swfq.cloudfront.net\/2019\/06\/26085442\/concurso-seplag-e1561552335509.png\",\"width\":400,\"height\":209,\"caption\":\"Concurso Seplag MG\"},{\"@type\":\"BreadcrumbList\",\"@id\":\"https:\/\/www.estrategiaconcursos.com.br\/blog\/edital-processo-seletivo-seplag-mg\/#breadcrumb\",\"itemListElement\":[{\"@type\":\"ListItem\",\"position\":1,\"name\":\"In\u00edcio\",\"item\":\"https:\/\/www.estrategiaconcursos.com.br\/blog\/\"},{\"@type\":\"ListItem\",\"position\":2,\"name\":\"Inscri\u00e7\u00f5es do processo seletivo Seplag MG est\u00e3o ENCERRADAS!\"}]},{\"@type\":\"WebSite\",\"@id\":\"https:\/\/www.estrategiaconcursos.com.br\/blog\/#website\",\"url\":\"https:\/\/www.estrategiaconcursos.com.br\/blog\/\",\"name\":\"Estrat\u00e9gia Concursos\",\"description\":\"O blog da Estrat\u00e9gia Concursos traz not\u00edcias sobre concursos e artigos de professores oferecendo cursos para concursos (pdf + videaulas) no site.\",\"publisher\":{\"@id\":\"https:\/\/www.estrategiaconcursos.com.br\/blog\/#organization\"},\"potentialAction\":[{\"@type\":\"SearchAction\",\"target\":{\"@type\":\"EntryPoint\",\"urlTemplate\":\"https:\/\/www.estrategiaconcursos.com.br\/blog\/?s={search_term_string}\"},\"query-input\":{\"@type\":\"PropertyValueSpecification\",\"valueRequired\":true,\"valueName\":\"search_term_string\"}}],\"inLanguage\":\"pt-BR\"},{\"@type\":\"Organization\",\"@id\":\"https:\/\/www.estrategiaconcursos.com.br\/blog\/#organization\",\"name\":\"Estrat\u00e9gia Concursos\",\"url\":\"https:\/\/www.estrategiaconcursos.com.br\/blog\/\",\"logo\":{\"@type\":\"ImageObject\",\"inLanguage\":\"pt-BR\",\"@id\":\"https:\/\/www.estrategiaconcursos.com.br\/blog\/#\/schema\/logo\/image\/\",\"url\":\"https:\/\/dhg1h5j42swfq.cloudfront.net\/2025\/06\/03203428\/logo_concursos-1.jpg\",\"contentUrl\":\"https:\/\/dhg1h5j42swfq.cloudfront.net\/2025\/06\/03203428\/logo_concursos-1.jpg\",\"width\":230,\"height\":60,\"caption\":\"Estrat\u00e9gia Concursos\"},\"image\":{\"@id\":\"https:\/\/www.estrategiaconcursos.com.br\/blog\/#\/schema\/logo\/image\/\"},\"sameAs\":[\"https:\/\/x.com\/EstratConcursos\"]},{\"@type\":\"Person\",\"@id\":\"https:\/\/www.estrategiaconcursos.com.br\/blog\/#\/schema\/person\/b4a388c97673c5f483d72185668afa1f\",\"name\":\"Coordena\u00e7\u00e3o\",\"image\":{\"@type\":\"ImageObject\",\"inLanguage\":\"pt-BR\",\"@id\":\"https:\/\/secure.gravatar.com\/avatar\/b720319e4c9a967eb58678d110f4fe35452fc5d5f97b202bac7b8acceb18c6ad?s=96&d=mm&r=g\",\"url\":\"https:\/\/secure.gravatar.com\/avatar\/b720319e4c9a967eb58678d110f4fe35452fc5d5f97b202bac7b8acceb18c6ad?s=96&d=mm&r=g\",\"contentUrl\":\"https:\/\/secure.gravatar.com\/avatar\/b720319e4c9a967eb58678d110f4fe35452fc5d5f97b202bac7b8acceb18c6ad?s=96&d=mm&r=g\",\"caption\":\"Coordena\u00e7\u00e3o\"},\"sameAs\":[\"https:\/\/www.facebook.com\/EstrategiaConcursos\",\"https:\/\/x.com\/EstratConcursos\"],\"url\":\"https:\/\/www.estrategiaconcursos.com.br\/blog\/author\/estrategia2013\/\"}]}<\/script>\n<!-- \/ Yoast SEO Premium plugin. -->","yoast_head_json":{"title":"Inscri\u00e7\u00f5es do processo seletivo Seplag MG est\u00e3o ENCERRADAS!","description":"Inscri\u00e7\u00f5es do processo seletivo da Secretaria de Estado de Planejamento e Gest\u00e3o de Minas Gerais est\u00e3o encerradas. Edital oferta 08 vagas para superior.","robots":{"index":"index","follow":"follow","max-snippet":"max-snippet:-1","max-image-preview":"max-image-preview:large","max-video-preview":"max-video-preview:-1"},"canonical":"https:\/\/www.estrategiaconcursos.com.br\/blog\/edital-processo-seletivo-seplag-mg\/","og_locale":"pt_BR","og_type":"article","og_title":"Inscri\u00e7\u00f5es do processo seletivo Seplag MG est\u00e3o ENCERRADAS!","og_description":"Inscri\u00e7\u00f5es do processo seletivo da Secretaria de Estado de Planejamento e Gest\u00e3o de Minas Gerais est\u00e3o encerradas. Edital oferta 08 vagas para superior.","og_url":"https:\/\/www.estrategiaconcursos.com.br\/blog\/edital-processo-seletivo-seplag-mg\/","og_site_name":"Estrat\u00e9gia Concursos","article_author":"https:\/\/www.facebook.com\/EstrategiaConcursos","article_published_time":"2020-05-04T03:00:00+00:00","article_modified_time":"2020-05-05T11:57:01+00:00","og_image":[{"width":400,"height":209,"url":"https:\/\/dhg1h5j42swfq.cloudfront.net\/2019\/06\/26085442\/concurso-seplag-e1561552335509.png","type":"image\/png"}],"author":"Coordena\u00e7\u00e3o","twitter_card":"summary_large_image","twitter_creator":"@EstratConcursos","twitter_site":"@EstratConcursos","twitter_misc":{"Escrito por":"Coordena\u00e7\u00e3o","Est. tempo de leitura":"5 minutos"},"schema":{"@context":"https:\/\/schema.org","@graph":[{"@type":"NewsArticle","@id":"https:\/\/www.estrategiaconcursos.com.br\/blog\/edital-processo-seletivo-seplag-mg\/#article","isPartOf":{"@id":"https:\/\/www.estrategiaconcursos.com.br\/blog\/edital-processo-seletivo-seplag-mg\/"},"author":{"name":"Coordena\u00e7\u00e3o","@id":"https:\/\/www.estrategiaconcursos.com.br\/blog\/#\/schema\/person\/b4a388c97673c5f483d72185668afa1f"},"headline":"Inscri\u00e7\u00f5es do processo seletivo Seplag MG est\u00e3o ENCERRADAS!","datePublished":"2020-05-04T03:00:00+00:00","dateModified":"2020-05-05T11:57:01+00:00","mainEntityOfPage":{"@id":"https:\/\/www.estrategiaconcursos.com.br\/blog\/edital-processo-seletivo-seplag-mg\/"},"wordCount":934,"commentCount":0,"publisher":{"@id":"https:\/\/www.estrategiaconcursos.com.br\/blog\/#organization"},"image":{"@id":"https:\/\/www.estrategiaconcursos.com.br\/blog\/edital-processo-seletivo-seplag-mg\/#primaryimage"},"thumbnailUrl":"https:\/\/dhg1h5j42swfq.cloudfront.net\/2019\/06\/26085442\/concurso-seplag-e1561552335509.png","articleSection":["Concursos P\u00fablicos"],"inLanguage":"pt-BR","potentialAction":[{"@type":"CommentAction","name":"Comment","target":["https:\/\/www.estrategiaconcursos.com.br\/blog\/edital-processo-seletivo-seplag-mg\/#respond"]}],"copyrightYear":"2020","copyrightHolder":{"@id":"https:\/\/www.estrategiaconcursos.com.br\/blog\/#organization"}},{"@type":"WebPage","@id":"https:\/\/www.estrategiaconcursos.com.br\/blog\/edital-processo-seletivo-seplag-mg\/","url":"https:\/\/www.estrategiaconcursos.com.br\/blog\/edital-processo-seletivo-seplag-mg\/","name":"Inscri\u00e7\u00f5es do processo seletivo Seplag MG est\u00e3o ENCERRADAS!","isPartOf":{"@id":"https:\/\/www.estrategiaconcursos.com.br\/blog\/#website"},"primaryImageOfPage":{"@id":"https:\/\/www.estrategiaconcursos.com.br\/blog\/edital-processo-seletivo-seplag-mg\/#primaryimage"},"image":{"@id":"https:\/\/www.estrategiaconcursos.com.br\/blog\/edital-processo-seletivo-seplag-mg\/#primaryimage"},"thumbnailUrl":"https:\/\/dhg1h5j42swfq.cloudfront.net\/2019\/06\/26085442\/concurso-seplag-e1561552335509.png","datePublished":"2020-05-04T03:00:00+00:00","dateModified":"2020-05-05T11:57:01+00:00","description":"Inscri\u00e7\u00f5es do processo seletivo da Secretaria de Estado de Planejamento e Gest\u00e3o de Minas Gerais est\u00e3o encerradas. Edital oferta 08 vagas para superior.","breadcrumb":{"@id":"https:\/\/www.estrategiaconcursos.com.br\/blog\/edital-processo-seletivo-seplag-mg\/#breadcrumb"},"inLanguage":"pt-BR","potentialAction":[{"@type":"ReadAction","target":["https:\/\/www.estrategiaconcursos.com.br\/blog\/edital-processo-seletivo-seplag-mg\/"]}]},{"@type":"ImageObject","inLanguage":"pt-BR","@id":"https:\/\/www.estrategiaconcursos.com.br\/blog\/edital-processo-seletivo-seplag-mg\/#primaryimage","url":"https:\/\/dhg1h5j42swfq.cloudfront.net\/2019\/06\/26085442\/concurso-seplag-e1561552335509.png","contentUrl":"https:\/\/dhg1h5j42swfq.cloudfront.net\/2019\/06\/26085442\/concurso-seplag-e1561552335509.png","width":400,"height":209,"caption":"Concurso Seplag MG"},{"@type":"BreadcrumbList","@id":"https:\/\/www.estrategiaconcursos.com.br\/blog\/edital-processo-seletivo-seplag-mg\/#breadcrumb","itemListElement":[{"@type":"ListItem","position":1,"name":"In\u00edcio","item":"https:\/\/www.estrategiaconcursos.com.br\/blog\/"},{"@type":"ListItem","position":2,"name":"Inscri\u00e7\u00f5es do processo seletivo Seplag MG est\u00e3o ENCERRADAS!"}]},{"@type":"WebSite","@id":"https:\/\/www.estrategiaconcursos.com.br\/blog\/#website","url":"https:\/\/www.estrategiaconcursos.com.br\/blog\/","name":"Estrat\u00e9gia Concursos","description":"O blog da Estrat\u00e9gia Concursos traz not\u00edcias sobre concursos e artigos de professores oferecendo cursos para concursos (pdf + videaulas) no site.","publisher":{"@id":"https:\/\/www.estrategiaconcursos.com.br\/blog\/#organization"},"potentialAction":[{"@type":"SearchAction","target":{"@type":"EntryPoint","urlTemplate":"https:\/\/www.estrategiaconcursos.com.br\/blog\/?s={search_term_string}"},"query-input":{"@type":"PropertyValueSpecification","valueRequired":true,"valueName":"search_term_string"}}],"inLanguage":"pt-BR"},{"@type":"Organization","@id":"https:\/\/www.estrategiaconcursos.com.br\/blog\/#organization","name":"Estrat\u00e9gia Concursos","url":"https:\/\/www.estrategiaconcursos.com.br\/blog\/","logo":{"@type":"ImageObject","inLanguage":"pt-BR","@id":"https:\/\/www.estrategiaconcursos.com.br\/blog\/#\/schema\/logo\/image\/","url":"https:\/\/dhg1h5j42swfq.cloudfront.net\/2025\/06\/03203428\/logo_concursos-1.jpg","contentUrl":"https:\/\/dhg1h5j42swfq.cloudfront.net\/2025\/06\/03203428\/logo_concursos-1.jpg","width":230,"height":60,"caption":"Estrat\u00e9gia Concursos"},"image":{"@id":"https:\/\/www.estrategiaconcursos.com.br\/blog\/#\/schema\/logo\/image\/"},"sameAs":["https:\/\/x.com\/EstratConcursos"]},{"@type":"Person","@id":"https:\/\/www.estrategiaconcursos.com.br\/blog\/#\/schema\/person\/b4a388c97673c5f483d72185668afa1f","name":"Coordena\u00e7\u00e3o","image":{"@type":"ImageObject","inLanguage":"pt-BR","@id":"https:\/\/secure.gravatar.com\/avatar\/b720319e4c9a967eb58678d110f4fe35452fc5d5f97b202bac7b8acceb18c6ad?s=96&d=mm&r=g","url":"https:\/\/secure.gravatar.com\/avatar\/b720319e4c9a967eb58678d110f4fe35452fc5d5f97b202bac7b8acceb18c6ad?s=96&d=mm&r=g","contentUrl":"https:\/\/secure.gravatar.com\/avatar\/b720319e4c9a967eb58678d110f4fe35452fc5d5f97b202bac7b8acceb18c6ad?s=96&d=mm&r=g","caption":"Coordena\u00e7\u00e3o"},"sameAs":["https:\/\/www.facebook.com\/EstrategiaConcursos","https:\/\/x.com\/EstratConcursos"],"url":"https:\/\/www.estrategiaconcursos.com.br\/blog\/author\/estrategia2013\/"}]}},"_links":{"self":[{"href":"https:\/\/www.estrategiaconcursos.com.br\/blog\/wp-json\/wp\/v2\/posts\/504226","targetHints":{"allow":["GET"]}}],"collection":[{"href":"https:\/\/www.estrategiaconcursos.com.br\/blog\/wp-json\/wp\/v2\/posts"}],"about":[{"href":"https:\/\/www.estrategiaconcursos.com.br\/blog\/wp-json\/wp\/v2\/types\/post"}],"author":[{"embeddable":true,"href":"https:\/\/www.estrategiaconcursos.com.br\/blog\/wp-json\/wp\/v2\/users\/1"}],"replies":[{"embeddable":true,"href":"https:\/\/www.estrategiaconcursos.com.br\/blog\/wp-json\/wp\/v2\/comments?post=504226"}],"version-history":[{"count":10,"href":"https:\/\/www.estrategiaconcursos.com.br\/blog\/wp-json\/wp\/v2\/posts\/504226\/revisions"}],"predecessor-version":[{"id":510517,"href":"https:\/\/www.estrategiaconcursos.com.br\/blog\/wp-json\/wp\/v2\/posts\/504226\/revisions\/510517"}],"wp:featuredmedia":[{"embeddable":true,"href":"https:\/\/www.estrategiaconcursos.com.br\/blog\/wp-json\/wp\/v2\/media\/391659"}],"wp:attachment":[{"href":"https:\/\/www.estrategiaconcursos.com.br\/blog\/wp-json\/wp\/v2\/media?parent=504226"}],"wp:term":[{"taxonomy":"category","embeddable":true,"href":"https:\/\/www.estrategiaconcursos.com.br\/blog\/wp-json\/wp\/v2\/categories?post=504226"},{"taxonomy":"post_tag","embeddable":true,"href":"https:\/\/www.estrategiaconcursos.com.br\/blog\/wp-json\/wp\/v2\/tags?post=504226"},{"taxonomy":"tax_estado","embeddable":true,"href":"https:\/\/www.estrategiaconcursos.com.br\/blog\/wp-json\/wp\/v2\/tax_estado?post=504226"}],"curies":[{"name":"wp","href":"https:\/\/api.w.org\/{rel}","templated":true}]}}