{"id":50352,"date":"2016-09-23T13:35:55","date_gmt":"2016-09-23T16:35:55","guid":{"rendered":"https:\/\/www.estrategiaconcursos.com.br\/blog\/?p=50352"},"modified":"2016-09-23T15:08:18","modified_gmt":"2016-09-23T18:08:18","slug":"reforma-ensino-medio-impactos-enem","status":"publish","type":"post","link":"https:\/\/www.estrategiaconcursos.com.br\/blog\/reforma-ensino-medio-impactos-enem\/","title":{"rendered":"Reforma do Ensino M\u00e9dio: quais os poss\u00edveis impactos para o ENEM?"},"content":{"rendered":"<p><img loading=\"lazy\" decoding=\"async\" class=\"alignleft wp-image-50377\" src=\"https:\/\/dhg1h5j42swfq.cloudfront.net\/2016\/09\/23083614\/reforma-do-ensino-m%C3%A9dio-300x170.jpg\" alt=\"reforma do ensino m\u00e9dio\" width=\"235\" height=\"137\" \/><\/p>\n<p style=\"text-align: justify;\"><span style=\"color: #000000;\">Nesta quinta-feira, 22 de setembro, foi apresentada pelo Poder Executivo Federal, a\u00a0medida provis\u00f3ria (MP) que trata da Reforma do Ensino M\u00e9dio.<\/span><\/p>\n<p style=\"text-align: justify;\"><span style=\"color: #000000;\">Tais reformas, afetam\u00a0o \u00a0conte\u00fado e o formato das aulas, e consequentemente\u00a0ter\u00e3o impacto direto na\u00a0elabora\u00e7\u00e3o dos vestibulares e do Exame Nacional do Ensino M\u00e9dio (Enem). A Medida Provis\u00f3ria dever\u00e1 de ser aprovada em at\u00e9 120 dias pelo Congresso Nacional, se a aprova\u00e7\u00e3o n\u00e3o ocorrer nesse \u00ednterim, a MP perder\u00e1 os efeitos.<\/span><\/p>\n<h5 style=\"text-align: justify;\"><\/h5>\n<h5><strong><span style=\"color: #0000ff;\">Novo Ensino M\u00e9dio:<\/span><\/strong><\/h5>\n<p style=\"text-align: justify;\"><span style=\"color: #000000;\">O MEC informou, atrav\u00e9s do Portal do Minist\u00e9rio da Educa\u00e7\u00e3o, que &#8220;o \u00a0Novo Ensino M\u00e9dio trata da oferta de uma alternativa de forma\u00e7\u00e3o m\u00e9dia de n\u00edvel t\u00e9cnico e profissional. Nessa proposta, essa forma\u00e7\u00e3o dever\u00e1 ocorrer dentro do programa escolar regular, que hoje s\u00f3 \u00e9 poss\u00edvel nas escolas de tempo integral. Com isso, ser\u00e1 poss\u00edvel que os jovens continuem desenvolvendo as compet\u00eancias gerais que fazem parte da base comum e possam se dedicar a atividades de cunho mais pr\u00e1tico e aplicado, desenvolvendo compet\u00eancias espec\u00edficas em \u00e1reas profissionais, capacitando-se para o trabalho qualificado, e continuem os estudos em n\u00edvel superior, em cursos tecnol\u00f3gicos e superiores, em uma etapa seguinte&#8221;\u00a0<\/span><\/p>\n<div id=\"content-body-4\" class=\"content-body columns col-centered \">\n<div class=\"col-lg-13 col-md-16 col-centered\" style=\"text-align: justify;\">\n<div id=\"content-body-6\" class=\"content-body columns col-centered \"><span style=\"color: #000000;\">O Minist<img loading=\"lazy\" decoding=\"async\" class=\"wp-image-50380 alignleft\" src=\"https:\/\/dhg1h5j42swfq.cloudfront.net\/2016\/09\/23085958\/reforma-ensino-m%C3%A9dio.-300x300.png\" alt=\"reforma ensino m\u00e9dio.\" width=\"215\" height=\"215\" srcset=\"https:\/\/dhg1h5j42swfq.cloudfront.net\/2016\/09\/23085958\/reforma-ensino-m%C3%A9dio..png 300w, https:\/\/dhg1h5j42swfq.cloudfront.net\/2016\/09\/23085958\/reforma-ensino-m%C3%A9dio..png 150w, https:\/\/dhg1h5j42swfq.cloudfront.net\/2016\/09\/23085958\/reforma-ensino-m%C3%A9dio..png 480w\" sizes=\"auto, (max-width: 215px) 100vw, 215px\" \/>\u00e9rio da Educa\u00e7\u00e3o anunciou, ainda, que n\u00e3o ocorrer\u00e1\u00a0corte de nenhuma disciplina.<\/span><\/div>\n<div id=\"content-body-7\" class=\"content-body columns col-centered \" style=\"text-align: justify;\">\n<div class=\"col-lg-13 col-md-16 col-centered\">\n<p><span style=\"color: #0000ff;\"><strong>Justificativa da Reforma<\/strong><\/span><\/p>\n<p><span style=\"color: #000000;\">De acordo com o Minist\u00e9rio da Educa\u00e7\u00e3o, a Reforma do Ensino M\u00e9dio tem por objetivo o focar\u00a0na aprendizagem do aluno, na manuten\u00e7\u00e3o dos jovens na escola e na oferta de uma proposta curricular e que atenda \u00e0s necessidades individuais dos estudantes.<\/span><\/p>\n<p><strong><span style=\"color: #0000ff;\">A Reforma afeta o ENEM?<\/span><\/strong><\/p>\n<p><span style=\"color: #000000;\">As mudan\u00e7as propostas na reforma podem trazer um novo modelo para o Exame Nacional do Ensino M\u00e9dio. \u00a0O Minist\u00e9rio da Educa\u00e7\u00e3o ter\u00e1 que repensar as\u00a0formas de avaliar o ENEM, uma das possibilidades \u00e9 que exista modelos diferentes do Exame, de acordo com as \u00e1reas de forma\u00e7\u00e3o escolhidas pelos estudantes.<\/span><\/p>\n<p style=\"text-align: justify;\"><span style=\"color: #000000;\">O MEC esclareceu\u00a0que o Enem n\u00e3o sofrer\u00e1 mudan\u00e7as\u00a0em 2016. No entanto, a Medida Provis\u00f3ria que define as mudan\u00e7as no ensino m\u00e9dio, estabelece que o\u00a0Exame Nacional do Ensino M\u00e9dio\u00a0dever\u00e1 cobrar, ap\u00f3s a implementa\u00e7\u00e3o da reforma, apenas o que for determinado pela Base Nacional Comum Curricular.<\/span><\/p>\n<p style=\"text-align: justify;\"><span style=\"color: #000000;\">Por hora, os estudantes n\u00e3o precisam se preocupar com os impactos do novo ensino m\u00e9dio, pois o\u00a0ENEM 2016 n\u00e3o ser\u00e1 afetado pelas mudan\u00e7as.<\/span><\/p>\n<p style=\"text-align: justify;\"><span style=\"color: #000000;\"><strong>O Estrat\u00e9gia Concursos j\u00e1 lan\u00e7ou cursos para o ENEM 2016, confira em:\u00a0<\/strong><\/span><\/p>\n<p class=\"titulo-lista\"><a href=\"https:\/\/www.estrategiaconcursos.com.br\/cursosPorConcurso\/preparatorio-para-enem-exame-nacional-do-ensino-medio-2016\/\" target=\"_blank\">CURSOS &#8211; ENEM 2016 &#8211; EXAME NACIONAL DO ENSINO M\u00c9DIO<\/a><\/p>\n<p class=\"titulo-lista\" style=\"text-align: justify;\"><span style=\"color: #000000;\">Assessoria de Comunica\u00e7\u00e3o<\/span><\/p>\n<p class=\"titulo-lista\" style=\"text-align: justify;\"><span style=\"color: #000000;\">comunicacao@estrategiaconcursos.com.br<\/span><\/p>\n<\/div>\n<\/div>\n<\/div>\n<\/div>\n","protected":false},"excerpt":{"rendered":"<p>Nesta quinta-feira, 22 de setembro, foi apresentada pelo Poder Executivo Federal, a\u00a0medida provis\u00f3ria (MP) que trata da Reforma do Ensino M\u00e9dio. Tais reformas, afetam\u00a0o \u00a0conte\u00fado e o formato das aulas, e consequentemente\u00a0ter\u00e3o impacto direto na\u00a0elabora\u00e7\u00e3o dos vestibulares e do Exame Nacional do Ensino M\u00e9dio (Enem). A Medida Provis\u00f3ria dever\u00e1 de ser aprovada em at\u00e9 120 [&hellip;]<\/p>\n","protected":false},"author":1,"featured_media":50377,"comment_status":"open","ping_status":"open","sticky":false,"template":"","format":"standard","meta":{"post_tipo":"news","footnotes":""},"categories":[1],"tags":[],"tax_estado":[],"class_list":["post-50352","post","type-post","status-publish","format-standard","has-post-thumbnail","hentry","category-cursos-e-concursos"],"acf":[],"yoast_head":"<!-- This site is optimized with the Yoast SEO Premium plugin v27.2 (Yoast SEO v27.2) - https:\/\/yoast.com\/product\/yoast-seo-premium-wordpress\/ -->\n<title>Reforma do Ensino M\u00e9dio: quais os poss\u00edveis impactos para o ENEM?<\/title>\n<meta name=\"description\" content=\"Saiba mais sobre a reforma do ensino m\u00e9dio: o que \u00e9? Qual a justificativa? A reforma excluiu disciplinas? Quais os impactos no ENEM?\" \/>\n<meta name=\"robots\" content=\"index, follow, max-snippet:-1, max-image-preview:large, max-video-preview:-1\" \/>\n<link rel=\"canonical\" href=\"https:\/\/www.estrategiaconcursos.com.br\/blog\/reforma-ensino-medio-impactos-enem\/\" \/>\n<meta property=\"og:locale\" content=\"pt_BR\" \/>\n<meta property=\"og:type\" content=\"article\" \/>\n<meta property=\"og:title\" content=\"Reforma do Ensino M\u00e9dio: quais os poss\u00edveis impactos para o ENEM?\" \/>\n<meta property=\"og:description\" content=\"Saiba mais sobre a reforma do ensino m\u00e9dio: o que \u00e9? Qual a justificativa? A reforma excluiu disciplinas? Quais os impactos no ENEM?\" \/>\n<meta property=\"og:url\" content=\"https:\/\/www.estrategiaconcursos.com.br\/blog\/reforma-ensino-medio-impactos-enem\/\" \/>\n<meta property=\"og:site_name\" content=\"Estrat\u00e9gia Concursos\" \/>\n<meta property=\"article:author\" content=\"https:\/\/www.facebook.com\/EstrategiaConcursos\" \/>\n<meta property=\"article:published_time\" content=\"2016-09-23T16:35:55+00:00\" \/>\n<meta property=\"article:modified_time\" content=\"2016-09-23T18:08:18+00:00\" \/>\n<meta property=\"og:image\" content=\"https:\/\/dhg1h5j42swfq.cloudfront.net\/2016\/09\/23083614\/reforma-do-ensino-m%C3%A9dio.jpg\" \/>\n\t<meta property=\"og:image:width\" content=\"746\" \/>\n\t<meta property=\"og:image:height\" content=\"423\" \/>\n\t<meta property=\"og:image:type\" content=\"image\/jpeg\" \/>\n<meta name=\"author\" content=\"Coordena\u00e7\u00e3o\" \/>\n<meta name=\"twitter:card\" content=\"summary_large_image\" \/>\n<meta name=\"twitter:creator\" content=\"@EstratConcursos\" \/>\n<meta name=\"twitter:site\" content=\"@EstratConcursos\" \/>\n<meta name=\"twitter:label1\" content=\"Escrito por\" \/>\n\t<meta name=\"twitter:data1\" content=\"Coordena\u00e7\u00e3o\" \/>\n\t<meta name=\"twitter:label2\" content=\"Est. tempo de leitura\" \/>\n\t<meta name=\"twitter:data2\" content=\"2 minutos\" \/>\n<script type=\"application\/ld+json\" class=\"yoast-schema-graph\">{\"@context\":\"https:\/\/schema.org\",\"@graph\":[{\"@type\":\"NewsArticle\",\"@id\":\"https:\/\/www.estrategiaconcursos.com.br\/blog\/reforma-ensino-medio-impactos-enem\/#article\",\"isPartOf\":{\"@id\":\"https:\/\/www.estrategiaconcursos.com.br\/blog\/reforma-ensino-medio-impactos-enem\/\"},\"author\":{\"name\":\"Coordena\u00e7\u00e3o\",\"@id\":\"https:\/\/www.estrategiaconcursos.com.br\/blog\/#\/schema\/person\/b4a388c97673c5f483d72185668afa1f\"},\"headline\":\"Reforma do Ensino M\u00e9dio: quais os poss\u00edveis impactos para o ENEM?\",\"datePublished\":\"2016-09-23T16:35:55+00:00\",\"dateModified\":\"2016-09-23T18:08:18+00:00\",\"mainEntityOfPage\":{\"@id\":\"https:\/\/www.estrategiaconcursos.com.br\/blog\/reforma-ensino-medio-impactos-enem\/\"},\"wordCount\":459,\"commentCount\":1,\"publisher\":{\"@id\":\"https:\/\/www.estrategiaconcursos.com.br\/blog\/#organization\"},\"image\":{\"@id\":\"https:\/\/www.estrategiaconcursos.com.br\/blog\/reforma-ensino-medio-impactos-enem\/#primaryimage\"},\"thumbnailUrl\":\"https:\/\/dhg1h5j42swfq.cloudfront.net\/2016\/09\/23083614\/reforma-do-ensino-m%C3%A9dio.jpg\",\"articleSection\":[\"Concursos P\u00fablicos\"],\"inLanguage\":\"pt-BR\",\"potentialAction\":[{\"@type\":\"CommentAction\",\"name\":\"Comment\",\"target\":[\"https:\/\/www.estrategiaconcursos.com.br\/blog\/reforma-ensino-medio-impactos-enem\/#respond\"]}],\"copyrightYear\":\"2016\",\"copyrightHolder\":{\"@id\":\"https:\/\/www.estrategiaconcursos.com.br\/blog\/#organization\"}},{\"@type\":\"WebPage\",\"@id\":\"https:\/\/www.estrategiaconcursos.com.br\/blog\/reforma-ensino-medio-impactos-enem\/\",\"url\":\"https:\/\/www.estrategiaconcursos.com.br\/blog\/reforma-ensino-medio-impactos-enem\/\",\"name\":\"Reforma do Ensino M\u00e9dio: quais os poss\u00edveis impactos para o ENEM?\",\"isPartOf\":{\"@id\":\"https:\/\/www.estrategiaconcursos.com.br\/blog\/#website\"},\"primaryImageOfPage\":{\"@id\":\"https:\/\/www.estrategiaconcursos.com.br\/blog\/reforma-ensino-medio-impactos-enem\/#primaryimage\"},\"image\":{\"@id\":\"https:\/\/www.estrategiaconcursos.com.br\/blog\/reforma-ensino-medio-impactos-enem\/#primaryimage\"},\"thumbnailUrl\":\"https:\/\/dhg1h5j42swfq.cloudfront.net\/2016\/09\/23083614\/reforma-do-ensino-m%C3%A9dio.jpg\",\"datePublished\":\"2016-09-23T16:35:55+00:00\",\"dateModified\":\"2016-09-23T18:08:18+00:00\",\"description\":\"Saiba mais sobre a reforma do ensino m\u00e9dio: o que \u00e9? Qual a justificativa? A reforma excluiu disciplinas? Quais os impactos no ENEM?\",\"breadcrumb\":{\"@id\":\"https:\/\/www.estrategiaconcursos.com.br\/blog\/reforma-ensino-medio-impactos-enem\/#breadcrumb\"},\"inLanguage\":\"pt-BR\",\"potentialAction\":[{\"@type\":\"ReadAction\",\"target\":[\"https:\/\/www.estrategiaconcursos.com.br\/blog\/reforma-ensino-medio-impactos-enem\/\"]}]},{\"@type\":\"ImageObject\",\"inLanguage\":\"pt-BR\",\"@id\":\"https:\/\/www.estrategiaconcursos.com.br\/blog\/reforma-ensino-medio-impactos-enem\/#primaryimage\",\"url\":\"https:\/\/dhg1h5j42swfq.cloudfront.net\/2016\/09\/23083614\/reforma-do-ensino-m%C3%A9dio.jpg\",\"contentUrl\":\"https:\/\/dhg1h5j42swfq.cloudfront.net\/2016\/09\/23083614\/reforma-do-ensino-m%C3%A9dio.jpg\",\"width\":746,\"height\":423},{\"@type\":\"BreadcrumbList\",\"@id\":\"https:\/\/www.estrategiaconcursos.com.br\/blog\/reforma-ensino-medio-impactos-enem\/#breadcrumb\",\"itemListElement\":[{\"@type\":\"ListItem\",\"position\":1,\"name\":\"In\u00edcio\",\"item\":\"https:\/\/www.estrategiaconcursos.com.br\/blog\/\"},{\"@type\":\"ListItem\",\"position\":2,\"name\":\"Reforma do Ensino M\u00e9dio: quais os poss\u00edveis impactos para o ENEM?\"}]},{\"@type\":\"WebSite\",\"@id\":\"https:\/\/www.estrategiaconcursos.com.br\/blog\/#website\",\"url\":\"https:\/\/www.estrategiaconcursos.com.br\/blog\/\",\"name\":\"Estrat\u00e9gia Concursos\",\"description\":\"O blog da Estrat\u00e9gia Concursos traz not\u00edcias sobre concursos e artigos de professores oferecendo cursos para concursos (pdf + videaulas) no site.\",\"publisher\":{\"@id\":\"https:\/\/www.estrategiaconcursos.com.br\/blog\/#organization\"},\"potentialAction\":[{\"@type\":\"SearchAction\",\"target\":{\"@type\":\"EntryPoint\",\"urlTemplate\":\"https:\/\/www.estrategiaconcursos.com.br\/blog\/?s={search_term_string}\"},\"query-input\":{\"@type\":\"PropertyValueSpecification\",\"valueRequired\":true,\"valueName\":\"search_term_string\"}}],\"inLanguage\":\"pt-BR\"},{\"@type\":\"Organization\",\"@id\":\"https:\/\/www.estrategiaconcursos.com.br\/blog\/#organization\",\"name\":\"Estrat\u00e9gia Concursos\",\"url\":\"https:\/\/www.estrategiaconcursos.com.br\/blog\/\",\"logo\":{\"@type\":\"ImageObject\",\"inLanguage\":\"pt-BR\",\"@id\":\"https:\/\/www.estrategiaconcursos.com.br\/blog\/#\/schema\/logo\/image\/\",\"url\":\"https:\/\/dhg1h5j42swfq.cloudfront.net\/2025\/06\/03203428\/logo_concursos-1.jpg\",\"contentUrl\":\"https:\/\/dhg1h5j42swfq.cloudfront.net\/2025\/06\/03203428\/logo_concursos-1.jpg\",\"width\":230,\"height\":60,\"caption\":\"Estrat\u00e9gia Concursos\"},\"image\":{\"@id\":\"https:\/\/www.estrategiaconcursos.com.br\/blog\/#\/schema\/logo\/image\/\"},\"sameAs\":[\"https:\/\/x.com\/EstratConcursos\"]},{\"@type\":\"Person\",\"@id\":\"https:\/\/www.estrategiaconcursos.com.br\/blog\/#\/schema\/person\/b4a388c97673c5f483d72185668afa1f\",\"name\":\"Coordena\u00e7\u00e3o\",\"image\":{\"@type\":\"ImageObject\",\"inLanguage\":\"pt-BR\",\"@id\":\"https:\/\/secure.gravatar.com\/avatar\/b720319e4c9a967eb58678d110f4fe35452fc5d5f97b202bac7b8acceb18c6ad?s=96&d=mm&r=g\",\"url\":\"https:\/\/secure.gravatar.com\/avatar\/b720319e4c9a967eb58678d110f4fe35452fc5d5f97b202bac7b8acceb18c6ad?s=96&d=mm&r=g\",\"contentUrl\":\"https:\/\/secure.gravatar.com\/avatar\/b720319e4c9a967eb58678d110f4fe35452fc5d5f97b202bac7b8acceb18c6ad?s=96&d=mm&r=g\",\"caption\":\"Coordena\u00e7\u00e3o\"},\"sameAs\":[\"https:\/\/www.facebook.com\/EstrategiaConcursos\",\"https:\/\/x.com\/EstratConcursos\"],\"url\":\"https:\/\/www.estrategiaconcursos.com.br\/blog\/author\/estrategia2013\/\"}]}<\/script>\n<!-- \/ Yoast SEO Premium plugin. -->","yoast_head_json":{"title":"Reforma do Ensino M\u00e9dio: quais os poss\u00edveis impactos para o ENEM?","description":"Saiba mais sobre a reforma do ensino m\u00e9dio: o que \u00e9? Qual a justificativa? A reforma excluiu disciplinas? Quais os impactos no ENEM?","robots":{"index":"index","follow":"follow","max-snippet":"max-snippet:-1","max-image-preview":"max-image-preview:large","max-video-preview":"max-video-preview:-1"},"canonical":"https:\/\/www.estrategiaconcursos.com.br\/blog\/reforma-ensino-medio-impactos-enem\/","og_locale":"pt_BR","og_type":"article","og_title":"Reforma do Ensino M\u00e9dio: quais os poss\u00edveis impactos para o ENEM?","og_description":"Saiba mais sobre a reforma do ensino m\u00e9dio: o que \u00e9? Qual a justificativa? A reforma excluiu disciplinas? Quais os impactos no ENEM?","og_url":"https:\/\/www.estrategiaconcursos.com.br\/blog\/reforma-ensino-medio-impactos-enem\/","og_site_name":"Estrat\u00e9gia Concursos","article_author":"https:\/\/www.facebook.com\/EstrategiaConcursos","article_published_time":"2016-09-23T16:35:55+00:00","article_modified_time":"2016-09-23T18:08:18+00:00","og_image":[{"width":746,"height":423,"url":"https:\/\/dhg1h5j42swfq.cloudfront.net\/2016\/09\/23083614\/reforma-do-ensino-m%C3%A9dio.jpg","type":"image\/jpeg"}],"author":"Coordena\u00e7\u00e3o","twitter_card":"summary_large_image","twitter_creator":"@EstratConcursos","twitter_site":"@EstratConcursos","twitter_misc":{"Escrito por":"Coordena\u00e7\u00e3o","Est. tempo de leitura":"2 minutos"},"schema":{"@context":"https:\/\/schema.org","@graph":[{"@type":"NewsArticle","@id":"https:\/\/www.estrategiaconcursos.com.br\/blog\/reforma-ensino-medio-impactos-enem\/#article","isPartOf":{"@id":"https:\/\/www.estrategiaconcursos.com.br\/blog\/reforma-ensino-medio-impactos-enem\/"},"author":{"name":"Coordena\u00e7\u00e3o","@id":"https:\/\/www.estrategiaconcursos.com.br\/blog\/#\/schema\/person\/b4a388c97673c5f483d72185668afa1f"},"headline":"Reforma do Ensino M\u00e9dio: quais os poss\u00edveis impactos para o ENEM?","datePublished":"2016-09-23T16:35:55+00:00","dateModified":"2016-09-23T18:08:18+00:00","mainEntityOfPage":{"@id":"https:\/\/www.estrategiaconcursos.com.br\/blog\/reforma-ensino-medio-impactos-enem\/"},"wordCount":459,"commentCount":1,"publisher":{"@id":"https:\/\/www.estrategiaconcursos.com.br\/blog\/#organization"},"image":{"@id":"https:\/\/www.estrategiaconcursos.com.br\/blog\/reforma-ensino-medio-impactos-enem\/#primaryimage"},"thumbnailUrl":"https:\/\/dhg1h5j42swfq.cloudfront.net\/2016\/09\/23083614\/reforma-do-ensino-m%C3%A9dio.jpg","articleSection":["Concursos P\u00fablicos"],"inLanguage":"pt-BR","potentialAction":[{"@type":"CommentAction","name":"Comment","target":["https:\/\/www.estrategiaconcursos.com.br\/blog\/reforma-ensino-medio-impactos-enem\/#respond"]}],"copyrightYear":"2016","copyrightHolder":{"@id":"https:\/\/www.estrategiaconcursos.com.br\/blog\/#organization"}},{"@type":"WebPage","@id":"https:\/\/www.estrategiaconcursos.com.br\/blog\/reforma-ensino-medio-impactos-enem\/","url":"https:\/\/www.estrategiaconcursos.com.br\/blog\/reforma-ensino-medio-impactos-enem\/","name":"Reforma do Ensino M\u00e9dio: quais os poss\u00edveis impactos para o ENEM?","isPartOf":{"@id":"https:\/\/www.estrategiaconcursos.com.br\/blog\/#website"},"primaryImageOfPage":{"@id":"https:\/\/www.estrategiaconcursos.com.br\/blog\/reforma-ensino-medio-impactos-enem\/#primaryimage"},"image":{"@id":"https:\/\/www.estrategiaconcursos.com.br\/blog\/reforma-ensino-medio-impactos-enem\/#primaryimage"},"thumbnailUrl":"https:\/\/dhg1h5j42swfq.cloudfront.net\/2016\/09\/23083614\/reforma-do-ensino-m%C3%A9dio.jpg","datePublished":"2016-09-23T16:35:55+00:00","dateModified":"2016-09-23T18:08:18+00:00","description":"Saiba mais sobre a reforma do ensino m\u00e9dio: o que \u00e9? Qual a justificativa? A reforma excluiu disciplinas? Quais os impactos no ENEM?","breadcrumb":{"@id":"https:\/\/www.estrategiaconcursos.com.br\/blog\/reforma-ensino-medio-impactos-enem\/#breadcrumb"},"inLanguage":"pt-BR","potentialAction":[{"@type":"ReadAction","target":["https:\/\/www.estrategiaconcursos.com.br\/blog\/reforma-ensino-medio-impactos-enem\/"]}]},{"@type":"ImageObject","inLanguage":"pt-BR","@id":"https:\/\/www.estrategiaconcursos.com.br\/blog\/reforma-ensino-medio-impactos-enem\/#primaryimage","url":"https:\/\/dhg1h5j42swfq.cloudfront.net\/2016\/09\/23083614\/reforma-do-ensino-m%C3%A9dio.jpg","contentUrl":"https:\/\/dhg1h5j42swfq.cloudfront.net\/2016\/09\/23083614\/reforma-do-ensino-m%C3%A9dio.jpg","width":746,"height":423},{"@type":"BreadcrumbList","@id":"https:\/\/www.estrategiaconcursos.com.br\/blog\/reforma-ensino-medio-impactos-enem\/#breadcrumb","itemListElement":[{"@type":"ListItem","position":1,"name":"In\u00edcio","item":"https:\/\/www.estrategiaconcursos.com.br\/blog\/"},{"@type":"ListItem","position":2,"name":"Reforma do Ensino M\u00e9dio: quais os poss\u00edveis impactos para o ENEM?"}]},{"@type":"WebSite","@id":"https:\/\/www.estrategiaconcursos.com.br\/blog\/#website","url":"https:\/\/www.estrategiaconcursos.com.br\/blog\/","name":"Estrat\u00e9gia Concursos","description":"O blog da Estrat\u00e9gia Concursos traz not\u00edcias sobre concursos e artigos de professores oferecendo cursos para concursos (pdf + videaulas) no site.","publisher":{"@id":"https:\/\/www.estrategiaconcursos.com.br\/blog\/#organization"},"potentialAction":[{"@type":"SearchAction","target":{"@type":"EntryPoint","urlTemplate":"https:\/\/www.estrategiaconcursos.com.br\/blog\/?s={search_term_string}"},"query-input":{"@type":"PropertyValueSpecification","valueRequired":true,"valueName":"search_term_string"}}],"inLanguage":"pt-BR"},{"@type":"Organization","@id":"https:\/\/www.estrategiaconcursos.com.br\/blog\/#organization","name":"Estrat\u00e9gia Concursos","url":"https:\/\/www.estrategiaconcursos.com.br\/blog\/","logo":{"@type":"ImageObject","inLanguage":"pt-BR","@id":"https:\/\/www.estrategiaconcursos.com.br\/blog\/#\/schema\/logo\/image\/","url":"https:\/\/dhg1h5j42swfq.cloudfront.net\/2025\/06\/03203428\/logo_concursos-1.jpg","contentUrl":"https:\/\/dhg1h5j42swfq.cloudfront.net\/2025\/06\/03203428\/logo_concursos-1.jpg","width":230,"height":60,"caption":"Estrat\u00e9gia Concursos"},"image":{"@id":"https:\/\/www.estrategiaconcursos.com.br\/blog\/#\/schema\/logo\/image\/"},"sameAs":["https:\/\/x.com\/EstratConcursos"]},{"@type":"Person","@id":"https:\/\/www.estrategiaconcursos.com.br\/blog\/#\/schema\/person\/b4a388c97673c5f483d72185668afa1f","name":"Coordena\u00e7\u00e3o","image":{"@type":"ImageObject","inLanguage":"pt-BR","@id":"https:\/\/secure.gravatar.com\/avatar\/b720319e4c9a967eb58678d110f4fe35452fc5d5f97b202bac7b8acceb18c6ad?s=96&d=mm&r=g","url":"https:\/\/secure.gravatar.com\/avatar\/b720319e4c9a967eb58678d110f4fe35452fc5d5f97b202bac7b8acceb18c6ad?s=96&d=mm&r=g","contentUrl":"https:\/\/secure.gravatar.com\/avatar\/b720319e4c9a967eb58678d110f4fe35452fc5d5f97b202bac7b8acceb18c6ad?s=96&d=mm&r=g","caption":"Coordena\u00e7\u00e3o"},"sameAs":["https:\/\/www.facebook.com\/EstrategiaConcursos","https:\/\/x.com\/EstratConcursos"],"url":"https:\/\/www.estrategiaconcursos.com.br\/blog\/author\/estrategia2013\/"}]}},"_links":{"self":[{"href":"https:\/\/www.estrategiaconcursos.com.br\/blog\/wp-json\/wp\/v2\/posts\/50352","targetHints":{"allow":["GET"]}}],"collection":[{"href":"https:\/\/www.estrategiaconcursos.com.br\/blog\/wp-json\/wp\/v2\/posts"}],"about":[{"href":"https:\/\/www.estrategiaconcursos.com.br\/blog\/wp-json\/wp\/v2\/types\/post"}],"author":[{"embeddable":true,"href":"https:\/\/www.estrategiaconcursos.com.br\/blog\/wp-json\/wp\/v2\/users\/1"}],"replies":[{"embeddable":true,"href":"https:\/\/www.estrategiaconcursos.com.br\/blog\/wp-json\/wp\/v2\/comments?post=50352"}],"version-history":[{"count":21,"href":"https:\/\/www.estrategiaconcursos.com.br\/blog\/wp-json\/wp\/v2\/posts\/50352\/revisions"}],"predecessor-version":[{"id":50413,"href":"https:\/\/www.estrategiaconcursos.com.br\/blog\/wp-json\/wp\/v2\/posts\/50352\/revisions\/50413"}],"wp:featuredmedia":[{"embeddable":true,"href":"https:\/\/www.estrategiaconcursos.com.br\/blog\/wp-json\/wp\/v2\/media\/50377"}],"wp:attachment":[{"href":"https:\/\/www.estrategiaconcursos.com.br\/blog\/wp-json\/wp\/v2\/media?parent=50352"}],"wp:term":[{"taxonomy":"category","embeddable":true,"href":"https:\/\/www.estrategiaconcursos.com.br\/blog\/wp-json\/wp\/v2\/categories?post=50352"},{"taxonomy":"post_tag","embeddable":true,"href":"https:\/\/www.estrategiaconcursos.com.br\/blog\/wp-json\/wp\/v2\/tags?post=50352"},{"taxonomy":"tax_estado","embeddable":true,"href":"https:\/\/www.estrategiaconcursos.com.br\/blog\/wp-json\/wp\/v2\/tax_estado?post=50352"}],"curies":[{"name":"wp","href":"https:\/\/api.w.org\/{rel}","templated":true}]}}