{"id":503490,"date":"2020-05-25T08:50:00","date_gmt":"2020-05-25T11:50:00","guid":{"rendered":"https:\/\/www.estrategiaconcursos.com.br\/blog\/?p=503490"},"modified":"2020-06-10T14:56:06","modified_gmt":"2020-06-10T17:56:06","slug":"edital-concurso-prefeitura-rolim-de-moura","status":"publish","type":"post","link":"https:\/\/www.estrategiaconcursos.com.br\/blog\/edital-concurso-prefeitura-rolim-de-moura\/","title":{"rendered":"Edital Prefeitura Rolim de Moura: inscri\u00e7\u00f5es encerradas"},"content":{"rendered":"\n<p>Est\u00e3o encerradas as inscri\u00e7\u00f5es do concurso p\u00fablico da Prefeitura Municipal de Rolim de Moura, Estado de Rond\u00f4nia. S\u00e3o ofertadas <strong>80 vagas imediatas mais 619 para cadastro reserva<\/strong>, distribu\u00eddas entre cargos de n\u00edvel fundamental, m\u00e9dio e superior.<\/p>\n\n\n\n<p>Os interessados em participar da sele\u00e7\u00e3o puderam realizar as inscri\u00e7\u00f5es no per\u00edodo de 15 de abril a 26 de maio, no site da banca organizadora, <strong>IBADE<\/strong>. As taxas foram definidas de acordo com o cargo pretendido, sendo:<\/p>\n\n\n\n<ul class=\"wp-block-list\"><li><strong>N\u00edvel fundamental:<\/strong>&nbsp;R$ 82,00<\/li><li><strong>N\u00edvel m\u00e9dio:<\/strong>&nbsp;R$ 96,00<\/li><li><strong>N\u00edvel superior: <\/strong>R$ 120,00<\/li><\/ul>\n\n\n\n<h2 class=\"wp-block-heading\" id=\"datas\">Principais datas<\/h2>\n\n\n\n<p class=\"has-background has-very-light-gray-background-color\"><strong>Inscri\u00e7\u00f5es<\/strong>: <s>15 de abril a 26 de maio<\/s><br \/><strong>Isen\u00e7\u00e3o da taxa<\/strong>: <s>15 a 17 de abril<\/s><br \/><strong>\u00daltimo dia para pagamento<\/strong>: at\u00e9 27 de maio<br \/><strong>Provas<\/strong>: <s>24 e 31 de maio<\/s> Nova data a definir<\/p>\n\n\n\n<h2 class=\"wp-block-heading\" id=\"cargos-vagas\">Cargos e vagas<\/h2>\n\n\n\n<h3 class=\"wp-block-heading\">N\u00edvel fundamental<\/h3>\n\n\n\n<figure class=\"wp-block-table is-style-stripes\"><table class=\"has-subtle-pale-blue-background-color has-fixed-layout has-background\"><tbody><tr><td><strong>CARGO<\/strong><\/td><td><strong>VAGAS<\/strong><\/td><td><strong>REMUNERA\u00c7\u00c3O<\/strong><\/td><\/tr><tr><td>Auxiliar Administrativo<\/td><td>03 CR<\/td><td>R$ 1.200,00<\/td><\/tr><tr><td>Almoxarife<\/td><td>01 + 04 CR<\/td><td>R$ 1.200,00<\/td><\/tr><tr><td>Cozinheira<\/td><td>02 + 10 CR<\/td><td>R$ 798,17<\/td><\/tr><tr><td>Merendeira<\/td><td>01 CR <\/td><td>R$ 798,17<\/td><\/tr><tr><td>Motorista de Ve\u00edculos Leves<\/td><td>03 + 16 CR<\/td><td>R$ 798,17<\/td><\/tr><tr><td>Motorista de Ve\u00edculos Pesados<\/td><td>02 + 11 CR<\/td><td>R$ 798,17<\/td><\/tr><tr><td>Operador de P\u00e1-Carregadeira<\/td><td>01 + 02 CR<\/td><td>R$ 1.083,97<\/td><\/tr><tr><td>Operador de Retro Escavadeira<\/td><td>02 + 05 CR<\/td><td>R$ 1.083,97<\/td><\/tr><tr><td>Operador de Trator Pneu<\/td><td>01 + 03 CR<\/td><td>R$ 1.083,97<\/td><\/tr><tr><td>Recepcionista<\/td><td>03 + 11 CR<\/td><td>R$ 1.200,00<\/td><\/tr><tr><td>Servi\u00e7os Gerais<\/td><td>02 + 13 CR<\/td><td>R$ 798,17<\/td><\/tr><tr><td>Zelador<\/td><td>06 + 35 CR<\/td><td>R$ 798,17<\/td><\/tr><\/tbody><\/table><\/figure>\n\n\n\n<h3 class=\"wp-block-heading\">N\u00edvel m\u00e9dio<\/h3>\n\n\n\n<figure class=\"wp-block-table is-style-stripes\"><table class=\"has-subtle-pale-blue-background-color has-fixed-layout has-background\"><tbody><tr><td><strong>CARGO<\/strong><\/td><td><strong>VAGAS<\/strong><\/td><td><strong>REMUNERA\u00c7\u00c3O<\/strong><\/td><\/tr><tr><td>Agente Administrativo<\/td><td>02 + 30 CR<\/td><td>R$ 1.986,39<\/td><\/tr><tr><td>Agente de Endemias<\/td><td>01 + 05 CR<\/td><td>R$ 882,67<\/td><\/tr><tr><td>Agente de Tr\u00e2nsito<\/td><td>02 + 07 CR<\/td><td>R$ 2.613,44<\/td><\/tr><tr><td>Assistente T\u00e9cnico da Educa\u00e7\u00e3o B\u00e1sica<\/td><td>09 CR<\/td><td>R$ 882,67<\/td><\/tr><tr><td>Auxiliar de Educador\/Cuidador<\/td><td>04 + 31 CR<\/td><td>R$ 882,67<\/td><\/tr><tr><td>Auxiliar de Enfermagem<\/td><td>10 CR<\/td><td>R$ 798,17<\/td><\/tr><tr><td>Cuidador<\/td><td>03 CR<\/td><td>R$ 882,67<\/td><\/tr><tr><td>Cuidador\/Educador<\/td><td>01 CR<\/td><td>R$ 882,67<\/td><\/tr><tr><td>Digitador<\/td><td>02 + 01 CR<\/td><td>R$ 882,67<\/td><\/tr><tr><td>Fiscal Ambiental<\/td><td>02 CR<\/td><td>R$ 2.613,44<\/td><\/tr><tr><td>Fiscal de Obras e Posturas<\/td><td>02 CR<\/td><td>R$ 2.613,44<\/td><\/tr><tr><td>Fiscal de Vigil\u00e2ncia Sanit\u00e1ria<\/td><td>02 CR<\/td><td>R$ 2.613,44<\/td><\/tr><tr><td>Fiscal Tribut\u00e1rio<\/td><td>02 CR<\/td><td>R$ 2.613,44<\/td><\/tr><\/tbody><\/table><\/figure>\n\n\n\n<h3 class=\"wp-block-heading\">N\u00edvel m\u00e9dio\/t\u00e9cnico<\/h3>\n\n\n\n<figure class=\"wp-block-table is-style-stripes\"><table class=\"has-subtle-pale-blue-background-color has-fixed-layout has-background\"><tbody><tr><td><strong>CARGO<\/strong><\/td><td><strong>VAGAS<\/strong><\/td><td><strong>REMUNERA\u00c7\u00c3O<\/strong><\/td><\/tr><tr><td>T\u00e9cnico em Enfermagem<\/td><td>01 + 53 CR<\/td><td>R$ 895,62<\/td><\/tr><tr><td>T\u00e9cnico em Imobiliza\u00e7\u00e3o Ortop\u00e9dica<\/td><td>02 + 01 CR<\/td><td>R$ 895,62<\/td><\/tr><tr><td>T\u00e9cnico em Higiene Dental<\/td><td>01 + 05 CR<\/td><td>R$ 895,62<\/td><\/tr><tr><td>T\u00e9cnico em Inform\u00e1tica<\/td><td>01 + 01 CR<\/td><td>R$ 895,62<\/td><\/tr><tr><td>T\u00e9cnico em Nutri\u00e7\u00e3o e Diet\u00e9tica<\/td><td>01 + 01 CR<\/td><td>R$ 895,62<\/td><\/tr><tr><td>T\u00e9cnico em Radiologia<\/td><td>01 + 05 CR<\/td><td>R$ 895,62<\/td><\/tr><tr><td>T\u00e9cnico em Seguran\u00e7a do Trabalho<\/td><td>01 <\/td><td>R$ 895,62<\/td><\/tr><\/tbody><\/table><\/figure>\n\n\n\n<h3 class=\"wp-block-heading\">N\u00edvel superior<\/h3>\n\n\n\n<figure class=\"wp-block-table is-style-stripes\"><table class=\"has-subtle-pale-blue-background-color has-fixed-layout has-background\"><tbody><tr><td><strong>CARGO<\/strong><\/td><td><strong>VAGAS<\/strong><\/td><td><strong>REMUNERA\u00c7\u00c3O<\/strong><\/td><\/tr><tr><td>Advogado<\/td><td>03 CR <\/td><td>R$ 3.874,25<\/td><\/tr><tr><td>Analista de Sistemas<\/td><td>01 CR <\/td><td>R$ 2.539,38<\/td><\/tr><tr><td>Arquiteto<\/td><td>01 CR <\/td><td>R$ 2.539,38<\/td><\/tr><tr><td>Assistente Social<\/td><td>01 + 03 CR<\/td><td>R$ 1.269,71 \/ R$ 2.539,38<\/td><\/tr><tr><td>Auditor Fiscal<\/td><td>01 CR <\/td><td>R$ 4.371,91<\/td><\/tr><tr><td>Contador<\/td><td>02 + 05 CR<\/td><td>R$ 2.539,38<\/td><\/tr><tr><td>Enfermeiro<\/td><td>60 CR<\/td><td>R$ 2.539,38<\/td><\/tr><tr><td>Engenheiro Civil<\/td><td>01 CR <\/td><td>R$ 2.539,38<\/td><\/tr><tr><td>Farmac\u00eautico<\/td><td>01 + 03 CR<\/td><td>R$ 2.539,38<\/td><\/tr><tr><td>Fisioterapeuta<\/td><td>05 + 08 CR<\/td><td>R$ 2.539,38<\/td><\/tr><tr><td>Fonoaudi\u00f3logo<\/td><td>04 CR<\/td><td>R$ 2.539,38<\/td><\/tr><tr><td>M\u00e9dico (v\u00e1rios)<\/td><td>20 + 109 CR<\/td><td>R$ 3.874,25 \/ R$ 7.748,55<\/td><\/tr><tr><td>Nutricionista<\/td><td>02 CR<\/td><td>R$ 2.539,38<\/td><\/tr><tr><td>Odont\u00f3logo (v\u00e1rios)<\/td><td>01 + 16 CR<\/td><td>R$ 1.269,71 \/ R$ 2.539,38<\/td><\/tr><tr><td>Pedagogo (v\u00e1rios)<\/td><td>05 + 98 CR<\/td><td>R$ 1.439,65 \/ R$ 2.303,40<\/td><\/tr><tr><td>Professor de Educa\u00e7\u00e3o F\u00edsica<\/td><td>01 + 04 CR<\/td><td>R$ 2.303,40<\/td><\/tr><tr><td>Psic\u00f3logo<\/td><td>01 + 10 CR<\/td><td>R$ 1.269,71 \/ R$ 2.539,38<\/td><\/tr><tr><td>Psicopedagogo Cl\u00ednico<\/td><td>01 + 05 CR<\/td><td>R$ 2.303,40<\/td><\/tr><\/tbody><\/table><\/figure>\n\n\n\n<h2 class=\"wp-block-heading\" id=\"etapas\">Etapas e provas<\/h2>\n\n\n\n<ul class=\"wp-block-list\"><li><strong>Para os cargos de Ensino Superior<\/strong><ol><li><strong>Prova Objetiva<\/strong>, para todos os cargos, de car\u00e1ter classificat\u00f3rio e eliminat\u00f3rio;<\/li><li><strong>Prova de T\u00edtulos<\/strong>, para todos os cargos, de car\u00e1ter classificat\u00f3rio.<\/li><\/ol><\/li><\/ul>\n\n\n\n<ul class=\"wp-block-list\"><li><strong>Para os cargos de Ensino M\u00e9dio<\/strong><ol><li><strong>Prova Objetiva<\/strong>, para todos os cargos, de car\u00e1ter classificat\u00f3rio e eliminat\u00f3rio.<\/li><\/ol><\/li><\/ul>\n\n\n\n<ul class=\"wp-block-list\"><li><strong>Para os cargos de Ensino Fundamental<\/strong><ol><li><strong>Prova Objetiva<\/strong>, para todos os cargos, de car\u00e1ter classificat\u00f3rio e eliminat\u00f3rio;<\/li><li><strong>Prova Pr\u00e1tica<\/strong>, somente para os cargos: Motorista de Ve\u00edculos Leves, Motorista de Ve\u00edculos Pesados, Operador de P\u00e1 Carregadeira, Operador de Retro Escavadeira PC e Operador de Trator Pneu, de car\u00e1ter eliminat\u00f3rio.<\/li><\/ol><\/li><\/ul>\n\n\n\n<h3 class=\"wp-block-heading\">Prova Objetiva<\/h3>\n\n\n\n<p>Com dura\u00e7\u00e3o de 03 horas, as etapas ser\u00e3o realizadas em Rolim de Moura, exceto para os cargos de M\u00e9dico que tamb\u00e9m poder\u00e3o realizar a Prova Objetiva nos munic\u00edpios de Rolim de Moura, Ji-Paran\u00e1, Cacoal e Porto Velho, conforme op\u00e7\u00e3o do candidato no momento da inscri\u00e7\u00e3o.<\/p>\n\n\n\n<p>A Prova Objetiva ter\u00e1 car\u00e1ter eliminat\u00f3rio e classificat\u00f3rio e ser\u00e1 constitu\u00edda de quest\u00f5es de m\u00faltipla escolha, conforme abaixo:<\/p>\n\n\n\n<ul class=\"wp-block-list\"><li><strong>N\u00edvel fundamental incompleto:<\/strong><ul><li><em>L\u00edngua Portuguesa &#8211; 10<\/em><\/li><li><em>Matem\u00e1tica &#8211; 10<\/em><\/li><li><em>Hist\u00f3ria e Geografia de Rond\u00f4nia &#8211; 10<\/em><\/li><li><em>Conhecimentos Espec\u00edficos &#8211; 10<\/em><\/li><\/ul><\/li><\/ul>\n\n\n\n<ul class=\"wp-block-list\"><li><strong>N\u00edvel fundamental completo:<\/strong><ul><li><em>L\u00edngua Portuguesa &#8211; 10<\/em><\/li><li><em>Racioc\u00ednio L\u00f3gico &#8211; 10<\/em><\/li><li><em>Hist\u00f3ria e Geografia de Rond\u00f4nia &#8211; 10<\/em><\/li><li><em>Conhecimentos Espec\u00edficos &#8211; 10<\/em><\/li><\/ul><\/li><\/ul>\n\n\n\n<ul class=\"wp-block-list\"><li><strong>N\u00edvel m\u00e9dio e m\u00e9dio\/t\u00e9cnico:<\/strong><ul><li><em>L\u00edngua Portuguesa &#8211; 10<\/em><\/li><li><em>Racioc\u00ednio L\u00f3gico &#8211; 10<\/em><\/li><li><em>\u00c9tica e Conduta na Administra\u00e7\u00e3o P\u00fablica, Administra\u00e7\u00e3o P\u00fablica e No\u00e7\u00f5es de Direito Constitucional &#8211; 10<\/em><\/li><li><em>Hist\u00f3ria e Geografia de Rond\u00f4nia &#8211; 5<\/em><\/li><li><em>Conhecimentos Espec\u00edficos &#8211; 15<\/em><\/li><\/ul><\/li><\/ul>\n\n\n\n<ul class=\"wp-block-list\"><li><strong>N\u00edvel superior:<\/strong><ul><li><em>L\u00edngua Portuguesa &#8211; 20<\/em><\/li><li><em>\u00c9tica e Conduta na Administra\u00e7\u00e3o P\u00fablica, Administra\u00e7\u00e3o P\u00fablica e No\u00e7\u00f5es de Direito Constitucional &#8211; 10<\/em><\/li><li><em>Hist\u00f3ria e Geografia de Rond\u00f4nia &#8211; 5<\/em><\/li><li><em>Conhecimentos Espec\u00edficos &#8211; 15<\/em><\/li><\/ul><\/li><\/ul>\n\n\n\n<p>Ser\u00e1 eliminado o candidato que n\u00e3o obtiver, pelo menos, 50% dos pontos da Prova Objetiva e\/ou obtiver nota 0 em qualquer uma das disciplinas.<\/p>\n\n\n\n<h3 class=\"wp-block-heading\">Prova de T\u00edtulos<\/h3>\n\n\n\n<p>Somente ser\u00e1 pontuado um t\u00edtulo em cada item. Ser\u00e3o considerados os seguintes t\u00edtulos, para efeitos de pontua\u00e7\u00e3o:<\/p>\n\n\n\n<ul class=\"wp-block-list\"><li>P\u00f3s-Gradua\u00e7\u00e3o <em>Stricto Sensu<\/em> \u2013 Doutorado na \u00e1rea do cargo a que concorre, pertinente ao cargo ofertado: 2,5 pontos<\/li><li>P\u00f3s-Gradua\u00e7\u00e3o<em> Stricto Sensu<\/em> \u2013 Mestrado na \u00e1rea do cargo a que concorre, pertinente ao cargo ofertado: 1,5 pontos<\/li><li>P\u00f3s-Gradua\u00e7\u00e3o <em>Lato Sensu<\/em> (360 horas), em n\u00edvel de especializa\u00e7\u00e3o, na \u00e1rea do cargo a que concorre, pertinente ao cargo ofertado: 1,0 ponto<\/li><\/ul>\n\n\n\n<h3 class=\"wp-block-heading\">Prova Pr\u00e1tica<\/h3>\n\n\n\n<p>A Prova Pr\u00e1tica valer\u00e1 20 pontos, n\u00e3o sendo a pontua\u00e7\u00e3o obtida considerada na nota final do candidato. Ser\u00e1 considerado inapto o candidato que n\u00e3o obtiver, pelo menos, 50% dos pontos na etapa.<\/p>\n\n\n\n<ul class=\"wp-block-list\"><li>Na Prova Pr\u00e1tica de Motorista de Ve\u00edculo Leve o ve\u00edculo utilizado ser\u00e1 o carro de passeio.<\/li><li>Na Prova Pr\u00e1tica de Motorista de Ve\u00edculo Pesado o ve\u00edculo utilizado ser\u00e1 o caminh\u00e3o tipo basculante, oferecido pela Prefeitura.<\/li><li>Na Prova Pr\u00e1tica dos Operadores, ser\u00e1 utilizada a m\u00e1quina conforme cargo inscrito.<\/li><\/ul>\n\n\n\n<p style=\"font-size:21px\" class=\"has-background has-text-align-center has-very-light-gray-background-color\"><strong>Saiba mais: <a rel=\"noreferrer noopener\" href=\"https:\/\/www.estrategiaconcursos.com.br\/blog\/concurso-prefeitura-rolim-de-moura-ro\/\" target=\"_blank\">Concurso Prefeitura de Rolim Moura<\/a><\/strong><\/p>\n\n\n\n<p class=\"has-text-align-center\"><em>Confira tamb\u00e9m os outros editais vigentes do Munic\u00edpio de Rolim de Moura:<\/em><\/p>\n\n\n\n<p class=\"has-background has-text-align-center has-medium-font-size has-very-light-gray-background-color\"><strong><a rel=\"noreferrer noopener\" href=\"https:\/\/www.estrategiaconcursos.com.br\/blog\/concurso-rolim-prev\/\" target=\"_blank\">Concurso Rolim Prev<\/a> | <a href=\"https:\/\/www.estrategiaconcursos.com.br\/blog\/concurso-sanerom\/\" target=\"_blank\" rel=\"noreferrer noopener\">Concurso SANEROM<\/a><\/strong><\/p>\n\n\n\n<hr class=\"wp-block-separator\"\/>\n\n\n\n<h2 class=\"has-text-align-center wp-block-heading\" id=\"cursos-assinatura\">Quer estudar para o concurso Prefeitura Rolim de Moura?<\/h2>\n\n\n\n<p class=\"has-text-align-center\"><em>Gostou desta oportunidade e deseja come\u00e7ar se preparar agora mesmo? Ent\u00e3o, confira os nossos cursos e comece a estudar:<\/em><\/p>\n\n\n\n<p style=\"font-size:22px\" class=\"has-background has-text-align-center has-light-green-cyan-background-color\"><strong><a rel=\"noreferrer noopener\" href=\"https:\/\/www.estrategiaconcursos.com.br\/cursos\/concurso\/\" target=\"_blank\">Curso para concurso<\/a><\/strong><\/p>\n\n\n\n<p class=\"has-text-align-center has-medium-font-size\"><em><strong>Assinatura Anual Ilimitada*<\/strong><\/em><\/p>\n\n\n\n<p class=\"has-text-align-center\"><em>Prepare-se com o melhor material e com quem mais aprova em Concursos P\u00fablicos em todo o pa\u00eds. Assine agora a nossa Assinatura Anual e tenha acesso ilimitado* a todos os nossos cursos.<\/em><\/p>\n\n\n\n<p style=\"font-size:22px\" class=\"has-background has-text-align-center has-luminous-vivid-amber-background-color\"><strong>ASSINE AGORA<\/strong>&nbsp;\u2013&nbsp;<strong><a rel=\"noreferrer noopener\" href=\"https:\/\/www.estrategiaconcursos.com.br\/assinaturas\" target=\"_blank\">Assinatura Ilimitada<\/a><\/strong><\/p>\n\n\n\n<p class=\"has-text-align-center has-medium-font-size\"><strong><em><strong>Sistema de Quest\u00f5es<\/strong><\/em><\/strong><\/p>\n\n\n\n<p class=\"has-text-align-center\">Estrat\u00e9gia Quest\u00f5es nasceu maior do que todos os concorrentes, com mais quest\u00f5es cadastradas e mais solu\u00e7\u00f5es por professores. Clique no link e aproveite os descontos e b\u00f4nus imperd\u00edveis!<\/p>\n\n\n\n<p style=\"font-size:22px\" class=\"has-text-color has-background has-text-align-center has-very-dark-gray-color has-vivid-green-cyan-background-color\"><strong>ASSINE AGORA &#8211; <a href=\"https:\/\/www.estrategiaconcursos.com.br\/cursosPorConcurso\/sistema-de-questoes\/#\/\" target=\"_blank\" rel=\"noreferrer noopener\">Sistema de Quest\u00f5es<\/a><\/strong><\/p>\n\n\n\n<p class=\"has-text-align-center has-medium-font-size\"><strong><em>Fique por dentro de todos os concursos<\/em><\/strong><\/p>\n\n\n\n<p style=\"font-size:22px\" class=\"has-background has-text-align-center has-pale-cyan-blue-background-color\"><a rel=\"noreferrer noopener\" href=\"https:\/\/www.estrategiaconcursos.com.br\/blog\/concursos-abertos\/\" target=\"_blank\"><strong>CONCURSOS ABERTOS<\/strong><\/a><\/p>\n\n\n\n<p style=\"font-size:22px\" class=\"has-background has-text-align-center has-pale-cyan-blue-background-color\"><a rel=\"noreferrer noopener\" href=\"https:\/\/www.estrategiaconcursos.com.br\/blog\/concursos-2020\/\" target=\"_blank\"><strong>CONCURSOS\u00a02020<\/strong><\/a><\/p>\n\n\n\n<p style=\"font-size:22px\" class=\"has-background has-text-align-center has-pale-cyan-blue-background-color\"><a rel=\"noreferrer noopener\" href=\"https:\/\/www.estrategiaconcursos.com.br\/blog\/concursos-2021\/\" target=\"_blank\"><strong>CONCURSOS 2021<\/strong><\/a><\/p>\n\n\n\n<figure class=\"wp-block-image\"><img loading=\"lazy\" decoding=\"async\" width=\"300\" height=\"102\" src=\"https:\/\/dhg1h5j42swfq.cloudfront.net\/2017\/03\/28152500\/coruja-ficha-tecnica-300x102.png\" alt=\"\" class=\"wp-image-68542\"\/><\/figure>\n\n\n\n<h3 class=\"wp-block-heading\" id=\"ficha-tecnica\"><strong>Informa\u00e7\u00f5es do c<\/strong>oncurso Prefeitura de Rolim Moura-RO<\/h3>\n\n\n\n<p>\u25ba<strong>Provas<\/strong>: nova data a definir<br \/>\u25ba<strong>Vagas<\/strong>: 80 + 619 CR<br \/>\u25ba<strong>Cargos<\/strong>: Diversos<br \/>\u25ba<strong>Banca<\/strong>: IBADE<br \/>\u25ba<strong>Escolaridade<\/strong>: N\u00edvel fundamental, m\u00e9dio e superior<br \/>\u25ba<strong>Edital<\/strong>: <a rel=\"noreferrer noopener\" href=\"https:\/\/dhg1h5j42swfq.cloudfront.net\/2020\/05\/07093720\/EDITAL-PREFEITURA-ROLIM-DE-MOURA-Atualizado-conforme-retifica-es-01-02-1.pdf\" target=\"_blank\">Edital Rolim de Moura 2020<\/a>&nbsp;(retificado)<\/p>\n\n\n\n<p><em>Ascom Estrat\u00e9gia<\/em><br \/>ascomestrategia@gmail.com<\/p>\n","protected":false},"excerpt":{"rendered":"<p>Est\u00e3o encerradas as inscri\u00e7\u00f5es do concurso p\u00fablico da Prefeitura Municipal de Rolim de Moura, Estado de Rond\u00f4nia. S\u00e3o ofertadas 80 vagas imediatas mais 619 para cadastro reserva, distribu\u00eddas entre cargos de n\u00edvel fundamental, m\u00e9dio e superior. Os interessados em participar da sele\u00e7\u00e3o puderam realizar as inscri\u00e7\u00f5es no per\u00edodo de 15 de abril a 26 de [&hellip;]<\/p>\n","protected":false},"author":93,"featured_media":506418,"comment_status":"open","ping_status":"closed","sticky":false,"template":"","format":"standard","meta":{"post_tipo":"article","footnotes":""},"categories":[1],"tags":[],"tax_estado":[],"class_list":["post-503490","post","type-post","status-publish","format-standard","has-post-thumbnail","hentry","category-cursos-e-concursos"],"acf":[],"yoast_head":"<!-- This site is optimized with the Yoast SEO Premium plugin v27.2 (Yoast SEO v27.2) - https:\/\/yoast.com\/product\/yoast-seo-premium-wordpress\/ -->\n<title>Edital Prefeitura Rolim de Moura: inscri\u00e7\u00f5es encerradas<\/title>\n<meta name=\"description\" content=\"Edital Prefeitura de Rolim Moura: inscri\u00e7\u00f5es encerradas para 80 vagas imediatas mais 619 em cadastro reserva. Acesse e confira!\" \/>\n<meta name=\"robots\" content=\"index, follow, max-snippet:-1, max-image-preview:large, max-video-preview:-1\" \/>\n<link rel=\"canonical\" href=\"https:\/\/www.estrategiaconcursos.com.br\/blog\/edital-concurso-prefeitura-rolim-de-moura\/\" \/>\n<meta property=\"og:locale\" content=\"pt_BR\" \/>\n<meta property=\"og:type\" content=\"article\" \/>\n<meta property=\"og:title\" content=\"Edital Prefeitura Rolim de Moura: inscri\u00e7\u00f5es encerradas\" \/>\n<meta property=\"og:description\" content=\"Edital Prefeitura de Rolim Moura: inscri\u00e7\u00f5es encerradas para 80 vagas imediatas mais 619 em cadastro reserva. Acesse e confira!\" \/>\n<meta property=\"og:url\" content=\"https:\/\/www.estrategiaconcursos.com.br\/blog\/edital-concurso-prefeitura-rolim-de-moura\/\" \/>\n<meta property=\"og:site_name\" content=\"Estrat\u00e9gia Concursos\" \/>\n<meta property=\"article:published_time\" content=\"2020-05-25T11:50:00+00:00\" \/>\n<meta property=\"article:modified_time\" content=\"2020-06-10T17:56:06+00:00\" \/>\n<meta property=\"og:image\" content=\"https:\/\/dhg1h5j42swfq.cloudfront.net\/2020\/04\/23100652\/Prefeitura_de_Rolim_de_Moura_RO.jpg\" \/>\n\t<meta property=\"og:image:width\" content=\"1200\" \/>\n\t<meta property=\"og:image:height\" content=\"628\" \/>\n\t<meta property=\"og:image:type\" content=\"image\/jpeg\" \/>\n<meta name=\"author\" content=\"Vinicius Silva\" \/>\n<meta name=\"twitter:card\" content=\"summary_large_image\" \/>\n<meta name=\"twitter:creator\" content=\"@EstratConcursos\" \/>\n<meta name=\"twitter:site\" content=\"@EstratConcursos\" \/>\n<meta name=\"twitter:label1\" content=\"Escrito por\" \/>\n\t<meta name=\"twitter:data1\" content=\"Vinicius Silva\" \/>\n\t<meta name=\"twitter:label2\" content=\"Est. tempo de leitura\" \/>\n\t<meta name=\"twitter:data2\" content=\"5 minutos\" \/>\n<script type=\"application\/ld+json\" class=\"yoast-schema-graph\">{\"@context\":\"https:\/\/schema.org\",\"@graph\":[{\"@type\":\"NewsArticle\",\"@id\":\"https:\/\/www.estrategiaconcursos.com.br\/blog\/edital-concurso-prefeitura-rolim-de-moura\/#article\",\"isPartOf\":{\"@id\":\"https:\/\/www.estrategiaconcursos.com.br\/blog\/edital-concurso-prefeitura-rolim-de-moura\/\"},\"author\":{\"name\":\"Vinicius Silva\",\"@id\":\"https:\/\/www.estrategiaconcursos.com.br\/blog\/#\/schema\/person\/20030622a981f9a942ad6b3561fe4ca4\"},\"headline\":\"Edital Prefeitura Rolim de Moura: inscri\u00e7\u00f5es encerradas\",\"datePublished\":\"2020-05-25T11:50:00+00:00\",\"dateModified\":\"2020-06-10T17:56:06+00:00\",\"mainEntityOfPage\":{\"@id\":\"https:\/\/www.estrategiaconcursos.com.br\/blog\/edital-concurso-prefeitura-rolim-de-moura\/\"},\"wordCount\":1156,\"commentCount\":2,\"publisher\":{\"@id\":\"https:\/\/www.estrategiaconcursos.com.br\/blog\/#organization\"},\"image\":{\"@id\":\"https:\/\/www.estrategiaconcursos.com.br\/blog\/edital-concurso-prefeitura-rolim-de-moura\/#primaryimage\"},\"thumbnailUrl\":\"https:\/\/dhg1h5j42swfq.cloudfront.net\/2020\/04\/23100652\/Prefeitura_de_Rolim_de_Moura_RO.jpg\",\"articleSection\":[\"Concursos P\u00fablicos\"],\"inLanguage\":\"pt-BR\",\"potentialAction\":[{\"@type\":\"CommentAction\",\"name\":\"Comment\",\"target\":[\"https:\/\/www.estrategiaconcursos.com.br\/blog\/edital-concurso-prefeitura-rolim-de-moura\/#respond\"]}],\"copyrightYear\":\"2020\",\"copyrightHolder\":{\"@id\":\"https:\/\/www.estrategiaconcursos.com.br\/blog\/#organization\"}},{\"@type\":\"WebPage\",\"@id\":\"https:\/\/www.estrategiaconcursos.com.br\/blog\/edital-concurso-prefeitura-rolim-de-moura\/\",\"url\":\"https:\/\/www.estrategiaconcursos.com.br\/blog\/edital-concurso-prefeitura-rolim-de-moura\/\",\"name\":\"Edital Prefeitura Rolim de Moura: inscri\u00e7\u00f5es encerradas\",\"isPartOf\":{\"@id\":\"https:\/\/www.estrategiaconcursos.com.br\/blog\/#website\"},\"primaryImageOfPage\":{\"@id\":\"https:\/\/www.estrategiaconcursos.com.br\/blog\/edital-concurso-prefeitura-rolim-de-moura\/#primaryimage\"},\"image\":{\"@id\":\"https:\/\/www.estrategiaconcursos.com.br\/blog\/edital-concurso-prefeitura-rolim-de-moura\/#primaryimage\"},\"thumbnailUrl\":\"https:\/\/dhg1h5j42swfq.cloudfront.net\/2020\/04\/23100652\/Prefeitura_de_Rolim_de_Moura_RO.jpg\",\"datePublished\":\"2020-05-25T11:50:00+00:00\",\"dateModified\":\"2020-06-10T17:56:06+00:00\",\"description\":\"Edital Prefeitura de Rolim Moura: inscri\u00e7\u00f5es encerradas para 80 vagas imediatas mais 619 em cadastro reserva. Acesse e confira!\",\"breadcrumb\":{\"@id\":\"https:\/\/www.estrategiaconcursos.com.br\/blog\/edital-concurso-prefeitura-rolim-de-moura\/#breadcrumb\"},\"inLanguage\":\"pt-BR\",\"potentialAction\":[{\"@type\":\"ReadAction\",\"target\":[\"https:\/\/www.estrategiaconcursos.com.br\/blog\/edital-concurso-prefeitura-rolim-de-moura\/\"]}]},{\"@type\":\"ImageObject\",\"inLanguage\":\"pt-BR\",\"@id\":\"https:\/\/www.estrategiaconcursos.com.br\/blog\/edital-concurso-prefeitura-rolim-de-moura\/#primaryimage\",\"url\":\"https:\/\/dhg1h5j42swfq.cloudfront.net\/2020\/04\/23100652\/Prefeitura_de_Rolim_de_Moura_RO.jpg\",\"contentUrl\":\"https:\/\/dhg1h5j42swfq.cloudfront.net\/2020\/04\/23100652\/Prefeitura_de_Rolim_de_Moura_RO.jpg\",\"width\":1200,\"height\":628,\"caption\":\"Concurso Rolim\"},{\"@type\":\"BreadcrumbList\",\"@id\":\"https:\/\/www.estrategiaconcursos.com.br\/blog\/edital-concurso-prefeitura-rolim-de-moura\/#breadcrumb\",\"itemListElement\":[{\"@type\":\"ListItem\",\"position\":1,\"name\":\"In\u00edcio\",\"item\":\"https:\/\/www.estrategiaconcursos.com.br\/blog\/\"},{\"@type\":\"ListItem\",\"position\":2,\"name\":\"Edital Prefeitura Rolim de Moura: inscri\u00e7\u00f5es encerradas\"}]},{\"@type\":\"WebSite\",\"@id\":\"https:\/\/www.estrategiaconcursos.com.br\/blog\/#website\",\"url\":\"https:\/\/www.estrategiaconcursos.com.br\/blog\/\",\"name\":\"Estrat\u00e9gia Concursos\",\"description\":\"O blog da Estrat\u00e9gia Concursos traz not\u00edcias sobre concursos e artigos de professores oferecendo cursos para concursos (pdf + videaulas) no site.\",\"publisher\":{\"@id\":\"https:\/\/www.estrategiaconcursos.com.br\/blog\/#organization\"},\"potentialAction\":[{\"@type\":\"SearchAction\",\"target\":{\"@type\":\"EntryPoint\",\"urlTemplate\":\"https:\/\/www.estrategiaconcursos.com.br\/blog\/?s={search_term_string}\"},\"query-input\":{\"@type\":\"PropertyValueSpecification\",\"valueRequired\":true,\"valueName\":\"search_term_string\"}}],\"inLanguage\":\"pt-BR\"},{\"@type\":\"Organization\",\"@id\":\"https:\/\/www.estrategiaconcursos.com.br\/blog\/#organization\",\"name\":\"Estrat\u00e9gia Concursos\",\"url\":\"https:\/\/www.estrategiaconcursos.com.br\/blog\/\",\"logo\":{\"@type\":\"ImageObject\",\"inLanguage\":\"pt-BR\",\"@id\":\"https:\/\/www.estrategiaconcursos.com.br\/blog\/#\/schema\/logo\/image\/\",\"url\":\"https:\/\/dhg1h5j42swfq.cloudfront.net\/2025\/06\/03203428\/logo_concursos-1.jpg\",\"contentUrl\":\"https:\/\/dhg1h5j42swfq.cloudfront.net\/2025\/06\/03203428\/logo_concursos-1.jpg\",\"width\":230,\"height\":60,\"caption\":\"Estrat\u00e9gia Concursos\"},\"image\":{\"@id\":\"https:\/\/www.estrategiaconcursos.com.br\/blog\/#\/schema\/logo\/image\/\"},\"sameAs\":[\"https:\/\/x.com\/EstratConcursos\"]},{\"@type\":\"Person\",\"@id\":\"https:\/\/www.estrategiaconcursos.com.br\/blog\/#\/schema\/person\/20030622a981f9a942ad6b3561fe4ca4\",\"name\":\"Vinicius Silva\",\"image\":{\"@type\":\"ImageObject\",\"inLanguage\":\"pt-BR\",\"@id\":\"https:\/\/secure.gravatar.com\/avatar\/604d9670a4c7eea71feaa4381f3ae97e148292ac402671c5944aa67a3d127663?s=96&d=mm&r=g\",\"url\":\"https:\/\/secure.gravatar.com\/avatar\/604d9670a4c7eea71feaa4381f3ae97e148292ac402671c5944aa67a3d127663?s=96&d=mm&r=g\",\"contentUrl\":\"https:\/\/secure.gravatar.com\/avatar\/604d9670a4c7eea71feaa4381f3ae97e148292ac402671c5944aa67a3d127663?s=96&d=mm&r=g\",\"caption\":\"Vinicius Silva\"},\"url\":\"https:\/\/www.estrategiaconcursos.com.br\/blog\/author\/viniciussilvaestrategiaconcursos-com-br\/\"}]}<\/script>\n<!-- \/ Yoast SEO Premium plugin. -->","yoast_head_json":{"title":"Edital Prefeitura Rolim de Moura: inscri\u00e7\u00f5es encerradas","description":"Edital Prefeitura de Rolim Moura: inscri\u00e7\u00f5es encerradas para 80 vagas imediatas mais 619 em cadastro reserva. Acesse e confira!","robots":{"index":"index","follow":"follow","max-snippet":"max-snippet:-1","max-image-preview":"max-image-preview:large","max-video-preview":"max-video-preview:-1"},"canonical":"https:\/\/www.estrategiaconcursos.com.br\/blog\/edital-concurso-prefeitura-rolim-de-moura\/","og_locale":"pt_BR","og_type":"article","og_title":"Edital Prefeitura Rolim de Moura: inscri\u00e7\u00f5es encerradas","og_description":"Edital Prefeitura de Rolim Moura: inscri\u00e7\u00f5es encerradas para 80 vagas imediatas mais 619 em cadastro reserva. Acesse e confira!","og_url":"https:\/\/www.estrategiaconcursos.com.br\/blog\/edital-concurso-prefeitura-rolim-de-moura\/","og_site_name":"Estrat\u00e9gia Concursos","article_published_time":"2020-05-25T11:50:00+00:00","article_modified_time":"2020-06-10T17:56:06+00:00","og_image":[{"width":1200,"height":628,"url":"https:\/\/dhg1h5j42swfq.cloudfront.net\/2020\/04\/23100652\/Prefeitura_de_Rolim_de_Moura_RO.jpg","type":"image\/jpeg"}],"author":"Vinicius Silva","twitter_card":"summary_large_image","twitter_creator":"@EstratConcursos","twitter_site":"@EstratConcursos","twitter_misc":{"Escrito por":"Vinicius Silva","Est. tempo de leitura":"5 minutos"},"schema":{"@context":"https:\/\/schema.org","@graph":[{"@type":"NewsArticle","@id":"https:\/\/www.estrategiaconcursos.com.br\/blog\/edital-concurso-prefeitura-rolim-de-moura\/#article","isPartOf":{"@id":"https:\/\/www.estrategiaconcursos.com.br\/blog\/edital-concurso-prefeitura-rolim-de-moura\/"},"author":{"name":"Vinicius Silva","@id":"https:\/\/www.estrategiaconcursos.com.br\/blog\/#\/schema\/person\/20030622a981f9a942ad6b3561fe4ca4"},"headline":"Edital Prefeitura Rolim de Moura: inscri\u00e7\u00f5es encerradas","datePublished":"2020-05-25T11:50:00+00:00","dateModified":"2020-06-10T17:56:06+00:00","mainEntityOfPage":{"@id":"https:\/\/www.estrategiaconcursos.com.br\/blog\/edital-concurso-prefeitura-rolim-de-moura\/"},"wordCount":1156,"commentCount":2,"publisher":{"@id":"https:\/\/www.estrategiaconcursos.com.br\/blog\/#organization"},"image":{"@id":"https:\/\/www.estrategiaconcursos.com.br\/blog\/edital-concurso-prefeitura-rolim-de-moura\/#primaryimage"},"thumbnailUrl":"https:\/\/dhg1h5j42swfq.cloudfront.net\/2020\/04\/23100652\/Prefeitura_de_Rolim_de_Moura_RO.jpg","articleSection":["Concursos P\u00fablicos"],"inLanguage":"pt-BR","potentialAction":[{"@type":"CommentAction","name":"Comment","target":["https:\/\/www.estrategiaconcursos.com.br\/blog\/edital-concurso-prefeitura-rolim-de-moura\/#respond"]}],"copyrightYear":"2020","copyrightHolder":{"@id":"https:\/\/www.estrategiaconcursos.com.br\/blog\/#organization"}},{"@type":"WebPage","@id":"https:\/\/www.estrategiaconcursos.com.br\/blog\/edital-concurso-prefeitura-rolim-de-moura\/","url":"https:\/\/www.estrategiaconcursos.com.br\/blog\/edital-concurso-prefeitura-rolim-de-moura\/","name":"Edital Prefeitura Rolim de Moura: inscri\u00e7\u00f5es encerradas","isPartOf":{"@id":"https:\/\/www.estrategiaconcursos.com.br\/blog\/#website"},"primaryImageOfPage":{"@id":"https:\/\/www.estrategiaconcursos.com.br\/blog\/edital-concurso-prefeitura-rolim-de-moura\/#primaryimage"},"image":{"@id":"https:\/\/www.estrategiaconcursos.com.br\/blog\/edital-concurso-prefeitura-rolim-de-moura\/#primaryimage"},"thumbnailUrl":"https:\/\/dhg1h5j42swfq.cloudfront.net\/2020\/04\/23100652\/Prefeitura_de_Rolim_de_Moura_RO.jpg","datePublished":"2020-05-25T11:50:00+00:00","dateModified":"2020-06-10T17:56:06+00:00","description":"Edital Prefeitura de Rolim Moura: inscri\u00e7\u00f5es encerradas para 80 vagas imediatas mais 619 em cadastro reserva. Acesse e confira!","breadcrumb":{"@id":"https:\/\/www.estrategiaconcursos.com.br\/blog\/edital-concurso-prefeitura-rolim-de-moura\/#breadcrumb"},"inLanguage":"pt-BR","potentialAction":[{"@type":"ReadAction","target":["https:\/\/www.estrategiaconcursos.com.br\/blog\/edital-concurso-prefeitura-rolim-de-moura\/"]}]},{"@type":"ImageObject","inLanguage":"pt-BR","@id":"https:\/\/www.estrategiaconcursos.com.br\/blog\/edital-concurso-prefeitura-rolim-de-moura\/#primaryimage","url":"https:\/\/dhg1h5j42swfq.cloudfront.net\/2020\/04\/23100652\/Prefeitura_de_Rolim_de_Moura_RO.jpg","contentUrl":"https:\/\/dhg1h5j42swfq.cloudfront.net\/2020\/04\/23100652\/Prefeitura_de_Rolim_de_Moura_RO.jpg","width":1200,"height":628,"caption":"Concurso Rolim"},{"@type":"BreadcrumbList","@id":"https:\/\/www.estrategiaconcursos.com.br\/blog\/edital-concurso-prefeitura-rolim-de-moura\/#breadcrumb","itemListElement":[{"@type":"ListItem","position":1,"name":"In\u00edcio","item":"https:\/\/www.estrategiaconcursos.com.br\/blog\/"},{"@type":"ListItem","position":2,"name":"Edital Prefeitura Rolim de Moura: inscri\u00e7\u00f5es encerradas"}]},{"@type":"WebSite","@id":"https:\/\/www.estrategiaconcursos.com.br\/blog\/#website","url":"https:\/\/www.estrategiaconcursos.com.br\/blog\/","name":"Estrat\u00e9gia Concursos","description":"O blog da Estrat\u00e9gia Concursos traz not\u00edcias sobre concursos e artigos de professores oferecendo cursos para concursos (pdf + videaulas) no site.","publisher":{"@id":"https:\/\/www.estrategiaconcursos.com.br\/blog\/#organization"},"potentialAction":[{"@type":"SearchAction","target":{"@type":"EntryPoint","urlTemplate":"https:\/\/www.estrategiaconcursos.com.br\/blog\/?s={search_term_string}"},"query-input":{"@type":"PropertyValueSpecification","valueRequired":true,"valueName":"search_term_string"}}],"inLanguage":"pt-BR"},{"@type":"Organization","@id":"https:\/\/www.estrategiaconcursos.com.br\/blog\/#organization","name":"Estrat\u00e9gia Concursos","url":"https:\/\/www.estrategiaconcursos.com.br\/blog\/","logo":{"@type":"ImageObject","inLanguage":"pt-BR","@id":"https:\/\/www.estrategiaconcursos.com.br\/blog\/#\/schema\/logo\/image\/","url":"https:\/\/dhg1h5j42swfq.cloudfront.net\/2025\/06\/03203428\/logo_concursos-1.jpg","contentUrl":"https:\/\/dhg1h5j42swfq.cloudfront.net\/2025\/06\/03203428\/logo_concursos-1.jpg","width":230,"height":60,"caption":"Estrat\u00e9gia Concursos"},"image":{"@id":"https:\/\/www.estrategiaconcursos.com.br\/blog\/#\/schema\/logo\/image\/"},"sameAs":["https:\/\/x.com\/EstratConcursos"]},{"@type":"Person","@id":"https:\/\/www.estrategiaconcursos.com.br\/blog\/#\/schema\/person\/20030622a981f9a942ad6b3561fe4ca4","name":"Vinicius Silva","image":{"@type":"ImageObject","inLanguage":"pt-BR","@id":"https:\/\/secure.gravatar.com\/avatar\/604d9670a4c7eea71feaa4381f3ae97e148292ac402671c5944aa67a3d127663?s=96&d=mm&r=g","url":"https:\/\/secure.gravatar.com\/avatar\/604d9670a4c7eea71feaa4381f3ae97e148292ac402671c5944aa67a3d127663?s=96&d=mm&r=g","contentUrl":"https:\/\/secure.gravatar.com\/avatar\/604d9670a4c7eea71feaa4381f3ae97e148292ac402671c5944aa67a3d127663?s=96&d=mm&r=g","caption":"Vinicius Silva"},"url":"https:\/\/www.estrategiaconcursos.com.br\/blog\/author\/viniciussilvaestrategiaconcursos-com-br\/"}]}},"_links":{"self":[{"href":"https:\/\/www.estrategiaconcursos.com.br\/blog\/wp-json\/wp\/v2\/posts\/503490","targetHints":{"allow":["GET"]}}],"collection":[{"href":"https:\/\/www.estrategiaconcursos.com.br\/blog\/wp-json\/wp\/v2\/posts"}],"about":[{"href":"https:\/\/www.estrategiaconcursos.com.br\/blog\/wp-json\/wp\/v2\/types\/post"}],"author":[{"embeddable":true,"href":"https:\/\/www.estrategiaconcursos.com.br\/blog\/wp-json\/wp\/v2\/users\/93"}],"replies":[{"embeddable":true,"href":"https:\/\/www.estrategiaconcursos.com.br\/blog\/wp-json\/wp\/v2\/comments?post=503490"}],"version-history":[{"count":16,"href":"https:\/\/www.estrategiaconcursos.com.br\/blog\/wp-json\/wp\/v2\/posts\/503490\/revisions"}],"predecessor-version":[{"id":524967,"href":"https:\/\/www.estrategiaconcursos.com.br\/blog\/wp-json\/wp\/v2\/posts\/503490\/revisions\/524967"}],"wp:featuredmedia":[{"embeddable":true,"href":"https:\/\/www.estrategiaconcursos.com.br\/blog\/wp-json\/wp\/v2\/media\/506418"}],"wp:attachment":[{"href":"https:\/\/www.estrategiaconcursos.com.br\/blog\/wp-json\/wp\/v2\/media?parent=503490"}],"wp:term":[{"taxonomy":"category","embeddable":true,"href":"https:\/\/www.estrategiaconcursos.com.br\/blog\/wp-json\/wp\/v2\/categories?post=503490"},{"taxonomy":"post_tag","embeddable":true,"href":"https:\/\/www.estrategiaconcursos.com.br\/blog\/wp-json\/wp\/v2\/tags?post=503490"},{"taxonomy":"tax_estado","embeddable":true,"href":"https:\/\/www.estrategiaconcursos.com.br\/blog\/wp-json\/wp\/v2\/tax_estado?post=503490"}],"curies":[{"name":"wp","href":"https:\/\/api.w.org\/{rel}","templated":true}]}}