{"id":502493,"date":"2020-05-31T17:48:29","date_gmt":"2020-05-31T20:48:29","guid":{"rendered":"https:\/\/www.estrategiaconcursos.com.br\/blog\/?p=502493"},"modified":"2020-06-05T20:34:38","modified_gmt":"2020-06-05T23:34:38","slug":"afo-na-pandemia-parte-iv-alteracoes-no-art-21-da-lei-de-responsabilidade-fiscal","status":"publish","type":"post","link":"https:\/\/www.estrategiaconcursos.com.br\/blog\/afo-na-pandemia-parte-iv-alteracoes-no-art-21-da-lei-de-responsabilidade-fiscal\/","title":{"rendered":"AFO na Pandemia &#8211; Parte IV: Altera\u00e7\u00f5es no art. 21 da Lei de Responsabilidade Fiscal"},"content":{"rendered":"\n<p>Ol\u00e1 amigos!<\/p>\n\n\n\n<p>Vou continuar a s\u00e9rie de artigos bem diretos relacionando AFO com a pandemia.<\/p>\n\n\n\n<p>A Lei Complementar n\u00ba 173, de 27 de maio de 2020, estabeleceu o Programa Federativo de Enfrentamento ao Coronav\u00edrus SARS-CoV-2 (Covid-19), alterou a Lei Complementar n\u00ba 101, de 4 de maio de 2000 (Lei de Responsabilidade Fiscal &#8211; LRF), e deu outras provid\u00eancias. O nosso foco ser\u00e1 as altera\u00e7\u00f5es na LRF. Especificamente, nesse artigo, trataremos do art. 21.<\/p>\n\n\n\n<p>O ponto positivo \u00e9 que se trata basicamente de inclus\u00f5es. De certa forma, ajuda muito a quem j\u00e1 est\u00e1 estudando, pois n\u00e3o precisa desconsiderar quase nada do que j\u00e1 aprendeu; e sim aprender mais detalhes.<\/p>\n\n\n\n<p>Vamos come\u00e7ar com a parte do art. 21 que n\u00e3o mudou nada; apenas houve um ajuste na organiza\u00e7\u00e3o dos dispositivos:<\/p>\n\n\n\n<p><em><strong>Art. 21. \u00c9 nulo de pleno direito:<br \/>I &#8211; o ato que provoque aumento da despesa com pessoal e n\u00e3o atenda:<br \/>a) \u00e0s exig\u00eancias dos arts. 16 e 17 desta Lei Complementar e o disposto no&nbsp;<a href=\"http:\/\/www.planalto.gov.br\/ccivil_03\/Constituicao\/Constituicao.htm#art37xiii\">inciso XIII do&nbsp;caput&nbsp;do art. 37<\/a>&nbsp;e no&nbsp;<a href=\"http:\/\/www.planalto.gov.br\/ccivil_03\/Constituicao\/Constituicao.htm#art169%C2%A71\">\u00a7 1\u00ba do art. 169 da Constitui\u00e7\u00e3o Federal;<\/a>&nbsp;e<br \/>b) ao limite legal de comprometimento aplicado \u00e0s despesas com pessoal inativo;<br \/>II &#8211; o ato de que resulte aumento da despesa com pessoal nos 180 (cento e oitenta) dias anteriores ao final do mandato do titular de Poder ou \u00f3rg\u00e3o referido no art. 20;<\/strong><\/em><\/p>\n\n\n\n<p>Veja como era o antigo, apenas para efeito de compara\u00e7\u00e3o:<\/p>\n\n\n\n<p><em><s>Art. 21.\u00c9 nulo de pleno direito o ato que provoque aumento da despesa com pessoal e n\u00e3o atenda:<br \/>I &#8211; as exig\u00eancias dos arts. 16 e 17 desta Lei Complementar, e o disposto no inciso XIII do art. 37 e no \u00a7 1o do art. 169 da Constitui\u00e7\u00e3o;<br \/>II &#8211; o limite legal de comprometimento aplicado \u00e0s despesas com pessoal inativo.<br \/>Par\u00e1grafo \u00fanico. Tamb\u00e9m \u00e9 nulo de pleno direito o ato de que resulte aumento da despesa com pessoal expedido nos cento e oitenta dias anteriores ao final do mandato do titular do respectivo Poder ou \u00f3rg\u00e3o referido no art. 20.<\/s><\/em><\/p>\n\n\n\n<p>Assim, conforme a LRF, \u00e9 nulo de pleno direito o ato que provoque aumento da despesa com pessoal e <strong>n\u00e3o atenda<\/strong>:<\/p>\n\n\n\n<ul class=\"wp-block-list\"><li><strong>As exig\u00eancias de acompanhamento, para a cria\u00e7\u00e3o, expans\u00e3o ou aperfei\u00e7oamento de a\u00e7\u00e3o governamental que acarrete aumento da despesa (art. 16):<\/strong> estimativa do impacto or\u00e7ament\u00e1rio-financeiro no exerc\u00edcio em que deva entrar em vigor e nos dois subsequentes, e declara\u00e7\u00e3o do ordenador da despesa de que o aumento tem adequa\u00e7\u00e3o or\u00e7ament\u00e1ria e financeira com a LOA e compatibilidade com o PPA e com a LDO.<\/li><li><strong>As exig\u00eancias para a cria\u00e7\u00e3o das despesas obrigat\u00f3rias de car\u00e1ter continuado (art. 17).<\/strong> S\u00e3o elas: atos que criarem as despesas ou as aumentarem dever\u00e3o ser instru\u00eddos com estimativas do impacto or\u00e7ament\u00e1rio-financeiro, no exerc\u00edcio que deva entrar em vigor e nos dois subsequentes; demonstra\u00e7\u00e3o da origem dos recursos para seu custeio; comprova\u00e7\u00e3o de que a cria\u00e7\u00e3o ou o aumento da despesa n\u00e3o afetar\u00e1 as metas de resultados fiscais previstas no anexo de metas fiscais da LDO; compensa\u00e7\u00e3o dos seus efeitos financeiros, nos per\u00edodos seguintes, pelo aumento permanente de receita ou pela redu\u00e7\u00e3o permanente de despesa.<\/li><li><strong>As exig\u00eancias do \u00a7 1\u00ba do art. 169 da CF\/1988: <\/strong><br \/>A concess\u00e3o de qualquer vantagem ou aumento de remunera\u00e7\u00e3o, a cria\u00e7\u00e3o de cargos, empregos e fun\u00e7\u00f5es ou altera\u00e7\u00e3o de estrutura de carreiras, bem como a admiss\u00e3o ou contrata\u00e7\u00e3o de pessoal, a qualquer t\u00edtulo, pelos \u00f3rg\u00e3os e entidades da administra\u00e7\u00e3o direta ou indireta, inclusive funda\u00e7\u00f5es institu\u00eddas e mantidas pelo poder p\u00fablico, s\u00f3 poder\u00e3o ser feitas: I \u2013 se houver pr\u00e9via dota\u00e7\u00e3o or\u00e7ament\u00e1ria suficiente para atender \u00e0s proje\u00e7\u00f5es de despesa de pessoal e aos acr\u00e9scimos dela decorrentes; II \u2013 se houver autoriza\u00e7\u00e3o espec\u00edfica na lei de diretrizes or\u00e7ament\u00e1rias, ressalvadas as empresas p\u00fablicas e as sociedades de economia mista.<br \/>Tal par\u00e1grafo pode ser resumido da seguinte forma: \u201cos aumentos de despesas com pessoal, independentemente da forma ou do \u00f3rg\u00e3o, s\u00f3 poder\u00e3o ser feitos:\u201d<br \/>O inciso I determina que para aumentar as despesas com pessoal deve haver <strong>dota\u00e7\u00e3o na LOA<\/strong> suficiente para atender as despesas j\u00e1 existentes e ainda aos novos acr\u00e9scimos. Isso deve ser pr\u00e9vio, ou seja, antes de o aumento ser efetivamente colocado em pr\u00e1tica.<br \/>O inciso II determina que para aumentar as despesas com pessoal deve haver <strong>autoriza\u00e7\u00e3o espec\u00edfica na LDO<\/strong>. Entretanto, para apenas esse inciso II, h\u00e1 uma ressalva: as empresas p\u00fablicas e as sociedades de economia mista n\u00e3o exigem autoriza\u00e7\u00e3o espec\u00edfica na LDO para aumentar suas despesas com pessoal.<\/li><li><strong>O disposto no inciso XIII do art. 37 da CF\/1988:<\/strong> a veda\u00e7\u00e3o \u00e0 vincula\u00e7\u00e3o ou equipara\u00e7\u00e3o de quaisquer esp\u00e9cies remunerat\u00f3rias para o efeito de remunera\u00e7\u00e3o de pessoal do servi\u00e7o p\u00fablico.<\/li><li><strong>O limite legal de comprometimento aplicado \u00e0s despesas com pessoal inativo<\/strong>.<\/li><li><strong>Tamb\u00e9m \u00e9 nulo de pleno direito o ato de que resulte aumento da despesa com pessoal nos 180 dias anteriores ao final do mandato do titular do respectivo Poder ou \u00f3rg\u00e3o. <\/strong><\/li><\/ul>\n\n\n\n<p>Continuando no art. 21 da LRF, vamos tratar dos <strong>acr\u00e9scimos<\/strong>. Antes vou s\u00f3 relembrar o inciso II (acima), pois precisaremos dele novamente ao final.<\/p>\n\n\n\n<p><strong>Art. 21. \u00c9 nulo de pleno direito:<br \/>(&#8230;)<\/strong><br \/><em><strong>II &#8211; o ato de que resulte aumento da despesa com pessoal nos 180 (cento e oitenta) dias anteriores ao final do mandato do titular de Poder ou \u00f3rg\u00e3o referido no art. 20;<\/strong><\/em><\/p>\n\n\n\n<p>Agora sim vamos aos acr\u00e9scimos:<\/p>\n\n\n\n<p><strong>Art. 21. \u00c9 nulo de pleno direito:<br \/>(&#8230;)<\/strong><br \/><strong>III &#8211; o ato de que resulte aumento da despesa com pessoal que preveja parcelas a serem implementadas em per\u00edodos posteriores ao final do mandato do titular de Poder ou \u00f3rg\u00e3o referido no art. 20;<\/strong><\/p>\n\n\n\n<p>A partir da altera\u00e7\u00e3o, a Lei de Responsabilidade Fiscal pro\u00edbe aumentos em despesas com pessoal em parcelas posteriores ao mandato. Para exemplificar, imagine que lei aprovada tenha programado aumentos escalonados em uma determinada carreira da seguinte forma:<br \/>Ano de publica\u00e7\u00e3o da Lei &#8211; 10%<br \/>Ano subsequente \u00e0 publica\u00e7\u00e3o da lei &#8211; 5%<br \/>Ano subsequente ao aumento anterior: 5%<br \/><br \/>A partir de agora s\u00f3 ser\u00e1 poss\u00edvel se todas as parcelas do escalonamento do aumento ocorrerem dentro do mesmo mandato. O Chefe de Poder ou \u00f3rg\u00e3o n\u00e3o poder\u00e1 executar esse tipo de escalonamento, se o \u00faltimo ano estiver fora do mandato dele, por exemplo.<\/p>\n\n\n\n<p><strong>Art. 21. \u00c9 nulo de pleno direito:<br \/>(&#8230;)<\/strong><br \/><strong>IV &#8211; a aprova\u00e7\u00e3o, a edi\u00e7\u00e3o ou a san\u00e7\u00e3o, por Chefe do Poder Executivo, por Presidente e demais membros da Mesa ou \u00f3rg\u00e3o decis\u00f3rio equivalente do Poder Legislativo, por Presidente de Tribunal do Poder Judici\u00e1rio e pelo Chefe do Minist\u00e9rio P\u00fablico, da Uni\u00e3o e dos Estados, de norma legal contendo plano de altera\u00e7\u00e3o, reajuste e reestrutura\u00e7\u00e3o de carreiras do setor p\u00fablico, ou a edi\u00e7\u00e3o de ato, por esses agentes, para nomea\u00e7\u00e3o de aprovados em concurso p\u00fablico, quando:<\/strong><br \/><strong>a) resultar em aumento da despesa com pessoal nos 180 (cento e oitenta) dias anteriores ao final do mandato do titular do Poder Executivo; ou<br \/>b) resultar em aumento da despesa com pessoal que preveja parcelas a serem implementadas em per\u00edodos posteriores ao final do mandato do titular do Poder Executivo.<\/strong><\/p>\n\n\n\n<p>A Lei de Responsabilidade Fiscal deixa bastante claro que <strong>n\u00e3o <\/strong>poder\u00e1 ser aprovada, editada ou sancionada, por diversos chefes de Poder ou \u00d3rg\u00e3o, qualquer norma legal contendo plano de altera\u00e7\u00e3o, reajuste e reestrutura\u00e7\u00e3o de carreiras do setor p\u00fablico, ou a edi\u00e7\u00e3o de ato, por esses agentes, para nomea\u00e7\u00e3o de aprovados em concurso p\u00fablico, quando resultar em aumento da despesa com pessoal nos 180 dias anteriores ao final do mandato do titular do <strong>Poder Executivo<\/strong>.  Ou, ainda, resultar em aumento da despesa com pessoal que preveja parcelas a serem implementadas em per\u00edodos posteriores ao final do mandato do titular do <strong>Poder Executivo<\/strong>. Note que h\u00e1 uma responsabilidade conjunta dos demais Poderes ou \u00f3rg\u00e3os com os gastos que, no fim das contas, sobrecarregam o mandato do Poder Executivo.<\/p>\n\n\n\n<p><strong>\u00a7 1\u00ba As restri\u00e7\u00f5es de que tratam os incisos II, III e IV:<br \/>I &#8211; devem ser aplicadas inclusive durante o per\u00edodo de recondu\u00e7\u00e3o ou reelei\u00e7\u00e3o para o cargo de titular do Poder ou \u00f3rg\u00e3o aut\u00f4nomo; e<br \/>II &#8211; aplicam-se somente aos titulares ocupantes de cargo eletivo dos Poderes referidos no art. 20.<\/strong><\/p>\n\n\n\n<p>Analisando isoladamente o inciso IV do <em>caput<\/em>,  as restri\u00e7\u00f5es teriam como foco apenas o prazo final dos mandatos de quatro anos dos Chefes do Executivo, por\u00e9m \u00e9 interessante observar que a norma agora tamb\u00e9m alcan\u00e7a o <strong>per\u00edodo de recondu\u00e7\u00e3o ou reelei\u00e7\u00e3o para o cargo de titular do Poder ou \u00f3rg\u00e3o aut\u00f4nomo<\/strong> <strong>e aplicam-se somente aos titulares ocupantes de cargo eletivo dos Poderes referidos no art. 20<\/strong>. Logo, um Presidente de uma C\u00e2mara Municipal, por exemplo, n\u00e3o poder\u00e1 aumentar a despesa com pessoal nos 180 dias anteriores ao final do seu mandato de dois anos.<\/p>\n\n\n\n<p><strong>\u00a7 2\u00ba Para fins do disposto neste artigo, ser\u00e3o considerados atos de nomea\u00e7\u00e3o ou de provimento de cargo p\u00fablico aqueles referidos no&nbsp;\u00a7 1\u00ba do art. 169 da Constitui\u00e7\u00e3o Federal&nbsp;ou aqueles que, de qualquer modo, acarretem a cria\u00e7\u00e3o ou o aumento de despesa obrigat\u00f3ria.<\/strong><\/p>\n\n\n\n<p>Estudamos o art. 169, \u00a7 1\u00ba, nesse nosso artigo.<\/p>\n\n\n\n<p>Exemplos de como o art. 21 da LRF j\u00e1 foi cobrado em prova:<\/p>\n\n\n\n<p><strong>1) (FCC \u2013 T\u00e9cnico Previdenci\u00e1rio \u2013 SEGEP\/MA &#8211; 2018) Aten\u00e7\u00e3o: Para responder \u00e0 quest\u00e3o, considere a Lei Complementar n\u00ba 101\/2000, a Lei de Responsabilidade Fiscal. O ato, por exemplo, de um prefeito que promova aumento de despesa com pessoal sem a indica\u00e7\u00e3o da fonte de custeio ser\u00e1<br \/>a) nulo, salvo se for editado em per\u00edodo superior a 180 dias antes do t\u00e9rmino do seu mandato.<br \/>b) anul\u00e1vel, desde que editado em per\u00edodo n\u00e3o inferior a 90 dias do t\u00e9rmino do seu mandato.<br \/>c) sempre eivado de nulidade, n\u00e3o importando o momento em que seja editado.<br \/>d) nulo, salvo se for editado em per\u00edodo superior a 90 dias antes do t\u00e9rmino do seu mandato.<br \/>e) sempre anul\u00e1vel, n\u00e3o importando o momento em que seja editado.<\/strong><\/p>\n\n\n\n<p>Na LRF:<br \/><em><\/em><em>Art. 21. \u00c9 nulo de pleno direito:<br \/>I &#8211; o ato que provoque aumento da despesa com pessoal e n\u00e3o atenda:<br \/>a) \u00e0s exig\u00eancias dos arts. 16 e 17 desta Lei Complementar (&#8230;)<\/em><\/p>\n\n\n\n<p>A indica\u00e7\u00e3o da fonte de custeio \u00e9 determinada pelo art. 17. Logo, um ato de um prefeito que promova aumento de despesa com pessoal sem a indica\u00e7\u00e3o da fonte de custeio ser\u00e1 <strong>sempre eivado de nulidade, n\u00e3o importando o momento em que seja editado<\/strong>.<br \/>Resposta: Letra C<\/p>\n\n\n\n<p><strong>2) (CESPE \u2013 Procurador \u2013 Pref. de Campo Grande\/MS \u2013 2019) Julgue. \u00c9 nulo de pleno direito o ato de prefeito de munic\u00edpio brasileiro que resulte em aumento de despesa em geral nos cento e oitenta dias anteriores ao final do seu mandato.<\/strong><\/p>\n\n\n\n<p>Na LRF:<br \/><em>Art. 21. \u00c9 nulo de pleno direito:<br \/>(&#8230;)<br \/>II &#8211; o ato de que resulte aumento da despesa com <strong>pessoal <\/strong>nos 180 (cento e oitenta) dias anteriores ao final do mandato do titular de Poder ou \u00f3rg\u00e3o referido no art. 20;<\/em><\/p>\n\n\n\n<p>Resposta: Errada<\/p>\n\n\n\n<p><strong>3) (CESPE \u2013 Analista T\u00e9cnico-Administrativo &#8211; SUFRAMA \u2013 2014) Julgue. \u00c9 nulo de pleno direito o ato de que resulte aumento da despesa com pessoal expedido nos cento e oitenta dias anteriores ao final do mandato do titular do respectivo poder ou \u00f3rg\u00e3o.<\/strong><\/p>\n\n\n\n<p>Na LRF:<br \/><em>Art. 21. \u00c9 nulo de pleno direito:<br \/>(&#8230;)<br \/>II &#8211; o ato de que resulte aumento da despesa com pessoal nos 180 (cento e oitenta) dias anteriores ao final do mandato do titular de Poder ou \u00f3rg\u00e3o referido no art. 20;<\/em><\/p>\n\n\n\n<p>Resposta: Certa<\/p>\n\n\n\n<p><strong>4) (CESPE \u2013 Analista Administrativo \u2013 Direito &#8211; ANTT \u2013 2013) Julgue. \u00c9 nulo de pleno direito o ato que resulte em aumento de despesa com pessoal expedido nos cento e oitenta dias imediatamente anteriores ao do final do mandato do titular de \u00f3rg\u00e3o do Poder Executivo.<\/strong><\/p>\n\n\n\n<p>Na LRF:<br \/><em>Art. 21. \u00c9 nulo de pleno direito:<br \/>(&#8230;)<br \/>II &#8211; o ato de que resulte aumento da despesa com pessoal nos 180 (cento e oitenta) dias anteriores ao final do mandato do titular de Poder ou \u00f3rg\u00e3o referido no art. 20;<\/em><\/p>\n\n\n\n<p>Resposta: Certa<\/p>\n\n\n\n<p><strong>5) (CESPE \u2013 Contador &#8211; TJ\/RR \u2013 2012) Julgue. Ser\u00e1 considerado nulo o ato que provocar aumento da despesa com pessoal e n\u00e3o atender ao limite legal de comprometimento aplicado \u00e0s despesas com pessoal inativo.<\/strong><\/p>\n\n\n\n<p>Na LRF:<br \/><em>Art. 21. \u00c9 nulo de pleno direito:<\/em><br \/><em><\/em><em>I &#8211; o ato que provoque aumento da despesa com pessoal e n\u00e3o atenda:<\/em><br \/>(&#8230;)<br \/>b) ao limite legal de comprometimento aplicado \u00e0s despesas com pessoal inativo;<\/p>\n\n\n\n<p>Resposta: Certa<\/p>\n\n\n\n<p><strong>6) (CESPE \u2013 Analista \u2013 Contabilidade &#8211; ECB \u2013 2011) Julgue. Se, com o objetivo de aumentar a despesa de pessoal, determinado prefeito municipal assinar um decreto no m\u00eas de junho do ano de conclus\u00e3o de seu mandato, tal ato deve ser considerado regular, de acordo com o que disp\u00f5e a LRF.<\/strong><\/p>\n\n\n\n<p>Na LRF:<br \/><em>Art. 21. \u00c9 nulo de pleno direito:<br \/>(&#8230;)<br \/>II &#8211; o ato de que resulte aumento da despesa com pessoal nos 180 (cento e oitenta) dias anteriores ao final do mandato do titular de Poder ou \u00f3rg\u00e3o referido no art. 20;<\/em><br \/><br \/>De acordo apenas com a LRF e desde que siga os demais dispositivos, o ato editado no m\u00eas de junho \u00e9 regular, pois est\u00e1 fora do per\u00edodo mencionado (\u00faltimos 180 dias).<br \/>Resposta: Certa<\/p>\n\n\n\n<p><strong>7) (CESPE \u2013 Analista Judici\u00e1rio \u2013 Administrativo \u2013 STM &#8211; 2011) Julgue. Considera-se nulo o ato de prefeito que reajustar o vencimento dos servidores municipais em 25%, resultando em aumento de despesa com pessoal, no pen\u00faltimo m\u00eas de seu mandato.<\/strong><\/p>\n\n\n\n<p>Na LRF:<br \/><em>Art. 21. \u00c9 nulo de pleno direito:<br \/>(&#8230;)<br \/>II &#8211; o ato de que resulte aumento da despesa com pessoal nos 180 (cento e oitenta) dias anteriores ao final do mandato do titular de Poder ou \u00f3rg\u00e3o referido no art. 20;<\/em><\/p>\n\n\n\n<p>Logo, \u00e9 nulo o ato de prefeito que reajustar o vencimento dos servidores municipais, resultando em aumento de despesa com pessoal, no pen\u00faltimo m\u00eas de seu mandato. <br \/>Resposta: Certa<\/p>\n\n\n\n<p><strong>8) (AOCP &#8211; Analista Legislativo &#8211; Contabilidade e Finan\u00e7as &#8211; C\u00e2mara de Salvador\/BA &#8211; 2011) Com o objetivo de combater pr\u00e1ticas administrativas indutoras do crescimento das despesas, a Lei de Responsabilidade Fiscal, em seu Art. 21 estabelece que \u201c\u00e9 nulo de pleno direito o ato que provoque aumento da despesa com pessoal e n\u00e3o atenda\u201d, por exemplo,<br \/>A) ao per\u00edodo de cento e oitenta dias posteriores ao final do mandado do titular do respectivo Poder ou \u00f3rg\u00e3o referido no art. 20.<br \/>B) \u00e0 redu\u00e7\u00e3o em pelo menos vinte por cento das despesas com cargos em comiss\u00e3o e fun\u00e7\u00f5es de confian\u00e7a.<br \/>C) \u00e0 exonera\u00e7\u00e3o de servidores n\u00e3o est\u00e1veis.<br \/>D) ao limite prudencial, cujo objetivo \u00e9 o n\u00e3o provimento de cargos que apresentem vac\u00e2ncia por falecimento e aposentadoria.<br \/>E) ao limite legal de comprometimento aplicado \u00e0s despesas com pessoal inativo.<\/strong><\/p>\n\n\n\n<p>Na LRF:<br \/><em>Art. 21. \u00c9 nulo de pleno direito:<\/em><br \/><em><\/em><em>I &#8211; o ato que provoque aumento da despesa com pessoal e n\u00e3o atenda:<\/em><br \/>(&#8230;)<br \/>b) ao limite legal de comprometimento aplicado \u00e0s despesas com pessoal inativo;<\/p>\n\n\n\n<p>Resposta: Letra E<\/p>\n\n\n\n<p>No pr\u00f3ximo artigo, na parte V, trataremos das altera\u00e7\u00f5es na LRF no art. 65.<\/p>\n\n\n\n<p>Quer aprender AFO de verdade e &#8220;arrebentar em provas como essa&#8221;? Invista nos cursos espec\u00edficos para o seu concurso clicando em: <a href=\"https:\/\/www.estrategiaconcursos.com.br\/cursosPorProfessor\/sergio-mendes-3000\/\">quero aprender AFO e LRF de verdade.<\/a><\/p>\n\n\n\n<p>Se n\u00e3o h\u00e1 um curso espec\u00edfico para o concurso que voc\u00ea quer, sugiro para voc\u00ea o curso regular clicando em: <a href=\"https:\/\/www.estrategiaconcursos.com.br\/curso\/administracao-financeira-e-orcamentaria-p-concursos-curso-regular-com-videoaulas\/\">quero aprender AFO para concursos.<\/a><\/p>\n\n\n\n<p>Forte abra\u00e7o!<\/p>\n\n\n\n<p>S\u00e9rgio Mendes<\/p>\n\n\n\n<p>Instagram: <a href=\"http:\/\/www.instagram.com\/sergiomendesafo\">www.instagram.com\/sergiomendesafo<\/a><\/p>\n\n\n\n<p>Grupo no Telegram: <a href=\"https:\/\/t.me\/afosergiomendes\">https:\/\/t.me\/afosergiomendes<\/a><\/p>\n","protected":false},"excerpt":{"rendered":"<p>Ol\u00e1 amigos! Vou continuar a s\u00e9rie de artigos bem diretos relacionando AFO com a pandemia. A Lei Complementar n\u00ba 173, de 27 de maio de 2020, estabeleceu o Programa Federativo de Enfrentamento ao Coronav\u00edrus SARS-CoV-2 (Covid-19), alterou a Lei Complementar n\u00ba 101, de 4 de maio de 2000 (Lei de Responsabilidade Fiscal &#8211; LRF), e [&hellip;]<\/p>\n","protected":false},"author":29,"featured_media":0,"comment_status":"open","ping_status":"closed","sticky":false,"template":"","format":"standard","meta":{"post_tipo":"article","footnotes":""},"categories":[1],"tags":[],"tax_estado":[],"class_list":["post-502493","post","type-post","status-publish","format-standard","hentry","category-cursos-e-concursos"],"acf":[],"yoast_head":"<!-- This site is optimized with the Yoast SEO Premium plugin v27.2 (Yoast SEO v27.2) - https:\/\/yoast.com\/product\/yoast-seo-premium-wordpress\/ -->\n<title>AFO na Pandemia - Parte IV: Altera\u00e7\u00f5es no art. 21 da Lei de Responsabilidade Fiscal<\/title>\n<meta name=\"robots\" content=\"index, follow, max-snippet:-1, max-image-preview:large, max-video-preview:-1\" \/>\n<link rel=\"canonical\" href=\"https:\/\/www.estrategiaconcursos.com.br\/blog\/afo-na-pandemia-parte-iv-alteracoes-no-art-21-da-lei-de-responsabilidade-fiscal\/\" \/>\n<meta property=\"og:locale\" content=\"pt_BR\" \/>\n<meta property=\"og:type\" content=\"article\" \/>\n<meta property=\"og:title\" content=\"AFO na Pandemia - Parte IV: Altera\u00e7\u00f5es no art. 21 da Lei de Responsabilidade Fiscal\" \/>\n<meta property=\"og:description\" content=\"Ol\u00e1 amigos! Vou continuar a s\u00e9rie de artigos bem diretos relacionando AFO com a pandemia. A Lei Complementar n\u00ba 173, de 27 de maio de 2020, estabeleceu o Programa Federativo de Enfrentamento ao Coronav\u00edrus SARS-CoV-2 (Covid-19), alterou a Lei Complementar n\u00ba 101, de 4 de maio de 2000 (Lei de Responsabilidade Fiscal &#8211; LRF), e [&hellip;]\" \/>\n<meta property=\"og:url\" content=\"https:\/\/www.estrategiaconcursos.com.br\/blog\/afo-na-pandemia-parte-iv-alteracoes-no-art-21-da-lei-de-responsabilidade-fiscal\/\" \/>\n<meta property=\"og:site_name\" content=\"Estrat\u00e9gia Concursos\" \/>\n<meta property=\"article:author\" content=\"https:\/\/www.facebook.com\/profsergiomendes\" \/>\n<meta property=\"article:published_time\" content=\"2020-05-31T20:48:29+00:00\" \/>\n<meta property=\"article:modified_time\" content=\"2020-06-05T23:34:38+00:00\" \/>\n<meta name=\"author\" content=\"S\u00e9rgio Mendes\" \/>\n<meta name=\"twitter:card\" content=\"summary_large_image\" \/>\n<meta name=\"twitter:creator\" content=\"@EstratConcursos\" \/>\n<meta name=\"twitter:site\" content=\"@EstratConcursos\" \/>\n<meta name=\"twitter:label1\" content=\"Escrito por\" \/>\n\t<meta name=\"twitter:data1\" content=\"S\u00e9rgio Mendes\" \/>\n\t<meta name=\"twitter:label2\" content=\"Est. tempo de leitura\" \/>\n\t<meta name=\"twitter:data2\" content=\"13 minutos\" \/>\n<script type=\"application\/ld+json\" class=\"yoast-schema-graph\">{\"@context\":\"https:\/\/schema.org\",\"@graph\":[{\"@type\":\"NewsArticle\",\"@id\":\"https:\/\/www.estrategiaconcursos.com.br\/blog\/afo-na-pandemia-parte-iv-alteracoes-no-art-21-da-lei-de-responsabilidade-fiscal\/#article\",\"isPartOf\":{\"@id\":\"https:\/\/www.estrategiaconcursos.com.br\/blog\/afo-na-pandemia-parte-iv-alteracoes-no-art-21-da-lei-de-responsabilidade-fiscal\/\"},\"author\":{\"name\":\"S\u00e9rgio Mendes\",\"@id\":\"https:\/\/www.estrategiaconcursos.com.br\/blog\/#\/schema\/person\/4ddc4a162b4fdffa2ea9956dbf62f583\"},\"headline\":\"AFO na Pandemia &#8211; Parte IV: Altera\u00e7\u00f5es no art. 21 da Lei de Responsabilidade Fiscal\",\"datePublished\":\"2020-05-31T20:48:29+00:00\",\"dateModified\":\"2020-06-05T23:34:38+00:00\",\"mainEntityOfPage\":{\"@id\":\"https:\/\/www.estrategiaconcursos.com.br\/blog\/afo-na-pandemia-parte-iv-alteracoes-no-art-21-da-lei-de-responsabilidade-fiscal\/\"},\"wordCount\":2631,\"commentCount\":0,\"publisher\":{\"@id\":\"https:\/\/www.estrategiaconcursos.com.br\/blog\/#organization\"},\"articleSection\":[\"Concursos P\u00fablicos\"],\"inLanguage\":\"pt-BR\",\"potentialAction\":[{\"@type\":\"CommentAction\",\"name\":\"Comment\",\"target\":[\"https:\/\/www.estrategiaconcursos.com.br\/blog\/afo-na-pandemia-parte-iv-alteracoes-no-art-21-da-lei-de-responsabilidade-fiscal\/#respond\"]}],\"copyrightYear\":\"2020\",\"copyrightHolder\":{\"@id\":\"https:\/\/www.estrategiaconcursos.com.br\/blog\/#organization\"}},{\"@type\":\"WebPage\",\"@id\":\"https:\/\/www.estrategiaconcursos.com.br\/blog\/afo-na-pandemia-parte-iv-alteracoes-no-art-21-da-lei-de-responsabilidade-fiscal\/\",\"url\":\"https:\/\/www.estrategiaconcursos.com.br\/blog\/afo-na-pandemia-parte-iv-alteracoes-no-art-21-da-lei-de-responsabilidade-fiscal\/\",\"name\":\"AFO na Pandemia - Parte IV: Altera\u00e7\u00f5es no art. 21 da Lei de Responsabilidade Fiscal\",\"isPartOf\":{\"@id\":\"https:\/\/www.estrategiaconcursos.com.br\/blog\/#website\"},\"datePublished\":\"2020-05-31T20:48:29+00:00\",\"dateModified\":\"2020-06-05T23:34:38+00:00\",\"breadcrumb\":{\"@id\":\"https:\/\/www.estrategiaconcursos.com.br\/blog\/afo-na-pandemia-parte-iv-alteracoes-no-art-21-da-lei-de-responsabilidade-fiscal\/#breadcrumb\"},\"inLanguage\":\"pt-BR\",\"potentialAction\":[{\"@type\":\"ReadAction\",\"target\":[\"https:\/\/www.estrategiaconcursos.com.br\/blog\/afo-na-pandemia-parte-iv-alteracoes-no-art-21-da-lei-de-responsabilidade-fiscal\/\"]}]},{\"@type\":\"BreadcrumbList\",\"@id\":\"https:\/\/www.estrategiaconcursos.com.br\/blog\/afo-na-pandemia-parte-iv-alteracoes-no-art-21-da-lei-de-responsabilidade-fiscal\/#breadcrumb\",\"itemListElement\":[{\"@type\":\"ListItem\",\"position\":1,\"name\":\"In\u00edcio\",\"item\":\"https:\/\/www.estrategiaconcursos.com.br\/blog\/\"},{\"@type\":\"ListItem\",\"position\":2,\"name\":\"AFO na Pandemia &#8211; Parte IV: Altera\u00e7\u00f5es no art. 21 da Lei de Responsabilidade Fiscal\"}]},{\"@type\":\"WebSite\",\"@id\":\"https:\/\/www.estrategiaconcursos.com.br\/blog\/#website\",\"url\":\"https:\/\/www.estrategiaconcursos.com.br\/blog\/\",\"name\":\"Estrat\u00e9gia Concursos\",\"description\":\"O blog da Estrat\u00e9gia Concursos traz not\u00edcias sobre concursos e artigos de professores oferecendo cursos para concursos (pdf + videaulas) no site.\",\"publisher\":{\"@id\":\"https:\/\/www.estrategiaconcursos.com.br\/blog\/#organization\"},\"potentialAction\":[{\"@type\":\"SearchAction\",\"target\":{\"@type\":\"EntryPoint\",\"urlTemplate\":\"https:\/\/www.estrategiaconcursos.com.br\/blog\/?s={search_term_string}\"},\"query-input\":{\"@type\":\"PropertyValueSpecification\",\"valueRequired\":true,\"valueName\":\"search_term_string\"}}],\"inLanguage\":\"pt-BR\"},{\"@type\":\"Organization\",\"@id\":\"https:\/\/www.estrategiaconcursos.com.br\/blog\/#organization\",\"name\":\"Estrat\u00e9gia Concursos\",\"url\":\"https:\/\/www.estrategiaconcursos.com.br\/blog\/\",\"logo\":{\"@type\":\"ImageObject\",\"inLanguage\":\"pt-BR\",\"@id\":\"https:\/\/www.estrategiaconcursos.com.br\/blog\/#\/schema\/logo\/image\/\",\"url\":\"https:\/\/dhg1h5j42swfq.cloudfront.net\/2025\/06\/03203428\/logo_concursos-1.jpg\",\"contentUrl\":\"https:\/\/dhg1h5j42swfq.cloudfront.net\/2025\/06\/03203428\/logo_concursos-1.jpg\",\"width\":230,\"height\":60,\"caption\":\"Estrat\u00e9gia Concursos\"},\"image\":{\"@id\":\"https:\/\/www.estrategiaconcursos.com.br\/blog\/#\/schema\/logo\/image\/\"},\"sameAs\":[\"https:\/\/x.com\/EstratConcursos\"]},{\"@type\":\"Person\",\"@id\":\"https:\/\/www.estrategiaconcursos.com.br\/blog\/#\/schema\/person\/4ddc4a162b4fdffa2ea9956dbf62f583\",\"name\":\"S\u00e9rgio Mendes\",\"image\":{\"@type\":\"ImageObject\",\"inLanguage\":\"pt-BR\",\"@id\":\"https:\/\/secure.gravatar.com\/avatar\/4eb4b562c33f40d6f7f76579da7e07350c69579df7db305d32a69ed32ecfd5ce?s=96&d=mm&r=g\",\"url\":\"https:\/\/secure.gravatar.com\/avatar\/4eb4b562c33f40d6f7f76579da7e07350c69579df7db305d32a69ed32ecfd5ce?s=96&d=mm&r=g\",\"contentUrl\":\"https:\/\/secure.gravatar.com\/avatar\/4eb4b562c33f40d6f7f76579da7e07350c69579df7db305d32a69ed32ecfd5ce?s=96&d=mm&r=g\",\"caption\":\"S\u00e9rgio Mendes\"},\"sameAs\":[\"https:\/\/www.facebook.com\/profsergiomendes\"],\"url\":\"https:\/\/www.estrategiaconcursos.com.br\/blog\/author\/sergiomendesestrategiaconcursos-com-br\/\"}]}<\/script>\n<!-- \/ Yoast SEO Premium plugin. -->","yoast_head_json":{"title":"AFO na Pandemia - Parte IV: Altera\u00e7\u00f5es no art. 21 da Lei de Responsabilidade Fiscal","robots":{"index":"index","follow":"follow","max-snippet":"max-snippet:-1","max-image-preview":"max-image-preview:large","max-video-preview":"max-video-preview:-1"},"canonical":"https:\/\/www.estrategiaconcursos.com.br\/blog\/afo-na-pandemia-parte-iv-alteracoes-no-art-21-da-lei-de-responsabilidade-fiscal\/","og_locale":"pt_BR","og_type":"article","og_title":"AFO na Pandemia - Parte IV: Altera\u00e7\u00f5es no art. 21 da Lei de Responsabilidade Fiscal","og_description":"Ol\u00e1 amigos! Vou continuar a s\u00e9rie de artigos bem diretos relacionando AFO com a pandemia. A Lei Complementar n\u00ba 173, de 27 de maio de 2020, estabeleceu o Programa Federativo de Enfrentamento ao Coronav\u00edrus SARS-CoV-2 (Covid-19), alterou a Lei Complementar n\u00ba 101, de 4 de maio de 2000 (Lei de Responsabilidade Fiscal &#8211; LRF), e [&hellip;]","og_url":"https:\/\/www.estrategiaconcursos.com.br\/blog\/afo-na-pandemia-parte-iv-alteracoes-no-art-21-da-lei-de-responsabilidade-fiscal\/","og_site_name":"Estrat\u00e9gia Concursos","article_author":"https:\/\/www.facebook.com\/profsergiomendes","article_published_time":"2020-05-31T20:48:29+00:00","article_modified_time":"2020-06-05T23:34:38+00:00","author":"S\u00e9rgio Mendes","twitter_card":"summary_large_image","twitter_creator":"@EstratConcursos","twitter_site":"@EstratConcursos","twitter_misc":{"Escrito por":"S\u00e9rgio Mendes","Est. tempo de leitura":"13 minutos"},"schema":{"@context":"https:\/\/schema.org","@graph":[{"@type":"NewsArticle","@id":"https:\/\/www.estrategiaconcursos.com.br\/blog\/afo-na-pandemia-parte-iv-alteracoes-no-art-21-da-lei-de-responsabilidade-fiscal\/#article","isPartOf":{"@id":"https:\/\/www.estrategiaconcursos.com.br\/blog\/afo-na-pandemia-parte-iv-alteracoes-no-art-21-da-lei-de-responsabilidade-fiscal\/"},"author":{"name":"S\u00e9rgio Mendes","@id":"https:\/\/www.estrategiaconcursos.com.br\/blog\/#\/schema\/person\/4ddc4a162b4fdffa2ea9956dbf62f583"},"headline":"AFO na Pandemia &#8211; Parte IV: Altera\u00e7\u00f5es no art. 21 da Lei de Responsabilidade Fiscal","datePublished":"2020-05-31T20:48:29+00:00","dateModified":"2020-06-05T23:34:38+00:00","mainEntityOfPage":{"@id":"https:\/\/www.estrategiaconcursos.com.br\/blog\/afo-na-pandemia-parte-iv-alteracoes-no-art-21-da-lei-de-responsabilidade-fiscal\/"},"wordCount":2631,"commentCount":0,"publisher":{"@id":"https:\/\/www.estrategiaconcursos.com.br\/blog\/#organization"},"articleSection":["Concursos P\u00fablicos"],"inLanguage":"pt-BR","potentialAction":[{"@type":"CommentAction","name":"Comment","target":["https:\/\/www.estrategiaconcursos.com.br\/blog\/afo-na-pandemia-parte-iv-alteracoes-no-art-21-da-lei-de-responsabilidade-fiscal\/#respond"]}],"copyrightYear":"2020","copyrightHolder":{"@id":"https:\/\/www.estrategiaconcursos.com.br\/blog\/#organization"}},{"@type":"WebPage","@id":"https:\/\/www.estrategiaconcursos.com.br\/blog\/afo-na-pandemia-parte-iv-alteracoes-no-art-21-da-lei-de-responsabilidade-fiscal\/","url":"https:\/\/www.estrategiaconcursos.com.br\/blog\/afo-na-pandemia-parte-iv-alteracoes-no-art-21-da-lei-de-responsabilidade-fiscal\/","name":"AFO na Pandemia - Parte IV: Altera\u00e7\u00f5es no art. 21 da Lei de Responsabilidade Fiscal","isPartOf":{"@id":"https:\/\/www.estrategiaconcursos.com.br\/blog\/#website"},"datePublished":"2020-05-31T20:48:29+00:00","dateModified":"2020-06-05T23:34:38+00:00","breadcrumb":{"@id":"https:\/\/www.estrategiaconcursos.com.br\/blog\/afo-na-pandemia-parte-iv-alteracoes-no-art-21-da-lei-de-responsabilidade-fiscal\/#breadcrumb"},"inLanguage":"pt-BR","potentialAction":[{"@type":"ReadAction","target":["https:\/\/www.estrategiaconcursos.com.br\/blog\/afo-na-pandemia-parte-iv-alteracoes-no-art-21-da-lei-de-responsabilidade-fiscal\/"]}]},{"@type":"BreadcrumbList","@id":"https:\/\/www.estrategiaconcursos.com.br\/blog\/afo-na-pandemia-parte-iv-alteracoes-no-art-21-da-lei-de-responsabilidade-fiscal\/#breadcrumb","itemListElement":[{"@type":"ListItem","position":1,"name":"In\u00edcio","item":"https:\/\/www.estrategiaconcursos.com.br\/blog\/"},{"@type":"ListItem","position":2,"name":"AFO na Pandemia &#8211; Parte IV: Altera\u00e7\u00f5es no art. 21 da Lei de Responsabilidade Fiscal"}]},{"@type":"WebSite","@id":"https:\/\/www.estrategiaconcursos.com.br\/blog\/#website","url":"https:\/\/www.estrategiaconcursos.com.br\/blog\/","name":"Estrat\u00e9gia Concursos","description":"O blog da Estrat\u00e9gia Concursos traz not\u00edcias sobre concursos e artigos de professores oferecendo cursos para concursos (pdf + videaulas) no site.","publisher":{"@id":"https:\/\/www.estrategiaconcursos.com.br\/blog\/#organization"},"potentialAction":[{"@type":"SearchAction","target":{"@type":"EntryPoint","urlTemplate":"https:\/\/www.estrategiaconcursos.com.br\/blog\/?s={search_term_string}"},"query-input":{"@type":"PropertyValueSpecification","valueRequired":true,"valueName":"search_term_string"}}],"inLanguage":"pt-BR"},{"@type":"Organization","@id":"https:\/\/www.estrategiaconcursos.com.br\/blog\/#organization","name":"Estrat\u00e9gia Concursos","url":"https:\/\/www.estrategiaconcursos.com.br\/blog\/","logo":{"@type":"ImageObject","inLanguage":"pt-BR","@id":"https:\/\/www.estrategiaconcursos.com.br\/blog\/#\/schema\/logo\/image\/","url":"https:\/\/dhg1h5j42swfq.cloudfront.net\/2025\/06\/03203428\/logo_concursos-1.jpg","contentUrl":"https:\/\/dhg1h5j42swfq.cloudfront.net\/2025\/06\/03203428\/logo_concursos-1.jpg","width":230,"height":60,"caption":"Estrat\u00e9gia Concursos"},"image":{"@id":"https:\/\/www.estrategiaconcursos.com.br\/blog\/#\/schema\/logo\/image\/"},"sameAs":["https:\/\/x.com\/EstratConcursos"]},{"@type":"Person","@id":"https:\/\/www.estrategiaconcursos.com.br\/blog\/#\/schema\/person\/4ddc4a162b4fdffa2ea9956dbf62f583","name":"S\u00e9rgio Mendes","image":{"@type":"ImageObject","inLanguage":"pt-BR","@id":"https:\/\/secure.gravatar.com\/avatar\/4eb4b562c33f40d6f7f76579da7e07350c69579df7db305d32a69ed32ecfd5ce?s=96&d=mm&r=g","url":"https:\/\/secure.gravatar.com\/avatar\/4eb4b562c33f40d6f7f76579da7e07350c69579df7db305d32a69ed32ecfd5ce?s=96&d=mm&r=g","contentUrl":"https:\/\/secure.gravatar.com\/avatar\/4eb4b562c33f40d6f7f76579da7e07350c69579df7db305d32a69ed32ecfd5ce?s=96&d=mm&r=g","caption":"S\u00e9rgio Mendes"},"sameAs":["https:\/\/www.facebook.com\/profsergiomendes"],"url":"https:\/\/www.estrategiaconcursos.com.br\/blog\/author\/sergiomendesestrategiaconcursos-com-br\/"}]}},"_links":{"self":[{"href":"https:\/\/www.estrategiaconcursos.com.br\/blog\/wp-json\/wp\/v2\/posts\/502493","targetHints":{"allow":["GET"]}}],"collection":[{"href":"https:\/\/www.estrategiaconcursos.com.br\/blog\/wp-json\/wp\/v2\/posts"}],"about":[{"href":"https:\/\/www.estrategiaconcursos.com.br\/blog\/wp-json\/wp\/v2\/types\/post"}],"author":[{"embeddable":true,"href":"https:\/\/www.estrategiaconcursos.com.br\/blog\/wp-json\/wp\/v2\/users\/29"}],"replies":[{"embeddable":true,"href":"https:\/\/www.estrategiaconcursos.com.br\/blog\/wp-json\/wp\/v2\/comments?post=502493"}],"version-history":[{"count":13,"href":"https:\/\/www.estrategiaconcursos.com.br\/blog\/wp-json\/wp\/v2\/posts\/502493\/revisions"}],"predecessor-version":[{"id":523315,"href":"https:\/\/www.estrategiaconcursos.com.br\/blog\/wp-json\/wp\/v2\/posts\/502493\/revisions\/523315"}],"wp:attachment":[{"href":"https:\/\/www.estrategiaconcursos.com.br\/blog\/wp-json\/wp\/v2\/media?parent=502493"}],"wp:term":[{"taxonomy":"category","embeddable":true,"href":"https:\/\/www.estrategiaconcursos.com.br\/blog\/wp-json\/wp\/v2\/categories?post=502493"},{"taxonomy":"post_tag","embeddable":true,"href":"https:\/\/www.estrategiaconcursos.com.br\/blog\/wp-json\/wp\/v2\/tags?post=502493"},{"taxonomy":"tax_estado","embeddable":true,"href":"https:\/\/www.estrategiaconcursos.com.br\/blog\/wp-json\/wp\/v2\/tax_estado?post=502493"}],"curies":[{"name":"wp","href":"https:\/\/api.w.org\/{rel}","templated":true}]}}