{"id":501849,"date":"2020-04-08T21:46:38","date_gmt":"2020-04-09T00:46:38","guid":{"rendered":"https:\/\/www.estrategiaconcursos.com.br\/blog\/?p=501849"},"modified":"2020-11-11T08:29:11","modified_gmt":"2020-11-11T11:29:11","slug":"concurso-pgm-belem-pa-tem-comissao-formada-5-vagas-imediatas","status":"publish","type":"post","link":"https:\/\/www.estrategiaconcursos.com.br\/blog\/concurso-pgm-belem-pa-tem-comissao-formada-5-vagas-imediatas\/","title":{"rendered":"Concurso PGM Bel\u00e9m (PA) tem COMISS\u00c3O formada; 5 vagas imediatas"},"content":{"rendered":"\n<p>Foi publicada na \u00faltima ter\u00e7a-feira, 07 de abril de 2020, a rela\u00e7\u00e3o de membros que passam a compor a comiss\u00e3o de acompanhamento e fiscaliza\u00e7\u00e3o da execu\u00e7\u00e3o do concurso PGM Bel\u00e9m (Procuradoria Geral do Munic\u00edpio de Bel\u00e9m).<\/p>\n\n\n\n<p>O concurso ofertar\u00e1 5 (cinco) vagas para o cargo de Procurador do Munic\u00edpio de Bel\u00e9m, com vencimento b\u00e1sico inicial de R$ 5.795,58, al\u00e9m de honor\u00e1rios de sucumb\u00eancia.<\/p>\n\n\n\n<p>Ap\u00f3s a designa\u00e7\u00e3o dos membros da comiss\u00e3o, tem in\u00edcio a fase de escolha da banca organizadora. Confira a rela\u00e7\u00e3o de servidores designados para compor a comiss\u00e3o do concurso PGM Bel\u00e9m:<\/p>\n\n\n\n<figure class=\"wp-block-table is-style-stripes\"><table><tbody><tr><td class=\"has-text-align-center\" data-align=\"center\"><strong>Membro<\/strong><\/td><td class=\"has-text-align-center\" data-align=\"center\"><strong>Cargo<\/strong><\/td><\/tr><tr><td class=\"has-text-align-center\" data-align=\"center\">Bruno Cezar Nazar\u00e9 de Freitas<\/td><td class=\"has-text-align-center\" data-align=\"center\">Procurador do Munic\u00edpio de Bel\u00e9m<\/td><\/tr><tr><td class=\"has-text-align-center\" data-align=\"center\">Rafael Mota Queiroz<\/td><td class=\"has-text-align-center\" data-align=\"center\">Procurador do Munic\u00edpio de Bel\u00e9m<\/td><\/tr><tr><td class=\"has-text-align-center\" data-align=\"center\">Alynne de Nazar\u00e9 Athayde de Lima<\/td><td class=\"has-text-align-center\" data-align=\"center\">Procurador do Munic\u00edpio de Bel\u00e9m<\/td><\/tr><tr><td class=\"has-text-align-center\" data-align=\"center\">Maria Elisa Brito Lopes<\/td><td class=\"has-text-align-center\" data-align=\"center\">Procuradora do Estado<\/td><\/tr><tr><td class=\"has-text-align-center\" data-align=\"center\">Luciana Neves Gluck Paul<\/td><td class=\"has-text-align-center\" data-align=\"center\">Diretora Executiva da Escola Superior de Advocacia &#8211;<br \/>ESA\/OAB\/PA<\/td><\/tr><\/tbody><\/table><\/figure>\n\n\n\n<h2 class=\"wp-block-heading\" id=\"requisitos\">Requisitos do cargo de Procurador do concurso PGM Bel\u00e9m<\/h2>\n\n\n\n<p>Para ingressar na carreira, \u00e9 necess\u00e1rio ser bacharel em Direito e ser regularmente inscrito como advogado nos quadros da OAB.<\/p>\n\n\n\n<p>Este certame&nbsp;<strong>n\u00e3o&nbsp;exige&nbsp;<\/strong>comprova\u00e7\u00e3o de exerc\u00edcio de&nbsp;<strong>atividade&nbsp;jur\u00eddica<\/strong>&nbsp;pr\u00e9via.<\/p>\n\n\n\n<h2 class=\"wp-block-heading\">Atribui\u00e7\u00f5es do cargo de Procurador do concurso PGM Bel\u00e9m<\/h2>\n\n\n\n<ul class=\"wp-block-list\"><li><strong>I \u2013&nbsp;<\/strong>patrocinar em ju\u00edzo os interesses do Munic\u00edpio;<\/li><li><strong>II \u2013<\/strong>&nbsp;exercer a representa\u00e7\u00e3o judicial e extrajudicial das entidades da Administra\u00e7\u00e3o indireta;<\/li><li><strong>III \u2013<\/strong>&nbsp;receber, pessoalmente, as cita\u00e7\u00f5es e notifica\u00e7\u00f5es relativas a quaisquer a\u00e7\u00f5es ou procedimentos judiciais movidos contra o Munic\u00edpio;<\/li><li><strong>IV \u2013<\/strong>&nbsp;dar assist\u00eancia a autoridade assessorada no controle interno da legalidade dos atos a serem por ela praticados ou j\u00e1 efetivados;<\/li><li><strong>V \u2013<\/strong>&nbsp;requisitar dos \u00f3rg\u00e3os e entidades da Administra\u00e7\u00e3o municipal as informa\u00e7\u00f5es, esclarecimentos e documentos necess\u00e1rios ao desempenho de suas atribui\u00e7\u00f5es ou solicitar ao Secret\u00e1rio Municipal de Assuntos Jur\u00eddicos que o fa\u00e7a, quando o pedido deva ser dirigido a outro Secret\u00e1rio Municipal ou ao Gabinete do Prefeito;<\/li><li><strong>VI \u2013<\/strong>&nbsp;sugerir a propositura de a\u00e7\u00e3o de inconstitucionalidade de lei ou ato normativo e elaborar as informa\u00e7\u00f5es que lhe caiba prestar, na forma da Constitui\u00e7\u00e3o e da legisla\u00e7\u00e3o espec\u00edfica.<\/li><\/ul>\n\n\n\n<h2 class=\"wp-block-heading\" id=\"remuneracao\">Remunera\u00e7\u00e3o do concurso PGM Bel\u00e9m<\/h2>\n\n\n\n<p>A remunera\u00e7\u00e3o b\u00e1sica inicial do cargo de Procurador Municipal de Bel\u00e9m \u00e9 de R$ 5.795,58, acrescida de adicional de escolaridade de 100% e abono (R$ 18,00), fazendo que a remunera\u00e7\u00e3o chegue a R$ 11.609,96.<\/p>\n\n\n\n<p>Al\u00e9m disso, os procuradores fazem jus ao rateio dos&nbsp;<strong>honor\u00e1rios<\/strong>&nbsp;de sucumb\u00eancia, aumentando os rendimentos para al\u00e9m dos R$ 20 mil l\u00edquidos.<\/p>\n\n\n\n<p>Os Procuradores tamb\u00e9m podem receber gratifica\u00e7\u00e3o por titula\u00e7\u00e3o, calculada com base no vencimento b\u00e1sico:<\/p>\n\n\n\n<ul class=\"wp-block-list\"><li>35% \u2013 Doutorado<\/li><li>30% \u2013 Mestrado<\/li><li>25% \u2013 Especializa\u00e7\u00e3o (360h)<\/li><\/ul>\n\n\n\n<p class=\"has-text-align-center has-very-light-gray-background-color has-background\">Saiba mais: <a href=\"https:\/\/www.estrategiaconcursos.com.br\/blog\/concurso-pgm-belem-pa\/\">Concurso PGM Bel\u00e9m<\/a> <\/p>\n\n\n\n<p class=\"has-text-align-center has-luminous-vivid-amber-background-color has-background\"><strong><a rel=\"noreferrer noopener\" href=\"https:\/\/www.estrategiaconcursos.com.br\/cursosPorConcurso\/pgm-belem-procurador-municipal\/\" target=\"_blank\">CURSOS&nbsp;CONCURSO&nbsp;PGM&nbsp;BEL\u00c9M<\/a><\/strong><\/p>\n\n\n\n<p class=\"has-text-align-center has-pale-cyan-blue-background-color has-background\"><strong><a href=\"https:\/\/www.estrategiaconcursos.com.br\/blog\/concursos-abertos\/\">CONCURSOS ABERTOS<\/a><\/strong><\/p>\n\n\n\n<p class=\"has-text-align-center has-pale-cyan-blue-background-color has-background\"><a href=\"https:\/\/www.estrategiaconcursos.com.br\/blog\/concursos-2020\/\"><strong>CONCURSOS<\/strong><\/a><strong><a href=\"https:\/\/www.estrategiaconcursos.com.br\/blog\/concursos-2020\/\">&nbsp;2020<\/a><\/strong><\/p>\n","protected":false},"excerpt":{"rendered":"<p>Foi publicada na \u00faltima ter\u00e7a-feira, 07 de abril de 2020, a rela\u00e7\u00e3o de membros que passam a compor a comiss\u00e3o de acompanhamento e fiscaliza\u00e7\u00e3o da execu\u00e7\u00e3o do concurso PGM Bel\u00e9m (Procuradoria Geral do Munic\u00edpio de Bel\u00e9m). O concurso ofertar\u00e1 5 (cinco) vagas para o cargo de Procurador do Munic\u00edpio de Bel\u00e9m, com vencimento b\u00e1sico inicial [&hellip;]<\/p>\n","protected":false},"author":180,"featured_media":0,"comment_status":"open","ping_status":"closed","sticky":false,"template":"","format":"standard","meta":{"post_tipo":"article","footnotes":""},"categories":[1],"tags":[],"tax_estado":[],"class_list":["post-501849","post","type-post","status-publish","format-standard","hentry","category-cursos-e-concursos"],"acf":[],"yoast_head":"<!-- This site is optimized with the Yoast SEO Premium plugin v27.2 (Yoast SEO v27.2) - https:\/\/yoast.com\/product\/yoast-seo-premium-wordpress\/ -->\n<title>Concurso PGM Bel\u00e9m (PA) tem COMISS\u00c3O formada; 5 vagas imediatas<\/title>\n<meta name=\"description\" content=\"Foram designados os membros que compor\u00e3o a comiss\u00e3o de fiscaliza\u00e7\u00e3o do concurso PGM Bel\u00e9m PA. Confite no site do Estrat\u00e9gia Concursos!\" \/>\n<meta name=\"robots\" content=\"index, follow, max-snippet:-1, max-image-preview:large, max-video-preview:-1\" \/>\n<link rel=\"canonical\" href=\"https:\/\/www.estrategiaconcursos.com.br\/blog\/concurso-pgm-belem-pa-tem-comissao-formada-5-vagas-imediatas\/\" \/>\n<meta property=\"og:locale\" content=\"pt_BR\" \/>\n<meta property=\"og:type\" content=\"article\" \/>\n<meta property=\"og:title\" content=\"Concurso PGM Bel\u00e9m (PA) tem COMISS\u00c3O formada; 5 vagas imediatas\" \/>\n<meta property=\"og:description\" content=\"Foram designados os membros que compor\u00e3o a comiss\u00e3o de fiscaliza\u00e7\u00e3o do concurso PGM Bel\u00e9m PA. Confite no site do Estrat\u00e9gia Concursos!\" \/>\n<meta property=\"og:url\" content=\"https:\/\/www.estrategiaconcursos.com.br\/blog\/concurso-pgm-belem-pa-tem-comissao-formada-5-vagas-imediatas\/\" \/>\n<meta property=\"og:site_name\" content=\"Estrat\u00e9gia Concursos\" \/>\n<meta property=\"article:author\" content=\"https:\/\/www.facebook.com\/ricardo.s.torques\" \/>\n<meta property=\"article:published_time\" content=\"2020-04-09T00:46:38+00:00\" \/>\n<meta property=\"article:modified_time\" content=\"2020-11-11T11:29:11+00:00\" \/>\n<meta name=\"author\" content=\"Ricardo Torques\" \/>\n<meta name=\"twitter:card\" content=\"summary_large_image\" \/>\n<meta name=\"twitter:creator\" content=\"@EstratConcursos\" \/>\n<meta name=\"twitter:site\" content=\"@EstratConcursos\" \/>\n<meta name=\"twitter:label1\" content=\"Escrito por\" \/>\n\t<meta name=\"twitter:data1\" content=\"Ricardo Torques\" \/>\n\t<meta name=\"twitter:label2\" content=\"Est. tempo de leitura\" \/>\n\t<meta name=\"twitter:data2\" content=\"2 minutos\" \/>\n<script type=\"application\/ld+json\" class=\"yoast-schema-graph\">{\"@context\":\"https:\/\/schema.org\",\"@graph\":[{\"@type\":\"NewsArticle\",\"@id\":\"https:\/\/www.estrategiaconcursos.com.br\/blog\/concurso-pgm-belem-pa-tem-comissao-formada-5-vagas-imediatas\/#article\",\"isPartOf\":{\"@id\":\"https:\/\/www.estrategiaconcursos.com.br\/blog\/concurso-pgm-belem-pa-tem-comissao-formada-5-vagas-imediatas\/\"},\"author\":{\"name\":\"Ricardo Torques\",\"@id\":\"https:\/\/www.estrategiaconcursos.com.br\/blog\/#\/schema\/person\/aa39cf5ddb518e5bdce27c35788405e2\"},\"headline\":\"Concurso PGM Bel\u00e9m (PA) tem COMISS\u00c3O formada; 5 vagas imediatas\",\"datePublished\":\"2020-04-09T00:46:38+00:00\",\"dateModified\":\"2020-11-11T11:29:11+00:00\",\"mainEntityOfPage\":{\"@id\":\"https:\/\/www.estrategiaconcursos.com.br\/blog\/concurso-pgm-belem-pa-tem-comissao-formada-5-vagas-imediatas\/\"},\"wordCount\":514,\"commentCount\":0,\"publisher\":{\"@id\":\"https:\/\/www.estrategiaconcursos.com.br\/blog\/#organization\"},\"articleSection\":[\"Concursos P\u00fablicos\"],\"inLanguage\":\"pt-BR\",\"potentialAction\":[{\"@type\":\"CommentAction\",\"name\":\"Comment\",\"target\":[\"https:\/\/www.estrategiaconcursos.com.br\/blog\/concurso-pgm-belem-pa-tem-comissao-formada-5-vagas-imediatas\/#respond\"]}],\"copyrightYear\":\"2020\",\"copyrightHolder\":{\"@id\":\"https:\/\/www.estrategiaconcursos.com.br\/blog\/#organization\"}},{\"@type\":\"WebPage\",\"@id\":\"https:\/\/www.estrategiaconcursos.com.br\/blog\/concurso-pgm-belem-pa-tem-comissao-formada-5-vagas-imediatas\/\",\"url\":\"https:\/\/www.estrategiaconcursos.com.br\/blog\/concurso-pgm-belem-pa-tem-comissao-formada-5-vagas-imediatas\/\",\"name\":\"Concurso PGM Bel\u00e9m (PA) tem COMISS\u00c3O formada; 5 vagas imediatas\",\"isPartOf\":{\"@id\":\"https:\/\/www.estrategiaconcursos.com.br\/blog\/#website\"},\"datePublished\":\"2020-04-09T00:46:38+00:00\",\"dateModified\":\"2020-11-11T11:29:11+00:00\",\"description\":\"Foram designados os membros que compor\u00e3o a comiss\u00e3o de fiscaliza\u00e7\u00e3o do concurso PGM Bel\u00e9m PA. Confite no site do Estrat\u00e9gia Concursos!\",\"breadcrumb\":{\"@id\":\"https:\/\/www.estrategiaconcursos.com.br\/blog\/concurso-pgm-belem-pa-tem-comissao-formada-5-vagas-imediatas\/#breadcrumb\"},\"inLanguage\":\"pt-BR\",\"potentialAction\":[{\"@type\":\"ReadAction\",\"target\":[\"https:\/\/www.estrategiaconcursos.com.br\/blog\/concurso-pgm-belem-pa-tem-comissao-formada-5-vagas-imediatas\/\"]}]},{\"@type\":\"BreadcrumbList\",\"@id\":\"https:\/\/www.estrategiaconcursos.com.br\/blog\/concurso-pgm-belem-pa-tem-comissao-formada-5-vagas-imediatas\/#breadcrumb\",\"itemListElement\":[{\"@type\":\"ListItem\",\"position\":1,\"name\":\"In\u00edcio\",\"item\":\"https:\/\/www.estrategiaconcursos.com.br\/blog\/\"},{\"@type\":\"ListItem\",\"position\":2,\"name\":\"Concurso PGM Bel\u00e9m (PA) tem COMISS\u00c3O formada; 5 vagas imediatas\"}]},{\"@type\":\"WebSite\",\"@id\":\"https:\/\/www.estrategiaconcursos.com.br\/blog\/#website\",\"url\":\"https:\/\/www.estrategiaconcursos.com.br\/blog\/\",\"name\":\"Estrat\u00e9gia Concursos\",\"description\":\"O blog da Estrat\u00e9gia Concursos traz not\u00edcias sobre concursos e artigos de professores oferecendo cursos para concursos (pdf + videaulas) no site.\",\"publisher\":{\"@id\":\"https:\/\/www.estrategiaconcursos.com.br\/blog\/#organization\"},\"potentialAction\":[{\"@type\":\"SearchAction\",\"target\":{\"@type\":\"EntryPoint\",\"urlTemplate\":\"https:\/\/www.estrategiaconcursos.com.br\/blog\/?s={search_term_string}\"},\"query-input\":{\"@type\":\"PropertyValueSpecification\",\"valueRequired\":true,\"valueName\":\"search_term_string\"}}],\"inLanguage\":\"pt-BR\"},{\"@type\":\"Organization\",\"@id\":\"https:\/\/www.estrategiaconcursos.com.br\/blog\/#organization\",\"name\":\"Estrat\u00e9gia Concursos\",\"url\":\"https:\/\/www.estrategiaconcursos.com.br\/blog\/\",\"logo\":{\"@type\":\"ImageObject\",\"inLanguage\":\"pt-BR\",\"@id\":\"https:\/\/www.estrategiaconcursos.com.br\/blog\/#\/schema\/logo\/image\/\",\"url\":\"https:\/\/dhg1h5j42swfq.cloudfront.net\/2025\/06\/03203428\/logo_concursos-1.jpg\",\"contentUrl\":\"https:\/\/dhg1h5j42swfq.cloudfront.net\/2025\/06\/03203428\/logo_concursos-1.jpg\",\"width\":230,\"height\":60,\"caption\":\"Estrat\u00e9gia Concursos\"},\"image\":{\"@id\":\"https:\/\/www.estrategiaconcursos.com.br\/blog\/#\/schema\/logo\/image\/\"},\"sameAs\":[\"https:\/\/x.com\/EstratConcursos\"]},{\"@type\":\"Person\",\"@id\":\"https:\/\/www.estrategiaconcursos.com.br\/blog\/#\/schema\/person\/aa39cf5ddb518e5bdce27c35788405e2\",\"name\":\"Ricardo Torques\",\"image\":{\"@type\":\"ImageObject\",\"inLanguage\":\"pt-BR\",\"@id\":\"https:\/\/secure.gravatar.com\/avatar\/ce9ac6c3cff25fe86d15ed568ebc64d1724baf5c0693133bcb1f6073f712f92a?s=96&d=mm&r=g\",\"url\":\"https:\/\/secure.gravatar.com\/avatar\/ce9ac6c3cff25fe86d15ed568ebc64d1724baf5c0693133bcb1f6073f712f92a?s=96&d=mm&r=g\",\"contentUrl\":\"https:\/\/secure.gravatar.com\/avatar\/ce9ac6c3cff25fe86d15ed568ebc64d1724baf5c0693133bcb1f6073f712f92a?s=96&d=mm&r=g\",\"caption\":\"Ricardo Torques\"},\"sameAs\":[\"https:\/\/www.facebook.com\/ricardo.s.torques\"],\"url\":\"https:\/\/www.estrategiaconcursos.com.br\/blog\/author\/ricardotorquesestrategiaconcursos-com-br\/\"}]}<\/script>\n<!-- \/ Yoast SEO Premium plugin. -->","yoast_head_json":{"title":"Concurso PGM Bel\u00e9m (PA) tem COMISS\u00c3O formada; 5 vagas imediatas","description":"Foram designados os membros que compor\u00e3o a comiss\u00e3o de fiscaliza\u00e7\u00e3o do concurso PGM Bel\u00e9m PA. Confite no site do Estrat\u00e9gia Concursos!","robots":{"index":"index","follow":"follow","max-snippet":"max-snippet:-1","max-image-preview":"max-image-preview:large","max-video-preview":"max-video-preview:-1"},"canonical":"https:\/\/www.estrategiaconcursos.com.br\/blog\/concurso-pgm-belem-pa-tem-comissao-formada-5-vagas-imediatas\/","og_locale":"pt_BR","og_type":"article","og_title":"Concurso PGM Bel\u00e9m (PA) tem COMISS\u00c3O formada; 5 vagas imediatas","og_description":"Foram designados os membros que compor\u00e3o a comiss\u00e3o de fiscaliza\u00e7\u00e3o do concurso PGM Bel\u00e9m PA. Confite no site do Estrat\u00e9gia Concursos!","og_url":"https:\/\/www.estrategiaconcursos.com.br\/blog\/concurso-pgm-belem-pa-tem-comissao-formada-5-vagas-imediatas\/","og_site_name":"Estrat\u00e9gia Concursos","article_author":"https:\/\/www.facebook.com\/ricardo.s.torques","article_published_time":"2020-04-09T00:46:38+00:00","article_modified_time":"2020-11-11T11:29:11+00:00","author":"Ricardo Torques","twitter_card":"summary_large_image","twitter_creator":"@EstratConcursos","twitter_site":"@EstratConcursos","twitter_misc":{"Escrito por":"Ricardo Torques","Est. tempo de leitura":"2 minutos"},"schema":{"@context":"https:\/\/schema.org","@graph":[{"@type":"NewsArticle","@id":"https:\/\/www.estrategiaconcursos.com.br\/blog\/concurso-pgm-belem-pa-tem-comissao-formada-5-vagas-imediatas\/#article","isPartOf":{"@id":"https:\/\/www.estrategiaconcursos.com.br\/blog\/concurso-pgm-belem-pa-tem-comissao-formada-5-vagas-imediatas\/"},"author":{"name":"Ricardo Torques","@id":"https:\/\/www.estrategiaconcursos.com.br\/blog\/#\/schema\/person\/aa39cf5ddb518e5bdce27c35788405e2"},"headline":"Concurso PGM Bel\u00e9m (PA) tem COMISS\u00c3O formada; 5 vagas imediatas","datePublished":"2020-04-09T00:46:38+00:00","dateModified":"2020-11-11T11:29:11+00:00","mainEntityOfPage":{"@id":"https:\/\/www.estrategiaconcursos.com.br\/blog\/concurso-pgm-belem-pa-tem-comissao-formada-5-vagas-imediatas\/"},"wordCount":514,"commentCount":0,"publisher":{"@id":"https:\/\/www.estrategiaconcursos.com.br\/blog\/#organization"},"articleSection":["Concursos P\u00fablicos"],"inLanguage":"pt-BR","potentialAction":[{"@type":"CommentAction","name":"Comment","target":["https:\/\/www.estrategiaconcursos.com.br\/blog\/concurso-pgm-belem-pa-tem-comissao-formada-5-vagas-imediatas\/#respond"]}],"copyrightYear":"2020","copyrightHolder":{"@id":"https:\/\/www.estrategiaconcursos.com.br\/blog\/#organization"}},{"@type":"WebPage","@id":"https:\/\/www.estrategiaconcursos.com.br\/blog\/concurso-pgm-belem-pa-tem-comissao-formada-5-vagas-imediatas\/","url":"https:\/\/www.estrategiaconcursos.com.br\/blog\/concurso-pgm-belem-pa-tem-comissao-formada-5-vagas-imediatas\/","name":"Concurso PGM Bel\u00e9m (PA) tem COMISS\u00c3O formada; 5 vagas imediatas","isPartOf":{"@id":"https:\/\/www.estrategiaconcursos.com.br\/blog\/#website"},"datePublished":"2020-04-09T00:46:38+00:00","dateModified":"2020-11-11T11:29:11+00:00","description":"Foram designados os membros que compor\u00e3o a comiss\u00e3o de fiscaliza\u00e7\u00e3o do concurso PGM Bel\u00e9m PA. Confite no site do Estrat\u00e9gia Concursos!","breadcrumb":{"@id":"https:\/\/www.estrategiaconcursos.com.br\/blog\/concurso-pgm-belem-pa-tem-comissao-formada-5-vagas-imediatas\/#breadcrumb"},"inLanguage":"pt-BR","potentialAction":[{"@type":"ReadAction","target":["https:\/\/www.estrategiaconcursos.com.br\/blog\/concurso-pgm-belem-pa-tem-comissao-formada-5-vagas-imediatas\/"]}]},{"@type":"BreadcrumbList","@id":"https:\/\/www.estrategiaconcursos.com.br\/blog\/concurso-pgm-belem-pa-tem-comissao-formada-5-vagas-imediatas\/#breadcrumb","itemListElement":[{"@type":"ListItem","position":1,"name":"In\u00edcio","item":"https:\/\/www.estrategiaconcursos.com.br\/blog\/"},{"@type":"ListItem","position":2,"name":"Concurso PGM Bel\u00e9m (PA) tem COMISS\u00c3O formada; 5 vagas imediatas"}]},{"@type":"WebSite","@id":"https:\/\/www.estrategiaconcursos.com.br\/blog\/#website","url":"https:\/\/www.estrategiaconcursos.com.br\/blog\/","name":"Estrat\u00e9gia Concursos","description":"O blog da Estrat\u00e9gia Concursos traz not\u00edcias sobre concursos e artigos de professores oferecendo cursos para concursos (pdf + videaulas) no site.","publisher":{"@id":"https:\/\/www.estrategiaconcursos.com.br\/blog\/#organization"},"potentialAction":[{"@type":"SearchAction","target":{"@type":"EntryPoint","urlTemplate":"https:\/\/www.estrategiaconcursos.com.br\/blog\/?s={search_term_string}"},"query-input":{"@type":"PropertyValueSpecification","valueRequired":true,"valueName":"search_term_string"}}],"inLanguage":"pt-BR"},{"@type":"Organization","@id":"https:\/\/www.estrategiaconcursos.com.br\/blog\/#organization","name":"Estrat\u00e9gia Concursos","url":"https:\/\/www.estrategiaconcursos.com.br\/blog\/","logo":{"@type":"ImageObject","inLanguage":"pt-BR","@id":"https:\/\/www.estrategiaconcursos.com.br\/blog\/#\/schema\/logo\/image\/","url":"https:\/\/dhg1h5j42swfq.cloudfront.net\/2025\/06\/03203428\/logo_concursos-1.jpg","contentUrl":"https:\/\/dhg1h5j42swfq.cloudfront.net\/2025\/06\/03203428\/logo_concursos-1.jpg","width":230,"height":60,"caption":"Estrat\u00e9gia Concursos"},"image":{"@id":"https:\/\/www.estrategiaconcursos.com.br\/blog\/#\/schema\/logo\/image\/"},"sameAs":["https:\/\/x.com\/EstratConcursos"]},{"@type":"Person","@id":"https:\/\/www.estrategiaconcursos.com.br\/blog\/#\/schema\/person\/aa39cf5ddb518e5bdce27c35788405e2","name":"Ricardo Torques","image":{"@type":"ImageObject","inLanguage":"pt-BR","@id":"https:\/\/secure.gravatar.com\/avatar\/ce9ac6c3cff25fe86d15ed568ebc64d1724baf5c0693133bcb1f6073f712f92a?s=96&d=mm&r=g","url":"https:\/\/secure.gravatar.com\/avatar\/ce9ac6c3cff25fe86d15ed568ebc64d1724baf5c0693133bcb1f6073f712f92a?s=96&d=mm&r=g","contentUrl":"https:\/\/secure.gravatar.com\/avatar\/ce9ac6c3cff25fe86d15ed568ebc64d1724baf5c0693133bcb1f6073f712f92a?s=96&d=mm&r=g","caption":"Ricardo Torques"},"sameAs":["https:\/\/www.facebook.com\/ricardo.s.torques"],"url":"https:\/\/www.estrategiaconcursos.com.br\/blog\/author\/ricardotorquesestrategiaconcursos-com-br\/"}]}},"_links":{"self":[{"href":"https:\/\/www.estrategiaconcursos.com.br\/blog\/wp-json\/wp\/v2\/posts\/501849","targetHints":{"allow":["GET"]}}],"collection":[{"href":"https:\/\/www.estrategiaconcursos.com.br\/blog\/wp-json\/wp\/v2\/posts"}],"about":[{"href":"https:\/\/www.estrategiaconcursos.com.br\/blog\/wp-json\/wp\/v2\/types\/post"}],"author":[{"embeddable":true,"href":"https:\/\/www.estrategiaconcursos.com.br\/blog\/wp-json\/wp\/v2\/users\/180"}],"replies":[{"embeddable":true,"href":"https:\/\/www.estrategiaconcursos.com.br\/blog\/wp-json\/wp\/v2\/comments?post=501849"}],"version-history":[{"count":3,"href":"https:\/\/www.estrategiaconcursos.com.br\/blog\/wp-json\/wp\/v2\/posts\/501849\/revisions"}],"predecessor-version":[{"id":608631,"href":"https:\/\/www.estrategiaconcursos.com.br\/blog\/wp-json\/wp\/v2\/posts\/501849\/revisions\/608631"}],"wp:attachment":[{"href":"https:\/\/www.estrategiaconcursos.com.br\/blog\/wp-json\/wp\/v2\/media?parent=501849"}],"wp:term":[{"taxonomy":"category","embeddable":true,"href":"https:\/\/www.estrategiaconcursos.com.br\/blog\/wp-json\/wp\/v2\/categories?post=501849"},{"taxonomy":"post_tag","embeddable":true,"href":"https:\/\/www.estrategiaconcursos.com.br\/blog\/wp-json\/wp\/v2\/tags?post=501849"},{"taxonomy":"tax_estado","embeddable":true,"href":"https:\/\/www.estrategiaconcursos.com.br\/blog\/wp-json\/wp\/v2\/tax_estado?post=501849"}],"curies":[{"name":"wp","href":"https:\/\/api.w.org\/{rel}","templated":true}]}}