{"id":501798,"date":"2020-04-17T18:17:00","date_gmt":"2020-04-17T21:17:00","guid":{"rendered":"https:\/\/www.estrategiaconcursos.com.br\/blog\/?p=501798"},"modified":"2020-04-14T13:52:41","modified_gmt":"2020-04-14T16:52:41","slug":"como-e-cobrado-direito-empresarial-estatisticas-dos-perfis-de-cobranca-das-bancas","status":"publish","type":"post","link":"https:\/\/www.estrategiaconcursos.com.br\/blog\/como-e-cobrado-direito-empresarial-estatisticas-dos-perfis-de-cobranca-das-bancas\/","title":{"rendered":"Como \u00e9 cobrado direito Empresarial? Estat\u00edsticas dos perfis de cobran\u00e7a das bancas"},"content":{"rendered":"\n<p>Ol\u00e1, queridos e queridas! Como est\u00e3o? Esse artigo ser\u00e1 bastante objetivo e anal\u00edtico. A ideia \u00e9 contextualizar sobre a mat\u00e9ria de Direito Empresarial e verificar as estat\u00edsticas dos perfis de cobran\u00e7a das bancas. Venham conosco!<\/p>\n\n\n\n<h2 class=\"wp-block-heading\">Direito Empresarial em um contexto geral<\/h2>\n\n\n\n<p>Direito Empresarial \u00e9 uma disciplina n\u00e3o codificada, ou seja, suas fontes est\u00e3o espalhadas por diversos dispositivos. O C\u00f3digo Civil possui conte\u00fados referentes ao Direito Empresarial, os quais est\u00e3o localizados entre os artigos 966 e 1.122. Tais artigos d\u00e3o diretrizes gerais sobre a disciplina como tamb\u00e9m esgotam alguns importantes temas. Um exemplo \u00e9 o caso da Sociedade Simples, que \u00e9 a base do estudo para outros tipos de sociedade, como a Sociedade An\u00f4nima.<\/p>\n\n\n\n<p>Alguns dos grandes grupos de temas que formam o Direito Empresarial s\u00e3o:<\/p>\n\n\n\n<ol class=\"wp-block-list\" type=\"1\"><li>Tipos de sociedade e suas caracter\u00edsticas<\/li><li>Recupera\u00e7\u00e3o Judicial e Fal\u00eancia<\/li><li>T\u00edtulos de Cr\u00e9dito<\/li><li>Contratos Mercantis<\/li><li>Propriedade Industrial<\/li><\/ol>\n\n\n\n<p>Diferente de algumas outras disciplinas, os assuntos enquadrados em Direito Empresarial s\u00e3o extremamente independentes entre si. Isso pode ser ben\u00e9fico, j\u00e1 que o aluno n\u00e3o acaba prejudicado caso n\u00e3o tenha muita afinidade com um assunto espec\u00edfico e ele possua influ\u00eancia sobre os demais. Por outro lado, fica mais dif\u00edcil criar conex\u00f5es entre os diferentes temas, t\u00e9cnica que ajuda na consolida\u00e7\u00e3o do conte\u00fado.<\/p>\n\n\n\n<h2 class=\"wp-block-heading\">Como se d\u00e1 a cobran\u00e7a do Direito Empresarial?<\/h2>\n\n\n\n<p>Da mesma forma como acontece em Direito Civil e Penal, a cobran\u00e7a \u00e9 muito concentrada na literalidade de seus dispositivos. A dispers\u00e3o de seu conte\u00fado em diversas leis torna-o mais extenso, possuindo um alto volume de conte\u00fado total. Em diversas \u00e1reas de concursos, a cobran\u00e7a de Empresarial \u00e9 &nbsp;focada somente em alguns t\u00f3picos daqueles evidenciados acima. Os t\u00f3picos 1, 2 e 3 s\u00e3o os mais presentes nos concursos de uma maneira geral. Isso ser\u00e1 evidenciado pelas estat\u00edsticas dos perfis de cobran\u00e7a das bancas.<\/p>\n\n\n\n<p>Uma pergunta pode estar em seus pensamentos. \u201cMesmo em concursos de alto n\u00edvel da \u00c1rea Jur\u00eddica a cobran\u00e7a \u00e9 bastante literal?\u201d. A resposta \u00e9 sim! A grande maioria dos exerc\u00edcios trazem conhecimentos evidenciados objetivamente nos dispositivos que comp\u00f5em a disciplina. Uma pequena parcela pode cobrar conhecimentos doutrin\u00e1rios e tamb\u00e9m jurisprudenciais, mas o \u201cgrosso\u201d \u00e9 bastante literal.<\/p>\n\n\n\n<h1 class=\"wp-block-heading\">Estat\u00edsticas<\/h1>\n\n\n\n<p>Elencaremos tabelas e gr\u00e1ficos que evidenciam o espectro da cobran\u00e7a de Direito Empresarial. Todos os dados s\u00e3o relativos ao per\u00edodo de <strong>2020 a 2015<\/strong>. Nossa ideia \u00e9 trazer informa\u00e7\u00f5es que demonstrem a tend\u00eancia atual de cobran\u00e7a tanto num contexto geral, como \u00e9 o caso abaixo, quanto relativo a bancas espec\u00edficas.<\/p>\n\n\n\n<div class=\"wp-block-image\"><figure class=\"aligncenter size-large\"><img loading=\"lazy\" decoding=\"async\" width=\"439\" height=\"350\" src=\"https:\/\/dhg1h5j42swfq.cloudfront.net\/2020\/04\/08184204\/image-88.png\" alt=\"estat\u00edsticas dos perfis de cobran\u00e7a das bancas \" class=\"wp-image-501805\" srcset=\"https:\/\/dhg1h5j42swfq.cloudfront.net\/2020\/04\/08184204\/image-88.png 439w, https:\/\/dhg1h5j42swfq.cloudfront.net\/2020\/04\/08184204\/image-88-300x239.png 300w\" sizes=\"auto, (max-width: 439px) 100vw, 439px\" \/><figcaption>Tabela Geral<\/figcaption><\/figure><\/div>\n\n\n\n<div class=\"wp-block-image\"><figure class=\"aligncenter size-large\"><img loading=\"lazy\" decoding=\"async\" width=\"567\" height=\"305\" src=\"https:\/\/dhg1h5j42swfq.cloudfront.net\/2020\/04\/08184314\/image-89.png\" alt=\"estat\u00edsticas dos perfis de cobran\u00e7a das bancas \" class=\"wp-image-501806\" srcset=\"https:\/\/dhg1h5j42swfq.cloudfront.net\/2020\/04\/08184314\/image-89.png 567w, https:\/\/dhg1h5j42swfq.cloudfront.net\/2020\/04\/08184314\/image-89-300x161.png 300w\" sizes=\"auto, (max-width: 567px) 100vw, 567px\" \/><figcaption>Gr\u00e1fico Geral<\/figcaption><\/figure><\/div>\n\n\n\n<p>Os dados gerais evidenciam, entre as tr\u00eas primeiras posi\u00e7\u00f5es, um assunto presente no C\u00f3digo Civil e outros dois fora dele. Al\u00e9m disso, \u00e9 necess\u00e1rio averiguar que, para agrupar tais assuntos da mesma forma que fora feito mais acima, por meio de cinco grandes grupos, seria necess\u00e1ria a aglutina\u00e7\u00e3o de diversos assuntos.<\/p>\n\n\n\n<p>Por exemplo, o grupo 1, relacionado a sociedades, resultaria da aglutina\u00e7\u00e3o de todos os assuntos dispostos no C\u00f3digo Civil. Isso traria uma maior preponder\u00e2ncia a esse t\u00f3pico. Entretanto, a ideia foi apresentar as sociedades como t\u00f3picos distintos. Dessa forma, evidencia-se, de maneira mais clara, a prefer\u00eancia das bancas por algum tipo societ\u00e1rio espec\u00edfico. &nbsp;<\/p>\n\n\n\n<h2 class=\"wp-block-heading\">Estat\u00edsticas dos perfis de cobran\u00e7a das bancas<\/h2>\n\n\n\n<h3 class=\"wp-block-heading\">\u00cdndices de cobran\u00e7a \u2013 CESPE<\/h3>\n\n\n\n<div class=\"wp-block-image\"><figure class=\"aligncenter size-large\"><img loading=\"lazy\" decoding=\"async\" width=\"437\" height=\"383\" src=\"https:\/\/dhg1h5j42swfq.cloudfront.net\/2020\/04\/08184414\/image-90.png\" alt=\"estat\u00edsticas dos perfis de cobran\u00e7a das bancas \" class=\"wp-image-501807\" srcset=\"https:\/\/dhg1h5j42swfq.cloudfront.net\/2020\/04\/08184414\/image-90.png 437w, https:\/\/dhg1h5j42swfq.cloudfront.net\/2020\/04\/08184414\/image-90-300x263.png 300w\" sizes=\"auto, (max-width: 437px) 100vw, 437px\" \/><figcaption>Tabela CESPE<\/figcaption><\/figure><\/div>\n\n\n\n<div class=\"wp-block-image\"><figure class=\"aligncenter size-large\"><img loading=\"lazy\" decoding=\"async\" width=\"565\" height=\"303\" src=\"https:\/\/dhg1h5j42swfq.cloudfront.net\/2020\/04\/08184419\/image-91.png\" alt=\"estat\u00edsticas dos perfis de cobran\u00e7a das bancas \" class=\"wp-image-501808\" srcset=\"https:\/\/dhg1h5j42swfq.cloudfront.net\/2020\/04\/08184419\/image-91.png 565w, https:\/\/dhg1h5j42swfq.cloudfront.net\/2020\/04\/08184419\/image-91-300x161.png 300w\" sizes=\"auto, (max-width: 565px) 100vw, 565px\" \/><figcaption>Gr\u00e1fico CESPE<\/figcaption><\/figure><\/div>\n\n\n\n<h3 class=\"wp-block-heading\">\u00cdndices de cobran\u00e7a \u2013 FCC<\/h3>\n\n\n\n<div class=\"wp-block-image\"><figure class=\"aligncenter size-large\"><img loading=\"lazy\" decoding=\"async\" width=\"439\" height=\"398\" src=\"https:\/\/dhg1h5j42swfq.cloudfront.net\/2020\/04\/08184454\/image-92.png\" alt=\"estat\u00edsticas dos perfis de cobran\u00e7a das bancas \" class=\"wp-image-501810\" srcset=\"https:\/\/dhg1h5j42swfq.cloudfront.net\/2020\/04\/08184454\/image-92.png 439w, https:\/\/dhg1h5j42swfq.cloudfront.net\/2020\/04\/08184454\/image-92-300x272.png 300w\" sizes=\"auto, (max-width: 439px) 100vw, 439px\" \/><figcaption>Tabela FCC<\/figcaption><\/figure><\/div>\n\n\n\n<div class=\"wp-block-image\"><figure class=\"aligncenter size-large\"><img loading=\"lazy\" decoding=\"async\" width=\"565\" height=\"283\" src=\"https:\/\/dhg1h5j42swfq.cloudfront.net\/2020\/04\/08184510\/image-93.png\" alt=\"estat\u00edsticas dos perfis de cobran\u00e7a das bancas \" class=\"wp-image-501811\" srcset=\"https:\/\/dhg1h5j42swfq.cloudfront.net\/2020\/04\/08184510\/image-93.png 565w, https:\/\/dhg1h5j42swfq.cloudfront.net\/2020\/04\/08184510\/image-93-300x150.png 300w\" sizes=\"auto, (max-width: 565px) 100vw, 565px\" \/><figcaption>Gr\u00e1fico FCC<\/figcaption><\/figure><\/div>\n\n\n\n<h3 class=\"wp-block-heading\">\u00cdndices de cobran\u00e7a \u2013 FGV<\/h3>\n\n\n\n<div class=\"wp-block-image\"><figure class=\"aligncenter size-large\"><img loading=\"lazy\" decoding=\"async\" width=\"438\" height=\"384\" src=\"https:\/\/dhg1h5j42swfq.cloudfront.net\/2020\/04\/08184539\/image-94.png\" alt=\"estat\u00edsticas dos perfis de cobran\u00e7a das bancas \" class=\"wp-image-501812\" srcset=\"https:\/\/dhg1h5j42swfq.cloudfront.net\/2020\/04\/08184539\/image-94.png 438w, https:\/\/dhg1h5j42swfq.cloudfront.net\/2020\/04\/08184539\/image-94-300x263.png 300w\" sizes=\"auto, (max-width: 438px) 100vw, 438px\" \/><figcaption>Tabela FGV<\/figcaption><\/figure><\/div>\n\n\n\n<div class=\"wp-block-image\"><figure class=\"aligncenter size-large\"><img loading=\"lazy\" decoding=\"async\" width=\"567\" height=\"303\" src=\"https:\/\/dhg1h5j42swfq.cloudfront.net\/2020\/04\/08184557\/image-95.png\" alt=\"estat\u00edsticas dos perfis de cobran\u00e7a das bancas \" class=\"wp-image-501814\" srcset=\"https:\/\/dhg1h5j42swfq.cloudfront.net\/2020\/04\/08184557\/image-95.png 567w, https:\/\/dhg1h5j42swfq.cloudfront.net\/2020\/04\/08184557\/image-95-300x160.png 300w\" sizes=\"auto, (max-width: 567px) 100vw, 567px\" \/><figcaption>Gr\u00e1fico FGV<\/figcaption><\/figure><\/div>\n\n\n\n<h1 class=\"wp-block-heading\">Analisando os gr\u00e1ficos<\/h1>\n\n\n\n<p>Podemos notar que a cobran\u00e7a de Direito Empresarial \u00e9 muito ampla. Por meio da quantidade de t\u00f3picos elencados nas tabelas, conseguimos verificar essa elevada amplitude. Alguns t\u00f3picos s\u00e3o mais curtos, sim, principalmente aqueles do C\u00f3digo Civil. Por outro lado, outros, como Recupera\u00e7\u00e3o Judicial e Fal\u00eancia, referem-se a leis inteiras.<\/p>\n\n\n\n<p>A Lei das Fal\u00eancias (11.101\/2005) cont\u00e9m 201 artigos, um conte\u00fado imenso. Dessa forma, demonstra-se a import\u00e2ncia de o aluno conhecer bastante o estilo de cobran\u00e7a da banca que organizar\u00e1 o seu concurso alvo para que otimize seus estudos nos t\u00f3picos que possuem os melhores custos-benef\u00edcios. Conforme os dados acima, fica bem claro que os t\u00f3picos variam bastante de uma banca para outra. Por fim, o candidato tamb\u00e9m deve conhecer, primeiramente, os dispositivos favoritos das bancas em cada assunto, potencializando seus resultados.<\/p>\n\n\n\n<h2 class=\"wp-block-heading\">Concluindo<\/h2>\n\n\n\n<p>Esperamos que tenham gostado da evidencia\u00e7\u00e3o e an\u00e1lise das estat\u00edsticas dos perfis de cobran\u00e7a das bancas em Direito Empresarial. Utilizem os dados com intelig\u00eancia e estrat\u00e9gia para obterem os melhores resultados no menor tempo poss\u00edvel.<\/p>\n\n\n\n<p>Desejo \u00f3timos estudos a todos e um grande abra\u00e7o!<\/p>\n\n\n\n<p class=\"has-text-align-right\">Caio Castilho.<\/p>\n\n\n\n<p class=\"has-text-align-center has-medium-font-size\"><em><strong>Assinatura Anual Ilimitada*<\/strong><\/em><\/p>\n\n\n\n<p class=\"has-text-align-center\"><em>Prepare-se com o melhor material e com quem mais aprova em Concursos P\u00fablicos em todo o pa\u00eds. Assine agora a nossa Assinatura Anual e tenha acesso ilimitado* a todos os nossos cursos.<\/em><\/p>\n\n\n\n<p style=\"font-size:22px\" class=\"has-background has-text-align-center has-luminous-vivid-amber-background-color\"><strong>ASSINE AGORA<\/strong>&nbsp;\u2013&nbsp;<a rel=\"noreferrer noopener\" href=\"https:\/\/www.estrategiaconcursos.com.br\/assinaturas\" target=\"_blank\"><strong>Assinatura Ilimitada<\/strong><\/a><\/p>\n\n\n\n<p class=\"has-text-align-center has-medium-font-size\"><em><strong>Fique por dentro de todos os concursos<\/strong><\/em>:<\/p>\n\n\n\n<p style=\"font-size:22px\" class=\"has-background has-text-align-center has-pale-cyan-blue-background-color\"><a rel=\"noreferrer noopener\" href=\"https:\/\/www.estrategiaconcursos.com.br\/blog\/concursos-abertos\/\" target=\"_blank\"><strong>Concursos abertos<\/strong><\/a><\/p>\n\n\n\n<p style=\"font-size:22px\" class=\"has-background has-text-align-center has-pale-cyan-blue-background-color\"><a rel=\"noreferrer noopener\" href=\"https:\/\/www.estrategiaconcursos.com.br\/blog\/concursos-2020\/\" target=\"_blank\"><strong>Concursos 2020<\/strong><\/a><\/p>\n\n\n<p><!--EndFragment--><\/p>","protected":false},"excerpt":{"rendered":"<p>Ol\u00e1, queridos e queridas! Como est\u00e3o? Esse artigo ser\u00e1 bastante objetivo e anal\u00edtico. A ideia \u00e9 contextualizar sobre a mat\u00e9ria de Direito Empresarial e verificar as estat\u00edsticas dos perfis de cobran\u00e7a das bancas. Venham conosco! Direito Empresarial em um contexto geral Direito Empresarial \u00e9 uma disciplina n\u00e3o codificada, ou seja, suas fontes est\u00e3o espalhadas por [&hellip;]<\/p>\n","protected":false},"author":1669,"featured_media":377838,"comment_status":"open","ping_status":"closed","sticky":false,"template":"","format":"standard","meta":{"post_tipo":"article","footnotes":""},"categories":[1],"tags":[],"tax_estado":[],"class_list":["post-501798","post","type-post","status-publish","format-standard","has-post-thumbnail","hentry","category-cursos-e-concursos"],"acf":[],"yoast_head":"<!-- This site is optimized with the Yoast SEO Premium plugin v27.2 (Yoast SEO v27.2) - https:\/\/yoast.com\/product\/yoast-seo-premium-wordpress\/ -->\n<title>Como \u00e9 cobrado direito Empresarial? Estat\u00edsticas dos perfis de cobran\u00e7a das bancas<\/title>\n<meta name=\"description\" content=\"Precisando de um empurr\u00e3o em Direito Empresarial? Venha conferir a nossa an\u00e1lise global da mat\u00e9ria e as estat\u00edsticas dos perfis de cobran\u00e7a das bancas\" \/>\n<meta name=\"robots\" content=\"index, follow, max-snippet:-1, max-image-preview:large, max-video-preview:-1\" \/>\n<link rel=\"canonical\" href=\"https:\/\/www.estrategiaconcursos.com.br\/blog\/como-e-cobrado-direito-empresarial-estatisticas-dos-perfis-de-cobranca-das-bancas\/\" \/>\n<meta property=\"og:locale\" content=\"pt_BR\" \/>\n<meta property=\"og:type\" content=\"article\" \/>\n<meta property=\"og:title\" content=\"Como \u00e9 cobrado direito Empresarial? Estat\u00edsticas dos perfis de cobran\u00e7a das bancas\" \/>\n<meta property=\"og:description\" content=\"Precisando de um empurr\u00e3o em Direito Empresarial? Venha conferir a nossa an\u00e1lise global da mat\u00e9ria e as estat\u00edsticas dos perfis de cobran\u00e7a das bancas\" \/>\n<meta property=\"og:url\" content=\"https:\/\/www.estrategiaconcursos.com.br\/blog\/como-e-cobrado-direito-empresarial-estatisticas-dos-perfis-de-cobranca-das-bancas\/\" \/>\n<meta property=\"og:site_name\" content=\"Estrat\u00e9gia Concursos\" \/>\n<meta property=\"article:published_time\" content=\"2020-04-17T21:17:00+00:00\" \/>\n<meta property=\"og:image\" content=\"https:\/\/dhg1h5j42swfq.cloudfront.net\/2019\/05\/25032844\/gerenciamento-empresarial-810x562.jpg\" \/>\n\t<meta property=\"og:image:width\" content=\"810\" \/>\n\t<meta property=\"og:image:height\" content=\"562\" \/>\n\t<meta property=\"og:image:type\" content=\"image\/jpeg\" \/>\n<meta name=\"author\" content=\"Caio Castilho\" \/>\n<meta name=\"twitter:card\" content=\"summary_large_image\" \/>\n<meta name=\"twitter:creator\" content=\"@EstratConcursos\" \/>\n<meta name=\"twitter:site\" content=\"@EstratConcursos\" \/>\n<meta name=\"twitter:label1\" content=\"Escrito por\" \/>\n\t<meta name=\"twitter:data1\" content=\"Caio Castilho\" \/>\n\t<meta name=\"twitter:label2\" content=\"Est. tempo de leitura\" \/>\n\t<meta name=\"twitter:data2\" content=\"4 minutos\" \/>\n<script type=\"application\/ld+json\" class=\"yoast-schema-graph\">{\"@context\":\"https:\/\/schema.org\",\"@graph\":[{\"@type\":\"NewsArticle\",\"@id\":\"https:\/\/www.estrategiaconcursos.com.br\/blog\/como-e-cobrado-direito-empresarial-estatisticas-dos-perfis-de-cobranca-das-bancas\/#article\",\"isPartOf\":{\"@id\":\"https:\/\/www.estrategiaconcursos.com.br\/blog\/como-e-cobrado-direito-empresarial-estatisticas-dos-perfis-de-cobranca-das-bancas\/\"},\"author\":{\"name\":\"Caio Castilho\",\"@id\":\"https:\/\/www.estrategiaconcursos.com.br\/blog\/#\/schema\/person\/8d62954f4424329ee52d400c0febe0cc\"},\"headline\":\"Como \u00e9 cobrado direito Empresarial? Estat\u00edsticas dos perfis de cobran\u00e7a das bancas\",\"datePublished\":\"2020-04-17T21:17:00+00:00\",\"mainEntityOfPage\":{\"@id\":\"https:\/\/www.estrategiaconcursos.com.br\/blog\/como-e-cobrado-direito-empresarial-estatisticas-dos-perfis-de-cobranca-das-bancas\/\"},\"wordCount\":872,\"commentCount\":0,\"publisher\":{\"@id\":\"https:\/\/www.estrategiaconcursos.com.br\/blog\/#organization\"},\"image\":{\"@id\":\"https:\/\/www.estrategiaconcursos.com.br\/blog\/como-e-cobrado-direito-empresarial-estatisticas-dos-perfis-de-cobranca-das-bancas\/#primaryimage\"},\"thumbnailUrl\":\"https:\/\/dhg1h5j42swfq.cloudfront.net\/2019\/05\/25032844\/gerenciamento-empresarial-810x562.jpg\",\"articleSection\":[\"Concursos P\u00fablicos\"],\"inLanguage\":\"pt-BR\",\"potentialAction\":[{\"@type\":\"CommentAction\",\"name\":\"Comment\",\"target\":[\"https:\/\/www.estrategiaconcursos.com.br\/blog\/como-e-cobrado-direito-empresarial-estatisticas-dos-perfis-de-cobranca-das-bancas\/#respond\"]}],\"copyrightYear\":\"2020\",\"copyrightHolder\":{\"@id\":\"https:\/\/www.estrategiaconcursos.com.br\/blog\/#organization\"}},{\"@type\":\"WebPage\",\"@id\":\"https:\/\/www.estrategiaconcursos.com.br\/blog\/como-e-cobrado-direito-empresarial-estatisticas-dos-perfis-de-cobranca-das-bancas\/\",\"url\":\"https:\/\/www.estrategiaconcursos.com.br\/blog\/como-e-cobrado-direito-empresarial-estatisticas-dos-perfis-de-cobranca-das-bancas\/\",\"name\":\"Como \u00e9 cobrado direito Empresarial? Estat\u00edsticas dos perfis de cobran\u00e7a das bancas\",\"isPartOf\":{\"@id\":\"https:\/\/www.estrategiaconcursos.com.br\/blog\/#website\"},\"primaryImageOfPage\":{\"@id\":\"https:\/\/www.estrategiaconcursos.com.br\/blog\/como-e-cobrado-direito-empresarial-estatisticas-dos-perfis-de-cobranca-das-bancas\/#primaryimage\"},\"image\":{\"@id\":\"https:\/\/www.estrategiaconcursos.com.br\/blog\/como-e-cobrado-direito-empresarial-estatisticas-dos-perfis-de-cobranca-das-bancas\/#primaryimage\"},\"thumbnailUrl\":\"https:\/\/dhg1h5j42swfq.cloudfront.net\/2019\/05\/25032844\/gerenciamento-empresarial-810x562.jpg\",\"datePublished\":\"2020-04-17T21:17:00+00:00\",\"description\":\"Precisando de um empurr\u00e3o em Direito Empresarial? Venha conferir a nossa an\u00e1lise global da mat\u00e9ria e as estat\u00edsticas dos perfis de cobran\u00e7a das bancas\",\"breadcrumb\":{\"@id\":\"https:\/\/www.estrategiaconcursos.com.br\/blog\/como-e-cobrado-direito-empresarial-estatisticas-dos-perfis-de-cobranca-das-bancas\/#breadcrumb\"},\"inLanguage\":\"pt-BR\",\"potentialAction\":[{\"@type\":\"ReadAction\",\"target\":[\"https:\/\/www.estrategiaconcursos.com.br\/blog\/como-e-cobrado-direito-empresarial-estatisticas-dos-perfis-de-cobranca-das-bancas\/\"]}]},{\"@type\":\"ImageObject\",\"inLanguage\":\"pt-BR\",\"@id\":\"https:\/\/www.estrategiaconcursos.com.br\/blog\/como-e-cobrado-direito-empresarial-estatisticas-dos-perfis-de-cobranca-das-bancas\/#primaryimage\",\"url\":\"https:\/\/dhg1h5j42swfq.cloudfront.net\/2019\/05\/25032844\/gerenciamento-empresarial-810x562.jpg\",\"contentUrl\":\"https:\/\/dhg1h5j42swfq.cloudfront.net\/2019\/05\/25032844\/gerenciamento-empresarial-810x562.jpg\",\"width\":810,\"height\":562},{\"@type\":\"BreadcrumbList\",\"@id\":\"https:\/\/www.estrategiaconcursos.com.br\/blog\/como-e-cobrado-direito-empresarial-estatisticas-dos-perfis-de-cobranca-das-bancas\/#breadcrumb\",\"itemListElement\":[{\"@type\":\"ListItem\",\"position\":1,\"name\":\"In\u00edcio\",\"item\":\"https:\/\/www.estrategiaconcursos.com.br\/blog\/\"},{\"@type\":\"ListItem\",\"position\":2,\"name\":\"Como \u00e9 cobrado direito Empresarial? Estat\u00edsticas dos perfis de cobran\u00e7a das bancas\"}]},{\"@type\":\"WebSite\",\"@id\":\"https:\/\/www.estrategiaconcursos.com.br\/blog\/#website\",\"url\":\"https:\/\/www.estrategiaconcursos.com.br\/blog\/\",\"name\":\"Estrat\u00e9gia Concursos\",\"description\":\"O blog da Estrat\u00e9gia Concursos traz not\u00edcias sobre concursos e artigos de professores oferecendo cursos para concursos (pdf + videaulas) no site.\",\"publisher\":{\"@id\":\"https:\/\/www.estrategiaconcursos.com.br\/blog\/#organization\"},\"potentialAction\":[{\"@type\":\"SearchAction\",\"target\":{\"@type\":\"EntryPoint\",\"urlTemplate\":\"https:\/\/www.estrategiaconcursos.com.br\/blog\/?s={search_term_string}\"},\"query-input\":{\"@type\":\"PropertyValueSpecification\",\"valueRequired\":true,\"valueName\":\"search_term_string\"}}],\"inLanguage\":\"pt-BR\"},{\"@type\":\"Organization\",\"@id\":\"https:\/\/www.estrategiaconcursos.com.br\/blog\/#organization\",\"name\":\"Estrat\u00e9gia Concursos\",\"url\":\"https:\/\/www.estrategiaconcursos.com.br\/blog\/\",\"logo\":{\"@type\":\"ImageObject\",\"inLanguage\":\"pt-BR\",\"@id\":\"https:\/\/www.estrategiaconcursos.com.br\/blog\/#\/schema\/logo\/image\/\",\"url\":\"https:\/\/dhg1h5j42swfq.cloudfront.net\/2025\/06\/03203428\/logo_concursos-1.jpg\",\"contentUrl\":\"https:\/\/dhg1h5j42swfq.cloudfront.net\/2025\/06\/03203428\/logo_concursos-1.jpg\",\"width\":230,\"height\":60,\"caption\":\"Estrat\u00e9gia Concursos\"},\"image\":{\"@id\":\"https:\/\/www.estrategiaconcursos.com.br\/blog\/#\/schema\/logo\/image\/\"},\"sameAs\":[\"https:\/\/x.com\/EstratConcursos\"]},{\"@type\":\"Person\",\"@id\":\"https:\/\/www.estrategiaconcursos.com.br\/blog\/#\/schema\/person\/8d62954f4424329ee52d400c0febe0cc\",\"name\":\"Caio Castilho\",\"image\":{\"@type\":\"ImageObject\",\"inLanguage\":\"pt-BR\",\"@id\":\"https:\/\/secure.gravatar.com\/avatar\/1da9aff9efce368a4332530a451e9206b92672d90569be0efc053d12d87a3943?s=96&d=mm&r=g\",\"url\":\"https:\/\/secure.gravatar.com\/avatar\/1da9aff9efce368a4332530a451e9206b92672d90569be0efc053d12d87a3943?s=96&d=mm&r=g\",\"contentUrl\":\"https:\/\/secure.gravatar.com\/avatar\/1da9aff9efce368a4332530a451e9206b92672d90569be0efc053d12d87a3943?s=96&d=mm&r=g\",\"caption\":\"Caio Castilho\"},\"description\":\"19\u00ba colocado na \u00e1rea de auditoria e fiscaliza\u00e7\u00e3o na SEFAZ SC 38\u00ba colocado na SEFAZ GO (28 vagas) Graduado em Engenharia de Materiais pela UFSCar (Universidade Federal de S\u00e3o Carlos)\",\"url\":\"https:\/\/www.estrategiaconcursos.com.br\/blog\/author\/caio-castilho-ccgmail-com\/\"}]}<\/script>\n<!-- \/ Yoast SEO Premium plugin. -->","yoast_head_json":{"title":"Como \u00e9 cobrado direito Empresarial? Estat\u00edsticas dos perfis de cobran\u00e7a das bancas","description":"Precisando de um empurr\u00e3o em Direito Empresarial? Venha conferir a nossa an\u00e1lise global da mat\u00e9ria e as estat\u00edsticas dos perfis de cobran\u00e7a das bancas","robots":{"index":"index","follow":"follow","max-snippet":"max-snippet:-1","max-image-preview":"max-image-preview:large","max-video-preview":"max-video-preview:-1"},"canonical":"https:\/\/www.estrategiaconcursos.com.br\/blog\/como-e-cobrado-direito-empresarial-estatisticas-dos-perfis-de-cobranca-das-bancas\/","og_locale":"pt_BR","og_type":"article","og_title":"Como \u00e9 cobrado direito Empresarial? Estat\u00edsticas dos perfis de cobran\u00e7a das bancas","og_description":"Precisando de um empurr\u00e3o em Direito Empresarial? Venha conferir a nossa an\u00e1lise global da mat\u00e9ria e as estat\u00edsticas dos perfis de cobran\u00e7a das bancas","og_url":"https:\/\/www.estrategiaconcursos.com.br\/blog\/como-e-cobrado-direito-empresarial-estatisticas-dos-perfis-de-cobranca-das-bancas\/","og_site_name":"Estrat\u00e9gia Concursos","article_published_time":"2020-04-17T21:17:00+00:00","og_image":[{"width":810,"height":562,"url":"https:\/\/dhg1h5j42swfq.cloudfront.net\/2019\/05\/25032844\/gerenciamento-empresarial-810x562.jpg","type":"image\/jpeg"}],"author":"Caio Castilho","twitter_card":"summary_large_image","twitter_creator":"@EstratConcursos","twitter_site":"@EstratConcursos","twitter_misc":{"Escrito por":"Caio Castilho","Est. tempo de leitura":"4 minutos"},"schema":{"@context":"https:\/\/schema.org","@graph":[{"@type":"NewsArticle","@id":"https:\/\/www.estrategiaconcursos.com.br\/blog\/como-e-cobrado-direito-empresarial-estatisticas-dos-perfis-de-cobranca-das-bancas\/#article","isPartOf":{"@id":"https:\/\/www.estrategiaconcursos.com.br\/blog\/como-e-cobrado-direito-empresarial-estatisticas-dos-perfis-de-cobranca-das-bancas\/"},"author":{"name":"Caio Castilho","@id":"https:\/\/www.estrategiaconcursos.com.br\/blog\/#\/schema\/person\/8d62954f4424329ee52d400c0febe0cc"},"headline":"Como \u00e9 cobrado direito Empresarial? Estat\u00edsticas dos perfis de cobran\u00e7a das bancas","datePublished":"2020-04-17T21:17:00+00:00","mainEntityOfPage":{"@id":"https:\/\/www.estrategiaconcursos.com.br\/blog\/como-e-cobrado-direito-empresarial-estatisticas-dos-perfis-de-cobranca-das-bancas\/"},"wordCount":872,"commentCount":0,"publisher":{"@id":"https:\/\/www.estrategiaconcursos.com.br\/blog\/#organization"},"image":{"@id":"https:\/\/www.estrategiaconcursos.com.br\/blog\/como-e-cobrado-direito-empresarial-estatisticas-dos-perfis-de-cobranca-das-bancas\/#primaryimage"},"thumbnailUrl":"https:\/\/dhg1h5j42swfq.cloudfront.net\/2019\/05\/25032844\/gerenciamento-empresarial-810x562.jpg","articleSection":["Concursos P\u00fablicos"],"inLanguage":"pt-BR","potentialAction":[{"@type":"CommentAction","name":"Comment","target":["https:\/\/www.estrategiaconcursos.com.br\/blog\/como-e-cobrado-direito-empresarial-estatisticas-dos-perfis-de-cobranca-das-bancas\/#respond"]}],"copyrightYear":"2020","copyrightHolder":{"@id":"https:\/\/www.estrategiaconcursos.com.br\/blog\/#organization"}},{"@type":"WebPage","@id":"https:\/\/www.estrategiaconcursos.com.br\/blog\/como-e-cobrado-direito-empresarial-estatisticas-dos-perfis-de-cobranca-das-bancas\/","url":"https:\/\/www.estrategiaconcursos.com.br\/blog\/como-e-cobrado-direito-empresarial-estatisticas-dos-perfis-de-cobranca-das-bancas\/","name":"Como \u00e9 cobrado direito Empresarial? Estat\u00edsticas dos perfis de cobran\u00e7a das bancas","isPartOf":{"@id":"https:\/\/www.estrategiaconcursos.com.br\/blog\/#website"},"primaryImageOfPage":{"@id":"https:\/\/www.estrategiaconcursos.com.br\/blog\/como-e-cobrado-direito-empresarial-estatisticas-dos-perfis-de-cobranca-das-bancas\/#primaryimage"},"image":{"@id":"https:\/\/www.estrategiaconcursos.com.br\/blog\/como-e-cobrado-direito-empresarial-estatisticas-dos-perfis-de-cobranca-das-bancas\/#primaryimage"},"thumbnailUrl":"https:\/\/dhg1h5j42swfq.cloudfront.net\/2019\/05\/25032844\/gerenciamento-empresarial-810x562.jpg","datePublished":"2020-04-17T21:17:00+00:00","description":"Precisando de um empurr\u00e3o em Direito Empresarial? Venha conferir a nossa an\u00e1lise global da mat\u00e9ria e as estat\u00edsticas dos perfis de cobran\u00e7a das bancas","breadcrumb":{"@id":"https:\/\/www.estrategiaconcursos.com.br\/blog\/como-e-cobrado-direito-empresarial-estatisticas-dos-perfis-de-cobranca-das-bancas\/#breadcrumb"},"inLanguage":"pt-BR","potentialAction":[{"@type":"ReadAction","target":["https:\/\/www.estrategiaconcursos.com.br\/blog\/como-e-cobrado-direito-empresarial-estatisticas-dos-perfis-de-cobranca-das-bancas\/"]}]},{"@type":"ImageObject","inLanguage":"pt-BR","@id":"https:\/\/www.estrategiaconcursos.com.br\/blog\/como-e-cobrado-direito-empresarial-estatisticas-dos-perfis-de-cobranca-das-bancas\/#primaryimage","url":"https:\/\/dhg1h5j42swfq.cloudfront.net\/2019\/05\/25032844\/gerenciamento-empresarial-810x562.jpg","contentUrl":"https:\/\/dhg1h5j42swfq.cloudfront.net\/2019\/05\/25032844\/gerenciamento-empresarial-810x562.jpg","width":810,"height":562},{"@type":"BreadcrumbList","@id":"https:\/\/www.estrategiaconcursos.com.br\/blog\/como-e-cobrado-direito-empresarial-estatisticas-dos-perfis-de-cobranca-das-bancas\/#breadcrumb","itemListElement":[{"@type":"ListItem","position":1,"name":"In\u00edcio","item":"https:\/\/www.estrategiaconcursos.com.br\/blog\/"},{"@type":"ListItem","position":2,"name":"Como \u00e9 cobrado direito Empresarial? Estat\u00edsticas dos perfis de cobran\u00e7a das bancas"}]},{"@type":"WebSite","@id":"https:\/\/www.estrategiaconcursos.com.br\/blog\/#website","url":"https:\/\/www.estrategiaconcursos.com.br\/blog\/","name":"Estrat\u00e9gia Concursos","description":"O blog da Estrat\u00e9gia Concursos traz not\u00edcias sobre concursos e artigos de professores oferecendo cursos para concursos (pdf + videaulas) no site.","publisher":{"@id":"https:\/\/www.estrategiaconcursos.com.br\/blog\/#organization"},"potentialAction":[{"@type":"SearchAction","target":{"@type":"EntryPoint","urlTemplate":"https:\/\/www.estrategiaconcursos.com.br\/blog\/?s={search_term_string}"},"query-input":{"@type":"PropertyValueSpecification","valueRequired":true,"valueName":"search_term_string"}}],"inLanguage":"pt-BR"},{"@type":"Organization","@id":"https:\/\/www.estrategiaconcursos.com.br\/blog\/#organization","name":"Estrat\u00e9gia Concursos","url":"https:\/\/www.estrategiaconcursos.com.br\/blog\/","logo":{"@type":"ImageObject","inLanguage":"pt-BR","@id":"https:\/\/www.estrategiaconcursos.com.br\/blog\/#\/schema\/logo\/image\/","url":"https:\/\/dhg1h5j42swfq.cloudfront.net\/2025\/06\/03203428\/logo_concursos-1.jpg","contentUrl":"https:\/\/dhg1h5j42swfq.cloudfront.net\/2025\/06\/03203428\/logo_concursos-1.jpg","width":230,"height":60,"caption":"Estrat\u00e9gia Concursos"},"image":{"@id":"https:\/\/www.estrategiaconcursos.com.br\/blog\/#\/schema\/logo\/image\/"},"sameAs":["https:\/\/x.com\/EstratConcursos"]},{"@type":"Person","@id":"https:\/\/www.estrategiaconcursos.com.br\/blog\/#\/schema\/person\/8d62954f4424329ee52d400c0febe0cc","name":"Caio Castilho","image":{"@type":"ImageObject","inLanguage":"pt-BR","@id":"https:\/\/secure.gravatar.com\/avatar\/1da9aff9efce368a4332530a451e9206b92672d90569be0efc053d12d87a3943?s=96&d=mm&r=g","url":"https:\/\/secure.gravatar.com\/avatar\/1da9aff9efce368a4332530a451e9206b92672d90569be0efc053d12d87a3943?s=96&d=mm&r=g","contentUrl":"https:\/\/secure.gravatar.com\/avatar\/1da9aff9efce368a4332530a451e9206b92672d90569be0efc053d12d87a3943?s=96&d=mm&r=g","caption":"Caio Castilho"},"description":"19\u00ba colocado na \u00e1rea de auditoria e fiscaliza\u00e7\u00e3o na SEFAZ SC 38\u00ba colocado na SEFAZ GO (28 vagas) Graduado em Engenharia de Materiais pela UFSCar (Universidade Federal de S\u00e3o Carlos)","url":"https:\/\/www.estrategiaconcursos.com.br\/blog\/author\/caio-castilho-ccgmail-com\/"}]}},"_links":{"self":[{"href":"https:\/\/www.estrategiaconcursos.com.br\/blog\/wp-json\/wp\/v2\/posts\/501798","targetHints":{"allow":["GET"]}}],"collection":[{"href":"https:\/\/www.estrategiaconcursos.com.br\/blog\/wp-json\/wp\/v2\/posts"}],"about":[{"href":"https:\/\/www.estrategiaconcursos.com.br\/blog\/wp-json\/wp\/v2\/types\/post"}],"author":[{"embeddable":true,"href":"https:\/\/www.estrategiaconcursos.com.br\/blog\/wp-json\/wp\/v2\/users\/1669"}],"replies":[{"embeddable":true,"href":"https:\/\/www.estrategiaconcursos.com.br\/blog\/wp-json\/wp\/v2\/comments?post=501798"}],"version-history":[{"count":3,"href":"https:\/\/www.estrategiaconcursos.com.br\/blog\/wp-json\/wp\/v2\/posts\/501798\/revisions"}],"predecessor-version":[{"id":503706,"href":"https:\/\/www.estrategiaconcursos.com.br\/blog\/wp-json\/wp\/v2\/posts\/501798\/revisions\/503706"}],"wp:featuredmedia":[{"embeddable":true,"href":"https:\/\/www.estrategiaconcursos.com.br\/blog\/wp-json\/wp\/v2\/media\/377838"}],"wp:attachment":[{"href":"https:\/\/www.estrategiaconcursos.com.br\/blog\/wp-json\/wp\/v2\/media?parent=501798"}],"wp:term":[{"taxonomy":"category","embeddable":true,"href":"https:\/\/www.estrategiaconcursos.com.br\/blog\/wp-json\/wp\/v2\/categories?post=501798"},{"taxonomy":"post_tag","embeddable":true,"href":"https:\/\/www.estrategiaconcursos.com.br\/blog\/wp-json\/wp\/v2\/tags?post=501798"},{"taxonomy":"tax_estado","embeddable":true,"href":"https:\/\/www.estrategiaconcursos.com.br\/blog\/wp-json\/wp\/v2\/tax_estado?post=501798"}],"curies":[{"name":"wp","href":"https:\/\/api.w.org\/{rel}","templated":true}]}}