{"id":50106,"date":"2016-09-21T15:00:34","date_gmt":"2016-09-21T18:00:34","guid":{"rendered":"https:\/\/www.estrategiaconcursos.com.br\/blog\/?p=50106"},"modified":"2016-09-21T15:05:32","modified_gmt":"2016-09-21T18:05:32","slug":"concurso-trt-20-se","status":"publish","type":"post","link":"https:\/\/www.estrategiaconcursos.com.br\/blog\/concurso-trt-20-se\/","title":{"rendered":"Concurso TRT 20 (SE): publicado hoje o edital 2016"},"content":{"rendered":"<h3 style=\"text-align: justify;\"><span style=\"color: #000000;\"><em><strong><img loading=\"lazy\" decoding=\"async\" class=\"alignleft wp-image-42230 size-medium\" src=\"https:\/\/dhg1h5j42swfq.cloudfront.net\/2016\/06\/26231042\/TRT-20-300x150.jpg\" width=\"300\" height=\"150\" srcset=\"https:\/\/dhg1h5j42swfq.cloudfront.net\/2016\/06\/26231042\/TRT-20.jpg 300w, https:\/\/dhg1h5j42swfq.cloudfront.net\/2016\/06\/26231042\/TRT-20.jpg 768w, https:\/\/dhg1h5j42swfq.cloudfront.net\/2016\/06\/26231042\/TRT-20.jpg 1024w, https:\/\/dhg1h5j42swfq.cloudfront.net\/2016\/06\/26231042\/TRT-20.jpg 500w, https:\/\/dhg1h5j42swfq.cloudfront.net\/2016\/06\/26231042\/TRT-20.jpg 1050w\" sizes=\"auto, (max-width: 300px) 100vw, 300px\" \/>CONCURSO TRT 20: PUBLICADO EDITAL PARA OS CARGOS DE ANALISTA E T\u00c9CNICO JUDICI\u00c1RIO.\u00a0<\/strong><\/em><\/span><\/h3>\n<p style=\"text-align: justify;\"><span style=\"color: #000000;\">Foi publicado no Di\u00e1rio Oficial da Uni\u00e3o de hoje, 21 de Setembro, o <a href=\"https:\/\/dhg1h5j42swfq.cloudfront.net\/2016\/09\/21102123\/Edital-TRT-20-Sergipe-2016.pdf\" target=\"_blank\">edital do pr\u00f3ximo concurso do Tribunal Regional do Trabalho da 20\u00aa Regi\u00e3o<\/a> (concurso TRT 20 &#8211; Sergipe). Como anunciado anteriormente, o certame\u00a0ser\u00e1 realizado pela Funda\u00e7\u00e3o Carlos Chagas (FCC). As inscri\u00e7\u00f5es podem ser realizadas pelo <strong><span style=\"color: #0000ff;\"><a style=\"color: #0000ff;\" href=\"http:\/\/www.concursosfcc.com.br\/\" target=\"_blank\">site da\u00a0FCC<\/a><\/span><\/strong>\u00a0de 26 de Setembro a 26 de Outubro.\u00a0A taxa \u00e9 de\u00a0R$110 para os cargos de n\u00edvel superior e R$90 para os cargos de n\u00edvel m\u00e9dio. As provas ser\u00e3o realizadas em 04 de dezembro de 2016 pela manh\u00e3, para os cargos de n\u00edvel m\u00e9dio, e \u00e0 tarde, para os cargos de n\u00edvel superior.\u00a0<\/span><\/p>\n<p style=\"text-align: justify;\"><span style=\"color: #000000;\">Para o cargo de Analista Judici\u00e1rio, que exige n\u00edvel superior, ser\u00e3o oferecidas vagas e cadastro de reserva nas seguintes\u00a0\u00e1reas:<\/span><\/p>\n<ul>\n<li style=\"text-align: justify;\"><span style=\"color: #000000;\">Administrativa<\/span><\/li>\n<li style=\"text-align: justify;\"><span style=\"color: #000000;\">Judici\u00e1ria<\/span><\/li>\n<li style=\"text-align: justify;\"><span style=\"color: #000000;\">Oficial de Justi\u00e7a<\/span><\/li>\n<li style=\"text-align: justify;\"><span style=\"color: #000000;\">Contabilidade<\/span><\/li>\n<li style=\"text-align: justify;\"><span style=\"color: #000000;\">Estat\u00edstica<\/span><\/li>\n<li style=\"text-align: justify;\"><span style=\"color: #000000;\">Comunica\u00e7\u00e3o Social<\/span><\/li>\n<li style=\"text-align: justify;\"><span style=\"color: #000000;\">Enfermagem<\/span><\/li>\n<li style=\"text-align: justify;\"><span style=\"color: #000000;\">Engenharia Civil<\/span><\/li>\n<li style=\"text-align: justify;\"><span style=\"color: #000000;\">Fisioterapia<\/span><\/li>\n<li style=\"text-align: justify;\"><span style=\"color: #000000;\">Medicina do Trabalho<\/span><\/li>\n<li style=\"text-align: justify;\"><span style=\"color: #000000;\">Odontologia<\/span><\/li>\n<\/ul>\n<p style=\"text-align: justify;\"><span style=\"color: #000000;\">J\u00e1 para o cargo de T\u00e9cnico Judici\u00e1rio, que exige n\u00edvel m\u00e9dio, o certame selecionar\u00e1 candidatos nas seguintes \u00e1reas:<\/span><\/p>\n<ul>\n<li style=\"text-align: justify;\"><span style=\"color: #000000;\">Administrativa<\/span><\/li>\n<li style=\"text-align: justify;\"><span style=\"color: #000000;\">Enfermagem<\/span><\/li>\n<li style=\"text-align: justify;\"><span style=\"color: #000000;\">Tecnologia da Informa\u00e7\u00e3o<\/span><\/li>\n<\/ul>\n<h2>Composi\u00e7\u00e3o das provas do concurso TRT 20<\/h2>\n<p style=\"text-align: justify;\"><span style=\"color: #000000;\">As provas para os cargos de Analista Judici\u00e1rio ser\u00e3o compostas por 20 quest\u00f5es sobre Conhecimentos Gerais e 40 sobre Conhecimentos Espec\u00edficos. Veja abaixo o conte\u00fado previsto para algumas \u00e1reas:<\/span><\/p>\n<p style=\"text-align: justify;\"><span style=\"color: #000000;\"><img loading=\"lazy\" decoding=\"async\" class=\"aligncenter size-full wp-image-50107\" src=\"https:\/\/dhg1h5j42swfq.cloudfront.net\/2016\/09\/21011238\/TRT20.png\" alt=\"CONCURSO TRT 20\" width=\"932\" height=\"445\" srcset=\"https:\/\/dhg1h5j42swfq.cloudfront.net\/2016\/09\/21011238\/TRT20.png 932w, https:\/\/dhg1h5j42swfq.cloudfront.net\/2016\/09\/21011238\/TRT20.png 300w, https:\/\/dhg1h5j42swfq.cloudfront.net\/2016\/09\/21011238\/TRT20.png 768w, https:\/\/dhg1h5j42swfq.cloudfront.net\/2016\/09\/21011238\/TRT20.png 500w\" sizes=\"auto, (max-width: 932px) 100vw, 932px\" \/><\/span><\/p>\n<p style=\"text-align: justify;\"><span style=\"color: #000000;\">J\u00e1 as provas para os cargos de T\u00e9cnico ter\u00e3o a seguinte composi\u00e7\u00e3o:<\/span><\/p>\n<p style=\"text-align: justify;\"><span style=\"color: #000000;\"><img loading=\"lazy\" decoding=\"async\" class=\"aligncenter size-full wp-image-50108\" src=\"https:\/\/dhg1h5j42swfq.cloudfront.net\/2016\/09\/21011409\/trt201.png\" alt=\"concurso TRT 20 t\u00e9cnico\" width=\"929\" height=\"231\" srcset=\"https:\/\/dhg1h5j42swfq.cloudfront.net\/2016\/09\/21011409\/trt201.png 929w, https:\/\/dhg1h5j42swfq.cloudfront.net\/2016\/09\/21011409\/trt201.png 300w, https:\/\/dhg1h5j42swfq.cloudfront.net\/2016\/09\/21011409\/trt201.png 768w, https:\/\/dhg1h5j42swfq.cloudfront.net\/2016\/09\/21011409\/trt201.png 500w\" sizes=\"auto, (max-width: 929px) 100vw, 929px\" \/><\/span><\/p>\n<p style=\"text-align: justify;\"><span style=\"color: #000000;\">O \u00faltimo concurso TRT 20\u00aa Regi\u00e3o ocorreu em 2011 e teve mais de 22.000 candidatos.\u00a0A exemplo do edital de 2016, em 2011 havia poucas vagas e o preenchimento de cadastro de reserva. Entretanto, o volume de nomea\u00e7\u00f5es foi bem significativo. Para exemplificar, a candidata classificada na 81\u00aa posi\u00e7\u00e3o para T\u00e9cnico Judici\u00e1rio da \u00c1rea Administrativa (TJAA) foi nomeada, embora o edital previsse apenas 3 vagas para este cargo. No caso do Analista Judici\u00e1rio da \u00c1rea Judici\u00e1ria, embora o edital previsse apenas cadastro de reserva, a 26\u00aa colocada da classifica\u00e7\u00e3o geral foi nomeada.<\/span><\/p>\n<h2 style=\"text-align: justify;\">Como se preparar para o certame<\/h2>\n<p style=\"text-align: justify;\"><span style=\"color: #000000;\">O Estrat\u00e9gia Concursos j\u00e1 lan\u00e7ou <strong><span style=\"text-decoration: underline; color: #0000ff;\"><a style=\"color: #0000ff; text-decoration: underline;\" href=\"https:\/\/www.estrategiaconcursos.com.br\/cursosPorConcurso\/trt-20-regiao-sergipe\/\" target=\"_blank\">cursos para o concurso TRT 20<\/a><\/span><\/strong>.\u00a0Os cursos j\u00e1 est\u00e3o focados na banca FCC, e est\u00e3o agora passando pelos \u00faltimos ajustes para ficarem totalmente focados no novo edital. Os alunos matriculados receber\u00e3o gratuitamente os cursos atualizados.\u00a0<\/span><\/p>\n<p style=\"text-align: justify;\"><a href=\"https:\/\/www.estrategiaconcursos.com.br\/aulao-trt20-sergipe-1\/\" target=\"_blank\"><img loading=\"lazy\" decoding=\"async\" class=\"aligncenter\" src=\"https:\/\/d3eaq9o21rgr1g.cloudfront.net\/imagem\/banner\/255-v1.png\" width=\"970\" height=\"220\" \/><\/a><\/p>\n<p style=\"text-align: justify;\"><span style=\"color: #000000;\">Nesta quarta-feira, 21 de Setembro, \u00e0s 18 horas, o Estrat\u00e9gia realizar\u00e1 uma aula gratuita na qual os professores far\u00e3o uma an\u00e1lise detalhada do edital TRT 20 tratando, entre outros aspectos, de t\u00e9cnicas de planejamento e estudo focadas nesta reta final de prepara\u00e7\u00e3o. Para participar ao vivo, basta realizar a inscri\u00e7\u00e3o no\u00a0<strong><span style=\"color: #0000ff;\"><a style=\"color: #0000ff;\" href=\"https:\/\/www.estrategiaconcursos.com.br\/aulao-trt20-sergipe-1\/\" target=\"_blank\">site do Estrat\u00e9gia<\/a><\/span><\/strong>.<\/span><\/p>\n<p style=\"text-align: justify;\"><span style=\"color: #000000;\">Confira o\u00a0<span style=\"color: #0000ff;\"><strong><a style=\"color: #0000ff;\" href=\"http:\/\/pesquisa.in.gov.br\/imprensa\/jsp\/visualiza\/index.jsp?data=21\/09\/2016&amp;jornal=3&amp;pagina=142&amp;totalArquivos=204\" target=\"_blank\">EDITAL TRT 20<\/a><\/strong><\/span><\/span><\/p>\n<p style=\"text-align: justify;\"><span style=\"color: #000000;\">Assessoria de Comunica\u00e7\u00e3o<\/span><\/p>\n<p style=\"text-align: justify;\" align=\"left\"><span style=\"color: #000000;\">comunicacao@estrategiaconcursos.com.br\u00a0<\/span><\/p>\n","protected":false},"excerpt":{"rendered":"<p>CONCURSO TRT 20: PUBLICADO EDITAL PARA OS CARGOS DE ANALISTA E T\u00c9CNICO JUDICI\u00c1RIO.\u00a0 Foi publicado no Di\u00e1rio Oficial da Uni\u00e3o de hoje, 21 de Setembro, o edital do pr\u00f3ximo concurso do Tribunal Regional do Trabalho da 20\u00aa Regi\u00e3o (concurso TRT 20 &#8211; Sergipe). Como anunciado anteriormente, o certame\u00a0ser\u00e1 realizado pela Funda\u00e7\u00e3o Carlos Chagas (FCC). As [&hellip;]<\/p>\n","protected":false},"author":1,"featured_media":42230,"comment_status":"open","ping_status":"open","sticky":false,"template":"","format":"standard","meta":{"post_tipo":"news","footnotes":""},"categories":[1,1984],"tags":[2195],"tax_estado":[],"class_list":["post-50106","post","type-post","status-publish","format-standard","has-post-thumbnail","hentry","category-cursos-e-concursos","category-tribunais","tag-concurso-trt-20"],"acf":[],"yoast_head":"<!-- This site is optimized with the Yoast SEO Premium plugin v27.2 (Yoast SEO v27.2) - https:\/\/yoast.com\/product\/yoast-seo-premium-wordpress\/ -->\n<title>Concurso TRT 20 (SE): publicado hoje o edital 2016<\/title>\n<meta name=\"description\" content=\"Confira as informa\u00e7\u00f5es atualizadas sobre o concurso TRT 20, do Sergipe, para os cargos de Analista e T\u00e9cnico Judici\u00e1rio. O edital foi publicado hoje.\" \/>\n<meta name=\"robots\" content=\"index, follow, max-snippet:-1, max-image-preview:large, max-video-preview:-1\" \/>\n<link rel=\"canonical\" href=\"https:\/\/www.estrategiaconcursos.com.br\/blog\/concurso-trt-20-se\/\" \/>\n<meta property=\"og:locale\" content=\"pt_BR\" \/>\n<meta property=\"og:type\" content=\"article\" \/>\n<meta property=\"og:title\" content=\"Concurso TRT 20 (SE): publicado hoje o edital 2016\" \/>\n<meta property=\"og:description\" content=\"Confira as informa\u00e7\u00f5es atualizadas sobre o concurso TRT 20, do Sergipe, para os cargos de Analista e T\u00e9cnico Judici\u00e1rio. O edital foi publicado hoje.\" \/>\n<meta property=\"og:url\" content=\"https:\/\/www.estrategiaconcursos.com.br\/blog\/concurso-trt-20-se\/\" \/>\n<meta property=\"og:site_name\" content=\"Estrat\u00e9gia Concursos\" \/>\n<meta property=\"article:author\" content=\"https:\/\/www.facebook.com\/EstrategiaConcursos\" \/>\n<meta property=\"article:published_time\" content=\"2016-09-21T18:00:34+00:00\" \/>\n<meta property=\"article:modified_time\" content=\"2016-09-21T18:05:32+00:00\" \/>\n<meta property=\"og:image\" content=\"https:\/\/dhg1h5j42swfq.cloudfront.net\/2016\/06\/26231042\/TRT-20.jpg\" \/>\n\t<meta property=\"og:image:width\" content=\"1050\" \/>\n\t<meta property=\"og:image:height\" content=\"525\" \/>\n\t<meta property=\"og:image:type\" content=\"image\/jpeg\" \/>\n<meta name=\"author\" content=\"Coordena\u00e7\u00e3o\" \/>\n<meta name=\"twitter:card\" content=\"summary_large_image\" \/>\n<meta name=\"twitter:creator\" content=\"@EstratConcursos\" \/>\n<meta name=\"twitter:site\" content=\"@EstratConcursos\" \/>\n<meta name=\"twitter:label1\" content=\"Escrito por\" \/>\n\t<meta name=\"twitter:data1\" content=\"Coordena\u00e7\u00e3o\" \/>\n\t<meta name=\"twitter:label2\" content=\"Est. tempo de leitura\" \/>\n\t<meta name=\"twitter:data2\" content=\"2 minutos\" \/>\n<script type=\"application\/ld+json\" class=\"yoast-schema-graph\">{\"@context\":\"https:\/\/schema.org\",\"@graph\":[{\"@type\":\"NewsArticle\",\"@id\":\"https:\/\/www.estrategiaconcursos.com.br\/blog\/concurso-trt-20-se\/#article\",\"isPartOf\":{\"@id\":\"https:\/\/www.estrategiaconcursos.com.br\/blog\/concurso-trt-20-se\/\"},\"author\":{\"name\":\"Coordena\u00e7\u00e3o\",\"@id\":\"https:\/\/www.estrategiaconcursos.com.br\/blog\/#\/schema\/person\/b4a388c97673c5f483d72185668afa1f\"},\"headline\":\"Concurso TRT 20 (SE): publicado hoje o edital 2016\",\"datePublished\":\"2016-09-21T18:00:34+00:00\",\"dateModified\":\"2016-09-21T18:05:32+00:00\",\"mainEntityOfPage\":{\"@id\":\"https:\/\/www.estrategiaconcursos.com.br\/blog\/concurso-trt-20-se\/\"},\"wordCount\":469,\"commentCount\":0,\"publisher\":{\"@id\":\"https:\/\/www.estrategiaconcursos.com.br\/blog\/#organization\"},\"image\":{\"@id\":\"https:\/\/www.estrategiaconcursos.com.br\/blog\/concurso-trt-20-se\/#primaryimage\"},\"thumbnailUrl\":\"https:\/\/dhg1h5j42swfq.cloudfront.net\/2016\/06\/26231042\/TRT-20.jpg\",\"keywords\":[\"CONCURSO TRT 20\"],\"articleSection\":[\"Concursos P\u00fablicos\",\"Tribunais\"],\"inLanguage\":\"pt-BR\",\"potentialAction\":[{\"@type\":\"CommentAction\",\"name\":\"Comment\",\"target\":[\"https:\/\/www.estrategiaconcursos.com.br\/blog\/concurso-trt-20-se\/#respond\"]}],\"copyrightYear\":\"2016\",\"copyrightHolder\":{\"@id\":\"https:\/\/www.estrategiaconcursos.com.br\/blog\/#organization\"}},{\"@type\":\"WebPage\",\"@id\":\"https:\/\/www.estrategiaconcursos.com.br\/blog\/concurso-trt-20-se\/\",\"url\":\"https:\/\/www.estrategiaconcursos.com.br\/blog\/concurso-trt-20-se\/\",\"name\":\"Concurso TRT 20 (SE): publicado hoje o edital 2016\",\"isPartOf\":{\"@id\":\"https:\/\/www.estrategiaconcursos.com.br\/blog\/#website\"},\"primaryImageOfPage\":{\"@id\":\"https:\/\/www.estrategiaconcursos.com.br\/blog\/concurso-trt-20-se\/#primaryimage\"},\"image\":{\"@id\":\"https:\/\/www.estrategiaconcursos.com.br\/blog\/concurso-trt-20-se\/#primaryimage\"},\"thumbnailUrl\":\"https:\/\/dhg1h5j42swfq.cloudfront.net\/2016\/06\/26231042\/TRT-20.jpg\",\"datePublished\":\"2016-09-21T18:00:34+00:00\",\"dateModified\":\"2016-09-21T18:05:32+00:00\",\"description\":\"Confira as informa\u00e7\u00f5es atualizadas sobre o concurso TRT 20, do Sergipe, para os cargos de Analista e T\u00e9cnico Judici\u00e1rio. O edital foi publicado hoje.\",\"breadcrumb\":{\"@id\":\"https:\/\/www.estrategiaconcursos.com.br\/blog\/concurso-trt-20-se\/#breadcrumb\"},\"inLanguage\":\"pt-BR\",\"potentialAction\":[{\"@type\":\"ReadAction\",\"target\":[\"https:\/\/www.estrategiaconcursos.com.br\/blog\/concurso-trt-20-se\/\"]}]},{\"@type\":\"ImageObject\",\"inLanguage\":\"pt-BR\",\"@id\":\"https:\/\/www.estrategiaconcursos.com.br\/blog\/concurso-trt-20-se\/#primaryimage\",\"url\":\"https:\/\/dhg1h5j42swfq.cloudfront.net\/2016\/06\/26231042\/TRT-20.jpg\",\"contentUrl\":\"https:\/\/dhg1h5j42swfq.cloudfront.net\/2016\/06\/26231042\/TRT-20.jpg\",\"width\":1050,\"height\":525},{\"@type\":\"BreadcrumbList\",\"@id\":\"https:\/\/www.estrategiaconcursos.com.br\/blog\/concurso-trt-20-se\/#breadcrumb\",\"itemListElement\":[{\"@type\":\"ListItem\",\"position\":1,\"name\":\"In\u00edcio\",\"item\":\"https:\/\/www.estrategiaconcursos.com.br\/blog\/\"},{\"@type\":\"ListItem\",\"position\":2,\"name\":\"Concurso TRT 20 (SE): publicado hoje o edital 2016\"}]},{\"@type\":\"WebSite\",\"@id\":\"https:\/\/www.estrategiaconcursos.com.br\/blog\/#website\",\"url\":\"https:\/\/www.estrategiaconcursos.com.br\/blog\/\",\"name\":\"Estrat\u00e9gia Concursos\",\"description\":\"O blog da Estrat\u00e9gia Concursos traz not\u00edcias sobre concursos e artigos de professores oferecendo cursos para concursos (pdf + videaulas) no site.\",\"publisher\":{\"@id\":\"https:\/\/www.estrategiaconcursos.com.br\/blog\/#organization\"},\"potentialAction\":[{\"@type\":\"SearchAction\",\"target\":{\"@type\":\"EntryPoint\",\"urlTemplate\":\"https:\/\/www.estrategiaconcursos.com.br\/blog\/?s={search_term_string}\"},\"query-input\":{\"@type\":\"PropertyValueSpecification\",\"valueRequired\":true,\"valueName\":\"search_term_string\"}}],\"inLanguage\":\"pt-BR\"},{\"@type\":\"Organization\",\"@id\":\"https:\/\/www.estrategiaconcursos.com.br\/blog\/#organization\",\"name\":\"Estrat\u00e9gia Concursos\",\"url\":\"https:\/\/www.estrategiaconcursos.com.br\/blog\/\",\"logo\":{\"@type\":\"ImageObject\",\"inLanguage\":\"pt-BR\",\"@id\":\"https:\/\/www.estrategiaconcursos.com.br\/blog\/#\/schema\/logo\/image\/\",\"url\":\"https:\/\/dhg1h5j42swfq.cloudfront.net\/2025\/06\/03203428\/logo_concursos-1.jpg\",\"contentUrl\":\"https:\/\/dhg1h5j42swfq.cloudfront.net\/2025\/06\/03203428\/logo_concursos-1.jpg\",\"width\":230,\"height\":60,\"caption\":\"Estrat\u00e9gia Concursos\"},\"image\":{\"@id\":\"https:\/\/www.estrategiaconcursos.com.br\/blog\/#\/schema\/logo\/image\/\"},\"sameAs\":[\"https:\/\/x.com\/EstratConcursos\"]},{\"@type\":\"Person\",\"@id\":\"https:\/\/www.estrategiaconcursos.com.br\/blog\/#\/schema\/person\/b4a388c97673c5f483d72185668afa1f\",\"name\":\"Coordena\u00e7\u00e3o\",\"image\":{\"@type\":\"ImageObject\",\"inLanguage\":\"pt-BR\",\"@id\":\"https:\/\/secure.gravatar.com\/avatar\/b720319e4c9a967eb58678d110f4fe35452fc5d5f97b202bac7b8acceb18c6ad?s=96&d=mm&r=g\",\"url\":\"https:\/\/secure.gravatar.com\/avatar\/b720319e4c9a967eb58678d110f4fe35452fc5d5f97b202bac7b8acceb18c6ad?s=96&d=mm&r=g\",\"contentUrl\":\"https:\/\/secure.gravatar.com\/avatar\/b720319e4c9a967eb58678d110f4fe35452fc5d5f97b202bac7b8acceb18c6ad?s=96&d=mm&r=g\",\"caption\":\"Coordena\u00e7\u00e3o\"},\"sameAs\":[\"https:\/\/www.facebook.com\/EstrategiaConcursos\",\"https:\/\/x.com\/EstratConcursos\"],\"url\":\"https:\/\/www.estrategiaconcursos.com.br\/blog\/author\/estrategia2013\/\"}]}<\/script>\n<!-- \/ Yoast SEO Premium plugin. -->","yoast_head_json":{"title":"Concurso TRT 20 (SE): publicado hoje o edital 2016","description":"Confira as informa\u00e7\u00f5es atualizadas sobre o concurso TRT 20, do Sergipe, para os cargos de Analista e T\u00e9cnico Judici\u00e1rio. O edital foi publicado hoje.","robots":{"index":"index","follow":"follow","max-snippet":"max-snippet:-1","max-image-preview":"max-image-preview:large","max-video-preview":"max-video-preview:-1"},"canonical":"https:\/\/www.estrategiaconcursos.com.br\/blog\/concurso-trt-20-se\/","og_locale":"pt_BR","og_type":"article","og_title":"Concurso TRT 20 (SE): publicado hoje o edital 2016","og_description":"Confira as informa\u00e7\u00f5es atualizadas sobre o concurso TRT 20, do Sergipe, para os cargos de Analista e T\u00e9cnico Judici\u00e1rio. O edital foi publicado hoje.","og_url":"https:\/\/www.estrategiaconcursos.com.br\/blog\/concurso-trt-20-se\/","og_site_name":"Estrat\u00e9gia Concursos","article_author":"https:\/\/www.facebook.com\/EstrategiaConcursos","article_published_time":"2016-09-21T18:00:34+00:00","article_modified_time":"2016-09-21T18:05:32+00:00","og_image":[{"width":1050,"height":525,"url":"https:\/\/dhg1h5j42swfq.cloudfront.net\/2016\/06\/26231042\/TRT-20.jpg","type":"image\/jpeg"}],"author":"Coordena\u00e7\u00e3o","twitter_card":"summary_large_image","twitter_creator":"@EstratConcursos","twitter_site":"@EstratConcursos","twitter_misc":{"Escrito por":"Coordena\u00e7\u00e3o","Est. tempo de leitura":"2 minutos"},"schema":{"@context":"https:\/\/schema.org","@graph":[{"@type":"NewsArticle","@id":"https:\/\/www.estrategiaconcursos.com.br\/blog\/concurso-trt-20-se\/#article","isPartOf":{"@id":"https:\/\/www.estrategiaconcursos.com.br\/blog\/concurso-trt-20-se\/"},"author":{"name":"Coordena\u00e7\u00e3o","@id":"https:\/\/www.estrategiaconcursos.com.br\/blog\/#\/schema\/person\/b4a388c97673c5f483d72185668afa1f"},"headline":"Concurso TRT 20 (SE): publicado hoje o edital 2016","datePublished":"2016-09-21T18:00:34+00:00","dateModified":"2016-09-21T18:05:32+00:00","mainEntityOfPage":{"@id":"https:\/\/www.estrategiaconcursos.com.br\/blog\/concurso-trt-20-se\/"},"wordCount":469,"commentCount":0,"publisher":{"@id":"https:\/\/www.estrategiaconcursos.com.br\/blog\/#organization"},"image":{"@id":"https:\/\/www.estrategiaconcursos.com.br\/blog\/concurso-trt-20-se\/#primaryimage"},"thumbnailUrl":"https:\/\/dhg1h5j42swfq.cloudfront.net\/2016\/06\/26231042\/TRT-20.jpg","keywords":["CONCURSO TRT 20"],"articleSection":["Concursos P\u00fablicos","Tribunais"],"inLanguage":"pt-BR","potentialAction":[{"@type":"CommentAction","name":"Comment","target":["https:\/\/www.estrategiaconcursos.com.br\/blog\/concurso-trt-20-se\/#respond"]}],"copyrightYear":"2016","copyrightHolder":{"@id":"https:\/\/www.estrategiaconcursos.com.br\/blog\/#organization"}},{"@type":"WebPage","@id":"https:\/\/www.estrategiaconcursos.com.br\/blog\/concurso-trt-20-se\/","url":"https:\/\/www.estrategiaconcursos.com.br\/blog\/concurso-trt-20-se\/","name":"Concurso TRT 20 (SE): publicado hoje o edital 2016","isPartOf":{"@id":"https:\/\/www.estrategiaconcursos.com.br\/blog\/#website"},"primaryImageOfPage":{"@id":"https:\/\/www.estrategiaconcursos.com.br\/blog\/concurso-trt-20-se\/#primaryimage"},"image":{"@id":"https:\/\/www.estrategiaconcursos.com.br\/blog\/concurso-trt-20-se\/#primaryimage"},"thumbnailUrl":"https:\/\/dhg1h5j42swfq.cloudfront.net\/2016\/06\/26231042\/TRT-20.jpg","datePublished":"2016-09-21T18:00:34+00:00","dateModified":"2016-09-21T18:05:32+00:00","description":"Confira as informa\u00e7\u00f5es atualizadas sobre o concurso TRT 20, do Sergipe, para os cargos de Analista e T\u00e9cnico Judici\u00e1rio. O edital foi publicado hoje.","breadcrumb":{"@id":"https:\/\/www.estrategiaconcursos.com.br\/blog\/concurso-trt-20-se\/#breadcrumb"},"inLanguage":"pt-BR","potentialAction":[{"@type":"ReadAction","target":["https:\/\/www.estrategiaconcursos.com.br\/blog\/concurso-trt-20-se\/"]}]},{"@type":"ImageObject","inLanguage":"pt-BR","@id":"https:\/\/www.estrategiaconcursos.com.br\/blog\/concurso-trt-20-se\/#primaryimage","url":"https:\/\/dhg1h5j42swfq.cloudfront.net\/2016\/06\/26231042\/TRT-20.jpg","contentUrl":"https:\/\/dhg1h5j42swfq.cloudfront.net\/2016\/06\/26231042\/TRT-20.jpg","width":1050,"height":525},{"@type":"BreadcrumbList","@id":"https:\/\/www.estrategiaconcursos.com.br\/blog\/concurso-trt-20-se\/#breadcrumb","itemListElement":[{"@type":"ListItem","position":1,"name":"In\u00edcio","item":"https:\/\/www.estrategiaconcursos.com.br\/blog\/"},{"@type":"ListItem","position":2,"name":"Concurso TRT 20 (SE): publicado hoje o edital 2016"}]},{"@type":"WebSite","@id":"https:\/\/www.estrategiaconcursos.com.br\/blog\/#website","url":"https:\/\/www.estrategiaconcursos.com.br\/blog\/","name":"Estrat\u00e9gia Concursos","description":"O blog da Estrat\u00e9gia Concursos traz not\u00edcias sobre concursos e artigos de professores oferecendo cursos para concursos (pdf + videaulas) no site.","publisher":{"@id":"https:\/\/www.estrategiaconcursos.com.br\/blog\/#organization"},"potentialAction":[{"@type":"SearchAction","target":{"@type":"EntryPoint","urlTemplate":"https:\/\/www.estrategiaconcursos.com.br\/blog\/?s={search_term_string}"},"query-input":{"@type":"PropertyValueSpecification","valueRequired":true,"valueName":"search_term_string"}}],"inLanguage":"pt-BR"},{"@type":"Organization","@id":"https:\/\/www.estrategiaconcursos.com.br\/blog\/#organization","name":"Estrat\u00e9gia Concursos","url":"https:\/\/www.estrategiaconcursos.com.br\/blog\/","logo":{"@type":"ImageObject","inLanguage":"pt-BR","@id":"https:\/\/www.estrategiaconcursos.com.br\/blog\/#\/schema\/logo\/image\/","url":"https:\/\/dhg1h5j42swfq.cloudfront.net\/2025\/06\/03203428\/logo_concursos-1.jpg","contentUrl":"https:\/\/dhg1h5j42swfq.cloudfront.net\/2025\/06\/03203428\/logo_concursos-1.jpg","width":230,"height":60,"caption":"Estrat\u00e9gia Concursos"},"image":{"@id":"https:\/\/www.estrategiaconcursos.com.br\/blog\/#\/schema\/logo\/image\/"},"sameAs":["https:\/\/x.com\/EstratConcursos"]},{"@type":"Person","@id":"https:\/\/www.estrategiaconcursos.com.br\/blog\/#\/schema\/person\/b4a388c97673c5f483d72185668afa1f","name":"Coordena\u00e7\u00e3o","image":{"@type":"ImageObject","inLanguage":"pt-BR","@id":"https:\/\/secure.gravatar.com\/avatar\/b720319e4c9a967eb58678d110f4fe35452fc5d5f97b202bac7b8acceb18c6ad?s=96&d=mm&r=g","url":"https:\/\/secure.gravatar.com\/avatar\/b720319e4c9a967eb58678d110f4fe35452fc5d5f97b202bac7b8acceb18c6ad?s=96&d=mm&r=g","contentUrl":"https:\/\/secure.gravatar.com\/avatar\/b720319e4c9a967eb58678d110f4fe35452fc5d5f97b202bac7b8acceb18c6ad?s=96&d=mm&r=g","caption":"Coordena\u00e7\u00e3o"},"sameAs":["https:\/\/www.facebook.com\/EstrategiaConcursos","https:\/\/x.com\/EstratConcursos"],"url":"https:\/\/www.estrategiaconcursos.com.br\/blog\/author\/estrategia2013\/"}]}},"_links":{"self":[{"href":"https:\/\/www.estrategiaconcursos.com.br\/blog\/wp-json\/wp\/v2\/posts\/50106","targetHints":{"allow":["GET"]}}],"collection":[{"href":"https:\/\/www.estrategiaconcursos.com.br\/blog\/wp-json\/wp\/v2\/posts"}],"about":[{"href":"https:\/\/www.estrategiaconcursos.com.br\/blog\/wp-json\/wp\/v2\/types\/post"}],"author":[{"embeddable":true,"href":"https:\/\/www.estrategiaconcursos.com.br\/blog\/wp-json\/wp\/v2\/users\/1"}],"replies":[{"embeddable":true,"href":"https:\/\/www.estrategiaconcursos.com.br\/blog\/wp-json\/wp\/v2\/comments?post=50106"}],"version-history":[{"count":9,"href":"https:\/\/www.estrategiaconcursos.com.br\/blog\/wp-json\/wp\/v2\/posts\/50106\/revisions"}],"predecessor-version":[{"id":50175,"href":"https:\/\/www.estrategiaconcursos.com.br\/blog\/wp-json\/wp\/v2\/posts\/50106\/revisions\/50175"}],"wp:featuredmedia":[{"embeddable":true,"href":"https:\/\/www.estrategiaconcursos.com.br\/blog\/wp-json\/wp\/v2\/media\/42230"}],"wp:attachment":[{"href":"https:\/\/www.estrategiaconcursos.com.br\/blog\/wp-json\/wp\/v2\/media?parent=50106"}],"wp:term":[{"taxonomy":"category","embeddable":true,"href":"https:\/\/www.estrategiaconcursos.com.br\/blog\/wp-json\/wp\/v2\/categories?post=50106"},{"taxonomy":"post_tag","embeddable":true,"href":"https:\/\/www.estrategiaconcursos.com.br\/blog\/wp-json\/wp\/v2\/tags?post=50106"},{"taxonomy":"tax_estado","embeddable":true,"href":"https:\/\/www.estrategiaconcursos.com.br\/blog\/wp-json\/wp\/v2\/tax_estado?post=50106"}],"curies":[{"name":"wp","href":"https:\/\/api.w.org\/{rel}","templated":true}]}}