{"id":500935,"date":"2021-08-16T00:00:00","date_gmt":"2021-08-16T03:00:00","guid":{"rendered":"https:\/\/www.estrategiaconcursos.com.br\/blog\/?p=500935"},"modified":"2021-08-23T11:05:22","modified_gmt":"2021-08-23T14:05:22","slug":"edital-crn-8-pr","status":"publish","type":"post","link":"https:\/\/www.estrategiaconcursos.com.br\/blog\/edital-crn-8-pr\/","title":{"rendered":"Edital CRN 8 PR: confira o resultado final da sele\u00e7\u00e3o!"},"content":{"rendered":"\n<p>O\u00a0<strong>Conselho Regional de Nutricionistas 8\u00aa Regi\u00e3o e o Quadrix divulgaram o resultado final do certame<\/strong>. <a href=\"https:\/\/dhg1h5j42swfq.cloudfront.net\/2021\/08\/23110344\/1_crn-8_concurso_publico_2021_resultado_final.pdf\" target=\"_blank\" rel=\"noreferrer noopener\">Confira aqui<\/a>! O certame oferta 15 vagas em cadastro de reserva para o cargo de T\u00e9cnico em Nutri\u00e7\u00e3o e Diet\u00e9tica.<\/p>\n\n\n\n<ul id=\"block-ee678516-e9d1-48bd-b327-7b9acd55f0fd\" class=\"has-electric-grass-gradient-background has-background wp-block-list\"><li><strong>Concurso CRN 8 PR<\/strong><\/li><li><strong>Status:<\/strong> gabarito preliminar da objetiva<\/li><li><strong>Vagas:&nbsp;<\/strong>15<\/li><li><strong>Sal\u00e1rio inicial:<\/strong>&nbsp;R$ 1.882,55<\/li><\/ul>\n\n\n\n<h2 class=\"wp-block-heading\">Principais datas do edital CRN 8 PR<\/h2>\n\n\n\n<p class=\"has-very-light-gray-background-color has-background\"><em><strong>Inscri\u00e7\u00e3o:<s>11 de maio a 13 de julho de 2020<\/s><br \/>Taxa: R$ 70,00<br \/>Prova:<s> 18\/07\/2021<\/s><\/strong><\/em><\/p>\n\n\n\n<h2 class=\"wp-block-heading\">Cargos, vagas e Remunera\u00e7\u00e3o do edital CRN 8 PR<\/h2>\n\n\n\n<figure class=\"wp-block-table is-style-stripes\"><table class=\"has-subtle-pale-pink-background-color has-background\"><tbody><tr><td class=\"has-text-align-center\" data-align=\"center\">CARGOS<\/td><td class=\"has-text-align-center\" data-align=\"center\">VAGAS<\/td><td class=\"has-text-align-center\" data-align=\"center\">ESCOLARIDADE<\/td><td class=\"has-text-align-center\" data-align=\"center\">REMUNERA\u00c7\u00c3O<\/td><\/tr><tr><td class=\"has-text-align-center\" data-align=\"center\">Assistente T\u00e9cnico em Nutri\u00e7\u00e3o e<br \/>Diet\u00e9tica J\u00fanior<\/td><td class=\"has-text-align-center\" data-align=\"center\">15 CR<\/td><td class=\"has-text-align-center\" data-align=\"center\">N\u00edvel M\u00e9dio\/T\u00e9cnico <\/td><td class=\"has-text-align-center\" data-align=\"center\">R$ 1.882,55<\/td><\/tr><\/tbody><\/table><\/figure>\n\n\n\n<ul class=\"wp-block-list\"><li>vale-refei\u00e7\u00e3o no valor de R$32, pagos 22 dias no m\u00eas, com desconto de 1% a t\u00edtulo do programa de alimenta\u00e7\u00e3o do trabalhador (PAT).<\/li><li>adicional por tempo de servi\u00e7o, pagamento do valor equivalente a 1% a partir de cada ano de contrata\u00e7\u00e3o sobre o sal\u00e1rio base do cargo, limitado ao m\u00e1ximo de 20% para qualquer contrato;<\/li><li>plano de assist\u00eancia m\u00e9dica;<\/li><li>plano de assist\u00eancia odontol\u00f3gica, sendo reembolsado o valor de R$17,35; e<\/li><li>aux\u00edlio creche para filhos de cinco a 11 anos, no valor de R$200 por m\u00eas e por filho.<\/li><li>aux\u00edlio-transporte.<\/li><\/ul>\n\n\n\n<h2 class=\"wp-block-heading\">Etapas de provas do concurso CRN 8 PR<\/h2>\n\n\n\n<p>A prova objetiva do concurso CRN 8 PR est\u00e1 marcada para o dia 13 de setembro de 2020. O exame ser\u00e1 composto de 40 (quarenta) quest\u00f5es de m\u00faltipla escolha, com 5 (cinco) alternativas para escolha de uma<br \/>\u00fanica resposta; com pontua\u00e7\u00e3o total m\u00e1xima de 100,00 pontos; e ter\u00e1 car\u00e1ter eliminat\u00f3rio e classificat\u00f3rio.<\/p>\n\n\n\n<p>Ser\u00e1 aprovado na prova objetiva o candidato que, cumulativamente:<\/p>\n\n\n\n<ul class=\"wp-block-list\"><li>a) obtiver nota igual ou superior a 20,00 pontos em Conhecimentos B\u00e1sicos; e<\/li><li>b) obtiver nota igual ou superior a 30,00 pontos em Conhecimentos Espec\u00edficos.<\/li><\/ul>\n\n\n\n<p class=\"has-very-light-gray-background-color has-background\"><strong>Conhecimentos B\u00e1sicos &#8211; 20 quest\u00f5es<br \/>Conhecimentos Espec\u00edficos &#8211; 20 quest\u00f5es<\/strong><\/p>\n\n\n\n<h2 class=\"has-text-align-center wp-block-heading\" id=\"cursos-assinatura\">Quer estudar para Concurso CRN 8?<\/h2>\n\n\n\n<p>Gostou desta oportunidade e deseja come\u00e7ar se preparar agora mesmo? Ent\u00e3o, confira os nossos cursos e comece a estudar para CRN 8:<\/p>\n\n\n\n<div class=\"col-sm\">\n      <div class=\"banner-estrategia\" id=\"box-assinatura\">\n        <h3 class=\"titulo-assinatura\">Cursos para CRN 8 PR<\/h3>\n        <p class=\"subtitulo-assinatura\">Conhe\u00e7a os cursos<\/p>\n        <div class=\"box-botao\">\n          <a class=\"btn-assinatura\" target=\"_blank\" href=\"https:\/\/www.estrategiaconcursos.com.br\/cursos\/concurso\/\" role=\"button\" rel=\"noopener noreferrer\">Conhe\u00e7a mais<\/a>\n        <\/div>\n      <\/div>\n      <p class=\"texto-auxiliar\">Prepare-se com o melhor material e com quem mais aprova em Concursos P\u00fablicos em todo o pa\u00eds.<\/p>\n    <\/div>\n\n\n\n<div class=\"container\" id=\"boxes\">\n  <div class=\"row\">\n\n    <div class=\"col-sm\">\n      <div class=\"estrategia\" id=\"box-assinatura\">\n        <h3 class=\"titulo-assinatura\">Assinatura Concursos<\/h3>\n        <p class=\"subtitulo-assinatura\">Assinatura de 1 ano ou 2 anos<\/p>\n        <div class=\"box-botao\">\n          <a class=\"btn-assinatura\" target=\"_blank\" href=\"https:\/\/www.estrategiaconcursos.com.br\/assinaturas\/\" role=\"button\" rel=\"noopener noreferrer\">ASSINE AGORA<\/a>\n        <\/div>\n      <\/div>\n     \n    <\/div><\/div><\/div>\n\n\n\n<div class=\"container\" id=\"boxes\">\n  <div class=\"row\">\n\n    <div class=\"col-sm\" id=\"boxes-concursos\">\n      <div style=\"background-color: #005DAD;\" class=\"conteudo-concursos\" id=\"box-concursos\">\n        <h3 class=\"titulo-assinatura\">Concursos Abertos<\/h3>\n        <p class=\"subtitulo-assinatura\">Os editais publicados<\/p>\n        <div class=\"box-botao\">\n          <a class=\"btn-assinatura\" target=\"_blank\" href=\"https:\/\/www.estrategiaconcursos.com.br\/blog\/concursos-abertos\/\" role=\"button\" rel=\"noopener noreferrer\">Conhe\u00e7a Agora<\/a>\n        <\/div>\n      <\/div>\n    <\/div>\n\n    <div class=\"col-sm\" id=\"boxes-concursos\">\n      <div style=\"background-color: #1A7ED5;\" class=\"conteudo-concursos\" id=\"box-concursos\">\n        <h3 class=\"titulo-assinatura\">Concursos 2021<\/h3>\n        <p class=\"subtitulo-assinatura\">As oportunidades previstas<\/p>\n        <div class=\"box-botao\">\n          <a class=\"btn-assinatura\" target=\"_blank\" href=\"https:\/\/www.estrategiaconcursos.com.br\/blog\/concursos-2021\/\" role=\"button\" rel=\"noopener noreferrer\">Conhe\u00e7a Agora<\/a>\n        <\/div>\n      <\/div>\n    <\/div>\n\n    <div class=\"col-sm\" id=\"boxes-concursos\">\n      <div style=\"background-color: #419FF0;\" class=\"conteudo-concursos\" id=\"box-concursos\">\n        <h3 class=\"titulo-assinatura\">Concursos 2022<\/h3>\n        <p class=\"subtitulo-assinatura\">Vagas para o pr\u00f3ximo ano<\/p>\n        <div class=\"box-botao\">\n          <a class=\"btn-assinatura\" target=\"_blank\" href=\"https:\/\/www.estrategiaconcursos.com.br\/blog\/concursos-2022\/\" role=\"button\" rel=\"noopener noreferrer\">Conhe\u00e7a Agora<\/a>\n        <\/div>\n      <\/div>\n    <\/div>\n\n  <\/div>\n<\/div>\n\n\n\n<figure class=\"wp-block-image size-large is-resized\"><img loading=\"lazy\" decoding=\"async\" src=\"https:\/\/dhg1h5j42swfq.cloudfront.net\/2021\/04\/05171352\/ficha-tecnica-33-1024x632.png\" alt=\"\" class=\"wp-image-707823\" width=\"140\" height=\"86\" srcset=\"https:\/\/dhg1h5j42swfq.cloudfront.net\/2021\/04\/05171352\/ficha-tecnica-33-1024x632.png 1024w, https:\/\/dhg1h5j42swfq.cloudfront.net\/2021\/04\/05171352\/ficha-tecnica-33-300x185.png 300w, https:\/\/dhg1h5j42swfq.cloudfront.net\/2021\/04\/05171352\/ficha-tecnica-33-768x474.png 768w, https:\/\/dhg1h5j42swfq.cloudfront.net\/2021\/04\/05171352\/ficha-tecnica-33-1536x948.png 1536w, https:\/\/dhg1h5j42swfq.cloudfront.net\/2021\/04\/05171352\/ficha-tecnica-33-610x377.png 610w, https:\/\/dhg1h5j42swfq.cloudfront.net\/2021\/04\/05171352\/ficha-tecnica-33.png 1571w\" sizes=\"auto, (max-width: 140px) 100vw, 140px\" \/><\/figure>\n\n\n\n<h4 class=\"wp-block-heading\" id=\"ficha-tecnica\"><strong>Informa\u00e7\u00f5es do Concurso CRN&nbsp;8 PR<\/strong><\/h4>\n\n\n\n<p>\u25ba<strong>Data:<\/strong>&nbsp;<s>18\/07\/2021<\/s><br \/>\u25ba<strong>Vagas:<\/strong>&nbsp;15 CR<br \/>\u25ba<strong>Cargo:<\/strong> T\u00e9cnico em Nutri\u00e7\u00e3o e Diet\u00e9tica <br \/>\u25ba<strong>Escolaridade:<\/strong>&nbsp;N\u00edvel m\u00e9dio\/t\u00e9cnico<br \/>\u25ba <strong>Edital:<\/strong> <a href=\"https:\/\/dhg1h5j42swfq.cloudfront.net\/2020\/04\/07105731\/edital-concurso-crn8-2020.pdf\" target=\"_blank\" rel=\"noreferrer noopener\">CRN 8 PR 2020<\/a><\/p>\n","protected":false},"excerpt":{"rendered":"<p>O\u00a0Conselho Regional de Nutricionistas 8\u00aa Regi\u00e3o e o Quadrix divulgaram o resultado final do certame. Confira aqui! O certame oferta 15 vagas em cadastro de reserva para o cargo de T\u00e9cnico em Nutri\u00e7\u00e3o e Diet\u00e9tica. Concurso CRN 8 PR Status: gabarito preliminar da objetiva Vagas:&nbsp;15 Sal\u00e1rio inicial:&nbsp;R$ 1.882,55 Principais datas do edital CRN 8 PR [&hellip;]<\/p>\n","protected":false},"author":260,"featured_media":541724,"comment_status":"open","ping_status":"closed","sticky":false,"template":"","format":"standard","meta":{"post_tipo":"news","footnotes":""},"categories":[214992],"tags":[],"tax_estado":[219981],"class_list":["post-500935","post","type-post","status-publish","format-standard","has-post-thumbnail","hentry","category-concursos-administrativos","tax_estado-pr"],"acf":[],"yoast_head":"<!-- This site is optimized with the Yoast SEO Premium plugin v27.2 (Yoast SEO v27.2) - https:\/\/yoast.com\/product\/yoast-seo-premium-wordpress\/ -->\n<title>Edital CRN 8 PR: confira o resultado final da sele\u00e7\u00e3o!<\/title>\n<meta name=\"description\" content=\"Edital CRN 8 PR: veja aqui o resultado final! S\u00e3o ofertadas 15 vagas em CR para o cargo de T\u00e9cnico em Nutri\u00e7\u00e3o e Diet\u00e9tica.\" \/>\n<meta name=\"robots\" content=\"index, follow, max-snippet:-1, max-image-preview:large, max-video-preview:-1\" \/>\n<link rel=\"canonical\" href=\"https:\/\/www.estrategiaconcursos.com.br\/blog\/edital-crn-8-pr\/\" \/>\n<meta property=\"og:locale\" content=\"pt_BR\" \/>\n<meta property=\"og:type\" content=\"article\" \/>\n<meta property=\"og:title\" content=\"Edital CRN 8 PR: confira o resultado final da sele\u00e7\u00e3o!\" \/>\n<meta property=\"og:description\" content=\"Edital CRN 8 PR: veja aqui o resultado final! S\u00e3o ofertadas 15 vagas em CR para o cargo de T\u00e9cnico em Nutri\u00e7\u00e3o e Diet\u00e9tica.\" \/>\n<meta property=\"og:url\" content=\"https:\/\/www.estrategiaconcursos.com.br\/blog\/edital-crn-8-pr\/\" \/>\n<meta property=\"og:site_name\" content=\"Estrat\u00e9gia Concursos\" \/>\n<meta property=\"article:published_time\" content=\"2021-08-16T03:00:00+00:00\" \/>\n<meta property=\"article:modified_time\" content=\"2021-08-23T14:05:22+00:00\" \/>\n<meta property=\"og:image\" content=\"https:\/\/dhg1h5j42swfq.cloudfront.net\/2020\/04\/14083551\/JORNALISMO_CRN_8_-_PR.jpg\" \/>\n\t<meta property=\"og:image:width\" content=\"1200\" \/>\n\t<meta property=\"og:image:height\" content=\"628\" \/>\n\t<meta property=\"og:image:type\" content=\"image\/jpeg\" \/>\n<meta name=\"author\" content=\"Diego Cerqueira Berbert Vasconcelos\" \/>\n<meta name=\"twitter:card\" content=\"summary_large_image\" \/>\n<meta name=\"twitter:creator\" content=\"@EstratConcursos\" \/>\n<meta name=\"twitter:site\" content=\"@EstratConcursos\" \/>\n<meta name=\"twitter:label1\" content=\"Escrito por\" \/>\n\t<meta name=\"twitter:data1\" content=\"Diego Cerqueira Berbert Vasconcelos\" \/>\n\t<meta name=\"twitter:label2\" content=\"Est. tempo de leitura\" \/>\n\t<meta name=\"twitter:data2\" content=\"2 minutos\" \/>\n<script type=\"application\/ld+json\" class=\"yoast-schema-graph\">{\"@context\":\"https:\/\/schema.org\",\"@graph\":[{\"@type\":\"NewsArticle\",\"@id\":\"https:\/\/www.estrategiaconcursos.com.br\/blog\/edital-crn-8-pr\/#article\",\"isPartOf\":{\"@id\":\"https:\/\/www.estrategiaconcursos.com.br\/blog\/edital-crn-8-pr\/\"},\"author\":{\"name\":\"Diego Cerqueira Berbert Vasconcelos\",\"@id\":\"https:\/\/www.estrategiaconcursos.com.br\/blog\/#\/schema\/person\/7fbf898fd336f5ce58a961518beff68c\"},\"headline\":\"Edital CRN 8 PR: confira o resultado final da sele\u00e7\u00e3o!\",\"datePublished\":\"2021-08-16T03:00:00+00:00\",\"dateModified\":\"2021-08-23T14:05:22+00:00\",\"mainEntityOfPage\":{\"@id\":\"https:\/\/www.estrategiaconcursos.com.br\/blog\/edital-crn-8-pr\/\"},\"wordCount\":440,\"commentCount\":0,\"publisher\":{\"@id\":\"https:\/\/www.estrategiaconcursos.com.br\/blog\/#organization\"},\"image\":{\"@id\":\"https:\/\/www.estrategiaconcursos.com.br\/blog\/edital-crn-8-pr\/#primaryimage\"},\"thumbnailUrl\":\"https:\/\/dhg1h5j42swfq.cloudfront.net\/2020\/04\/14083551\/JORNALISMO_CRN_8_-_PR.jpg\",\"articleSection\":[\"Executivo (Administrativa)\"],\"inLanguage\":\"pt-BR\",\"potentialAction\":[{\"@type\":\"CommentAction\",\"name\":\"Comment\",\"target\":[\"https:\/\/www.estrategiaconcursos.com.br\/blog\/edital-crn-8-pr\/#respond\"]}],\"copyrightYear\":\"2021\",\"copyrightHolder\":{\"@id\":\"https:\/\/www.estrategiaconcursos.com.br\/blog\/#organization\"}},{\"@type\":\"WebPage\",\"@id\":\"https:\/\/www.estrategiaconcursos.com.br\/blog\/edital-crn-8-pr\/\",\"url\":\"https:\/\/www.estrategiaconcursos.com.br\/blog\/edital-crn-8-pr\/\",\"name\":\"Edital CRN 8 PR: confira o resultado final da sele\u00e7\u00e3o!\",\"isPartOf\":{\"@id\":\"https:\/\/www.estrategiaconcursos.com.br\/blog\/#website\"},\"primaryImageOfPage\":{\"@id\":\"https:\/\/www.estrategiaconcursos.com.br\/blog\/edital-crn-8-pr\/#primaryimage\"},\"image\":{\"@id\":\"https:\/\/www.estrategiaconcursos.com.br\/blog\/edital-crn-8-pr\/#primaryimage\"},\"thumbnailUrl\":\"https:\/\/dhg1h5j42swfq.cloudfront.net\/2020\/04\/14083551\/JORNALISMO_CRN_8_-_PR.jpg\",\"datePublished\":\"2021-08-16T03:00:00+00:00\",\"dateModified\":\"2021-08-23T14:05:22+00:00\",\"description\":\"Edital CRN 8 PR: veja aqui o resultado final! S\u00e3o ofertadas 15 vagas em CR para o cargo de T\u00e9cnico em Nutri\u00e7\u00e3o e Diet\u00e9tica.\",\"breadcrumb\":{\"@id\":\"https:\/\/www.estrategiaconcursos.com.br\/blog\/edital-crn-8-pr\/#breadcrumb\"},\"inLanguage\":\"pt-BR\",\"potentialAction\":[{\"@type\":\"ReadAction\",\"target\":[\"https:\/\/www.estrategiaconcursos.com.br\/blog\/edital-crn-8-pr\/\"]}]},{\"@type\":\"ImageObject\",\"inLanguage\":\"pt-BR\",\"@id\":\"https:\/\/www.estrategiaconcursos.com.br\/blog\/edital-crn-8-pr\/#primaryimage\",\"url\":\"https:\/\/dhg1h5j42swfq.cloudfront.net\/2020\/04\/14083551\/JORNALISMO_CRN_8_-_PR.jpg\",\"contentUrl\":\"https:\/\/dhg1h5j42swfq.cloudfront.net\/2020\/04\/14083551\/JORNALISMO_CRN_8_-_PR.jpg\",\"width\":1200,\"height\":628,\"caption\":\"edital crn 8 pr\"},{\"@type\":\"BreadcrumbList\",\"@id\":\"https:\/\/www.estrategiaconcursos.com.br\/blog\/edital-crn-8-pr\/#breadcrumb\",\"itemListElement\":[{\"@type\":\"ListItem\",\"position\":1,\"name\":\"In\u00edcio\",\"item\":\"https:\/\/www.estrategiaconcursos.com.br\/blog\/\"},{\"@type\":\"ListItem\",\"position\":2,\"name\":\"Edital CRN 8 PR: confira o resultado final da sele\u00e7\u00e3o!\"}]},{\"@type\":\"WebSite\",\"@id\":\"https:\/\/www.estrategiaconcursos.com.br\/blog\/#website\",\"url\":\"https:\/\/www.estrategiaconcursos.com.br\/blog\/\",\"name\":\"Estrat\u00e9gia Concursos\",\"description\":\"O blog da Estrat\u00e9gia Concursos traz not\u00edcias sobre concursos e artigos de professores oferecendo cursos para concursos (pdf + videaulas) no site.\",\"publisher\":{\"@id\":\"https:\/\/www.estrategiaconcursos.com.br\/blog\/#organization\"},\"potentialAction\":[{\"@type\":\"SearchAction\",\"target\":{\"@type\":\"EntryPoint\",\"urlTemplate\":\"https:\/\/www.estrategiaconcursos.com.br\/blog\/?s={search_term_string}\"},\"query-input\":{\"@type\":\"PropertyValueSpecification\",\"valueRequired\":true,\"valueName\":\"search_term_string\"}}],\"inLanguage\":\"pt-BR\"},{\"@type\":\"Organization\",\"@id\":\"https:\/\/www.estrategiaconcursos.com.br\/blog\/#organization\",\"name\":\"Estrat\u00e9gia Concursos\",\"url\":\"https:\/\/www.estrategiaconcursos.com.br\/blog\/\",\"logo\":{\"@type\":\"ImageObject\",\"inLanguage\":\"pt-BR\",\"@id\":\"https:\/\/www.estrategiaconcursos.com.br\/blog\/#\/schema\/logo\/image\/\",\"url\":\"https:\/\/dhg1h5j42swfq.cloudfront.net\/2025\/06\/03203428\/logo_concursos-1.jpg\",\"contentUrl\":\"https:\/\/dhg1h5j42swfq.cloudfront.net\/2025\/06\/03203428\/logo_concursos-1.jpg\",\"width\":230,\"height\":60,\"caption\":\"Estrat\u00e9gia Concursos\"},\"image\":{\"@id\":\"https:\/\/www.estrategiaconcursos.com.br\/blog\/#\/schema\/logo\/image\/\"},\"sameAs\":[\"https:\/\/x.com\/EstratConcursos\"]},{\"@type\":\"Person\",\"@id\":\"https:\/\/www.estrategiaconcursos.com.br\/blog\/#\/schema\/person\/7fbf898fd336f5ce58a961518beff68c\",\"name\":\"Diego Cerqueira Berbert Vasconcelos\",\"image\":{\"@type\":\"ImageObject\",\"inLanguage\":\"pt-BR\",\"@id\":\"https:\/\/secure.gravatar.com\/avatar\/ed2d045a7390980cad1a92d24dcc39d10ef55b88fcb9fb9c047979bf4ddeb1ce?s=96&d=mm&r=g\",\"url\":\"https:\/\/secure.gravatar.com\/avatar\/ed2d045a7390980cad1a92d24dcc39d10ef55b88fcb9fb9c047979bf4ddeb1ce?s=96&d=mm&r=g\",\"contentUrl\":\"https:\/\/secure.gravatar.com\/avatar\/ed2d045a7390980cad1a92d24dcc39d10ef55b88fcb9fb9c047979bf4ddeb1ce?s=96&d=mm&r=g\",\"caption\":\"Diego Cerqueira Berbert Vasconcelos\"},\"url\":\"https:\/\/www.estrategiaconcursos.com.br\/blog\/author\/diegocerqueiraestrategiaconcursos-com-br\/\"}]}<\/script>\n<!-- \/ Yoast SEO Premium plugin. -->","yoast_head_json":{"title":"Edital CRN 8 PR: confira o resultado final da sele\u00e7\u00e3o!","description":"Edital CRN 8 PR: veja aqui o resultado final! S\u00e3o ofertadas 15 vagas em CR para o cargo de T\u00e9cnico em Nutri\u00e7\u00e3o e Diet\u00e9tica.","robots":{"index":"index","follow":"follow","max-snippet":"max-snippet:-1","max-image-preview":"max-image-preview:large","max-video-preview":"max-video-preview:-1"},"canonical":"https:\/\/www.estrategiaconcursos.com.br\/blog\/edital-crn-8-pr\/","og_locale":"pt_BR","og_type":"article","og_title":"Edital CRN 8 PR: confira o resultado final da sele\u00e7\u00e3o!","og_description":"Edital CRN 8 PR: veja aqui o resultado final! S\u00e3o ofertadas 15 vagas em CR para o cargo de T\u00e9cnico em Nutri\u00e7\u00e3o e Diet\u00e9tica.","og_url":"https:\/\/www.estrategiaconcursos.com.br\/blog\/edital-crn-8-pr\/","og_site_name":"Estrat\u00e9gia Concursos","article_published_time":"2021-08-16T03:00:00+00:00","article_modified_time":"2021-08-23T14:05:22+00:00","og_image":[{"width":1200,"height":628,"url":"https:\/\/dhg1h5j42swfq.cloudfront.net\/2020\/04\/14083551\/JORNALISMO_CRN_8_-_PR.jpg","type":"image\/jpeg"}],"author":"Diego Cerqueira Berbert Vasconcelos","twitter_card":"summary_large_image","twitter_creator":"@EstratConcursos","twitter_site":"@EstratConcursos","twitter_misc":{"Escrito por":"Diego Cerqueira Berbert Vasconcelos","Est. tempo de leitura":"2 minutos"},"schema":{"@context":"https:\/\/schema.org","@graph":[{"@type":"NewsArticle","@id":"https:\/\/www.estrategiaconcursos.com.br\/blog\/edital-crn-8-pr\/#article","isPartOf":{"@id":"https:\/\/www.estrategiaconcursos.com.br\/blog\/edital-crn-8-pr\/"},"author":{"name":"Diego Cerqueira Berbert Vasconcelos","@id":"https:\/\/www.estrategiaconcursos.com.br\/blog\/#\/schema\/person\/7fbf898fd336f5ce58a961518beff68c"},"headline":"Edital CRN 8 PR: confira o resultado final da sele\u00e7\u00e3o!","datePublished":"2021-08-16T03:00:00+00:00","dateModified":"2021-08-23T14:05:22+00:00","mainEntityOfPage":{"@id":"https:\/\/www.estrategiaconcursos.com.br\/blog\/edital-crn-8-pr\/"},"wordCount":440,"commentCount":0,"publisher":{"@id":"https:\/\/www.estrategiaconcursos.com.br\/blog\/#organization"},"image":{"@id":"https:\/\/www.estrategiaconcursos.com.br\/blog\/edital-crn-8-pr\/#primaryimage"},"thumbnailUrl":"https:\/\/dhg1h5j42swfq.cloudfront.net\/2020\/04\/14083551\/JORNALISMO_CRN_8_-_PR.jpg","articleSection":["Executivo (Administrativa)"],"inLanguage":"pt-BR","potentialAction":[{"@type":"CommentAction","name":"Comment","target":["https:\/\/www.estrategiaconcursos.com.br\/blog\/edital-crn-8-pr\/#respond"]}],"copyrightYear":"2021","copyrightHolder":{"@id":"https:\/\/www.estrategiaconcursos.com.br\/blog\/#organization"}},{"@type":"WebPage","@id":"https:\/\/www.estrategiaconcursos.com.br\/blog\/edital-crn-8-pr\/","url":"https:\/\/www.estrategiaconcursos.com.br\/blog\/edital-crn-8-pr\/","name":"Edital CRN 8 PR: confira o resultado final da sele\u00e7\u00e3o!","isPartOf":{"@id":"https:\/\/www.estrategiaconcursos.com.br\/blog\/#website"},"primaryImageOfPage":{"@id":"https:\/\/www.estrategiaconcursos.com.br\/blog\/edital-crn-8-pr\/#primaryimage"},"image":{"@id":"https:\/\/www.estrategiaconcursos.com.br\/blog\/edital-crn-8-pr\/#primaryimage"},"thumbnailUrl":"https:\/\/dhg1h5j42swfq.cloudfront.net\/2020\/04\/14083551\/JORNALISMO_CRN_8_-_PR.jpg","datePublished":"2021-08-16T03:00:00+00:00","dateModified":"2021-08-23T14:05:22+00:00","description":"Edital CRN 8 PR: veja aqui o resultado final! S\u00e3o ofertadas 15 vagas em CR para o cargo de T\u00e9cnico em Nutri\u00e7\u00e3o e Diet\u00e9tica.","breadcrumb":{"@id":"https:\/\/www.estrategiaconcursos.com.br\/blog\/edital-crn-8-pr\/#breadcrumb"},"inLanguage":"pt-BR","potentialAction":[{"@type":"ReadAction","target":["https:\/\/www.estrategiaconcursos.com.br\/blog\/edital-crn-8-pr\/"]}]},{"@type":"ImageObject","inLanguage":"pt-BR","@id":"https:\/\/www.estrategiaconcursos.com.br\/blog\/edital-crn-8-pr\/#primaryimage","url":"https:\/\/dhg1h5j42swfq.cloudfront.net\/2020\/04\/14083551\/JORNALISMO_CRN_8_-_PR.jpg","contentUrl":"https:\/\/dhg1h5j42swfq.cloudfront.net\/2020\/04\/14083551\/JORNALISMO_CRN_8_-_PR.jpg","width":1200,"height":628,"caption":"edital crn 8 pr"},{"@type":"BreadcrumbList","@id":"https:\/\/www.estrategiaconcursos.com.br\/blog\/edital-crn-8-pr\/#breadcrumb","itemListElement":[{"@type":"ListItem","position":1,"name":"In\u00edcio","item":"https:\/\/www.estrategiaconcursos.com.br\/blog\/"},{"@type":"ListItem","position":2,"name":"Edital CRN 8 PR: confira o resultado final da sele\u00e7\u00e3o!"}]},{"@type":"WebSite","@id":"https:\/\/www.estrategiaconcursos.com.br\/blog\/#website","url":"https:\/\/www.estrategiaconcursos.com.br\/blog\/","name":"Estrat\u00e9gia Concursos","description":"O blog da Estrat\u00e9gia Concursos traz not\u00edcias sobre concursos e artigos de professores oferecendo cursos para concursos (pdf + videaulas) no site.","publisher":{"@id":"https:\/\/www.estrategiaconcursos.com.br\/blog\/#organization"},"potentialAction":[{"@type":"SearchAction","target":{"@type":"EntryPoint","urlTemplate":"https:\/\/www.estrategiaconcursos.com.br\/blog\/?s={search_term_string}"},"query-input":{"@type":"PropertyValueSpecification","valueRequired":true,"valueName":"search_term_string"}}],"inLanguage":"pt-BR"},{"@type":"Organization","@id":"https:\/\/www.estrategiaconcursos.com.br\/blog\/#organization","name":"Estrat\u00e9gia Concursos","url":"https:\/\/www.estrategiaconcursos.com.br\/blog\/","logo":{"@type":"ImageObject","inLanguage":"pt-BR","@id":"https:\/\/www.estrategiaconcursos.com.br\/blog\/#\/schema\/logo\/image\/","url":"https:\/\/dhg1h5j42swfq.cloudfront.net\/2025\/06\/03203428\/logo_concursos-1.jpg","contentUrl":"https:\/\/dhg1h5j42swfq.cloudfront.net\/2025\/06\/03203428\/logo_concursos-1.jpg","width":230,"height":60,"caption":"Estrat\u00e9gia Concursos"},"image":{"@id":"https:\/\/www.estrategiaconcursos.com.br\/blog\/#\/schema\/logo\/image\/"},"sameAs":["https:\/\/x.com\/EstratConcursos"]},{"@type":"Person","@id":"https:\/\/www.estrategiaconcursos.com.br\/blog\/#\/schema\/person\/7fbf898fd336f5ce58a961518beff68c","name":"Diego Cerqueira Berbert Vasconcelos","image":{"@type":"ImageObject","inLanguage":"pt-BR","@id":"https:\/\/secure.gravatar.com\/avatar\/ed2d045a7390980cad1a92d24dcc39d10ef55b88fcb9fb9c047979bf4ddeb1ce?s=96&d=mm&r=g","url":"https:\/\/secure.gravatar.com\/avatar\/ed2d045a7390980cad1a92d24dcc39d10ef55b88fcb9fb9c047979bf4ddeb1ce?s=96&d=mm&r=g","contentUrl":"https:\/\/secure.gravatar.com\/avatar\/ed2d045a7390980cad1a92d24dcc39d10ef55b88fcb9fb9c047979bf4ddeb1ce?s=96&d=mm&r=g","caption":"Diego Cerqueira Berbert Vasconcelos"},"url":"https:\/\/www.estrategiaconcursos.com.br\/blog\/author\/diegocerqueiraestrategiaconcursos-com-br\/"}]}},"_links":{"self":[{"href":"https:\/\/www.estrategiaconcursos.com.br\/blog\/wp-json\/wp\/v2\/posts\/500935","targetHints":{"allow":["GET"]}}],"collection":[{"href":"https:\/\/www.estrategiaconcursos.com.br\/blog\/wp-json\/wp\/v2\/posts"}],"about":[{"href":"https:\/\/www.estrategiaconcursos.com.br\/blog\/wp-json\/wp\/v2\/types\/post"}],"author":[{"embeddable":true,"href":"https:\/\/www.estrategiaconcursos.com.br\/blog\/wp-json\/wp\/v2\/users\/260"}],"replies":[{"embeddable":true,"href":"https:\/\/www.estrategiaconcursos.com.br\/blog\/wp-json\/wp\/v2\/comments?post=500935"}],"version-history":[{"count":12,"href":"https:\/\/www.estrategiaconcursos.com.br\/blog\/wp-json\/wp\/v2\/posts\/500935\/revisions"}],"predecessor-version":[{"id":843126,"href":"https:\/\/www.estrategiaconcursos.com.br\/blog\/wp-json\/wp\/v2\/posts\/500935\/revisions\/843126"}],"wp:featuredmedia":[{"embeddable":true,"href":"https:\/\/www.estrategiaconcursos.com.br\/blog\/wp-json\/wp\/v2\/media\/541724"}],"wp:attachment":[{"href":"https:\/\/www.estrategiaconcursos.com.br\/blog\/wp-json\/wp\/v2\/media?parent=500935"}],"wp:term":[{"taxonomy":"category","embeddable":true,"href":"https:\/\/www.estrategiaconcursos.com.br\/blog\/wp-json\/wp\/v2\/categories?post=500935"},{"taxonomy":"post_tag","embeddable":true,"href":"https:\/\/www.estrategiaconcursos.com.br\/blog\/wp-json\/wp\/v2\/tags?post=500935"},{"taxonomy":"tax_estado","embeddable":true,"href":"https:\/\/www.estrategiaconcursos.com.br\/blog\/wp-json\/wp\/v2\/tax_estado?post=500935"}],"curies":[{"name":"wp","href":"https:\/\/api.w.org\/{rel}","templated":true}]}}