{"id":500226,"date":"2020-04-05T16:37:40","date_gmt":"2020-04-05T19:37:40","guid":{"rendered":"https:\/\/www.estrategiaconcursos.com.br\/blog\/?p=500226"},"modified":"2020-04-05T16:37:42","modified_gmt":"2020-04-05T19:37:42","slug":"jurisprudencia-do-stf-comentarios-ao-informativo-stf-967","status":"publish","type":"post","link":"https:\/\/www.estrategiaconcursos.com.br\/blog\/jurisprudencia-do-stf-comentarios-ao-informativo-stf-967\/","title":{"rendered":"Jurisprud\u00eancia do STF: Coment\u00e1rios ao Informativo STF 967"},"content":{"rendered":"\n<p>Ol\u00e1, pessoal! Tudo bem?<\/p>\n\n\n\n<p>Aqui \u00e9 o <strong>Ricardo Vale<\/strong>, professor de Direito Constitucional e Diretor Pedag\u00f3gico do Estrat\u00e9gia Concursos.<\/p>\n\n\n\n<p>Nos \u00faltimos tempos, a <strong>jurisprud\u00eancia do STF<\/strong> tornou-se de grande relev\u00e2ncia em provas de concurso p\u00fablico. Ao mesmo tempo, noto que acompanhar a evolu\u00e7\u00e3o dessa jurisprud\u00eancia \u00e9 uma dificuldade de muitos alunos.<\/p>\n\n\n\n<p>Por isso, atendendo aos pedidos de v\u00e1rios de voc\u00eas, passarei a trazer aqui artigos com os julgados do STF que s\u00e3o mais relevantes para provas de Direito Constitucional.<\/p>\n\n\n\n<p>Tamb\u00e9m estou disponibilizando esses coment\u00e1rios no meu canal do Telegram. <strong>INSCREVA-SE <\/strong>no link abaixo e receba tudo em primeira m\u00e3o! <\/p>\n\n\n\n<p><a href=\"https:\/\/t.me\/direitoconstitucionalconcursos\">https:\/\/t.me\/direitoconstitucionalconcursos<\/a><\/p>\n\n\n\n<p>Hoje, vamos aos coment\u00e1rios do <strong>Informativo STF 967<\/strong>. Se quiser, voc\u00ea tamb\u00e9m pode baixar o arquivo em PDF logo abaixo<\/p>\n\n\n\n<div class=\"wp-block-file\"><a href=\"https:\/\/dhg1h5j42swfq.cloudfront.net\/2020\/04\/05163710\/Informativo-967-STF-NOVO.pdf\">Informativo-967-STF-NOVO<\/a><a href=\"https:\/\/dhg1h5j42swfq.cloudfront.net\/2020\/04\/05163710\/Informativo-967-STF-NOVO.pdf\" class=\"wp-block-file__button\" download>Baixar<\/a><\/div>\n\n\n\n<p>Abra\u00e7os,<\/p>\n\n\n\n<p><strong>Ricardo Vale<\/strong><\/p>\n\n\n\n<p style=\"color:#0629e5\" class=\"has-text-color has-text-align-center has-medium-font-size\"><strong>INFORMATIVO STF n\u00ba 967<\/strong><\/p>\n\n\n\n<p style=\"color:#0629e5\" class=\"has-text-color has-medium-font-size\"><strong>1. Tribunais de Contas e Concess\u00e3o de Aposentadoria<\/strong><\/p>\n\n\n\n<figure class=\"wp-block-table\"><table><tbody><tr><td><em>Julgamento de concess\u00e3o de aposentadoria: prazo decadencial, contradit\u00f3rio e ampla defesa. <\/em><em>O Plen\u00e1rio do STF, por maioria, entendeu que o TCU deve observar o prazo decadencial de 5 anos para julgamento da legalidade do ato de concess\u00e3o inicial de aposentadoria, reforma ou pens\u00e3o. Ap\u00f3s esse prazo, tais atos ser\u00e3o considerados definitivamente registrados, ou seja, n\u00e3o podem mais ser alterados pela referida Corte de Contas.<\/em> <strong><em>(RE 636553\/RS, rel. Min. Gilmar Mendes, julgamento em 19.2.2020)<\/em><\/strong><\/td><\/tr><\/tbody><\/table><\/figure>\n\n\n\n<p style=\"color:#0629e5\" class=\"has-text-color\"><strong>1.1 \u2013 Introdu\u00e7\u00e3o ao Tema<\/strong><\/p>\n\n\n\n<p>O Tribunal de Contas da Uni\u00e3o (TCU) \u00e9 um <strong>\u00f3rg\u00e3o independente<\/strong>, aut\u00f4nomo, de estatura constitucional, que exerce <strong>fun\u00e7\u00f5es de<\/strong><strong> fiscaliza\u00e7\u00e3o e controle<\/strong>, de natureza administrativa.<\/p>\n\n\n\n<p>As compet\u00eancias do TCU est\u00e3o previstas no art. 71, CF\/88. Dentre elas, no inciso III, est\u00e1 a compet\u00eancia para <strong>apreciar<\/strong>, <strong>para fins de registro<\/strong>, a legalidade:<\/p>\n\n\n\n<ul class=\"wp-block-list\"><li><strong>a)<\/strong> dos <strong>atos de admiss\u00e3o de pessoal<\/strong>, a qualquer t\u00edtulo, na administra\u00e7\u00e3o direta e indireta, inclu\u00eddas as funda\u00e7\u00f5es institu\u00eddas e mantidas pelo Poder P\u00fablico (exceto as nomea\u00e7\u00f5es para cargo em comiss\u00e3o);<\/li><li><strong>b)<\/strong> das <strong>concess\u00f5es de aposentadorias, reformas e pens\u00f5es<\/strong>, ressalvadas as melhorias posteriores que n\u00e3o alterem o fundamento legal do ato concess\u00f3rio.<\/li><\/ul>\n\n\n\n<p>Neste julgado, o nosso foco ser\u00e1 no registro dos atos de concess\u00e3o de aposentadorias.<\/p>\n\n\n\n<p>Segundo o STF, a concess\u00e3o de aposentadorias \u00e9 um <strong>ato administrativo complexo<\/strong>, que apenas se torna perfeito e acabado com a <strong>conjuga\u00e7\u00e3o da vontade de dois \u00f3rg\u00e3os<\/strong>: <strong>i)<\/strong> o \u00f3rg\u00e3o no qual o servidor atuava e; <strong>ii)<\/strong> o TCU.<\/p>\n\n\n\n<p>Em geral, nos processos perante o TCU, <strong>assegura-se a ampla defesa e o contradit\u00f3rio<\/strong>. Entretanto, isso <strong>n\u00e3o se aplica<\/strong> na aprecia\u00e7\u00e3o da legalidade do ato de concess\u00e3o inicial de aposentadoria, reforma e pens\u00e3o. Em outras palavras, n\u00e3o h\u00e1 ampla defesa e contradit\u00f3rio na aprecia\u00e7\u00e3o pelo TCU dos atos de concess\u00e3o de aposentadoria, reforma e pens\u00e3o.<\/p>\n\n\n\n<p>\u00c9 o que fica claro pela leitura da S\u00famula Vinculante n\u00ba 3:<\/p>\n\n\n\n<p><strong>S\u00famula Vinculante n\u00ba 3: <\/strong><strong><em>\u201c<\/em><\/strong><em>Nos processos perante o Tribunal de Contas da Uni\u00e3o asseguram-se&nbsp;o contradit\u00f3rio e a ampla defesa quando da decis\u00e3o puder resultar anula\u00e7\u00e3o ou revoga\u00e7\u00e3o de ato administrativo que beneficie o interessado, <u>excetuada <\/u>a aprecia\u00e7\u00e3o da legalidade do ato de concess\u00e3o inicial de aposentadoria, reforma e pens\u00e3o\u201d.<\/em><\/p>\n\n\n\n<p>Cabe destacar, entretanto, que o <strong>STF afastava a aplica\u00e7\u00e3o da referida s\u00famula vinculante<\/strong> nos casos em que a aprecia\u00e7\u00e3o da legalidade do ato de concess\u00e3o inicial de aposentadoria, reforma e pens\u00e3o se desse <strong>ap\u00f3s o decurso do prazo de 5 anos<\/strong>. Assim, decorridos 5 anos sem a aprecia\u00e7\u00e3o conclusiva do TCU, seria obrigat\u00f3ria a convoca\u00e7\u00e3o do interessado para exercitar as garantias do contradit\u00f3rio e da ampla defesa.<\/p>\n\n\n\n<p>Esse entendimento sofreu uma mudan\u00e7a significativa. \u00c9 o que passaremos a comentar na sequ\u00eancia.<\/p>\n\n\n\n<p style=\"color:#0629e5\" class=\"has-text-color\"><strong>1.2 \u2013 O que aconteceu no caso concreto?<\/strong><\/p>\n\n\n\n<p>A aposentadoria de um servidor p\u00fablico foi concedida em 1\u00ba\/9\/1995. Em 18\/7\/1996, o processo administrativo chegou ao TCU. Em 04\/11\/2003, sete anos ap\u00f3s a chegada do processo, o TCU analisou a legalidade da aposentadoria e constatou a exist\u00eancia de irregularidades. Por isso, considerou ilegal o ato de concess\u00e3o. O caso chegou ao STF.<\/p>\n\n\n\n<p style=\"color:#0629e5\" class=\"has-text-color\"><strong>1.3 \u2013 O que decidiu o STF?<\/strong><\/p>\n\n\n\n<p>O STF entendeu que o <strong>TCU tem um prazo de 5 anos<\/strong>, a contar da <strong>chegada do processo<\/strong> no \u00f3rg\u00e3o, para apreciar a legalidade do ato de concess\u00e3o de aposentadoria, reforma ou pens\u00e3o.<\/p>\n\n\n\n<p>Findo o prazo de 5 anos sem aprecia\u00e7\u00e3o do TCU, tais atos ser\u00e3o considerados definitivamente registrados, ou seja, pode-se falar em uma <strong><em>\u201cconcess\u00e3o t\u00e1cita\u201d<\/em><\/strong><strong><em> <\/em><\/strong>da<strong><em> <\/em><\/strong>aposentadoria pelo TCU.<\/p>\n\n\n\n<p>A decis\u00e3o do STF buscou privilegiar os princ\u00edpios da <strong>seguran\u00e7a jur\u00eddica<\/strong> e da <strong>confian\u00e7a leg\u00edtima<\/strong>. Ora, se o administrado tem o prazo de 5 anos para buscar qualquer direito contra a Fazenda P\u00fablica, tamb\u00e9m deve-se considerar que o Poder P\u00fablico, no exerc\u00edcio do controle externo, tem o mesmo prazo para rever eventual ato administrativo favor\u00e1vel ao administrado.<\/p>\n\n\n\n<p>Diante disso, a discuss\u00e3o sobre a observ\u00e2ncia do contradit\u00f3rio e da ampla defesa ap\u00f3s o transcurso do prazo de 5 anos da chegada do processo ao TCU perdeu o sentido. Agora, podemos afirmar que existe o <strong>prazo decadencial<\/strong> de <strong>5 anos<\/strong> para que o TCU aprecie a legalidade do ato de concess\u00e3o inicial de aposentadoria, reforma ou pens\u00e3o, n\u00e3o havendo necessidade de que seja observada a ampla defesa e o contradit\u00f3rio.<\/p>\n\n\n\n<p style=\"color:#0629e5\" class=\"has-text-color\"><strong>1.4 \u2013 QUEST\u00d5ES DE PROVA<\/strong><\/p>\n\n\n\n<p><strong>1. (Quest\u00e3o In\u00e9dita)<\/strong> O STF entende que, ap\u00f3s o decurso do prazo de 5 anos para a aprecia\u00e7\u00e3o da legalidade do ato de concess\u00e3o inicial de aposentadoria, o TCU dever\u00e1 garantir a ampla defesa e o contradit\u00f3rio ao administrado.<\/p>\n\n\n\n<p><strong>Coment\u00e1rios:<\/strong><\/p>\n\n\n\n<p>O TCU tem um prazo de 5 anos para julgar a legalidade do ato de concess\u00e3o inicial de aposentadoria, reforma ou pens\u00e3o. Ap\u00f3s esse prazo, tais atos ser\u00e3o considerados definitivamente registrados, ou seja, n\u00e3o podem mais ser alterados pela referida Corte. N\u00e3o h\u00e1 que se falar em garantia \u00e0 ampla defesa e contradit\u00f3rio na aprecia\u00e7\u00e3o da legalidade do ato de concess\u00e3o inicial de aposentadoria, reforma ou pens\u00e3o. Quest\u00e3o errada.<\/p>\n\n\n\n<p><strong>2. (Quest\u00e3o In\u00e9dita) <\/strong>Os Tribunais de Contas est\u00e3o sujeitos ao&nbsp;prazo de cinco anos para o julgamento da legalidade do ato de concess\u00e3o inicial de aposentadoria, reforma ou pens\u00e3o,&nbsp;a contar da chegada do processo \u00e0 respectiva Corte de Contas, em aten\u00e7\u00e3o aos princ\u00edpios da seguran\u00e7a jur\u00eddica e da confian\u00e7a leg\u00edtima.<\/p>\n\n\n\n<p><strong>Coment\u00e1rios:<\/strong><\/p>\n\n\n\n<p>Exatamente isso. Os Tribunais de Contas t\u00eam o prazo m\u00e1ximo de 5 anos para apreciar a legalidade do ato de concess\u00e3o inicial de aposentadoria, reforma ou pens\u00e3o. O termo inicial para a contagem desse prazo \u00e9 a chegada do processo no Tribunal.<\/p>\n\n\n\n<p><\/p>\n\n\n\n<p style=\"color:#0629e5\" class=\"has-text-color has-medium-font-size\"><strong>2. Sigilo profissional do Advogado<\/strong><\/p>\n\n\n\n<figure class=\"wp-block-table\"><table><tbody><tr><td><em>Atua\u00e7\u00e3o de advogado como testemunha e sigilo profissional. A Segunda Turma do STF entendeu que advogado que j\u00e1 atuou como patrono de uma das partes n\u00e3o pode ser inquirido como testemunha na causa, exceto se tiver sido liberado do sigilo profissional por meio do consentimento de seu ex-cliente.<\/em> <strong><em>(Rcl 37235\/RR. rel. Min. Gilmar Mendes, julgamento em 18.2.2020.<\/em><\/strong><strong><em>)<\/em><\/strong><\/td><\/tr><\/tbody><\/table><\/figure>\n\n\n\n<p style=\"color:#0629e5\" class=\"has-text-color\"><strong>2.1 \u2013 Introdu\u00e7\u00e3o ao Tema<\/strong><\/p>\n\n\n\n<p>O advogado o <strong>dever<\/strong> de manter o <strong>sigilo profissional<\/strong>.<\/p>\n\n\n\n<p>Segundo o art. 25, do Estatuto da OAB, o <strong>sigilo profissional \u00e9 inerente \u00e0 profiss\u00e3o<\/strong>, salvo grave amea\u00e7a ao direito \u00e0 vida, \u00e0 honra, ou quando o advogado se veja afrontado pelo pr\u00f3prio cliente e, em defesa pr\u00f3pria, tenha que revelar segredo, por\u00e9m sempre restrito ao interesse da causa.<\/p>\n\n\n\n<p>Al\u00e9m de um dever do advogado, o sigilo profissional pode ser considerado um direito do indiv\u00edduo ao prestar-lhe informa\u00e7\u00f5es. &nbsp;<\/p>\n\n\n\n<p style=\"color:#0629e5\" class=\"has-text-color\"><strong>2.2 \u2013 Caso concreto \/ Decis\u00e3o do STF<\/strong><\/p>\n\n\n\n<p>No caso em an\u00e1lise, discutiu-se a possibilidade de um <strong>profissional que j\u00e1 foi advogado<\/strong> de uma das partes <strong>atuar como testemunha<\/strong> na causa.<\/p>\n\n\n\n<p>O STF entendeu que, em princ\u00edpio, a intima\u00e7\u00e3o do advogado para comparecer como testemunha perante o juiz <strong>n\u00e3o estaria em desacordo<\/strong> com a lei, <strong>desde que<\/strong> ele fosse liberado do sigilo profissional por <strong>consentimento do ex-cliente<\/strong>.<\/p>\n\n\n\n<p>Na situa\u00e7\u00e3o apresentada ao STF, n\u00e3o houve tal consentimento. O advogado arrolado como testemunha teve seus poderes expressamente revogados pela ex-cliente, vedando-se sua atua\u00e7\u00e3o no caso. Sendo assim, inadmiss\u00edvel o uso da prova obtida por meio do depoimento do advogado.<\/p>\n\n\n\n<p style=\"color:#0629e5\" class=\"has-text-color\"><strong>2.3 \u2013 QUEST\u00c3O DE PROVA<\/strong><\/p>\n\n\n\n<p><strong>1. (Quest\u00e3o In\u00e9dita)<\/strong> Em respeito ao sigilo profissional, o advogado jamais poder\u00e1 depor como testemunha em causa envolvendo seu ex-cliente.<\/p>\n\n\n\n<p><strong>Coment\u00e1rios:<\/strong><\/p>\n\n\n\n<p>\u00c9 poss\u00edvel que o advogado venha a depor como testemunha, desde que seja liberado do sigilo profissional pelo consentimento de seu ex-cliente. Quest\u00e3o errada.<\/p>\n","protected":false},"excerpt":{"rendered":"<p>Ol\u00e1, pessoal! Tudo bem? Aqui \u00e9 o Ricardo Vale, professor de Direito Constitucional e Diretor Pedag\u00f3gico do Estrat\u00e9gia Concursos. Nos \u00faltimos tempos, a jurisprud\u00eancia do STF tornou-se de grande relev\u00e2ncia em provas de concurso p\u00fablico. Ao mesmo tempo, noto que acompanhar a evolu\u00e7\u00e3o dessa jurisprud\u00eancia \u00e9 uma dificuldade de muitos alunos. Por isso, atendendo aos [&hellip;]<\/p>\n","protected":false},"author":26,"featured_media":0,"comment_status":"open","ping_status":"closed","sticky":false,"template":"","format":"standard","meta":{"post_tipo":"article","footnotes":""},"categories":[1],"tags":[],"tax_estado":[],"class_list":["post-500226","post","type-post","status-publish","format-standard","hentry","category-cursos-e-concursos"],"acf":[],"yoast_head":"<!-- This site is optimized with the Yoast SEO Premium plugin v27.2 (Yoast SEO v27.2) - https:\/\/yoast.com\/product\/yoast-seo-premium-wordpress\/ -->\n<title>Jurisprud\u00eancia do STF: Coment\u00e1rios ao Informativo STF 967<\/title>\n<meta name=\"robots\" content=\"index, follow, max-snippet:-1, max-image-preview:large, max-video-preview:-1\" \/>\n<link rel=\"canonical\" href=\"https:\/\/www.estrategiaconcursos.com.br\/blog\/jurisprudencia-do-stf-comentarios-ao-informativo-stf-967\/\" \/>\n<meta property=\"og:locale\" content=\"pt_BR\" \/>\n<meta property=\"og:type\" content=\"article\" \/>\n<meta property=\"og:title\" content=\"Jurisprud\u00eancia do STF: Coment\u00e1rios ao Informativo STF 967\" \/>\n<meta property=\"og:description\" content=\"Ol\u00e1, pessoal! Tudo bem? Aqui \u00e9 o Ricardo Vale, professor de Direito Constitucional e Diretor Pedag\u00f3gico do Estrat\u00e9gia Concursos. Nos \u00faltimos tempos, a jurisprud\u00eancia do STF tornou-se de grande relev\u00e2ncia em provas de concurso p\u00fablico. Ao mesmo tempo, noto que acompanhar a evolu\u00e7\u00e3o dessa jurisprud\u00eancia \u00e9 uma dificuldade de muitos alunos. Por isso, atendendo aos [&hellip;]\" \/>\n<meta property=\"og:url\" content=\"https:\/\/www.estrategiaconcursos.com.br\/blog\/jurisprudencia-do-stf-comentarios-ao-informativo-stf-967\/\" \/>\n<meta property=\"og:site_name\" content=\"Estrat\u00e9gia Concursos\" \/>\n<meta property=\"article:author\" content=\"https:\/\/www.facebook.com\/rvale01\" \/>\n<meta property=\"article:published_time\" content=\"2020-04-05T19:37:40+00:00\" \/>\n<meta property=\"article:modified_time\" content=\"2020-04-05T19:37:42+00:00\" \/>\n<meta name=\"author\" content=\"Ricardo Vale\" \/>\n<meta name=\"twitter:card\" content=\"summary_large_image\" \/>\n<meta name=\"twitter:creator\" content=\"@https:\/\/twitter.com\/EstratConcursos\" \/>\n<meta name=\"twitter:site\" content=\"@EstratConcursos\" \/>\n<meta name=\"twitter:label1\" content=\"Escrito por\" \/>\n\t<meta name=\"twitter:data1\" content=\"Ricardo Vale\" \/>\n\t<meta name=\"twitter:label2\" content=\"Est. tempo de leitura\" \/>\n\t<meta name=\"twitter:data2\" content=\"7 minutos\" \/>\n<script type=\"application\/ld+json\" class=\"yoast-schema-graph\">{\"@context\":\"https:\/\/schema.org\",\"@graph\":[{\"@type\":\"NewsArticle\",\"@id\":\"https:\/\/www.estrategiaconcursos.com.br\/blog\/jurisprudencia-do-stf-comentarios-ao-informativo-stf-967\/#article\",\"isPartOf\":{\"@id\":\"https:\/\/www.estrategiaconcursos.com.br\/blog\/jurisprudencia-do-stf-comentarios-ao-informativo-stf-967\/\"},\"author\":{\"name\":\"Ricardo Vale\",\"@id\":\"https:\/\/www.estrategiaconcursos.com.br\/blog\/#\/schema\/person\/c32e47dba2159cafe7796a9569a6ff7e\"},\"headline\":\"Jurisprud\u00eancia do STF: Coment\u00e1rios ao Informativo STF 967\",\"datePublished\":\"2020-04-05T19:37:40+00:00\",\"dateModified\":\"2020-04-05T19:37:42+00:00\",\"mainEntityOfPage\":{\"@id\":\"https:\/\/www.estrategiaconcursos.com.br\/blog\/jurisprudencia-do-stf-comentarios-ao-informativo-stf-967\/\"},\"wordCount\":1471,\"commentCount\":0,\"publisher\":{\"@id\":\"https:\/\/www.estrategiaconcursos.com.br\/blog\/#organization\"},\"articleSection\":[\"Concursos P\u00fablicos\"],\"inLanguage\":\"pt-BR\",\"potentialAction\":[{\"@type\":\"CommentAction\",\"name\":\"Comment\",\"target\":[\"https:\/\/www.estrategiaconcursos.com.br\/blog\/jurisprudencia-do-stf-comentarios-ao-informativo-stf-967\/#respond\"]}],\"copyrightYear\":\"2020\",\"copyrightHolder\":{\"@id\":\"https:\/\/www.estrategiaconcursos.com.br\/blog\/#organization\"}},{\"@type\":\"WebPage\",\"@id\":\"https:\/\/www.estrategiaconcursos.com.br\/blog\/jurisprudencia-do-stf-comentarios-ao-informativo-stf-967\/\",\"url\":\"https:\/\/www.estrategiaconcursos.com.br\/blog\/jurisprudencia-do-stf-comentarios-ao-informativo-stf-967\/\",\"name\":\"Jurisprud\u00eancia do STF: Coment\u00e1rios ao Informativo STF 967\",\"isPartOf\":{\"@id\":\"https:\/\/www.estrategiaconcursos.com.br\/blog\/#website\"},\"datePublished\":\"2020-04-05T19:37:40+00:00\",\"dateModified\":\"2020-04-05T19:37:42+00:00\",\"breadcrumb\":{\"@id\":\"https:\/\/www.estrategiaconcursos.com.br\/blog\/jurisprudencia-do-stf-comentarios-ao-informativo-stf-967\/#breadcrumb\"},\"inLanguage\":\"pt-BR\",\"potentialAction\":[{\"@type\":\"ReadAction\",\"target\":[\"https:\/\/www.estrategiaconcursos.com.br\/blog\/jurisprudencia-do-stf-comentarios-ao-informativo-stf-967\/\"]}]},{\"@type\":\"BreadcrumbList\",\"@id\":\"https:\/\/www.estrategiaconcursos.com.br\/blog\/jurisprudencia-do-stf-comentarios-ao-informativo-stf-967\/#breadcrumb\",\"itemListElement\":[{\"@type\":\"ListItem\",\"position\":1,\"name\":\"In\u00edcio\",\"item\":\"https:\/\/www.estrategiaconcursos.com.br\/blog\/\"},{\"@type\":\"ListItem\",\"position\":2,\"name\":\"Jurisprud\u00eancia do STF: Coment\u00e1rios ao Informativo STF 967\"}]},{\"@type\":\"WebSite\",\"@id\":\"https:\/\/www.estrategiaconcursos.com.br\/blog\/#website\",\"url\":\"https:\/\/www.estrategiaconcursos.com.br\/blog\/\",\"name\":\"Estrat\u00e9gia Concursos\",\"description\":\"O blog da Estrat\u00e9gia Concursos traz not\u00edcias sobre concursos e artigos de professores oferecendo cursos para concursos (pdf + videaulas) no site.\",\"publisher\":{\"@id\":\"https:\/\/www.estrategiaconcursos.com.br\/blog\/#organization\"},\"potentialAction\":[{\"@type\":\"SearchAction\",\"target\":{\"@type\":\"EntryPoint\",\"urlTemplate\":\"https:\/\/www.estrategiaconcursos.com.br\/blog\/?s={search_term_string}\"},\"query-input\":{\"@type\":\"PropertyValueSpecification\",\"valueRequired\":true,\"valueName\":\"search_term_string\"}}],\"inLanguage\":\"pt-BR\"},{\"@type\":\"Organization\",\"@id\":\"https:\/\/www.estrategiaconcursos.com.br\/blog\/#organization\",\"name\":\"Estrat\u00e9gia Concursos\",\"url\":\"https:\/\/www.estrategiaconcursos.com.br\/blog\/\",\"logo\":{\"@type\":\"ImageObject\",\"inLanguage\":\"pt-BR\",\"@id\":\"https:\/\/www.estrategiaconcursos.com.br\/blog\/#\/schema\/logo\/image\/\",\"url\":\"https:\/\/dhg1h5j42swfq.cloudfront.net\/2025\/06\/03203428\/logo_concursos-1.jpg\",\"contentUrl\":\"https:\/\/dhg1h5j42swfq.cloudfront.net\/2025\/06\/03203428\/logo_concursos-1.jpg\",\"width\":230,\"height\":60,\"caption\":\"Estrat\u00e9gia Concursos\"},\"image\":{\"@id\":\"https:\/\/www.estrategiaconcursos.com.br\/blog\/#\/schema\/logo\/image\/\"},\"sameAs\":[\"https:\/\/x.com\/EstratConcursos\"]},{\"@type\":\"Person\",\"@id\":\"https:\/\/www.estrategiaconcursos.com.br\/blog\/#\/schema\/person\/c32e47dba2159cafe7796a9569a6ff7e\",\"name\":\"Ricardo Vale\",\"image\":{\"@type\":\"ImageObject\",\"inLanguage\":\"pt-BR\",\"@id\":\"https:\/\/secure.gravatar.com\/avatar\/e5a5658c798bb49dd53314263f59f38c192d73370fb65839a372c2ae9027be74?s=96&d=mm&r=g\",\"url\":\"https:\/\/secure.gravatar.com\/avatar\/e5a5658c798bb49dd53314263f59f38c192d73370fb65839a372c2ae9027be74?s=96&d=mm&r=g\",\"contentUrl\":\"https:\/\/secure.gravatar.com\/avatar\/e5a5658c798bb49dd53314263f59f38c192d73370fb65839a372c2ae9027be74?s=96&d=mm&r=g\",\"caption\":\"Ricardo Vale\"},\"sameAs\":[\"https:\/\/www.facebook.com\/rvale01\",\"https:\/\/x.com\/https:\/\/twitter.com\/EstratConcursos\"],\"url\":\"https:\/\/www.estrategiaconcursos.com.br\/blog\/author\/ricardovaleestrategiaconcursos-com-br\/\"}]}<\/script>\n<!-- \/ Yoast SEO Premium plugin. -->","yoast_head_json":{"title":"Jurisprud\u00eancia do STF: Coment\u00e1rios ao Informativo STF 967","robots":{"index":"index","follow":"follow","max-snippet":"max-snippet:-1","max-image-preview":"max-image-preview:large","max-video-preview":"max-video-preview:-1"},"canonical":"https:\/\/www.estrategiaconcursos.com.br\/blog\/jurisprudencia-do-stf-comentarios-ao-informativo-stf-967\/","og_locale":"pt_BR","og_type":"article","og_title":"Jurisprud\u00eancia do STF: Coment\u00e1rios ao Informativo STF 967","og_description":"Ol\u00e1, pessoal! Tudo bem? Aqui \u00e9 o Ricardo Vale, professor de Direito Constitucional e Diretor Pedag\u00f3gico do Estrat\u00e9gia Concursos. Nos \u00faltimos tempos, a jurisprud\u00eancia do STF tornou-se de grande relev\u00e2ncia em provas de concurso p\u00fablico. Ao mesmo tempo, noto que acompanhar a evolu\u00e7\u00e3o dessa jurisprud\u00eancia \u00e9 uma dificuldade de muitos alunos. Por isso, atendendo aos [&hellip;]","og_url":"https:\/\/www.estrategiaconcursos.com.br\/blog\/jurisprudencia-do-stf-comentarios-ao-informativo-stf-967\/","og_site_name":"Estrat\u00e9gia Concursos","article_author":"https:\/\/www.facebook.com\/rvale01","article_published_time":"2020-04-05T19:37:40+00:00","article_modified_time":"2020-04-05T19:37:42+00:00","author":"Ricardo Vale","twitter_card":"summary_large_image","twitter_creator":"@https:\/\/twitter.com\/EstratConcursos","twitter_site":"@EstratConcursos","twitter_misc":{"Escrito por":"Ricardo Vale","Est. tempo de leitura":"7 minutos"},"schema":{"@context":"https:\/\/schema.org","@graph":[{"@type":"NewsArticle","@id":"https:\/\/www.estrategiaconcursos.com.br\/blog\/jurisprudencia-do-stf-comentarios-ao-informativo-stf-967\/#article","isPartOf":{"@id":"https:\/\/www.estrategiaconcursos.com.br\/blog\/jurisprudencia-do-stf-comentarios-ao-informativo-stf-967\/"},"author":{"name":"Ricardo Vale","@id":"https:\/\/www.estrategiaconcursos.com.br\/blog\/#\/schema\/person\/c32e47dba2159cafe7796a9569a6ff7e"},"headline":"Jurisprud\u00eancia do STF: Coment\u00e1rios ao Informativo STF 967","datePublished":"2020-04-05T19:37:40+00:00","dateModified":"2020-04-05T19:37:42+00:00","mainEntityOfPage":{"@id":"https:\/\/www.estrategiaconcursos.com.br\/blog\/jurisprudencia-do-stf-comentarios-ao-informativo-stf-967\/"},"wordCount":1471,"commentCount":0,"publisher":{"@id":"https:\/\/www.estrategiaconcursos.com.br\/blog\/#organization"},"articleSection":["Concursos P\u00fablicos"],"inLanguage":"pt-BR","potentialAction":[{"@type":"CommentAction","name":"Comment","target":["https:\/\/www.estrategiaconcursos.com.br\/blog\/jurisprudencia-do-stf-comentarios-ao-informativo-stf-967\/#respond"]}],"copyrightYear":"2020","copyrightHolder":{"@id":"https:\/\/www.estrategiaconcursos.com.br\/blog\/#organization"}},{"@type":"WebPage","@id":"https:\/\/www.estrategiaconcursos.com.br\/blog\/jurisprudencia-do-stf-comentarios-ao-informativo-stf-967\/","url":"https:\/\/www.estrategiaconcursos.com.br\/blog\/jurisprudencia-do-stf-comentarios-ao-informativo-stf-967\/","name":"Jurisprud\u00eancia do STF: Coment\u00e1rios ao Informativo STF 967","isPartOf":{"@id":"https:\/\/www.estrategiaconcursos.com.br\/blog\/#website"},"datePublished":"2020-04-05T19:37:40+00:00","dateModified":"2020-04-05T19:37:42+00:00","breadcrumb":{"@id":"https:\/\/www.estrategiaconcursos.com.br\/blog\/jurisprudencia-do-stf-comentarios-ao-informativo-stf-967\/#breadcrumb"},"inLanguage":"pt-BR","potentialAction":[{"@type":"ReadAction","target":["https:\/\/www.estrategiaconcursos.com.br\/blog\/jurisprudencia-do-stf-comentarios-ao-informativo-stf-967\/"]}]},{"@type":"BreadcrumbList","@id":"https:\/\/www.estrategiaconcursos.com.br\/blog\/jurisprudencia-do-stf-comentarios-ao-informativo-stf-967\/#breadcrumb","itemListElement":[{"@type":"ListItem","position":1,"name":"In\u00edcio","item":"https:\/\/www.estrategiaconcursos.com.br\/blog\/"},{"@type":"ListItem","position":2,"name":"Jurisprud\u00eancia do STF: Coment\u00e1rios ao Informativo STF 967"}]},{"@type":"WebSite","@id":"https:\/\/www.estrategiaconcursos.com.br\/blog\/#website","url":"https:\/\/www.estrategiaconcursos.com.br\/blog\/","name":"Estrat\u00e9gia Concursos","description":"O blog da Estrat\u00e9gia Concursos traz not\u00edcias sobre concursos e artigos de professores oferecendo cursos para concursos (pdf + videaulas) no site.","publisher":{"@id":"https:\/\/www.estrategiaconcursos.com.br\/blog\/#organization"},"potentialAction":[{"@type":"SearchAction","target":{"@type":"EntryPoint","urlTemplate":"https:\/\/www.estrategiaconcursos.com.br\/blog\/?s={search_term_string}"},"query-input":{"@type":"PropertyValueSpecification","valueRequired":true,"valueName":"search_term_string"}}],"inLanguage":"pt-BR"},{"@type":"Organization","@id":"https:\/\/www.estrategiaconcursos.com.br\/blog\/#organization","name":"Estrat\u00e9gia Concursos","url":"https:\/\/www.estrategiaconcursos.com.br\/blog\/","logo":{"@type":"ImageObject","inLanguage":"pt-BR","@id":"https:\/\/www.estrategiaconcursos.com.br\/blog\/#\/schema\/logo\/image\/","url":"https:\/\/dhg1h5j42swfq.cloudfront.net\/2025\/06\/03203428\/logo_concursos-1.jpg","contentUrl":"https:\/\/dhg1h5j42swfq.cloudfront.net\/2025\/06\/03203428\/logo_concursos-1.jpg","width":230,"height":60,"caption":"Estrat\u00e9gia Concursos"},"image":{"@id":"https:\/\/www.estrategiaconcursos.com.br\/blog\/#\/schema\/logo\/image\/"},"sameAs":["https:\/\/x.com\/EstratConcursos"]},{"@type":"Person","@id":"https:\/\/www.estrategiaconcursos.com.br\/blog\/#\/schema\/person\/c32e47dba2159cafe7796a9569a6ff7e","name":"Ricardo Vale","image":{"@type":"ImageObject","inLanguage":"pt-BR","@id":"https:\/\/secure.gravatar.com\/avatar\/e5a5658c798bb49dd53314263f59f38c192d73370fb65839a372c2ae9027be74?s=96&d=mm&r=g","url":"https:\/\/secure.gravatar.com\/avatar\/e5a5658c798bb49dd53314263f59f38c192d73370fb65839a372c2ae9027be74?s=96&d=mm&r=g","contentUrl":"https:\/\/secure.gravatar.com\/avatar\/e5a5658c798bb49dd53314263f59f38c192d73370fb65839a372c2ae9027be74?s=96&d=mm&r=g","caption":"Ricardo Vale"},"sameAs":["https:\/\/www.facebook.com\/rvale01","https:\/\/x.com\/https:\/\/twitter.com\/EstratConcursos"],"url":"https:\/\/www.estrategiaconcursos.com.br\/blog\/author\/ricardovaleestrategiaconcursos-com-br\/"}]}},"_links":{"self":[{"href":"https:\/\/www.estrategiaconcursos.com.br\/blog\/wp-json\/wp\/v2\/posts\/500226","targetHints":{"allow":["GET"]}}],"collection":[{"href":"https:\/\/www.estrategiaconcursos.com.br\/blog\/wp-json\/wp\/v2\/posts"}],"about":[{"href":"https:\/\/www.estrategiaconcursos.com.br\/blog\/wp-json\/wp\/v2\/types\/post"}],"author":[{"embeddable":true,"href":"https:\/\/www.estrategiaconcursos.com.br\/blog\/wp-json\/wp\/v2\/users\/26"}],"replies":[{"embeddable":true,"href":"https:\/\/www.estrategiaconcursos.com.br\/blog\/wp-json\/wp\/v2\/comments?post=500226"}],"version-history":[{"count":1,"href":"https:\/\/www.estrategiaconcursos.com.br\/blog\/wp-json\/wp\/v2\/posts\/500226\/revisions"}],"predecessor-version":[{"id":500228,"href":"https:\/\/www.estrategiaconcursos.com.br\/blog\/wp-json\/wp\/v2\/posts\/500226\/revisions\/500228"}],"wp:attachment":[{"href":"https:\/\/www.estrategiaconcursos.com.br\/blog\/wp-json\/wp\/v2\/media?parent=500226"}],"wp:term":[{"taxonomy":"category","embeddable":true,"href":"https:\/\/www.estrategiaconcursos.com.br\/blog\/wp-json\/wp\/v2\/categories?post=500226"},{"taxonomy":"post_tag","embeddable":true,"href":"https:\/\/www.estrategiaconcursos.com.br\/blog\/wp-json\/wp\/v2\/tags?post=500226"},{"taxonomy":"tax_estado","embeddable":true,"href":"https:\/\/www.estrategiaconcursos.com.br\/blog\/wp-json\/wp\/v2\/tax_estado?post=500226"}],"curies":[{"name":"wp","href":"https:\/\/api.w.org\/{rel}","templated":true}]}}