{"id":500217,"date":"2020-04-09T09:27:24","date_gmt":"2020-04-09T12:27:24","guid":{"rendered":"https:\/\/www.estrategiaconcursos.com.br\/blog\/?p=500217"},"modified":"2020-04-09T09:27:25","modified_gmt":"2020-04-09T12:27:25","slug":"covid-19-e-o-tcu-vale-a-pena-continuar-com-esse-foco","status":"publish","type":"post","link":"https:\/\/www.estrategiaconcursos.com.br\/blog\/covid-19-e-o-tcu-vale-a-pena-continuar-com-esse-foco\/","title":{"rendered":"COVID-19 e o TCU: vale a pena continuar com esse foco?"},"content":{"rendered":"\n<p>Ol\u00e1, queridas e queridos! Como est\u00e3o? O artigo em quest\u00e3o ir\u00e1 trazer uma an\u00e1lise geral sobre a situa\u00e7\u00e3o do COVID-19 e o TCU. Ser\u00e1 que vale a pena continuar com esse foco espec\u00edfico? Vamos conferir!<\/p>\n\n\n\n<h2 class=\"wp-block-heading\">Contexto do COVID-19<\/h2>\n\n\n\n<p>Estamos passando por um momento delicado da nossa hist\u00f3ria. A pandemia do COVID-19 \u00e9 uma situa\u00e7\u00e3o global e est\u00e1 afetando todo o mundo. Esfor\u00e7os de conten\u00e7\u00e3o da dissemina\u00e7\u00e3o est\u00e3o sendo realizados por todos os lados e possuem as suas devidas consequ\u00eancias.<\/p>\n\n\n\n<p>O mundo dos concursos tamb\u00e9m est\u00e1 sendo afetado por suas consequ\u00eancias. Muitos editais que j\u00e1 estavam com datas de prova definidas foram suspensos. Por outro lado, em alguns casos, ainda continuam as movimenta\u00e7\u00f5es relativas a contrata\u00e7\u00f5es de bancas e publica\u00e7\u00f5es de editais.<\/p>\n\n\n\n<p>Entre os concursos suspensos, est\u00e3o 3 \u00f3timas oportunidades de Tribunais de Contas: TCE RJ, TCM SP e TCDF. A quest\u00e3o a ser analisada \u00e9 entre o COVID-19 e o TCU. Como proceder nessa situa\u00e7\u00e3o?<\/p>\n\n\n\n<h2 class=\"wp-block-heading\">Situa\u00e7\u00e3o pr\u00e9-COVID-19 e o TCU<\/h2>\n\n\n\n<p>O Tribunal de Contas da Uni\u00e3o teve a designa\u00e7\u00e3o do grupo de trabalho, para realiza\u00e7\u00e3o do concurso p\u00fablico e programa de forma\u00e7\u00e3o, publicada no Di\u00e1rio Oficial da Uni\u00e3o no dia 28 de fevereiro de 2020. Os movimentos no processo demonstravam grandes probabilidades do edital ser publicado ainda no primeiro semestre de 2020.<\/p>\n\n\n\n<p>Os editais dos \u00faltimos certames do TCU foram todos publicados no m\u00eas de Abril. Esse fato tamb\u00e9m apontava para publica\u00e7\u00e3o do edital nesse primeiro semestre. O TCU \u00e9, dentre os concursos de Tribunais de Contas, um dos concursos que possui um dos espectros mais abrangentes de disciplinas e tamb\u00e9m uma particular dificuldade encontrada em suas quest\u00f5es. Dessa maneira, \u00e9 muito comum que diversos candidatos, principalmente aqueles especializados na \u00c1rea de Controle, tendam a focar especificamente nele.<\/p>\n\n\n\n<p>Nosso intuito \u00e9 analisar os diferentes cen\u00e1rios e verificar quais s\u00e3o as possibilidades desses candidatos que vinham com esse foco. &nbsp;A an\u00e1lise gira em torno da pandemia do COVID-19 e o TCU.<\/p>\n\n\n\n<p>Site do TCU:  <a href=\"https:\/\/portal.tcu.gov.br\/inicio\/index.htm\">https:\/\/portal.tcu.gov.br\/inicio\/index.htm<\/a><\/p>\n\n\n\n<h2 class=\"wp-block-heading\">Certames de Tribunais de Contas suspensos \u2013 TCE RJ, TCM SP e TCDF<\/h2>\n\n\n\n<p>Conforme dito acima, esses 3 certames j\u00e1 possu\u00edam prov\u00e1veis datas para realiza\u00e7\u00f5es das provas. A situa\u00e7\u00e3o gerada pelo COVID-19 os for\u00e7ou a suspenderem os editais em curso. As prov\u00e1veis datas de provas para o TCE RJ, TCM SP e TCDF eram, respectivamente, 9 e 10 de maio, 19 e 26 de abril e 31 de maio.<\/p>\n\n\n\n<p>Notamos que as 3 datas eram bastante pr\u00f3ximas, ou seja, seria muito dif\u00edcil, e at\u00e9 prejudicial, fazer as tr\u00eas provas. Dessa forma, \u00e9 poss\u00edvel que essa suspens\u00e3o acabe por aumentar os intervalos de tempo entre as provas. Al\u00e9m disso, tamb\u00e9m h\u00e1 mais tempo para os candidatos estudarem durante o per\u00edodo de suspens\u00e3o.<\/p>\n\n\n\n<h2 class=\"wp-block-heading\">Compara\u00e7\u00e3o entre disciplinas do TCE RJ, TCDF e TCU<\/h2>\n\n\n\n<p>Comparando-se o edital de 2015 do TCU ao edital atual do TCE RJ temos que as disciplinas discrepantes s\u00e3o:<\/p>\n\n\n\n<ul class=\"wp-block-list\"><li><strong>Economia<\/strong>, <strong>Estat\u00edstica<\/strong> e <strong>Direito Processual Civil<\/strong> cobradas no <strong>TCU<\/strong> e <strong>n\u00e3o<\/strong> cobradas no <strong>TCE<\/strong> <strong>RJ<\/strong>.<\/li><\/ul>\n\n\n\n<p>\u00c9 v\u00e1lido lembrar que isso \u00e9 uma <strong>an\u00e1lise<\/strong> das <strong>mat\u00e9rias<\/strong> e <strong>n\u00e3o<\/strong> dos <strong>conte\u00fados<\/strong> que as comp\u00f5em. Existem temas espec\u00edficos ao ente realizador do concurso do TCE RJ que n\u00e3o s\u00e3o cobrados no TCU. Destaque para o regimento interno e a lei org\u00e2nica do TCE RJ.<\/p>\n\n\n\n<p>J\u00e1 no caso do TCDF, temos:<\/p>\n\n\n\n<ul class=\"wp-block-list\"><li><strong>Administra\u00e7\u00e3o P\u00fablica<\/strong> cobrada no <strong>TCU<\/strong> e <strong>n\u00e3o<\/strong> cobrada no <strong>TCDF<\/strong><\/li><li><strong>Finan\u00e7as Corporativas<\/strong> cobrada no <strong>TCDF<\/strong> e <strong>n\u00e3o<\/strong> cobrada no <strong>TCU<\/strong><\/li><\/ul>\n\n\n\n<p>O coment\u00e1rio sobre t\u00f3picos espec\u00edficos relacionados ao TCE RJ tamb\u00e9m se estende ao caso TCDF. <\/p>\n\n\n\n<h2 class=\"wp-block-heading\">Panorama do cen\u00e1rio atual: concursos suspensos, COVID-19 e o TCU<\/h2>\n\n\n\n<p>O que todas as informa\u00e7\u00f5es relacionadas aos outros Tribunais de Contas t\u00eam a ver com alunos focados no TCU? \u00c9 importante ter consci\u00eancia que sempre podemos olhar para uma certa situa\u00e7\u00e3o de duas maneiras. O copo pode estar meio cheio ou pode estar meio vazio.<\/p>\n\n\n\n<p>Com certeza muitos estudantes que estavam muito animados com as not\u00edcias do TCU receberam um banho de \u00e1gua fria. Por\u00e9m, \u00e9 de conhecimento geral que, para competir em um certame do n\u00edvel do TCU, \u00e9 necess\u00e1rio que o candidato j\u00e1 esteja num alto n\u00edvel de prepara\u00e7\u00e3o antes da publica\u00e7\u00e3o do edital.<\/p>\n\n\n\n<p>Dessa forma, essa rela\u00e7\u00e3o entre o COVID-19 e o TCU acaba sendo a oportunidade de rever e analisar novamente os pr\u00f3ximos passos a serem seguidos. Essa reavalia\u00e7\u00e3o \u00e9 extremamente necess\u00e1ria no momento atual. Ser\u00e1 que aqueles que estavam com foco no TCU podem aproveitar essas oportunidades que est\u00e3o suspensas no momento, mas que estar\u00e3o dispon\u00edveis nos pr\u00f3ximos meses?<\/p>\n\n\n\n<p>\u00c9 necess\u00e1ria a utiliza\u00e7\u00e3o de alguns padr\u00f5es de situa\u00e7\u00f5es que facilitem essa an\u00e1lise. Tais padr\u00f5es de situa\u00e7\u00f5es utilizados representam uma \u201cm\u00e9dia\u201d de algumas realidades existentes. Dessa forma, \u00e9 importante que o candidato analise a sua pr\u00f3pria e espec\u00edfica situa\u00e7\u00e3o, que com certeza ter\u00e1 diversos par\u00e2metros adicionais a serem analisados, quando em compara\u00e7\u00e3o com os \u201cgrandes grupos\u201d a seguir.<\/p>\n\n\n\n<div class=\"wp-block-image\"><figure class=\"aligncenter size-large is-resized\"><img loading=\"lazy\" decoding=\"async\" src=\"https:\/\/dhg1h5j42swfq.cloudfront.net\/2020\/03\/29160729\/tcu.jpg\" alt=\"COVID-19 e o TCU\" class=\"wp-image-497696\" width=\"337\" height=\"252\"\/><figcaption>Tribunal de Contas da Uni\u00e3o<\/figcaption><\/figure><\/div>\n\n\n\n<h2 class=\"wp-block-heading\">Situa\u00e7\u00e3o 1: conte\u00fado completo do \u00faltimo edital do TCU j\u00e1 estudado e consolidado<\/h2>\n\n\n\n<p>O primeiro caso \u00e9 daquele candidato que possui foco no TCU e j\u00e1 conseguiu estudar todo o conte\u00fado do \u00faltimo edital. Al\u00e9m de t\u00ea-lo estudado, tamb\u00e9m est\u00e1 com todos os assuntos bastante consolidados. Esse \u00e9 o perfil que pode aproveitar bastante a rela\u00e7\u00e3o entre o COVID-19 e o TCU. &nbsp;<\/p>\n\n\n\n<p>Levando em considera\u00e7\u00e3o que o edital do TCU \u00e9 consideravelmente mais amplo que o dos outros tr\u00eas concursos suspensos, \u00e9 um \u00f3timo momento para esse tipo de candidato verificar a possibilidade de realiza\u00e7\u00e3o de um desses outros certames. Com certeza existem pontos espec\u00edficos, relativos a cada concurso em espec\u00edfico, seja o TCE RJ ou o TCDF, a serem estudados, como estatuto dos servidores locais, lei org\u00e2nica local e, principalmente, o regimento interno e a lei org\u00e2nica do Tribunal de Contas em quest\u00e3o.<\/p>\n\n\n\n<p><a href=\"https:\/\/www.estrategiaconcursos.com.br\/blog\/wp-admin\/revision.php?revision=501963&amp;gutenberg=true\">4 revis\u00f5es<\/a><\/p>\n\n\n\n<p>Esses \u00faltimos dois pontos evidenciados s\u00e3o, com certeza, os mais trabalhosos. O esfor\u00e7o para estud\u00e1-los deve-se ao fato de serem muito importantes nos concursos da \u00c1rea de Controle. Contudo, para um candidato que j\u00e1 est\u00e1 consideravelmente afiado para o TCU, acaba sendo uma grande oportunidade de realizar uma outra prova de alto n\u00edvel, testar seus conhecimentos e ter a experi\u00eancia de estudar em meio a um p\u00f3s edital. O p\u00f3s edital \u00e9 um momento de cataliza\u00e7\u00e3o da prepara\u00e7\u00e3o, podendo trazer muito progresso ao candidato.<\/p>\n\n\n\n<p>Nos casos do TCE RJ e do TCDF, a banca organizadora \u00e9 o CESPE, a qual costuma organizar o certame do TCU. O TCM SP est\u00e1 sendo organizado pela Vunesp, banca que possui um estilo de cobran\u00e7a muito distante do CESPE. Dessa forma, o candidato que se enquadra nessa situa\u00e7\u00e3o 1) deve dar prefer\u00eancia \u00e0 an\u00e1lise dos editais do TCE RJ e do TCDF para verificar a possibilidade de realiza\u00e7\u00e3o de algum deles.<\/p>\n\n\n\n<h2 class=\"wp-block-heading\">Situa\u00e7\u00e3o 2: conte\u00fado das mat\u00e9rias base do \u00faltimo edital do TCU j\u00e1 estudado e consolidado, somente faltando alguns pontos relacionados a t\u00f3picos espec\u00edficos do TCU<\/h2>\n\n\n\n<p>Vamos analisar como esse grupo deve se portar em rela\u00e7\u00e3o ao COVID-19 e o TCU. Nesse caso, o aluno possui bons conhecimentos em muitas disciplinas, aquelas que s\u00e3o cobradas em comum para todos os concursos da \u00c1rea de Controle. Ainda restam estudar t\u00f3picos espec\u00edficos do TCU. Por outro lado, o candidato j\u00e1 est\u00e1 com o edital quase fechado para os outros Tribunais de Contas que est\u00e3o com os concursos suspensos, sendo necess\u00e1rio o estudo da parte espec\u00edfica.<\/p>\n\n\n\n<p>Nesse caso, tamb\u00e9m h\u00e1 uma evidente possibilidade de o candidato realizar algum desses 3 certames, tendo em vista a experi\u00eancia de prova e tamb\u00e9m o processo de progresso acelerado que pode ser obtido com um estudo de p\u00f3s edital bem sedimentado e organizado.<\/p>\n\n\n\n<h2 class=\"wp-block-heading\">Situa\u00e7\u00e3o 3: ainda restam muitos t\u00f3picos do \u00faltimo edital do TCU a serem estudados<\/h2>\n\n\n\n<p>Essa \u00e9 a situa\u00e7\u00e3o na qual alunos que tomam o concurso do TCU como refer\u00eancia ainda est\u00e3o no caminho do estudo, ou seja, ainda possuem muitas mat\u00e9rias inteiras ou grande t\u00f3picos a serem estudados. Isso demonstra que ainda h\u00e1 muito conte\u00fado a ser estudado para completarem ao menos as mat\u00e9rias base do \u00faltimo edital do TCU. Dessa forma, \u00e9 interessante que o candidato continue a avan\u00e7ar nos conte\u00fados e aproveite esse per\u00edodo de suspens\u00e3o como um presente: mais tempo para se preparar o m\u00e1ximo poss\u00edvel antes do lan\u00e7amento do edital do TCU.<\/p>\n\n\n\n<p>Em rela\u00e7\u00e3o a todas as recomenda\u00e7\u00f5es em todas as situa\u00e7\u00f5es descritas: relembramos que isso \u00e9 uma an\u00e1lise geral e as devidas peculiaridades de cada caso devem ser levadas em considera\u00e7\u00e3o.<\/p>\n\n\n\n<h2 class=\"wp-block-heading\">Concluindo<\/h2>\n\n\n\n<p>Conforme evidenciado no texto, h\u00e1 muitas rela\u00e7\u00f5es entre o COVID-19 e o TCU. Dessa forma, \u00e9 o momento de o aluno respirar fundo e analisar sua situa\u00e7\u00e3o com frieza e estrat\u00e9gia para fazer uma limonada desses lim\u00f5es.<\/p>\n\n\n\n<p>\u00d3timos estudos e grande abra\u00e7o a todos.<\/p>\n\n\n\n<p class=\"has-text-align-right\">Caio Castilho<\/p>\n\n\n\n<p class=\"has-text-align-center has-medium-font-size\"><em><strong>Assinatura Anual Ilimitada*<\/strong><\/em><\/p>\n\n\n\n<p class=\"has-text-align-center\"><em>Prepare-se com o melhor material e com quem mais aprova em Concursos P\u00fablicos em todo o pa\u00eds. Assine agora a nossa Assinatura Anual e tenha acesso ilimitado* a todos os nossos cursos.<\/em><\/p>\n\n\n\n<p style=\"font-size:22px\" class=\"has-background has-text-align-center has-luminous-vivid-amber-background-color\"><strong>ASSINE AGORA<\/strong>&nbsp;\u2013&nbsp;<a rel=\"noreferrer noopener\" href=\"https:\/\/www.estrategiaconcursos.com.br\/assinaturas\" target=\"_blank\"><strong>Assinatura Ilimitada<\/strong><\/a><\/p>\n\n\n\n<p class=\"has-text-align-center has-medium-font-size\"><em><strong>Fique por dentro de todos os concursos<\/strong><\/em>:<\/p>\n\n\n\n<p style=\"font-size:22px\" class=\"has-background has-text-align-center has-pale-cyan-blue-background-color\"><a rel=\"noreferrer noopener\" href=\"https:\/\/www.estrategiaconcursos.com.br\/blog\/concursos-abertos\/\" target=\"_blank\"><strong>Concursos abertos<\/strong><\/a><\/p>\n\n\n\n<p style=\"font-size:22px\" class=\"has-background has-text-align-center has-pale-cyan-blue-background-color\"><a rel=\"noreferrer noopener\" href=\"https:\/\/www.estrategiaconcursos.com.br\/blog\/concursos-2020\/\" target=\"_blank\"><strong>Concursos 2020<\/strong><\/a><\/p>\n\n\n<p><!--EndFragment--><\/p>\n\n\n<p><\/p>\n","protected":false},"excerpt":{"rendered":"<p>Ol\u00e1, queridas e queridos! Como est\u00e3o? O artigo em quest\u00e3o ir\u00e1 trazer uma an\u00e1lise geral sobre a situa\u00e7\u00e3o do COVID-19 e o TCU. Ser\u00e1 que vale a pena continuar com esse foco espec\u00edfico? Vamos conferir! Contexto do COVID-19 Estamos passando por um momento delicado da nossa hist\u00f3ria. A pandemia do COVID-19 \u00e9 uma situa\u00e7\u00e3o global [&hellip;]<\/p>\n","protected":false},"author":1669,"featured_media":124926,"comment_status":"open","ping_status":"closed","sticky":false,"template":"","format":"standard","meta":{"post_tipo":"article","footnotes":""},"categories":[1],"tags":[],"tax_estado":[],"class_list":["post-500217","post","type-post","status-publish","format-standard","has-post-thumbnail","hentry","category-cursos-e-concursos"],"acf":[],"yoast_head":"<!-- This site is optimized with the Yoast SEO Premium plugin v27.2 (Yoast SEO v27.2) - https:\/\/yoast.com\/product\/yoast-seo-premium-wordpress\/ -->\n<title>COVID-19 e o TCU: vale a pena continuar com esse foco?<\/title>\n<meta name=\"description\" content=\"Situa\u00e7\u00e3o entre o COVID-19 e o TCU: devo continuar com esse foco? Quais s\u00e3o as outras oportunidades do momento para a \u00c1rea de Controle? Confira a an\u00e1lise!\" \/>\n<meta name=\"robots\" content=\"index, follow, max-snippet:-1, max-image-preview:large, max-video-preview:-1\" \/>\n<link rel=\"canonical\" href=\"https:\/\/www.estrategiaconcursos.com.br\/blog\/covid-19-e-o-tcu-vale-a-pena-continuar-com-esse-foco\/\" \/>\n<meta property=\"og:locale\" content=\"pt_BR\" \/>\n<meta property=\"og:type\" content=\"article\" \/>\n<meta property=\"og:title\" content=\"COVID-19 e o TCU: vale a pena continuar com esse foco?\" \/>\n<meta property=\"og:description\" content=\"Situa\u00e7\u00e3o entre o COVID-19 e o TCU: devo continuar com esse foco? Quais s\u00e3o as outras oportunidades do momento para a \u00c1rea de Controle? Confira a an\u00e1lise!\" \/>\n<meta property=\"og:url\" content=\"https:\/\/www.estrategiaconcursos.com.br\/blog\/covid-19-e-o-tcu-vale-a-pena-continuar-com-esse-foco\/\" \/>\n<meta property=\"og:site_name\" content=\"Estrat\u00e9gia Concursos\" \/>\n<meta property=\"article:published_time\" content=\"2020-04-09T12:27:24+00:00\" \/>\n<meta property=\"article:modified_time\" content=\"2020-04-09T12:27:25+00:00\" \/>\n<meta property=\"og:image\" content=\"https:\/\/dhg1h5j42swfq.cloudfront.net\/2018\/06\/07144203\/jornalismo-TCU-e1586290905470.jpg\" \/>\n\t<meta property=\"og:image:width\" content=\"1200\" \/>\n\t<meta property=\"og:image:height\" content=\"555\" \/>\n\t<meta property=\"og:image:type\" content=\"image\/jpeg\" \/>\n<meta name=\"author\" content=\"Caio Castilho\" \/>\n<meta name=\"twitter:card\" content=\"summary_large_image\" \/>\n<meta name=\"twitter:creator\" content=\"@EstratConcursos\" \/>\n<meta name=\"twitter:site\" content=\"@EstratConcursos\" \/>\n<meta name=\"twitter:label1\" content=\"Escrito por\" \/>\n\t<meta name=\"twitter:data1\" content=\"Caio Castilho\" \/>\n\t<meta name=\"twitter:label2\" content=\"Est. tempo de leitura\" \/>\n\t<meta name=\"twitter:data2\" content=\"8 minutos\" \/>\n<script type=\"application\/ld+json\" class=\"yoast-schema-graph\">{\"@context\":\"https:\/\/schema.org\",\"@graph\":[{\"@type\":\"NewsArticle\",\"@id\":\"https:\/\/www.estrategiaconcursos.com.br\/blog\/covid-19-e-o-tcu-vale-a-pena-continuar-com-esse-foco\/#article\",\"isPartOf\":{\"@id\":\"https:\/\/www.estrategiaconcursos.com.br\/blog\/covid-19-e-o-tcu-vale-a-pena-continuar-com-esse-foco\/\"},\"author\":{\"name\":\"Caio Castilho\",\"@id\":\"https:\/\/www.estrategiaconcursos.com.br\/blog\/#\/schema\/person\/8d62954f4424329ee52d400c0febe0cc\"},\"headline\":\"COVID-19 e o TCU: vale a pena continuar com esse foco?\",\"datePublished\":\"2020-04-09T12:27:24+00:00\",\"dateModified\":\"2020-04-09T12:27:25+00:00\",\"mainEntityOfPage\":{\"@id\":\"https:\/\/www.estrategiaconcursos.com.br\/blog\/covid-19-e-o-tcu-vale-a-pena-continuar-com-esse-foco\/\"},\"wordCount\":1643,\"commentCount\":0,\"publisher\":{\"@id\":\"https:\/\/www.estrategiaconcursos.com.br\/blog\/#organization\"},\"image\":{\"@id\":\"https:\/\/www.estrategiaconcursos.com.br\/blog\/covid-19-e-o-tcu-vale-a-pena-continuar-com-esse-foco\/#primaryimage\"},\"thumbnailUrl\":\"https:\/\/dhg1h5j42swfq.cloudfront.net\/2018\/06\/07144203\/jornalismo-TCU-e1586290905470.jpg\",\"articleSection\":[\"Concursos P\u00fablicos\"],\"inLanguage\":\"pt-BR\",\"potentialAction\":[{\"@type\":\"CommentAction\",\"name\":\"Comment\",\"target\":[\"https:\/\/www.estrategiaconcursos.com.br\/blog\/covid-19-e-o-tcu-vale-a-pena-continuar-com-esse-foco\/#respond\"]}],\"copyrightYear\":\"2020\",\"copyrightHolder\":{\"@id\":\"https:\/\/www.estrategiaconcursos.com.br\/blog\/#organization\"}},{\"@type\":\"WebPage\",\"@id\":\"https:\/\/www.estrategiaconcursos.com.br\/blog\/covid-19-e-o-tcu-vale-a-pena-continuar-com-esse-foco\/\",\"url\":\"https:\/\/www.estrategiaconcursos.com.br\/blog\/covid-19-e-o-tcu-vale-a-pena-continuar-com-esse-foco\/\",\"name\":\"COVID-19 e o TCU: vale a pena continuar com esse foco?\",\"isPartOf\":{\"@id\":\"https:\/\/www.estrategiaconcursos.com.br\/blog\/#website\"},\"primaryImageOfPage\":{\"@id\":\"https:\/\/www.estrategiaconcursos.com.br\/blog\/covid-19-e-o-tcu-vale-a-pena-continuar-com-esse-foco\/#primaryimage\"},\"image\":{\"@id\":\"https:\/\/www.estrategiaconcursos.com.br\/blog\/covid-19-e-o-tcu-vale-a-pena-continuar-com-esse-foco\/#primaryimage\"},\"thumbnailUrl\":\"https:\/\/dhg1h5j42swfq.cloudfront.net\/2018\/06\/07144203\/jornalismo-TCU-e1586290905470.jpg\",\"datePublished\":\"2020-04-09T12:27:24+00:00\",\"dateModified\":\"2020-04-09T12:27:25+00:00\",\"description\":\"Situa\u00e7\u00e3o entre o COVID-19 e o TCU: devo continuar com esse foco? Quais s\u00e3o as outras oportunidades do momento para a \u00c1rea de Controle? Confira a an\u00e1lise!\",\"breadcrumb\":{\"@id\":\"https:\/\/www.estrategiaconcursos.com.br\/blog\/covid-19-e-o-tcu-vale-a-pena-continuar-com-esse-foco\/#breadcrumb\"},\"inLanguage\":\"pt-BR\",\"potentialAction\":[{\"@type\":\"ReadAction\",\"target\":[\"https:\/\/www.estrategiaconcursos.com.br\/blog\/covid-19-e-o-tcu-vale-a-pena-continuar-com-esse-foco\/\"]}]},{\"@type\":\"ImageObject\",\"inLanguage\":\"pt-BR\",\"@id\":\"https:\/\/www.estrategiaconcursos.com.br\/blog\/covid-19-e-o-tcu-vale-a-pena-continuar-com-esse-foco\/#primaryimage\",\"url\":\"https:\/\/dhg1h5j42swfq.cloudfront.net\/2018\/06\/07144203\/jornalismo-TCU-e1586290905470.jpg\",\"contentUrl\":\"https:\/\/dhg1h5j42swfq.cloudfront.net\/2018\/06\/07144203\/jornalismo-TCU-e1586290905470.jpg\",\"width\":1200,\"height\":555,\"caption\":\"Concurso TCU\"},{\"@type\":\"BreadcrumbList\",\"@id\":\"https:\/\/www.estrategiaconcursos.com.br\/blog\/covid-19-e-o-tcu-vale-a-pena-continuar-com-esse-foco\/#breadcrumb\",\"itemListElement\":[{\"@type\":\"ListItem\",\"position\":1,\"name\":\"In\u00edcio\",\"item\":\"https:\/\/www.estrategiaconcursos.com.br\/blog\/\"},{\"@type\":\"ListItem\",\"position\":2,\"name\":\"COVID-19 e o TCU: vale a pena continuar com esse foco?\"}]},{\"@type\":\"WebSite\",\"@id\":\"https:\/\/www.estrategiaconcursos.com.br\/blog\/#website\",\"url\":\"https:\/\/www.estrategiaconcursos.com.br\/blog\/\",\"name\":\"Estrat\u00e9gia Concursos\",\"description\":\"O blog da Estrat\u00e9gia Concursos traz not\u00edcias sobre concursos e artigos de professores oferecendo cursos para concursos (pdf + videaulas) no site.\",\"publisher\":{\"@id\":\"https:\/\/www.estrategiaconcursos.com.br\/blog\/#organization\"},\"potentialAction\":[{\"@type\":\"SearchAction\",\"target\":{\"@type\":\"EntryPoint\",\"urlTemplate\":\"https:\/\/www.estrategiaconcursos.com.br\/blog\/?s={search_term_string}\"},\"query-input\":{\"@type\":\"PropertyValueSpecification\",\"valueRequired\":true,\"valueName\":\"search_term_string\"}}],\"inLanguage\":\"pt-BR\"},{\"@type\":\"Organization\",\"@id\":\"https:\/\/www.estrategiaconcursos.com.br\/blog\/#organization\",\"name\":\"Estrat\u00e9gia Concursos\",\"url\":\"https:\/\/www.estrategiaconcursos.com.br\/blog\/\",\"logo\":{\"@type\":\"ImageObject\",\"inLanguage\":\"pt-BR\",\"@id\":\"https:\/\/www.estrategiaconcursos.com.br\/blog\/#\/schema\/logo\/image\/\",\"url\":\"https:\/\/dhg1h5j42swfq.cloudfront.net\/2025\/06\/03203428\/logo_concursos-1.jpg\",\"contentUrl\":\"https:\/\/dhg1h5j42swfq.cloudfront.net\/2025\/06\/03203428\/logo_concursos-1.jpg\",\"width\":230,\"height\":60,\"caption\":\"Estrat\u00e9gia Concursos\"},\"image\":{\"@id\":\"https:\/\/www.estrategiaconcursos.com.br\/blog\/#\/schema\/logo\/image\/\"},\"sameAs\":[\"https:\/\/x.com\/EstratConcursos\"]},{\"@type\":\"Person\",\"@id\":\"https:\/\/www.estrategiaconcursos.com.br\/blog\/#\/schema\/person\/8d62954f4424329ee52d400c0febe0cc\",\"name\":\"Caio Castilho\",\"image\":{\"@type\":\"ImageObject\",\"inLanguage\":\"pt-BR\",\"@id\":\"https:\/\/secure.gravatar.com\/avatar\/1da9aff9efce368a4332530a451e9206b92672d90569be0efc053d12d87a3943?s=96&d=mm&r=g\",\"url\":\"https:\/\/secure.gravatar.com\/avatar\/1da9aff9efce368a4332530a451e9206b92672d90569be0efc053d12d87a3943?s=96&d=mm&r=g\",\"contentUrl\":\"https:\/\/secure.gravatar.com\/avatar\/1da9aff9efce368a4332530a451e9206b92672d90569be0efc053d12d87a3943?s=96&d=mm&r=g\",\"caption\":\"Caio Castilho\"},\"description\":\"19\u00ba colocado na \u00e1rea de auditoria e fiscaliza\u00e7\u00e3o na SEFAZ SC 38\u00ba colocado na SEFAZ GO (28 vagas) Graduado em Engenharia de Materiais pela UFSCar (Universidade Federal de S\u00e3o Carlos)\",\"url\":\"https:\/\/www.estrategiaconcursos.com.br\/blog\/author\/caio-castilho-ccgmail-com\/\"}]}<\/script>\n<!-- \/ Yoast SEO Premium plugin. -->","yoast_head_json":{"title":"COVID-19 e o TCU: vale a pena continuar com esse foco?","description":"Situa\u00e7\u00e3o entre o COVID-19 e o TCU: devo continuar com esse foco? Quais s\u00e3o as outras oportunidades do momento para a \u00c1rea de Controle? Confira a an\u00e1lise!","robots":{"index":"index","follow":"follow","max-snippet":"max-snippet:-1","max-image-preview":"max-image-preview:large","max-video-preview":"max-video-preview:-1"},"canonical":"https:\/\/www.estrategiaconcursos.com.br\/blog\/covid-19-e-o-tcu-vale-a-pena-continuar-com-esse-foco\/","og_locale":"pt_BR","og_type":"article","og_title":"COVID-19 e o TCU: vale a pena continuar com esse foco?","og_description":"Situa\u00e7\u00e3o entre o COVID-19 e o TCU: devo continuar com esse foco? Quais s\u00e3o as outras oportunidades do momento para a \u00c1rea de Controle? Confira a an\u00e1lise!","og_url":"https:\/\/www.estrategiaconcursos.com.br\/blog\/covid-19-e-o-tcu-vale-a-pena-continuar-com-esse-foco\/","og_site_name":"Estrat\u00e9gia Concursos","article_published_time":"2020-04-09T12:27:24+00:00","article_modified_time":"2020-04-09T12:27:25+00:00","og_image":[{"width":1200,"height":555,"url":"https:\/\/dhg1h5j42swfq.cloudfront.net\/2018\/06\/07144203\/jornalismo-TCU-e1586290905470.jpg","type":"image\/jpeg"}],"author":"Caio Castilho","twitter_card":"summary_large_image","twitter_creator":"@EstratConcursos","twitter_site":"@EstratConcursos","twitter_misc":{"Escrito por":"Caio Castilho","Est. tempo de leitura":"8 minutos"},"schema":{"@context":"https:\/\/schema.org","@graph":[{"@type":"NewsArticle","@id":"https:\/\/www.estrategiaconcursos.com.br\/blog\/covid-19-e-o-tcu-vale-a-pena-continuar-com-esse-foco\/#article","isPartOf":{"@id":"https:\/\/www.estrategiaconcursos.com.br\/blog\/covid-19-e-o-tcu-vale-a-pena-continuar-com-esse-foco\/"},"author":{"name":"Caio Castilho","@id":"https:\/\/www.estrategiaconcursos.com.br\/blog\/#\/schema\/person\/8d62954f4424329ee52d400c0febe0cc"},"headline":"COVID-19 e o TCU: vale a pena continuar com esse foco?","datePublished":"2020-04-09T12:27:24+00:00","dateModified":"2020-04-09T12:27:25+00:00","mainEntityOfPage":{"@id":"https:\/\/www.estrategiaconcursos.com.br\/blog\/covid-19-e-o-tcu-vale-a-pena-continuar-com-esse-foco\/"},"wordCount":1643,"commentCount":0,"publisher":{"@id":"https:\/\/www.estrategiaconcursos.com.br\/blog\/#organization"},"image":{"@id":"https:\/\/www.estrategiaconcursos.com.br\/blog\/covid-19-e-o-tcu-vale-a-pena-continuar-com-esse-foco\/#primaryimage"},"thumbnailUrl":"https:\/\/dhg1h5j42swfq.cloudfront.net\/2018\/06\/07144203\/jornalismo-TCU-e1586290905470.jpg","articleSection":["Concursos P\u00fablicos"],"inLanguage":"pt-BR","potentialAction":[{"@type":"CommentAction","name":"Comment","target":["https:\/\/www.estrategiaconcursos.com.br\/blog\/covid-19-e-o-tcu-vale-a-pena-continuar-com-esse-foco\/#respond"]}],"copyrightYear":"2020","copyrightHolder":{"@id":"https:\/\/www.estrategiaconcursos.com.br\/blog\/#organization"}},{"@type":"WebPage","@id":"https:\/\/www.estrategiaconcursos.com.br\/blog\/covid-19-e-o-tcu-vale-a-pena-continuar-com-esse-foco\/","url":"https:\/\/www.estrategiaconcursos.com.br\/blog\/covid-19-e-o-tcu-vale-a-pena-continuar-com-esse-foco\/","name":"COVID-19 e o TCU: vale a pena continuar com esse foco?","isPartOf":{"@id":"https:\/\/www.estrategiaconcursos.com.br\/blog\/#website"},"primaryImageOfPage":{"@id":"https:\/\/www.estrategiaconcursos.com.br\/blog\/covid-19-e-o-tcu-vale-a-pena-continuar-com-esse-foco\/#primaryimage"},"image":{"@id":"https:\/\/www.estrategiaconcursos.com.br\/blog\/covid-19-e-o-tcu-vale-a-pena-continuar-com-esse-foco\/#primaryimage"},"thumbnailUrl":"https:\/\/dhg1h5j42swfq.cloudfront.net\/2018\/06\/07144203\/jornalismo-TCU-e1586290905470.jpg","datePublished":"2020-04-09T12:27:24+00:00","dateModified":"2020-04-09T12:27:25+00:00","description":"Situa\u00e7\u00e3o entre o COVID-19 e o TCU: devo continuar com esse foco? Quais s\u00e3o as outras oportunidades do momento para a \u00c1rea de Controle? Confira a an\u00e1lise!","breadcrumb":{"@id":"https:\/\/www.estrategiaconcursos.com.br\/blog\/covid-19-e-o-tcu-vale-a-pena-continuar-com-esse-foco\/#breadcrumb"},"inLanguage":"pt-BR","potentialAction":[{"@type":"ReadAction","target":["https:\/\/www.estrategiaconcursos.com.br\/blog\/covid-19-e-o-tcu-vale-a-pena-continuar-com-esse-foco\/"]}]},{"@type":"ImageObject","inLanguage":"pt-BR","@id":"https:\/\/www.estrategiaconcursos.com.br\/blog\/covid-19-e-o-tcu-vale-a-pena-continuar-com-esse-foco\/#primaryimage","url":"https:\/\/dhg1h5j42swfq.cloudfront.net\/2018\/06\/07144203\/jornalismo-TCU-e1586290905470.jpg","contentUrl":"https:\/\/dhg1h5j42swfq.cloudfront.net\/2018\/06\/07144203\/jornalismo-TCU-e1586290905470.jpg","width":1200,"height":555,"caption":"Concurso TCU"},{"@type":"BreadcrumbList","@id":"https:\/\/www.estrategiaconcursos.com.br\/blog\/covid-19-e-o-tcu-vale-a-pena-continuar-com-esse-foco\/#breadcrumb","itemListElement":[{"@type":"ListItem","position":1,"name":"In\u00edcio","item":"https:\/\/www.estrategiaconcursos.com.br\/blog\/"},{"@type":"ListItem","position":2,"name":"COVID-19 e o TCU: vale a pena continuar com esse foco?"}]},{"@type":"WebSite","@id":"https:\/\/www.estrategiaconcursos.com.br\/blog\/#website","url":"https:\/\/www.estrategiaconcursos.com.br\/blog\/","name":"Estrat\u00e9gia Concursos","description":"O blog da Estrat\u00e9gia Concursos traz not\u00edcias sobre concursos e artigos de professores oferecendo cursos para concursos (pdf + videaulas) no site.","publisher":{"@id":"https:\/\/www.estrategiaconcursos.com.br\/blog\/#organization"},"potentialAction":[{"@type":"SearchAction","target":{"@type":"EntryPoint","urlTemplate":"https:\/\/www.estrategiaconcursos.com.br\/blog\/?s={search_term_string}"},"query-input":{"@type":"PropertyValueSpecification","valueRequired":true,"valueName":"search_term_string"}}],"inLanguage":"pt-BR"},{"@type":"Organization","@id":"https:\/\/www.estrategiaconcursos.com.br\/blog\/#organization","name":"Estrat\u00e9gia Concursos","url":"https:\/\/www.estrategiaconcursos.com.br\/blog\/","logo":{"@type":"ImageObject","inLanguage":"pt-BR","@id":"https:\/\/www.estrategiaconcursos.com.br\/blog\/#\/schema\/logo\/image\/","url":"https:\/\/dhg1h5j42swfq.cloudfront.net\/2025\/06\/03203428\/logo_concursos-1.jpg","contentUrl":"https:\/\/dhg1h5j42swfq.cloudfront.net\/2025\/06\/03203428\/logo_concursos-1.jpg","width":230,"height":60,"caption":"Estrat\u00e9gia Concursos"},"image":{"@id":"https:\/\/www.estrategiaconcursos.com.br\/blog\/#\/schema\/logo\/image\/"},"sameAs":["https:\/\/x.com\/EstratConcursos"]},{"@type":"Person","@id":"https:\/\/www.estrategiaconcursos.com.br\/blog\/#\/schema\/person\/8d62954f4424329ee52d400c0febe0cc","name":"Caio Castilho","image":{"@type":"ImageObject","inLanguage":"pt-BR","@id":"https:\/\/secure.gravatar.com\/avatar\/1da9aff9efce368a4332530a451e9206b92672d90569be0efc053d12d87a3943?s=96&d=mm&r=g","url":"https:\/\/secure.gravatar.com\/avatar\/1da9aff9efce368a4332530a451e9206b92672d90569be0efc053d12d87a3943?s=96&d=mm&r=g","contentUrl":"https:\/\/secure.gravatar.com\/avatar\/1da9aff9efce368a4332530a451e9206b92672d90569be0efc053d12d87a3943?s=96&d=mm&r=g","caption":"Caio Castilho"},"description":"19\u00ba colocado na \u00e1rea de auditoria e fiscaliza\u00e7\u00e3o na SEFAZ SC 38\u00ba colocado na SEFAZ GO (28 vagas) Graduado em Engenharia de Materiais pela UFSCar (Universidade Federal de S\u00e3o Carlos)","url":"https:\/\/www.estrategiaconcursos.com.br\/blog\/author\/caio-castilho-ccgmail-com\/"}]}},"_links":{"self":[{"href":"https:\/\/www.estrategiaconcursos.com.br\/blog\/wp-json\/wp\/v2\/posts\/500217","targetHints":{"allow":["GET"]}}],"collection":[{"href":"https:\/\/www.estrategiaconcursos.com.br\/blog\/wp-json\/wp\/v2\/posts"}],"about":[{"href":"https:\/\/www.estrategiaconcursos.com.br\/blog\/wp-json\/wp\/v2\/types\/post"}],"author":[{"embeddable":true,"href":"https:\/\/www.estrategiaconcursos.com.br\/blog\/wp-json\/wp\/v2\/users\/1669"}],"replies":[{"embeddable":true,"href":"https:\/\/www.estrategiaconcursos.com.br\/blog\/wp-json\/wp\/v2\/comments?post=500217"}],"version-history":[{"count":5,"href":"https:\/\/www.estrategiaconcursos.com.br\/blog\/wp-json\/wp\/v2\/posts\/500217\/revisions"}],"predecessor-version":[{"id":501968,"href":"https:\/\/www.estrategiaconcursos.com.br\/blog\/wp-json\/wp\/v2\/posts\/500217\/revisions\/501968"}],"wp:featuredmedia":[{"embeddable":true,"href":"https:\/\/www.estrategiaconcursos.com.br\/blog\/wp-json\/wp\/v2\/media\/124926"}],"wp:attachment":[{"href":"https:\/\/www.estrategiaconcursos.com.br\/blog\/wp-json\/wp\/v2\/media?parent=500217"}],"wp:term":[{"taxonomy":"category","embeddable":true,"href":"https:\/\/www.estrategiaconcursos.com.br\/blog\/wp-json\/wp\/v2\/categories?post=500217"},{"taxonomy":"post_tag","embeddable":true,"href":"https:\/\/www.estrategiaconcursos.com.br\/blog\/wp-json\/wp\/v2\/tags?post=500217"},{"taxonomy":"tax_estado","embeddable":true,"href":"https:\/\/www.estrategiaconcursos.com.br\/blog\/wp-json\/wp\/v2\/tax_estado?post=500217"}],"curies":[{"name":"wp","href":"https:\/\/api.w.org\/{rel}","templated":true}]}}