{"id":499489,"date":"2020-04-02T17:03:30","date_gmt":"2020-04-02T20:03:30","guid":{"rendered":"https:\/\/www.estrategiaconcursos.com.br\/blog\/?p=499489"},"modified":"2020-04-02T17:09:29","modified_gmt":"2020-04-02T20:09:29","slug":"concurso-camara-de-vila-velha-es-edital-sofre-retificacoes-confira","status":"publish","type":"post","link":"https:\/\/www.estrategiaconcursos.com.br\/blog\/concurso-camara-de-vila-velha-es-edital-sofre-retificacoes-confira\/","title":{"rendered":"Concurso C\u00e2mara de Vila Velha ES: edital sofre retifica\u00e7\u00f5es. Confira!"},"content":{"rendered":"\n<p>Foram publicadas duas retifica\u00e7\u00f5es no edital N\u00ba 01\/2020 do concurso C\u00e2mara de Vila Velha ES, do Esp\u00edrito Santo.<\/p>\n\n\n\n<p>O certame, organizado pelo Instituto Acess, oferta <strong>13 vagas imediatas e oportunidades para forma\u00e7\u00e3o de cadastro reserva<\/strong>, para cargos de n\u00edveis m\u00e9dio, t\u00e9cnico e superior. Confira abaixo as retifica\u00e7\u00f5es: <\/p>\n\n\n\n<h4 class=\"wp-block-heading\">Retifica\u00e7\u00e3o I:  <\/h4>\n\n\n\n<p>1 \u2013 No Anexo I (Atribui\u00e7\u00f5es dos cargos) do Edital n\u00ba 01\/2020, as atribui\u00e7\u00f5es dos cargos de Auditor Interno, Procurador, Assistente Legislativo, Assessor Legislativo, Auxiliar de Coordena\u00e7\u00e3o Legislativa e Redator de Atas Legislativas passam a ser definidas pela Resolu\u00e7\u00e3o N\u00ba 710, de setembro de 2015.<br \/><br \/>2 \u2013 O Anexo I (Atribui\u00e7\u00f5es dos cargos) do Edital n\u00ba 01\/2020, em conformidade com a Resolu\u00e7\u00e3o n\u00ba 710, de setembro de 2015, passa a ter a seguinte reda\u00e7\u00e3o: <br \/><br \/><strong>Auditor Interno<\/strong>: <br \/>Revisar e avaliar a efic\u00e1cia, sufici\u00eancia e aplica\u00e7\u00e3o dos controles cont\u00e1beis, financeiros e operacionais;<br \/>Determinar a extens\u00e3o do cumprimento das normas, dos planos e procedimentos vigentes; <br \/>Determinar a extens\u00e3o dos controles sobre a exist\u00eancia dos ativos da empresa e da sua prote\u00e7\u00e3o contra todo tipo<br \/>de perda; <br \/>Determinar o grau de confian\u00e7a, das informa\u00e7\u00f5es e dados cont\u00e1beis e de outra natureza, preparados dentro da empresa; Avaliar a qualidade alcan\u00e7ada na execu\u00e7\u00e3o de tarefas determinadas para o cumprimento das respectivas responsabilidades;<br \/>Avaliar os riscos estrat\u00e9gicos e de neg\u00f3cio da organiza\u00e7\u00e3o.<br \/><br \/><strong>Procurador<\/strong>:<br \/>Dirimir d\u00favidas jur\u00eddico-administrativas e legislativas; <br \/>Minutar conv\u00eanios, acordos, contratos, bem como outros documentos que envolvam mat\u00e9rias jur\u00eddicas; <br \/>Representar a C\u00e2mara Municipal em ju\u00edzo, ativa e passivamente; Colher informa\u00e7\u00f5es sobre leis, regulamentos e decretos federais, estaduais e municipais;<br \/>Pronunciar-se, quando solicitado, atrav\u00e9s de informa\u00e7\u00f5es ou pareceres, sobre processos diversos;<br \/>Manter atualizada a legisla\u00e7\u00e3o considerada necess\u00e1ria aos interesses da C\u00e2mara; <br \/>Exercer outras atribui\u00e7\u00f5es correlatas que lhe forem determinadas pelo Procurador Geral.<\/p>\n\n\n\n<p>3 \u2013 O Anexo II (Conte\u00fado Program\u00e1tico) do Edital n\u00ba 01\/2020, passa a ter a seguinte reda\u00e7\u00e3o:<br \/>Conhecimentos Espec\u00edficos (Auditor Interno)<br \/>SUPRESS\u00c3O: \u201cPrinc\u00edpios Fundamentais de Contabilidade segundo Resolu\u00e7\u00f5es CFC 750\/93, 774\/94 e 900\/01. Normas Brasileiras de Contabilidade: Resolu\u00e7\u00e3o CFC 751\/93.\u201d<br \/><br \/>Conhecimentos Espec\u00edficos (Contador)<br \/>SUPRESS\u00c3O: \u201cNormas Brasileiras de Contabilidade Aplicadas ao Setor P\u00fablico \u2013 NBCASP\u201d;<br \/>INCLUS\u00c3O: \u201cNBC TSP\u201d.<br \/><br \/>Conhecimentos Espec\u00edficos (Redator de Atas Legislativas)<br \/>SUPRESS\u00c3O: \u201cReda\u00e7\u00e3o Oficial: elabora\u00e7\u00e3o de cartas, comunicados, mensagens e of\u00edcios (reda\u00e7\u00e3o de<br \/>documentos oficiais)\u201d;<br \/>INCLUS\u00c3O: \u201cReda\u00e7\u00e3o Oficial \u2013 Padr\u00e3o de Of\u00edcios, conforme Manual de Reda\u00e7\u00e3o da Presid\u00eancia da<br \/>Rep\u00fablica, 3\u00aa edi\u00e7\u00e3o, 2017\u201d.<br \/><\/p>\n\n\n\n<h4 class=\"wp-block-heading\">Retifica\u00e7\u00e3o II:<\/h4>\n\n\n\n<p>1 \u2013 O Anexo II (Conte\u00fado Program\u00e1tico) do Edital n\u00ba 01\/2020, passa a ter a seguinte reda\u00e7\u00e3o:<br \/><br \/>Conhecimentos Espec\u00edficos (Assistente Legislativo)<br \/>SUPRESS\u00c3O: \u201cReda\u00e7\u00e3o oficial: ata, atestado, circular, certid\u00e3o, Edital, memorando e of\u00edcio.\u201d<br \/>INCLUS\u00c3O: \u201cReda\u00e7\u00e3o Oficial \u2013 Padr\u00e3o de Of\u00edcios, conforme Manual de Reda\u00e7\u00e3o da Presid\u00eancia da<br \/>Rep\u00fablica, 3\u00aa edi\u00e7\u00e3o, 2017. No\u00e7\u00f5es de elabora\u00e7\u00e3o de projetos de lei, decretos, resolu\u00e7\u00f5es, portarias,<br \/>atas, certid\u00e3o, editais e of\u00edcios. Compet\u00eancias dos entes p\u00fablicos e caracter\u00edsticas do processo<br \/>legislativo segundo a CF\/88. Lei n\u00ba 8666\/93 e suas altera\u00e7\u00f5es. Lei n\u00ba 10.520\/2000. Contabilidade<br \/>P\u00fablica: Fundamentos legais e t\u00e9cnicos de Contabilidade P\u00fablica: conceito, objetivos, princ\u00edpios;<br \/>Planejamento: Plano Plurianual &#8211; PPA, Lei de Diretrizes Or\u00e7ament\u00e1rias &#8211; LDO e Lei Or\u00e7ament\u00e1ria Anual<\/p>\n\n\n\n<p>LOA; Ciclo Or\u00e7ament\u00e1rio; Cr\u00e9ditos Adicionais: classifica\u00e7\u00e3o; Princ\u00edpios Or\u00e7ament\u00e1rios; Sistemas<br \/>Cont\u00e1beis aplicados ao setor p\u00fablico e o plano de contas; Escritura\u00e7\u00e3o; Demonstra\u00e7\u00f5es Cont\u00e1beis de<br \/>que trata a Lei Federal n\u00ba 4.320\/64 e suas altera\u00e7\u00f5es posteriores; Classifica\u00e7\u00f5es Or\u00e7ament\u00e1rias:<br \/>classifica\u00e7\u00e3o legal da receita e classifica\u00e7\u00e3o legal da despesa &#8211; classifica\u00e7\u00e3o institucional, funcional program\u00e1tica e econ\u00f4mica; Receita e Despesa extraor\u00e7ament\u00e1rias; Execu\u00e7\u00e3o Or\u00e7ament\u00e1ria: fases da<br \/>receita &#8211; previs\u00e3o, lan\u00e7amento, arrecada\u00e7\u00e3o e recolhimento. Realiza\u00e7\u00e3o e fases da despesa &#8211;<br \/>programa\u00e7\u00e3o, licita\u00e7\u00e3o, empenho, liquida\u00e7\u00e3o e pagamento; Restos a pagar\u201d.<br \/><br \/>Conhecimentos Espec\u00edficos (Assessor Legislativo)<br \/>SUPRESS\u00c3O: \u201cNo\u00e7\u00f5es de Contabilidade. Estrutura conceitual b\u00e1sica da contabilidade. Princ\u00edpios fundamentais da contabilidade. Plano de contas. Procedimentos b\u00e1sicos de escritura\u00e7\u00e3o. Livros obrigat\u00f3rios e auxiliares. Procedimentos cont\u00e1beis diversos. Corre\u00e7\u00e3o monet\u00e1ria de balan\u00e7o.<br \/>Deprecia\u00e7\u00e3o. Amortiza\u00e7\u00e3o. Apura\u00e7\u00e3o de resultado. Demonstra\u00e7\u00f5es Cont\u00e1beis. Determina\u00e7\u00e3o de \u00edndices e quocientes e interpreta\u00e7\u00e3o. Concilia\u00e7\u00e3o e an\u00e1lise de contas patrimoniais e de resultado. Corre\u00e7\u00e3o integral. Contabilidade em moeda constante. Estrutura e conceitos b\u00e1sicos de contabilidade de custo.\u201d<br \/>INCLUS\u00c3O: \u201cFundamentos legais e t\u00e9cnicos de Contabilidade P\u00fablica: conceito, objetivos, princ\u00edpios;<br \/>Planejamento: Plano Plurianual &#8211; PPA, Lei de Diretrizes Or\u00e7ament\u00e1rias &#8211; LDO e Lei Or\u00e7ament\u00e1ria Anual<\/p>\n\n\n\n<p>LOA; Ciclo Or\u00e7ament\u00e1rio; Cr\u00e9ditos Adicionais: classifica\u00e7\u00e3o; Princ\u00edpios Or\u00e7ament\u00e1rios; Sistemas<br \/>Cont\u00e1beis aplicados ao setor p\u00fablico e o plano de contas; Escritura\u00e7\u00e3o; Demonstra\u00e7\u00f5es Cont\u00e1beis de<br \/>que trata a Lei Federal n\u00ba 4.320\/64 e suas altera\u00e7\u00f5es posteriores; Classifica\u00e7\u00f5es Or\u00e7ament\u00e1rias: classifica\u00e7\u00e3o legal da receita e classifica\u00e7\u00e3o legal da despesa &#8211; classifica\u00e7\u00e3o institucional, funcionalprogram\u00e1tica e econ\u00f4mica; Receita e Despesa extraor\u00e7ament\u00e1rias; Execu\u00e7\u00e3o Or\u00e7ament\u00e1ria: fases da<br \/>receita &#8211; previs\u00e3o, lan\u00e7amento, arrecada\u00e7\u00e3o e recolhimento. Realiza\u00e7\u00e3o e fases da despesa &#8211;<br \/>programa\u00e7\u00e3o, licita\u00e7\u00e3o, empenho, liquida\u00e7\u00e3o e pagamento; Restos a pagar. Lei n\u00ba 10.520\/2000\u201d.<br \/>Conhecimentos Espec\u00edficos (AUXILIAR DE COORDENA\u00c7\u00c3O LEGISLATIVA)<br \/>INCLUS\u00c3O: \u201cLei n\u00ba 8.666\/93 e suas altera\u00e7\u00f5es. Lei n\u00ba 10.520\/2000\u201d.<\/p>\n\n\n\n<p>Vale recordar que o prazo para inscri\u00e7\u00e3o no concurso foi prorrogado. Os interessados nas vagas do certame poder\u00e3o se inscrever at\u00e9 o dia 06 de abril de 2020.<\/p>\n\n\n\n<p class=\"has-background has-text-align-center has-very-light-gray-background-color\"><strong>Saiba mais: <a href=\"https:\/\/www.estrategiaconcursos.com.br\/blog\/concurso-camara-de-vila-velha\/\">Concurso C\u00e2mara de Vila Velha ES<\/a><\/strong><\/p>\n\n\n\n<p class=\"has-text-align-center\"><em><strong>Assinatura Anual Ilimitada*<\/strong><\/em><\/p>\n\n\n\n<p><em>Prepare-se com o melhor material e com quem mais aprova em Concursos P\u00fablicos em todo o pa\u00eds. Assine agora a nossa Assinatura Anual e tenha acesso ilimitado* a todos os nossos cursos.<\/em><\/p>\n\n\n\n<p class=\"has-background has-text-align-center has-luminous-vivid-amber-background-color\"><a href=\"https:\/\/www.estrategiaconcursos.com.br\/cursos\/\"><strong>Cursos ESTRAT\u00c9GIA CONCURSOS<\/strong><\/a><\/p>\n\n\n\n<p class=\"has-background has-text-align-center has-light-green-cyan-background-color\"><strong>ASSINE AGORA<\/strong>&nbsp;\u2013&nbsp;<a rel=\"noreferrer noopener\" href=\"https:\/\/www.estrategiaconcursos.com.br\/assinaturas\/\" target=\"_blank\"><strong>Assinatura Ilimitada<\/strong><\/a><\/p>\n\n\n\n<p class=\"has-background has-text-align-center has-pale-cyan-blue-background-color\"><strong><a href=\"https:\/\/www.estrategiaconcursos.com.br\/blog\/concursos-abertos\/\">CONCURSOS ABERTOS<\/a><\/strong><\/p>\n\n\n\n<p class=\"has-background has-text-align-center has-pale-cyan-blue-background-color\"><a href=\"https:\/\/www.estrategiaconcursos.com.br\/blog\/concursos-2020\/\"><strong>CONCURSOS<\/strong><\/a><strong><a href=\"https:\/\/www.estrategiaconcursos.com.br\/blog\/concursos-2020\/\">&nbsp;2020<\/a><\/strong><\/p>\n","protected":false},"excerpt":{"rendered":"<p>Foram publicadas duas retifica\u00e7\u00f5es no edital N\u00ba 01\/2020 do concurso C\u00e2mara de Vila Velha ES, do Esp\u00edrito Santo. O certame, organizado pelo Instituto Acess, oferta 13 vagas imediatas e oportunidades para forma\u00e7\u00e3o de cadastro reserva, para cargos de n\u00edveis m\u00e9dio, t\u00e9cnico e superior. Confira abaixo as retifica\u00e7\u00f5es: Retifica\u00e7\u00e3o I: 1 \u2013 No Anexo I (Atribui\u00e7\u00f5es [&hellip;]<\/p>\n","protected":false},"author":657,"featured_media":0,"comment_status":"open","ping_status":"closed","sticky":false,"template":"","format":"standard","meta":{"post_tipo":"article","footnotes":""},"categories":[1],"tags":[],"tax_estado":[],"class_list":["post-499489","post","type-post","status-publish","format-standard","hentry","category-cursos-e-concursos"],"acf":[],"yoast_head":"<!-- This site is optimized with the Yoast SEO Premium plugin v27.2 (Yoast SEO v27.2) - https:\/\/yoast.com\/product\/yoast-seo-premium-wordpress\/ -->\n<title>Concurso C\u00e2mara de Vila Velha ES: edital sofre retifica\u00e7\u00f5es. Confira!<\/title>\n<meta name=\"robots\" content=\"index, follow, max-snippet:-1, max-image-preview:large, max-video-preview:-1\" \/>\n<link rel=\"canonical\" href=\"https:\/\/www.estrategiaconcursos.com.br\/blog\/concurso-camara-de-vila-velha-es-edital-sofre-retificacoes-confira\/\" \/>\n<meta property=\"og:locale\" content=\"pt_BR\" \/>\n<meta property=\"og:type\" content=\"article\" \/>\n<meta property=\"og:title\" content=\"Concurso C\u00e2mara de Vila Velha ES: edital sofre retifica\u00e7\u00f5es. Confira!\" \/>\n<meta property=\"og:description\" content=\"Foram publicadas duas retifica\u00e7\u00f5es no edital N\u00ba 01\/2020 do concurso C\u00e2mara de Vila Velha ES, do Esp\u00edrito Santo. O certame, organizado pelo Instituto Acess, oferta 13 vagas imediatas e oportunidades para forma\u00e7\u00e3o de cadastro reserva, para cargos de n\u00edveis m\u00e9dio, t\u00e9cnico e superior. Confira abaixo as retifica\u00e7\u00f5es: Retifica\u00e7\u00e3o I: 1 \u2013 No Anexo I (Atribui\u00e7\u00f5es [&hellip;]\" \/>\n<meta property=\"og:url\" content=\"https:\/\/www.estrategiaconcursos.com.br\/blog\/concurso-camara-de-vila-velha-es-edital-sofre-retificacoes-confira\/\" \/>\n<meta property=\"og:site_name\" content=\"Estrat\u00e9gia Concursos\" \/>\n<meta property=\"article:published_time\" content=\"2020-04-02T20:03:30+00:00\" \/>\n<meta property=\"article:modified_time\" content=\"2020-04-02T20:09:29+00:00\" \/>\n<meta name=\"author\" content=\"Nat\u00e1lia Scarano\" \/>\n<meta name=\"twitter:card\" content=\"summary_large_image\" \/>\n<meta name=\"twitter:creator\" content=\"@EstratConcursos\" \/>\n<meta name=\"twitter:site\" content=\"@EstratConcursos\" \/>\n<meta name=\"twitter:label1\" content=\"Escrito por\" \/>\n\t<meta name=\"twitter:data1\" content=\"Nat\u00e1lia Scarano\" \/>\n\t<meta name=\"twitter:label2\" content=\"Est. tempo de leitura\" \/>\n\t<meta name=\"twitter:data2\" content=\"5 minutos\" \/>\n<script type=\"application\/ld+json\" class=\"yoast-schema-graph\">{\"@context\":\"https:\/\/schema.org\",\"@graph\":[{\"@type\":\"NewsArticle\",\"@id\":\"https:\/\/www.estrategiaconcursos.com.br\/blog\/concurso-camara-de-vila-velha-es-edital-sofre-retificacoes-confira\/#article\",\"isPartOf\":{\"@id\":\"https:\/\/www.estrategiaconcursos.com.br\/blog\/concurso-camara-de-vila-velha-es-edital-sofre-retificacoes-confira\/\"},\"author\":{\"name\":\"Nat\u00e1lia Scarano\",\"@id\":\"https:\/\/www.estrategiaconcursos.com.br\/blog\/#\/schema\/person\/751aedf909a9d10cb23ce6ac527ce0f2\"},\"headline\":\"Concurso C\u00e2mara de Vila Velha ES: edital sofre retifica\u00e7\u00f5es. Confira!\",\"datePublished\":\"2020-04-02T20:03:30+00:00\",\"dateModified\":\"2020-04-02T20:09:29+00:00\",\"mainEntityOfPage\":{\"@id\":\"https:\/\/www.estrategiaconcursos.com.br\/blog\/concurso-camara-de-vila-velha-es-edital-sofre-retificacoes-confira\/\"},\"wordCount\":1031,\"commentCount\":2,\"publisher\":{\"@id\":\"https:\/\/www.estrategiaconcursos.com.br\/blog\/#organization\"},\"articleSection\":[\"Concursos P\u00fablicos\"],\"inLanguage\":\"pt-BR\",\"potentialAction\":[{\"@type\":\"CommentAction\",\"name\":\"Comment\",\"target\":[\"https:\/\/www.estrategiaconcursos.com.br\/blog\/concurso-camara-de-vila-velha-es-edital-sofre-retificacoes-confira\/#respond\"]}],\"copyrightYear\":\"2020\",\"copyrightHolder\":{\"@id\":\"https:\/\/www.estrategiaconcursos.com.br\/blog\/#organization\"}},{\"@type\":\"WebPage\",\"@id\":\"https:\/\/www.estrategiaconcursos.com.br\/blog\/concurso-camara-de-vila-velha-es-edital-sofre-retificacoes-confira\/\",\"url\":\"https:\/\/www.estrategiaconcursos.com.br\/blog\/concurso-camara-de-vila-velha-es-edital-sofre-retificacoes-confira\/\",\"name\":\"Concurso C\u00e2mara de Vila Velha ES: edital sofre retifica\u00e7\u00f5es. Confira!\",\"isPartOf\":{\"@id\":\"https:\/\/www.estrategiaconcursos.com.br\/blog\/#website\"},\"datePublished\":\"2020-04-02T20:03:30+00:00\",\"dateModified\":\"2020-04-02T20:09:29+00:00\",\"breadcrumb\":{\"@id\":\"https:\/\/www.estrategiaconcursos.com.br\/blog\/concurso-camara-de-vila-velha-es-edital-sofre-retificacoes-confira\/#breadcrumb\"},\"inLanguage\":\"pt-BR\",\"potentialAction\":[{\"@type\":\"ReadAction\",\"target\":[\"https:\/\/www.estrategiaconcursos.com.br\/blog\/concurso-camara-de-vila-velha-es-edital-sofre-retificacoes-confira\/\"]}]},{\"@type\":\"BreadcrumbList\",\"@id\":\"https:\/\/www.estrategiaconcursos.com.br\/blog\/concurso-camara-de-vila-velha-es-edital-sofre-retificacoes-confira\/#breadcrumb\",\"itemListElement\":[{\"@type\":\"ListItem\",\"position\":1,\"name\":\"In\u00edcio\",\"item\":\"https:\/\/www.estrategiaconcursos.com.br\/blog\/\"},{\"@type\":\"ListItem\",\"position\":2,\"name\":\"Concurso C\u00e2mara de Vila Velha ES: edital sofre retifica\u00e7\u00f5es. Confira!\"}]},{\"@type\":\"WebSite\",\"@id\":\"https:\/\/www.estrategiaconcursos.com.br\/blog\/#website\",\"url\":\"https:\/\/www.estrategiaconcursos.com.br\/blog\/\",\"name\":\"Estrat\u00e9gia Concursos\",\"description\":\"O blog da Estrat\u00e9gia Concursos traz not\u00edcias sobre concursos e artigos de professores oferecendo cursos para concursos (pdf + videaulas) no site.\",\"publisher\":{\"@id\":\"https:\/\/www.estrategiaconcursos.com.br\/blog\/#organization\"},\"potentialAction\":[{\"@type\":\"SearchAction\",\"target\":{\"@type\":\"EntryPoint\",\"urlTemplate\":\"https:\/\/www.estrategiaconcursos.com.br\/blog\/?s={search_term_string}\"},\"query-input\":{\"@type\":\"PropertyValueSpecification\",\"valueRequired\":true,\"valueName\":\"search_term_string\"}}],\"inLanguage\":\"pt-BR\"},{\"@type\":\"Organization\",\"@id\":\"https:\/\/www.estrategiaconcursos.com.br\/blog\/#organization\",\"name\":\"Estrat\u00e9gia Concursos\",\"url\":\"https:\/\/www.estrategiaconcursos.com.br\/blog\/\",\"logo\":{\"@type\":\"ImageObject\",\"inLanguage\":\"pt-BR\",\"@id\":\"https:\/\/www.estrategiaconcursos.com.br\/blog\/#\/schema\/logo\/image\/\",\"url\":\"https:\/\/dhg1h5j42swfq.cloudfront.net\/2025\/06\/03203428\/logo_concursos-1.jpg\",\"contentUrl\":\"https:\/\/dhg1h5j42swfq.cloudfront.net\/2025\/06\/03203428\/logo_concursos-1.jpg\",\"width\":230,\"height\":60,\"caption\":\"Estrat\u00e9gia Concursos\"},\"image\":{\"@id\":\"https:\/\/www.estrategiaconcursos.com.br\/blog\/#\/schema\/logo\/image\/\"},\"sameAs\":[\"https:\/\/x.com\/EstratConcursos\"]},{\"@type\":\"Person\",\"@id\":\"https:\/\/www.estrategiaconcursos.com.br\/blog\/#\/schema\/person\/751aedf909a9d10cb23ce6ac527ce0f2\",\"name\":\"Nat\u00e1lia Scarano\",\"image\":{\"@type\":\"ImageObject\",\"inLanguage\":\"pt-BR\",\"@id\":\"https:\/\/secure.gravatar.com\/avatar\/8a889b8db3dbd227a1a78627357ec8fe64f5e99189d1889a270127828ab372ac?s=96&d=mm&r=g\",\"url\":\"https:\/\/secure.gravatar.com\/avatar\/8a889b8db3dbd227a1a78627357ec8fe64f5e99189d1889a270127828ab372ac?s=96&d=mm&r=g\",\"contentUrl\":\"https:\/\/secure.gravatar.com\/avatar\/8a889b8db3dbd227a1a78627357ec8fe64f5e99189d1889a270127828ab372ac?s=96&d=mm&r=g\",\"caption\":\"Nat\u00e1lia Scarano\"},\"description\":\"Jornalista, formada e p\u00f3s graduada pelo IESB, faz parte do time de jornalistas do Estrat\u00e9gia desde 2017. Possui familiaridade com as \u00e1reas de Tribunais, Defensorias, Procuradorias, Minist\u00e9rios P\u00fablicos, Conselhos, Educa\u00e7\u00e3o, \u00c1rea de Seguran\u00e7a, concursos de Carreiras Jur\u00eddicas e OAB. Experi\u00eancia em marketing digital, assessoria de comunica\u00e7\u00e3o e institucional na \u00e1rea privada e p\u00fablica, com atua\u00e7\u00e3o em \u00f3rg\u00e3os como CGU, Cofen e CNM.\",\"url\":\"https:\/\/www.estrategiaconcursos.com.br\/blog\/author\/natalia-scaranoestrategiaconcursos-com-br\/\"}]}<\/script>\n<!-- \/ Yoast SEO Premium plugin. -->","yoast_head_json":{"title":"Concurso C\u00e2mara de Vila Velha ES: edital sofre retifica\u00e7\u00f5es. Confira!","robots":{"index":"index","follow":"follow","max-snippet":"max-snippet:-1","max-image-preview":"max-image-preview:large","max-video-preview":"max-video-preview:-1"},"canonical":"https:\/\/www.estrategiaconcursos.com.br\/blog\/concurso-camara-de-vila-velha-es-edital-sofre-retificacoes-confira\/","og_locale":"pt_BR","og_type":"article","og_title":"Concurso C\u00e2mara de Vila Velha ES: edital sofre retifica\u00e7\u00f5es. Confira!","og_description":"Foram publicadas duas retifica\u00e7\u00f5es no edital N\u00ba 01\/2020 do concurso C\u00e2mara de Vila Velha ES, do Esp\u00edrito Santo. O certame, organizado pelo Instituto Acess, oferta 13 vagas imediatas e oportunidades para forma\u00e7\u00e3o de cadastro reserva, para cargos de n\u00edveis m\u00e9dio, t\u00e9cnico e superior. Confira abaixo as retifica\u00e7\u00f5es: Retifica\u00e7\u00e3o I: 1 \u2013 No Anexo I (Atribui\u00e7\u00f5es [&hellip;]","og_url":"https:\/\/www.estrategiaconcursos.com.br\/blog\/concurso-camara-de-vila-velha-es-edital-sofre-retificacoes-confira\/","og_site_name":"Estrat\u00e9gia Concursos","article_published_time":"2020-04-02T20:03:30+00:00","article_modified_time":"2020-04-02T20:09:29+00:00","author":"Nat\u00e1lia Scarano","twitter_card":"summary_large_image","twitter_creator":"@EstratConcursos","twitter_site":"@EstratConcursos","twitter_misc":{"Escrito por":"Nat\u00e1lia Scarano","Est. tempo de leitura":"5 minutos"},"schema":{"@context":"https:\/\/schema.org","@graph":[{"@type":"NewsArticle","@id":"https:\/\/www.estrategiaconcursos.com.br\/blog\/concurso-camara-de-vila-velha-es-edital-sofre-retificacoes-confira\/#article","isPartOf":{"@id":"https:\/\/www.estrategiaconcursos.com.br\/blog\/concurso-camara-de-vila-velha-es-edital-sofre-retificacoes-confira\/"},"author":{"name":"Nat\u00e1lia Scarano","@id":"https:\/\/www.estrategiaconcursos.com.br\/blog\/#\/schema\/person\/751aedf909a9d10cb23ce6ac527ce0f2"},"headline":"Concurso C\u00e2mara de Vila Velha ES: edital sofre retifica\u00e7\u00f5es. Confira!","datePublished":"2020-04-02T20:03:30+00:00","dateModified":"2020-04-02T20:09:29+00:00","mainEntityOfPage":{"@id":"https:\/\/www.estrategiaconcursos.com.br\/blog\/concurso-camara-de-vila-velha-es-edital-sofre-retificacoes-confira\/"},"wordCount":1031,"commentCount":2,"publisher":{"@id":"https:\/\/www.estrategiaconcursos.com.br\/blog\/#organization"},"articleSection":["Concursos P\u00fablicos"],"inLanguage":"pt-BR","potentialAction":[{"@type":"CommentAction","name":"Comment","target":["https:\/\/www.estrategiaconcursos.com.br\/blog\/concurso-camara-de-vila-velha-es-edital-sofre-retificacoes-confira\/#respond"]}],"copyrightYear":"2020","copyrightHolder":{"@id":"https:\/\/www.estrategiaconcursos.com.br\/blog\/#organization"}},{"@type":"WebPage","@id":"https:\/\/www.estrategiaconcursos.com.br\/blog\/concurso-camara-de-vila-velha-es-edital-sofre-retificacoes-confira\/","url":"https:\/\/www.estrategiaconcursos.com.br\/blog\/concurso-camara-de-vila-velha-es-edital-sofre-retificacoes-confira\/","name":"Concurso C\u00e2mara de Vila Velha ES: edital sofre retifica\u00e7\u00f5es. Confira!","isPartOf":{"@id":"https:\/\/www.estrategiaconcursos.com.br\/blog\/#website"},"datePublished":"2020-04-02T20:03:30+00:00","dateModified":"2020-04-02T20:09:29+00:00","breadcrumb":{"@id":"https:\/\/www.estrategiaconcursos.com.br\/blog\/concurso-camara-de-vila-velha-es-edital-sofre-retificacoes-confira\/#breadcrumb"},"inLanguage":"pt-BR","potentialAction":[{"@type":"ReadAction","target":["https:\/\/www.estrategiaconcursos.com.br\/blog\/concurso-camara-de-vila-velha-es-edital-sofre-retificacoes-confira\/"]}]},{"@type":"BreadcrumbList","@id":"https:\/\/www.estrategiaconcursos.com.br\/blog\/concurso-camara-de-vila-velha-es-edital-sofre-retificacoes-confira\/#breadcrumb","itemListElement":[{"@type":"ListItem","position":1,"name":"In\u00edcio","item":"https:\/\/www.estrategiaconcursos.com.br\/blog\/"},{"@type":"ListItem","position":2,"name":"Concurso C\u00e2mara de Vila Velha ES: edital sofre retifica\u00e7\u00f5es. Confira!"}]},{"@type":"WebSite","@id":"https:\/\/www.estrategiaconcursos.com.br\/blog\/#website","url":"https:\/\/www.estrategiaconcursos.com.br\/blog\/","name":"Estrat\u00e9gia Concursos","description":"O blog da Estrat\u00e9gia Concursos traz not\u00edcias sobre concursos e artigos de professores oferecendo cursos para concursos (pdf + videaulas) no site.","publisher":{"@id":"https:\/\/www.estrategiaconcursos.com.br\/blog\/#organization"},"potentialAction":[{"@type":"SearchAction","target":{"@type":"EntryPoint","urlTemplate":"https:\/\/www.estrategiaconcursos.com.br\/blog\/?s={search_term_string}"},"query-input":{"@type":"PropertyValueSpecification","valueRequired":true,"valueName":"search_term_string"}}],"inLanguage":"pt-BR"},{"@type":"Organization","@id":"https:\/\/www.estrategiaconcursos.com.br\/blog\/#organization","name":"Estrat\u00e9gia Concursos","url":"https:\/\/www.estrategiaconcursos.com.br\/blog\/","logo":{"@type":"ImageObject","inLanguage":"pt-BR","@id":"https:\/\/www.estrategiaconcursos.com.br\/blog\/#\/schema\/logo\/image\/","url":"https:\/\/dhg1h5j42swfq.cloudfront.net\/2025\/06\/03203428\/logo_concursos-1.jpg","contentUrl":"https:\/\/dhg1h5j42swfq.cloudfront.net\/2025\/06\/03203428\/logo_concursos-1.jpg","width":230,"height":60,"caption":"Estrat\u00e9gia Concursos"},"image":{"@id":"https:\/\/www.estrategiaconcursos.com.br\/blog\/#\/schema\/logo\/image\/"},"sameAs":["https:\/\/x.com\/EstratConcursos"]},{"@type":"Person","@id":"https:\/\/www.estrategiaconcursos.com.br\/blog\/#\/schema\/person\/751aedf909a9d10cb23ce6ac527ce0f2","name":"Nat\u00e1lia Scarano","image":{"@type":"ImageObject","inLanguage":"pt-BR","@id":"https:\/\/secure.gravatar.com\/avatar\/8a889b8db3dbd227a1a78627357ec8fe64f5e99189d1889a270127828ab372ac?s=96&d=mm&r=g","url":"https:\/\/secure.gravatar.com\/avatar\/8a889b8db3dbd227a1a78627357ec8fe64f5e99189d1889a270127828ab372ac?s=96&d=mm&r=g","contentUrl":"https:\/\/secure.gravatar.com\/avatar\/8a889b8db3dbd227a1a78627357ec8fe64f5e99189d1889a270127828ab372ac?s=96&d=mm&r=g","caption":"Nat\u00e1lia Scarano"},"description":"Jornalista, formada e p\u00f3s graduada pelo IESB, faz parte do time de jornalistas do Estrat\u00e9gia desde 2017. Possui familiaridade com as \u00e1reas de Tribunais, Defensorias, Procuradorias, Minist\u00e9rios P\u00fablicos, Conselhos, Educa\u00e7\u00e3o, \u00c1rea de Seguran\u00e7a, concursos de Carreiras Jur\u00eddicas e OAB. Experi\u00eancia em marketing digital, assessoria de comunica\u00e7\u00e3o e institucional na \u00e1rea privada e p\u00fablica, com atua\u00e7\u00e3o em \u00f3rg\u00e3os como CGU, Cofen e CNM.","url":"https:\/\/www.estrategiaconcursos.com.br\/blog\/author\/natalia-scaranoestrategiaconcursos-com-br\/"}]}},"_links":{"self":[{"href":"https:\/\/www.estrategiaconcursos.com.br\/blog\/wp-json\/wp\/v2\/posts\/499489","targetHints":{"allow":["GET"]}}],"collection":[{"href":"https:\/\/www.estrategiaconcursos.com.br\/blog\/wp-json\/wp\/v2\/posts"}],"about":[{"href":"https:\/\/www.estrategiaconcursos.com.br\/blog\/wp-json\/wp\/v2\/types\/post"}],"author":[{"embeddable":true,"href":"https:\/\/www.estrategiaconcursos.com.br\/blog\/wp-json\/wp\/v2\/users\/657"}],"replies":[{"embeddable":true,"href":"https:\/\/www.estrategiaconcursos.com.br\/blog\/wp-json\/wp\/v2\/comments?post=499489"}],"version-history":[{"count":2,"href":"https:\/\/www.estrategiaconcursos.com.br\/blog\/wp-json\/wp\/v2\/posts\/499489\/revisions"}],"predecessor-version":[{"id":499520,"href":"https:\/\/www.estrategiaconcursos.com.br\/blog\/wp-json\/wp\/v2\/posts\/499489\/revisions\/499520"}],"wp:attachment":[{"href":"https:\/\/www.estrategiaconcursos.com.br\/blog\/wp-json\/wp\/v2\/media?parent=499489"}],"wp:term":[{"taxonomy":"category","embeddable":true,"href":"https:\/\/www.estrategiaconcursos.com.br\/blog\/wp-json\/wp\/v2\/categories?post=499489"},{"taxonomy":"post_tag","embeddable":true,"href":"https:\/\/www.estrategiaconcursos.com.br\/blog\/wp-json\/wp\/v2\/tags?post=499489"},{"taxonomy":"tax_estado","embeddable":true,"href":"https:\/\/www.estrategiaconcursos.com.br\/blog\/wp-json\/wp\/v2\/tax_estado?post=499489"}],"curies":[{"name":"wp","href":"https:\/\/api.w.org\/{rel}","templated":true}]}}