{"id":499433,"date":"2020-04-02T15:45:00","date_gmt":"2020-04-02T18:45:00","guid":{"rendered":"https:\/\/www.estrategiaconcursos.com.br\/blog\/?p=499433"},"modified":"2020-04-02T15:20:45","modified_gmt":"2020-04-02T18:20:45","slug":"analise-gratuita-tj-rj-direito-das-pessoas-com-deficiencia-para-tecnico-de-atividade-judiciaria","status":"publish","type":"post","link":"https:\/\/www.estrategiaconcursos.com.br\/blog\/analise-gratuita-tj-rj-direito-das-pessoas-com-deficiencia-para-tecnico-de-atividade-judiciaria\/","title":{"rendered":"[An\u00e1lise gratuita!] TJ RJ: Direito das Pessoas com Defici\u00eancia para T\u00e9cnico de Atividade Judici\u00e1ria!"},"content":{"rendered":"\n<p>Meu nome \u00e9 Telma Vieira, sou Advogada, Assessora Jur\u00eddica e Analista do Passo Estrat\u00e9gico de Direito Penal, Legisla\u00e7\u00e3o Penal Especial, Direito Penal Militar e Direitos das Pessoas com Defici\u00eancia.<\/p>\n\n\n\n<p>Hoje vamos analisar as estat\u00edsticas dos assuntos mais cobrados pela CESPE, da mat\u00e9ria <strong>Direitos das Pessoas com Defici\u00eancia<\/strong>, de acordo com as \u00faltimas provas de concurso realizadas pela banca.<\/p>\n\n\n\n<p>A fim de tra\u00e7ar o perfil de cobran\u00e7a da banca em rela\u00e7\u00e3o aos assuntos de Direitos das Pessoas com Defici\u00eancia analisamos quest\u00f5es dentre os anos de 2020 a 2015, de n\u00edvel M\u00e9dio e Superior, tendo resultado nos percentuais de incid\u00eancia a seguir elencados:<\/p>\n\n\n\n<div class=\"wp-block-image\"><figure class=\"aligncenter size-full\"><img loading=\"lazy\" decoding=\"async\" width=\"753\" height=\"543\" src=\"https:\/\/dhg1h5j42swfq.cloudfront.net\/2020\/04\/02151859\/TJ-RJ-Direito-das-Pessoas-com-Deficiencia-Tecnico.png\" alt=\"\" class=\"wp-image-499437\" srcset=\"https:\/\/dhg1h5j42swfq.cloudfront.net\/2020\/04\/02151859\/TJ-RJ-Direito-das-Pessoas-com-Deficiencia-Tecnico.png 753w, https:\/\/dhg1h5j42swfq.cloudfront.net\/2020\/04\/02151859\/TJ-RJ-Direito-das-Pessoas-com-Deficiencia-Tecnico-300x216.png 300w, https:\/\/dhg1h5j42swfq.cloudfront.net\/2020\/04\/02151859\/TJ-RJ-Direito-das-Pessoas-com-Deficiencia-Tecnico-610x440.png 610w\" sizes=\"auto, (max-width: 753px) 100vw, 753px\" \/><\/figure><\/div>\n\n\n\n<p>Deseja conferir a an\u00e1lise das demais mat\u00e9rias? Baixe ent\u00e3o o nosso e-book gratuito!<\/p>\n\n\n\n<p>S\u00f3 que antes de divulgar o link de download, gostaria rapidamente de lhe apresentar melhor o Passo Estrat\u00e9gico.<\/p>\n\n\n\n<div class=\"wp-block-image\"><figure class=\"aligncenter size-large\"><a href=\"http:\/\/bit.ly\/passoest\"><img loading=\"lazy\" decoding=\"async\" width=\"155\" height=\"143\" src=\"https:\/\/dhg1h5j42swfq.cloudfront.net\/2020\/03\/13174023\/image-200.png\" alt=\"concurso , passo\" class=\"wp-image-492177\" \/><\/a><\/figure><\/div>\n\n\n\n<p class=\"has-text-color has-text-align-center has-vivid-cyan-blue-color\"><strong>(Clique na figura para saber mais sobre o Passo Estrat\u00e9gico)<\/strong><\/p>\n\n\n\n<p>O Passo Estrat\u00e9gico \u00e9 um m\u00e9todo de revis\u00e3o que possui como objetivo melhorar o n\u00edvel da sua reten\u00e7\u00e3o de conte\u00fado.<\/p>\n\n\n\n<p>Contempla orienta\u00e7\u00f5es de revis\u00e3o, quest\u00f5es comentadas, in\u00fameros simulados de quest\u00f5es in\u00e9ditas e at\u00e9 question\u00e1rios de revis\u00e3o, com quest\u00f5es subjetivas (isso mesmo!).<\/p>\n\n\n\n<p>Tudo para for\u00e7ar sua memoriza\u00e7\u00e3o e elevar sua reten\u00e7\u00e3o de conte\u00fado a outro patamar.<\/p>\n\n\n\n<p>Um material bem enxuto, para que voc\u00ea n\u00e3o tenha que despender muito tempo da sua prepara\u00e7\u00e3o: os PDFs possuem, em m\u00e9dia, 30 p\u00e1ginas por assunto.<\/p>\n\n\n\n<p>D\u00ea uma espiada no nosso material, clicando no link abaixo:<\/p>\n\n\n\n<p class=\"has-text-align-center\"><strong><a href=\"https:\/\/www.estrategiaconcursos.com.br\/cursosPorConcurso\/tribunal-de-justica-do-rio-de-janeiro-tj-rj-passo-estrategico\/\">Quero conferir o Passo Estrat\u00e9gico p\/ TJ RJ!<\/a><\/strong><\/p>\n\n\n\n<p>Se voc\u00ea j\u00e1 \u00e9 nosso aluno do Pacote Completo TJ RJ, possui um desconto autom\u00e1tico de 20% na aquisi\u00e7\u00e3o do respectivo Passo Estrat\u00e9gico.<\/p>\n\n\n\n<p>E se voc\u00ea for assinante do Estrat\u00e9gia, j\u00e1 possui acesso ao Passo Estrat\u00e9gico: basta efetuar sua matr\u00edcula na \u00e1rea do aluno.<\/p>\n\n\n\n<p>Ah, um aviso bem legal: elaboramos um e-book com 5 dicas estrat\u00e9gicas para realizar revis\u00f5es eficientes \u2013 n\u00e3o deixe de dar uma espiada&nbsp;<a href=\"https:\/\/bit.ly\/revisoeseficientes\">clicando aqui<\/a>.<\/p>\n\n\n\n<p>Bom, vou me despedindo por aqui, disponibilizando o link para voc\u00ea baixar o(s) e-book(s) do TJ RJ:\u00a0<a href=\"http:\/\/bit.ly\/tjrj06\">clique aqui<\/a>.<\/p>\n\n\n\n<p>Um grande abra\u00e7o,<\/p>\n\n\n\n<p><strong>Prof. Telma Vieira<\/strong><\/p>\n\n\n\n<p>(Siga-nos no Instagram: @passoestrategico)<\/p>\n","protected":false},"excerpt":{"rendered":"<p>Meu nome \u00e9 Telma Vieira, sou Advogada, Assessora Jur\u00eddica e Analista do Passo Estrat\u00e9gico de Direito Penal, Legisla\u00e7\u00e3o Penal Especial, Direito Penal Militar e Direitos das Pessoas com Defici\u00eancia. Hoje vamos analisar as estat\u00edsticas dos assuntos mais cobrados pela CESPE, da mat\u00e9ria Direitos das Pessoas com Defici\u00eancia, de acordo com as \u00faltimas provas de concurso [&hellip;]<\/p>\n","protected":false},"author":1611,"featured_media":0,"comment_status":"open","ping_status":"closed","sticky":false,"template":"","format":"standard","meta":{"post_tipo":"article","footnotes":""},"categories":[1],"tags":[],"tax_estado":[],"class_list":["post-499433","post","type-post","status-publish","format-standard","hentry","category-cursos-e-concursos"],"acf":[],"yoast_head":"<!-- This site is optimized with the Yoast SEO Premium plugin v27.2 (Yoast SEO v27.2) - https:\/\/yoast.com\/product\/yoast-seo-premium-wordpress\/ -->\n<title>[An\u00e1lise gratuita!] TJ RJ: Direito das Pessoas com Defici\u00eancia para T\u00e9cnico de Atividade Judici\u00e1ria!<\/title>\n<meta name=\"description\" content=\"An\u00e1lise dos pontos mais e menos cobrados pela banca Cespe em Direito das Pessoas com Defici\u00eancia com foco no conte\u00fado de T\u00e9cnico de Atividade Judici\u00e1ria do concurso TJ RJ.\" \/>\n<meta name=\"robots\" content=\"index, follow, max-snippet:-1, max-image-preview:large, max-video-preview:-1\" \/>\n<link rel=\"canonical\" href=\"https:\/\/www.estrategiaconcursos.com.br\/blog\/analise-gratuita-tj-rj-direito-das-pessoas-com-deficiencia-para-tecnico-de-atividade-judiciaria\/\" \/>\n<meta property=\"og:locale\" content=\"pt_BR\" \/>\n<meta property=\"og:type\" content=\"article\" \/>\n<meta property=\"og:title\" content=\"[An\u00e1lise gratuita!] TJ RJ: Direito das Pessoas com Defici\u00eancia para T\u00e9cnico de Atividade Judici\u00e1ria!\" \/>\n<meta property=\"og:description\" content=\"An\u00e1lise dos pontos mais e menos cobrados pela banca Cespe em Direito das Pessoas com Defici\u00eancia com foco no conte\u00fado de T\u00e9cnico de Atividade Judici\u00e1ria do concurso TJ RJ.\" \/>\n<meta property=\"og:url\" content=\"https:\/\/www.estrategiaconcursos.com.br\/blog\/analise-gratuita-tj-rj-direito-das-pessoas-com-deficiencia-para-tecnico-de-atividade-judiciaria\/\" \/>\n<meta property=\"og:site_name\" content=\"Estrat\u00e9gia Concursos\" \/>\n<meta property=\"article:published_time\" content=\"2020-04-02T18:45:00+00:00\" \/>\n<meta property=\"og:image\" content=\"https:\/\/www.estrategiaconcursos.com.br\/blog\/wp-content\/uploads\/2020\/04\/TJ-RJ-Direito-das-Pessoas-com-Deficiencia-Tecnico.png\" \/>\n<meta name=\"author\" content=\"Passo Estrat\u00e9gico\" \/>\n<meta name=\"twitter:card\" content=\"summary_large_image\" \/>\n<meta name=\"twitter:creator\" content=\"@EstratConcursos\" \/>\n<meta name=\"twitter:site\" content=\"@EstratConcursos\" \/>\n<meta name=\"twitter:label1\" content=\"Escrito por\" \/>\n\t<meta name=\"twitter:data1\" content=\"Passo Estrat\u00e9gico\" \/>\n\t<meta name=\"twitter:label2\" content=\"Est. tempo de leitura\" \/>\n\t<meta name=\"twitter:data2\" content=\"2 minutos\" \/>\n<script type=\"application\/ld+json\" class=\"yoast-schema-graph\">{\"@context\":\"https:\/\/schema.org\",\"@graph\":[{\"@type\":\"NewsArticle\",\"@id\":\"https:\/\/www.estrategiaconcursos.com.br\/blog\/analise-gratuita-tj-rj-direito-das-pessoas-com-deficiencia-para-tecnico-de-atividade-judiciaria\/#article\",\"isPartOf\":{\"@id\":\"https:\/\/www.estrategiaconcursos.com.br\/blog\/analise-gratuita-tj-rj-direito-das-pessoas-com-deficiencia-para-tecnico-de-atividade-judiciaria\/\"},\"author\":{\"name\":\"Passo Estrat\u00e9gico\",\"@id\":\"https:\/\/www.estrategiaconcursos.com.br\/blog\/#\/schema\/person\/de9d467f7ac4cca297171e67485f0c99\"},\"headline\":\"[An\u00e1lise gratuita!] TJ RJ: Direito das Pessoas com Defici\u00eancia para T\u00e9cnico de Atividade Judici\u00e1ria!\",\"datePublished\":\"2020-04-02T18:45:00+00:00\",\"mainEntityOfPage\":{\"@id\":\"https:\/\/www.estrategiaconcursos.com.br\/blog\/analise-gratuita-tj-rj-direito-das-pessoas-com-deficiencia-para-tecnico-de-atividade-judiciaria\/\"},\"wordCount\":404,\"commentCount\":0,\"publisher\":{\"@id\":\"https:\/\/www.estrategiaconcursos.com.br\/blog\/#organization\"},\"image\":{\"@id\":\"https:\/\/www.estrategiaconcursos.com.br\/blog\/analise-gratuita-tj-rj-direito-das-pessoas-com-deficiencia-para-tecnico-de-atividade-judiciaria\/#primaryimage\"},\"thumbnailUrl\":\"https:\/\/www.estrategiaconcursos.com.br\/blog\/wp-content\/uploads\/2020\/04\/TJ-RJ-Direito-das-Pessoas-com-Deficiencia-Tecnico.png\",\"articleSection\":[\"Concursos P\u00fablicos\"],\"inLanguage\":\"pt-BR\",\"potentialAction\":[{\"@type\":\"CommentAction\",\"name\":\"Comment\",\"target\":[\"https:\/\/www.estrategiaconcursos.com.br\/blog\/analise-gratuita-tj-rj-direito-das-pessoas-com-deficiencia-para-tecnico-de-atividade-judiciaria\/#respond\"]}],\"copyrightYear\":\"2020\",\"copyrightHolder\":{\"@id\":\"https:\/\/www.estrategiaconcursos.com.br\/blog\/#organization\"}},{\"@type\":\"WebPage\",\"@id\":\"https:\/\/www.estrategiaconcursos.com.br\/blog\/analise-gratuita-tj-rj-direito-das-pessoas-com-deficiencia-para-tecnico-de-atividade-judiciaria\/\",\"url\":\"https:\/\/www.estrategiaconcursos.com.br\/blog\/analise-gratuita-tj-rj-direito-das-pessoas-com-deficiencia-para-tecnico-de-atividade-judiciaria\/\",\"name\":\"[An\u00e1lise gratuita!] TJ RJ: Direito das Pessoas com Defici\u00eancia para T\u00e9cnico de Atividade Judici\u00e1ria!\",\"isPartOf\":{\"@id\":\"https:\/\/www.estrategiaconcursos.com.br\/blog\/#website\"},\"primaryImageOfPage\":{\"@id\":\"https:\/\/www.estrategiaconcursos.com.br\/blog\/analise-gratuita-tj-rj-direito-das-pessoas-com-deficiencia-para-tecnico-de-atividade-judiciaria\/#primaryimage\"},\"image\":{\"@id\":\"https:\/\/www.estrategiaconcursos.com.br\/blog\/analise-gratuita-tj-rj-direito-das-pessoas-com-deficiencia-para-tecnico-de-atividade-judiciaria\/#primaryimage\"},\"thumbnailUrl\":\"https:\/\/www.estrategiaconcursos.com.br\/blog\/wp-content\/uploads\/2020\/04\/TJ-RJ-Direito-das-Pessoas-com-Deficiencia-Tecnico.png\",\"datePublished\":\"2020-04-02T18:45:00+00:00\",\"description\":\"An\u00e1lise dos pontos mais e menos cobrados pela banca Cespe em Direito das Pessoas com Defici\u00eancia com foco no conte\u00fado de T\u00e9cnico de Atividade Judici\u00e1ria do concurso TJ RJ.\",\"breadcrumb\":{\"@id\":\"https:\/\/www.estrategiaconcursos.com.br\/blog\/analise-gratuita-tj-rj-direito-das-pessoas-com-deficiencia-para-tecnico-de-atividade-judiciaria\/#breadcrumb\"},\"inLanguage\":\"pt-BR\",\"potentialAction\":[{\"@type\":\"ReadAction\",\"target\":[\"https:\/\/www.estrategiaconcursos.com.br\/blog\/analise-gratuita-tj-rj-direito-das-pessoas-com-deficiencia-para-tecnico-de-atividade-judiciaria\/\"]}]},{\"@type\":\"ImageObject\",\"inLanguage\":\"pt-BR\",\"@id\":\"https:\/\/www.estrategiaconcursos.com.br\/blog\/analise-gratuita-tj-rj-direito-das-pessoas-com-deficiencia-para-tecnico-de-atividade-judiciaria\/#primaryimage\",\"url\":\"https:\/\/dhg1h5j42swfq.cloudfront.net\/2020\/04\/02151859\/TJ-RJ-Direito-das-Pessoas-com-Deficiencia-Tecnico.png\",\"contentUrl\":\"https:\/\/dhg1h5j42swfq.cloudfront.net\/2020\/04\/02151859\/TJ-RJ-Direito-das-Pessoas-com-Deficiencia-Tecnico.png\",\"width\":753,\"height\":543},{\"@type\":\"BreadcrumbList\",\"@id\":\"https:\/\/www.estrategiaconcursos.com.br\/blog\/analise-gratuita-tj-rj-direito-das-pessoas-com-deficiencia-para-tecnico-de-atividade-judiciaria\/#breadcrumb\",\"itemListElement\":[{\"@type\":\"ListItem\",\"position\":1,\"name\":\"In\u00edcio\",\"item\":\"https:\/\/www.estrategiaconcursos.com.br\/blog\/\"},{\"@type\":\"ListItem\",\"position\":2,\"name\":\"[An\u00e1lise gratuita!] TJ RJ: Direito das Pessoas com Defici\u00eancia para T\u00e9cnico de Atividade Judici\u00e1ria!\"}]},{\"@type\":\"WebSite\",\"@id\":\"https:\/\/www.estrategiaconcursos.com.br\/blog\/#website\",\"url\":\"https:\/\/www.estrategiaconcursos.com.br\/blog\/\",\"name\":\"Estrat\u00e9gia Concursos\",\"description\":\"O blog da Estrat\u00e9gia Concursos traz not\u00edcias sobre concursos e artigos de professores oferecendo cursos para concursos (pdf + videaulas) no site.\",\"publisher\":{\"@id\":\"https:\/\/www.estrategiaconcursos.com.br\/blog\/#organization\"},\"potentialAction\":[{\"@type\":\"SearchAction\",\"target\":{\"@type\":\"EntryPoint\",\"urlTemplate\":\"https:\/\/www.estrategiaconcursos.com.br\/blog\/?s={search_term_string}\"},\"query-input\":{\"@type\":\"PropertyValueSpecification\",\"valueRequired\":true,\"valueName\":\"search_term_string\"}}],\"inLanguage\":\"pt-BR\"},{\"@type\":\"Organization\",\"@id\":\"https:\/\/www.estrategiaconcursos.com.br\/blog\/#organization\",\"name\":\"Estrat\u00e9gia Concursos\",\"url\":\"https:\/\/www.estrategiaconcursos.com.br\/blog\/\",\"logo\":{\"@type\":\"ImageObject\",\"inLanguage\":\"pt-BR\",\"@id\":\"https:\/\/www.estrategiaconcursos.com.br\/blog\/#\/schema\/logo\/image\/\",\"url\":\"https:\/\/dhg1h5j42swfq.cloudfront.net\/2025\/06\/03203428\/logo_concursos-1.jpg\",\"contentUrl\":\"https:\/\/dhg1h5j42swfq.cloudfront.net\/2025\/06\/03203428\/logo_concursos-1.jpg\",\"width\":230,\"height\":60,\"caption\":\"Estrat\u00e9gia Concursos\"},\"image\":{\"@id\":\"https:\/\/www.estrategiaconcursos.com.br\/blog\/#\/schema\/logo\/image\/\"},\"sameAs\":[\"https:\/\/x.com\/EstratConcursos\"]},{\"@type\":\"Person\",\"@id\":\"https:\/\/www.estrategiaconcursos.com.br\/blog\/#\/schema\/person\/de9d467f7ac4cca297171e67485f0c99\",\"name\":\"Passo Estrat\u00e9gico\",\"image\":{\"@type\":\"ImageObject\",\"inLanguage\":\"pt-BR\",\"@id\":\"https:\/\/secure.gravatar.com\/avatar\/7496644e45134bcbc48721282606b9700aec8355dbf3bdd9969130c2b0f19af0?s=96&d=mm&r=g\",\"url\":\"https:\/\/secure.gravatar.com\/avatar\/7496644e45134bcbc48721282606b9700aec8355dbf3bdd9969130c2b0f19af0?s=96&d=mm&r=g\",\"contentUrl\":\"https:\/\/secure.gravatar.com\/avatar\/7496644e45134bcbc48721282606b9700aec8355dbf3bdd9969130c2b0f19af0?s=96&d=mm&r=g\",\"caption\":\"Passo Estrat\u00e9gico\"},\"url\":\"https:\/\/www.estrategiaconcursos.com.br\/blog\/author\/passoestrategicoderevisaogmail-com\/\"}]}<\/script>\n<!-- \/ Yoast SEO Premium plugin. -->","yoast_head_json":{"title":"[An\u00e1lise gratuita!] TJ RJ: Direito das Pessoas com Defici\u00eancia para T\u00e9cnico de Atividade Judici\u00e1ria!","description":"An\u00e1lise dos pontos mais e menos cobrados pela banca Cespe em Direito das Pessoas com Defici\u00eancia com foco no conte\u00fado de T\u00e9cnico de Atividade Judici\u00e1ria do concurso TJ RJ.","robots":{"index":"index","follow":"follow","max-snippet":"max-snippet:-1","max-image-preview":"max-image-preview:large","max-video-preview":"max-video-preview:-1"},"canonical":"https:\/\/www.estrategiaconcursos.com.br\/blog\/analise-gratuita-tj-rj-direito-das-pessoas-com-deficiencia-para-tecnico-de-atividade-judiciaria\/","og_locale":"pt_BR","og_type":"article","og_title":"[An\u00e1lise gratuita!] TJ RJ: Direito das Pessoas com Defici\u00eancia para T\u00e9cnico de Atividade Judici\u00e1ria!","og_description":"An\u00e1lise dos pontos mais e menos cobrados pela banca Cespe em Direito das Pessoas com Defici\u00eancia com foco no conte\u00fado de T\u00e9cnico de Atividade Judici\u00e1ria do concurso TJ RJ.","og_url":"https:\/\/www.estrategiaconcursos.com.br\/blog\/analise-gratuita-tj-rj-direito-das-pessoas-com-deficiencia-para-tecnico-de-atividade-judiciaria\/","og_site_name":"Estrat\u00e9gia Concursos","article_published_time":"2020-04-02T18:45:00+00:00","og_image":[{"url":"https:\/\/www.estrategiaconcursos.com.br\/blog\/wp-content\/uploads\/2020\/04\/TJ-RJ-Direito-das-Pessoas-com-Deficiencia-Tecnico.png","type":"","width":"","height":""}],"author":"Passo Estrat\u00e9gico","twitter_card":"summary_large_image","twitter_creator":"@EstratConcursos","twitter_site":"@EstratConcursos","twitter_misc":{"Escrito por":"Passo Estrat\u00e9gico","Est. tempo de leitura":"2 minutos"},"schema":{"@context":"https:\/\/schema.org","@graph":[{"@type":"NewsArticle","@id":"https:\/\/www.estrategiaconcursos.com.br\/blog\/analise-gratuita-tj-rj-direito-das-pessoas-com-deficiencia-para-tecnico-de-atividade-judiciaria\/#article","isPartOf":{"@id":"https:\/\/www.estrategiaconcursos.com.br\/blog\/analise-gratuita-tj-rj-direito-das-pessoas-com-deficiencia-para-tecnico-de-atividade-judiciaria\/"},"author":{"name":"Passo Estrat\u00e9gico","@id":"https:\/\/www.estrategiaconcursos.com.br\/blog\/#\/schema\/person\/de9d467f7ac4cca297171e67485f0c99"},"headline":"[An\u00e1lise gratuita!] TJ RJ: Direito das Pessoas com Defici\u00eancia para T\u00e9cnico de Atividade Judici\u00e1ria!","datePublished":"2020-04-02T18:45:00+00:00","mainEntityOfPage":{"@id":"https:\/\/www.estrategiaconcursos.com.br\/blog\/analise-gratuita-tj-rj-direito-das-pessoas-com-deficiencia-para-tecnico-de-atividade-judiciaria\/"},"wordCount":404,"commentCount":0,"publisher":{"@id":"https:\/\/www.estrategiaconcursos.com.br\/blog\/#organization"},"image":{"@id":"https:\/\/www.estrategiaconcursos.com.br\/blog\/analise-gratuita-tj-rj-direito-das-pessoas-com-deficiencia-para-tecnico-de-atividade-judiciaria\/#primaryimage"},"thumbnailUrl":"https:\/\/www.estrategiaconcursos.com.br\/blog\/wp-content\/uploads\/2020\/04\/TJ-RJ-Direito-das-Pessoas-com-Deficiencia-Tecnico.png","articleSection":["Concursos P\u00fablicos"],"inLanguage":"pt-BR","potentialAction":[{"@type":"CommentAction","name":"Comment","target":["https:\/\/www.estrategiaconcursos.com.br\/blog\/analise-gratuita-tj-rj-direito-das-pessoas-com-deficiencia-para-tecnico-de-atividade-judiciaria\/#respond"]}],"copyrightYear":"2020","copyrightHolder":{"@id":"https:\/\/www.estrategiaconcursos.com.br\/blog\/#organization"}},{"@type":"WebPage","@id":"https:\/\/www.estrategiaconcursos.com.br\/blog\/analise-gratuita-tj-rj-direito-das-pessoas-com-deficiencia-para-tecnico-de-atividade-judiciaria\/","url":"https:\/\/www.estrategiaconcursos.com.br\/blog\/analise-gratuita-tj-rj-direito-das-pessoas-com-deficiencia-para-tecnico-de-atividade-judiciaria\/","name":"[An\u00e1lise gratuita!] TJ RJ: Direito das Pessoas com Defici\u00eancia para T\u00e9cnico de Atividade Judici\u00e1ria!","isPartOf":{"@id":"https:\/\/www.estrategiaconcursos.com.br\/blog\/#website"},"primaryImageOfPage":{"@id":"https:\/\/www.estrategiaconcursos.com.br\/blog\/analise-gratuita-tj-rj-direito-das-pessoas-com-deficiencia-para-tecnico-de-atividade-judiciaria\/#primaryimage"},"image":{"@id":"https:\/\/www.estrategiaconcursos.com.br\/blog\/analise-gratuita-tj-rj-direito-das-pessoas-com-deficiencia-para-tecnico-de-atividade-judiciaria\/#primaryimage"},"thumbnailUrl":"https:\/\/www.estrategiaconcursos.com.br\/blog\/wp-content\/uploads\/2020\/04\/TJ-RJ-Direito-das-Pessoas-com-Deficiencia-Tecnico.png","datePublished":"2020-04-02T18:45:00+00:00","description":"An\u00e1lise dos pontos mais e menos cobrados pela banca Cespe em Direito das Pessoas com Defici\u00eancia com foco no conte\u00fado de T\u00e9cnico de Atividade Judici\u00e1ria do concurso TJ RJ.","breadcrumb":{"@id":"https:\/\/www.estrategiaconcursos.com.br\/blog\/analise-gratuita-tj-rj-direito-das-pessoas-com-deficiencia-para-tecnico-de-atividade-judiciaria\/#breadcrumb"},"inLanguage":"pt-BR","potentialAction":[{"@type":"ReadAction","target":["https:\/\/www.estrategiaconcursos.com.br\/blog\/analise-gratuita-tj-rj-direito-das-pessoas-com-deficiencia-para-tecnico-de-atividade-judiciaria\/"]}]},{"@type":"ImageObject","inLanguage":"pt-BR","@id":"https:\/\/www.estrategiaconcursos.com.br\/blog\/analise-gratuita-tj-rj-direito-das-pessoas-com-deficiencia-para-tecnico-de-atividade-judiciaria\/#primaryimage","url":"https:\/\/dhg1h5j42swfq.cloudfront.net\/2020\/04\/02151859\/TJ-RJ-Direito-das-Pessoas-com-Deficiencia-Tecnico.png","contentUrl":"https:\/\/dhg1h5j42swfq.cloudfront.net\/2020\/04\/02151859\/TJ-RJ-Direito-das-Pessoas-com-Deficiencia-Tecnico.png","width":753,"height":543},{"@type":"BreadcrumbList","@id":"https:\/\/www.estrategiaconcursos.com.br\/blog\/analise-gratuita-tj-rj-direito-das-pessoas-com-deficiencia-para-tecnico-de-atividade-judiciaria\/#breadcrumb","itemListElement":[{"@type":"ListItem","position":1,"name":"In\u00edcio","item":"https:\/\/www.estrategiaconcursos.com.br\/blog\/"},{"@type":"ListItem","position":2,"name":"[An\u00e1lise gratuita!] TJ RJ: Direito das Pessoas com Defici\u00eancia para T\u00e9cnico de Atividade Judici\u00e1ria!"}]},{"@type":"WebSite","@id":"https:\/\/www.estrategiaconcursos.com.br\/blog\/#website","url":"https:\/\/www.estrategiaconcursos.com.br\/blog\/","name":"Estrat\u00e9gia Concursos","description":"O blog da Estrat\u00e9gia Concursos traz not\u00edcias sobre concursos e artigos de professores oferecendo cursos para concursos (pdf + videaulas) no site.","publisher":{"@id":"https:\/\/www.estrategiaconcursos.com.br\/blog\/#organization"},"potentialAction":[{"@type":"SearchAction","target":{"@type":"EntryPoint","urlTemplate":"https:\/\/www.estrategiaconcursos.com.br\/blog\/?s={search_term_string}"},"query-input":{"@type":"PropertyValueSpecification","valueRequired":true,"valueName":"search_term_string"}}],"inLanguage":"pt-BR"},{"@type":"Organization","@id":"https:\/\/www.estrategiaconcursos.com.br\/blog\/#organization","name":"Estrat\u00e9gia Concursos","url":"https:\/\/www.estrategiaconcursos.com.br\/blog\/","logo":{"@type":"ImageObject","inLanguage":"pt-BR","@id":"https:\/\/www.estrategiaconcursos.com.br\/blog\/#\/schema\/logo\/image\/","url":"https:\/\/dhg1h5j42swfq.cloudfront.net\/2025\/06\/03203428\/logo_concursos-1.jpg","contentUrl":"https:\/\/dhg1h5j42swfq.cloudfront.net\/2025\/06\/03203428\/logo_concursos-1.jpg","width":230,"height":60,"caption":"Estrat\u00e9gia Concursos"},"image":{"@id":"https:\/\/www.estrategiaconcursos.com.br\/blog\/#\/schema\/logo\/image\/"},"sameAs":["https:\/\/x.com\/EstratConcursos"]},{"@type":"Person","@id":"https:\/\/www.estrategiaconcursos.com.br\/blog\/#\/schema\/person\/de9d467f7ac4cca297171e67485f0c99","name":"Passo Estrat\u00e9gico","image":{"@type":"ImageObject","inLanguage":"pt-BR","@id":"https:\/\/secure.gravatar.com\/avatar\/7496644e45134bcbc48721282606b9700aec8355dbf3bdd9969130c2b0f19af0?s=96&d=mm&r=g","url":"https:\/\/secure.gravatar.com\/avatar\/7496644e45134bcbc48721282606b9700aec8355dbf3bdd9969130c2b0f19af0?s=96&d=mm&r=g","contentUrl":"https:\/\/secure.gravatar.com\/avatar\/7496644e45134bcbc48721282606b9700aec8355dbf3bdd9969130c2b0f19af0?s=96&d=mm&r=g","caption":"Passo Estrat\u00e9gico"},"url":"https:\/\/www.estrategiaconcursos.com.br\/blog\/author\/passoestrategicoderevisaogmail-com\/"}]}},"_links":{"self":[{"href":"https:\/\/www.estrategiaconcursos.com.br\/blog\/wp-json\/wp\/v2\/posts\/499433","targetHints":{"allow":["GET"]}}],"collection":[{"href":"https:\/\/www.estrategiaconcursos.com.br\/blog\/wp-json\/wp\/v2\/posts"}],"about":[{"href":"https:\/\/www.estrategiaconcursos.com.br\/blog\/wp-json\/wp\/v2\/types\/post"}],"author":[{"embeddable":true,"href":"https:\/\/www.estrategiaconcursos.com.br\/blog\/wp-json\/wp\/v2\/users\/1611"}],"replies":[{"embeddable":true,"href":"https:\/\/www.estrategiaconcursos.com.br\/blog\/wp-json\/wp\/v2\/comments?post=499433"}],"version-history":[{"count":1,"href":"https:\/\/www.estrategiaconcursos.com.br\/blog\/wp-json\/wp\/v2\/posts\/499433\/revisions"}],"predecessor-version":[{"id":499440,"href":"https:\/\/www.estrategiaconcursos.com.br\/blog\/wp-json\/wp\/v2\/posts\/499433\/revisions\/499440"}],"wp:attachment":[{"href":"https:\/\/www.estrategiaconcursos.com.br\/blog\/wp-json\/wp\/v2\/media?parent=499433"}],"wp:term":[{"taxonomy":"category","embeddable":true,"href":"https:\/\/www.estrategiaconcursos.com.br\/blog\/wp-json\/wp\/v2\/categories?post=499433"},{"taxonomy":"post_tag","embeddable":true,"href":"https:\/\/www.estrategiaconcursos.com.br\/blog\/wp-json\/wp\/v2\/tags?post=499433"},{"taxonomy":"tax_estado","embeddable":true,"href":"https:\/\/www.estrategiaconcursos.com.br\/blog\/wp-json\/wp\/v2\/tax_estado?post=499433"}],"curies":[{"name":"wp","href":"https:\/\/api.w.org\/{rel}","templated":true}]}}