{"id":499430,"date":"2020-04-02T15:40:22","date_gmt":"2020-04-02T18:40:22","guid":{"rendered":"https:\/\/www.estrategiaconcursos.com.br\/blog\/?p=499430"},"modified":"2020-04-02T15:40:23","modified_gmt":"2020-04-02T18:40:23","slug":"governo-cadastrara-profissionais-da-saude-para-reforcar-combate-a-covid-19","status":"publish","type":"post","link":"https:\/\/www.estrategiaconcursos.com.br\/blog\/governo-cadastrara-profissionais-da-saude-para-reforcar-combate-a-covid-19\/","title":{"rendered":"Governo cadastrar\u00e1 profissionais da sa\u00fade para refor\u00e7ar combate \u00e0 Covid-19"},"content":{"rendered":"\n<p>Profissionais de diversas 14 \u00e1reas da sa\u00fade ser\u00e3o cadastrados para poss\u00edvel atua\u00e7\u00e3o no Sistema \u00danico de Sa\u00fade (SUS), por conta da pandemia da Covid-19 (novo coronav\u00edrus). A portaria foi publicada pelo Minist\u00e9rio da Sa\u00fade nesta quinta-feira, 02 de abril de 2020. <\/p>\n\n\n\n<p>A portaria prev\u00ea a capacita\u00e7\u00e3o emergencial dos profissionais convocados para atua\u00e7\u00e3o em estados, munic\u00edpios e no Distrito Federal. Confira abaixo as carreiras atingidas pela portaria:<\/p>\n\n\n\n<ul class=\"wp-block-list\"><li>Biologia<\/li><li>Biomedicina<\/li><li>Educa\u00e7\u00e3o f\u00edsica<\/li><li>Enfermagem<\/li><li>Farm\u00e1cia<\/li><li>Fisioterapia e terapia ocupacional<\/li><li>Fonoaudiologia<\/li><li>Medicina<\/li><li>Medicina veterin\u00e1ria<\/li><li>Nutri\u00e7\u00e3o<\/li><li>Odontologia<\/li><li>Servi\u00e7o Social<\/li><li>Psicologia<\/li><li>T\u00e9cnicos em radiologia<\/li><\/ul>\n\n\n\n<p>A Lei 13.979\/2020 prev\u00ea a requisi\u00e7\u00e3o de profissionais em decorr\u00eancia da Covid-19 e garante, posteriormente, o pagamento pelos servi\u00e7os prestados.<\/p>\n\n\n\n<h3 class=\"wp-block-heading\">Obrigatoriedade<\/h3>\n\n\n\n<p>A portaria do Minist\u00e9rio P\u00fablico obriga os profissionais das \u00e1reas mencionadas acima a fazer o cadastro e adverte que, em caso de descumprimento, o conselho federal correspondente ser\u00e1 acionado. Para realizar o cadastro, bem como o curso de capacita\u00e7\u00e3o online, <a href=\"https:\/\/registrarh-saude.dataprev.gov.br\/cadastro\">clique AQUI<\/a>.<\/p>\n\n\n\n<p><\/p>\n","protected":false},"excerpt":{"rendered":"<p>Profissionais de diversas 14 \u00e1reas da sa\u00fade ser\u00e3o cadastrados para poss\u00edvel atua\u00e7\u00e3o no Sistema \u00danico de Sa\u00fade (SUS), por conta da pandemia da Covid-19 (novo coronav\u00edrus). A portaria foi publicada pelo Minist\u00e9rio da Sa\u00fade nesta quinta-feira, 02 de abril de 2020. A portaria prev\u00ea a capacita\u00e7\u00e3o emergencial dos profissionais convocados para atua\u00e7\u00e3o em estados, munic\u00edpios [&hellip;]<\/p>\n","protected":false},"author":561,"featured_media":0,"comment_status":"open","ping_status":"closed","sticky":false,"template":"","format":"standard","meta":{"post_tipo":"article","footnotes":""},"categories":[1],"tags":[],"tax_estado":[],"class_list":["post-499430","post","type-post","status-publish","format-standard","hentry","category-cursos-e-concursos"],"acf":[],"yoast_head":"<!-- This site is optimized with the Yoast SEO Premium plugin v27.2 (Yoast SEO v27.2) - https:\/\/yoast.com\/product\/yoast-seo-premium-wordpress\/ -->\n<title>Governo cadastrar\u00e1 profissionais da sa\u00fade para refor\u00e7ar combate \u00e0 Covid-19<\/title>\n<meta name=\"robots\" content=\"index, follow, max-snippet:-1, max-image-preview:large, max-video-preview:-1\" \/>\n<link rel=\"canonical\" href=\"https:\/\/www.estrategiaconcursos.com.br\/blog\/governo-cadastrara-profissionais-da-saude-para-reforcar-combate-a-covid-19\/\" \/>\n<meta property=\"og:locale\" content=\"pt_BR\" \/>\n<meta property=\"og:type\" content=\"article\" \/>\n<meta property=\"og:title\" content=\"Governo cadastrar\u00e1 profissionais da sa\u00fade para refor\u00e7ar combate \u00e0 Covid-19\" \/>\n<meta property=\"og:description\" content=\"Profissionais de diversas 14 \u00e1reas da sa\u00fade ser\u00e3o cadastrados para poss\u00edvel atua\u00e7\u00e3o no Sistema \u00danico de Sa\u00fade (SUS), por conta da pandemia da Covid-19 (novo coronav\u00edrus). A portaria foi publicada pelo Minist\u00e9rio da Sa\u00fade nesta quinta-feira, 02 de abril de 2020. A portaria prev\u00ea a capacita\u00e7\u00e3o emergencial dos profissionais convocados para atua\u00e7\u00e3o em estados, munic\u00edpios [&hellip;]\" \/>\n<meta property=\"og:url\" content=\"https:\/\/www.estrategiaconcursos.com.br\/blog\/governo-cadastrara-profissionais-da-saude-para-reforcar-combate-a-covid-19\/\" \/>\n<meta property=\"og:site_name\" content=\"Estrat\u00e9gia Concursos\" \/>\n<meta property=\"article:published_time\" content=\"2020-04-02T18:40:22+00:00\" \/>\n<meta property=\"article:modified_time\" content=\"2020-04-02T18:40:23+00:00\" \/>\n<meta name=\"author\" content=\"Ligia Carvalheiro Fernandes\" \/>\n<meta name=\"twitter:card\" content=\"summary_large_image\" \/>\n<meta name=\"twitter:creator\" content=\"@EstratConcursos\" \/>\n<meta name=\"twitter:site\" content=\"@EstratConcursos\" \/>\n<meta name=\"twitter:label1\" content=\"Escrito por\" \/>\n\t<meta name=\"twitter:data1\" content=\"Ligia Carvalheiro Fernandes\" \/>\n\t<meta name=\"twitter:label2\" content=\"Est. tempo de leitura\" \/>\n\t<meta name=\"twitter:data2\" content=\"1 minuto\" \/>\n<script type=\"application\/ld+json\" class=\"yoast-schema-graph\">{\"@context\":\"https:\/\/schema.org\",\"@graph\":[{\"@type\":\"NewsArticle\",\"@id\":\"https:\/\/www.estrategiaconcursos.com.br\/blog\/governo-cadastrara-profissionais-da-saude-para-reforcar-combate-a-covid-19\/#article\",\"isPartOf\":{\"@id\":\"https:\/\/www.estrategiaconcursos.com.br\/blog\/governo-cadastrara-profissionais-da-saude-para-reforcar-combate-a-covid-19\/\"},\"author\":{\"name\":\"Ligia Carvalheiro Fernandes\",\"@id\":\"https:\/\/www.estrategiaconcursos.com.br\/blog\/#\/schema\/person\/cc76e9dac392d5e35e7d00c493eee792\"},\"headline\":\"Governo cadastrar\u00e1 profissionais da sa\u00fade para refor\u00e7ar combate \u00e0 Covid-19\",\"datePublished\":\"2020-04-02T18:40:22+00:00\",\"dateModified\":\"2020-04-02T18:40:23+00:00\",\"mainEntityOfPage\":{\"@id\":\"https:\/\/www.estrategiaconcursos.com.br\/blog\/governo-cadastrara-profissionais-da-saude-para-reforcar-combate-a-covid-19\/\"},\"wordCount\":182,\"commentCount\":0,\"publisher\":{\"@id\":\"https:\/\/www.estrategiaconcursos.com.br\/blog\/#organization\"},\"articleSection\":[\"Concursos P\u00fablicos\"],\"inLanguage\":\"pt-BR\",\"potentialAction\":[{\"@type\":\"CommentAction\",\"name\":\"Comment\",\"target\":[\"https:\/\/www.estrategiaconcursos.com.br\/blog\/governo-cadastrara-profissionais-da-saude-para-reforcar-combate-a-covid-19\/#respond\"]}],\"copyrightYear\":\"2020\",\"copyrightHolder\":{\"@id\":\"https:\/\/www.estrategiaconcursos.com.br\/blog\/#organization\"}},{\"@type\":\"WebPage\",\"@id\":\"https:\/\/www.estrategiaconcursos.com.br\/blog\/governo-cadastrara-profissionais-da-saude-para-reforcar-combate-a-covid-19\/\",\"url\":\"https:\/\/www.estrategiaconcursos.com.br\/blog\/governo-cadastrara-profissionais-da-saude-para-reforcar-combate-a-covid-19\/\",\"name\":\"Governo cadastrar\u00e1 profissionais da sa\u00fade para refor\u00e7ar combate \u00e0 Covid-19\",\"isPartOf\":{\"@id\":\"https:\/\/www.estrategiaconcursos.com.br\/blog\/#website\"},\"datePublished\":\"2020-04-02T18:40:22+00:00\",\"dateModified\":\"2020-04-02T18:40:23+00:00\",\"breadcrumb\":{\"@id\":\"https:\/\/www.estrategiaconcursos.com.br\/blog\/governo-cadastrara-profissionais-da-saude-para-reforcar-combate-a-covid-19\/#breadcrumb\"},\"inLanguage\":\"pt-BR\",\"potentialAction\":[{\"@type\":\"ReadAction\",\"target\":[\"https:\/\/www.estrategiaconcursos.com.br\/blog\/governo-cadastrara-profissionais-da-saude-para-reforcar-combate-a-covid-19\/\"]}]},{\"@type\":\"BreadcrumbList\",\"@id\":\"https:\/\/www.estrategiaconcursos.com.br\/blog\/governo-cadastrara-profissionais-da-saude-para-reforcar-combate-a-covid-19\/#breadcrumb\",\"itemListElement\":[{\"@type\":\"ListItem\",\"position\":1,\"name\":\"In\u00edcio\",\"item\":\"https:\/\/www.estrategiaconcursos.com.br\/blog\/\"},{\"@type\":\"ListItem\",\"position\":2,\"name\":\"Governo cadastrar\u00e1 profissionais da sa\u00fade para refor\u00e7ar combate \u00e0 Covid-19\"}]},{\"@type\":\"WebSite\",\"@id\":\"https:\/\/www.estrategiaconcursos.com.br\/blog\/#website\",\"url\":\"https:\/\/www.estrategiaconcursos.com.br\/blog\/\",\"name\":\"Estrat\u00e9gia Concursos\",\"description\":\"O blog da Estrat\u00e9gia Concursos traz not\u00edcias sobre concursos e artigos de professores oferecendo cursos para concursos (pdf + videaulas) no site.\",\"publisher\":{\"@id\":\"https:\/\/www.estrategiaconcursos.com.br\/blog\/#organization\"},\"potentialAction\":[{\"@type\":\"SearchAction\",\"target\":{\"@type\":\"EntryPoint\",\"urlTemplate\":\"https:\/\/www.estrategiaconcursos.com.br\/blog\/?s={search_term_string}\"},\"query-input\":{\"@type\":\"PropertyValueSpecification\",\"valueRequired\":true,\"valueName\":\"search_term_string\"}}],\"inLanguage\":\"pt-BR\"},{\"@type\":\"Organization\",\"@id\":\"https:\/\/www.estrategiaconcursos.com.br\/blog\/#organization\",\"name\":\"Estrat\u00e9gia Concursos\",\"url\":\"https:\/\/www.estrategiaconcursos.com.br\/blog\/\",\"logo\":{\"@type\":\"ImageObject\",\"inLanguage\":\"pt-BR\",\"@id\":\"https:\/\/www.estrategiaconcursos.com.br\/blog\/#\/schema\/logo\/image\/\",\"url\":\"https:\/\/dhg1h5j42swfq.cloudfront.net\/2025\/06\/03203428\/logo_concursos-1.jpg\",\"contentUrl\":\"https:\/\/dhg1h5j42swfq.cloudfront.net\/2025\/06\/03203428\/logo_concursos-1.jpg\",\"width\":230,\"height\":60,\"caption\":\"Estrat\u00e9gia Concursos\"},\"image\":{\"@id\":\"https:\/\/www.estrategiaconcursos.com.br\/blog\/#\/schema\/logo\/image\/\"},\"sameAs\":[\"https:\/\/x.com\/EstratConcursos\"]},{\"@type\":\"Person\",\"@id\":\"https:\/\/www.estrategiaconcursos.com.br\/blog\/#\/schema\/person\/cc76e9dac392d5e35e7d00c493eee792\",\"name\":\"Ligia Carvalheiro Fernandes\",\"image\":{\"@type\":\"ImageObject\",\"inLanguage\":\"pt-BR\",\"@id\":\"https:\/\/secure.gravatar.com\/avatar\/26e4636c44dabc043eaf634f767ecd1d80505b210d3981d4ebd176a3f373e3ec?s=96&d=mm&r=g\",\"url\":\"https:\/\/secure.gravatar.com\/avatar\/26e4636c44dabc043eaf634f767ecd1d80505b210d3981d4ebd176a3f373e3ec?s=96&d=mm&r=g\",\"contentUrl\":\"https:\/\/secure.gravatar.com\/avatar\/26e4636c44dabc043eaf634f767ecd1d80505b210d3981d4ebd176a3f373e3ec?s=96&d=mm&r=g\",\"caption\":\"Ligia Carvalheiro Fernandes\"},\"url\":\"https:\/\/www.estrategiaconcursos.com.br\/blog\/author\/licarfegmail-com\/\"}]}<\/script>\n<!-- \/ Yoast SEO Premium plugin. -->","yoast_head_json":{"title":"Governo cadastrar\u00e1 profissionais da sa\u00fade para refor\u00e7ar combate \u00e0 Covid-19","robots":{"index":"index","follow":"follow","max-snippet":"max-snippet:-1","max-image-preview":"max-image-preview:large","max-video-preview":"max-video-preview:-1"},"canonical":"https:\/\/www.estrategiaconcursos.com.br\/blog\/governo-cadastrara-profissionais-da-saude-para-reforcar-combate-a-covid-19\/","og_locale":"pt_BR","og_type":"article","og_title":"Governo cadastrar\u00e1 profissionais da sa\u00fade para refor\u00e7ar combate \u00e0 Covid-19","og_description":"Profissionais de diversas 14 \u00e1reas da sa\u00fade ser\u00e3o cadastrados para poss\u00edvel atua\u00e7\u00e3o no Sistema \u00danico de Sa\u00fade (SUS), por conta da pandemia da Covid-19 (novo coronav\u00edrus). A portaria foi publicada pelo Minist\u00e9rio da Sa\u00fade nesta quinta-feira, 02 de abril de 2020. A portaria prev\u00ea a capacita\u00e7\u00e3o emergencial dos profissionais convocados para atua\u00e7\u00e3o em estados, munic\u00edpios [&hellip;]","og_url":"https:\/\/www.estrategiaconcursos.com.br\/blog\/governo-cadastrara-profissionais-da-saude-para-reforcar-combate-a-covid-19\/","og_site_name":"Estrat\u00e9gia Concursos","article_published_time":"2020-04-02T18:40:22+00:00","article_modified_time":"2020-04-02T18:40:23+00:00","author":"Ligia Carvalheiro Fernandes","twitter_card":"summary_large_image","twitter_creator":"@EstratConcursos","twitter_site":"@EstratConcursos","twitter_misc":{"Escrito por":"Ligia Carvalheiro Fernandes","Est. tempo de leitura":"1 minuto"},"schema":{"@context":"https:\/\/schema.org","@graph":[{"@type":"NewsArticle","@id":"https:\/\/www.estrategiaconcursos.com.br\/blog\/governo-cadastrara-profissionais-da-saude-para-reforcar-combate-a-covid-19\/#article","isPartOf":{"@id":"https:\/\/www.estrategiaconcursos.com.br\/blog\/governo-cadastrara-profissionais-da-saude-para-reforcar-combate-a-covid-19\/"},"author":{"name":"Ligia Carvalheiro Fernandes","@id":"https:\/\/www.estrategiaconcursos.com.br\/blog\/#\/schema\/person\/cc76e9dac392d5e35e7d00c493eee792"},"headline":"Governo cadastrar\u00e1 profissionais da sa\u00fade para refor\u00e7ar combate \u00e0 Covid-19","datePublished":"2020-04-02T18:40:22+00:00","dateModified":"2020-04-02T18:40:23+00:00","mainEntityOfPage":{"@id":"https:\/\/www.estrategiaconcursos.com.br\/blog\/governo-cadastrara-profissionais-da-saude-para-reforcar-combate-a-covid-19\/"},"wordCount":182,"commentCount":0,"publisher":{"@id":"https:\/\/www.estrategiaconcursos.com.br\/blog\/#organization"},"articleSection":["Concursos P\u00fablicos"],"inLanguage":"pt-BR","potentialAction":[{"@type":"CommentAction","name":"Comment","target":["https:\/\/www.estrategiaconcursos.com.br\/blog\/governo-cadastrara-profissionais-da-saude-para-reforcar-combate-a-covid-19\/#respond"]}],"copyrightYear":"2020","copyrightHolder":{"@id":"https:\/\/www.estrategiaconcursos.com.br\/blog\/#organization"}},{"@type":"WebPage","@id":"https:\/\/www.estrategiaconcursos.com.br\/blog\/governo-cadastrara-profissionais-da-saude-para-reforcar-combate-a-covid-19\/","url":"https:\/\/www.estrategiaconcursos.com.br\/blog\/governo-cadastrara-profissionais-da-saude-para-reforcar-combate-a-covid-19\/","name":"Governo cadastrar\u00e1 profissionais da sa\u00fade para refor\u00e7ar combate \u00e0 Covid-19","isPartOf":{"@id":"https:\/\/www.estrategiaconcursos.com.br\/blog\/#website"},"datePublished":"2020-04-02T18:40:22+00:00","dateModified":"2020-04-02T18:40:23+00:00","breadcrumb":{"@id":"https:\/\/www.estrategiaconcursos.com.br\/blog\/governo-cadastrara-profissionais-da-saude-para-reforcar-combate-a-covid-19\/#breadcrumb"},"inLanguage":"pt-BR","potentialAction":[{"@type":"ReadAction","target":["https:\/\/www.estrategiaconcursos.com.br\/blog\/governo-cadastrara-profissionais-da-saude-para-reforcar-combate-a-covid-19\/"]}]},{"@type":"BreadcrumbList","@id":"https:\/\/www.estrategiaconcursos.com.br\/blog\/governo-cadastrara-profissionais-da-saude-para-reforcar-combate-a-covid-19\/#breadcrumb","itemListElement":[{"@type":"ListItem","position":1,"name":"In\u00edcio","item":"https:\/\/www.estrategiaconcursos.com.br\/blog\/"},{"@type":"ListItem","position":2,"name":"Governo cadastrar\u00e1 profissionais da sa\u00fade para refor\u00e7ar combate \u00e0 Covid-19"}]},{"@type":"WebSite","@id":"https:\/\/www.estrategiaconcursos.com.br\/blog\/#website","url":"https:\/\/www.estrategiaconcursos.com.br\/blog\/","name":"Estrat\u00e9gia Concursos","description":"O blog da Estrat\u00e9gia Concursos traz not\u00edcias sobre concursos e artigos de professores oferecendo cursos para concursos (pdf + videaulas) no site.","publisher":{"@id":"https:\/\/www.estrategiaconcursos.com.br\/blog\/#organization"},"potentialAction":[{"@type":"SearchAction","target":{"@type":"EntryPoint","urlTemplate":"https:\/\/www.estrategiaconcursos.com.br\/blog\/?s={search_term_string}"},"query-input":{"@type":"PropertyValueSpecification","valueRequired":true,"valueName":"search_term_string"}}],"inLanguage":"pt-BR"},{"@type":"Organization","@id":"https:\/\/www.estrategiaconcursos.com.br\/blog\/#organization","name":"Estrat\u00e9gia Concursos","url":"https:\/\/www.estrategiaconcursos.com.br\/blog\/","logo":{"@type":"ImageObject","inLanguage":"pt-BR","@id":"https:\/\/www.estrategiaconcursos.com.br\/blog\/#\/schema\/logo\/image\/","url":"https:\/\/dhg1h5j42swfq.cloudfront.net\/2025\/06\/03203428\/logo_concursos-1.jpg","contentUrl":"https:\/\/dhg1h5j42swfq.cloudfront.net\/2025\/06\/03203428\/logo_concursos-1.jpg","width":230,"height":60,"caption":"Estrat\u00e9gia Concursos"},"image":{"@id":"https:\/\/www.estrategiaconcursos.com.br\/blog\/#\/schema\/logo\/image\/"},"sameAs":["https:\/\/x.com\/EstratConcursos"]},{"@type":"Person","@id":"https:\/\/www.estrategiaconcursos.com.br\/blog\/#\/schema\/person\/cc76e9dac392d5e35e7d00c493eee792","name":"Ligia Carvalheiro Fernandes","image":{"@type":"ImageObject","inLanguage":"pt-BR","@id":"https:\/\/secure.gravatar.com\/avatar\/26e4636c44dabc043eaf634f767ecd1d80505b210d3981d4ebd176a3f373e3ec?s=96&d=mm&r=g","url":"https:\/\/secure.gravatar.com\/avatar\/26e4636c44dabc043eaf634f767ecd1d80505b210d3981d4ebd176a3f373e3ec?s=96&d=mm&r=g","contentUrl":"https:\/\/secure.gravatar.com\/avatar\/26e4636c44dabc043eaf634f767ecd1d80505b210d3981d4ebd176a3f373e3ec?s=96&d=mm&r=g","caption":"Ligia Carvalheiro Fernandes"},"url":"https:\/\/www.estrategiaconcursos.com.br\/blog\/author\/licarfegmail-com\/"}]}},"_links":{"self":[{"href":"https:\/\/www.estrategiaconcursos.com.br\/blog\/wp-json\/wp\/v2\/posts\/499430","targetHints":{"allow":["GET"]}}],"collection":[{"href":"https:\/\/www.estrategiaconcursos.com.br\/blog\/wp-json\/wp\/v2\/posts"}],"about":[{"href":"https:\/\/www.estrategiaconcursos.com.br\/blog\/wp-json\/wp\/v2\/types\/post"}],"author":[{"embeddable":true,"href":"https:\/\/www.estrategiaconcursos.com.br\/blog\/wp-json\/wp\/v2\/users\/561"}],"replies":[{"embeddable":true,"href":"https:\/\/www.estrategiaconcursos.com.br\/blog\/wp-json\/wp\/v2\/comments?post=499430"}],"version-history":[{"count":1,"href":"https:\/\/www.estrategiaconcursos.com.br\/blog\/wp-json\/wp\/v2\/posts\/499430\/revisions"}],"predecessor-version":[{"id":499454,"href":"https:\/\/www.estrategiaconcursos.com.br\/blog\/wp-json\/wp\/v2\/posts\/499430\/revisions\/499454"}],"wp:attachment":[{"href":"https:\/\/www.estrategiaconcursos.com.br\/blog\/wp-json\/wp\/v2\/media?parent=499430"}],"wp:term":[{"taxonomy":"category","embeddable":true,"href":"https:\/\/www.estrategiaconcursos.com.br\/blog\/wp-json\/wp\/v2\/categories?post=499430"},{"taxonomy":"post_tag","embeddable":true,"href":"https:\/\/www.estrategiaconcursos.com.br\/blog\/wp-json\/wp\/v2\/tags?post=499430"},{"taxonomy":"tax_estado","embeddable":true,"href":"https:\/\/www.estrategiaconcursos.com.br\/blog\/wp-json\/wp\/v2\/tax_estado?post=499430"}],"curies":[{"name":"wp","href":"https:\/\/api.w.org\/{rel}","templated":true}]}}