{"id":499386,"date":"2020-04-02T14:14:12","date_gmt":"2020-04-02T17:14:12","guid":{"rendered":"https:\/\/www.estrategiaconcursos.com.br\/blog\/?p=499386"},"modified":"2020-04-02T14:14:13","modified_gmt":"2020-04-02T17:14:13","slug":"concurso-alesc-tem-grupo-de-trabalho-constituido-confira","status":"publish","type":"post","link":"https:\/\/www.estrategiaconcursos.com.br\/blog\/concurso-alesc-tem-grupo-de-trabalho-constituido-confira\/","title":{"rendered":"Concurso Alesc tem grupo de trabalho constitu\u00eddo. Confira!"},"content":{"rendered":"\n<p>Foi constitu\u00eddo o Grupo de Trabalho Especial do Concurso ALESC (Assembleia Legislativa de Santa Catarina). <\/p>\n\n\n\n<p>O principal objetivo do Grupo, que \u00e9 presidido pela Diretoria-Geral, \u00e9 acompanhar os preparativos do pr\u00f3ximo certame. Para exercer a fun\u00e7\u00e3o, os membros nomeados n\u00e3o recebem remunera\u00e7\u00e3o adicional. Confira os membros designados:<\/p>\n\n\n\n<figure class=\"wp-block-table is-style-stripes\"><table><tbody><tr><td class=\"has-text-align-center\" data-align=\"center\"><strong>Servidor<\/strong><\/td><td class=\"has-text-align-center\" data-align=\"center\"><strong>Setor<\/strong><\/td><td class=\"has-text-align-center\" data-align=\"center\"><strong>Cargo<\/strong><\/td><\/tr><tr><td class=\"has-text-align-center\" data-align=\"center\">Maria Nattel Sheffer Lorenz<\/td><td class=\"has-text-align-center\" data-align=\"center\">DG<\/td><td class=\"has-text-align-center\" data-align=\"center\">Diretora-Geral<\/td><\/tr><tr><td class=\"has-text-align-center\" data-align=\"center\">Janaina Mella<\/td><td class=\"has-text-align-center\" data-align=\"center\">CPSP<\/td><td class=\"has-text-align-center\" data-align=\"center\">Coordenadora de Processamento do Sistema de Pessoal<\/td><\/tr><tr><td class=\"has-text-align-center\" data-align=\"center\">Luiz Eduardo de Souza<\/td><td class=\"has-text-align-center\" data-align=\"center\">DRH<\/td><td class=\"has-text-align-center\" data-align=\"center\">Analista Legislativo II\/T\u00e9cnico em Hardware<\/td><\/tr><tr><td class=\"has-text-align-center\" data-align=\"center\">Anderson Ailton Barbosa<\/td><td class=\"has-text-align-center\" data-align=\"center\">DTI<\/td><td class=\"has-text-align-center\" data-align=\"center\">Analista Legislativo II\/Programador<\/td><\/tr><tr><td class=\"has-text-align-center\" data-align=\"center\">Fab\u00edola Ferreira de Macedo<\/td><td class=\"has-text-align-center\" data-align=\"center\">Controladoria<\/td><td class=\"has-text-align-center\" data-align=\"center\">Analista Legislativo II\/Analista de Sistemas<\/td><\/tr><tr><td class=\"has-text-align-center\" data-align=\"center\">Nat\u00e1lia Milack Colombo<\/td><td class=\"has-text-align-center\" data-align=\"center\">DF<\/td><td class=\"has-text-align-center\" data-align=\"center\">Analista Legislativo II<\/td><\/tr><tr><td class=\"has-text-align-center\" data-align=\"center\">Aline Covoro Ravara<\/td><td class=\"has-text-align-center\" data-align=\"center\">SINDALESC<\/td><td class=\"has-text-align-center\" data-align=\"center\">Analista Legislativo II<\/td><\/tr><tr><td class=\"has-text-align-center\" data-align=\"center\">Jo\u00e3o Aquino de Concei\u00e7\u00e3o Neto<\/td><td class=\"has-text-align-center\" data-align=\"center\">AFALESC<\/td><td class=\"has-text-align-center\" data-align=\"center\">Anslista Legislativo II\/Programador<\/td><\/tr><\/tbody><\/table><\/figure>\n\n\n\n<p>Vale que ressaltar que, ap\u00f3s dez anos, este \u00e9 o primeiro concurso Alesc em planejamento pela a Assembleia Legislativa de Santa Catarina.<\/p>\n\n\n\n<p>Um novo certame \u00e9 visto como extremamente necess\u00e1rio, j\u00e1 que, de acordo com o Sindicato de Servidores da ALESC, o quadro de efetivos caiu para menos da metade nos \u00faltimos 15 anos, com 348 ativos, enquanto o de comissionados e terceirizados quase dobrou, somando 1.047.<\/p>\n\n\n\n<p class=\"has-background has-text-align-center has-very-light-gray-background-color\"><strong>Saiba mais: <a href=\"https:\/\/www.estrategiaconcursos.com.br\/blog\/concurso-alesc\/\">Concurso Alesc<\/a><\/strong><\/p>\n\n\n\n<p class=\"has-text-align-center\"><em><strong>Assinatura Anual Ilimitada*<\/strong><\/em><\/p>\n\n\n\n<p class=\"has-text-align-center\"><em>Prepare-se com o melhor material e com quem mais aprova em Concursos P\u00fablicos em todo o pa\u00eds. Assine agora a nossa Assinatura Anual e tenha acesso ilimitado* a todos os nossos cursos.<\/em><\/p>\n\n\n\n<p class=\"has-background has-text-align-center has-light-green-cyan-background-color\"><strong>ASSINE AGORA<\/strong>&nbsp;\u2013&nbsp;<a rel=\"noreferrer noopener\" href=\"https:\/\/www.estrategiaconcursos.com.br\/assinaturas\" target=\"_blank\"><strong>Assinatura Ilimitada<\/strong><\/a><\/p>\n\n\n\n<p class=\"has-background has-text-align-center has-pale-cyan-blue-background-color\"><strong><a href=\"https:\/\/www.estrategiaconcursos.com.br\/blog\/concursos-abertos\/\">CONCURSOS ABERTOS<\/a><\/strong><\/p>\n\n\n\n<p class=\"has-background has-text-align-center has-pale-cyan-blue-background-color\"><a href=\"https:\/\/www.estrategiaconcursos.com.br\/blog\/concursos-2020\/\"><strong>CONCURSOS<\/strong><\/a><strong><a href=\"https:\/\/www.estrategiaconcursos.com.br\/blog\/concursos-2020\/\">&nbsp;2020<\/a><\/strong><\/p>\n","protected":false},"excerpt":{"rendered":"<p>Foi constitu\u00eddo o Grupo de Trabalho Especial do Concurso ALESC (Assembleia Legislativa de Santa Catarina). O principal objetivo do Grupo, que \u00e9 presidido pela Diretoria-Geral, \u00e9 acompanhar os preparativos do pr\u00f3ximo certame. Para exercer a fun\u00e7\u00e3o, os membros nomeados n\u00e3o recebem remunera\u00e7\u00e3o adicional. Confira os membros designados: Servidor Setor Cargo Maria Nattel Sheffer Lorenz DG [&hellip;]<\/p>\n","protected":false},"author":388,"featured_media":0,"comment_status":"open","ping_status":"closed","sticky":false,"template":"","format":"standard","meta":{"post_tipo":"article","footnotes":""},"categories":[1],"tags":[],"tax_estado":[],"class_list":["post-499386","post","type-post","status-publish","format-standard","hentry","category-cursos-e-concursos"],"acf":[],"yoast_head":"<!-- This site is optimized with the Yoast SEO Premium plugin v27.2 (Yoast SEO v27.2) - https:\/\/yoast.com\/product\/yoast-seo-premium-wordpress\/ -->\n<title>Concurso Alesc tem grupo de trabalho constitu\u00eddo. Confira!<\/title>\n<meta name=\"robots\" content=\"index, follow, max-snippet:-1, max-image-preview:large, max-video-preview:-1\" \/>\n<link rel=\"canonical\" href=\"https:\/\/www.estrategiaconcursos.com.br\/blog\/concurso-alesc-tem-grupo-de-trabalho-constituido-confira\/\" \/>\n<meta property=\"og:locale\" content=\"pt_BR\" \/>\n<meta property=\"og:type\" content=\"article\" \/>\n<meta property=\"og:title\" content=\"Concurso Alesc tem grupo de trabalho constitu\u00eddo. Confira!\" \/>\n<meta property=\"og:description\" content=\"Foi constitu\u00eddo o Grupo de Trabalho Especial do Concurso ALESC (Assembleia Legislativa de Santa Catarina). O principal objetivo do Grupo, que \u00e9 presidido pela Diretoria-Geral, \u00e9 acompanhar os preparativos do pr\u00f3ximo certame. Para exercer a fun\u00e7\u00e3o, os membros nomeados n\u00e3o recebem remunera\u00e7\u00e3o adicional. Confira os membros designados: Servidor Setor Cargo Maria Nattel Sheffer Lorenz DG [&hellip;]\" \/>\n<meta property=\"og:url\" content=\"https:\/\/www.estrategiaconcursos.com.br\/blog\/concurso-alesc-tem-grupo-de-trabalho-constituido-confira\/\" \/>\n<meta property=\"og:site_name\" content=\"Estrat\u00e9gia Concursos\" \/>\n<meta property=\"article:published_time\" content=\"2020-04-02T17:14:12+00:00\" \/>\n<meta property=\"article:modified_time\" content=\"2020-04-02T17:14:13+00:00\" \/>\n<meta name=\"author\" content=\"Tiago Zanolla\" \/>\n<meta name=\"twitter:card\" content=\"summary_large_image\" \/>\n<meta name=\"twitter:creator\" content=\"@EstratConcursos\" \/>\n<meta name=\"twitter:site\" content=\"@EstratConcursos\" \/>\n<meta name=\"twitter:label1\" content=\"Escrito por\" \/>\n\t<meta name=\"twitter:data1\" content=\"Tiago Zanolla\" \/>\n\t<meta name=\"twitter:label2\" content=\"Est. tempo de leitura\" \/>\n\t<meta name=\"twitter:data2\" content=\"1 minuto\" \/>\n<script type=\"application\/ld+json\" class=\"yoast-schema-graph\">{\"@context\":\"https:\/\/schema.org\",\"@graph\":[{\"@type\":\"NewsArticle\",\"@id\":\"https:\/\/www.estrategiaconcursos.com.br\/blog\/concurso-alesc-tem-grupo-de-trabalho-constituido-confira\/#article\",\"isPartOf\":{\"@id\":\"https:\/\/www.estrategiaconcursos.com.br\/blog\/concurso-alesc-tem-grupo-de-trabalho-constituido-confira\/\"},\"author\":{\"name\":\"Tiago Zanolla\",\"@id\":\"https:\/\/www.estrategiaconcursos.com.br\/blog\/#\/schema\/person\/1509739fd92a40c9b52116de04a90310\"},\"headline\":\"Concurso Alesc tem grupo de trabalho constitu\u00eddo. Confira!\",\"datePublished\":\"2020-04-02T17:14:12+00:00\",\"dateModified\":\"2020-04-02T17:14:13+00:00\",\"mainEntityOfPage\":{\"@id\":\"https:\/\/www.estrategiaconcursos.com.br\/blog\/concurso-alesc-tem-grupo-de-trabalho-constituido-confira\/\"},\"wordCount\":252,\"commentCount\":0,\"publisher\":{\"@id\":\"https:\/\/www.estrategiaconcursos.com.br\/blog\/#organization\"},\"articleSection\":[\"Concursos P\u00fablicos\"],\"inLanguage\":\"pt-BR\",\"potentialAction\":[{\"@type\":\"CommentAction\",\"name\":\"Comment\",\"target\":[\"https:\/\/www.estrategiaconcursos.com.br\/blog\/concurso-alesc-tem-grupo-de-trabalho-constituido-confira\/#respond\"]}],\"copyrightYear\":\"2020\",\"copyrightHolder\":{\"@id\":\"https:\/\/www.estrategiaconcursos.com.br\/blog\/#organization\"}},{\"@type\":\"WebPage\",\"@id\":\"https:\/\/www.estrategiaconcursos.com.br\/blog\/concurso-alesc-tem-grupo-de-trabalho-constituido-confira\/\",\"url\":\"https:\/\/www.estrategiaconcursos.com.br\/blog\/concurso-alesc-tem-grupo-de-trabalho-constituido-confira\/\",\"name\":\"Concurso Alesc tem grupo de trabalho constitu\u00eddo. Confira!\",\"isPartOf\":{\"@id\":\"https:\/\/www.estrategiaconcursos.com.br\/blog\/#website\"},\"datePublished\":\"2020-04-02T17:14:12+00:00\",\"dateModified\":\"2020-04-02T17:14:13+00:00\",\"breadcrumb\":{\"@id\":\"https:\/\/www.estrategiaconcursos.com.br\/blog\/concurso-alesc-tem-grupo-de-trabalho-constituido-confira\/#breadcrumb\"},\"inLanguage\":\"pt-BR\",\"potentialAction\":[{\"@type\":\"ReadAction\",\"target\":[\"https:\/\/www.estrategiaconcursos.com.br\/blog\/concurso-alesc-tem-grupo-de-trabalho-constituido-confira\/\"]}]},{\"@type\":\"BreadcrumbList\",\"@id\":\"https:\/\/www.estrategiaconcursos.com.br\/blog\/concurso-alesc-tem-grupo-de-trabalho-constituido-confira\/#breadcrumb\",\"itemListElement\":[{\"@type\":\"ListItem\",\"position\":1,\"name\":\"In\u00edcio\",\"item\":\"https:\/\/www.estrategiaconcursos.com.br\/blog\/\"},{\"@type\":\"ListItem\",\"position\":2,\"name\":\"Concurso Alesc tem grupo de trabalho constitu\u00eddo. Confira!\"}]},{\"@type\":\"WebSite\",\"@id\":\"https:\/\/www.estrategiaconcursos.com.br\/blog\/#website\",\"url\":\"https:\/\/www.estrategiaconcursos.com.br\/blog\/\",\"name\":\"Estrat\u00e9gia Concursos\",\"description\":\"O blog da Estrat\u00e9gia Concursos traz not\u00edcias sobre concursos e artigos de professores oferecendo cursos para concursos (pdf + videaulas) no site.\",\"publisher\":{\"@id\":\"https:\/\/www.estrategiaconcursos.com.br\/blog\/#organization\"},\"potentialAction\":[{\"@type\":\"SearchAction\",\"target\":{\"@type\":\"EntryPoint\",\"urlTemplate\":\"https:\/\/www.estrategiaconcursos.com.br\/blog\/?s={search_term_string}\"},\"query-input\":{\"@type\":\"PropertyValueSpecification\",\"valueRequired\":true,\"valueName\":\"search_term_string\"}}],\"inLanguage\":\"pt-BR\"},{\"@type\":\"Organization\",\"@id\":\"https:\/\/www.estrategiaconcursos.com.br\/blog\/#organization\",\"name\":\"Estrat\u00e9gia Concursos\",\"url\":\"https:\/\/www.estrategiaconcursos.com.br\/blog\/\",\"logo\":{\"@type\":\"ImageObject\",\"inLanguage\":\"pt-BR\",\"@id\":\"https:\/\/www.estrategiaconcursos.com.br\/blog\/#\/schema\/logo\/image\/\",\"url\":\"https:\/\/dhg1h5j42swfq.cloudfront.net\/2025\/06\/03203428\/logo_concursos-1.jpg\",\"contentUrl\":\"https:\/\/dhg1h5j42swfq.cloudfront.net\/2025\/06\/03203428\/logo_concursos-1.jpg\",\"width\":230,\"height\":60,\"caption\":\"Estrat\u00e9gia Concursos\"},\"image\":{\"@id\":\"https:\/\/www.estrategiaconcursos.com.br\/blog\/#\/schema\/logo\/image\/\"},\"sameAs\":[\"https:\/\/x.com\/EstratConcursos\"]},{\"@type\":\"Person\",\"@id\":\"https:\/\/www.estrategiaconcursos.com.br\/blog\/#\/schema\/person\/1509739fd92a40c9b52116de04a90310\",\"name\":\"Tiago Zanolla\",\"image\":{\"@type\":\"ImageObject\",\"inLanguage\":\"pt-BR\",\"@id\":\"https:\/\/secure.gravatar.com\/avatar\/e647cb200c21008603a1760df42f3f713d32dd977761568b5689c47f0b1747ee?s=96&d=mm&r=g\",\"url\":\"https:\/\/secure.gravatar.com\/avatar\/e647cb200c21008603a1760df42f3f713d32dd977761568b5689c47f0b1747ee?s=96&d=mm&r=g\",\"contentUrl\":\"https:\/\/secure.gravatar.com\/avatar\/e647cb200c21008603a1760df42f3f713d32dd977761568b5689c47f0b1747ee?s=96&d=mm&r=g\",\"caption\":\"Tiago Zanolla\"},\"url\":\"https:\/\/www.estrategiaconcursos.com.br\/blog\/author\/zanolla-estrategiagmail-com\/\"}]}<\/script>\n<!-- \/ Yoast SEO Premium plugin. -->","yoast_head_json":{"title":"Concurso Alesc tem grupo de trabalho constitu\u00eddo. Confira!","robots":{"index":"index","follow":"follow","max-snippet":"max-snippet:-1","max-image-preview":"max-image-preview:large","max-video-preview":"max-video-preview:-1"},"canonical":"https:\/\/www.estrategiaconcursos.com.br\/blog\/concurso-alesc-tem-grupo-de-trabalho-constituido-confira\/","og_locale":"pt_BR","og_type":"article","og_title":"Concurso Alesc tem grupo de trabalho constitu\u00eddo. Confira!","og_description":"Foi constitu\u00eddo o Grupo de Trabalho Especial do Concurso ALESC (Assembleia Legislativa de Santa Catarina). O principal objetivo do Grupo, que \u00e9 presidido pela Diretoria-Geral, \u00e9 acompanhar os preparativos do pr\u00f3ximo certame. Para exercer a fun\u00e7\u00e3o, os membros nomeados n\u00e3o recebem remunera\u00e7\u00e3o adicional. Confira os membros designados: Servidor Setor Cargo Maria Nattel Sheffer Lorenz DG [&hellip;]","og_url":"https:\/\/www.estrategiaconcursos.com.br\/blog\/concurso-alesc-tem-grupo-de-trabalho-constituido-confira\/","og_site_name":"Estrat\u00e9gia Concursos","article_published_time":"2020-04-02T17:14:12+00:00","article_modified_time":"2020-04-02T17:14:13+00:00","author":"Tiago Zanolla","twitter_card":"summary_large_image","twitter_creator":"@EstratConcursos","twitter_site":"@EstratConcursos","twitter_misc":{"Escrito por":"Tiago Zanolla","Est. tempo de leitura":"1 minuto"},"schema":{"@context":"https:\/\/schema.org","@graph":[{"@type":"NewsArticle","@id":"https:\/\/www.estrategiaconcursos.com.br\/blog\/concurso-alesc-tem-grupo-de-trabalho-constituido-confira\/#article","isPartOf":{"@id":"https:\/\/www.estrategiaconcursos.com.br\/blog\/concurso-alesc-tem-grupo-de-trabalho-constituido-confira\/"},"author":{"name":"Tiago Zanolla","@id":"https:\/\/www.estrategiaconcursos.com.br\/blog\/#\/schema\/person\/1509739fd92a40c9b52116de04a90310"},"headline":"Concurso Alesc tem grupo de trabalho constitu\u00eddo. Confira!","datePublished":"2020-04-02T17:14:12+00:00","dateModified":"2020-04-02T17:14:13+00:00","mainEntityOfPage":{"@id":"https:\/\/www.estrategiaconcursos.com.br\/blog\/concurso-alesc-tem-grupo-de-trabalho-constituido-confira\/"},"wordCount":252,"commentCount":0,"publisher":{"@id":"https:\/\/www.estrategiaconcursos.com.br\/blog\/#organization"},"articleSection":["Concursos P\u00fablicos"],"inLanguage":"pt-BR","potentialAction":[{"@type":"CommentAction","name":"Comment","target":["https:\/\/www.estrategiaconcursos.com.br\/blog\/concurso-alesc-tem-grupo-de-trabalho-constituido-confira\/#respond"]}],"copyrightYear":"2020","copyrightHolder":{"@id":"https:\/\/www.estrategiaconcursos.com.br\/blog\/#organization"}},{"@type":"WebPage","@id":"https:\/\/www.estrategiaconcursos.com.br\/blog\/concurso-alesc-tem-grupo-de-trabalho-constituido-confira\/","url":"https:\/\/www.estrategiaconcursos.com.br\/blog\/concurso-alesc-tem-grupo-de-trabalho-constituido-confira\/","name":"Concurso Alesc tem grupo de trabalho constitu\u00eddo. Confira!","isPartOf":{"@id":"https:\/\/www.estrategiaconcursos.com.br\/blog\/#website"},"datePublished":"2020-04-02T17:14:12+00:00","dateModified":"2020-04-02T17:14:13+00:00","breadcrumb":{"@id":"https:\/\/www.estrategiaconcursos.com.br\/blog\/concurso-alesc-tem-grupo-de-trabalho-constituido-confira\/#breadcrumb"},"inLanguage":"pt-BR","potentialAction":[{"@type":"ReadAction","target":["https:\/\/www.estrategiaconcursos.com.br\/blog\/concurso-alesc-tem-grupo-de-trabalho-constituido-confira\/"]}]},{"@type":"BreadcrumbList","@id":"https:\/\/www.estrategiaconcursos.com.br\/blog\/concurso-alesc-tem-grupo-de-trabalho-constituido-confira\/#breadcrumb","itemListElement":[{"@type":"ListItem","position":1,"name":"In\u00edcio","item":"https:\/\/www.estrategiaconcursos.com.br\/blog\/"},{"@type":"ListItem","position":2,"name":"Concurso Alesc tem grupo de trabalho constitu\u00eddo. Confira!"}]},{"@type":"WebSite","@id":"https:\/\/www.estrategiaconcursos.com.br\/blog\/#website","url":"https:\/\/www.estrategiaconcursos.com.br\/blog\/","name":"Estrat\u00e9gia Concursos","description":"O blog da Estrat\u00e9gia Concursos traz not\u00edcias sobre concursos e artigos de professores oferecendo cursos para concursos (pdf + videaulas) no site.","publisher":{"@id":"https:\/\/www.estrategiaconcursos.com.br\/blog\/#organization"},"potentialAction":[{"@type":"SearchAction","target":{"@type":"EntryPoint","urlTemplate":"https:\/\/www.estrategiaconcursos.com.br\/blog\/?s={search_term_string}"},"query-input":{"@type":"PropertyValueSpecification","valueRequired":true,"valueName":"search_term_string"}}],"inLanguage":"pt-BR"},{"@type":"Organization","@id":"https:\/\/www.estrategiaconcursos.com.br\/blog\/#organization","name":"Estrat\u00e9gia Concursos","url":"https:\/\/www.estrategiaconcursos.com.br\/blog\/","logo":{"@type":"ImageObject","inLanguage":"pt-BR","@id":"https:\/\/www.estrategiaconcursos.com.br\/blog\/#\/schema\/logo\/image\/","url":"https:\/\/dhg1h5j42swfq.cloudfront.net\/2025\/06\/03203428\/logo_concursos-1.jpg","contentUrl":"https:\/\/dhg1h5j42swfq.cloudfront.net\/2025\/06\/03203428\/logo_concursos-1.jpg","width":230,"height":60,"caption":"Estrat\u00e9gia Concursos"},"image":{"@id":"https:\/\/www.estrategiaconcursos.com.br\/blog\/#\/schema\/logo\/image\/"},"sameAs":["https:\/\/x.com\/EstratConcursos"]},{"@type":"Person","@id":"https:\/\/www.estrategiaconcursos.com.br\/blog\/#\/schema\/person\/1509739fd92a40c9b52116de04a90310","name":"Tiago Zanolla","image":{"@type":"ImageObject","inLanguage":"pt-BR","@id":"https:\/\/secure.gravatar.com\/avatar\/e647cb200c21008603a1760df42f3f713d32dd977761568b5689c47f0b1747ee?s=96&d=mm&r=g","url":"https:\/\/secure.gravatar.com\/avatar\/e647cb200c21008603a1760df42f3f713d32dd977761568b5689c47f0b1747ee?s=96&d=mm&r=g","contentUrl":"https:\/\/secure.gravatar.com\/avatar\/e647cb200c21008603a1760df42f3f713d32dd977761568b5689c47f0b1747ee?s=96&d=mm&r=g","caption":"Tiago Zanolla"},"url":"https:\/\/www.estrategiaconcursos.com.br\/blog\/author\/zanolla-estrategiagmail-com\/"}]}},"_links":{"self":[{"href":"https:\/\/www.estrategiaconcursos.com.br\/blog\/wp-json\/wp\/v2\/posts\/499386","targetHints":{"allow":["GET"]}}],"collection":[{"href":"https:\/\/www.estrategiaconcursos.com.br\/blog\/wp-json\/wp\/v2\/posts"}],"about":[{"href":"https:\/\/www.estrategiaconcursos.com.br\/blog\/wp-json\/wp\/v2\/types\/post"}],"author":[{"embeddable":true,"href":"https:\/\/www.estrategiaconcursos.com.br\/blog\/wp-json\/wp\/v2\/users\/388"}],"replies":[{"embeddable":true,"href":"https:\/\/www.estrategiaconcursos.com.br\/blog\/wp-json\/wp\/v2\/comments?post=499386"}],"version-history":[{"count":1,"href":"https:\/\/www.estrategiaconcursos.com.br\/blog\/wp-json\/wp\/v2\/posts\/499386\/revisions"}],"predecessor-version":[{"id":499392,"href":"https:\/\/www.estrategiaconcursos.com.br\/blog\/wp-json\/wp\/v2\/posts\/499386\/revisions\/499392"}],"wp:attachment":[{"href":"https:\/\/www.estrategiaconcursos.com.br\/blog\/wp-json\/wp\/v2\/media?parent=499386"}],"wp:term":[{"taxonomy":"category","embeddable":true,"href":"https:\/\/www.estrategiaconcursos.com.br\/blog\/wp-json\/wp\/v2\/categories?post=499386"},{"taxonomy":"post_tag","embeddable":true,"href":"https:\/\/www.estrategiaconcursos.com.br\/blog\/wp-json\/wp\/v2\/tags?post=499386"},{"taxonomy":"tax_estado","embeddable":true,"href":"https:\/\/www.estrategiaconcursos.com.br\/blog\/wp-json\/wp\/v2\/tax_estado?post=499386"}],"curies":[{"name":"wp","href":"https:\/\/api.w.org\/{rel}","templated":true}]}}