{"id":499292,"date":"2020-04-02T11:52:10","date_gmt":"2020-04-02T14:52:10","guid":{"rendered":"https:\/\/www.estrategiaconcursos.com.br\/blog\/?p=499292"},"modified":"2020-04-02T11:57:03","modified_gmt":"2020-04-02T14:57:03","slug":"tre-pa-divulga-resultado-definitivo-da-prova-objetiva-concurso-segue-suspenso","status":"publish","type":"post","link":"https:\/\/www.estrategiaconcursos.com.br\/blog\/tre-pa-divulga-resultado-definitivo-da-prova-objetiva-concurso-segue-suspenso\/","title":{"rendered":"TRE PA divulga resultado definitivo da Prova Objetiva Concurso segue suspenso"},"content":{"rendered":"\n<p>Em publica\u00e7\u00e3o no Di\u00e1rio Oficial da Uni\u00e3o nesta quinta-feira, 02 de abril, o Tribunal Regional Eleitoral anunciou a divulga\u00e7\u00e3o do resultado definitivo da Prova Objetiva e do resultado Provis\u00f3rio da Prova Dissertativa do certame no site da banca IBFC. <\/p>\n\n\n\n<p>As provas objetivas foram aplicadas em em dois turnos no dia 16 de fevereiro, sendo manh\u00e3 para Analista e tarde para T\u00e9cnico Judici\u00e1rio. O exame foi composto por 80 quest\u00f5es. Confira abaixo os resultados: <\/p>\n\n\n\n<p class=\"has-background has-text-align-center has-medium-font-size has-very-light-gray-background-color\"><strong><a href=\"https:\/\/fs.ibfc.org.br\/arquivos\/7d86a84c6e3c098120436e7dda6bae28.pdf\" target=\"_blank\" rel=\"noreferrer noopener\">APROVADOS AMPLA CONCORR\u00caNCIA<\/a><\/strong><\/p>\n\n\n\n<p class=\"has-background has-text-align-center has-medium-font-size has-very-light-gray-background-color\"><strong><a href=\"https:\/\/fs.ibfc.org.br\/arquivos\/f8dd3e9d766b8f65898b8dc72e53215b.pdf\" target=\"_blank\" rel=\"noreferrer noopener\">APROVADOS PcD<\/a><\/strong><\/p>\n\n\n\n<p class=\"has-background has-text-align-center has-medium-font-size has-very-light-gray-background-color\"><strong><a rel=\"noreferrer noopener\" href=\"https:\/\/fs.ibfc.org.br\/arquivos\/df9483a2a1cc0fa590a8ee3970d4aa7d.pdf\" target=\"_blank\">APROVADOS NEGROS<\/a><\/strong><\/p>\n\n\n\n<p>O arquivo com o resultado preliminar da Prova Discursiva ainda n\u00e3o est\u00e1 dispon\u00edvel no site da banca, o que dever\u00e1 ocorrer ao longo do dia. <\/p>\n\n\n\n<p>O concurso TRE PA oferta vagas para os cargos de <strong>Analista e T\u00e9cnico Judici\u00e1rio<\/strong>. Contudo, o concurso relacionado ao cargo de Analista Judici\u00e1rio encontra-se suspenso. Isso porque a Justi\u00e7a acatou uma <strong>den\u00fancia de fraude<\/strong> oferecida pelo Minist\u00e9rio P\u00fablico Federal e determinou sua suspens\u00e3o.<\/p>\n\n\n\n<p>O MPF solicitou a suspens\u00e3o por entender que houve viola\u00e7\u00e3o de um dos envelopes de provas aplicadas no oeste do estado. Segundo a Justi\u00e7a, isso afronta os princ\u00edpios da seguran\u00e7a e da transpar\u00eancia do ato administrativo.<\/p>\n\n\n\n<p>De acordo com o MPF, candidatos denunciaram que envelopes com provas aplicadas em Santar\u00e9m, no oeste do estado, foram violadas. A suposta viola\u00e7\u00e3o teria ocorrido durante a aplica\u00e7\u00e3o das provas do per\u00edodo matutino.<\/p>\n\n\n\n<p> Notificado do ocorrido, o TRE PA havia decidido por  considerar as provas realizadas e manter o certame, acolhendo o argumento da IBFC de que o fato ocorreu em raz\u00e3o de falha humana operacional dentro do ambiente monitorado e controlado, nas depend\u00eancias da banca, de maneira que as provas estavam em seguran\u00e7a dentro dos malotes com lacres anteriores.<\/p>\n\n\n\n<p>A Justi\u00e7a Federal, contudo a <strong>den\u00fancia de fraude<\/strong> oferecida pelo Minist\u00e9rio P\u00fablico Federal e determinou a suspens\u00e3o do certame at\u00e9 ulterior delibera\u00e7\u00e3o judicial.<\/p>\n\n\n\n<p>No Di\u00e1rio Oficial de hoje, junto com o an\u00fancio dos resultados das provas, o \u00f3rg\u00e3o informou que, <em>em raz\u00e3o da medida cautelar proferida pela 5.\u00aa Vara Federal C\u00edvel da Se\u00e7\u00e3o Judici\u00e1ria do Estado do Par\u00e1, nos autos da A\u00e7\u00e3o Civil P\u00fablica n\u00ba 1009209-47.2020.4.01.3900, est\u00e3o suspensos, at\u00e9 ulterior delibera\u00e7\u00e3o judicial, os atos do presente certame para o cargo de Analista Judici\u00e1rio &#8211; \u00c1rea Judici\u00e1ria.<\/em><\/p>\n\n\n\n<p style=\"font-size:22px\" class=\"has-background has-text-align-center has-very-light-gray-background-color\"><strong><em>Mais informa\u00e7\u00f5es: <\/em><a href=\"https:\/\/www.estrategiaconcursos.com.br\/blog\/concurso-tre-pa\" target=\"_blank\" rel=\"noreferrer noopener\">Concurso TRE PA<\/a><\/strong><\/p>\n\n\n\n<h2 class=\"has-text-align-center wp-block-heading\" id=\"cursos-assinatura\"><strong><em>Quer estudar para Concurso TRE PA?<\/em><\/strong><\/h2>\n\n\n\n<p class=\"has-text-align-center\"><em><strong>Gostou desta oportunidade e deseja come\u00e7ar se preparar agora mesmo? Ent\u00e3o, confira os nossos cursos e comece a estudar para&nbsp;<\/strong><\/em><br \/><em><strong>TRE PA:<\/strong><\/em><\/p>\n\n\n\n<p style=\"font-size:25px\" class=\"has-background has-text-align-center has-light-green-cyan-background-color\"><strong><span style=\"text-decoration: underline;\"><a href=\"https:\/\/www.estrategiaconcursos.com.br\/cursosPorConcurso\/tribunal-regional-eleitoral-do-para-tre-pa\/\" target=\"_blank\" rel=\"noreferrer noopener\" aria-label=\"CURSO TRE PA (abre numa nova aba)\">CURSO TRE PA<\/a><\/span><\/strong><\/p>\n\n\n\n<p style=\"font-size:22px\" class=\"has-text-align-center\"><em><strong>Assinatura Anual Ilimitada*<\/strong><\/em><\/p>\n\n\n\n<p class=\"has-text-align-center\"><em>Prepare-se com o melhor material e com quem mais aprova em Concursos P\u00fablicos em todo o pa\u00eds. Assine agora a nossa Assinatura Anual e tenha acesso ilimitado* a todos os nossos cursos.<\/em><\/p>\n\n\n\n<p style=\"font-size:23px\" class=\"has-background has-text-align-center has-luminous-vivid-amber-background-color\"><strong>ASSINE AGORA<\/strong>&nbsp;\u2013&nbsp;<a rel=\"noreferrer noopener\" href=\"https:\/\/www.estrategiaconcursos.com.br\/assinaturas\" target=\"_blank\"><strong>Assinatura Ilimitada<\/strong><\/a><\/p>\n\n\n\n<p class=\"has-text-align-center has-medium-font-size\"><em><strong>Fique por dentro de todos os concursos<\/strong><\/em>:<\/p>\n\n\n\n<p style=\"font-size:24px\" class=\"has-background has-text-align-center has-pale-cyan-blue-background-color\"><strong><a href=\"https:\/\/www.estrategiaconcursos.com.br\/blog\/concursos-abertos\/\" target=\"_blank\" rel=\"noreferrer noopener\" aria-label=\"Concursos abertos (abre numa nova aba)\">Concursos abertos<\/a><\/strong><\/p>\n\n\n\n<p style=\"font-size:23px\" class=\"has-background has-text-align-center has-pale-cyan-blue-background-color\"><a rel=\"noreferrer noopener\" aria-label=\"Concursos 2020 (abre numa nova aba)\" href=\"https:\/\/www.estrategiaconcursos.com.br\/blog\/concursos-2020\/\" target=\"_blank\"><strong>Concursos 2020<\/strong><\/a><\/p>\n\n\n\n<p style=\"font-size:23px\" class=\"has-background has-text-align-center has-pale-cyan-blue-background-color\"><strong><a href=\"https:\/\/www.estrategiaconcursos.com.br\/blog\/concursos-tribunais-2019\/\" target=\"_blank\" rel=\"noreferrer noopener\">Concursos Tribunais<\/a><\/strong><\/p>\n","protected":false},"excerpt":{"rendered":"<p>Em publica\u00e7\u00e3o no Di\u00e1rio Oficial da Uni\u00e3o nesta quinta-feira, 02 de abril, o Tribunal Regional Eleitoral anunciou a divulga\u00e7\u00e3o do resultado definitivo da Prova Objetiva e do resultado Provis\u00f3rio da Prova Dissertativa do certame no site da banca IBFC. As provas objetivas foram aplicadas em em dois turnos no dia 16 de fevereiro, sendo manh\u00e3 [&hellip;]<\/p>\n","protected":false},"author":317,"featured_media":382712,"comment_status":"open","ping_status":"closed","sticky":false,"template":"","format":"standard","meta":{"post_tipo":"article","footnotes":""},"categories":[1],"tags":[],"tax_estado":[],"class_list":["post-499292","post","type-post","status-publish","format-standard","has-post-thumbnail","hentry","category-cursos-e-concursos"],"acf":[],"yoast_head":"<!-- This site is optimized with the Yoast SEO Premium plugin v27.2 (Yoast SEO v27.2) - https:\/\/yoast.com\/product\/yoast-seo-premium-wordpress\/ -->\n<title>TRE PA divulga resultado definitivo da Prova Objetiva Concurso segue suspenso<\/title>\n<meta name=\"robots\" content=\"index, follow, max-snippet:-1, max-image-preview:large, max-video-preview:-1\" \/>\n<link rel=\"canonical\" href=\"https:\/\/www.estrategiaconcursos.com.br\/blog\/tre-pa-divulga-resultado-definitivo-da-prova-objetiva-concurso-segue-suspenso\/\" \/>\n<meta property=\"og:locale\" content=\"pt_BR\" \/>\n<meta property=\"og:type\" content=\"article\" \/>\n<meta property=\"og:title\" content=\"TRE PA divulga resultado definitivo da Prova Objetiva Concurso segue suspenso\" \/>\n<meta property=\"og:description\" content=\"Em publica\u00e7\u00e3o no Di\u00e1rio Oficial da Uni\u00e3o nesta quinta-feira, 02 de abril, o Tribunal Regional Eleitoral anunciou a divulga\u00e7\u00e3o do resultado definitivo da Prova Objetiva e do resultado Provis\u00f3rio da Prova Dissertativa do certame no site da banca IBFC. As provas objetivas foram aplicadas em em dois turnos no dia 16 de fevereiro, sendo manh\u00e3 [&hellip;]\" \/>\n<meta property=\"og:url\" content=\"https:\/\/www.estrategiaconcursos.com.br\/blog\/tre-pa-divulga-resultado-definitivo-da-prova-objetiva-concurso-segue-suspenso\/\" \/>\n<meta property=\"og:site_name\" content=\"Estrat\u00e9gia Concursos\" \/>\n<meta property=\"article:author\" content=\"https:\/\/www.facebook.com\/igor.maciel.1420\" \/>\n<meta property=\"article:published_time\" content=\"2020-04-02T14:52:10+00:00\" \/>\n<meta property=\"article:modified_time\" content=\"2020-04-02T14:57:03+00:00\" \/>\n<meta property=\"og:image\" content=\"https:\/\/dhg1h5j42swfq.cloudfront.net\/2019\/06\/03184216\/concurso-tre-pa.png\" \/>\n\t<meta property=\"og:image:width\" content=\"400\" \/>\n\t<meta property=\"og:image:height\" content=\"209\" \/>\n\t<meta property=\"og:image:type\" content=\"image\/png\" \/>\n<meta name=\"author\" content=\"Igor Maciel\" \/>\n<meta name=\"twitter:card\" content=\"summary_large_image\" \/>\n<meta name=\"twitter:creator\" content=\"@EstratConcursos\" \/>\n<meta name=\"twitter:site\" content=\"@EstratConcursos\" \/>\n<meta name=\"twitter:label1\" content=\"Escrito por\" \/>\n\t<meta name=\"twitter:data1\" content=\"Igor Maciel\" \/>\n\t<meta name=\"twitter:label2\" content=\"Est. tempo de leitura\" \/>\n\t<meta name=\"twitter:data2\" content=\"3 minutos\" \/>\n<script type=\"application\/ld+json\" class=\"yoast-schema-graph\">{\"@context\":\"https:\/\/schema.org\",\"@graph\":[{\"@type\":\"NewsArticle\",\"@id\":\"https:\/\/www.estrategiaconcursos.com.br\/blog\/tre-pa-divulga-resultado-definitivo-da-prova-objetiva-concurso-segue-suspenso\/#article\",\"isPartOf\":{\"@id\":\"https:\/\/www.estrategiaconcursos.com.br\/blog\/tre-pa-divulga-resultado-definitivo-da-prova-objetiva-concurso-segue-suspenso\/\"},\"author\":{\"name\":\"Igor Maciel\",\"@id\":\"https:\/\/www.estrategiaconcursos.com.br\/blog\/#\/schema\/person\/024d26d5efb06d95dfc04025d7301591\"},\"headline\":\"TRE PA divulga resultado definitivo da Prova Objetiva Concurso segue suspenso\",\"datePublished\":\"2020-04-02T14:52:10+00:00\",\"dateModified\":\"2020-04-02T14:57:03+00:00\",\"mainEntityOfPage\":{\"@id\":\"https:\/\/www.estrategiaconcursos.com.br\/blog\/tre-pa-divulga-resultado-definitivo-da-prova-objetiva-concurso-segue-suspenso\/\"},\"wordCount\":513,\"commentCount\":0,\"publisher\":{\"@id\":\"https:\/\/www.estrategiaconcursos.com.br\/blog\/#organization\"},\"image\":{\"@id\":\"https:\/\/www.estrategiaconcursos.com.br\/blog\/tre-pa-divulga-resultado-definitivo-da-prova-objetiva-concurso-segue-suspenso\/#primaryimage\"},\"thumbnailUrl\":\"https:\/\/dhg1h5j42swfq.cloudfront.net\/2019\/06\/03184216\/concurso-tre-pa.png\",\"articleSection\":[\"Concursos P\u00fablicos\"],\"inLanguage\":\"pt-BR\",\"potentialAction\":[{\"@type\":\"CommentAction\",\"name\":\"Comment\",\"target\":[\"https:\/\/www.estrategiaconcursos.com.br\/blog\/tre-pa-divulga-resultado-definitivo-da-prova-objetiva-concurso-segue-suspenso\/#respond\"]}],\"copyrightYear\":\"2020\",\"copyrightHolder\":{\"@id\":\"https:\/\/www.estrategiaconcursos.com.br\/blog\/#organization\"}},{\"@type\":\"WebPage\",\"@id\":\"https:\/\/www.estrategiaconcursos.com.br\/blog\/tre-pa-divulga-resultado-definitivo-da-prova-objetiva-concurso-segue-suspenso\/\",\"url\":\"https:\/\/www.estrategiaconcursos.com.br\/blog\/tre-pa-divulga-resultado-definitivo-da-prova-objetiva-concurso-segue-suspenso\/\",\"name\":\"TRE PA divulga resultado definitivo da Prova Objetiva Concurso segue suspenso\",\"isPartOf\":{\"@id\":\"https:\/\/www.estrategiaconcursos.com.br\/blog\/#website\"},\"primaryImageOfPage\":{\"@id\":\"https:\/\/www.estrategiaconcursos.com.br\/blog\/tre-pa-divulga-resultado-definitivo-da-prova-objetiva-concurso-segue-suspenso\/#primaryimage\"},\"image\":{\"@id\":\"https:\/\/www.estrategiaconcursos.com.br\/blog\/tre-pa-divulga-resultado-definitivo-da-prova-objetiva-concurso-segue-suspenso\/#primaryimage\"},\"thumbnailUrl\":\"https:\/\/dhg1h5j42swfq.cloudfront.net\/2019\/06\/03184216\/concurso-tre-pa.png\",\"datePublished\":\"2020-04-02T14:52:10+00:00\",\"dateModified\":\"2020-04-02T14:57:03+00:00\",\"breadcrumb\":{\"@id\":\"https:\/\/www.estrategiaconcursos.com.br\/blog\/tre-pa-divulga-resultado-definitivo-da-prova-objetiva-concurso-segue-suspenso\/#breadcrumb\"},\"inLanguage\":\"pt-BR\",\"potentialAction\":[{\"@type\":\"ReadAction\",\"target\":[\"https:\/\/www.estrategiaconcursos.com.br\/blog\/tre-pa-divulga-resultado-definitivo-da-prova-objetiva-concurso-segue-suspenso\/\"]}]},{\"@type\":\"ImageObject\",\"inLanguage\":\"pt-BR\",\"@id\":\"https:\/\/www.estrategiaconcursos.com.br\/blog\/tre-pa-divulga-resultado-definitivo-da-prova-objetiva-concurso-segue-suspenso\/#primaryimage\",\"url\":\"https:\/\/dhg1h5j42swfq.cloudfront.net\/2019\/06\/03184216\/concurso-tre-pa.png\",\"contentUrl\":\"https:\/\/dhg1h5j42swfq.cloudfront.net\/2019\/06\/03184216\/concurso-tre-pa.png\",\"width\":400,\"height\":209,\"caption\":\"tre pa\"},{\"@type\":\"BreadcrumbList\",\"@id\":\"https:\/\/www.estrategiaconcursos.com.br\/blog\/tre-pa-divulga-resultado-definitivo-da-prova-objetiva-concurso-segue-suspenso\/#breadcrumb\",\"itemListElement\":[{\"@type\":\"ListItem\",\"position\":1,\"name\":\"In\u00edcio\",\"item\":\"https:\/\/www.estrategiaconcursos.com.br\/blog\/\"},{\"@type\":\"ListItem\",\"position\":2,\"name\":\"TRE PA divulga resultado definitivo da Prova Objetiva Concurso segue suspenso\"}]},{\"@type\":\"WebSite\",\"@id\":\"https:\/\/www.estrategiaconcursos.com.br\/blog\/#website\",\"url\":\"https:\/\/www.estrategiaconcursos.com.br\/blog\/\",\"name\":\"Estrat\u00e9gia Concursos\",\"description\":\"O blog da Estrat\u00e9gia Concursos traz not\u00edcias sobre concursos e artigos de professores oferecendo cursos para concursos (pdf + videaulas) no site.\",\"publisher\":{\"@id\":\"https:\/\/www.estrategiaconcursos.com.br\/blog\/#organization\"},\"potentialAction\":[{\"@type\":\"SearchAction\",\"target\":{\"@type\":\"EntryPoint\",\"urlTemplate\":\"https:\/\/www.estrategiaconcursos.com.br\/blog\/?s={search_term_string}\"},\"query-input\":{\"@type\":\"PropertyValueSpecification\",\"valueRequired\":true,\"valueName\":\"search_term_string\"}}],\"inLanguage\":\"pt-BR\"},{\"@type\":\"Organization\",\"@id\":\"https:\/\/www.estrategiaconcursos.com.br\/blog\/#organization\",\"name\":\"Estrat\u00e9gia Concursos\",\"url\":\"https:\/\/www.estrategiaconcursos.com.br\/blog\/\",\"logo\":{\"@type\":\"ImageObject\",\"inLanguage\":\"pt-BR\",\"@id\":\"https:\/\/www.estrategiaconcursos.com.br\/blog\/#\/schema\/logo\/image\/\",\"url\":\"https:\/\/dhg1h5j42swfq.cloudfront.net\/2025\/06\/03203428\/logo_concursos-1.jpg\",\"contentUrl\":\"https:\/\/dhg1h5j42swfq.cloudfront.net\/2025\/06\/03203428\/logo_concursos-1.jpg\",\"width\":230,\"height\":60,\"caption\":\"Estrat\u00e9gia Concursos\"},\"image\":{\"@id\":\"https:\/\/www.estrategiaconcursos.com.br\/blog\/#\/schema\/logo\/image\/\"},\"sameAs\":[\"https:\/\/x.com\/EstratConcursos\"]},{\"@type\":\"Person\",\"@id\":\"https:\/\/www.estrategiaconcursos.com.br\/blog\/#\/schema\/person\/024d26d5efb06d95dfc04025d7301591\",\"name\":\"Igor Maciel\",\"image\":{\"@type\":\"ImageObject\",\"inLanguage\":\"pt-BR\",\"@id\":\"https:\/\/secure.gravatar.com\/avatar\/e983a676af6facf4aebcb2989d49e3bf61b718712d5e7a4b3f355b7fe651bc2f?s=96&d=mm&r=g\",\"url\":\"https:\/\/secure.gravatar.com\/avatar\/e983a676af6facf4aebcb2989d49e3bf61b718712d5e7a4b3f355b7fe651bc2f?s=96&d=mm&r=g\",\"contentUrl\":\"https:\/\/secure.gravatar.com\/avatar\/e983a676af6facf4aebcb2989d49e3bf61b718712d5e7a4b3f355b7fe651bc2f?s=96&d=mm&r=g\",\"caption\":\"Igor Maciel\"},\"description\":\"Graduado na Universidade Federal de Pernambuco, com extens\u00e3o na Universidade de Coimbra\/Portugal. Especialista LLM em Direito Corporativo pelo IBMEC\/RJ. Mestrando em Direito e Pol\u00edticas P\u00fablicas pelo UNICEUB\/DF. Advogado com atua\u00e7\u00e3o profissional centrada no Direito Tribut\u00e1rio e no Direito Administrativo, especialmente na defesa de servidores p\u00fablicos.\",\"sameAs\":[\"http:\/\/www.imaciel.com.br\",\"https:\/\/www.facebook.com\/igor.maciel.1420\"],\"url\":\"https:\/\/www.estrategiaconcursos.com.br\/blog\/author\/contatoimaciel-com-br\/\"}]}<\/script>\n<!-- \/ Yoast SEO Premium plugin. -->","yoast_head_json":{"title":"TRE PA divulga resultado definitivo da Prova Objetiva Concurso segue suspenso","robots":{"index":"index","follow":"follow","max-snippet":"max-snippet:-1","max-image-preview":"max-image-preview:large","max-video-preview":"max-video-preview:-1"},"canonical":"https:\/\/www.estrategiaconcursos.com.br\/blog\/tre-pa-divulga-resultado-definitivo-da-prova-objetiva-concurso-segue-suspenso\/","og_locale":"pt_BR","og_type":"article","og_title":"TRE PA divulga resultado definitivo da Prova Objetiva Concurso segue suspenso","og_description":"Em publica\u00e7\u00e3o no Di\u00e1rio Oficial da Uni\u00e3o nesta quinta-feira, 02 de abril, o Tribunal Regional Eleitoral anunciou a divulga\u00e7\u00e3o do resultado definitivo da Prova Objetiva e do resultado Provis\u00f3rio da Prova Dissertativa do certame no site da banca IBFC. As provas objetivas foram aplicadas em em dois turnos no dia 16 de fevereiro, sendo manh\u00e3 [&hellip;]","og_url":"https:\/\/www.estrategiaconcursos.com.br\/blog\/tre-pa-divulga-resultado-definitivo-da-prova-objetiva-concurso-segue-suspenso\/","og_site_name":"Estrat\u00e9gia Concursos","article_author":"https:\/\/www.facebook.com\/igor.maciel.1420","article_published_time":"2020-04-02T14:52:10+00:00","article_modified_time":"2020-04-02T14:57:03+00:00","og_image":[{"width":400,"height":209,"url":"https:\/\/dhg1h5j42swfq.cloudfront.net\/2019\/06\/03184216\/concurso-tre-pa.png","type":"image\/png"}],"author":"Igor Maciel","twitter_card":"summary_large_image","twitter_creator":"@EstratConcursos","twitter_site":"@EstratConcursos","twitter_misc":{"Escrito por":"Igor Maciel","Est. tempo de leitura":"3 minutos"},"schema":{"@context":"https:\/\/schema.org","@graph":[{"@type":"NewsArticle","@id":"https:\/\/www.estrategiaconcursos.com.br\/blog\/tre-pa-divulga-resultado-definitivo-da-prova-objetiva-concurso-segue-suspenso\/#article","isPartOf":{"@id":"https:\/\/www.estrategiaconcursos.com.br\/blog\/tre-pa-divulga-resultado-definitivo-da-prova-objetiva-concurso-segue-suspenso\/"},"author":{"name":"Igor Maciel","@id":"https:\/\/www.estrategiaconcursos.com.br\/blog\/#\/schema\/person\/024d26d5efb06d95dfc04025d7301591"},"headline":"TRE PA divulga resultado definitivo da Prova Objetiva Concurso segue suspenso","datePublished":"2020-04-02T14:52:10+00:00","dateModified":"2020-04-02T14:57:03+00:00","mainEntityOfPage":{"@id":"https:\/\/www.estrategiaconcursos.com.br\/blog\/tre-pa-divulga-resultado-definitivo-da-prova-objetiva-concurso-segue-suspenso\/"},"wordCount":513,"commentCount":0,"publisher":{"@id":"https:\/\/www.estrategiaconcursos.com.br\/blog\/#organization"},"image":{"@id":"https:\/\/www.estrategiaconcursos.com.br\/blog\/tre-pa-divulga-resultado-definitivo-da-prova-objetiva-concurso-segue-suspenso\/#primaryimage"},"thumbnailUrl":"https:\/\/dhg1h5j42swfq.cloudfront.net\/2019\/06\/03184216\/concurso-tre-pa.png","articleSection":["Concursos P\u00fablicos"],"inLanguage":"pt-BR","potentialAction":[{"@type":"CommentAction","name":"Comment","target":["https:\/\/www.estrategiaconcursos.com.br\/blog\/tre-pa-divulga-resultado-definitivo-da-prova-objetiva-concurso-segue-suspenso\/#respond"]}],"copyrightYear":"2020","copyrightHolder":{"@id":"https:\/\/www.estrategiaconcursos.com.br\/blog\/#organization"}},{"@type":"WebPage","@id":"https:\/\/www.estrategiaconcursos.com.br\/blog\/tre-pa-divulga-resultado-definitivo-da-prova-objetiva-concurso-segue-suspenso\/","url":"https:\/\/www.estrategiaconcursos.com.br\/blog\/tre-pa-divulga-resultado-definitivo-da-prova-objetiva-concurso-segue-suspenso\/","name":"TRE PA divulga resultado definitivo da Prova Objetiva Concurso segue suspenso","isPartOf":{"@id":"https:\/\/www.estrategiaconcursos.com.br\/blog\/#website"},"primaryImageOfPage":{"@id":"https:\/\/www.estrategiaconcursos.com.br\/blog\/tre-pa-divulga-resultado-definitivo-da-prova-objetiva-concurso-segue-suspenso\/#primaryimage"},"image":{"@id":"https:\/\/www.estrategiaconcursos.com.br\/blog\/tre-pa-divulga-resultado-definitivo-da-prova-objetiva-concurso-segue-suspenso\/#primaryimage"},"thumbnailUrl":"https:\/\/dhg1h5j42swfq.cloudfront.net\/2019\/06\/03184216\/concurso-tre-pa.png","datePublished":"2020-04-02T14:52:10+00:00","dateModified":"2020-04-02T14:57:03+00:00","breadcrumb":{"@id":"https:\/\/www.estrategiaconcursos.com.br\/blog\/tre-pa-divulga-resultado-definitivo-da-prova-objetiva-concurso-segue-suspenso\/#breadcrumb"},"inLanguage":"pt-BR","potentialAction":[{"@type":"ReadAction","target":["https:\/\/www.estrategiaconcursos.com.br\/blog\/tre-pa-divulga-resultado-definitivo-da-prova-objetiva-concurso-segue-suspenso\/"]}]},{"@type":"ImageObject","inLanguage":"pt-BR","@id":"https:\/\/www.estrategiaconcursos.com.br\/blog\/tre-pa-divulga-resultado-definitivo-da-prova-objetiva-concurso-segue-suspenso\/#primaryimage","url":"https:\/\/dhg1h5j42swfq.cloudfront.net\/2019\/06\/03184216\/concurso-tre-pa.png","contentUrl":"https:\/\/dhg1h5j42swfq.cloudfront.net\/2019\/06\/03184216\/concurso-tre-pa.png","width":400,"height":209,"caption":"tre pa"},{"@type":"BreadcrumbList","@id":"https:\/\/www.estrategiaconcursos.com.br\/blog\/tre-pa-divulga-resultado-definitivo-da-prova-objetiva-concurso-segue-suspenso\/#breadcrumb","itemListElement":[{"@type":"ListItem","position":1,"name":"In\u00edcio","item":"https:\/\/www.estrategiaconcursos.com.br\/blog\/"},{"@type":"ListItem","position":2,"name":"TRE PA divulga resultado definitivo da Prova Objetiva Concurso segue suspenso"}]},{"@type":"WebSite","@id":"https:\/\/www.estrategiaconcursos.com.br\/blog\/#website","url":"https:\/\/www.estrategiaconcursos.com.br\/blog\/","name":"Estrat\u00e9gia Concursos","description":"O blog da Estrat\u00e9gia Concursos traz not\u00edcias sobre concursos e artigos de professores oferecendo cursos para concursos (pdf + videaulas) no site.","publisher":{"@id":"https:\/\/www.estrategiaconcursos.com.br\/blog\/#organization"},"potentialAction":[{"@type":"SearchAction","target":{"@type":"EntryPoint","urlTemplate":"https:\/\/www.estrategiaconcursos.com.br\/blog\/?s={search_term_string}"},"query-input":{"@type":"PropertyValueSpecification","valueRequired":true,"valueName":"search_term_string"}}],"inLanguage":"pt-BR"},{"@type":"Organization","@id":"https:\/\/www.estrategiaconcursos.com.br\/blog\/#organization","name":"Estrat\u00e9gia Concursos","url":"https:\/\/www.estrategiaconcursos.com.br\/blog\/","logo":{"@type":"ImageObject","inLanguage":"pt-BR","@id":"https:\/\/www.estrategiaconcursos.com.br\/blog\/#\/schema\/logo\/image\/","url":"https:\/\/dhg1h5j42swfq.cloudfront.net\/2025\/06\/03203428\/logo_concursos-1.jpg","contentUrl":"https:\/\/dhg1h5j42swfq.cloudfront.net\/2025\/06\/03203428\/logo_concursos-1.jpg","width":230,"height":60,"caption":"Estrat\u00e9gia Concursos"},"image":{"@id":"https:\/\/www.estrategiaconcursos.com.br\/blog\/#\/schema\/logo\/image\/"},"sameAs":["https:\/\/x.com\/EstratConcursos"]},{"@type":"Person","@id":"https:\/\/www.estrategiaconcursos.com.br\/blog\/#\/schema\/person\/024d26d5efb06d95dfc04025d7301591","name":"Igor Maciel","image":{"@type":"ImageObject","inLanguage":"pt-BR","@id":"https:\/\/secure.gravatar.com\/avatar\/e983a676af6facf4aebcb2989d49e3bf61b718712d5e7a4b3f355b7fe651bc2f?s=96&d=mm&r=g","url":"https:\/\/secure.gravatar.com\/avatar\/e983a676af6facf4aebcb2989d49e3bf61b718712d5e7a4b3f355b7fe651bc2f?s=96&d=mm&r=g","contentUrl":"https:\/\/secure.gravatar.com\/avatar\/e983a676af6facf4aebcb2989d49e3bf61b718712d5e7a4b3f355b7fe651bc2f?s=96&d=mm&r=g","caption":"Igor Maciel"},"description":"Graduado na Universidade Federal de Pernambuco, com extens\u00e3o na Universidade de Coimbra\/Portugal. Especialista LLM em Direito Corporativo pelo IBMEC\/RJ. Mestrando em Direito e Pol\u00edticas P\u00fablicas pelo UNICEUB\/DF. Advogado com atua\u00e7\u00e3o profissional centrada no Direito Tribut\u00e1rio e no Direito Administrativo, especialmente na defesa de servidores p\u00fablicos.","sameAs":["http:\/\/www.imaciel.com.br","https:\/\/www.facebook.com\/igor.maciel.1420"],"url":"https:\/\/www.estrategiaconcursos.com.br\/blog\/author\/contatoimaciel-com-br\/"}]}},"_links":{"self":[{"href":"https:\/\/www.estrategiaconcursos.com.br\/blog\/wp-json\/wp\/v2\/posts\/499292","targetHints":{"allow":["GET"]}}],"collection":[{"href":"https:\/\/www.estrategiaconcursos.com.br\/blog\/wp-json\/wp\/v2\/posts"}],"about":[{"href":"https:\/\/www.estrategiaconcursos.com.br\/blog\/wp-json\/wp\/v2\/types\/post"}],"author":[{"embeddable":true,"href":"https:\/\/www.estrategiaconcursos.com.br\/blog\/wp-json\/wp\/v2\/users\/317"}],"replies":[{"embeddable":true,"href":"https:\/\/www.estrategiaconcursos.com.br\/blog\/wp-json\/wp\/v2\/comments?post=499292"}],"version-history":[{"count":7,"href":"https:\/\/www.estrategiaconcursos.com.br\/blog\/wp-json\/wp\/v2\/posts\/499292\/revisions"}],"predecessor-version":[{"id":499313,"href":"https:\/\/www.estrategiaconcursos.com.br\/blog\/wp-json\/wp\/v2\/posts\/499292\/revisions\/499313"}],"wp:featuredmedia":[{"embeddable":true,"href":"https:\/\/www.estrategiaconcursos.com.br\/blog\/wp-json\/wp\/v2\/media\/382712"}],"wp:attachment":[{"href":"https:\/\/www.estrategiaconcursos.com.br\/blog\/wp-json\/wp\/v2\/media?parent=499292"}],"wp:term":[{"taxonomy":"category","embeddable":true,"href":"https:\/\/www.estrategiaconcursos.com.br\/blog\/wp-json\/wp\/v2\/categories?post=499292"},{"taxonomy":"post_tag","embeddable":true,"href":"https:\/\/www.estrategiaconcursos.com.br\/blog\/wp-json\/wp\/v2\/tags?post=499292"},{"taxonomy":"tax_estado","embeddable":true,"href":"https:\/\/www.estrategiaconcursos.com.br\/blog\/wp-json\/wp\/v2\/tax_estado?post=499292"}],"curies":[{"name":"wp","href":"https:\/\/api.w.org\/{rel}","templated":true}]}}