{"id":498965,"date":"2020-05-19T16:28:00","date_gmt":"2020-05-19T19:28:00","guid":{"rendered":"https:\/\/www.estrategiaconcursos.com.br\/blog\/?p=498965"},"modified":"2020-05-19T16:36:42","modified_gmt":"2020-05-19T19:36:42","slug":"concurso-unesp-litoral-e-interior","status":"publish","type":"post","link":"https:\/\/www.estrategiaconcursos.com.br\/blog\/concurso-unesp-litoral-e-interior\/","title":{"rendered":"Concurso Unesp Litoral e Interior: ETAPAS  SUSPENSAS"},"content":{"rendered":"\n<p>As etapas do concurso Unesp Litoral e Interior foram suspensas por causa da pandemia de coronav\u00edrus (Covid-19) que afeta o Brasil. A medida foi publicada no Di\u00e1rio Oficial do Estado. <\/p>\n\n\n\n<p>De acordo com o \u00f3rg\u00e3o, a suspens\u00e3o foi efetivada para auxiliar no combate ao Covid-19, evitando aglomera\u00e7\u00f5es e seguindo a recomenda\u00e7\u00e3o do Minist\u00e9rio da Sa\u00fade para que todos fiquem em casa. <\/p>\n\n\n\n<p>Em breve a Unesp dever\u00e1 publicar as novas datas dos concursos. Vale lembrar que os seis editais da Unesp  visam preencher <strong>07 vagas<\/strong> diretas no Interior e no litoral de S\u00e3o Paulo. A organiza\u00e7\u00e3o dos certames ficou a cargo da Vunesp. <\/p>\n\n\n\n<p><strong><em>Confira abaixo as principais informa\u00e7\u00f5es dos editais: <\/em><\/strong><\/p>\n\n\n\n<h2 class=\"wp-block-heading\">Unesp Litoral Paulista<\/h2>\n\n\n\n<p>O edital oferta <strong>uma vaga <\/strong>para o cargo<strong> <\/strong>de<strong> Assistente de suporte acad\u00eamico  I (\u00c1rea de atua\u00e7\u00e3o: Biblioteca)<\/strong>. A remunera\u00e7\u00e3o do cargo \u00e9 de R$ 2.798,31. O \u00f3rg\u00e3o exige forma\u00e7\u00e3o em <strong>ensino m\u00e9dio<\/strong>. <\/p>\n\n\n\n<p>Ap\u00f3s realizar a <strong>inscri\u00e7\u00e3o<\/strong>, o candidato dever\u00e1 pagar uma taxa de R$ 54,00. O candidato que quiser solicitar a <strong>isen\u00e7\u00e3o da taxa<\/strong> ter\u00e1 que fazer atrav\u00e9s do site da Vunesp entre os dias <strong>07 e 08 de abril<\/strong>.<\/p>\n\n\n\n<h3 class=\"wp-block-heading\">Provas<\/h3>\n\n\n\n<h4 class=\"wp-block-heading\">Prova Objetiva<\/h4>\n\n\n\n<p>As provas <strong>objetiva e dissertativa<\/strong> tem data prevista para realiza\u00e7\u00e3o em <strong>05.07.2020<\/strong>, no per\u00edodo da manh\u00e3. Os exames ser\u00e3o aplicados na cidade de S\u00e3o Vicente\/SP.  <\/p>\n\n\n\n<p>A prova objetiva \u2013 de car\u00e1ter eliminat\u00f3rio e classificat\u00f3rio \u2013 visa avaliar o grau de conhecimento geral do candidato, bem como a capacidade de an\u00e1lise, entendimento e interpreta\u00e7\u00e3o de informa\u00e7\u00f5es, habilidade de trabalhar com estrutura l\u00f3gica das rela\u00e7\u00f5es, capacidade dedutiva e conhecimentos t\u00e9cnicos espec\u00edficos do emprego p\u00fablico. <\/p>\n\n\n\n<p>Al\u00e9m disso, ser\u00e1 composta de quest\u00f5es de m\u00faltipla escolha com 5 alternativas cada, sendo apenas uma alternativa correta, e ser\u00e1 elaborada de acordo com o conte\u00fado program\u00e1tico. Ela ter\u00e1 dura\u00e7\u00e3o de <strong>3 horas.<\/strong> <\/p>\n\n\n\n<ul class=\"wp-block-list\"><li>L\u00edngua Portuguesa &#8211; 10 quest\u00f5es<\/li><li>Matem\u00e1tica &#8211; 06 quest\u00f5es<\/li><li>Legisla\u00e7\u00e3o &#8211; 4 quest\u00f5es<\/li><li>Conhecimentos Espec\u00edficos &#8211; 20 quest\u00f5es <\/li><\/ul>\n\n\n\n<p>A prova objetiva ser\u00e1 avaliada na escala de 0 a 100,00 pontos. Ser\u00e1 considerado habilitado na prova objetiva, o candidato que obtiver nota igual ou superior a 50,00, bem como n\u00e3o zerar em nenhuma das disciplinas da prova. <\/p>\n\n\n\n<h4 class=\"wp-block-heading\">Prova Dissertativa<\/h4>\n\n\n\n<p>A prova dissertativa \u2013 de car\u00e1ter eliminat\u00f3rio e classificat\u00f3rio \u2013 visa avaliar os conhecimentos necess\u00e1rios ao desempenho pleno das atribui\u00e7\u00f5es do candidato ao respectivo emprego p\u00fablico, al\u00e9m de considerar sua capacidade de leitura, de interpreta\u00e7\u00e3o e de escrita, na forma culta da l\u00edngua portuguesa.  <\/p>\n\n\n\n<p>A prova dissertativa ser\u00e1 composta de 2 quest\u00f5es. As quest\u00f5es ser\u00e3o relacionadas ao conte\u00fado program\u00e1tico, com estreita correla\u00e7\u00e3o \u00e0 atribui\u00e7\u00e3o do emprego p\u00fablico. Ela ter\u00e1 dura\u00e7\u00e3o de<strong> 2 horas<\/strong> e ser\u00e1 avaliada na escala de 0 a 100,00 pontos. Ser\u00e1 considerado habilitado o candidato que obtiver nota igual ou superior a 50,00.  <\/p>\n\n\n\n<p style=\"font-size:18px\" class=\"has-background has-text-align-center has-very-light-gray-background-color\"><strong>Confira o edital do concurso:<a href=\"https:\/\/documento.vunesp.com.br\/documento\/stream\/MTU4NTEwNQ%3d%3d\"> Unesp Litoral<\/a><\/strong><\/p>\n\n\n\n<h2 class=\"wp-block-heading\">Unesp Bauru<\/h2>\n\n\n\n<p>O edital oferta <strong>uma vaga<\/strong> para o cargo de Assistente de Suporte Acad\u00eamico I (\u00c1rea de atua\u00e7\u00e3o: Biblioteca). A remunera\u00e7\u00e3o do cargo \u00e9 de R$ 2.798,31. O \u00f3rg\u00e3o exige n\u00edvel de forma\u00e7\u00e3o m\u00e9dio.<\/p>\n\n\n\n<p>Ap\u00f3s realizar a <strong>inscri\u00e7\u00e3o<\/strong>, o candidato dever\u00e1 pagar uma taxa de R$ 54,00. O candidato que quiser solicitar a <strong>isen\u00e7\u00e3o da taxa<\/strong> ter\u00e1 que fazer atrav\u00e9s do site da Vunesp entre os dias <strong>07 e 08 de abril<\/strong>. <\/p>\n\n\n\n<h3 class=\"wp-block-heading\">Provas<\/h3>\n\n\n\n<h4 class=\"wp-block-heading\">Prova Objetiva<\/h4>\n\n\n\n<p>As provas <strong>objetiva e dissertativa<\/strong> tem data prevista para realiza\u00e7\u00e3o em <strong>05.07.2020<\/strong>, no per\u00edodo da manh\u00e3. Os exames ser\u00e3o aplicados na cidade de Bauru\/SP.  <\/p>\n\n\n\n<p>A prova objetiva \u2013 de car\u00e1ter eliminat\u00f3rio e classificat\u00f3rio \u2013 visa avaliar o grau de conhecimento geral do candidato, bem como a capacidade de an\u00e1lise, entendimento e interpreta\u00e7\u00e3o de informa\u00e7\u00f5es, habilidade de trabalhar com estrutura l\u00f3gica das rela\u00e7\u00f5es, capacidade dedutiva e conhecimentos t\u00e9cnicos espec\u00edficos do emprego p\u00fablico. <\/p>\n\n\n\n<p>Al\u00e9m disso, ser\u00e1 composta de quest\u00f5es de m\u00faltipla escolha com 5 alternativas cada, sendo apenas uma alternativa correta, e ser\u00e1 elaborada de acordo com o conte\u00fado program\u00e1tico. Ela ter\u00e1 dura\u00e7\u00e3o de <strong>3 horas.<\/strong>  <\/p>\n\n\n\n<ul class=\"wp-block-list\"><li>L\u00edngua Portuguesa &#8211; 10 quest\u00f5es<\/li><li>Matem\u00e1tica &#8211; 06 quest\u00f5es<\/li><li>Legisla\u00e7\u00e3o &#8211; 4 quest\u00f5es<\/li><li>Conhecimentos Espec\u00edficos &#8211; 20 quest\u00f5es <\/li><\/ul>\n\n\n\n<p>A prova objetiva ser\u00e1 avaliada na escala de 0 a 100,00 pontos. Ser\u00e1 considerado habilitado na prova objetiva, o candidato que obtiver nota igual ou superior a 50,00, bem como n\u00e3o zerar em nenhuma das disciplinas da prova.  <\/p>\n\n\n\n<h4 class=\"wp-block-heading\">Prova Dissertativa <\/h4>\n\n\n\n<p>A prova dissertativa \u2013 de car\u00e1ter eliminat\u00f3rio e classificat\u00f3rio \u2013 visa avaliar os conhecimentos necess\u00e1rios ao desempenho pleno das atribui\u00e7\u00f5es do candidato ao respectivo emprego p\u00fablico, al\u00e9m de considerar sua capacidade de leitura, de interpreta\u00e7\u00e3o e de escrita, na forma culta da l\u00edngua portuguesa.  <\/p>\n\n\n\n<p>A prova ser\u00e1 composta de 2 quest\u00f5es. As quest\u00f5es ser\u00e3o relacionadas ao conte\u00fado program\u00e1tico, com estreita correla\u00e7\u00e3o \u00e0 atribui\u00e7\u00e3o do emprego p\u00fablico. Ela ter\u00e1 dura\u00e7\u00e3o de<strong> 2 horas<\/strong> e ser\u00e1 avaliada na escala de 0 a 100,00 pontos. Ser\u00e1 considerado habilitado o candidato que obtiver nota igual ou superior a 50,00. <\/p>\n\n\n\n<p style=\"font-size:18px\" class=\"has-background has-text-align-center has-very-light-gray-background-color\"> <strong>Confira o edital do concurso: <a href=\"https:\/\/documento.vunesp.com.br\/documento\/stream\/MTU5NTQwOQ%3d%3d\">Unesp Bauru<\/a><\/strong><\/p>\n\n\n\n<h2 class=\"wp-block-heading\">Unesp Franca<\/h2>\n\n\n\n<p>O edital oferta <strong>uma vaga<\/strong> para o cargo de <strong>Assistente de Suporte Acad\u00eamico I (\u00c1rea de atua\u00e7\u00e3o: Biblioteca).<\/strong> A remunera\u00e7\u00e3o do cargo \u00e9 de R$ 2.798,31. O \u00f3rg\u00e3o exige forma\u00e7\u00e3o em n\u00edvel m\u00e9dio.<\/p>\n\n\n\n<p>\u00c9 ofertada tamb\u00e9m <strong>uma vaga<\/strong> para o cargo de<strong> Assistente Social (\u00c1rea de atua\u00e7\u00e3o: Centro Jur\u00eddico Social)<\/strong>. A remunera\u00e7\u00e3o do cargo \u00e9 de R$ 4.155,32. O \u00f3rg\u00e3o exige forma\u00e7\u00e3o em n\u00edvel superior em Servi\u00e7o Social.   <\/p>\n\n\n\n<p>Ap\u00f3s realizar a <strong>inscri\u00e7\u00e3o<\/strong>, o candidato dever\u00e1 pagar uma taxa de R$ 54,00 para n\u00edvel m\u00e9dio e R$70,000 para n\u00edvel superior. O candidato que quiser solicitar a <strong>isen\u00e7\u00e3o da taxa<\/strong> ter\u00e1 que fazer atrav\u00e9s do site da Vunesp entre os dias <strong>07 e 08 de abril<\/strong>.  <\/p>\n\n\n\n<h3 class=\"wp-block-heading\">Provas<\/h3>\n\n\n\n<p>As provas <strong>objetiva e dissertativa<\/strong> tem data prevista para realiza\u00e7\u00e3o em <strong>05.07.2020<\/strong>, no per\u00edodo da manh\u00e3. Os exames ser\u00e3o aplicados na cidade de Franca\/SP.  <\/p>\n\n\n\n<h4 class=\"wp-block-heading\"><strong>Prova Objetiva <\/strong><\/h4>\n\n\n\n<p>A prova objetiva \u2013 de car\u00e1ter eliminat\u00f3rio e classificat\u00f3rio \u2013 visa avaliar o grau de conhecimento geral do candidato, bem como a capacidade de an\u00e1lise, entendimento e interpreta\u00e7\u00e3o de informa\u00e7\u00f5es, habilidade de trabalhar com estrutura l\u00f3gica das rela\u00e7\u00f5es, capacidade dedutiva e conhecimentos t\u00e9cnicos espec\u00edficos do emprego p\u00fablico. <\/p>\n\n\n\n<p>Al\u00e9m disso, ser\u00e1 composta de quest\u00f5es de m\u00faltipla escolha com 5 alternativas cada, sendo apenas uma alternativa correta, e ser\u00e1 elaborada de acordo com o conte\u00fado program\u00e1tico. Ela ter\u00e1 dura\u00e7\u00e3o de <strong>3 horas.<\/strong>  <\/p>\n\n\n\n<p><strong>N\u00edvel M\u00e9dio<\/strong><\/p>\n\n\n\n<ul class=\"wp-block-list\"><li>L\u00edngua Portuguesa &#8211; 10 quest\u00f5es<\/li><li>Matem\u00e1tica &#8211; 06 quest\u00f5es<\/li><li>Legisla\u00e7\u00e3o &#8211; 4 quest\u00f5es<\/li><li>Conhecimentos Espec\u00edficos &#8211; 20 quest\u00f5es <\/li><\/ul>\n\n\n\n<p><strong>N\u00edvel Superior<\/strong><\/p>\n\n\n\n<ul class=\"wp-block-list\"><li>L\u00edngua Portuguesa &#8211; 10 quest\u00f5es<\/li><li>Matem\u00e1tica &#8211; 06 quest\u00f5es<\/li><li>Legisla\u00e7\u00e3o &#8211; 4 quest\u00f5es<\/li><li>Conhecimentos Espec\u00edficos &#8211; 20 quest\u00f5es <\/li><\/ul>\n\n\n\n<p>A prova objetiva ser\u00e1 avaliada na escala de 0 a 100,00 pontos. Ser\u00e1 considerado habilitado na prova objetiva, o candidato que obtiver nota igual ou superior a 50,00, bem como n\u00e3o zerar em nenhuma das disciplinas da prova.   <\/p>\n\n\n\n<h4 class=\"wp-block-heading\">Prova Dissertativa<\/h4>\n\n\n\n<p>A prova dissertativa \u2013 de car\u00e1ter eliminat\u00f3rio e classificat\u00f3rio \u2013 visa avaliar os conhecimentos necess\u00e1rios ao desempenho pleno das atribui\u00e7\u00f5es do candidato ao respectivo emprego p\u00fablico, al\u00e9m de considerar sua capacidade de leitura, de interpreta\u00e7\u00e3o e de escrita, na forma culta da l\u00edngua portuguesa.  <\/p>\n\n\n\n<p>A prova dissertativa ser\u00e1 composta de 2 quest\u00f5es. As quest\u00f5es ser\u00e3o relacionadas ao conte\u00fado program\u00e1tico, com estreita correla\u00e7\u00e3o \u00e0 atribui\u00e7\u00e3o do emprego p\u00fablico. Ela ter\u00e1 dura\u00e7\u00e3o de<strong> 2 horas<\/strong> e ser\u00e1 avaliada na escala de 0 a 100,00 pontos. Ser\u00e1 considerado habilitado o candidato que obtiver nota igual ou superior a 50,00.  <\/p>\n\n\n\n<h4 class=\"wp-block-heading\">Prova de T\u00edtulos<\/h4>\n\n\n\n<p>A prova de t\u00edtulos, de car\u00e1ter classificat\u00f3rio, visa valorizar a forma\u00e7\u00e3o acad\u00eamica do candidato e ser\u00e1 aplicada apenas para o cargo de n\u00edvel superior.O exame de t\u00edtulos ser\u00e1 aplicado no mesmo dia e local das provas objetiva e dissertativa, ser\u00e1 aplicada logo ap\u00f3s a prova dissertativa, no per\u00edodo da tarde.<\/p>\n\n\n\n<figure class=\"wp-block-table is-style-stripes\"><table class=\"has-subtle-pale-blue-background-color has-fixed-layout has-background\"><tbody><tr><td><strong>T\u00edtulo<\/strong><\/td><td><strong>Quantidade M\u00e1xima<\/strong><\/td><td><strong>Valor Unit\u00e1rio<\/strong><\/td><td><strong>Valor M\u00e1ximo<\/strong><\/td><\/tr><tr><td>Doutor<\/td><td>1<\/td><td>2,5<\/td><td>2,5<\/td><\/tr><tr><td>Mestre<\/td><td>1<\/td><td>1,5<\/td><td>1,5<\/td><\/tr><tr><td>P\u00f3s-gradua\u00e7\u00e3o lato sensu (Especializa\u00e7\u00e3o) <\/td><td>2<\/td><td>0,5<\/td><td>1,0<\/td><\/tr><\/tbody><\/table><\/figure>\n\n\n\n<p style=\"font-size:18px\" class=\"has-background has-text-align-center has-very-light-gray-background-color\">     <strong>Confira o edital do concurso:<a href=\"https:\/\/documento.vunesp.com.br\/documento\/stream\/MTU5NTQ5Nw%3d%3d\"> Unesp Franca<\/a><\/strong><\/p>\n\n\n\n<h2 class=\"wp-block-heading\">Unesp Ara\u00e7atuba<\/h2>\n\n\n\n<p>O edital oferta <strong>uma vaga<\/strong> para o cargo de T\u00e9cnico em Radiologia. A remunera\u00e7\u00e3o do cargo \u00e9 de R$ 1.700,71. O \u00f3rg\u00e3o exige forma\u00e7\u00e3o em ensino m\u00e9dio completo ou t\u00e9cnico em opera\u00e7\u00e3o de equipamentos m\u00e9dicos e odontol\u00f3gicos &#8211; Registro no Conselho Regional de T\u00e9cnico em Radiologia &#8211; CRTR.  <\/p>\n\n\n\n<p>Ap\u00f3s realizar a <strong>inscri\u00e7\u00e3o<\/strong>, o candidato dever\u00e1 pagar uma taxa de R$ 54,00. O candidato que quiser solicitar a <strong>isen\u00e7\u00e3o da taxa<\/strong> ter\u00e1 que fazer atrav\u00e9s do site da Vunesp entre os dias <strong>07 e 08 de abril<\/strong>.  <\/p>\n\n\n\n<h3 class=\"wp-block-heading\">Provas<\/h3>\n\n\n\n<h4 class=\"wp-block-heading\"><strong>Prova Objetiva <\/strong><\/h4>\n\n\n\n<p>A prova <strong>objetiva<\/strong> tem data prevista para realiza\u00e7\u00e3o em <strong>05.07.2020<\/strong>, no per\u00edodo da manh\u00e3. Os exames ser\u00e3o aplicados na cidade de Ara\u00e7atuba\/SP.  <\/p>\n\n\n\n<p>A prova objetiva \u2013 de car\u00e1ter eliminat\u00f3rio e classificat\u00f3rio \u2013 visa avaliar o grau de conhecimento geral do candidato, bem como a capacidade de an\u00e1lise, entendimento e interpreta\u00e7\u00e3o de informa\u00e7\u00f5es, habilidade de trabalhar com estrutura l\u00f3gica das rela\u00e7\u00f5es, capacidade dedutiva e conhecimentos t\u00e9cnicos espec\u00edficos do emprego p\u00fablico. <\/p>\n\n\n\n<p>Al\u00e9m disso, ser\u00e1 composta de quest\u00f5es de m\u00faltipla escolha com 5 alternativas cada, sendo apenas uma alternativa correta, e ser\u00e1 elaborada de acordo com o conte\u00fado program\u00e1tico. Ela ter\u00e1 dura\u00e7\u00e3o de <strong>3 horas.<\/strong>  <\/p>\n\n\n\n<ul class=\"wp-block-list\"><li>L\u00edngua Portuguesa &#8211; 10 quest\u00f5es<\/li><li>Matem\u00e1tica &#8211; 06 quest\u00f5es<\/li><li>Legisla\u00e7\u00e3o &#8211; 4 quest\u00f5es<\/li><li>Conhecimentos Espec\u00edficos &#8211; 20 quest\u00f5es <\/li><\/ul>\n\n\n\n<p>A prova objetiva ser\u00e1 avaliada na escala de 0 a 100,00 pontos. Ser\u00e1 considerado habilitado na prova objetiva, o candidato que obtiver nota igual ou superior a 50,00, bem como n\u00e3o zerar em nenhuma das disciplinas da prova.    <\/p>\n\n\n\n<h4 class=\"wp-block-heading\">Prova Pr\u00e1tica<\/h4>\n\n\n\n<p>O exame cont\u00e9m car\u00e1ter eliminat\u00f3rio e classificat\u00f3rio, permite avaliar o grau de conhecimento e as habilidades do candidato por meio de demonstra\u00e7\u00e3o pr\u00e1tica das atividades a serem desempenhadas.  <\/p>\n\n\n\n<p> A convoca\u00e7\u00e3o par.a a prova pr\u00e1tica, contendo a data, hor\u00e1rio\/turma, sala e local, ser\u00e1 publicada oportunamente no Di\u00e1rio Oficial do Estado \u2013 DOE \u2013 Poder Executivo \u2013 Se\u00e7\u00e3o I, e disponibilizada, como subs\u00eddio, no site da Funda\u00e7\u00e3o VUNESP.<\/p>\n\n\n\n<p>A prova pr\u00e1tica ser\u00e1 avaliada na escala de 0 a 100,00 pontos. Ser\u00e1 considerado habilitado o candidato que obtiver nota igual ou superior a 50,00 pontos.   <\/p>\n\n\n\n<p style=\"font-size:18px\" class=\"has-background has-text-align-center has-very-light-gray-background-color\">  <strong>Confira o edital do concurso: <\/strong><a href=\"https:\/\/documento.vunesp.com.br\/documento\/stream\/MTU4NDk4OA%3d%3d\"><strong>Unesp Ara\u00e7atuba<\/strong> <\/a><\/p>\n\n\n\n<h2 class=\"wp-block-heading\">Unesp Rosana<\/h2>\n\n\n\n<p>O edital oferta <strong>uma vaga<\/strong> para o cargo de  Assistente de Suporte Acad\u00eamico II (\u00c1rea de atua\u00e7\u00e3o: Qu\u00edmica) . A remunera\u00e7\u00e3o do cargo \u00e9 de R$ 3.401,37. O \u00f3rg\u00e3o exige forma\u00e7\u00e3o em   Curso T\u00e9cnico em Qu\u00edmica &#8211; Registro no Conselho Regional de Qu\u00edmica &#8211; CRQ .<\/p>\n\n\n\n<p>Ap\u00f3s realizar a <strong>inscri\u00e7\u00e3o<\/strong>, o candidato dever\u00e1 pagar uma taxa de R$ 54,00. O candidato que quiser solicitar a <strong>isen\u00e7\u00e3o da taxa<\/strong> ter\u00e1 que fazer atrav\u00e9s do site da Vunesp entre os dias <strong>07 e 08 de abril<\/strong>. <\/p>\n\n\n\n<h3 class=\"wp-block-heading\">Provas<\/h3>\n\n\n\n<h4 class=\"wp-block-heading\">Prova Objetiva<\/h4>\n\n\n\n<p>As provas <strong>objetiva<\/strong> tem data prevista para realiza\u00e7\u00e3o em <strong>05.07.2020<\/strong>, no per\u00edodo da manh\u00e3. Os exames ser\u00e3o aplicados na cidade de Rosana\/SP.  <\/p>\n\n\n\n<p>A prova objetiva \u2013 de car\u00e1ter eliminat\u00f3rio e classificat\u00f3rio \u2013 visa avaliar o grau de conhecimento geral do candidato, bem como a capacidade de an\u00e1lise, entendimento e interpreta\u00e7\u00e3o de informa\u00e7\u00f5es, habilidade de trabalhar com estrutura l\u00f3gica das rela\u00e7\u00f5es, capacidade dedutiva e conhecimentos t\u00e9cnicos espec\u00edficos do emprego p\u00fablico. <\/p>\n\n\n\n<p>Al\u00e9m disso, ser\u00e1 composta de quest\u00f5es de m\u00faltipla escolha com 5 alternativas cada, sendo apenas uma alternativa correta, e ser\u00e1 elaborada de acordo com o conte\u00fado program\u00e1tico. Ela ter\u00e1 dura\u00e7\u00e3o de <strong>3 horas.<\/strong>   <\/p>\n\n\n\n<ul class=\"wp-block-list\"><li>L\u00edngua Portuguesa &#8211; 10 quest\u00f5es<\/li><li>Matem\u00e1tica &#8211; 06 quest\u00f5es<\/li><li>Legisla\u00e7\u00e3o &#8211; 4 quest\u00f5es<\/li><li>Conhecimentos Espec\u00edficos &#8211; 20 quest\u00f5es <\/li><\/ul>\n\n\n\n<p>A prova objetiva ser\u00e1 avaliada na escala de 0 a 100,00 pontos. Ser\u00e1 considerado habilitado na prova objetiva, o candidato que obtiver nota igual ou superior a 50,00, bem como n\u00e3o zerar em nenhuma das disciplinas da prova.    <\/p>\n\n\n\n<h4 class=\"wp-block-heading\">Prova Dissertativa  <\/h4>\n\n\n\n<p>A prova dissertativa \u2013 de car\u00e1ter eliminat\u00f3rio e classificat\u00f3rio \u2013 visa avaliar os conhecimentos necess\u00e1rios ao desempenho pleno das atribui\u00e7\u00f5es do candidato ao respectivo emprego p\u00fablico, al\u00e9m de considerar sua capacidade de leitura, de interpreta\u00e7\u00e3o e de escrita, na forma culta da l\u00edngua portuguesa.  <\/p>\n\n\n\n<p>A prova dissertativa ser\u00e1 composta de 2 quest\u00f5es. As quest\u00f5es ser\u00e3o relacionadas ao conte\u00fado program\u00e1tico, com estreita correla\u00e7\u00e3o \u00e0 atribui\u00e7\u00e3o do emprego p\u00fablico. Ela ter\u00e1 dura\u00e7\u00e3o de<strong> 2 horas<\/strong> e ser\u00e1 avaliada na escala de 0 a 100,00 pontos. Ser\u00e1 considerado habilitado o candidato que obtiver nota igual ou superior a 50,00 pontos.   <\/p>\n\n\n\n<p style=\"font-size:18px\" class=\"has-background has-text-align-center has-very-light-gray-background-color\"> <strong>Confira o edital do concurso: <a href=\"https:\/\/documento.vunesp.com.br\/documento\/stream\/MTU4NTMxNg%3d%3d\">Unesp Rosana<\/a><\/strong><\/p>\n\n\n\n<h2 class=\"wp-block-heading\">Unesp Tup\u00e3<\/h2>\n\n\n\n<p>O edital oferta aos candidatos <strong>uma vaga<\/strong> para o cargo de T\u00e9cnico Agropecu\u00e1rio. A remunera\u00e7\u00e3o do cargo \u00e9 de R$ 3.401,37. O \u00f3rg\u00e3o exige forma\u00e7\u00e3o em  T\u00e9cnico Agr\u00edcola ou em Agropecu\u00e1ria &#8211; Registro no Conselho Regional de Engenharia e Agronomia.<\/p>\n\n\n\n<p>Ap\u00f3s realizar a <strong>inscri\u00e7\u00e3o<\/strong>, o candidato dever\u00e1 pagar uma taxa de R$ 54,00. O candidato que quiser solicitar a <strong>isen\u00e7\u00e3o da taxa<\/strong> ter\u00e1 que fazer atrav\u00e9s do site da Vunesp entre os dias <strong>07 e 08 de abril<\/strong>.  <\/p>\n\n\n\n<h3 class=\"wp-block-heading\">Provas<\/h3>\n\n\n\n<h4 class=\"wp-block-heading\">Prova Objetiva <\/h4>\n\n\n\n<p>As provas <strong>objetiva<\/strong> tem data prevista para realiza\u00e7\u00e3o em <strong>05.07.2020<\/strong>, no per\u00edodo da manh\u00e3. Os exames ser\u00e3o aplicados na cidade de Tup\u00e3\/SP.  <\/p>\n\n\n\n<p>A prova objetiva \u2013 de car\u00e1ter eliminat\u00f3rio e classificat\u00f3rio \u2013 visa avaliar o grau de conhecimento geral do candidato, bem como a capacidade de an\u00e1lise, entendimento e interpreta\u00e7\u00e3o de informa\u00e7\u00f5es, habilidade de trabalhar com estrutura l\u00f3gica das rela\u00e7\u00f5es, capacidade dedutiva e conhecimentos t\u00e9cnicos espec\u00edficos do emprego p\u00fablico. <\/p>\n\n\n\n<p>Al\u00e9m disso, ser\u00e1 composta de quest\u00f5es de m\u00faltipla escolha com 5 alternativas cada, sendo apenas uma alternativa correta, e ser\u00e1 elaborada de acordo com o conte\u00fado program\u00e1tico. Ela ter\u00e1 dura\u00e7\u00e3o de <strong>3 horas.<\/strong>    <\/p>\n\n\n\n<p><strong>N\u00edvel T\u00e9cnico<\/strong><\/p>\n\n\n\n<ul class=\"wp-block-list\"><li>L\u00edngua Portuguesa &#8211; 10 quest\u00f5es<\/li><li>Matem\u00e1tica &#8211; 06 quest\u00f5es<\/li><li>Legisla\u00e7\u00e3o &#8211; 4 quest\u00f5es<\/li><li>Conhecimentos Espec\u00edficos &#8211; 20 quest\u00f5es <\/li><\/ul>\n\n\n\n<p>A prova objetiva ser\u00e1 avaliada na escala de 0 a 100,00 pontos. Ser\u00e1 considerado habilitado na prova objetiva, o candidato que obtiver nota igual ou superior a 50,00, bem como n\u00e3o zerar em nenhuma das disciplinas da prova.     <\/p>\n\n\n\n<h4 class=\"wp-block-heading\">Prova Dissertativa<\/h4>\n\n\n\n<p>A prova dissertativa \u2013 de car\u00e1ter eliminat\u00f3rio e classificat\u00f3rio \u2013 visa avaliar os conhecimentos necess\u00e1rios ao desempenho pleno das atribui\u00e7\u00f5es do candidato ao respectivo emprego p\u00fablico, al\u00e9m de considerar sua capacidade de leitura, de interpreta\u00e7\u00e3o e de escrita, na forma culta da l\u00edngua portuguesa.  <\/p>\n\n\n\n<p>A prova dissertativa ser\u00e1 composta de 2 quest\u00f5es. As quest\u00f5es ser\u00e3o relacionadas ao conte\u00fado program\u00e1tico, com estreita correla\u00e7\u00e3o \u00e0 atribui\u00e7\u00e3o do emprego p\u00fablico. Ela ter\u00e1 dura\u00e7\u00e3o de<strong> 2 horas<\/strong> e ser\u00e1 avaliada na escala de 0 a 100,00 pontos. Ser\u00e1 considerado habilitado o candidato que obtiver nota igual ou superior a 50,00 pontos.    <\/p>\n\n\n\n<h4 class=\"wp-block-heading\">Prova Pr\u00e1tica<\/h4>\n\n\n\n<p>O exame cont\u00e9m car\u00e1ter eliminat\u00f3rio e classificat\u00f3rio, permite avaliar o grau de conhecimento e as habilidades do candidato por meio de demonstra\u00e7\u00e3o pr\u00e1tica das atividades a serem desempenhadas.  <\/p>\n\n\n\n<p> A convoca\u00e7\u00e3o par.a a prova pr\u00e1tica, contendo a data, hor\u00e1rio\/turma, sala e local, ser\u00e1 publicada oportunamente no Di\u00e1rio Oficial do Estado \u2013 DOE \u2013 Poder Executivo \u2013 Se\u00e7\u00e3o I, e disponibilizada, como subs\u00eddio, no site da Funda\u00e7\u00e3o VUNESP.<\/p>\n\n\n\n<p> A prova pr\u00e1tica ser\u00e1 avaliada na escala de 0 a 100,00 pontos. Ser\u00e1 considerado habilitado o candidato que obtiver nota igual ou superior a 50,00 pontos.  <\/p>\n\n\n\n<h2 class=\"wp-block-heading\"><a href=\"https:\/\/www.estrategiaconcursos.com.br\/sistema-de-questoes#\/\" target=\"_blank\" rel=\"noreferrer noopener\">O l\u00edder em aprova\u00e7\u00f5es vai lan\u00e7ar o maior sistema de quest\u00f5es<\/a><\/h2>\n\n\n\n<p>Estrat\u00e9gia Quest\u00f5es nasceu maior do que todos os concorrentes, com mais quest\u00f5es cadastradas e mais solu\u00e7\u00f5es por professores. Clique no banner e aproveite os descontos e b\u00f4nus imperd\u00edveis!<\/p>\n\n\n\n<figure class=\"wp-block-image\"><a href=\"https:\/\/www.estrategiaconcursos.com.br\/sistema-de-questoes#\/\" target=\"_blank\" rel=\"noreferrer noopener\"><img loading=\"lazy\" decoding=\"async\" width=\"1024\" height=\"210\" src=\"https:\/\/dhg1h5j42swfq.cloudfront.net\/2020\/05\/18151308\/2a315c84-178e-46c7-aee0-323f57fcfecf-1024x210.jpg\" alt=\"\" class=\"wp-image-516129\" srcset=\"https:\/\/dhg1h5j42swfq.cloudfront.net\/2020\/05\/18151308\/2a315c84-178e-46c7-aee0-323f57fcfecf-1024x210.jpg 1024w, https:\/\/dhg1h5j42swfq.cloudfront.net\/2020\/05\/18151308\/2a315c84-178e-46c7-aee0-323f57fcfecf-300x62.jpg 300w, https:\/\/dhg1h5j42swfq.cloudfront.net\/2020\/05\/18151308\/2a315c84-178e-46c7-aee0-323f57fcfecf-768x158.jpg 768w, https:\/\/dhg1h5j42swfq.cloudfront.net\/2020\/05\/18151308\/2a315c84-178e-46c7-aee0-323f57fcfecf-610x125.jpg 610w, https:\/\/dhg1h5j42swfq.cloudfront.net\/2020\/05\/18151308\/2a315c84-178e-46c7-aee0-323f57fcfecf.jpg 1280w\" sizes=\"auto, (max-width: 1024px) 100vw, 1024px\" \/><\/a><\/figure>\n\n\n\n<p style=\"font-size:18px\" class=\"has-background has-text-align-center has-very-light-gray-background-color\"> <strong> Confira o edital do concurso: <a href=\"https:\/\/documento.vunesp.com.br\/documento\/stream\/MTU5NTU1NQ%3d%3d\">Unesp Tup\u00e3<\/a><\/strong><\/p>\n\n\n\n<p class=\"has-background has-text-align-center has-medium-font-size has-luminous-vivid-amber-background-color\"><a href=\"https:\/\/www.estrategiaconcursos.com.br\/cursos\/concurso\/\" target=\"_blank\" rel=\"noreferrer noopener\"><strong>Cursos para concurso<\/strong><\/a><\/p>\n\n\n\n<p class=\"has-text-align-center\"><em><strong>Assinatura Anual Ilimitada*<\/strong><\/em><\/p>\n\n\n\n<p class=\"has-text-align-center\"><em>Prepare-se com o melhor material e com quem mais aprova em Concursos P\u00fablicos em todo o pa\u00eds. Assine agora a nossa Assinatura Anual e tenha acesso ilimitado* a todos os nossos cursos.<\/em><\/p>\n\n\n\n<p class=\"has-background has-text-align-center has-medium-font-size has-light-green-cyan-background-color\"><strong>ASSINE AGORA<\/strong>&nbsp;\u2013&nbsp;<strong><a href=\"https:\/\/www.estrategiaconcursos.com.br\/assinaturas\" target=\"_blank\" rel=\"noreferrer noopener\">Assinatura Ilimitada<\/a><\/strong><\/p>\n\n\n\n<p><strong><em>Fique por dentro de todos os concursos<\/em><\/strong><\/p>\n\n\n\n<p class=\"has-background has-text-align-center has-medium-font-size has-pale-cyan-blue-background-color\"><a href=\"https:\/\/www.estrategiaconcursos.com.br\/blog\/concursos-abertos\/\" target=\"_blank\" rel=\"noreferrer noopener\"><strong>CONCURSOS ABERTOS<\/strong><\/a><\/p>\n\n\n\n<p class=\"has-background has-text-align-center has-medium-font-size has-pale-cyan-blue-background-color\"><a href=\"https:\/\/www.estrategiaconcursos.com.br\/blog\/concursos-2020\/\" target=\"_blank\" rel=\"noreferrer noopener\"><strong>CONCURSOS&nbsp;2020<\/strong><\/a><\/p>\n\n\n\n<figure class=\"wp-block-image\"><img loading=\"lazy\" decoding=\"async\" width=\"300\" height=\"102\" src=\"https:\/\/dhg1h5j42swfq.cloudfront.net\/2017\/03\/28152500\/coruja-ficha-tecnica-300x102.png\" alt=\"Concurso UNESP Litoral e Interior \" class=\"wp-image-68542\"\/><\/figure>\n\n\n\n<h3 class=\"wp-block-heading\" id=\"ficha\"><strong>Informa\u00e7\u00f5es sobre o c<\/strong>oncurso Unesp Litoral e Interior <\/h3>\n\n\n\n<p>\u25ba<strong>Data<\/strong>: 05\/07\/2020<br \/>\u25ba<strong>Vagas<\/strong>: 7<br \/>\u25ba<strong>Cargos<\/strong>: diversos<br \/>\u25ba<strong>Banca<\/strong>: Vunesp<br \/>\u25ba<strong>Escolaridade<\/strong>: N\u00edvel m\u00e9dio e superior<\/p>\n","protected":false},"excerpt":{"rendered":"<p>As etapas do concurso Unesp Litoral e Interior foram suspensas por causa da pandemia de coronav\u00edrus (Covid-19) que afeta o Brasil. A medida foi publicada no Di\u00e1rio Oficial do Estado. De acordo com o \u00f3rg\u00e3o, a suspens\u00e3o foi efetivada para auxiliar no combate ao Covid-19, evitando aglomera\u00e7\u00f5es e seguindo a recomenda\u00e7\u00e3o do Minist\u00e9rio da Sa\u00fade [&hellip;]<\/p>\n","protected":false},"author":214,"featured_media":0,"comment_status":"open","ping_status":"closed","sticky":false,"template":"","format":"standard","meta":{"post_tipo":"article","footnotes":""},"categories":[1],"tags":[],"tax_estado":[],"class_list":["post-498965","post","type-post","status-publish","format-standard","hentry","category-cursos-e-concursos"],"acf":[],"yoast_head":"<!-- This site is optimized with the Yoast SEO Premium plugin v27.2 (Yoast SEO v27.2) - https:\/\/yoast.com\/product\/yoast-seo-premium-wordpress\/ -->\n<title>Concurso Unesp Litoral e Interior: ETAPAS SUSPENSAS<\/title>\n<meta name=\"description\" content=\"Concurso Unesp litoral e interior: etapas suspensas para os seis editais que ofertam vagas para cargos de n\u00edvel m\u00e9dio e superior.\" \/>\n<meta name=\"robots\" content=\"index, follow, max-snippet:-1, max-image-preview:large, max-video-preview:-1\" \/>\n<link rel=\"canonical\" href=\"https:\/\/www.estrategiaconcursos.com.br\/blog\/concurso-unesp-litoral-e-interior\/\" \/>\n<meta property=\"og:locale\" content=\"pt_BR\" \/>\n<meta property=\"og:type\" content=\"article\" \/>\n<meta property=\"og:title\" content=\"Concurso Unesp Litoral e Interior: ETAPAS SUSPENSAS\" \/>\n<meta property=\"og:description\" content=\"Concurso Unesp litoral e interior: etapas suspensas para os seis editais que ofertam vagas para cargos de n\u00edvel m\u00e9dio e superior.\" \/>\n<meta property=\"og:url\" content=\"https:\/\/www.estrategiaconcursos.com.br\/blog\/concurso-unesp-litoral-e-interior\/\" \/>\n<meta property=\"og:site_name\" content=\"Estrat\u00e9gia Concursos\" \/>\n<meta property=\"article:published_time\" content=\"2020-05-19T19:28:00+00:00\" \/>\n<meta property=\"article:modified_time\" content=\"2020-05-19T19:36:42+00:00\" \/>\n<meta property=\"og:image\" content=\"https:\/\/www.estrategiaconcursos.com.br\/blog\/wp-content\/uploads\/2020\/05\/2a315c84-178e-46c7-aee0-323f57fcfecf-1024x210.jpg\" \/>\n<meta name=\"author\" content=\"D\u00e9cio Terror Filho\" \/>\n<meta name=\"twitter:card\" content=\"summary_large_image\" \/>\n<meta name=\"twitter:creator\" content=\"@EstratConcursos\" \/>\n<meta name=\"twitter:site\" content=\"@EstratConcursos\" \/>\n<meta name=\"twitter:label1\" content=\"Escrito por\" \/>\n\t<meta name=\"twitter:data1\" content=\"D\u00e9cio Terror Filho\" \/>\n\t<meta name=\"twitter:label2\" content=\"Est. tempo de leitura\" \/>\n\t<meta name=\"twitter:data2\" content=\"14 minutos\" \/>\n<script type=\"application\/ld+json\" class=\"yoast-schema-graph\">{\"@context\":\"https:\/\/schema.org\",\"@graph\":[{\"@type\":\"NewsArticle\",\"@id\":\"https:\/\/www.estrategiaconcursos.com.br\/blog\/concurso-unesp-litoral-e-interior\/#article\",\"isPartOf\":{\"@id\":\"https:\/\/www.estrategiaconcursos.com.br\/blog\/concurso-unesp-litoral-e-interior\/\"},\"author\":{\"name\":\"D\u00e9cio Terror Filho\",\"@id\":\"https:\/\/www.estrategiaconcursos.com.br\/blog\/#\/schema\/person\/e8165364027a31208914fc77c3314727\"},\"headline\":\"Concurso Unesp Litoral e Interior: ETAPAS SUSPENSAS\",\"datePublished\":\"2020-05-19T19:28:00+00:00\",\"dateModified\":\"2020-05-19T19:36:42+00:00\",\"mainEntityOfPage\":{\"@id\":\"https:\/\/www.estrategiaconcursos.com.br\/blog\/concurso-unesp-litoral-e-interior\/\"},\"wordCount\":2813,\"commentCount\":1,\"publisher\":{\"@id\":\"https:\/\/www.estrategiaconcursos.com.br\/blog\/#organization\"},\"image\":{\"@id\":\"https:\/\/www.estrategiaconcursos.com.br\/blog\/concurso-unesp-litoral-e-interior\/#primaryimage\"},\"thumbnailUrl\":\"https:\/\/www.estrategiaconcursos.com.br\/blog\/wp-content\/uploads\/2020\/05\/2a315c84-178e-46c7-aee0-323f57fcfecf-1024x210.jpg\",\"articleSection\":[\"Concursos P\u00fablicos\"],\"inLanguage\":\"pt-BR\",\"potentialAction\":[{\"@type\":\"CommentAction\",\"name\":\"Comment\",\"target\":[\"https:\/\/www.estrategiaconcursos.com.br\/blog\/concurso-unesp-litoral-e-interior\/#respond\"]}],\"copyrightYear\":\"2020\",\"copyrightHolder\":{\"@id\":\"https:\/\/www.estrategiaconcursos.com.br\/blog\/#organization\"}},{\"@type\":\"WebPage\",\"@id\":\"https:\/\/www.estrategiaconcursos.com.br\/blog\/concurso-unesp-litoral-e-interior\/\",\"url\":\"https:\/\/www.estrategiaconcursos.com.br\/blog\/concurso-unesp-litoral-e-interior\/\",\"name\":\"Concurso Unesp Litoral e Interior: ETAPAS SUSPENSAS\",\"isPartOf\":{\"@id\":\"https:\/\/www.estrategiaconcursos.com.br\/blog\/#website\"},\"primaryImageOfPage\":{\"@id\":\"https:\/\/www.estrategiaconcursos.com.br\/blog\/concurso-unesp-litoral-e-interior\/#primaryimage\"},\"image\":{\"@id\":\"https:\/\/www.estrategiaconcursos.com.br\/blog\/concurso-unesp-litoral-e-interior\/#primaryimage\"},\"thumbnailUrl\":\"https:\/\/www.estrategiaconcursos.com.br\/blog\/wp-content\/uploads\/2020\/05\/2a315c84-178e-46c7-aee0-323f57fcfecf-1024x210.jpg\",\"datePublished\":\"2020-05-19T19:28:00+00:00\",\"dateModified\":\"2020-05-19T19:36:42+00:00\",\"description\":\"Concurso Unesp litoral e interior: etapas suspensas para os seis editais que ofertam vagas para cargos de n\u00edvel m\u00e9dio e superior.\",\"breadcrumb\":{\"@id\":\"https:\/\/www.estrategiaconcursos.com.br\/blog\/concurso-unesp-litoral-e-interior\/#breadcrumb\"},\"inLanguage\":\"pt-BR\",\"potentialAction\":[{\"@type\":\"ReadAction\",\"target\":[\"https:\/\/www.estrategiaconcursos.com.br\/blog\/concurso-unesp-litoral-e-interior\/\"]}]},{\"@type\":\"ImageObject\",\"inLanguage\":\"pt-BR\",\"@id\":\"https:\/\/www.estrategiaconcursos.com.br\/blog\/concurso-unesp-litoral-e-interior\/#primaryimage\",\"url\":\"https:\/\/dhg1h5j42swfq.cloudfront.net\/2020\/05\/18151308\/2a315c84-178e-46c7-aee0-323f57fcfecf.jpg\",\"contentUrl\":\"https:\/\/dhg1h5j42swfq.cloudfront.net\/2020\/05\/18151308\/2a315c84-178e-46c7-aee0-323f57fcfecf.jpg\",\"width\":1280,\"height\":263},{\"@type\":\"BreadcrumbList\",\"@id\":\"https:\/\/www.estrategiaconcursos.com.br\/blog\/concurso-unesp-litoral-e-interior\/#breadcrumb\",\"itemListElement\":[{\"@type\":\"ListItem\",\"position\":1,\"name\":\"In\u00edcio\",\"item\":\"https:\/\/www.estrategiaconcursos.com.br\/blog\/\"},{\"@type\":\"ListItem\",\"position\":2,\"name\":\"Concurso Unesp Litoral e Interior: ETAPAS SUSPENSAS\"}]},{\"@type\":\"WebSite\",\"@id\":\"https:\/\/www.estrategiaconcursos.com.br\/blog\/#website\",\"url\":\"https:\/\/www.estrategiaconcursos.com.br\/blog\/\",\"name\":\"Estrat\u00e9gia Concursos\",\"description\":\"O blog da Estrat\u00e9gia Concursos traz not\u00edcias sobre concursos e artigos de professores oferecendo cursos para concursos (pdf + videaulas) no site.\",\"publisher\":{\"@id\":\"https:\/\/www.estrategiaconcursos.com.br\/blog\/#organization\"},\"potentialAction\":[{\"@type\":\"SearchAction\",\"target\":{\"@type\":\"EntryPoint\",\"urlTemplate\":\"https:\/\/www.estrategiaconcursos.com.br\/blog\/?s={search_term_string}\"},\"query-input\":{\"@type\":\"PropertyValueSpecification\",\"valueRequired\":true,\"valueName\":\"search_term_string\"}}],\"inLanguage\":\"pt-BR\"},{\"@type\":\"Organization\",\"@id\":\"https:\/\/www.estrategiaconcursos.com.br\/blog\/#organization\",\"name\":\"Estrat\u00e9gia Concursos\",\"url\":\"https:\/\/www.estrategiaconcursos.com.br\/blog\/\",\"logo\":{\"@type\":\"ImageObject\",\"inLanguage\":\"pt-BR\",\"@id\":\"https:\/\/www.estrategiaconcursos.com.br\/blog\/#\/schema\/logo\/image\/\",\"url\":\"https:\/\/dhg1h5j42swfq.cloudfront.net\/2025\/06\/03203428\/logo_concursos-1.jpg\",\"contentUrl\":\"https:\/\/dhg1h5j42swfq.cloudfront.net\/2025\/06\/03203428\/logo_concursos-1.jpg\",\"width\":230,\"height\":60,\"caption\":\"Estrat\u00e9gia Concursos\"},\"image\":{\"@id\":\"https:\/\/www.estrategiaconcursos.com.br\/blog\/#\/schema\/logo\/image\/\"},\"sameAs\":[\"https:\/\/x.com\/EstratConcursos\"]},{\"@type\":\"Person\",\"@id\":\"https:\/\/www.estrategiaconcursos.com.br\/blog\/#\/schema\/person\/e8165364027a31208914fc77c3314727\",\"name\":\"D\u00e9cio Terror Filho\",\"image\":{\"@type\":\"ImageObject\",\"inLanguage\":\"pt-BR\",\"@id\":\"https:\/\/secure.gravatar.com\/avatar\/a5b78e734de7c6482e965926e78344deb81abbc34282a3c9536cbb1a59728a37?s=96&d=mm&r=g\",\"url\":\"https:\/\/secure.gravatar.com\/avatar\/a5b78e734de7c6482e965926e78344deb81abbc34282a3c9536cbb1a59728a37?s=96&d=mm&r=g\",\"contentUrl\":\"https:\/\/secure.gravatar.com\/avatar\/a5b78e734de7c6482e965926e78344deb81abbc34282a3c9536cbb1a59728a37?s=96&d=mm&r=g\",\"caption\":\"D\u00e9cio Terror Filho\"},\"url\":\"https:\/\/www.estrategiaconcursos.com.br\/blog\/author\/contatoterrorportugues-com-br\/\"}]}<\/script>\n<!-- \/ Yoast SEO Premium plugin. -->","yoast_head_json":{"title":"Concurso Unesp Litoral e Interior: ETAPAS SUSPENSAS","description":"Concurso Unesp litoral e interior: etapas suspensas para os seis editais que ofertam vagas para cargos de n\u00edvel m\u00e9dio e superior.","robots":{"index":"index","follow":"follow","max-snippet":"max-snippet:-1","max-image-preview":"max-image-preview:large","max-video-preview":"max-video-preview:-1"},"canonical":"https:\/\/www.estrategiaconcursos.com.br\/blog\/concurso-unesp-litoral-e-interior\/","og_locale":"pt_BR","og_type":"article","og_title":"Concurso Unesp Litoral e Interior: ETAPAS SUSPENSAS","og_description":"Concurso Unesp litoral e interior: etapas suspensas para os seis editais que ofertam vagas para cargos de n\u00edvel m\u00e9dio e superior.","og_url":"https:\/\/www.estrategiaconcursos.com.br\/blog\/concurso-unesp-litoral-e-interior\/","og_site_name":"Estrat\u00e9gia Concursos","article_published_time":"2020-05-19T19:28:00+00:00","article_modified_time":"2020-05-19T19:36:42+00:00","og_image":[{"url":"https:\/\/www.estrategiaconcursos.com.br\/blog\/wp-content\/uploads\/2020\/05\/2a315c84-178e-46c7-aee0-323f57fcfecf-1024x210.jpg","type":"","width":"","height":""}],"author":"D\u00e9cio Terror Filho","twitter_card":"summary_large_image","twitter_creator":"@EstratConcursos","twitter_site":"@EstratConcursos","twitter_misc":{"Escrito por":"D\u00e9cio Terror Filho","Est. tempo de leitura":"14 minutos"},"schema":{"@context":"https:\/\/schema.org","@graph":[{"@type":"NewsArticle","@id":"https:\/\/www.estrategiaconcursos.com.br\/blog\/concurso-unesp-litoral-e-interior\/#article","isPartOf":{"@id":"https:\/\/www.estrategiaconcursos.com.br\/blog\/concurso-unesp-litoral-e-interior\/"},"author":{"name":"D\u00e9cio Terror Filho","@id":"https:\/\/www.estrategiaconcursos.com.br\/blog\/#\/schema\/person\/e8165364027a31208914fc77c3314727"},"headline":"Concurso Unesp Litoral e Interior: ETAPAS SUSPENSAS","datePublished":"2020-05-19T19:28:00+00:00","dateModified":"2020-05-19T19:36:42+00:00","mainEntityOfPage":{"@id":"https:\/\/www.estrategiaconcursos.com.br\/blog\/concurso-unesp-litoral-e-interior\/"},"wordCount":2813,"commentCount":1,"publisher":{"@id":"https:\/\/www.estrategiaconcursos.com.br\/blog\/#organization"},"image":{"@id":"https:\/\/www.estrategiaconcursos.com.br\/blog\/concurso-unesp-litoral-e-interior\/#primaryimage"},"thumbnailUrl":"https:\/\/www.estrategiaconcursos.com.br\/blog\/wp-content\/uploads\/2020\/05\/2a315c84-178e-46c7-aee0-323f57fcfecf-1024x210.jpg","articleSection":["Concursos P\u00fablicos"],"inLanguage":"pt-BR","potentialAction":[{"@type":"CommentAction","name":"Comment","target":["https:\/\/www.estrategiaconcursos.com.br\/blog\/concurso-unesp-litoral-e-interior\/#respond"]}],"copyrightYear":"2020","copyrightHolder":{"@id":"https:\/\/www.estrategiaconcursos.com.br\/blog\/#organization"}},{"@type":"WebPage","@id":"https:\/\/www.estrategiaconcursos.com.br\/blog\/concurso-unesp-litoral-e-interior\/","url":"https:\/\/www.estrategiaconcursos.com.br\/blog\/concurso-unesp-litoral-e-interior\/","name":"Concurso Unesp Litoral e Interior: ETAPAS SUSPENSAS","isPartOf":{"@id":"https:\/\/www.estrategiaconcursos.com.br\/blog\/#website"},"primaryImageOfPage":{"@id":"https:\/\/www.estrategiaconcursos.com.br\/blog\/concurso-unesp-litoral-e-interior\/#primaryimage"},"image":{"@id":"https:\/\/www.estrategiaconcursos.com.br\/blog\/concurso-unesp-litoral-e-interior\/#primaryimage"},"thumbnailUrl":"https:\/\/www.estrategiaconcursos.com.br\/blog\/wp-content\/uploads\/2020\/05\/2a315c84-178e-46c7-aee0-323f57fcfecf-1024x210.jpg","datePublished":"2020-05-19T19:28:00+00:00","dateModified":"2020-05-19T19:36:42+00:00","description":"Concurso Unesp litoral e interior: etapas suspensas para os seis editais que ofertam vagas para cargos de n\u00edvel m\u00e9dio e superior.","breadcrumb":{"@id":"https:\/\/www.estrategiaconcursos.com.br\/blog\/concurso-unesp-litoral-e-interior\/#breadcrumb"},"inLanguage":"pt-BR","potentialAction":[{"@type":"ReadAction","target":["https:\/\/www.estrategiaconcursos.com.br\/blog\/concurso-unesp-litoral-e-interior\/"]}]},{"@type":"ImageObject","inLanguage":"pt-BR","@id":"https:\/\/www.estrategiaconcursos.com.br\/blog\/concurso-unesp-litoral-e-interior\/#primaryimage","url":"https:\/\/dhg1h5j42swfq.cloudfront.net\/2020\/05\/18151308\/2a315c84-178e-46c7-aee0-323f57fcfecf.jpg","contentUrl":"https:\/\/dhg1h5j42swfq.cloudfront.net\/2020\/05\/18151308\/2a315c84-178e-46c7-aee0-323f57fcfecf.jpg","width":1280,"height":263},{"@type":"BreadcrumbList","@id":"https:\/\/www.estrategiaconcursos.com.br\/blog\/concurso-unesp-litoral-e-interior\/#breadcrumb","itemListElement":[{"@type":"ListItem","position":1,"name":"In\u00edcio","item":"https:\/\/www.estrategiaconcursos.com.br\/blog\/"},{"@type":"ListItem","position":2,"name":"Concurso Unesp Litoral e Interior: ETAPAS SUSPENSAS"}]},{"@type":"WebSite","@id":"https:\/\/www.estrategiaconcursos.com.br\/blog\/#website","url":"https:\/\/www.estrategiaconcursos.com.br\/blog\/","name":"Estrat\u00e9gia Concursos","description":"O blog da Estrat\u00e9gia Concursos traz not\u00edcias sobre concursos e artigos de professores oferecendo cursos para concursos (pdf + videaulas) no site.","publisher":{"@id":"https:\/\/www.estrategiaconcursos.com.br\/blog\/#organization"},"potentialAction":[{"@type":"SearchAction","target":{"@type":"EntryPoint","urlTemplate":"https:\/\/www.estrategiaconcursos.com.br\/blog\/?s={search_term_string}"},"query-input":{"@type":"PropertyValueSpecification","valueRequired":true,"valueName":"search_term_string"}}],"inLanguage":"pt-BR"},{"@type":"Organization","@id":"https:\/\/www.estrategiaconcursos.com.br\/blog\/#organization","name":"Estrat\u00e9gia Concursos","url":"https:\/\/www.estrategiaconcursos.com.br\/blog\/","logo":{"@type":"ImageObject","inLanguage":"pt-BR","@id":"https:\/\/www.estrategiaconcursos.com.br\/blog\/#\/schema\/logo\/image\/","url":"https:\/\/dhg1h5j42swfq.cloudfront.net\/2025\/06\/03203428\/logo_concursos-1.jpg","contentUrl":"https:\/\/dhg1h5j42swfq.cloudfront.net\/2025\/06\/03203428\/logo_concursos-1.jpg","width":230,"height":60,"caption":"Estrat\u00e9gia Concursos"},"image":{"@id":"https:\/\/www.estrategiaconcursos.com.br\/blog\/#\/schema\/logo\/image\/"},"sameAs":["https:\/\/x.com\/EstratConcursos"]},{"@type":"Person","@id":"https:\/\/www.estrategiaconcursos.com.br\/blog\/#\/schema\/person\/e8165364027a31208914fc77c3314727","name":"D\u00e9cio Terror Filho","image":{"@type":"ImageObject","inLanguage":"pt-BR","@id":"https:\/\/secure.gravatar.com\/avatar\/a5b78e734de7c6482e965926e78344deb81abbc34282a3c9536cbb1a59728a37?s=96&d=mm&r=g","url":"https:\/\/secure.gravatar.com\/avatar\/a5b78e734de7c6482e965926e78344deb81abbc34282a3c9536cbb1a59728a37?s=96&d=mm&r=g","contentUrl":"https:\/\/secure.gravatar.com\/avatar\/a5b78e734de7c6482e965926e78344deb81abbc34282a3c9536cbb1a59728a37?s=96&d=mm&r=g","caption":"D\u00e9cio Terror Filho"},"url":"https:\/\/www.estrategiaconcursos.com.br\/blog\/author\/contatoterrorportugues-com-br\/"}]}},"_links":{"self":[{"href":"https:\/\/www.estrategiaconcursos.com.br\/blog\/wp-json\/wp\/v2\/posts\/498965","targetHints":{"allow":["GET"]}}],"collection":[{"href":"https:\/\/www.estrategiaconcursos.com.br\/blog\/wp-json\/wp\/v2\/posts"}],"about":[{"href":"https:\/\/www.estrategiaconcursos.com.br\/blog\/wp-json\/wp\/v2\/types\/post"}],"author":[{"embeddable":true,"href":"https:\/\/www.estrategiaconcursos.com.br\/blog\/wp-json\/wp\/v2\/users\/214"}],"replies":[{"embeddable":true,"href":"https:\/\/www.estrategiaconcursos.com.br\/blog\/wp-json\/wp\/v2\/comments?post=498965"}],"version-history":[{"count":39,"href":"https:\/\/www.estrategiaconcursos.com.br\/blog\/wp-json\/wp\/v2\/posts\/498965\/revisions"}],"predecessor-version":[{"id":517382,"href":"https:\/\/www.estrategiaconcursos.com.br\/blog\/wp-json\/wp\/v2\/posts\/498965\/revisions\/517382"}],"wp:attachment":[{"href":"https:\/\/www.estrategiaconcursos.com.br\/blog\/wp-json\/wp\/v2\/media?parent=498965"}],"wp:term":[{"taxonomy":"category","embeddable":true,"href":"https:\/\/www.estrategiaconcursos.com.br\/blog\/wp-json\/wp\/v2\/categories?post=498965"},{"taxonomy":"post_tag","embeddable":true,"href":"https:\/\/www.estrategiaconcursos.com.br\/blog\/wp-json\/wp\/v2\/tags?post=498965"},{"taxonomy":"tax_estado","embeddable":true,"href":"https:\/\/www.estrategiaconcursos.com.br\/blog\/wp-json\/wp\/v2\/tax_estado?post=498965"}],"curies":[{"name":"wp","href":"https:\/\/api.w.org\/{rel}","templated":true}]}}