{"id":498843,"date":"2020-04-01T11:32:08","date_gmt":"2020-04-01T14:32:08","guid":{"rendered":"https:\/\/www.estrategiaconcursos.com.br\/blog\/?p=498843"},"modified":"2020-04-01T11:32:09","modified_gmt":"2020-04-01T14:32:09","slug":"edital-ebserh-emergencial-oferta-mais-de-5-mil-vagas-em-combate-ao-coronavirus","status":"publish","type":"post","link":"https:\/\/www.estrategiaconcursos.com.br\/blog\/edital-ebserh-emergencial-oferta-mais-de-5-mil-vagas-em-combate-ao-coronavirus\/","title":{"rendered":"Edital EBSERH Emergencial oferta mais de 5 mil vagas em combate ao Coronav\u00edrus"},"content":{"rendered":"\n<p>Foi publicado no Di\u00e1rio Oficial desta quarta-feira, 1 de abril, o edital emerg\u00eancia do concurso EBSERH que oferta vagas em forma de Cadastro de Reserva para cargos de n\u00edvel m\u00e9dio\/ T\u00e9cnico e superior.<\/p>\n\n\n\n<p>A realiza\u00e7\u00e3o de Processo Seletivo Emergencial visa o atendimento \u00e0 popula\u00e7\u00e3o no combate \u00e0 pandemia do Coronav\u00edrus (COVID-19). <\/p>\n\n\n\n<p>De acordo com o site da EBSERH, foram autorizadas para cadastro reserva  aproximadamente<strong> 5900 vagas<\/strong>. Sendo: <strong>900 vagas<\/strong> para m\u00e9dicos (nas especialidades de Medicina de Emerg\u00eancia, Anestesiologia, Cl\u00ednica M\u00e9dica e Medicina Intensiva), <strong>1,4 mil <\/strong>enfermeiros (incluindo as especialidades de Terapia Intensiva e de Urg\u00eancia e Emerg\u00eancia), <strong>3 mil<\/strong> t\u00e9cnicos em enfermagem,  <strong>500 vagas<\/strong>  fisioterapeutas e <strong>100 vagas<\/strong> para engenheiros (cl\u00ednico e mec\u00e2nico) e arquitetos.<\/p>\n\n\n\n<h2 class=\"wp-block-heading\">Principais informa\u00e7\u00f5es do concurso EBSERH<\/h2>\n\n\n\n<p>Os candidatos interessados pelas vagas do certame devem se inscrever no <strong>site da EBSERH,<\/strong> entre os dias <strong>1 a 6 de abril.<\/strong> N\u00e3o ser\u00e1 cobrada taxa de inscri\u00e7\u00e3o para a participa\u00e7\u00e3o no Processo Seletivo Emergencial.<\/p>\n\n\n\n<h2 class=\"wp-block-heading\">Cargos, vagas e Remunera\u00e7\u00f5es \u2013 concurso EBSERH<\/h2>\n\n\n\n<ul class=\"wp-block-list\"><li><em>M\u00c9DICO 24h R$ 8.647,57 <\/em><\/li><li><em>M\u00c9DICO \u2013 MEDICINA DE EMERG\u00caNCIA 24h R$ 8.647,57 <\/em><\/li><li><em>M\u00c9DICO &#8211; ANESTESIOLOGISTA 24h R$ 8.647,57 <\/em><\/li><li><em>M\u00c9DICO &#8211; CL\u00cdNICA M\u00c9DICA 24h R$ 8.647,57 <\/em><\/li><li><em>M\u00c9DICO &#8211; MEDICINA INTENSIVA 24h R$ 8.647,57 <\/em><\/li><li><em>ENFERMEIRO 36h R$ 6.690,39 <\/em><\/li><li><em>ENFERMEIRO-TERAPIA INTENSIVA 36h R$ 6.690,39 <\/em><\/li><li><em>ENFERMEIRO- URGENCIA E EMERG\u00caNCIA 36h R$ 6.690,39 <\/em><\/li><li><em>T\u00c9CNICO EM ENFERMAGEM 36h R$ 3.255,32 <\/em><\/li><li><em>FISIOTERAPIA 30h R$ 4.725,20 <\/em><\/li><li><em>ENGENHEIRO CLINICO 40h R$ 10.350,45 <\/em><\/li><li><em>ENGENHEIRO MECANICO 40h R$ 10.350,45 <\/em><\/li><li><em>ARQUITETO 40h R$ 10.350,45 <\/em><\/li><\/ul>\n\n\n\n<h2 class=\"wp-block-heading\">Requisitos para contrata\u00e7\u00e3o dos profissionais <\/h2>\n\n\n\n<p> Tendo em vista que a presente sele\u00e7\u00e3o, tem como objetivo contratar profissionais para triagem e atendimento direto ou indireto aos pacientes confirmados ou suspeitos de Coronav\u00edrus, fica vedada a participa\u00e7\u00e3o e contrata\u00e7\u00e3o de candidatos pertencentes ao grupo de pessoas consideradas vulner\u00e1veis frente ao novo Coronavirus (COVID-19), conforme lista abaixo: <\/p>\n\n\n\n<ul class=\"wp-block-list\"><li> I \u2013 N\u00e3o possuir idade igual ou superior a 60 anos, e nem completar 60 anos at\u00e9 um ano ap\u00f3s a data de homologa\u00e7\u00e3o do processo seletivo emergencial;<\/li><li>II \u2013 Diabetes insulino-dependente; <\/li><li>III \u2013 Insufici\u00eancia renal cr\u00f4nica; <\/li><li>IV &#8211; Doen\u00e7a pulmonar obstrutiva cr\u00f4nica (DPOC), enfisema pulmonar, asma moderada ou grave, tuberculose ativa ou sequela pulmonar decorrente de tuberculose; <\/li><li>V \u2013 Doen\u00e7as card\u00edacas graves, insufici\u00eancia card\u00edaca e hipertens\u00e3o arterial sist\u00eamica severa; <\/li><li>VI \u2013 Imunodeprimidos, salvo aqueles acometidos com doen\u00e7as autoimunes sem uso de imunossupressores, conforme regulamenta\u00e7\u00e3o a ser expedida pela SOST\/SEDE; <\/li><li>VII \u2013 Obesidade m\u00f3rbida com IMC igual ou superior a 40; <\/li><li>VIII \u2013 Cirrose ou insufici\u00eancia hep\u00e1tica; <\/li><li>IX &#8211; Gestantes ou lactantes de crian\u00e7as at\u00e9 1 (um) ano de idade; <\/li><li>X &#8211; Respons\u00e1veis pelo cuidado ou que coabitam com uma ou mais pessoas com confirma\u00e7\u00e3o de diagn\u00f3stico de infec\u00e7\u00e3o por Coronav\u00edrus (COVID-19). <\/li><\/ul>\n\n\n\n<h2 class=\"wp-block-heading\">Etapas do edital concurso EBSERH<\/h2>\n\n\n\n<p>Os crit\u00e9rios de avalia\u00e7\u00e3o e aprova\u00e7\u00e3o do presente Processo Seletivo Emergencial acontecer\u00e1 mediante Avalia\u00e7\u00e3o de T\u00edtulos e Experi\u00eancia Profissional. <\/p>\n\n\n\n<p> O resultado deste Processo Seletivo Emergencial ser\u00e1 divulgado em<strong> 08 de abril<\/strong> no site da EBSERH.<\/p>\n\n\n\n<p class=\"has-medium-font-size\">  <strong>Avalia\u00e7\u00e3o de T\u00edtulos <\/strong><\/p>\n\n\n\n<p>A classifica\u00e7\u00e3o final dos cargos de n\u00edvel superior ser\u00e1 o somat\u00f3rio dos pontos da Avalia\u00e7\u00e3o de T\u00edtulos com a Avalia\u00e7\u00e3o de Experi\u00eancia Profissional, na escala de 0 (zero) a 20 (vinte) pontos, de acordo com as tabelas de pontua\u00e7\u00e3o: <\/p>\n\n\n\n<div class=\"wp-block-image\"><figure class=\"aligncenter size-large\"><img loading=\"lazy\" decoding=\"async\" width=\"726\" height=\"387\" src=\"https:\/\/dhg1h5j42swfq.cloudfront.net\/2020\/04\/01110732\/image-10.png\" alt=\"\" class=\"wp-image-498873\" srcset=\"https:\/\/dhg1h5j42swfq.cloudfront.net\/2020\/04\/01110732\/image-10.png 726w, https:\/\/dhg1h5j42swfq.cloudfront.net\/2020\/04\/01110732\/image-10-300x160.png 300w, https:\/\/dhg1h5j42swfq.cloudfront.net\/2020\/04\/01110732\/image-10-610x325.png 610w\" sizes=\"auto, (max-width: 726px) 100vw, 726px\" \/><\/figure><\/div>\n\n\n\n<p class=\"has-medium-font-size\"><strong> Experi\u00eancia Profissional  <\/strong><\/p>\n\n\n\n<div class=\"wp-block-image\"><figure class=\"aligncenter size-large\"><img loading=\"lazy\" decoding=\"async\" width=\"725\" height=\"303\" src=\"https:\/\/dhg1h5j42swfq.cloudfront.net\/2020\/04\/01111112\/image-12.png\" alt=\"\" class=\"wp-image-498879\" srcset=\"https:\/\/dhg1h5j42swfq.cloudfront.net\/2020\/04\/01111112\/image-12.png 725w, https:\/\/dhg1h5j42swfq.cloudfront.net\/2020\/04\/01111112\/image-12-300x125.png 300w, https:\/\/dhg1h5j42swfq.cloudfront.net\/2020\/04\/01111112\/image-12-610x255.png 610w\" sizes=\"auto, (max-width: 725px) 100vw, 725px\" \/><\/figure><\/div>\n\n\n\n<div class=\"wp-block-image\"><figure class=\"aligncenter size-large\"><img loading=\"lazy\" decoding=\"async\" width=\"725\" height=\"343\" src=\"https:\/\/dhg1h5j42swfq.cloudfront.net\/2020\/04\/01111145\/image-13.png\" alt=\"\" class=\"wp-image-498880\" srcset=\"https:\/\/dhg1h5j42swfq.cloudfront.net\/2020\/04\/01111145\/image-13.png 725w, https:\/\/dhg1h5j42swfq.cloudfront.net\/2020\/04\/01111145\/image-13-300x142.png 300w, https:\/\/dhg1h5j42swfq.cloudfront.net\/2020\/04\/01111145\/image-13-610x289.png 610w\" sizes=\"auto, (max-width: 725px) 100vw, 725px\" \/><\/figure><\/div>\n\n\n\n<p class=\"has-text-align-center\"><strong><em>Fique por dentro dos concursos vigentes:<\/em><\/strong><\/p>\n\n\n\n<p class=\"has-background has-text-align-center has-pale-cyan-blue-background-color\"><strong><a rel=\"noreferrer noopener\" href=\"https:\/\/www.estrategiaconcursos.com.br\/blog\/concursos-abertos\/\" target=\"_blank\">CONCURSOS ABERTOS<\/a><\/strong><\/p>\n\n\n\n<p class=\"has-background has-text-align-center has-pale-cyan-blue-background-color\"><strong><a href=\"https:\/\/www.estrategiaconcursos.com.br\/blog\/concursos-2020\/\" target=\"_blank\" rel=\"noreferrer noopener\">CONCURSOS&nbsp;2020<\/a><\/strong><\/p>\n\n\n\n<p class=\"has-text-align-center\"><em><strong>Assinatura Anual Ilimitada*<\/strong><\/em><\/p>\n\n\n\n<p class=\"has-text-align-center\"><em>Prepare-se com o melhor material e com quem mais aprova em Concursos P\u00fablicos em todo o pa\u00eds. Assine agora a nossa Assinatura Anual e tenha acesso ilimitado a todos os nossos cursos.<\/em><\/p>\n\n\n\n<p class=\"has-background has-text-align-center has-light-green-cyan-background-color\"><strong>ASSINE AGORA<\/strong>\u00a0\u2013\u00a0<a rel=\"noreferrer noopener\" href=\"https:\/\/www.estrategiaconcursos.com.br\/assinaturas\/\" target=\"_blank\">Assinatura Ilimitada<\/a><\/p>\n\n\n\n<figure class=\"wp-block-image\"><img decoding=\"async\" src=\"https:\/\/dhg1h5j42swfq.cloudfront.net\/2017\/03\/28152500\/coruja-ficha-tecnica-300x102.png\" alt=\"Ficha T\u00e9cnica Concurso prefeitura de queimados\"\/><\/figure>\n\n\n\n<h4 class=\"wp-block-heading\" id=\"ficha-tecnica\"><strong>Informa\u00e7\u00f5es do\u00a0<\/strong>Concurso EBSERH <\/h4>\n\n\n\n<p>\u25ba<strong>Data prevista:\u00a0<\/strong>08\/04\/2020 <strong><br \/>\u25baVagas:\u00a0<\/strong>CR<strong><br \/>\u25baBanca:\u00a0<\/strong>\u00a0\u00a0EBSERH <br \/><strong>\u25baEscolaridade:<\/strong>\u00a0t\u00e9cnico e superior<br \/><strong>\u25baEdital 2020:\u00a0<\/strong><a href=\"https:\/\/dhg1h5j42swfq.cloudfront.net\/2020\/04\/01111629\/ed_ebserh_covid.pdf\">EBSERH emergencial<\/a><\/p>\n","protected":false},"excerpt":{"rendered":"<p>Foi publicado no Di\u00e1rio Oficial desta quarta-feira, 1 de abril, o edital emerg\u00eancia do concurso EBSERH que oferta vagas em forma de Cadastro de Reserva para cargos de n\u00edvel m\u00e9dio\/ T\u00e9cnico e superior. A realiza\u00e7\u00e3o de Processo Seletivo Emergencial visa o atendimento \u00e0 popula\u00e7\u00e3o no combate \u00e0 pandemia do Coronav\u00edrus (COVID-19). De acordo com o [&hellip;]<\/p>\n","protected":false},"author":657,"featured_media":0,"comment_status":"open","ping_status":"closed","sticky":false,"template":"","format":"standard","meta":{"post_tipo":"article","footnotes":""},"categories":[1],"tags":[],"tax_estado":[],"class_list":["post-498843","post","type-post","status-publish","format-standard","hentry","category-cursos-e-concursos"],"acf":[],"yoast_head":"<!-- This site is optimized with the Yoast SEO Premium plugin v27.2 (Yoast SEO v27.2) - https:\/\/yoast.com\/product\/yoast-seo-premium-wordpress\/ -->\n<title>Edital EBSERH Emergencial oferta mais de 5 mil vagas em combate ao Coronav\u00edrus<\/title>\n<meta name=\"robots\" content=\"index, follow, max-snippet:-1, max-image-preview:large, max-video-preview:-1\" \/>\n<link rel=\"canonical\" href=\"https:\/\/www.estrategiaconcursos.com.br\/blog\/edital-ebserh-emergencial-oferta-mais-de-5-mil-vagas-em-combate-ao-coronavirus\/\" \/>\n<meta property=\"og:locale\" content=\"pt_BR\" \/>\n<meta property=\"og:type\" content=\"article\" \/>\n<meta property=\"og:title\" content=\"Edital EBSERH Emergencial oferta mais de 5 mil vagas em combate ao Coronav\u00edrus\" \/>\n<meta property=\"og:description\" content=\"Foi publicado no Di\u00e1rio Oficial desta quarta-feira, 1 de abril, o edital emerg\u00eancia do concurso EBSERH que oferta vagas em forma de Cadastro de Reserva para cargos de n\u00edvel m\u00e9dio\/ T\u00e9cnico e superior. A realiza\u00e7\u00e3o de Processo Seletivo Emergencial visa o atendimento \u00e0 popula\u00e7\u00e3o no combate \u00e0 pandemia do Coronav\u00edrus (COVID-19). De acordo com o [&hellip;]\" \/>\n<meta property=\"og:url\" content=\"https:\/\/www.estrategiaconcursos.com.br\/blog\/edital-ebserh-emergencial-oferta-mais-de-5-mil-vagas-em-combate-ao-coronavirus\/\" \/>\n<meta property=\"og:site_name\" content=\"Estrat\u00e9gia Concursos\" \/>\n<meta property=\"article:published_time\" content=\"2020-04-01T14:32:08+00:00\" \/>\n<meta property=\"article:modified_time\" content=\"2020-04-01T14:32:09+00:00\" \/>\n<meta property=\"og:image\" content=\"https:\/\/www.estrategiaconcursos.com.br\/blog\/wp-content\/uploads\/2020\/04\/image-10.png\" \/>\n<meta name=\"author\" content=\"Nat\u00e1lia Scarano\" \/>\n<meta name=\"twitter:card\" content=\"summary_large_image\" \/>\n<meta name=\"twitter:creator\" content=\"@EstratConcursos\" \/>\n<meta name=\"twitter:site\" content=\"@EstratConcursos\" \/>\n<meta name=\"twitter:label1\" content=\"Escrito por\" \/>\n\t<meta name=\"twitter:data1\" content=\"Nat\u00e1lia Scarano\" \/>\n\t<meta name=\"twitter:label2\" content=\"Est. tempo de leitura\" \/>\n\t<meta name=\"twitter:data2\" content=\"3 minutos\" \/>\n<script type=\"application\/ld+json\" class=\"yoast-schema-graph\">{\"@context\":\"https:\/\/schema.org\",\"@graph\":[{\"@type\":\"NewsArticle\",\"@id\":\"https:\/\/www.estrategiaconcursos.com.br\/blog\/edital-ebserh-emergencial-oferta-mais-de-5-mil-vagas-em-combate-ao-coronavirus\/#article\",\"isPartOf\":{\"@id\":\"https:\/\/www.estrategiaconcursos.com.br\/blog\/edital-ebserh-emergencial-oferta-mais-de-5-mil-vagas-em-combate-ao-coronavirus\/\"},\"author\":{\"name\":\"Nat\u00e1lia Scarano\",\"@id\":\"https:\/\/www.estrategiaconcursos.com.br\/blog\/#\/schema\/person\/751aedf909a9d10cb23ce6ac527ce0f2\"},\"headline\":\"Edital EBSERH Emergencial oferta mais de 5 mil vagas em combate ao Coronav\u00edrus\",\"datePublished\":\"2020-04-01T14:32:08+00:00\",\"dateModified\":\"2020-04-01T14:32:09+00:00\",\"mainEntityOfPage\":{\"@id\":\"https:\/\/www.estrategiaconcursos.com.br\/blog\/edital-ebserh-emergencial-oferta-mais-de-5-mil-vagas-em-combate-ao-coronavirus\/\"},\"wordCount\":637,\"commentCount\":3,\"publisher\":{\"@id\":\"https:\/\/www.estrategiaconcursos.com.br\/blog\/#organization\"},\"image\":{\"@id\":\"https:\/\/www.estrategiaconcursos.com.br\/blog\/edital-ebserh-emergencial-oferta-mais-de-5-mil-vagas-em-combate-ao-coronavirus\/#primaryimage\"},\"thumbnailUrl\":\"https:\/\/www.estrategiaconcursos.com.br\/blog\/wp-content\/uploads\/2020\/04\/image-10.png\",\"articleSection\":[\"Concursos P\u00fablicos\"],\"inLanguage\":\"pt-BR\",\"potentialAction\":[{\"@type\":\"CommentAction\",\"name\":\"Comment\",\"target\":[\"https:\/\/www.estrategiaconcursos.com.br\/blog\/edital-ebserh-emergencial-oferta-mais-de-5-mil-vagas-em-combate-ao-coronavirus\/#respond\"]}],\"copyrightYear\":\"2020\",\"copyrightHolder\":{\"@id\":\"https:\/\/www.estrategiaconcursos.com.br\/blog\/#organization\"}},{\"@type\":\"WebPage\",\"@id\":\"https:\/\/www.estrategiaconcursos.com.br\/blog\/edital-ebserh-emergencial-oferta-mais-de-5-mil-vagas-em-combate-ao-coronavirus\/\",\"url\":\"https:\/\/www.estrategiaconcursos.com.br\/blog\/edital-ebserh-emergencial-oferta-mais-de-5-mil-vagas-em-combate-ao-coronavirus\/\",\"name\":\"Edital EBSERH Emergencial oferta mais de 5 mil vagas em combate ao Coronav\u00edrus\",\"isPartOf\":{\"@id\":\"https:\/\/www.estrategiaconcursos.com.br\/blog\/#website\"},\"primaryImageOfPage\":{\"@id\":\"https:\/\/www.estrategiaconcursos.com.br\/blog\/edital-ebserh-emergencial-oferta-mais-de-5-mil-vagas-em-combate-ao-coronavirus\/#primaryimage\"},\"image\":{\"@id\":\"https:\/\/www.estrategiaconcursos.com.br\/blog\/edital-ebserh-emergencial-oferta-mais-de-5-mil-vagas-em-combate-ao-coronavirus\/#primaryimage\"},\"thumbnailUrl\":\"https:\/\/www.estrategiaconcursos.com.br\/blog\/wp-content\/uploads\/2020\/04\/image-10.png\",\"datePublished\":\"2020-04-01T14:32:08+00:00\",\"dateModified\":\"2020-04-01T14:32:09+00:00\",\"breadcrumb\":{\"@id\":\"https:\/\/www.estrategiaconcursos.com.br\/blog\/edital-ebserh-emergencial-oferta-mais-de-5-mil-vagas-em-combate-ao-coronavirus\/#breadcrumb\"},\"inLanguage\":\"pt-BR\",\"potentialAction\":[{\"@type\":\"ReadAction\",\"target\":[\"https:\/\/www.estrategiaconcursos.com.br\/blog\/edital-ebserh-emergencial-oferta-mais-de-5-mil-vagas-em-combate-ao-coronavirus\/\"]}]},{\"@type\":\"ImageObject\",\"inLanguage\":\"pt-BR\",\"@id\":\"https:\/\/www.estrategiaconcursos.com.br\/blog\/edital-ebserh-emergencial-oferta-mais-de-5-mil-vagas-em-combate-ao-coronavirus\/#primaryimage\",\"url\":\"https:\/\/dhg1h5j42swfq.cloudfront.net\/2020\/04\/01110732\/image-10.png\",\"contentUrl\":\"https:\/\/dhg1h5j42swfq.cloudfront.net\/2020\/04\/01110732\/image-10.png\",\"width\":726,\"height\":387},{\"@type\":\"BreadcrumbList\",\"@id\":\"https:\/\/www.estrategiaconcursos.com.br\/blog\/edital-ebserh-emergencial-oferta-mais-de-5-mil-vagas-em-combate-ao-coronavirus\/#breadcrumb\",\"itemListElement\":[{\"@type\":\"ListItem\",\"position\":1,\"name\":\"In\u00edcio\",\"item\":\"https:\/\/www.estrategiaconcursos.com.br\/blog\/\"},{\"@type\":\"ListItem\",\"position\":2,\"name\":\"Edital EBSERH Emergencial oferta mais de 5 mil vagas em combate ao Coronav\u00edrus\"}]},{\"@type\":\"WebSite\",\"@id\":\"https:\/\/www.estrategiaconcursos.com.br\/blog\/#website\",\"url\":\"https:\/\/www.estrategiaconcursos.com.br\/blog\/\",\"name\":\"Estrat\u00e9gia Concursos\",\"description\":\"O blog da Estrat\u00e9gia Concursos traz not\u00edcias sobre concursos e artigos de professores oferecendo cursos para concursos (pdf + videaulas) no site.\",\"publisher\":{\"@id\":\"https:\/\/www.estrategiaconcursos.com.br\/blog\/#organization\"},\"potentialAction\":[{\"@type\":\"SearchAction\",\"target\":{\"@type\":\"EntryPoint\",\"urlTemplate\":\"https:\/\/www.estrategiaconcursos.com.br\/blog\/?s={search_term_string}\"},\"query-input\":{\"@type\":\"PropertyValueSpecification\",\"valueRequired\":true,\"valueName\":\"search_term_string\"}}],\"inLanguage\":\"pt-BR\"},{\"@type\":\"Organization\",\"@id\":\"https:\/\/www.estrategiaconcursos.com.br\/blog\/#organization\",\"name\":\"Estrat\u00e9gia Concursos\",\"url\":\"https:\/\/www.estrategiaconcursos.com.br\/blog\/\",\"logo\":{\"@type\":\"ImageObject\",\"inLanguage\":\"pt-BR\",\"@id\":\"https:\/\/www.estrategiaconcursos.com.br\/blog\/#\/schema\/logo\/image\/\",\"url\":\"https:\/\/dhg1h5j42swfq.cloudfront.net\/2025\/06\/03203428\/logo_concursos-1.jpg\",\"contentUrl\":\"https:\/\/dhg1h5j42swfq.cloudfront.net\/2025\/06\/03203428\/logo_concursos-1.jpg\",\"width\":230,\"height\":60,\"caption\":\"Estrat\u00e9gia Concursos\"},\"image\":{\"@id\":\"https:\/\/www.estrategiaconcursos.com.br\/blog\/#\/schema\/logo\/image\/\"},\"sameAs\":[\"https:\/\/x.com\/EstratConcursos\"]},{\"@type\":\"Person\",\"@id\":\"https:\/\/www.estrategiaconcursos.com.br\/blog\/#\/schema\/person\/751aedf909a9d10cb23ce6ac527ce0f2\",\"name\":\"Nat\u00e1lia Scarano\",\"image\":{\"@type\":\"ImageObject\",\"inLanguage\":\"pt-BR\",\"@id\":\"https:\/\/secure.gravatar.com\/avatar\/8a889b8db3dbd227a1a78627357ec8fe64f5e99189d1889a270127828ab372ac?s=96&d=mm&r=g\",\"url\":\"https:\/\/secure.gravatar.com\/avatar\/8a889b8db3dbd227a1a78627357ec8fe64f5e99189d1889a270127828ab372ac?s=96&d=mm&r=g\",\"contentUrl\":\"https:\/\/secure.gravatar.com\/avatar\/8a889b8db3dbd227a1a78627357ec8fe64f5e99189d1889a270127828ab372ac?s=96&d=mm&r=g\",\"caption\":\"Nat\u00e1lia Scarano\"},\"description\":\"Jornalista, formada e p\u00f3s graduada pelo IESB, faz parte do time de jornalistas do Estrat\u00e9gia desde 2017. Possui familiaridade com as \u00e1reas de Tribunais, Defensorias, Procuradorias, Minist\u00e9rios P\u00fablicos, Conselhos, Educa\u00e7\u00e3o, \u00c1rea de Seguran\u00e7a, concursos de Carreiras Jur\u00eddicas e OAB. Experi\u00eancia em marketing digital, assessoria de comunica\u00e7\u00e3o e institucional na \u00e1rea privada e p\u00fablica, com atua\u00e7\u00e3o em \u00f3rg\u00e3os como CGU, Cofen e CNM.\",\"url\":\"https:\/\/www.estrategiaconcursos.com.br\/blog\/author\/natalia-scaranoestrategiaconcursos-com-br\/\"}]}<\/script>\n<!-- \/ Yoast SEO Premium plugin. -->","yoast_head_json":{"title":"Edital EBSERH Emergencial oferta mais de 5 mil vagas em combate ao Coronav\u00edrus","robots":{"index":"index","follow":"follow","max-snippet":"max-snippet:-1","max-image-preview":"max-image-preview:large","max-video-preview":"max-video-preview:-1"},"canonical":"https:\/\/www.estrategiaconcursos.com.br\/blog\/edital-ebserh-emergencial-oferta-mais-de-5-mil-vagas-em-combate-ao-coronavirus\/","og_locale":"pt_BR","og_type":"article","og_title":"Edital EBSERH Emergencial oferta mais de 5 mil vagas em combate ao Coronav\u00edrus","og_description":"Foi publicado no Di\u00e1rio Oficial desta quarta-feira, 1 de abril, o edital emerg\u00eancia do concurso EBSERH que oferta vagas em forma de Cadastro de Reserva para cargos de n\u00edvel m\u00e9dio\/ T\u00e9cnico e superior. A realiza\u00e7\u00e3o de Processo Seletivo Emergencial visa o atendimento \u00e0 popula\u00e7\u00e3o no combate \u00e0 pandemia do Coronav\u00edrus (COVID-19). De acordo com o [&hellip;]","og_url":"https:\/\/www.estrategiaconcursos.com.br\/blog\/edital-ebserh-emergencial-oferta-mais-de-5-mil-vagas-em-combate-ao-coronavirus\/","og_site_name":"Estrat\u00e9gia Concursos","article_published_time":"2020-04-01T14:32:08+00:00","article_modified_time":"2020-04-01T14:32:09+00:00","og_image":[{"url":"https:\/\/www.estrategiaconcursos.com.br\/blog\/wp-content\/uploads\/2020\/04\/image-10.png","type":"","width":"","height":""}],"author":"Nat\u00e1lia Scarano","twitter_card":"summary_large_image","twitter_creator":"@EstratConcursos","twitter_site":"@EstratConcursos","twitter_misc":{"Escrito por":"Nat\u00e1lia Scarano","Est. tempo de leitura":"3 minutos"},"schema":{"@context":"https:\/\/schema.org","@graph":[{"@type":"NewsArticle","@id":"https:\/\/www.estrategiaconcursos.com.br\/blog\/edital-ebserh-emergencial-oferta-mais-de-5-mil-vagas-em-combate-ao-coronavirus\/#article","isPartOf":{"@id":"https:\/\/www.estrategiaconcursos.com.br\/blog\/edital-ebserh-emergencial-oferta-mais-de-5-mil-vagas-em-combate-ao-coronavirus\/"},"author":{"name":"Nat\u00e1lia Scarano","@id":"https:\/\/www.estrategiaconcursos.com.br\/blog\/#\/schema\/person\/751aedf909a9d10cb23ce6ac527ce0f2"},"headline":"Edital EBSERH Emergencial oferta mais de 5 mil vagas em combate ao Coronav\u00edrus","datePublished":"2020-04-01T14:32:08+00:00","dateModified":"2020-04-01T14:32:09+00:00","mainEntityOfPage":{"@id":"https:\/\/www.estrategiaconcursos.com.br\/blog\/edital-ebserh-emergencial-oferta-mais-de-5-mil-vagas-em-combate-ao-coronavirus\/"},"wordCount":637,"commentCount":3,"publisher":{"@id":"https:\/\/www.estrategiaconcursos.com.br\/blog\/#organization"},"image":{"@id":"https:\/\/www.estrategiaconcursos.com.br\/blog\/edital-ebserh-emergencial-oferta-mais-de-5-mil-vagas-em-combate-ao-coronavirus\/#primaryimage"},"thumbnailUrl":"https:\/\/www.estrategiaconcursos.com.br\/blog\/wp-content\/uploads\/2020\/04\/image-10.png","articleSection":["Concursos P\u00fablicos"],"inLanguage":"pt-BR","potentialAction":[{"@type":"CommentAction","name":"Comment","target":["https:\/\/www.estrategiaconcursos.com.br\/blog\/edital-ebserh-emergencial-oferta-mais-de-5-mil-vagas-em-combate-ao-coronavirus\/#respond"]}],"copyrightYear":"2020","copyrightHolder":{"@id":"https:\/\/www.estrategiaconcursos.com.br\/blog\/#organization"}},{"@type":"WebPage","@id":"https:\/\/www.estrategiaconcursos.com.br\/blog\/edital-ebserh-emergencial-oferta-mais-de-5-mil-vagas-em-combate-ao-coronavirus\/","url":"https:\/\/www.estrategiaconcursos.com.br\/blog\/edital-ebserh-emergencial-oferta-mais-de-5-mil-vagas-em-combate-ao-coronavirus\/","name":"Edital EBSERH Emergencial oferta mais de 5 mil vagas em combate ao Coronav\u00edrus","isPartOf":{"@id":"https:\/\/www.estrategiaconcursos.com.br\/blog\/#website"},"primaryImageOfPage":{"@id":"https:\/\/www.estrategiaconcursos.com.br\/blog\/edital-ebserh-emergencial-oferta-mais-de-5-mil-vagas-em-combate-ao-coronavirus\/#primaryimage"},"image":{"@id":"https:\/\/www.estrategiaconcursos.com.br\/blog\/edital-ebserh-emergencial-oferta-mais-de-5-mil-vagas-em-combate-ao-coronavirus\/#primaryimage"},"thumbnailUrl":"https:\/\/www.estrategiaconcursos.com.br\/blog\/wp-content\/uploads\/2020\/04\/image-10.png","datePublished":"2020-04-01T14:32:08+00:00","dateModified":"2020-04-01T14:32:09+00:00","breadcrumb":{"@id":"https:\/\/www.estrategiaconcursos.com.br\/blog\/edital-ebserh-emergencial-oferta-mais-de-5-mil-vagas-em-combate-ao-coronavirus\/#breadcrumb"},"inLanguage":"pt-BR","potentialAction":[{"@type":"ReadAction","target":["https:\/\/www.estrategiaconcursos.com.br\/blog\/edital-ebserh-emergencial-oferta-mais-de-5-mil-vagas-em-combate-ao-coronavirus\/"]}]},{"@type":"ImageObject","inLanguage":"pt-BR","@id":"https:\/\/www.estrategiaconcursos.com.br\/blog\/edital-ebserh-emergencial-oferta-mais-de-5-mil-vagas-em-combate-ao-coronavirus\/#primaryimage","url":"https:\/\/dhg1h5j42swfq.cloudfront.net\/2020\/04\/01110732\/image-10.png","contentUrl":"https:\/\/dhg1h5j42swfq.cloudfront.net\/2020\/04\/01110732\/image-10.png","width":726,"height":387},{"@type":"BreadcrumbList","@id":"https:\/\/www.estrategiaconcursos.com.br\/blog\/edital-ebserh-emergencial-oferta-mais-de-5-mil-vagas-em-combate-ao-coronavirus\/#breadcrumb","itemListElement":[{"@type":"ListItem","position":1,"name":"In\u00edcio","item":"https:\/\/www.estrategiaconcursos.com.br\/blog\/"},{"@type":"ListItem","position":2,"name":"Edital EBSERH Emergencial oferta mais de 5 mil vagas em combate ao Coronav\u00edrus"}]},{"@type":"WebSite","@id":"https:\/\/www.estrategiaconcursos.com.br\/blog\/#website","url":"https:\/\/www.estrategiaconcursos.com.br\/blog\/","name":"Estrat\u00e9gia Concursos","description":"O blog da Estrat\u00e9gia Concursos traz not\u00edcias sobre concursos e artigos de professores oferecendo cursos para concursos (pdf + videaulas) no site.","publisher":{"@id":"https:\/\/www.estrategiaconcursos.com.br\/blog\/#organization"},"potentialAction":[{"@type":"SearchAction","target":{"@type":"EntryPoint","urlTemplate":"https:\/\/www.estrategiaconcursos.com.br\/blog\/?s={search_term_string}"},"query-input":{"@type":"PropertyValueSpecification","valueRequired":true,"valueName":"search_term_string"}}],"inLanguage":"pt-BR"},{"@type":"Organization","@id":"https:\/\/www.estrategiaconcursos.com.br\/blog\/#organization","name":"Estrat\u00e9gia Concursos","url":"https:\/\/www.estrategiaconcursos.com.br\/blog\/","logo":{"@type":"ImageObject","inLanguage":"pt-BR","@id":"https:\/\/www.estrategiaconcursos.com.br\/blog\/#\/schema\/logo\/image\/","url":"https:\/\/dhg1h5j42swfq.cloudfront.net\/2025\/06\/03203428\/logo_concursos-1.jpg","contentUrl":"https:\/\/dhg1h5j42swfq.cloudfront.net\/2025\/06\/03203428\/logo_concursos-1.jpg","width":230,"height":60,"caption":"Estrat\u00e9gia Concursos"},"image":{"@id":"https:\/\/www.estrategiaconcursos.com.br\/blog\/#\/schema\/logo\/image\/"},"sameAs":["https:\/\/x.com\/EstratConcursos"]},{"@type":"Person","@id":"https:\/\/www.estrategiaconcursos.com.br\/blog\/#\/schema\/person\/751aedf909a9d10cb23ce6ac527ce0f2","name":"Nat\u00e1lia Scarano","image":{"@type":"ImageObject","inLanguage":"pt-BR","@id":"https:\/\/secure.gravatar.com\/avatar\/8a889b8db3dbd227a1a78627357ec8fe64f5e99189d1889a270127828ab372ac?s=96&d=mm&r=g","url":"https:\/\/secure.gravatar.com\/avatar\/8a889b8db3dbd227a1a78627357ec8fe64f5e99189d1889a270127828ab372ac?s=96&d=mm&r=g","contentUrl":"https:\/\/secure.gravatar.com\/avatar\/8a889b8db3dbd227a1a78627357ec8fe64f5e99189d1889a270127828ab372ac?s=96&d=mm&r=g","caption":"Nat\u00e1lia Scarano"},"description":"Jornalista, formada e p\u00f3s graduada pelo IESB, faz parte do time de jornalistas do Estrat\u00e9gia desde 2017. Possui familiaridade com as \u00e1reas de Tribunais, Defensorias, Procuradorias, Minist\u00e9rios P\u00fablicos, Conselhos, Educa\u00e7\u00e3o, \u00c1rea de Seguran\u00e7a, concursos de Carreiras Jur\u00eddicas e OAB. Experi\u00eancia em marketing digital, assessoria de comunica\u00e7\u00e3o e institucional na \u00e1rea privada e p\u00fablica, com atua\u00e7\u00e3o em \u00f3rg\u00e3os como CGU, Cofen e CNM.","url":"https:\/\/www.estrategiaconcursos.com.br\/blog\/author\/natalia-scaranoestrategiaconcursos-com-br\/"}]}},"_links":{"self":[{"href":"https:\/\/www.estrategiaconcursos.com.br\/blog\/wp-json\/wp\/v2\/posts\/498843","targetHints":{"allow":["GET"]}}],"collection":[{"href":"https:\/\/www.estrategiaconcursos.com.br\/blog\/wp-json\/wp\/v2\/posts"}],"about":[{"href":"https:\/\/www.estrategiaconcursos.com.br\/blog\/wp-json\/wp\/v2\/types\/post"}],"author":[{"embeddable":true,"href":"https:\/\/www.estrategiaconcursos.com.br\/blog\/wp-json\/wp\/v2\/users\/657"}],"replies":[{"embeddable":true,"href":"https:\/\/www.estrategiaconcursos.com.br\/blog\/wp-json\/wp\/v2\/comments?post=498843"}],"version-history":[{"count":5,"href":"https:\/\/www.estrategiaconcursos.com.br\/blog\/wp-json\/wp\/v2\/posts\/498843\/revisions"}],"predecessor-version":[{"id":498904,"href":"https:\/\/www.estrategiaconcursos.com.br\/blog\/wp-json\/wp\/v2\/posts\/498843\/revisions\/498904"}],"wp:attachment":[{"href":"https:\/\/www.estrategiaconcursos.com.br\/blog\/wp-json\/wp\/v2\/media?parent=498843"}],"wp:term":[{"taxonomy":"category","embeddable":true,"href":"https:\/\/www.estrategiaconcursos.com.br\/blog\/wp-json\/wp\/v2\/categories?post=498843"},{"taxonomy":"post_tag","embeddable":true,"href":"https:\/\/www.estrategiaconcursos.com.br\/blog\/wp-json\/wp\/v2\/tags?post=498843"},{"taxonomy":"tax_estado","embeddable":true,"href":"https:\/\/www.estrategiaconcursos.com.br\/blog\/wp-json\/wp\/v2\/tax_estado?post=498843"}],"curies":[{"name":"wp","href":"https:\/\/api.w.org\/{rel}","templated":true}]}}