{"id":498662,"date":"2020-03-31T18:42:43","date_gmt":"2020-03-31T21:42:43","guid":{"rendered":"https:\/\/www.estrategiaconcursos.com.br\/blog\/?p=498662"},"modified":"2020-04-01T14:01:11","modified_gmt":"2020-04-01T17:01:11","slug":"projeto-de-lei-suspensao-dos-prazos-dos-concursos-mg","status":"publish","type":"post","link":"https:\/\/www.estrategiaconcursos.com.br\/blog\/projeto-de-lei-suspensao-dos-prazos-dos-concursos-mg\/","title":{"rendered":"Projeto de Lei determina suspens\u00e3o dos prazos dos Concursos MG"},"content":{"rendered":"\n<p>Foi publicado no Di\u00e1rio Oficial da Assembleia Legislativa do Estado de Minas Gerais, o <strong>Projeto de Lei n\u00ba 1.739\/2020<\/strong> que determina a suspens\u00e3o imediata dos prazos relativos aos concursos p\u00fablicos do Estado, em raz\u00e3o da pandemia do COVID-19 (Coronav\u00edrus).<\/p>\n\n\n\n<p>Segundo a justificativa dada para o projeto, o <strong>objetivo \u00e9 suspender o prazo dos concursos p\u00fablicos, a fim de que s\u00f3 passem a valer depois do final do estado de calamidade p\u00fablica<\/strong>. Com o intuito de, assim, evitar les\u00e3o ou preju\u00edzo aos direitos dos participantes de sele\u00e7\u00f5es p\u00fablicas por motivo alheio \u00e0 sua vontade. <\/p>\n\n\n\n<p>O <strong>Art. 1\u00ba<\/strong> do Decreto traz a seguinte informa\u00e7\u00e3o: <em>Fica sobrestada a validade dos concursos p\u00fablicos realizados, independentemente de homologa\u00e7\u00e3o, anteriormente \u00e0 publica\u00e7\u00e3o do Decreto estadual n\u00ba 47.891 de 20 de mar\u00e7o 2020, em todo o territ\u00f3rio estadual, at\u00e9 o t\u00e9rmino da vig\u00eancia do estado de calamidade p\u00fablica estabelecido pelo Governo de Minas Gerais<\/em>.<\/p>\n\n\n\n<p>Ser\u00e3o considerados todos os certames, sob a responsabilidade do poder Estadual, englobando a administra\u00e7\u00e3o direta ou indireta, que tenham sido realizados e ainda n\u00e3o finalizados. Os prazos dos concursos voltam a contar a partir do dia seguinte do t\u00e9rmino do per\u00edodo da calamidade p\u00fablica.<\/p>\n\n\n\n<p>Al\u00e9m disso, o decreto tamb\u00e9m determina que os respons\u00e1veis pela organiza\u00e7\u00e3o dos concursos p\u00fablicos devem publicar, em ve\u00edculo oficial e site institucional, a suspens\u00e3o dos prazos. <\/p>\n\n\n\n<p>O <strong>Projeto de Lei segue em an\u00e1lise<\/strong>, em car\u00e1ter de urg\u00eancia, aguardando um parecer do Plen\u00e1rio. Se aprovado, o projeto se tornar\u00e1, de fato, lei, onde ser\u00e1 publicado no Di\u00e1rio Oficial do Estado.<\/p>\n\n\n\n<p class=\"has-background has-medium-font-size has-very-light-gray-background-color\"><strong>\u25ba<a rel=\"noreferrer noopener\" aria-label=\"\u00cdntegra do Projeto de Lei n\u00ba 1.739\/2020 (abre numa nova aba)\" href=\"https:\/\/dhg1h5j42swfq.cloudfront.net\/2020\/03\/31184435\/Suspens%C3%A3o-concursos-MG.pdf\" target=\"_blank\">\u00cdntegra do Projeto de Lei n\u00ba 1.739\/2020<\/a><\/strong><\/p>\n\n\n\n<hr class=\"wp-block-separator\"\/>\n\n\n\n<p class=\"has-text-align-center has-medium-font-size\"><em><strong>Assinatura Anual Ilimitada*<\/strong><\/em><\/p>\n\n\n\n<p class=\"has-text-align-center\"><em>Prepare-se com o melhor material e com quem mais aprova em Concursos P\u00fablicos em todo o pa\u00eds. Assine agora a nossa Assinatura Anual e tenha acesso ilimitado* a todos os nossos cursos.<\/em><\/p>\n\n\n\n<p style=\"font-size:22px\" class=\"has-background has-text-align-center has-luminous-vivid-amber-background-color\"><strong>ASSINE AGORA<\/strong>&nbsp;\u2013&nbsp;<strong><a rel=\"noreferrer noopener\" href=\"https:\/\/www.estrategiaconcursos.com.br\/assinaturas\" target=\"_blank\">Assinatura Ilimitada<\/a><\/strong><\/p>\n\n\n\n<p class=\"has-text-align-center has-medium-font-size\"><strong><em>Fique por dentro de todos os concursos<\/em><\/strong><\/p>\n\n\n\n<p style=\"font-size:22px\" class=\"has-background has-text-align-center has-pale-cyan-blue-background-color\"><a href=\"https:\/\/www.estrategiaconcursos.com.br\/blog\/concursos-mg\/\" target=\"_blank\" rel=\"noreferrer noopener\" aria-label=\"CONCURSOS MG (abre numa nova aba)\"><strong>CONCURSOS MG<\/strong><\/a><\/p>\n\n\n\n<p style=\"font-size:22px\" class=\"has-background has-text-align-center has-pale-cyan-blue-background-color\"><a rel=\"noreferrer noopener\" href=\"https:\/\/www.estrategiaconcursos.com.br\/blog\/concursos-abertos\/\" target=\"_blank\"><strong>CONCURSOS ABERTOS<\/strong><\/a><\/p>\n\n\n\n<p style=\"font-size:22px\" class=\"has-background has-text-align-center has-pale-cyan-blue-background-color\"><a rel=\"noreferrer noopener\" href=\"https:\/\/www.estrategiaconcursos.com.br\/blog\/concursos-2020\/\" target=\"_blank\"><strong>CONCURSOS&nbsp;2020<\/strong><\/a><\/p>\n","protected":false},"excerpt":{"rendered":"<p>Foi publicado no Di\u00e1rio Oficial da Assembleia Legislativa do Estado de Minas Gerais, o Projeto de Lei n\u00ba 1.739\/2020 que determina a suspens\u00e3o imediata dos prazos relativos aos concursos p\u00fablicos do Estado, em raz\u00e3o da pandemia do COVID-19 (Coronav\u00edrus). Segundo a justificativa dada para o projeto, o objetivo \u00e9 suspender o prazo dos concursos p\u00fablicos, [&hellip;]<\/p>\n","protected":false},"author":260,"featured_media":498664,"comment_status":"open","ping_status":"closed","sticky":false,"template":"","format":"standard","meta":{"post_tipo":"article","footnotes":""},"categories":[1],"tags":[],"tax_estado":[],"class_list":["post-498662","post","type-post","status-publish","format-standard","has-post-thumbnail","hentry","category-cursos-e-concursos"],"acf":[],"yoast_head":"<!-- This site is optimized with the Yoast SEO Premium plugin v27.2 (Yoast SEO v27.2) - https:\/\/yoast.com\/product\/yoast-seo-premium-wordpress\/ -->\n<title>Projeto de Lei determina suspens\u00e3o dos prazos dos Concursos MG<\/title>\n<meta name=\"robots\" content=\"index, follow, max-snippet:-1, max-image-preview:large, max-video-preview:-1\" \/>\n<link rel=\"canonical\" href=\"https:\/\/www.estrategiaconcursos.com.br\/blog\/projeto-de-lei-suspensao-dos-prazos-dos-concursos-mg\/\" \/>\n<meta property=\"og:locale\" content=\"pt_BR\" \/>\n<meta property=\"og:type\" content=\"article\" \/>\n<meta property=\"og:title\" content=\"Projeto de Lei determina suspens\u00e3o dos prazos dos Concursos MG\" \/>\n<meta property=\"og:description\" content=\"Foi publicado no Di\u00e1rio Oficial da Assembleia Legislativa do Estado de Minas Gerais, o Projeto de Lei n\u00ba 1.739\/2020 que determina a suspens\u00e3o imediata dos prazos relativos aos concursos p\u00fablicos do Estado, em raz\u00e3o da pandemia do COVID-19 (Coronav\u00edrus). Segundo a justificativa dada para o projeto, o objetivo \u00e9 suspender o prazo dos concursos p\u00fablicos, [&hellip;]\" \/>\n<meta property=\"og:url\" content=\"https:\/\/www.estrategiaconcursos.com.br\/blog\/projeto-de-lei-suspensao-dos-prazos-dos-concursos-mg\/\" \/>\n<meta property=\"og:site_name\" content=\"Estrat\u00e9gia Concursos\" \/>\n<meta property=\"article:published_time\" content=\"2020-03-31T21:42:43+00:00\" \/>\n<meta property=\"article:modified_time\" content=\"2020-04-01T17:01:11+00:00\" \/>\n<meta property=\"og:image\" content=\"https:\/\/dhg1h5j42swfq.cloudfront.net\/2020\/03\/31180738\/concursos_MG.jpg\" \/>\n\t<meta property=\"og:image:width\" content=\"1200\" \/>\n\t<meta property=\"og:image:height\" content=\"628\" \/>\n\t<meta property=\"og:image:type\" content=\"image\/jpeg\" \/>\n<meta name=\"author\" content=\"Diego Cerqueira Berbert Vasconcelos\" \/>\n<meta name=\"twitter:card\" content=\"summary_large_image\" \/>\n<meta name=\"twitter:creator\" content=\"@EstratConcursos\" \/>\n<meta name=\"twitter:site\" content=\"@EstratConcursos\" \/>\n<meta name=\"twitter:label1\" content=\"Escrito por\" \/>\n\t<meta name=\"twitter:data1\" content=\"Diego Cerqueira Berbert Vasconcelos\" \/>\n\t<meta name=\"twitter:label2\" content=\"Est. tempo de leitura\" \/>\n\t<meta name=\"twitter:data2\" content=\"2 minutos\" \/>\n<script type=\"application\/ld+json\" class=\"yoast-schema-graph\">{\"@context\":\"https:\/\/schema.org\",\"@graph\":[{\"@type\":\"NewsArticle\",\"@id\":\"https:\/\/www.estrategiaconcursos.com.br\/blog\/projeto-de-lei-suspensao-dos-prazos-dos-concursos-mg\/#article\",\"isPartOf\":{\"@id\":\"https:\/\/www.estrategiaconcursos.com.br\/blog\/projeto-de-lei-suspensao-dos-prazos-dos-concursos-mg\/\"},\"author\":{\"name\":\"Diego Cerqueira Berbert Vasconcelos\",\"@id\":\"https:\/\/www.estrategiaconcursos.com.br\/blog\/#\/schema\/person\/7fbf898fd336f5ce58a961518beff68c\"},\"headline\":\"Projeto de Lei determina suspens\u00e3o dos prazos dos Concursos MG\",\"datePublished\":\"2020-03-31T21:42:43+00:00\",\"dateModified\":\"2020-04-01T17:01:11+00:00\",\"mainEntityOfPage\":{\"@id\":\"https:\/\/www.estrategiaconcursos.com.br\/blog\/projeto-de-lei-suspensao-dos-prazos-dos-concursos-mg\/\"},\"wordCount\":353,\"commentCount\":1,\"publisher\":{\"@id\":\"https:\/\/www.estrategiaconcursos.com.br\/blog\/#organization\"},\"image\":{\"@id\":\"https:\/\/www.estrategiaconcursos.com.br\/blog\/projeto-de-lei-suspensao-dos-prazos-dos-concursos-mg\/#primaryimage\"},\"thumbnailUrl\":\"https:\/\/dhg1h5j42swfq.cloudfront.net\/2020\/03\/31180738\/concursos_MG.jpg\",\"articleSection\":[\"Concursos P\u00fablicos\"],\"inLanguage\":\"pt-BR\",\"potentialAction\":[{\"@type\":\"CommentAction\",\"name\":\"Comment\",\"target\":[\"https:\/\/www.estrategiaconcursos.com.br\/blog\/projeto-de-lei-suspensao-dos-prazos-dos-concursos-mg\/#respond\"]}],\"copyrightYear\":\"2020\",\"copyrightHolder\":{\"@id\":\"https:\/\/www.estrategiaconcursos.com.br\/blog\/#organization\"}},{\"@type\":\"WebPage\",\"@id\":\"https:\/\/www.estrategiaconcursos.com.br\/blog\/projeto-de-lei-suspensao-dos-prazos-dos-concursos-mg\/\",\"url\":\"https:\/\/www.estrategiaconcursos.com.br\/blog\/projeto-de-lei-suspensao-dos-prazos-dos-concursos-mg\/\",\"name\":\"Projeto de Lei determina suspens\u00e3o dos prazos dos Concursos MG\",\"isPartOf\":{\"@id\":\"https:\/\/www.estrategiaconcursos.com.br\/blog\/#website\"},\"primaryImageOfPage\":{\"@id\":\"https:\/\/www.estrategiaconcursos.com.br\/blog\/projeto-de-lei-suspensao-dos-prazos-dos-concursos-mg\/#primaryimage\"},\"image\":{\"@id\":\"https:\/\/www.estrategiaconcursos.com.br\/blog\/projeto-de-lei-suspensao-dos-prazos-dos-concursos-mg\/#primaryimage\"},\"thumbnailUrl\":\"https:\/\/dhg1h5j42swfq.cloudfront.net\/2020\/03\/31180738\/concursos_MG.jpg\",\"datePublished\":\"2020-03-31T21:42:43+00:00\",\"dateModified\":\"2020-04-01T17:01:11+00:00\",\"breadcrumb\":{\"@id\":\"https:\/\/www.estrategiaconcursos.com.br\/blog\/projeto-de-lei-suspensao-dos-prazos-dos-concursos-mg\/#breadcrumb\"},\"inLanguage\":\"pt-BR\",\"potentialAction\":[{\"@type\":\"ReadAction\",\"target\":[\"https:\/\/www.estrategiaconcursos.com.br\/blog\/projeto-de-lei-suspensao-dos-prazos-dos-concursos-mg\/\"]}]},{\"@type\":\"ImageObject\",\"inLanguage\":\"pt-BR\",\"@id\":\"https:\/\/www.estrategiaconcursos.com.br\/blog\/projeto-de-lei-suspensao-dos-prazos-dos-concursos-mg\/#primaryimage\",\"url\":\"https:\/\/dhg1h5j42swfq.cloudfront.net\/2020\/03\/31180738\/concursos_MG.jpg\",\"contentUrl\":\"https:\/\/dhg1h5j42swfq.cloudfront.net\/2020\/03\/31180738\/concursos_MG.jpg\",\"width\":1200,\"height\":628,\"caption\":\"concursos minas gerais\"},{\"@type\":\"BreadcrumbList\",\"@id\":\"https:\/\/www.estrategiaconcursos.com.br\/blog\/projeto-de-lei-suspensao-dos-prazos-dos-concursos-mg\/#breadcrumb\",\"itemListElement\":[{\"@type\":\"ListItem\",\"position\":1,\"name\":\"In\u00edcio\",\"item\":\"https:\/\/www.estrategiaconcursos.com.br\/blog\/\"},{\"@type\":\"ListItem\",\"position\":2,\"name\":\"Projeto de Lei determina suspens\u00e3o dos prazos dos Concursos MG\"}]},{\"@type\":\"WebSite\",\"@id\":\"https:\/\/www.estrategiaconcursos.com.br\/blog\/#website\",\"url\":\"https:\/\/www.estrategiaconcursos.com.br\/blog\/\",\"name\":\"Estrat\u00e9gia Concursos\",\"description\":\"O blog da Estrat\u00e9gia Concursos traz not\u00edcias sobre concursos e artigos de professores oferecendo cursos para concursos (pdf + videaulas) no site.\",\"publisher\":{\"@id\":\"https:\/\/www.estrategiaconcursos.com.br\/blog\/#organization\"},\"potentialAction\":[{\"@type\":\"SearchAction\",\"target\":{\"@type\":\"EntryPoint\",\"urlTemplate\":\"https:\/\/www.estrategiaconcursos.com.br\/blog\/?s={search_term_string}\"},\"query-input\":{\"@type\":\"PropertyValueSpecification\",\"valueRequired\":true,\"valueName\":\"search_term_string\"}}],\"inLanguage\":\"pt-BR\"},{\"@type\":\"Organization\",\"@id\":\"https:\/\/www.estrategiaconcursos.com.br\/blog\/#organization\",\"name\":\"Estrat\u00e9gia Concursos\",\"url\":\"https:\/\/www.estrategiaconcursos.com.br\/blog\/\",\"logo\":{\"@type\":\"ImageObject\",\"inLanguage\":\"pt-BR\",\"@id\":\"https:\/\/www.estrategiaconcursos.com.br\/blog\/#\/schema\/logo\/image\/\",\"url\":\"https:\/\/dhg1h5j42swfq.cloudfront.net\/2025\/06\/03203428\/logo_concursos-1.jpg\",\"contentUrl\":\"https:\/\/dhg1h5j42swfq.cloudfront.net\/2025\/06\/03203428\/logo_concursos-1.jpg\",\"width\":230,\"height\":60,\"caption\":\"Estrat\u00e9gia Concursos\"},\"image\":{\"@id\":\"https:\/\/www.estrategiaconcursos.com.br\/blog\/#\/schema\/logo\/image\/\"},\"sameAs\":[\"https:\/\/x.com\/EstratConcursos\"]},{\"@type\":\"Person\",\"@id\":\"https:\/\/www.estrategiaconcursos.com.br\/blog\/#\/schema\/person\/7fbf898fd336f5ce58a961518beff68c\",\"name\":\"Diego Cerqueira Berbert Vasconcelos\",\"image\":{\"@type\":\"ImageObject\",\"inLanguage\":\"pt-BR\",\"@id\":\"https:\/\/secure.gravatar.com\/avatar\/ed2d045a7390980cad1a92d24dcc39d10ef55b88fcb9fb9c047979bf4ddeb1ce?s=96&d=mm&r=g\",\"url\":\"https:\/\/secure.gravatar.com\/avatar\/ed2d045a7390980cad1a92d24dcc39d10ef55b88fcb9fb9c047979bf4ddeb1ce?s=96&d=mm&r=g\",\"contentUrl\":\"https:\/\/secure.gravatar.com\/avatar\/ed2d045a7390980cad1a92d24dcc39d10ef55b88fcb9fb9c047979bf4ddeb1ce?s=96&d=mm&r=g\",\"caption\":\"Diego Cerqueira Berbert Vasconcelos\"},\"url\":\"https:\/\/www.estrategiaconcursos.com.br\/blog\/author\/diegocerqueiraestrategiaconcursos-com-br\/\"}]}<\/script>\n<!-- \/ Yoast SEO Premium plugin. -->","yoast_head_json":{"title":"Projeto de Lei determina suspens\u00e3o dos prazos dos Concursos MG","robots":{"index":"index","follow":"follow","max-snippet":"max-snippet:-1","max-image-preview":"max-image-preview:large","max-video-preview":"max-video-preview:-1"},"canonical":"https:\/\/www.estrategiaconcursos.com.br\/blog\/projeto-de-lei-suspensao-dos-prazos-dos-concursos-mg\/","og_locale":"pt_BR","og_type":"article","og_title":"Projeto de Lei determina suspens\u00e3o dos prazos dos Concursos MG","og_description":"Foi publicado no Di\u00e1rio Oficial da Assembleia Legislativa do Estado de Minas Gerais, o Projeto de Lei n\u00ba 1.739\/2020 que determina a suspens\u00e3o imediata dos prazos relativos aos concursos p\u00fablicos do Estado, em raz\u00e3o da pandemia do COVID-19 (Coronav\u00edrus). Segundo a justificativa dada para o projeto, o objetivo \u00e9 suspender o prazo dos concursos p\u00fablicos, [&hellip;]","og_url":"https:\/\/www.estrategiaconcursos.com.br\/blog\/projeto-de-lei-suspensao-dos-prazos-dos-concursos-mg\/","og_site_name":"Estrat\u00e9gia Concursos","article_published_time":"2020-03-31T21:42:43+00:00","article_modified_time":"2020-04-01T17:01:11+00:00","og_image":[{"width":1200,"height":628,"url":"https:\/\/dhg1h5j42swfq.cloudfront.net\/2020\/03\/31180738\/concursos_MG.jpg","type":"image\/jpeg"}],"author":"Diego Cerqueira Berbert Vasconcelos","twitter_card":"summary_large_image","twitter_creator":"@EstratConcursos","twitter_site":"@EstratConcursos","twitter_misc":{"Escrito por":"Diego Cerqueira Berbert Vasconcelos","Est. tempo de leitura":"2 minutos"},"schema":{"@context":"https:\/\/schema.org","@graph":[{"@type":"NewsArticle","@id":"https:\/\/www.estrategiaconcursos.com.br\/blog\/projeto-de-lei-suspensao-dos-prazos-dos-concursos-mg\/#article","isPartOf":{"@id":"https:\/\/www.estrategiaconcursos.com.br\/blog\/projeto-de-lei-suspensao-dos-prazos-dos-concursos-mg\/"},"author":{"name":"Diego Cerqueira Berbert Vasconcelos","@id":"https:\/\/www.estrategiaconcursos.com.br\/blog\/#\/schema\/person\/7fbf898fd336f5ce58a961518beff68c"},"headline":"Projeto de Lei determina suspens\u00e3o dos prazos dos Concursos MG","datePublished":"2020-03-31T21:42:43+00:00","dateModified":"2020-04-01T17:01:11+00:00","mainEntityOfPage":{"@id":"https:\/\/www.estrategiaconcursos.com.br\/blog\/projeto-de-lei-suspensao-dos-prazos-dos-concursos-mg\/"},"wordCount":353,"commentCount":1,"publisher":{"@id":"https:\/\/www.estrategiaconcursos.com.br\/blog\/#organization"},"image":{"@id":"https:\/\/www.estrategiaconcursos.com.br\/blog\/projeto-de-lei-suspensao-dos-prazos-dos-concursos-mg\/#primaryimage"},"thumbnailUrl":"https:\/\/dhg1h5j42swfq.cloudfront.net\/2020\/03\/31180738\/concursos_MG.jpg","articleSection":["Concursos P\u00fablicos"],"inLanguage":"pt-BR","potentialAction":[{"@type":"CommentAction","name":"Comment","target":["https:\/\/www.estrategiaconcursos.com.br\/blog\/projeto-de-lei-suspensao-dos-prazos-dos-concursos-mg\/#respond"]}],"copyrightYear":"2020","copyrightHolder":{"@id":"https:\/\/www.estrategiaconcursos.com.br\/blog\/#organization"}},{"@type":"WebPage","@id":"https:\/\/www.estrategiaconcursos.com.br\/blog\/projeto-de-lei-suspensao-dos-prazos-dos-concursos-mg\/","url":"https:\/\/www.estrategiaconcursos.com.br\/blog\/projeto-de-lei-suspensao-dos-prazos-dos-concursos-mg\/","name":"Projeto de Lei determina suspens\u00e3o dos prazos dos Concursos MG","isPartOf":{"@id":"https:\/\/www.estrategiaconcursos.com.br\/blog\/#website"},"primaryImageOfPage":{"@id":"https:\/\/www.estrategiaconcursos.com.br\/blog\/projeto-de-lei-suspensao-dos-prazos-dos-concursos-mg\/#primaryimage"},"image":{"@id":"https:\/\/www.estrategiaconcursos.com.br\/blog\/projeto-de-lei-suspensao-dos-prazos-dos-concursos-mg\/#primaryimage"},"thumbnailUrl":"https:\/\/dhg1h5j42swfq.cloudfront.net\/2020\/03\/31180738\/concursos_MG.jpg","datePublished":"2020-03-31T21:42:43+00:00","dateModified":"2020-04-01T17:01:11+00:00","breadcrumb":{"@id":"https:\/\/www.estrategiaconcursos.com.br\/blog\/projeto-de-lei-suspensao-dos-prazos-dos-concursos-mg\/#breadcrumb"},"inLanguage":"pt-BR","potentialAction":[{"@type":"ReadAction","target":["https:\/\/www.estrategiaconcursos.com.br\/blog\/projeto-de-lei-suspensao-dos-prazos-dos-concursos-mg\/"]}]},{"@type":"ImageObject","inLanguage":"pt-BR","@id":"https:\/\/www.estrategiaconcursos.com.br\/blog\/projeto-de-lei-suspensao-dos-prazos-dos-concursos-mg\/#primaryimage","url":"https:\/\/dhg1h5j42swfq.cloudfront.net\/2020\/03\/31180738\/concursos_MG.jpg","contentUrl":"https:\/\/dhg1h5j42swfq.cloudfront.net\/2020\/03\/31180738\/concursos_MG.jpg","width":1200,"height":628,"caption":"concursos minas gerais"},{"@type":"BreadcrumbList","@id":"https:\/\/www.estrategiaconcursos.com.br\/blog\/projeto-de-lei-suspensao-dos-prazos-dos-concursos-mg\/#breadcrumb","itemListElement":[{"@type":"ListItem","position":1,"name":"In\u00edcio","item":"https:\/\/www.estrategiaconcursos.com.br\/blog\/"},{"@type":"ListItem","position":2,"name":"Projeto de Lei determina suspens\u00e3o dos prazos dos Concursos MG"}]},{"@type":"WebSite","@id":"https:\/\/www.estrategiaconcursos.com.br\/blog\/#website","url":"https:\/\/www.estrategiaconcursos.com.br\/blog\/","name":"Estrat\u00e9gia Concursos","description":"O blog da Estrat\u00e9gia Concursos traz not\u00edcias sobre concursos e artigos de professores oferecendo cursos para concursos (pdf + videaulas) no site.","publisher":{"@id":"https:\/\/www.estrategiaconcursos.com.br\/blog\/#organization"},"potentialAction":[{"@type":"SearchAction","target":{"@type":"EntryPoint","urlTemplate":"https:\/\/www.estrategiaconcursos.com.br\/blog\/?s={search_term_string}"},"query-input":{"@type":"PropertyValueSpecification","valueRequired":true,"valueName":"search_term_string"}}],"inLanguage":"pt-BR"},{"@type":"Organization","@id":"https:\/\/www.estrategiaconcursos.com.br\/blog\/#organization","name":"Estrat\u00e9gia Concursos","url":"https:\/\/www.estrategiaconcursos.com.br\/blog\/","logo":{"@type":"ImageObject","inLanguage":"pt-BR","@id":"https:\/\/www.estrategiaconcursos.com.br\/blog\/#\/schema\/logo\/image\/","url":"https:\/\/dhg1h5j42swfq.cloudfront.net\/2025\/06\/03203428\/logo_concursos-1.jpg","contentUrl":"https:\/\/dhg1h5j42swfq.cloudfront.net\/2025\/06\/03203428\/logo_concursos-1.jpg","width":230,"height":60,"caption":"Estrat\u00e9gia Concursos"},"image":{"@id":"https:\/\/www.estrategiaconcursos.com.br\/blog\/#\/schema\/logo\/image\/"},"sameAs":["https:\/\/x.com\/EstratConcursos"]},{"@type":"Person","@id":"https:\/\/www.estrategiaconcursos.com.br\/blog\/#\/schema\/person\/7fbf898fd336f5ce58a961518beff68c","name":"Diego Cerqueira Berbert Vasconcelos","image":{"@type":"ImageObject","inLanguage":"pt-BR","@id":"https:\/\/secure.gravatar.com\/avatar\/ed2d045a7390980cad1a92d24dcc39d10ef55b88fcb9fb9c047979bf4ddeb1ce?s=96&d=mm&r=g","url":"https:\/\/secure.gravatar.com\/avatar\/ed2d045a7390980cad1a92d24dcc39d10ef55b88fcb9fb9c047979bf4ddeb1ce?s=96&d=mm&r=g","contentUrl":"https:\/\/secure.gravatar.com\/avatar\/ed2d045a7390980cad1a92d24dcc39d10ef55b88fcb9fb9c047979bf4ddeb1ce?s=96&d=mm&r=g","caption":"Diego Cerqueira Berbert Vasconcelos"},"url":"https:\/\/www.estrategiaconcursos.com.br\/blog\/author\/diegocerqueiraestrategiaconcursos-com-br\/"}]}},"_links":{"self":[{"href":"https:\/\/www.estrategiaconcursos.com.br\/blog\/wp-json\/wp\/v2\/posts\/498662","targetHints":{"allow":["GET"]}}],"collection":[{"href":"https:\/\/www.estrategiaconcursos.com.br\/blog\/wp-json\/wp\/v2\/posts"}],"about":[{"href":"https:\/\/www.estrategiaconcursos.com.br\/blog\/wp-json\/wp\/v2\/types\/post"}],"author":[{"embeddable":true,"href":"https:\/\/www.estrategiaconcursos.com.br\/blog\/wp-json\/wp\/v2\/users\/260"}],"replies":[{"embeddable":true,"href":"https:\/\/www.estrategiaconcursos.com.br\/blog\/wp-json\/wp\/v2\/comments?post=498662"}],"version-history":[{"count":5,"href":"https:\/\/www.estrategiaconcursos.com.br\/blog\/wp-json\/wp\/v2\/posts\/498662\/revisions"}],"predecessor-version":[{"id":498968,"href":"https:\/\/www.estrategiaconcursos.com.br\/blog\/wp-json\/wp\/v2\/posts\/498662\/revisions\/498968"}],"wp:featuredmedia":[{"embeddable":true,"href":"https:\/\/www.estrategiaconcursos.com.br\/blog\/wp-json\/wp\/v2\/media\/498664"}],"wp:attachment":[{"href":"https:\/\/www.estrategiaconcursos.com.br\/blog\/wp-json\/wp\/v2\/media?parent=498662"}],"wp:term":[{"taxonomy":"category","embeddable":true,"href":"https:\/\/www.estrategiaconcursos.com.br\/blog\/wp-json\/wp\/v2\/categories?post=498662"},{"taxonomy":"post_tag","embeddable":true,"href":"https:\/\/www.estrategiaconcursos.com.br\/blog\/wp-json\/wp\/v2\/tags?post=498662"},{"taxonomy":"tax_estado","embeddable":true,"href":"https:\/\/www.estrategiaconcursos.com.br\/blog\/wp-json\/wp\/v2\/tax_estado?post=498662"}],"curies":[{"name":"wp","href":"https:\/\/api.w.org\/{rel}","templated":true}]}}