{"id":498609,"date":"2020-03-31T16:25:29","date_gmt":"2020-03-31T19:25:29","guid":{"rendered":"https:\/\/www.estrategiaconcursos.com.br\/blog\/?p=498609"},"modified":"2020-03-31T16:32:35","modified_gmt":"2020-03-31T19:32:35","slug":"estrategia-cast-gravacoes-reta-final-tj-rj","status":"publish","type":"post","link":"https:\/\/www.estrategiaconcursos.com.br\/blog\/estrategia-cast-gravacoes-reta-final-tj-rj\/","title":{"rendered":"Estrat\u00e9gia Cast &#8211; Grava\u00e7\u00f5es: RETA FINAL TJ RJ P\u00f3s-edital. N\u00e3o perca!"},"content":{"rendered":"\n<p>As inscri\u00e7\u00f5es para o concurso TJ RJ est\u00e3o encerradas. A sele\u00e7\u00e3o ter\u00e1 prova objetiva e discursiva para os cargos de T\u00e9cnico (N\u00edvel M\u00e9dio) e provas objetiva, discursiva e avalia\u00e7\u00e3o de t\u00edtulos para os cargos de Analista (N\u00edvel Superior).   <\/p>\n\n\n\n<p>Vale lembrar que o Tribunal de Justi\u00e7a do Rio de Janeiro&nbsp;publicou uma retifica\u00e7\u00e3o do edital do certame. Dentre as principais altera\u00e7\u00f5es est\u00e1 o adiamento da data das Provas Objetiva e Discursiva, antes previstas para o dia 07 de junho, e agora os exames acontecer\u00e3o no dia 21 de junho de 2020.   <\/p>\n\n\n\n<p>S\u00e3o ofertadas 160 vagas, sendo 85 para T\u00e9cnico Judici\u00e1rio de n\u00edvel m\u00e9dio e 75 vagas para analista Judici\u00e1rio de n\u00edvel&nbsp; superior.  <\/p>\n\n\n\n<p>Se voc\u00ea est\u00e1 se preparando para este certame n\u00e3o pode perder o \u00e1lbum completo de <strong>18 horas de \u00e1udios<\/strong> que a equipe de professores do Estrat\u00e9gia Concursos est\u00e1 gravando e inserindo no aplicativo Estrat\u00e9gia Cast neste m\u00eas de abril. <\/p>\n\n\n\n<p>Confira a programa\u00e7\u00e3o: <\/p>\n\n\n\n<figure class=\"wp-block-image size-large\"><img loading=\"lazy\" decoding=\"async\" width=\"689\" height=\"511\" src=\"https:\/\/dhg1h5j42swfq.cloudfront.net\/2020\/03\/31161921\/tjrj.PNG.png\" alt=\"\" class=\"wp-image-498621\" srcset=\"https:\/\/dhg1h5j42swfq.cloudfront.net\/2020\/03\/31161921\/tjrj.PNG.png 689w, https:\/\/dhg1h5j42swfq.cloudfront.net\/2020\/03\/31161921\/tjrj.PNG-300x222.png 300w, https:\/\/dhg1h5j42swfq.cloudfront.net\/2020\/03\/31161921\/tjrj.PNG-610x452.png 610w\" sizes=\"auto, (max-width: 689px) 100vw, 689px\" \/><\/figure>\n\n\n\n<h2 class=\"wp-block-heading\">Conhe\u00e7a o&nbsp;<strong>Estrat\u00e9gia Cast<\/strong><\/h2>\n\n\n\n<p>Com o Estrat\u00e9gia Cast voc\u00ea aprende em qualquer lugar, aproveitando todos os intervalos e tempos ociosos do seu dia.<\/p>\n\n\n\n<p>Baixe o aplicativo agora mesmo em seu Smartphone e ou\u00e7a os \u00e1udios em qualquer lugar e a qualquer momento. N\u00e3o deixe para depois, reforce seus estudos agora mesmo!<\/p>\n\n\n\n<figure class=\"wp-block-image is-resized\"><a href=\"https:\/\/apps.apple.com\/br\/app\/estrat%C3%A9gia-cast\/id1479591318\" target=\"_blank\" rel=\"noreferrer noopener\"><img loading=\"lazy\" decoding=\"async\" src=\"https:\/\/s3-sa-east-1.amazonaws.com\/estrategia-blogs-prod\/gratis\/wp-content\/uploads\/2019\/11\/03223609\/22-badge_appstore.png\" alt=\"\" width=\"308\" height=\"103\"\/><\/a><\/figure>\n\n\n\n<figure class=\"wp-block-image is-resized\"><a href=\"https:\/\/play.google.com\/store\/apps\/details?id=br.com.estrategiaaudio&amp;hl=pt_BR\" target=\"_blank\" rel=\"noreferrer noopener\"><img loading=\"lazy\" decoding=\"async\" src=\"https:\/\/s3-sa-east-1.amazonaws.com\/estrategia-blogs-prod\/gratis\/wp-content\/uploads\/2019\/11\/03223618\/android2.png\" alt=\"\" width=\"300\" height=\"89\"\/><\/a><\/figure>\n\n\n\n<p style=\"font-size:22px\" class=\"has-background has-text-align-center has-very-light-gray-background-color\"><strong>Mais informa\u00e7\u00f5es:\u00a0<a href=\"https:\/\/www.estrategiaconcursos.com.br\/blog\/concurso-tj-rj\" target=\"_blank\" rel=\"noreferrer noopener\" aria-label=\"Concurso TJ RJ (abre numa nova aba)\">Concurso TJ RJ<\/a><\/strong><\/p>\n\n\n\n<h2 class=\"has-text-align-center wp-block-heading\" id=\"cursos-assinaturas\"><strong><em>Quer estudar para Concurso TJ RJ?<\/em><\/strong><\/h2>\n\n\n\n<p style=\"font-size:31px\" class=\"has-background has-text-align-center has-luminous-vivid-amber-background-color\"><a href=\"https:\/\/www.estrategiaconcursos.com.br\/cursosPorConcurso\/tj-rj\/\" target=\"_blank\" rel=\"noreferrer noopener\" aria-label=\"Cursos concurso TJ RJ (opens in a new tab)\"><span style=\"text-decoration: underline;\"><strong>CURSO TJ RJ<\/strong><\/span><\/a><\/p>\n\n\n\n<p class=\"has-text-align-center\"><em><strong>Assinatura Anual Ilimitada*<\/strong><\/em><\/p>\n\n\n\n<p><em>Prepare-se com o melhor material e com quem mais aprova em&nbsp;Concursos P\u00fablicos de todo o pa\u00eds. Assine agora a nossa Assinatura Anual e tenha acesso ilimitado a todos os nossos cursos.<\/em><\/p>\n\n\n\n<p class=\"has-background has-text-align-center has-medium-font-size has-light-green-cyan-background-color\"><strong>ASSINE AGORA<\/strong>&nbsp;\u2013&nbsp;<a href=\"https:\/\/www.estrategiaconcursos.com.br\/assinaturas\" target=\"_blank\" rel=\"noreferrer noopener\"><strong>Assinatura Ilimitada<\/strong><\/a><\/p>\n\n\n\n<p class=\"has-text-align-center\"><strong><em>Fique por dentro dos concursos vigentes:<\/em><\/strong><\/p>\n\n\n\n<p style=\"font-size:23px\" class=\"has-background has-text-align-center has-pale-cyan-blue-background-color\"><strong><a href=\"https:\/\/www.estrategiaconcursos.com.br\/blog\/concursos-abertos\/\" target=\"_blank\" rel=\"noreferrer noopener\">CONCURSOS ABERTOS<\/a><\/strong><\/p>\n\n\n\n<p style=\"font-size:23px\" class=\"has-background has-text-align-center has-pale-cyan-blue-background-color\"><strong><a href=\"https:\/\/www.estrategiaconcursos.com.br\/blog\/concursos-2020\/\" target=\"_blank\" rel=\"noreferrer noopener\">CONCURSOS&nbsp;2020<\/a><\/strong><\/p>\n\n\n\n<p style=\"font-size:23px\" class=\"has-background has-text-align-center has-pale-cyan-blue-background-color\"><strong><a rel=\"noreferrer noopener\" aria-label=\"CONCURSOS&nbsp;TRIBUNAIS (abre numa nova aba)\" href=\"https:\/\/www.estrategiaconcursos.com.br\/blog\/concursos-tribunais-2019\/\" target=\"_blank\">CONCURSOS&nbsp;TRIBUNAIS<\/a><\/strong><\/p>\n","protected":false},"excerpt":{"rendered":"<p>As inscri\u00e7\u00f5es para o concurso TJ RJ est\u00e3o encerradas. A sele\u00e7\u00e3o ter\u00e1 prova objetiva e discursiva para os cargos de T\u00e9cnico (N\u00edvel M\u00e9dio) e provas objetiva, discursiva e avalia\u00e7\u00e3o de t\u00edtulos para os cargos de Analista (N\u00edvel Superior). Vale lembrar que o Tribunal de Justi\u00e7a do Rio de Janeiro&nbsp;publicou uma retifica\u00e7\u00e3o do edital do certame. [&hellip;]<\/p>\n","protected":false},"author":317,"featured_media":490192,"comment_status":"open","ping_status":"closed","sticky":false,"template":"","format":"standard","meta":{"post_tipo":"article","footnotes":""},"categories":[1],"tags":[],"tax_estado":[],"class_list":["post-498609","post","type-post","status-publish","format-standard","has-post-thumbnail","hentry","category-cursos-e-concursos"],"acf":[],"yoast_head":"<!-- This site is optimized with the Yoast SEO Premium plugin v27.2 (Yoast SEO v27.2) - https:\/\/yoast.com\/product\/yoast-seo-premium-wordpress\/ -->\n<title>Estrat\u00e9gia Cast - Grava\u00e7\u00f5es: RETA FINAL TJ RJ P\u00f3s-edital. N\u00e3o perca!<\/title>\n<meta name=\"robots\" content=\"index, follow, max-snippet:-1, max-image-preview:large, max-video-preview:-1\" \/>\n<link rel=\"canonical\" href=\"https:\/\/www.estrategiaconcursos.com.br\/blog\/estrategia-cast-gravacoes-reta-final-tj-rj\/\" \/>\n<meta property=\"og:locale\" content=\"pt_BR\" \/>\n<meta property=\"og:type\" content=\"article\" \/>\n<meta property=\"og:title\" content=\"Estrat\u00e9gia Cast - Grava\u00e7\u00f5es: RETA FINAL TJ RJ P\u00f3s-edital. N\u00e3o perca!\" \/>\n<meta property=\"og:description\" content=\"As inscri\u00e7\u00f5es para o concurso TJ RJ est\u00e3o encerradas. A sele\u00e7\u00e3o ter\u00e1 prova objetiva e discursiva para os cargos de T\u00e9cnico (N\u00edvel M\u00e9dio) e provas objetiva, discursiva e avalia\u00e7\u00e3o de t\u00edtulos para os cargos de Analista (N\u00edvel Superior). Vale lembrar que o Tribunal de Justi\u00e7a do Rio de Janeiro&nbsp;publicou uma retifica\u00e7\u00e3o do edital do certame. [&hellip;]\" \/>\n<meta property=\"og:url\" content=\"https:\/\/www.estrategiaconcursos.com.br\/blog\/estrategia-cast-gravacoes-reta-final-tj-rj\/\" \/>\n<meta property=\"og:site_name\" content=\"Estrat\u00e9gia Concursos\" \/>\n<meta property=\"article:author\" content=\"https:\/\/www.facebook.com\/igor.maciel.1420\" \/>\n<meta property=\"article:published_time\" content=\"2020-03-31T19:25:29+00:00\" \/>\n<meta property=\"article:modified_time\" content=\"2020-03-31T19:32:35+00:00\" \/>\n<meta property=\"og:image\" content=\"https:\/\/dhg1h5j42swfq.cloudfront.net\/2020\/03\/09165245\/TJ-RJ1-1.jpg\" \/>\n\t<meta property=\"og:image:width\" content=\"1200\" \/>\n\t<meta property=\"og:image:height\" content=\"628\" \/>\n\t<meta property=\"og:image:type\" content=\"image\/jpeg\" \/>\n<meta name=\"author\" content=\"Igor Maciel\" \/>\n<meta name=\"twitter:card\" content=\"summary_large_image\" \/>\n<meta name=\"twitter:creator\" content=\"@EstratConcursos\" \/>\n<meta name=\"twitter:site\" content=\"@EstratConcursos\" \/>\n<meta name=\"twitter:label1\" content=\"Escrito por\" \/>\n\t<meta name=\"twitter:data1\" content=\"Igor Maciel\" \/>\n\t<meta name=\"twitter:label2\" content=\"Est. tempo de leitura\" \/>\n\t<meta name=\"twitter:data2\" content=\"2 minutos\" \/>\n<script type=\"application\/ld+json\" class=\"yoast-schema-graph\">{\"@context\":\"https:\/\/schema.org\",\"@graph\":[{\"@type\":\"NewsArticle\",\"@id\":\"https:\/\/www.estrategiaconcursos.com.br\/blog\/estrategia-cast-gravacoes-reta-final-tj-rj\/#article\",\"isPartOf\":{\"@id\":\"https:\/\/www.estrategiaconcursos.com.br\/blog\/estrategia-cast-gravacoes-reta-final-tj-rj\/\"},\"author\":{\"name\":\"Igor Maciel\",\"@id\":\"https:\/\/www.estrategiaconcursos.com.br\/blog\/#\/schema\/person\/024d26d5efb06d95dfc04025d7301591\"},\"headline\":\"Estrat\u00e9gia Cast &#8211; Grava\u00e7\u00f5es: RETA FINAL TJ RJ P\u00f3s-edital. N\u00e3o perca!\",\"datePublished\":\"2020-03-31T19:25:29+00:00\",\"dateModified\":\"2020-03-31T19:32:35+00:00\",\"mainEntityOfPage\":{\"@id\":\"https:\/\/www.estrategiaconcursos.com.br\/blog\/estrategia-cast-gravacoes-reta-final-tj-rj\/\"},\"wordCount\":317,\"commentCount\":0,\"publisher\":{\"@id\":\"https:\/\/www.estrategiaconcursos.com.br\/blog\/#organization\"},\"image\":{\"@id\":\"https:\/\/www.estrategiaconcursos.com.br\/blog\/estrategia-cast-gravacoes-reta-final-tj-rj\/#primaryimage\"},\"thumbnailUrl\":\"https:\/\/dhg1h5j42swfq.cloudfront.net\/2020\/03\/09165245\/TJ-RJ1-1.jpg\",\"articleSection\":[\"Concursos P\u00fablicos\"],\"inLanguage\":\"pt-BR\",\"potentialAction\":[{\"@type\":\"CommentAction\",\"name\":\"Comment\",\"target\":[\"https:\/\/www.estrategiaconcursos.com.br\/blog\/estrategia-cast-gravacoes-reta-final-tj-rj\/#respond\"]}],\"copyrightYear\":\"2020\",\"copyrightHolder\":{\"@id\":\"https:\/\/www.estrategiaconcursos.com.br\/blog\/#organization\"}},{\"@type\":\"WebPage\",\"@id\":\"https:\/\/www.estrategiaconcursos.com.br\/blog\/estrategia-cast-gravacoes-reta-final-tj-rj\/\",\"url\":\"https:\/\/www.estrategiaconcursos.com.br\/blog\/estrategia-cast-gravacoes-reta-final-tj-rj\/\",\"name\":\"Estrat\u00e9gia Cast - Grava\u00e7\u00f5es: RETA FINAL TJ RJ P\u00f3s-edital. N\u00e3o perca!\",\"isPartOf\":{\"@id\":\"https:\/\/www.estrategiaconcursos.com.br\/blog\/#website\"},\"primaryImageOfPage\":{\"@id\":\"https:\/\/www.estrategiaconcursos.com.br\/blog\/estrategia-cast-gravacoes-reta-final-tj-rj\/#primaryimage\"},\"image\":{\"@id\":\"https:\/\/www.estrategiaconcursos.com.br\/blog\/estrategia-cast-gravacoes-reta-final-tj-rj\/#primaryimage\"},\"thumbnailUrl\":\"https:\/\/dhg1h5j42swfq.cloudfront.net\/2020\/03\/09165245\/TJ-RJ1-1.jpg\",\"datePublished\":\"2020-03-31T19:25:29+00:00\",\"dateModified\":\"2020-03-31T19:32:35+00:00\",\"breadcrumb\":{\"@id\":\"https:\/\/www.estrategiaconcursos.com.br\/blog\/estrategia-cast-gravacoes-reta-final-tj-rj\/#breadcrumb\"},\"inLanguage\":\"pt-BR\",\"potentialAction\":[{\"@type\":\"ReadAction\",\"target\":[\"https:\/\/www.estrategiaconcursos.com.br\/blog\/estrategia-cast-gravacoes-reta-final-tj-rj\/\"]}]},{\"@type\":\"ImageObject\",\"inLanguage\":\"pt-BR\",\"@id\":\"https:\/\/www.estrategiaconcursos.com.br\/blog\/estrategia-cast-gravacoes-reta-final-tj-rj\/#primaryimage\",\"url\":\"https:\/\/dhg1h5j42swfq.cloudfront.net\/2020\/03\/09165245\/TJ-RJ1-1.jpg\",\"contentUrl\":\"https:\/\/dhg1h5j42swfq.cloudfront.net\/2020\/03\/09165245\/TJ-RJ1-1.jpg\",\"width\":1200,\"height\":628,\"caption\":\"TJ-RJ\"},{\"@type\":\"BreadcrumbList\",\"@id\":\"https:\/\/www.estrategiaconcursos.com.br\/blog\/estrategia-cast-gravacoes-reta-final-tj-rj\/#breadcrumb\",\"itemListElement\":[{\"@type\":\"ListItem\",\"position\":1,\"name\":\"In\u00edcio\",\"item\":\"https:\/\/www.estrategiaconcursos.com.br\/blog\/\"},{\"@type\":\"ListItem\",\"position\":2,\"name\":\"Estrat\u00e9gia Cast &#8211; Grava\u00e7\u00f5es: RETA FINAL TJ RJ P\u00f3s-edital. N\u00e3o perca!\"}]},{\"@type\":\"WebSite\",\"@id\":\"https:\/\/www.estrategiaconcursos.com.br\/blog\/#website\",\"url\":\"https:\/\/www.estrategiaconcursos.com.br\/blog\/\",\"name\":\"Estrat\u00e9gia Concursos\",\"description\":\"O blog da Estrat\u00e9gia Concursos traz not\u00edcias sobre concursos e artigos de professores oferecendo cursos para concursos (pdf + videaulas) no site.\",\"publisher\":{\"@id\":\"https:\/\/www.estrategiaconcursos.com.br\/blog\/#organization\"},\"potentialAction\":[{\"@type\":\"SearchAction\",\"target\":{\"@type\":\"EntryPoint\",\"urlTemplate\":\"https:\/\/www.estrategiaconcursos.com.br\/blog\/?s={search_term_string}\"},\"query-input\":{\"@type\":\"PropertyValueSpecification\",\"valueRequired\":true,\"valueName\":\"search_term_string\"}}],\"inLanguage\":\"pt-BR\"},{\"@type\":\"Organization\",\"@id\":\"https:\/\/www.estrategiaconcursos.com.br\/blog\/#organization\",\"name\":\"Estrat\u00e9gia Concursos\",\"url\":\"https:\/\/www.estrategiaconcursos.com.br\/blog\/\",\"logo\":{\"@type\":\"ImageObject\",\"inLanguage\":\"pt-BR\",\"@id\":\"https:\/\/www.estrategiaconcursos.com.br\/blog\/#\/schema\/logo\/image\/\",\"url\":\"https:\/\/dhg1h5j42swfq.cloudfront.net\/2025\/06\/03203428\/logo_concursos-1.jpg\",\"contentUrl\":\"https:\/\/dhg1h5j42swfq.cloudfront.net\/2025\/06\/03203428\/logo_concursos-1.jpg\",\"width\":230,\"height\":60,\"caption\":\"Estrat\u00e9gia Concursos\"},\"image\":{\"@id\":\"https:\/\/www.estrategiaconcursos.com.br\/blog\/#\/schema\/logo\/image\/\"},\"sameAs\":[\"https:\/\/x.com\/EstratConcursos\"]},{\"@type\":\"Person\",\"@id\":\"https:\/\/www.estrategiaconcursos.com.br\/blog\/#\/schema\/person\/024d26d5efb06d95dfc04025d7301591\",\"name\":\"Igor Maciel\",\"image\":{\"@type\":\"ImageObject\",\"inLanguage\":\"pt-BR\",\"@id\":\"https:\/\/secure.gravatar.com\/avatar\/e983a676af6facf4aebcb2989d49e3bf61b718712d5e7a4b3f355b7fe651bc2f?s=96&d=mm&r=g\",\"url\":\"https:\/\/secure.gravatar.com\/avatar\/e983a676af6facf4aebcb2989d49e3bf61b718712d5e7a4b3f355b7fe651bc2f?s=96&d=mm&r=g\",\"contentUrl\":\"https:\/\/secure.gravatar.com\/avatar\/e983a676af6facf4aebcb2989d49e3bf61b718712d5e7a4b3f355b7fe651bc2f?s=96&d=mm&r=g\",\"caption\":\"Igor Maciel\"},\"description\":\"Graduado na Universidade Federal de Pernambuco, com extens\u00e3o na Universidade de Coimbra\/Portugal. Especialista LLM em Direito Corporativo pelo IBMEC\/RJ. Mestrando em Direito e Pol\u00edticas P\u00fablicas pelo UNICEUB\/DF. Advogado com atua\u00e7\u00e3o profissional centrada no Direito Tribut\u00e1rio e no Direito Administrativo, especialmente na defesa de servidores p\u00fablicos.\",\"sameAs\":[\"http:\/\/www.imaciel.com.br\",\"https:\/\/www.facebook.com\/igor.maciel.1420\"],\"url\":\"https:\/\/www.estrategiaconcursos.com.br\/blog\/author\/contatoimaciel-com-br\/\"}]}<\/script>\n<!-- \/ Yoast SEO Premium plugin. -->","yoast_head_json":{"title":"Estrat\u00e9gia Cast - Grava\u00e7\u00f5es: RETA FINAL TJ RJ P\u00f3s-edital. N\u00e3o perca!","robots":{"index":"index","follow":"follow","max-snippet":"max-snippet:-1","max-image-preview":"max-image-preview:large","max-video-preview":"max-video-preview:-1"},"canonical":"https:\/\/www.estrategiaconcursos.com.br\/blog\/estrategia-cast-gravacoes-reta-final-tj-rj\/","og_locale":"pt_BR","og_type":"article","og_title":"Estrat\u00e9gia Cast - Grava\u00e7\u00f5es: RETA FINAL TJ RJ P\u00f3s-edital. N\u00e3o perca!","og_description":"As inscri\u00e7\u00f5es para o concurso TJ RJ est\u00e3o encerradas. A sele\u00e7\u00e3o ter\u00e1 prova objetiva e discursiva para os cargos de T\u00e9cnico (N\u00edvel M\u00e9dio) e provas objetiva, discursiva e avalia\u00e7\u00e3o de t\u00edtulos para os cargos de Analista (N\u00edvel Superior). Vale lembrar que o Tribunal de Justi\u00e7a do Rio de Janeiro&nbsp;publicou uma retifica\u00e7\u00e3o do edital do certame. [&hellip;]","og_url":"https:\/\/www.estrategiaconcursos.com.br\/blog\/estrategia-cast-gravacoes-reta-final-tj-rj\/","og_site_name":"Estrat\u00e9gia Concursos","article_author":"https:\/\/www.facebook.com\/igor.maciel.1420","article_published_time":"2020-03-31T19:25:29+00:00","article_modified_time":"2020-03-31T19:32:35+00:00","og_image":[{"width":1200,"height":628,"url":"https:\/\/dhg1h5j42swfq.cloudfront.net\/2020\/03\/09165245\/TJ-RJ1-1.jpg","type":"image\/jpeg"}],"author":"Igor Maciel","twitter_card":"summary_large_image","twitter_creator":"@EstratConcursos","twitter_site":"@EstratConcursos","twitter_misc":{"Escrito por":"Igor Maciel","Est. tempo de leitura":"2 minutos"},"schema":{"@context":"https:\/\/schema.org","@graph":[{"@type":"NewsArticle","@id":"https:\/\/www.estrategiaconcursos.com.br\/blog\/estrategia-cast-gravacoes-reta-final-tj-rj\/#article","isPartOf":{"@id":"https:\/\/www.estrategiaconcursos.com.br\/blog\/estrategia-cast-gravacoes-reta-final-tj-rj\/"},"author":{"name":"Igor Maciel","@id":"https:\/\/www.estrategiaconcursos.com.br\/blog\/#\/schema\/person\/024d26d5efb06d95dfc04025d7301591"},"headline":"Estrat\u00e9gia Cast &#8211; Grava\u00e7\u00f5es: RETA FINAL TJ RJ P\u00f3s-edital. N\u00e3o perca!","datePublished":"2020-03-31T19:25:29+00:00","dateModified":"2020-03-31T19:32:35+00:00","mainEntityOfPage":{"@id":"https:\/\/www.estrategiaconcursos.com.br\/blog\/estrategia-cast-gravacoes-reta-final-tj-rj\/"},"wordCount":317,"commentCount":0,"publisher":{"@id":"https:\/\/www.estrategiaconcursos.com.br\/blog\/#organization"},"image":{"@id":"https:\/\/www.estrategiaconcursos.com.br\/blog\/estrategia-cast-gravacoes-reta-final-tj-rj\/#primaryimage"},"thumbnailUrl":"https:\/\/dhg1h5j42swfq.cloudfront.net\/2020\/03\/09165245\/TJ-RJ1-1.jpg","articleSection":["Concursos P\u00fablicos"],"inLanguage":"pt-BR","potentialAction":[{"@type":"CommentAction","name":"Comment","target":["https:\/\/www.estrategiaconcursos.com.br\/blog\/estrategia-cast-gravacoes-reta-final-tj-rj\/#respond"]}],"copyrightYear":"2020","copyrightHolder":{"@id":"https:\/\/www.estrategiaconcursos.com.br\/blog\/#organization"}},{"@type":"WebPage","@id":"https:\/\/www.estrategiaconcursos.com.br\/blog\/estrategia-cast-gravacoes-reta-final-tj-rj\/","url":"https:\/\/www.estrategiaconcursos.com.br\/blog\/estrategia-cast-gravacoes-reta-final-tj-rj\/","name":"Estrat\u00e9gia Cast - Grava\u00e7\u00f5es: RETA FINAL TJ RJ P\u00f3s-edital. N\u00e3o perca!","isPartOf":{"@id":"https:\/\/www.estrategiaconcursos.com.br\/blog\/#website"},"primaryImageOfPage":{"@id":"https:\/\/www.estrategiaconcursos.com.br\/blog\/estrategia-cast-gravacoes-reta-final-tj-rj\/#primaryimage"},"image":{"@id":"https:\/\/www.estrategiaconcursos.com.br\/blog\/estrategia-cast-gravacoes-reta-final-tj-rj\/#primaryimage"},"thumbnailUrl":"https:\/\/dhg1h5j42swfq.cloudfront.net\/2020\/03\/09165245\/TJ-RJ1-1.jpg","datePublished":"2020-03-31T19:25:29+00:00","dateModified":"2020-03-31T19:32:35+00:00","breadcrumb":{"@id":"https:\/\/www.estrategiaconcursos.com.br\/blog\/estrategia-cast-gravacoes-reta-final-tj-rj\/#breadcrumb"},"inLanguage":"pt-BR","potentialAction":[{"@type":"ReadAction","target":["https:\/\/www.estrategiaconcursos.com.br\/blog\/estrategia-cast-gravacoes-reta-final-tj-rj\/"]}]},{"@type":"ImageObject","inLanguage":"pt-BR","@id":"https:\/\/www.estrategiaconcursos.com.br\/blog\/estrategia-cast-gravacoes-reta-final-tj-rj\/#primaryimage","url":"https:\/\/dhg1h5j42swfq.cloudfront.net\/2020\/03\/09165245\/TJ-RJ1-1.jpg","contentUrl":"https:\/\/dhg1h5j42swfq.cloudfront.net\/2020\/03\/09165245\/TJ-RJ1-1.jpg","width":1200,"height":628,"caption":"TJ-RJ"},{"@type":"BreadcrumbList","@id":"https:\/\/www.estrategiaconcursos.com.br\/blog\/estrategia-cast-gravacoes-reta-final-tj-rj\/#breadcrumb","itemListElement":[{"@type":"ListItem","position":1,"name":"In\u00edcio","item":"https:\/\/www.estrategiaconcursos.com.br\/blog\/"},{"@type":"ListItem","position":2,"name":"Estrat\u00e9gia Cast &#8211; Grava\u00e7\u00f5es: RETA FINAL TJ RJ P\u00f3s-edital. N\u00e3o perca!"}]},{"@type":"WebSite","@id":"https:\/\/www.estrategiaconcursos.com.br\/blog\/#website","url":"https:\/\/www.estrategiaconcursos.com.br\/blog\/","name":"Estrat\u00e9gia Concursos","description":"O blog da Estrat\u00e9gia Concursos traz not\u00edcias sobre concursos e artigos de professores oferecendo cursos para concursos (pdf + videaulas) no site.","publisher":{"@id":"https:\/\/www.estrategiaconcursos.com.br\/blog\/#organization"},"potentialAction":[{"@type":"SearchAction","target":{"@type":"EntryPoint","urlTemplate":"https:\/\/www.estrategiaconcursos.com.br\/blog\/?s={search_term_string}"},"query-input":{"@type":"PropertyValueSpecification","valueRequired":true,"valueName":"search_term_string"}}],"inLanguage":"pt-BR"},{"@type":"Organization","@id":"https:\/\/www.estrategiaconcursos.com.br\/blog\/#organization","name":"Estrat\u00e9gia Concursos","url":"https:\/\/www.estrategiaconcursos.com.br\/blog\/","logo":{"@type":"ImageObject","inLanguage":"pt-BR","@id":"https:\/\/www.estrategiaconcursos.com.br\/blog\/#\/schema\/logo\/image\/","url":"https:\/\/dhg1h5j42swfq.cloudfront.net\/2025\/06\/03203428\/logo_concursos-1.jpg","contentUrl":"https:\/\/dhg1h5j42swfq.cloudfront.net\/2025\/06\/03203428\/logo_concursos-1.jpg","width":230,"height":60,"caption":"Estrat\u00e9gia Concursos"},"image":{"@id":"https:\/\/www.estrategiaconcursos.com.br\/blog\/#\/schema\/logo\/image\/"},"sameAs":["https:\/\/x.com\/EstratConcursos"]},{"@type":"Person","@id":"https:\/\/www.estrategiaconcursos.com.br\/blog\/#\/schema\/person\/024d26d5efb06d95dfc04025d7301591","name":"Igor Maciel","image":{"@type":"ImageObject","inLanguage":"pt-BR","@id":"https:\/\/secure.gravatar.com\/avatar\/e983a676af6facf4aebcb2989d49e3bf61b718712d5e7a4b3f355b7fe651bc2f?s=96&d=mm&r=g","url":"https:\/\/secure.gravatar.com\/avatar\/e983a676af6facf4aebcb2989d49e3bf61b718712d5e7a4b3f355b7fe651bc2f?s=96&d=mm&r=g","contentUrl":"https:\/\/secure.gravatar.com\/avatar\/e983a676af6facf4aebcb2989d49e3bf61b718712d5e7a4b3f355b7fe651bc2f?s=96&d=mm&r=g","caption":"Igor Maciel"},"description":"Graduado na Universidade Federal de Pernambuco, com extens\u00e3o na Universidade de Coimbra\/Portugal. Especialista LLM em Direito Corporativo pelo IBMEC\/RJ. Mestrando em Direito e Pol\u00edticas P\u00fablicas pelo UNICEUB\/DF. Advogado com atua\u00e7\u00e3o profissional centrada no Direito Tribut\u00e1rio e no Direito Administrativo, especialmente na defesa de servidores p\u00fablicos.","sameAs":["http:\/\/www.imaciel.com.br","https:\/\/www.facebook.com\/igor.maciel.1420"],"url":"https:\/\/www.estrategiaconcursos.com.br\/blog\/author\/contatoimaciel-com-br\/"}]}},"_links":{"self":[{"href":"https:\/\/www.estrategiaconcursos.com.br\/blog\/wp-json\/wp\/v2\/posts\/498609","targetHints":{"allow":["GET"]}}],"collection":[{"href":"https:\/\/www.estrategiaconcursos.com.br\/blog\/wp-json\/wp\/v2\/posts"}],"about":[{"href":"https:\/\/www.estrategiaconcursos.com.br\/blog\/wp-json\/wp\/v2\/types\/post"}],"author":[{"embeddable":true,"href":"https:\/\/www.estrategiaconcursos.com.br\/blog\/wp-json\/wp\/v2\/users\/317"}],"replies":[{"embeddable":true,"href":"https:\/\/www.estrategiaconcursos.com.br\/blog\/wp-json\/wp\/v2\/comments?post=498609"}],"version-history":[{"count":5,"href":"https:\/\/www.estrategiaconcursos.com.br\/blog\/wp-json\/wp\/v2\/posts\/498609\/revisions"}],"predecessor-version":[{"id":498633,"href":"https:\/\/www.estrategiaconcursos.com.br\/blog\/wp-json\/wp\/v2\/posts\/498609\/revisions\/498633"}],"wp:featuredmedia":[{"embeddable":true,"href":"https:\/\/www.estrategiaconcursos.com.br\/blog\/wp-json\/wp\/v2\/media\/490192"}],"wp:attachment":[{"href":"https:\/\/www.estrategiaconcursos.com.br\/blog\/wp-json\/wp\/v2\/media?parent=498609"}],"wp:term":[{"taxonomy":"category","embeddable":true,"href":"https:\/\/www.estrategiaconcursos.com.br\/blog\/wp-json\/wp\/v2\/categories?post=498609"},{"taxonomy":"post_tag","embeddable":true,"href":"https:\/\/www.estrategiaconcursos.com.br\/blog\/wp-json\/wp\/v2\/tags?post=498609"},{"taxonomy":"tax_estado","embeddable":true,"href":"https:\/\/www.estrategiaconcursos.com.br\/blog\/wp-json\/wp\/v2\/tax_estado?post=498609"}],"curies":[{"name":"wp","href":"https:\/\/api.w.org\/{rel}","templated":true}]}}