{"id":498542,"date":"2020-06-01T08:00:00","date_gmt":"2020-06-01T11:00:00","guid":{"rendered":"https:\/\/www.estrategiaconcursos.com.br\/blog\/?p=498542"},"modified":"2023-06-20T09:40:31","modified_gmt":"2023-06-20T12:40:31","slug":"concurso-prefeitura-de-minacu","status":"publish","type":"post","link":"https:\/\/www.estrategiaconcursos.com.br\/blog\/concurso-prefeitura-de-minacu\/","title":{"rendered":"Concurso Prefeitura de Mina\u00e7u: provas objetivas SUSPENSAS"},"content":{"rendered":"\n<h2 class=\"wp-block-heading\"><em>S\u00e3o ofertadas 124 vagas para diversos cargos<\/em><\/h2>\n\n\n\n<p>Est\u00e3o oficialmente suspensas as provas objetivas do concurso Prefeitura de Mina\u00e7u, localizada no estado de&nbsp;Goi\u00e1s. A decis\u00e3o foi tomada atendendo as medidas de seguran\u00e7a e preven\u00e7\u00e3o do Minist\u00e9rio da Sa\u00fade para enfrentamento do novo Coronav\u00edrus.<\/p>\n\n\n\n<p>Segundo o \u00f3rg\u00e3o, uma nova data para aplica\u00e7\u00e3o dos exames deve ser oportunamente marcada e divulgada. Vale ressaltar que as provas seriam aplicadas no dia 14 de junho de 2020.<\/p>\n\n\n\n<p>Ao todo, o certame oferta <strong>124 vagas<\/strong>&nbsp;de ampla concorr\u00eancia + PCD, al\u00e9m de vagas para forma\u00e7\u00e3o de cadastro de reserva. Os cargos contemplados ter\u00e3o carga de trabalho de 30 a 40 horas semanais, com sal\u00e1rios iniciais que variam de R$ 1.052,27 a R$ 6.211,03.<\/p>\n\n\n\n<p>Voc\u00ea que deseja se preparar para o concurso Prefeitura de Mina\u00e7u chegou ao lugar certo. Neste artigo separamos as principais informa\u00e7\u00f5es sobre o certame.<strong> Confira atrav\u00e9s dos t\u00f3picos abaixo:<\/strong><\/p>\n\n\n\n<ul class=\"wp-block-list\">\n<li><a href=\"#atual\"><em><strong>Atual situa\u00e7\u00e3o<\/strong><\/em><\/a><\/li>\n\n\n\n<li><a href=\"#principais\"><em><strong>Principais datas<\/strong><\/em><\/a><\/li>\n\n\n\n<li><a href=\"#cargos\"><em><strong>Cargos e vagas<\/strong><\/em><\/a><\/li>\n\n\n\n<li><a href=\"#etapas\"><em><strong>Etapas do concurso<\/strong><\/em><\/a><\/li>\n\n\n\n<li><strong><em><a href=\"#cursos\">Assinatura\/cursos<\/a><\/em><\/strong><\/li>\n\n\n\n<li><strong><em><a href=\"#ficha\">Ficha t\u00e9cnica<\/a><\/em><\/strong><\/li>\n<\/ul>\n\n\n\n<h2 class=\"wp-block-heading\" id=\"atual\">Atual situa\u00e7\u00e3o do concurso Prefeitura de Mina\u00e7u <\/h2>\n\n\n\n<p>As provas do concurso Prefeitura de Mina\u00e7u foram temporariamente suspensas, em raz\u00e3o do novo Coronav\u00edrus. Agora, os candidatos devem ficar atentos as novas datas que ser\u00e3o oportunamente marcadas.<\/p>\n\n\n\n<p>Al\u00e9m disso, vale ressaltar que as inscri\u00e7\u00f5es do certame foram encerradas no dia 28 de abril, atrav\u00e9s do site da banca organizadora,<strong> Ganzaroli Assessoria<\/strong>. <\/p>\n\n\n\n<p>Lembrando que os pagamentos referentes aos valores das taxas deveriam ter sido pagos at\u00e9 o dia <strong>29 de abril de 2020<\/strong>. Confira abaixo os respectivos valores: <\/p>\n\n\n\n<ul class=\"wp-block-list\">\n<li><strong>N\u00edvel fundamental<\/strong>:&nbsp;R$ 60,00<\/li>\n\n\n\n<li><strong>N\u00edvel m\u00e9dio<\/strong>: R$ 80,00 a R$ 100<\/li>\n\n\n\n<li><strong>N\u00edvel superior:<\/strong> R$ 120,00<\/li>\n<\/ul>\n\n\n\n<h3 class=\"wp-block-heading\" id=\"principais\">Principais datas:<\/h3>\n\n\n\n<p class=\"has-very-light-gray-background-color has-background\"><strong>Inscri\u00e7\u00f5es<\/strong>: <s>08\/04 a 28\/04\/2020<\/s><br \/><strong>Prazo final para pagamento da taxa:<\/strong> <s>29\/04\/2020<\/s><br \/><strong>Provas<\/strong>: <s>14\/06\/2020<\/s> SUSPENSAS<\/p>\n\n\n\n<h2 class=\"wp-block-heading\" id=\"cargos\">Cargos e vagas do concurso Prefeitura de Mina\u00e7u<\/h2>\n\n\n\n<p>Confira abaixo a distribui\u00e7\u00e3o das vagas ofertadas no concurso Prefeitura de Mina\u00e7u conforme o seus respectivos n\u00edveis de es escolaridade: <\/p>\n\n\n\n<p style=\"font-size:clamp(14.642px, 0.915rem + ((1vw - 3.2px) * 0.721), 22px);px\"><strong>N\u00edvel fundamental<\/strong> <\/p>\n\n\n\n<ul class=\"wp-block-list\">\n<li>Auxiliar de Servi\u00e7os Gerais (32)<\/li>\n\n\n\n<li>Eletricista (2)<\/li>\n\n\n\n<li>Motorista de Ve\u00edculos Leves (5)<\/li>\n\n\n\n<li>Motorista de Ve\u00edculos Pesados (3)<\/li>\n\n\n\n<li>Operador de M\u00e1quinas Pesadas (1) <\/li>\n\n\n\n<li>Operador de Trator Agr\u00edcola (1)<\/li>\n<\/ul>\n\n\n\n<p style=\"font-size:clamp(14.642px, 0.915rem + ((1vw - 3.2px) * 0.721), 22px);px\"><strong>N\u00edvel m\u00e9dio e t\u00e9cnico<\/strong> <\/p>\n\n\n\n<ul class=\"wp-block-list\">\n<li>Agente Administrativo (9)<\/li>\n\n\n\n<li>Analista T\u00e9cnico de Sistema (2)<\/li>\n\n\n\n<li>Assistente de Compras (1)<\/li>\n\n\n\n<li>Auxiliar Administrativo (14)<\/li>\n\n\n\n<li>Auxiliar de Biblioteca (1)<\/li>\n\n\n\n<li>Auxiliar de Cirurgi\u00e3o Dentista (2)<\/li>\n\n\n\n<li>Auxiliar de Desenvolvimento Infantil (21)<\/li>\n\n\n\n<li>Executor Administrativo Escolar (5)<\/li>\n\n\n\n<li>Fiscal de Obras (1)<\/li>\n\n\n\n<li>Fiscal de Servi\u00e7os Urbanos (2)<\/li>\n\n\n\n<li>Fiscal de Tributos (2)<\/li>\n\n\n\n<li>Fiscal de Vigil\u00e2ncia Sanit\u00e1ria (2)<\/li>\n\n\n\n<li>Fiscal Urbano e Ambiental (1)<\/li>\n\n\n\n<li>T\u00e9cnico Agr\u00edcola (1)<\/li>\n\n\n\n<li>T\u00e9cnico Agropecu\u00e1rio (1)<\/li>\n\n\n\n<li>T\u00e9cnico Ambiental (1)<\/li>\n\n\n\n<li>T\u00e9cnico em Higiene Dental (1) <\/li>\n\n\n\n<li>Top\u00f3grafo (1)<\/li>\n<\/ul>\n\n\n\n<p style=\"font-size:clamp(14.642px, 0.915rem + ((1vw - 3.2px) * 0.721), 22px);px\"><strong>N\u00edvel superior<\/strong> <\/p>\n\n\n\n<ul class=\"wp-block-list\">\n<li>Arquiteto (1)<\/li>\n\n\n\n<li>Assistente Social (1)<\/li>\n\n\n\n<li>Bibliotec\u00e1rio (1)<\/li>\n\n\n\n<li>Bi\u00f3logo (1)<\/li>\n\n\n\n<li>Engenheiro Florestal (1)<\/li>\n\n\n\n<li>Fonoaudi\u00f3logo (1)<\/li>\n\n\n\n<li>M\u00e9dico Veterin\u00e1rio (1)<\/li>\n\n\n\n<li>Nutricionista (2)<\/li>\n\n\n\n<li>Psic\u00f3logo (3)<\/li>\n<\/ul>\n\n\n\n<h2 class=\"wp-block-heading\" id=\"etapas\">Etapas do concurso Prefeitura de Mina\u00e7u<\/h2>\n\n\n\n<p>O concurso da Prefeitura de Mina\u00e7u ser\u00e1 realizado atrav\u00e9s de uma \u00fanica etapa composta por prova objetiva de eliminat\u00f3ria e classificat\u00f3rio. A  dura\u00e7\u00e3o ser\u00e1 de tr\u00eas horas para todos os cargos. <\/p>\n\n\n\n<p>A organiza\u00e7\u00e3o e estrutura das provas objetivas, seu detalhamento, n\u00famero de quest\u00f5es por \u00e1rea de conhecimento, valor das quest\u00f5es e pontua\u00e7\u00e3o obedecer\u00e3o ao seguinte:<\/p>\n\n\n\n<figure class=\"wp-block-image aligncenter size-large is-resized\"><img loading=\"lazy\" decoding=\"async\" src=\"https:\/\/dhg1h5j42swfq.cloudfront.net\/2020\/03\/31143623\/image-363.png\" alt=\"\" class=\"wp-image-498555\" width=\"674\" height=\"400\" srcset=\"https:\/\/dhg1h5j42swfq.cloudfront.net\/2020\/03\/31143623\/image-363.png 710w, https:\/\/dhg1h5j42swfq.cloudfront.net\/2020\/03\/31143623\/image-363-300x178.png 300w, https:\/\/dhg1h5j42swfq.cloudfront.net\/2020\/03\/31143623\/image-363-610x363.png 610w\" sizes=\"auto, (max-width: 674px) 100vw, 674px\" \/><\/figure>\n\n\n\n<figure class=\"wp-block-image aligncenter size-large is-resized\"><img loading=\"lazy\" decoding=\"async\" src=\"https:\/\/dhg1h5j42swfq.cloudfront.net\/2020\/03\/31143707\/image-364.png\" alt=\"\" class=\"wp-image-498556\" width=\"693\" height=\"177\" srcset=\"https:\/\/dhg1h5j42swfq.cloudfront.net\/2020\/03\/31143707\/image-364.png 705w, https:\/\/dhg1h5j42swfq.cloudfront.net\/2020\/03\/31143707\/image-364-300x77.png 300w, https:\/\/dhg1h5j42swfq.cloudfront.net\/2020\/03\/31143707\/image-364-610x157.png 610w\" sizes=\"auto, (max-width: 693px) 100vw, 693px\" \/><\/figure>\n\n\n\n<p>O prazo de validade do concurso p\u00fablico ser\u00e1 de dois anos, prorrog\u00e1vel por uma \u00fanica vez e por igual per\u00edodo, a crit\u00e9rio do Munic\u00edpio, a contar da data de homologa\u00e7\u00e3o dos resultados finais, mediante ato do Poder Executivo. <\/p>\n\n\n\n<h2 class=\"wp-block-heading\">Edital Estrat\u00e9gico: baixe gratuitamente<\/h2>\n\n\n\n<p class=\"has-text-align-center has-very-light-gray-background-color has-background\" style=\"font-size:clamp(14.642px, 0.915rem + ((1vw - 3.2px) * 0.721), 22px);px\"><strong><a href=\"https:\/\/drive.google.com\/file\/d\/1zrpo4_IFc3Zcj321EAAly_RTBaYSd-dP\/view?usp=sharing\" target=\"_blank\" rel=\"noreferrer noopener\" aria-label=\"Fiscal de Tributos (abre numa nova aba)\">Fiscal de Tributos<\/a><\/strong><\/p>\n\n\n\n<p class=\"has-text-align-center has-very-light-gray-background-color has-background\" style=\"font-size:clamp(14.642px, 0.915rem + ((1vw - 3.2px) * 0.721), 22px);px\"><a rel=\"noreferrer noopener\" aria-label=\"Fiscal de Obras&nbsp; (abre numa nova aba)\" href=\"https:\/\/drive.google.com\/file\/d\/18p4BpNYSFcuwCpVD1bBQFV_FG2ylkisX\/view?usp=sharing\" target=\"_blank\"><strong>Fiscal de Obras<\/strong><\/a><\/p>\n\n\n\n<p class=\"has-text-align-center has-very-light-gray-background-color has-background\" style=\"font-size:clamp(14.642px, 0.915rem + ((1vw - 3.2px) * 0.721), 22px);px\"><strong><a href=\"https:\/\/drive.google.com\/file\/d\/1ve1UsTMZtJVqjjtG-GtbkEtwSdifi6nd\/view?usp=sharing\" target=\"_blank\" rel=\"noreferrer noopener\" aria-label=\"Auxiliar Administrativo (abre numa nova aba)\">Auxiliar Administrativo<\/a><\/strong><\/p>\n\n\n\n<p class=\"has-text-align-center has-very-light-gray-background-color has-background\" style=\"font-size:clamp(14.642px, 0.915rem + ((1vw - 3.2px) * 0.721), 22px);px\"><strong><a href=\"https:\/\/drive.google.com\/file\/d\/1UBMqC5yntsp6YKj_zFTw5Hg8yqkEeJ7C\/view?usp=sharing\" target=\"_blank\" rel=\"noreferrer noopener\">Assistente de Compras<\/a><\/strong><\/p>\n\n\n\n<p class=\"has-text-align-center has-very-light-gray-background-color has-background\" style=\"font-size:clamp(14.642px, 0.915rem + ((1vw - 3.2px) * 0.721), 22px);px\"><strong><a href=\"https:\/\/drive.google.com\/file\/d\/1oyZvlDgwjqguojSlURNydhXLKrG_qUhe\/view?usp=sharing\" target=\"_blank\" rel=\"noreferrer noopener\" aria-label=\"Agente Administrativo (abre numa nova aba)\">Agente Administrativo<\/a><\/strong><\/p>\n\n\n\n<h2 class=\"wp-block-heading has-text-align-center\" id=\"cursos\">Quer se preparar para o concurso Prefeitura de Mina\u00e7u?<\/h2>\n\n\n\n<p class=\"has-text-align-center has-luminous-vivid-amber-background-color has-background\" style=\"font-size:clamp(14.642px, 0.915rem + ((1vw - 3.2px) * 0.721), 22px);px\"><strong><a href=\"https:\/\/www.estrategiaconcursos.com.br\/cursos\/concurso\/\" target=\"_blank\" rel=\"noreferrer noopener\" aria-label=\"Curso para concurso (abre numa nova aba)\">Curso para concurso<\/a><\/strong><\/p>\n\n\n\n<p class=\"has-text-align-center\"><em><strong>Assinatura Anual Ilimitada*<\/strong><\/em><\/p>\n\n\n\n<p class=\"has-text-align-center\"><em>Prepare-se com o melhor material e com quem mais aprova em Concursos P\u00fablicos em todo o pa\u00eds. Assine agora a nossa Assinatura Anual e tenha acesso ilimitado a todos os nossos cursos.<\/em><\/p>\n\n\n\n<p class=\"has-text-align-center has-light-green-cyan-background-color has-background\"><strong>ASSINE AGORA&nbsp;\u2013&nbsp;<\/strong><a rel=\"noreferrer noopener\" href=\"https:\/\/www.estrategiaconcursos.com.br\/assinaturas\" target=\"_blank\"><strong>Assinatura Ilimitada<\/strong><\/a><\/p>\n\n\n\n<p class=\"has-text-align-center\"><em><strong>Fique por dentro de todos os concursos<\/strong><\/em>:<\/p>\n\n\n\n<p class=\"has-text-align-center has-pale-cyan-blue-background-color has-background\" style=\"font-size:clamp(14.642px, 0.915rem + ((1vw - 3.2px) * 0.721), 22px);px\"><a href=\"https:\/\/www.estrategiaconcursos.com.br\/blog\/concursos-abertos\/\" target=\"_blank\" rel=\"noreferrer noopener\"><strong>Concursos abertos<\/strong><\/a><\/p>\n\n\n\n<figure class=\"wp-block-image\"><img loading=\"lazy\" decoding=\"async\" width=\"300\" height=\"102\" src=\"https:\/\/dhg1h5j42swfq.cloudfront.net\/2019\/05\/29143052\/coruja-ficha-tecnica-300x1025.png\" alt=\"Ficha T\u00e9cnica concurso Prefeitura de Mina\u00e7u\" class=\"wp-image-380136\"\/><\/figure>\n\n\n\n<h3 class=\"wp-block-heading\" id=\"ficha\"><strong>Informa\u00e7\u00f5es do concurso <\/strong>Prefeitura de Mina\u00e7u-GO<\/h3>\n\n\n\n<p>\u25ba<strong>Prova:&nbsp;<\/strong>Suspensa<br \/>\u25ba<strong>Vagas<\/strong>: 124<br \/>\u25ba<strong>Cargos<\/strong>: diversos<br \/>\u25ba<strong>Escolaridade<\/strong>: N\u00edvel fundamental, m\u00e9dio e superior <br \/>\u25ba<strong>Edital<\/strong>: <a rel=\"noreferrer noopener\" aria-label=\"Prefeitura de Mina\u00e7u (abre numa nova aba)\" href=\"https:\/\/dhg1h5j42swfq.cloudfront.net\/2020\/03\/31144535\/edital-concurso-minacu-go-2020.pdf\" target=\"_blank\">Prefeitura de Mina\u00e7u<\/a><\/p>\n","protected":false},"excerpt":{"rendered":"<p>S\u00e3o ofertadas 124 vagas para diversos cargos Est\u00e3o oficialmente suspensas as provas objetivas do concurso Prefeitura de Mina\u00e7u, localizada no estado de&nbsp;Goi\u00e1s. A decis\u00e3o foi tomada atendendo as medidas de seguran\u00e7a e preven\u00e7\u00e3o do Minist\u00e9rio da Sa\u00fade para enfrentamento do novo Coronav\u00edrus. Segundo o \u00f3rg\u00e3o, uma nova data para aplica\u00e7\u00e3o dos exames deve ser oportunamente [&hellip;]<\/p>\n","protected":false},"author":1,"featured_media":521977,"comment_status":"open","ping_status":"closed","sticky":false,"template":"","format":"standard","meta":{"post_tipo":"news","footnotes":""},"categories":[1],"tags":[],"tax_estado":[],"class_list":["post-498542","post","type-post","status-publish","format-standard","has-post-thumbnail","hentry","category-cursos-e-concursos"],"acf":[],"yoast_head":"<!-- This site is optimized with the Yoast SEO Premium plugin v27.2 (Yoast SEO v27.2) - https:\/\/yoast.com\/product\/yoast-seo-premium-wordpress\/ -->\n<title>Concurso Prefeitura de Mina\u00e7u: provas objetivas SUSPENSAS<\/title>\n<meta name=\"description\" content=\"Concurso Prefeitura de Mina\u00e7u: Provas est\u00e3o temporariamente suspensas, em raz\u00e3o da COVID-19. S\u00e3o ofertadas 124 vagas para diversos cargos.\" \/>\n<meta name=\"robots\" content=\"index, follow, max-snippet:-1, max-image-preview:large, max-video-preview:-1\" \/>\n<link rel=\"canonical\" href=\"https:\/\/www.estrategiaconcursos.com.br\/blog\/concurso-prefeitura-de-minacu\/\" \/>\n<meta property=\"og:locale\" content=\"pt_BR\" \/>\n<meta property=\"og:type\" content=\"article\" \/>\n<meta property=\"og:title\" content=\"Concurso Prefeitura de Mina\u00e7u: provas objetivas SUSPENSAS\" \/>\n<meta property=\"og:description\" content=\"Concurso Prefeitura de Mina\u00e7u: Provas est\u00e3o temporariamente suspensas, em raz\u00e3o da COVID-19. S\u00e3o ofertadas 124 vagas para diversos cargos.\" \/>\n<meta property=\"og:url\" content=\"https:\/\/www.estrategiaconcursos.com.br\/blog\/concurso-prefeitura-de-minacu\/\" \/>\n<meta property=\"og:site_name\" content=\"Estrat\u00e9gia Concursos\" \/>\n<meta property=\"article:author\" content=\"https:\/\/www.facebook.com\/EstrategiaConcursos\" \/>\n<meta property=\"article:published_time\" content=\"2020-06-01T11:00:00+00:00\" \/>\n<meta property=\"article:modified_time\" content=\"2023-06-20T12:40:31+00:00\" \/>\n<meta property=\"og:image\" content=\"https:\/\/dhg1h5j42swfq.cloudfront.net\/2020\/06\/03122945\/Prefeitura_de_Mina%C3%A7u-GO.jpg\" \/>\n\t<meta property=\"og:image:width\" content=\"1200\" \/>\n\t<meta property=\"og:image:height\" content=\"628\" \/>\n\t<meta property=\"og:image:type\" content=\"image\/jpeg\" \/>\n<meta name=\"author\" content=\"Coordena\u00e7\u00e3o\" \/>\n<meta name=\"twitter:card\" content=\"summary_large_image\" \/>\n<meta name=\"twitter:creator\" content=\"@EstratConcursos\" \/>\n<meta name=\"twitter:site\" content=\"@EstratConcursos\" \/>\n<meta name=\"twitter:label1\" content=\"Escrito por\" \/>\n\t<meta name=\"twitter:data1\" content=\"Coordena\u00e7\u00e3o\" \/>\n\t<meta name=\"twitter:label2\" content=\"Est. tempo de leitura\" \/>\n\t<meta name=\"twitter:data2\" content=\"3 minutos\" \/>\n<script type=\"application\/ld+json\" class=\"yoast-schema-graph\">{\"@context\":\"https:\/\/schema.org\",\"@graph\":[{\"@type\":\"NewsArticle\",\"@id\":\"https:\/\/www.estrategiaconcursos.com.br\/blog\/concurso-prefeitura-de-minacu\/#article\",\"isPartOf\":{\"@id\":\"https:\/\/www.estrategiaconcursos.com.br\/blog\/concurso-prefeitura-de-minacu\/\"},\"author\":{\"name\":\"Coordena\u00e7\u00e3o\",\"@id\":\"https:\/\/www.estrategiaconcursos.com.br\/blog\/#\/schema\/person\/b4a388c97673c5f483d72185668afa1f\"},\"headline\":\"Concurso Prefeitura de Mina\u00e7u: provas objetivas SUSPENSAS\",\"datePublished\":\"2020-06-01T11:00:00+00:00\",\"dateModified\":\"2023-06-20T12:40:31+00:00\",\"mainEntityOfPage\":{\"@id\":\"https:\/\/www.estrategiaconcursos.com.br\/blog\/concurso-prefeitura-de-minacu\/\"},\"wordCount\":688,\"commentCount\":1,\"publisher\":{\"@id\":\"https:\/\/www.estrategiaconcursos.com.br\/blog\/#organization\"},\"image\":{\"@id\":\"https:\/\/www.estrategiaconcursos.com.br\/blog\/concurso-prefeitura-de-minacu\/#primaryimage\"},\"thumbnailUrl\":\"https:\/\/dhg1h5j42swfq.cloudfront.net\/2020\/06\/03122945\/Prefeitura_de_Mina%C3%A7u-GO.jpg\",\"articleSection\":[\"Concursos P\u00fablicos\"],\"inLanguage\":\"pt-BR\",\"potentialAction\":[{\"@type\":\"CommentAction\",\"name\":\"Comment\",\"target\":[\"https:\/\/www.estrategiaconcursos.com.br\/blog\/concurso-prefeitura-de-minacu\/#respond\"]}],\"copyrightYear\":\"2020\",\"copyrightHolder\":{\"@id\":\"https:\/\/www.estrategiaconcursos.com.br\/blog\/#organization\"}},{\"@type\":\"WebPage\",\"@id\":\"https:\/\/www.estrategiaconcursos.com.br\/blog\/concurso-prefeitura-de-minacu\/\",\"url\":\"https:\/\/www.estrategiaconcursos.com.br\/blog\/concurso-prefeitura-de-minacu\/\",\"name\":\"Concurso Prefeitura de Mina\u00e7u: provas objetivas SUSPENSAS\",\"isPartOf\":{\"@id\":\"https:\/\/www.estrategiaconcursos.com.br\/blog\/#website\"},\"primaryImageOfPage\":{\"@id\":\"https:\/\/www.estrategiaconcursos.com.br\/blog\/concurso-prefeitura-de-minacu\/#primaryimage\"},\"image\":{\"@id\":\"https:\/\/www.estrategiaconcursos.com.br\/blog\/concurso-prefeitura-de-minacu\/#primaryimage\"},\"thumbnailUrl\":\"https:\/\/dhg1h5j42swfq.cloudfront.net\/2020\/06\/03122945\/Prefeitura_de_Mina%C3%A7u-GO.jpg\",\"datePublished\":\"2020-06-01T11:00:00+00:00\",\"dateModified\":\"2023-06-20T12:40:31+00:00\",\"description\":\"Concurso Prefeitura de Mina\u00e7u: Provas est\u00e3o temporariamente suspensas, em raz\u00e3o da COVID-19. S\u00e3o ofertadas 124 vagas para diversos cargos.\",\"breadcrumb\":{\"@id\":\"https:\/\/www.estrategiaconcursos.com.br\/blog\/concurso-prefeitura-de-minacu\/#breadcrumb\"},\"inLanguage\":\"pt-BR\",\"potentialAction\":[{\"@type\":\"ReadAction\",\"target\":[\"https:\/\/www.estrategiaconcursos.com.br\/blog\/concurso-prefeitura-de-minacu\/\"]}]},{\"@type\":\"ImageObject\",\"inLanguage\":\"pt-BR\",\"@id\":\"https:\/\/www.estrategiaconcursos.com.br\/blog\/concurso-prefeitura-de-minacu\/#primaryimage\",\"url\":\"https:\/\/dhg1h5j42swfq.cloudfront.net\/2020\/06\/03122945\/Prefeitura_de_Mina%C3%A7u-GO.jpg\",\"contentUrl\":\"https:\/\/dhg1h5j42swfq.cloudfront.net\/2020\/06\/03122945\/Prefeitura_de_Mina%C3%A7u-GO.jpg\",\"width\":1200,\"height\":628},{\"@type\":\"BreadcrumbList\",\"@id\":\"https:\/\/www.estrategiaconcursos.com.br\/blog\/concurso-prefeitura-de-minacu\/#breadcrumb\",\"itemListElement\":[{\"@type\":\"ListItem\",\"position\":1,\"name\":\"In\u00edcio\",\"item\":\"https:\/\/www.estrategiaconcursos.com.br\/blog\/\"},{\"@type\":\"ListItem\",\"position\":2,\"name\":\"Concurso Prefeitura de Mina\u00e7u: provas objetivas SUSPENSAS\"}]},{\"@type\":\"WebSite\",\"@id\":\"https:\/\/www.estrategiaconcursos.com.br\/blog\/#website\",\"url\":\"https:\/\/www.estrategiaconcursos.com.br\/blog\/\",\"name\":\"Estrat\u00e9gia Concursos\",\"description\":\"O blog da Estrat\u00e9gia Concursos traz not\u00edcias sobre concursos e artigos de professores oferecendo cursos para concursos (pdf + videaulas) no site.\",\"publisher\":{\"@id\":\"https:\/\/www.estrategiaconcursos.com.br\/blog\/#organization\"},\"potentialAction\":[{\"@type\":\"SearchAction\",\"target\":{\"@type\":\"EntryPoint\",\"urlTemplate\":\"https:\/\/www.estrategiaconcursos.com.br\/blog\/?s={search_term_string}\"},\"query-input\":{\"@type\":\"PropertyValueSpecification\",\"valueRequired\":true,\"valueName\":\"search_term_string\"}}],\"inLanguage\":\"pt-BR\"},{\"@type\":\"Organization\",\"@id\":\"https:\/\/www.estrategiaconcursos.com.br\/blog\/#organization\",\"name\":\"Estrat\u00e9gia Concursos\",\"url\":\"https:\/\/www.estrategiaconcursos.com.br\/blog\/\",\"logo\":{\"@type\":\"ImageObject\",\"inLanguage\":\"pt-BR\",\"@id\":\"https:\/\/www.estrategiaconcursos.com.br\/blog\/#\/schema\/logo\/image\/\",\"url\":\"https:\/\/dhg1h5j42swfq.cloudfront.net\/2025\/06\/03203428\/logo_concursos-1.jpg\",\"contentUrl\":\"https:\/\/dhg1h5j42swfq.cloudfront.net\/2025\/06\/03203428\/logo_concursos-1.jpg\",\"width\":230,\"height\":60,\"caption\":\"Estrat\u00e9gia Concursos\"},\"image\":{\"@id\":\"https:\/\/www.estrategiaconcursos.com.br\/blog\/#\/schema\/logo\/image\/\"},\"sameAs\":[\"https:\/\/x.com\/EstratConcursos\"]},{\"@type\":\"Person\",\"@id\":\"https:\/\/www.estrategiaconcursos.com.br\/blog\/#\/schema\/person\/b4a388c97673c5f483d72185668afa1f\",\"name\":\"Coordena\u00e7\u00e3o\",\"image\":{\"@type\":\"ImageObject\",\"inLanguage\":\"pt-BR\",\"@id\":\"https:\/\/secure.gravatar.com\/avatar\/b720319e4c9a967eb58678d110f4fe35452fc5d5f97b202bac7b8acceb18c6ad?s=96&d=mm&r=g\",\"url\":\"https:\/\/secure.gravatar.com\/avatar\/b720319e4c9a967eb58678d110f4fe35452fc5d5f97b202bac7b8acceb18c6ad?s=96&d=mm&r=g\",\"contentUrl\":\"https:\/\/secure.gravatar.com\/avatar\/b720319e4c9a967eb58678d110f4fe35452fc5d5f97b202bac7b8acceb18c6ad?s=96&d=mm&r=g\",\"caption\":\"Coordena\u00e7\u00e3o\"},\"sameAs\":[\"https:\/\/www.facebook.com\/EstrategiaConcursos\",\"https:\/\/x.com\/EstratConcursos\"],\"url\":\"https:\/\/www.estrategiaconcursos.com.br\/blog\/author\/estrategia2013\/\"}]}<\/script>\n<!-- \/ Yoast SEO Premium plugin. -->","yoast_head_json":{"title":"Concurso Prefeitura de Mina\u00e7u: provas objetivas SUSPENSAS","description":"Concurso Prefeitura de Mina\u00e7u: Provas est\u00e3o temporariamente suspensas, em raz\u00e3o da COVID-19. S\u00e3o ofertadas 124 vagas para diversos cargos.","robots":{"index":"index","follow":"follow","max-snippet":"max-snippet:-1","max-image-preview":"max-image-preview:large","max-video-preview":"max-video-preview:-1"},"canonical":"https:\/\/www.estrategiaconcursos.com.br\/blog\/concurso-prefeitura-de-minacu\/","og_locale":"pt_BR","og_type":"article","og_title":"Concurso Prefeitura de Mina\u00e7u: provas objetivas SUSPENSAS","og_description":"Concurso Prefeitura de Mina\u00e7u: Provas est\u00e3o temporariamente suspensas, em raz\u00e3o da COVID-19. S\u00e3o ofertadas 124 vagas para diversos cargos.","og_url":"https:\/\/www.estrategiaconcursos.com.br\/blog\/concurso-prefeitura-de-minacu\/","og_site_name":"Estrat\u00e9gia Concursos","article_author":"https:\/\/www.facebook.com\/EstrategiaConcursos","article_published_time":"2020-06-01T11:00:00+00:00","article_modified_time":"2023-06-20T12:40:31+00:00","og_image":[{"width":1200,"height":628,"url":"https:\/\/dhg1h5j42swfq.cloudfront.net\/2020\/06\/03122945\/Prefeitura_de_Mina%C3%A7u-GO.jpg","type":"image\/jpeg"}],"author":"Coordena\u00e7\u00e3o","twitter_card":"summary_large_image","twitter_creator":"@EstratConcursos","twitter_site":"@EstratConcursos","twitter_misc":{"Escrito por":"Coordena\u00e7\u00e3o","Est. tempo de leitura":"3 minutos"},"schema":{"@context":"https:\/\/schema.org","@graph":[{"@type":"NewsArticle","@id":"https:\/\/www.estrategiaconcursos.com.br\/blog\/concurso-prefeitura-de-minacu\/#article","isPartOf":{"@id":"https:\/\/www.estrategiaconcursos.com.br\/blog\/concurso-prefeitura-de-minacu\/"},"author":{"name":"Coordena\u00e7\u00e3o","@id":"https:\/\/www.estrategiaconcursos.com.br\/blog\/#\/schema\/person\/b4a388c97673c5f483d72185668afa1f"},"headline":"Concurso Prefeitura de Mina\u00e7u: provas objetivas SUSPENSAS","datePublished":"2020-06-01T11:00:00+00:00","dateModified":"2023-06-20T12:40:31+00:00","mainEntityOfPage":{"@id":"https:\/\/www.estrategiaconcursos.com.br\/blog\/concurso-prefeitura-de-minacu\/"},"wordCount":688,"commentCount":1,"publisher":{"@id":"https:\/\/www.estrategiaconcursos.com.br\/blog\/#organization"},"image":{"@id":"https:\/\/www.estrategiaconcursos.com.br\/blog\/concurso-prefeitura-de-minacu\/#primaryimage"},"thumbnailUrl":"https:\/\/dhg1h5j42swfq.cloudfront.net\/2020\/06\/03122945\/Prefeitura_de_Mina%C3%A7u-GO.jpg","articleSection":["Concursos P\u00fablicos"],"inLanguage":"pt-BR","potentialAction":[{"@type":"CommentAction","name":"Comment","target":["https:\/\/www.estrategiaconcursos.com.br\/blog\/concurso-prefeitura-de-minacu\/#respond"]}],"copyrightYear":"2020","copyrightHolder":{"@id":"https:\/\/www.estrategiaconcursos.com.br\/blog\/#organization"}},{"@type":"WebPage","@id":"https:\/\/www.estrategiaconcursos.com.br\/blog\/concurso-prefeitura-de-minacu\/","url":"https:\/\/www.estrategiaconcursos.com.br\/blog\/concurso-prefeitura-de-minacu\/","name":"Concurso Prefeitura de Mina\u00e7u: provas objetivas SUSPENSAS","isPartOf":{"@id":"https:\/\/www.estrategiaconcursos.com.br\/blog\/#website"},"primaryImageOfPage":{"@id":"https:\/\/www.estrategiaconcursos.com.br\/blog\/concurso-prefeitura-de-minacu\/#primaryimage"},"image":{"@id":"https:\/\/www.estrategiaconcursos.com.br\/blog\/concurso-prefeitura-de-minacu\/#primaryimage"},"thumbnailUrl":"https:\/\/dhg1h5j42swfq.cloudfront.net\/2020\/06\/03122945\/Prefeitura_de_Mina%C3%A7u-GO.jpg","datePublished":"2020-06-01T11:00:00+00:00","dateModified":"2023-06-20T12:40:31+00:00","description":"Concurso Prefeitura de Mina\u00e7u: Provas est\u00e3o temporariamente suspensas, em raz\u00e3o da COVID-19. S\u00e3o ofertadas 124 vagas para diversos cargos.","breadcrumb":{"@id":"https:\/\/www.estrategiaconcursos.com.br\/blog\/concurso-prefeitura-de-minacu\/#breadcrumb"},"inLanguage":"pt-BR","potentialAction":[{"@type":"ReadAction","target":["https:\/\/www.estrategiaconcursos.com.br\/blog\/concurso-prefeitura-de-minacu\/"]}]},{"@type":"ImageObject","inLanguage":"pt-BR","@id":"https:\/\/www.estrategiaconcursos.com.br\/blog\/concurso-prefeitura-de-minacu\/#primaryimage","url":"https:\/\/dhg1h5j42swfq.cloudfront.net\/2020\/06\/03122945\/Prefeitura_de_Mina%C3%A7u-GO.jpg","contentUrl":"https:\/\/dhg1h5j42swfq.cloudfront.net\/2020\/06\/03122945\/Prefeitura_de_Mina%C3%A7u-GO.jpg","width":1200,"height":628},{"@type":"BreadcrumbList","@id":"https:\/\/www.estrategiaconcursos.com.br\/blog\/concurso-prefeitura-de-minacu\/#breadcrumb","itemListElement":[{"@type":"ListItem","position":1,"name":"In\u00edcio","item":"https:\/\/www.estrategiaconcursos.com.br\/blog\/"},{"@type":"ListItem","position":2,"name":"Concurso Prefeitura de Mina\u00e7u: provas objetivas SUSPENSAS"}]},{"@type":"WebSite","@id":"https:\/\/www.estrategiaconcursos.com.br\/blog\/#website","url":"https:\/\/www.estrategiaconcursos.com.br\/blog\/","name":"Estrat\u00e9gia Concursos","description":"O blog da Estrat\u00e9gia Concursos traz not\u00edcias sobre concursos e artigos de professores oferecendo cursos para concursos (pdf + videaulas) no site.","publisher":{"@id":"https:\/\/www.estrategiaconcursos.com.br\/blog\/#organization"},"potentialAction":[{"@type":"SearchAction","target":{"@type":"EntryPoint","urlTemplate":"https:\/\/www.estrategiaconcursos.com.br\/blog\/?s={search_term_string}"},"query-input":{"@type":"PropertyValueSpecification","valueRequired":true,"valueName":"search_term_string"}}],"inLanguage":"pt-BR"},{"@type":"Organization","@id":"https:\/\/www.estrategiaconcursos.com.br\/blog\/#organization","name":"Estrat\u00e9gia Concursos","url":"https:\/\/www.estrategiaconcursos.com.br\/blog\/","logo":{"@type":"ImageObject","inLanguage":"pt-BR","@id":"https:\/\/www.estrategiaconcursos.com.br\/blog\/#\/schema\/logo\/image\/","url":"https:\/\/dhg1h5j42swfq.cloudfront.net\/2025\/06\/03203428\/logo_concursos-1.jpg","contentUrl":"https:\/\/dhg1h5j42swfq.cloudfront.net\/2025\/06\/03203428\/logo_concursos-1.jpg","width":230,"height":60,"caption":"Estrat\u00e9gia Concursos"},"image":{"@id":"https:\/\/www.estrategiaconcursos.com.br\/blog\/#\/schema\/logo\/image\/"},"sameAs":["https:\/\/x.com\/EstratConcursos"]},{"@type":"Person","@id":"https:\/\/www.estrategiaconcursos.com.br\/blog\/#\/schema\/person\/b4a388c97673c5f483d72185668afa1f","name":"Coordena\u00e7\u00e3o","image":{"@type":"ImageObject","inLanguage":"pt-BR","@id":"https:\/\/secure.gravatar.com\/avatar\/b720319e4c9a967eb58678d110f4fe35452fc5d5f97b202bac7b8acceb18c6ad?s=96&d=mm&r=g","url":"https:\/\/secure.gravatar.com\/avatar\/b720319e4c9a967eb58678d110f4fe35452fc5d5f97b202bac7b8acceb18c6ad?s=96&d=mm&r=g","contentUrl":"https:\/\/secure.gravatar.com\/avatar\/b720319e4c9a967eb58678d110f4fe35452fc5d5f97b202bac7b8acceb18c6ad?s=96&d=mm&r=g","caption":"Coordena\u00e7\u00e3o"},"sameAs":["https:\/\/www.facebook.com\/EstrategiaConcursos","https:\/\/x.com\/EstratConcursos"],"url":"https:\/\/www.estrategiaconcursos.com.br\/blog\/author\/estrategia2013\/"}]}},"_links":{"self":[{"href":"https:\/\/www.estrategiaconcursos.com.br\/blog\/wp-json\/wp\/v2\/posts\/498542","targetHints":{"allow":["GET"]}}],"collection":[{"href":"https:\/\/www.estrategiaconcursos.com.br\/blog\/wp-json\/wp\/v2\/posts"}],"about":[{"href":"https:\/\/www.estrategiaconcursos.com.br\/blog\/wp-json\/wp\/v2\/types\/post"}],"author":[{"embeddable":true,"href":"https:\/\/www.estrategiaconcursos.com.br\/blog\/wp-json\/wp\/v2\/users\/1"}],"replies":[{"embeddable":true,"href":"https:\/\/www.estrategiaconcursos.com.br\/blog\/wp-json\/wp\/v2\/comments?post=498542"}],"version-history":[{"count":18,"href":"https:\/\/www.estrategiaconcursos.com.br\/blog\/wp-json\/wp\/v2\/posts\/498542\/revisions"}],"predecessor-version":[{"id":1235340,"href":"https:\/\/www.estrategiaconcursos.com.br\/blog\/wp-json\/wp\/v2\/posts\/498542\/revisions\/1235340"}],"wp:featuredmedia":[{"embeddable":true,"href":"https:\/\/www.estrategiaconcursos.com.br\/blog\/wp-json\/wp\/v2\/media\/521977"}],"wp:attachment":[{"href":"https:\/\/www.estrategiaconcursos.com.br\/blog\/wp-json\/wp\/v2\/media?parent=498542"}],"wp:term":[{"taxonomy":"category","embeddable":true,"href":"https:\/\/www.estrategiaconcursos.com.br\/blog\/wp-json\/wp\/v2\/categories?post=498542"},{"taxonomy":"post_tag","embeddable":true,"href":"https:\/\/www.estrategiaconcursos.com.br\/blog\/wp-json\/wp\/v2\/tags?post=498542"},{"taxonomy":"tax_estado","embeddable":true,"href":"https:\/\/www.estrategiaconcursos.com.br\/blog\/wp-json\/wp\/v2\/tax_estado?post=498542"}],"curies":[{"name":"wp","href":"https:\/\/api.w.org\/{rel}","templated":true}]}}