{"id":498249,"date":"2020-04-06T18:49:00","date_gmt":"2020-04-06T21:49:00","guid":{"rendered":"https:\/\/www.estrategiaconcursos.com.br\/blog\/?p=498249"},"modified":"2020-04-06T18:48:25","modified_gmt":"2020-04-06T21:48:25","slug":"provas-adiadas-devido-ao-covid-19-como-manter-os-estudos","status":"publish","type":"post","link":"https:\/\/www.estrategiaconcursos.com.br\/blog\/provas-adiadas-devido-ao-covid-19-como-manter-os-estudos\/","title":{"rendered":"Provas adiadas devido ao Covid-19: como manter os estudos"},"content":{"rendered":"\n<p>O assunto do momento \u00e9 o coronav\u00edrus e no mundo dos concursos n\u00e3o \u00e9 diferente. Devido \u00e0 pandemia que enfrentamos, in\u00fameros concursos v\u00eam tendo suas provas adiadas. Caso queria conferir se o seu concurso de interesse se encontra na lista desses concursos, acesse o link abaixo:<\/p>\n\n\n\n<p class=\"has-text-color has-background has-text-align-center has-very-dark-gray-color has-pale-cyan-blue-background-color\"><a href=\"https:\/\/www.estrategiaconcursos.com.br\/blog\/coronavirus-provas-adiadas-2020\/\">Adiamentos de provas devido \u00e0 pandemia de Covid-19<\/a> <\/p>\n\n\n\n<p>Visto que ainda n\u00e3o temos uma previs\u00e3o confi\u00e1vel de quando a situa\u00e7\u00e3o se normalizar\u00e1, o concurseiro que estava com a prova pr\u00f3xima pode ficar perdido e desmotivado neste cen\u00e1rio. E, para auxili\u00e1-los a encarar essa situa\u00e7\u00e3o, daremos dicas de como manter seus estudos nesse momento de adiamento de provas.<\/p>\n\n\n\n<h2 class=\"wp-block-heading\">Avaliando a sua situa\u00e7\u00e3o<\/h2>\n\n\n\n<p>Todavia, antes de continuarmos, precisamos saber qual a nossa situa\u00e7\u00e3o para depois definirmos a melhor forma de aproveitar esse momento de provas adiadas.<\/p>\n\n\n\n<p>Para isso, dividiremos os concurseiros em dois grupos. No primeiro, temos aqueles iniciantes\/intermedi\u00e1rios, cuja inten\u00e7\u00e3o era ver o m\u00e1ximo poss\u00edvel do edital e usar a prova como um teste: seriam aqueles sem muita pretens\u00e3o quanto a uma aprova\u00e7\u00e3o nessa prova por terem consci\u00eancia que o tempo at\u00e9 a mesma seria, a princ\u00edpio, insuficiente.<\/p>\n\n\n\n<p>J\u00e1 o segundo grupo ser\u00e1 formado por aqueles concurseiros mais avan\u00e7ados, que vinham se preparando h\u00e1 um tempo antes do adiamento: s\u00e3o os que viram todo (ou quase todo) o edital e vieram para disputar uma vaga no topo da classifica\u00e7\u00e3o.<\/p>\n\n\n\n<h2 class=\"wp-block-heading\">Primeiro caso: concurseiros iniciantes\/intermedi\u00e1rios<\/h2>\n\n\n\n<p>Nessa primeira situa\u00e7\u00e3o saiba que o fato de ter as provas adiadas pode ser seu grande diferencial. Afinal, essa suspens\u00e3o, somada ao isolamento social, nos proporciona um valios\u00edssimo tempo extra. Caso voc\u00ea venha em um ritmo intenso de estudos, tente mant\u00ea-lo ou, se sua rotina tiver sido alterada e houver mais tempo dispon\u00edvel, \u00e9 poss\u00edvel at\u00e9 aumentar tal ritmo.<\/p>\n\n\n\n<p>Adicionalmente, priorize, dentre as disciplinas e t\u00f3picos faltantes, aqueles com maior relev\u00e2ncia para a sua prova. Para isso, utilize da nossa ferramenta Passo Estrat\u00e9gico, que faz uma an\u00e1lise minuciosa dos t\u00f3picos mais cobrados pela sua banca. E \u00e9 baseado nessa an\u00e1lise que devemos nortear nossos estudos. <\/p>\n\n\n\n<p>Dessa forma, garantimos que mesmo se n\u00e3o conseguirmos finalizar todo o edital, pelo menos as partes mais relevantes sejam estudadas. E, dependendo do percentual do edital que conseguir englobar, \u00e9 poss\u00edvel chegar na prova com reais chances de aprova\u00e7\u00e3o mesmo sem complet\u00e1-lo. Temos v\u00e1rios depoimentos de alunos que conseguiram a aprova\u00e7\u00e3o dessa forma, sem passar por alguns pontos menos relevantes do edital por falta de tempo.<\/p>\n\n\n\n<h2 class=\"wp-block-heading\">Segundo caso: concurseiros avan\u00e7ados<\/h2>\n\n\n\n<p>Por\u00e9m, se voc\u00ea iniciou seus estudos com a anteced\u00eancia necess\u00e1ria, a nossa t\u00e1tica muda. Os concurseiros nessa situa\u00e7\u00e3o s\u00e3o aqueles que j\u00e1 viram todo o edital, ou que deixaram apenas alguns t\u00f3picos menos relevantes para tr\u00e1s. Quem se encontra nessa situa\u00e7\u00e3o, provavelmente estava em um ritmo bastante intenso nas \u00faltimas semanas. Tal ritmo, somado \u00e0 tens\u00e3o causada pela epidemia, ao isolamento social e \u00e0s provas adiadas pode gerar altos n\u00edveis de estresse, o que pode nos atrapalhar bastante na hora de resolvermos nossa prova.<\/p>\n\n\n\n<p>Portanto, no seu caso, esteja atento a isso e, se necess\u00e1rio, reduza um pouco sua carga de estudos. Pode parecer estranho, mas, supondo que esteja em um n\u00edvel avan\u00e7ado, tenha visto praticamente todo o edital e domine uma parte consider\u00e1vel dele &#8211; especialmente as disciplinas e t\u00f3picos mais importante -, o estresse elevado pode te atrapalhar mais do que ter algum tempinho a menos no seu ciclo de estudo.<\/p>\n\n\n\n<p>Al\u00e9m disso, reorganize seu cronograma de modo a voltar naqueles pontos menos importantes que foram preteridos na prepara\u00e7\u00e3o inicial. Apesar da pequena import\u00e2ncia, se est\u00e3o no edital eles podem ser cobrados e cada dia mais as bancas t\u00eam inovado na cobran\u00e7a. Ademais, nas disciplinas em fase de revis\u00e3o, foque massivamente na resolu\u00e7\u00e3o de exerc\u00edcios, como mostramos a seguir. <\/p>\n\n\n\n<h2 class=\"wp-block-heading\">A import\u00e2ncia da resolu\u00e7\u00e3o de exerc\u00edcios<\/h2>\n\n\n\n<div class=\"wp-block-image\"><figure class=\"aligncenter size-large is-resized\"><img loading=\"lazy\" decoding=\"async\" src=\"https:\/\/dhg1h5j42swfq.cloudfront.net\/2016\/01\/31174936\/Captura-de-Tela-2016-01-31-a%CC%80s-16.10.32.png\" alt=\"Resolvendo quest\u00f5es no per\u00edodo de provas adiadas\" class=\"wp-image-32428\" width=\"221\" height=\"222\" srcset=\"https:\/\/dhg1h5j42swfq.cloudfront.net\/2016\/01\/31174936\/Captura-de-Tela-2016-01-31-a%CC%80s-16.10.32.png 388w, https:\/\/dhg1h5j42swfq.cloudfront.net\/2016\/01\/31174936\/Captura-de-Tela-2016-01-31-a%CC%80s-16.10.32.png 150w, https:\/\/dhg1h5j42swfq.cloudfront.net\/2016\/01\/31174936\/Captura-de-Tela-2016-01-31-a%CC%80s-16.10.32.png 298w\" sizes=\"auto, (max-width: 221px) 100vw, 221px\" \/><figcaption>Os benef\u00edcios da resolu\u00e7\u00e3o de quest\u00f5es<\/figcaption><\/figure><\/div>\n\n\n\n<p>Utilize a resolu\u00e7\u00e3o de exerc\u00edcios para ir montando seu\ncaderno de erros. Ao anotar quais quest\u00f5es voc\u00ea erra nesse caderno, temos um\nhist\u00f3rico muito bom das suas dificuldades. Essa informa\u00e7\u00e3o te mostrar\u00e1 os\nt\u00f3picos sobre os quais voc\u00ea mais erra. Por conseguinte, voc\u00ea pode retomar os\nestudos de tais t\u00f3picos a fim de refinar seu entendimento do mesmo e corrigir\nas falhas cometidas.<\/p>\n\n\n\n<p>Al\u00e9m disso, quanto mais exerc\u00edcios voc\u00ea fizer da banca, mais\nfamiliarizado com o padr\u00e3o de cobran\u00e7a da mesma voc\u00ea estar\u00e1. E sabemos que\nconhecer a sua banca \u00e9 fundamental, pois, a t\u00edtulo de exemplo, uma mesma\nassertiva para determinadas bancas pode ser tida como \u201ccerta\u201d, enquanto que\npara outras a resposta correta seria \u201cerrada\u201d.<\/p>\n\n\n\n<p>Podemos acrescentar ainda o fato de que, ao realizar\nexerc\u00edcios, a fixa\u00e7\u00e3o do conte\u00fado \u00e9 maior do que quando apenas lemos a teoria. A\nprimeira forma de estudo \u00e9 mais ativa do que a segunda, favorecendo assim a\nmemoriza\u00e7\u00e3o. Principalmente quando se trata do conte\u00fado das quest\u00f5es que\nerramos, pois essas tendem a nos chamar mais aten\u00e7\u00e3o.<\/p>\n\n\n\n<h2 class=\"wp-block-heading\">Provas adiadas: considera\u00e7\u00f5es finais<\/h2>\n\n\n\n<p>Sabemos que v\u00e1rios outros fatores devem ser encarados pelo concurseiro em um momento como esse. Para quem j\u00e1 vinha dando o seu m\u00e1ximo h\u00e1 algum tempo pode ser um tanto desmotivador encarar esse adiamento. <\/p>\n\n\n\n<p>Por\u00e9m, devemos ter em mente que esses obst\u00e1culos s\u00e3o para todos. N\u00e3o \u00e9 apenas voc\u00ea, mas todos os seus concorrentes tamb\u00e9m est\u00e3o passando por isso. E a grande maioria deles vai, de fato, sentir o golpe e se deixar desanimar por tudo isso. <\/p>\n\n\n\n<p>Logo, essa \u00e9 a sua chance de fazer a diferen\u00e7a e se destacar. Pois, por mais que o seu n\u00edvel nas disciplinas estivesse alto quando essa crise estourou, sempre podemos ir al\u00e9m. Afinal, ningu\u00e9m dominar\u00e1 completamente um desses editais enormes que t\u00eam sido publicados, o que quer dizer que podemos melhorar. Portanto, aproveite esse tempo com sabedoria. Caso esteja com dificuldades de controlar a ansiedade nesse momento \u00edmpar, o v\u00eddeo abaixo pode lhe ajudar:<\/p>\n\n\n\n<p class=\"has-text-color has-background has-text-align-center has-very-dark-gray-color has-pale-cyan-blue-background-color\"><a href=\"https:\/\/www.youtube.com\/watch?v=3VgjB8cUYhU\">Vencendo a ansiedade em tempos de coronav\u00edrus<\/a><\/p>\n\n\n\n<p>Concluindo, para aqueles que estavam correndo contra o tempo, temos a oportunidade de ouro para chegarmos em um n\u00edvel bem competitivo. Para os que j\u00e1 se encontravam nesse n\u00edvel, tentemos manter nossa paz e tranquilidade, sem deixar o alto n\u00edvel alcan\u00e7ado cair. Pelo contr\u00e1rio, vamos aument\u00e1-lo ainda mais. Para isso, podemos utilizar exerc\u00edcios para manter o n\u00edvel dos t\u00f3picos j\u00e1 dominados e fazer um ajuste fino daqueles em que ainda temos alguma dificuldade, voltando nos materiais te\u00f3ricos, se necess\u00e1rio. <\/p>\n\n\n\n<p>Dessa forma, independentemente de quando as provas adiadas forem retomadas, estaremos prontos para conquistarmos nossa sonhada aprova\u00e7\u00e3o.<\/p>\n\n\n\n<h4 class=\"has-text-align-center wp-block-heading\"><em><strong>Assinatura Anual Ilimitada*<\/strong><\/em><\/h4>\n\n\n\n<p class=\"has-text-align-center\"><em>Prepare-se com o melhor material e com quem mais aprova em Concursos P\u00fablicos em todo o pa\u00eds. Assine agora a nossa Assinatura Anual e tenha acesso ilimitado* a todos os nossos cursos.<\/em><\/p>\n\n\n\n<p class=\"has-background has-text-align-center has-luminous-vivid-amber-background-color\"> <strong>ASSINE AGORA<\/strong>&nbsp;\u2013&nbsp;<a rel=\"noreferrer noopener\" href=\"https:\/\/www.estrategiaconcursos.com.br\/assinaturas\" target=\"_blank\"><strong>Assinatura Ilimitada<\/strong><\/a> <\/p>\n\n\n\n<p class=\"has-text-align-center\"> <strong><em>Fique por dentro de todos os concursos<\/em><\/strong>:<\/p>\n\n\n\n<p class=\"has-background has-text-align-center has-pale-cyan-blue-background-color\"> <a rel=\"noreferrer noopener\" href=\"https:\/\/www.estrategiaconcursos.com.br\/blog\/concursos-abertos\/\" target=\"_blank\"><strong>CONCURSOS ABERTOS<\/strong><\/a> <\/p>\n\n\n\n<p class=\"has-background has-text-align-center has-pale-cyan-blue-background-color\"> <a rel=\"noreferrer noopener\" href=\"https:\/\/www.estrategiaconcursos.com.br\/blog\/concursos-2020\/\" target=\"_blank\"><strong>CONCURSOS&nbsp;2020<\/strong><\/a> <\/p>\n","protected":false},"excerpt":{"rendered":"<p>O assunto do momento \u00e9 o coronav\u00edrus e no mundo dos concursos n\u00e3o \u00e9 diferente. Devido \u00e0 pandemia que enfrentamos, in\u00fameros concursos v\u00eam tendo suas provas adiadas. Caso queria conferir se o seu concurso de interesse se encontra na lista desses concursos, acesse o link abaixo: Adiamentos de provas devido \u00e0 pandemia de Covid-19 Visto [&hellip;]<\/p>\n","protected":false},"author":1519,"featured_media":32428,"comment_status":"open","ping_status":"closed","sticky":false,"template":"","format":"standard","meta":{"post_tipo":"article","footnotes":""},"categories":[1],"tags":[],"tax_estado":[],"class_list":["post-498249","post","type-post","status-publish","format-standard","has-post-thumbnail","hentry","category-cursos-e-concursos"],"acf":[],"yoast_head":"<!-- This site is optimized with the Yoast SEO Premium plugin v27.2 (Yoast SEO v27.2) - https:\/\/yoast.com\/product\/yoast-seo-premium-wordpress\/ -->\n<title>Provas adiadas devido ao Covid-19: como manter os estudos<\/title>\n<meta name=\"description\" content=\"Neste artigo daremos dicas e sugest\u00f5es de como reorganizar seus estudos para as provas adiadas devido \u00e0 pandemia causada pelo novo coronav\u00edrus\" \/>\n<meta name=\"robots\" content=\"index, follow, max-snippet:-1, max-image-preview:large, max-video-preview:-1\" \/>\n<link rel=\"canonical\" href=\"https:\/\/www.estrategiaconcursos.com.br\/blog\/provas-adiadas-devido-ao-covid-19-como-manter-os-estudos\/\" \/>\n<meta property=\"og:locale\" content=\"pt_BR\" \/>\n<meta property=\"og:type\" content=\"article\" \/>\n<meta property=\"og:title\" content=\"Provas adiadas devido ao Covid-19: como manter os estudos\" \/>\n<meta property=\"og:description\" content=\"Neste artigo daremos dicas e sugest\u00f5es de como reorganizar seus estudos para as provas adiadas devido \u00e0 pandemia causada pelo novo coronav\u00edrus\" \/>\n<meta property=\"og:url\" content=\"https:\/\/www.estrategiaconcursos.com.br\/blog\/provas-adiadas-devido-ao-covid-19-como-manter-os-estudos\/\" \/>\n<meta property=\"og:site_name\" content=\"Estrat\u00e9gia Concursos\" \/>\n<meta property=\"article:published_time\" content=\"2020-04-06T21:49:00+00:00\" \/>\n<meta property=\"og:image\" content=\"https:\/\/dhg1h5j42swfq.cloudfront.net\/2016\/01\/31174936\/Captura-de-Tela-2016-01-31-a%CC%80s-16.10.32.png\" \/>\n\t<meta property=\"og:image:width\" content=\"388\" \/>\n\t<meta property=\"og:image:height\" content=\"390\" \/>\n\t<meta property=\"og:image:type\" content=\"image\/png\" \/>\n<meta name=\"author\" content=\"V\u00edtor Henrique de Oliveira\" \/>\n<meta name=\"twitter:card\" content=\"summary_large_image\" \/>\n<meta name=\"twitter:creator\" content=\"@EstratConcursos\" \/>\n<meta name=\"twitter:site\" content=\"@EstratConcursos\" \/>\n<meta name=\"twitter:label1\" content=\"Escrito por\" \/>\n\t<meta name=\"twitter:data1\" content=\"V\u00edtor Henrique de Oliveira\" \/>\n\t<meta name=\"twitter:label2\" content=\"Est. tempo de leitura\" \/>\n\t<meta name=\"twitter:data2\" content=\"6 minutos\" \/>\n<script type=\"application\/ld+json\" class=\"yoast-schema-graph\">{\"@context\":\"https:\/\/schema.org\",\"@graph\":[{\"@type\":\"NewsArticle\",\"@id\":\"https:\/\/www.estrategiaconcursos.com.br\/blog\/provas-adiadas-devido-ao-covid-19-como-manter-os-estudos\/#article\",\"isPartOf\":{\"@id\":\"https:\/\/www.estrategiaconcursos.com.br\/blog\/provas-adiadas-devido-ao-covid-19-como-manter-os-estudos\/\"},\"author\":{\"name\":\"V\u00edtor Henrique de Oliveira\",\"@id\":\"https:\/\/www.estrategiaconcursos.com.br\/blog\/#\/schema\/person\/fcdb20dd504036d98274b2d91a299fc2\"},\"headline\":\"Provas adiadas devido ao Covid-19: como manter os estudos\",\"datePublished\":\"2020-04-06T21:49:00+00:00\",\"mainEntityOfPage\":{\"@id\":\"https:\/\/www.estrategiaconcursos.com.br\/blog\/provas-adiadas-devido-ao-covid-19-como-manter-os-estudos\/\"},\"wordCount\":1233,\"commentCount\":0,\"publisher\":{\"@id\":\"https:\/\/www.estrategiaconcursos.com.br\/blog\/#organization\"},\"image\":{\"@id\":\"https:\/\/www.estrategiaconcursos.com.br\/blog\/provas-adiadas-devido-ao-covid-19-como-manter-os-estudos\/#primaryimage\"},\"thumbnailUrl\":\"https:\/\/dhg1h5j42swfq.cloudfront.net\/2016\/01\/31174936\/Captura-de-Tela-2016-01-31-a%CC%80s-16.10.32.png\",\"articleSection\":[\"Concursos P\u00fablicos\"],\"inLanguage\":\"pt-BR\",\"potentialAction\":[{\"@type\":\"CommentAction\",\"name\":\"Comment\",\"target\":[\"https:\/\/www.estrategiaconcursos.com.br\/blog\/provas-adiadas-devido-ao-covid-19-como-manter-os-estudos\/#respond\"]}],\"copyrightYear\":\"2020\",\"copyrightHolder\":{\"@id\":\"https:\/\/www.estrategiaconcursos.com.br\/blog\/#organization\"}},{\"@type\":\"WebPage\",\"@id\":\"https:\/\/www.estrategiaconcursos.com.br\/blog\/provas-adiadas-devido-ao-covid-19-como-manter-os-estudos\/\",\"url\":\"https:\/\/www.estrategiaconcursos.com.br\/blog\/provas-adiadas-devido-ao-covid-19-como-manter-os-estudos\/\",\"name\":\"Provas adiadas devido ao Covid-19: como manter os estudos\",\"isPartOf\":{\"@id\":\"https:\/\/www.estrategiaconcursos.com.br\/blog\/#website\"},\"primaryImageOfPage\":{\"@id\":\"https:\/\/www.estrategiaconcursos.com.br\/blog\/provas-adiadas-devido-ao-covid-19-como-manter-os-estudos\/#primaryimage\"},\"image\":{\"@id\":\"https:\/\/www.estrategiaconcursos.com.br\/blog\/provas-adiadas-devido-ao-covid-19-como-manter-os-estudos\/#primaryimage\"},\"thumbnailUrl\":\"https:\/\/dhg1h5j42swfq.cloudfront.net\/2016\/01\/31174936\/Captura-de-Tela-2016-01-31-a%CC%80s-16.10.32.png\",\"datePublished\":\"2020-04-06T21:49:00+00:00\",\"description\":\"Neste artigo daremos dicas e sugest\u00f5es de como reorganizar seus estudos para as provas adiadas devido \u00e0 pandemia causada pelo novo coronav\u00edrus\",\"breadcrumb\":{\"@id\":\"https:\/\/www.estrategiaconcursos.com.br\/blog\/provas-adiadas-devido-ao-covid-19-como-manter-os-estudos\/#breadcrumb\"},\"inLanguage\":\"pt-BR\",\"potentialAction\":[{\"@type\":\"ReadAction\",\"target\":[\"https:\/\/www.estrategiaconcursos.com.br\/blog\/provas-adiadas-devido-ao-covid-19-como-manter-os-estudos\/\"]}]},{\"@type\":\"ImageObject\",\"inLanguage\":\"pt-BR\",\"@id\":\"https:\/\/www.estrategiaconcursos.com.br\/blog\/provas-adiadas-devido-ao-covid-19-como-manter-os-estudos\/#primaryimage\",\"url\":\"https:\/\/dhg1h5j42swfq.cloudfront.net\/2016\/01\/31174936\/Captura-de-Tela-2016-01-31-a%CC%80s-16.10.32.png\",\"contentUrl\":\"https:\/\/dhg1h5j42swfq.cloudfront.net\/2016\/01\/31174936\/Captura-de-Tela-2016-01-31-a%CC%80s-16.10.32.png\",\"width\":388,\"height\":390,\"caption\":\"Como aproveitar ao m\u00e1ximo a resolu\u00e7\u00e3o de quest\u00f5es?\"},{\"@type\":\"BreadcrumbList\",\"@id\":\"https:\/\/www.estrategiaconcursos.com.br\/blog\/provas-adiadas-devido-ao-covid-19-como-manter-os-estudos\/#breadcrumb\",\"itemListElement\":[{\"@type\":\"ListItem\",\"position\":1,\"name\":\"In\u00edcio\",\"item\":\"https:\/\/www.estrategiaconcursos.com.br\/blog\/\"},{\"@type\":\"ListItem\",\"position\":2,\"name\":\"Provas adiadas devido ao Covid-19: como manter os estudos\"}]},{\"@type\":\"WebSite\",\"@id\":\"https:\/\/www.estrategiaconcursos.com.br\/blog\/#website\",\"url\":\"https:\/\/www.estrategiaconcursos.com.br\/blog\/\",\"name\":\"Estrat\u00e9gia Concursos\",\"description\":\"O blog da Estrat\u00e9gia Concursos traz not\u00edcias sobre concursos e artigos de professores oferecendo cursos para concursos (pdf + videaulas) no site.\",\"publisher\":{\"@id\":\"https:\/\/www.estrategiaconcursos.com.br\/blog\/#organization\"},\"potentialAction\":[{\"@type\":\"SearchAction\",\"target\":{\"@type\":\"EntryPoint\",\"urlTemplate\":\"https:\/\/www.estrategiaconcursos.com.br\/blog\/?s={search_term_string}\"},\"query-input\":{\"@type\":\"PropertyValueSpecification\",\"valueRequired\":true,\"valueName\":\"search_term_string\"}}],\"inLanguage\":\"pt-BR\"},{\"@type\":\"Organization\",\"@id\":\"https:\/\/www.estrategiaconcursos.com.br\/blog\/#organization\",\"name\":\"Estrat\u00e9gia Concursos\",\"url\":\"https:\/\/www.estrategiaconcursos.com.br\/blog\/\",\"logo\":{\"@type\":\"ImageObject\",\"inLanguage\":\"pt-BR\",\"@id\":\"https:\/\/www.estrategiaconcursos.com.br\/blog\/#\/schema\/logo\/image\/\",\"url\":\"https:\/\/dhg1h5j42swfq.cloudfront.net\/2025\/06\/03203428\/logo_concursos-1.jpg\",\"contentUrl\":\"https:\/\/dhg1h5j42swfq.cloudfront.net\/2025\/06\/03203428\/logo_concursos-1.jpg\",\"width\":230,\"height\":60,\"caption\":\"Estrat\u00e9gia Concursos\"},\"image\":{\"@id\":\"https:\/\/www.estrategiaconcursos.com.br\/blog\/#\/schema\/logo\/image\/\"},\"sameAs\":[\"https:\/\/x.com\/EstratConcursos\"]},{\"@type\":\"Person\",\"@id\":\"https:\/\/www.estrategiaconcursos.com.br\/blog\/#\/schema\/person\/fcdb20dd504036d98274b2d91a299fc2\",\"name\":\"V\u00edtor Henrique de Oliveira\",\"image\":{\"@type\":\"ImageObject\",\"inLanguage\":\"pt-BR\",\"@id\":\"https:\/\/secure.gravatar.com\/avatar\/ee2ec96d7a50948d2fd3cdbf10952a92fe98eb7bd3c4d850eccd6c923648eb77?s=96&d=mm&r=g\",\"url\":\"https:\/\/secure.gravatar.com\/avatar\/ee2ec96d7a50948d2fd3cdbf10952a92fe98eb7bd3c4d850eccd6c923648eb77?s=96&d=mm&r=g\",\"contentUrl\":\"https:\/\/secure.gravatar.com\/avatar\/ee2ec96d7a50948d2fd3cdbf10952a92fe98eb7bd3c4d850eccd6c923648eb77?s=96&d=mm&r=g\",\"caption\":\"V\u00edtor Henrique de Oliveira\"},\"url\":\"https:\/\/www.estrategiaconcursos.com.br\/blog\/author\/vitorho3gmail-com\/\"}]}<\/script>\n<!-- \/ Yoast SEO Premium plugin. -->","yoast_head_json":{"title":"Provas adiadas devido ao Covid-19: como manter os estudos","description":"Neste artigo daremos dicas e sugest\u00f5es de como reorganizar seus estudos para as provas adiadas devido \u00e0 pandemia causada pelo novo coronav\u00edrus","robots":{"index":"index","follow":"follow","max-snippet":"max-snippet:-1","max-image-preview":"max-image-preview:large","max-video-preview":"max-video-preview:-1"},"canonical":"https:\/\/www.estrategiaconcursos.com.br\/blog\/provas-adiadas-devido-ao-covid-19-como-manter-os-estudos\/","og_locale":"pt_BR","og_type":"article","og_title":"Provas adiadas devido ao Covid-19: como manter os estudos","og_description":"Neste artigo daremos dicas e sugest\u00f5es de como reorganizar seus estudos para as provas adiadas devido \u00e0 pandemia causada pelo novo coronav\u00edrus","og_url":"https:\/\/www.estrategiaconcursos.com.br\/blog\/provas-adiadas-devido-ao-covid-19-como-manter-os-estudos\/","og_site_name":"Estrat\u00e9gia Concursos","article_published_time":"2020-04-06T21:49:00+00:00","og_image":[{"width":388,"height":390,"url":"https:\/\/dhg1h5j42swfq.cloudfront.net\/2016\/01\/31174936\/Captura-de-Tela-2016-01-31-a%CC%80s-16.10.32.png","type":"image\/png"}],"author":"V\u00edtor Henrique de Oliveira","twitter_card":"summary_large_image","twitter_creator":"@EstratConcursos","twitter_site":"@EstratConcursos","twitter_misc":{"Escrito por":"V\u00edtor Henrique de Oliveira","Est. tempo de leitura":"6 minutos"},"schema":{"@context":"https:\/\/schema.org","@graph":[{"@type":"NewsArticle","@id":"https:\/\/www.estrategiaconcursos.com.br\/blog\/provas-adiadas-devido-ao-covid-19-como-manter-os-estudos\/#article","isPartOf":{"@id":"https:\/\/www.estrategiaconcursos.com.br\/blog\/provas-adiadas-devido-ao-covid-19-como-manter-os-estudos\/"},"author":{"name":"V\u00edtor Henrique de Oliveira","@id":"https:\/\/www.estrategiaconcursos.com.br\/blog\/#\/schema\/person\/fcdb20dd504036d98274b2d91a299fc2"},"headline":"Provas adiadas devido ao Covid-19: como manter os estudos","datePublished":"2020-04-06T21:49:00+00:00","mainEntityOfPage":{"@id":"https:\/\/www.estrategiaconcursos.com.br\/blog\/provas-adiadas-devido-ao-covid-19-como-manter-os-estudos\/"},"wordCount":1233,"commentCount":0,"publisher":{"@id":"https:\/\/www.estrategiaconcursos.com.br\/blog\/#organization"},"image":{"@id":"https:\/\/www.estrategiaconcursos.com.br\/blog\/provas-adiadas-devido-ao-covid-19-como-manter-os-estudos\/#primaryimage"},"thumbnailUrl":"https:\/\/dhg1h5j42swfq.cloudfront.net\/2016\/01\/31174936\/Captura-de-Tela-2016-01-31-a%CC%80s-16.10.32.png","articleSection":["Concursos P\u00fablicos"],"inLanguage":"pt-BR","potentialAction":[{"@type":"CommentAction","name":"Comment","target":["https:\/\/www.estrategiaconcursos.com.br\/blog\/provas-adiadas-devido-ao-covid-19-como-manter-os-estudos\/#respond"]}],"copyrightYear":"2020","copyrightHolder":{"@id":"https:\/\/www.estrategiaconcursos.com.br\/blog\/#organization"}},{"@type":"WebPage","@id":"https:\/\/www.estrategiaconcursos.com.br\/blog\/provas-adiadas-devido-ao-covid-19-como-manter-os-estudos\/","url":"https:\/\/www.estrategiaconcursos.com.br\/blog\/provas-adiadas-devido-ao-covid-19-como-manter-os-estudos\/","name":"Provas adiadas devido ao Covid-19: como manter os estudos","isPartOf":{"@id":"https:\/\/www.estrategiaconcursos.com.br\/blog\/#website"},"primaryImageOfPage":{"@id":"https:\/\/www.estrategiaconcursos.com.br\/blog\/provas-adiadas-devido-ao-covid-19-como-manter-os-estudos\/#primaryimage"},"image":{"@id":"https:\/\/www.estrategiaconcursos.com.br\/blog\/provas-adiadas-devido-ao-covid-19-como-manter-os-estudos\/#primaryimage"},"thumbnailUrl":"https:\/\/dhg1h5j42swfq.cloudfront.net\/2016\/01\/31174936\/Captura-de-Tela-2016-01-31-a%CC%80s-16.10.32.png","datePublished":"2020-04-06T21:49:00+00:00","description":"Neste artigo daremos dicas e sugest\u00f5es de como reorganizar seus estudos para as provas adiadas devido \u00e0 pandemia causada pelo novo coronav\u00edrus","breadcrumb":{"@id":"https:\/\/www.estrategiaconcursos.com.br\/blog\/provas-adiadas-devido-ao-covid-19-como-manter-os-estudos\/#breadcrumb"},"inLanguage":"pt-BR","potentialAction":[{"@type":"ReadAction","target":["https:\/\/www.estrategiaconcursos.com.br\/blog\/provas-adiadas-devido-ao-covid-19-como-manter-os-estudos\/"]}]},{"@type":"ImageObject","inLanguage":"pt-BR","@id":"https:\/\/www.estrategiaconcursos.com.br\/blog\/provas-adiadas-devido-ao-covid-19-como-manter-os-estudos\/#primaryimage","url":"https:\/\/dhg1h5j42swfq.cloudfront.net\/2016\/01\/31174936\/Captura-de-Tela-2016-01-31-a%CC%80s-16.10.32.png","contentUrl":"https:\/\/dhg1h5j42swfq.cloudfront.net\/2016\/01\/31174936\/Captura-de-Tela-2016-01-31-a%CC%80s-16.10.32.png","width":388,"height":390,"caption":"Como aproveitar ao m\u00e1ximo a resolu\u00e7\u00e3o de quest\u00f5es?"},{"@type":"BreadcrumbList","@id":"https:\/\/www.estrategiaconcursos.com.br\/blog\/provas-adiadas-devido-ao-covid-19-como-manter-os-estudos\/#breadcrumb","itemListElement":[{"@type":"ListItem","position":1,"name":"In\u00edcio","item":"https:\/\/www.estrategiaconcursos.com.br\/blog\/"},{"@type":"ListItem","position":2,"name":"Provas adiadas devido ao Covid-19: como manter os estudos"}]},{"@type":"WebSite","@id":"https:\/\/www.estrategiaconcursos.com.br\/blog\/#website","url":"https:\/\/www.estrategiaconcursos.com.br\/blog\/","name":"Estrat\u00e9gia Concursos","description":"O blog da Estrat\u00e9gia Concursos traz not\u00edcias sobre concursos e artigos de professores oferecendo cursos para concursos (pdf + videaulas) no site.","publisher":{"@id":"https:\/\/www.estrategiaconcursos.com.br\/blog\/#organization"},"potentialAction":[{"@type":"SearchAction","target":{"@type":"EntryPoint","urlTemplate":"https:\/\/www.estrategiaconcursos.com.br\/blog\/?s={search_term_string}"},"query-input":{"@type":"PropertyValueSpecification","valueRequired":true,"valueName":"search_term_string"}}],"inLanguage":"pt-BR"},{"@type":"Organization","@id":"https:\/\/www.estrategiaconcursos.com.br\/blog\/#organization","name":"Estrat\u00e9gia Concursos","url":"https:\/\/www.estrategiaconcursos.com.br\/blog\/","logo":{"@type":"ImageObject","inLanguage":"pt-BR","@id":"https:\/\/www.estrategiaconcursos.com.br\/blog\/#\/schema\/logo\/image\/","url":"https:\/\/dhg1h5j42swfq.cloudfront.net\/2025\/06\/03203428\/logo_concursos-1.jpg","contentUrl":"https:\/\/dhg1h5j42swfq.cloudfront.net\/2025\/06\/03203428\/logo_concursos-1.jpg","width":230,"height":60,"caption":"Estrat\u00e9gia Concursos"},"image":{"@id":"https:\/\/www.estrategiaconcursos.com.br\/blog\/#\/schema\/logo\/image\/"},"sameAs":["https:\/\/x.com\/EstratConcursos"]},{"@type":"Person","@id":"https:\/\/www.estrategiaconcursos.com.br\/blog\/#\/schema\/person\/fcdb20dd504036d98274b2d91a299fc2","name":"V\u00edtor Henrique de Oliveira","image":{"@type":"ImageObject","inLanguage":"pt-BR","@id":"https:\/\/secure.gravatar.com\/avatar\/ee2ec96d7a50948d2fd3cdbf10952a92fe98eb7bd3c4d850eccd6c923648eb77?s=96&d=mm&r=g","url":"https:\/\/secure.gravatar.com\/avatar\/ee2ec96d7a50948d2fd3cdbf10952a92fe98eb7bd3c4d850eccd6c923648eb77?s=96&d=mm&r=g","contentUrl":"https:\/\/secure.gravatar.com\/avatar\/ee2ec96d7a50948d2fd3cdbf10952a92fe98eb7bd3c4d850eccd6c923648eb77?s=96&d=mm&r=g","caption":"V\u00edtor Henrique de Oliveira"},"url":"https:\/\/www.estrategiaconcursos.com.br\/blog\/author\/vitorho3gmail-com\/"}]}},"_links":{"self":[{"href":"https:\/\/www.estrategiaconcursos.com.br\/blog\/wp-json\/wp\/v2\/posts\/498249","targetHints":{"allow":["GET"]}}],"collection":[{"href":"https:\/\/www.estrategiaconcursos.com.br\/blog\/wp-json\/wp\/v2\/posts"}],"about":[{"href":"https:\/\/www.estrategiaconcursos.com.br\/blog\/wp-json\/wp\/v2\/types\/post"}],"author":[{"embeddable":true,"href":"https:\/\/www.estrategiaconcursos.com.br\/blog\/wp-json\/wp\/v2\/users\/1519"}],"replies":[{"embeddable":true,"href":"https:\/\/www.estrategiaconcursos.com.br\/blog\/wp-json\/wp\/v2\/comments?post=498249"}],"version-history":[{"count":14,"href":"https:\/\/www.estrategiaconcursos.com.br\/blog\/wp-json\/wp\/v2\/posts\/498249\/revisions"}],"predecessor-version":[{"id":500036,"href":"https:\/\/www.estrategiaconcursos.com.br\/blog\/wp-json\/wp\/v2\/posts\/498249\/revisions\/500036"}],"wp:featuredmedia":[{"embeddable":true,"href":"https:\/\/www.estrategiaconcursos.com.br\/blog\/wp-json\/wp\/v2\/media\/32428"}],"wp:attachment":[{"href":"https:\/\/www.estrategiaconcursos.com.br\/blog\/wp-json\/wp\/v2\/media?parent=498249"}],"wp:term":[{"taxonomy":"category","embeddable":true,"href":"https:\/\/www.estrategiaconcursos.com.br\/blog\/wp-json\/wp\/v2\/categories?post=498249"},{"taxonomy":"post_tag","embeddable":true,"href":"https:\/\/www.estrategiaconcursos.com.br\/blog\/wp-json\/wp\/v2\/tags?post=498249"},{"taxonomy":"tax_estado","embeddable":true,"href":"https:\/\/www.estrategiaconcursos.com.br\/blog\/wp-json\/wp\/v2\/tax_estado?post=498249"}],"curies":[{"name":"wp","href":"https:\/\/api.w.org\/{rel}","templated":true}]}}