{"id":498150,"date":"2020-09-16T13:00:00","date_gmt":"2020-09-16T16:00:00","guid":{"rendered":"https:\/\/www.estrategiaconcursos.com.br\/blog\/?p=498150"},"modified":"2020-11-11T09:59:28","modified_gmt":"2020-11-11T12:59:28","slug":"edital-camara-de-guara-sp","status":"publish","type":"post","link":"https:\/\/www.estrategiaconcursos.com.br\/blog\/edital-camara-de-guara-sp\/","title":{"rendered":"Concurso C\u00e2mara de Guar\u00e1 SP: provas ADIADAS. Saiba mais!"},"content":{"rendered":"\n<p>Foi publicado o adiamento da etapa de provas do concurso C\u00e2mara de Guar\u00e1, munic\u00edpio do estado de S\u00e3o Paulo, com oferta de 1 vaga para Procurador Jur\u00eddico, de n\u00edvel superior.<\/p>\n\n\n\n<p> A etapa de provas, marcada para o dia 20 de setembro de 2020, agora ser\u00e1 realizada em <strong>22 de novembro de 2020<\/strong>. O comunicado refor\u00e7a que a data da prova pode vir a sofrer novas altera\u00e7\u00f5es visando preservar a sa\u00fade e a vida de candidatos, colaboradores e da popula\u00e7\u00e3o em geral.<\/p>\n\n\n\n<p>Os candidatos interessados na vaga puderam se inscrever por meio do site da EAPC (Empresa de Apoio e Gest\u00e3o de Projetos e Concursos P\u00fablicos), banca organizadora do concurso, at\u00e9 o dia 23 de abril de 2020, ao custo de&nbsp;<strong>R$ 90,00<\/strong>.<\/p>\n\n\n\n<p>Neste artigo voc\u00ea encontrar\u00e1 tudo o que precisa saber sobre o edital do concurso C\u00e2mara de Guar\u00e1. Nosso objetivo \u00e9 deixar voc\u00ea&nbsp;<strong><em>100% atualizado<\/em><\/strong>. Acompanhe pelos t\u00f3picos a seguir:<\/p>\n\n\n\n<ul class=\"wp-block-list\"><li><em><strong><a href=\"#data\">Principais datas:<\/a><\/strong><\/em><\/li><li><em><strong><a href=\"#cargo\">Cargos, vagas e remunera\u00e7\u00f5es:<\/a><\/strong><\/em><\/li><li><em><strong><a href=\"#etapas\">Etapas do concurso:<\/a><\/strong><\/em><\/li><li><em><a href=\"#ficha\"><strong>Ficha t\u00e9cnica<\/strong>:<\/a><\/em><\/li><\/ul>\n\n\n\n<h2 class=\"wp-block-heading\" id=\"data\">Principais informa\u00e7\u00f5es e datas do concurso C\u00e2mara de Guar\u00e1<\/h2>\n\n\n\n<p class=\"has-very-light-gray-background-color has-background\"><strong>Inscri\u00e7\u00f5es:<\/strong>&nbsp;<s>at\u00e9 23 de abril de 2020<\/s><br \/><strong>Taxa:<\/strong>&nbsp;R$ 90,00<br \/><strong>Prova:<\/strong>&nbsp;22 de novembro<\/p>\n\n\n\n<h2 class=\"wp-block-heading\" id=\"cargo\">Cargos, vagas e remunera\u00e7\u00f5es do concurso C\u00e2mara de Guar\u00e1 <\/h2>\n\n\n\n<p>01 oportunidade \u00e9 ofertada no concurso C\u00e2mara de Guar\u00e1. Confira abaixo a rela\u00e7\u00e3o de vagas e cargos:<\/p>\n\n\n\n<figure class=\"wp-block-image size-large\"><img loading=\"lazy\" decoding=\"async\" width=\"675\" height=\"79\" src=\"https:\/\/dhg1h5j42swfq.cloudfront.net\/2020\/03\/30175234\/image-358.png\" alt=\"\" class=\"wp-image-498163\" srcset=\"https:\/\/dhg1h5j42swfq.cloudfront.net\/2020\/03\/30175234\/image-358.png 675w, https:\/\/dhg1h5j42swfq.cloudfront.net\/2020\/03\/30175234\/image-358-300x35.png 300w, https:\/\/dhg1h5j42swfq.cloudfront.net\/2020\/03\/30175234\/image-358-610x71.png 610w\" sizes=\"auto, (max-width: 675px) 100vw, 675px\" \/><\/figure>\n\n\n\n<h2 class=\"wp-block-heading\" id=\"etapas\">Etapas do concurso C\u00e2mara de Guar\u00e1<\/h2>\n\n\n\n<p>O concurso C\u00e2mara de Guar\u00e1 ser\u00e1 constitu\u00eddo por tr\u00eas etapas: prova objetiva, prova pr\u00e1tico-profissional e avalia\u00e7\u00e3o de t\u00edtulos. Confira os detalhes das etapas:<\/p>\n\n\n\n<h3 class=\"wp-block-heading\">Prova Objetiva<\/h3>\n\n\n\n<p>As provas objetivas ser\u00e3o avaliada na escala de 0 (zero) a 100 (cem) pontos.<br \/>Ser\u00e1 considerado habilitado na prova objetiva o candidato que, cumulativamente, obtiver pontua\u00e7\u00e3o igual ou superior a 60 (sessenta) pontos e que n\u00e3o tenha obtido nota zero em nenhum dos conte\u00fados propostos. <\/p>\n\n\n\n<div class=\"wp-block-image\"><figure class=\"aligncenter size-large\"><img loading=\"lazy\" decoding=\"async\" width=\"673\" height=\"335\" src=\"https:\/\/dhg1h5j42swfq.cloudfront.net\/2020\/03\/30181355\/image-359.png\" alt=\"\" class=\"wp-image-498169\" srcset=\"https:\/\/dhg1h5j42swfq.cloudfront.net\/2020\/03\/30181355\/image-359.png 673w, https:\/\/dhg1h5j42swfq.cloudfront.net\/2020\/03\/30181355\/image-359-300x149.png 300w, https:\/\/dhg1h5j42swfq.cloudfront.net\/2020\/03\/30181355\/image-359-610x304.png 610w\" sizes=\"auto, (max-width: 673px) 100vw, 673px\" \/><\/figure><\/div>\n\n\n\n<h3 class=\"wp-block-heading\">Prova Pr\u00e1tico-Profissional<\/h3>\n\n\n\n<p>A prova pr\u00e1tico-profissional visa tamb\u00e9m avaliar habilidades e conhecimentos te\u00f3ricos necess\u00e1rios ao desempenho pleno das atribui\u00e7\u00f5es do emprego p\u00fablico, tem car\u00e1ter eliminat\u00f3rio e classificat\u00f3rio. <\/p>\n\n\n\n<p>A prova ser\u00e1 composta de 1 (uma) quest\u00e3o discursiva para a elabora\u00e7\u00e3o de um Parecer Jur\u00eddico sobre qualquer um dos temas constantes dos Conhecimentos Espec\u00edficos exigidos neste edital.<\/p>\n\n\n\n<p>A prova ser\u00e1 avaliada na escala de 0 (zero) a 30 (trinta) pontos, considerando dois crit\u00e9rios: Estrutura b\u00e1sica e Conte\u00fado. <\/p>\n\n\n\n<h3 class=\"wp-block-heading\">Avalia\u00e7\u00e3o de T\u00ectulos<\/h3>\n\n\n\n<p>A etapa de t\u00edtulos tem car\u00e1ter meramente classificat\u00f3rio e, portanto, n\u00e3o elimina do concurso p\u00fablico os candidatos que n\u00e3o apresentarem t\u00edtulos. <br \/><br \/>Todos os candidatos ao emprego p\u00fablico de Procurador do Munic\u00edpio presentes \u00e0 prova objetiva poder\u00e3o apresentar t\u00edtulos e somente ser\u00e3o avaliados os t\u00edtulos dos candidatos habilitados nas provas objetiva e pr\u00e1tico-profissional. <br \/><br \/>Os t\u00edtulos ser\u00e3o recebidos na mesma data d e local da presta\u00e7\u00e3o das provas objetiva e pr\u00e1tico-profissional. <\/p>\n\n\n\n<div class=\"wp-block-image\"><figure class=\"aligncenter size-large\"><img loading=\"lazy\" decoding=\"async\" width=\"669\" height=\"209\" src=\"https:\/\/dhg1h5j42swfq.cloudfront.net\/2020\/03\/30182508\/image-360.png\" alt=\"\" class=\"wp-image-498171\" srcset=\"https:\/\/dhg1h5j42swfq.cloudfront.net\/2020\/03\/30182508\/image-360.png 669w, https:\/\/dhg1h5j42swfq.cloudfront.net\/2020\/03\/30182508\/image-360-300x94.png 300w, https:\/\/dhg1h5j42swfq.cloudfront.net\/2020\/03\/30182508\/image-360-610x191.png 610w\" sizes=\"auto, (max-width: 669px) 100vw, 669px\" \/><\/figure><\/div>\n\n\n\n<figure class=\"wp-block-image\"><img loading=\"lazy\" decoding=\"async\" width=\"300\" height=\"102\" src=\"https:\/\/dhg1h5j42swfq.cloudfront.net\/2019\/05\/29143052\/coruja-ficha-tecnica-300x1025.png\" alt=\"Ficha T\u00e9cnica concurso PCDF\" class=\"wp-image-380136\"\/><\/figure>\n\n\n\n<h3 class=\"wp-block-heading\" id=\"ficha\"><strong>Informa\u00e7\u00f5es do Concurso C\u00e2mara de Guar\u00e1<\/strong><\/h3>\n\n\n\n<p>\u25ba<strong>Data prevista<\/strong>&nbsp;<strong>da prova:&nbsp;<\/strong>22 de novembro de 2020<br \/>\u25ba<strong>Vagas<\/strong>: 01<br \/>\u25ba<strong>Cargos<\/strong>: Procurador<br \/>\u25ba<strong>Banca<\/strong>: EAPC<br \/>\u25ba<strong>Escolaridade<\/strong>: N\u00edvel superior<br \/>\u25ba<strong>Edital<\/strong>:&nbsp;<a href=\"https:\/\/dhg1h5j42swfq.cloudfront.net\/2020\/03\/30183326\/edital-concurso-guara-sp-2020.pdf\">Concurso C\u00e2mara de Guar\u00e1<\/a><\/p>\n\n\n\n<p class=\"has-text-align-center\"><em><strong>Assinatura Anual Ilimitada*<\/strong><\/em><\/p>\n\n\n\n<p class=\"has-text-align-center\"><em>Prepare-se com o melhor material e com quem mais aprova em Concursos P\u00fablicos em todo o pa\u00eds. Assine agora a nossa Assinatura Anual e tenha acesso ilimitado* a todos os nossos cursos.<\/em><\/p>\n","protected":false},"excerpt":{"rendered":"<p>Foi publicado o adiamento da etapa de provas do concurso C\u00e2mara de Guar\u00e1, munic\u00edpio do estado de S\u00e3o Paulo, com oferta de 1 vaga para Procurador Jur\u00eddico, de n\u00edvel superior. A etapa de provas, marcada para o dia 20 de setembro de 2020, agora ser\u00e1 realizada em 22 de novembro de 2020. O comunicado refor\u00e7a [&hellip;]<\/p>\n","protected":false},"author":657,"featured_media":0,"comment_status":"open","ping_status":"closed","sticky":false,"template":"","format":"standard","meta":{"post_tipo":"article","footnotes":""},"categories":[1],"tags":[],"tax_estado":[],"class_list":["post-498150","post","type-post","status-publish","format-standard","hentry","category-cursos-e-concursos"],"acf":[],"yoast_head":"<!-- This site is optimized with the Yoast SEO Premium plugin v27.2 (Yoast SEO v27.2) - https:\/\/yoast.com\/product\/yoast-seo-premium-wordpress\/ -->\n<title>Concurso C\u00e2mara de Guar\u00e1 SP: provas ADIADAS. Saiba mais!<\/title>\n<meta name=\"description\" content=\"Foi publicado um novo edital do concurso C\u00e2mara de Guar\u00e1 com oferta para Procurador Jur\u00eddico, de n\u00edvel superior. Confira no site!\" \/>\n<meta name=\"robots\" content=\"index, follow, max-snippet:-1, max-image-preview:large, max-video-preview:-1\" \/>\n<link rel=\"canonical\" href=\"https:\/\/www.estrategiaconcursos.com.br\/blog\/edital-camara-de-guara-sp\/\" \/>\n<meta property=\"og:locale\" content=\"pt_BR\" \/>\n<meta property=\"og:type\" content=\"article\" \/>\n<meta property=\"og:title\" content=\"Concurso C\u00e2mara de Guar\u00e1 SP: provas ADIADAS. Saiba mais!\" \/>\n<meta property=\"og:description\" content=\"Foi publicado um novo edital do concurso C\u00e2mara de Guar\u00e1 com oferta para Procurador Jur\u00eddico, de n\u00edvel superior. Confira no site!\" \/>\n<meta property=\"og:url\" content=\"https:\/\/www.estrategiaconcursos.com.br\/blog\/edital-camara-de-guara-sp\/\" \/>\n<meta property=\"og:site_name\" content=\"Estrat\u00e9gia Concursos\" \/>\n<meta property=\"article:published_time\" content=\"2020-09-16T16:00:00+00:00\" \/>\n<meta property=\"article:modified_time\" content=\"2020-11-11T12:59:28+00:00\" \/>\n<meta property=\"og:image\" content=\"https:\/\/www.estrategiaconcursos.com.br\/blog\/wp-content\/uploads\/2020\/03\/image-358.png\" \/>\n<meta name=\"author\" content=\"Nat\u00e1lia Scarano\" \/>\n<meta name=\"twitter:card\" content=\"summary_large_image\" \/>\n<meta name=\"twitter:creator\" content=\"@EstratConcursos\" \/>\n<meta name=\"twitter:site\" content=\"@EstratConcursos\" \/>\n<meta name=\"twitter:label1\" content=\"Escrito por\" \/>\n\t<meta name=\"twitter:data1\" content=\"Nat\u00e1lia Scarano\" \/>\n\t<meta name=\"twitter:label2\" content=\"Est. tempo de leitura\" \/>\n\t<meta name=\"twitter:data2\" content=\"3 minutos\" \/>\n<script type=\"application\/ld+json\" class=\"yoast-schema-graph\">{\"@context\":\"https:\/\/schema.org\",\"@graph\":[{\"@type\":\"NewsArticle\",\"@id\":\"https:\/\/www.estrategiaconcursos.com.br\/blog\/edital-camara-de-guara-sp\/#article\",\"isPartOf\":{\"@id\":\"https:\/\/www.estrategiaconcursos.com.br\/blog\/edital-camara-de-guara-sp\/\"},\"author\":{\"name\":\"Nat\u00e1lia Scarano\",\"@id\":\"https:\/\/www.estrategiaconcursos.com.br\/blog\/#\/schema\/person\/751aedf909a9d10cb23ce6ac527ce0f2\"},\"headline\":\"Concurso C\u00e2mara de Guar\u00e1 SP: provas ADIADAS. Saiba mais!\",\"datePublished\":\"2020-09-16T16:00:00+00:00\",\"dateModified\":\"2020-11-11T12:59:28+00:00\",\"mainEntityOfPage\":{\"@id\":\"https:\/\/www.estrategiaconcursos.com.br\/blog\/edital-camara-de-guara-sp\/\"},\"wordCount\":565,\"commentCount\":0,\"publisher\":{\"@id\":\"https:\/\/www.estrategiaconcursos.com.br\/blog\/#organization\"},\"image\":{\"@id\":\"https:\/\/www.estrategiaconcursos.com.br\/blog\/edital-camara-de-guara-sp\/#primaryimage\"},\"thumbnailUrl\":\"https:\/\/www.estrategiaconcursos.com.br\/blog\/wp-content\/uploads\/2020\/03\/image-358.png\",\"articleSection\":[\"Concursos P\u00fablicos\"],\"inLanguage\":\"pt-BR\",\"potentialAction\":[{\"@type\":\"CommentAction\",\"name\":\"Comment\",\"target\":[\"https:\/\/www.estrategiaconcursos.com.br\/blog\/edital-camara-de-guara-sp\/#respond\"]}],\"copyrightYear\":\"2020\",\"copyrightHolder\":{\"@id\":\"https:\/\/www.estrategiaconcursos.com.br\/blog\/#organization\"}},{\"@type\":\"WebPage\",\"@id\":\"https:\/\/www.estrategiaconcursos.com.br\/blog\/edital-camara-de-guara-sp\/\",\"url\":\"https:\/\/www.estrategiaconcursos.com.br\/blog\/edital-camara-de-guara-sp\/\",\"name\":\"Concurso C\u00e2mara de Guar\u00e1 SP: provas ADIADAS. Saiba mais!\",\"isPartOf\":{\"@id\":\"https:\/\/www.estrategiaconcursos.com.br\/blog\/#website\"},\"primaryImageOfPage\":{\"@id\":\"https:\/\/www.estrategiaconcursos.com.br\/blog\/edital-camara-de-guara-sp\/#primaryimage\"},\"image\":{\"@id\":\"https:\/\/www.estrategiaconcursos.com.br\/blog\/edital-camara-de-guara-sp\/#primaryimage\"},\"thumbnailUrl\":\"https:\/\/www.estrategiaconcursos.com.br\/blog\/wp-content\/uploads\/2020\/03\/image-358.png\",\"datePublished\":\"2020-09-16T16:00:00+00:00\",\"dateModified\":\"2020-11-11T12:59:28+00:00\",\"description\":\"Foi publicado um novo edital do concurso C\u00e2mara de Guar\u00e1 com oferta para Procurador Jur\u00eddico, de n\u00edvel superior. Confira no site!\",\"breadcrumb\":{\"@id\":\"https:\/\/www.estrategiaconcursos.com.br\/blog\/edital-camara-de-guara-sp\/#breadcrumb\"},\"inLanguage\":\"pt-BR\",\"potentialAction\":[{\"@type\":\"ReadAction\",\"target\":[\"https:\/\/www.estrategiaconcursos.com.br\/blog\/edital-camara-de-guara-sp\/\"]}]},{\"@type\":\"ImageObject\",\"inLanguage\":\"pt-BR\",\"@id\":\"https:\/\/www.estrategiaconcursos.com.br\/blog\/edital-camara-de-guara-sp\/#primaryimage\",\"url\":\"https:\/\/dhg1h5j42swfq.cloudfront.net\/2020\/03\/30175234\/image-358.png\",\"contentUrl\":\"https:\/\/dhg1h5j42swfq.cloudfront.net\/2020\/03\/30175234\/image-358.png\",\"width\":675,\"height\":79},{\"@type\":\"BreadcrumbList\",\"@id\":\"https:\/\/www.estrategiaconcursos.com.br\/blog\/edital-camara-de-guara-sp\/#breadcrumb\",\"itemListElement\":[{\"@type\":\"ListItem\",\"position\":1,\"name\":\"In\u00edcio\",\"item\":\"https:\/\/www.estrategiaconcursos.com.br\/blog\/\"},{\"@type\":\"ListItem\",\"position\":2,\"name\":\"Concurso C\u00e2mara de Guar\u00e1 SP: provas ADIADAS. Saiba mais!\"}]},{\"@type\":\"WebSite\",\"@id\":\"https:\/\/www.estrategiaconcursos.com.br\/blog\/#website\",\"url\":\"https:\/\/www.estrategiaconcursos.com.br\/blog\/\",\"name\":\"Estrat\u00e9gia Concursos\",\"description\":\"O blog da Estrat\u00e9gia Concursos traz not\u00edcias sobre concursos e artigos de professores oferecendo cursos para concursos (pdf + videaulas) no site.\",\"publisher\":{\"@id\":\"https:\/\/www.estrategiaconcursos.com.br\/blog\/#organization\"},\"potentialAction\":[{\"@type\":\"SearchAction\",\"target\":{\"@type\":\"EntryPoint\",\"urlTemplate\":\"https:\/\/www.estrategiaconcursos.com.br\/blog\/?s={search_term_string}\"},\"query-input\":{\"@type\":\"PropertyValueSpecification\",\"valueRequired\":true,\"valueName\":\"search_term_string\"}}],\"inLanguage\":\"pt-BR\"},{\"@type\":\"Organization\",\"@id\":\"https:\/\/www.estrategiaconcursos.com.br\/blog\/#organization\",\"name\":\"Estrat\u00e9gia Concursos\",\"url\":\"https:\/\/www.estrategiaconcursos.com.br\/blog\/\",\"logo\":{\"@type\":\"ImageObject\",\"inLanguage\":\"pt-BR\",\"@id\":\"https:\/\/www.estrategiaconcursos.com.br\/blog\/#\/schema\/logo\/image\/\",\"url\":\"https:\/\/dhg1h5j42swfq.cloudfront.net\/2025\/06\/03203428\/logo_concursos-1.jpg\",\"contentUrl\":\"https:\/\/dhg1h5j42swfq.cloudfront.net\/2025\/06\/03203428\/logo_concursos-1.jpg\",\"width\":230,\"height\":60,\"caption\":\"Estrat\u00e9gia Concursos\"},\"image\":{\"@id\":\"https:\/\/www.estrategiaconcursos.com.br\/blog\/#\/schema\/logo\/image\/\"},\"sameAs\":[\"https:\/\/x.com\/EstratConcursos\"]},{\"@type\":\"Person\",\"@id\":\"https:\/\/www.estrategiaconcursos.com.br\/blog\/#\/schema\/person\/751aedf909a9d10cb23ce6ac527ce0f2\",\"name\":\"Nat\u00e1lia Scarano\",\"image\":{\"@type\":\"ImageObject\",\"inLanguage\":\"pt-BR\",\"@id\":\"https:\/\/secure.gravatar.com\/avatar\/8a889b8db3dbd227a1a78627357ec8fe64f5e99189d1889a270127828ab372ac?s=96&d=mm&r=g\",\"url\":\"https:\/\/secure.gravatar.com\/avatar\/8a889b8db3dbd227a1a78627357ec8fe64f5e99189d1889a270127828ab372ac?s=96&d=mm&r=g\",\"contentUrl\":\"https:\/\/secure.gravatar.com\/avatar\/8a889b8db3dbd227a1a78627357ec8fe64f5e99189d1889a270127828ab372ac?s=96&d=mm&r=g\",\"caption\":\"Nat\u00e1lia Scarano\"},\"description\":\"Jornalista, formada e p\u00f3s graduada pelo IESB, faz parte do time de jornalistas do Estrat\u00e9gia desde 2017. Possui familiaridade com as \u00e1reas de Tribunais, Defensorias, Procuradorias, Minist\u00e9rios P\u00fablicos, Conselhos, Educa\u00e7\u00e3o, \u00c1rea de Seguran\u00e7a, concursos de Carreiras Jur\u00eddicas e OAB. Experi\u00eancia em marketing digital, assessoria de comunica\u00e7\u00e3o e institucional na \u00e1rea privada e p\u00fablica, com atua\u00e7\u00e3o em \u00f3rg\u00e3os como CGU, Cofen e CNM.\",\"url\":\"https:\/\/www.estrategiaconcursos.com.br\/blog\/author\/natalia-scaranoestrategiaconcursos-com-br\/\"}]}<\/script>\n<!-- \/ Yoast SEO Premium plugin. -->","yoast_head_json":{"title":"Concurso C\u00e2mara de Guar\u00e1 SP: provas ADIADAS. Saiba mais!","description":"Foi publicado um novo edital do concurso C\u00e2mara de Guar\u00e1 com oferta para Procurador Jur\u00eddico, de n\u00edvel superior. Confira no site!","robots":{"index":"index","follow":"follow","max-snippet":"max-snippet:-1","max-image-preview":"max-image-preview:large","max-video-preview":"max-video-preview:-1"},"canonical":"https:\/\/www.estrategiaconcursos.com.br\/blog\/edital-camara-de-guara-sp\/","og_locale":"pt_BR","og_type":"article","og_title":"Concurso C\u00e2mara de Guar\u00e1 SP: provas ADIADAS. Saiba mais!","og_description":"Foi publicado um novo edital do concurso C\u00e2mara de Guar\u00e1 com oferta para Procurador Jur\u00eddico, de n\u00edvel superior. Confira no site!","og_url":"https:\/\/www.estrategiaconcursos.com.br\/blog\/edital-camara-de-guara-sp\/","og_site_name":"Estrat\u00e9gia Concursos","article_published_time":"2020-09-16T16:00:00+00:00","article_modified_time":"2020-11-11T12:59:28+00:00","og_image":[{"url":"https:\/\/www.estrategiaconcursos.com.br\/blog\/wp-content\/uploads\/2020\/03\/image-358.png","type":"","width":"","height":""}],"author":"Nat\u00e1lia Scarano","twitter_card":"summary_large_image","twitter_creator":"@EstratConcursos","twitter_site":"@EstratConcursos","twitter_misc":{"Escrito por":"Nat\u00e1lia Scarano","Est. tempo de leitura":"3 minutos"},"schema":{"@context":"https:\/\/schema.org","@graph":[{"@type":"NewsArticle","@id":"https:\/\/www.estrategiaconcursos.com.br\/blog\/edital-camara-de-guara-sp\/#article","isPartOf":{"@id":"https:\/\/www.estrategiaconcursos.com.br\/blog\/edital-camara-de-guara-sp\/"},"author":{"name":"Nat\u00e1lia Scarano","@id":"https:\/\/www.estrategiaconcursos.com.br\/blog\/#\/schema\/person\/751aedf909a9d10cb23ce6ac527ce0f2"},"headline":"Concurso C\u00e2mara de Guar\u00e1 SP: provas ADIADAS. Saiba mais!","datePublished":"2020-09-16T16:00:00+00:00","dateModified":"2020-11-11T12:59:28+00:00","mainEntityOfPage":{"@id":"https:\/\/www.estrategiaconcursos.com.br\/blog\/edital-camara-de-guara-sp\/"},"wordCount":565,"commentCount":0,"publisher":{"@id":"https:\/\/www.estrategiaconcursos.com.br\/blog\/#organization"},"image":{"@id":"https:\/\/www.estrategiaconcursos.com.br\/blog\/edital-camara-de-guara-sp\/#primaryimage"},"thumbnailUrl":"https:\/\/www.estrategiaconcursos.com.br\/blog\/wp-content\/uploads\/2020\/03\/image-358.png","articleSection":["Concursos P\u00fablicos"],"inLanguage":"pt-BR","potentialAction":[{"@type":"CommentAction","name":"Comment","target":["https:\/\/www.estrategiaconcursos.com.br\/blog\/edital-camara-de-guara-sp\/#respond"]}],"copyrightYear":"2020","copyrightHolder":{"@id":"https:\/\/www.estrategiaconcursos.com.br\/blog\/#organization"}},{"@type":"WebPage","@id":"https:\/\/www.estrategiaconcursos.com.br\/blog\/edital-camara-de-guara-sp\/","url":"https:\/\/www.estrategiaconcursos.com.br\/blog\/edital-camara-de-guara-sp\/","name":"Concurso C\u00e2mara de Guar\u00e1 SP: provas ADIADAS. Saiba mais!","isPartOf":{"@id":"https:\/\/www.estrategiaconcursos.com.br\/blog\/#website"},"primaryImageOfPage":{"@id":"https:\/\/www.estrategiaconcursos.com.br\/blog\/edital-camara-de-guara-sp\/#primaryimage"},"image":{"@id":"https:\/\/www.estrategiaconcursos.com.br\/blog\/edital-camara-de-guara-sp\/#primaryimage"},"thumbnailUrl":"https:\/\/www.estrategiaconcursos.com.br\/blog\/wp-content\/uploads\/2020\/03\/image-358.png","datePublished":"2020-09-16T16:00:00+00:00","dateModified":"2020-11-11T12:59:28+00:00","description":"Foi publicado um novo edital do concurso C\u00e2mara de Guar\u00e1 com oferta para Procurador Jur\u00eddico, de n\u00edvel superior. Confira no site!","breadcrumb":{"@id":"https:\/\/www.estrategiaconcursos.com.br\/blog\/edital-camara-de-guara-sp\/#breadcrumb"},"inLanguage":"pt-BR","potentialAction":[{"@type":"ReadAction","target":["https:\/\/www.estrategiaconcursos.com.br\/blog\/edital-camara-de-guara-sp\/"]}]},{"@type":"ImageObject","inLanguage":"pt-BR","@id":"https:\/\/www.estrategiaconcursos.com.br\/blog\/edital-camara-de-guara-sp\/#primaryimage","url":"https:\/\/dhg1h5j42swfq.cloudfront.net\/2020\/03\/30175234\/image-358.png","contentUrl":"https:\/\/dhg1h5j42swfq.cloudfront.net\/2020\/03\/30175234\/image-358.png","width":675,"height":79},{"@type":"BreadcrumbList","@id":"https:\/\/www.estrategiaconcursos.com.br\/blog\/edital-camara-de-guara-sp\/#breadcrumb","itemListElement":[{"@type":"ListItem","position":1,"name":"In\u00edcio","item":"https:\/\/www.estrategiaconcursos.com.br\/blog\/"},{"@type":"ListItem","position":2,"name":"Concurso C\u00e2mara de Guar\u00e1 SP: provas ADIADAS. Saiba mais!"}]},{"@type":"WebSite","@id":"https:\/\/www.estrategiaconcursos.com.br\/blog\/#website","url":"https:\/\/www.estrategiaconcursos.com.br\/blog\/","name":"Estrat\u00e9gia Concursos","description":"O blog da Estrat\u00e9gia Concursos traz not\u00edcias sobre concursos e artigos de professores oferecendo cursos para concursos (pdf + videaulas) no site.","publisher":{"@id":"https:\/\/www.estrategiaconcursos.com.br\/blog\/#organization"},"potentialAction":[{"@type":"SearchAction","target":{"@type":"EntryPoint","urlTemplate":"https:\/\/www.estrategiaconcursos.com.br\/blog\/?s={search_term_string}"},"query-input":{"@type":"PropertyValueSpecification","valueRequired":true,"valueName":"search_term_string"}}],"inLanguage":"pt-BR"},{"@type":"Organization","@id":"https:\/\/www.estrategiaconcursos.com.br\/blog\/#organization","name":"Estrat\u00e9gia Concursos","url":"https:\/\/www.estrategiaconcursos.com.br\/blog\/","logo":{"@type":"ImageObject","inLanguage":"pt-BR","@id":"https:\/\/www.estrategiaconcursos.com.br\/blog\/#\/schema\/logo\/image\/","url":"https:\/\/dhg1h5j42swfq.cloudfront.net\/2025\/06\/03203428\/logo_concursos-1.jpg","contentUrl":"https:\/\/dhg1h5j42swfq.cloudfront.net\/2025\/06\/03203428\/logo_concursos-1.jpg","width":230,"height":60,"caption":"Estrat\u00e9gia Concursos"},"image":{"@id":"https:\/\/www.estrategiaconcursos.com.br\/blog\/#\/schema\/logo\/image\/"},"sameAs":["https:\/\/x.com\/EstratConcursos"]},{"@type":"Person","@id":"https:\/\/www.estrategiaconcursos.com.br\/blog\/#\/schema\/person\/751aedf909a9d10cb23ce6ac527ce0f2","name":"Nat\u00e1lia Scarano","image":{"@type":"ImageObject","inLanguage":"pt-BR","@id":"https:\/\/secure.gravatar.com\/avatar\/8a889b8db3dbd227a1a78627357ec8fe64f5e99189d1889a270127828ab372ac?s=96&d=mm&r=g","url":"https:\/\/secure.gravatar.com\/avatar\/8a889b8db3dbd227a1a78627357ec8fe64f5e99189d1889a270127828ab372ac?s=96&d=mm&r=g","contentUrl":"https:\/\/secure.gravatar.com\/avatar\/8a889b8db3dbd227a1a78627357ec8fe64f5e99189d1889a270127828ab372ac?s=96&d=mm&r=g","caption":"Nat\u00e1lia Scarano"},"description":"Jornalista, formada e p\u00f3s graduada pelo IESB, faz parte do time de jornalistas do Estrat\u00e9gia desde 2017. Possui familiaridade com as \u00e1reas de Tribunais, Defensorias, Procuradorias, Minist\u00e9rios P\u00fablicos, Conselhos, Educa\u00e7\u00e3o, \u00c1rea de Seguran\u00e7a, concursos de Carreiras Jur\u00eddicas e OAB. Experi\u00eancia em marketing digital, assessoria de comunica\u00e7\u00e3o e institucional na \u00e1rea privada e p\u00fablica, com atua\u00e7\u00e3o em \u00f3rg\u00e3os como CGU, Cofen e CNM.","url":"https:\/\/www.estrategiaconcursos.com.br\/blog\/author\/natalia-scaranoestrategiaconcursos-com-br\/"}]}},"_links":{"self":[{"href":"https:\/\/www.estrategiaconcursos.com.br\/blog\/wp-json\/wp\/v2\/posts\/498150","targetHints":{"allow":["GET"]}}],"collection":[{"href":"https:\/\/www.estrategiaconcursos.com.br\/blog\/wp-json\/wp\/v2\/posts"}],"about":[{"href":"https:\/\/www.estrategiaconcursos.com.br\/blog\/wp-json\/wp\/v2\/types\/post"}],"author":[{"embeddable":true,"href":"https:\/\/www.estrategiaconcursos.com.br\/blog\/wp-json\/wp\/v2\/users\/657"}],"replies":[{"embeddable":true,"href":"https:\/\/www.estrategiaconcursos.com.br\/blog\/wp-json\/wp\/v2\/comments?post=498150"}],"version-history":[{"count":11,"href":"https:\/\/www.estrategiaconcursos.com.br\/blog\/wp-json\/wp\/v2\/posts\/498150\/revisions"}],"predecessor-version":[{"id":608698,"href":"https:\/\/www.estrategiaconcursos.com.br\/blog\/wp-json\/wp\/v2\/posts\/498150\/revisions\/608698"}],"wp:attachment":[{"href":"https:\/\/www.estrategiaconcursos.com.br\/blog\/wp-json\/wp\/v2\/media?parent=498150"}],"wp:term":[{"taxonomy":"category","embeddable":true,"href":"https:\/\/www.estrategiaconcursos.com.br\/blog\/wp-json\/wp\/v2\/categories?post=498150"},{"taxonomy":"post_tag","embeddable":true,"href":"https:\/\/www.estrategiaconcursos.com.br\/blog\/wp-json\/wp\/v2\/tags?post=498150"},{"taxonomy":"tax_estado","embeddable":true,"href":"https:\/\/www.estrategiaconcursos.com.br\/blog\/wp-json\/wp\/v2\/tax_estado?post=498150"}],"curies":[{"name":"wp","href":"https:\/\/api.w.org\/{rel}","templated":true}]}}