{"id":497907,"date":"2020-03-30T12:14:27","date_gmt":"2020-03-30T15:14:27","guid":{"rendered":"https:\/\/www.estrategiaconcursos.com.br\/blog\/?p=497907"},"modified":"2020-03-30T15:06:52","modified_gmt":"2020-03-30T18:06:52","slug":"tcdf-pede-abertura-concurso-procon-df","status":"publish","type":"post","link":"https:\/\/www.estrategiaconcursos.com.br\/blog\/tcdf-pede-abertura-concurso-procon-df\/","title":{"rendered":"TCDF pede abertura imediata do concurso PROCON DF"},"content":{"rendered":"\n<p>O Tribunal de Contas do Distrito Federal divulgou um documento solicitando a imediata abertura do concurso PROCON DF, que deve ofertar vagas para os cargos de T\u00e9cnico, Analista e Fiscal de Atividade de Defesa do Consumidor. <\/p>\n\n\n\n<p>Segundo o documento divulgado, a medida de abertura do certame visa substituir servidores comissionados desviados de fun\u00e7\u00e3o por servidores efetivos. Vale ressaltar que o quantitativo de vagas que ser\u00e3o ofertadas no concurso ainda n\u00e3o foi anunciado pelo \u00f3rg\u00e3o. <\/p>\n\n\n\n<p>A equipe de jornalismo do Estrat\u00e9gia Concursos segue em contato com o TCDF e o Procon DF para obter maiores informa\u00e7\u00f5es a respeito do certame.<\/p>\n\n\n\n<p>No inicio desse ano, foi divulgada uma Portaria que prorrogava o prazo para conclus\u00e3o dos estudos t\u00e9cnicos que visam a realiza\u00e7\u00e3o do certame. A prorroga\u00e7\u00e3o \u00e9 de mais 30 dias contando a partir de 16 de mar\u00e7o. Sendo assim, o<strong>&nbsp;novo prazo deve se encerrar em 15 de abril de 2020<\/strong>.<\/p>\n\n\n\n<p><strong>Confira abaixo o documento que solicita abertura do concurso PROCON DF: <\/strong><\/p>\n\n\n\n<div class=\"wp-block-image\"><figure class=\"aligncenter size-large is-resized\"><img loading=\"lazy\" decoding=\"async\" src=\"https:\/\/dhg1h5j42swfq.cloudfront.net\/2020\/03\/30121148\/procondf.jpg\" alt=\"\" class=\"wp-image-497933\" width=\"508\" height=\"362\" srcset=\"https:\/\/dhg1h5j42swfq.cloudfront.net\/2020\/03\/30121148\/procondf.jpg 591w, https:\/\/dhg1h5j42swfq.cloudfront.net\/2020\/03\/30121148\/procondf-300x214.jpg 300w\" sizes=\"auto, (max-width: 508px) 100vw, 508px\" \/><\/figure><\/div>\n\n\n\n<p>O \u00faltimo edital do Concurso Procon DF foi publicado em 2011, quando foram ofertadas 200 vagas para cargos de n\u00edvel m\u00e9dio e superior. A organiza\u00e7\u00e3o do certame ficou por conta do Instituto Americano de Desenvolvimento, o <strong>IADES<\/strong>.<\/p>\n\n\n\n<p>O concurso foi homologado em 2012 e, posteriormente, prorrogado por mais dois anos. Por\u00e9m, em fevereiro de 2016, a validade do concurso foi suspensa por conta de recomenda\u00e7\u00e3o do Tribunal de Contas, que determinou que os candidatos aprovados dentro do n\u00famero de vagas estabelecidas no certame fossem nomeados.<\/p>\n\n\n\n<p class=\"has-text-align-center\"><strong>Quer saber mais informa\u00e7\u00f5es sobre o concurso Procon DF? Acesse o link abaixo e veja tudo na \u00edntegra!!<\/strong><\/p>\n\n\n\n<p style=\"font-size:22px\" class=\"has-background has-text-align-center has-very-light-gray-background-color\"><strong>Saiba mais: <a href=\"https:\/\/www.estrategiaconcursos.com.br\/blog\/concurso-procon-df\/\" target=\"_blank\" rel=\"noreferrer noopener\" aria-label=\"Concurso Procon DF (abre numa nova aba)\">Concurso Procon DF<\/a><\/strong><\/p>\n\n\n\n<h2 class=\"has-text-align-center wp-block-heading\" id=\"cursos-assinatura\"><strong><em>Quer estudar para o Concurso Procon DF?<\/em><\/strong><\/h2>\n\n\n\n<p class=\"has-text-align-center\"><em>Gostou desta oportunidade e deseja come\u00e7ar se preparar agora mesmo? Ent\u00e3o, confira os nossos cursos e comece a estudar para PROCON DF:<\/em><\/p>\n\n\n\n<p style=\"font-size:22px\" class=\"has-background has-text-align-center has-luminous-vivid-amber-background-color\"><strong><a rel=\"noreferrer noopener\" href=\"https:\/\/www.estrategiaconcursos.com.br\/cursosPorConcurso\/instituto-de-defesa-do-consumidor-do-distrito-federal-procon-df\/\" target=\"_blank\">CURSO PROCON DF<\/a><\/strong><\/p>\n\n\n\n<p class=\"has-background has-text-align-center has-pale-cyan-blue-background-color\"><strong><a href=\"https:\/\/www.estrategiaconcursos.com.br\/blog\/concursos-abertos\/\" target=\"_blank\" rel=\"noreferrer noopener\">CONCURSOS ABERTOS<\/a><\/strong><\/p>\n\n\n\n<p class=\"has-background has-text-align-center has-pale-cyan-blue-background-color\"><strong><a rel=\"noreferrer noopener\" href=\"https:\/\/www.estrategiaconcursos.com.br\/blog\/concursos-2020\/\" target=\"_blank\">CONCURSOS&nbsp;2020<\/a><\/strong><\/p>\n","protected":false},"excerpt":{"rendered":"<p>O Tribunal de Contas do Distrito Federal divulgou um documento solicitando a imediata abertura do concurso PROCON DF, que deve ofertar vagas para os cargos de T\u00e9cnico, Analista e Fiscal de Atividade de Defesa do Consumidor. Segundo o documento divulgado, a medida de abertura do certame visa substituir servidores comissionados desviados de fun\u00e7\u00e3o por servidores [&hellip;]<\/p>\n","protected":false},"author":248,"featured_media":380612,"comment_status":"open","ping_status":"closed","sticky":false,"template":"","format":"standard","meta":{"post_tipo":"article","footnotes":""},"categories":[1],"tags":[],"tax_estado":[],"class_list":["post-497907","post","type-post","status-publish","format-standard","has-post-thumbnail","hentry","category-cursos-e-concursos"],"acf":[],"yoast_head":"<!-- This site is optimized with the Yoast SEO Premium plugin v27.2 (Yoast SEO v27.2) - https:\/\/yoast.com\/product\/yoast-seo-premium-wordpress\/ -->\n<title>TCDF pede abertura imediata do concurso PROCON DF<\/title>\n<meta name=\"description\" content=\"O Tribunal de Contas do Distrito Federal divulgou um documento solicitando \u00e0 imediata abertura do concurso p\u00fablico do PROCON DF.\" \/>\n<meta name=\"robots\" content=\"index, follow, max-snippet:-1, max-image-preview:large, max-video-preview:-1\" \/>\n<link rel=\"canonical\" href=\"https:\/\/www.estrategiaconcursos.com.br\/blog\/tcdf-pede-abertura-concurso-procon-df\/\" \/>\n<meta property=\"og:locale\" content=\"pt_BR\" \/>\n<meta property=\"og:type\" content=\"article\" \/>\n<meta property=\"og:title\" content=\"TCDF pede abertura imediata do concurso PROCON DF\" \/>\n<meta property=\"og:description\" content=\"O Tribunal de Contas do Distrito Federal divulgou um documento solicitando \u00e0 imediata abertura do concurso p\u00fablico do PROCON DF.\" \/>\n<meta property=\"og:url\" content=\"https:\/\/www.estrategiaconcursos.com.br\/blog\/tcdf-pede-abertura-concurso-procon-df\/\" \/>\n<meta property=\"og:site_name\" content=\"Estrat\u00e9gia Concursos\" \/>\n<meta property=\"article:published_time\" content=\"2020-03-30T15:14:27+00:00\" \/>\n<meta property=\"article:modified_time\" content=\"2020-03-30T18:06:52+00:00\" \/>\n<meta property=\"og:image\" content=\"https:\/\/dhg1h5j42swfq.cloudfront.net\/2019\/05\/30114409\/PROCON-DF-e1559227456337.jpg\" \/>\n\t<meta property=\"og:image:width\" content=\"400\" \/>\n\t<meta property=\"og:image:height\" content=\"209\" \/>\n\t<meta property=\"og:image:type\" content=\"image\/jpeg\" \/>\n<meta name=\"author\" content=\"Marcos Gir\u00e3o\" \/>\n<meta name=\"twitter:card\" content=\"summary_large_image\" \/>\n<meta name=\"twitter:creator\" content=\"@EstratConcursos\" \/>\n<meta name=\"twitter:site\" content=\"@EstratConcursos\" \/>\n<meta name=\"twitter:label1\" content=\"Escrito por\" \/>\n\t<meta name=\"twitter:data1\" content=\"Marcos Gir\u00e3o\" \/>\n\t<meta name=\"twitter:label2\" content=\"Est. tempo de leitura\" \/>\n\t<meta name=\"twitter:data2\" content=\"2 minutos\" \/>\n<script type=\"application\/ld+json\" class=\"yoast-schema-graph\">{\"@context\":\"https:\/\/schema.org\",\"@graph\":[{\"@type\":\"NewsArticle\",\"@id\":\"https:\/\/www.estrategiaconcursos.com.br\/blog\/tcdf-pede-abertura-concurso-procon-df\/#article\",\"isPartOf\":{\"@id\":\"https:\/\/www.estrategiaconcursos.com.br\/blog\/tcdf-pede-abertura-concurso-procon-df\/\"},\"author\":{\"name\":\"Marcos Gir\u00e3o\",\"@id\":\"https:\/\/www.estrategiaconcursos.com.br\/blog\/#\/schema\/person\/6be195b7a02a8ca214472b848686bb37\"},\"headline\":\"TCDF pede abertura imediata do concurso PROCON DF\",\"datePublished\":\"2020-03-30T15:14:27+00:00\",\"dateModified\":\"2020-03-30T18:06:52+00:00\",\"mainEntityOfPage\":{\"@id\":\"https:\/\/www.estrategiaconcursos.com.br\/blog\/tcdf-pede-abertura-concurso-procon-df\/\"},\"wordCount\":326,\"commentCount\":1,\"publisher\":{\"@id\":\"https:\/\/www.estrategiaconcursos.com.br\/blog\/#organization\"},\"image\":{\"@id\":\"https:\/\/www.estrategiaconcursos.com.br\/blog\/tcdf-pede-abertura-concurso-procon-df\/#primaryimage\"},\"thumbnailUrl\":\"https:\/\/dhg1h5j42swfq.cloudfront.net\/2019\/05\/30114409\/PROCON-DF-e1559227456337.jpg\",\"articleSection\":[\"Concursos P\u00fablicos\"],\"inLanguage\":\"pt-BR\",\"potentialAction\":[{\"@type\":\"CommentAction\",\"name\":\"Comment\",\"target\":[\"https:\/\/www.estrategiaconcursos.com.br\/blog\/tcdf-pede-abertura-concurso-procon-df\/#respond\"]}],\"copyrightYear\":\"2020\",\"copyrightHolder\":{\"@id\":\"https:\/\/www.estrategiaconcursos.com.br\/blog\/#organization\"}},{\"@type\":\"WebPage\",\"@id\":\"https:\/\/www.estrategiaconcursos.com.br\/blog\/tcdf-pede-abertura-concurso-procon-df\/\",\"url\":\"https:\/\/www.estrategiaconcursos.com.br\/blog\/tcdf-pede-abertura-concurso-procon-df\/\",\"name\":\"TCDF pede abertura imediata do concurso PROCON DF\",\"isPartOf\":{\"@id\":\"https:\/\/www.estrategiaconcursos.com.br\/blog\/#website\"},\"primaryImageOfPage\":{\"@id\":\"https:\/\/www.estrategiaconcursos.com.br\/blog\/tcdf-pede-abertura-concurso-procon-df\/#primaryimage\"},\"image\":{\"@id\":\"https:\/\/www.estrategiaconcursos.com.br\/blog\/tcdf-pede-abertura-concurso-procon-df\/#primaryimage\"},\"thumbnailUrl\":\"https:\/\/dhg1h5j42swfq.cloudfront.net\/2019\/05\/30114409\/PROCON-DF-e1559227456337.jpg\",\"datePublished\":\"2020-03-30T15:14:27+00:00\",\"dateModified\":\"2020-03-30T18:06:52+00:00\",\"description\":\"O Tribunal de Contas do Distrito Federal divulgou um documento solicitando \u00e0 imediata abertura do concurso p\u00fablico do PROCON DF.\",\"breadcrumb\":{\"@id\":\"https:\/\/www.estrategiaconcursos.com.br\/blog\/tcdf-pede-abertura-concurso-procon-df\/#breadcrumb\"},\"inLanguage\":\"pt-BR\",\"potentialAction\":[{\"@type\":\"ReadAction\",\"target\":[\"https:\/\/www.estrategiaconcursos.com.br\/blog\/tcdf-pede-abertura-concurso-procon-df\/\"]}]},{\"@type\":\"ImageObject\",\"inLanguage\":\"pt-BR\",\"@id\":\"https:\/\/www.estrategiaconcursos.com.br\/blog\/tcdf-pede-abertura-concurso-procon-df\/#primaryimage\",\"url\":\"https:\/\/dhg1h5j42swfq.cloudfront.net\/2019\/05\/30114409\/PROCON-DF-e1559227456337.jpg\",\"contentUrl\":\"https:\/\/dhg1h5j42swfq.cloudfront.net\/2019\/05\/30114409\/PROCON-DF-e1559227456337.jpg\",\"width\":400,\"height\":209,\"caption\":\"Concurso Procon DF 2021\"},{\"@type\":\"BreadcrumbList\",\"@id\":\"https:\/\/www.estrategiaconcursos.com.br\/blog\/tcdf-pede-abertura-concurso-procon-df\/#breadcrumb\",\"itemListElement\":[{\"@type\":\"ListItem\",\"position\":1,\"name\":\"In\u00edcio\",\"item\":\"https:\/\/www.estrategiaconcursos.com.br\/blog\/\"},{\"@type\":\"ListItem\",\"position\":2,\"name\":\"TCDF pede abertura imediata do concurso PROCON DF\"}]},{\"@type\":\"WebSite\",\"@id\":\"https:\/\/www.estrategiaconcursos.com.br\/blog\/#website\",\"url\":\"https:\/\/www.estrategiaconcursos.com.br\/blog\/\",\"name\":\"Estrat\u00e9gia Concursos\",\"description\":\"O blog da Estrat\u00e9gia Concursos traz not\u00edcias sobre concursos e artigos de professores oferecendo cursos para concursos (pdf + videaulas) no site.\",\"publisher\":{\"@id\":\"https:\/\/www.estrategiaconcursos.com.br\/blog\/#organization\"},\"potentialAction\":[{\"@type\":\"SearchAction\",\"target\":{\"@type\":\"EntryPoint\",\"urlTemplate\":\"https:\/\/www.estrategiaconcursos.com.br\/blog\/?s={search_term_string}\"},\"query-input\":{\"@type\":\"PropertyValueSpecification\",\"valueRequired\":true,\"valueName\":\"search_term_string\"}}],\"inLanguage\":\"pt-BR\"},{\"@type\":\"Organization\",\"@id\":\"https:\/\/www.estrategiaconcursos.com.br\/blog\/#organization\",\"name\":\"Estrat\u00e9gia Concursos\",\"url\":\"https:\/\/www.estrategiaconcursos.com.br\/blog\/\",\"logo\":{\"@type\":\"ImageObject\",\"inLanguage\":\"pt-BR\",\"@id\":\"https:\/\/www.estrategiaconcursos.com.br\/blog\/#\/schema\/logo\/image\/\",\"url\":\"https:\/\/dhg1h5j42swfq.cloudfront.net\/2025\/06\/03203428\/logo_concursos-1.jpg\",\"contentUrl\":\"https:\/\/dhg1h5j42swfq.cloudfront.net\/2025\/06\/03203428\/logo_concursos-1.jpg\",\"width\":230,\"height\":60,\"caption\":\"Estrat\u00e9gia Concursos\"},\"image\":{\"@id\":\"https:\/\/www.estrategiaconcursos.com.br\/blog\/#\/schema\/logo\/image\/\"},\"sameAs\":[\"https:\/\/x.com\/EstratConcursos\"]},{\"@type\":\"Person\",\"@id\":\"https:\/\/www.estrategiaconcursos.com.br\/blog\/#\/schema\/person\/6be195b7a02a8ca214472b848686bb37\",\"name\":\"Marcos Gir\u00e3o\",\"image\":{\"@type\":\"ImageObject\",\"inLanguage\":\"pt-BR\",\"@id\":\"https:\/\/secure.gravatar.com\/avatar\/ac5b9a36e2c99a8280e07b5763e3b764471d5b861c47521bfd2edffdfbb06fbd?s=96&d=mm&r=g\",\"url\":\"https:\/\/secure.gravatar.com\/avatar\/ac5b9a36e2c99a8280e07b5763e3b764471d5b861c47521bfd2edffdfbb06fbd?s=96&d=mm&r=g\",\"contentUrl\":\"https:\/\/secure.gravatar.com\/avatar\/ac5b9a36e2c99a8280e07b5763e3b764471d5b861c47521bfd2edffdfbb06fbd?s=96&d=mm&r=g\",\"caption\":\"Marcos Gir\u00e3o\"},\"url\":\"https:\/\/www.estrategiaconcursos.com.br\/blog\/author\/marcosgiraoestrategiaconcursos-com-br\/\"}]}<\/script>\n<!-- \/ Yoast SEO Premium plugin. -->","yoast_head_json":{"title":"TCDF pede abertura imediata do concurso PROCON DF","description":"O Tribunal de Contas do Distrito Federal divulgou um documento solicitando \u00e0 imediata abertura do concurso p\u00fablico do PROCON DF.","robots":{"index":"index","follow":"follow","max-snippet":"max-snippet:-1","max-image-preview":"max-image-preview:large","max-video-preview":"max-video-preview:-1"},"canonical":"https:\/\/www.estrategiaconcursos.com.br\/blog\/tcdf-pede-abertura-concurso-procon-df\/","og_locale":"pt_BR","og_type":"article","og_title":"TCDF pede abertura imediata do concurso PROCON DF","og_description":"O Tribunal de Contas do Distrito Federal divulgou um documento solicitando \u00e0 imediata abertura do concurso p\u00fablico do PROCON DF.","og_url":"https:\/\/www.estrategiaconcursos.com.br\/blog\/tcdf-pede-abertura-concurso-procon-df\/","og_site_name":"Estrat\u00e9gia Concursos","article_published_time":"2020-03-30T15:14:27+00:00","article_modified_time":"2020-03-30T18:06:52+00:00","og_image":[{"width":400,"height":209,"url":"https:\/\/dhg1h5j42swfq.cloudfront.net\/2019\/05\/30114409\/PROCON-DF-e1559227456337.jpg","type":"image\/jpeg"}],"author":"Marcos Gir\u00e3o","twitter_card":"summary_large_image","twitter_creator":"@EstratConcursos","twitter_site":"@EstratConcursos","twitter_misc":{"Escrito por":"Marcos Gir\u00e3o","Est. tempo de leitura":"2 minutos"},"schema":{"@context":"https:\/\/schema.org","@graph":[{"@type":"NewsArticle","@id":"https:\/\/www.estrategiaconcursos.com.br\/blog\/tcdf-pede-abertura-concurso-procon-df\/#article","isPartOf":{"@id":"https:\/\/www.estrategiaconcursos.com.br\/blog\/tcdf-pede-abertura-concurso-procon-df\/"},"author":{"name":"Marcos Gir\u00e3o","@id":"https:\/\/www.estrategiaconcursos.com.br\/blog\/#\/schema\/person\/6be195b7a02a8ca214472b848686bb37"},"headline":"TCDF pede abertura imediata do concurso PROCON DF","datePublished":"2020-03-30T15:14:27+00:00","dateModified":"2020-03-30T18:06:52+00:00","mainEntityOfPage":{"@id":"https:\/\/www.estrategiaconcursos.com.br\/blog\/tcdf-pede-abertura-concurso-procon-df\/"},"wordCount":326,"commentCount":1,"publisher":{"@id":"https:\/\/www.estrategiaconcursos.com.br\/blog\/#organization"},"image":{"@id":"https:\/\/www.estrategiaconcursos.com.br\/blog\/tcdf-pede-abertura-concurso-procon-df\/#primaryimage"},"thumbnailUrl":"https:\/\/dhg1h5j42swfq.cloudfront.net\/2019\/05\/30114409\/PROCON-DF-e1559227456337.jpg","articleSection":["Concursos P\u00fablicos"],"inLanguage":"pt-BR","potentialAction":[{"@type":"CommentAction","name":"Comment","target":["https:\/\/www.estrategiaconcursos.com.br\/blog\/tcdf-pede-abertura-concurso-procon-df\/#respond"]}],"copyrightYear":"2020","copyrightHolder":{"@id":"https:\/\/www.estrategiaconcursos.com.br\/blog\/#organization"}},{"@type":"WebPage","@id":"https:\/\/www.estrategiaconcursos.com.br\/blog\/tcdf-pede-abertura-concurso-procon-df\/","url":"https:\/\/www.estrategiaconcursos.com.br\/blog\/tcdf-pede-abertura-concurso-procon-df\/","name":"TCDF pede abertura imediata do concurso PROCON DF","isPartOf":{"@id":"https:\/\/www.estrategiaconcursos.com.br\/blog\/#website"},"primaryImageOfPage":{"@id":"https:\/\/www.estrategiaconcursos.com.br\/blog\/tcdf-pede-abertura-concurso-procon-df\/#primaryimage"},"image":{"@id":"https:\/\/www.estrategiaconcursos.com.br\/blog\/tcdf-pede-abertura-concurso-procon-df\/#primaryimage"},"thumbnailUrl":"https:\/\/dhg1h5j42swfq.cloudfront.net\/2019\/05\/30114409\/PROCON-DF-e1559227456337.jpg","datePublished":"2020-03-30T15:14:27+00:00","dateModified":"2020-03-30T18:06:52+00:00","description":"O Tribunal de Contas do Distrito Federal divulgou um documento solicitando \u00e0 imediata abertura do concurso p\u00fablico do PROCON DF.","breadcrumb":{"@id":"https:\/\/www.estrategiaconcursos.com.br\/blog\/tcdf-pede-abertura-concurso-procon-df\/#breadcrumb"},"inLanguage":"pt-BR","potentialAction":[{"@type":"ReadAction","target":["https:\/\/www.estrategiaconcursos.com.br\/blog\/tcdf-pede-abertura-concurso-procon-df\/"]}]},{"@type":"ImageObject","inLanguage":"pt-BR","@id":"https:\/\/www.estrategiaconcursos.com.br\/blog\/tcdf-pede-abertura-concurso-procon-df\/#primaryimage","url":"https:\/\/dhg1h5j42swfq.cloudfront.net\/2019\/05\/30114409\/PROCON-DF-e1559227456337.jpg","contentUrl":"https:\/\/dhg1h5j42swfq.cloudfront.net\/2019\/05\/30114409\/PROCON-DF-e1559227456337.jpg","width":400,"height":209,"caption":"Concurso Procon DF 2021"},{"@type":"BreadcrumbList","@id":"https:\/\/www.estrategiaconcursos.com.br\/blog\/tcdf-pede-abertura-concurso-procon-df\/#breadcrumb","itemListElement":[{"@type":"ListItem","position":1,"name":"In\u00edcio","item":"https:\/\/www.estrategiaconcursos.com.br\/blog\/"},{"@type":"ListItem","position":2,"name":"TCDF pede abertura imediata do concurso PROCON DF"}]},{"@type":"WebSite","@id":"https:\/\/www.estrategiaconcursos.com.br\/blog\/#website","url":"https:\/\/www.estrategiaconcursos.com.br\/blog\/","name":"Estrat\u00e9gia Concursos","description":"O blog da Estrat\u00e9gia Concursos traz not\u00edcias sobre concursos e artigos de professores oferecendo cursos para concursos (pdf + videaulas) no site.","publisher":{"@id":"https:\/\/www.estrategiaconcursos.com.br\/blog\/#organization"},"potentialAction":[{"@type":"SearchAction","target":{"@type":"EntryPoint","urlTemplate":"https:\/\/www.estrategiaconcursos.com.br\/blog\/?s={search_term_string}"},"query-input":{"@type":"PropertyValueSpecification","valueRequired":true,"valueName":"search_term_string"}}],"inLanguage":"pt-BR"},{"@type":"Organization","@id":"https:\/\/www.estrategiaconcursos.com.br\/blog\/#organization","name":"Estrat\u00e9gia Concursos","url":"https:\/\/www.estrategiaconcursos.com.br\/blog\/","logo":{"@type":"ImageObject","inLanguage":"pt-BR","@id":"https:\/\/www.estrategiaconcursos.com.br\/blog\/#\/schema\/logo\/image\/","url":"https:\/\/dhg1h5j42swfq.cloudfront.net\/2025\/06\/03203428\/logo_concursos-1.jpg","contentUrl":"https:\/\/dhg1h5j42swfq.cloudfront.net\/2025\/06\/03203428\/logo_concursos-1.jpg","width":230,"height":60,"caption":"Estrat\u00e9gia Concursos"},"image":{"@id":"https:\/\/www.estrategiaconcursos.com.br\/blog\/#\/schema\/logo\/image\/"},"sameAs":["https:\/\/x.com\/EstratConcursos"]},{"@type":"Person","@id":"https:\/\/www.estrategiaconcursos.com.br\/blog\/#\/schema\/person\/6be195b7a02a8ca214472b848686bb37","name":"Marcos Gir\u00e3o","image":{"@type":"ImageObject","inLanguage":"pt-BR","@id":"https:\/\/secure.gravatar.com\/avatar\/ac5b9a36e2c99a8280e07b5763e3b764471d5b861c47521bfd2edffdfbb06fbd?s=96&d=mm&r=g","url":"https:\/\/secure.gravatar.com\/avatar\/ac5b9a36e2c99a8280e07b5763e3b764471d5b861c47521bfd2edffdfbb06fbd?s=96&d=mm&r=g","contentUrl":"https:\/\/secure.gravatar.com\/avatar\/ac5b9a36e2c99a8280e07b5763e3b764471d5b861c47521bfd2edffdfbb06fbd?s=96&d=mm&r=g","caption":"Marcos Gir\u00e3o"},"url":"https:\/\/www.estrategiaconcursos.com.br\/blog\/author\/marcosgiraoestrategiaconcursos-com-br\/"}]}},"_links":{"self":[{"href":"https:\/\/www.estrategiaconcursos.com.br\/blog\/wp-json\/wp\/v2\/posts\/497907","targetHints":{"allow":["GET"]}}],"collection":[{"href":"https:\/\/www.estrategiaconcursos.com.br\/blog\/wp-json\/wp\/v2\/posts"}],"about":[{"href":"https:\/\/www.estrategiaconcursos.com.br\/blog\/wp-json\/wp\/v2\/types\/post"}],"author":[{"embeddable":true,"href":"https:\/\/www.estrategiaconcursos.com.br\/blog\/wp-json\/wp\/v2\/users\/248"}],"replies":[{"embeddable":true,"href":"https:\/\/www.estrategiaconcursos.com.br\/blog\/wp-json\/wp\/v2\/comments?post=497907"}],"version-history":[{"count":8,"href":"https:\/\/www.estrategiaconcursos.com.br\/blog\/wp-json\/wp\/v2\/posts\/497907\/revisions"}],"predecessor-version":[{"id":498042,"href":"https:\/\/www.estrategiaconcursos.com.br\/blog\/wp-json\/wp\/v2\/posts\/497907\/revisions\/498042"}],"wp:featuredmedia":[{"embeddable":true,"href":"https:\/\/www.estrategiaconcursos.com.br\/blog\/wp-json\/wp\/v2\/media\/380612"}],"wp:attachment":[{"href":"https:\/\/www.estrategiaconcursos.com.br\/blog\/wp-json\/wp\/v2\/media?parent=497907"}],"wp:term":[{"taxonomy":"category","embeddable":true,"href":"https:\/\/www.estrategiaconcursos.com.br\/blog\/wp-json\/wp\/v2\/categories?post=497907"},{"taxonomy":"post_tag","embeddable":true,"href":"https:\/\/www.estrategiaconcursos.com.br\/blog\/wp-json\/wp\/v2\/tags?post=497907"},{"taxonomy":"tax_estado","embeddable":true,"href":"https:\/\/www.estrategiaconcursos.com.br\/blog\/wp-json\/wp\/v2\/tax_estado?post=497907"}],"curies":[{"name":"wp","href":"https:\/\/api.w.org\/{rel}","templated":true}]}}