{"id":497885,"date":"2020-03-30T11:18:00","date_gmt":"2020-03-30T14:18:00","guid":{"rendered":"https:\/\/www.estrategiaconcursos.com.br\/blog\/?p=497885"},"modified":"2023-07-05T13:28:31","modified_gmt":"2023-07-05T16:28:31","slug":"provas-do-concurso-prefeitura-de-tiradentes-sao-adiadas","status":"publish","type":"post","link":"https:\/\/www.estrategiaconcursos.com.br\/blog\/provas-do-concurso-prefeitura-de-tiradentes-sao-adiadas\/","title":{"rendered":"Provas objetivas e pr\u00e1ticas do concurso Prefeitura de Tiradentes s\u00e3o adiadas!"},"content":{"rendered":"\n<h2 class=\"wp-block-heading\" id=\"h-medida-foi-tomada-em-razao-do-covid-19\"><em>Medida foi tomada em raz\u00e3o do COVID-19<\/em><\/h2>\n\n\n\n<p>A Prefeitura de Tiradentes adiou a realiza\u00e7\u00e3o das provas objetivas e pr\u00e1ticas do seu concurso p\u00fablico, previstas para ocorrerem nos dias 3 de maio e 7 de junho de 2020. A medida foi tomada para preven\u00e7\u00e3o da dissemina\u00e7\u00e3o do v\u00edrus COVID-19 e visando a prote\u00e7\u00e3o da coletividade. <\/p>\n\n\n\n<p>Segundo o \u00f3rg\u00e3o, o adiamento do concurso vigorar\u00e1 at\u00e9 que sejam plenamente restabelecidas a normalidade do conv\u00edvio social e as atividades ordin\u00e1rias nos \u00e2mbitos p\u00fablico e privado, por determina\u00e7\u00e3o das autoridades do Poder Executivo Federal, do Poder Executivo do Estado de Minas Gerais e tamb\u00e9m do Munic\u00edpio de Tiradentes.  <\/p>\n\n\n\n<p>Sendo assim, quando a situa\u00e7\u00e3o for normalizada, ser\u00e1 divulgado um novo edital dando prosseguimento ao certame. Al\u00e9m de fixar um novo cronograma contemplando novas datas para realiza\u00e7\u00e3o das etapas que deixam, a princ\u00edpio, de ser realizadas.<\/p>\n\n\n\n<p>Vale ressaltar que o concurso oferta, ao todo, 46 vagas imediatas mais forma\u00e7\u00e3o de cadastro reserva para diversos cargos. Os candidatos interessados no certame puderam se inscrever at\u00e9 o dia 17 de mar\u00e7o, no site da banca organizadora, <strong>Instituto IBDO<\/strong>.<\/p>\n\n\n\n<p class=\"has-text-align-center\"><em><strong>Quer saber mais informa\u00e7\u00f5es sobre o concurso Prefeitura de Tiradentes? Acesse o link abaixo e veja tudo na \u00edntegra sem perder nenhum detalhe!<\/strong><\/em><\/p>\n\n\n\n<p class=\"has-text-align-center has-very-light-gray-background-color has-background\" style=\"font-size:clamp(14.642px, 0.915rem + ((1vw - 3.2px) * 0.721), 22px);px\"><strong>Saiba mais: <a rel=\"noreferrer noopener\" aria-label=\"Concurso Prefeitura de Tiradentes (abre numa nova aba)\" href=\"https:\/\/www.estrategiaconcursos.com.br\/blog\/concurso-prefeitura-de-tiradentes\/\" target=\"_blank\">Concurso Prefeitura de Tiradentes<\/a> <\/strong><\/p>\n\n\n\n<p class=\"has-text-align-center has-medium-font-size\"><em><strong>Assinatura Anual Ilimitada*<\/strong><\/em><\/p>\n\n\n\n<p class=\"has-text-align-center\"><em>Prepare-se com o melhor material e com quem mais aprova em Concursos P\u00fablicos em todo o pa\u00eds. Assine agora a nossa Assinatura Anual e tenha acesso ilimitado* a todos os nossos cursos.<\/em><\/p>\n\n\n\n<p class=\"has-text-align-center has-luminous-vivid-amber-background-color has-background\" style=\"font-size:clamp(14.642px, 0.915rem + ((1vw - 3.2px) * 0.721), 22px);px\"><strong>ASSINE AGORA<\/strong>&nbsp;\u2013&nbsp;<strong><a rel=\"noreferrer noopener\" href=\"https:\/\/www.estrategiaconcursos.com.br\/assinaturas\" target=\"_blank\">Assinatura Ilimitada<\/a><\/strong><\/p>\n\n\n\n<p class=\"has-text-align-center\"><strong><em>Fique por dentro de todos os concursos<\/em><\/strong><\/p>\n\n\n\n<p class=\"has-text-align-center has-pale-cyan-blue-background-color has-background has-medium-font-size\"><a href=\"https:\/\/www.estrategiaconcursos.com.br\/blog\/concursos-abertos\/\" target=\"_blank\" rel=\"noreferrer noopener\"><strong>CONCURSOS ABERTOS<\/strong><\/a><\/p>\n","protected":false},"excerpt":{"rendered":"<p>Medida foi tomada em raz\u00e3o do COVID-19 A Prefeitura de Tiradentes adiou a realiza\u00e7\u00e3o das provas objetivas e pr\u00e1ticas do seu concurso p\u00fablico, previstas para ocorrerem nos dias 3 de maio e 7 de junho de 2020. A medida foi tomada para preven\u00e7\u00e3o da dissemina\u00e7\u00e3o do v\u00edrus COVID-19 e visando a prote\u00e7\u00e3o da coletividade. Segundo [&hellip;]<\/p>\n","protected":false},"author":1211,"featured_media":480356,"comment_status":"open","ping_status":"closed","sticky":false,"template":"","format":"standard","meta":{"post_tipo":"article","footnotes":""},"categories":[1],"tags":[],"tax_estado":[],"class_list":["post-497885","post","type-post","status-publish","format-standard","has-post-thumbnail","hentry","category-cursos-e-concursos"],"acf":[],"yoast_head":"<!-- This site is optimized with the Yoast SEO Premium plugin v27.2 (Yoast SEO v27.2) - https:\/\/yoast.com\/product\/yoast-seo-premium-wordpress\/ -->\n<title>Provas objetivas e pr\u00e1ticas do concurso Prefeitura de Tiradentes s\u00e3o adiadas!<\/title>\n<meta name=\"description\" content=\"A Prefeitura de Tiradentes adiou a realiza\u00e7\u00e3o das provas objetivas e pr\u00e1ticas do seu concurso previstas para ocorrerem nos dias 3 de maio e 7 de junho.\" \/>\n<meta name=\"robots\" content=\"index, follow, max-snippet:-1, max-image-preview:large, max-video-preview:-1\" \/>\n<link rel=\"canonical\" href=\"https:\/\/www.estrategiaconcursos.com.br\/blog\/provas-do-concurso-prefeitura-de-tiradentes-sao-adiadas\/\" \/>\n<meta property=\"og:locale\" content=\"pt_BR\" \/>\n<meta property=\"og:type\" content=\"article\" \/>\n<meta property=\"og:title\" content=\"Provas objetivas e pr\u00e1ticas do concurso Prefeitura de Tiradentes s\u00e3o adiadas!\" \/>\n<meta property=\"og:description\" content=\"A Prefeitura de Tiradentes adiou a realiza\u00e7\u00e3o das provas objetivas e pr\u00e1ticas do seu concurso previstas para ocorrerem nos dias 3 de maio e 7 de junho.\" \/>\n<meta property=\"og:url\" content=\"https:\/\/www.estrategiaconcursos.com.br\/blog\/provas-do-concurso-prefeitura-de-tiradentes-sao-adiadas\/\" \/>\n<meta property=\"og:site_name\" content=\"Estrat\u00e9gia Concursos\" \/>\n<meta property=\"article:published_time\" content=\"2020-03-30T14:18:00+00:00\" \/>\n<meta property=\"article:modified_time\" content=\"2023-07-05T16:28:31+00:00\" \/>\n<meta property=\"og:image\" content=\"https:\/\/dhg1h5j42swfq.cloudfront.net\/2020\/01\/11131814\/Prefeitura-de-Tiradentes.png\" \/>\n\t<meta property=\"og:image:width\" content=\"1200\" \/>\n\t<meta property=\"og:image:height\" content=\"628\" \/>\n\t<meta property=\"og:image:type\" content=\"image\/png\" \/>\n<meta name=\"author\" content=\"Douglas Schneider\" \/>\n<meta name=\"twitter:card\" content=\"summary_large_image\" \/>\n<meta name=\"twitter:creator\" content=\"@AEm1minuto\" \/>\n<meta name=\"twitter:site\" content=\"@EstratConcursos\" \/>\n<meta name=\"twitter:label1\" content=\"Escrito por\" \/>\n\t<meta name=\"twitter:data1\" content=\"Douglas Schneider\" \/>\n\t<meta name=\"twitter:label2\" content=\"Est. tempo de leitura\" \/>\n\t<meta name=\"twitter:data2\" content=\"1 minuto\" \/>\n<script type=\"application\/ld+json\" class=\"yoast-schema-graph\">{\"@context\":\"https:\/\/schema.org\",\"@graph\":[{\"@type\":\"NewsArticle\",\"@id\":\"https:\/\/www.estrategiaconcursos.com.br\/blog\/provas-do-concurso-prefeitura-de-tiradentes-sao-adiadas\/#article\",\"isPartOf\":{\"@id\":\"https:\/\/www.estrategiaconcursos.com.br\/blog\/provas-do-concurso-prefeitura-de-tiradentes-sao-adiadas\/\"},\"author\":{\"name\":\"Douglas Schneider\",\"@id\":\"https:\/\/www.estrategiaconcursos.com.br\/blog\/#\/schema\/person\/dd3af62dfb13d529e307a21c1e1844ce\"},\"headline\":\"Provas objetivas e pr\u00e1ticas do concurso Prefeitura de Tiradentes s\u00e3o adiadas!\",\"datePublished\":\"2020-03-30T14:18:00+00:00\",\"dateModified\":\"2023-07-05T16:28:31+00:00\",\"mainEntityOfPage\":{\"@id\":\"https:\/\/www.estrategiaconcursos.com.br\/blog\/provas-do-concurso-prefeitura-de-tiradentes-sao-adiadas\/\"},\"wordCount\":290,\"commentCount\":0,\"publisher\":{\"@id\":\"https:\/\/www.estrategiaconcursos.com.br\/blog\/#organization\"},\"image\":{\"@id\":\"https:\/\/www.estrategiaconcursos.com.br\/blog\/provas-do-concurso-prefeitura-de-tiradentes-sao-adiadas\/#primaryimage\"},\"thumbnailUrl\":\"https:\/\/dhg1h5j42swfq.cloudfront.net\/2020\/01\/11131814\/Prefeitura-de-Tiradentes.png\",\"articleSection\":[\"Concursos P\u00fablicos\"],\"inLanguage\":\"pt-BR\",\"potentialAction\":[{\"@type\":\"CommentAction\",\"name\":\"Comment\",\"target\":[\"https:\/\/www.estrategiaconcursos.com.br\/blog\/provas-do-concurso-prefeitura-de-tiradentes-sao-adiadas\/#respond\"]}],\"copyrightYear\":\"2020\",\"copyrightHolder\":{\"@id\":\"https:\/\/www.estrategiaconcursos.com.br\/blog\/#organization\"}},{\"@type\":\"WebPage\",\"@id\":\"https:\/\/www.estrategiaconcursos.com.br\/blog\/provas-do-concurso-prefeitura-de-tiradentes-sao-adiadas\/\",\"url\":\"https:\/\/www.estrategiaconcursos.com.br\/blog\/provas-do-concurso-prefeitura-de-tiradentes-sao-adiadas\/\",\"name\":\"Provas objetivas e pr\u00e1ticas do concurso Prefeitura de Tiradentes s\u00e3o adiadas!\",\"isPartOf\":{\"@id\":\"https:\/\/www.estrategiaconcursos.com.br\/blog\/#website\"},\"primaryImageOfPage\":{\"@id\":\"https:\/\/www.estrategiaconcursos.com.br\/blog\/provas-do-concurso-prefeitura-de-tiradentes-sao-adiadas\/#primaryimage\"},\"image\":{\"@id\":\"https:\/\/www.estrategiaconcursos.com.br\/blog\/provas-do-concurso-prefeitura-de-tiradentes-sao-adiadas\/#primaryimage\"},\"thumbnailUrl\":\"https:\/\/dhg1h5j42swfq.cloudfront.net\/2020\/01\/11131814\/Prefeitura-de-Tiradentes.png\",\"datePublished\":\"2020-03-30T14:18:00+00:00\",\"dateModified\":\"2023-07-05T16:28:31+00:00\",\"description\":\"A Prefeitura de Tiradentes adiou a realiza\u00e7\u00e3o das provas objetivas e pr\u00e1ticas do seu concurso previstas para ocorrerem nos dias 3 de maio e 7 de junho.\",\"breadcrumb\":{\"@id\":\"https:\/\/www.estrategiaconcursos.com.br\/blog\/provas-do-concurso-prefeitura-de-tiradentes-sao-adiadas\/#breadcrumb\"},\"inLanguage\":\"pt-BR\",\"potentialAction\":[{\"@type\":\"ReadAction\",\"target\":[\"https:\/\/www.estrategiaconcursos.com.br\/blog\/provas-do-concurso-prefeitura-de-tiradentes-sao-adiadas\/\"]}]},{\"@type\":\"ImageObject\",\"inLanguage\":\"pt-BR\",\"@id\":\"https:\/\/www.estrategiaconcursos.com.br\/blog\/provas-do-concurso-prefeitura-de-tiradentes-sao-adiadas\/#primaryimage\",\"url\":\"https:\/\/dhg1h5j42swfq.cloudfront.net\/2020\/01\/11131814\/Prefeitura-de-Tiradentes.png\",\"contentUrl\":\"https:\/\/dhg1h5j42swfq.cloudfront.net\/2020\/01\/11131814\/Prefeitura-de-Tiradentes.png\",\"width\":1200,\"height\":628,\"caption\":\"Prefeitura de Tiradentes\"},{\"@type\":\"BreadcrumbList\",\"@id\":\"https:\/\/www.estrategiaconcursos.com.br\/blog\/provas-do-concurso-prefeitura-de-tiradentes-sao-adiadas\/#breadcrumb\",\"itemListElement\":[{\"@type\":\"ListItem\",\"position\":1,\"name\":\"In\u00edcio\",\"item\":\"https:\/\/www.estrategiaconcursos.com.br\/blog\/\"},{\"@type\":\"ListItem\",\"position\":2,\"name\":\"Provas objetivas e pr\u00e1ticas do concurso Prefeitura de Tiradentes s\u00e3o adiadas!\"}]},{\"@type\":\"WebSite\",\"@id\":\"https:\/\/www.estrategiaconcursos.com.br\/blog\/#website\",\"url\":\"https:\/\/www.estrategiaconcursos.com.br\/blog\/\",\"name\":\"Estrat\u00e9gia Concursos\",\"description\":\"O blog da Estrat\u00e9gia Concursos traz not\u00edcias sobre concursos e artigos de professores oferecendo cursos para concursos (pdf + videaulas) no site.\",\"publisher\":{\"@id\":\"https:\/\/www.estrategiaconcursos.com.br\/blog\/#organization\"},\"potentialAction\":[{\"@type\":\"SearchAction\",\"target\":{\"@type\":\"EntryPoint\",\"urlTemplate\":\"https:\/\/www.estrategiaconcursos.com.br\/blog\/?s={search_term_string}\"},\"query-input\":{\"@type\":\"PropertyValueSpecification\",\"valueRequired\":true,\"valueName\":\"search_term_string\"}}],\"inLanguage\":\"pt-BR\"},{\"@type\":\"Organization\",\"@id\":\"https:\/\/www.estrategiaconcursos.com.br\/blog\/#organization\",\"name\":\"Estrat\u00e9gia Concursos\",\"url\":\"https:\/\/www.estrategiaconcursos.com.br\/blog\/\",\"logo\":{\"@type\":\"ImageObject\",\"inLanguage\":\"pt-BR\",\"@id\":\"https:\/\/www.estrategiaconcursos.com.br\/blog\/#\/schema\/logo\/image\/\",\"url\":\"https:\/\/dhg1h5j42swfq.cloudfront.net\/2025\/06\/03203428\/logo_concursos-1.jpg\",\"contentUrl\":\"https:\/\/dhg1h5j42swfq.cloudfront.net\/2025\/06\/03203428\/logo_concursos-1.jpg\",\"width\":230,\"height\":60,\"caption\":\"Estrat\u00e9gia Concursos\"},\"image\":{\"@id\":\"https:\/\/www.estrategiaconcursos.com.br\/blog\/#\/schema\/logo\/image\/\"},\"sameAs\":[\"https:\/\/x.com\/EstratConcursos\"]},{\"@type\":\"Person\",\"@id\":\"https:\/\/www.estrategiaconcursos.com.br\/blog\/#\/schema\/person\/dd3af62dfb13d529e307a21c1e1844ce\",\"name\":\"Douglas Schneider\",\"image\":{\"@type\":\"ImageObject\",\"inLanguage\":\"pt-BR\",\"@id\":\"https:\/\/secure.gravatar.com\/avatar\/b94b88d512fc2167e937b3c5222864ea56109e46ed8add375526883e821cf9b8?s=96&d=mm&r=g\",\"url\":\"https:\/\/secure.gravatar.com\/avatar\/b94b88d512fc2167e937b3c5222864ea56109e46ed8add375526883e821cf9b8?s=96&d=mm&r=g\",\"contentUrl\":\"https:\/\/secure.gravatar.com\/avatar\/b94b88d512fc2167e937b3c5222864ea56109e46ed8add375526883e821cf9b8?s=96&d=mm&r=g\",\"caption\":\"Douglas Schneider\"},\"description\":\"Professor de Administra\u00e7\u00e3o Geral e P\u00fablica Analista no IPHAN - Planejamento e Gest\u00e3o Graduado em Administra\u00e7\u00e3o e Mestre em Administra\u00e7\u00e3o P\u00fablica pela Universidade de Bras\u00edlia (UnB)\",\"sameAs\":[\"https:\/\/www.instagram.com\/adm.em1minuto\/\",\"https:\/\/x.com\/AEm1minuto\"],\"url\":\"https:\/\/www.estrategiaconcursos.com.br\/blog\/author\/douglas-friesgmail-com\/\"}]}<\/script>\n<!-- \/ Yoast SEO Premium plugin. -->","yoast_head_json":{"title":"Provas objetivas e pr\u00e1ticas do concurso Prefeitura de Tiradentes s\u00e3o adiadas!","description":"A Prefeitura de Tiradentes adiou a realiza\u00e7\u00e3o das provas objetivas e pr\u00e1ticas do seu concurso previstas para ocorrerem nos dias 3 de maio e 7 de junho.","robots":{"index":"index","follow":"follow","max-snippet":"max-snippet:-1","max-image-preview":"max-image-preview:large","max-video-preview":"max-video-preview:-1"},"canonical":"https:\/\/www.estrategiaconcursos.com.br\/blog\/provas-do-concurso-prefeitura-de-tiradentes-sao-adiadas\/","og_locale":"pt_BR","og_type":"article","og_title":"Provas objetivas e pr\u00e1ticas do concurso Prefeitura de Tiradentes s\u00e3o adiadas!","og_description":"A Prefeitura de Tiradentes adiou a realiza\u00e7\u00e3o das provas objetivas e pr\u00e1ticas do seu concurso previstas para ocorrerem nos dias 3 de maio e 7 de junho.","og_url":"https:\/\/www.estrategiaconcursos.com.br\/blog\/provas-do-concurso-prefeitura-de-tiradentes-sao-adiadas\/","og_site_name":"Estrat\u00e9gia Concursos","article_published_time":"2020-03-30T14:18:00+00:00","article_modified_time":"2023-07-05T16:28:31+00:00","og_image":[{"width":1200,"height":628,"url":"https:\/\/dhg1h5j42swfq.cloudfront.net\/2020\/01\/11131814\/Prefeitura-de-Tiradentes.png","type":"image\/png"}],"author":"Douglas Schneider","twitter_card":"summary_large_image","twitter_creator":"@AEm1minuto","twitter_site":"@EstratConcursos","twitter_misc":{"Escrito por":"Douglas Schneider","Est. tempo de leitura":"1 minuto"},"schema":{"@context":"https:\/\/schema.org","@graph":[{"@type":"NewsArticle","@id":"https:\/\/www.estrategiaconcursos.com.br\/blog\/provas-do-concurso-prefeitura-de-tiradentes-sao-adiadas\/#article","isPartOf":{"@id":"https:\/\/www.estrategiaconcursos.com.br\/blog\/provas-do-concurso-prefeitura-de-tiradentes-sao-adiadas\/"},"author":{"name":"Douglas Schneider","@id":"https:\/\/www.estrategiaconcursos.com.br\/blog\/#\/schema\/person\/dd3af62dfb13d529e307a21c1e1844ce"},"headline":"Provas objetivas e pr\u00e1ticas do concurso Prefeitura de Tiradentes s\u00e3o adiadas!","datePublished":"2020-03-30T14:18:00+00:00","dateModified":"2023-07-05T16:28:31+00:00","mainEntityOfPage":{"@id":"https:\/\/www.estrategiaconcursos.com.br\/blog\/provas-do-concurso-prefeitura-de-tiradentes-sao-adiadas\/"},"wordCount":290,"commentCount":0,"publisher":{"@id":"https:\/\/www.estrategiaconcursos.com.br\/blog\/#organization"},"image":{"@id":"https:\/\/www.estrategiaconcursos.com.br\/blog\/provas-do-concurso-prefeitura-de-tiradentes-sao-adiadas\/#primaryimage"},"thumbnailUrl":"https:\/\/dhg1h5j42swfq.cloudfront.net\/2020\/01\/11131814\/Prefeitura-de-Tiradentes.png","articleSection":["Concursos P\u00fablicos"],"inLanguage":"pt-BR","potentialAction":[{"@type":"CommentAction","name":"Comment","target":["https:\/\/www.estrategiaconcursos.com.br\/blog\/provas-do-concurso-prefeitura-de-tiradentes-sao-adiadas\/#respond"]}],"copyrightYear":"2020","copyrightHolder":{"@id":"https:\/\/www.estrategiaconcursos.com.br\/blog\/#organization"}},{"@type":"WebPage","@id":"https:\/\/www.estrategiaconcursos.com.br\/blog\/provas-do-concurso-prefeitura-de-tiradentes-sao-adiadas\/","url":"https:\/\/www.estrategiaconcursos.com.br\/blog\/provas-do-concurso-prefeitura-de-tiradentes-sao-adiadas\/","name":"Provas objetivas e pr\u00e1ticas do concurso Prefeitura de Tiradentes s\u00e3o adiadas!","isPartOf":{"@id":"https:\/\/www.estrategiaconcursos.com.br\/blog\/#website"},"primaryImageOfPage":{"@id":"https:\/\/www.estrategiaconcursos.com.br\/blog\/provas-do-concurso-prefeitura-de-tiradentes-sao-adiadas\/#primaryimage"},"image":{"@id":"https:\/\/www.estrategiaconcursos.com.br\/blog\/provas-do-concurso-prefeitura-de-tiradentes-sao-adiadas\/#primaryimage"},"thumbnailUrl":"https:\/\/dhg1h5j42swfq.cloudfront.net\/2020\/01\/11131814\/Prefeitura-de-Tiradentes.png","datePublished":"2020-03-30T14:18:00+00:00","dateModified":"2023-07-05T16:28:31+00:00","description":"A Prefeitura de Tiradentes adiou a realiza\u00e7\u00e3o das provas objetivas e pr\u00e1ticas do seu concurso previstas para ocorrerem nos dias 3 de maio e 7 de junho.","breadcrumb":{"@id":"https:\/\/www.estrategiaconcursos.com.br\/blog\/provas-do-concurso-prefeitura-de-tiradentes-sao-adiadas\/#breadcrumb"},"inLanguage":"pt-BR","potentialAction":[{"@type":"ReadAction","target":["https:\/\/www.estrategiaconcursos.com.br\/blog\/provas-do-concurso-prefeitura-de-tiradentes-sao-adiadas\/"]}]},{"@type":"ImageObject","inLanguage":"pt-BR","@id":"https:\/\/www.estrategiaconcursos.com.br\/blog\/provas-do-concurso-prefeitura-de-tiradentes-sao-adiadas\/#primaryimage","url":"https:\/\/dhg1h5j42swfq.cloudfront.net\/2020\/01\/11131814\/Prefeitura-de-Tiradentes.png","contentUrl":"https:\/\/dhg1h5j42swfq.cloudfront.net\/2020\/01\/11131814\/Prefeitura-de-Tiradentes.png","width":1200,"height":628,"caption":"Prefeitura de Tiradentes"},{"@type":"BreadcrumbList","@id":"https:\/\/www.estrategiaconcursos.com.br\/blog\/provas-do-concurso-prefeitura-de-tiradentes-sao-adiadas\/#breadcrumb","itemListElement":[{"@type":"ListItem","position":1,"name":"In\u00edcio","item":"https:\/\/www.estrategiaconcursos.com.br\/blog\/"},{"@type":"ListItem","position":2,"name":"Provas objetivas e pr\u00e1ticas do concurso Prefeitura de Tiradentes s\u00e3o adiadas!"}]},{"@type":"WebSite","@id":"https:\/\/www.estrategiaconcursos.com.br\/blog\/#website","url":"https:\/\/www.estrategiaconcursos.com.br\/blog\/","name":"Estrat\u00e9gia Concursos","description":"O blog da Estrat\u00e9gia Concursos traz not\u00edcias sobre concursos e artigos de professores oferecendo cursos para concursos (pdf + videaulas) no site.","publisher":{"@id":"https:\/\/www.estrategiaconcursos.com.br\/blog\/#organization"},"potentialAction":[{"@type":"SearchAction","target":{"@type":"EntryPoint","urlTemplate":"https:\/\/www.estrategiaconcursos.com.br\/blog\/?s={search_term_string}"},"query-input":{"@type":"PropertyValueSpecification","valueRequired":true,"valueName":"search_term_string"}}],"inLanguage":"pt-BR"},{"@type":"Organization","@id":"https:\/\/www.estrategiaconcursos.com.br\/blog\/#organization","name":"Estrat\u00e9gia Concursos","url":"https:\/\/www.estrategiaconcursos.com.br\/blog\/","logo":{"@type":"ImageObject","inLanguage":"pt-BR","@id":"https:\/\/www.estrategiaconcursos.com.br\/blog\/#\/schema\/logo\/image\/","url":"https:\/\/dhg1h5j42swfq.cloudfront.net\/2025\/06\/03203428\/logo_concursos-1.jpg","contentUrl":"https:\/\/dhg1h5j42swfq.cloudfront.net\/2025\/06\/03203428\/logo_concursos-1.jpg","width":230,"height":60,"caption":"Estrat\u00e9gia Concursos"},"image":{"@id":"https:\/\/www.estrategiaconcursos.com.br\/blog\/#\/schema\/logo\/image\/"},"sameAs":["https:\/\/x.com\/EstratConcursos"]},{"@type":"Person","@id":"https:\/\/www.estrategiaconcursos.com.br\/blog\/#\/schema\/person\/dd3af62dfb13d529e307a21c1e1844ce","name":"Douglas Schneider","image":{"@type":"ImageObject","inLanguage":"pt-BR","@id":"https:\/\/secure.gravatar.com\/avatar\/b94b88d512fc2167e937b3c5222864ea56109e46ed8add375526883e821cf9b8?s=96&d=mm&r=g","url":"https:\/\/secure.gravatar.com\/avatar\/b94b88d512fc2167e937b3c5222864ea56109e46ed8add375526883e821cf9b8?s=96&d=mm&r=g","contentUrl":"https:\/\/secure.gravatar.com\/avatar\/b94b88d512fc2167e937b3c5222864ea56109e46ed8add375526883e821cf9b8?s=96&d=mm&r=g","caption":"Douglas Schneider"},"description":"Professor de Administra\u00e7\u00e3o Geral e P\u00fablica Analista no IPHAN - Planejamento e Gest\u00e3o Graduado em Administra\u00e7\u00e3o e Mestre em Administra\u00e7\u00e3o P\u00fablica pela Universidade de Bras\u00edlia (UnB)","sameAs":["https:\/\/www.instagram.com\/adm.em1minuto\/","https:\/\/x.com\/AEm1minuto"],"url":"https:\/\/www.estrategiaconcursos.com.br\/blog\/author\/douglas-friesgmail-com\/"}]}},"_links":{"self":[{"href":"https:\/\/www.estrategiaconcursos.com.br\/blog\/wp-json\/wp\/v2\/posts\/497885","targetHints":{"allow":["GET"]}}],"collection":[{"href":"https:\/\/www.estrategiaconcursos.com.br\/blog\/wp-json\/wp\/v2\/posts"}],"about":[{"href":"https:\/\/www.estrategiaconcursos.com.br\/blog\/wp-json\/wp\/v2\/types\/post"}],"author":[{"embeddable":true,"href":"https:\/\/www.estrategiaconcursos.com.br\/blog\/wp-json\/wp\/v2\/users\/1211"}],"replies":[{"embeddable":true,"href":"https:\/\/www.estrategiaconcursos.com.br\/blog\/wp-json\/wp\/v2\/comments?post=497885"}],"version-history":[{"count":3,"href":"https:\/\/www.estrategiaconcursos.com.br\/blog\/wp-json\/wp\/v2\/posts\/497885\/revisions"}],"predecessor-version":[{"id":1243756,"href":"https:\/\/www.estrategiaconcursos.com.br\/blog\/wp-json\/wp\/v2\/posts\/497885\/revisions\/1243756"}],"wp:featuredmedia":[{"embeddable":true,"href":"https:\/\/www.estrategiaconcursos.com.br\/blog\/wp-json\/wp\/v2\/media\/480356"}],"wp:attachment":[{"href":"https:\/\/www.estrategiaconcursos.com.br\/blog\/wp-json\/wp\/v2\/media?parent=497885"}],"wp:term":[{"taxonomy":"category","embeddable":true,"href":"https:\/\/www.estrategiaconcursos.com.br\/blog\/wp-json\/wp\/v2\/categories?post=497885"},{"taxonomy":"post_tag","embeddable":true,"href":"https:\/\/www.estrategiaconcursos.com.br\/blog\/wp-json\/wp\/v2\/tags?post=497885"},{"taxonomy":"tax_estado","embeddable":true,"href":"https:\/\/www.estrategiaconcursos.com.br\/blog\/wp-json\/wp\/v2\/tax_estado?post=497885"}],"curies":[{"name":"wp","href":"https:\/\/api.w.org\/{rel}","templated":true}]}}