{"id":497836,"date":"2020-03-30T09:00:00","date_gmt":"2020-03-30T12:00:00","guid":{"rendered":"https:\/\/www.estrategiaconcursos.com.br\/blog\/?p=497836"},"modified":"2020-03-30T15:05:14","modified_gmt":"2020-03-30T18:05:14","slug":"concurso-da-prefeitura-de-tres-coracoes-e-suspenso","status":"publish","type":"post","link":"https:\/\/www.estrategiaconcursos.com.br\/blog\/concurso-da-prefeitura-de-tres-coracoes-e-suspenso\/","title":{"rendered":"Concurso da Prefeitura de Tr\u00eas Cora\u00e7\u00f5es \u00e9 suspenso em raz\u00e3o do Coronav\u00edrus"},"content":{"rendered":"\n<p>A Prefeitura de Tr\u00eas Cora\u00e7\u00f5es, munic\u00edpio do estado de Minas Gerais, suspendeu, temporariamente, a realiza\u00e7\u00e3o de seu concurso p\u00fablico vigente, como medida provis\u00f3ria de enfrentamento de sa\u00fade p\u00fablica devido \u00e0 pandemia ocasionada pelo Coronav\u00edrus (COVID-19).<\/p>\n\n\n\n<p>Sendo assim, as provas pr\u00e1ticas, que seriam realizadas no m\u00eas de mar\u00e7o, est\u00e3o adiadas. Vale ressaltar que um novo cronograma ser\u00e1 disponibilizado posteriormente, ap\u00f3s determina\u00e7\u00e3o por parte da administra\u00e7\u00e3o municipal. J\u00e1 as provas objetivas aconteceram nos dias 08 e 15 de mar\u00e7o.<\/p>\n\n\n\n<p>O per\u00edodo de inscri\u00e7\u00f5es do certame foi encerrado no dia 20 de janeiro, no site da banca organizadora, a <strong>ELO Assessoria em Servi\u00e7os P\u00fablicos<\/strong>. Todos os candidatos interessados em participar tiveram que efetuar o pagamento da taxa fixada nos valores de <strong>R$ 50,00 para fundamental, R$ 70 para m\u00e9dio e R$ 100 para superior. <\/strong><\/p>\n\n\n\n<p>S\u00e3o ofertadas no certame <strong>96 vagas<\/strong> para cargos de n\u00edvel fundamental, m\u00e9dio, t\u00e9cnico e superior e remunera\u00e7\u00e3o de at\u00e9 R$ 5.147,50. <\/p>\n\n\n\n<p class=\"has-text-align-center\"><em><strong>Quer saber mais informa\u00e7\u00f5es sobre o concurso da Prefeitura de Tr\u00eas Cora\u00e7\u00f5es? Acesse o link abaixo e veja tudo na \u00edntegra!<\/strong><\/em><\/p>\n\n\n\n<p class=\"has-background has-text-align-center has-medium-font-size has-very-light-gray-background-color\"><strong>Saiba mais:<a rel=\"noreferrer noopener\" aria-label=\" Concurso Prefeitura de Tr\u00eas Cora\u00e7\u00f5es (abre numa nova aba)\" href=\"https:\/\/www.estrategiaconcursos.com.br\/blog\/concurso-prefeitura-de-tres-coracoes\/\" target=\"_blank\"> Concurso Prefeitura de Tr\u00eas Cora\u00e7\u00f5es<\/a><\/strong><\/p>\n\n\n\n<p class=\"has-text-align-center has-medium-font-size\"><em><strong>Assinatura Anual Ilimitada*<\/strong><\/em><\/p>\n\n\n\n<p class=\"has-text-align-center\"><em>Prepare-se com o melhor material e com quem mais aprova em Concursos P\u00fablicos em todo o pa\u00eds. Assine agora a nossa Assinatura Anual e tenha acesso ilimitado* a todos os nossos cursos.<\/em><\/p>\n\n\n\n<p class=\"has-background has-text-align-center has-medium-font-size has-light-green-cyan-background-color\"><strong>ASSINE AGORA<\/strong>&nbsp;\u2013&nbsp;<strong><a href=\"https:\/\/www.estrategiaconcursos.com.br\/assinaturas\" target=\"_blank\" rel=\"noreferrer noopener\">Assinatura Ilimitada<\/a><\/strong><\/p>\n\n\n\n<p style=\"font-size:23px\" class=\"has-background has-text-align-center has-luminous-vivid-amber-background-color\"><strong><a rel=\"noreferrer noopener\" aria-label=\"Curso Prefeitura de Tr\u00eas Cora\u00e7\u00f5es (abre numa nova aba)\" href=\"https:\/\/www.estrategiaconcursos.com.br\/cursosPorConcurso\/prefeitura-municipal-de-tres-coracoes-mg\/\" target=\"_blank\">Curso Prefeitura de Tr\u00eas Cora\u00e7\u00f5es<\/a><\/strong><\/p>\n\n\n\n<p class=\"has-text-align-center has-medium-font-size\"><em><strong>Fique por dentro de todos os concursos<\/strong><\/em>:<\/p>\n\n\n\n<p style=\"font-size:23px\" class=\"has-background has-text-align-center has-pale-cyan-blue-background-color\"><a rel=\"noreferrer noopener\" aria-label=\"Concursos abertos (abre numa nova aba)\" href=\"https:\/\/www.estrategiaconcursos.com.br\/blog\/concursos-abertos\/\" target=\"_blank\"><strong>Concursos abertos<\/strong><\/a><\/p>\n\n\n\n<p style=\"font-size:23px\" class=\"has-background has-text-align-center has-pale-cyan-blue-background-color\"><a rel=\"noreferrer noopener\" aria-label=\"Concursos 2020 (abre numa nova aba)\" href=\"https:\/\/www.estrategiaconcursos.com.br\/blog\/concursos-2020\/\" target=\"_blank\"><strong>Concursos 2020<\/strong><\/a><\/p>\n","protected":false},"excerpt":{"rendered":"<p>A Prefeitura de Tr\u00eas Cora\u00e7\u00f5es, munic\u00edpio do estado de Minas Gerais, suspendeu, temporariamente, a realiza\u00e7\u00e3o de seu concurso p\u00fablico vigente, como medida provis\u00f3ria de enfrentamento de sa\u00fade p\u00fablica devido \u00e0 pandemia ocasionada pelo Coronav\u00edrus (COVID-19). Sendo assim, as provas pr\u00e1ticas, que seriam realizadas no m\u00eas de mar\u00e7o, est\u00e3o adiadas. Vale ressaltar que um novo cronograma [&hellip;]<\/p>\n","protected":false},"author":388,"featured_media":445219,"comment_status":"open","ping_status":"closed","sticky":false,"template":"","format":"standard","meta":{"post_tipo":"article","footnotes":""},"categories":[1],"tags":[],"tax_estado":[],"class_list":["post-497836","post","type-post","status-publish","format-standard","has-post-thumbnail","hentry","category-cursos-e-concursos"],"acf":[],"yoast_head":"<!-- This site is optimized with the Yoast SEO Premium plugin v27.2 (Yoast SEO v27.2) - https:\/\/yoast.com\/product\/yoast-seo-premium-wordpress\/ -->\n<title>Concurso da Prefeitura de Tr\u00eas Cora\u00e7\u00f5es \u00e9 suspenso em raz\u00e3o do Coronav\u00edrus<\/title>\n<meta name=\"description\" content=\"A Prefeitura de Tr\u00eas Cora\u00e7\u00f5es suspendeu temporariamente o seu concurso em raz\u00e3o da medida provis\u00f3ria de enfrentamento do Coronav\u00edrus.\" \/>\n<meta name=\"robots\" content=\"index, follow, max-snippet:-1, max-image-preview:large, max-video-preview:-1\" \/>\n<link rel=\"canonical\" href=\"https:\/\/www.estrategiaconcursos.com.br\/blog\/concurso-da-prefeitura-de-tres-coracoes-e-suspenso\/\" \/>\n<meta property=\"og:locale\" content=\"pt_BR\" \/>\n<meta property=\"og:type\" content=\"article\" \/>\n<meta property=\"og:title\" content=\"Concurso da Prefeitura de Tr\u00eas Cora\u00e7\u00f5es \u00e9 suspenso em raz\u00e3o do Coronav\u00edrus\" \/>\n<meta property=\"og:description\" content=\"A Prefeitura de Tr\u00eas Cora\u00e7\u00f5es suspendeu temporariamente o seu concurso em raz\u00e3o da medida provis\u00f3ria de enfrentamento do Coronav\u00edrus.\" \/>\n<meta property=\"og:url\" content=\"https:\/\/www.estrategiaconcursos.com.br\/blog\/concurso-da-prefeitura-de-tres-coracoes-e-suspenso\/\" \/>\n<meta property=\"og:site_name\" content=\"Estrat\u00e9gia Concursos\" \/>\n<meta property=\"article:published_time\" content=\"2020-03-30T12:00:00+00:00\" \/>\n<meta property=\"article:modified_time\" content=\"2020-03-30T18:05:14+00:00\" \/>\n<meta property=\"og:image\" content=\"https:\/\/dhg1h5j42swfq.cloudfront.net\/2019\/11\/07135533\/tres-cora%C3%A7%C3%B5es.jpeg\" \/>\n\t<meta property=\"og:image:width\" content=\"327\" \/>\n\t<meta property=\"og:image:height\" content=\"232\" \/>\n\t<meta property=\"og:image:type\" content=\"image\/jpeg\" \/>\n<meta name=\"author\" content=\"Tiago Zanolla\" \/>\n<meta name=\"twitter:card\" content=\"summary_large_image\" \/>\n<meta name=\"twitter:creator\" content=\"@EstratConcursos\" \/>\n<meta name=\"twitter:site\" content=\"@EstratConcursos\" \/>\n<meta name=\"twitter:label1\" content=\"Escrito por\" \/>\n\t<meta name=\"twitter:data1\" content=\"Tiago Zanolla\" \/>\n\t<meta name=\"twitter:label2\" content=\"Est. tempo de leitura\" \/>\n\t<meta name=\"twitter:data2\" content=\"1 minuto\" \/>\n<script type=\"application\/ld+json\" class=\"yoast-schema-graph\">{\"@context\":\"https:\/\/schema.org\",\"@graph\":[{\"@type\":\"NewsArticle\",\"@id\":\"https:\/\/www.estrategiaconcursos.com.br\/blog\/concurso-da-prefeitura-de-tres-coracoes-e-suspenso\/#article\",\"isPartOf\":{\"@id\":\"https:\/\/www.estrategiaconcursos.com.br\/blog\/concurso-da-prefeitura-de-tres-coracoes-e-suspenso\/\"},\"author\":{\"name\":\"Tiago Zanolla\",\"@id\":\"https:\/\/www.estrategiaconcursos.com.br\/blog\/#\/schema\/person\/1509739fd92a40c9b52116de04a90310\"},\"headline\":\"Concurso da Prefeitura de Tr\u00eas Cora\u00e7\u00f5es \u00e9 suspenso em raz\u00e3o do Coronav\u00edrus\",\"datePublished\":\"2020-03-30T12:00:00+00:00\",\"dateModified\":\"2020-03-30T18:05:14+00:00\",\"mainEntityOfPage\":{\"@id\":\"https:\/\/www.estrategiaconcursos.com.br\/blog\/concurso-da-prefeitura-de-tres-coracoes-e-suspenso\/\"},\"wordCount\":278,\"commentCount\":0,\"publisher\":{\"@id\":\"https:\/\/www.estrategiaconcursos.com.br\/blog\/#organization\"},\"image\":{\"@id\":\"https:\/\/www.estrategiaconcursos.com.br\/blog\/concurso-da-prefeitura-de-tres-coracoes-e-suspenso\/#primaryimage\"},\"thumbnailUrl\":\"https:\/\/dhg1h5j42swfq.cloudfront.net\/2019\/11\/07135533\/tres-cora%C3%A7%C3%B5es.jpeg\",\"articleSection\":[\"Concursos P\u00fablicos\"],\"inLanguage\":\"pt-BR\",\"potentialAction\":[{\"@type\":\"CommentAction\",\"name\":\"Comment\",\"target\":[\"https:\/\/www.estrategiaconcursos.com.br\/blog\/concurso-da-prefeitura-de-tres-coracoes-e-suspenso\/#respond\"]}],\"copyrightYear\":\"2020\",\"copyrightHolder\":{\"@id\":\"https:\/\/www.estrategiaconcursos.com.br\/blog\/#organization\"}},{\"@type\":\"WebPage\",\"@id\":\"https:\/\/www.estrategiaconcursos.com.br\/blog\/concurso-da-prefeitura-de-tres-coracoes-e-suspenso\/\",\"url\":\"https:\/\/www.estrategiaconcursos.com.br\/blog\/concurso-da-prefeitura-de-tres-coracoes-e-suspenso\/\",\"name\":\"Concurso da Prefeitura de Tr\u00eas Cora\u00e7\u00f5es \u00e9 suspenso em raz\u00e3o do Coronav\u00edrus\",\"isPartOf\":{\"@id\":\"https:\/\/www.estrategiaconcursos.com.br\/blog\/#website\"},\"primaryImageOfPage\":{\"@id\":\"https:\/\/www.estrategiaconcursos.com.br\/blog\/concurso-da-prefeitura-de-tres-coracoes-e-suspenso\/#primaryimage\"},\"image\":{\"@id\":\"https:\/\/www.estrategiaconcursos.com.br\/blog\/concurso-da-prefeitura-de-tres-coracoes-e-suspenso\/#primaryimage\"},\"thumbnailUrl\":\"https:\/\/dhg1h5j42swfq.cloudfront.net\/2019\/11\/07135533\/tres-cora%C3%A7%C3%B5es.jpeg\",\"datePublished\":\"2020-03-30T12:00:00+00:00\",\"dateModified\":\"2020-03-30T18:05:14+00:00\",\"description\":\"A Prefeitura de Tr\u00eas Cora\u00e7\u00f5es suspendeu temporariamente o seu concurso em raz\u00e3o da medida provis\u00f3ria de enfrentamento do Coronav\u00edrus.\",\"breadcrumb\":{\"@id\":\"https:\/\/www.estrategiaconcursos.com.br\/blog\/concurso-da-prefeitura-de-tres-coracoes-e-suspenso\/#breadcrumb\"},\"inLanguage\":\"pt-BR\",\"potentialAction\":[{\"@type\":\"ReadAction\",\"target\":[\"https:\/\/www.estrategiaconcursos.com.br\/blog\/concurso-da-prefeitura-de-tres-coracoes-e-suspenso\/\"]}]},{\"@type\":\"ImageObject\",\"inLanguage\":\"pt-BR\",\"@id\":\"https:\/\/www.estrategiaconcursos.com.br\/blog\/concurso-da-prefeitura-de-tres-coracoes-e-suspenso\/#primaryimage\",\"url\":\"https:\/\/dhg1h5j42swfq.cloudfront.net\/2019\/11\/07135533\/tres-cora%C3%A7%C3%B5es.jpeg\",\"contentUrl\":\"https:\/\/dhg1h5j42swfq.cloudfront.net\/2019\/11\/07135533\/tres-cora%C3%A7%C3%B5es.jpeg\",\"width\":327,\"height\":232,\"caption\":\"Prefeitura tres cora\u00e7\u00f5es\"},{\"@type\":\"BreadcrumbList\",\"@id\":\"https:\/\/www.estrategiaconcursos.com.br\/blog\/concurso-da-prefeitura-de-tres-coracoes-e-suspenso\/#breadcrumb\",\"itemListElement\":[{\"@type\":\"ListItem\",\"position\":1,\"name\":\"In\u00edcio\",\"item\":\"https:\/\/www.estrategiaconcursos.com.br\/blog\/\"},{\"@type\":\"ListItem\",\"position\":2,\"name\":\"Concurso da Prefeitura de Tr\u00eas Cora\u00e7\u00f5es \u00e9 suspenso em raz\u00e3o do Coronav\u00edrus\"}]},{\"@type\":\"WebSite\",\"@id\":\"https:\/\/www.estrategiaconcursos.com.br\/blog\/#website\",\"url\":\"https:\/\/www.estrategiaconcursos.com.br\/blog\/\",\"name\":\"Estrat\u00e9gia Concursos\",\"description\":\"O blog da Estrat\u00e9gia Concursos traz not\u00edcias sobre concursos e artigos de professores oferecendo cursos para concursos (pdf + videaulas) no site.\",\"publisher\":{\"@id\":\"https:\/\/www.estrategiaconcursos.com.br\/blog\/#organization\"},\"potentialAction\":[{\"@type\":\"SearchAction\",\"target\":{\"@type\":\"EntryPoint\",\"urlTemplate\":\"https:\/\/www.estrategiaconcursos.com.br\/blog\/?s={search_term_string}\"},\"query-input\":{\"@type\":\"PropertyValueSpecification\",\"valueRequired\":true,\"valueName\":\"search_term_string\"}}],\"inLanguage\":\"pt-BR\"},{\"@type\":\"Organization\",\"@id\":\"https:\/\/www.estrategiaconcursos.com.br\/blog\/#organization\",\"name\":\"Estrat\u00e9gia Concursos\",\"url\":\"https:\/\/www.estrategiaconcursos.com.br\/blog\/\",\"logo\":{\"@type\":\"ImageObject\",\"inLanguage\":\"pt-BR\",\"@id\":\"https:\/\/www.estrategiaconcursos.com.br\/blog\/#\/schema\/logo\/image\/\",\"url\":\"https:\/\/dhg1h5j42swfq.cloudfront.net\/2025\/06\/03203428\/logo_concursos-1.jpg\",\"contentUrl\":\"https:\/\/dhg1h5j42swfq.cloudfront.net\/2025\/06\/03203428\/logo_concursos-1.jpg\",\"width\":230,\"height\":60,\"caption\":\"Estrat\u00e9gia Concursos\"},\"image\":{\"@id\":\"https:\/\/www.estrategiaconcursos.com.br\/blog\/#\/schema\/logo\/image\/\"},\"sameAs\":[\"https:\/\/x.com\/EstratConcursos\"]},{\"@type\":\"Person\",\"@id\":\"https:\/\/www.estrategiaconcursos.com.br\/blog\/#\/schema\/person\/1509739fd92a40c9b52116de04a90310\",\"name\":\"Tiago Zanolla\",\"image\":{\"@type\":\"ImageObject\",\"inLanguage\":\"pt-BR\",\"@id\":\"https:\/\/secure.gravatar.com\/avatar\/e647cb200c21008603a1760df42f3f713d32dd977761568b5689c47f0b1747ee?s=96&d=mm&r=g\",\"url\":\"https:\/\/secure.gravatar.com\/avatar\/e647cb200c21008603a1760df42f3f713d32dd977761568b5689c47f0b1747ee?s=96&d=mm&r=g\",\"contentUrl\":\"https:\/\/secure.gravatar.com\/avatar\/e647cb200c21008603a1760df42f3f713d32dd977761568b5689c47f0b1747ee?s=96&d=mm&r=g\",\"caption\":\"Tiago Zanolla\"},\"url\":\"https:\/\/www.estrategiaconcursos.com.br\/blog\/author\/zanolla-estrategiagmail-com\/\"}]}<\/script>\n<!-- \/ Yoast SEO Premium plugin. -->","yoast_head_json":{"title":"Concurso da Prefeitura de Tr\u00eas Cora\u00e7\u00f5es \u00e9 suspenso em raz\u00e3o do Coronav\u00edrus","description":"A Prefeitura de Tr\u00eas Cora\u00e7\u00f5es suspendeu temporariamente o seu concurso em raz\u00e3o da medida provis\u00f3ria de enfrentamento do Coronav\u00edrus.","robots":{"index":"index","follow":"follow","max-snippet":"max-snippet:-1","max-image-preview":"max-image-preview:large","max-video-preview":"max-video-preview:-1"},"canonical":"https:\/\/www.estrategiaconcursos.com.br\/blog\/concurso-da-prefeitura-de-tres-coracoes-e-suspenso\/","og_locale":"pt_BR","og_type":"article","og_title":"Concurso da Prefeitura de Tr\u00eas Cora\u00e7\u00f5es \u00e9 suspenso em raz\u00e3o do Coronav\u00edrus","og_description":"A Prefeitura de Tr\u00eas Cora\u00e7\u00f5es suspendeu temporariamente o seu concurso em raz\u00e3o da medida provis\u00f3ria de enfrentamento do Coronav\u00edrus.","og_url":"https:\/\/www.estrategiaconcursos.com.br\/blog\/concurso-da-prefeitura-de-tres-coracoes-e-suspenso\/","og_site_name":"Estrat\u00e9gia Concursos","article_published_time":"2020-03-30T12:00:00+00:00","article_modified_time":"2020-03-30T18:05:14+00:00","og_image":[{"width":327,"height":232,"url":"https:\/\/dhg1h5j42swfq.cloudfront.net\/2019\/11\/07135533\/tres-cora%C3%A7%C3%B5es.jpeg","type":"image\/jpeg"}],"author":"Tiago Zanolla","twitter_card":"summary_large_image","twitter_creator":"@EstratConcursos","twitter_site":"@EstratConcursos","twitter_misc":{"Escrito por":"Tiago Zanolla","Est. tempo de leitura":"1 minuto"},"schema":{"@context":"https:\/\/schema.org","@graph":[{"@type":"NewsArticle","@id":"https:\/\/www.estrategiaconcursos.com.br\/blog\/concurso-da-prefeitura-de-tres-coracoes-e-suspenso\/#article","isPartOf":{"@id":"https:\/\/www.estrategiaconcursos.com.br\/blog\/concurso-da-prefeitura-de-tres-coracoes-e-suspenso\/"},"author":{"name":"Tiago Zanolla","@id":"https:\/\/www.estrategiaconcursos.com.br\/blog\/#\/schema\/person\/1509739fd92a40c9b52116de04a90310"},"headline":"Concurso da Prefeitura de Tr\u00eas Cora\u00e7\u00f5es \u00e9 suspenso em raz\u00e3o do Coronav\u00edrus","datePublished":"2020-03-30T12:00:00+00:00","dateModified":"2020-03-30T18:05:14+00:00","mainEntityOfPage":{"@id":"https:\/\/www.estrategiaconcursos.com.br\/blog\/concurso-da-prefeitura-de-tres-coracoes-e-suspenso\/"},"wordCount":278,"commentCount":0,"publisher":{"@id":"https:\/\/www.estrategiaconcursos.com.br\/blog\/#organization"},"image":{"@id":"https:\/\/www.estrategiaconcursos.com.br\/blog\/concurso-da-prefeitura-de-tres-coracoes-e-suspenso\/#primaryimage"},"thumbnailUrl":"https:\/\/dhg1h5j42swfq.cloudfront.net\/2019\/11\/07135533\/tres-cora%C3%A7%C3%B5es.jpeg","articleSection":["Concursos P\u00fablicos"],"inLanguage":"pt-BR","potentialAction":[{"@type":"CommentAction","name":"Comment","target":["https:\/\/www.estrategiaconcursos.com.br\/blog\/concurso-da-prefeitura-de-tres-coracoes-e-suspenso\/#respond"]}],"copyrightYear":"2020","copyrightHolder":{"@id":"https:\/\/www.estrategiaconcursos.com.br\/blog\/#organization"}},{"@type":"WebPage","@id":"https:\/\/www.estrategiaconcursos.com.br\/blog\/concurso-da-prefeitura-de-tres-coracoes-e-suspenso\/","url":"https:\/\/www.estrategiaconcursos.com.br\/blog\/concurso-da-prefeitura-de-tres-coracoes-e-suspenso\/","name":"Concurso da Prefeitura de Tr\u00eas Cora\u00e7\u00f5es \u00e9 suspenso em raz\u00e3o do Coronav\u00edrus","isPartOf":{"@id":"https:\/\/www.estrategiaconcursos.com.br\/blog\/#website"},"primaryImageOfPage":{"@id":"https:\/\/www.estrategiaconcursos.com.br\/blog\/concurso-da-prefeitura-de-tres-coracoes-e-suspenso\/#primaryimage"},"image":{"@id":"https:\/\/www.estrategiaconcursos.com.br\/blog\/concurso-da-prefeitura-de-tres-coracoes-e-suspenso\/#primaryimage"},"thumbnailUrl":"https:\/\/dhg1h5j42swfq.cloudfront.net\/2019\/11\/07135533\/tres-cora%C3%A7%C3%B5es.jpeg","datePublished":"2020-03-30T12:00:00+00:00","dateModified":"2020-03-30T18:05:14+00:00","description":"A Prefeitura de Tr\u00eas Cora\u00e7\u00f5es suspendeu temporariamente o seu concurso em raz\u00e3o da medida provis\u00f3ria de enfrentamento do Coronav\u00edrus.","breadcrumb":{"@id":"https:\/\/www.estrategiaconcursos.com.br\/blog\/concurso-da-prefeitura-de-tres-coracoes-e-suspenso\/#breadcrumb"},"inLanguage":"pt-BR","potentialAction":[{"@type":"ReadAction","target":["https:\/\/www.estrategiaconcursos.com.br\/blog\/concurso-da-prefeitura-de-tres-coracoes-e-suspenso\/"]}]},{"@type":"ImageObject","inLanguage":"pt-BR","@id":"https:\/\/www.estrategiaconcursos.com.br\/blog\/concurso-da-prefeitura-de-tres-coracoes-e-suspenso\/#primaryimage","url":"https:\/\/dhg1h5j42swfq.cloudfront.net\/2019\/11\/07135533\/tres-cora%C3%A7%C3%B5es.jpeg","contentUrl":"https:\/\/dhg1h5j42swfq.cloudfront.net\/2019\/11\/07135533\/tres-cora%C3%A7%C3%B5es.jpeg","width":327,"height":232,"caption":"Prefeitura tres cora\u00e7\u00f5es"},{"@type":"BreadcrumbList","@id":"https:\/\/www.estrategiaconcursos.com.br\/blog\/concurso-da-prefeitura-de-tres-coracoes-e-suspenso\/#breadcrumb","itemListElement":[{"@type":"ListItem","position":1,"name":"In\u00edcio","item":"https:\/\/www.estrategiaconcursos.com.br\/blog\/"},{"@type":"ListItem","position":2,"name":"Concurso da Prefeitura de Tr\u00eas Cora\u00e7\u00f5es \u00e9 suspenso em raz\u00e3o do Coronav\u00edrus"}]},{"@type":"WebSite","@id":"https:\/\/www.estrategiaconcursos.com.br\/blog\/#website","url":"https:\/\/www.estrategiaconcursos.com.br\/blog\/","name":"Estrat\u00e9gia Concursos","description":"O blog da Estrat\u00e9gia Concursos traz not\u00edcias sobre concursos e artigos de professores oferecendo cursos para concursos (pdf + videaulas) no site.","publisher":{"@id":"https:\/\/www.estrategiaconcursos.com.br\/blog\/#organization"},"potentialAction":[{"@type":"SearchAction","target":{"@type":"EntryPoint","urlTemplate":"https:\/\/www.estrategiaconcursos.com.br\/blog\/?s={search_term_string}"},"query-input":{"@type":"PropertyValueSpecification","valueRequired":true,"valueName":"search_term_string"}}],"inLanguage":"pt-BR"},{"@type":"Organization","@id":"https:\/\/www.estrategiaconcursos.com.br\/blog\/#organization","name":"Estrat\u00e9gia Concursos","url":"https:\/\/www.estrategiaconcursos.com.br\/blog\/","logo":{"@type":"ImageObject","inLanguage":"pt-BR","@id":"https:\/\/www.estrategiaconcursos.com.br\/blog\/#\/schema\/logo\/image\/","url":"https:\/\/dhg1h5j42swfq.cloudfront.net\/2025\/06\/03203428\/logo_concursos-1.jpg","contentUrl":"https:\/\/dhg1h5j42swfq.cloudfront.net\/2025\/06\/03203428\/logo_concursos-1.jpg","width":230,"height":60,"caption":"Estrat\u00e9gia Concursos"},"image":{"@id":"https:\/\/www.estrategiaconcursos.com.br\/blog\/#\/schema\/logo\/image\/"},"sameAs":["https:\/\/x.com\/EstratConcursos"]},{"@type":"Person","@id":"https:\/\/www.estrategiaconcursos.com.br\/blog\/#\/schema\/person\/1509739fd92a40c9b52116de04a90310","name":"Tiago Zanolla","image":{"@type":"ImageObject","inLanguage":"pt-BR","@id":"https:\/\/secure.gravatar.com\/avatar\/e647cb200c21008603a1760df42f3f713d32dd977761568b5689c47f0b1747ee?s=96&d=mm&r=g","url":"https:\/\/secure.gravatar.com\/avatar\/e647cb200c21008603a1760df42f3f713d32dd977761568b5689c47f0b1747ee?s=96&d=mm&r=g","contentUrl":"https:\/\/secure.gravatar.com\/avatar\/e647cb200c21008603a1760df42f3f713d32dd977761568b5689c47f0b1747ee?s=96&d=mm&r=g","caption":"Tiago Zanolla"},"url":"https:\/\/www.estrategiaconcursos.com.br\/blog\/author\/zanolla-estrategiagmail-com\/"}]}},"_links":{"self":[{"href":"https:\/\/www.estrategiaconcursos.com.br\/blog\/wp-json\/wp\/v2\/posts\/497836","targetHints":{"allow":["GET"]}}],"collection":[{"href":"https:\/\/www.estrategiaconcursos.com.br\/blog\/wp-json\/wp\/v2\/posts"}],"about":[{"href":"https:\/\/www.estrategiaconcursos.com.br\/blog\/wp-json\/wp\/v2\/types\/post"}],"author":[{"embeddable":true,"href":"https:\/\/www.estrategiaconcursos.com.br\/blog\/wp-json\/wp\/v2\/users\/388"}],"replies":[{"embeddable":true,"href":"https:\/\/www.estrategiaconcursos.com.br\/blog\/wp-json\/wp\/v2\/comments?post=497836"}],"version-history":[{"count":2,"href":"https:\/\/www.estrategiaconcursos.com.br\/blog\/wp-json\/wp\/v2\/posts\/497836\/revisions"}],"predecessor-version":[{"id":498040,"href":"https:\/\/www.estrategiaconcursos.com.br\/blog\/wp-json\/wp\/v2\/posts\/497836\/revisions\/498040"}],"wp:featuredmedia":[{"embeddable":true,"href":"https:\/\/www.estrategiaconcursos.com.br\/blog\/wp-json\/wp\/v2\/media\/445219"}],"wp:attachment":[{"href":"https:\/\/www.estrategiaconcursos.com.br\/blog\/wp-json\/wp\/v2\/media?parent=497836"}],"wp:term":[{"taxonomy":"category","embeddable":true,"href":"https:\/\/www.estrategiaconcursos.com.br\/blog\/wp-json\/wp\/v2\/categories?post=497836"},{"taxonomy":"post_tag","embeddable":true,"href":"https:\/\/www.estrategiaconcursos.com.br\/blog\/wp-json\/wp\/v2\/tags?post=497836"},{"taxonomy":"tax_estado","embeddable":true,"href":"https:\/\/www.estrategiaconcursos.com.br\/blog\/wp-json\/wp\/v2\/tax_estado?post=497836"}],"curies":[{"name":"wp","href":"https:\/\/api.w.org\/{rel}","templated":true}]}}