{"id":497811,"date":"2020-03-30T09:54:13","date_gmt":"2020-03-30T12:54:13","guid":{"rendered":"https:\/\/www.estrategiaconcursos.com.br\/blog\/?p=497811"},"modified":"2020-03-30T09:54:15","modified_gmt":"2020-03-30T12:54:15","slug":"cfp-do-concurso-detran-pa-e-suspenso","status":"publish","type":"post","link":"https:\/\/www.estrategiaconcursos.com.br\/blog\/cfp-do-concurso-detran-pa-e-suspenso\/","title":{"rendered":"Curso de Forma\u00e7\u00e3o Profissional do concurso Detran PA \u00e9 suspenso"},"content":{"rendered":"\n<p>Foi publicado no Di\u00e1rio Oficial desta segunda-feira, 30 de mar\u00e7o, um comunicado que suspende o Curso de Forma\u00e7\u00e3o Profissional do concurso Departamento de Tr\u00e2nsito do Par\u00e1 (Detran PA).<\/p>\n\n\n\n<p>A suspens\u00e3o foi autorizada em virtude do Decreto n \u00b0  609, que disp\u00f5e sobre as medidas de enfrentamento, no Estado do Par\u00e1, \u00e0 pandemia Coronav\u00edrus (COVID-19).<\/p>\n\n\n\n<p>Realizado em 2018, o certame foi executado pela Funda\u00e7\u00e3o de Amparo e Desenvolvimento da Pesquisa (Fadesp).<\/p>\n\n\n\n<p>Foram oferecidas 100 vagas, sendo 66 para Agente de Fiscaliza\u00e7\u00e3o de Tr\u00e2nsito e 34 vagas para Agente de Educa\u00e7\u00e3o de Tr\u00e2nsito, ambos de n\u00edvel m\u00e9dio.<\/p>\n\n\n\n<p>Confira abaixo o extrato de documento que determina a suspens\u00e3o do Curso de CFP:<\/p>\n\n\n\n<div class=\"wp-block-image\"><figure class=\"aligncenter\"><img decoding=\"async\" src=\"https:\/\/trello-attachments.s3.amazonaws.com\/5e81c758a9b8cf396a768cd2\/636x474\/afc4e517418b6067216d97aaa66b9ef6\/image.png\" alt=\"image.png\"\/><\/figure><\/div>\n\n\n\n<p class=\"has-background has-text-align-center has-very-light-gray-background-color\"><a href=\"https:\/\/www.estrategiaconcursos.com.br\/blog\/concurso-detran-pa\/\"><strong>Detran PA<\/strong><\/a><\/p>\n\n\n\n<p class=\"has-text-align-center\"><strong>Gostou dessa novidade e deseja come\u00e7ar a estudar logo? Acesse nossos cursos e saia na frente:<\/strong><\/p>\n\n\n\n<p class=\"has-background has-text-align-center has-luminous-vivid-amber-background-color\"><em><strong><a href=\"https:\/\/www.estrategiaconcursos.com.br\/cursos\/concurso\/\" target=\"_blank\" rel=\"noreferrer noopener\">Curso Detran PA<\/a><\/strong><\/em><\/p>\n\n\n\n<p class=\"has-text-align-center\"><em><strong>Assinatura Anual Ilimitada*<\/strong><\/em><\/p>\n\n\n\n<p class=\"has-text-align-center\"><em>Prepare-se com o melhor material e com quem mais aprova em&nbsp;Concursos P\u00fablicos de todo o pa\u00eds. Assine agora a nossa Assinatura Anual e tenha acesso ilimitado a todos os nossos cursos.<\/em><\/p>\n\n\n\n<p class=\"has-background has-text-align-center has-light-green-cyan-background-color\"><strong>ASSINE AGORA<\/strong>&nbsp;\u2013&nbsp;<a rel=\"noreferrer noopener\" href=\"https:\/\/www.estrategiaconcursos.com.br\/assinaturas\" target=\"_blank\"><strong>Assinatura Ilimitada<\/strong><\/a><\/p>\n\n\n\n<p class=\"has-text-align-center\"><strong><em>Fique por dentro dos concursos vigentes:<\/em><\/strong><\/p>\n\n\n\n<p class=\"has-background has-text-align-center has-pale-cyan-blue-background-color\"><strong><a href=\"https:\/\/www.estrategiaconcursos.com.br\/blog\/concursos-abertos\/\" target=\"_blank\" rel=\"noreferrer noopener\">CONCURSOS ABERTOS<\/a><\/strong><\/p>\n\n\n\n<p class=\"has-background has-text-align-center has-pale-cyan-blue-background-color\"><strong><a href=\"https:\/\/www.estrategiaconcursos.com.br\/blog\/concursos-2020\/\" target=\"_blank\" rel=\"noreferrer noopener\">CONCURSOS&nbsp;2020<\/a><\/strong><\/p>\n","protected":false},"excerpt":{"rendered":"<p>Foi publicado no Di\u00e1rio Oficial desta segunda-feira, 30 de mar\u00e7o, um comunicado que suspende o Curso de Forma\u00e7\u00e3o Profissional do concurso Departamento de Tr\u00e2nsito do Par\u00e1 (Detran PA). A suspens\u00e3o foi autorizada em virtude do Decreto n \u00b0 609, que disp\u00f5e sobre as medidas de enfrentamento, no Estado do Par\u00e1, \u00e0 pandemia Coronav\u00edrus (COVID-19). Realizado [&hellip;]<\/p>\n","protected":false},"author":93,"featured_media":0,"comment_status":"open","ping_status":"closed","sticky":false,"template":"","format":"standard","meta":{"post_tipo":"article","footnotes":""},"categories":[1],"tags":[],"tax_estado":[],"class_list":["post-497811","post","type-post","status-publish","format-standard","hentry","category-cursos-e-concursos"],"acf":[],"yoast_head":"<!-- This site is optimized with the Yoast SEO Premium plugin v27.2 (Yoast SEO v27.2) - https:\/\/yoast.com\/product\/yoast-seo-premium-wordpress\/ -->\n<title>Curso de Forma\u00e7\u00e3o Profissional do concurso Detran PA \u00e9 suspenso<\/title>\n<meta name=\"robots\" content=\"index, follow, max-snippet:-1, max-image-preview:large, max-video-preview:-1\" \/>\n<link rel=\"canonical\" href=\"https:\/\/www.estrategiaconcursos.com.br\/blog\/cfp-do-concurso-detran-pa-e-suspenso\/\" \/>\n<meta property=\"og:locale\" content=\"pt_BR\" \/>\n<meta property=\"og:type\" content=\"article\" \/>\n<meta property=\"og:title\" content=\"Curso de Forma\u00e7\u00e3o Profissional do concurso Detran PA \u00e9 suspenso\" \/>\n<meta property=\"og:description\" content=\"Foi publicado no Di\u00e1rio Oficial desta segunda-feira, 30 de mar\u00e7o, um comunicado que suspende o Curso de Forma\u00e7\u00e3o Profissional do concurso Departamento de Tr\u00e2nsito do Par\u00e1 (Detran PA). A suspens\u00e3o foi autorizada em virtude do Decreto n \u00b0 609, que disp\u00f5e sobre as medidas de enfrentamento, no Estado do Par\u00e1, \u00e0 pandemia Coronav\u00edrus (COVID-19). Realizado [&hellip;]\" \/>\n<meta property=\"og:url\" content=\"https:\/\/www.estrategiaconcursos.com.br\/blog\/cfp-do-concurso-detran-pa-e-suspenso\/\" \/>\n<meta property=\"og:site_name\" content=\"Estrat\u00e9gia Concursos\" \/>\n<meta property=\"article:published_time\" content=\"2020-03-30T12:54:13+00:00\" \/>\n<meta property=\"article:modified_time\" content=\"2020-03-30T12:54:15+00:00\" \/>\n<meta property=\"og:image\" content=\"https:\/\/trello-attachments.s3.amazonaws.com\/5e81c758a9b8cf396a768cd2\/636x474\/afc4e517418b6067216d97aaa66b9ef6\/image.png\" \/>\n<meta name=\"author\" content=\"Vinicius Silva\" \/>\n<meta name=\"twitter:card\" content=\"summary_large_image\" \/>\n<meta name=\"twitter:creator\" content=\"@EstratConcursos\" \/>\n<meta name=\"twitter:site\" content=\"@EstratConcursos\" \/>\n<meta name=\"twitter:label1\" content=\"Escrito por\" \/>\n\t<meta name=\"twitter:data1\" content=\"Vinicius Silva\" \/>\n\t<meta name=\"twitter:label2\" content=\"Est. tempo de leitura\" \/>\n\t<meta name=\"twitter:data2\" content=\"1 minuto\" \/>\n<script type=\"application\/ld+json\" class=\"yoast-schema-graph\">{\"@context\":\"https:\/\/schema.org\",\"@graph\":[{\"@type\":\"NewsArticle\",\"@id\":\"https:\/\/www.estrategiaconcursos.com.br\/blog\/cfp-do-concurso-detran-pa-e-suspenso\/#article\",\"isPartOf\":{\"@id\":\"https:\/\/www.estrategiaconcursos.com.br\/blog\/cfp-do-concurso-detran-pa-e-suspenso\/\"},\"author\":{\"name\":\"Vinicius Silva\",\"@id\":\"https:\/\/www.estrategiaconcursos.com.br\/blog\/#\/schema\/person\/20030622a981f9a942ad6b3561fe4ca4\"},\"headline\":\"Curso de Forma\u00e7\u00e3o Profissional do concurso Detran PA \u00e9 suspenso\",\"datePublished\":\"2020-03-30T12:54:13+00:00\",\"dateModified\":\"2020-03-30T12:54:15+00:00\",\"mainEntityOfPage\":{\"@id\":\"https:\/\/www.estrategiaconcursos.com.br\/blog\/cfp-do-concurso-detran-pa-e-suspenso\/\"},\"wordCount\":202,\"commentCount\":0,\"publisher\":{\"@id\":\"https:\/\/www.estrategiaconcursos.com.br\/blog\/#organization\"},\"image\":{\"@id\":\"https:\/\/www.estrategiaconcursos.com.br\/blog\/cfp-do-concurso-detran-pa-e-suspenso\/#primaryimage\"},\"thumbnailUrl\":\"https:\/\/trello-attachments.s3.amazonaws.com\/5e81c758a9b8cf396a768cd2\/636x474\/afc4e517418b6067216d97aaa66b9ef6\/image.png\",\"articleSection\":[\"Concursos P\u00fablicos\"],\"inLanguage\":\"pt-BR\",\"potentialAction\":[{\"@type\":\"CommentAction\",\"name\":\"Comment\",\"target\":[\"https:\/\/www.estrategiaconcursos.com.br\/blog\/cfp-do-concurso-detran-pa-e-suspenso\/#respond\"]}],\"copyrightYear\":\"2020\",\"copyrightHolder\":{\"@id\":\"https:\/\/www.estrategiaconcursos.com.br\/blog\/#organization\"}},{\"@type\":\"WebPage\",\"@id\":\"https:\/\/www.estrategiaconcursos.com.br\/blog\/cfp-do-concurso-detran-pa-e-suspenso\/\",\"url\":\"https:\/\/www.estrategiaconcursos.com.br\/blog\/cfp-do-concurso-detran-pa-e-suspenso\/\",\"name\":\"Curso de Forma\u00e7\u00e3o Profissional do concurso Detran PA \u00e9 suspenso\",\"isPartOf\":{\"@id\":\"https:\/\/www.estrategiaconcursos.com.br\/blog\/#website\"},\"primaryImageOfPage\":{\"@id\":\"https:\/\/www.estrategiaconcursos.com.br\/blog\/cfp-do-concurso-detran-pa-e-suspenso\/#primaryimage\"},\"image\":{\"@id\":\"https:\/\/www.estrategiaconcursos.com.br\/blog\/cfp-do-concurso-detran-pa-e-suspenso\/#primaryimage\"},\"thumbnailUrl\":\"https:\/\/trello-attachments.s3.amazonaws.com\/5e81c758a9b8cf396a768cd2\/636x474\/afc4e517418b6067216d97aaa66b9ef6\/image.png\",\"datePublished\":\"2020-03-30T12:54:13+00:00\",\"dateModified\":\"2020-03-30T12:54:15+00:00\",\"breadcrumb\":{\"@id\":\"https:\/\/www.estrategiaconcursos.com.br\/blog\/cfp-do-concurso-detran-pa-e-suspenso\/#breadcrumb\"},\"inLanguage\":\"pt-BR\",\"potentialAction\":[{\"@type\":\"ReadAction\",\"target\":[\"https:\/\/www.estrategiaconcursos.com.br\/blog\/cfp-do-concurso-detran-pa-e-suspenso\/\"]}]},{\"@type\":\"ImageObject\",\"inLanguage\":\"pt-BR\",\"@id\":\"https:\/\/www.estrategiaconcursos.com.br\/blog\/cfp-do-concurso-detran-pa-e-suspenso\/#primaryimage\",\"url\":\"https:\/\/trello-attachments.s3.amazonaws.com\/5e81c758a9b8cf396a768cd2\/636x474\/afc4e517418b6067216d97aaa66b9ef6\/image.png\",\"contentUrl\":\"https:\/\/trello-attachments.s3.amazonaws.com\/5e81c758a9b8cf396a768cd2\/636x474\/afc4e517418b6067216d97aaa66b9ef6\/image.png\"},{\"@type\":\"BreadcrumbList\",\"@id\":\"https:\/\/www.estrategiaconcursos.com.br\/blog\/cfp-do-concurso-detran-pa-e-suspenso\/#breadcrumb\",\"itemListElement\":[{\"@type\":\"ListItem\",\"position\":1,\"name\":\"In\u00edcio\",\"item\":\"https:\/\/www.estrategiaconcursos.com.br\/blog\/\"},{\"@type\":\"ListItem\",\"position\":2,\"name\":\"Curso de Forma\u00e7\u00e3o Profissional do concurso Detran PA \u00e9 suspenso\"}]},{\"@type\":\"WebSite\",\"@id\":\"https:\/\/www.estrategiaconcursos.com.br\/blog\/#website\",\"url\":\"https:\/\/www.estrategiaconcursos.com.br\/blog\/\",\"name\":\"Estrat\u00e9gia Concursos\",\"description\":\"O blog da Estrat\u00e9gia Concursos traz not\u00edcias sobre concursos e artigos de professores oferecendo cursos para concursos (pdf + videaulas) no site.\",\"publisher\":{\"@id\":\"https:\/\/www.estrategiaconcursos.com.br\/blog\/#organization\"},\"potentialAction\":[{\"@type\":\"SearchAction\",\"target\":{\"@type\":\"EntryPoint\",\"urlTemplate\":\"https:\/\/www.estrategiaconcursos.com.br\/blog\/?s={search_term_string}\"},\"query-input\":{\"@type\":\"PropertyValueSpecification\",\"valueRequired\":true,\"valueName\":\"search_term_string\"}}],\"inLanguage\":\"pt-BR\"},{\"@type\":\"Organization\",\"@id\":\"https:\/\/www.estrategiaconcursos.com.br\/blog\/#organization\",\"name\":\"Estrat\u00e9gia Concursos\",\"url\":\"https:\/\/www.estrategiaconcursos.com.br\/blog\/\",\"logo\":{\"@type\":\"ImageObject\",\"inLanguage\":\"pt-BR\",\"@id\":\"https:\/\/www.estrategiaconcursos.com.br\/blog\/#\/schema\/logo\/image\/\",\"url\":\"https:\/\/dhg1h5j42swfq.cloudfront.net\/2025\/06\/03203428\/logo_concursos-1.jpg\",\"contentUrl\":\"https:\/\/dhg1h5j42swfq.cloudfront.net\/2025\/06\/03203428\/logo_concursos-1.jpg\",\"width\":230,\"height\":60,\"caption\":\"Estrat\u00e9gia Concursos\"},\"image\":{\"@id\":\"https:\/\/www.estrategiaconcursos.com.br\/blog\/#\/schema\/logo\/image\/\"},\"sameAs\":[\"https:\/\/x.com\/EstratConcursos\"]},{\"@type\":\"Person\",\"@id\":\"https:\/\/www.estrategiaconcursos.com.br\/blog\/#\/schema\/person\/20030622a981f9a942ad6b3561fe4ca4\",\"name\":\"Vinicius Silva\",\"image\":{\"@type\":\"ImageObject\",\"inLanguage\":\"pt-BR\",\"@id\":\"https:\/\/secure.gravatar.com\/avatar\/604d9670a4c7eea71feaa4381f3ae97e148292ac402671c5944aa67a3d127663?s=96&d=mm&r=g\",\"url\":\"https:\/\/secure.gravatar.com\/avatar\/604d9670a4c7eea71feaa4381f3ae97e148292ac402671c5944aa67a3d127663?s=96&d=mm&r=g\",\"contentUrl\":\"https:\/\/secure.gravatar.com\/avatar\/604d9670a4c7eea71feaa4381f3ae97e148292ac402671c5944aa67a3d127663?s=96&d=mm&r=g\",\"caption\":\"Vinicius Silva\"},\"url\":\"https:\/\/www.estrategiaconcursos.com.br\/blog\/author\/viniciussilvaestrategiaconcursos-com-br\/\"}]}<\/script>\n<!-- \/ Yoast SEO Premium plugin. -->","yoast_head_json":{"title":"Curso de Forma\u00e7\u00e3o Profissional do concurso Detran PA \u00e9 suspenso","robots":{"index":"index","follow":"follow","max-snippet":"max-snippet:-1","max-image-preview":"max-image-preview:large","max-video-preview":"max-video-preview:-1"},"canonical":"https:\/\/www.estrategiaconcursos.com.br\/blog\/cfp-do-concurso-detran-pa-e-suspenso\/","og_locale":"pt_BR","og_type":"article","og_title":"Curso de Forma\u00e7\u00e3o Profissional do concurso Detran PA \u00e9 suspenso","og_description":"Foi publicado no Di\u00e1rio Oficial desta segunda-feira, 30 de mar\u00e7o, um comunicado que suspende o Curso de Forma\u00e7\u00e3o Profissional do concurso Departamento de Tr\u00e2nsito do Par\u00e1 (Detran PA). A suspens\u00e3o foi autorizada em virtude do Decreto n \u00b0 609, que disp\u00f5e sobre as medidas de enfrentamento, no Estado do Par\u00e1, \u00e0 pandemia Coronav\u00edrus (COVID-19). Realizado [&hellip;]","og_url":"https:\/\/www.estrategiaconcursos.com.br\/blog\/cfp-do-concurso-detran-pa-e-suspenso\/","og_site_name":"Estrat\u00e9gia Concursos","article_published_time":"2020-03-30T12:54:13+00:00","article_modified_time":"2020-03-30T12:54:15+00:00","og_image":[{"url":"https:\/\/trello-attachments.s3.amazonaws.com\/5e81c758a9b8cf396a768cd2\/636x474\/afc4e517418b6067216d97aaa66b9ef6\/image.png","type":"","width":"","height":""}],"author":"Vinicius Silva","twitter_card":"summary_large_image","twitter_creator":"@EstratConcursos","twitter_site":"@EstratConcursos","twitter_misc":{"Escrito por":"Vinicius Silva","Est. tempo de leitura":"1 minuto"},"schema":{"@context":"https:\/\/schema.org","@graph":[{"@type":"NewsArticle","@id":"https:\/\/www.estrategiaconcursos.com.br\/blog\/cfp-do-concurso-detran-pa-e-suspenso\/#article","isPartOf":{"@id":"https:\/\/www.estrategiaconcursos.com.br\/blog\/cfp-do-concurso-detran-pa-e-suspenso\/"},"author":{"name":"Vinicius Silva","@id":"https:\/\/www.estrategiaconcursos.com.br\/blog\/#\/schema\/person\/20030622a981f9a942ad6b3561fe4ca4"},"headline":"Curso de Forma\u00e7\u00e3o Profissional do concurso Detran PA \u00e9 suspenso","datePublished":"2020-03-30T12:54:13+00:00","dateModified":"2020-03-30T12:54:15+00:00","mainEntityOfPage":{"@id":"https:\/\/www.estrategiaconcursos.com.br\/blog\/cfp-do-concurso-detran-pa-e-suspenso\/"},"wordCount":202,"commentCount":0,"publisher":{"@id":"https:\/\/www.estrategiaconcursos.com.br\/blog\/#organization"},"image":{"@id":"https:\/\/www.estrategiaconcursos.com.br\/blog\/cfp-do-concurso-detran-pa-e-suspenso\/#primaryimage"},"thumbnailUrl":"https:\/\/trello-attachments.s3.amazonaws.com\/5e81c758a9b8cf396a768cd2\/636x474\/afc4e517418b6067216d97aaa66b9ef6\/image.png","articleSection":["Concursos P\u00fablicos"],"inLanguage":"pt-BR","potentialAction":[{"@type":"CommentAction","name":"Comment","target":["https:\/\/www.estrategiaconcursos.com.br\/blog\/cfp-do-concurso-detran-pa-e-suspenso\/#respond"]}],"copyrightYear":"2020","copyrightHolder":{"@id":"https:\/\/www.estrategiaconcursos.com.br\/blog\/#organization"}},{"@type":"WebPage","@id":"https:\/\/www.estrategiaconcursos.com.br\/blog\/cfp-do-concurso-detran-pa-e-suspenso\/","url":"https:\/\/www.estrategiaconcursos.com.br\/blog\/cfp-do-concurso-detran-pa-e-suspenso\/","name":"Curso de Forma\u00e7\u00e3o Profissional do concurso Detran PA \u00e9 suspenso","isPartOf":{"@id":"https:\/\/www.estrategiaconcursos.com.br\/blog\/#website"},"primaryImageOfPage":{"@id":"https:\/\/www.estrategiaconcursos.com.br\/blog\/cfp-do-concurso-detran-pa-e-suspenso\/#primaryimage"},"image":{"@id":"https:\/\/www.estrategiaconcursos.com.br\/blog\/cfp-do-concurso-detran-pa-e-suspenso\/#primaryimage"},"thumbnailUrl":"https:\/\/trello-attachments.s3.amazonaws.com\/5e81c758a9b8cf396a768cd2\/636x474\/afc4e517418b6067216d97aaa66b9ef6\/image.png","datePublished":"2020-03-30T12:54:13+00:00","dateModified":"2020-03-30T12:54:15+00:00","breadcrumb":{"@id":"https:\/\/www.estrategiaconcursos.com.br\/blog\/cfp-do-concurso-detran-pa-e-suspenso\/#breadcrumb"},"inLanguage":"pt-BR","potentialAction":[{"@type":"ReadAction","target":["https:\/\/www.estrategiaconcursos.com.br\/blog\/cfp-do-concurso-detran-pa-e-suspenso\/"]}]},{"@type":"ImageObject","inLanguage":"pt-BR","@id":"https:\/\/www.estrategiaconcursos.com.br\/blog\/cfp-do-concurso-detran-pa-e-suspenso\/#primaryimage","url":"https:\/\/trello-attachments.s3.amazonaws.com\/5e81c758a9b8cf396a768cd2\/636x474\/afc4e517418b6067216d97aaa66b9ef6\/image.png","contentUrl":"https:\/\/trello-attachments.s3.amazonaws.com\/5e81c758a9b8cf396a768cd2\/636x474\/afc4e517418b6067216d97aaa66b9ef6\/image.png"},{"@type":"BreadcrumbList","@id":"https:\/\/www.estrategiaconcursos.com.br\/blog\/cfp-do-concurso-detran-pa-e-suspenso\/#breadcrumb","itemListElement":[{"@type":"ListItem","position":1,"name":"In\u00edcio","item":"https:\/\/www.estrategiaconcursos.com.br\/blog\/"},{"@type":"ListItem","position":2,"name":"Curso de Forma\u00e7\u00e3o Profissional do concurso Detran PA \u00e9 suspenso"}]},{"@type":"WebSite","@id":"https:\/\/www.estrategiaconcursos.com.br\/blog\/#website","url":"https:\/\/www.estrategiaconcursos.com.br\/blog\/","name":"Estrat\u00e9gia Concursos","description":"O blog da Estrat\u00e9gia Concursos traz not\u00edcias sobre concursos e artigos de professores oferecendo cursos para concursos (pdf + videaulas) no site.","publisher":{"@id":"https:\/\/www.estrategiaconcursos.com.br\/blog\/#organization"},"potentialAction":[{"@type":"SearchAction","target":{"@type":"EntryPoint","urlTemplate":"https:\/\/www.estrategiaconcursos.com.br\/blog\/?s={search_term_string}"},"query-input":{"@type":"PropertyValueSpecification","valueRequired":true,"valueName":"search_term_string"}}],"inLanguage":"pt-BR"},{"@type":"Organization","@id":"https:\/\/www.estrategiaconcursos.com.br\/blog\/#organization","name":"Estrat\u00e9gia Concursos","url":"https:\/\/www.estrategiaconcursos.com.br\/blog\/","logo":{"@type":"ImageObject","inLanguage":"pt-BR","@id":"https:\/\/www.estrategiaconcursos.com.br\/blog\/#\/schema\/logo\/image\/","url":"https:\/\/dhg1h5j42swfq.cloudfront.net\/2025\/06\/03203428\/logo_concursos-1.jpg","contentUrl":"https:\/\/dhg1h5j42swfq.cloudfront.net\/2025\/06\/03203428\/logo_concursos-1.jpg","width":230,"height":60,"caption":"Estrat\u00e9gia Concursos"},"image":{"@id":"https:\/\/www.estrategiaconcursos.com.br\/blog\/#\/schema\/logo\/image\/"},"sameAs":["https:\/\/x.com\/EstratConcursos"]},{"@type":"Person","@id":"https:\/\/www.estrategiaconcursos.com.br\/blog\/#\/schema\/person\/20030622a981f9a942ad6b3561fe4ca4","name":"Vinicius Silva","image":{"@type":"ImageObject","inLanguage":"pt-BR","@id":"https:\/\/secure.gravatar.com\/avatar\/604d9670a4c7eea71feaa4381f3ae97e148292ac402671c5944aa67a3d127663?s=96&d=mm&r=g","url":"https:\/\/secure.gravatar.com\/avatar\/604d9670a4c7eea71feaa4381f3ae97e148292ac402671c5944aa67a3d127663?s=96&d=mm&r=g","contentUrl":"https:\/\/secure.gravatar.com\/avatar\/604d9670a4c7eea71feaa4381f3ae97e148292ac402671c5944aa67a3d127663?s=96&d=mm&r=g","caption":"Vinicius Silva"},"url":"https:\/\/www.estrategiaconcursos.com.br\/blog\/author\/viniciussilvaestrategiaconcursos-com-br\/"}]}},"_links":{"self":[{"href":"https:\/\/www.estrategiaconcursos.com.br\/blog\/wp-json\/wp\/v2\/posts\/497811","targetHints":{"allow":["GET"]}}],"collection":[{"href":"https:\/\/www.estrategiaconcursos.com.br\/blog\/wp-json\/wp\/v2\/posts"}],"about":[{"href":"https:\/\/www.estrategiaconcursos.com.br\/blog\/wp-json\/wp\/v2\/types\/post"}],"author":[{"embeddable":true,"href":"https:\/\/www.estrategiaconcursos.com.br\/blog\/wp-json\/wp\/v2\/users\/93"}],"replies":[{"embeddable":true,"href":"https:\/\/www.estrategiaconcursos.com.br\/blog\/wp-json\/wp\/v2\/comments?post=497811"}],"version-history":[{"count":2,"href":"https:\/\/www.estrategiaconcursos.com.br\/blog\/wp-json\/wp\/v2\/posts\/497811\/revisions"}],"predecessor-version":[{"id":497824,"href":"https:\/\/www.estrategiaconcursos.com.br\/blog\/wp-json\/wp\/v2\/posts\/497811\/revisions\/497824"}],"wp:attachment":[{"href":"https:\/\/www.estrategiaconcursos.com.br\/blog\/wp-json\/wp\/v2\/media?parent=497811"}],"wp:term":[{"taxonomy":"category","embeddable":true,"href":"https:\/\/www.estrategiaconcursos.com.br\/blog\/wp-json\/wp\/v2\/categories?post=497811"},{"taxonomy":"post_tag","embeddable":true,"href":"https:\/\/www.estrategiaconcursos.com.br\/blog\/wp-json\/wp\/v2\/tags?post=497811"},{"taxonomy":"tax_estado","embeddable":true,"href":"https:\/\/www.estrategiaconcursos.com.br\/blog\/wp-json\/wp\/v2\/tax_estado?post=497811"}],"curies":[{"name":"wp","href":"https:\/\/api.w.org\/{rel}","templated":true}]}}