{"id":497807,"date":"2020-03-30T09:35:48","date_gmt":"2020-03-30T12:35:48","guid":{"rendered":"https:\/\/www.estrategiaconcursos.com.br\/blog\/?p=497807"},"modified":"2020-03-30T14:42:35","modified_gmt":"2020-03-30T17:42:35","slug":"novo-anuncio-concurso-tce-am","status":"publish","type":"post","link":"https:\/\/www.estrategiaconcursos.com.br\/blog\/novo-anuncio-concurso-tce-am\/","title":{"rendered":"Presidente faz novo AN\u00daNCIO sobre o concurso TCE AM; confira!"},"content":{"rendered":"\n<h2 class=\"wp-block-heading\"><em>Segundo presidente, certame deve ofertar, no m\u00ednimo, 150 vagas<\/em><\/h2>\n\n\n\n<p>O presidente do Tribunal de Contas do Amazonas (TCE-AM), conselheiro Mario de Mello, fez um novo an\u00fancio nesta semana, atrav\u00e9s de uma live no Instagram, sobre a realiza\u00e7\u00e3o do concurso p\u00fablico com vagas para Procuradoria Geral Jur\u00eddica da Corte de Contas, voltado para os profissionais da \u00e1rea de direito, al\u00e9m das outras vagas j\u00e1 anunciadas para n\u00edvel superior.<\/p>\n\n\n\n<p>Segundo o presidente, <em>\u201cJ\u00e1 conversei com o governador Wilson Lima e ele ir\u00e1 enviar para a Assembleia um projeto para alterar a Constitui\u00e7\u00e3o do Estado e autorizar a cria\u00e7\u00e3o da Procuradoria Jur\u00eddica no Tribunal de Contas\u201d<\/em>, explicou o conselheiro.<\/p>\n\n\n\n<p>Atualmente, o TCE AM \u00e9 representado judicialmente pela Procuradoria Geral do Estado (PGE). Mas a iniciativa do presidente do Tribunal prev\u00ea a cria\u00e7\u00e3o de uma Procuradoria Jur\u00eddica pr\u00f3pria. A partir da cria\u00e7\u00e3o da estrutura organizacional ser\u00e1 realizado um concurso p\u00fablico, previsto para at\u00e9 o final deste ano, com cargos para Procuradores e Auxiliares.<\/p>\n\n\n\n<h3 class=\"wp-block-heading\">Vagas<\/h3>\n\n\n\n<p>Vale ressaltar que, no inicio do ano, o presidente do TCE deu uma entrevista para um programa de TV, onde falou sobre a pretens\u00e3o de realizar o certame. Na ocasi\u00e3o, o presidente, inclusive, falou sobre\u00a0o d\u00e9ficit atual do \u00f3rg\u00e3o, que \u00e9 de 150 postos de trabalho. Atualmente, a vac\u00e2ncia chega a\u00a0<strong>304 cargos<\/strong>, por conta do n\u00famero elevado de aposentadorias. <\/p>\n\n\n\n<p>O concurso, j\u00e1 anunciado pelo Tribunal, ser\u00e1 conduzido pela Funda\u00e7\u00e3o Get\u00falio Vargas (FGV) e abranger\u00e1 vagas para Procuradoria Jur\u00eddica e para demais cargos de n\u00edvel superior.<\/p>\n\n\n\n<p>De acordo com a Lei n\u00ba 4.743\/18, modificada pela Lei n\u00ba 5.053\/19, a estimativa \u00e9 de que sejam ofertadas vagas para Auditor T\u00e9cnico de Controle Externo \u2013 Auditoria Governamental, Auditor T\u00e9cnico de Controle Externo \u2013 Auditoria de Obras P\u00fablicas, Auditor T\u00e9cnico de Controle Externo \u2013 Tecnologia da Informa\u00e7\u00e3o e Auditor T\u00e9cnico de Controle Externo \u2013 Minist\u00e9rio P\u00fablico de Contas.<\/p>\n\n\n\n<p><em>\u201cContinue estudando! Nossa expectativa \u00e9 um concurso para, no m\u00ednimo, 150 vagas, mas temos uma demanda de 304 servidores. Al\u00e9m de realizar o concurso, irei nomear todos na minha gest\u00e3o ainda. N\u00e3o h\u00e1 for\u00e7a humana que me fa\u00e7a retroceder\u201d<\/em>, disse Mello.<\/p>\n\n\n\n<p>Segundo ele, a previs\u00e3o \u00e9 que as provas sejam realizadas no final deste ano ou at\u00e9 o in\u00edcio de 2021. <em>\u201cTenho muita f\u00e9 em Santa Clara e, se Deus quiser, iremos realizar o concurso ainda este ano. Meu compromisso e meu objetivo \u00e9 fazer este concurso este ano\u201d<\/em>, afirmou o conselheiro.<\/p>\n\n\n\n<h4 class=\"has-text-align-center wp-block-heading\"><em><strong>Quer saber mais informa\u00e7\u00f5es a respeito do concurso TCE AM? Acesse o link abaixo e veja tudo na \u00edntegra!! <\/strong><\/em><\/h4>\n\n\n\n<p style=\"font-size:22px\" class=\"has-background has-text-align-center has-very-light-gray-background-color\"><strong>Saiba mais:<a href=\"https:\/\/www.estrategiaconcursos.com.br\/blog\/concurso-tce-am\/\" target=\"_blank\" rel=\"noreferrer noopener\" aria-label=\" Concurso TCE AM (abre numa nova aba)\"> Concurso TCE AM<\/a><\/strong><\/p>\n\n\n\n<p class=\"has-text-align-center has-medium-font-size\"><em><strong>Assinatura Anual Ilimitada*<\/strong><\/em><\/p>\n\n\n\n<p class=\"has-text-align-center\"><em>Prepare-se com o melhor material e com quem mais aprova em Concursos P\u00fablicos em todo o pa\u00eds. Assine agora a nossa Assinatura Anual e tenha acesso ilimitado* a todos os nossos cursos.<\/em><\/p>\n\n\n\n<p style=\"font-size:22px\" class=\"has-background has-text-align-center has-light-green-cyan-background-color\"><strong>ASSINE AGORA<\/strong>&nbsp;\u2013&nbsp;<strong><a href=\"https:\/\/www.estrategiaconcursos.com.br\/assinaturas\" target=\"_blank\" rel=\"noreferrer noopener\">Assinatura Ilimitada<\/a><\/strong><\/p>\n\n\n\n<p style=\"font-size:22px\" class=\"has-background has-text-align-center has-luminous-vivid-amber-background-color\"><strong><a rel=\"noreferrer noopener\" href=\"https:\/\/www.estrategiaconcursos.com.br\/cursosPorConcurso\/tce-am-passo-estrategico\/\" target=\"_blank\">CURSOS TCE AM<\/a><\/strong><\/p>\n\n\n\n<p class=\"has-text-align-center\"><em><strong>Fique por dentro de todos os concursos<\/strong><\/em><\/p>\n\n\n\n<p style=\"font-size:22px\" class=\"has-background has-text-align-center has-pale-cyan-blue-background-color\"><a rel=\"noreferrer noopener\" href=\"https:\/\/www.estrategiaconcursos.com.br\/blog\/concursos-abertos\/\" target=\"_blank\"><strong>Concursos abertos<\/strong><\/a><\/p>\n\n\n\n<p style=\"font-size:22px\" class=\"has-background has-text-align-center has-pale-cyan-blue-background-color\"><a rel=\"noreferrer noopener\" href=\"https:\/\/www.estrategiaconcursos.com.br\/blog\/concursos-2020\/\" target=\"_blank\"><strong>Concursos 2020<\/strong><\/a><\/p>\n","protected":false},"excerpt":{"rendered":"<p>Segundo presidente, certame deve ofertar, no m\u00ednimo, 150 vagas O presidente do Tribunal de Contas do Amazonas (TCE-AM), conselheiro Mario de Mello, fez um novo an\u00fancio nesta semana, atrav\u00e9s de uma live no Instagram, sobre a realiza\u00e7\u00e3o do concurso p\u00fablico com vagas para Procuradoria Geral Jur\u00eddica da Corte de Contas, voltado para os profissionais da [&hellip;]<\/p>\n","protected":false},"author":129,"featured_media":433792,"comment_status":"open","ping_status":"closed","sticky":false,"template":"","format":"standard","meta":{"post_tipo":"article","footnotes":""},"categories":[1],"tags":[],"tax_estado":[],"class_list":["post-497807","post","type-post","status-publish","format-standard","has-post-thumbnail","hentry","category-cursos-e-concursos"],"acf":[],"yoast_head":"<!-- This site is optimized with the Yoast SEO Premium plugin v27.2 (Yoast SEO v27.2) - https:\/\/yoast.com\/product\/yoast-seo-premium-wordpress\/ -->\n<title>Presidente faz novo AN\u00daNCIO sobre o concurso TCE AM; confira!<\/title>\n<meta name=\"description\" content=\"O presidente do TCE-AM, conselheiro Mario de Mello, fez um novo anuncio nesta semana, sobre a realiza\u00e7\u00e3o do concurso p\u00fablico. Ser\u00e3o no m\u00ednimo 150 vagas!\" \/>\n<meta name=\"robots\" content=\"index, follow, max-snippet:-1, max-image-preview:large, max-video-preview:-1\" \/>\n<link rel=\"canonical\" href=\"https:\/\/www.estrategiaconcursos.com.br\/blog\/novo-anuncio-concurso-tce-am\/\" \/>\n<meta property=\"og:locale\" content=\"pt_BR\" \/>\n<meta property=\"og:type\" content=\"article\" \/>\n<meta property=\"og:title\" content=\"Presidente faz novo AN\u00daNCIO sobre o concurso TCE AM; confira!\" \/>\n<meta property=\"og:description\" content=\"O presidente do TCE-AM, conselheiro Mario de Mello, fez um novo anuncio nesta semana, sobre a realiza\u00e7\u00e3o do concurso p\u00fablico. Ser\u00e3o no m\u00ednimo 150 vagas!\" \/>\n<meta property=\"og:url\" content=\"https:\/\/www.estrategiaconcursos.com.br\/blog\/novo-anuncio-concurso-tce-am\/\" \/>\n<meta property=\"og:site_name\" content=\"Estrat\u00e9gia Concursos\" \/>\n<meta property=\"article:published_time\" content=\"2020-03-30T12:35:48+00:00\" \/>\n<meta property=\"article:modified_time\" content=\"2020-03-30T17:42:35+00:00\" \/>\n<meta property=\"og:image\" content=\"https:\/\/dhg1h5j42swfq.cloudfront.net\/2019\/03\/14120051\/TCE-AM.jpg\" \/>\n\t<meta property=\"og:image:width\" content=\"1200\" \/>\n\t<meta property=\"og:image:height\" content=\"628\" \/>\n\t<meta property=\"og:image:type\" content=\"image\/jpeg\" \/>\n<meta name=\"author\" content=\"Herbert Almeida\" \/>\n<meta name=\"twitter:card\" content=\"summary_large_image\" \/>\n<meta name=\"twitter:creator\" content=\"@EstratConcursos\" \/>\n<meta name=\"twitter:site\" content=\"@EstratConcursos\" \/>\n<meta name=\"twitter:label1\" content=\"Escrito por\" \/>\n\t<meta name=\"twitter:data1\" content=\"Herbert Almeida\" \/>\n\t<meta name=\"twitter:label2\" content=\"Est. tempo de leitura\" \/>\n\t<meta name=\"twitter:data2\" content=\"3 minutos\" \/>\n<script type=\"application\/ld+json\" class=\"yoast-schema-graph\">{\"@context\":\"https:\/\/schema.org\",\"@graph\":[{\"@type\":\"NewsArticle\",\"@id\":\"https:\/\/www.estrategiaconcursos.com.br\/blog\/novo-anuncio-concurso-tce-am\/#article\",\"isPartOf\":{\"@id\":\"https:\/\/www.estrategiaconcursos.com.br\/blog\/novo-anuncio-concurso-tce-am\/\"},\"author\":{\"name\":\"Herbert Almeida\",\"@id\":\"https:\/\/www.estrategiaconcursos.com.br\/blog\/#\/schema\/person\/59717c75350fa01aa0fd68a52a8d02e0\"},\"headline\":\"Presidente faz novo AN\u00daNCIO sobre o concurso TCE AM; confira!\",\"datePublished\":\"2020-03-30T12:35:48+00:00\",\"dateModified\":\"2020-03-30T17:42:35+00:00\",\"mainEntityOfPage\":{\"@id\":\"https:\/\/www.estrategiaconcursos.com.br\/blog\/novo-anuncio-concurso-tce-am\/\"},\"wordCount\":514,\"commentCount\":1,\"publisher\":{\"@id\":\"https:\/\/www.estrategiaconcursos.com.br\/blog\/#organization\"},\"image\":{\"@id\":\"https:\/\/www.estrategiaconcursos.com.br\/blog\/novo-anuncio-concurso-tce-am\/#primaryimage\"},\"thumbnailUrl\":\"https:\/\/dhg1h5j42swfq.cloudfront.net\/2019\/03\/14120051\/TCE-AM.jpg\",\"articleSection\":[\"Concursos P\u00fablicos\"],\"inLanguage\":\"pt-BR\",\"potentialAction\":[{\"@type\":\"CommentAction\",\"name\":\"Comment\",\"target\":[\"https:\/\/www.estrategiaconcursos.com.br\/blog\/novo-anuncio-concurso-tce-am\/#respond\"]}],\"copyrightYear\":\"2020\",\"copyrightHolder\":{\"@id\":\"https:\/\/www.estrategiaconcursos.com.br\/blog\/#organization\"}},{\"@type\":\"WebPage\",\"@id\":\"https:\/\/www.estrategiaconcursos.com.br\/blog\/novo-anuncio-concurso-tce-am\/\",\"url\":\"https:\/\/www.estrategiaconcursos.com.br\/blog\/novo-anuncio-concurso-tce-am\/\",\"name\":\"Presidente faz novo AN\u00daNCIO sobre o concurso TCE AM; confira!\",\"isPartOf\":{\"@id\":\"https:\/\/www.estrategiaconcursos.com.br\/blog\/#website\"},\"primaryImageOfPage\":{\"@id\":\"https:\/\/www.estrategiaconcursos.com.br\/blog\/novo-anuncio-concurso-tce-am\/#primaryimage\"},\"image\":{\"@id\":\"https:\/\/www.estrategiaconcursos.com.br\/blog\/novo-anuncio-concurso-tce-am\/#primaryimage\"},\"thumbnailUrl\":\"https:\/\/dhg1h5j42swfq.cloudfront.net\/2019\/03\/14120051\/TCE-AM.jpg\",\"datePublished\":\"2020-03-30T12:35:48+00:00\",\"dateModified\":\"2020-03-30T17:42:35+00:00\",\"description\":\"O presidente do TCE-AM, conselheiro Mario de Mello, fez um novo anuncio nesta semana, sobre a realiza\u00e7\u00e3o do concurso p\u00fablico. Ser\u00e3o no m\u00ednimo 150 vagas!\",\"breadcrumb\":{\"@id\":\"https:\/\/www.estrategiaconcursos.com.br\/blog\/novo-anuncio-concurso-tce-am\/#breadcrumb\"},\"inLanguage\":\"pt-BR\",\"potentialAction\":[{\"@type\":\"ReadAction\",\"target\":[\"https:\/\/www.estrategiaconcursos.com.br\/blog\/novo-anuncio-concurso-tce-am\/\"]}]},{\"@type\":\"ImageObject\",\"inLanguage\":\"pt-BR\",\"@id\":\"https:\/\/www.estrategiaconcursos.com.br\/blog\/novo-anuncio-concurso-tce-am\/#primaryimage\",\"url\":\"https:\/\/dhg1h5j42swfq.cloudfront.net\/2019\/03\/14120051\/TCE-AM.jpg\",\"contentUrl\":\"https:\/\/dhg1h5j42swfq.cloudfront.net\/2019\/03\/14120051\/TCE-AM.jpg\",\"width\":1200,\"height\":628,\"caption\":\"TCE AM\"},{\"@type\":\"BreadcrumbList\",\"@id\":\"https:\/\/www.estrategiaconcursos.com.br\/blog\/novo-anuncio-concurso-tce-am\/#breadcrumb\",\"itemListElement\":[{\"@type\":\"ListItem\",\"position\":1,\"name\":\"In\u00edcio\",\"item\":\"https:\/\/www.estrategiaconcursos.com.br\/blog\/\"},{\"@type\":\"ListItem\",\"position\":2,\"name\":\"Presidente faz novo AN\u00daNCIO sobre o concurso TCE AM; confira!\"}]},{\"@type\":\"WebSite\",\"@id\":\"https:\/\/www.estrategiaconcursos.com.br\/blog\/#website\",\"url\":\"https:\/\/www.estrategiaconcursos.com.br\/blog\/\",\"name\":\"Estrat\u00e9gia Concursos\",\"description\":\"O blog da Estrat\u00e9gia Concursos traz not\u00edcias sobre concursos e artigos de professores oferecendo cursos para concursos (pdf + videaulas) no site.\",\"publisher\":{\"@id\":\"https:\/\/www.estrategiaconcursos.com.br\/blog\/#organization\"},\"potentialAction\":[{\"@type\":\"SearchAction\",\"target\":{\"@type\":\"EntryPoint\",\"urlTemplate\":\"https:\/\/www.estrategiaconcursos.com.br\/blog\/?s={search_term_string}\"},\"query-input\":{\"@type\":\"PropertyValueSpecification\",\"valueRequired\":true,\"valueName\":\"search_term_string\"}}],\"inLanguage\":\"pt-BR\"},{\"@type\":\"Organization\",\"@id\":\"https:\/\/www.estrategiaconcursos.com.br\/blog\/#organization\",\"name\":\"Estrat\u00e9gia Concursos\",\"url\":\"https:\/\/www.estrategiaconcursos.com.br\/blog\/\",\"logo\":{\"@type\":\"ImageObject\",\"inLanguage\":\"pt-BR\",\"@id\":\"https:\/\/www.estrategiaconcursos.com.br\/blog\/#\/schema\/logo\/image\/\",\"url\":\"https:\/\/dhg1h5j42swfq.cloudfront.net\/2025\/06\/03203428\/logo_concursos-1.jpg\",\"contentUrl\":\"https:\/\/dhg1h5j42swfq.cloudfront.net\/2025\/06\/03203428\/logo_concursos-1.jpg\",\"width\":230,\"height\":60,\"caption\":\"Estrat\u00e9gia Concursos\"},\"image\":{\"@id\":\"https:\/\/www.estrategiaconcursos.com.br\/blog\/#\/schema\/logo\/image\/\"},\"sameAs\":[\"https:\/\/x.com\/EstratConcursos\"]},{\"@type\":\"Person\",\"@id\":\"https:\/\/www.estrategiaconcursos.com.br\/blog\/#\/schema\/person\/59717c75350fa01aa0fd68a52a8d02e0\",\"name\":\"Herbert Almeida\",\"image\":{\"@type\":\"ImageObject\",\"inLanguage\":\"pt-BR\",\"@id\":\"https:\/\/secure.gravatar.com\/avatar\/b6461a43893c24d5fc91efc433971ffec025c84c0341129f4578034d77f9a536?s=96&d=mm&r=g\",\"url\":\"https:\/\/secure.gravatar.com\/avatar\/b6461a43893c24d5fc91efc433971ffec025c84c0341129f4578034d77f9a536?s=96&d=mm&r=g\",\"contentUrl\":\"https:\/\/secure.gravatar.com\/avatar\/b6461a43893c24d5fc91efc433971ffec025c84c0341129f4578034d77f9a536?s=96&d=mm&r=g\",\"caption\":\"Herbert Almeida\"},\"url\":\"https:\/\/www.estrategiaconcursos.com.br\/blog\/author\/herbertestrategiaconcursos-com-br\/\"}]}<\/script>\n<!-- \/ Yoast SEO Premium plugin. -->","yoast_head_json":{"title":"Presidente faz novo AN\u00daNCIO sobre o concurso TCE AM; confira!","description":"O presidente do TCE-AM, conselheiro Mario de Mello, fez um novo anuncio nesta semana, sobre a realiza\u00e7\u00e3o do concurso p\u00fablico. Ser\u00e3o no m\u00ednimo 150 vagas!","robots":{"index":"index","follow":"follow","max-snippet":"max-snippet:-1","max-image-preview":"max-image-preview:large","max-video-preview":"max-video-preview:-1"},"canonical":"https:\/\/www.estrategiaconcursos.com.br\/blog\/novo-anuncio-concurso-tce-am\/","og_locale":"pt_BR","og_type":"article","og_title":"Presidente faz novo AN\u00daNCIO sobre o concurso TCE AM; confira!","og_description":"O presidente do TCE-AM, conselheiro Mario de Mello, fez um novo anuncio nesta semana, sobre a realiza\u00e7\u00e3o do concurso p\u00fablico. Ser\u00e3o no m\u00ednimo 150 vagas!","og_url":"https:\/\/www.estrategiaconcursos.com.br\/blog\/novo-anuncio-concurso-tce-am\/","og_site_name":"Estrat\u00e9gia Concursos","article_published_time":"2020-03-30T12:35:48+00:00","article_modified_time":"2020-03-30T17:42:35+00:00","og_image":[{"width":1200,"height":628,"url":"https:\/\/dhg1h5j42swfq.cloudfront.net\/2019\/03\/14120051\/TCE-AM.jpg","type":"image\/jpeg"}],"author":"Herbert Almeida","twitter_card":"summary_large_image","twitter_creator":"@EstratConcursos","twitter_site":"@EstratConcursos","twitter_misc":{"Escrito por":"Herbert Almeida","Est. tempo de leitura":"3 minutos"},"schema":{"@context":"https:\/\/schema.org","@graph":[{"@type":"NewsArticle","@id":"https:\/\/www.estrategiaconcursos.com.br\/blog\/novo-anuncio-concurso-tce-am\/#article","isPartOf":{"@id":"https:\/\/www.estrategiaconcursos.com.br\/blog\/novo-anuncio-concurso-tce-am\/"},"author":{"name":"Herbert Almeida","@id":"https:\/\/www.estrategiaconcursos.com.br\/blog\/#\/schema\/person\/59717c75350fa01aa0fd68a52a8d02e0"},"headline":"Presidente faz novo AN\u00daNCIO sobre o concurso TCE AM; confira!","datePublished":"2020-03-30T12:35:48+00:00","dateModified":"2020-03-30T17:42:35+00:00","mainEntityOfPage":{"@id":"https:\/\/www.estrategiaconcursos.com.br\/blog\/novo-anuncio-concurso-tce-am\/"},"wordCount":514,"commentCount":1,"publisher":{"@id":"https:\/\/www.estrategiaconcursos.com.br\/blog\/#organization"},"image":{"@id":"https:\/\/www.estrategiaconcursos.com.br\/blog\/novo-anuncio-concurso-tce-am\/#primaryimage"},"thumbnailUrl":"https:\/\/dhg1h5j42swfq.cloudfront.net\/2019\/03\/14120051\/TCE-AM.jpg","articleSection":["Concursos P\u00fablicos"],"inLanguage":"pt-BR","potentialAction":[{"@type":"CommentAction","name":"Comment","target":["https:\/\/www.estrategiaconcursos.com.br\/blog\/novo-anuncio-concurso-tce-am\/#respond"]}],"copyrightYear":"2020","copyrightHolder":{"@id":"https:\/\/www.estrategiaconcursos.com.br\/blog\/#organization"}},{"@type":"WebPage","@id":"https:\/\/www.estrategiaconcursos.com.br\/blog\/novo-anuncio-concurso-tce-am\/","url":"https:\/\/www.estrategiaconcursos.com.br\/blog\/novo-anuncio-concurso-tce-am\/","name":"Presidente faz novo AN\u00daNCIO sobre o concurso TCE AM; confira!","isPartOf":{"@id":"https:\/\/www.estrategiaconcursos.com.br\/blog\/#website"},"primaryImageOfPage":{"@id":"https:\/\/www.estrategiaconcursos.com.br\/blog\/novo-anuncio-concurso-tce-am\/#primaryimage"},"image":{"@id":"https:\/\/www.estrategiaconcursos.com.br\/blog\/novo-anuncio-concurso-tce-am\/#primaryimage"},"thumbnailUrl":"https:\/\/dhg1h5j42swfq.cloudfront.net\/2019\/03\/14120051\/TCE-AM.jpg","datePublished":"2020-03-30T12:35:48+00:00","dateModified":"2020-03-30T17:42:35+00:00","description":"O presidente do TCE-AM, conselheiro Mario de Mello, fez um novo anuncio nesta semana, sobre a realiza\u00e7\u00e3o do concurso p\u00fablico. Ser\u00e3o no m\u00ednimo 150 vagas!","breadcrumb":{"@id":"https:\/\/www.estrategiaconcursos.com.br\/blog\/novo-anuncio-concurso-tce-am\/#breadcrumb"},"inLanguage":"pt-BR","potentialAction":[{"@type":"ReadAction","target":["https:\/\/www.estrategiaconcursos.com.br\/blog\/novo-anuncio-concurso-tce-am\/"]}]},{"@type":"ImageObject","inLanguage":"pt-BR","@id":"https:\/\/www.estrategiaconcursos.com.br\/blog\/novo-anuncio-concurso-tce-am\/#primaryimage","url":"https:\/\/dhg1h5j42swfq.cloudfront.net\/2019\/03\/14120051\/TCE-AM.jpg","contentUrl":"https:\/\/dhg1h5j42swfq.cloudfront.net\/2019\/03\/14120051\/TCE-AM.jpg","width":1200,"height":628,"caption":"TCE AM"},{"@type":"BreadcrumbList","@id":"https:\/\/www.estrategiaconcursos.com.br\/blog\/novo-anuncio-concurso-tce-am\/#breadcrumb","itemListElement":[{"@type":"ListItem","position":1,"name":"In\u00edcio","item":"https:\/\/www.estrategiaconcursos.com.br\/blog\/"},{"@type":"ListItem","position":2,"name":"Presidente faz novo AN\u00daNCIO sobre o concurso TCE AM; confira!"}]},{"@type":"WebSite","@id":"https:\/\/www.estrategiaconcursos.com.br\/blog\/#website","url":"https:\/\/www.estrategiaconcursos.com.br\/blog\/","name":"Estrat\u00e9gia Concursos","description":"O blog da Estrat\u00e9gia Concursos traz not\u00edcias sobre concursos e artigos de professores oferecendo cursos para concursos (pdf + videaulas) no site.","publisher":{"@id":"https:\/\/www.estrategiaconcursos.com.br\/blog\/#organization"},"potentialAction":[{"@type":"SearchAction","target":{"@type":"EntryPoint","urlTemplate":"https:\/\/www.estrategiaconcursos.com.br\/blog\/?s={search_term_string}"},"query-input":{"@type":"PropertyValueSpecification","valueRequired":true,"valueName":"search_term_string"}}],"inLanguage":"pt-BR"},{"@type":"Organization","@id":"https:\/\/www.estrategiaconcursos.com.br\/blog\/#organization","name":"Estrat\u00e9gia Concursos","url":"https:\/\/www.estrategiaconcursos.com.br\/blog\/","logo":{"@type":"ImageObject","inLanguage":"pt-BR","@id":"https:\/\/www.estrategiaconcursos.com.br\/blog\/#\/schema\/logo\/image\/","url":"https:\/\/dhg1h5j42swfq.cloudfront.net\/2025\/06\/03203428\/logo_concursos-1.jpg","contentUrl":"https:\/\/dhg1h5j42swfq.cloudfront.net\/2025\/06\/03203428\/logo_concursos-1.jpg","width":230,"height":60,"caption":"Estrat\u00e9gia Concursos"},"image":{"@id":"https:\/\/www.estrategiaconcursos.com.br\/blog\/#\/schema\/logo\/image\/"},"sameAs":["https:\/\/x.com\/EstratConcursos"]},{"@type":"Person","@id":"https:\/\/www.estrategiaconcursos.com.br\/blog\/#\/schema\/person\/59717c75350fa01aa0fd68a52a8d02e0","name":"Herbert Almeida","image":{"@type":"ImageObject","inLanguage":"pt-BR","@id":"https:\/\/secure.gravatar.com\/avatar\/b6461a43893c24d5fc91efc433971ffec025c84c0341129f4578034d77f9a536?s=96&d=mm&r=g","url":"https:\/\/secure.gravatar.com\/avatar\/b6461a43893c24d5fc91efc433971ffec025c84c0341129f4578034d77f9a536?s=96&d=mm&r=g","contentUrl":"https:\/\/secure.gravatar.com\/avatar\/b6461a43893c24d5fc91efc433971ffec025c84c0341129f4578034d77f9a536?s=96&d=mm&r=g","caption":"Herbert Almeida"},"url":"https:\/\/www.estrategiaconcursos.com.br\/blog\/author\/herbertestrategiaconcursos-com-br\/"}]}},"_links":{"self":[{"href":"https:\/\/www.estrategiaconcursos.com.br\/blog\/wp-json\/wp\/v2\/posts\/497807","targetHints":{"allow":["GET"]}}],"collection":[{"href":"https:\/\/www.estrategiaconcursos.com.br\/blog\/wp-json\/wp\/v2\/posts"}],"about":[{"href":"https:\/\/www.estrategiaconcursos.com.br\/blog\/wp-json\/wp\/v2\/types\/post"}],"author":[{"embeddable":true,"href":"https:\/\/www.estrategiaconcursos.com.br\/blog\/wp-json\/wp\/v2\/users\/129"}],"replies":[{"embeddable":true,"href":"https:\/\/www.estrategiaconcursos.com.br\/blog\/wp-json\/wp\/v2\/comments?post=497807"}],"version-history":[{"count":6,"href":"https:\/\/www.estrategiaconcursos.com.br\/blog\/wp-json\/wp\/v2\/posts\/497807\/revisions"}],"predecessor-version":[{"id":498019,"href":"https:\/\/www.estrategiaconcursos.com.br\/blog\/wp-json\/wp\/v2\/posts\/497807\/revisions\/498019"}],"wp:featuredmedia":[{"embeddable":true,"href":"https:\/\/www.estrategiaconcursos.com.br\/blog\/wp-json\/wp\/v2\/media\/433792"}],"wp:attachment":[{"href":"https:\/\/www.estrategiaconcursos.com.br\/blog\/wp-json\/wp\/v2\/media?parent=497807"}],"wp:term":[{"taxonomy":"category","embeddable":true,"href":"https:\/\/www.estrategiaconcursos.com.br\/blog\/wp-json\/wp\/v2\/categories?post=497807"},{"taxonomy":"post_tag","embeddable":true,"href":"https:\/\/www.estrategiaconcursos.com.br\/blog\/wp-json\/wp\/v2\/tags?post=497807"},{"taxonomy":"tax_estado","embeddable":true,"href":"https:\/\/www.estrategiaconcursos.com.br\/blog\/wp-json\/wp\/v2\/tax_estado?post=497807"}],"curies":[{"name":"wp","href":"https:\/\/api.w.org\/{rel}","templated":true}]}}