{"id":497399,"date":"2020-05-21T08:02:00","date_gmt":"2020-05-21T11:02:00","guid":{"rendered":"https:\/\/www.estrategiaconcursos.com.br\/blog\/?p=497399"},"modified":"2023-03-03T08:48:40","modified_gmt":"2023-03-03T11:48:40","slug":"edital-prefeitura-de-sao-goncalo","status":"publish","type":"post","link":"https:\/\/www.estrategiaconcursos.com.br\/blog\/edital-prefeitura-de-sao-goncalo\/","title":{"rendered":"Edital Prefeitura de S\u00e3o Gon\u00e7alo: certame oferta 251 vagas; Confira!"},"content":{"rendered":"\n<h2 class=\"wp-block-heading\"><em>S\u00e3o ofertadas 31 vagas imediatas e 220 para cadastro de reserva<\/em><\/h2>\n\n\n\n<p>Foi publicado o <a href=\"https:\/\/youtu.be\/Y_myLsIFOvw\" target=\"_blank\" rel=\"noreferrer noopener\">edital do concurso p\u00fablico da Prefeitura de S\u00e3o Gon\u00e7alo<\/a>, localizada no Estado do Rio de Janeiro. Ao todo, o concurso oferta 251 vagas, sendo 31 imediatas e 220 para cadastro de reserva.  <\/p>\n\n\n\n<p>O edital traz diversos cargos com exig\u00eancia em n\u00edvel m\u00e9dio e superior com jornada de trabalho de 40 horas semanais. J\u00e1 os sal\u00e1rios podem chegar a R$ 5.113,61 dependendo do cargo desejado. <\/p>\n\n\n\n<p>Com inscri\u00e7\u00f5es reabertas, os candidatos interessados em participar do certame devem acessar no site da banca organizadora, o <strong>Instituto Selecon<\/strong>, at\u00e9 o dia 07 de setembro. Lembrando que o pagamento do boleto banc\u00e1rio da taxa fixada deve ser realizado at\u00e9 o dia 08 de setembro. <\/p>\n\n\n\n<p>O valor de inscri\u00e7\u00e3o \u00e9 de <strong>R$ 55,00<\/strong> para cargos de <strong>N\u00edvel M\u00e9dio<\/strong> e<strong> R$ 80,00<\/strong> para cargos de<strong> N\u00edvel Superior<\/strong>. <\/p>\n\n\n\n<h2 class=\"wp-block-heading\">Principais datas<\/h2>\n\n\n\n<p class=\"has-very-light-gray-background-color has-background\"><strong><\/strong><strong>Inscri\u00e7\u00f5es<\/strong>: <s>30 de mar\u00e7o a 10 de maio<\/s> 22 de maio a 07 de setembro<strong><br \/><\/strong><strong>Isen\u00e7\u00e3o da taxa<\/strong>: <s>28 e 29 de mar\u00e7o<\/s> 20 a 21 de maio<strong><br \/><\/strong><strong>\u00daltimo dia para pagamento<\/strong>: <s>11 de maio<\/s> 08 de setembro<strong><br \/><\/strong><strong>Prova<\/strong>: <s>24 de maio<\/s> 20 de setembro<\/p>\n\n\n\n<h2 class=\"wp-block-heading\">Cargos e vagas do edital Prefeitura de S\u00e3o Gon\u00e7alo<\/h2>\n\n\n\n<p>O concurso Prefeitura de S\u00e3o Gon\u00e7alo oferta ao todo 251 vagas distribu\u00eddas entre diversos cargos de n\u00edveis m\u00e9dio e superior. Dentre o total de vagas, 31 s\u00e3o imediatas e 220 destinadas para cadastro de reserva. <\/p>\n\n\n\n<p><strong>Confira no quadro abaixo mais detalhes sobre os cargos que s\u00e3o ofertados no concurso e a distribui\u00e7\u00e3o das vagas:<\/strong><\/p>\n\n\n\n<figure class=\"wp-block-table is-style-stripes\"><table class=\"has-background has-fixed-layout\" style=\"background-color:#e7f5fe\"><tbody><tr><td><strong> CARGO\/HABILITA\u00c7\u00c3O PROFISSIONAL <\/strong><\/td><td><strong> Vagas A\/C <\/strong><\/td><td> <strong>CR <\/strong><\/td><\/tr><tr><td> Analista de Contabilidade  <\/td><td>2<\/td><td>20<\/td><\/tr><tr><td> Analista de Engenharia de Seguran\u00e7a do Trabalho  <\/td><td>1<\/td><td>10<\/td><\/tr><tr><td> Analista de Engenharia de Tr\u00e1fego <\/td><td>2<\/td><td>5<\/td><\/tr><tr><td> Analista de Engenharia de Transportes <\/td><td>2<\/td><td>5<\/td><\/tr><tr><td> Analista de Planejamento e Or\u00e7amento <\/td><td>2<\/td><td>20<\/td><\/tr><tr><td> Analista Processual <\/td><td>4<\/td><td>30<\/td><\/tr><tr><td> T\u00e9cnico de Apoio Especializado <\/td><td>10<\/td><td>70<\/td><\/tr><tr><td> T\u00e9cnico de Apoio Especializado \/ Seguran\u00e7a do Trabalho <\/td><td>3<\/td><td>10<\/td><\/tr><tr><td> T\u00e9cnico de Apoio Especializado \/Tr\u00e2nsito <\/td><td>4<\/td><td>30<\/td><\/tr><tr><td> M\u00e9dico do Trabalho <\/td><td>1<\/td><td>20<\/td><\/tr><\/tbody><\/table><\/figure>\n\n\n\n<h2 class=\"wp-block-heading\">Etapas do edital Prefeitura de S\u00e3o Gon\u00e7alo<\/h2>\n\n\n\n<p>O concurso p\u00fablico Prefeitura de S\u00e3o Gon\u00e7alo consistir\u00e1 de exames de habilidades e conhecimentos, aferidos por meio de aplica\u00e7\u00e3o de at\u00e9 duas etapas de avalia\u00e7\u00f5es, conforme o cargo, a saber: prova objetiva e prova discursiva, de car\u00e1ter eliminat\u00f3rio e classificat\u00f3rio.<\/p>\n\n\n\n<p>As provas objetivas ser\u00e3o aplicadas no dia 20 de setembro de 2020 no Munic\u00edpio de S\u00e3o Gon\u00e7alo.  A dura\u00e7\u00e3o das Provas Objetiva e Discursiva ser\u00e1 de 03h30.  <\/p>\n\n\n\n<p><strong>CARGOS DE N\u00cdVEL M\u00c9DIO <br \/>a)<\/strong> Primeira Etapa: Prova Objetiva de M\u00faltipla Escolha, de car\u00e1ter eliminat\u00f3rio e classificat\u00f3rio; <br \/><strong>b) <\/strong>Segunda Etapa: Prova Discursiva (Reda\u00e7\u00e3o), de car\u00e1ter eliminat\u00f3rio e classificat\u00f3rio. <\/p>\n\n\n\n<p><strong>CARGOS DE N\u00cdVEL SUPERIOR <br \/>a)<\/strong> Primeira Etapa: Prova Objetiva de M\u00faltipla Escolha, de car\u00e1ter eliminat\u00f3rio e classificat\u00f3rio; <br \/><strong>b) <\/strong>Segunda Etapa: Prova Discursiva (Estudo de caso), de car\u00e1ter eliminat\u00f3rio e classificat\u00f3rio. <\/p>\n\n\n\n<h2 class=\"wp-block-heading\">Prova objetiva<\/h2>\n\n\n\n<p><strong>Confira abaixo a estrutura da prova objetiva para os cargos de n\u00edveis m\u00e9dio e superior:<\/strong><\/p>\n\n\n\n<h3 class=\"wp-block-heading\">N\u00edvel m\u00e9dio<\/h3>\n\n\n\n<figure class=\"wp-block-image aligncenter size-large is-resized\"><img loading=\"lazy\" decoding=\"async\" src=\"https:\/\/dhg1h5j42swfq.cloudfront.net\/2020\/03\/27174704\/image-347.png\" alt=\"\" class=\"wp-image-497439\" width=\"596\" height=\"339\" srcset=\"https:\/\/dhg1h5j42swfq.cloudfront.net\/2020\/03\/27174704\/image-347.png 733w, https:\/\/dhg1h5j42swfq.cloudfront.net\/2020\/03\/27174704\/image-347-300x171.png 300w, https:\/\/dhg1h5j42swfq.cloudfront.net\/2020\/03\/27174704\/image-347-610x348.png 610w\" sizes=\"auto, (max-width: 596px) 100vw, 596px\" \/><\/figure>\n\n\n\n<h3 class=\"wp-block-heading\">N\u00edvel superior <\/h3>\n\n\n\n<figure class=\"wp-block-image aligncenter size-large\"><img loading=\"lazy\" decoding=\"async\" width=\"730\" height=\"423\" src=\"https:\/\/dhg1h5j42swfq.cloudfront.net\/2020\/03\/27174639\/image-346.png\" alt=\"\" class=\"wp-image-497437\" srcset=\"https:\/\/dhg1h5j42swfq.cloudfront.net\/2020\/03\/27174639\/image-346.png 730w, https:\/\/dhg1h5j42swfq.cloudfront.net\/2020\/03\/27174639\/image-346-300x174.png 300w, https:\/\/dhg1h5j42swfq.cloudfront.net\/2020\/03\/27174639\/image-346-610x353.png 610w\" sizes=\"auto, (max-width: 730px) 100vw, 730px\" \/><\/figure>\n\n\n\n<h2 class=\"wp-block-heading\">Prova discursiva <\/h2>\n\n\n\n<p>J\u00e1 a Prova Discursiva, de car\u00e1ter eliminat\u00f3rio e classificat\u00f3rio, ser\u00e1 aplicada no mesmo dia da Prova Objetiva.<strong> Confira abaixo<\/strong> <strong>a estrutura da prova discursiva para os cargos de n\u00edveis m\u00e9dio e superior<\/strong>:<\/p>\n\n\n\n<h3 class=\"wp-block-heading\">N\u00edvel superior<\/h3>\n\n\n\n<figure class=\"wp-block-image aligncenter size-large is-resized\"><img loading=\"lazy\" decoding=\"async\" src=\"https:\/\/dhg1h5j42swfq.cloudfront.net\/2020\/03\/27175000\/image-348.png\" alt=\"\" class=\"wp-image-497442\" width=\"600\" height=\"264\" srcset=\"https:\/\/dhg1h5j42swfq.cloudfront.net\/2020\/03\/27175000\/image-348.png 757w, https:\/\/dhg1h5j42swfq.cloudfront.net\/2020\/03\/27175000\/image-348-300x132.png 300w, https:\/\/dhg1h5j42swfq.cloudfront.net\/2020\/03\/27175000\/image-348-610x268.png 610w\" sizes=\"auto, (max-width: 600px) 100vw, 600px\" \/><\/figure>\n\n\n\n<h3 class=\"wp-block-heading\"><strong>N\u00edvel m\u00e9dio <\/strong><\/h3>\n\n\n\n<figure class=\"wp-block-image aligncenter size-large is-resized\"><img loading=\"lazy\" decoding=\"async\" src=\"https:\/\/dhg1h5j42swfq.cloudfront.net\/2020\/03\/27175030\/image-349.png\" alt=\"\" class=\"wp-image-497443\" width=\"611\" height=\"214\" srcset=\"https:\/\/dhg1h5j42swfq.cloudfront.net\/2020\/03\/27175030\/image-349.png 745w, https:\/\/dhg1h5j42swfq.cloudfront.net\/2020\/03\/27175030\/image-349-300x106.png 300w, https:\/\/dhg1h5j42swfq.cloudfront.net\/2020\/03\/27175030\/image-349-610x215.png 610w\" sizes=\"auto, (max-width: 611px) 100vw, 611px\" \/><\/figure>\n\n\n\n<p class=\"has-text-align-center\" style=\"font-size:clamp(14px, 0.875rem + ((1vw - 3.2px) * 0.392), 18px);px\"><strong>Quer saber todos os detalhes sobre o concurso Prefeitura de S\u00e3o Gon\u00e7alo? Ent\u00e3o acesse o link abaixo e veja tudo na \u00edntegra!<\/strong><\/p>\n\n\n\n<p class=\"has-text-align-center has-very-light-gray-background-color has-background\" style=\"font-size:clamp(14.642px, 0.915rem + ((1vw - 3.2px) * 0.721), 22px);px\"><strong>Saiba mais: <a href=\"https:\/\/www.estrategiaconcursos.com.br\/blog\/concurso-prefeitura-de-sao-goncalo\/\" target=\"_blank\" rel=\"noreferrer noopener\" aria-label=\"concurso Prefeitura de S\u00e3o Gon\u00e7alo (abre numa nova aba)\">C<\/a><a rel=\"noreferrer noopener\" aria-label=\"concurso Prefeitura de S\u00e3o Gon\u00e7alo (abre numa nova aba)\" href=\"https:\/\/www.estrategiaconcursos.com.br\/blog\/concurso-prefeitura-de-sao-goncalo\/\" target=\"_blank\">oncurso Prefeitura de S\u00e3o Gon\u00e7alo<\/a><\/strong><\/p>\n\n\n\n<h2 class=\"has-text-align-center wp-block-heading\" id=\"cursos-assinatura\">Quer estudar para o concurso Prefeitura de S\u00e3o Gon\u00e7alo?<\/h2>\n\n\n\n<p class=\"has-text-align-center\"><em>Gostou desta oportunidade e deseja come\u00e7ar se preparar agora mesmo? Ent\u00e3o, confira os nossos cursos e comece a estudar:<\/em><\/p>\n\n\n\n<p class=\"has-text-align-center has-luminous-vivid-amber-background-color has-background\"><strong><a href=\"https:\/\/www.estrategiaconcursos.com.br\/cursosPorConcurso\/prefeitura-municipal-de-sao-goncalo-rj\/\" target=\"_blank\" rel=\"noreferrer noopener\">CURSO PREFEITURA DE S\u00c3O GON\u00c7ALO<\/a><\/strong><\/p>\n\n\n\n<p class=\"has-text-align-center\"><em><strong>Assinatura Anual Ilimitada*<\/strong><\/em><\/p>\n\n\n\n<p class=\"has-text-align-center\"><em>Prepare-se com o melhor material e com quem mais aprova em Concursos P\u00fablicos em todo o pa\u00eds. Assine agora a nossa Assinatura Anual e tenha acesso ilimitado* a todos os nossos cursos.<\/em><\/p>\n\n\n\n<p class=\"has-text-align-center has-light-green-cyan-background-color has-background\"><strong>ASSINE AGORA<\/strong>&nbsp;\u2013&nbsp;<strong><a rel=\"noreferrer noopener\" href=\"https:\/\/www.estrategiaconcursos.com.br\/assinaturas\" target=\"_blank\">Assinatura Ilimitada<\/a><\/strong><\/p>\n\n\n\n<p class=\"has-text-align-center\"><strong><em>Fique por dentro de todos os concursos<\/em><\/strong><\/p>\n\n\n\n<p class=\"has-text-align-center has-pale-cyan-blue-background-color has-background\" style=\"font-size:clamp(14.642px, 0.915rem + ((1vw - 3.2px) * 0.721), 22px);px\"><a rel=\"noreferrer noopener\" href=\"https:\/\/www.estrategiaconcursos.com.br\/blog\/concursos-abertos\/\" target=\"_blank\"><strong>CONCURSOS ABERTOS<\/strong><\/a><\/p>\n\n\n\n<p class=\"has-text-align-center has-pale-cyan-blue-background-color has-background\" style=\"font-size:clamp(14.642px, 0.915rem + ((1vw - 3.2px) * 0.721), 22px);px\"><a rel=\"noreferrer noopener\" href=\"https:\/\/www.estrategiaconcursos.com.br\/blog\/concursos-2020\/\" target=\"_blank\"><strong>CONCURSOS&nbsp;2020<\/strong><\/a><\/p>\n\n\n\n<figure class=\"wp-block-image\"><img loading=\"lazy\" decoding=\"async\" width=\"300\" height=\"102\" src=\"https:\/\/dhg1h5j42swfq.cloudfront.net\/2017\/03\/28152500\/coruja-ficha-tecnica-300x102.png\" alt=\"\" class=\"wp-image-68542\"\/><\/figure>\n\n\n\n<h3 class=\"wp-block-heading\" id=\"ficha-tecnica\"><strong>Informa\u00e7\u00f5es do edital <\/strong>Prefeitura de S\u00e3o Gon\u00e7alo &#8211; RJ<\/h3>\n\n\n\n<p>\u25ba<strong>Prova<\/strong>: 20 de setembro<br \/>\u25ba<strong>Vagas<\/strong>: 31 + 220 CR<br \/>\u25ba<strong>Cargos<\/strong>: V\u00e1rios<br \/>\u25ba<strong>Banca<\/strong>: Instituto Selecon<br \/>\u25ba<strong>Escolaridade<\/strong>: N\u00edvel m\u00e9dio, m\u00e9dio\/t\u00e9cnico e superior&nbsp;<br \/>\u25ba<strong>Edital:<\/strong>&nbsp;<a rel=\"noreferrer noopener\" href=\"https:\/\/dhg1h5j42swfq.cloudfront.net\/2020\/03\/27175110\/Edital-S%C3%A3o-Gon%C3%A7alo.pdf\" target=\"_blank\">Edital S\u00e3o Gon\u00e7alo<\/a> | <a rel=\"noreferrer noopener\" href=\"https:\/\/dhg1h5j42swfq.cloudfront.net\/2020\/04\/08174823\/Retifica%C3%A7%C3%A3o-1.pdf\" target=\"_blank\">Retifica\u00e7\u00e3o.1<\/a> | <a rel=\"noreferrer noopener\" href=\"https:\/\/dhg1h5j42swfq.cloudfront.net\/2020\/05\/19182204\/Retifica%C3%A7%C3%A3o-S%C3%A3o-Gon%C3%A7alo.pdf\" target=\"_blank\">Retifica\u00e7\u00e3o.2<\/a><\/p>\n\n\n\n<p><br \/><em>Ascom Estrat\u00e9gia<\/em><br \/>ascomestrategia@gmail.com<\/p>\n","protected":false},"excerpt":{"rendered":"<p>S\u00e3o ofertadas 31 vagas imediatas e 220 para cadastro de reserva Foi publicado o edital do concurso p\u00fablico da Prefeitura de S\u00e3o Gon\u00e7alo, localizada no Estado do Rio de Janeiro. Ao todo, o concurso oferta 251 vagas, sendo 31 imediatas e 220 para cadastro de reserva. O edital traz diversos cargos com exig\u00eancia em n\u00edvel [&hellip;]<\/p>\n","protected":false},"author":388,"featured_media":444273,"comment_status":"open","ping_status":"closed","sticky":false,"template":"","format":"standard","meta":{"post_tipo":"article","footnotes":""},"categories":[1],"tags":[],"tax_estado":[],"class_list":["post-497399","post","type-post","status-publish","format-standard","has-post-thumbnail","hentry","category-cursos-e-concursos"],"acf":[],"yoast_head":"<!-- This site is optimized with the Yoast SEO Premium plugin v27.2 (Yoast SEO v27.2) - https:\/\/yoast.com\/product\/yoast-seo-premium-wordpress\/ -->\n<title>Edital Prefeitura de S\u00e3o Gon\u00e7alo: certame oferta 251 vagas; Confira!<\/title>\n<meta name=\"description\" content=\"Edital Prefeitura de S\u00e3o Gon\u00e7alo \u00e9 publicado com oferta de 251 vagas, sendo 31 para ampla concorr\u00eancia e 220 para cadastro de reserva.\" \/>\n<meta name=\"robots\" content=\"index, follow, max-snippet:-1, max-image-preview:large, max-video-preview:-1\" \/>\n<link rel=\"canonical\" href=\"https:\/\/www.estrategiaconcursos.com.br\/blog\/edital-prefeitura-de-sao-goncalo\/\" \/>\n<meta property=\"og:locale\" content=\"pt_BR\" \/>\n<meta property=\"og:type\" content=\"article\" \/>\n<meta property=\"og:title\" content=\"Edital Prefeitura de S\u00e3o Gon\u00e7alo: certame oferta 251 vagas; Confira!\" \/>\n<meta property=\"og:description\" content=\"Edital Prefeitura de S\u00e3o Gon\u00e7alo \u00e9 publicado com oferta de 251 vagas, sendo 31 para ampla concorr\u00eancia e 220 para cadastro de reserva.\" \/>\n<meta property=\"og:url\" content=\"https:\/\/www.estrategiaconcursos.com.br\/blog\/edital-prefeitura-de-sao-goncalo\/\" \/>\n<meta property=\"og:site_name\" content=\"Estrat\u00e9gia Concursos\" \/>\n<meta property=\"article:published_time\" content=\"2020-05-21T11:02:00+00:00\" \/>\n<meta property=\"article:modified_time\" content=\"2023-03-03T11:48:40+00:00\" \/>\n<meta property=\"og:image\" content=\"https:\/\/dhg1h5j42swfq.cloudfront.net\/2019\/11\/05113826\/Saiu-Edital-8.png\" \/>\n\t<meta property=\"og:image:width\" content=\"1200\" \/>\n\t<meta property=\"og:image:height\" content=\"628\" \/>\n\t<meta property=\"og:image:type\" content=\"image\/png\" \/>\n<meta name=\"author\" content=\"Tiago Zanolla\" \/>\n<meta name=\"twitter:card\" content=\"summary_large_image\" \/>\n<meta name=\"twitter:creator\" content=\"@EstratConcursos\" \/>\n<meta name=\"twitter:site\" content=\"@EstratConcursos\" \/>\n<meta name=\"twitter:label1\" content=\"Escrito por\" \/>\n\t<meta name=\"twitter:data1\" content=\"Tiago Zanolla\" \/>\n\t<meta name=\"twitter:label2\" content=\"Est. tempo de leitura\" \/>\n\t<meta name=\"twitter:data2\" content=\"4 minutos\" \/>\n<script type=\"application\/ld+json\" class=\"yoast-schema-graph\">{\"@context\":\"https:\/\/schema.org\",\"@graph\":[{\"@type\":\"NewsArticle\",\"@id\":\"https:\/\/www.estrategiaconcursos.com.br\/blog\/edital-prefeitura-de-sao-goncalo\/#article\",\"isPartOf\":{\"@id\":\"https:\/\/www.estrategiaconcursos.com.br\/blog\/edital-prefeitura-de-sao-goncalo\/\"},\"author\":{\"name\":\"Tiago Zanolla\",\"@id\":\"https:\/\/www.estrategiaconcursos.com.br\/blog\/#\/schema\/person\/1509739fd92a40c9b52116de04a90310\"},\"headline\":\"Edital Prefeitura de S\u00e3o Gon\u00e7alo: certame oferta 251 vagas; Confira!\",\"datePublished\":\"2020-05-21T11:02:00+00:00\",\"dateModified\":\"2023-03-03T11:48:40+00:00\",\"mainEntityOfPage\":{\"@id\":\"https:\/\/www.estrategiaconcursos.com.br\/blog\/edital-prefeitura-de-sao-goncalo\/\"},\"wordCount\":744,\"commentCount\":3,\"publisher\":{\"@id\":\"https:\/\/www.estrategiaconcursos.com.br\/blog\/#organization\"},\"image\":{\"@id\":\"https:\/\/www.estrategiaconcursos.com.br\/blog\/edital-prefeitura-de-sao-goncalo\/#primaryimage\"},\"thumbnailUrl\":\"https:\/\/dhg1h5j42swfq.cloudfront.net\/2019\/11\/05113826\/Saiu-Edital-8.png\",\"articleSection\":[\"Concursos P\u00fablicos\"],\"inLanguage\":\"pt-BR\",\"potentialAction\":[{\"@type\":\"CommentAction\",\"name\":\"Comment\",\"target\":[\"https:\/\/www.estrategiaconcursos.com.br\/blog\/edital-prefeitura-de-sao-goncalo\/#respond\"]}],\"copyrightYear\":\"2020\",\"copyrightHolder\":{\"@id\":\"https:\/\/www.estrategiaconcursos.com.br\/blog\/#organization\"}},{\"@type\":\"WebPage\",\"@id\":\"https:\/\/www.estrategiaconcursos.com.br\/blog\/edital-prefeitura-de-sao-goncalo\/\",\"url\":\"https:\/\/www.estrategiaconcursos.com.br\/blog\/edital-prefeitura-de-sao-goncalo\/\",\"name\":\"Edital Prefeitura de S\u00e3o Gon\u00e7alo: certame oferta 251 vagas; Confira!\",\"isPartOf\":{\"@id\":\"https:\/\/www.estrategiaconcursos.com.br\/blog\/#website\"},\"primaryImageOfPage\":{\"@id\":\"https:\/\/www.estrategiaconcursos.com.br\/blog\/edital-prefeitura-de-sao-goncalo\/#primaryimage\"},\"image\":{\"@id\":\"https:\/\/www.estrategiaconcursos.com.br\/blog\/edital-prefeitura-de-sao-goncalo\/#primaryimage\"},\"thumbnailUrl\":\"https:\/\/dhg1h5j42swfq.cloudfront.net\/2019\/11\/05113826\/Saiu-Edital-8.png\",\"datePublished\":\"2020-05-21T11:02:00+00:00\",\"dateModified\":\"2023-03-03T11:48:40+00:00\",\"description\":\"Edital Prefeitura de S\u00e3o Gon\u00e7alo \u00e9 publicado com oferta de 251 vagas, sendo 31 para ampla concorr\u00eancia e 220 para cadastro de reserva.\",\"breadcrumb\":{\"@id\":\"https:\/\/www.estrategiaconcursos.com.br\/blog\/edital-prefeitura-de-sao-goncalo\/#breadcrumb\"},\"inLanguage\":\"pt-BR\",\"potentialAction\":[{\"@type\":\"ReadAction\",\"target\":[\"https:\/\/www.estrategiaconcursos.com.br\/blog\/edital-prefeitura-de-sao-goncalo\/\"]}]},{\"@type\":\"ImageObject\",\"inLanguage\":\"pt-BR\",\"@id\":\"https:\/\/www.estrategiaconcursos.com.br\/blog\/edital-prefeitura-de-sao-goncalo\/#primaryimage\",\"url\":\"https:\/\/dhg1h5j42swfq.cloudfront.net\/2019\/11\/05113826\/Saiu-Edital-8.png\",\"contentUrl\":\"https:\/\/dhg1h5j42swfq.cloudfront.net\/2019\/11\/05113826\/Saiu-Edital-8.png\",\"width\":1200,\"height\":628,\"caption\":\"PSS NOVA IGUA\u00c7U RJ\"},{\"@type\":\"BreadcrumbList\",\"@id\":\"https:\/\/www.estrategiaconcursos.com.br\/blog\/edital-prefeitura-de-sao-goncalo\/#breadcrumb\",\"itemListElement\":[{\"@type\":\"ListItem\",\"position\":1,\"name\":\"In\u00edcio\",\"item\":\"https:\/\/www.estrategiaconcursos.com.br\/blog\/\"},{\"@type\":\"ListItem\",\"position\":2,\"name\":\"Edital Prefeitura de S\u00e3o Gon\u00e7alo: certame oferta 251 vagas; Confira!\"}]},{\"@type\":\"WebSite\",\"@id\":\"https:\/\/www.estrategiaconcursos.com.br\/blog\/#website\",\"url\":\"https:\/\/www.estrategiaconcursos.com.br\/blog\/\",\"name\":\"Estrat\u00e9gia Concursos\",\"description\":\"O blog da Estrat\u00e9gia Concursos traz not\u00edcias sobre concursos e artigos de professores oferecendo cursos para concursos (pdf + videaulas) no site.\",\"publisher\":{\"@id\":\"https:\/\/www.estrategiaconcursos.com.br\/blog\/#organization\"},\"potentialAction\":[{\"@type\":\"SearchAction\",\"target\":{\"@type\":\"EntryPoint\",\"urlTemplate\":\"https:\/\/www.estrategiaconcursos.com.br\/blog\/?s={search_term_string}\"},\"query-input\":{\"@type\":\"PropertyValueSpecification\",\"valueRequired\":true,\"valueName\":\"search_term_string\"}}],\"inLanguage\":\"pt-BR\"},{\"@type\":\"Organization\",\"@id\":\"https:\/\/www.estrategiaconcursos.com.br\/blog\/#organization\",\"name\":\"Estrat\u00e9gia Concursos\",\"url\":\"https:\/\/www.estrategiaconcursos.com.br\/blog\/\",\"logo\":{\"@type\":\"ImageObject\",\"inLanguage\":\"pt-BR\",\"@id\":\"https:\/\/www.estrategiaconcursos.com.br\/blog\/#\/schema\/logo\/image\/\",\"url\":\"https:\/\/dhg1h5j42swfq.cloudfront.net\/2025\/06\/03203428\/logo_concursos-1.jpg\",\"contentUrl\":\"https:\/\/dhg1h5j42swfq.cloudfront.net\/2025\/06\/03203428\/logo_concursos-1.jpg\",\"width\":230,\"height\":60,\"caption\":\"Estrat\u00e9gia Concursos\"},\"image\":{\"@id\":\"https:\/\/www.estrategiaconcursos.com.br\/blog\/#\/schema\/logo\/image\/\"},\"sameAs\":[\"https:\/\/x.com\/EstratConcursos\"]},{\"@type\":\"Person\",\"@id\":\"https:\/\/www.estrategiaconcursos.com.br\/blog\/#\/schema\/person\/1509739fd92a40c9b52116de04a90310\",\"name\":\"Tiago Zanolla\",\"image\":{\"@type\":\"ImageObject\",\"inLanguage\":\"pt-BR\",\"@id\":\"https:\/\/secure.gravatar.com\/avatar\/e647cb200c21008603a1760df42f3f713d32dd977761568b5689c47f0b1747ee?s=96&d=mm&r=g\",\"url\":\"https:\/\/secure.gravatar.com\/avatar\/e647cb200c21008603a1760df42f3f713d32dd977761568b5689c47f0b1747ee?s=96&d=mm&r=g\",\"contentUrl\":\"https:\/\/secure.gravatar.com\/avatar\/e647cb200c21008603a1760df42f3f713d32dd977761568b5689c47f0b1747ee?s=96&d=mm&r=g\",\"caption\":\"Tiago Zanolla\"},\"url\":\"https:\/\/www.estrategiaconcursos.com.br\/blog\/author\/zanolla-estrategiagmail-com\/\"}]}<\/script>\n<!-- \/ Yoast SEO Premium plugin. -->","yoast_head_json":{"title":"Edital Prefeitura de S\u00e3o Gon\u00e7alo: certame oferta 251 vagas; Confira!","description":"Edital Prefeitura de S\u00e3o Gon\u00e7alo \u00e9 publicado com oferta de 251 vagas, sendo 31 para ampla concorr\u00eancia e 220 para cadastro de reserva.","robots":{"index":"index","follow":"follow","max-snippet":"max-snippet:-1","max-image-preview":"max-image-preview:large","max-video-preview":"max-video-preview:-1"},"canonical":"https:\/\/www.estrategiaconcursos.com.br\/blog\/edital-prefeitura-de-sao-goncalo\/","og_locale":"pt_BR","og_type":"article","og_title":"Edital Prefeitura de S\u00e3o Gon\u00e7alo: certame oferta 251 vagas; Confira!","og_description":"Edital Prefeitura de S\u00e3o Gon\u00e7alo \u00e9 publicado com oferta de 251 vagas, sendo 31 para ampla concorr\u00eancia e 220 para cadastro de reserva.","og_url":"https:\/\/www.estrategiaconcursos.com.br\/blog\/edital-prefeitura-de-sao-goncalo\/","og_site_name":"Estrat\u00e9gia Concursos","article_published_time":"2020-05-21T11:02:00+00:00","article_modified_time":"2023-03-03T11:48:40+00:00","og_image":[{"width":1200,"height":628,"url":"https:\/\/dhg1h5j42swfq.cloudfront.net\/2019\/11\/05113826\/Saiu-Edital-8.png","type":"image\/png"}],"author":"Tiago Zanolla","twitter_card":"summary_large_image","twitter_creator":"@EstratConcursos","twitter_site":"@EstratConcursos","twitter_misc":{"Escrito por":"Tiago Zanolla","Est. tempo de leitura":"4 minutos"},"schema":{"@context":"https:\/\/schema.org","@graph":[{"@type":"NewsArticle","@id":"https:\/\/www.estrategiaconcursos.com.br\/blog\/edital-prefeitura-de-sao-goncalo\/#article","isPartOf":{"@id":"https:\/\/www.estrategiaconcursos.com.br\/blog\/edital-prefeitura-de-sao-goncalo\/"},"author":{"name":"Tiago Zanolla","@id":"https:\/\/www.estrategiaconcursos.com.br\/blog\/#\/schema\/person\/1509739fd92a40c9b52116de04a90310"},"headline":"Edital Prefeitura de S\u00e3o Gon\u00e7alo: certame oferta 251 vagas; Confira!","datePublished":"2020-05-21T11:02:00+00:00","dateModified":"2023-03-03T11:48:40+00:00","mainEntityOfPage":{"@id":"https:\/\/www.estrategiaconcursos.com.br\/blog\/edital-prefeitura-de-sao-goncalo\/"},"wordCount":744,"commentCount":3,"publisher":{"@id":"https:\/\/www.estrategiaconcursos.com.br\/blog\/#organization"},"image":{"@id":"https:\/\/www.estrategiaconcursos.com.br\/blog\/edital-prefeitura-de-sao-goncalo\/#primaryimage"},"thumbnailUrl":"https:\/\/dhg1h5j42swfq.cloudfront.net\/2019\/11\/05113826\/Saiu-Edital-8.png","articleSection":["Concursos P\u00fablicos"],"inLanguage":"pt-BR","potentialAction":[{"@type":"CommentAction","name":"Comment","target":["https:\/\/www.estrategiaconcursos.com.br\/blog\/edital-prefeitura-de-sao-goncalo\/#respond"]}],"copyrightYear":"2020","copyrightHolder":{"@id":"https:\/\/www.estrategiaconcursos.com.br\/blog\/#organization"}},{"@type":"WebPage","@id":"https:\/\/www.estrategiaconcursos.com.br\/blog\/edital-prefeitura-de-sao-goncalo\/","url":"https:\/\/www.estrategiaconcursos.com.br\/blog\/edital-prefeitura-de-sao-goncalo\/","name":"Edital Prefeitura de S\u00e3o Gon\u00e7alo: certame oferta 251 vagas; Confira!","isPartOf":{"@id":"https:\/\/www.estrategiaconcursos.com.br\/blog\/#website"},"primaryImageOfPage":{"@id":"https:\/\/www.estrategiaconcursos.com.br\/blog\/edital-prefeitura-de-sao-goncalo\/#primaryimage"},"image":{"@id":"https:\/\/www.estrategiaconcursos.com.br\/blog\/edital-prefeitura-de-sao-goncalo\/#primaryimage"},"thumbnailUrl":"https:\/\/dhg1h5j42swfq.cloudfront.net\/2019\/11\/05113826\/Saiu-Edital-8.png","datePublished":"2020-05-21T11:02:00+00:00","dateModified":"2023-03-03T11:48:40+00:00","description":"Edital Prefeitura de S\u00e3o Gon\u00e7alo \u00e9 publicado com oferta de 251 vagas, sendo 31 para ampla concorr\u00eancia e 220 para cadastro de reserva.","breadcrumb":{"@id":"https:\/\/www.estrategiaconcursos.com.br\/blog\/edital-prefeitura-de-sao-goncalo\/#breadcrumb"},"inLanguage":"pt-BR","potentialAction":[{"@type":"ReadAction","target":["https:\/\/www.estrategiaconcursos.com.br\/blog\/edital-prefeitura-de-sao-goncalo\/"]}]},{"@type":"ImageObject","inLanguage":"pt-BR","@id":"https:\/\/www.estrategiaconcursos.com.br\/blog\/edital-prefeitura-de-sao-goncalo\/#primaryimage","url":"https:\/\/dhg1h5j42swfq.cloudfront.net\/2019\/11\/05113826\/Saiu-Edital-8.png","contentUrl":"https:\/\/dhg1h5j42swfq.cloudfront.net\/2019\/11\/05113826\/Saiu-Edital-8.png","width":1200,"height":628,"caption":"PSS NOVA IGUA\u00c7U RJ"},{"@type":"BreadcrumbList","@id":"https:\/\/www.estrategiaconcursos.com.br\/blog\/edital-prefeitura-de-sao-goncalo\/#breadcrumb","itemListElement":[{"@type":"ListItem","position":1,"name":"In\u00edcio","item":"https:\/\/www.estrategiaconcursos.com.br\/blog\/"},{"@type":"ListItem","position":2,"name":"Edital Prefeitura de S\u00e3o Gon\u00e7alo: certame oferta 251 vagas; Confira!"}]},{"@type":"WebSite","@id":"https:\/\/www.estrategiaconcursos.com.br\/blog\/#website","url":"https:\/\/www.estrategiaconcursos.com.br\/blog\/","name":"Estrat\u00e9gia Concursos","description":"O blog da Estrat\u00e9gia Concursos traz not\u00edcias sobre concursos e artigos de professores oferecendo cursos para concursos (pdf + videaulas) no site.","publisher":{"@id":"https:\/\/www.estrategiaconcursos.com.br\/blog\/#organization"},"potentialAction":[{"@type":"SearchAction","target":{"@type":"EntryPoint","urlTemplate":"https:\/\/www.estrategiaconcursos.com.br\/blog\/?s={search_term_string}"},"query-input":{"@type":"PropertyValueSpecification","valueRequired":true,"valueName":"search_term_string"}}],"inLanguage":"pt-BR"},{"@type":"Organization","@id":"https:\/\/www.estrategiaconcursos.com.br\/blog\/#organization","name":"Estrat\u00e9gia Concursos","url":"https:\/\/www.estrategiaconcursos.com.br\/blog\/","logo":{"@type":"ImageObject","inLanguage":"pt-BR","@id":"https:\/\/www.estrategiaconcursos.com.br\/blog\/#\/schema\/logo\/image\/","url":"https:\/\/dhg1h5j42swfq.cloudfront.net\/2025\/06\/03203428\/logo_concursos-1.jpg","contentUrl":"https:\/\/dhg1h5j42swfq.cloudfront.net\/2025\/06\/03203428\/logo_concursos-1.jpg","width":230,"height":60,"caption":"Estrat\u00e9gia Concursos"},"image":{"@id":"https:\/\/www.estrategiaconcursos.com.br\/blog\/#\/schema\/logo\/image\/"},"sameAs":["https:\/\/x.com\/EstratConcursos"]},{"@type":"Person","@id":"https:\/\/www.estrategiaconcursos.com.br\/blog\/#\/schema\/person\/1509739fd92a40c9b52116de04a90310","name":"Tiago Zanolla","image":{"@type":"ImageObject","inLanguage":"pt-BR","@id":"https:\/\/secure.gravatar.com\/avatar\/e647cb200c21008603a1760df42f3f713d32dd977761568b5689c47f0b1747ee?s=96&d=mm&r=g","url":"https:\/\/secure.gravatar.com\/avatar\/e647cb200c21008603a1760df42f3f713d32dd977761568b5689c47f0b1747ee?s=96&d=mm&r=g","contentUrl":"https:\/\/secure.gravatar.com\/avatar\/e647cb200c21008603a1760df42f3f713d32dd977761568b5689c47f0b1747ee?s=96&d=mm&r=g","caption":"Tiago Zanolla"},"url":"https:\/\/www.estrategiaconcursos.com.br\/blog\/author\/zanolla-estrategiagmail-com\/"}]}},"_links":{"self":[{"href":"https:\/\/www.estrategiaconcursos.com.br\/blog\/wp-json\/wp\/v2\/posts\/497399","targetHints":{"allow":["GET"]}}],"collection":[{"href":"https:\/\/www.estrategiaconcursos.com.br\/blog\/wp-json\/wp\/v2\/posts"}],"about":[{"href":"https:\/\/www.estrategiaconcursos.com.br\/blog\/wp-json\/wp\/v2\/types\/post"}],"author":[{"embeddable":true,"href":"https:\/\/www.estrategiaconcursos.com.br\/blog\/wp-json\/wp\/v2\/users\/388"}],"replies":[{"embeddable":true,"href":"https:\/\/www.estrategiaconcursos.com.br\/blog\/wp-json\/wp\/v2\/comments?post=497399"}],"version-history":[{"count":11,"href":"https:\/\/www.estrategiaconcursos.com.br\/blog\/wp-json\/wp\/v2\/posts\/497399\/revisions"}],"predecessor-version":[{"id":1180787,"href":"https:\/\/www.estrategiaconcursos.com.br\/blog\/wp-json\/wp\/v2\/posts\/497399\/revisions\/1180787"}],"wp:featuredmedia":[{"embeddable":true,"href":"https:\/\/www.estrategiaconcursos.com.br\/blog\/wp-json\/wp\/v2\/media\/444273"}],"wp:attachment":[{"href":"https:\/\/www.estrategiaconcursos.com.br\/blog\/wp-json\/wp\/v2\/media?parent=497399"}],"wp:term":[{"taxonomy":"category","embeddable":true,"href":"https:\/\/www.estrategiaconcursos.com.br\/blog\/wp-json\/wp\/v2\/categories?post=497399"},{"taxonomy":"post_tag","embeddable":true,"href":"https:\/\/www.estrategiaconcursos.com.br\/blog\/wp-json\/wp\/v2\/tags?post=497399"},{"taxonomy":"tax_estado","embeddable":true,"href":"https:\/\/www.estrategiaconcursos.com.br\/blog\/wp-json\/wp\/v2\/tax_estado?post=497399"}],"curies":[{"name":"wp","href":"https:\/\/api.w.org\/{rel}","templated":true}]}}