{"id":497179,"date":"2020-03-27T12:56:43","date_gmt":"2020-03-27T15:56:43","guid":{"rendered":"https:\/\/www.estrategiaconcursos.com.br\/blog\/?p=497179"},"modified":"2020-03-27T13:16:22","modified_gmt":"2020-03-27T16:16:22","slug":"lancamento-da-trilha-estrategica-pos-edital-para-a-assembleia-legislativa-do-ceara-al-ce","status":"publish","type":"post","link":"https:\/\/www.estrategiaconcursos.com.br\/blog\/lancamento-da-trilha-estrategica-pos-edital-para-a-assembleia-legislativa-do-ceara-al-ce\/","title":{"rendered":"Lan\u00e7amento da Trilha Estrat\u00e9gica P\u00f3s Edital para a Assembleia Legislativa do Cear\u00e1 (AL CE)"},"content":{"rendered":"\n<p>\u00d3tima oportunidade para quem almeja um cargo na \u00c1rea Legislativa! <\/p>\n\n\n\n<p>No dia 17\/03\/2020 a ALCE&nbsp;lan\u00e7ou\nseu novo concurso p\u00fablico com 100 vagas para diversos cargos, sendo 30 para n\u00edvel\nm\u00e9dio e 70 para n\u00edvel&nbsp;superior.<\/p>\n\n\n\n<p>Os interessados no certame\ndevem efetuar as inscri\u00e7\u00f5es pela internet, no portal da Cebraspe, entre os dias\n01 e 30 de abril de 2020.&nbsp;<\/p>\n\n\n\n<p>As provas est\u00e3o marcadas para\no dia&nbsp;12 de julho e, para refor\u00e7ar a sua prepara\u00e7\u00e3o nesse P\u00f3s\nEdital, criamos a Trilha Estrat\u00e9gica.<\/p>\n\n\n\n<p><strong>Sobre as Trilhas Estrat\u00e9gicas <\/strong><\/p>\n\n\n\n<p>O objetivo principal da nossa\nTrilha \u00e9 tornar o estudo do aluno o mais eficiente poss\u00edvel, buscando otimizar\nao m\u00e1ximo a prepara\u00e7\u00e3o no P\u00f3s Edital. Para isso, ela \u00e9 composta de tarefas\ndi\u00e1rias elaboradas por profissionais (nossos&nbsp;<em>Coaches<\/em>) que j\u00e1 obtiveram\n\u00eaxito nos mais variados concursos pelo pa\u00eds.<\/p>\n\n\n\n<p><strong>Como funcionam\nas Trilhas?<\/strong><\/p>\n\n\n\n<p>As&nbsp;<em>Trilhas<\/em>&nbsp;funcionar\u00e3o\nda seguinte forma:<\/p>\n\n\n\n<ul class=\"wp-block-list\"><li>indica\u00e7\u00e3o de estudo por&nbsp;<em>Ciclos\n     de Estudo;<\/em><\/li><li><em>sugest\u00e3o das disciplinas<\/em>&nbsp;a serem estudadas em cada ciclo e\n     momento da prepara\u00e7\u00e3o;<\/li><li>apontamento da&nbsp;<em>sequ\u00eancia de\n     estudo<\/em>&nbsp;em cada disciplina;<\/li><li><em>foco no custo x benef\u00edcio<\/em>&nbsp;considerando o conte\u00fado e o tempo\n     de prepara\u00e7\u00e3o;<\/li><li>apontamento de estudo de teoria,\n     exerc\u00edcios, revis\u00e3o, legisla\u00e7\u00e3o e simulados.<\/li><\/ul>\n\n\n\n<p><strong>Teremos Trilhas\npara quais cargos?<\/strong><\/p>\n\n\n\n<p>Teremos tr\u00eas trilhas\npara&nbsp;o cargo de <strong>Analista Legislativo<\/strong> (n\u00edvel superior): <strong>\u00e1reas de\nDireito, Administra\u00e7\u00e3o e Ci\u00eancias Cont\u00e1beis<\/strong>. Al\u00e9m dessas, tamb\u00e9m\nofereceremos a trilha para o cargo de<strong> T\u00e9cnico Legislativo<\/strong> (n\u00edvel m\u00e9dio).<\/p>\n\n\n\n<p>Quer mais\ninforma\u00e7\u00f5es sobre as Trilhas Estrat\u00e9gicas? Clique no link abaixo:<\/p>\n\n\n\n<p><strong><a href=\"https:\/\/www.estrategiaconcursos.com.br\/blog\/trilhas-estrategicas-informacoes-e-trilhas-liberadas-hoje\/\">Trilhas Estrat\u00e9gicas<\/a><\/strong><\/p>\n\n\n\n<p>As primeiras trilhas dos cargos de <strong>Analista Legislativo (Administra\u00e7\u00e3o e Direito) <\/strong>e <strong>T\u00e9cnico Legislativ<\/strong>o j\u00e1 est\u00e3o dispon\u00edveis na \u00e1rea do aluno assinante.<\/p>\n\n\n\n<p>A trilha de <strong>Analista<\/strong> para a \u00e1rea de <strong>Ci\u00eancias Cont\u00e1beis<\/strong> estar\u00e1 dispon\u00edvel a partir da pr\u00f3xima segunda-feira (30\/03\/2020).<\/p>\n\n\n\n<p>Vamos juntos encarar esse\ndesafio?<\/p>\n\n\n\n<p>Contem com a gente!<\/p>\n\n\n\n<p>Roberta Caliman e Camila Dam\u00e1zio.<\/p>\n\n\n\n<p> Instagram: @coachbetacaliman<\/p>\n","protected":false},"excerpt":{"rendered":"<p>\u00d3tima oportunidade para quem almeja um cargo na \u00c1rea Legislativa! No dia 17\/03\/2020 a ALCE&nbsp;lan\u00e7ou seu novo concurso p\u00fablico com 100 vagas para diversos cargos, sendo 30 para n\u00edvel m\u00e9dio e 70 para n\u00edvel&nbsp;superior. Os interessados no certame devem efetuar as inscri\u00e7\u00f5es pela internet, no portal da Cebraspe, entre os dias 01 e 30 de [&hellip;]<\/p>\n","protected":false},"author":1411,"featured_media":0,"comment_status":"open","ping_status":"closed","sticky":false,"template":"","format":"standard","meta":{"post_tipo":"article","footnotes":""},"categories":[1],"tags":[],"tax_estado":[],"class_list":["post-497179","post","type-post","status-publish","format-standard","hentry","category-cursos-e-concursos"],"acf":[],"yoast_head":"<!-- This site is optimized with the Yoast SEO Premium plugin v27.2 (Yoast SEO v27.2) - https:\/\/yoast.com\/product\/yoast-seo-premium-wordpress\/ -->\n<title>Lan\u00e7amento da Trilha Estrat\u00e9gica P\u00f3s Edital para a Assembleia Legislativa do Cear\u00e1 (AL CE)<\/title>\n<meta name=\"robots\" content=\"index, follow, max-snippet:-1, max-image-preview:large, max-video-preview:-1\" \/>\n<link rel=\"canonical\" href=\"https:\/\/www.estrategiaconcursos.com.br\/blog\/lancamento-da-trilha-estrategica-pos-edital-para-a-assembleia-legislativa-do-ceara-al-ce\/\" \/>\n<meta property=\"og:locale\" content=\"pt_BR\" \/>\n<meta property=\"og:type\" content=\"article\" \/>\n<meta property=\"og:title\" content=\"Lan\u00e7amento da Trilha Estrat\u00e9gica P\u00f3s Edital para a Assembleia Legislativa do Cear\u00e1 (AL CE)\" \/>\n<meta property=\"og:description\" content=\"\u00d3tima oportunidade para quem almeja um cargo na \u00c1rea Legislativa! No dia 17\/03\/2020 a ALCE&nbsp;lan\u00e7ou seu novo concurso p\u00fablico com 100 vagas para diversos cargos, sendo 30 para n\u00edvel m\u00e9dio e 70 para n\u00edvel&nbsp;superior. Os interessados no certame devem efetuar as inscri\u00e7\u00f5es pela internet, no portal da Cebraspe, entre os dias 01 e 30 de [&hellip;]\" \/>\n<meta property=\"og:url\" content=\"https:\/\/www.estrategiaconcursos.com.br\/blog\/lancamento-da-trilha-estrategica-pos-edital-para-a-assembleia-legislativa-do-ceara-al-ce\/\" \/>\n<meta property=\"og:site_name\" content=\"Estrat\u00e9gia Concursos\" \/>\n<meta property=\"article:published_time\" content=\"2020-03-27T15:56:43+00:00\" \/>\n<meta property=\"article:modified_time\" content=\"2020-03-27T16:16:22+00:00\" \/>\n<meta name=\"author\" content=\"Roberta Hungria Caliman\" \/>\n<meta name=\"twitter:card\" content=\"summary_large_image\" \/>\n<meta name=\"twitter:creator\" content=\"@EstratConcursos\" \/>\n<meta name=\"twitter:site\" content=\"@EstratConcursos\" \/>\n<meta name=\"twitter:label1\" content=\"Escrito por\" \/>\n\t<meta name=\"twitter:data1\" content=\"Roberta Hungria Caliman\" \/>\n\t<meta name=\"twitter:label2\" content=\"Est. tempo de leitura\" \/>\n\t<meta name=\"twitter:data2\" content=\"2 minutos\" \/>\n<script type=\"application\/ld+json\" class=\"yoast-schema-graph\">{\"@context\":\"https:\/\/schema.org\",\"@graph\":[{\"@type\":\"NewsArticle\",\"@id\":\"https:\/\/www.estrategiaconcursos.com.br\/blog\/lancamento-da-trilha-estrategica-pos-edital-para-a-assembleia-legislativa-do-ceara-al-ce\/#article\",\"isPartOf\":{\"@id\":\"https:\/\/www.estrategiaconcursos.com.br\/blog\/lancamento-da-trilha-estrategica-pos-edital-para-a-assembleia-legislativa-do-ceara-al-ce\/\"},\"author\":{\"name\":\"Roberta Hungria Caliman\",\"@id\":\"https:\/\/www.estrategiaconcursos.com.br\/blog\/#\/schema\/person\/95cf28c319f1018d379bd351c478fbd4\"},\"headline\":\"Lan\u00e7amento da Trilha Estrat\u00e9gica P\u00f3s Edital para a Assembleia Legislativa do Cear\u00e1 (AL CE)\",\"datePublished\":\"2020-03-27T15:56:43+00:00\",\"dateModified\":\"2020-03-27T16:16:22+00:00\",\"mainEntityOfPage\":{\"@id\":\"https:\/\/www.estrategiaconcursos.com.br\/blog\/lancamento-da-trilha-estrategica-pos-edital-para-a-assembleia-legislativa-do-ceara-al-ce\/\"},\"wordCount\":372,\"commentCount\":1,\"publisher\":{\"@id\":\"https:\/\/www.estrategiaconcursos.com.br\/blog\/#organization\"},\"articleSection\":[\"Concursos P\u00fablicos\"],\"inLanguage\":\"pt-BR\",\"potentialAction\":[{\"@type\":\"CommentAction\",\"name\":\"Comment\",\"target\":[\"https:\/\/www.estrategiaconcursos.com.br\/blog\/lancamento-da-trilha-estrategica-pos-edital-para-a-assembleia-legislativa-do-ceara-al-ce\/#respond\"]}],\"copyrightYear\":\"2020\",\"copyrightHolder\":{\"@id\":\"https:\/\/www.estrategiaconcursos.com.br\/blog\/#organization\"}},{\"@type\":\"WebPage\",\"@id\":\"https:\/\/www.estrategiaconcursos.com.br\/blog\/lancamento-da-trilha-estrategica-pos-edital-para-a-assembleia-legislativa-do-ceara-al-ce\/\",\"url\":\"https:\/\/www.estrategiaconcursos.com.br\/blog\/lancamento-da-trilha-estrategica-pos-edital-para-a-assembleia-legislativa-do-ceara-al-ce\/\",\"name\":\"Lan\u00e7amento da Trilha Estrat\u00e9gica P\u00f3s Edital para a Assembleia Legislativa do Cear\u00e1 (AL CE)\",\"isPartOf\":{\"@id\":\"https:\/\/www.estrategiaconcursos.com.br\/blog\/#website\"},\"datePublished\":\"2020-03-27T15:56:43+00:00\",\"dateModified\":\"2020-03-27T16:16:22+00:00\",\"breadcrumb\":{\"@id\":\"https:\/\/www.estrategiaconcursos.com.br\/blog\/lancamento-da-trilha-estrategica-pos-edital-para-a-assembleia-legislativa-do-ceara-al-ce\/#breadcrumb\"},\"inLanguage\":\"pt-BR\",\"potentialAction\":[{\"@type\":\"ReadAction\",\"target\":[\"https:\/\/www.estrategiaconcursos.com.br\/blog\/lancamento-da-trilha-estrategica-pos-edital-para-a-assembleia-legislativa-do-ceara-al-ce\/\"]}]},{\"@type\":\"BreadcrumbList\",\"@id\":\"https:\/\/www.estrategiaconcursos.com.br\/blog\/lancamento-da-trilha-estrategica-pos-edital-para-a-assembleia-legislativa-do-ceara-al-ce\/#breadcrumb\",\"itemListElement\":[{\"@type\":\"ListItem\",\"position\":1,\"name\":\"In\u00edcio\",\"item\":\"https:\/\/www.estrategiaconcursos.com.br\/blog\/\"},{\"@type\":\"ListItem\",\"position\":2,\"name\":\"Lan\u00e7amento da Trilha Estrat\u00e9gica P\u00f3s Edital para a Assembleia Legislativa do Cear\u00e1 (AL CE)\"}]},{\"@type\":\"WebSite\",\"@id\":\"https:\/\/www.estrategiaconcursos.com.br\/blog\/#website\",\"url\":\"https:\/\/www.estrategiaconcursos.com.br\/blog\/\",\"name\":\"Estrat\u00e9gia Concursos\",\"description\":\"O blog da Estrat\u00e9gia Concursos traz not\u00edcias sobre concursos e artigos de professores oferecendo cursos para concursos (pdf + videaulas) no site.\",\"publisher\":{\"@id\":\"https:\/\/www.estrategiaconcursos.com.br\/blog\/#organization\"},\"potentialAction\":[{\"@type\":\"SearchAction\",\"target\":{\"@type\":\"EntryPoint\",\"urlTemplate\":\"https:\/\/www.estrategiaconcursos.com.br\/blog\/?s={search_term_string}\"},\"query-input\":{\"@type\":\"PropertyValueSpecification\",\"valueRequired\":true,\"valueName\":\"search_term_string\"}}],\"inLanguage\":\"pt-BR\"},{\"@type\":\"Organization\",\"@id\":\"https:\/\/www.estrategiaconcursos.com.br\/blog\/#organization\",\"name\":\"Estrat\u00e9gia Concursos\",\"url\":\"https:\/\/www.estrategiaconcursos.com.br\/blog\/\",\"logo\":{\"@type\":\"ImageObject\",\"inLanguage\":\"pt-BR\",\"@id\":\"https:\/\/www.estrategiaconcursos.com.br\/blog\/#\/schema\/logo\/image\/\",\"url\":\"https:\/\/dhg1h5j42swfq.cloudfront.net\/2025\/06\/03203428\/logo_concursos-1.jpg\",\"contentUrl\":\"https:\/\/dhg1h5j42swfq.cloudfront.net\/2025\/06\/03203428\/logo_concursos-1.jpg\",\"width\":230,\"height\":60,\"caption\":\"Estrat\u00e9gia Concursos\"},\"image\":{\"@id\":\"https:\/\/www.estrategiaconcursos.com.br\/blog\/#\/schema\/logo\/image\/\"},\"sameAs\":[\"https:\/\/x.com\/EstratConcursos\"]},{\"@type\":\"Person\",\"@id\":\"https:\/\/www.estrategiaconcursos.com.br\/blog\/#\/schema\/person\/95cf28c319f1018d379bd351c478fbd4\",\"name\":\"Roberta Hungria Caliman\",\"image\":{\"@type\":\"ImageObject\",\"inLanguage\":\"pt-BR\",\"@id\":\"https:\/\/secure.gravatar.com\/avatar\/1fbacc37cfe0ad1301afaf7a95282f4ce8decfba216e19811470de1d971b1472?s=96&d=mm&r=g\",\"url\":\"https:\/\/secure.gravatar.com\/avatar\/1fbacc37cfe0ad1301afaf7a95282f4ce8decfba216e19811470de1d971b1472?s=96&d=mm&r=g\",\"contentUrl\":\"https:\/\/secure.gravatar.com\/avatar\/1fbacc37cfe0ad1301afaf7a95282f4ce8decfba216e19811470de1d971b1472?s=96&d=mm&r=g\",\"caption\":\"Roberta Hungria Caliman\"},\"url\":\"https:\/\/www.estrategiaconcursos.com.br\/blog\/author\/roberta-calimanngmail-com\/\"}]}<\/script>\n<!-- \/ Yoast SEO Premium plugin. -->","yoast_head_json":{"title":"Lan\u00e7amento da Trilha Estrat\u00e9gica P\u00f3s Edital para a Assembleia Legislativa do Cear\u00e1 (AL CE)","robots":{"index":"index","follow":"follow","max-snippet":"max-snippet:-1","max-image-preview":"max-image-preview:large","max-video-preview":"max-video-preview:-1"},"canonical":"https:\/\/www.estrategiaconcursos.com.br\/blog\/lancamento-da-trilha-estrategica-pos-edital-para-a-assembleia-legislativa-do-ceara-al-ce\/","og_locale":"pt_BR","og_type":"article","og_title":"Lan\u00e7amento da Trilha Estrat\u00e9gica P\u00f3s Edital para a Assembleia Legislativa do Cear\u00e1 (AL CE)","og_description":"\u00d3tima oportunidade para quem almeja um cargo na \u00c1rea Legislativa! No dia 17\/03\/2020 a ALCE&nbsp;lan\u00e7ou seu novo concurso p\u00fablico com 100 vagas para diversos cargos, sendo 30 para n\u00edvel m\u00e9dio e 70 para n\u00edvel&nbsp;superior. Os interessados no certame devem efetuar as inscri\u00e7\u00f5es pela internet, no portal da Cebraspe, entre os dias 01 e 30 de [&hellip;]","og_url":"https:\/\/www.estrategiaconcursos.com.br\/blog\/lancamento-da-trilha-estrategica-pos-edital-para-a-assembleia-legislativa-do-ceara-al-ce\/","og_site_name":"Estrat\u00e9gia Concursos","article_published_time":"2020-03-27T15:56:43+00:00","article_modified_time":"2020-03-27T16:16:22+00:00","author":"Roberta Hungria Caliman","twitter_card":"summary_large_image","twitter_creator":"@EstratConcursos","twitter_site":"@EstratConcursos","twitter_misc":{"Escrito por":"Roberta Hungria Caliman","Est. tempo de leitura":"2 minutos"},"schema":{"@context":"https:\/\/schema.org","@graph":[{"@type":"NewsArticle","@id":"https:\/\/www.estrategiaconcursos.com.br\/blog\/lancamento-da-trilha-estrategica-pos-edital-para-a-assembleia-legislativa-do-ceara-al-ce\/#article","isPartOf":{"@id":"https:\/\/www.estrategiaconcursos.com.br\/blog\/lancamento-da-trilha-estrategica-pos-edital-para-a-assembleia-legislativa-do-ceara-al-ce\/"},"author":{"name":"Roberta Hungria Caliman","@id":"https:\/\/www.estrategiaconcursos.com.br\/blog\/#\/schema\/person\/95cf28c319f1018d379bd351c478fbd4"},"headline":"Lan\u00e7amento da Trilha Estrat\u00e9gica P\u00f3s Edital para a Assembleia Legislativa do Cear\u00e1 (AL CE)","datePublished":"2020-03-27T15:56:43+00:00","dateModified":"2020-03-27T16:16:22+00:00","mainEntityOfPage":{"@id":"https:\/\/www.estrategiaconcursos.com.br\/blog\/lancamento-da-trilha-estrategica-pos-edital-para-a-assembleia-legislativa-do-ceara-al-ce\/"},"wordCount":372,"commentCount":1,"publisher":{"@id":"https:\/\/www.estrategiaconcursos.com.br\/blog\/#organization"},"articleSection":["Concursos P\u00fablicos"],"inLanguage":"pt-BR","potentialAction":[{"@type":"CommentAction","name":"Comment","target":["https:\/\/www.estrategiaconcursos.com.br\/blog\/lancamento-da-trilha-estrategica-pos-edital-para-a-assembleia-legislativa-do-ceara-al-ce\/#respond"]}],"copyrightYear":"2020","copyrightHolder":{"@id":"https:\/\/www.estrategiaconcursos.com.br\/blog\/#organization"}},{"@type":"WebPage","@id":"https:\/\/www.estrategiaconcursos.com.br\/blog\/lancamento-da-trilha-estrategica-pos-edital-para-a-assembleia-legislativa-do-ceara-al-ce\/","url":"https:\/\/www.estrategiaconcursos.com.br\/blog\/lancamento-da-trilha-estrategica-pos-edital-para-a-assembleia-legislativa-do-ceara-al-ce\/","name":"Lan\u00e7amento da Trilha Estrat\u00e9gica P\u00f3s Edital para a Assembleia Legislativa do Cear\u00e1 (AL CE)","isPartOf":{"@id":"https:\/\/www.estrategiaconcursos.com.br\/blog\/#website"},"datePublished":"2020-03-27T15:56:43+00:00","dateModified":"2020-03-27T16:16:22+00:00","breadcrumb":{"@id":"https:\/\/www.estrategiaconcursos.com.br\/blog\/lancamento-da-trilha-estrategica-pos-edital-para-a-assembleia-legislativa-do-ceara-al-ce\/#breadcrumb"},"inLanguage":"pt-BR","potentialAction":[{"@type":"ReadAction","target":["https:\/\/www.estrategiaconcursos.com.br\/blog\/lancamento-da-trilha-estrategica-pos-edital-para-a-assembleia-legislativa-do-ceara-al-ce\/"]}]},{"@type":"BreadcrumbList","@id":"https:\/\/www.estrategiaconcursos.com.br\/blog\/lancamento-da-trilha-estrategica-pos-edital-para-a-assembleia-legislativa-do-ceara-al-ce\/#breadcrumb","itemListElement":[{"@type":"ListItem","position":1,"name":"In\u00edcio","item":"https:\/\/www.estrategiaconcursos.com.br\/blog\/"},{"@type":"ListItem","position":2,"name":"Lan\u00e7amento da Trilha Estrat\u00e9gica P\u00f3s Edital para a Assembleia Legislativa do Cear\u00e1 (AL CE)"}]},{"@type":"WebSite","@id":"https:\/\/www.estrategiaconcursos.com.br\/blog\/#website","url":"https:\/\/www.estrategiaconcursos.com.br\/blog\/","name":"Estrat\u00e9gia Concursos","description":"O blog da Estrat\u00e9gia Concursos traz not\u00edcias sobre concursos e artigos de professores oferecendo cursos para concursos (pdf + videaulas) no site.","publisher":{"@id":"https:\/\/www.estrategiaconcursos.com.br\/blog\/#organization"},"potentialAction":[{"@type":"SearchAction","target":{"@type":"EntryPoint","urlTemplate":"https:\/\/www.estrategiaconcursos.com.br\/blog\/?s={search_term_string}"},"query-input":{"@type":"PropertyValueSpecification","valueRequired":true,"valueName":"search_term_string"}}],"inLanguage":"pt-BR"},{"@type":"Organization","@id":"https:\/\/www.estrategiaconcursos.com.br\/blog\/#organization","name":"Estrat\u00e9gia Concursos","url":"https:\/\/www.estrategiaconcursos.com.br\/blog\/","logo":{"@type":"ImageObject","inLanguage":"pt-BR","@id":"https:\/\/www.estrategiaconcursos.com.br\/blog\/#\/schema\/logo\/image\/","url":"https:\/\/dhg1h5j42swfq.cloudfront.net\/2025\/06\/03203428\/logo_concursos-1.jpg","contentUrl":"https:\/\/dhg1h5j42swfq.cloudfront.net\/2025\/06\/03203428\/logo_concursos-1.jpg","width":230,"height":60,"caption":"Estrat\u00e9gia Concursos"},"image":{"@id":"https:\/\/www.estrategiaconcursos.com.br\/blog\/#\/schema\/logo\/image\/"},"sameAs":["https:\/\/x.com\/EstratConcursos"]},{"@type":"Person","@id":"https:\/\/www.estrategiaconcursos.com.br\/blog\/#\/schema\/person\/95cf28c319f1018d379bd351c478fbd4","name":"Roberta Hungria Caliman","image":{"@type":"ImageObject","inLanguage":"pt-BR","@id":"https:\/\/secure.gravatar.com\/avatar\/1fbacc37cfe0ad1301afaf7a95282f4ce8decfba216e19811470de1d971b1472?s=96&d=mm&r=g","url":"https:\/\/secure.gravatar.com\/avatar\/1fbacc37cfe0ad1301afaf7a95282f4ce8decfba216e19811470de1d971b1472?s=96&d=mm&r=g","contentUrl":"https:\/\/secure.gravatar.com\/avatar\/1fbacc37cfe0ad1301afaf7a95282f4ce8decfba216e19811470de1d971b1472?s=96&d=mm&r=g","caption":"Roberta Hungria Caliman"},"url":"https:\/\/www.estrategiaconcursos.com.br\/blog\/author\/roberta-calimanngmail-com\/"}]}},"_links":{"self":[{"href":"https:\/\/www.estrategiaconcursos.com.br\/blog\/wp-json\/wp\/v2\/posts\/497179","targetHints":{"allow":["GET"]}}],"collection":[{"href":"https:\/\/www.estrategiaconcursos.com.br\/blog\/wp-json\/wp\/v2\/posts"}],"about":[{"href":"https:\/\/www.estrategiaconcursos.com.br\/blog\/wp-json\/wp\/v2\/types\/post"}],"author":[{"embeddable":true,"href":"https:\/\/www.estrategiaconcursos.com.br\/blog\/wp-json\/wp\/v2\/users\/1411"}],"replies":[{"embeddable":true,"href":"https:\/\/www.estrategiaconcursos.com.br\/blog\/wp-json\/wp\/v2\/comments?post=497179"}],"version-history":[{"count":4,"href":"https:\/\/www.estrategiaconcursos.com.br\/blog\/wp-json\/wp\/v2\/posts\/497179\/revisions"}],"predecessor-version":[{"id":497208,"href":"https:\/\/www.estrategiaconcursos.com.br\/blog\/wp-json\/wp\/v2\/posts\/497179\/revisions\/497208"}],"wp:attachment":[{"href":"https:\/\/www.estrategiaconcursos.com.br\/blog\/wp-json\/wp\/v2\/media?parent=497179"}],"wp:term":[{"taxonomy":"category","embeddable":true,"href":"https:\/\/www.estrategiaconcursos.com.br\/blog\/wp-json\/wp\/v2\/categories?post=497179"},{"taxonomy":"post_tag","embeddable":true,"href":"https:\/\/www.estrategiaconcursos.com.br\/blog\/wp-json\/wp\/v2\/tags?post=497179"},{"taxonomy":"tax_estado","embeddable":true,"href":"https:\/\/www.estrategiaconcursos.com.br\/blog\/wp-json\/wp\/v2\/tax_estado?post=497179"}],"curies":[{"name":"wp","href":"https:\/\/api.w.org\/{rel}","templated":true}]}}