{"id":497119,"date":"2021-11-22T14:52:37","date_gmt":"2021-11-22T17:52:37","guid":{"rendered":"https:\/\/www.estrategiaconcursos.com.br\/blog\/?p=497119"},"modified":"2023-03-30T13:36:41","modified_gmt":"2023-03-30T16:36:41","slug":"concurso-guarda-de-ibitinga","status":"publish","type":"post","link":"https:\/\/www.estrategiaconcursos.com.br\/blog\/concurso-guarda-de-ibitinga\/","title":{"rendered":"Concurso Guarda de Ibitinga: resultado final \u00e9 homologado!"},"content":{"rendered":"\n<p>Ap\u00f3s a <a href=\"https:\/\/dhg1h5j42swfq.cloudfront.net\/2021\/11\/22143552\/resultado-retificado.pdf\" target=\"_blank\" rel=\"noreferrer noopener nofollow\">divulga\u00e7\u00e3o<\/a> do resultado final, o <strong>concurso Guarda de Ibitinga<\/strong> foi <a href=\"https:\/\/dhg1h5j42swfq.cloudfront.net\/2021\/11\/22143548\/1626794843_578-cp3-20-edital-homologacao.pdf\" target=\"_blank\" rel=\"noreferrer noopener nofollow\">homologado<\/a>. A validade ser\u00e1 de dois anos, prorrog\u00e1vel uma vez por igual per\u00edodo, seguindo <strong>vigente at\u00e9 julho de 2023<\/strong>. <\/p>\n\n\n\n<p>Importante frisar que o certame ficou um longo per\u00edodo suspenso devido \u00e0 situa\u00e7\u00e3o de emerg\u00eancia em sa\u00fade p\u00fablica em raz\u00e3o da epidemia de COVID-19.<\/p>\n\n\n\n<p>O concurso Guarda de Ibitinga, munic\u00edpio de S\u00e3o Paulo, ofertou <strong>1 vaga para o cargo de Guarda Civil Municipal<\/strong>, com exig\u00eancia de n\u00edvel m\u00e9dio e <strong>inicial de R$ 1.684,08<\/strong>.<\/p>\n\n\n\n<ul class=\"wp-block-list\">\n<li><strong>Concurso Guarda de Ibitinga<\/strong><\/li>\n\n\n\n<li><strong>Situa\u00e7\u00e3o<\/strong>: Homologado e v\u00e1lido at\u00e9 07\/2023<\/li>\n\n\n\n<li><strong>Banca<\/strong>: <a href=\"https:\/\/www.aptaconcursos.com.br\/concursos\/publicacoes\/PREFEITURA+DA+EST%C3%82NCIA+TUR%C3%8DSTICA+-+IBITINGA\/\" target=\"_blank\" rel=\"noreferrer noopener\">Apta<\/a><\/li>\n\n\n\n<li><strong>Vagas<\/strong>: 1<\/li>\n\n\n\n<li><strong>Sal\u00e1rio<\/strong>: R$ 1.684,08<\/li>\n\n\n\n<li><strong>Edital:<\/strong> <a href=\"https:\/\/dhg1h5j42swfq.cloudfront.net\/2020\/03\/27120316\/gcm_ibitinga.pdf\" target=\"_blank\" rel=\"noreferrer noopener nofollow\">Guarda Ibitinga 2020<\/a><\/li>\n<\/ul>\n\n\n\n<p>Aqui, coruja, voc\u00ea encontra tudo o que precisa saber sobre as novidades do concurso Guarda de Ibitinga. Nosso objetivo \u00e9 te deixar 100% atualizado! Acompanhe pelos t\u00f3picos a seguir:     <\/p>\n\n\n\n<ul class=\"wp-block-list\">\n<li><a href=\"#principais\">Informa\u00e7\u00f5es do edital 2020<\/a>\n<ul class=\"wp-block-list\">\n<li><a href=\"#homologado\">Concurso homologado<\/a><\/li>\n\n\n\n<li><a href=\"#vagas\">Vagas, cargos e remunera\u00e7\u00f5es<\/a>\n<ul class=\"wp-block-list\">\n<li><a href=\"#requisitos\">Requisitos do cargo<\/a><\/li>\n<\/ul>\n<\/li>\n\n\n\n<li><a href=\"#etapas\">Etapas de Provas<\/a>\n<ul class=\"wp-block-list\">\n<li><a href=\"#objetiva\">Prova Objetiva<\/a><\/li>\n\n\n\n<li><a href=\"#taf\">Teste de Aptid\u00e3o F\u00edsica<\/a><\/li>\n<\/ul>\n<\/li>\n<\/ul>\n<\/li>\n\n\n\n<li><a href=\"#cursos\">Cursos e Assinaturas<\/a><\/li>\n\n\n\n<li><a href=\"#ficha\">Ficha T\u00e9cnica<\/a><\/li>\n<\/ul>\n\n\n\n<h2 class=\"has-cyan-bluish-gray-background-color has-background wp-block-heading\" id=\"edital-2021\">Concurso Guarda de Ibitinga: edital 2020<\/h2>\n\n\n\n<h3 class=\"wp-block-heading\" id=\"homologado\">Concurso \u00e9 homologado<\/h3>\n\n\n\n<p>Foi divulgada a homologa\u00e7\u00e3o do resultado final do concurso Guarda de Ibitinga. Sendo assim, a sele\u00e7\u00e3o seguir\u00e1 vigente por dois anos, podendo o prazo ser prorrogado uma vez pelo mesmo per\u00edodo. Ou seja, a primeira validade finda em julho de 2023.<\/p>\n\n\n\n<figure class=\"wp-block-image aligncenter size-full is-resized\"><img loading=\"lazy\" decoding=\"async\" src=\"https:\/\/dhg1h5j42swfq.cloudfront.net\/2021\/11\/22144417\/image-459.png\" alt=\"\" class=\"wp-image-913448\" width=\"591\" height=\"373\" srcset=\"https:\/\/dhg1h5j42swfq.cloudfront.net\/2021\/11\/22144417\/image-459.png 947w, https:\/\/dhg1h5j42swfq.cloudfront.net\/2021\/11\/22144417\/image-459-300x189.png 300w, https:\/\/dhg1h5j42swfq.cloudfront.net\/2021\/11\/22144417\/image-459-768x485.png 768w, https:\/\/dhg1h5j42swfq.cloudfront.net\/2021\/11\/22144417\/image-459-610x385.png 610w\" sizes=\"auto, (max-width: 591px) 100vw, 591px\" \/><\/figure>\n\n\n\n<h3 class=\"wp-block-heading\" id=\"vagas\">Vagas, cargos e remunera\u00e7\u00f5es<\/h3>\n\n\n\n<figure class=\"wp-block-table is-style-stripes\"><table class=\"has-background has-fixed-layout\" style=\"background-color:#e7f5fe\"><thead><tr><th class=\"has-text-align-center\" data-align=\"center\">Cargo<\/th><th class=\"has-text-align-center\" data-align=\"center\">Vagas<\/th><th class=\"has-text-align-center\" data-align=\"center\">SAL\u00c1RIO<\/th><\/tr><\/thead><tbody><tr><td class=\"has-text-align-center\" data-align=\"center\">Guarda Civil Municipal<\/td><td class=\"has-text-align-center\" data-align=\"center\">1<\/td><td class=\"has-text-align-center\" data-align=\"center\">R$ 1.684,08<\/td><\/tr><\/tbody><\/table><figcaption class=\"wp-element-caption\">Quadro de vagas e sal\u00e1rio da GCM Ibitinga.<\/figcaption><\/figure>\n\n\n\n<p>O candidato aprovado na sele\u00e7\u00e3o exercer\u00e1 a fun\u00e7\u00e3o em uma carga hor\u00e1ria de 40 horas semanais, admitido o regime de plant\u00e3o de 12 horas por 36 horas de descanso.<\/p>\n\n\n\n<h3 class=\"wp-block-heading\" id=\"requisitos\">Requisitos do cargo<\/h3>\n\n\n\n<ul class=\"wp-block-list\">\n<li>Ensino m\u00e9dio completo;<\/li>\n\n\n\n<li>CNH categoria &#8220;A&#8221; ou &#8220;B&#8221;;<\/li>\n\n\n\n<li>Idade de 18 a 30 anos;<\/li>\n\n\n\n<li>Altura m\u00ednima de 1,60m se homem e 1,55m se mulher.<\/li>\n<\/ul>\n\n\n\n<h3 class=\"wp-block-heading\" id=\"etapas\">Etapas do Concurso Guarda de Ibitinga <\/h3>\n\n\n\n<p>Este certame contou com cinco fases:<\/p>\n\n\n\n<ul class=\"wp-block-list\">\n<li>Prova Objetiva, <\/li>\n\n\n\n<li>Teste de Aptid\u00e3o F\u00edsica (TAF), <\/li>\n\n\n\n<li>Avalia\u00e7\u00e3o M\u00e9dica <\/li>\n\n\n\n<li>Avalia\u00e7\u00e3o Psicol\u00f3gica<\/li>\n\n\n\n<li>Investiga\u00e7\u00e3o Social.<\/li>\n<\/ul>\n\n\n\n<h3 class=\"wp-block-heading\" id=\"objetiva\">Prova Objetiva<\/h3>\n\n\n\n<p>A realiza\u00e7\u00e3o da Prova Objetiva passou por diversas suspens\u00f5es, devido \u00e0 COVID-19 \u2013 causada pelo agente Coronav\u00edrus conforme data indicada no Anexo III \u2013 Cronograma.<\/p>\n\n\n\n<p>O tempo de dura\u00e7\u00e3o da Prova Objetiva foi de at\u00e9 3 (tr\u00eas) horas e contou com 40 quest\u00f5es de m\u00faltipla escolha, avaliadas na escala de 0 a 100 pontos, onde cada quest\u00e3o valeu 2,5 pontos.<\/p>\n\n\n\n<ul class=\"wp-block-list\">\n<li>10 quest\u00f5es \u2013 Portugu\u00eas<\/li>\n\n\n\n<li>10 quest\u00f5es \u2013 Matem\u00e1tica<\/li>\n\n\n\n<li>20 quest\u00f5es \u2013 Conhecimentos Espec\u00edficos<\/li>\n<\/ul>\n\n\n\n<p>Foi considerado desclassificado na prova objetiva o candidato que n\u00e3o obteve, no m\u00ednimo, a nota 50.<\/p>\n\n\n\n<h3 class=\"wp-block-heading\" id=\"taf\">Teste de Aptid\u00e3o F\u00edsica (TAF)<\/h3>\n\n\n\n<p>Foram convocados os candidatos aprovados e melhor classificados na Prova Objetiva, observando a ordem de classifica\u00e7\u00e3o de acordo com a quantidade especificada: 60 primeiros classificados e aqueles que empatarem em nota com o 60\u00ba.<\/p>\n\n\n\n<p>O Exame de Aptid\u00e3o F\u00edsica foi dividido nas seguintes modalidades:<\/p>\n\n\n\n<ul class=\"wp-block-list\">\n<li> <strong>a)<\/strong> Teste de flexo-extens\u00e3o de cotovelos em apoio de frente sobre o solo;<\/li>\n\n\n\n<li> <strong>b) <\/strong>Teste abdominal;<\/li>\n\n\n\n<li><strong> c) <\/strong>Teste de corrida de 50 metros e Teste de corrida de 12 minutos.<\/li>\n<\/ul>\n\n\n\n<p>Os exerc\u00edcios do Exame de Aptid\u00e3o F\u00edsica e a apresenta\u00e7\u00e3o do Exame M\u00e9dico foram realizados em um \u00fanico dia, de acordo com a data e locais estabelecidos.<\/p>\n\n\n\n<figure class=\"wp-block-image aligncenter size-large is-resized\"><img loading=\"lazy\" decoding=\"async\" src=\"https:\/\/dhg1h5j42swfq.cloudfront.net\/2020\/03\/27115540\/Captura-de-Tela-2020-03-27-a%CC%80s-11.55.12-968x1024.png\" alt=\"Tabela de pontua\u00e7\u00e3o dos exerc\u00edcios exigidos no TAF.\" class=\"wp-image-497143\" width=\"680\" height=\"719\" srcset=\"https:\/\/dhg1h5j42swfq.cloudfront.net\/2020\/03\/27115540\/Captura-de-Tela-2020-03-27-a%CC%80s-11.55.12-968x1024.png 968w, https:\/\/dhg1h5j42swfq.cloudfront.net\/2020\/03\/27115540\/Captura-de-Tela-2020-03-27-a%CC%80s-11.55.12-284x300.png 284w, https:\/\/dhg1h5j42swfq.cloudfront.net\/2020\/03\/27115540\/Captura-de-Tela-2020-03-27-a%CC%80s-11.55.12-768x812.png 768w, https:\/\/dhg1h5j42swfq.cloudfront.net\/2020\/03\/27115540\/Captura-de-Tela-2020-03-27-a%CC%80s-11.55.12-610x645.png 610w, https:\/\/dhg1h5j42swfq.cloudfront.net\/2020\/03\/27115540\/Captura-de-Tela-2020-03-27-a%CC%80s-11.55.12.png 1140w\" sizes=\"auto, (max-width: 680px) 100vw, 680px\" \/><\/figure>\n\n\n\n<h2 class=\"has-text-align-center wp-block-heading\" id=\"h-quer-saber-tudo-sobre-concursos-previstos-confira-nossos-artigos\">Quer saber tudo sobre concursos previstos?<br \/>Confira nossos artigos!<\/h2>\n\n\n\n<ul class=\"wp-block-list\">\n<li><a href=\"https:\/\/www.estrategiaconcursos.com.br\/blog\/concursos-abertos\/\" target=\"_blank\" rel=\"noreferrer noopener\">Concursos abertos<\/a><\/li>\n<\/ul>\n\n\n\n<h2 class=\"has-text-align-center wp-block-heading\" id=\"cursos-assinaturas\">Quer estudar para Concurso Guarda de Ibitinga?<\/h2>\n\n\n\n<div class=\"container\" id=\"boxes\">\n  <div class=\"row\">\n\n    <div class=\"col-sm\">\n      <div class=\"banner-policial\" id=\"box-assinatura\">\n        <h3 class=\"titulo-assinatura\">Concurso Guarda de Ibitinga<\/h3>\n        <p class=\"subtitulo-assinatura\">Conhe\u00e7a os cursos<\/p>\n        <div class=\"box-botao\">\n          <a class=\"btn-assinatura\" target=\"_blank\" rel=\"noopener noreferrer\">Conhe\u00e7a mais<\/a>\n        <\/div>\n      <\/div>\n    <\/div>\n\n  <\/div>\n<\/div>\n\n\n\n<div class=\"container\" id=\"boxes\">\n  <div class=\"row\">\n\n    <div class=\"col-sm\">\n      <div class=\"estrategia\" id=\"box-assinatura\">\n        <h3 class=\"titulo-assinatura\">Assinatura de Concursos<\/h3>\n        <p class=\"subtitulo-assinatura\">Assinatura de 1 ano ou 2 anos<\/p>\n        <div class=\"box-botao\">\n          <a class=\"btn-assinatura\" target=\"_blank\" href=\"https:\/\/www.estrategiaconcursos.com.br\/assinaturas\/\" role=\"button\" rel=\"noopener noreferrer\">ASSINE AGORA<\/a>\n        <\/div>\n      <\/div>\n     \n    <\/div><\/div><\/div>\n\n\n\n<figure class=\"wp-block-image size-large is-resized\"><img loading=\"lazy\" decoding=\"async\" src=\"https:\/\/dhg1h5j42swfq.cloudfront.net\/2021\/05\/26152928\/ficha-tecnica-40-1024x632.png\" alt=\"Informa\u00e7\u00f5es sobre o Concurso Guarda de Ibitinga\" class=\"wp-image-752300\" width=\"289\" height=\"178\" srcset=\"https:\/\/dhg1h5j42swfq.cloudfront.net\/2021\/05\/26152928\/ficha-tecnica-40-1024x632.png 1024w, https:\/\/dhg1h5j42swfq.cloudfront.net\/2021\/05\/26152928\/ficha-tecnica-40-300x185.png 300w, https:\/\/dhg1h5j42swfq.cloudfront.net\/2021\/05\/26152928\/ficha-tecnica-40-768x474.png 768w, https:\/\/dhg1h5j42swfq.cloudfront.net\/2021\/05\/26152928\/ficha-tecnica-40-1536x948.png 1536w, https:\/\/dhg1h5j42swfq.cloudfront.net\/2021\/05\/26152928\/ficha-tecnica-40-610x377.png 610w, https:\/\/dhg1h5j42swfq.cloudfront.net\/2021\/05\/26152928\/ficha-tecnica-40.png 1571w\" sizes=\"auto, (max-width: 289px) 100vw, 289px\" \/><\/figure>\n\n\n\n<h3 class=\"wp-block-heading\" id=\"ficha-tecnica\">Informa\u00e7\u00f5es sobre o Concurso Guarda de Ibitinga<\/h3>\n\n\n\n<p>\u25ba<strong>Situa\u00e7\u00e3o: <\/strong>Homologado<br \/>\u25ba<strong>Vagas<\/strong>: 1<br \/>\u25ba<strong>Cargos<\/strong>: Guarda Municipal<br \/>\u25ba<strong>Banca<\/strong>: Apta<br \/>\u25ba<strong>Escolaridade<\/strong>: N\u00edvel m\u00e9dio<br \/>\u25ba<strong>Edital<\/strong>:&nbsp;<a href=\"https:\/\/dhg1h5j42swfq.cloudfront.net\/2020\/03\/27120316\/gcm_ibitinga.pdf\">Edital Guarda de Ibitinga<\/a><\/p>\n","protected":false},"excerpt":{"rendered":"<p>Ap\u00f3s a divulga\u00e7\u00e3o do resultado final, o concurso Guarda de Ibitinga foi homologado. A validade ser\u00e1 de dois anos, prorrog\u00e1vel uma vez por igual per\u00edodo, seguindo vigente at\u00e9 julho de 2023. Importante frisar que o certame ficou um longo per\u00edodo suspenso devido \u00e0 situa\u00e7\u00e3o de emerg\u00eancia em sa\u00fade p\u00fablica em raz\u00e3o da epidemia de COVID-19. [&hellip;]<\/p>\n","protected":false},"author":1,"featured_media":497151,"comment_status":"open","ping_status":"closed","sticky":false,"template":"","format":"standard","meta":{"post_tipo":"news_page","footnotes":""},"categories":[220189],"tags":[],"tax_estado":[219989],"class_list":["post-497119","post","type-post","status-publish","format-standard","has-post-thumbnail","hentry","category-policial-guarda-civis","tax_estado-sp"],"acf":[],"yoast_head":"<!-- This site is optimized with the Yoast SEO Premium plugin v27.2 (Yoast SEO v27.2) - https:\/\/yoast.com\/product\/yoast-seo-premium-wordpress\/ -->\n<title>Concurso Guarda de Ibitinga: resultado final \u00e9 homologado!<\/title>\n<meta name=\"description\" content=\"Concurso Guarda de Ibitinga: Resultado final \u00e9 homologado e sele\u00e7\u00e3o fica vigente at\u00e9 julho de 2023. Confira neste artigo os detalhes!\" \/>\n<meta name=\"robots\" content=\"index, follow, max-snippet:-1, max-image-preview:large, max-video-preview:-1\" \/>\n<link rel=\"canonical\" href=\"https:\/\/www.estrategiaconcursos.com.br\/blog\/concurso-guarda-de-ibitinga\/\" \/>\n<meta property=\"og:locale\" content=\"pt_BR\" \/>\n<meta property=\"og:type\" content=\"article\" \/>\n<meta property=\"og:title\" content=\"Concurso Guarda de Ibitinga: resultado final \u00e9 homologado!\" \/>\n<meta property=\"og:description\" content=\"Concurso Guarda de Ibitinga: Resultado final \u00e9 homologado e sele\u00e7\u00e3o fica vigente at\u00e9 julho de 2023. Confira neste artigo os detalhes!\" \/>\n<meta property=\"og:url\" content=\"https:\/\/www.estrategiaconcursos.com.br\/blog\/concurso-guarda-de-ibitinga\/\" \/>\n<meta property=\"og:site_name\" content=\"Estrat\u00e9gia Concursos\" \/>\n<meta property=\"article:author\" content=\"https:\/\/www.facebook.com\/EstrategiaConcursos\" \/>\n<meta property=\"article:published_time\" content=\"2021-11-22T17:52:37+00:00\" \/>\n<meta property=\"article:modified_time\" content=\"2023-03-30T16:36:41+00:00\" \/>\n<meta property=\"og:image\" content=\"https:\/\/dhg1h5j42swfq.cloudfront.net\/2020\/03\/27120420\/ibitinga.jpeg\" \/>\n\t<meta property=\"og:image:width\" content=\"206\" \/>\n\t<meta property=\"og:image:height\" content=\"244\" \/>\n\t<meta property=\"og:image:type\" content=\"image\/jpeg\" \/>\n<meta name=\"author\" content=\"Coordena\u00e7\u00e3o\" \/>\n<meta name=\"twitter:card\" content=\"summary_large_image\" \/>\n<meta name=\"twitter:creator\" content=\"@EstratConcursos\" \/>\n<meta name=\"twitter:site\" content=\"@EstratConcursos\" \/>\n<meta name=\"twitter:label1\" content=\"Escrito por\" \/>\n\t<meta name=\"twitter:data1\" content=\"Coordena\u00e7\u00e3o\" \/>\n\t<meta name=\"twitter:label2\" content=\"Est. tempo de leitura\" \/>\n\t<meta name=\"twitter:data2\" content=\"4 minutos\" \/>\n<script type=\"application\/ld+json\" class=\"yoast-schema-graph\">{\"@context\":\"https:\/\/schema.org\",\"@graph\":[{\"@type\":\"NewsArticle\",\"@id\":\"https:\/\/www.estrategiaconcursos.com.br\/blog\/concurso-guarda-de-ibitinga\/#article\",\"isPartOf\":{\"@id\":\"https:\/\/www.estrategiaconcursos.com.br\/blog\/concurso-guarda-de-ibitinga\/\"},\"author\":{\"name\":\"Coordena\u00e7\u00e3o\",\"@id\":\"https:\/\/www.estrategiaconcursos.com.br\/blog\/#\/schema\/person\/b4a388c97673c5f483d72185668afa1f\"},\"headline\":\"Concurso Guarda de Ibitinga: resultado final \u00e9 homologado!\",\"datePublished\":\"2021-11-22T17:52:37+00:00\",\"dateModified\":\"2023-03-30T16:36:41+00:00\",\"mainEntityOfPage\":{\"@id\":\"https:\/\/www.estrategiaconcursos.com.br\/blog\/concurso-guarda-de-ibitinga\/\"},\"wordCount\":614,\"commentCount\":0,\"publisher\":{\"@id\":\"https:\/\/www.estrategiaconcursos.com.br\/blog\/#organization\"},\"image\":{\"@id\":\"https:\/\/www.estrategiaconcursos.com.br\/blog\/concurso-guarda-de-ibitinga\/#primaryimage\"},\"thumbnailUrl\":\"https:\/\/dhg1h5j42swfq.cloudfront.net\/2020\/03\/27120420\/ibitinga.jpeg\",\"articleSection\":[\"Policial (Guardas Civis)\"],\"inLanguage\":\"pt-BR\",\"potentialAction\":[{\"@type\":\"CommentAction\",\"name\":\"Comment\",\"target\":[\"https:\/\/www.estrategiaconcursos.com.br\/blog\/concurso-guarda-de-ibitinga\/#respond\"]}],\"copyrightYear\":\"2021\",\"copyrightHolder\":{\"@id\":\"https:\/\/www.estrategiaconcursos.com.br\/blog\/#organization\"}},{\"@type\":\"WebPage\",\"@id\":\"https:\/\/www.estrategiaconcursos.com.br\/blog\/concurso-guarda-de-ibitinga\/\",\"url\":\"https:\/\/www.estrategiaconcursos.com.br\/blog\/concurso-guarda-de-ibitinga\/\",\"name\":\"Concurso Guarda de Ibitinga: resultado final \u00e9 homologado!\",\"isPartOf\":{\"@id\":\"https:\/\/www.estrategiaconcursos.com.br\/blog\/#website\"},\"primaryImageOfPage\":{\"@id\":\"https:\/\/www.estrategiaconcursos.com.br\/blog\/concurso-guarda-de-ibitinga\/#primaryimage\"},\"image\":{\"@id\":\"https:\/\/www.estrategiaconcursos.com.br\/blog\/concurso-guarda-de-ibitinga\/#primaryimage\"},\"thumbnailUrl\":\"https:\/\/dhg1h5j42swfq.cloudfront.net\/2020\/03\/27120420\/ibitinga.jpeg\",\"datePublished\":\"2021-11-22T17:52:37+00:00\",\"dateModified\":\"2023-03-30T16:36:41+00:00\",\"description\":\"Concurso Guarda de Ibitinga: Resultado final \u00e9 homologado e sele\u00e7\u00e3o fica vigente at\u00e9 julho de 2023. Confira neste artigo os detalhes!\",\"breadcrumb\":{\"@id\":\"https:\/\/www.estrategiaconcursos.com.br\/blog\/concurso-guarda-de-ibitinga\/#breadcrumb\"},\"inLanguage\":\"pt-BR\",\"potentialAction\":[{\"@type\":\"ReadAction\",\"target\":[\"https:\/\/www.estrategiaconcursos.com.br\/blog\/concurso-guarda-de-ibitinga\/\"]}]},{\"@type\":\"ImageObject\",\"inLanguage\":\"pt-BR\",\"@id\":\"https:\/\/www.estrategiaconcursos.com.br\/blog\/concurso-guarda-de-ibitinga\/#primaryimage\",\"url\":\"https:\/\/dhg1h5j42swfq.cloudfront.net\/2020\/03\/27120420\/ibitinga.jpeg\",\"contentUrl\":\"https:\/\/dhg1h5j42swfq.cloudfront.net\/2020\/03\/27120420\/ibitinga.jpeg\",\"width\":206,\"height\":244},{\"@type\":\"BreadcrumbList\",\"@id\":\"https:\/\/www.estrategiaconcursos.com.br\/blog\/concurso-guarda-de-ibitinga\/#breadcrumb\",\"itemListElement\":[{\"@type\":\"ListItem\",\"position\":1,\"name\":\"In\u00edcio\",\"item\":\"https:\/\/www.estrategiaconcursos.com.br\/blog\/\"},{\"@type\":\"ListItem\",\"position\":2,\"name\":\"Concurso Guarda de Ibitinga: resultado final \u00e9 homologado!\"}]},{\"@type\":\"WebSite\",\"@id\":\"https:\/\/www.estrategiaconcursos.com.br\/blog\/#website\",\"url\":\"https:\/\/www.estrategiaconcursos.com.br\/blog\/\",\"name\":\"Estrat\u00e9gia Concursos\",\"description\":\"O blog da Estrat\u00e9gia Concursos traz not\u00edcias sobre concursos e artigos de professores oferecendo cursos para concursos (pdf + videaulas) no site.\",\"publisher\":{\"@id\":\"https:\/\/www.estrategiaconcursos.com.br\/blog\/#organization\"},\"potentialAction\":[{\"@type\":\"SearchAction\",\"target\":{\"@type\":\"EntryPoint\",\"urlTemplate\":\"https:\/\/www.estrategiaconcursos.com.br\/blog\/?s={search_term_string}\"},\"query-input\":{\"@type\":\"PropertyValueSpecification\",\"valueRequired\":true,\"valueName\":\"search_term_string\"}}],\"inLanguage\":\"pt-BR\"},{\"@type\":\"Organization\",\"@id\":\"https:\/\/www.estrategiaconcursos.com.br\/blog\/#organization\",\"name\":\"Estrat\u00e9gia Concursos\",\"url\":\"https:\/\/www.estrategiaconcursos.com.br\/blog\/\",\"logo\":{\"@type\":\"ImageObject\",\"inLanguage\":\"pt-BR\",\"@id\":\"https:\/\/www.estrategiaconcursos.com.br\/blog\/#\/schema\/logo\/image\/\",\"url\":\"https:\/\/dhg1h5j42swfq.cloudfront.net\/2025\/06\/03203428\/logo_concursos-1.jpg\",\"contentUrl\":\"https:\/\/dhg1h5j42swfq.cloudfront.net\/2025\/06\/03203428\/logo_concursos-1.jpg\",\"width\":230,\"height\":60,\"caption\":\"Estrat\u00e9gia Concursos\"},\"image\":{\"@id\":\"https:\/\/www.estrategiaconcursos.com.br\/blog\/#\/schema\/logo\/image\/\"},\"sameAs\":[\"https:\/\/x.com\/EstratConcursos\"]},{\"@type\":\"Person\",\"@id\":\"https:\/\/www.estrategiaconcursos.com.br\/blog\/#\/schema\/person\/b4a388c97673c5f483d72185668afa1f\",\"name\":\"Coordena\u00e7\u00e3o\",\"image\":{\"@type\":\"ImageObject\",\"inLanguage\":\"pt-BR\",\"@id\":\"https:\/\/secure.gravatar.com\/avatar\/b720319e4c9a967eb58678d110f4fe35452fc5d5f97b202bac7b8acceb18c6ad?s=96&d=mm&r=g\",\"url\":\"https:\/\/secure.gravatar.com\/avatar\/b720319e4c9a967eb58678d110f4fe35452fc5d5f97b202bac7b8acceb18c6ad?s=96&d=mm&r=g\",\"contentUrl\":\"https:\/\/secure.gravatar.com\/avatar\/b720319e4c9a967eb58678d110f4fe35452fc5d5f97b202bac7b8acceb18c6ad?s=96&d=mm&r=g\",\"caption\":\"Coordena\u00e7\u00e3o\"},\"sameAs\":[\"https:\/\/www.facebook.com\/EstrategiaConcursos\",\"https:\/\/x.com\/EstratConcursos\"],\"url\":\"https:\/\/www.estrategiaconcursos.com.br\/blog\/author\/estrategia2013\/\"}]}<\/script>\n<!-- \/ Yoast SEO Premium plugin. -->","yoast_head_json":{"title":"Concurso Guarda de Ibitinga: resultado final \u00e9 homologado!","description":"Concurso Guarda de Ibitinga: Resultado final \u00e9 homologado e sele\u00e7\u00e3o fica vigente at\u00e9 julho de 2023. Confira neste artigo os detalhes!","robots":{"index":"index","follow":"follow","max-snippet":"max-snippet:-1","max-image-preview":"max-image-preview:large","max-video-preview":"max-video-preview:-1"},"canonical":"https:\/\/www.estrategiaconcursos.com.br\/blog\/concurso-guarda-de-ibitinga\/","og_locale":"pt_BR","og_type":"article","og_title":"Concurso Guarda de Ibitinga: resultado final \u00e9 homologado!","og_description":"Concurso Guarda de Ibitinga: Resultado final \u00e9 homologado e sele\u00e7\u00e3o fica vigente at\u00e9 julho de 2023. Confira neste artigo os detalhes!","og_url":"https:\/\/www.estrategiaconcursos.com.br\/blog\/concurso-guarda-de-ibitinga\/","og_site_name":"Estrat\u00e9gia Concursos","article_author":"https:\/\/www.facebook.com\/EstrategiaConcursos","article_published_time":"2021-11-22T17:52:37+00:00","article_modified_time":"2023-03-30T16:36:41+00:00","og_image":[{"width":206,"height":244,"url":"https:\/\/dhg1h5j42swfq.cloudfront.net\/2020\/03\/27120420\/ibitinga.jpeg","type":"image\/jpeg"}],"author":"Coordena\u00e7\u00e3o","twitter_card":"summary_large_image","twitter_creator":"@EstratConcursos","twitter_site":"@EstratConcursos","twitter_misc":{"Escrito por":"Coordena\u00e7\u00e3o","Est. tempo de leitura":"4 minutos"},"schema":{"@context":"https:\/\/schema.org","@graph":[{"@type":"NewsArticle","@id":"https:\/\/www.estrategiaconcursos.com.br\/blog\/concurso-guarda-de-ibitinga\/#article","isPartOf":{"@id":"https:\/\/www.estrategiaconcursos.com.br\/blog\/concurso-guarda-de-ibitinga\/"},"author":{"name":"Coordena\u00e7\u00e3o","@id":"https:\/\/www.estrategiaconcursos.com.br\/blog\/#\/schema\/person\/b4a388c97673c5f483d72185668afa1f"},"headline":"Concurso Guarda de Ibitinga: resultado final \u00e9 homologado!","datePublished":"2021-11-22T17:52:37+00:00","dateModified":"2023-03-30T16:36:41+00:00","mainEntityOfPage":{"@id":"https:\/\/www.estrategiaconcursos.com.br\/blog\/concurso-guarda-de-ibitinga\/"},"wordCount":614,"commentCount":0,"publisher":{"@id":"https:\/\/www.estrategiaconcursos.com.br\/blog\/#organization"},"image":{"@id":"https:\/\/www.estrategiaconcursos.com.br\/blog\/concurso-guarda-de-ibitinga\/#primaryimage"},"thumbnailUrl":"https:\/\/dhg1h5j42swfq.cloudfront.net\/2020\/03\/27120420\/ibitinga.jpeg","articleSection":["Policial (Guardas Civis)"],"inLanguage":"pt-BR","potentialAction":[{"@type":"CommentAction","name":"Comment","target":["https:\/\/www.estrategiaconcursos.com.br\/blog\/concurso-guarda-de-ibitinga\/#respond"]}],"copyrightYear":"2021","copyrightHolder":{"@id":"https:\/\/www.estrategiaconcursos.com.br\/blog\/#organization"}},{"@type":"WebPage","@id":"https:\/\/www.estrategiaconcursos.com.br\/blog\/concurso-guarda-de-ibitinga\/","url":"https:\/\/www.estrategiaconcursos.com.br\/blog\/concurso-guarda-de-ibitinga\/","name":"Concurso Guarda de Ibitinga: resultado final \u00e9 homologado!","isPartOf":{"@id":"https:\/\/www.estrategiaconcursos.com.br\/blog\/#website"},"primaryImageOfPage":{"@id":"https:\/\/www.estrategiaconcursos.com.br\/blog\/concurso-guarda-de-ibitinga\/#primaryimage"},"image":{"@id":"https:\/\/www.estrategiaconcursos.com.br\/blog\/concurso-guarda-de-ibitinga\/#primaryimage"},"thumbnailUrl":"https:\/\/dhg1h5j42swfq.cloudfront.net\/2020\/03\/27120420\/ibitinga.jpeg","datePublished":"2021-11-22T17:52:37+00:00","dateModified":"2023-03-30T16:36:41+00:00","description":"Concurso Guarda de Ibitinga: Resultado final \u00e9 homologado e sele\u00e7\u00e3o fica vigente at\u00e9 julho de 2023. Confira neste artigo os detalhes!","breadcrumb":{"@id":"https:\/\/www.estrategiaconcursos.com.br\/blog\/concurso-guarda-de-ibitinga\/#breadcrumb"},"inLanguage":"pt-BR","potentialAction":[{"@type":"ReadAction","target":["https:\/\/www.estrategiaconcursos.com.br\/blog\/concurso-guarda-de-ibitinga\/"]}]},{"@type":"ImageObject","inLanguage":"pt-BR","@id":"https:\/\/www.estrategiaconcursos.com.br\/blog\/concurso-guarda-de-ibitinga\/#primaryimage","url":"https:\/\/dhg1h5j42swfq.cloudfront.net\/2020\/03\/27120420\/ibitinga.jpeg","contentUrl":"https:\/\/dhg1h5j42swfq.cloudfront.net\/2020\/03\/27120420\/ibitinga.jpeg","width":206,"height":244},{"@type":"BreadcrumbList","@id":"https:\/\/www.estrategiaconcursos.com.br\/blog\/concurso-guarda-de-ibitinga\/#breadcrumb","itemListElement":[{"@type":"ListItem","position":1,"name":"In\u00edcio","item":"https:\/\/www.estrategiaconcursos.com.br\/blog\/"},{"@type":"ListItem","position":2,"name":"Concurso Guarda de Ibitinga: resultado final \u00e9 homologado!"}]},{"@type":"WebSite","@id":"https:\/\/www.estrategiaconcursos.com.br\/blog\/#website","url":"https:\/\/www.estrategiaconcursos.com.br\/blog\/","name":"Estrat\u00e9gia Concursos","description":"O blog da Estrat\u00e9gia Concursos traz not\u00edcias sobre concursos e artigos de professores oferecendo cursos para concursos (pdf + videaulas) no site.","publisher":{"@id":"https:\/\/www.estrategiaconcursos.com.br\/blog\/#organization"},"potentialAction":[{"@type":"SearchAction","target":{"@type":"EntryPoint","urlTemplate":"https:\/\/www.estrategiaconcursos.com.br\/blog\/?s={search_term_string}"},"query-input":{"@type":"PropertyValueSpecification","valueRequired":true,"valueName":"search_term_string"}}],"inLanguage":"pt-BR"},{"@type":"Organization","@id":"https:\/\/www.estrategiaconcursos.com.br\/blog\/#organization","name":"Estrat\u00e9gia Concursos","url":"https:\/\/www.estrategiaconcursos.com.br\/blog\/","logo":{"@type":"ImageObject","inLanguage":"pt-BR","@id":"https:\/\/www.estrategiaconcursos.com.br\/blog\/#\/schema\/logo\/image\/","url":"https:\/\/dhg1h5j42swfq.cloudfront.net\/2025\/06\/03203428\/logo_concursos-1.jpg","contentUrl":"https:\/\/dhg1h5j42swfq.cloudfront.net\/2025\/06\/03203428\/logo_concursos-1.jpg","width":230,"height":60,"caption":"Estrat\u00e9gia Concursos"},"image":{"@id":"https:\/\/www.estrategiaconcursos.com.br\/blog\/#\/schema\/logo\/image\/"},"sameAs":["https:\/\/x.com\/EstratConcursos"]},{"@type":"Person","@id":"https:\/\/www.estrategiaconcursos.com.br\/blog\/#\/schema\/person\/b4a388c97673c5f483d72185668afa1f","name":"Coordena\u00e7\u00e3o","image":{"@type":"ImageObject","inLanguage":"pt-BR","@id":"https:\/\/secure.gravatar.com\/avatar\/b720319e4c9a967eb58678d110f4fe35452fc5d5f97b202bac7b8acceb18c6ad?s=96&d=mm&r=g","url":"https:\/\/secure.gravatar.com\/avatar\/b720319e4c9a967eb58678d110f4fe35452fc5d5f97b202bac7b8acceb18c6ad?s=96&d=mm&r=g","contentUrl":"https:\/\/secure.gravatar.com\/avatar\/b720319e4c9a967eb58678d110f4fe35452fc5d5f97b202bac7b8acceb18c6ad?s=96&d=mm&r=g","caption":"Coordena\u00e7\u00e3o"},"sameAs":["https:\/\/www.facebook.com\/EstrategiaConcursos","https:\/\/x.com\/EstratConcursos"],"url":"https:\/\/www.estrategiaconcursos.com.br\/blog\/author\/estrategia2013\/"}]}},"_links":{"self":[{"href":"https:\/\/www.estrategiaconcursos.com.br\/blog\/wp-json\/wp\/v2\/posts\/497119","targetHints":{"allow":["GET"]}}],"collection":[{"href":"https:\/\/www.estrategiaconcursos.com.br\/blog\/wp-json\/wp\/v2\/posts"}],"about":[{"href":"https:\/\/www.estrategiaconcursos.com.br\/blog\/wp-json\/wp\/v2\/types\/post"}],"author":[{"embeddable":true,"href":"https:\/\/www.estrategiaconcursos.com.br\/blog\/wp-json\/wp\/v2\/users\/1"}],"replies":[{"embeddable":true,"href":"https:\/\/www.estrategiaconcursos.com.br\/blog\/wp-json\/wp\/v2\/comments?post=497119"}],"version-history":[{"count":24,"href":"https:\/\/www.estrategiaconcursos.com.br\/blog\/wp-json\/wp\/v2\/posts\/497119\/revisions"}],"predecessor-version":[{"id":1194447,"href":"https:\/\/www.estrategiaconcursos.com.br\/blog\/wp-json\/wp\/v2\/posts\/497119\/revisions\/1194447"}],"wp:featuredmedia":[{"embeddable":true,"href":"https:\/\/www.estrategiaconcursos.com.br\/blog\/wp-json\/wp\/v2\/media\/497151"}],"wp:attachment":[{"href":"https:\/\/www.estrategiaconcursos.com.br\/blog\/wp-json\/wp\/v2\/media?parent=497119"}],"wp:term":[{"taxonomy":"category","embeddable":true,"href":"https:\/\/www.estrategiaconcursos.com.br\/blog\/wp-json\/wp\/v2\/categories?post=497119"},{"taxonomy":"post_tag","embeddable":true,"href":"https:\/\/www.estrategiaconcursos.com.br\/blog\/wp-json\/wp\/v2\/tags?post=497119"},{"taxonomy":"tax_estado","embeddable":true,"href":"https:\/\/www.estrategiaconcursos.com.br\/blog\/wp-json\/wp\/v2\/tax_estado?post=497119"}],"curies":[{"name":"wp","href":"https:\/\/api.w.org\/{rel}","templated":true}]}}